{"id":63006,"date":"2022-05-05T18:08:03","date_gmt":"2022-05-05T18:08:03","guid":{"rendered":"https:\/\/santafevalores.com\/?p=63006"},"modified":"2022-05-05T18:08:03","modified_gmt":"2022-05-05T18:08:03","slug":"la-reserva-federal-sube-las-tasas-de-interes-medio-punto-porcentual-en-una-decision-historica","status":"publish","type":"post","link":"https:\/\/www.santafevalores.com\/index.php\/2022\/05\/05\/la-reserva-federal-sube-las-tasas-de-interes-medio-punto-porcentual-en-una-decision-historica\/","title":{"rendered":"La Reserva Federal sube las tasas de inter\u00e9s medio punto porcentual, en una decisi\u00f3n hist\u00f3rica"},"content":{"rendered":"\t\t<div data-elementor-type=\"wp-post\" data-elementor-id=\"63006\" class=\"elementor elementor-63006\" data-elementor-post-type=\"post\">\n\t\t\t\t\t\t<section class=\"elementor-section elementor-top-section elementor-element elementor-element-911d82c elementor-section-boxed elementor-section-height-default elementor-section-height-default\" data-id=\"911d82c\" data-element_type=\"section\" data-e-type=\"section\">\n\t\t\t\t\t\t<div class=\"elementor-container elementor-column-gap-default\">\n\t\t\t\t\t<div class=\"elementor-column elementor-col-100 elementor-top-column elementor-element elementor-element-a8d5ceb\" data-id=\"a8d5ceb\" data-element_type=\"column\" data-e-type=\"column\">\n\t\t\t<div class=\"elementor-widget-wrap elementor-element-populated\">\n\t\t\t\t\t\t<div class=\"elementor-element elementor-element-b3a2f66 elementor-widget elementor-widget-video\" data-id=\"b3a2f66\" data-element_type=\"widget\" data-e-type=\"widget\" data-settings=\"{&quot;video_type&quot;:&quot;hosted&quot;,&quot;controls&quot;:&quot;yes&quot;}\" data-widget_type=\"video.default\">\n\t\t\t\t<div class=\"elementor-widget-container\">\n\t\t\t\t\t\t\t<div class=\"e-hosted-video elementor-wrapper elementor-open-inline\">\n\t\t\t\t\t<video class=\"elementor-video\" src=\"https:\/\/cnne-mp4.cdn.turner.com\/welo-126229.mp4\" controls=\"\" preload=\"metadata\" controlsList=\"nodownload\"><\/video>\n\t\t\t\t<\/div>\n\t\t\t\t\t\t<\/div>\n\t\t\t\t<\/div>\n\t\t\t\t\t<\/div>\n\t\t<\/div>\n\t\t\t\t\t<\/div>\n\t\t<\/section>\n\t\t\t\t<section class=\"elementor-section elementor-top-section elementor-element elementor-element-0357574 elementor-section-boxed elementor-section-height-default elementor-section-height-default\" data-id=\"0357574\" data-element_type=\"section\" data-e-type=\"section\">\n\t\t\t\t\t\t<div class=\"elementor-container elementor-column-gap-default\">\n\t\t\t\t\t<div class=\"elementor-column elementor-col-100 elementor-top-column elementor-element elementor-element-7acddf6\" data-id=\"7acddf6\" data-element_type=\"column\" data-e-type=\"column\">\n\t\t\t<div class=\"elementor-widget-wrap elementor-element-populated\">\n\t\t\t\t\t\t<div class=\"elementor-element elementor-element-6d3bd22 elementor-widget elementor-widget-text-editor\" data-id=\"6d3bd22\" data-element_type=\"widget\" data-e-type=\"widget\" data-widget_type=\"text-editor.default\">\n\t\t\t\t<div class=\"elementor-widget-container\">\n\t\t\t\t\t\t\t\t\t<p><strong>Nueva York (CNN Business) \u2013\u2013 <\/strong>La Reserva Federal de Estados Unidos (Fed) anunci\u00f3 este mi\u00e9rcoles que aumentar\u00e1 las tasas de inter\u00e9s en medio punto porcentual para controlar la <a href=\"https:\/\/cnnespanol.cnn.com\/2022\/04\/27\/inflacion-que-es-provoca-precios-afecta-economia-orix\/\" target=\"_blank\" rel=\"noopener\">peor inflaci\u00f3n del pa\u00eds en 40 a\u00f1os.<\/a><\/p><p><span id=\"more-1201473\"><\/span><br \/>Es la <a href=\"https:\/\/www.federalreserve.gov\/monetarypolicy\/openmarket_archive.htm\" target=\"_blank\" rel=\"noopener\">primera vez en 22 a\u00f1os<\/a> que el banco central sube tanto las tasas. Se trata, tambi\u00e9n, de una de las medidas agresivas que se anticipa implemente la Fed para calmar la econom\u00eda en medio de la alta inflaci\u00f3n.<\/p><ul><li><a href=\"https:\/\/cnnespanol.cnn.com\/2022\/05\/02\/inflacion-cuspide-senales-precios-podrian-bajar-pronto-trax\/\" target=\"_blank\" rel=\"noopener\"><strong>\u00bfHa llegado la inflaci\u00f3n a su c\u00faspide? Tres se\u00f1ales de que los precios podr\u00edan bajar pronto<\/strong><\/a><\/li><\/ul><p>En marzo, la Reserva Federal elev\u00f3 su tasa de inter\u00e9s de referencia\u00a0<a href=\"https:\/\/cnnespanol.cnn.com\/2022\/03\/16\/reserva-federal-fed-aumento-tasas-interes-trax\/\" target=\"_blank\" rel=\"noopener\">en un cuarto de punto porcentual<\/a> por primera vez desde fines de 2018. Sin embargo, la inflaci\u00f3n ha seguido aumentando desde entonces\u00a0<a href=\"https:\/\/cnnespanol.cnn.com\/2022\/04\/27\/inflacion-10-paises-mundo-orix\/\" target=\"_blank\" rel=\"noopener\">hasta alcanzar un nuevo m\u00e1ximo en cuatro d\u00e9cadas<\/a>.<\/p><p><blockquote class=\"wp-embedded-content\" data-secret=\"fttfB6nDal\"><a href=\"https:\/\/cnnespanol.cnn.com\/2022\/05\/04\/fed-estados-unidos-reserva-federal-tasas-interes-trax\/\">La Reserva Federal sube las tasas de inter\u00e9s medio punto porcentual, en una decisi\u00f3n hist\u00f3rica<\/a><\/blockquote><iframe class=\"wp-embedded-content\" sandbox=\"allow-scripts\" security=\"restricted\" style=\"position: absolute; clip: rect(1px, 1px, 1px, 1px);\" title=\"\u00abLa Reserva Federal sube las tasas de inter\u00e9s medio punto porcentual, en una decisi\u00f3n hist\u00f3rica\u00bb \u2014 CNN\" src=\"https:\/\/cnnespanol.cnn.com\/2022\/05\/04\/fed-estados-unidos-reserva-federal-tasas-interes-trax\/embed\/#?secret=Joompvwg2Z#?secret=fttfB6nDal\" data-secret=\"fttfB6nDal\" width=\"600\" height=\"338\" frameborder=\"0\" marginwidth=\"0\" marginheight=\"0\" scrolling=\"no\"><\/iframe><\/p><p>\u00a0<\/p>\t\t\t\t\t\t\t\t<\/div>\n\t\t\t\t<\/div>\n\t\t\t\t\t<\/div>\n\t\t<\/div>\n\t\t\t\t\t<\/div>\n\t\t<\/section>\n\t\t\t\t<\/div>\n\t\t","protected":false},"excerpt":{"rendered":"<p>https:\/\/cnne-mp4.cdn.turner.com\/welo-126229.mp4 Nueva York (CNN Business) \u2013\u2013 La Reserva Federal de Estados Unidos (Fed) anunci\u00f3 este mi\u00e9rcoles que aumentar\u00e1 las tasas de inter\u00e9s en medio punto porcentual para controlar la peor inflaci\u00f3n del pa\u00eds en 40 a\u00f1os. Es la primera vez en 22 a\u00f1os que el banco central sube tanto las tasas. Se trata, tambi\u00e9n, de&hellip;<\/p>\n","protected":false},"author":1,"featured_media":0,"comment_status":"open","ping_status":"closed","sticky":false,"template":"","format":"standard","meta":{"content-type":"","_joinchat":[],"footnotes":""},"categories":[4],"tags":[],"class_list":["post-63006","post","type-post","status-publish","format-standard","hentry","category-sin-categoria"],"yoast_head":"<!-- This site is optimized with the Yoast SEO plugin v27.5 - https:\/\/yoast.com\/product\/yoast-seo-wordpress\/ -->\n<title>La Reserva Federal sube las tasas de inter\u00e9s medio punto porcentual, en una decisi\u00f3n hist\u00f3rica - Santa Fe Casa de Valores S.A.<\/title>\n<meta name=\"robots\" content=\"index, follow, max-snippet:-1, max-image-preview:large, max-video-preview:-1\" \/>\n<link rel=\"canonical\" href=\"https:\/\/www.santafevalores.com\/index.php\/2022\/05\/05\/la-reserva-federal-sube-las-tasas-de-interes-medio-punto-porcentual-en-una-decision-historica\/\" \/>\n<meta property=\"og:locale\" content=\"es_ES\" \/>\n<meta property=\"og:type\" content=\"article\" \/>\n<meta property=\"og:title\" content=\"La Reserva Federal sube las tasas de inter\u00e9s medio punto porcentual, en una decisi\u00f3n hist\u00f3rica - Santa Fe Casa de Valores S.A.\" \/>\n<meta property=\"og:description\" content=\"https:\/\/cnne-mp4.cdn.turner.com\/welo-126229.mp4 Nueva York (CNN Business) \u2013\u2013 La Reserva Federal de Estados Unidos (Fed) anunci\u00f3 este mi\u00e9rcoles que aumentar\u00e1 las tasas de inter\u00e9s en medio punto porcentual para controlar la peor inflaci\u00f3n del pa\u00eds en 40 a\u00f1os. Es la primera vez en 22 a\u00f1os que el banco central sube tanto las tasas. Se trata, tambi\u00e9n, de&hellip;\" \/>\n<meta property=\"og:url\" content=\"https:\/\/www.santafevalores.com\/index.php\/2022\/05\/05\/la-reserva-federal-sube-las-tasas-de-interes-medio-punto-porcentual-en-una-decision-historica\/\" \/>\n<meta property=\"og:site_name\" content=\"Santa Fe Casa de Valores S.A.\" \/>\n<meta property=\"article:publisher\" content=\"https:\/\/www.facebook.com\/santafevalores\/\" \/>\n<meta property=\"article:published_time\" content=\"2022-05-05T18:08:03+00:00\" \/>\n<meta name=\"author\" content=\"admin\" \/>\n<meta name=\"twitter:card\" content=\"summary_large_image\" \/>\n<meta name=\"twitter:creator\" content=\"@SantaFeValores\" \/>\n<meta name=\"twitter:site\" content=\"@SantaFeValores\" \/>\n<meta name=\"twitter:label1\" content=\"Escrito por\" \/>\n\t<meta name=\"twitter:data1\" content=\"admin\" \/>\n\t<meta name=\"twitter:label2\" content=\"Tiempo de lectura\" \/>\n\t<meta name=\"twitter:data2\" content=\"1 minuto\" \/>\n<script type=\"application\/ld+json\" class=\"yoast-schema-graph\">{\"@context\":\"https:\\\/\\\/schema.org\",\"@graph\":[{\"@type\":\"Article\",\"@id\":\"https:\\\/\\\/www.santafevalores.com\\\/index.php\\\/2022\\\/05\\\/05\\\/la-reserva-federal-sube-las-tasas-de-interes-medio-punto-porcentual-en-una-decision-historica\\\/#article\",\"isPartOf\":{\"@id\":\"https:\\\/\\\/www.santafevalores.com\\\/index.php\\\/2022\\\/05\\\/05\\\/la-reserva-federal-sube-las-tasas-de-interes-medio-punto-porcentual-en-una-decision-historica\\\/\"},\"author\":{\"name\":\"admin\",\"@id\":\"https:\\\/\\\/www.santafevalores.com\\\/#\\\/schema\\\/person\\\/d965a42370507d0a1638e69158bb5835\"},\"headline\":\"La Reserva Federal sube las tasas de inter\u00e9s medio punto porcentual, en una decisi\u00f3n hist\u00f3rica\",\"datePublished\":\"2022-05-05T18:08:03+00:00\",\"mainEntityOfPage\":{\"@id\":\"https:\\\/\\\/www.santafevalores.com\\\/index.php\\\/2022\\\/05\\\/05\\\/la-reserva-federal-sube-las-tasas-de-interes-medio-punto-porcentual-en-una-decision-historica\\\/\"},\"wordCount\":178,\"commentCount\":0,\"publisher\":{\"@id\":\"https:\\\/\\\/www.santafevalores.com\\\/#organization\"},\"inLanguage\":\"es\",\"potentialAction\":[{\"@type\":\"CommentAction\",\"name\":\"Comment\",\"target\":[\"https:\\\/\\\/www.santafevalores.com\\\/index.php\\\/2022\\\/05\\\/05\\\/la-reserva-federal-sube-las-tasas-de-interes-medio-punto-porcentual-en-una-decision-historica\\\/#respond\"]}]},{\"@type\":\"WebPage\",\"@id\":\"https:\\\/\\\/www.santafevalores.com\\\/index.php\\\/2022\\\/05\\\/05\\\/la-reserva-federal-sube-las-tasas-de-interes-medio-punto-porcentual-en-una-decision-historica\\\/\",\"url\":\"https:\\\/\\\/www.santafevalores.com\\\/index.php\\\/2022\\\/05\\\/05\\\/la-reserva-federal-sube-las-tasas-de-interes-medio-punto-porcentual-en-una-decision-historica\\\/\",\"name\":\"La Reserva Federal sube las tasas de inter\u00e9s medio punto porcentual, en una decisi\u00f3n hist\u00f3rica - Santa Fe Casa de Valores S.A.\",\"isPartOf\":{\"@id\":\"https:\\\/\\\/www.santafevalores.com\\\/#website\"},\"datePublished\":\"2022-05-05T18:08:03+00:00\",\"breadcrumb\":{\"@id\":\"https:\\\/\\\/www.santafevalores.com\\\/index.php\\\/2022\\\/05\\\/05\\\/la-reserva-federal-sube-las-tasas-de-interes-medio-punto-porcentual-en-una-decision-historica\\\/#breadcrumb\"},\"inLanguage\":\"es\",\"potentialAction\":[{\"@type\":\"ReadAction\",\"target\":[\"https:\\\/\\\/www.santafevalores.com\\\/index.php\\\/2022\\\/05\\\/05\\\/la-reserva-federal-sube-las-tasas-de-interes-medio-punto-porcentual-en-una-decision-historica\\\/\"]}]},{\"@type\":\"BreadcrumbList\",\"@id\":\"https:\\\/\\\/www.santafevalores.com\\\/index.php\\\/2022\\\/05\\\/05\\\/la-reserva-federal-sube-las-tasas-de-interes-medio-punto-porcentual-en-una-decision-historica\\\/#breadcrumb\",\"itemListElement\":[{\"@type\":\"ListItem\",\"position\":1,\"name\":\"Portada\",\"item\":\"https:\\\/\\\/www.santafevalores.com\\\/\"},{\"@type\":\"ListItem\",\"position\":2,\"name\":\"La Reserva Federal sube las tasas de inter\u00e9s medio punto porcentual, en una decisi\u00f3n hist\u00f3rica\"}]},{\"@type\":\"WebSite\",\"@id\":\"https:\\\/\\\/www.santafevalores.com\\\/#website\",\"url\":\"https:\\\/\\\/www.santafevalores.com\\\/\",\"name\":\"Santa Fe Casa de Valores S.A.\",\"description\":\"\",\"publisher\":{\"@id\":\"https:\\\/\\\/www.santafevalores.com\\\/#organization\"},\"potentialAction\":[{\"@type\":\"SearchAction\",\"target\":{\"@type\":\"EntryPoint\",\"urlTemplate\":\"https:\\\/\\\/www.santafevalores.com\\\/?s={search_term_string}\"},\"query-input\":{\"@type\":\"PropertyValueSpecification\",\"valueRequired\":true,\"valueName\":\"search_term_string\"}}],\"inLanguage\":\"es\"},{\"@type\":\"Organization\",\"@id\":\"https:\\\/\\\/www.santafevalores.com\\\/#organization\",\"name\":\"Santa Fe Casa de Valores S.A.\",\"alternateName\":\"SANTAFEVALORES\",\"url\":\"https:\\\/\\\/www.santafevalores.com\\\/\",\"logo\":{\"@type\":\"ImageObject\",\"inLanguage\":\"es\",\"@id\":\"https:\\\/\\\/www.santafevalores.com\\\/#\\\/schema\\\/logo\\\/image\\\/\",\"url\":\"https:\\\/\\\/www.santafevalores.com\\\/wp-content\\\/uploads\\\/2022\\\/06\\\/logo1.png\",\"contentUrl\":\"https:\\\/\\\/www.santafevalores.com\\\/wp-content\\\/uploads\\\/2022\\\/06\\\/logo1.png\",\"width\":235,\"height\":71,\"caption\":\"Santa Fe Casa de Valores S.A.\"},\"image\":{\"@id\":\"https:\\\/\\\/www.santafevalores.com\\\/#\\\/schema\\\/logo\\\/image\\\/\"},\"sameAs\":[\"https:\\\/\\\/www.facebook.com\\\/santafevalores\\\/\",\"https:\\\/\\\/x.com\\\/SantaFeValores\"]},{\"@type\":\"Person\",\"@id\":\"https:\\\/\\\/www.santafevalores.com\\\/#\\\/schema\\\/person\\\/d965a42370507d0a1638e69158bb5835\",\"name\":\"admin\",\"image\":{\"@type\":\"ImageObject\",\"inLanguage\":\"es\",\"@id\":\"https:\\\/\\\/secure.gravatar.com\\\/avatar\\\/97ec7f9eb6068ddac59d3806ca0034c167fce748f524adcfad8629911220756f?s=96&d=mm&r=g\",\"url\":\"https:\\\/\\\/secure.gravatar.com\\\/avatar\\\/97ec7f9eb6068ddac59d3806ca0034c167fce748f524adcfad8629911220756f?s=96&d=mm&r=g\",\"contentUrl\":\"https:\\\/\\\/secure.gravatar.com\\\/avatar\\\/97ec7f9eb6068ddac59d3806ca0034c167fce748f524adcfad8629911220756f?s=96&d=mm&r=g\",\"caption\":\"admin\"},\"sameAs\":[\"https:\\\/\\\/www.santafevalores.com\"],\"url\":\"https:\\\/\\\/www.santafevalores.com\\\/index.php\\\/author\\\/santafevaloresuio_ggv0vv79\\\/\"}]}<\/script>\n<!-- \/ Yoast SEO plugin. -->","yoast_head_json":{"title":"La Reserva Federal sube las tasas de inter\u00e9s medio punto porcentual, en una decisi\u00f3n hist\u00f3rica - Santa Fe Casa de Valores S.A.","robots":{"index":"index","follow":"follow","max-snippet":"max-snippet:-1","max-image-preview":"max-image-preview:large","max-video-preview":"max-video-preview:-1"},"canonical":"https:\/\/www.santafevalores.com\/index.php\/2022\/05\/05\/la-reserva-federal-sube-las-tasas-de-interes-medio-punto-porcentual-en-una-decision-historica\/","og_locale":"es_ES","og_type":"article","og_title":"La Reserva Federal sube las tasas de inter\u00e9s medio punto porcentual, en una decisi\u00f3n hist\u00f3rica - Santa Fe Casa de Valores S.A.","og_description":"https:\/\/cnne-mp4.cdn.turner.com\/welo-126229.mp4 Nueva York (CNN Business) \u2013\u2013 La Reserva Federal de Estados Unidos (Fed) anunci\u00f3 este mi\u00e9rcoles que aumentar\u00e1 las tasas de inter\u00e9s en medio punto porcentual para controlar la peor inflaci\u00f3n del pa\u00eds en 40 a\u00f1os. Es la primera vez en 22 a\u00f1os que el banco central sube tanto las tasas. Se trata, tambi\u00e9n, de&hellip;","og_url":"https:\/\/www.santafevalores.com\/index.php\/2022\/05\/05\/la-reserva-federal-sube-las-tasas-de-interes-medio-punto-porcentual-en-una-decision-historica\/","og_site_name":"Santa Fe Casa de Valores S.A.","article_publisher":"https:\/\/www.facebook.com\/santafevalores\/","article_published_time":"2022-05-05T18:08:03+00:00","author":"admin","twitter_card":"summary_large_image","twitter_creator":"@SantaFeValores","twitter_site":"@SantaFeValores","twitter_misc":{"Escrito por":"admin","Tiempo de lectura":"1 minuto"},"schema":{"@context":"https:\/\/schema.org","@graph":[{"@type":"Article","@id":"https:\/\/www.santafevalores.com\/index.php\/2022\/05\/05\/la-reserva-federal-sube-las-tasas-de-interes-medio-punto-porcentual-en-una-decision-historica\/#article","isPartOf":{"@id":"https:\/\/www.santafevalores.com\/index.php\/2022\/05\/05\/la-reserva-federal-sube-las-tasas-de-interes-medio-punto-porcentual-en-una-decision-historica\/"},"author":{"name":"admin","@id":"https:\/\/www.santafevalores.com\/#\/schema\/person\/d965a42370507d0a1638e69158bb5835"},"headline":"La Reserva Federal sube las tasas de inter\u00e9s medio punto porcentual, en una decisi\u00f3n hist\u00f3rica","datePublished":"2022-05-05T18:08:03+00:00","mainEntityOfPage":{"@id":"https:\/\/www.santafevalores.com\/index.php\/2022\/05\/05\/la-reserva-federal-sube-las-tasas-de-interes-medio-punto-porcentual-en-una-decision-historica\/"},"wordCount":178,"commentCount":0,"publisher":{"@id":"https:\/\/www.santafevalores.com\/#organization"},"inLanguage":"es","potentialAction":[{"@type":"CommentAction","name":"Comment","target":["https:\/\/www.santafevalores.com\/index.php\/2022\/05\/05\/la-reserva-federal-sube-las-tasas-de-interes-medio-punto-porcentual-en-una-decision-historica\/#respond"]}]},{"@type":"WebPage","@id":"https:\/\/www.santafevalores.com\/index.php\/2022\/05\/05\/la-reserva-federal-sube-las-tasas-de-interes-medio-punto-porcentual-en-una-decision-historica\/","url":"https:\/\/www.santafevalores.com\/index.php\/2022\/05\/05\/la-reserva-federal-sube-las-tasas-de-interes-medio-punto-porcentual-en-una-decision-historica\/","name":"La Reserva Federal sube las tasas de inter\u00e9s medio punto porcentual, en una decisi\u00f3n hist\u00f3rica - Santa Fe Casa de Valores S.A.","isPartOf":{"@id":"https:\/\/www.santafevalores.com\/#website"},"datePublished":"2022-05-05T18:08:03+00:00","breadcrumb":{"@id":"https:\/\/www.santafevalores.com\/index.php\/2022\/05\/05\/la-reserva-federal-sube-las-tasas-de-interes-medio-punto-porcentual-en-una-decision-historica\/#breadcrumb"},"inLanguage":"es","potentialAction":[{"@type":"ReadAction","target":["https:\/\/www.santafevalores.com\/index.php\/2022\/05\/05\/la-reserva-federal-sube-las-tasas-de-interes-medio-punto-porcentual-en-una-decision-historica\/"]}]},{"@type":"BreadcrumbList","@id":"https:\/\/www.santafevalores.com\/index.php\/2022\/05\/05\/la-reserva-federal-sube-las-tasas-de-interes-medio-punto-porcentual-en-una-decision-historica\/#breadcrumb","itemListElement":[{"@type":"ListItem","position":1,"name":"Portada","item":"https:\/\/www.santafevalores.com\/"},{"@type":"ListItem","position":2,"name":"La Reserva Federal sube las tasas de inter\u00e9s medio punto porcentual, en una decisi\u00f3n hist\u00f3rica"}]},{"@type":"WebSite","@id":"https:\/\/www.santafevalores.com\/#website","url":"https:\/\/www.santafevalores.com\/","name":"Santa Fe Casa de Valores S.A.","description":"","publisher":{"@id":"https:\/\/www.santafevalores.com\/#organization"},"potentialAction":[{"@type":"SearchAction","target":{"@type":"EntryPoint","urlTemplate":"https:\/\/www.santafevalores.com\/?s={search_term_string}"},"query-input":{"@type":"PropertyValueSpecification","valueRequired":true,"valueName":"search_term_string"}}],"inLanguage":"es"},{"@type":"Organization","@id":"https:\/\/www.santafevalores.com\/#organization","name":"Santa Fe Casa de Valores S.A.","alternateName":"SANTAFEVALORES","url":"https:\/\/www.santafevalores.com\/","logo":{"@type":"ImageObject","inLanguage":"es","@id":"https:\/\/www.santafevalores.com\/#\/schema\/logo\/image\/","url":"https:\/\/www.santafevalores.com\/wp-content\/uploads\/2022\/06\/logo1.png","contentUrl":"https:\/\/www.santafevalores.com\/wp-content\/uploads\/2022\/06\/logo1.png","width":235,"height":71,"caption":"Santa Fe Casa de Valores S.A."},"image":{"@id":"https:\/\/www.santafevalores.com\/#\/schema\/logo\/image\/"},"sameAs":["https:\/\/www.facebook.com\/santafevalores\/","https:\/\/x.com\/SantaFeValores"]},{"@type":"Person","@id":"https:\/\/www.santafevalores.com\/#\/schema\/person\/d965a42370507d0a1638e69158bb5835","name":"admin","image":{"@type":"ImageObject","inLanguage":"es","@id":"https:\/\/secure.gravatar.com\/avatar\/97ec7f9eb6068ddac59d3806ca0034c167fce748f524adcfad8629911220756f?s=96&d=mm&r=g","url":"https:\/\/secure.gravatar.com\/avatar\/97ec7f9eb6068ddac59d3806ca0034c167fce748f524adcfad8629911220756f?s=96&d=mm&r=g","contentUrl":"https:\/\/secure.gravatar.com\/avatar\/97ec7f9eb6068ddac59d3806ca0034c167fce748f524adcfad8629911220756f?s=96&d=mm&r=g","caption":"admin"},"sameAs":["https:\/\/www.santafevalores.com"],"url":"https:\/\/www.santafevalores.com\/index.php\/author\/santafevaloresuio_ggv0vv79\/"}]}},"_links":{"self":[{"href":"https:\/\/www.santafevalores.com\/index.php\/wp-json\/wp\/v2\/posts\/63006","targetHints":{"allow":["GET"]}}],"collection":[{"href":"https:\/\/www.santafevalores.com\/index.php\/wp-json\/wp\/v2\/posts"}],"about":[{"href":"https:\/\/www.santafevalores.com\/index.php\/wp-json\/wp\/v2\/types\/post"}],"author":[{"embeddable":true,"href":"https:\/\/www.santafevalores.com\/index.php\/wp-json\/wp\/v2\/users\/1"}],"replies":[{"embeddable":true,"href":"https:\/\/www.santafevalores.com\/index.php\/wp-json\/wp\/v2\/comments?post=63006"}],"version-history":[{"count":0,"href":"https:\/\/www.santafevalores.com\/index.php\/wp-json\/wp\/v2\/posts\/63006\/revisions"}],"wp:attachment":[{"href":"https:\/\/www.santafevalores.com\/index.php\/wp-json\/wp\/v2\/media?parent=63006"}],"wp:term":[{"taxonomy":"category","embeddable":true,"href":"https:\/\/www.santafevalores.com\/index.php\/wp-json\/wp\/v2\/categories?post=63006"},{"taxonomy":"post_tag","embeddable":true,"href":"https:\/\/www.santafevalores.com\/index.php\/wp-json\/wp\/v2\/tags?post=63006"}],"curies":[{"name":"wp","href":"https:\/\/api.w.org\/{rel}","templated":true}]}}