{"id":63041,"date":"2022-05-06T17:30:22","date_gmt":"2022-05-06T17:30:22","guid":{"rendered":"https:\/\/santafevalores.com\/?p=63041"},"modified":"2022-05-06T17:30:22","modified_gmt":"2022-05-06T17:30:22","slug":"bienes-raices-e-inversiones-de-capitalbrikapital-s-a-segunda-convocatoria-a-junta-generalordinaria-de-accionistas","status":"publish","type":"post","link":"https:\/\/www.santafevalores.com\/index.php\/2022\/05\/06\/bienes-raices-e-inversiones-de-capitalbrikapital-s-a-segunda-convocatoria-a-junta-generalordinaria-de-accionistas\/","title":{"rendered":"BRIKAPITAL S.A. Segunda Convocatoria a Junta General Ordinaria de Accionistas"},"content":{"rendered":"\t\t<div data-elementor-type=\"wp-post\" data-elementor-id=\"63041\" class=\"elementor elementor-63041\" data-elementor-post-type=\"post\">\n\t\t\t\t\t\t<section class=\"elementor-section elementor-top-section elementor-element elementor-element-9367aa7 elementor-section-boxed elementor-section-height-default elementor-section-height-default\" data-id=\"9367aa7\" data-element_type=\"section\" data-e-type=\"section\">\n\t\t\t\t\t\t<div class=\"elementor-container elementor-column-gap-default\">\n\t\t\t\t\t<div class=\"elementor-column elementor-col-50 elementor-top-column elementor-element elementor-element-c6da1c8\" data-id=\"c6da1c8\" data-element_type=\"column\" data-e-type=\"column\">\n\t\t\t<div class=\"elementor-widget-wrap elementor-element-populated\">\n\t\t\t\t\t\t<div class=\"elementor-element elementor-element-e6ddeb3 elementor-widget elementor-widget-image\" data-id=\"e6ddeb3\" data-element_type=\"widget\" data-e-type=\"widget\" data-widget_type=\"image.default\">\n\t\t\t\t<div class=\"elementor-widget-container\">\n\t\t\t\t\t\t\t\t\t\t\t\t\t\t\t<img fetchpriority=\"high\" decoding=\"async\" width=\"1000\" height=\"707\" src=\"https:\/\/www.santafevalores.com\/wp-content\/uploads\/2022\/05\/Brik-convocatoria_Mesa-de-trabajo-1.jpg\" class=\"attachment-large size-large wp-image-63047\" alt=\"\" srcset=\"https:\/\/www.santafevalores.com\/wp-content\/uploads\/2022\/05\/Brik-convocatoria_Mesa-de-trabajo-1.jpg 1000w, https:\/\/www.santafevalores.com\/wp-content\/uploads\/2022\/05\/Brik-convocatoria_Mesa-de-trabajo-1-300x212.jpg 300w, https:\/\/www.santafevalores.com\/wp-content\/uploads\/2022\/05\/Brik-convocatoria_Mesa-de-trabajo-1-768x543.jpg 768w\" sizes=\"(max-width: 1000px) 100vw, 1000px\" \/>\t\t\t\t\t\t\t\t\t\t\t\t\t\t\t<\/div>\n\t\t\t\t<\/div>\n\t\t\t\t\t<\/div>\n\t\t<\/div>\n\t\t\t\t<div class=\"elementor-column elementor-col-50 elementor-top-column elementor-element elementor-element-bf58cdd\" data-id=\"bf58cdd\" data-element_type=\"column\" data-e-type=\"column\">\n\t\t\t<div class=\"elementor-widget-wrap elementor-element-populated\">\n\t\t\t\t\t\t<div class=\"elementor-element elementor-element-4f2c300 elementor-widget elementor-widget-text-editor\" data-id=\"4f2c300\" data-element_type=\"widget\" data-e-type=\"widget\" data-widget_type=\"text-editor.default\">\n\t\t\t\t<div class=\"elementor-widget-container\">\n\t\t\t\t\t\t\t\t\t<p>De conformidad con lo dispuesto en la Ley de Compa\u00f1\u00edas, el Reglamento sobre Juntas Generales de Socios y Accionistas, y el Estatuto Social, se efect\u00faa una SEGUNDA CONVOCATORIA a los se\u00f1ores Accionistas de Bienes Ra\u00edces e Inversiones de Capital BRIKAPITAL S.A., a la Junta General Ordinaria de Accionistas a celebrarse el jueves veintis\u00e9is (26) de mayo de dos mil veintid\u00f3s (2022) a las diecisiete horas (17h00) en la Avenida Naciones Unidas E2-30 y N\u00fa\u00f1ez de Vela, Edificio Metropolitan, Auditorio, planta baja, en la ciudad de Quito.<\/p>\t\t\t\t\t\t\t\t<\/div>\n\t\t\t\t<\/div>\n\t\t\t\t\t<\/div>\n\t\t<\/div>\n\t\t\t\t\t<\/div>\n\t\t<\/section>\n\t\t\t\t<section class=\"elementor-section elementor-top-section elementor-element elementor-element-22ab2c7 elementor-section-boxed elementor-section-height-default elementor-section-height-default\" data-id=\"22ab2c7\" data-element_type=\"section\" data-e-type=\"section\">\n\t\t\t\t\t\t<div class=\"elementor-container elementor-column-gap-default\">\n\t\t\t\t\t<div class=\"elementor-column elementor-col-100 elementor-top-column elementor-element elementor-element-563a0e7\" data-id=\"563a0e7\" data-element_type=\"column\" data-e-type=\"column\">\n\t\t\t<div class=\"elementor-widget-wrap elementor-element-populated\">\n\t\t\t\t\t\t<div class=\"elementor-element elementor-element-9fd4cdd elementor-widget elementor-widget-text-editor\" data-id=\"9fd4cdd\" data-element_type=\"widget\" data-e-type=\"widget\" data-widget_type=\"text-editor.default\">\n\t\t\t\t<div class=\"elementor-widget-container\">\n\t\t\t\t\t\t\t\t\t<p>La Junta General en menci\u00f3n se convoca con el objeto de conocer y resolver sobre el<\/p><p>Orden del D\u00eda detallado a continuaci\u00f3n:<\/p><p>\u00a0<\/p><p>1) Conocimiento y resoluci\u00f3n sobre el informe anual del Comisario de la Compa\u00f1\u00eda respecto del ejercicio econ\u00f3mico 2021.<\/p><p>2) Conocimiento y resoluci\u00f3n sobre las cuentas, balances y estados financieros de la Compa\u00f1\u00eda respecto del ejercicio econ\u00f3mico 2021.<\/p><p>3) Conocimiento y resoluci\u00f3n sobre el informe anual de la Administraci\u00f3n de la Compa\u00f1\u00eda respecto del ejercicio econ\u00f3mico 2021.<\/p><p>4) Conocimiento del informe anual de Auditor\u00eda Externa de la Compa\u00f1\u00eda respecto del ejercicio econ\u00f3mico 2021.<\/p><p>5) Conocimiento y resoluci\u00f3n sobre la distribuci\u00f3n de beneficios sociales de la Compa\u00f1\u00eda respecto del ejercicio econ\u00f3mico 2021.<\/p><p>6) Conocimiento y resoluci\u00f3n sobre la designaci\u00f3n del Comisario de la Compa\u00f1\u00eda.<\/p><p>7) Conocimiento y resoluci\u00f3n sobre la designaci\u00f3n del Auditor Externo de la Compa\u00f1\u00eda.<\/p><p>\u00a0<\/p><p>Se deja expresa constancia que el Orden del D\u00eda detallado mediante esta Segunda Convocatoria es el mismo que el contenido en la Primera Convocatoria.<\/p><p>\u00a0<\/p><p>De conformidad con lo dispuesto en el art\u00edculo vig\u00e9simo del Estatuto Social de la Compa\u00f1\u00eda, al tratarse de una Segunda Convocatoria, para que la Junta General de Accionistas pueda instalarse y sesionar v\u00e1lidamente, se requiere de un qu\u00f3rum de instalaci\u00f3n del setenta por ciento m\u00e1s uno (70% + 1) del capital pagado de la Compa\u00f1\u00eda.<\/p><p>\u00a0<\/p><p>Se recuerda los se\u00f1ores Accionistas que su comparecencia se puede efectuar de manera personal o trav\u00e9s de una tercera persona, mediante un poder o carta-poder.<\/p><p>\u00a0<\/p><p>Se reitera en la presente convocatoria que las cuentas, balances y estados financieros, y los informes de la Administraci\u00f3n, del Comisario y de la Auditora Externa de la Compa\u00f1\u00eda, se encuentran a disposici\u00f3n de los se\u00f1ores Accionistas, en las oficinas de la Compa\u00f1\u00eda, ubicadas en la calle Moreno Bellido 200 y avenida Amazonas de la ciudad de Quito. Se deja expresa constancia que los documentos se\u00f1alados, se exhiben en la direcci\u00f3n antes indicada, con veinti\u00fan d\u00edas de anticipaci\u00f3n a la celebraci\u00f3n de la Junta General que por este medio se convoca.<\/p><p>\u00a0<\/p><p>Adicionalmente, se convoca de manera especial e individual a la Comisaria de la Compa\u00f1\u00eda, se\u00f1ora Janira Alexandra Garz\u00f3n Hinojoza, en la direcci\u00f3n calle Mat\u00edas Virgil E6-104 y P\u00edo Jaramillo, de la ciudad de Quito.<\/p><p>\u00a0<\/p><p>De igual manera se convoca de manera especial e individual al Auditor Externo de la Compa\u00f1\u00eda, Grant Thornton Dbrag Ecuador C\u00eda. Ltda., en la direcci\u00f3n Whymper N27-70 y Av. Orellana, Edif. Sassari Piso 6, de la ciudad de Quito.<\/p><p>Quito, 03 de mayo de 2022<\/p>\t\t\t\t\t\t\t\t<\/div>\n\t\t\t\t<\/div>\n\t\t\t\t\t<\/div>\n\t\t<\/div>\n\t\t\t\t\t<\/div>\n\t\t<\/section>\n\t\t\t\t<section class=\"elementor-section elementor-top-section elementor-element elementor-element-260893d elementor-section-boxed elementor-section-height-default elementor-section-height-default\" data-id=\"260893d\" data-element_type=\"section\" data-e-type=\"section\">\n\t\t\t\t\t\t<div class=\"elementor-container elementor-column-gap-default\">\n\t\t\t\t\t<div class=\"elementor-column elementor-col-100 elementor-top-column elementor-element elementor-element-bf9fca0\" data-id=\"bf9fca0\" data-element_type=\"column\" data-e-type=\"column\">\n\t\t\t<div class=\"elementor-widget-wrap elementor-element-populated\">\n\t\t\t\t\t\t<div class=\"elementor-element elementor-element-60721df elementor-widget elementor-widget-text-editor\" data-id=\"60721df\" data-element_type=\"widget\" data-e-type=\"widget\" data-widget_type=\"text-editor.default\">\n\t\t\t\t<div class=\"elementor-widget-container\">\n\t\t\t\t\t\t\t\t\t<p style=\"text-align: center;\"><strong>SIGNIA S.A.<\/strong><br \/><strong>GERENTE GENERAL<\/strong><br \/><strong>Joseph Samuel Schwarzkopf Tello<\/strong><br \/><strong>Gerente General de Signia S.A<\/strong><\/p>\t\t\t\t\t\t\t\t<\/div>\n\t\t\t\t<\/div>\n\t\t\t\t\t<\/div>\n\t\t<\/div>\n\t\t\t\t\t<\/div>\n\t\t<\/section>\n\t\t\t\t<\/div>\n\t\t","protected":false},"excerpt":{"rendered":"<p>De conformidad con lo dispuesto en la Ley de Compa\u00f1\u00edas, el Reglamento sobre Juntas Generales de Socios y Accionistas, y el Estatuto Social, se efect\u00faa una SEGUNDA CONVOCATORIA a los se\u00f1ores Accionistas de Bienes Ra\u00edces e Inversiones de Capital BRIKAPITAL S.A., a la Junta General Ordinaria de Accionistas a celebrarse el jueves veintis\u00e9is (26) de&hellip;<\/p>\n","protected":false},"author":1,"featured_media":63047,"comment_status":"open","ping_status":"closed","sticky":false,"template":"","format":"standard","meta":{"content-type":"","_joinchat":[],"footnotes":""},"categories":[4],"tags":[],"class_list":["post-63041","post","type-post","status-publish","format-standard","has-post-thumbnail","hentry","category-sin-categoria"],"yoast_head":"<!-- This site is optimized with the Yoast SEO plugin v27.5 - https:\/\/yoast.com\/product\/yoast-seo-wordpress\/ -->\n<title>BRIKAPITAL S.A. Segunda Convocatoria a Junta General Ordinaria de Accionistas - Santa Fe Casa de Valores S.A.<\/title>\n<meta name=\"robots\" content=\"index, follow, max-snippet:-1, max-image-preview:large, max-video-preview:-1\" \/>\n<link rel=\"canonical\" href=\"https:\/\/www.santafevalores.com\/index.php\/2022\/05\/06\/bienes-raices-e-inversiones-de-capitalbrikapital-s-a-segunda-convocatoria-a-junta-generalordinaria-de-accionistas\/\" \/>\n<meta property=\"og:locale\" content=\"es_ES\" \/>\n<meta property=\"og:type\" content=\"article\" \/>\n<meta property=\"og:title\" content=\"BRIKAPITAL S.A. Segunda Convocatoria a Junta General Ordinaria de Accionistas - Santa Fe Casa de Valores S.A.\" \/>\n<meta property=\"og:description\" content=\"BRIKAPITAL S.A. Segunda Convocatoria a Junta General Ordinaria de Accionistas\" \/>\n<meta property=\"og:url\" content=\"https:\/\/www.santafevalores.com\/index.php\/2022\/05\/06\/bienes-raices-e-inversiones-de-capitalbrikapital-s-a-segunda-convocatoria-a-junta-generalordinaria-de-accionistas\/\" \/>\n<meta property=\"og:site_name\" content=\"Santa Fe Casa de Valores S.A.\" \/>\n<meta property=\"article:publisher\" content=\"https:\/\/www.facebook.com\/santafevalores\/\" \/>\n<meta property=\"article:published_time\" content=\"2022-05-06T17:30:22+00:00\" \/>\n<meta property=\"og:image\" content=\"https:\/\/www.santafevalores.com\/wp-content\/uploads\/2022\/05\/Brik-convocatoria_Mesa-de-trabajo-1.jpg\" \/>\n\t<meta property=\"og:image:width\" content=\"1000\" \/>\n\t<meta property=\"og:image:height\" content=\"707\" \/>\n\t<meta property=\"og:image:type\" content=\"image\/jpeg\" \/>\n<meta name=\"author\" content=\"admin\" \/>\n<meta name=\"twitter:card\" content=\"summary_large_image\" \/>\n<meta name=\"twitter:image\" content=\"https:\/\/www.santafevalores.com\/wp-content\/uploads\/2022\/05\/Brik-convocatoria_Mesa-de-trabajo-1.jpg\" \/>\n<meta name=\"twitter:creator\" content=\"@SantaFeValores\" \/>\n<meta name=\"twitter:site\" content=\"@SantaFeValores\" \/>\n<meta name=\"twitter:label1\" content=\"Escrito por\" \/>\n\t<meta name=\"twitter:data1\" content=\"admin\" \/>\n\t<meta name=\"twitter:label2\" content=\"Tiempo de lectura\" \/>\n\t<meta name=\"twitter:data2\" content=\"3 minutos\" \/>\n<script type=\"application\/ld+json\" class=\"yoast-schema-graph\">{\"@context\":\"https:\\\/\\\/schema.org\",\"@graph\":[{\"@type\":\"Article\",\"@id\":\"https:\\\/\\\/www.santafevalores.com\\\/index.php\\\/2022\\\/05\\\/06\\\/bienes-raices-e-inversiones-de-capitalbrikapital-s-a-segunda-convocatoria-a-junta-generalordinaria-de-accionistas\\\/#article\",\"isPartOf\":{\"@id\":\"https:\\\/\\\/www.santafevalores.com\\\/index.php\\\/2022\\\/05\\\/06\\\/bienes-raices-e-inversiones-de-capitalbrikapital-s-a-segunda-convocatoria-a-junta-generalordinaria-de-accionistas\\\/\"},\"author\":{\"name\":\"admin\",\"@id\":\"https:\\\/\\\/www.santafevalores.com\\\/#\\\/schema\\\/person\\\/d965a42370507d0a1638e69158bb5835\"},\"headline\":\"BRIKAPITAL S.A. Segunda Convocatoria a Junta General Ordinaria de Accionistas\",\"datePublished\":\"2022-05-06T17:30:22+00:00\",\"mainEntityOfPage\":{\"@id\":\"https:\\\/\\\/www.santafevalores.com\\\/index.php\\\/2022\\\/05\\\/06\\\/bienes-raices-e-inversiones-de-capitalbrikapital-s-a-segunda-convocatoria-a-junta-generalordinaria-de-accionistas\\\/\"},\"wordCount\":570,\"commentCount\":0,\"publisher\":{\"@id\":\"https:\\\/\\\/www.santafevalores.com\\\/#organization\"},\"image\":{\"@id\":\"https:\\\/\\\/www.santafevalores.com\\\/index.php\\\/2022\\\/05\\\/06\\\/bienes-raices-e-inversiones-de-capitalbrikapital-s-a-segunda-convocatoria-a-junta-generalordinaria-de-accionistas\\\/#primaryimage\"},\"thumbnailUrl\":\"https:\\\/\\\/www.santafevalores.com\\\/wp-content\\\/uploads\\\/2022\\\/05\\\/Brik-convocatoria_Mesa-de-trabajo-1.jpg\",\"inLanguage\":\"es\",\"potentialAction\":[{\"@type\":\"CommentAction\",\"name\":\"Comment\",\"target\":[\"https:\\\/\\\/www.santafevalores.com\\\/index.php\\\/2022\\\/05\\\/06\\\/bienes-raices-e-inversiones-de-capitalbrikapital-s-a-segunda-convocatoria-a-junta-generalordinaria-de-accionistas\\\/#respond\"]}]},{\"@type\":\"WebPage\",\"@id\":\"https:\\\/\\\/www.santafevalores.com\\\/index.php\\\/2022\\\/05\\\/06\\\/bienes-raices-e-inversiones-de-capitalbrikapital-s-a-segunda-convocatoria-a-junta-generalordinaria-de-accionistas\\\/\",\"url\":\"https:\\\/\\\/www.santafevalores.com\\\/index.php\\\/2022\\\/05\\\/06\\\/bienes-raices-e-inversiones-de-capitalbrikapital-s-a-segunda-convocatoria-a-junta-generalordinaria-de-accionistas\\\/\",\"name\":\"BRIKAPITAL S.A. Segunda Convocatoria a Junta General Ordinaria de Accionistas - Santa Fe Casa de Valores S.A.\",\"isPartOf\":{\"@id\":\"https:\\\/\\\/www.santafevalores.com\\\/#website\"},\"primaryImageOfPage\":{\"@id\":\"https:\\\/\\\/www.santafevalores.com\\\/index.php\\\/2022\\\/05\\\/06\\\/bienes-raices-e-inversiones-de-capitalbrikapital-s-a-segunda-convocatoria-a-junta-generalordinaria-de-accionistas\\\/#primaryimage\"},\"image\":{\"@id\":\"https:\\\/\\\/www.santafevalores.com\\\/index.php\\\/2022\\\/05\\\/06\\\/bienes-raices-e-inversiones-de-capitalbrikapital-s-a-segunda-convocatoria-a-junta-generalordinaria-de-accionistas\\\/#primaryimage\"},\"thumbnailUrl\":\"https:\\\/\\\/www.santafevalores.com\\\/wp-content\\\/uploads\\\/2022\\\/05\\\/Brik-convocatoria_Mesa-de-trabajo-1.jpg\",\"datePublished\":\"2022-05-06T17:30:22+00:00\",\"breadcrumb\":{\"@id\":\"https:\\\/\\\/www.santafevalores.com\\\/index.php\\\/2022\\\/05\\\/06\\\/bienes-raices-e-inversiones-de-capitalbrikapital-s-a-segunda-convocatoria-a-junta-generalordinaria-de-accionistas\\\/#breadcrumb\"},\"inLanguage\":\"es\",\"potentialAction\":[{\"@type\":\"ReadAction\",\"target\":[\"https:\\\/\\\/www.santafevalores.com\\\/index.php\\\/2022\\\/05\\\/06\\\/bienes-raices-e-inversiones-de-capitalbrikapital-s-a-segunda-convocatoria-a-junta-generalordinaria-de-accionistas\\\/\"]}]},{\"@type\":\"ImageObject\",\"inLanguage\":\"es\",\"@id\":\"https:\\\/\\\/www.santafevalores.com\\\/index.php\\\/2022\\\/05\\\/06\\\/bienes-raices-e-inversiones-de-capitalbrikapital-s-a-segunda-convocatoria-a-junta-generalordinaria-de-accionistas\\\/#primaryimage\",\"url\":\"https:\\\/\\\/www.santafevalores.com\\\/wp-content\\\/uploads\\\/2022\\\/05\\\/Brik-convocatoria_Mesa-de-trabajo-1.jpg\",\"contentUrl\":\"https:\\\/\\\/www.santafevalores.com\\\/wp-content\\\/uploads\\\/2022\\\/05\\\/Brik-convocatoria_Mesa-de-trabajo-1.jpg\",\"width\":1000,\"height\":707},{\"@type\":\"BreadcrumbList\",\"@id\":\"https:\\\/\\\/www.santafevalores.com\\\/index.php\\\/2022\\\/05\\\/06\\\/bienes-raices-e-inversiones-de-capitalbrikapital-s-a-segunda-convocatoria-a-junta-generalordinaria-de-accionistas\\\/#breadcrumb\",\"itemListElement\":[{\"@type\":\"ListItem\",\"position\":1,\"name\":\"Portada\",\"item\":\"https:\\\/\\\/www.santafevalores.com\\\/\"},{\"@type\":\"ListItem\",\"position\":2,\"name\":\"BRIKAPITAL S.A. Segunda Convocatoria a Junta General Ordinaria de Accionistas\"}]},{\"@type\":\"WebSite\",\"@id\":\"https:\\\/\\\/www.santafevalores.com\\\/#website\",\"url\":\"https:\\\/\\\/www.santafevalores.com\\\/\",\"name\":\"Santa Fe Casa de Valores S.A.\",\"description\":\"\",\"publisher\":{\"@id\":\"https:\\\/\\\/www.santafevalores.com\\\/#organization\"},\"potentialAction\":[{\"@type\":\"SearchAction\",\"target\":{\"@type\":\"EntryPoint\",\"urlTemplate\":\"https:\\\/\\\/www.santafevalores.com\\\/?s={search_term_string}\"},\"query-input\":{\"@type\":\"PropertyValueSpecification\",\"valueRequired\":true,\"valueName\":\"search_term_string\"}}],\"inLanguage\":\"es\"},{\"@type\":\"Organization\",\"@id\":\"https:\\\/\\\/www.santafevalores.com\\\/#organization\",\"name\":\"Santa Fe Casa de Valores S.A.\",\"alternateName\":\"SANTAFEVALORES\",\"url\":\"https:\\\/\\\/www.santafevalores.com\\\/\",\"logo\":{\"@type\":\"ImageObject\",\"inLanguage\":\"es\",\"@id\":\"https:\\\/\\\/www.santafevalores.com\\\/#\\\/schema\\\/logo\\\/image\\\/\",\"url\":\"https:\\\/\\\/www.santafevalores.com\\\/wp-content\\\/uploads\\\/2022\\\/06\\\/logo1.png\",\"contentUrl\":\"https:\\\/\\\/www.santafevalores.com\\\/wp-content\\\/uploads\\\/2022\\\/06\\\/logo1.png\",\"width\":235,\"height\":71,\"caption\":\"Santa Fe Casa de Valores S.A.\"},\"image\":{\"@id\":\"https:\\\/\\\/www.santafevalores.com\\\/#\\\/schema\\\/logo\\\/image\\\/\"},\"sameAs\":[\"https:\\\/\\\/www.facebook.com\\\/santafevalores\\\/\",\"https:\\\/\\\/x.com\\\/SantaFeValores\"]},{\"@type\":\"Person\",\"@id\":\"https:\\\/\\\/www.santafevalores.com\\\/#\\\/schema\\\/person\\\/d965a42370507d0a1638e69158bb5835\",\"name\":\"admin\",\"image\":{\"@type\":\"ImageObject\",\"inLanguage\":\"es\",\"@id\":\"https:\\\/\\\/secure.gravatar.com\\\/avatar\\\/97ec7f9eb6068ddac59d3806ca0034c167fce748f524adcfad8629911220756f?s=96&d=mm&r=g\",\"url\":\"https:\\\/\\\/secure.gravatar.com\\\/avatar\\\/97ec7f9eb6068ddac59d3806ca0034c167fce748f524adcfad8629911220756f?s=96&d=mm&r=g\",\"contentUrl\":\"https:\\\/\\\/secure.gravatar.com\\\/avatar\\\/97ec7f9eb6068ddac59d3806ca0034c167fce748f524adcfad8629911220756f?s=96&d=mm&r=g\",\"caption\":\"admin\"},\"sameAs\":[\"https:\\\/\\\/www.santafevalores.com\"],\"url\":\"https:\\\/\\\/www.santafevalores.com\\\/index.php\\\/author\\\/santafevaloresuio_ggv0vv79\\\/\"}]}<\/script>\n<!-- \/ Yoast SEO plugin. -->","yoast_head_json":{"title":"BRIKAPITAL S.A. Segunda Convocatoria a Junta General Ordinaria de Accionistas - Santa Fe Casa de Valores S.A.","robots":{"index":"index","follow":"follow","max-snippet":"max-snippet:-1","max-image-preview":"max-image-preview:large","max-video-preview":"max-video-preview:-1"},"canonical":"https:\/\/www.santafevalores.com\/index.php\/2022\/05\/06\/bienes-raices-e-inversiones-de-capitalbrikapital-s-a-segunda-convocatoria-a-junta-generalordinaria-de-accionistas\/","og_locale":"es_ES","og_type":"article","og_title":"BRIKAPITAL S.A. Segunda Convocatoria a Junta General Ordinaria de Accionistas - Santa Fe Casa de Valores S.A.","og_description":"BRIKAPITAL S.A. Segunda Convocatoria a Junta General Ordinaria de Accionistas","og_url":"https:\/\/www.santafevalores.com\/index.php\/2022\/05\/06\/bienes-raices-e-inversiones-de-capitalbrikapital-s-a-segunda-convocatoria-a-junta-generalordinaria-de-accionistas\/","og_site_name":"Santa Fe Casa de Valores S.A.","article_publisher":"https:\/\/www.facebook.com\/santafevalores\/","article_published_time":"2022-05-06T17:30:22+00:00","og_image":[{"width":1000,"height":707,"url":"https:\/\/www.santafevalores.com\/wp-content\/uploads\/2022\/05\/Brik-convocatoria_Mesa-de-trabajo-1.jpg","type":"image\/jpeg"}],"author":"admin","twitter_card":"summary_large_image","twitter_image":"https:\/\/www.santafevalores.com\/wp-content\/uploads\/2022\/05\/Brik-convocatoria_Mesa-de-trabajo-1.jpg","twitter_creator":"@SantaFeValores","twitter_site":"@SantaFeValores","twitter_misc":{"Escrito por":"admin","Tiempo de lectura":"3 minutos"},"schema":{"@context":"https:\/\/schema.org","@graph":[{"@type":"Article","@id":"https:\/\/www.santafevalores.com\/index.php\/2022\/05\/06\/bienes-raices-e-inversiones-de-capitalbrikapital-s-a-segunda-convocatoria-a-junta-generalordinaria-de-accionistas\/#article","isPartOf":{"@id":"https:\/\/www.santafevalores.com\/index.php\/2022\/05\/06\/bienes-raices-e-inversiones-de-capitalbrikapital-s-a-segunda-convocatoria-a-junta-generalordinaria-de-accionistas\/"},"author":{"name":"admin","@id":"https:\/\/www.santafevalores.com\/#\/schema\/person\/d965a42370507d0a1638e69158bb5835"},"headline":"BRIKAPITAL S.A. Segunda Convocatoria a Junta General Ordinaria de Accionistas","datePublished":"2022-05-06T17:30:22+00:00","mainEntityOfPage":{"@id":"https:\/\/www.santafevalores.com\/index.php\/2022\/05\/06\/bienes-raices-e-inversiones-de-capitalbrikapital-s-a-segunda-convocatoria-a-junta-generalordinaria-de-accionistas\/"},"wordCount":570,"commentCount":0,"publisher":{"@id":"https:\/\/www.santafevalores.com\/#organization"},"image":{"@id":"https:\/\/www.santafevalores.com\/index.php\/2022\/05\/06\/bienes-raices-e-inversiones-de-capitalbrikapital-s-a-segunda-convocatoria-a-junta-generalordinaria-de-accionistas\/#primaryimage"},"thumbnailUrl":"https:\/\/www.santafevalores.com\/wp-content\/uploads\/2022\/05\/Brik-convocatoria_Mesa-de-trabajo-1.jpg","inLanguage":"es","potentialAction":[{"@type":"CommentAction","name":"Comment","target":["https:\/\/www.santafevalores.com\/index.php\/2022\/05\/06\/bienes-raices-e-inversiones-de-capitalbrikapital-s-a-segunda-convocatoria-a-junta-generalordinaria-de-accionistas\/#respond"]}]},{"@type":"WebPage","@id":"https:\/\/www.santafevalores.com\/index.php\/2022\/05\/06\/bienes-raices-e-inversiones-de-capitalbrikapital-s-a-segunda-convocatoria-a-junta-generalordinaria-de-accionistas\/","url":"https:\/\/www.santafevalores.com\/index.php\/2022\/05\/06\/bienes-raices-e-inversiones-de-capitalbrikapital-s-a-segunda-convocatoria-a-junta-generalordinaria-de-accionistas\/","name":"BRIKAPITAL S.A. Segunda Convocatoria a Junta General Ordinaria de Accionistas - Santa Fe Casa de Valores S.A.","isPartOf":{"@id":"https:\/\/www.santafevalores.com\/#website"},"primaryImageOfPage":{"@id":"https:\/\/www.santafevalores.com\/index.php\/2022\/05\/06\/bienes-raices-e-inversiones-de-capitalbrikapital-s-a-segunda-convocatoria-a-junta-generalordinaria-de-accionistas\/#primaryimage"},"image":{"@id":"https:\/\/www.santafevalores.com\/index.php\/2022\/05\/06\/bienes-raices-e-inversiones-de-capitalbrikapital-s-a-segunda-convocatoria-a-junta-generalordinaria-de-accionistas\/#primaryimage"},"thumbnailUrl":"https:\/\/www.santafevalores.com\/wp-content\/uploads\/2022\/05\/Brik-convocatoria_Mesa-de-trabajo-1.jpg","datePublished":"2022-05-06T17:30:22+00:00","breadcrumb":{"@id":"https:\/\/www.santafevalores.com\/index.php\/2022\/05\/06\/bienes-raices-e-inversiones-de-capitalbrikapital-s-a-segunda-convocatoria-a-junta-generalordinaria-de-accionistas\/#breadcrumb"},"inLanguage":"es","potentialAction":[{"@type":"ReadAction","target":["https:\/\/www.santafevalores.com\/index.php\/2022\/05\/06\/bienes-raices-e-inversiones-de-capitalbrikapital-s-a-segunda-convocatoria-a-junta-generalordinaria-de-accionistas\/"]}]},{"@type":"ImageObject","inLanguage":"es","@id":"https:\/\/www.santafevalores.com\/index.php\/2022\/05\/06\/bienes-raices-e-inversiones-de-capitalbrikapital-s-a-segunda-convocatoria-a-junta-generalordinaria-de-accionistas\/#primaryimage","url":"https:\/\/www.santafevalores.com\/wp-content\/uploads\/2022\/05\/Brik-convocatoria_Mesa-de-trabajo-1.jpg","contentUrl":"https:\/\/www.santafevalores.com\/wp-content\/uploads\/2022\/05\/Brik-convocatoria_Mesa-de-trabajo-1.jpg","width":1000,"height":707},{"@type":"BreadcrumbList","@id":"https:\/\/www.santafevalores.com\/index.php\/2022\/05\/06\/bienes-raices-e-inversiones-de-capitalbrikapital-s-a-segunda-convocatoria-a-junta-generalordinaria-de-accionistas\/#breadcrumb","itemListElement":[{"@type":"ListItem","position":1,"name":"Portada","item":"https:\/\/www.santafevalores.com\/"},{"@type":"ListItem","position":2,"name":"BRIKAPITAL S.A. Segunda Convocatoria a Junta General Ordinaria de Accionistas"}]},{"@type":"WebSite","@id":"https:\/\/www.santafevalores.com\/#website","url":"https:\/\/www.santafevalores.com\/","name":"Santa Fe Casa de Valores S.A.","description":"","publisher":{"@id":"https:\/\/www.santafevalores.com\/#organization"},"potentialAction":[{"@type":"SearchAction","target":{"@type":"EntryPoint","urlTemplate":"https:\/\/www.santafevalores.com\/?s={search_term_string}"},"query-input":{"@type":"PropertyValueSpecification","valueRequired":true,"valueName":"search_term_string"}}],"inLanguage":"es"},{"@type":"Organization","@id":"https:\/\/www.santafevalores.com\/#organization","name":"Santa Fe Casa de Valores S.A.","alternateName":"SANTAFEVALORES","url":"https:\/\/www.santafevalores.com\/","logo":{"@type":"ImageObject","inLanguage":"es","@id":"https:\/\/www.santafevalores.com\/#\/schema\/logo\/image\/","url":"https:\/\/www.santafevalores.com\/wp-content\/uploads\/2022\/06\/logo1.png","contentUrl":"https:\/\/www.santafevalores.com\/wp-content\/uploads\/2022\/06\/logo1.png","width":235,"height":71,"caption":"Santa Fe Casa de Valores S.A."},"image":{"@id":"https:\/\/www.santafevalores.com\/#\/schema\/logo\/image\/"},"sameAs":["https:\/\/www.facebook.com\/santafevalores\/","https:\/\/x.com\/SantaFeValores"]},{"@type":"Person","@id":"https:\/\/www.santafevalores.com\/#\/schema\/person\/d965a42370507d0a1638e69158bb5835","name":"admin","image":{"@type":"ImageObject","inLanguage":"es","@id":"https:\/\/secure.gravatar.com\/avatar\/97ec7f9eb6068ddac59d3806ca0034c167fce748f524adcfad8629911220756f?s=96&d=mm&r=g","url":"https:\/\/secure.gravatar.com\/avatar\/97ec7f9eb6068ddac59d3806ca0034c167fce748f524adcfad8629911220756f?s=96&d=mm&r=g","contentUrl":"https:\/\/secure.gravatar.com\/avatar\/97ec7f9eb6068ddac59d3806ca0034c167fce748f524adcfad8629911220756f?s=96&d=mm&r=g","caption":"admin"},"sameAs":["https:\/\/www.santafevalores.com"],"url":"https:\/\/www.santafevalores.com\/index.php\/author\/santafevaloresuio_ggv0vv79\/"}]}},"_links":{"self":[{"href":"https:\/\/www.santafevalores.com\/index.php\/wp-json\/wp\/v2\/posts\/63041","targetHints":{"allow":["GET"]}}],"collection":[{"href":"https:\/\/www.santafevalores.com\/index.php\/wp-json\/wp\/v2\/posts"}],"about":[{"href":"https:\/\/www.santafevalores.com\/index.php\/wp-json\/wp\/v2\/types\/post"}],"author":[{"embeddable":true,"href":"https:\/\/www.santafevalores.com\/index.php\/wp-json\/wp\/v2\/users\/1"}],"replies":[{"embeddable":true,"href":"https:\/\/www.santafevalores.com\/index.php\/wp-json\/wp\/v2\/comments?post=63041"}],"version-history":[{"count":0,"href":"https:\/\/www.santafevalores.com\/index.php\/wp-json\/wp\/v2\/posts\/63041\/revisions"}],"wp:featuredmedia":[{"embeddable":true,"href":"https:\/\/www.santafevalores.com\/index.php\/wp-json\/wp\/v2\/media\/63047"}],"wp:attachment":[{"href":"https:\/\/www.santafevalores.com\/index.php\/wp-json\/wp\/v2\/media?parent=63041"}],"wp:term":[{"taxonomy":"category","embeddable":true,"href":"https:\/\/www.santafevalores.com\/index.php\/wp-json\/wp\/v2\/categories?post=63041"},{"taxonomy":"post_tag","embeddable":true,"href":"https:\/\/www.santafevalores.com\/index.php\/wp-json\/wp\/v2\/tags?post=63041"}],"curies":[{"name":"wp","href":"https:\/\/api.w.org\/{rel}","templated":true}]}}