{"id":64943,"date":"2022-09-15T13:35:46","date_gmt":"2022-09-15T18:35:46","guid":{"rendered":"https:\/\/santafevalores.com\/?p=64943"},"modified":"2022-09-15T13:35:46","modified_gmt":"2022-09-15T18:35:46","slug":"vivimos-en-un-sistema-economico-inhumano-entrevista-al-economista-guy-standing","status":"publish","type":"post","link":"https:\/\/www.santafevalores.com\/index.php\/2022\/09\/15\/vivimos-en-un-sistema-economico-inhumano-entrevista-al-economista-guy-standing\/","title":{"rendered":"\u00abVivimos en un sistema econ\u00f3mico inhumano\u00bb: entrevista al economista Guy Standing"},"content":{"rendered":"\t\t<div data-elementor-type=\"wp-post\" data-elementor-id=\"64943\" class=\"elementor elementor-64943\" data-elementor-post-type=\"post\">\n\t\t\t\t\t\t<section class=\"elementor-section elementor-top-section elementor-element elementor-element-ec3fc9d elementor-section-boxed elementor-section-height-default elementor-section-height-default\" data-id=\"ec3fc9d\" data-element_type=\"section\" data-e-type=\"section\">\n\t\t\t\t\t\t<div class=\"elementor-container elementor-column-gap-default\">\n\t\t\t\t\t<div class=\"elementor-column elementor-col-100 elementor-top-column elementor-element elementor-element-81b38c7\" data-id=\"81b38c7\" data-element_type=\"column\" data-e-type=\"column\">\n\t\t\t<div class=\"elementor-widget-wrap elementor-element-populated\">\n\t\t\t\t\t\t<div class=\"elementor-element elementor-element-5edcd68 elementor-widget elementor-widget-image\" data-id=\"5edcd68\" data-element_type=\"widget\" data-e-type=\"widget\" data-widget_type=\"image.default\">\n\t\t\t\t<div class=\"elementor-widget-container\">\n\t\t\t\t\t\t\t\t\t\t\t\t\t\t\t<img fetchpriority=\"high\" decoding=\"async\" width=\"800\" height=\"450\" src=\"https:\/\/www.santafevalores.com\/wp-content\/uploads\/2022\/09\/SFVIMG10.webp\" class=\"attachment-large size-large wp-image-64945\" alt=\"\" srcset=\"https:\/\/www.santafevalores.com\/wp-content\/uploads\/2022\/09\/SFVIMG10.webp 800w, https:\/\/www.santafevalores.com\/wp-content\/uploads\/2022\/09\/SFVIMG10-300x169.webp 300w, https:\/\/www.santafevalores.com\/wp-content\/uploads\/2022\/09\/SFVIMG10-768x432.webp 768w\" sizes=\"(max-width: 800px) 100vw, 800px\" \/>\t\t\t\t\t\t\t\t\t\t\t\t\t\t\t<\/div>\n\t\t\t\t<\/div>\n\t\t\t\t\t<\/div>\n\t\t<\/div>\n\t\t\t\t\t<\/div>\n\t\t<\/section>\n\t\t\t\t<section class=\"elementor-section elementor-top-section elementor-element elementor-element-d3c7773 elementor-section-boxed elementor-section-height-default elementor-section-height-default\" data-id=\"d3c7773\" data-element_type=\"section\" data-e-type=\"section\">\n\t\t\t\t\t\t<div class=\"elementor-container elementor-column-gap-default\">\n\t\t\t\t\t<div class=\"elementor-column elementor-col-100 elementor-top-column elementor-element elementor-element-c19f3d7\" data-id=\"c19f3d7\" data-element_type=\"column\" data-e-type=\"column\">\n\t\t\t<div class=\"elementor-widget-wrap elementor-element-populated\">\n\t\t\t\t\t\t<div class=\"elementor-element elementor-element-59fb6f2 elementor-widget elementor-widget-text-editor\" data-id=\"59fb6f2\" data-element_type=\"widget\" data-e-type=\"widget\" data-widget_type=\"text-editor.default\">\n\t\t\t\t<div class=\"elementor-widget-container\">\n\t\t\t\t\t\t\t\t\t<p>Como acad\u00e9mico del Departamento Estudios del Desarrollo, en la SOAS University of London y fundador de Basic Income Earth Network (BIEN), una organizaci\u00f3n sin fines de lucro que promueve el ingreso b\u00e1sico como un derecho universal, Guy Standing ha desarrollado una visi\u00f3n cr\u00edtica sobre el sistema econ\u00f3mico global.<\/p><p>Dedicado a defender ideas como la disminuci\u00f3n de la desigualdad y el derecho de las personas a tener mejores condiciones de vida, Standing advierte sobre los peligros del populismo y el extremismo pol\u00edtico de derecha o de izquierda.<\/p><p>Exdirector del Programa de Seguridad Socioecon\u00f3mica de la Organizaci\u00f3n Internacional del Trabajo, el investigador aboga por la creaci\u00f3n de una \u00abpol\u00edtica progresista\u00bb con el foco puesto en la redistribuci\u00f3n de ingresos y la seguridad social de los sectores m\u00e1s vulnerables.<\/p><p>En entrevista con BBC Mundo, Standing explica por qu\u00e9 cree que se deben mejorar las fallas del capitalismo, en vez de promover un cambio radical del sistema.<\/p><p>En su libro \u00abEl precariado: la nueva clase peligrosa\u00bb usted analiza la situaci\u00f3n de un amplio sector de la poblaci\u00f3n que vive con empleos precarios y muy inestables. \u00bfDir\u00eda usted que vivimos en un sistema econ\u00f3mico inhumano?<\/p><p>El mayor problema que tenemos actualmente es que el sistema econ\u00f3mico global ha sido distorsionado, a menudo por los pol\u00edticos que no aprecian realmente la naturaleza de la actual econom\u00eda capitalista.<\/p><p>La econom\u00eda capitalista que tenemos en la actualidad no es una econom\u00eda de libre mercado. Mucho de la ret\u00f3rica se refiere al libre mercado, pero lo que ha pasado en los \u00faltimos 30 a\u00f1os es que los grandes grupos financieros y los rentistas han creado un sistema que est\u00e1 muy alejado de lo que es una econom\u00eda de mercado.<\/p><p>En este sistema, los ingresos fluyen cada vez m\u00e1s hacia los due\u00f1os de la propiedad, sea \u00e9sta propiedad financiera, f\u00edsica o intelectual.<\/p><p>Al mismo tiempo, han construido un sistema que genera altos niveles de inflaci\u00f3n, principalmente porque las finanzas se comportan de una manera especulativa.<\/p><p>\u00a0<\/p><p><b>\u00bfPor qu\u00e9 dice que no se trata de un problema generado por una econom\u00eda de libre mercado?<\/b><\/p><p>El libre mercado tiene sus propios problemas, pero es un error afirmar que el sistema econ\u00f3mico actual es un sistema de libre mercado, cuando tenemos millones de campesinos que les garantizan a grandes grupos empresariales ganancias monop\u00f3licas.<\/p><p>Esto les permite subir los precios sin que exista realmente competencia.<\/p><p>Este tipo de situaciones hacen que grandes corporaciones puedan comprar otras corporaciones y crear monopolios en el mercado. Vivimos en un sistema econ\u00f3mico muy inhumano.<\/p><p>\u00a0 \u00a0 Las lecciones del experimento de Finlandia de otorgar a los desempleados una renta b\u00e1sica (y que cobra vigencia por la pandemia)<\/p><p>\u00a0<\/p><p><b>\u00bfDe qu\u00e9 manera estos monopolios que usted describe afectan al ciudadano com\u00fan?<\/b><\/p><p>Las personas comunes estamos perdiendo porque pagamos precios mucho m\u00e1s altos que los costos de producci\u00f3n y, al mismo tiempo, las grandes empresas no pagan el costo completo de los problemas que generan. No pagan, por ejemplo, los costos ecol\u00f3gicos que generan sus actividades.<\/p><p>El sistema financiero busca elevadas ganancias a corto plazo a expensas de agotar, por ejemplo, los recursos del mar y afectar a comunidades en distintas partes del mundo.<\/p><p>\u00a0<\/p><p><b>Pero las desigualdades siempre han existido a trav\u00e9s de la historia en distintos sistemas econ\u00f3micos, no es un fen\u00f3meno propio del capitalismo ni es un fen\u00f3meno reciente\u2026<\/b><\/p><p>En los \u00faltimos 30 o 40 a\u00f1os los due\u00f1os de la propiedad y las finanzas se han hecho m\u00e1s poderosos.<\/p><p>Si miramos a Estados Unidos, por ejemplo, los activos financieros tienen un valor equivalente al 500% del ingreso nacional. En mi propio pa\u00eds, Gran Breta\u00f1a, es m\u00e1s de 1.000%. Esto no se parece a nada de lo que hemos visto en el pasado.<\/p><p>Lo mismo ocurre con las patentes y los derechos intelectuales. Tampoco exist\u00edan en la misma medida que existen hoy. Y lo mismo con la concentraci\u00f3n de entidades corporativas que generan oligopolios.<\/p><p><b>Sin embargo, muchos economistas plantean exactamente lo contrario, argumentando que gracias al sistema econ\u00f3mico imperante en el mundo, muchas m\u00e1s personas han salido de la pobreza y las clases medias han aumentado. Eso ha hecho que un mayor n\u00famero de gente tenga acceso a mejores condiciones de vida y tenga acceso a bienes y servicios que ni sus padres ni sus abuelos tuvieron\u2026<\/b><\/p><p>Ese argumento no es incorrecto. Pero tambi\u00e9n hemos visto que en pa\u00edses como Estados Unidos la expectativa de vida ha disminuido, tanto para los grupos de raza blanca, como para los dem\u00e1s. Esto es algo sin precedentes.<\/p><div dir=\"ltr\"><p dir=\"ltr\">Las tasas de suicidio han aumentado, la morbilidad ha aumentado, las tasas de c\u00e1ncer, el estr\u00e9s, las enfermedades mentales se han transformado en epidemias.<\/p><p dir=\"ltr\">\u00a0<\/p><\/div><div dir=\"ltr\"><p dir=\"ltr\">Estamos en una era en que vemos crisis financieras tras crisis financieras. Tenemos una situaci\u00f3n en la que materialmente puede parecer que somos m\u00e1s ricos de lo que nunca antes hab\u00edamos sido en la historia, pero los niveles de desigualdad han hecho que la vida se vuelva muy insegura.<\/p><p dir=\"ltr\">\u00a0<\/p><p dir=\"ltr\"><b>\u00bfQu\u00e9 efectos provoca la inseguridad?<\/b><\/p><p dir=\"ltr\">La inseguridad genera problemas sociales, genera populismos y tensiones geopol\u00edticas.<\/p><p dir=\"ltr\">\u00a0Despu\u00e9s de la Segunda Guerra Mundial comenz\u00f3 un per\u00edodo en que la vida mejor\u00f3 en los pa\u00edses desarrollados, pero con el paso del tiempo, los est\u00e1ndares de vida de la gente que vive de su trabajo se han estancado y el empleo se ha vuelto m\u00e1s precario.<\/p><p dir=\"ltr\"><b>Usted mencionaba que hemos visto muchas crisis financieras. Sin embargo, economistas argumentan que esto es parte de los ciclos por los que atraviesa el sistema econ\u00f3mico, que son de alguna manera inherentes a la manera en que funciona nuestra econom\u00eda global<\/b><\/p><p dir=\"ltr\">Lo que hemos visto en las \u00faltimas d\u00e9cadas -especialmente en relaci\u00f3n a lo que conocemos como la revoluci\u00f3n neoliberal econ\u00f3mica bajo los gobiernos de Margaret Thatcher o Ronald Reagan en los a\u00f1os 80- es que el n\u00famero de crisis financieras ha aumentado enormemente, como tambi\u00e9n su gravedad.<\/p><p dir=\"ltr\">Tenemos gigantescos niveles de endeudamiento de los hogares, de las corporaciones y de los gobiernos, lo que hace que nuestro sistema sea econ\u00f3micamente inestable, con grandes flujos de dinero concentrado en una minor\u00eda.<\/p><p dir=\"ltr\">No solo los Jeff Bezos o los Elon Musk, estoy hablando el 20% de los due\u00f1os de la riqueza. De hecho, la desigualdad de riqueza ha crecido dram\u00e1ticamente.<\/p><p dir=\"ltr\">Lo que pasa es que el sistema econ\u00f3mico ha transitado desde premiar el trabajo a premiar la propiedad de la riqueza. Y los pol\u00edticos no est\u00e1n haciendo nada para enfrentar los desaf\u00edos estructurales.<\/p><p dir=\"ltr\">\u00a0<\/p><p dir=\"ltr\"><b>\u00bfQu\u00e9 alternativa propone usted?<\/b><\/p><p dir=\"ltr\">Necesitamos ejercer presi\u00f3n pol\u00edtica para crear un sistema de vida que aprecie la naturaleza y le de un sentido de seguridad a las personas.<\/p><p dir=\"ltr\">Es necesaria una pol\u00edtica progresista que no sea al antiguo estilo de derecha o izquierda. Una pol\u00edtica progresista que una a las personas, en vez de crear divisiones.<\/p><p dir=\"ltr\">Creo que esta pol\u00edtica progresista est\u00e1 apareciendo entre los j\u00f3venes educados que forman parte del precariado. Pienso que vendr\u00e1 un nuevo tipo de renacimiento, un nuevo tipo de libertad, fraternidad y solidaridad, y que estamos en el umbral de la transformaci\u00f3n.<\/p><p dir=\"ltr\">\u00a0<\/p><p dir=\"ltr\"><b>\u00bfPero qu\u00e9 propone en concreto?<\/b><\/p><p dir=\"ltr\">Por tres d\u00e9cadas he estado proponiendo que cada persona tenga un ingreso b\u00e1sico, el derecho a recibir cada mes una modesta suma de dinero que le d\u00e9 una cierta seguridad b\u00e1sica.<\/p><p dir=\"ltr\">Hemos hecho experimentos en distintas partes del mundo y los resultados han sido hermosos.<\/p><p dir=\"ltr\">Muestran que la salud mental de las personas mejora, que las personas trabajan m\u00e1s, no menos, que el estatus de las mujeres mejora, y hemos visto que aumenta el nivel de tolerancia y solidaridad.<\/p><p dir=\"ltr\">Y esto es asequible, costeable. Podemos crear fondos de capital gravando los combustibles f\u00f3siles, cobrando un impuesto a la riqueza.<\/p><p dir=\"ltr\">\u00a0<\/p><p dir=\"ltr\"><b>\u00bfEntonces usted est\u00e1 a favor de mejorar el capitalismo, no de cambiarlo por otro sistema?<\/b><\/p><p dir=\"ltr\"><span style=\"color: var(--the7-base-color); letter-spacing: var(--the7-base-letter-spacing); text-transform: var(--the7-base-text-transform); word-spacing: normal;\">Creo que no es muy sensato pensar en una revoluci\u00f3n o en un cambio radical. Lo sensato es decir que se necesita una correcta econom\u00eda de mercado, con adecuados incentivos para las personas que trabajan duro, que invierten, que corren riesgos. Necesitamos eso.<\/span><\/p><p dir=\"ltr\">Pero al mismo tiempo, necesitamos asegurarnos de que todas las personas tengan un nivel de seguridad b\u00e1sico y libertad para desarrollarse. Esto es compatible con una econom\u00eda de libre mercado.<\/p><p dir=\"ltr\">El problema es que el tipo de capitalismo que tenemos ahora es una abominaci\u00f3n, porque le entrega todo el poder a una minor\u00eda.<\/p><p dir=\"ltr\"><b>Esas ideas de disminuir la desigualdad, poner fin a los oligopolios, terminar con los privilegios de las minor\u00edas, se parecen bastante al discurso que la vieja izquierda ha propuesto por a\u00f1os. En el caso de Am\u00e9rica Latina, le puedo nombrar el caso de tres pa\u00edses -Venezuela, Nicaragua y Cuba-, donde aquellas ideas dieron paso a gobiernos que se han perpetuado en el poder durante d\u00e9cadas, que han sido denunciados por violaciones a los derechos humanos y donde la mayor\u00eda de la poblaci\u00f3n est\u00e1 sumida en la pobreza<\/b><\/p><p dir=\"ltr\">Uno puede pensar en muchos ejemplos alrededor del mundo donde los pol\u00edticos han tomado el control y ese tipo de cosas han ocurrido. Pero tambi\u00e9n creo que la agenda ha cambiado.<\/p><p dir=\"ltr\">Estoy muy esperanzado con la idea de que Lula gane las elecciones en Brasil y se convierta en presidente. Cuando lo conoc\u00ed me dijo que si llegaba al gobierno, crear\u00eda un ingreso b\u00e1sico en el pa\u00eds.<\/p><p dir=\"ltr\"><b>Sin embargo, en Venezuela, Nicaragua o Cuba, la situaci\u00f3n es muy distinta\u2026<\/b><\/p><p dir=\"ltr\">Cualquier pa\u00eds -sea Cuba, Venezuela, o Estados Unidos- que no respete los derechos humanos, est\u00e1 haciendo algo deplorable. Los derechos humanos son fundamentales y la libertad es fundamental, como tambi\u00e9n los valores democr\u00e1ticos.<\/p><p dir=\"ltr\">Lo que tenemos que hacer es que la gente tenga seguridad econ\u00f3mica y as\u00ed ser\u00e1 menos proclive a apoyar cualquier tipo de pol\u00edtica extremista, sea de derecha o de izquierda.\u00a0<\/p><p dir=\"ltr\">Cuando la gente se siente insegura, tiende a escuchar a los populistas, como por ejemplo, Donald Trump o Bolsonaro, o cualquiera de los gobernantes que usted mencionaba.<\/p><p dir=\"ltr\">Una buena sociedad requiere que todas las personas tengan un sentido de seguridad y de libertad, y cualquier gobierno que no respete esos valores, no est\u00e1 siguiendo el camino que necesitamos.<\/p><\/div>\t\t\t\t\t\t\t\t<\/div>\n\t\t\t\t<\/div>\n\t\t\t\t\t<\/div>\n\t\t<\/div>\n\t\t\t\t\t<\/div>\n\t\t<\/section>\n\t\t\t\t<section class=\"elementor-section elementor-top-section elementor-element elementor-element-e813839 elementor-section-boxed elementor-section-height-default elementor-section-height-default\" data-id=\"e813839\" data-element_type=\"section\" data-e-type=\"section\">\n\t\t\t\t\t\t<div class=\"elementor-container elementor-column-gap-default\">\n\t\t\t\t\t<div class=\"elementor-column elementor-col-100 elementor-top-column elementor-element elementor-element-bbd5ae5\" data-id=\"bbd5ae5\" data-element_type=\"column\" data-e-type=\"column\">\n\t\t\t<div class=\"elementor-widget-wrap elementor-element-populated\">\n\t\t\t\t\t\t<div class=\"elementor-element elementor-element-131df48 elementor-headline--style-highlight elementor-widget elementor-widget-animated-headline\" data-id=\"131df48\" data-element_type=\"widget\" data-e-type=\"widget\" data-settings=\"{&quot;highlighted_text&quot;:&quot;reporta BBC News Mundo&quot;,&quot;headline_style&quot;:&quot;highlight&quot;,&quot;marker&quot;:&quot;circle&quot;,&quot;loop&quot;:&quot;yes&quot;,&quot;highlight_animation_duration&quot;:1200,&quot;highlight_iteration_delay&quot;:8000}\" data-widget_type=\"animated-headline.default\">\n\t\t\t\t<div class=\"elementor-widget-container\">\n\t\t\t\t\t\t\t\t<a href=\"https:\/\/www.bbc.com\/mundo\/noticias-62682528\" target=\"_blank\">\n\n\t\t\t\t\t<p class=\"elementor-headline\">\n\t\t\t\t\t<span class=\"elementor-headline-plain-text elementor-headline-text-wrapper\">Fuente:<\/span>\n\t\t\t\t<span class=\"elementor-headline-dynamic-wrapper elementor-headline-text-wrapper\">\n\t\t\t\t\t<span class=\"elementor-headline-dynamic-text elementor-headline-text-active\">reporta BBC News Mundo<\/span>\n\t\t\t\t<\/span>\n\t\t\t\t<\/p>\n\t\t<\/a>\t\t\t\t<\/div>\n\t\t\t\t<\/div>\n\t\t\t\t\t<\/div>\n\t\t<\/div>\n\t\t\t\t\t<\/div>\n\t\t<\/section>\n\t\t\t\t<\/div>\n\t\t","protected":false},"excerpt":{"rendered":"<p>Como acad\u00e9mico del Departamento Estudios del Desarrollo, en la SOAS University of London y fundador de Basic Income Earth Network (BIEN), una organizaci\u00f3n sin fines de lucro que promueve el ingreso b\u00e1sico como un derecho universal, Guy Standing ha desarrollado una visi\u00f3n cr\u00edtica sobre el sistema econ\u00f3mico global. Dedicado a defender ideas como la disminuci\u00f3n&hellip;<\/p>\n","protected":false},"author":1,"featured_media":64945,"comment_status":"open","ping_status":"closed","sticky":false,"template":"","format":"standard","meta":{"content-type":"","_joinchat":[],"footnotes":""},"categories":[4],"tags":[],"class_list":["post-64943","post","type-post","status-publish","format-standard","has-post-thumbnail","hentry","category-sin-categoria"],"yoast_head":"<!-- This site is optimized with the Yoast SEO plugin v27.5 - https:\/\/yoast.com\/product\/yoast-seo-wordpress\/ -->\n<title>&quot;Vivimos en un sistema econ\u00f3mico inhumano&quot;: entrevista al economista Guy Standing - Santa Fe Casa de Valores S.A.<\/title>\n<meta name=\"robots\" content=\"index, follow, max-snippet:-1, max-image-preview:large, max-video-preview:-1\" \/>\n<link rel=\"canonical\" href=\"https:\/\/www.santafevalores.com\/index.php\/2022\/09\/15\/vivimos-en-un-sistema-economico-inhumano-entrevista-al-economista-guy-standing\/\" \/>\n<meta property=\"og:locale\" content=\"es_ES\" \/>\n<meta property=\"og:type\" content=\"article\" \/>\n<meta property=\"og:title\" content=\"&quot;Vivimos en un sistema econ\u00f3mico inhumano&quot;: entrevista al economista Guy Standing - Santa Fe Casa de Valores S.A.\" \/>\n<meta property=\"og:description\" content=\"Como acad\u00e9mico del Departamento Estudios del Desarrollo, en la SOAS University of London y fundador de Basic Income Earth Network (BIEN), una organizaci\u00f3n sin fines de lucro que promueve el ingreso b\u00e1sico como un derecho universal, Guy Standing ha desarrollado una visi\u00f3n cr\u00edtica sobre el sistema econ\u00f3mico global. Dedicado a defender ideas como la disminuci\u00f3n&hellip;\" \/>\n<meta property=\"og:url\" content=\"https:\/\/www.santafevalores.com\/index.php\/2022\/09\/15\/vivimos-en-un-sistema-economico-inhumano-entrevista-al-economista-guy-standing\/\" \/>\n<meta property=\"og:site_name\" content=\"Santa Fe Casa de Valores S.A.\" \/>\n<meta property=\"article:publisher\" content=\"https:\/\/www.facebook.com\/santafevalores\/\" \/>\n<meta property=\"article:published_time\" content=\"2022-09-15T18:35:46+00:00\" \/>\n<meta property=\"og:image\" content=\"https:\/\/www.santafevalores.com\/wp-content\/uploads\/2022\/09\/SFVIMG10.webp\" \/>\n\t<meta property=\"og:image:width\" content=\"800\" \/>\n\t<meta property=\"og:image:height\" content=\"450\" \/>\n\t<meta property=\"og:image:type\" content=\"image\/webp\" \/>\n<meta name=\"author\" content=\"admin\" \/>\n<meta name=\"twitter:card\" content=\"summary_large_image\" \/>\n<meta name=\"twitter:creator\" content=\"@SantaFeValores\" \/>\n<meta name=\"twitter:site\" content=\"@SantaFeValores\" \/>\n<meta name=\"twitter:label1\" content=\"Escrito por\" \/>\n\t<meta name=\"twitter:data1\" content=\"admin\" \/>\n\t<meta name=\"twitter:label2\" content=\"Tiempo de lectura\" \/>\n\t<meta name=\"twitter:data2\" content=\"8 minutos\" \/>\n<script type=\"application\/ld+json\" class=\"yoast-schema-graph\">{\"@context\":\"https:\\\/\\\/schema.org\",\"@graph\":[{\"@type\":\"Article\",\"@id\":\"https:\\\/\\\/www.santafevalores.com\\\/index.php\\\/2022\\\/09\\\/15\\\/vivimos-en-un-sistema-economico-inhumano-entrevista-al-economista-guy-standing\\\/#article\",\"isPartOf\":{\"@id\":\"https:\\\/\\\/www.santafevalores.com\\\/index.php\\\/2022\\\/09\\\/15\\\/vivimos-en-un-sistema-economico-inhumano-entrevista-al-economista-guy-standing\\\/\"},\"author\":{\"name\":\"admin\",\"@id\":\"https:\\\/\\\/www.santafevalores.com\\\/#\\\/schema\\\/person\\\/d965a42370507d0a1638e69158bb5835\"},\"headline\":\"\u00abVivimos en un sistema econ\u00f3mico inhumano\u00bb: entrevista al economista Guy Standing\",\"datePublished\":\"2022-09-15T18:35:46+00:00\",\"mainEntityOfPage\":{\"@id\":\"https:\\\/\\\/www.santafevalores.com\\\/index.php\\\/2022\\\/09\\\/15\\\/vivimos-en-un-sistema-economico-inhumano-entrevista-al-economista-guy-standing\\\/\"},\"wordCount\":1789,\"commentCount\":0,\"publisher\":{\"@id\":\"https:\\\/\\\/www.santafevalores.com\\\/#organization\"},\"image\":{\"@id\":\"https:\\\/\\\/www.santafevalores.com\\\/index.php\\\/2022\\\/09\\\/15\\\/vivimos-en-un-sistema-economico-inhumano-entrevista-al-economista-guy-standing\\\/#primaryimage\"},\"thumbnailUrl\":\"https:\\\/\\\/www.santafevalores.com\\\/wp-content\\\/uploads\\\/2022\\\/09\\\/SFVIMG10.webp\",\"inLanguage\":\"es\",\"potentialAction\":[{\"@type\":\"CommentAction\",\"name\":\"Comment\",\"target\":[\"https:\\\/\\\/www.santafevalores.com\\\/index.php\\\/2022\\\/09\\\/15\\\/vivimos-en-un-sistema-economico-inhumano-entrevista-al-economista-guy-standing\\\/#respond\"]}]},{\"@type\":\"WebPage\",\"@id\":\"https:\\\/\\\/www.santafevalores.com\\\/index.php\\\/2022\\\/09\\\/15\\\/vivimos-en-un-sistema-economico-inhumano-entrevista-al-economista-guy-standing\\\/\",\"url\":\"https:\\\/\\\/www.santafevalores.com\\\/index.php\\\/2022\\\/09\\\/15\\\/vivimos-en-un-sistema-economico-inhumano-entrevista-al-economista-guy-standing\\\/\",\"name\":\"\\\"Vivimos en un sistema econ\u00f3mico inhumano\\\": entrevista al economista Guy Standing - Santa Fe Casa de Valores S.A.\",\"isPartOf\":{\"@id\":\"https:\\\/\\\/www.santafevalores.com\\\/#website\"},\"primaryImageOfPage\":{\"@id\":\"https:\\\/\\\/www.santafevalores.com\\\/index.php\\\/2022\\\/09\\\/15\\\/vivimos-en-un-sistema-economico-inhumano-entrevista-al-economista-guy-standing\\\/#primaryimage\"},\"image\":{\"@id\":\"https:\\\/\\\/www.santafevalores.com\\\/index.php\\\/2022\\\/09\\\/15\\\/vivimos-en-un-sistema-economico-inhumano-entrevista-al-economista-guy-standing\\\/#primaryimage\"},\"thumbnailUrl\":\"https:\\\/\\\/www.santafevalores.com\\\/wp-content\\\/uploads\\\/2022\\\/09\\\/SFVIMG10.webp\",\"datePublished\":\"2022-09-15T18:35:46+00:00\",\"breadcrumb\":{\"@id\":\"https:\\\/\\\/www.santafevalores.com\\\/index.php\\\/2022\\\/09\\\/15\\\/vivimos-en-un-sistema-economico-inhumano-entrevista-al-economista-guy-standing\\\/#breadcrumb\"},\"inLanguage\":\"es\",\"potentialAction\":[{\"@type\":\"ReadAction\",\"target\":[\"https:\\\/\\\/www.santafevalores.com\\\/index.php\\\/2022\\\/09\\\/15\\\/vivimos-en-un-sistema-economico-inhumano-entrevista-al-economista-guy-standing\\\/\"]}]},{\"@type\":\"ImageObject\",\"inLanguage\":\"es\",\"@id\":\"https:\\\/\\\/www.santafevalores.com\\\/index.php\\\/2022\\\/09\\\/15\\\/vivimos-en-un-sistema-economico-inhumano-entrevista-al-economista-guy-standing\\\/#primaryimage\",\"url\":\"https:\\\/\\\/www.santafevalores.com\\\/wp-content\\\/uploads\\\/2022\\\/09\\\/SFVIMG10.webp\",\"contentUrl\":\"https:\\\/\\\/www.santafevalores.com\\\/wp-content\\\/uploads\\\/2022\\\/09\\\/SFVIMG10.webp\",\"width\":800,\"height\":450},{\"@type\":\"BreadcrumbList\",\"@id\":\"https:\\\/\\\/www.santafevalores.com\\\/index.php\\\/2022\\\/09\\\/15\\\/vivimos-en-un-sistema-economico-inhumano-entrevista-al-economista-guy-standing\\\/#breadcrumb\",\"itemListElement\":[{\"@type\":\"ListItem\",\"position\":1,\"name\":\"Portada\",\"item\":\"https:\\\/\\\/www.santafevalores.com\\\/\"},{\"@type\":\"ListItem\",\"position\":2,\"name\":\"&#8220;Vivimos en un sistema econ\u00f3mico inhumano&#8221;: entrevista al economista Guy Standing\"}]},{\"@type\":\"WebSite\",\"@id\":\"https:\\\/\\\/www.santafevalores.com\\\/#website\",\"url\":\"https:\\\/\\\/www.santafevalores.com\\\/\",\"name\":\"Santa Fe Casa de Valores S.A.\",\"description\":\"\",\"publisher\":{\"@id\":\"https:\\\/\\\/www.santafevalores.com\\\/#organization\"},\"potentialAction\":[{\"@type\":\"SearchAction\",\"target\":{\"@type\":\"EntryPoint\",\"urlTemplate\":\"https:\\\/\\\/www.santafevalores.com\\\/?s={search_term_string}\"},\"query-input\":{\"@type\":\"PropertyValueSpecification\",\"valueRequired\":true,\"valueName\":\"search_term_string\"}}],\"inLanguage\":\"es\"},{\"@type\":\"Organization\",\"@id\":\"https:\\\/\\\/www.santafevalores.com\\\/#organization\",\"name\":\"Santa Fe Casa de Valores S.A.\",\"alternateName\":\"SANTAFEVALORES\",\"url\":\"https:\\\/\\\/www.santafevalores.com\\\/\",\"logo\":{\"@type\":\"ImageObject\",\"inLanguage\":\"es\",\"@id\":\"https:\\\/\\\/www.santafevalores.com\\\/#\\\/schema\\\/logo\\\/image\\\/\",\"url\":\"https:\\\/\\\/www.santafevalores.com\\\/wp-content\\\/uploads\\\/2022\\\/06\\\/logo1.png\",\"contentUrl\":\"https:\\\/\\\/www.santafevalores.com\\\/wp-content\\\/uploads\\\/2022\\\/06\\\/logo1.png\",\"width\":235,\"height\":71,\"caption\":\"Santa Fe Casa de Valores S.A.\"},\"image\":{\"@id\":\"https:\\\/\\\/www.santafevalores.com\\\/#\\\/schema\\\/logo\\\/image\\\/\"},\"sameAs\":[\"https:\\\/\\\/www.facebook.com\\\/santafevalores\\\/\",\"https:\\\/\\\/x.com\\\/SantaFeValores\"]},{\"@type\":\"Person\",\"@id\":\"https:\\\/\\\/www.santafevalores.com\\\/#\\\/schema\\\/person\\\/d965a42370507d0a1638e69158bb5835\",\"name\":\"admin\",\"image\":{\"@type\":\"ImageObject\",\"inLanguage\":\"es\",\"@id\":\"https:\\\/\\\/secure.gravatar.com\\\/avatar\\\/97ec7f9eb6068ddac59d3806ca0034c167fce748f524adcfad8629911220756f?s=96&d=mm&r=g\",\"url\":\"https:\\\/\\\/secure.gravatar.com\\\/avatar\\\/97ec7f9eb6068ddac59d3806ca0034c167fce748f524adcfad8629911220756f?s=96&d=mm&r=g\",\"contentUrl\":\"https:\\\/\\\/secure.gravatar.com\\\/avatar\\\/97ec7f9eb6068ddac59d3806ca0034c167fce748f524adcfad8629911220756f?s=96&d=mm&r=g\",\"caption\":\"admin\"},\"sameAs\":[\"https:\\\/\\\/www.santafevalores.com\"],\"url\":\"https:\\\/\\\/www.santafevalores.com\\\/index.php\\\/author\\\/santafevaloresuio_ggv0vv79\\\/\"}]}<\/script>\n<!-- \/ Yoast SEO plugin. -->","yoast_head_json":{"title":"\"Vivimos en un sistema econ\u00f3mico inhumano\": entrevista al economista Guy Standing - Santa Fe Casa de Valores S.A.","robots":{"index":"index","follow":"follow","max-snippet":"max-snippet:-1","max-image-preview":"max-image-preview:large","max-video-preview":"max-video-preview:-1"},"canonical":"https:\/\/www.santafevalores.com\/index.php\/2022\/09\/15\/vivimos-en-un-sistema-economico-inhumano-entrevista-al-economista-guy-standing\/","og_locale":"es_ES","og_type":"article","og_title":"\"Vivimos en un sistema econ\u00f3mico inhumano\": entrevista al economista Guy Standing - Santa Fe Casa de Valores S.A.","og_description":"Como acad\u00e9mico del Departamento Estudios del Desarrollo, en la SOAS University of London y fundador de Basic Income Earth Network (BIEN), una organizaci\u00f3n sin fines de lucro que promueve el ingreso b\u00e1sico como un derecho universal, Guy Standing ha desarrollado una visi\u00f3n cr\u00edtica sobre el sistema econ\u00f3mico global. Dedicado a defender ideas como la disminuci\u00f3n&hellip;","og_url":"https:\/\/www.santafevalores.com\/index.php\/2022\/09\/15\/vivimos-en-un-sistema-economico-inhumano-entrevista-al-economista-guy-standing\/","og_site_name":"Santa Fe Casa de Valores S.A.","article_publisher":"https:\/\/www.facebook.com\/santafevalores\/","article_published_time":"2022-09-15T18:35:46+00:00","og_image":[{"width":800,"height":450,"url":"https:\/\/www.santafevalores.com\/wp-content\/uploads\/2022\/09\/SFVIMG10.webp","type":"image\/webp"}],"author":"admin","twitter_card":"summary_large_image","twitter_creator":"@SantaFeValores","twitter_site":"@SantaFeValores","twitter_misc":{"Escrito por":"admin","Tiempo de lectura":"8 minutos"},"schema":{"@context":"https:\/\/schema.org","@graph":[{"@type":"Article","@id":"https:\/\/www.santafevalores.com\/index.php\/2022\/09\/15\/vivimos-en-un-sistema-economico-inhumano-entrevista-al-economista-guy-standing\/#article","isPartOf":{"@id":"https:\/\/www.santafevalores.com\/index.php\/2022\/09\/15\/vivimos-en-un-sistema-economico-inhumano-entrevista-al-economista-guy-standing\/"},"author":{"name":"admin","@id":"https:\/\/www.santafevalores.com\/#\/schema\/person\/d965a42370507d0a1638e69158bb5835"},"headline":"\u00abVivimos en un sistema econ\u00f3mico inhumano\u00bb: entrevista al economista Guy Standing","datePublished":"2022-09-15T18:35:46+00:00","mainEntityOfPage":{"@id":"https:\/\/www.santafevalores.com\/index.php\/2022\/09\/15\/vivimos-en-un-sistema-economico-inhumano-entrevista-al-economista-guy-standing\/"},"wordCount":1789,"commentCount":0,"publisher":{"@id":"https:\/\/www.santafevalores.com\/#organization"},"image":{"@id":"https:\/\/www.santafevalores.com\/index.php\/2022\/09\/15\/vivimos-en-un-sistema-economico-inhumano-entrevista-al-economista-guy-standing\/#primaryimage"},"thumbnailUrl":"https:\/\/www.santafevalores.com\/wp-content\/uploads\/2022\/09\/SFVIMG10.webp","inLanguage":"es","potentialAction":[{"@type":"CommentAction","name":"Comment","target":["https:\/\/www.santafevalores.com\/index.php\/2022\/09\/15\/vivimos-en-un-sistema-economico-inhumano-entrevista-al-economista-guy-standing\/#respond"]}]},{"@type":"WebPage","@id":"https:\/\/www.santafevalores.com\/index.php\/2022\/09\/15\/vivimos-en-un-sistema-economico-inhumano-entrevista-al-economista-guy-standing\/","url":"https:\/\/www.santafevalores.com\/index.php\/2022\/09\/15\/vivimos-en-un-sistema-economico-inhumano-entrevista-al-economista-guy-standing\/","name":"\"Vivimos en un sistema econ\u00f3mico inhumano\": entrevista al economista Guy Standing - Santa Fe Casa de Valores S.A.","isPartOf":{"@id":"https:\/\/www.santafevalores.com\/#website"},"primaryImageOfPage":{"@id":"https:\/\/www.santafevalores.com\/index.php\/2022\/09\/15\/vivimos-en-un-sistema-economico-inhumano-entrevista-al-economista-guy-standing\/#primaryimage"},"image":{"@id":"https:\/\/www.santafevalores.com\/index.php\/2022\/09\/15\/vivimos-en-un-sistema-economico-inhumano-entrevista-al-economista-guy-standing\/#primaryimage"},"thumbnailUrl":"https:\/\/www.santafevalores.com\/wp-content\/uploads\/2022\/09\/SFVIMG10.webp","datePublished":"2022-09-15T18:35:46+00:00","breadcrumb":{"@id":"https:\/\/www.santafevalores.com\/index.php\/2022\/09\/15\/vivimos-en-un-sistema-economico-inhumano-entrevista-al-economista-guy-standing\/#breadcrumb"},"inLanguage":"es","potentialAction":[{"@type":"ReadAction","target":["https:\/\/www.santafevalores.com\/index.php\/2022\/09\/15\/vivimos-en-un-sistema-economico-inhumano-entrevista-al-economista-guy-standing\/"]}]},{"@type":"ImageObject","inLanguage":"es","@id":"https:\/\/www.santafevalores.com\/index.php\/2022\/09\/15\/vivimos-en-un-sistema-economico-inhumano-entrevista-al-economista-guy-standing\/#primaryimage","url":"https:\/\/www.santafevalores.com\/wp-content\/uploads\/2022\/09\/SFVIMG10.webp","contentUrl":"https:\/\/www.santafevalores.com\/wp-content\/uploads\/2022\/09\/SFVIMG10.webp","width":800,"height":450},{"@type":"BreadcrumbList","@id":"https:\/\/www.santafevalores.com\/index.php\/2022\/09\/15\/vivimos-en-un-sistema-economico-inhumano-entrevista-al-economista-guy-standing\/#breadcrumb","itemListElement":[{"@type":"ListItem","position":1,"name":"Portada","item":"https:\/\/www.santafevalores.com\/"},{"@type":"ListItem","position":2,"name":"&#8220;Vivimos en un sistema econ\u00f3mico inhumano&#8221;: entrevista al economista Guy Standing"}]},{"@type":"WebSite","@id":"https:\/\/www.santafevalores.com\/#website","url":"https:\/\/www.santafevalores.com\/","name":"Santa Fe Casa de Valores S.A.","description":"","publisher":{"@id":"https:\/\/www.santafevalores.com\/#organization"},"potentialAction":[{"@type":"SearchAction","target":{"@type":"EntryPoint","urlTemplate":"https:\/\/www.santafevalores.com\/?s={search_term_string}"},"query-input":{"@type":"PropertyValueSpecification","valueRequired":true,"valueName":"search_term_string"}}],"inLanguage":"es"},{"@type":"Organization","@id":"https:\/\/www.santafevalores.com\/#organization","name":"Santa Fe Casa de Valores S.A.","alternateName":"SANTAFEVALORES","url":"https:\/\/www.santafevalores.com\/","logo":{"@type":"ImageObject","inLanguage":"es","@id":"https:\/\/www.santafevalores.com\/#\/schema\/logo\/image\/","url":"https:\/\/www.santafevalores.com\/wp-content\/uploads\/2022\/06\/logo1.png","contentUrl":"https:\/\/www.santafevalores.com\/wp-content\/uploads\/2022\/06\/logo1.png","width":235,"height":71,"caption":"Santa Fe Casa de Valores S.A."},"image":{"@id":"https:\/\/www.santafevalores.com\/#\/schema\/logo\/image\/"},"sameAs":["https:\/\/www.facebook.com\/santafevalores\/","https:\/\/x.com\/SantaFeValores"]},{"@type":"Person","@id":"https:\/\/www.santafevalores.com\/#\/schema\/person\/d965a42370507d0a1638e69158bb5835","name":"admin","image":{"@type":"ImageObject","inLanguage":"es","@id":"https:\/\/secure.gravatar.com\/avatar\/97ec7f9eb6068ddac59d3806ca0034c167fce748f524adcfad8629911220756f?s=96&d=mm&r=g","url":"https:\/\/secure.gravatar.com\/avatar\/97ec7f9eb6068ddac59d3806ca0034c167fce748f524adcfad8629911220756f?s=96&d=mm&r=g","contentUrl":"https:\/\/secure.gravatar.com\/avatar\/97ec7f9eb6068ddac59d3806ca0034c167fce748f524adcfad8629911220756f?s=96&d=mm&r=g","caption":"admin"},"sameAs":["https:\/\/www.santafevalores.com"],"url":"https:\/\/www.santafevalores.com\/index.php\/author\/santafevaloresuio_ggv0vv79\/"}]}},"_links":{"self":[{"href":"https:\/\/www.santafevalores.com\/index.php\/wp-json\/wp\/v2\/posts\/64943","targetHints":{"allow":["GET"]}}],"collection":[{"href":"https:\/\/www.santafevalores.com\/index.php\/wp-json\/wp\/v2\/posts"}],"about":[{"href":"https:\/\/www.santafevalores.com\/index.php\/wp-json\/wp\/v2\/types\/post"}],"author":[{"embeddable":true,"href":"https:\/\/www.santafevalores.com\/index.php\/wp-json\/wp\/v2\/users\/1"}],"replies":[{"embeddable":true,"href":"https:\/\/www.santafevalores.com\/index.php\/wp-json\/wp\/v2\/comments?post=64943"}],"version-history":[{"count":0,"href":"https:\/\/www.santafevalores.com\/index.php\/wp-json\/wp\/v2\/posts\/64943\/revisions"}],"wp:featuredmedia":[{"embeddable":true,"href":"https:\/\/www.santafevalores.com\/index.php\/wp-json\/wp\/v2\/media\/64945"}],"wp:attachment":[{"href":"https:\/\/www.santafevalores.com\/index.php\/wp-json\/wp\/v2\/media?parent=64943"}],"wp:term":[{"taxonomy":"category","embeddable":true,"href":"https:\/\/www.santafevalores.com\/index.php\/wp-json\/wp\/v2\/categories?post=64943"},{"taxonomy":"post_tag","embeddable":true,"href":"https:\/\/www.santafevalores.com\/index.php\/wp-json\/wp\/v2\/tags?post=64943"}],"curies":[{"name":"wp","href":"https:\/\/api.w.org\/{rel}","templated":true}]}}