{"id":65007,"date":"2022-09-16T11:41:53","date_gmt":"2022-09-16T16:41:53","guid":{"rendered":"https:\/\/santafevalores.com\/?p=65007"},"modified":"2022-09-16T11:41:53","modified_gmt":"2022-09-16T16:41:53","slug":"gobierno-ofrece-pago-de-300-millones-al-instituto-ecuatoriano-de-seguridad-social-por-deuda-de-salud","status":"publish","type":"post","link":"https:\/\/www.santafevalores.com\/index.php\/2022\/09\/16\/gobierno-ofrece-pago-de-300-millones-al-instituto-ecuatoriano-de-seguridad-social-por-deuda-de-salud\/","title":{"rendered":"Gobierno ofrece pago de $ 300 millones al Instituto Ecuatoriano de Seguridad Social por deuda de salud"},"content":{"rendered":"\t\t<div data-elementor-type=\"wp-post\" data-elementor-id=\"65007\" class=\"elementor elementor-65007\" data-elementor-post-type=\"post\">\n\t\t\t\t\t\t<section class=\"elementor-section elementor-top-section elementor-element elementor-element-0f3a8be elementor-section-boxed elementor-section-height-default elementor-section-height-default\" data-id=\"0f3a8be\" data-element_type=\"section\" data-e-type=\"section\">\n\t\t\t\t\t\t<div class=\"elementor-container elementor-column-gap-default\">\n\t\t\t\t\t<div class=\"elementor-column elementor-col-100 elementor-top-column elementor-element elementor-element-167c77a\" data-id=\"167c77a\" data-element_type=\"column\" data-e-type=\"column\">\n\t\t\t<div class=\"elementor-widget-wrap elementor-element-populated\">\n\t\t\t\t\t\t<div class=\"elementor-element elementor-element-0692759 elementor-widget elementor-widget-image\" data-id=\"0692759\" data-element_type=\"widget\" data-e-type=\"widget\" data-widget_type=\"image.default\">\n\t\t\t\t<div class=\"elementor-widget-container\">\n\t\t\t\t\t\t\t\t\t\t\t\t\t\t\t<img fetchpriority=\"high\" decoding=\"async\" width=\"1024\" height=\"768\" src=\"https:\/\/www.santafevalores.com\/wp-content\/uploads\/2022\/09\/SFVIMG12-1024x768.jpg\" class=\"attachment-large size-large wp-image-65009\" alt=\"\" srcset=\"https:\/\/www.santafevalores.com\/wp-content\/uploads\/2022\/09\/SFVIMG12-1024x768.jpg 1024w, https:\/\/www.santafevalores.com\/wp-content\/uploads\/2022\/09\/SFVIMG12-300x225.jpg 300w, https:\/\/www.santafevalores.com\/wp-content\/uploads\/2022\/09\/SFVIMG12-768x576.jpg 768w, https:\/\/www.santafevalores.com\/wp-content\/uploads\/2022\/09\/SFVIMG12-1536x1152.jpg 1536w, https:\/\/www.santafevalores.com\/wp-content\/uploads\/2022\/09\/SFVIMG12.jpg 1786w\" sizes=\"(max-width: 1024px) 100vw, 1024px\" \/>\t\t\t\t\t\t\t\t\t\t\t\t\t\t\t<\/div>\n\t\t\t\t<\/div>\n\t\t\t\t\t<\/div>\n\t\t<\/div>\n\t\t\t\t\t<\/div>\n\t\t<\/section>\n\t\t\t\t<section class=\"elementor-section elementor-top-section elementor-element elementor-element-af278c3 elementor-section-boxed elementor-section-height-default elementor-section-height-default\" data-id=\"af278c3\" data-element_type=\"section\" data-e-type=\"section\">\n\t\t\t\t\t\t<div class=\"elementor-container elementor-column-gap-default\">\n\t\t\t\t\t<div class=\"elementor-column elementor-col-100 elementor-top-column elementor-element elementor-element-30f44cf\" data-id=\"30f44cf\" data-element_type=\"column\" data-e-type=\"column\">\n\t\t\t<div class=\"elementor-widget-wrap elementor-element-populated\">\n\t\t\t\t\t\t<div class=\"elementor-element elementor-element-f78366e elementor-widget elementor-widget-text-editor\" data-id=\"f78366e\" data-element_type=\"widget\" data-e-type=\"widget\" data-widget_type=\"text-editor.default\">\n\t\t\t\t<div class=\"elementor-widget-container\">\n\t\t\t\t\t\t\t\t\t<p>Se firm\u00f3 un convenio para concretar los pagos hasta diciembre pr\u00f3ximo. Seg\u00fan el ministro Pablo Arosemena, el pago es de deuda auditada.<\/p><p>Un pago de $ 300 millones al seguro general de salud del Instituto Ecuatoriano de Seguridad Social (IESS), que se efectivizar\u00e1 hasta diciembre proximo, ofreci\u00f3 el Ministerio de Finanzas.<\/p><p>En la Vicepresidencia de la Rep\u00fablica, en Quito, este jueves 15 de septiembre, autoridades del Gobierno nacional anunciaron el pago de estos $ 300 millones al seguro social mediante un convenio de pago.<\/p><p>Estos valores corresponden a devoluciones de IVA desde a\u00f1o 2011 y prestaciones de salud que se ha dado a jubilados y que por ley deben ser brindadas por el IESS pero asumidas financieramente por el Estado. Todo ello dentro dle una deuda hist\u00f3rica que se arrastra desde el 2001, pero que el Gobierno ha decidido honrar.<\/p><p>En una d\u00e9cada, las afiliaciones al IESS solo crecieron en 37.400 por a\u00f1o<\/p><p>El ministro de Econom\u00eda y Finanzas, Pablo Arosemena, reiter\u00f3 que esta acci\u00f3n se enmarca en la disposici\u00f3n del Presidente de la Rep\u00fablica de \u201cponer en orden lo fiscal y enfoque en lo social\u201d. En ese sentido, mencion\u00f3 que se ha establecido un esquema de trabajo en el que el IESS facilitar\u00e1 informaci\u00f3n al Ministerio de Econom\u00eda y Finanzas, la cual pasar\u00e1 por auditor\u00edas externas y con ello se asignar\u00e1n los recursos. \u201dDe aqu\u00ed al cierre del a\u00f1o estaremos asignando $ 300 millones de a la Seguridad Social\u201d, dijo Arosemena.<\/p><p>Ninguna de las autoridades quiso revelar cu\u00e1l es el monto total de la deuda que el Estado tiene con el IESS, pero estas tienen que ver principalmente con el 40 % del pensiones al Fondo de Invalidez, Vejez y Muerte y la deuda de Salud. Seg\u00fan el ministro Arosemena, a la fecha se est\u00e1n saldando pagos por prestaciones de salud de entre el 2013 y 2016.<\/p><p>Alfredo Ortega, presidente del Consejo Directivo del IESS, precis\u00f3 que eran \u201cmiles de millones de d\u00f3lares\u201d de la deuda, a la que tild\u00f3 de \u201chist\u00f3rica\u201d, y con este abono de $ 300 millones espera cumplir los compromisos con los prestadores de salud y repotenciar hospitales.<\/p><p>Detall\u00f3 que un primer bloque de pago se har\u00eda la pr\u00f3xima semana, hasta llegar a diciembre y completar este monto.<\/p><p>En el evento \u2014al que asistieron como \u201ctestigos\u201d de la firma del convenio el ministro de Gobierno, Francisco Jim\u00e9nez; el director del Instituto, Diego Salgado; y el vicepresidente de la Rep\u00fablica, Alfredo Borrero\u2014 se ley\u00f3 un extracto de este documento, cuyo objeto se\u00f1ala es \u201casignar valores al fondo de salud conforme la entrega de la documentaci\u00f3n necesaria del Seguro Social a la cartera de Finanzas\u201d. En esa l\u00ednea, se destinan estos \u201c$ 300 millones para el seguro general de salud\u201d.<\/p><p>El vicepresidente Borrero lament\u00f3 que desde el 2011 no se haya \u201cpagado un solo centavo\u201d al seguro social, por lo que resalt\u00f3 la decisi\u00f3n de la Administraci\u00f3n de Guillermo Lasso de efectuar este pago, que se habr\u00eda resuelto en di\u00e1logos institucionales efectuados en los dos \u00faltimos meses. (I)<\/p>\t\t\t\t\t\t\t\t<\/div>\n\t\t\t\t<\/div>\n\t\t\t\t\t<\/div>\n\t\t<\/div>\n\t\t\t\t\t<\/div>\n\t\t<\/section>\n\t\t\t\t<section class=\"elementor-section elementor-top-section elementor-element elementor-element-08c6985 elementor-section-boxed elementor-section-height-default elementor-section-height-default\" data-id=\"08c6985\" data-element_type=\"section\" data-e-type=\"section\">\n\t\t\t\t\t\t<div class=\"elementor-container elementor-column-gap-default\">\n\t\t\t\t\t<div class=\"elementor-column elementor-col-100 elementor-top-column elementor-element elementor-element-687ef56\" data-id=\"687ef56\" data-element_type=\"column\" data-e-type=\"column\">\n\t\t\t<div class=\"elementor-widget-wrap elementor-element-populated\">\n\t\t\t\t\t\t<div class=\"elementor-element elementor-element-f9a49d3 elementor-headline--style-highlight elementor-widget elementor-widget-animated-headline\" data-id=\"f9a49d3\" data-element_type=\"widget\" data-e-type=\"widget\" data-settings=\"{&quot;highlighted_text&quot;:&quot;reporta El Universo&quot;,&quot;headline_style&quot;:&quot;highlight&quot;,&quot;marker&quot;:&quot;circle&quot;,&quot;loop&quot;:&quot;yes&quot;,&quot;highlight_animation_duration&quot;:1200,&quot;highlight_iteration_delay&quot;:8000}\" data-widget_type=\"animated-headline.default\">\n\t\t\t\t<div class=\"elementor-widget-container\">\n\t\t\t\t\t\t\t\t<a href=\"https:\/\/www.eluniverso.com\/noticias\/politica\/gobierno-ofrece-pago-de-300-millones-al-instituto-de-seguridad-social-nota\/\" target=\"_blank\">\n\n\t\t\t\t\t<p class=\"elementor-headline\">\n\t\t\t\t\t<span class=\"elementor-headline-plain-text elementor-headline-text-wrapper\">Fuente:<\/span>\n\t\t\t\t<span class=\"elementor-headline-dynamic-wrapper elementor-headline-text-wrapper\">\n\t\t\t\t\t<span class=\"elementor-headline-dynamic-text elementor-headline-text-active\">reporta El Universo<\/span>\n\t\t\t\t<\/span>\n\t\t\t\t<\/p>\n\t\t<\/a>\t\t\t\t<\/div>\n\t\t\t\t<\/div>\n\t\t\t\t\t<\/div>\n\t\t<\/div>\n\t\t\t\t\t<\/div>\n\t\t<\/section>\n\t\t\t\t<\/div>\n\t\t","protected":false},"excerpt":{"rendered":"<p>Se firm\u00f3 un convenio para concretar los pagos hasta diciembre pr\u00f3ximo. Seg\u00fan el ministro Pablo Arosemena, el pago es de deuda auditada. Un pago de $ 300 millones al seguro general de salud del Instituto Ecuatoriano de Seguridad Social (IESS), que se efectivizar\u00e1 hasta diciembre proximo, ofreci\u00f3 el Ministerio de Finanzas. En la Vicepresidencia de&hellip;<\/p>\n","protected":false},"author":1,"featured_media":65009,"comment_status":"open","ping_status":"closed","sticky":false,"template":"","format":"standard","meta":{"content-type":"","_joinchat":[],"footnotes":""},"categories":[4],"tags":[],"class_list":["post-65007","post","type-post","status-publish","format-standard","has-post-thumbnail","hentry","category-sin-categoria"],"yoast_head":"<!-- This site is optimized with the Yoast SEO plugin v27.5 - https:\/\/yoast.com\/product\/yoast-seo-wordpress\/ -->\n<title>Gobierno ofrece pago de $ 300 millones al Instituto Ecuatoriano de Seguridad Social por deuda de salud - Santa Fe Casa de Valores S.A.<\/title>\n<meta name=\"robots\" content=\"index, follow, max-snippet:-1, max-image-preview:large, max-video-preview:-1\" \/>\n<link rel=\"canonical\" href=\"https:\/\/www.santafevalores.com\/index.php\/2022\/09\/16\/gobierno-ofrece-pago-de-300-millones-al-instituto-ecuatoriano-de-seguridad-social-por-deuda-de-salud\/\" \/>\n<meta property=\"og:locale\" content=\"es_ES\" \/>\n<meta property=\"og:type\" content=\"article\" \/>\n<meta property=\"og:title\" content=\"Gobierno ofrece pago de $ 300 millones al Instituto Ecuatoriano de Seguridad Social por deuda de salud - Santa Fe Casa de Valores S.A.\" \/>\n<meta property=\"og:description\" content=\"Se firm\u00f3 un convenio para concretar los pagos hasta diciembre pr\u00f3ximo. Seg\u00fan el ministro Pablo Arosemena, el pago es de deuda auditada. Un pago de $ 300 millones al seguro general de salud del Instituto Ecuatoriano de Seguridad Social (IESS), que se efectivizar\u00e1 hasta diciembre proximo, ofreci\u00f3 el Ministerio de Finanzas. En la Vicepresidencia de&hellip;\" \/>\n<meta property=\"og:url\" content=\"https:\/\/www.santafevalores.com\/index.php\/2022\/09\/16\/gobierno-ofrece-pago-de-300-millones-al-instituto-ecuatoriano-de-seguridad-social-por-deuda-de-salud\/\" \/>\n<meta property=\"og:site_name\" content=\"Santa Fe Casa de Valores S.A.\" \/>\n<meta property=\"article:publisher\" content=\"https:\/\/www.facebook.com\/santafevalores\/\" \/>\n<meta property=\"article:published_time\" content=\"2022-09-16T16:41:53+00:00\" \/>\n<meta property=\"og:image\" content=\"https:\/\/www.santafevalores.com\/wp-content\/uploads\/2022\/09\/SFVIMG12.jpg\" \/>\n\t<meta property=\"og:image:width\" content=\"1786\" \/>\n\t<meta property=\"og:image:height\" content=\"1340\" \/>\n\t<meta property=\"og:image:type\" content=\"image\/jpeg\" \/>\n<meta name=\"author\" content=\"admin\" \/>\n<meta name=\"twitter:card\" content=\"summary_large_image\" \/>\n<meta name=\"twitter:creator\" content=\"@SantaFeValores\" \/>\n<meta name=\"twitter:site\" content=\"@SantaFeValores\" \/>\n<meta name=\"twitter:label1\" content=\"Escrito por\" \/>\n\t<meta name=\"twitter:data1\" content=\"admin\" \/>\n\t<meta name=\"twitter:label2\" content=\"Tiempo de lectura\" \/>\n\t<meta name=\"twitter:data2\" content=\"3 minutos\" \/>\n<script type=\"application\/ld+json\" class=\"yoast-schema-graph\">{\"@context\":\"https:\\\/\\\/schema.org\",\"@graph\":[{\"@type\":\"Article\",\"@id\":\"https:\\\/\\\/www.santafevalores.com\\\/index.php\\\/2022\\\/09\\\/16\\\/gobierno-ofrece-pago-de-300-millones-al-instituto-ecuatoriano-de-seguridad-social-por-deuda-de-salud\\\/#article\",\"isPartOf\":{\"@id\":\"https:\\\/\\\/www.santafevalores.com\\\/index.php\\\/2022\\\/09\\\/16\\\/gobierno-ofrece-pago-de-300-millones-al-instituto-ecuatoriano-de-seguridad-social-por-deuda-de-salud\\\/\"},\"author\":{\"name\":\"admin\",\"@id\":\"https:\\\/\\\/www.santafevalores.com\\\/#\\\/schema\\\/person\\\/d965a42370507d0a1638e69158bb5835\"},\"headline\":\"Gobierno ofrece pago de $ 300 millones al Instituto Ecuatoriano de Seguridad Social por deuda de salud\",\"datePublished\":\"2022-09-16T16:41:53+00:00\",\"mainEntityOfPage\":{\"@id\":\"https:\\\/\\\/www.santafevalores.com\\\/index.php\\\/2022\\\/09\\\/16\\\/gobierno-ofrece-pago-de-300-millones-al-instituto-ecuatoriano-de-seguridad-social-por-deuda-de-salud\\\/\"},\"wordCount\":533,\"commentCount\":0,\"publisher\":{\"@id\":\"https:\\\/\\\/www.santafevalores.com\\\/#organization\"},\"image\":{\"@id\":\"https:\\\/\\\/www.santafevalores.com\\\/index.php\\\/2022\\\/09\\\/16\\\/gobierno-ofrece-pago-de-300-millones-al-instituto-ecuatoriano-de-seguridad-social-por-deuda-de-salud\\\/#primaryimage\"},\"thumbnailUrl\":\"https:\\\/\\\/www.santafevalores.com\\\/wp-content\\\/uploads\\\/2022\\\/09\\\/SFVIMG12.jpg\",\"inLanguage\":\"es\",\"potentialAction\":[{\"@type\":\"CommentAction\",\"name\":\"Comment\",\"target\":[\"https:\\\/\\\/www.santafevalores.com\\\/index.php\\\/2022\\\/09\\\/16\\\/gobierno-ofrece-pago-de-300-millones-al-instituto-ecuatoriano-de-seguridad-social-por-deuda-de-salud\\\/#respond\"]}]},{\"@type\":\"WebPage\",\"@id\":\"https:\\\/\\\/www.santafevalores.com\\\/index.php\\\/2022\\\/09\\\/16\\\/gobierno-ofrece-pago-de-300-millones-al-instituto-ecuatoriano-de-seguridad-social-por-deuda-de-salud\\\/\",\"url\":\"https:\\\/\\\/www.santafevalores.com\\\/index.php\\\/2022\\\/09\\\/16\\\/gobierno-ofrece-pago-de-300-millones-al-instituto-ecuatoriano-de-seguridad-social-por-deuda-de-salud\\\/\",\"name\":\"Gobierno ofrece pago de $ 300 millones al Instituto Ecuatoriano de Seguridad Social por deuda de salud - Santa Fe Casa de Valores S.A.\",\"isPartOf\":{\"@id\":\"https:\\\/\\\/www.santafevalores.com\\\/#website\"},\"primaryImageOfPage\":{\"@id\":\"https:\\\/\\\/www.santafevalores.com\\\/index.php\\\/2022\\\/09\\\/16\\\/gobierno-ofrece-pago-de-300-millones-al-instituto-ecuatoriano-de-seguridad-social-por-deuda-de-salud\\\/#primaryimage\"},\"image\":{\"@id\":\"https:\\\/\\\/www.santafevalores.com\\\/index.php\\\/2022\\\/09\\\/16\\\/gobierno-ofrece-pago-de-300-millones-al-instituto-ecuatoriano-de-seguridad-social-por-deuda-de-salud\\\/#primaryimage\"},\"thumbnailUrl\":\"https:\\\/\\\/www.santafevalores.com\\\/wp-content\\\/uploads\\\/2022\\\/09\\\/SFVIMG12.jpg\",\"datePublished\":\"2022-09-16T16:41:53+00:00\",\"breadcrumb\":{\"@id\":\"https:\\\/\\\/www.santafevalores.com\\\/index.php\\\/2022\\\/09\\\/16\\\/gobierno-ofrece-pago-de-300-millones-al-instituto-ecuatoriano-de-seguridad-social-por-deuda-de-salud\\\/#breadcrumb\"},\"inLanguage\":\"es\",\"potentialAction\":[{\"@type\":\"ReadAction\",\"target\":[\"https:\\\/\\\/www.santafevalores.com\\\/index.php\\\/2022\\\/09\\\/16\\\/gobierno-ofrece-pago-de-300-millones-al-instituto-ecuatoriano-de-seguridad-social-por-deuda-de-salud\\\/\"]}]},{\"@type\":\"ImageObject\",\"inLanguage\":\"es\",\"@id\":\"https:\\\/\\\/www.santafevalores.com\\\/index.php\\\/2022\\\/09\\\/16\\\/gobierno-ofrece-pago-de-300-millones-al-instituto-ecuatoriano-de-seguridad-social-por-deuda-de-salud\\\/#primaryimage\",\"url\":\"https:\\\/\\\/www.santafevalores.com\\\/wp-content\\\/uploads\\\/2022\\\/09\\\/SFVIMG12.jpg\",\"contentUrl\":\"https:\\\/\\\/www.santafevalores.com\\\/wp-content\\\/uploads\\\/2022\\\/09\\\/SFVIMG12.jpg\",\"width\":1786,\"height\":1340},{\"@type\":\"BreadcrumbList\",\"@id\":\"https:\\\/\\\/www.santafevalores.com\\\/index.php\\\/2022\\\/09\\\/16\\\/gobierno-ofrece-pago-de-300-millones-al-instituto-ecuatoriano-de-seguridad-social-por-deuda-de-salud\\\/#breadcrumb\",\"itemListElement\":[{\"@type\":\"ListItem\",\"position\":1,\"name\":\"Portada\",\"item\":\"https:\\\/\\\/www.santafevalores.com\\\/\"},{\"@type\":\"ListItem\",\"position\":2,\"name\":\"Gobierno ofrece pago de $ 300 millones al Instituto Ecuatoriano de Seguridad Social por deuda de salud\"}]},{\"@type\":\"WebSite\",\"@id\":\"https:\\\/\\\/www.santafevalores.com\\\/#website\",\"url\":\"https:\\\/\\\/www.santafevalores.com\\\/\",\"name\":\"Santa Fe Casa de Valores S.A.\",\"description\":\"\",\"publisher\":{\"@id\":\"https:\\\/\\\/www.santafevalores.com\\\/#organization\"},\"potentialAction\":[{\"@type\":\"SearchAction\",\"target\":{\"@type\":\"EntryPoint\",\"urlTemplate\":\"https:\\\/\\\/www.santafevalores.com\\\/?s={search_term_string}\"},\"query-input\":{\"@type\":\"PropertyValueSpecification\",\"valueRequired\":true,\"valueName\":\"search_term_string\"}}],\"inLanguage\":\"es\"},{\"@type\":\"Organization\",\"@id\":\"https:\\\/\\\/www.santafevalores.com\\\/#organization\",\"name\":\"Santa Fe Casa de Valores S.A.\",\"alternateName\":\"SANTAFEVALORES\",\"url\":\"https:\\\/\\\/www.santafevalores.com\\\/\",\"logo\":{\"@type\":\"ImageObject\",\"inLanguage\":\"es\",\"@id\":\"https:\\\/\\\/www.santafevalores.com\\\/#\\\/schema\\\/logo\\\/image\\\/\",\"url\":\"https:\\\/\\\/www.santafevalores.com\\\/wp-content\\\/uploads\\\/2022\\\/06\\\/logo1.png\",\"contentUrl\":\"https:\\\/\\\/www.santafevalores.com\\\/wp-content\\\/uploads\\\/2022\\\/06\\\/logo1.png\",\"width\":235,\"height\":71,\"caption\":\"Santa Fe Casa de Valores S.A.\"},\"image\":{\"@id\":\"https:\\\/\\\/www.santafevalores.com\\\/#\\\/schema\\\/logo\\\/image\\\/\"},\"sameAs\":[\"https:\\\/\\\/www.facebook.com\\\/santafevalores\\\/\",\"https:\\\/\\\/x.com\\\/SantaFeValores\"]},{\"@type\":\"Person\",\"@id\":\"https:\\\/\\\/www.santafevalores.com\\\/#\\\/schema\\\/person\\\/d965a42370507d0a1638e69158bb5835\",\"name\":\"admin\",\"image\":{\"@type\":\"ImageObject\",\"inLanguage\":\"es\",\"@id\":\"https:\\\/\\\/secure.gravatar.com\\\/avatar\\\/97ec7f9eb6068ddac59d3806ca0034c167fce748f524adcfad8629911220756f?s=96&d=mm&r=g\",\"url\":\"https:\\\/\\\/secure.gravatar.com\\\/avatar\\\/97ec7f9eb6068ddac59d3806ca0034c167fce748f524adcfad8629911220756f?s=96&d=mm&r=g\",\"contentUrl\":\"https:\\\/\\\/secure.gravatar.com\\\/avatar\\\/97ec7f9eb6068ddac59d3806ca0034c167fce748f524adcfad8629911220756f?s=96&d=mm&r=g\",\"caption\":\"admin\"},\"sameAs\":[\"https:\\\/\\\/www.santafevalores.com\"],\"url\":\"https:\\\/\\\/www.santafevalores.com\\\/index.php\\\/author\\\/santafevaloresuio_ggv0vv79\\\/\"}]}<\/script>\n<!-- \/ Yoast SEO plugin. -->","yoast_head_json":{"title":"Gobierno ofrece pago de $ 300 millones al Instituto Ecuatoriano de Seguridad Social por deuda de salud - Santa Fe Casa de Valores S.A.","robots":{"index":"index","follow":"follow","max-snippet":"max-snippet:-1","max-image-preview":"max-image-preview:large","max-video-preview":"max-video-preview:-1"},"canonical":"https:\/\/www.santafevalores.com\/index.php\/2022\/09\/16\/gobierno-ofrece-pago-de-300-millones-al-instituto-ecuatoriano-de-seguridad-social-por-deuda-de-salud\/","og_locale":"es_ES","og_type":"article","og_title":"Gobierno ofrece pago de $ 300 millones al Instituto Ecuatoriano de Seguridad Social por deuda de salud - Santa Fe Casa de Valores S.A.","og_description":"Se firm\u00f3 un convenio para concretar los pagos hasta diciembre pr\u00f3ximo. Seg\u00fan el ministro Pablo Arosemena, el pago es de deuda auditada. Un pago de $ 300 millones al seguro general de salud del Instituto Ecuatoriano de Seguridad Social (IESS), que se efectivizar\u00e1 hasta diciembre proximo, ofreci\u00f3 el Ministerio de Finanzas. En la Vicepresidencia de&hellip;","og_url":"https:\/\/www.santafevalores.com\/index.php\/2022\/09\/16\/gobierno-ofrece-pago-de-300-millones-al-instituto-ecuatoriano-de-seguridad-social-por-deuda-de-salud\/","og_site_name":"Santa Fe Casa de Valores S.A.","article_publisher":"https:\/\/www.facebook.com\/santafevalores\/","article_published_time":"2022-09-16T16:41:53+00:00","og_image":[{"width":1786,"height":1340,"url":"https:\/\/www.santafevalores.com\/wp-content\/uploads\/2022\/09\/SFVIMG12.jpg","type":"image\/jpeg"}],"author":"admin","twitter_card":"summary_large_image","twitter_creator":"@SantaFeValores","twitter_site":"@SantaFeValores","twitter_misc":{"Escrito por":"admin","Tiempo de lectura":"3 minutos"},"schema":{"@context":"https:\/\/schema.org","@graph":[{"@type":"Article","@id":"https:\/\/www.santafevalores.com\/index.php\/2022\/09\/16\/gobierno-ofrece-pago-de-300-millones-al-instituto-ecuatoriano-de-seguridad-social-por-deuda-de-salud\/#article","isPartOf":{"@id":"https:\/\/www.santafevalores.com\/index.php\/2022\/09\/16\/gobierno-ofrece-pago-de-300-millones-al-instituto-ecuatoriano-de-seguridad-social-por-deuda-de-salud\/"},"author":{"name":"admin","@id":"https:\/\/www.santafevalores.com\/#\/schema\/person\/d965a42370507d0a1638e69158bb5835"},"headline":"Gobierno ofrece pago de $ 300 millones al Instituto Ecuatoriano de Seguridad Social por deuda de salud","datePublished":"2022-09-16T16:41:53+00:00","mainEntityOfPage":{"@id":"https:\/\/www.santafevalores.com\/index.php\/2022\/09\/16\/gobierno-ofrece-pago-de-300-millones-al-instituto-ecuatoriano-de-seguridad-social-por-deuda-de-salud\/"},"wordCount":533,"commentCount":0,"publisher":{"@id":"https:\/\/www.santafevalores.com\/#organization"},"image":{"@id":"https:\/\/www.santafevalores.com\/index.php\/2022\/09\/16\/gobierno-ofrece-pago-de-300-millones-al-instituto-ecuatoriano-de-seguridad-social-por-deuda-de-salud\/#primaryimage"},"thumbnailUrl":"https:\/\/www.santafevalores.com\/wp-content\/uploads\/2022\/09\/SFVIMG12.jpg","inLanguage":"es","potentialAction":[{"@type":"CommentAction","name":"Comment","target":["https:\/\/www.santafevalores.com\/index.php\/2022\/09\/16\/gobierno-ofrece-pago-de-300-millones-al-instituto-ecuatoriano-de-seguridad-social-por-deuda-de-salud\/#respond"]}]},{"@type":"WebPage","@id":"https:\/\/www.santafevalores.com\/index.php\/2022\/09\/16\/gobierno-ofrece-pago-de-300-millones-al-instituto-ecuatoriano-de-seguridad-social-por-deuda-de-salud\/","url":"https:\/\/www.santafevalores.com\/index.php\/2022\/09\/16\/gobierno-ofrece-pago-de-300-millones-al-instituto-ecuatoriano-de-seguridad-social-por-deuda-de-salud\/","name":"Gobierno ofrece pago de $ 300 millones al Instituto Ecuatoriano de Seguridad Social por deuda de salud - Santa Fe Casa de Valores S.A.","isPartOf":{"@id":"https:\/\/www.santafevalores.com\/#website"},"primaryImageOfPage":{"@id":"https:\/\/www.santafevalores.com\/index.php\/2022\/09\/16\/gobierno-ofrece-pago-de-300-millones-al-instituto-ecuatoriano-de-seguridad-social-por-deuda-de-salud\/#primaryimage"},"image":{"@id":"https:\/\/www.santafevalores.com\/index.php\/2022\/09\/16\/gobierno-ofrece-pago-de-300-millones-al-instituto-ecuatoriano-de-seguridad-social-por-deuda-de-salud\/#primaryimage"},"thumbnailUrl":"https:\/\/www.santafevalores.com\/wp-content\/uploads\/2022\/09\/SFVIMG12.jpg","datePublished":"2022-09-16T16:41:53+00:00","breadcrumb":{"@id":"https:\/\/www.santafevalores.com\/index.php\/2022\/09\/16\/gobierno-ofrece-pago-de-300-millones-al-instituto-ecuatoriano-de-seguridad-social-por-deuda-de-salud\/#breadcrumb"},"inLanguage":"es","potentialAction":[{"@type":"ReadAction","target":["https:\/\/www.santafevalores.com\/index.php\/2022\/09\/16\/gobierno-ofrece-pago-de-300-millones-al-instituto-ecuatoriano-de-seguridad-social-por-deuda-de-salud\/"]}]},{"@type":"ImageObject","inLanguage":"es","@id":"https:\/\/www.santafevalores.com\/index.php\/2022\/09\/16\/gobierno-ofrece-pago-de-300-millones-al-instituto-ecuatoriano-de-seguridad-social-por-deuda-de-salud\/#primaryimage","url":"https:\/\/www.santafevalores.com\/wp-content\/uploads\/2022\/09\/SFVIMG12.jpg","contentUrl":"https:\/\/www.santafevalores.com\/wp-content\/uploads\/2022\/09\/SFVIMG12.jpg","width":1786,"height":1340},{"@type":"BreadcrumbList","@id":"https:\/\/www.santafevalores.com\/index.php\/2022\/09\/16\/gobierno-ofrece-pago-de-300-millones-al-instituto-ecuatoriano-de-seguridad-social-por-deuda-de-salud\/#breadcrumb","itemListElement":[{"@type":"ListItem","position":1,"name":"Portada","item":"https:\/\/www.santafevalores.com\/"},{"@type":"ListItem","position":2,"name":"Gobierno ofrece pago de $ 300 millones al Instituto Ecuatoriano de Seguridad Social por deuda de salud"}]},{"@type":"WebSite","@id":"https:\/\/www.santafevalores.com\/#website","url":"https:\/\/www.santafevalores.com\/","name":"Santa Fe Casa de Valores S.A.","description":"","publisher":{"@id":"https:\/\/www.santafevalores.com\/#organization"},"potentialAction":[{"@type":"SearchAction","target":{"@type":"EntryPoint","urlTemplate":"https:\/\/www.santafevalores.com\/?s={search_term_string}"},"query-input":{"@type":"PropertyValueSpecification","valueRequired":true,"valueName":"search_term_string"}}],"inLanguage":"es"},{"@type":"Organization","@id":"https:\/\/www.santafevalores.com\/#organization","name":"Santa Fe Casa de Valores S.A.","alternateName":"SANTAFEVALORES","url":"https:\/\/www.santafevalores.com\/","logo":{"@type":"ImageObject","inLanguage":"es","@id":"https:\/\/www.santafevalores.com\/#\/schema\/logo\/image\/","url":"https:\/\/www.santafevalores.com\/wp-content\/uploads\/2022\/06\/logo1.png","contentUrl":"https:\/\/www.santafevalores.com\/wp-content\/uploads\/2022\/06\/logo1.png","width":235,"height":71,"caption":"Santa Fe Casa de Valores S.A."},"image":{"@id":"https:\/\/www.santafevalores.com\/#\/schema\/logo\/image\/"},"sameAs":["https:\/\/www.facebook.com\/santafevalores\/","https:\/\/x.com\/SantaFeValores"]},{"@type":"Person","@id":"https:\/\/www.santafevalores.com\/#\/schema\/person\/d965a42370507d0a1638e69158bb5835","name":"admin","image":{"@type":"ImageObject","inLanguage":"es","@id":"https:\/\/secure.gravatar.com\/avatar\/97ec7f9eb6068ddac59d3806ca0034c167fce748f524adcfad8629911220756f?s=96&d=mm&r=g","url":"https:\/\/secure.gravatar.com\/avatar\/97ec7f9eb6068ddac59d3806ca0034c167fce748f524adcfad8629911220756f?s=96&d=mm&r=g","contentUrl":"https:\/\/secure.gravatar.com\/avatar\/97ec7f9eb6068ddac59d3806ca0034c167fce748f524adcfad8629911220756f?s=96&d=mm&r=g","caption":"admin"},"sameAs":["https:\/\/www.santafevalores.com"],"url":"https:\/\/www.santafevalores.com\/index.php\/author\/santafevaloresuio_ggv0vv79\/"}]}},"_links":{"self":[{"href":"https:\/\/www.santafevalores.com\/index.php\/wp-json\/wp\/v2\/posts\/65007","targetHints":{"allow":["GET"]}}],"collection":[{"href":"https:\/\/www.santafevalores.com\/index.php\/wp-json\/wp\/v2\/posts"}],"about":[{"href":"https:\/\/www.santafevalores.com\/index.php\/wp-json\/wp\/v2\/types\/post"}],"author":[{"embeddable":true,"href":"https:\/\/www.santafevalores.com\/index.php\/wp-json\/wp\/v2\/users\/1"}],"replies":[{"embeddable":true,"href":"https:\/\/www.santafevalores.com\/index.php\/wp-json\/wp\/v2\/comments?post=65007"}],"version-history":[{"count":0,"href":"https:\/\/www.santafevalores.com\/index.php\/wp-json\/wp\/v2\/posts\/65007\/revisions"}],"wp:featuredmedia":[{"embeddable":true,"href":"https:\/\/www.santafevalores.com\/index.php\/wp-json\/wp\/v2\/media\/65009"}],"wp:attachment":[{"href":"https:\/\/www.santafevalores.com\/index.php\/wp-json\/wp\/v2\/media?parent=65007"}],"wp:term":[{"taxonomy":"category","embeddable":true,"href":"https:\/\/www.santafevalores.com\/index.php\/wp-json\/wp\/v2\/categories?post=65007"},{"taxonomy":"post_tag","embeddable":true,"href":"https:\/\/www.santafevalores.com\/index.php\/wp-json\/wp\/v2\/tags?post=65007"}],"curies":[{"name":"wp","href":"https:\/\/api.w.org\/{rel}","templated":true}]}}