{"id":65106,"date":"2022-09-19T13:28:53","date_gmt":"2022-09-19T18:28:53","guid":{"rendered":"https:\/\/santafevalores.com\/?p=65106"},"modified":"2022-09-19T13:28:53","modified_gmt":"2022-09-19T18:28:53","slug":"estos-son-los-5-ecuatorianos-en-la-lista-de-los-500-de-bloomberg-linea","status":"publish","type":"post","link":"https:\/\/www.santafevalores.com\/index.php\/2022\/09\/19\/estos-son-los-5-ecuatorianos-en-la-lista-de-los-500-de-bloomberg-linea\/","title":{"rendered":"Estos son los 5 ecuatorianos en la lista de los 500 de Bloomberg L\u00ednea"},"content":{"rendered":"\t\t<div data-elementor-type=\"wp-post\" data-elementor-id=\"65106\" class=\"elementor elementor-65106\" data-elementor-post-type=\"post\">\n\t\t\t\t\t\t<section class=\"elementor-section elementor-top-section elementor-element elementor-element-d554dd8 elementor-section-boxed elementor-section-height-default elementor-section-height-default\" data-id=\"d554dd8\" data-element_type=\"section\" data-e-type=\"section\">\n\t\t\t\t\t\t<div class=\"elementor-container elementor-column-gap-default\">\n\t\t\t\t\t<div class=\"elementor-column elementor-col-100 elementor-top-column elementor-element elementor-element-34fc065\" data-id=\"34fc065\" data-element_type=\"column\" data-e-type=\"column\">\n\t\t\t<div class=\"elementor-widget-wrap elementor-element-populated\">\n\t\t\t\t\t\t<div class=\"elementor-element elementor-element-5bd1f06 elementor-widget elementor-widget-image\" data-id=\"5bd1f06\" data-element_type=\"widget\" data-e-type=\"widget\" data-widget_type=\"image.default\">\n\t\t\t\t<div class=\"elementor-widget-container\">\n\t\t\t\t\t\t\t\t\t\t\t\t\t\t\t<img fetchpriority=\"high\" decoding=\"async\" width=\"1024\" height=\"672\" src=\"https:\/\/www.santafevalores.com\/wp-content\/uploads\/2022\/09\/SFVIMG16-1024x672.jpg\" class=\"attachment-large size-large wp-image-65108\" alt=\"\" srcset=\"https:\/\/www.santafevalores.com\/wp-content\/uploads\/2022\/09\/SFVIMG16-1024x672.jpg 1024w, https:\/\/www.santafevalores.com\/wp-content\/uploads\/2022\/09\/SFVIMG16-300x197.jpg 300w, https:\/\/www.santafevalores.com\/wp-content\/uploads\/2022\/09\/SFVIMG16-768x504.jpg 768w, https:\/\/www.santafevalores.com\/wp-content\/uploads\/2022\/09\/SFVIMG16.jpg 1440w\" sizes=\"(max-width: 1024px) 100vw, 1024px\" \/>\t\t\t\t\t\t\t\t\t\t\t\t\t\t\t<\/div>\n\t\t\t\t<\/div>\n\t\t\t\t\t<\/div>\n\t\t<\/div>\n\t\t\t\t\t<\/div>\n\t\t<\/section>\n\t\t\t\t<section class=\"elementor-section elementor-top-section elementor-element elementor-element-312e148 elementor-section-boxed elementor-section-height-default elementor-section-height-default\" data-id=\"312e148\" data-element_type=\"section\" data-e-type=\"section\">\n\t\t\t\t\t\t<div class=\"elementor-container elementor-column-gap-default\">\n\t\t\t\t\t<div class=\"elementor-column elementor-col-100 elementor-top-column elementor-element elementor-element-41c0c64\" data-id=\"41c0c64\" data-element_type=\"column\" data-e-type=\"column\">\n\t\t\t<div class=\"elementor-widget-wrap elementor-element-populated\">\n\t\t\t\t\t\t<div class=\"elementor-element elementor-element-2761cdc elementor-widget elementor-widget-text-editor\" data-id=\"2761cdc\" data-element_type=\"widget\" data-e-type=\"widget\" data-widget_type=\"text-editor.default\">\n\t\t\t\t<div class=\"elementor-widget-container\">\n\t\t\t\t\t\t\t\t\t<p>QUITO &#8211; Los personajes que mueven los negocios, la econom\u00eda y las finanzas de la regi\u00f3n, as\u00ed como los que crean iniciativas relevantes en sus distintas \u00e1reas, forman parte del listado de Los 500 de Am\u00e9rica Latina que Bloomberg L\u00ednea presenta por segunda ocasi\u00f3n. En Ecuador, cinco personalidades fueron seleccionadas como las m\u00e1s relevantes del pa\u00eds, y estas son:<\/p><p>I<b>sabel Noboa<\/b>, presidenta ejecutiva de Nobis Holding de Inversiones\u00a0<\/p><p><b>Santiago Salem<\/b>, presidente de Industrial Pesquera Santa Priscila\u00a0<\/p><p><b>Fidel Egas<\/b>, l\u00edder de Grupo Pichincha\u00a0<\/p><p><b>Aron Schwarzkopf<\/b>, fundador y CEO de Kushki\u00a0<\/p><p>R<b>onald Wright Dur\u00e1n Ball\u00e9n<\/b>, presidente ejecutivo de Corporaci\u00f3n Favorita<\/p><p>El sector inmobiliario, acu\u00edcola, financiero, tecnol\u00f3gico y comercial est\u00e1n representados en el listado del Ecuador.\u00a0<\/p><p><b>Isabel Noboa<\/b>, por ejemplo, se ha consolidado como la empresaria con mayor reputaci\u00f3n del Ecuador en los \u00faltimos a\u00f1os. La ejecutiva ha trabajado por 25 a\u00f1os continuos para generar inversiones de alto impacto, creando empresas en sectores estrat\u00e9gicos y generando empleo directo en el holding que preside.\u00a0<\/p><p><b>Santiago Salem Kronfle<\/b>, en cambio, es el presidente de Industrial Pesquera Santa Priscila que en 2021 alcanz\u00f3 varios hitos: ser la primera empresa privada del Ecuador en superar la barrera de los US$ 1.000 millones en exportaciones en un solo a\u00f1o, la primera compa\u00f1\u00eda no petrolera generadora de divisas para el Estado y la mayor exportadora de camar\u00f3n hacia EEUU.<\/p><p>Mientras que <b>Fidel Egas Grijalva<\/b> lidera uno de los mayores grupos financieros de Sudam\u00e9rica, Grupo Pichincha, con presencia en seis pa\u00edses (Ecuador, Per\u00fa, Colombia, Panam\u00e1, EEUU y Espa\u00f1a), que suma alrededor de US$25 mil millones en activos.\u00a0<\/p><p>Adem\u00e1s est\u00e1 <b>Aron Schwarzkopf<\/b>, fundador y CEO de Kushki, una empresa de infraestructura de pagos en Am\u00e9rica Latina que hace pocos meses se convirti\u00f3 en el primer unicornio ecuatoriano, y Ronald Wright, presidente ejecutivo de Corporaci\u00f3n Favorita, que en 2021 se ubic\u00f3 por segundo a\u00f1o consecutivo como la empresa con m\u00e1s ingresos por ventas del pa\u00eds.<\/p><p><b>As\u00ed se construy\u00f3 el listado\u00a0<\/b><\/p><p>El consejo editorial de Bloomberg L\u00ednea evalu\u00f3 a los personajes que ha contribuido a lidiar a con los desaf\u00edos regionales en medio de un mundo cada vez m\u00e1s complejo que se enfrenta ahora a menores perspectivas econ\u00f3micas y al acecho de una posible recesi\u00f3n.<\/p><p>En ese contexto, existen personajes relevantes a lo largo de la regi\u00f3n, como <b>empresarios, ejecutivos, inversionistas, investigadores, servidores p\u00fablicos o celebridades<\/b>, que impulsan el crecimiento de Am\u00e9rica Latina.\u00a0<\/p><p>En esta ocasi\u00f3n se presentan personalidades de Argentina, Bolivia, Brasil, Chile, Colombia, Costa Rica, Ecuador, El Salvador, Guatemala, Honduras, M\u00e9xico, Panam\u00e1, Paraguay, Per\u00fa, Rep\u00fablica Dominicana, Uruguay, Venezuela y agrega a ejecutivos de Cuba y Nicaragua, Puerto Rico, as\u00ed como a los latinos que representan a la regi\u00f3n en Estados Unidos en 2022.\u00a0<\/p><p>La selecci\u00f3n de los 500 personajes se dio a trav\u00e9s de <b>un an\u00e1lisis de las iniciativas m\u00e1s relevantes, se trata de una decisi\u00f3n consensuada entre el equipo de editores y redactores<\/b>, tomando en cuenta lo que est\u00e1 sucediendo en la regi\u00f3n, as\u00ed como las tendencias en inversiones, pol\u00edticas p\u00fablicas y actividades para mejorar las condiciones econ\u00f3micas.\u00a0<\/p><p>Como signo de los tiempos, dijeron los editores, la lista refleja la diversidad en Am\u00e9rica Latina, tanto de sus personas como de las iniciativas.\u00a0<\/p><p>\u00a0<\/p>\t\t\t\t\t\t\t\t<\/div>\n\t\t\t\t<\/div>\n\t\t\t\t\t<\/div>\n\t\t<\/div>\n\t\t\t\t\t<\/div>\n\t\t<\/section>\n\t\t\t\t<section class=\"elementor-section elementor-top-section elementor-element elementor-element-61f4651 elementor-section-boxed elementor-section-height-default elementor-section-height-default\" data-id=\"61f4651\" data-element_type=\"section\" data-e-type=\"section\">\n\t\t\t\t\t\t<div class=\"elementor-container elementor-column-gap-default\">\n\t\t\t\t\t<div class=\"elementor-column elementor-col-100 elementor-top-column elementor-element elementor-element-23dca1e\" data-id=\"23dca1e\" data-element_type=\"column\" data-e-type=\"column\">\n\t\t\t<div class=\"elementor-widget-wrap elementor-element-populated\">\n\t\t\t\t\t\t<div class=\"elementor-element elementor-element-b01db9e elementor-headline--style-highlight elementor-widget elementor-widget-animated-headline\" data-id=\"b01db9e\" data-element_type=\"widget\" data-e-type=\"widget\" data-settings=\"{&quot;highlighted_text&quot;:&quot;reporta Bloomberg&quot;,&quot;headline_style&quot;:&quot;highlight&quot;,&quot;marker&quot;:&quot;circle&quot;,&quot;loop&quot;:&quot;yes&quot;,&quot;highlight_animation_duration&quot;:1200,&quot;highlight_iteration_delay&quot;:8000}\" data-widget_type=\"animated-headline.default\">\n\t\t\t\t<div class=\"elementor-widget-container\">\n\t\t\t\t\t\t\t\t<a href=\"https:\/\/www.bloomberglinea.com\/2022\/09\/19\/estos-son-los-ecuatorianos-en-la-lista-de-los-500-mas-influyentes-de-bloomberg-linea\/\" target=\"_blank\">\n\n\t\t\t\t\t<p class=\"elementor-headline\">\n\t\t\t\t\t<span class=\"elementor-headline-plain-text elementor-headline-text-wrapper\">Fuente:<\/span>\n\t\t\t\t<span class=\"elementor-headline-dynamic-wrapper elementor-headline-text-wrapper\">\n\t\t\t\t\t<span class=\"elementor-headline-dynamic-text elementor-headline-text-active\">reporta Bloomberg<\/span>\n\t\t\t\t<\/span>\n\t\t\t\t<\/p>\n\t\t<\/a>\t\t\t\t<\/div>\n\t\t\t\t<\/div>\n\t\t\t\t\t<\/div>\n\t\t<\/div>\n\t\t\t\t\t<\/div>\n\t\t<\/section>\n\t\t\t\t<\/div>\n\t\t","protected":false},"excerpt":{"rendered":"<p>QUITO &#8211; Los personajes que mueven los negocios, la econom\u00eda y las finanzas de la regi\u00f3n, as\u00ed como los que crean iniciativas relevantes en sus distintas \u00e1reas, forman parte del listado de Los 500 de Am\u00e9rica Latina que Bloomberg L\u00ednea presenta por segunda ocasi\u00f3n. En Ecuador, cinco personalidades fueron seleccionadas como las m\u00e1s relevantes del&hellip;<\/p>\n","protected":false},"author":1,"featured_media":65108,"comment_status":"open","ping_status":"closed","sticky":false,"template":"","format":"standard","meta":{"content-type":"","_joinchat":[],"footnotes":""},"categories":[4],"tags":[],"class_list":["post-65106","post","type-post","status-publish","format-standard","has-post-thumbnail","hentry","category-sin-categoria"],"yoast_head":"<!-- This site is optimized with the Yoast SEO plugin v27.5 - https:\/\/yoast.com\/product\/yoast-seo-wordpress\/ -->\n<title>Estos son los 5 ecuatorianos en la lista de los 500 de Bloomberg L\u00ednea - Santa Fe Casa de Valores S.A.<\/title>\n<meta name=\"robots\" content=\"index, follow, max-snippet:-1, max-image-preview:large, max-video-preview:-1\" \/>\n<link rel=\"canonical\" href=\"https:\/\/www.santafevalores.com\/index.php\/2022\/09\/19\/estos-son-los-5-ecuatorianos-en-la-lista-de-los-500-de-bloomberg-linea\/\" \/>\n<meta property=\"og:locale\" content=\"es_ES\" \/>\n<meta property=\"og:type\" content=\"article\" \/>\n<meta property=\"og:title\" content=\"Estos son los 5 ecuatorianos en la lista de los 500 de Bloomberg L\u00ednea - Santa Fe Casa de Valores S.A.\" \/>\n<meta property=\"og:description\" content=\"QUITO &#8211; Los personajes que mueven los negocios, la econom\u00eda y las finanzas de la regi\u00f3n, as\u00ed como los que crean iniciativas relevantes en sus distintas \u00e1reas, forman parte del listado de Los 500 de Am\u00e9rica Latina que Bloomberg L\u00ednea presenta por segunda ocasi\u00f3n. En Ecuador, cinco personalidades fueron seleccionadas como las m\u00e1s relevantes del&hellip;\" \/>\n<meta property=\"og:url\" content=\"https:\/\/www.santafevalores.com\/index.php\/2022\/09\/19\/estos-son-los-5-ecuatorianos-en-la-lista-de-los-500-de-bloomberg-linea\/\" \/>\n<meta property=\"og:site_name\" content=\"Santa Fe Casa de Valores S.A.\" \/>\n<meta property=\"article:publisher\" content=\"https:\/\/www.facebook.com\/santafevalores\/\" \/>\n<meta property=\"article:published_time\" content=\"2022-09-19T18:28:53+00:00\" \/>\n<meta property=\"og:image\" content=\"https:\/\/www.santafevalores.com\/wp-content\/uploads\/2022\/09\/SFVIMG16.jpg\" \/>\n\t<meta property=\"og:image:width\" content=\"1440\" \/>\n\t<meta property=\"og:image:height\" content=\"945\" \/>\n\t<meta property=\"og:image:type\" content=\"image\/jpeg\" \/>\n<meta name=\"author\" content=\"admin\" \/>\n<meta name=\"twitter:card\" content=\"summary_large_image\" \/>\n<meta name=\"twitter:creator\" content=\"@SantaFeValores\" \/>\n<meta name=\"twitter:site\" content=\"@SantaFeValores\" \/>\n<meta name=\"twitter:label1\" content=\"Escrito por\" \/>\n\t<meta name=\"twitter:data1\" content=\"admin\" \/>\n\t<meta name=\"twitter:label2\" content=\"Tiempo de lectura\" \/>\n\t<meta name=\"twitter:data2\" content=\"3 minutos\" \/>\n<script type=\"application\/ld+json\" class=\"yoast-schema-graph\">{\"@context\":\"https:\\\/\\\/schema.org\",\"@graph\":[{\"@type\":\"Article\",\"@id\":\"https:\\\/\\\/www.santafevalores.com\\\/index.php\\\/2022\\\/09\\\/19\\\/estos-son-los-5-ecuatorianos-en-la-lista-de-los-500-de-bloomberg-linea\\\/#article\",\"isPartOf\":{\"@id\":\"https:\\\/\\\/www.santafevalores.com\\\/index.php\\\/2022\\\/09\\\/19\\\/estos-son-los-5-ecuatorianos-en-la-lista-de-los-500-de-bloomberg-linea\\\/\"},\"author\":{\"name\":\"admin\",\"@id\":\"https:\\\/\\\/www.santafevalores.com\\\/#\\\/schema\\\/person\\\/d965a42370507d0a1638e69158bb5835\"},\"headline\":\"Estos son los 5 ecuatorianos en la lista de los 500 de Bloomberg L\u00ednea\",\"datePublished\":\"2022-09-19T18:28:53+00:00\",\"mainEntityOfPage\":{\"@id\":\"https:\\\/\\\/www.santafevalores.com\\\/index.php\\\/2022\\\/09\\\/19\\\/estos-son-los-5-ecuatorianos-en-la-lista-de-los-500-de-bloomberg-linea\\\/\"},\"wordCount\":595,\"commentCount\":0,\"publisher\":{\"@id\":\"https:\\\/\\\/www.santafevalores.com\\\/#organization\"},\"image\":{\"@id\":\"https:\\\/\\\/www.santafevalores.com\\\/index.php\\\/2022\\\/09\\\/19\\\/estos-son-los-5-ecuatorianos-en-la-lista-de-los-500-de-bloomberg-linea\\\/#primaryimage\"},\"thumbnailUrl\":\"https:\\\/\\\/www.santafevalores.com\\\/wp-content\\\/uploads\\\/2022\\\/09\\\/SFVIMG16.jpg\",\"inLanguage\":\"es\",\"potentialAction\":[{\"@type\":\"CommentAction\",\"name\":\"Comment\",\"target\":[\"https:\\\/\\\/www.santafevalores.com\\\/index.php\\\/2022\\\/09\\\/19\\\/estos-son-los-5-ecuatorianos-en-la-lista-de-los-500-de-bloomberg-linea\\\/#respond\"]}]},{\"@type\":\"WebPage\",\"@id\":\"https:\\\/\\\/www.santafevalores.com\\\/index.php\\\/2022\\\/09\\\/19\\\/estos-son-los-5-ecuatorianos-en-la-lista-de-los-500-de-bloomberg-linea\\\/\",\"url\":\"https:\\\/\\\/www.santafevalores.com\\\/index.php\\\/2022\\\/09\\\/19\\\/estos-son-los-5-ecuatorianos-en-la-lista-de-los-500-de-bloomberg-linea\\\/\",\"name\":\"Estos son los 5 ecuatorianos en la lista de los 500 de Bloomberg L\u00ednea - Santa Fe Casa de Valores S.A.\",\"isPartOf\":{\"@id\":\"https:\\\/\\\/www.santafevalores.com\\\/#website\"},\"primaryImageOfPage\":{\"@id\":\"https:\\\/\\\/www.santafevalores.com\\\/index.php\\\/2022\\\/09\\\/19\\\/estos-son-los-5-ecuatorianos-en-la-lista-de-los-500-de-bloomberg-linea\\\/#primaryimage\"},\"image\":{\"@id\":\"https:\\\/\\\/www.santafevalores.com\\\/index.php\\\/2022\\\/09\\\/19\\\/estos-son-los-5-ecuatorianos-en-la-lista-de-los-500-de-bloomberg-linea\\\/#primaryimage\"},\"thumbnailUrl\":\"https:\\\/\\\/www.santafevalores.com\\\/wp-content\\\/uploads\\\/2022\\\/09\\\/SFVIMG16.jpg\",\"datePublished\":\"2022-09-19T18:28:53+00:00\",\"breadcrumb\":{\"@id\":\"https:\\\/\\\/www.santafevalores.com\\\/index.php\\\/2022\\\/09\\\/19\\\/estos-son-los-5-ecuatorianos-en-la-lista-de-los-500-de-bloomberg-linea\\\/#breadcrumb\"},\"inLanguage\":\"es\",\"potentialAction\":[{\"@type\":\"ReadAction\",\"target\":[\"https:\\\/\\\/www.santafevalores.com\\\/index.php\\\/2022\\\/09\\\/19\\\/estos-son-los-5-ecuatorianos-en-la-lista-de-los-500-de-bloomberg-linea\\\/\"]}]},{\"@type\":\"ImageObject\",\"inLanguage\":\"es\",\"@id\":\"https:\\\/\\\/www.santafevalores.com\\\/index.php\\\/2022\\\/09\\\/19\\\/estos-son-los-5-ecuatorianos-en-la-lista-de-los-500-de-bloomberg-linea\\\/#primaryimage\",\"url\":\"https:\\\/\\\/www.santafevalores.com\\\/wp-content\\\/uploads\\\/2022\\\/09\\\/SFVIMG16.jpg\",\"contentUrl\":\"https:\\\/\\\/www.santafevalores.com\\\/wp-content\\\/uploads\\\/2022\\\/09\\\/SFVIMG16.jpg\",\"width\":1440,\"height\":945},{\"@type\":\"BreadcrumbList\",\"@id\":\"https:\\\/\\\/www.santafevalores.com\\\/index.php\\\/2022\\\/09\\\/19\\\/estos-son-los-5-ecuatorianos-en-la-lista-de-los-500-de-bloomberg-linea\\\/#breadcrumb\",\"itemListElement\":[{\"@type\":\"ListItem\",\"position\":1,\"name\":\"Portada\",\"item\":\"https:\\\/\\\/www.santafevalores.com\\\/\"},{\"@type\":\"ListItem\",\"position\":2,\"name\":\"Estos son los 5 ecuatorianos en la lista de los 500 de Bloomberg L\u00ednea\"}]},{\"@type\":\"WebSite\",\"@id\":\"https:\\\/\\\/www.santafevalores.com\\\/#website\",\"url\":\"https:\\\/\\\/www.santafevalores.com\\\/\",\"name\":\"Santa Fe Casa de Valores S.A.\",\"description\":\"\",\"publisher\":{\"@id\":\"https:\\\/\\\/www.santafevalores.com\\\/#organization\"},\"potentialAction\":[{\"@type\":\"SearchAction\",\"target\":{\"@type\":\"EntryPoint\",\"urlTemplate\":\"https:\\\/\\\/www.santafevalores.com\\\/?s={search_term_string}\"},\"query-input\":{\"@type\":\"PropertyValueSpecification\",\"valueRequired\":true,\"valueName\":\"search_term_string\"}}],\"inLanguage\":\"es\"},{\"@type\":\"Organization\",\"@id\":\"https:\\\/\\\/www.santafevalores.com\\\/#organization\",\"name\":\"Santa Fe Casa de Valores S.A.\",\"alternateName\":\"SANTAFEVALORES\",\"url\":\"https:\\\/\\\/www.santafevalores.com\\\/\",\"logo\":{\"@type\":\"ImageObject\",\"inLanguage\":\"es\",\"@id\":\"https:\\\/\\\/www.santafevalores.com\\\/#\\\/schema\\\/logo\\\/image\\\/\",\"url\":\"https:\\\/\\\/www.santafevalores.com\\\/wp-content\\\/uploads\\\/2022\\\/06\\\/logo1.png\",\"contentUrl\":\"https:\\\/\\\/www.santafevalores.com\\\/wp-content\\\/uploads\\\/2022\\\/06\\\/logo1.png\",\"width\":235,\"height\":71,\"caption\":\"Santa Fe Casa de Valores S.A.\"},\"image\":{\"@id\":\"https:\\\/\\\/www.santafevalores.com\\\/#\\\/schema\\\/logo\\\/image\\\/\"},\"sameAs\":[\"https:\\\/\\\/www.facebook.com\\\/santafevalores\\\/\",\"https:\\\/\\\/x.com\\\/SantaFeValores\"]},{\"@type\":\"Person\",\"@id\":\"https:\\\/\\\/www.santafevalores.com\\\/#\\\/schema\\\/person\\\/d965a42370507d0a1638e69158bb5835\",\"name\":\"admin\",\"image\":{\"@type\":\"ImageObject\",\"inLanguage\":\"es\",\"@id\":\"https:\\\/\\\/secure.gravatar.com\\\/avatar\\\/97ec7f9eb6068ddac59d3806ca0034c167fce748f524adcfad8629911220756f?s=96&d=mm&r=g\",\"url\":\"https:\\\/\\\/secure.gravatar.com\\\/avatar\\\/97ec7f9eb6068ddac59d3806ca0034c167fce748f524adcfad8629911220756f?s=96&d=mm&r=g\",\"contentUrl\":\"https:\\\/\\\/secure.gravatar.com\\\/avatar\\\/97ec7f9eb6068ddac59d3806ca0034c167fce748f524adcfad8629911220756f?s=96&d=mm&r=g\",\"caption\":\"admin\"},\"sameAs\":[\"https:\\\/\\\/www.santafevalores.com\"],\"url\":\"https:\\\/\\\/www.santafevalores.com\\\/index.php\\\/author\\\/santafevaloresuio_ggv0vv79\\\/\"}]}<\/script>\n<!-- \/ Yoast SEO plugin. -->","yoast_head_json":{"title":"Estos son los 5 ecuatorianos en la lista de los 500 de Bloomberg L\u00ednea - Santa Fe Casa de Valores S.A.","robots":{"index":"index","follow":"follow","max-snippet":"max-snippet:-1","max-image-preview":"max-image-preview:large","max-video-preview":"max-video-preview:-1"},"canonical":"https:\/\/www.santafevalores.com\/index.php\/2022\/09\/19\/estos-son-los-5-ecuatorianos-en-la-lista-de-los-500-de-bloomberg-linea\/","og_locale":"es_ES","og_type":"article","og_title":"Estos son los 5 ecuatorianos en la lista de los 500 de Bloomberg L\u00ednea - Santa Fe Casa de Valores S.A.","og_description":"QUITO &#8211; Los personajes que mueven los negocios, la econom\u00eda y las finanzas de la regi\u00f3n, as\u00ed como los que crean iniciativas relevantes en sus distintas \u00e1reas, forman parte del listado de Los 500 de Am\u00e9rica Latina que Bloomberg L\u00ednea presenta por segunda ocasi\u00f3n. En Ecuador, cinco personalidades fueron seleccionadas como las m\u00e1s relevantes del&hellip;","og_url":"https:\/\/www.santafevalores.com\/index.php\/2022\/09\/19\/estos-son-los-5-ecuatorianos-en-la-lista-de-los-500-de-bloomberg-linea\/","og_site_name":"Santa Fe Casa de Valores S.A.","article_publisher":"https:\/\/www.facebook.com\/santafevalores\/","article_published_time":"2022-09-19T18:28:53+00:00","og_image":[{"width":1440,"height":945,"url":"https:\/\/www.santafevalores.com\/wp-content\/uploads\/2022\/09\/SFVIMG16.jpg","type":"image\/jpeg"}],"author":"admin","twitter_card":"summary_large_image","twitter_creator":"@SantaFeValores","twitter_site":"@SantaFeValores","twitter_misc":{"Escrito por":"admin","Tiempo de lectura":"3 minutos"},"schema":{"@context":"https:\/\/schema.org","@graph":[{"@type":"Article","@id":"https:\/\/www.santafevalores.com\/index.php\/2022\/09\/19\/estos-son-los-5-ecuatorianos-en-la-lista-de-los-500-de-bloomberg-linea\/#article","isPartOf":{"@id":"https:\/\/www.santafevalores.com\/index.php\/2022\/09\/19\/estos-son-los-5-ecuatorianos-en-la-lista-de-los-500-de-bloomberg-linea\/"},"author":{"name":"admin","@id":"https:\/\/www.santafevalores.com\/#\/schema\/person\/d965a42370507d0a1638e69158bb5835"},"headline":"Estos son los 5 ecuatorianos en la lista de los 500 de Bloomberg L\u00ednea","datePublished":"2022-09-19T18:28:53+00:00","mainEntityOfPage":{"@id":"https:\/\/www.santafevalores.com\/index.php\/2022\/09\/19\/estos-son-los-5-ecuatorianos-en-la-lista-de-los-500-de-bloomberg-linea\/"},"wordCount":595,"commentCount":0,"publisher":{"@id":"https:\/\/www.santafevalores.com\/#organization"},"image":{"@id":"https:\/\/www.santafevalores.com\/index.php\/2022\/09\/19\/estos-son-los-5-ecuatorianos-en-la-lista-de-los-500-de-bloomberg-linea\/#primaryimage"},"thumbnailUrl":"https:\/\/www.santafevalores.com\/wp-content\/uploads\/2022\/09\/SFVIMG16.jpg","inLanguage":"es","potentialAction":[{"@type":"CommentAction","name":"Comment","target":["https:\/\/www.santafevalores.com\/index.php\/2022\/09\/19\/estos-son-los-5-ecuatorianos-en-la-lista-de-los-500-de-bloomberg-linea\/#respond"]}]},{"@type":"WebPage","@id":"https:\/\/www.santafevalores.com\/index.php\/2022\/09\/19\/estos-son-los-5-ecuatorianos-en-la-lista-de-los-500-de-bloomberg-linea\/","url":"https:\/\/www.santafevalores.com\/index.php\/2022\/09\/19\/estos-son-los-5-ecuatorianos-en-la-lista-de-los-500-de-bloomberg-linea\/","name":"Estos son los 5 ecuatorianos en la lista de los 500 de Bloomberg L\u00ednea - Santa Fe Casa de Valores S.A.","isPartOf":{"@id":"https:\/\/www.santafevalores.com\/#website"},"primaryImageOfPage":{"@id":"https:\/\/www.santafevalores.com\/index.php\/2022\/09\/19\/estos-son-los-5-ecuatorianos-en-la-lista-de-los-500-de-bloomberg-linea\/#primaryimage"},"image":{"@id":"https:\/\/www.santafevalores.com\/index.php\/2022\/09\/19\/estos-son-los-5-ecuatorianos-en-la-lista-de-los-500-de-bloomberg-linea\/#primaryimage"},"thumbnailUrl":"https:\/\/www.santafevalores.com\/wp-content\/uploads\/2022\/09\/SFVIMG16.jpg","datePublished":"2022-09-19T18:28:53+00:00","breadcrumb":{"@id":"https:\/\/www.santafevalores.com\/index.php\/2022\/09\/19\/estos-son-los-5-ecuatorianos-en-la-lista-de-los-500-de-bloomberg-linea\/#breadcrumb"},"inLanguage":"es","potentialAction":[{"@type":"ReadAction","target":["https:\/\/www.santafevalores.com\/index.php\/2022\/09\/19\/estos-son-los-5-ecuatorianos-en-la-lista-de-los-500-de-bloomberg-linea\/"]}]},{"@type":"ImageObject","inLanguage":"es","@id":"https:\/\/www.santafevalores.com\/index.php\/2022\/09\/19\/estos-son-los-5-ecuatorianos-en-la-lista-de-los-500-de-bloomberg-linea\/#primaryimage","url":"https:\/\/www.santafevalores.com\/wp-content\/uploads\/2022\/09\/SFVIMG16.jpg","contentUrl":"https:\/\/www.santafevalores.com\/wp-content\/uploads\/2022\/09\/SFVIMG16.jpg","width":1440,"height":945},{"@type":"BreadcrumbList","@id":"https:\/\/www.santafevalores.com\/index.php\/2022\/09\/19\/estos-son-los-5-ecuatorianos-en-la-lista-de-los-500-de-bloomberg-linea\/#breadcrumb","itemListElement":[{"@type":"ListItem","position":1,"name":"Portada","item":"https:\/\/www.santafevalores.com\/"},{"@type":"ListItem","position":2,"name":"Estos son los 5 ecuatorianos en la lista de los 500 de Bloomberg L\u00ednea"}]},{"@type":"WebSite","@id":"https:\/\/www.santafevalores.com\/#website","url":"https:\/\/www.santafevalores.com\/","name":"Santa Fe Casa de Valores S.A.","description":"","publisher":{"@id":"https:\/\/www.santafevalores.com\/#organization"},"potentialAction":[{"@type":"SearchAction","target":{"@type":"EntryPoint","urlTemplate":"https:\/\/www.santafevalores.com\/?s={search_term_string}"},"query-input":{"@type":"PropertyValueSpecification","valueRequired":true,"valueName":"search_term_string"}}],"inLanguage":"es"},{"@type":"Organization","@id":"https:\/\/www.santafevalores.com\/#organization","name":"Santa Fe Casa de Valores S.A.","alternateName":"SANTAFEVALORES","url":"https:\/\/www.santafevalores.com\/","logo":{"@type":"ImageObject","inLanguage":"es","@id":"https:\/\/www.santafevalores.com\/#\/schema\/logo\/image\/","url":"https:\/\/www.santafevalores.com\/wp-content\/uploads\/2022\/06\/logo1.png","contentUrl":"https:\/\/www.santafevalores.com\/wp-content\/uploads\/2022\/06\/logo1.png","width":235,"height":71,"caption":"Santa Fe Casa de Valores S.A."},"image":{"@id":"https:\/\/www.santafevalores.com\/#\/schema\/logo\/image\/"},"sameAs":["https:\/\/www.facebook.com\/santafevalores\/","https:\/\/x.com\/SantaFeValores"]},{"@type":"Person","@id":"https:\/\/www.santafevalores.com\/#\/schema\/person\/d965a42370507d0a1638e69158bb5835","name":"admin","image":{"@type":"ImageObject","inLanguage":"es","@id":"https:\/\/secure.gravatar.com\/avatar\/97ec7f9eb6068ddac59d3806ca0034c167fce748f524adcfad8629911220756f?s=96&d=mm&r=g","url":"https:\/\/secure.gravatar.com\/avatar\/97ec7f9eb6068ddac59d3806ca0034c167fce748f524adcfad8629911220756f?s=96&d=mm&r=g","contentUrl":"https:\/\/secure.gravatar.com\/avatar\/97ec7f9eb6068ddac59d3806ca0034c167fce748f524adcfad8629911220756f?s=96&d=mm&r=g","caption":"admin"},"sameAs":["https:\/\/www.santafevalores.com"],"url":"https:\/\/www.santafevalores.com\/index.php\/author\/santafevaloresuio_ggv0vv79\/"}]}},"_links":{"self":[{"href":"https:\/\/www.santafevalores.com\/index.php\/wp-json\/wp\/v2\/posts\/65106","targetHints":{"allow":["GET"]}}],"collection":[{"href":"https:\/\/www.santafevalores.com\/index.php\/wp-json\/wp\/v2\/posts"}],"about":[{"href":"https:\/\/www.santafevalores.com\/index.php\/wp-json\/wp\/v2\/types\/post"}],"author":[{"embeddable":true,"href":"https:\/\/www.santafevalores.com\/index.php\/wp-json\/wp\/v2\/users\/1"}],"replies":[{"embeddable":true,"href":"https:\/\/www.santafevalores.com\/index.php\/wp-json\/wp\/v2\/comments?post=65106"}],"version-history":[{"count":0,"href":"https:\/\/www.santafevalores.com\/index.php\/wp-json\/wp\/v2\/posts\/65106\/revisions"}],"wp:featuredmedia":[{"embeddable":true,"href":"https:\/\/www.santafevalores.com\/index.php\/wp-json\/wp\/v2\/media\/65108"}],"wp:attachment":[{"href":"https:\/\/www.santafevalores.com\/index.php\/wp-json\/wp\/v2\/media?parent=65106"}],"wp:term":[{"taxonomy":"category","embeddable":true,"href":"https:\/\/www.santafevalores.com\/index.php\/wp-json\/wp\/v2\/categories?post=65106"},{"taxonomy":"post_tag","embeddable":true,"href":"https:\/\/www.santafevalores.com\/index.php\/wp-json\/wp\/v2\/tags?post=65106"}],"curies":[{"name":"wp","href":"https:\/\/api.w.org\/{rel}","templated":true}]}}