{"id":65171,"date":"2022-09-20T11:20:18","date_gmt":"2022-09-20T16:20:18","guid":{"rendered":"https:\/\/santafevalores.com\/?p=65171"},"modified":"2022-09-20T11:20:18","modified_gmt":"2022-09-20T16:20:18","slug":"exclusiva-jamil-mahuad-y-por-que-se-dolarizo-al-ecuador","status":"publish","type":"post","link":"https:\/\/www.santafevalores.com\/index.php\/2022\/09\/20\/exclusiva-jamil-mahuad-y-por-que-se-dolarizo-al-ecuador\/","title":{"rendered":"EXCLUSIVA: Jamil Mahuad y por qu\u00e9 se dolariz\u00f3 al Ecuador"},"content":{"rendered":"\t\t<div data-elementor-type=\"wp-post\" data-elementor-id=\"65171\" class=\"elementor elementor-65171\" data-elementor-post-type=\"post\">\n\t\t\t\t\t\t<section class=\"elementor-section elementor-top-section elementor-element elementor-element-9987ec4 elementor-section-boxed elementor-section-height-default elementor-section-height-default\" data-id=\"9987ec4\" data-element_type=\"section\" data-e-type=\"section\">\n\t\t\t\t\t\t<div class=\"elementor-container elementor-column-gap-default\">\n\t\t\t\t\t<div class=\"elementor-column elementor-col-100 elementor-top-column elementor-element elementor-element-7d16058\" data-id=\"7d16058\" data-element_type=\"column\" data-e-type=\"column\">\n\t\t\t<div class=\"elementor-widget-wrap elementor-element-populated\">\n\t\t\t\t\t\t<div class=\"elementor-element elementor-element-819832c elementor-widget elementor-widget-image\" data-id=\"819832c\" data-element_type=\"widget\" data-e-type=\"widget\" data-widget_type=\"image.default\">\n\t\t\t\t<div class=\"elementor-widget-container\">\n\t\t\t\t\t\t\t\t\t\t\t\t\t\t\t<img fetchpriority=\"high\" decoding=\"async\" width=\"1024\" height=\"683\" src=\"https:\/\/www.santafevalores.com\/wp-content\/uploads\/2022\/09\/SFVIMG18-1024x683.jpg\" class=\"attachment-large size-large wp-image-65173\" alt=\"\" srcset=\"https:\/\/www.santafevalores.com\/wp-content\/uploads\/2022\/09\/SFVIMG18-1024x683.jpg 1024w, https:\/\/www.santafevalores.com\/wp-content\/uploads\/2022\/09\/SFVIMG18-300x200.jpg 300w, https:\/\/www.santafevalores.com\/wp-content\/uploads\/2022\/09\/SFVIMG18-768x513.jpg 768w, https:\/\/www.santafevalores.com\/wp-content\/uploads\/2022\/09\/SFVIMG18.jpg 1440w\" sizes=\"(max-width: 1024px) 100vw, 1024px\" \/>\t\t\t\t\t\t\t\t\t\t\t\t\t\t\t<\/div>\n\t\t\t\t<\/div>\n\t\t\t\t\t<\/div>\n\t\t<\/div>\n\t\t\t\t\t<\/div>\n\t\t<\/section>\n\t\t\t\t<section class=\"elementor-section elementor-top-section elementor-element elementor-element-a4a2006 elementor-section-boxed elementor-section-height-default elementor-section-height-default\" data-id=\"a4a2006\" data-element_type=\"section\" data-e-type=\"section\">\n\t\t\t\t\t\t<div class=\"elementor-container elementor-column-gap-default\">\n\t\t\t\t\t<div class=\"elementor-column elementor-col-100 elementor-top-column elementor-element elementor-element-6d3e98b\" data-id=\"6d3e98b\" data-element_type=\"column\" data-e-type=\"column\">\n\t\t\t<div class=\"elementor-widget-wrap elementor-element-populated\">\n\t\t\t\t\t\t<div class=\"elementor-element elementor-element-142c1ce elementor-widget elementor-widget-text-editor\" data-id=\"142c1ce\" data-element_type=\"widget\" data-e-type=\"widget\" data-widget_type=\"text-editor.default\">\n\t\t\t\t<div class=\"elementor-widget-container\">\n\t\t\t\t\t\t\t\t\t<p>90% de los ecuatorianos defiende al d\u00f3lar como moneda; sin embargo, tras 22 a\u00f1os de ser adoptada, hay luces y sombras del proceso. En esta entrevista, su art\u00edfice explica c\u00f3mo fue<\/p>\n<p>QUITO &#8211; En 1998 y 1999, el Ecuador vivi\u00f3 <b>una de las peores crisis econ\u00f3micas, sociales y pol\u00edticas de su historia<\/b>. En este contexto, en el que la <b>devaluaci\u00f3n<\/b>&nbsp;de la moneda y la <b>hiperinflaci\u00f3n<\/b>&nbsp;casi llevan al pa\u00eds a convertirse en <b>un Estado fallido<\/b>, sumado a una extrema liberalizaci\u00f3n financiera que condujo a la especulaci\u00f3n y a una posterior crisis de entidades bancarias, <b>en enero del 2000<\/b>&nbsp;se tom\u00f3 una de las decisiones m\u00e1s trascendentales en la historia econ\u00f3mica del pa\u00eds: <b>dolarizarlo.<\/b><\/p>\n<p>Desde hace 22 a\u00f1os, <b>Ecuador es el \u00fanico pa\u00eds dolarizado de Sudam\u00e9rica<\/b>&nbsp;y <b>90% de sus habitantes defiende al d\u00f3lar como moneda.<\/b>&nbsp;Pero si bien hoy se puede hablar de la estabilidad y beneficios que trajo esta decisi\u00f3n, no se puede olvidar que <b>fue traum\u00e1tica y dolorosa y que en el camino muchos sufrieron.<\/b><\/p>\n<p><b>El expresidente Jamil Mahuad fue el art\u00edfice de proceso.<\/b>&nbsp;Su gobierno, que apenas dur\u00f3 17 meses, vio como \u00fanica salida la dolarizaci\u00f3n ante una inmanejable situaci\u00f3n econ\u00f3mica.<\/p>\n<p><b>\u00bfFue un acierto hacerlo? \u00bfLo volver\u00eda a hacer? \u00bfSe arrepiente de algo? \u00bfCu\u00e1l es el futuro de la dolarizaci\u00f3n?<\/b>&nbsp;En esta franca conversaci\u00f3n con Bloomberg L\u00ednea, Mahuad contesta a estas interrogantes y explica las razones, los aciertos y desaciertos de haber cambiado el sucre por el d\u00f3lar.<\/p>\n<p>U<b>NA DECISI\u00d3N R\u00c1PIDA PERO NO APRESURADA<\/b><\/p>\n<p><b>Doctor Mahuad, 22 a\u00f1os despu\u00e9s de que el pa\u00eds se dolariz\u00f3, \u00bfqu\u00e9 evaluaci\u00f3n personal tiene de este de este proceso?<\/b><\/p>\n<p>La evaluaci\u00f3n es muy positiva, por varias razones. Primero, porque lo que fue una decisi\u00f3n de pol\u00edtica econ\u00f3mica se ha transformado en una pol\u00edtica p\u00fablica estable y, tras 22 a\u00f1os de estar dolarizados, es una pol\u00edtica de Estado. En un pa\u00eds tan inestable como el Ecuador, tan variable, tan vol\u00e1til\u2026 haber creado una pol\u00edtica de Estado, como tambi\u00e9n lo es la paz con el Per\u00fa, es algo excelente.<\/p>\n<p>Segundo, por los resultados econ\u00f3micos. Ecuador tiene la inflaci\u00f3n m\u00e1s baja de Am\u00e9rica Latina, la ha tenido por muchos a\u00f1os. Hoy tenemos la segunda inflaci\u00f3n m\u00e1s baja despu\u00e9s de la inflaci\u00f3n de Bolivia. Tener una inflaci\u00f3n de menos de un d\u00edgito cuando yo recib\u00ed un pa\u00eds con una inflaci\u00f3n de 50%, y subiendo, es un logro.<\/p>\n<p>Luego, por el impacto social. Es decir, al eliminar las depreciaciones de la moneda y eliminar la inflaci\u00f3n, el salario de las personas se mantuvo y como efecto de eso se convirtieron en sujetos de cr\u00e9dito, compraron autom\u00f3viles, luego casas, es decir, fortalecimos una clase media incipiente. Adicionalmente, hemos clavado un ancla important\u00edsima. La dolarizaci\u00f3n ha sobrevivido a seis presidentes, a todo tipo de crisis, a gobiernos socialistas del siglo 21\u2026<\/p>\n<p><b>\u00abY aun cuando la popularidad de (Rafael) Correa estaba en el pico, el d\u00f3lar era m\u00e1s popular que \u00e9l. Ese gobierno<\/b> <b>tom\u00f3 muchas decisiones que hubieran destruido a la dolarizaci\u00f3n y la dolarizaci\u00f3n se comport\u00f3 como un corcho, se mantuvo a flote en ese tsunami.\u00bb<\/b><\/p>\n<p><b>\u00bfC\u00f3mo ve el cambio en la percepci\u00f3n de la dolarizaci\u00f3n? Fue un proceso que inici\u00f3 con rechazo y ahora casi 90% de ecuatorianos la respalda. Sin embargo, este cambio se produjo con un gran costo pol\u00edtico\u2026<\/b><\/p>\n<p>Desde hace algunos a\u00f1os atr\u00e1s vi que m\u00e1s del 90% apoyaba esa medida que yo la tom\u00e9 incluso contra la opini\u00f3n del Fondo Monetario Internacional (FMI), del Banco Mundial, de muchos macroeconomistas ecuatorianos. Fue una decisi\u00f3n muy valiente y riesgosa, pero funcion\u00f3 como la hab\u00edamos previsto.<\/p>\n<p>Se repite mucho que a la gente no le gusta el cambio, lo que a la gente no le gusta es afrontar los riesgos, las p\u00e9rdidas. En el Ecuador la gente ya usaba d\u00f3lares en sus transacciones diarias, el 70% de la econom\u00eda estaba dolarizada. Entonces, \u00bfqu\u00e9 era m\u00e1s f\u00e1cil? \u00bfdesdolarizar el 70% o dolarizar el 30% que faltaba? Una vez que empezaron a usarlo y vieron los beneficios, como ya no hay el miedo a las p\u00e9rdidas, sino el beneficio de las ganancias, se ponen a favor y la defienden.<\/p>\n<p><b>Hay una frase de su libro<\/b>&nbsp;<b>As\u00ed dolarizamos al Ecuador<\/b>&nbsp;<b>que dice que la dolarizaci\u00f3n se tom\u00f3 con rapidez, pero no de manera apresurada. \u00bfEsto quiere decir que la dolarizaci\u00f3n no fue una decisi\u00f3n de \u00faltima hora como mucho se ha dicho?<\/b><\/p>\n<p>Un grupo dec\u00eda que por qu\u00e9 se demor\u00f3 tanto y otro grupo que por qu\u00e9 se apresur\u00f3 tanto si todav\u00eda no estaba listo. Pero la decisi\u00f3n no fue apresurada, porque estaba muy bien estudiada, pero s\u00ed fue r\u00e1pida. Lo hicimos tan pronto como pudimos, pero no se hubiera sostenido si es que no cumpl\u00eda con tres requisitos fundamentales para cualquier pol\u00edtica p\u00fablica se sostenga en el tiempo: primero, fue t\u00e9cnicamente correcta; segundo, fue socialmente aceptada; y, tercero, fue pol\u00edticamente viable. Sin una de esas tres patas, la dolarizaci\u00f3n se ca\u00eda.<\/p>\n<p>Si era t\u00e9cnicamente mal hecha, no sobreviv\u00eda; si la gente la rechazaba, no sobreviv\u00eda; y si la \u00e9lite pol\u00edtica no hubiera hecho un acuerdo m\u00ednimo para mantenerla y para pasar las leyes en el Congreso que la volvieron posible, tampoco hubiera subsistido.<\/p>\n<p><b>Irremediablemente se vincula el congelamiento de las cuentas bancarias que se dio en 1999 con la dolarizaci\u00f3n que entr\u00f3 en vigencia en el 2000. Estos episodios fueron realmente traum\u00e1ticos para la poblaci\u00f3n\u2026<\/b><\/p>\n<p>Cuando la gente est\u00e1 en un dolor muy grande (el congelamiento bancario), el dolor es tan grande que no deja espacio para la reflexi\u00f3n. Y en el sufrimiento, muchos buscan alguien a quien culpar y, normalmente, se busca a alguien que est\u00e1 arriba y m\u00e1s a\u00fan si esa persona ha tomado la decisi\u00f3n, como fue en mi caso. Entonces, es imposible explicar comunicacionalmente una decisi\u00f3n que la gente siente que la ha hecho sufrir.<\/p>\n<p>\u00ab<b>La pregunta correcta no es si es que el congelamiento produjo sufrimiento, la pregunta es \u00bfcu\u00e1nto m\u00e1s habr\u00edan sufrido si es que no se congelaba?\u00bb<\/b><\/p>\n<p>Porque lo que ocurr\u00eda era que las personas tomaban los sucres, compraban d\u00f3lares y mandaban los d\u00f3lares afuera; ten\u00edamos fuga de capitales y el d\u00f3lar sub\u00eda todos los d\u00edas\u2026 se devalu\u00f3 40% en 20 d\u00edas y lo que los expertos recomendaban no funcionaba, porque cuando la poblaci\u00f3n entra en p\u00e1nico, los incentivos racionales de la macroeconom\u00eda no funcionan.<\/p>\n<p>Eso fue terrible. Por no tomar decisiones a tiempo, por un Congreso que nos ataba las manos, por gobiernos que incrementaron el d\u00e9ficit, llegamos a un punto en que nos cay\u00f3 el tsunami encima. Ventajosamente, el congelamiento fue por unos meses y se elimin\u00f3, pero la dolarizaci\u00f3n sigue. En la balanza entre el tiempo y los beneficios, sin duda hay una gran ventaja para la dolarizaci\u00f3n.<\/p>\n<p><b>EL CAMINO AL D\u00d3LAR<\/b><\/p>\n<p><b>Si la idea de la convertibilidad se hab\u00eda tenido incluso a\u00f1os antes de que usted llegara al poder, \u00bfpor qu\u00e9 no se lo hizo? Usted dice en su libro que fue por un tema populista, \u00bfpero cree que si se hubiera hecho antes hubiera sido mejor para el pa\u00eds?<\/b><\/p>\n<p>La dolarizaci\u00f3n como convertibilidad fue planteada en el gobierno de (Abdal\u00e1) Bucaram, pero en ese momento no ten\u00eda ninguna viabilidad pol\u00edtica, no ten\u00eda ning\u00fan apoyo y como el presidente cay\u00f3, qued\u00f3 ah\u00ed. Si las \u00e9lites ecuatorianas -y no me refiero solo a las pol\u00edticas, econ\u00f3micas, sociales y sindicales- fueran capaces de conversar m\u00e1s y enfrentarse menos y llegar a acuerdos m\u00ednimos, las decisiones deber\u00edan tomarse a tiempo.<\/p>\n<p><b>\u00abSolo cuando nos pudimos poner de acuerdo pudimos dolarizar. No lo pod\u00edamos hacer antes porque, adem\u00e1s, hab\u00eda que hacer una limpieza de todo el sistema bancario que solamente la pude hacer cuando contratamos auditor\u00edas internacionales que limpiaron el sistema.\u00bb<\/b><\/p>\n<p>Muchas personas dicen que por qu\u00e9 no dolarizamos antes de limpiar el sistema bancario y eso hubiera sido de una irresponsabilidad supina, porque no habr\u00edamos sabido en qu\u00e9 tipo de escenario est\u00e1bamos entrando.<\/p>\n<p><b>\u00bfQu\u00e9 fue lo que al final dispar\u00f3 el proceso? Porque todo empez\u00f3 a pasar muy r\u00e1pido y esa percepci\u00f3n de premura a\u00fan persiste\u2026<\/b><\/p>\n<p>En el caso del Ecuador ca\u00edmos en la tormenta perfecta porque tuvimos problemas en la econom\u00eda real; el Ecuador ten\u00eda m\u00e1s o menos el 80% de las exportaciones en cuatro productos: petr\u00f3leo, camar\u00f3n banano y<b> <\/b>pesca y El Ni\u00f1o destruy\u00f3 tres de ellas: el banano, el camar\u00f3n y la pesca; quedamos dependiendo del petr\u00f3leo y el petr\u00f3leo cay\u00f3 a US$ 7 por barril. En esos momentos, \u00bfqu\u00e9 hace un pa\u00eds para superarlos? Pide pr\u00e9stamo en el exterior. La deuda le permite hacer un puente, pero coincidi\u00f3 que en ese momento (98-99) tuvimos la crisis econ\u00f3mica de Asia del Este que empez\u00f3 en el tercer mundo y, como consecuencia de eso, se cerraron los mercados.<\/p>\n<p>Cuando yo entre a la Presidencia ten\u00edamos la deuda m\u00e1s alta en relaci\u00f3n al PIB de Am\u00e9rica Latina, porque ya no \u00e9ramos sujeto de cr\u00e9dito.<\/p>\n<p>\u00ab<b>Tuvimos inclusive que caer en default, por todo eso la situaci\u00f3n fue imposible de manejar y adicionalmente<\/b> <b>porque no tuvimos un solo d\u00f3lar de apoyo de las instituciones internacionales, el Fondo Monetario posterg\u00f3 las decisiones, pon\u00eda m\u00e1s condicionamientos, fue totalmente inflexible. Entonces, sin d\u00f3lares, con hiperinflaci\u00f3n, con macro devaluaciones y sin apoyo, vimos que no pod\u00edamos aplicar un t\u00edpico programa de ajuste, ten\u00edamos que inventar un nuevo paradigma y nos fuimos por la dolarizaci\u00f3n: primer pa\u00eds en el mundo que lo hizo.\u00bb<\/b><\/p>\n<p><b>Usted habla mucho de los mitos que se han tejido sobre la dolarizaci\u00f3n, \u00bfcu\u00e1les considera que son los principales?<\/b><\/p>\n<p>Cuando dolarizamos todo eran teor\u00edas, dec\u00edan que se van a afectar las exportaciones, pero hoy sabemos que las exportaciones ecuatorianas crecen. Este momento en muchas partes nos estudian porque quieren entender c\u00f3mo lo que pas\u00f3 contradijo tantas presunciones que antes exist\u00edan en c\u00edrculos acad\u00e9micos.<\/p>\n<p><b>Algo en lo que usted me insiste es en que la dolarizaci\u00f3n fue la mejor y \u00fanica salida en ese momento, pero siempre se ha criticado la decisi\u00f3n, incluso en gobiernos como el de Rafael Correa el discurso contra usted se fortaleci\u00f3\u2026<\/b><\/p>\n<p>Si alguien practic\u00f3 linchamiento medi\u00e1tico fue el Gobierno de Rafael Correa: manipularon a los jueces, me han mantenido fuera de mi pa\u00eds por 22 a\u00f1os, no he podido defenderme como se deb\u00eda porque no he podido estar all\u00e1. Es muy f\u00e1cil hacer le\u00f1a de un \u00e1rbol ca\u00eddo y yo lo sufr\u00ed en carne propia.<\/p>\n<p><b>\u00abCorrea se quejaba todos los d\u00edas de la dolarizaci\u00f3n; sin embargo, no la cambi\u00f3. Cambio la Constituci\u00f3n, cambi\u00f3 la Corte Suprema, tom\u00f3 todas las decisiones que le dio la gana, \u00bfpero por qu\u00e9 no la cambi\u00f3? Porque el d\u00f3lar era m\u00e1s popular que \u00e9l, tal vez en el Ecuador era lo \u00fanico m\u00e1s popular que \u00e9l y sab\u00eda que si lo tocaba iba a tener un rev\u00e9s pol\u00edtico impresionante.\u00bb<\/b><\/p>\n<p>Hizo muchas cosas para que la dolarizaci\u00f3n se cayera sola. En uno de los a\u00f1os de esa presidencia, el porcentaje del gasto p\u00fablico como porcentaje del PIB super\u00f3 el 40%, es decir, todo lo contrario a la dolarizaci\u00f3n, pero ella sobrevivi\u00f3.<\/p>\n<p>E<b>L FUTURO DE LA DOLARIZACI\u00d3N<\/b><br><\/p>\n<p><b>&nbsp;\u00bfC\u00f3mo ve usted hoy la econom\u00eda del Ecuador? \u00bfCu\u00e1l es el destino de la dolarizaci\u00f3n en una econom\u00eda que sigue teniendo problemas similares a los de hace dos d\u00e9cadas?<\/b><\/p>\n<p>&nbsp;Imag\u00ednense el caso del paciente al cual le cambian el h\u00edgado, pero ha fumado toda su vida y entonces tiene los pulmones destrozados y adem\u00e1s el coraz\u00f3n est\u00e1 d\u00e9bil. El h\u00edgado no le va a arreglar esos otros problemas, necesita un tratamiento general y eso es lo que pasa con la dolarizaci\u00f3n.<\/p>\n<p>La idea de cambiar la matriz productiva primero hay que estudiarla bien, hay que hacerla bien y hay que tener paciencia para que d\u00e9 resultados, es un proceso, pero cuando (en el Gobierno de Correa) se convirti\u00f3 al Estado en el mayor gastador de los recursos que entraban a raudales por el precio del petr\u00f3leo, fuimos a contracorriente de lo que deber\u00eda haber sido hecho. Pero hay cosas positivas: los salarios permanecen ah\u00ed y las exportaciones ecuatorianas han crecido.<br><\/p>\n<p><b>\u00bfQu\u00e9 puede pasar con la dolarizaci\u00f3n? \u00bfSe puede mantener a pesar de los gobiernos?<\/b><br><\/p>\n<p>Hay siempre un riesgo. La dolarizaci\u00f3n es como un ser vivo que puede morir por falta de ox\u00edgeno, falta de comida y por falta de movimiento. El ox\u00edgeno de la dolarizaci\u00f3n son los d\u00f3lares, si usted no exporta y no tiene d\u00f3lares, \u00bfc\u00f3mo vive? Segundo, necesita tener un sistema legislativo que le permita moverse, pero todo el esquema de control estatal limita el movimiento del sector privado, y tercero, si usted coge el dinero para el Gobierno, para pagar sueldos, en lugar de invertir m\u00e1s en el sector privado, entonces hay m\u00e1s riesgos.<br><\/p>\n<p>Hay que volver sobre Correa porque estuvo 10 a\u00f1os en el poder. Es muy f\u00e1cil tomar cr\u00e9ditos a cualquier tasa de inter\u00e9s, con cualquier proveedor si el petr\u00f3leo est\u00e1 alto, pero toca pagar esas deudas a gobiernos que tienen el petr\u00f3leo bajo y ese es uno de los cr\u00edmenes del populismo en Am\u00e9rica Latina y en todo el mundo.<br><\/p>\n<p><b>\u00bfQu\u00e9 puede hacer el Ecuador para mantener la dolarizaci\u00f3n a pesar de los pol\u00edticos de turno?<\/b><br><\/p>\n<p><b>\u00abYo creo que el mejor escudo de la dolarizaci\u00f3n es que a la dolarizaci\u00f3n la cuida la gente. Ya pas\u00f3 en la \u00faltima campa\u00f1a electoral, cuando el candidato de Correa (Andr\u00e9s Arauz) dijo que iba a desdolarizar el pa\u00eds y se cay\u00f3 tanto en las encuestas, tan r\u00e1pidamente, que enseguida cambi\u00f3 el discurso. La gente la est\u00e1 defendiendo y eso es lo mejor que puede ocurrir.\u00bb<\/b><br><\/p>\n<p>Ahora, obviamente, un pa\u00eds sin conducci\u00f3n pol\u00edtica o con una conducci\u00f3n pol\u00edtica terriblemente contradictoria, puede parecerse mucho a un pedazo de balsa en el oc\u00e9ano y eso no es lo que un pa\u00eds necesita, un pa\u00eds necesita norte, rumbo, capacidad para que el Estado y el pa\u00eds avancen en ese rumbo trazado.<br><\/p>\n<p><b>LA TRAMA POL\u00cdTICA<\/b><br><\/p>\n<p><b>En su libro usted explica que si bien su popularidad cay\u00f3 cuando fue el congelamiento, con la dolarizaci\u00f3n subi\u00f3 nuevamente. Entonces, \u00bfa qu\u00e9 se debi\u00f3 su salida?<\/b><br><\/p>\n<p>La raz\u00f3n de mi ca\u00edda en popularidad fue el congelamiento, \u00bfpero por qu\u00e9 un presidente tom\u00f3 la decisi\u00f3n as\u00ed<b>? <\/b>\u00bfPorque le gusta ser impopular? Por supuesto que no, porque esa alternativa es muy dolorosa para esa persona y es dolorosa para el pa\u00eds, pero es menos dolorosa que no hacerlo. Hay momentos en que uno tiene que cortarse una mano para salvar la vida y a nadie le gusta perder una mano, pero es peor perder la vida.<br><\/p>\n<p><b>\u00bfHubo algo que pudo hacerse de otra forma en ese momento?<\/b><br><\/p>\n<p><b>\u00abYo deb\u00ed ser m\u00e1s cuidadoso con todas las conspiraciones que se juntaron en el pa\u00eds para armar el golpe de Estado que termin\u00f3 con mi presidencia, yo pens\u00e9 que el sentido democr\u00e1tico estaba m\u00e1s enraizado en el Ecuador.<\/b><b style=\"color: var(--the7-base-color); letter-spacing: var(--the7-base-letter-spacing); text-transform: var(--the7-base-text-transform); word-spacing: normal;\">\u00ab<\/b><\/p>\n<p>Hab\u00edamos pasado un primer a\u00f1o de una inflaci\u00f3n alta muy dura y luego se hubiera estabilizado la econom\u00eda. Hubi\u00e9ramos pasado por el dolor de la ca\u00edda y tambi\u00e9n por el alivio de la subida, pero como se produjo la ca\u00edda se nos cort\u00f3 ese proceso.<br><\/p>\n<p>E<b>ntonces usted atribuye su salida a temas m\u00e1s pol\u00edticos que econ\u00f3micos\u2026<\/b><br><\/p>\n<p>Sin duda hab\u00eda una situaci\u00f3n social muy complicada y muchas personas pescaron a r\u00edo revuelto. Un d\u00eda, un<b> <\/b>profesor de Harvard me dijo: \u201cCuando yo pregunto a gente del Ecuador cu\u00e1l es la decisi\u00f3n de pol\u00edtica internacional m\u00e1s importante de los \u00faltimos 50 a\u00f1os, me dicen que haber firmado la paz con el Per\u00fa; cuando pregunto cu\u00e1l es la decisi\u00f3n de pol\u00edtica econ\u00f3mica m\u00e1s importante de los \u00faltimos 50 a\u00f1os, me dicen que la dolarizaci\u00f3n de la econom\u00eda. Y cuando pregunto cu\u00e1l es la decisi\u00f3n de pol\u00edtica social m\u00e1s importante de los \u00faltimos 50 a\u00f1os, me dicen que es haber creado el bono solidario. Luego me dicen que las tres cosas las hiciste t\u00fa como presidente y al mismo tiempo me dicen que t\u00fa no puedes regresar al Ecuador, expl\u00edcame eso\u201d<b>.<\/b><br><\/p>\n<p><b>\u00bfC\u00f3mo fue para usted sentir el rechazo de la gente hacia la figura pol\u00edtica que representaba?<\/b><br><\/p>\n<p>La parte pol\u00edtica m\u00eda parece m\u00e1s un electrocardiograma, tiene unos picos y unas ca\u00eddas, y yo tuve muchos momentos de gran popularidad, sin duda, por eso gan\u00e9 la Presidencia de la Rep\u00fablica, y luego nos ca\u00edmos por el tema econ\u00f3mico, por cosas que no pod\u00edamos controlar. Hay momentos de gloria y de desgracia, y eso es la vida, pero lo que debe hacer un jefe de Estado es tomar decisiones s\u00f3lidas, bien fundamentadas y pensando en el beneficio de todos y los costos son los que hay que pagar, qu\u00e9 se va a hacer.<br><\/p>\n<p><b>VOLVER A DOLARIZAR<\/b><br><\/p>\n<p><b>Si usted tendr\u00eda que volver a tomar la decisi\u00f3n de dolarizar al pa\u00eds, \u00bflo har\u00eda?<\/b><br><\/p>\n<p><b>\u00abSin lugar a dudas, m\u00e1s a\u00fan con todos los buenos resultados que ha dado, sin lugar a dudas.\u00bb<\/b><\/p>\n<p>La econom\u00eda del Ecuador ya no daba m\u00e1s, ya no pod\u00eda arreglarse ajustando un poco la tasa de inter\u00e9s, ajustando un poco la devaluaci\u00f3n, porque todo eso se hab\u00eda hecho y nada de eso estaba funcionando y entonces se puso el d\u00f3lar como moneda.<br><\/p>\n<p>En nuestro an\u00e1lisis no hab\u00eda manera de que en el Ecuador de ese momento pudi\u00e9semos crear una nueva moneda o algo que tuviera la misma credibilidad que el d\u00f3lar, por eso pensamos que la convertibilidad no iba a funcionar en el Ecuador en ese momento y la descartamos.<br><\/p>\n<p><b>\u00bfUsted habr\u00eda tomado igual esta decisi\u00f3n a pesar del costo pol\u00edtico y personal?<\/b><br><\/p>\n<p><b>Y<\/b>o<b> <\/b>digo que s\u00ed. Yo puedo explicar lo que hice, puedo explicar las razones por las cuales lo hice, mucha<b>s <\/b>personas me creer\u00e1n, muchas no me creer\u00e1n. Yo no puedo hacer nada para que me crean o no me crean, eso depende de ellas, no de m\u00ed, pero yo s\u00e9 que actu\u00e9 pensando en los mejores intereses de mi pa\u00eds y de mi gente y que gracias a Dios el balance es favorable.<\/p>\t\t\t\t\t\t\t\t<\/div>\n\t\t\t\t<\/div>\n\t\t\t\t\t<\/div>\n\t\t<\/div>\n\t\t\t\t\t<\/div>\n\t\t<\/section>\n\t\t\t\t<section class=\"elementor-section elementor-top-section elementor-element elementor-element-633d998 elementor-section-boxed elementor-section-height-default elementor-section-height-default\" data-id=\"633d998\" data-element_type=\"section\" data-e-type=\"section\">\n\t\t\t\t\t\t<div class=\"elementor-container elementor-column-gap-default\">\n\t\t\t\t\t<div class=\"elementor-column elementor-col-100 elementor-top-column elementor-element elementor-element-48c589d\" data-id=\"48c589d\" data-element_type=\"column\" data-e-type=\"column\">\n\t\t\t<div class=\"elementor-widget-wrap elementor-element-populated\">\n\t\t\t\t\t\t<div class=\"elementor-element elementor-element-2d33380 elementor-headline--style-highlight elementor-widget elementor-widget-animated-headline\" data-id=\"2d33380\" data-element_type=\"widget\" data-e-type=\"widget\" data-settings=\"{&quot;highlighted_text&quot;:&quot;reporta Bloomberg&quot;,&quot;headline_style&quot;:&quot;highlight&quot;,&quot;marker&quot;:&quot;circle&quot;,&quot;loop&quot;:&quot;yes&quot;,&quot;highlight_animation_duration&quot;:1200,&quot;highlight_iteration_delay&quot;:8000}\" data-widget_type=\"animated-headline.default\">\n\t\t\t\t<div class=\"elementor-widget-container\">\n\t\t\t\t\t\t\t\t<a href=\"https:\/\/www.bloomberglinea.com\/2022\/09\/20\/exclusiva-jamil-mahuad-y-por-que-se-dolarizo-al-ecuador\/\" target=\"_blank\">\n\n\t\t\t\t\t<p class=\"elementor-headline\">\n\t\t\t\t\t<span class=\"elementor-headline-plain-text elementor-headline-text-wrapper\">Fuente:<\/span>\n\t\t\t\t<span class=\"elementor-headline-dynamic-wrapper elementor-headline-text-wrapper\">\n\t\t\t\t\t<span class=\"elementor-headline-dynamic-text elementor-headline-text-active\">reporta Bloomberg<\/span>\n\t\t\t\t<\/span>\n\t\t\t\t<\/p>\n\t\t<\/a>\t\t\t\t<\/div>\n\t\t\t\t<\/div>\n\t\t\t\t\t<\/div>\n\t\t<\/div>\n\t\t\t\t\t<\/div>\n\t\t<\/section>\n\t\t\t\t<\/div>\n\t\t","protected":false},"excerpt":{"rendered":"<p>90% de los ecuatorianos defiende al d\u00f3lar como moneda; sin embargo, tras 22 a\u00f1os de ser adoptada, hay luces y sombras del proceso. En esta entrevista, su art\u00edfice explica c\u00f3mo fue QUITO &#8211; En 1998 y 1999, el Ecuador vivi\u00f3 una de las peores crisis econ\u00f3micas, sociales y pol\u00edticas de su historia. En este contexto,&hellip;<\/p>\n","protected":false},"author":1,"featured_media":65173,"comment_status":"open","ping_status":"closed","sticky":false,"template":"","format":"standard","meta":{"content-type":"","_joinchat":[],"footnotes":""},"categories":[4],"tags":[],"class_list":["post-65171","post","type-post","status-publish","format-standard","has-post-thumbnail","hentry","category-sin-categoria"],"yoast_head":"<!-- This site is optimized with the Yoast SEO plugin v27.5 - https:\/\/yoast.com\/product\/yoast-seo-wordpress\/ -->\n<title>EXCLUSIVA: Jamil Mahuad y por qu\u00e9 se dolariz\u00f3 al Ecuador - Santa Fe Casa de Valores S.A.<\/title>\n<meta name=\"robots\" content=\"index, follow, max-snippet:-1, max-image-preview:large, max-video-preview:-1\" \/>\n<link rel=\"canonical\" href=\"https:\/\/www.santafevalores.com\/index.php\/2022\/09\/20\/exclusiva-jamil-mahuad-y-por-que-se-dolarizo-al-ecuador\/\" \/>\n<meta property=\"og:locale\" content=\"es_ES\" \/>\n<meta property=\"og:type\" content=\"article\" \/>\n<meta property=\"og:title\" content=\"EXCLUSIVA: Jamil Mahuad y por qu\u00e9 se dolariz\u00f3 al Ecuador - Santa Fe Casa de Valores S.A.\" \/>\n<meta property=\"og:description\" content=\"90% de los ecuatorianos defiende al d\u00f3lar como moneda; sin embargo, tras 22 a\u00f1os de ser adoptada, hay luces y sombras del proceso. En esta entrevista, su art\u00edfice explica c\u00f3mo fue QUITO &#8211; En 1998 y 1999, el Ecuador vivi\u00f3 una de las peores crisis econ\u00f3micas, sociales y pol\u00edticas de su historia. En este contexto,&hellip;\" \/>\n<meta property=\"og:url\" content=\"https:\/\/www.santafevalores.com\/index.php\/2022\/09\/20\/exclusiva-jamil-mahuad-y-por-que-se-dolarizo-al-ecuador\/\" \/>\n<meta property=\"og:site_name\" content=\"Santa Fe Casa de Valores S.A.\" \/>\n<meta property=\"article:publisher\" content=\"https:\/\/www.facebook.com\/santafevalores\/\" \/>\n<meta property=\"article:published_time\" content=\"2022-09-20T16:20:18+00:00\" \/>\n<meta property=\"og:image\" content=\"https:\/\/www.santafevalores.com\/wp-content\/uploads\/2022\/09\/SFVIMG18.jpg\" \/>\n\t<meta property=\"og:image:width\" content=\"1440\" \/>\n\t<meta property=\"og:image:height\" content=\"961\" \/>\n\t<meta property=\"og:image:type\" content=\"image\/jpeg\" \/>\n<meta name=\"author\" content=\"admin\" \/>\n<meta name=\"twitter:card\" content=\"summary_large_image\" \/>\n<meta name=\"twitter:creator\" content=\"@SantaFeValores\" \/>\n<meta name=\"twitter:site\" content=\"@SantaFeValores\" \/>\n<meta name=\"twitter:label1\" content=\"Escrito por\" \/>\n\t<meta name=\"twitter:data1\" content=\"admin\" \/>\n\t<meta name=\"twitter:label2\" content=\"Tiempo de lectura\" \/>\n\t<meta name=\"twitter:data2\" content=\"14 minutos\" \/>\n<script type=\"application\/ld+json\" class=\"yoast-schema-graph\">{\"@context\":\"https:\\\/\\\/schema.org\",\"@graph\":[{\"@type\":\"Article\",\"@id\":\"https:\\\/\\\/www.santafevalores.com\\\/index.php\\\/2022\\\/09\\\/20\\\/exclusiva-jamil-mahuad-y-por-que-se-dolarizo-al-ecuador\\\/#article\",\"isPartOf\":{\"@id\":\"https:\\\/\\\/www.santafevalores.com\\\/index.php\\\/2022\\\/09\\\/20\\\/exclusiva-jamil-mahuad-y-por-que-se-dolarizo-al-ecuador\\\/\"},\"author\":{\"name\":\"admin\",\"@id\":\"https:\\\/\\\/www.santafevalores.com\\\/#\\\/schema\\\/person\\\/d965a42370507d0a1638e69158bb5835\"},\"headline\":\"EXCLUSIVA: Jamil Mahuad y por qu\u00e9 se dolariz\u00f3 al Ecuador\",\"datePublished\":\"2022-09-20T16:20:18+00:00\",\"mainEntityOfPage\":{\"@id\":\"https:\\\/\\\/www.santafevalores.com\\\/index.php\\\/2022\\\/09\\\/20\\\/exclusiva-jamil-mahuad-y-por-que-se-dolarizo-al-ecuador\\\/\"},\"wordCount\":3284,\"commentCount\":0,\"publisher\":{\"@id\":\"https:\\\/\\\/www.santafevalores.com\\\/#organization\"},\"image\":{\"@id\":\"https:\\\/\\\/www.santafevalores.com\\\/index.php\\\/2022\\\/09\\\/20\\\/exclusiva-jamil-mahuad-y-por-que-se-dolarizo-al-ecuador\\\/#primaryimage\"},\"thumbnailUrl\":\"https:\\\/\\\/www.santafevalores.com\\\/wp-content\\\/uploads\\\/2022\\\/09\\\/SFVIMG18.jpg\",\"inLanguage\":\"es\",\"potentialAction\":[{\"@type\":\"CommentAction\",\"name\":\"Comment\",\"target\":[\"https:\\\/\\\/www.santafevalores.com\\\/index.php\\\/2022\\\/09\\\/20\\\/exclusiva-jamil-mahuad-y-por-que-se-dolarizo-al-ecuador\\\/#respond\"]}]},{\"@type\":\"WebPage\",\"@id\":\"https:\\\/\\\/www.santafevalores.com\\\/index.php\\\/2022\\\/09\\\/20\\\/exclusiva-jamil-mahuad-y-por-que-se-dolarizo-al-ecuador\\\/\",\"url\":\"https:\\\/\\\/www.santafevalores.com\\\/index.php\\\/2022\\\/09\\\/20\\\/exclusiva-jamil-mahuad-y-por-que-se-dolarizo-al-ecuador\\\/\",\"name\":\"EXCLUSIVA: Jamil Mahuad y por qu\u00e9 se dolariz\u00f3 al Ecuador - Santa Fe Casa de Valores S.A.\",\"isPartOf\":{\"@id\":\"https:\\\/\\\/www.santafevalores.com\\\/#website\"},\"primaryImageOfPage\":{\"@id\":\"https:\\\/\\\/www.santafevalores.com\\\/index.php\\\/2022\\\/09\\\/20\\\/exclusiva-jamil-mahuad-y-por-que-se-dolarizo-al-ecuador\\\/#primaryimage\"},\"image\":{\"@id\":\"https:\\\/\\\/www.santafevalores.com\\\/index.php\\\/2022\\\/09\\\/20\\\/exclusiva-jamil-mahuad-y-por-que-se-dolarizo-al-ecuador\\\/#primaryimage\"},\"thumbnailUrl\":\"https:\\\/\\\/www.santafevalores.com\\\/wp-content\\\/uploads\\\/2022\\\/09\\\/SFVIMG18.jpg\",\"datePublished\":\"2022-09-20T16:20:18+00:00\",\"breadcrumb\":{\"@id\":\"https:\\\/\\\/www.santafevalores.com\\\/index.php\\\/2022\\\/09\\\/20\\\/exclusiva-jamil-mahuad-y-por-que-se-dolarizo-al-ecuador\\\/#breadcrumb\"},\"inLanguage\":\"es\",\"potentialAction\":[{\"@type\":\"ReadAction\",\"target\":[\"https:\\\/\\\/www.santafevalores.com\\\/index.php\\\/2022\\\/09\\\/20\\\/exclusiva-jamil-mahuad-y-por-que-se-dolarizo-al-ecuador\\\/\"]}]},{\"@type\":\"ImageObject\",\"inLanguage\":\"es\",\"@id\":\"https:\\\/\\\/www.santafevalores.com\\\/index.php\\\/2022\\\/09\\\/20\\\/exclusiva-jamil-mahuad-y-por-que-se-dolarizo-al-ecuador\\\/#primaryimage\",\"url\":\"https:\\\/\\\/www.santafevalores.com\\\/wp-content\\\/uploads\\\/2022\\\/09\\\/SFVIMG18.jpg\",\"contentUrl\":\"https:\\\/\\\/www.santafevalores.com\\\/wp-content\\\/uploads\\\/2022\\\/09\\\/SFVIMG18.jpg\",\"width\":1440,\"height\":961},{\"@type\":\"BreadcrumbList\",\"@id\":\"https:\\\/\\\/www.santafevalores.com\\\/index.php\\\/2022\\\/09\\\/20\\\/exclusiva-jamil-mahuad-y-por-que-se-dolarizo-al-ecuador\\\/#breadcrumb\",\"itemListElement\":[{\"@type\":\"ListItem\",\"position\":1,\"name\":\"Portada\",\"item\":\"https:\\\/\\\/www.santafevalores.com\\\/\"},{\"@type\":\"ListItem\",\"position\":2,\"name\":\"EXCLUSIVA: Jamil Mahuad y por qu\u00e9 se dolariz\u00f3 al Ecuador\"}]},{\"@type\":\"WebSite\",\"@id\":\"https:\\\/\\\/www.santafevalores.com\\\/#website\",\"url\":\"https:\\\/\\\/www.santafevalores.com\\\/\",\"name\":\"Santa Fe Casa de Valores S.A.\",\"description\":\"\",\"publisher\":{\"@id\":\"https:\\\/\\\/www.santafevalores.com\\\/#organization\"},\"potentialAction\":[{\"@type\":\"SearchAction\",\"target\":{\"@type\":\"EntryPoint\",\"urlTemplate\":\"https:\\\/\\\/www.santafevalores.com\\\/?s={search_term_string}\"},\"query-input\":{\"@type\":\"PropertyValueSpecification\",\"valueRequired\":true,\"valueName\":\"search_term_string\"}}],\"inLanguage\":\"es\"},{\"@type\":\"Organization\",\"@id\":\"https:\\\/\\\/www.santafevalores.com\\\/#organization\",\"name\":\"Santa Fe Casa de Valores S.A.\",\"alternateName\":\"SANTAFEVALORES\",\"url\":\"https:\\\/\\\/www.santafevalores.com\\\/\",\"logo\":{\"@type\":\"ImageObject\",\"inLanguage\":\"es\",\"@id\":\"https:\\\/\\\/www.santafevalores.com\\\/#\\\/schema\\\/logo\\\/image\\\/\",\"url\":\"https:\\\/\\\/www.santafevalores.com\\\/wp-content\\\/uploads\\\/2022\\\/06\\\/logo1.png\",\"contentUrl\":\"https:\\\/\\\/www.santafevalores.com\\\/wp-content\\\/uploads\\\/2022\\\/06\\\/logo1.png\",\"width\":235,\"height\":71,\"caption\":\"Santa Fe Casa de Valores S.A.\"},\"image\":{\"@id\":\"https:\\\/\\\/www.santafevalores.com\\\/#\\\/schema\\\/logo\\\/image\\\/\"},\"sameAs\":[\"https:\\\/\\\/www.facebook.com\\\/santafevalores\\\/\",\"https:\\\/\\\/x.com\\\/SantaFeValores\"]},{\"@type\":\"Person\",\"@id\":\"https:\\\/\\\/www.santafevalores.com\\\/#\\\/schema\\\/person\\\/d965a42370507d0a1638e69158bb5835\",\"name\":\"admin\",\"image\":{\"@type\":\"ImageObject\",\"inLanguage\":\"es\",\"@id\":\"https:\\\/\\\/secure.gravatar.com\\\/avatar\\\/97ec7f9eb6068ddac59d3806ca0034c167fce748f524adcfad8629911220756f?s=96&d=mm&r=g\",\"url\":\"https:\\\/\\\/secure.gravatar.com\\\/avatar\\\/97ec7f9eb6068ddac59d3806ca0034c167fce748f524adcfad8629911220756f?s=96&d=mm&r=g\",\"contentUrl\":\"https:\\\/\\\/secure.gravatar.com\\\/avatar\\\/97ec7f9eb6068ddac59d3806ca0034c167fce748f524adcfad8629911220756f?s=96&d=mm&r=g\",\"caption\":\"admin\"},\"sameAs\":[\"https:\\\/\\\/www.santafevalores.com\"],\"url\":\"https:\\\/\\\/www.santafevalores.com\\\/index.php\\\/author\\\/santafevaloresuio_ggv0vv79\\\/\"}]}<\/script>\n<!-- \/ Yoast SEO plugin. -->","yoast_head_json":{"title":"EXCLUSIVA: Jamil Mahuad y por qu\u00e9 se dolariz\u00f3 al Ecuador - Santa Fe Casa de Valores S.A.","robots":{"index":"index","follow":"follow","max-snippet":"max-snippet:-1","max-image-preview":"max-image-preview:large","max-video-preview":"max-video-preview:-1"},"canonical":"https:\/\/www.santafevalores.com\/index.php\/2022\/09\/20\/exclusiva-jamil-mahuad-y-por-que-se-dolarizo-al-ecuador\/","og_locale":"es_ES","og_type":"article","og_title":"EXCLUSIVA: Jamil Mahuad y por qu\u00e9 se dolariz\u00f3 al Ecuador - Santa Fe Casa de Valores S.A.","og_description":"90% de los ecuatorianos defiende al d\u00f3lar como moneda; sin embargo, tras 22 a\u00f1os de ser adoptada, hay luces y sombras del proceso. En esta entrevista, su art\u00edfice explica c\u00f3mo fue QUITO &#8211; En 1998 y 1999, el Ecuador vivi\u00f3 una de las peores crisis econ\u00f3micas, sociales y pol\u00edticas de su historia. En este contexto,&hellip;","og_url":"https:\/\/www.santafevalores.com\/index.php\/2022\/09\/20\/exclusiva-jamil-mahuad-y-por-que-se-dolarizo-al-ecuador\/","og_site_name":"Santa Fe Casa de Valores S.A.","article_publisher":"https:\/\/www.facebook.com\/santafevalores\/","article_published_time":"2022-09-20T16:20:18+00:00","og_image":[{"width":1440,"height":961,"url":"https:\/\/www.santafevalores.com\/wp-content\/uploads\/2022\/09\/SFVIMG18.jpg","type":"image\/jpeg"}],"author":"admin","twitter_card":"summary_large_image","twitter_creator":"@SantaFeValores","twitter_site":"@SantaFeValores","twitter_misc":{"Escrito por":"admin","Tiempo de lectura":"14 minutos"},"schema":{"@context":"https:\/\/schema.org","@graph":[{"@type":"Article","@id":"https:\/\/www.santafevalores.com\/index.php\/2022\/09\/20\/exclusiva-jamil-mahuad-y-por-que-se-dolarizo-al-ecuador\/#article","isPartOf":{"@id":"https:\/\/www.santafevalores.com\/index.php\/2022\/09\/20\/exclusiva-jamil-mahuad-y-por-que-se-dolarizo-al-ecuador\/"},"author":{"name":"admin","@id":"https:\/\/www.santafevalores.com\/#\/schema\/person\/d965a42370507d0a1638e69158bb5835"},"headline":"EXCLUSIVA: Jamil Mahuad y por qu\u00e9 se dolariz\u00f3 al Ecuador","datePublished":"2022-09-20T16:20:18+00:00","mainEntityOfPage":{"@id":"https:\/\/www.santafevalores.com\/index.php\/2022\/09\/20\/exclusiva-jamil-mahuad-y-por-que-se-dolarizo-al-ecuador\/"},"wordCount":3284,"commentCount":0,"publisher":{"@id":"https:\/\/www.santafevalores.com\/#organization"},"image":{"@id":"https:\/\/www.santafevalores.com\/index.php\/2022\/09\/20\/exclusiva-jamil-mahuad-y-por-que-se-dolarizo-al-ecuador\/#primaryimage"},"thumbnailUrl":"https:\/\/www.santafevalores.com\/wp-content\/uploads\/2022\/09\/SFVIMG18.jpg","inLanguage":"es","potentialAction":[{"@type":"CommentAction","name":"Comment","target":["https:\/\/www.santafevalores.com\/index.php\/2022\/09\/20\/exclusiva-jamil-mahuad-y-por-que-se-dolarizo-al-ecuador\/#respond"]}]},{"@type":"WebPage","@id":"https:\/\/www.santafevalores.com\/index.php\/2022\/09\/20\/exclusiva-jamil-mahuad-y-por-que-se-dolarizo-al-ecuador\/","url":"https:\/\/www.santafevalores.com\/index.php\/2022\/09\/20\/exclusiva-jamil-mahuad-y-por-que-se-dolarizo-al-ecuador\/","name":"EXCLUSIVA: Jamil Mahuad y por qu\u00e9 se dolariz\u00f3 al Ecuador - Santa Fe Casa de Valores S.A.","isPartOf":{"@id":"https:\/\/www.santafevalores.com\/#website"},"primaryImageOfPage":{"@id":"https:\/\/www.santafevalores.com\/index.php\/2022\/09\/20\/exclusiva-jamil-mahuad-y-por-que-se-dolarizo-al-ecuador\/#primaryimage"},"image":{"@id":"https:\/\/www.santafevalores.com\/index.php\/2022\/09\/20\/exclusiva-jamil-mahuad-y-por-que-se-dolarizo-al-ecuador\/#primaryimage"},"thumbnailUrl":"https:\/\/www.santafevalores.com\/wp-content\/uploads\/2022\/09\/SFVIMG18.jpg","datePublished":"2022-09-20T16:20:18+00:00","breadcrumb":{"@id":"https:\/\/www.santafevalores.com\/index.php\/2022\/09\/20\/exclusiva-jamil-mahuad-y-por-que-se-dolarizo-al-ecuador\/#breadcrumb"},"inLanguage":"es","potentialAction":[{"@type":"ReadAction","target":["https:\/\/www.santafevalores.com\/index.php\/2022\/09\/20\/exclusiva-jamil-mahuad-y-por-que-se-dolarizo-al-ecuador\/"]}]},{"@type":"ImageObject","inLanguage":"es","@id":"https:\/\/www.santafevalores.com\/index.php\/2022\/09\/20\/exclusiva-jamil-mahuad-y-por-que-se-dolarizo-al-ecuador\/#primaryimage","url":"https:\/\/www.santafevalores.com\/wp-content\/uploads\/2022\/09\/SFVIMG18.jpg","contentUrl":"https:\/\/www.santafevalores.com\/wp-content\/uploads\/2022\/09\/SFVIMG18.jpg","width":1440,"height":961},{"@type":"BreadcrumbList","@id":"https:\/\/www.santafevalores.com\/index.php\/2022\/09\/20\/exclusiva-jamil-mahuad-y-por-que-se-dolarizo-al-ecuador\/#breadcrumb","itemListElement":[{"@type":"ListItem","position":1,"name":"Portada","item":"https:\/\/www.santafevalores.com\/"},{"@type":"ListItem","position":2,"name":"EXCLUSIVA: Jamil Mahuad y por qu\u00e9 se dolariz\u00f3 al Ecuador"}]},{"@type":"WebSite","@id":"https:\/\/www.santafevalores.com\/#website","url":"https:\/\/www.santafevalores.com\/","name":"Santa Fe Casa de Valores S.A.","description":"","publisher":{"@id":"https:\/\/www.santafevalores.com\/#organization"},"potentialAction":[{"@type":"SearchAction","target":{"@type":"EntryPoint","urlTemplate":"https:\/\/www.santafevalores.com\/?s={search_term_string}"},"query-input":{"@type":"PropertyValueSpecification","valueRequired":true,"valueName":"search_term_string"}}],"inLanguage":"es"},{"@type":"Organization","@id":"https:\/\/www.santafevalores.com\/#organization","name":"Santa Fe Casa de Valores S.A.","alternateName":"SANTAFEVALORES","url":"https:\/\/www.santafevalores.com\/","logo":{"@type":"ImageObject","inLanguage":"es","@id":"https:\/\/www.santafevalores.com\/#\/schema\/logo\/image\/","url":"https:\/\/www.santafevalores.com\/wp-content\/uploads\/2022\/06\/logo1.png","contentUrl":"https:\/\/www.santafevalores.com\/wp-content\/uploads\/2022\/06\/logo1.png","width":235,"height":71,"caption":"Santa Fe Casa de Valores S.A."},"image":{"@id":"https:\/\/www.santafevalores.com\/#\/schema\/logo\/image\/"},"sameAs":["https:\/\/www.facebook.com\/santafevalores\/","https:\/\/x.com\/SantaFeValores"]},{"@type":"Person","@id":"https:\/\/www.santafevalores.com\/#\/schema\/person\/d965a42370507d0a1638e69158bb5835","name":"admin","image":{"@type":"ImageObject","inLanguage":"es","@id":"https:\/\/secure.gravatar.com\/avatar\/97ec7f9eb6068ddac59d3806ca0034c167fce748f524adcfad8629911220756f?s=96&d=mm&r=g","url":"https:\/\/secure.gravatar.com\/avatar\/97ec7f9eb6068ddac59d3806ca0034c167fce748f524adcfad8629911220756f?s=96&d=mm&r=g","contentUrl":"https:\/\/secure.gravatar.com\/avatar\/97ec7f9eb6068ddac59d3806ca0034c167fce748f524adcfad8629911220756f?s=96&d=mm&r=g","caption":"admin"},"sameAs":["https:\/\/www.santafevalores.com"],"url":"https:\/\/www.santafevalores.com\/index.php\/author\/santafevaloresuio_ggv0vv79\/"}]}},"_links":{"self":[{"href":"https:\/\/www.santafevalores.com\/index.php\/wp-json\/wp\/v2\/posts\/65171","targetHints":{"allow":["GET"]}}],"collection":[{"href":"https:\/\/www.santafevalores.com\/index.php\/wp-json\/wp\/v2\/posts"}],"about":[{"href":"https:\/\/www.santafevalores.com\/index.php\/wp-json\/wp\/v2\/types\/post"}],"author":[{"embeddable":true,"href":"https:\/\/www.santafevalores.com\/index.php\/wp-json\/wp\/v2\/users\/1"}],"replies":[{"embeddable":true,"href":"https:\/\/www.santafevalores.com\/index.php\/wp-json\/wp\/v2\/comments?post=65171"}],"version-history":[{"count":0,"href":"https:\/\/www.santafevalores.com\/index.php\/wp-json\/wp\/v2\/posts\/65171\/revisions"}],"wp:featuredmedia":[{"embeddable":true,"href":"https:\/\/www.santafevalores.com\/index.php\/wp-json\/wp\/v2\/media\/65173"}],"wp:attachment":[{"href":"https:\/\/www.santafevalores.com\/index.php\/wp-json\/wp\/v2\/media?parent=65171"}],"wp:term":[{"taxonomy":"category","embeddable":true,"href":"https:\/\/www.santafevalores.com\/index.php\/wp-json\/wp\/v2\/categories?post=65171"},{"taxonomy":"post_tag","embeddable":true,"href":"https:\/\/www.santafevalores.com\/index.php\/wp-json\/wp\/v2\/tags?post=65171"}],"curies":[{"name":"wp","href":"https:\/\/api.w.org\/{rel}","templated":true}]}}