{"id":65238,"date":"2022-09-21T14:28:11","date_gmt":"2022-09-21T19:28:11","guid":{"rendered":"https:\/\/santafevalores.com\/?p=65238"},"modified":"2022-09-21T14:28:11","modified_gmt":"2022-09-21T19:28:11","slug":"el-dolar-alcanza-su-valor-mas-alto-de-los-ultimos-20-anos","status":"publish","type":"post","link":"https:\/\/www.santafevalores.com\/index.php\/2022\/09\/21\/el-dolar-alcanza-su-valor-mas-alto-de-los-ultimos-20-anos\/","title":{"rendered":"El d\u00f3lar alcanza su valor m\u00e1s alto de los \u00faltimos 20 a\u00f1os"},"content":{"rendered":"\t\t<div data-elementor-type=\"wp-post\" data-elementor-id=\"65238\" class=\"elementor elementor-65238\" data-elementor-post-type=\"post\">\n\t\t\t\t\t\t<section class=\"elementor-section elementor-top-section elementor-element elementor-element-3e4f88e elementor-section-boxed elementor-section-height-default elementor-section-height-default\" data-id=\"3e4f88e\" data-element_type=\"section\" data-e-type=\"section\">\n\t\t\t\t\t\t<div class=\"elementor-container elementor-column-gap-default\">\n\t\t\t\t\t<div class=\"elementor-column elementor-col-100 elementor-top-column elementor-element elementor-element-ddeb59e\" data-id=\"ddeb59e\" data-element_type=\"column\" data-e-type=\"column\">\n\t\t\t<div class=\"elementor-widget-wrap elementor-element-populated\">\n\t\t\t\t\t\t<div class=\"elementor-element elementor-element-d40af1a elementor-widget elementor-widget-image\" data-id=\"d40af1a\" data-element_type=\"widget\" data-e-type=\"widget\" data-widget_type=\"image.default\">\n\t\t\t\t<div class=\"elementor-widget-container\">\n\t\t\t\t\t\t\t\t\t\t\t\t\t\t\t<img fetchpriority=\"high\" decoding=\"async\" width=\"822\" height=\"460\" src=\"https:\/\/www.santafevalores.com\/wp-content\/uploads\/2022\/09\/SFVIMG21.webp\" class=\"attachment-large size-large wp-image-65241\" alt=\"\" srcset=\"https:\/\/www.santafevalores.com\/wp-content\/uploads\/2022\/09\/SFVIMG21.webp 822w, https:\/\/www.santafevalores.com\/wp-content\/uploads\/2022\/09\/SFVIMG21-300x168.webp 300w, https:\/\/www.santafevalores.com\/wp-content\/uploads\/2022\/09\/SFVIMG21-768x430.webp 768w\" sizes=\"(max-width: 822px) 100vw, 822px\" \/>\t\t\t\t\t\t\t\t\t\t\t\t\t\t\t<\/div>\n\t\t\t\t<\/div>\n\t\t\t\t\t<\/div>\n\t\t<\/div>\n\t\t\t\t\t<\/div>\n\t\t<\/section>\n\t\t\t\t<section class=\"elementor-section elementor-top-section elementor-element elementor-element-eeea41a elementor-section-boxed elementor-section-height-default elementor-section-height-default\" data-id=\"eeea41a\" data-element_type=\"section\" data-e-type=\"section\">\n\t\t\t\t\t\t<div class=\"elementor-container elementor-column-gap-default\">\n\t\t\t\t\t<div class=\"elementor-column elementor-col-100 elementor-top-column elementor-element elementor-element-1a5264d\" data-id=\"1a5264d\" data-element_type=\"column\" data-e-type=\"column\">\n\t\t\t<div class=\"elementor-widget-wrap elementor-element-populated\">\n\t\t\t\t\t\t<div class=\"elementor-element elementor-element-78f30e1 elementor-widget elementor-widget-text-editor\" data-id=\"78f30e1\" data-element_type=\"widget\" data-e-type=\"widget\" data-widget_type=\"text-editor.default\">\n\t\t\t\t<div class=\"elementor-widget-container\">\n\t\t\t\t\t\t\t\t\t<p><span style=\"color: var(--the7-base-color); letter-spacing: var(--the7-base-letter-spacing); text-transform: var(--the7-base-text-transform); word-spacing: normal;\">El \u00edndice del d\u00f3lar, que mide el valor del d\u00f3lar estadounidense frente a otras seis monedas importantes, salt\u00f3 casi un 0,6% a 110,87 tras la noticia, su nivel m\u00e1s alto desde 2002.<\/span><\/p>\n<p>El d\u00f3lar estadounidense salt\u00f3 a un nuevo m\u00e1ximo de 20 a\u00f1os despu\u00e9s de que el presidente ruso, Vladimir Putin, reclutara a 300.000 reservistas para reforzar su incipiente invasi\u00f3n de Ucrania y amenazara con usar armas nucleares para proteger los intereses de Rusia, una gran escalada que sacudi\u00f3 los mercados mientras Mosc\u00fa se prepara para anexar franjas de territorio ocupado.<\/p>\n<p>El \u00edndice del d\u00f3lar, que mide el valor del d\u00f3lar estadounidense frente a otras seis monedas importantes, salt\u00f3 casi un 0,6% a 110,87 tras la noticia, su nivel m\u00e1s alto desde 2002. Sin embargo, a las monedas europeas les fue peor, con la libra esterlina brit\u00e1nica cayendo hasta un 0,7% frente al d\u00f3lar y cayendo a un m\u00ednimo de 37 a\u00f1os.<\/p>\n<p>El euro, que cay\u00f3 por debajo de la paridad con el d\u00f3lar este verano, cay\u00f3 un 0,7% a un m\u00ednimo de dos semanas. Los activos de refugio seguro tambi\u00e9n subieron tras la noticia, con el yen japon\u00e9s subiendo un 0,3% frente al d\u00f3lar y el oro saltando un 0,6%.<\/p>\n<p>Se espera que la Reserva Federal anuncie hoy un fuerte aumento de las tasas de inter\u00e9s en un intento por contener la inflaci\u00f3n galopante. Tambi\u00e9n se espera que anuncie m\u00e1s planes para aumentar la tasa en los pr\u00f3ximos meses, en l\u00ednea con los bancos centrales de todo el mundo que tambi\u00e9n est\u00e1n luchando contra la inflaci\u00f3n creciente y la creciente crisis del costo de vida.<\/p>\t\t\t\t\t\t\t\t<\/div>\n\t\t\t\t<\/div>\n\t\t\t\t\t<\/div>\n\t\t<\/div>\n\t\t\t\t\t<\/div>\n\t\t<\/section>\n\t\t\t\t<section class=\"elementor-section elementor-top-section elementor-element elementor-element-571c373 elementor-section-boxed elementor-section-height-default elementor-section-height-default\" data-id=\"571c373\" data-element_type=\"section\" data-e-type=\"section\">\n\t\t\t\t\t\t<div class=\"elementor-container elementor-column-gap-default\">\n\t\t\t\t\t<div class=\"elementor-column elementor-col-100 elementor-top-column elementor-element elementor-element-8dfcc5f\" data-id=\"8dfcc5f\" data-element_type=\"column\" data-e-type=\"column\">\n\t\t\t<div class=\"elementor-widget-wrap elementor-element-populated\">\n\t\t\t\t\t\t<div class=\"elementor-element elementor-element-a14ae6f elementor-headline--style-highlight elementor-widget elementor-widget-animated-headline\" data-id=\"a14ae6f\" data-element_type=\"widget\" data-e-type=\"widget\" data-settings=\"{&quot;highlighted_text&quot;:&quot;reporta Forbes&quot;,&quot;headline_style&quot;:&quot;highlight&quot;,&quot;marker&quot;:&quot;circle&quot;,&quot;loop&quot;:&quot;yes&quot;,&quot;highlight_animation_duration&quot;:1200,&quot;highlight_iteration_delay&quot;:8000}\" data-widget_type=\"animated-headline.default\">\n\t\t\t\t<div class=\"elementor-widget-container\">\n\t\t\t\t\t\t\t\t<a href=\"https:\/\/www.forbes.com.ec\/money\/el-dolar-alcanza-su-valor-mas-alto-ultimos-20-anos-n22357\" target=\"_blank\">\n\n\t\t\t\t\t<p class=\"elementor-headline\">\n\t\t\t\t\t<span class=\"elementor-headline-plain-text elementor-headline-text-wrapper\">Fuente:<\/span>\n\t\t\t\t<span class=\"elementor-headline-dynamic-wrapper elementor-headline-text-wrapper\">\n\t\t\t\t\t<span class=\"elementor-headline-dynamic-text elementor-headline-text-active\">reporta Forbes<\/span>\n\t\t\t\t<\/span>\n\t\t\t\t<\/p>\n\t\t<\/a>\t\t\t\t<\/div>\n\t\t\t\t<\/div>\n\t\t\t\t\t<\/div>\n\t\t<\/div>\n\t\t\t\t\t<\/div>\n\t\t<\/section>\n\t\t\t\t<\/div>\n\t\t","protected":false},"excerpt":{"rendered":"<p>El \u00edndice del d\u00f3lar, que mide el valor del d\u00f3lar estadounidense frente a otras seis monedas importantes, salt\u00f3 casi un 0,6% a 110,87 tras la noticia, su nivel m\u00e1s alto desde 2002. El d\u00f3lar estadounidense salt\u00f3 a un nuevo m\u00e1ximo de 20 a\u00f1os despu\u00e9s de que el presidente ruso, Vladimir Putin, reclutara a 300.000 reservistas&hellip;<\/p>\n","protected":false},"author":1,"featured_media":65241,"comment_status":"open","ping_status":"closed","sticky":false,"template":"","format":"standard","meta":{"content-type":"","_joinchat":[],"footnotes":""},"categories":[4],"tags":[],"class_list":["post-65238","post","type-post","status-publish","format-standard","has-post-thumbnail","hentry","category-sin-categoria"],"yoast_head":"<!-- This site is optimized with the Yoast SEO plugin v27.5 - https:\/\/yoast.com\/product\/yoast-seo-wordpress\/ -->\n<title>El d\u00f3lar alcanza su valor m\u00e1s alto de los \u00faltimos 20 a\u00f1os - Santa Fe Casa de Valores S.A.<\/title>\n<meta name=\"robots\" content=\"index, follow, max-snippet:-1, max-image-preview:large, max-video-preview:-1\" \/>\n<link rel=\"canonical\" href=\"https:\/\/www.santafevalores.com\/index.php\/2022\/09\/21\/el-dolar-alcanza-su-valor-mas-alto-de-los-ultimos-20-anos\/\" \/>\n<meta property=\"og:locale\" content=\"es_ES\" \/>\n<meta property=\"og:type\" content=\"article\" \/>\n<meta property=\"og:title\" content=\"El d\u00f3lar alcanza su valor m\u00e1s alto de los \u00faltimos 20 a\u00f1os - Santa Fe Casa de Valores S.A.\" \/>\n<meta property=\"og:description\" content=\"El \u00edndice del d\u00f3lar, que mide el valor del d\u00f3lar estadounidense frente a otras seis monedas importantes, salt\u00f3 casi un 0,6% a 110,87 tras la noticia, su nivel m\u00e1s alto desde 2002. El d\u00f3lar estadounidense salt\u00f3 a un nuevo m\u00e1ximo de 20 a\u00f1os despu\u00e9s de que el presidente ruso, Vladimir Putin, reclutara a 300.000 reservistas&hellip;\" \/>\n<meta property=\"og:url\" content=\"https:\/\/www.santafevalores.com\/index.php\/2022\/09\/21\/el-dolar-alcanza-su-valor-mas-alto-de-los-ultimos-20-anos\/\" \/>\n<meta property=\"og:site_name\" content=\"Santa Fe Casa de Valores S.A.\" \/>\n<meta property=\"article:publisher\" content=\"https:\/\/www.facebook.com\/santafevalores\/\" \/>\n<meta property=\"article:published_time\" content=\"2022-09-21T19:28:11+00:00\" \/>\n<meta property=\"og:image\" content=\"https:\/\/www.santafevalores.com\/wp-content\/uploads\/2022\/09\/SFVIMG21.webp\" \/>\n\t<meta property=\"og:image:width\" content=\"822\" \/>\n\t<meta property=\"og:image:height\" content=\"460\" \/>\n\t<meta property=\"og:image:type\" content=\"image\/webp\" \/>\n<meta name=\"author\" content=\"admin\" \/>\n<meta name=\"twitter:card\" content=\"summary_large_image\" \/>\n<meta name=\"twitter:creator\" content=\"@SantaFeValores\" \/>\n<meta name=\"twitter:site\" content=\"@SantaFeValores\" \/>\n<meta name=\"twitter:label1\" content=\"Escrito por\" \/>\n\t<meta name=\"twitter:data1\" content=\"admin\" \/>\n\t<meta name=\"twitter:label2\" content=\"Tiempo de lectura\" \/>\n\t<meta name=\"twitter:data2\" content=\"2 minutos\" \/>\n<script type=\"application\/ld+json\" class=\"yoast-schema-graph\">{\"@context\":\"https:\\\/\\\/schema.org\",\"@graph\":[{\"@type\":\"Article\",\"@id\":\"https:\\\/\\\/www.santafevalores.com\\\/index.php\\\/2022\\\/09\\\/21\\\/el-dolar-alcanza-su-valor-mas-alto-de-los-ultimos-20-anos\\\/#article\",\"isPartOf\":{\"@id\":\"https:\\\/\\\/www.santafevalores.com\\\/index.php\\\/2022\\\/09\\\/21\\\/el-dolar-alcanza-su-valor-mas-alto-de-los-ultimos-20-anos\\\/\"},\"author\":{\"name\":\"admin\",\"@id\":\"https:\\\/\\\/www.santafevalores.com\\\/#\\\/schema\\\/person\\\/d965a42370507d0a1638e69158bb5835\"},\"headline\":\"El d\u00f3lar alcanza su valor m\u00e1s alto de los \u00faltimos 20 a\u00f1os\",\"datePublished\":\"2022-09-21T19:28:11+00:00\",\"mainEntityOfPage\":{\"@id\":\"https:\\\/\\\/www.santafevalores.com\\\/index.php\\\/2022\\\/09\\\/21\\\/el-dolar-alcanza-su-valor-mas-alto-de-los-ultimos-20-anos\\\/\"},\"wordCount\":299,\"commentCount\":0,\"publisher\":{\"@id\":\"https:\\\/\\\/www.santafevalores.com\\\/#organization\"},\"image\":{\"@id\":\"https:\\\/\\\/www.santafevalores.com\\\/index.php\\\/2022\\\/09\\\/21\\\/el-dolar-alcanza-su-valor-mas-alto-de-los-ultimos-20-anos\\\/#primaryimage\"},\"thumbnailUrl\":\"https:\\\/\\\/www.santafevalores.com\\\/wp-content\\\/uploads\\\/2022\\\/09\\\/SFVIMG21.webp\",\"inLanguage\":\"es\",\"potentialAction\":[{\"@type\":\"CommentAction\",\"name\":\"Comment\",\"target\":[\"https:\\\/\\\/www.santafevalores.com\\\/index.php\\\/2022\\\/09\\\/21\\\/el-dolar-alcanza-su-valor-mas-alto-de-los-ultimos-20-anos\\\/#respond\"]}]},{\"@type\":\"WebPage\",\"@id\":\"https:\\\/\\\/www.santafevalores.com\\\/index.php\\\/2022\\\/09\\\/21\\\/el-dolar-alcanza-su-valor-mas-alto-de-los-ultimos-20-anos\\\/\",\"url\":\"https:\\\/\\\/www.santafevalores.com\\\/index.php\\\/2022\\\/09\\\/21\\\/el-dolar-alcanza-su-valor-mas-alto-de-los-ultimos-20-anos\\\/\",\"name\":\"El d\u00f3lar alcanza su valor m\u00e1s alto de los \u00faltimos 20 a\u00f1os - Santa Fe Casa de Valores S.A.\",\"isPartOf\":{\"@id\":\"https:\\\/\\\/www.santafevalores.com\\\/#website\"},\"primaryImageOfPage\":{\"@id\":\"https:\\\/\\\/www.santafevalores.com\\\/index.php\\\/2022\\\/09\\\/21\\\/el-dolar-alcanza-su-valor-mas-alto-de-los-ultimos-20-anos\\\/#primaryimage\"},\"image\":{\"@id\":\"https:\\\/\\\/www.santafevalores.com\\\/index.php\\\/2022\\\/09\\\/21\\\/el-dolar-alcanza-su-valor-mas-alto-de-los-ultimos-20-anos\\\/#primaryimage\"},\"thumbnailUrl\":\"https:\\\/\\\/www.santafevalores.com\\\/wp-content\\\/uploads\\\/2022\\\/09\\\/SFVIMG21.webp\",\"datePublished\":\"2022-09-21T19:28:11+00:00\",\"breadcrumb\":{\"@id\":\"https:\\\/\\\/www.santafevalores.com\\\/index.php\\\/2022\\\/09\\\/21\\\/el-dolar-alcanza-su-valor-mas-alto-de-los-ultimos-20-anos\\\/#breadcrumb\"},\"inLanguage\":\"es\",\"potentialAction\":[{\"@type\":\"ReadAction\",\"target\":[\"https:\\\/\\\/www.santafevalores.com\\\/index.php\\\/2022\\\/09\\\/21\\\/el-dolar-alcanza-su-valor-mas-alto-de-los-ultimos-20-anos\\\/\"]}]},{\"@type\":\"ImageObject\",\"inLanguage\":\"es\",\"@id\":\"https:\\\/\\\/www.santafevalores.com\\\/index.php\\\/2022\\\/09\\\/21\\\/el-dolar-alcanza-su-valor-mas-alto-de-los-ultimos-20-anos\\\/#primaryimage\",\"url\":\"https:\\\/\\\/www.santafevalores.com\\\/wp-content\\\/uploads\\\/2022\\\/09\\\/SFVIMG21.webp\",\"contentUrl\":\"https:\\\/\\\/www.santafevalores.com\\\/wp-content\\\/uploads\\\/2022\\\/09\\\/SFVIMG21.webp\",\"width\":822,\"height\":460},{\"@type\":\"BreadcrumbList\",\"@id\":\"https:\\\/\\\/www.santafevalores.com\\\/index.php\\\/2022\\\/09\\\/21\\\/el-dolar-alcanza-su-valor-mas-alto-de-los-ultimos-20-anos\\\/#breadcrumb\",\"itemListElement\":[{\"@type\":\"ListItem\",\"position\":1,\"name\":\"Portada\",\"item\":\"https:\\\/\\\/www.santafevalores.com\\\/\"},{\"@type\":\"ListItem\",\"position\":2,\"name\":\"El d\u00f3lar alcanza su valor m\u00e1s alto de los \u00faltimos 20 a\u00f1os\"}]},{\"@type\":\"WebSite\",\"@id\":\"https:\\\/\\\/www.santafevalores.com\\\/#website\",\"url\":\"https:\\\/\\\/www.santafevalores.com\\\/\",\"name\":\"Santa Fe Casa de Valores S.A.\",\"description\":\"\",\"publisher\":{\"@id\":\"https:\\\/\\\/www.santafevalores.com\\\/#organization\"},\"potentialAction\":[{\"@type\":\"SearchAction\",\"target\":{\"@type\":\"EntryPoint\",\"urlTemplate\":\"https:\\\/\\\/www.santafevalores.com\\\/?s={search_term_string}\"},\"query-input\":{\"@type\":\"PropertyValueSpecification\",\"valueRequired\":true,\"valueName\":\"search_term_string\"}}],\"inLanguage\":\"es\"},{\"@type\":\"Organization\",\"@id\":\"https:\\\/\\\/www.santafevalores.com\\\/#organization\",\"name\":\"Santa Fe Casa de Valores S.A.\",\"alternateName\":\"SANTAFEVALORES\",\"url\":\"https:\\\/\\\/www.santafevalores.com\\\/\",\"logo\":{\"@type\":\"ImageObject\",\"inLanguage\":\"es\",\"@id\":\"https:\\\/\\\/www.santafevalores.com\\\/#\\\/schema\\\/logo\\\/image\\\/\",\"url\":\"https:\\\/\\\/www.santafevalores.com\\\/wp-content\\\/uploads\\\/2022\\\/06\\\/logo1.png\",\"contentUrl\":\"https:\\\/\\\/www.santafevalores.com\\\/wp-content\\\/uploads\\\/2022\\\/06\\\/logo1.png\",\"width\":235,\"height\":71,\"caption\":\"Santa Fe Casa de Valores S.A.\"},\"image\":{\"@id\":\"https:\\\/\\\/www.santafevalores.com\\\/#\\\/schema\\\/logo\\\/image\\\/\"},\"sameAs\":[\"https:\\\/\\\/www.facebook.com\\\/santafevalores\\\/\",\"https:\\\/\\\/x.com\\\/SantaFeValores\"]},{\"@type\":\"Person\",\"@id\":\"https:\\\/\\\/www.santafevalores.com\\\/#\\\/schema\\\/person\\\/d965a42370507d0a1638e69158bb5835\",\"name\":\"admin\",\"image\":{\"@type\":\"ImageObject\",\"inLanguage\":\"es\",\"@id\":\"https:\\\/\\\/secure.gravatar.com\\\/avatar\\\/97ec7f9eb6068ddac59d3806ca0034c167fce748f524adcfad8629911220756f?s=96&d=mm&r=g\",\"url\":\"https:\\\/\\\/secure.gravatar.com\\\/avatar\\\/97ec7f9eb6068ddac59d3806ca0034c167fce748f524adcfad8629911220756f?s=96&d=mm&r=g\",\"contentUrl\":\"https:\\\/\\\/secure.gravatar.com\\\/avatar\\\/97ec7f9eb6068ddac59d3806ca0034c167fce748f524adcfad8629911220756f?s=96&d=mm&r=g\",\"caption\":\"admin\"},\"sameAs\":[\"https:\\\/\\\/www.santafevalores.com\"],\"url\":\"https:\\\/\\\/www.santafevalores.com\\\/index.php\\\/author\\\/santafevaloresuio_ggv0vv79\\\/\"}]}<\/script>\n<!-- \/ Yoast SEO plugin. -->","yoast_head_json":{"title":"El d\u00f3lar alcanza su valor m\u00e1s alto de los \u00faltimos 20 a\u00f1os - Santa Fe Casa de Valores S.A.","robots":{"index":"index","follow":"follow","max-snippet":"max-snippet:-1","max-image-preview":"max-image-preview:large","max-video-preview":"max-video-preview:-1"},"canonical":"https:\/\/www.santafevalores.com\/index.php\/2022\/09\/21\/el-dolar-alcanza-su-valor-mas-alto-de-los-ultimos-20-anos\/","og_locale":"es_ES","og_type":"article","og_title":"El d\u00f3lar alcanza su valor m\u00e1s alto de los \u00faltimos 20 a\u00f1os - Santa Fe Casa de Valores S.A.","og_description":"El \u00edndice del d\u00f3lar, que mide el valor del d\u00f3lar estadounidense frente a otras seis monedas importantes, salt\u00f3 casi un 0,6% a 110,87 tras la noticia, su nivel m\u00e1s alto desde 2002. El d\u00f3lar estadounidense salt\u00f3 a un nuevo m\u00e1ximo de 20 a\u00f1os despu\u00e9s de que el presidente ruso, Vladimir Putin, reclutara a 300.000 reservistas&hellip;","og_url":"https:\/\/www.santafevalores.com\/index.php\/2022\/09\/21\/el-dolar-alcanza-su-valor-mas-alto-de-los-ultimos-20-anos\/","og_site_name":"Santa Fe Casa de Valores S.A.","article_publisher":"https:\/\/www.facebook.com\/santafevalores\/","article_published_time":"2022-09-21T19:28:11+00:00","og_image":[{"width":822,"height":460,"url":"https:\/\/www.santafevalores.com\/wp-content\/uploads\/2022\/09\/SFVIMG21.webp","type":"image\/webp"}],"author":"admin","twitter_card":"summary_large_image","twitter_creator":"@SantaFeValores","twitter_site":"@SantaFeValores","twitter_misc":{"Escrito por":"admin","Tiempo de lectura":"2 minutos"},"schema":{"@context":"https:\/\/schema.org","@graph":[{"@type":"Article","@id":"https:\/\/www.santafevalores.com\/index.php\/2022\/09\/21\/el-dolar-alcanza-su-valor-mas-alto-de-los-ultimos-20-anos\/#article","isPartOf":{"@id":"https:\/\/www.santafevalores.com\/index.php\/2022\/09\/21\/el-dolar-alcanza-su-valor-mas-alto-de-los-ultimos-20-anos\/"},"author":{"name":"admin","@id":"https:\/\/www.santafevalores.com\/#\/schema\/person\/d965a42370507d0a1638e69158bb5835"},"headline":"El d\u00f3lar alcanza su valor m\u00e1s alto de los \u00faltimos 20 a\u00f1os","datePublished":"2022-09-21T19:28:11+00:00","mainEntityOfPage":{"@id":"https:\/\/www.santafevalores.com\/index.php\/2022\/09\/21\/el-dolar-alcanza-su-valor-mas-alto-de-los-ultimos-20-anos\/"},"wordCount":299,"commentCount":0,"publisher":{"@id":"https:\/\/www.santafevalores.com\/#organization"},"image":{"@id":"https:\/\/www.santafevalores.com\/index.php\/2022\/09\/21\/el-dolar-alcanza-su-valor-mas-alto-de-los-ultimos-20-anos\/#primaryimage"},"thumbnailUrl":"https:\/\/www.santafevalores.com\/wp-content\/uploads\/2022\/09\/SFVIMG21.webp","inLanguage":"es","potentialAction":[{"@type":"CommentAction","name":"Comment","target":["https:\/\/www.santafevalores.com\/index.php\/2022\/09\/21\/el-dolar-alcanza-su-valor-mas-alto-de-los-ultimos-20-anos\/#respond"]}]},{"@type":"WebPage","@id":"https:\/\/www.santafevalores.com\/index.php\/2022\/09\/21\/el-dolar-alcanza-su-valor-mas-alto-de-los-ultimos-20-anos\/","url":"https:\/\/www.santafevalores.com\/index.php\/2022\/09\/21\/el-dolar-alcanza-su-valor-mas-alto-de-los-ultimos-20-anos\/","name":"El d\u00f3lar alcanza su valor m\u00e1s alto de los \u00faltimos 20 a\u00f1os - Santa Fe Casa de Valores S.A.","isPartOf":{"@id":"https:\/\/www.santafevalores.com\/#website"},"primaryImageOfPage":{"@id":"https:\/\/www.santafevalores.com\/index.php\/2022\/09\/21\/el-dolar-alcanza-su-valor-mas-alto-de-los-ultimos-20-anos\/#primaryimage"},"image":{"@id":"https:\/\/www.santafevalores.com\/index.php\/2022\/09\/21\/el-dolar-alcanza-su-valor-mas-alto-de-los-ultimos-20-anos\/#primaryimage"},"thumbnailUrl":"https:\/\/www.santafevalores.com\/wp-content\/uploads\/2022\/09\/SFVIMG21.webp","datePublished":"2022-09-21T19:28:11+00:00","breadcrumb":{"@id":"https:\/\/www.santafevalores.com\/index.php\/2022\/09\/21\/el-dolar-alcanza-su-valor-mas-alto-de-los-ultimos-20-anos\/#breadcrumb"},"inLanguage":"es","potentialAction":[{"@type":"ReadAction","target":["https:\/\/www.santafevalores.com\/index.php\/2022\/09\/21\/el-dolar-alcanza-su-valor-mas-alto-de-los-ultimos-20-anos\/"]}]},{"@type":"ImageObject","inLanguage":"es","@id":"https:\/\/www.santafevalores.com\/index.php\/2022\/09\/21\/el-dolar-alcanza-su-valor-mas-alto-de-los-ultimos-20-anos\/#primaryimage","url":"https:\/\/www.santafevalores.com\/wp-content\/uploads\/2022\/09\/SFVIMG21.webp","contentUrl":"https:\/\/www.santafevalores.com\/wp-content\/uploads\/2022\/09\/SFVIMG21.webp","width":822,"height":460},{"@type":"BreadcrumbList","@id":"https:\/\/www.santafevalores.com\/index.php\/2022\/09\/21\/el-dolar-alcanza-su-valor-mas-alto-de-los-ultimos-20-anos\/#breadcrumb","itemListElement":[{"@type":"ListItem","position":1,"name":"Portada","item":"https:\/\/www.santafevalores.com\/"},{"@type":"ListItem","position":2,"name":"El d\u00f3lar alcanza su valor m\u00e1s alto de los \u00faltimos 20 a\u00f1os"}]},{"@type":"WebSite","@id":"https:\/\/www.santafevalores.com\/#website","url":"https:\/\/www.santafevalores.com\/","name":"Santa Fe Casa de Valores S.A.","description":"","publisher":{"@id":"https:\/\/www.santafevalores.com\/#organization"},"potentialAction":[{"@type":"SearchAction","target":{"@type":"EntryPoint","urlTemplate":"https:\/\/www.santafevalores.com\/?s={search_term_string}"},"query-input":{"@type":"PropertyValueSpecification","valueRequired":true,"valueName":"search_term_string"}}],"inLanguage":"es"},{"@type":"Organization","@id":"https:\/\/www.santafevalores.com\/#organization","name":"Santa Fe Casa de Valores S.A.","alternateName":"SANTAFEVALORES","url":"https:\/\/www.santafevalores.com\/","logo":{"@type":"ImageObject","inLanguage":"es","@id":"https:\/\/www.santafevalores.com\/#\/schema\/logo\/image\/","url":"https:\/\/www.santafevalores.com\/wp-content\/uploads\/2022\/06\/logo1.png","contentUrl":"https:\/\/www.santafevalores.com\/wp-content\/uploads\/2022\/06\/logo1.png","width":235,"height":71,"caption":"Santa Fe Casa de Valores S.A."},"image":{"@id":"https:\/\/www.santafevalores.com\/#\/schema\/logo\/image\/"},"sameAs":["https:\/\/www.facebook.com\/santafevalores\/","https:\/\/x.com\/SantaFeValores"]},{"@type":"Person","@id":"https:\/\/www.santafevalores.com\/#\/schema\/person\/d965a42370507d0a1638e69158bb5835","name":"admin","image":{"@type":"ImageObject","inLanguage":"es","@id":"https:\/\/secure.gravatar.com\/avatar\/97ec7f9eb6068ddac59d3806ca0034c167fce748f524adcfad8629911220756f?s=96&d=mm&r=g","url":"https:\/\/secure.gravatar.com\/avatar\/97ec7f9eb6068ddac59d3806ca0034c167fce748f524adcfad8629911220756f?s=96&d=mm&r=g","contentUrl":"https:\/\/secure.gravatar.com\/avatar\/97ec7f9eb6068ddac59d3806ca0034c167fce748f524adcfad8629911220756f?s=96&d=mm&r=g","caption":"admin"},"sameAs":["https:\/\/www.santafevalores.com"],"url":"https:\/\/www.santafevalores.com\/index.php\/author\/santafevaloresuio_ggv0vv79\/"}]}},"_links":{"self":[{"href":"https:\/\/www.santafevalores.com\/index.php\/wp-json\/wp\/v2\/posts\/65238","targetHints":{"allow":["GET"]}}],"collection":[{"href":"https:\/\/www.santafevalores.com\/index.php\/wp-json\/wp\/v2\/posts"}],"about":[{"href":"https:\/\/www.santafevalores.com\/index.php\/wp-json\/wp\/v2\/types\/post"}],"author":[{"embeddable":true,"href":"https:\/\/www.santafevalores.com\/index.php\/wp-json\/wp\/v2\/users\/1"}],"replies":[{"embeddable":true,"href":"https:\/\/www.santafevalores.com\/index.php\/wp-json\/wp\/v2\/comments?post=65238"}],"version-history":[{"count":0,"href":"https:\/\/www.santafevalores.com\/index.php\/wp-json\/wp\/v2\/posts\/65238\/revisions"}],"wp:featuredmedia":[{"embeddable":true,"href":"https:\/\/www.santafevalores.com\/index.php\/wp-json\/wp\/v2\/media\/65241"}],"wp:attachment":[{"href":"https:\/\/www.santafevalores.com\/index.php\/wp-json\/wp\/v2\/media?parent=65238"}],"wp:term":[{"taxonomy":"category","embeddable":true,"href":"https:\/\/www.santafevalores.com\/index.php\/wp-json\/wp\/v2\/categories?post=65238"},{"taxonomy":"post_tag","embeddable":true,"href":"https:\/\/www.santafevalores.com\/index.php\/wp-json\/wp\/v2\/tags?post=65238"}],"curies":[{"name":"wp","href":"https:\/\/api.w.org\/{rel}","templated":true}]}}