{"id":65290,"date":"2022-09-23T13:54:21","date_gmt":"2022-09-23T18:54:21","guid":{"rendered":"https:\/\/santafevalores.com\/?p=65290"},"modified":"2022-09-23T13:54:21","modified_gmt":"2022-09-23T18:54:21","slug":"cuatro-factores-profundizan-el-trabajo-informal-en-ecuador-que-ya-llega-al-52","status":"publish","type":"post","link":"https:\/\/www.santafevalores.com\/index.php\/2022\/09\/23\/cuatro-factores-profundizan-el-trabajo-informal-en-ecuador-que-ya-llega-al-52\/","title":{"rendered":"Cuatro factores profundizan el trabajo informal en Ecuador, que ya llega al 52%"},"content":{"rendered":"\t\t<div data-elementor-type=\"wp-post\" data-elementor-id=\"65290\" class=\"elementor elementor-65290\" data-elementor-post-type=\"post\">\n\t\t\t\t\t\t<section class=\"elementor-section elementor-top-section elementor-element elementor-element-bfcc28b elementor-section-boxed elementor-section-height-default elementor-section-height-default\" data-id=\"bfcc28b\" data-element_type=\"section\" data-e-type=\"section\">\n\t\t\t\t\t\t<div class=\"elementor-container elementor-column-gap-default\">\n\t\t\t\t\t<div class=\"elementor-column elementor-col-100 elementor-top-column elementor-element elementor-element-9f852d7\" data-id=\"9f852d7\" data-element_type=\"column\" data-e-type=\"column\">\n\t\t\t<div class=\"elementor-widget-wrap elementor-element-populated\">\n\t\t\t\t\t\t<div class=\"elementor-element elementor-element-28db62b elementor-widget elementor-widget-image\" data-id=\"28db62b\" data-element_type=\"widget\" data-e-type=\"widget\" data-widget_type=\"image.default\">\n\t\t\t\t<div class=\"elementor-widget-container\">\n\t\t\t\t\t\t\t\t\t\t\t\t\t\t\t<img fetchpriority=\"high\" decoding=\"async\" width=\"1024\" height=\"683\" src=\"https:\/\/www.santafevalores.com\/wp-content\/uploads\/2022\/09\/SFVIMG24-1024x683.jpg\" class=\"attachment-large size-large wp-image-65292\" alt=\"\" srcset=\"https:\/\/www.santafevalores.com\/wp-content\/uploads\/2022\/09\/SFVIMG24-1024x683.jpg 1024w, https:\/\/www.santafevalores.com\/wp-content\/uploads\/2022\/09\/SFVIMG24-300x200.jpg 300w, https:\/\/www.santafevalores.com\/wp-content\/uploads\/2022\/09\/SFVIMG24-768x512.jpg 768w, https:\/\/www.santafevalores.com\/wp-content\/uploads\/2022\/09\/SFVIMG24.jpg 1440w\" sizes=\"(max-width: 1024px) 100vw, 1024px\" \/>\t\t\t\t\t\t\t\t\t\t\t\t\t\t\t<\/div>\n\t\t\t\t<\/div>\n\t\t\t\t\t<\/div>\n\t\t<\/div>\n\t\t\t\t\t<\/div>\n\t\t<\/section>\n\t\t\t\t<section class=\"elementor-section elementor-top-section elementor-element elementor-element-e84fd44 elementor-section-boxed elementor-section-height-default elementor-section-height-default\" data-id=\"e84fd44\" data-element_type=\"section\" data-e-type=\"section\">\n\t\t\t\t\t\t<div class=\"elementor-container elementor-column-gap-default\">\n\t\t\t\t\t<div class=\"elementor-column elementor-col-100 elementor-top-column elementor-element elementor-element-60e5d12\" data-id=\"60e5d12\" data-element_type=\"column\" data-e-type=\"column\">\n\t\t\t<div class=\"elementor-widget-wrap elementor-element-populated\">\n\t\t\t\t\t\t<div class=\"elementor-element elementor-element-aac0015 elementor-widget elementor-widget-text-editor\" data-id=\"aac0015\" data-element_type=\"widget\" data-e-type=\"widget\" data-widget_type=\"text-editor.default\">\n\t\t\t\t<div class=\"elementor-widget-container\">\n\t\t\t\t\t\t\t\t\t<p>La incursi\u00f3n de plataformas digitales es uno de los disparadores, a la par de la excesiva normativa laboral. La Cepal da algunas luces de c\u00f3mo enfrentar el problema<br><\/p>\n<p>QUITO &#8211; En el Ecuador, a pesar de que las condiciones macroecon\u00f3micas han mejorado (m\u00e1s ingresos petroleros y tributarios), aquello no se refleja enteramente en la generaci\u00f3n de empleo de calidad, <b>pues la informalidad sigue creciendo sin perspectiva de mejora<\/b>. \u00bfPero qu\u00e9 tan profunda es la informalidad en el pa\u00eds?<\/p>\n<p>Los \u00faltimos datos del INEC mostraron que hasta agosto <b>52,2% de la poblaci\u00f3n con empleo estaba en el sector informal,<\/b>&nbsp;es decir, cinco de cada 10 empleados. Ellos trabajan en unidades productivas de menos de 100 trabajadores que no cuentan con Registro \u00danico de Contribuyentes (RUC), lo que significa que <b>eluden<\/b> <b>obligaciones tributarias y laborales.<\/b><\/p>\n<p>Hace un a\u00f1o, la informalidad llegaba a 50,6%, lo que significa que en los \u00faltimos 12 meses<b>&nbsp;creci\u00f3 1,6 puntos porcentuales.<\/b><\/p>\n<p><b>DEFINIENDO LO INFORMAL<\/b><br><\/p>\n<p>La Organizaci\u00f3n Internacional del Trabajo define al sector informal como un conjunto de unidades qu<b>e <\/b>producen bienes o servicios principalmente con la finalidad de crear empleos e ingresos para las personas involucradas. Estas unidades, que tienen un bajo nivel de organizaci\u00f3n,<b> operan a peque\u00f1a escala y de manera espec\u00edfica, con poca o ninguna divisi\u00f3n entre el trabajo y el capital como factores de producci\u00f3n.<\/b><\/p>\n<p>Adem\u00e1s, las relaciones de empleo &#8211; cuando existen \u2013 \u201cse basan sobre todo en el<b>&nbsp;empleo ocasional, los parentescos <\/b>o<b>&nbsp;las relaciones personales y sociales <\/b>m\u00e1s que en acuerdos contractuales que implican garant\u00edas en buena y debida forma\u201d. Se las define como <b>empresas de hogares, <\/b>es decir, \u201ccomo empresas que pertenecen a los hogares y que no est\u00e1n constituidas en sociedad\u201d.<br><\/p>\n<p>Se considera que los asalariados tienen un empleo informal si <b>su relaci\u00f3n de trabajo no est\u00e1 sujeta a la legislaci\u00f3n laboral nacional,<\/b>&nbsp;el impuesto sobre la renta, la protecci\u00f3n social o determinadas prestaciones relacionadas con el empleo.<br><\/p>\n<p>Es decir, quienes trabajan en este r\u00e9gimen <b>no cuentan, por ejemplo, con seguridad social ni ning\u00fan respaldo normativo<\/b>&nbsp;que les asegure beneficios de ley.<br><\/p>\n<p>Pero el empleo en el sector informal se puede entender desde dos visiones:<br><\/p>\n<p>\u00abLa visi\u00f3n legal, que considera a la informalidad como una actividad marginal e ilegal.\u00bb<\/p>\n<p>\u00abLa visi\u00f3n econ\u00f3mica que reconoce que existe incapacidad de generar suficientes plazas formales de empleo.\u00bb<\/p>\n<p><b>LA INFORMALIDAD MANDA EN EL CAMPO<\/b><br><\/p>\n<p>Pero un dato importante es que <b>la informalidad se concentra especialmente en el \u00e1rea rural.<\/b>&nbsp;Los datos muestran que en el campo <b>76,1% del empleo es informal<\/b>&nbsp;y apenas 19,2% est\u00e1 en la formalidad. En las ciudades, en cambio, ocurre lo contrario: 55,7% tiene un empleo formal y 39,7% uno informal.<br><\/p>\n<p>Estas cifras muestran que el Ecuador est\u00e1 cada vez m\u00e1s lejos de retornar, al menos, a los niveles pre-pandemia, cuando la informalidad alcanzaba a <b>46,7% de los empleados,<\/b>&nbsp;es decir 5,5 puntos porcentuales menos que lo registrado actualmente.<br><\/p>\n<p><b>\u00bfPOR QU\u00c9 ES PERJUDICIAL EL EMPLEO INFORMAL?<\/b><br><\/p>\n<p>En su estudio An\u00e1lisis del sector informal y discusiones sobre la regulaci\u00f3n del trabajo en plataformas digitales en el Ecuador, la Cepal explica que a pesar de que la informalidad podr\u00eda permitir la generaci\u00f3n de ingresos en los trabajadores, tambi\u00e9n <b>invisibiliza el reconocimiento de los derechos laborales.<\/b><br><\/p>\n<p>Adem\u00e1s que los trabajadores informales generalmente <b>no cuentan con la protecci\u00f3n social necesaria<\/b>&nbsp;frente a los diversos riesgos como: accidentes laborales, seguro de desempleo, pobreza en la vejez, entre otros.<br><\/p>\n<p>Asimismo, estos empleados <b>pierden beneficios tales como licencias de maternidad y paternidad,<\/b>&nbsp;vacaciones obligatorias y por enfermedad, etc. \u201cLa informalidad tambi\u00e9n&nbsp;<b>representa un costo para el Estado<\/b>, ya que deja de percibir ingresos tributarios (impuestos, contribuci\u00f3n social, entre otros) que podr\u00edan utilizarse para mayor cobertura de la seguridad social, la productividad y el crecimiento en el pa\u00eds\u201d.<br><\/p>\n<p><b>DISPARADORES DE LA INFORMALIDAD<\/b><br><\/p>\n<p>La propia Cepal detalla los que han sido <b>los disparadores de la econom\u00eda informal en el Ecuador.<\/b>&nbsp;Entre los principales se encuentra <b>el<\/b> <b>ajuste fiscal del Estado<\/b>, que ha derivado en mayor austeridad interna y, por lo tanto, en desvinculaciones de funcionarios p\u00fablicos.<br><\/p>\n<p>Otra de las explicaciones es la migraci\u00f3n, sobre todo la del campo a la ciudad, pero tambi\u00e9n la migraci\u00f3n venezolana que <b>\u201cimplica un impacto significativo para el mercado laboral en la regi\u00f3n\u201d.<\/b>&nbsp;El mismo estudio menciona que entre los ciudadanos venezolanos que han ingresado al Ecuador existe un&nbsp;<b>gran n\u00famero de j\u00f3venes con un alto nivel educativo que tienen dificultad para insertarse en el mercado laboral ecuatoriano<\/b>&nbsp;debido a las altas tasas de desempleo, subempleo y posible explotaci\u00f3n laboral.<br><\/p>\n<p>El tercer disparador es <b>la rigidez de la normativa.<\/b>&nbsp;Entre 2008 y 2011 se increment\u00f3 la rigidez laboral en el Ecuador debido a las reformas al C\u00f3digo de Trabajo. En el 2008, la Asamblea Constituyente prohibi\u00f3 todo tipo de contrataci\u00f3n laboral <b>\u201cprecaria\u201d,<\/b>&nbsp;definiendo como tal a la tercerizaci\u00f3n, la intermediaci\u00f3n y la contrataci\u00f3n por horas.<br><\/p>\n<p>Varios grupos empresariales han manifestado que la eliminaci\u00f3n del trabajo de horas ha sido perjudicial para sus sectores y que las modalidades de contrato que existen actualmente no se ajustan a sus necesidades. Esto ha generado <b>desincentivos para la contrataci\u00f3n de trabajadores en el sector formal<\/b>&nbsp;dado que resulta costoso para los empleadores.<br><\/p>\n<p>Y aunque se han flexibilizado algunas normas, la mayor\u00eda siguen siendo r\u00edgidas.<br><\/p>\n<p>Como cuarto detonante de la informalidad, la Cepal ubica a <b>la creciente participaci\u00f3n de las plataformas digitales<\/b>&nbsp;como opci\u00f3n de empleo, pues a partir del 2017 varias plataformas digitales ingresaron a operar en el Ecuador, entre ellas Uber, Cabify, Rappi, entre otras.<br><\/p>\n<p>Las plataformas digitales se encuentran enmarcadas dentro lo que se conoce como <b>econom\u00eda digital<\/b>, una nueva tendencia de modelos de negocios que \u201cgenera varios desaf\u00edos en materia laboral debido a su heterogeneidad y a la falta de adaptaci\u00f3n de la regulaci\u00f3n laboral a estas nuevas modalidades de trabajo\u201d.<br><\/p>\n<p>Con respecto al empleo informal, <b>las plataformas digitales han generado un incremento en el n\u00famero de personas que trabajan en situaci\u00f3n de informalidad.<\/b>&nbsp;El estudio refiere que al momento el Ecuador no cuenta con estad\u00edsticas respecto a cu\u00e1ntas personas trabajan en este tipo de plataformas; sin embargo, los datos presentados por la Cepal respecto a ingresos generados es un indicador del crecimiento de este nuevo \u201csector\u201d.<br><\/p>\n<p>Para mejorar esta realidad, la Cepal considera que una alternativa ser\u00eda <b>simplificar los tr\u00e1mites para contrataci\u00f3n y reducir los costos de desvinculaci\u00f3n de trabajadores<\/b>&nbsp;para fomentar la formalizaci\u00f3n en el estrato empresarial tradicional que es el que alberga a un porcentaje importante de trabajadores.<br><\/p>\n<p>\u201cDeber\u00edan existir pol\u00edticas espec\u00edficas que impliquen <b>reducci\u00f3n de costos de contrataci\u00f3n laboral<\/b>&nbsp;para que las empresas medianas, micro y peque\u00f1as puedan soportar dichos costos, desde varios sectores de la econom\u00eda\u201d, sentencia.<\/p>\t\t\t\t\t\t\t\t<\/div>\n\t\t\t\t<\/div>\n\t\t\t\t\t<\/div>\n\t\t<\/div>\n\t\t\t\t\t<\/div>\n\t\t<\/section>\n\t\t\t\t<section class=\"elementor-section elementor-top-section elementor-element elementor-element-0dd184b elementor-section-boxed elementor-section-height-default elementor-section-height-default\" data-id=\"0dd184b\" data-element_type=\"section\" data-e-type=\"section\">\n\t\t\t\t\t\t<div class=\"elementor-container elementor-column-gap-default\">\n\t\t\t\t\t<div class=\"elementor-column elementor-col-100 elementor-top-column elementor-element elementor-element-2c7692a\" data-id=\"2c7692a\" data-element_type=\"column\" data-e-type=\"column\">\n\t\t\t<div class=\"elementor-widget-wrap elementor-element-populated\">\n\t\t\t\t\t\t<div class=\"elementor-element elementor-element-693fc09 elementor-headline--style-highlight elementor-widget elementor-widget-animated-headline\" data-id=\"693fc09\" data-element_type=\"widget\" data-e-type=\"widget\" data-settings=\"{&quot;highlighted_text&quot;:&quot;reporta Bloomberg&quot;,&quot;headline_style&quot;:&quot;highlight&quot;,&quot;marker&quot;:&quot;circle&quot;,&quot;loop&quot;:&quot;yes&quot;,&quot;highlight_animation_duration&quot;:1200,&quot;highlight_iteration_delay&quot;:8000}\" data-widget_type=\"animated-headline.default\">\n\t\t\t\t<div class=\"elementor-widget-container\">\n\t\t\t\t\t\t\t\t<a href=\"https:\/\/www.bloomberglinea.com\/2022\/09\/23\/cuatro-factores-profundizan-el-trabajo-informal-en-ecuador-que-ya-llega-al-52\/\" target=\"_blank\">\n\n\t\t\t\t\t<p class=\"elementor-headline\">\n\t\t\t\t\t<span class=\"elementor-headline-plain-text elementor-headline-text-wrapper\">Fuente:<\/span>\n\t\t\t\t<span class=\"elementor-headline-dynamic-wrapper elementor-headline-text-wrapper\">\n\t\t\t\t\t<span class=\"elementor-headline-dynamic-text elementor-headline-text-active\">reporta Bloomberg<\/span>\n\t\t\t\t<\/span>\n\t\t\t\t<\/p>\n\t\t<\/a>\t\t\t\t<\/div>\n\t\t\t\t<\/div>\n\t\t\t\t\t<\/div>\n\t\t<\/div>\n\t\t\t\t\t<\/div>\n\t\t<\/section>\n\t\t\t\t<\/div>\n\t\t","protected":false},"excerpt":{"rendered":"<p>La incursi\u00f3n de plataformas digitales es uno de los disparadores, a la par de la excesiva normativa laboral. La Cepal da algunas luces de c\u00f3mo enfrentar el problema QUITO &#8211; En el Ecuador, a pesar de que las condiciones macroecon\u00f3micas han mejorado (m\u00e1s ingresos petroleros y tributarios), aquello no se refleja enteramente en la generaci\u00f3n&hellip;<\/p>\n","protected":false},"author":1,"featured_media":65292,"comment_status":"open","ping_status":"closed","sticky":false,"template":"","format":"standard","meta":{"content-type":"","_joinchat":[],"footnotes":""},"categories":[4],"tags":[],"class_list":["post-65290","post","type-post","status-publish","format-standard","has-post-thumbnail","hentry","category-sin-categoria"],"yoast_head":"<!-- This site is optimized with the Yoast SEO plugin v27.5 - https:\/\/yoast.com\/product\/yoast-seo-wordpress\/ -->\n<title>Cuatro factores profundizan el trabajo informal en Ecuador, que ya llega al 52% - Santa Fe Casa de Valores S.A.<\/title>\n<meta name=\"robots\" content=\"index, follow, max-snippet:-1, max-image-preview:large, max-video-preview:-1\" \/>\n<link rel=\"canonical\" href=\"https:\/\/www.santafevalores.com\/index.php\/2022\/09\/23\/cuatro-factores-profundizan-el-trabajo-informal-en-ecuador-que-ya-llega-al-52\/\" \/>\n<meta property=\"og:locale\" content=\"es_ES\" \/>\n<meta property=\"og:type\" content=\"article\" \/>\n<meta property=\"og:title\" content=\"Cuatro factores profundizan el trabajo informal en Ecuador, que ya llega al 52% - Santa Fe Casa de Valores S.A.\" \/>\n<meta property=\"og:description\" content=\"La incursi\u00f3n de plataformas digitales es uno de los disparadores, a la par de la excesiva normativa laboral. La Cepal da algunas luces de c\u00f3mo enfrentar el problema QUITO &#8211; En el Ecuador, a pesar de que las condiciones macroecon\u00f3micas han mejorado (m\u00e1s ingresos petroleros y tributarios), aquello no se refleja enteramente en la generaci\u00f3n&hellip;\" \/>\n<meta property=\"og:url\" content=\"https:\/\/www.santafevalores.com\/index.php\/2022\/09\/23\/cuatro-factores-profundizan-el-trabajo-informal-en-ecuador-que-ya-llega-al-52\/\" \/>\n<meta property=\"og:site_name\" content=\"Santa Fe Casa de Valores S.A.\" \/>\n<meta property=\"article:publisher\" content=\"https:\/\/www.facebook.com\/santafevalores\/\" \/>\n<meta property=\"article:published_time\" content=\"2022-09-23T18:54:21+00:00\" \/>\n<meta property=\"og:image\" content=\"https:\/\/www.santafevalores.com\/wp-content\/uploads\/2022\/09\/SFVIMG24.jpg\" \/>\n\t<meta property=\"og:image:width\" content=\"1440\" \/>\n\t<meta property=\"og:image:height\" content=\"960\" \/>\n\t<meta property=\"og:image:type\" content=\"image\/jpeg\" \/>\n<meta name=\"author\" content=\"admin\" \/>\n<meta name=\"twitter:card\" content=\"summary_large_image\" \/>\n<meta name=\"twitter:creator\" content=\"@SantaFeValores\" \/>\n<meta name=\"twitter:site\" content=\"@SantaFeValores\" \/>\n<meta name=\"twitter:label1\" content=\"Escrito por\" \/>\n\t<meta name=\"twitter:data1\" content=\"admin\" \/>\n\t<meta name=\"twitter:label2\" content=\"Tiempo de lectura\" \/>\n\t<meta name=\"twitter:data2\" content=\"6 minutos\" \/>\n<script type=\"application\/ld+json\" class=\"yoast-schema-graph\">{\"@context\":\"https:\\\/\\\/schema.org\",\"@graph\":[{\"@type\":\"Article\",\"@id\":\"https:\\\/\\\/www.santafevalores.com\\\/index.php\\\/2022\\\/09\\\/23\\\/cuatro-factores-profundizan-el-trabajo-informal-en-ecuador-que-ya-llega-al-52\\\/#article\",\"isPartOf\":{\"@id\":\"https:\\\/\\\/www.santafevalores.com\\\/index.php\\\/2022\\\/09\\\/23\\\/cuatro-factores-profundizan-el-trabajo-informal-en-ecuador-que-ya-llega-al-52\\\/\"},\"author\":{\"name\":\"admin\",\"@id\":\"https:\\\/\\\/www.santafevalores.com\\\/#\\\/schema\\\/person\\\/d965a42370507d0a1638e69158bb5835\"},\"headline\":\"Cuatro factores profundizan el trabajo informal en Ecuador, que ya llega al 52%\",\"datePublished\":\"2022-09-23T18:54:21+00:00\",\"mainEntityOfPage\":{\"@id\":\"https:\\\/\\\/www.santafevalores.com\\\/index.php\\\/2022\\\/09\\\/23\\\/cuatro-factores-profundizan-el-trabajo-informal-en-ecuador-que-ya-llega-al-52\\\/\"},\"wordCount\":1197,\"commentCount\":0,\"publisher\":{\"@id\":\"https:\\\/\\\/www.santafevalores.com\\\/#organization\"},\"image\":{\"@id\":\"https:\\\/\\\/www.santafevalores.com\\\/index.php\\\/2022\\\/09\\\/23\\\/cuatro-factores-profundizan-el-trabajo-informal-en-ecuador-que-ya-llega-al-52\\\/#primaryimage\"},\"thumbnailUrl\":\"https:\\\/\\\/www.santafevalores.com\\\/wp-content\\\/uploads\\\/2022\\\/09\\\/SFVIMG24.jpg\",\"inLanguage\":\"es\",\"potentialAction\":[{\"@type\":\"CommentAction\",\"name\":\"Comment\",\"target\":[\"https:\\\/\\\/www.santafevalores.com\\\/index.php\\\/2022\\\/09\\\/23\\\/cuatro-factores-profundizan-el-trabajo-informal-en-ecuador-que-ya-llega-al-52\\\/#respond\"]}]},{\"@type\":\"WebPage\",\"@id\":\"https:\\\/\\\/www.santafevalores.com\\\/index.php\\\/2022\\\/09\\\/23\\\/cuatro-factores-profundizan-el-trabajo-informal-en-ecuador-que-ya-llega-al-52\\\/\",\"url\":\"https:\\\/\\\/www.santafevalores.com\\\/index.php\\\/2022\\\/09\\\/23\\\/cuatro-factores-profundizan-el-trabajo-informal-en-ecuador-que-ya-llega-al-52\\\/\",\"name\":\"Cuatro factores profundizan el trabajo informal en Ecuador, que ya llega al 52% - Santa Fe Casa de Valores S.A.\",\"isPartOf\":{\"@id\":\"https:\\\/\\\/www.santafevalores.com\\\/#website\"},\"primaryImageOfPage\":{\"@id\":\"https:\\\/\\\/www.santafevalores.com\\\/index.php\\\/2022\\\/09\\\/23\\\/cuatro-factores-profundizan-el-trabajo-informal-en-ecuador-que-ya-llega-al-52\\\/#primaryimage\"},\"image\":{\"@id\":\"https:\\\/\\\/www.santafevalores.com\\\/index.php\\\/2022\\\/09\\\/23\\\/cuatro-factores-profundizan-el-trabajo-informal-en-ecuador-que-ya-llega-al-52\\\/#primaryimage\"},\"thumbnailUrl\":\"https:\\\/\\\/www.santafevalores.com\\\/wp-content\\\/uploads\\\/2022\\\/09\\\/SFVIMG24.jpg\",\"datePublished\":\"2022-09-23T18:54:21+00:00\",\"breadcrumb\":{\"@id\":\"https:\\\/\\\/www.santafevalores.com\\\/index.php\\\/2022\\\/09\\\/23\\\/cuatro-factores-profundizan-el-trabajo-informal-en-ecuador-que-ya-llega-al-52\\\/#breadcrumb\"},\"inLanguage\":\"es\",\"potentialAction\":[{\"@type\":\"ReadAction\",\"target\":[\"https:\\\/\\\/www.santafevalores.com\\\/index.php\\\/2022\\\/09\\\/23\\\/cuatro-factores-profundizan-el-trabajo-informal-en-ecuador-que-ya-llega-al-52\\\/\"]}]},{\"@type\":\"ImageObject\",\"inLanguage\":\"es\",\"@id\":\"https:\\\/\\\/www.santafevalores.com\\\/index.php\\\/2022\\\/09\\\/23\\\/cuatro-factores-profundizan-el-trabajo-informal-en-ecuador-que-ya-llega-al-52\\\/#primaryimage\",\"url\":\"https:\\\/\\\/www.santafevalores.com\\\/wp-content\\\/uploads\\\/2022\\\/09\\\/SFVIMG24.jpg\",\"contentUrl\":\"https:\\\/\\\/www.santafevalores.com\\\/wp-content\\\/uploads\\\/2022\\\/09\\\/SFVIMG24.jpg\",\"width\":1440,\"height\":960},{\"@type\":\"BreadcrumbList\",\"@id\":\"https:\\\/\\\/www.santafevalores.com\\\/index.php\\\/2022\\\/09\\\/23\\\/cuatro-factores-profundizan-el-trabajo-informal-en-ecuador-que-ya-llega-al-52\\\/#breadcrumb\",\"itemListElement\":[{\"@type\":\"ListItem\",\"position\":1,\"name\":\"Portada\",\"item\":\"https:\\\/\\\/www.santafevalores.com\\\/\"},{\"@type\":\"ListItem\",\"position\":2,\"name\":\"Cuatro factores profundizan el trabajo informal en Ecuador, que ya llega al 52%\"}]},{\"@type\":\"WebSite\",\"@id\":\"https:\\\/\\\/www.santafevalores.com\\\/#website\",\"url\":\"https:\\\/\\\/www.santafevalores.com\\\/\",\"name\":\"Santa Fe Casa de Valores S.A.\",\"description\":\"\",\"publisher\":{\"@id\":\"https:\\\/\\\/www.santafevalores.com\\\/#organization\"},\"potentialAction\":[{\"@type\":\"SearchAction\",\"target\":{\"@type\":\"EntryPoint\",\"urlTemplate\":\"https:\\\/\\\/www.santafevalores.com\\\/?s={search_term_string}\"},\"query-input\":{\"@type\":\"PropertyValueSpecification\",\"valueRequired\":true,\"valueName\":\"search_term_string\"}}],\"inLanguage\":\"es\"},{\"@type\":\"Organization\",\"@id\":\"https:\\\/\\\/www.santafevalores.com\\\/#organization\",\"name\":\"Santa Fe Casa de Valores S.A.\",\"alternateName\":\"SANTAFEVALORES\",\"url\":\"https:\\\/\\\/www.santafevalores.com\\\/\",\"logo\":{\"@type\":\"ImageObject\",\"inLanguage\":\"es\",\"@id\":\"https:\\\/\\\/www.santafevalores.com\\\/#\\\/schema\\\/logo\\\/image\\\/\",\"url\":\"https:\\\/\\\/www.santafevalores.com\\\/wp-content\\\/uploads\\\/2022\\\/06\\\/logo1.png\",\"contentUrl\":\"https:\\\/\\\/www.santafevalores.com\\\/wp-content\\\/uploads\\\/2022\\\/06\\\/logo1.png\",\"width\":235,\"height\":71,\"caption\":\"Santa Fe Casa de Valores S.A.\"},\"image\":{\"@id\":\"https:\\\/\\\/www.santafevalores.com\\\/#\\\/schema\\\/logo\\\/image\\\/\"},\"sameAs\":[\"https:\\\/\\\/www.facebook.com\\\/santafevalores\\\/\",\"https:\\\/\\\/x.com\\\/SantaFeValores\"]},{\"@type\":\"Person\",\"@id\":\"https:\\\/\\\/www.santafevalores.com\\\/#\\\/schema\\\/person\\\/d965a42370507d0a1638e69158bb5835\",\"name\":\"admin\",\"image\":{\"@type\":\"ImageObject\",\"inLanguage\":\"es\",\"@id\":\"https:\\\/\\\/secure.gravatar.com\\\/avatar\\\/97ec7f9eb6068ddac59d3806ca0034c167fce748f524adcfad8629911220756f?s=96&d=mm&r=g\",\"url\":\"https:\\\/\\\/secure.gravatar.com\\\/avatar\\\/97ec7f9eb6068ddac59d3806ca0034c167fce748f524adcfad8629911220756f?s=96&d=mm&r=g\",\"contentUrl\":\"https:\\\/\\\/secure.gravatar.com\\\/avatar\\\/97ec7f9eb6068ddac59d3806ca0034c167fce748f524adcfad8629911220756f?s=96&d=mm&r=g\",\"caption\":\"admin\"},\"sameAs\":[\"https:\\\/\\\/www.santafevalores.com\"],\"url\":\"https:\\\/\\\/www.santafevalores.com\\\/index.php\\\/author\\\/santafevaloresuio_ggv0vv79\\\/\"}]}<\/script>\n<!-- \/ Yoast SEO plugin. -->","yoast_head_json":{"title":"Cuatro factores profundizan el trabajo informal en Ecuador, que ya llega al 52% - Santa Fe Casa de Valores S.A.","robots":{"index":"index","follow":"follow","max-snippet":"max-snippet:-1","max-image-preview":"max-image-preview:large","max-video-preview":"max-video-preview:-1"},"canonical":"https:\/\/www.santafevalores.com\/index.php\/2022\/09\/23\/cuatro-factores-profundizan-el-trabajo-informal-en-ecuador-que-ya-llega-al-52\/","og_locale":"es_ES","og_type":"article","og_title":"Cuatro factores profundizan el trabajo informal en Ecuador, que ya llega al 52% - Santa Fe Casa de Valores S.A.","og_description":"La incursi\u00f3n de plataformas digitales es uno de los disparadores, a la par de la excesiva normativa laboral. La Cepal da algunas luces de c\u00f3mo enfrentar el problema QUITO &#8211; En el Ecuador, a pesar de que las condiciones macroecon\u00f3micas han mejorado (m\u00e1s ingresos petroleros y tributarios), aquello no se refleja enteramente en la generaci\u00f3n&hellip;","og_url":"https:\/\/www.santafevalores.com\/index.php\/2022\/09\/23\/cuatro-factores-profundizan-el-trabajo-informal-en-ecuador-que-ya-llega-al-52\/","og_site_name":"Santa Fe Casa de Valores S.A.","article_publisher":"https:\/\/www.facebook.com\/santafevalores\/","article_published_time":"2022-09-23T18:54:21+00:00","og_image":[{"width":1440,"height":960,"url":"https:\/\/www.santafevalores.com\/wp-content\/uploads\/2022\/09\/SFVIMG24.jpg","type":"image\/jpeg"}],"author":"admin","twitter_card":"summary_large_image","twitter_creator":"@SantaFeValores","twitter_site":"@SantaFeValores","twitter_misc":{"Escrito por":"admin","Tiempo de lectura":"6 minutos"},"schema":{"@context":"https:\/\/schema.org","@graph":[{"@type":"Article","@id":"https:\/\/www.santafevalores.com\/index.php\/2022\/09\/23\/cuatro-factores-profundizan-el-trabajo-informal-en-ecuador-que-ya-llega-al-52\/#article","isPartOf":{"@id":"https:\/\/www.santafevalores.com\/index.php\/2022\/09\/23\/cuatro-factores-profundizan-el-trabajo-informal-en-ecuador-que-ya-llega-al-52\/"},"author":{"name":"admin","@id":"https:\/\/www.santafevalores.com\/#\/schema\/person\/d965a42370507d0a1638e69158bb5835"},"headline":"Cuatro factores profundizan el trabajo informal en Ecuador, que ya llega al 52%","datePublished":"2022-09-23T18:54:21+00:00","mainEntityOfPage":{"@id":"https:\/\/www.santafevalores.com\/index.php\/2022\/09\/23\/cuatro-factores-profundizan-el-trabajo-informal-en-ecuador-que-ya-llega-al-52\/"},"wordCount":1197,"commentCount":0,"publisher":{"@id":"https:\/\/www.santafevalores.com\/#organization"},"image":{"@id":"https:\/\/www.santafevalores.com\/index.php\/2022\/09\/23\/cuatro-factores-profundizan-el-trabajo-informal-en-ecuador-que-ya-llega-al-52\/#primaryimage"},"thumbnailUrl":"https:\/\/www.santafevalores.com\/wp-content\/uploads\/2022\/09\/SFVIMG24.jpg","inLanguage":"es","potentialAction":[{"@type":"CommentAction","name":"Comment","target":["https:\/\/www.santafevalores.com\/index.php\/2022\/09\/23\/cuatro-factores-profundizan-el-trabajo-informal-en-ecuador-que-ya-llega-al-52\/#respond"]}]},{"@type":"WebPage","@id":"https:\/\/www.santafevalores.com\/index.php\/2022\/09\/23\/cuatro-factores-profundizan-el-trabajo-informal-en-ecuador-que-ya-llega-al-52\/","url":"https:\/\/www.santafevalores.com\/index.php\/2022\/09\/23\/cuatro-factores-profundizan-el-trabajo-informal-en-ecuador-que-ya-llega-al-52\/","name":"Cuatro factores profundizan el trabajo informal en Ecuador, que ya llega al 52% - Santa Fe Casa de Valores S.A.","isPartOf":{"@id":"https:\/\/www.santafevalores.com\/#website"},"primaryImageOfPage":{"@id":"https:\/\/www.santafevalores.com\/index.php\/2022\/09\/23\/cuatro-factores-profundizan-el-trabajo-informal-en-ecuador-que-ya-llega-al-52\/#primaryimage"},"image":{"@id":"https:\/\/www.santafevalores.com\/index.php\/2022\/09\/23\/cuatro-factores-profundizan-el-trabajo-informal-en-ecuador-que-ya-llega-al-52\/#primaryimage"},"thumbnailUrl":"https:\/\/www.santafevalores.com\/wp-content\/uploads\/2022\/09\/SFVIMG24.jpg","datePublished":"2022-09-23T18:54:21+00:00","breadcrumb":{"@id":"https:\/\/www.santafevalores.com\/index.php\/2022\/09\/23\/cuatro-factores-profundizan-el-trabajo-informal-en-ecuador-que-ya-llega-al-52\/#breadcrumb"},"inLanguage":"es","potentialAction":[{"@type":"ReadAction","target":["https:\/\/www.santafevalores.com\/index.php\/2022\/09\/23\/cuatro-factores-profundizan-el-trabajo-informal-en-ecuador-que-ya-llega-al-52\/"]}]},{"@type":"ImageObject","inLanguage":"es","@id":"https:\/\/www.santafevalores.com\/index.php\/2022\/09\/23\/cuatro-factores-profundizan-el-trabajo-informal-en-ecuador-que-ya-llega-al-52\/#primaryimage","url":"https:\/\/www.santafevalores.com\/wp-content\/uploads\/2022\/09\/SFVIMG24.jpg","contentUrl":"https:\/\/www.santafevalores.com\/wp-content\/uploads\/2022\/09\/SFVIMG24.jpg","width":1440,"height":960},{"@type":"BreadcrumbList","@id":"https:\/\/www.santafevalores.com\/index.php\/2022\/09\/23\/cuatro-factores-profundizan-el-trabajo-informal-en-ecuador-que-ya-llega-al-52\/#breadcrumb","itemListElement":[{"@type":"ListItem","position":1,"name":"Portada","item":"https:\/\/www.santafevalores.com\/"},{"@type":"ListItem","position":2,"name":"Cuatro factores profundizan el trabajo informal en Ecuador, que ya llega al 52%"}]},{"@type":"WebSite","@id":"https:\/\/www.santafevalores.com\/#website","url":"https:\/\/www.santafevalores.com\/","name":"Santa Fe Casa de Valores S.A.","description":"","publisher":{"@id":"https:\/\/www.santafevalores.com\/#organization"},"potentialAction":[{"@type":"SearchAction","target":{"@type":"EntryPoint","urlTemplate":"https:\/\/www.santafevalores.com\/?s={search_term_string}"},"query-input":{"@type":"PropertyValueSpecification","valueRequired":true,"valueName":"search_term_string"}}],"inLanguage":"es"},{"@type":"Organization","@id":"https:\/\/www.santafevalores.com\/#organization","name":"Santa Fe Casa de Valores S.A.","alternateName":"SANTAFEVALORES","url":"https:\/\/www.santafevalores.com\/","logo":{"@type":"ImageObject","inLanguage":"es","@id":"https:\/\/www.santafevalores.com\/#\/schema\/logo\/image\/","url":"https:\/\/www.santafevalores.com\/wp-content\/uploads\/2022\/06\/logo1.png","contentUrl":"https:\/\/www.santafevalores.com\/wp-content\/uploads\/2022\/06\/logo1.png","width":235,"height":71,"caption":"Santa Fe Casa de Valores S.A."},"image":{"@id":"https:\/\/www.santafevalores.com\/#\/schema\/logo\/image\/"},"sameAs":["https:\/\/www.facebook.com\/santafevalores\/","https:\/\/x.com\/SantaFeValores"]},{"@type":"Person","@id":"https:\/\/www.santafevalores.com\/#\/schema\/person\/d965a42370507d0a1638e69158bb5835","name":"admin","image":{"@type":"ImageObject","inLanguage":"es","@id":"https:\/\/secure.gravatar.com\/avatar\/97ec7f9eb6068ddac59d3806ca0034c167fce748f524adcfad8629911220756f?s=96&d=mm&r=g","url":"https:\/\/secure.gravatar.com\/avatar\/97ec7f9eb6068ddac59d3806ca0034c167fce748f524adcfad8629911220756f?s=96&d=mm&r=g","contentUrl":"https:\/\/secure.gravatar.com\/avatar\/97ec7f9eb6068ddac59d3806ca0034c167fce748f524adcfad8629911220756f?s=96&d=mm&r=g","caption":"admin"},"sameAs":["https:\/\/www.santafevalores.com"],"url":"https:\/\/www.santafevalores.com\/index.php\/author\/santafevaloresuio_ggv0vv79\/"}]}},"_links":{"self":[{"href":"https:\/\/www.santafevalores.com\/index.php\/wp-json\/wp\/v2\/posts\/65290","targetHints":{"allow":["GET"]}}],"collection":[{"href":"https:\/\/www.santafevalores.com\/index.php\/wp-json\/wp\/v2\/posts"}],"about":[{"href":"https:\/\/www.santafevalores.com\/index.php\/wp-json\/wp\/v2\/types\/post"}],"author":[{"embeddable":true,"href":"https:\/\/www.santafevalores.com\/index.php\/wp-json\/wp\/v2\/users\/1"}],"replies":[{"embeddable":true,"href":"https:\/\/www.santafevalores.com\/index.php\/wp-json\/wp\/v2\/comments?post=65290"}],"version-history":[{"count":0,"href":"https:\/\/www.santafevalores.com\/index.php\/wp-json\/wp\/v2\/posts\/65290\/revisions"}],"wp:featuredmedia":[{"embeddable":true,"href":"https:\/\/www.santafevalores.com\/index.php\/wp-json\/wp\/v2\/media\/65292"}],"wp:attachment":[{"href":"https:\/\/www.santafevalores.com\/index.php\/wp-json\/wp\/v2\/media?parent=65290"}],"wp:term":[{"taxonomy":"category","embeddable":true,"href":"https:\/\/www.santafevalores.com\/index.php\/wp-json\/wp\/v2\/categories?post=65290"},{"taxonomy":"post_tag","embeddable":true,"href":"https:\/\/www.santafevalores.com\/index.php\/wp-json\/wp\/v2\/tags?post=65290"}],"curies":[{"name":"wp","href":"https:\/\/api.w.org\/{rel}","templated":true}]}}