{"id":65304,"date":"2022-09-23T15:35:02","date_gmt":"2022-09-23T20:35:02","guid":{"rendered":"https:\/\/santafevalores.com\/?p=65304"},"modified":"2022-09-23T15:35:02","modified_gmt":"2022-09-23T20:35:02","slug":"ecuador-buscara-un-nuevo-acuerdo-con-el-fmi-el-proximo-ano-dice-lasso","status":"publish","type":"post","link":"https:\/\/www.santafevalores.com\/index.php\/2022\/09\/23\/ecuador-buscara-un-nuevo-acuerdo-con-el-fmi-el-proximo-ano-dice-lasso\/","title":{"rendered":"Ecuador buscar\u00e1 un nuevo acuerdo con el FMI el pr\u00f3ximo a\u00f1o, dice Lasso"},"content":{"rendered":"\t\t<div data-elementor-type=\"wp-post\" data-elementor-id=\"65304\" class=\"elementor elementor-65304\" data-elementor-post-type=\"post\">\n\t\t\t\t\t\t<section class=\"elementor-section elementor-top-section elementor-element elementor-element-4530ed5 elementor-section-boxed elementor-section-height-default elementor-section-height-default\" data-id=\"4530ed5\" data-element_type=\"section\" data-e-type=\"section\">\n\t\t\t\t\t\t<div class=\"elementor-container elementor-column-gap-default\">\n\t\t\t\t\t<div class=\"elementor-column elementor-col-100 elementor-top-column elementor-element elementor-element-b6b6aab\" data-id=\"b6b6aab\" data-element_type=\"column\" data-e-type=\"column\">\n\t\t\t<div class=\"elementor-widget-wrap elementor-element-populated\">\n\t\t\t\t\t\t<div class=\"elementor-element elementor-element-acc7b38 elementor-widget elementor-widget-image\" data-id=\"acc7b38\" data-element_type=\"widget\" data-e-type=\"widget\" data-widget_type=\"image.default\">\n\t\t\t\t<div class=\"elementor-widget-container\">\n\t\t\t\t\t\t\t\t\t\t\t\t\t\t\t<img fetchpriority=\"high\" decoding=\"async\" width=\"1024\" height=\"683\" src=\"https:\/\/www.santafevalores.com\/wp-content\/uploads\/2022\/09\/SFVIMG25-1024x683.jpg\" class=\"attachment-large size-large wp-image-65306\" alt=\"\" srcset=\"https:\/\/www.santafevalores.com\/wp-content\/uploads\/2022\/09\/SFVIMG25-1024x683.jpg 1024w, https:\/\/www.santafevalores.com\/wp-content\/uploads\/2022\/09\/SFVIMG25-300x200.jpg 300w, https:\/\/www.santafevalores.com\/wp-content\/uploads\/2022\/09\/SFVIMG25-768x512.jpg 768w, https:\/\/www.santafevalores.com\/wp-content\/uploads\/2022\/09\/SFVIMG25.jpg 1440w\" sizes=\"(max-width: 1024px) 100vw, 1024px\" \/>\t\t\t\t\t\t\t\t\t\t\t\t\t\t\t<\/div>\n\t\t\t\t<\/div>\n\t\t\t\t\t<\/div>\n\t\t<\/div>\n\t\t\t\t\t<\/div>\n\t\t<\/section>\n\t\t\t\t<section class=\"elementor-section elementor-top-section elementor-element elementor-element-0cbe13c elementor-section-boxed elementor-section-height-default elementor-section-height-default\" data-id=\"0cbe13c\" data-element_type=\"section\" data-e-type=\"section\">\n\t\t\t\t\t\t<div class=\"elementor-container elementor-column-gap-default\">\n\t\t\t\t\t<div class=\"elementor-column elementor-col-100 elementor-top-column elementor-element elementor-element-6bcc1a7\" data-id=\"6bcc1a7\" data-element_type=\"column\" data-e-type=\"column\">\n\t\t\t<div class=\"elementor-widget-wrap elementor-element-populated\">\n\t\t\t\t\t\t<div class=\"elementor-element elementor-element-3f5f54e elementor-widget elementor-widget-text-editor\" data-id=\"3f5f54e\" data-element_type=\"widget\" data-e-type=\"widget\" data-widget_type=\"text-editor.default\">\n\t\t\t\t<div class=\"elementor-widget-container\">\n\t\t\t\t\t\t\t\t\t<p>El anuncio se da en medio de una b\u00fasqueda por financiamiento, pues volver a los mercados internacionales no ser\u00eda la mejor opci\u00f3n para el pa\u00eds, al menos en el corto plazo<\/p>\n<p>Bloomberg &#8211; El Gobierno ecuatoriano <b>intentar\u00e1 alcanzar un nuevo acuerdo con el Fondo Monetario Internacional (FMI) el pr\u00f3ximo a\u00f1o<\/b>&nbsp;mientras busca nuevo financiamiento tras la ca\u00edda de sus bonos que, a decir del presidente Guillermo Lasso, est\u00e1n \u201cabsurdamente infravalorados\u201d.<br><\/p>\n<p>\u201c<b>El a\u00f1o que viene, una vez que concluya este programa, haremos otro\u201d,<\/b>&nbsp;afirm\u00f3 el mandatario desde Estados Unidos al referirse al acuerdo que est\u00e1 por concluir con el FMI.<br><\/p>\n<p>El desplome de los bonos ecuatorianos, que se registr\u00f3 desde junio debido a las protestas sociales, ha hecho que <b>una vuelta a los mercados mundiales de cr\u00e9dito sea impracticable en un futuro pr\u00f3ximo.<\/b><br><\/p>\n<p>El rendimiento de la deuda en d\u00f3lares del pa\u00eds con vencimiento en 2040 ha aumentado hasta el 16,3%, frente a menos del 10% a principios de a\u00f1o.<br><\/p>\n<p>Aunque los costos de endeudamiento del Ecuador son elevados&nbsp;<b>\u201ctodav\u00eda hay opciones para pedir pr\u00e9stamos a los prestamistas multilaterales\u201d<\/b>, afirm\u00f3 el mandatario.<br><\/p>\n<p>El pa\u00eds est\u00e1 pr\u00f3ximo a completar un acuerdo con el FMI a finales de a\u00f1o. <b>Solamente resta un \u00faltimo desembolso de US$700 millones.<\/b><br><\/p>\n<p>Lasso advirti\u00f3 que los detalles de un posible programa futuro con el Fondo <b>a\u00fan no se han concretado.<\/b><br><\/p>\n<p><b>GOLDMAN Y JPMORGAN<\/b><br><\/p>\n<p>En reuniones con Goldman y JP Morgan, Lasso explic\u00f3 por qu\u00e9 cree que los bonos de Ecuador est\u00e1n infravalorados. En su opini\u00f3n, <b>\u201cel pa\u00eds es pol\u00edticamente estable y tiene s\u00f3lidos fundamentos\u201d.<\/b><br><\/p>\n<p>\u201cIncluso en el \u00e1mbito pol\u00edtico, este es un gobierno muy s\u00f3lido\u201d y <b>\u201cha sido capaz de ganar batallas democr\u00e1ticamente\u201d, <\/b>anot\u00f3 el mandatario al tiempo de insistir en que <b>\u201cno hay raz\u00f3n para preocuparse por la estabilidad pol\u00edtica\u201d.<\/b><br><\/p>\n<p>Ecuador tambi\u00e9n anunci\u00f3 esta semana una renegociaci\u00f3n de la deuda con China, que permitir\u00e1 <b>ahorrar US$ 1.400 millones<\/b>&nbsp;en pagos y que incluye la ampliaci\u00f3n de los vencimientos.<br><\/p>\n<p>El jefe de Estado apunt\u00f3 que su gobierno <b>\u201cno tiene previsto recurrir a los bancos chinos para obtener deuda en 2023\u2033.<\/b><br><\/p>\n<p>Entre las fuentes de financiaci\u00f3n adicionales, Ecuador espera obtener financiaci\u00f3n de la US International Development Finance para ayudar a proteger la Amazonia.<br><\/p>\n<p>Asimismo, <b>las ofertas para la venta del Banco del Pac\u00edfico,<\/b>&nbsp;un banco comercial que pas\u00f3 a ser del Estado, se deben presentar la pr\u00f3xima semana. La idea es venderlo a un banco extranjero en enero.<br><\/p>\n<p>\u201cEcuador est\u00e1 bien posicionado para sortear una posible crisis de la econom\u00eda mundial, ya que algunas exportaciones clave, como el camar\u00f3n, registran demanda internacional r\u00e9cord\u201d, a\u00f1adi\u00f3 el presidente.<\/p>\t\t\t\t\t\t\t\t<\/div>\n\t\t\t\t<\/div>\n\t\t\t\t\t<\/div>\n\t\t<\/div>\n\t\t\t\t\t<\/div>\n\t\t<\/section>\n\t\t\t\t<section class=\"elementor-section elementor-top-section elementor-element elementor-element-813d101 elementor-section-boxed elementor-section-height-default elementor-section-height-default\" data-id=\"813d101\" data-element_type=\"section\" data-e-type=\"section\">\n\t\t\t\t\t\t<div class=\"elementor-container elementor-column-gap-default\">\n\t\t\t\t\t<div class=\"elementor-column elementor-col-100 elementor-top-column elementor-element elementor-element-a7131c0\" data-id=\"a7131c0\" data-element_type=\"column\" data-e-type=\"column\">\n\t\t\t<div class=\"elementor-widget-wrap elementor-element-populated\">\n\t\t\t\t\t\t<div class=\"elementor-element elementor-element-b432cd2 elementor-headline--style-highlight elementor-widget elementor-widget-animated-headline\" data-id=\"b432cd2\" data-element_type=\"widget\" data-e-type=\"widget\" data-settings=\"{&quot;highlighted_text&quot;:&quot;reporta Bloomberg&quot;,&quot;headline_style&quot;:&quot;highlight&quot;,&quot;marker&quot;:&quot;circle&quot;,&quot;loop&quot;:&quot;yes&quot;,&quot;highlight_animation_duration&quot;:1200,&quot;highlight_iteration_delay&quot;:8000}\" data-widget_type=\"animated-headline.default\">\n\t\t\t\t<div class=\"elementor-widget-container\">\n\t\t\t\t\t\t\t\t<a href=\"https:\/\/www.bloomberglinea.com\/2022\/09\/22\/ecuador-buscara-un-nuevo-acuerdo-con-el-fmi-el-proximo-ano-dice-lasso\/\" target=\"_blank\">\n\n\t\t\t\t\t<p class=\"elementor-headline\">\n\t\t\t\t\t<span class=\"elementor-headline-plain-text elementor-headline-text-wrapper\">Fuente:<\/span>\n\t\t\t\t<span class=\"elementor-headline-dynamic-wrapper elementor-headline-text-wrapper\">\n\t\t\t\t\t<span class=\"elementor-headline-dynamic-text elementor-headline-text-active\">reporta Bloomberg<\/span>\n\t\t\t\t<\/span>\n\t\t\t\t<\/p>\n\t\t<\/a>\t\t\t\t<\/div>\n\t\t\t\t<\/div>\n\t\t\t\t\t<\/div>\n\t\t<\/div>\n\t\t\t\t\t<\/div>\n\t\t<\/section>\n\t\t\t\t<\/div>\n\t\t","protected":false},"excerpt":{"rendered":"<p>El anuncio se da en medio de una b\u00fasqueda por financiamiento, pues volver a los mercados internacionales no ser\u00eda la mejor opci\u00f3n para el pa\u00eds, al menos en el corto plazo Bloomberg &#8211; El Gobierno ecuatoriano intentar\u00e1 alcanzar un nuevo acuerdo con el Fondo Monetario Internacional (FMI) el pr\u00f3ximo a\u00f1o&nbsp;mientras busca nuevo financiamiento tras la&hellip;<\/p>\n","protected":false},"author":1,"featured_media":65306,"comment_status":"open","ping_status":"closed","sticky":false,"template":"","format":"standard","meta":{"content-type":"","_joinchat":[],"footnotes":""},"categories":[4],"tags":[],"class_list":["post-65304","post","type-post","status-publish","format-standard","has-post-thumbnail","hentry","category-sin-categoria"],"yoast_head":"<!-- This site is optimized with the Yoast SEO plugin v27.5 - https:\/\/yoast.com\/product\/yoast-seo-wordpress\/ -->\n<title>Ecuador buscar\u00e1 un nuevo acuerdo con el FMI el pr\u00f3ximo a\u00f1o, dice Lasso - Santa Fe Casa de Valores S.A.<\/title>\n<meta name=\"robots\" content=\"index, follow, max-snippet:-1, max-image-preview:large, max-video-preview:-1\" \/>\n<link rel=\"canonical\" href=\"https:\/\/www.santafevalores.com\/index.php\/2022\/09\/23\/ecuador-buscara-un-nuevo-acuerdo-con-el-fmi-el-proximo-ano-dice-lasso\/\" \/>\n<meta property=\"og:locale\" content=\"es_ES\" \/>\n<meta property=\"og:type\" content=\"article\" \/>\n<meta property=\"og:title\" content=\"Ecuador buscar\u00e1 un nuevo acuerdo con el FMI el pr\u00f3ximo a\u00f1o, dice Lasso - Santa Fe Casa de Valores S.A.\" \/>\n<meta property=\"og:description\" content=\"El anuncio se da en medio de una b\u00fasqueda por financiamiento, pues volver a los mercados internacionales no ser\u00eda la mejor opci\u00f3n para el pa\u00eds, al menos en el corto plazo Bloomberg &#8211; El Gobierno ecuatoriano intentar\u00e1 alcanzar un nuevo acuerdo con el Fondo Monetario Internacional (FMI) el pr\u00f3ximo a\u00f1o&nbsp;mientras busca nuevo financiamiento tras la&hellip;\" \/>\n<meta property=\"og:url\" content=\"https:\/\/www.santafevalores.com\/index.php\/2022\/09\/23\/ecuador-buscara-un-nuevo-acuerdo-con-el-fmi-el-proximo-ano-dice-lasso\/\" \/>\n<meta property=\"og:site_name\" content=\"Santa Fe Casa de Valores S.A.\" \/>\n<meta property=\"article:publisher\" content=\"https:\/\/www.facebook.com\/santafevalores\/\" \/>\n<meta property=\"article:published_time\" content=\"2022-09-23T20:35:02+00:00\" \/>\n<meta property=\"og:image\" content=\"https:\/\/www.santafevalores.com\/wp-content\/uploads\/2022\/09\/SFVIMG25.jpg\" \/>\n\t<meta property=\"og:image:width\" content=\"1440\" \/>\n\t<meta property=\"og:image:height\" content=\"960\" \/>\n\t<meta property=\"og:image:type\" content=\"image\/jpeg\" \/>\n<meta name=\"author\" content=\"admin\" \/>\n<meta name=\"twitter:card\" content=\"summary_large_image\" \/>\n<meta name=\"twitter:creator\" content=\"@SantaFeValores\" \/>\n<meta name=\"twitter:site\" content=\"@SantaFeValores\" \/>\n<meta name=\"twitter:label1\" content=\"Escrito por\" \/>\n\t<meta name=\"twitter:data1\" content=\"admin\" \/>\n\t<meta name=\"twitter:label2\" content=\"Tiempo de lectura\" \/>\n\t<meta name=\"twitter:data2\" content=\"3 minutos\" \/>\n<script type=\"application\/ld+json\" class=\"yoast-schema-graph\">{\"@context\":\"https:\\\/\\\/schema.org\",\"@graph\":[{\"@type\":\"Article\",\"@id\":\"https:\\\/\\\/www.santafevalores.com\\\/index.php\\\/2022\\\/09\\\/23\\\/ecuador-buscara-un-nuevo-acuerdo-con-el-fmi-el-proximo-ano-dice-lasso\\\/#article\",\"isPartOf\":{\"@id\":\"https:\\\/\\\/www.santafevalores.com\\\/index.php\\\/2022\\\/09\\\/23\\\/ecuador-buscara-un-nuevo-acuerdo-con-el-fmi-el-proximo-ano-dice-lasso\\\/\"},\"author\":{\"name\":\"admin\",\"@id\":\"https:\\\/\\\/www.santafevalores.com\\\/#\\\/schema\\\/person\\\/d965a42370507d0a1638e69158bb5835\"},\"headline\":\"Ecuador buscar\u00e1 un nuevo acuerdo con el FMI el pr\u00f3ximo a\u00f1o, dice Lasso\",\"datePublished\":\"2022-09-23T20:35:02+00:00\",\"mainEntityOfPage\":{\"@id\":\"https:\\\/\\\/www.santafevalores.com\\\/index.php\\\/2022\\\/09\\\/23\\\/ecuador-buscara-un-nuevo-acuerdo-con-el-fmi-el-proximo-ano-dice-lasso\\\/\"},\"wordCount\":486,\"commentCount\":0,\"publisher\":{\"@id\":\"https:\\\/\\\/www.santafevalores.com\\\/#organization\"},\"image\":{\"@id\":\"https:\\\/\\\/www.santafevalores.com\\\/index.php\\\/2022\\\/09\\\/23\\\/ecuador-buscara-un-nuevo-acuerdo-con-el-fmi-el-proximo-ano-dice-lasso\\\/#primaryimage\"},\"thumbnailUrl\":\"https:\\\/\\\/www.santafevalores.com\\\/wp-content\\\/uploads\\\/2022\\\/09\\\/SFVIMG25.jpg\",\"inLanguage\":\"es\",\"potentialAction\":[{\"@type\":\"CommentAction\",\"name\":\"Comment\",\"target\":[\"https:\\\/\\\/www.santafevalores.com\\\/index.php\\\/2022\\\/09\\\/23\\\/ecuador-buscara-un-nuevo-acuerdo-con-el-fmi-el-proximo-ano-dice-lasso\\\/#respond\"]}]},{\"@type\":\"WebPage\",\"@id\":\"https:\\\/\\\/www.santafevalores.com\\\/index.php\\\/2022\\\/09\\\/23\\\/ecuador-buscara-un-nuevo-acuerdo-con-el-fmi-el-proximo-ano-dice-lasso\\\/\",\"url\":\"https:\\\/\\\/www.santafevalores.com\\\/index.php\\\/2022\\\/09\\\/23\\\/ecuador-buscara-un-nuevo-acuerdo-con-el-fmi-el-proximo-ano-dice-lasso\\\/\",\"name\":\"Ecuador buscar\u00e1 un nuevo acuerdo con el FMI el pr\u00f3ximo a\u00f1o, dice Lasso - Santa Fe Casa de Valores S.A.\",\"isPartOf\":{\"@id\":\"https:\\\/\\\/www.santafevalores.com\\\/#website\"},\"primaryImageOfPage\":{\"@id\":\"https:\\\/\\\/www.santafevalores.com\\\/index.php\\\/2022\\\/09\\\/23\\\/ecuador-buscara-un-nuevo-acuerdo-con-el-fmi-el-proximo-ano-dice-lasso\\\/#primaryimage\"},\"image\":{\"@id\":\"https:\\\/\\\/www.santafevalores.com\\\/index.php\\\/2022\\\/09\\\/23\\\/ecuador-buscara-un-nuevo-acuerdo-con-el-fmi-el-proximo-ano-dice-lasso\\\/#primaryimage\"},\"thumbnailUrl\":\"https:\\\/\\\/www.santafevalores.com\\\/wp-content\\\/uploads\\\/2022\\\/09\\\/SFVIMG25.jpg\",\"datePublished\":\"2022-09-23T20:35:02+00:00\",\"breadcrumb\":{\"@id\":\"https:\\\/\\\/www.santafevalores.com\\\/index.php\\\/2022\\\/09\\\/23\\\/ecuador-buscara-un-nuevo-acuerdo-con-el-fmi-el-proximo-ano-dice-lasso\\\/#breadcrumb\"},\"inLanguage\":\"es\",\"potentialAction\":[{\"@type\":\"ReadAction\",\"target\":[\"https:\\\/\\\/www.santafevalores.com\\\/index.php\\\/2022\\\/09\\\/23\\\/ecuador-buscara-un-nuevo-acuerdo-con-el-fmi-el-proximo-ano-dice-lasso\\\/\"]}]},{\"@type\":\"ImageObject\",\"inLanguage\":\"es\",\"@id\":\"https:\\\/\\\/www.santafevalores.com\\\/index.php\\\/2022\\\/09\\\/23\\\/ecuador-buscara-un-nuevo-acuerdo-con-el-fmi-el-proximo-ano-dice-lasso\\\/#primaryimage\",\"url\":\"https:\\\/\\\/www.santafevalores.com\\\/wp-content\\\/uploads\\\/2022\\\/09\\\/SFVIMG25.jpg\",\"contentUrl\":\"https:\\\/\\\/www.santafevalores.com\\\/wp-content\\\/uploads\\\/2022\\\/09\\\/SFVIMG25.jpg\",\"width\":1440,\"height\":960},{\"@type\":\"BreadcrumbList\",\"@id\":\"https:\\\/\\\/www.santafevalores.com\\\/index.php\\\/2022\\\/09\\\/23\\\/ecuador-buscara-un-nuevo-acuerdo-con-el-fmi-el-proximo-ano-dice-lasso\\\/#breadcrumb\",\"itemListElement\":[{\"@type\":\"ListItem\",\"position\":1,\"name\":\"Portada\",\"item\":\"https:\\\/\\\/www.santafevalores.com\\\/\"},{\"@type\":\"ListItem\",\"position\":2,\"name\":\"Ecuador buscar\u00e1 un nuevo acuerdo con el FMI el pr\u00f3ximo a\u00f1o, dice Lasso\"}]},{\"@type\":\"WebSite\",\"@id\":\"https:\\\/\\\/www.santafevalores.com\\\/#website\",\"url\":\"https:\\\/\\\/www.santafevalores.com\\\/\",\"name\":\"Santa Fe Casa de Valores S.A.\",\"description\":\"\",\"publisher\":{\"@id\":\"https:\\\/\\\/www.santafevalores.com\\\/#organization\"},\"potentialAction\":[{\"@type\":\"SearchAction\",\"target\":{\"@type\":\"EntryPoint\",\"urlTemplate\":\"https:\\\/\\\/www.santafevalores.com\\\/?s={search_term_string}\"},\"query-input\":{\"@type\":\"PropertyValueSpecification\",\"valueRequired\":true,\"valueName\":\"search_term_string\"}}],\"inLanguage\":\"es\"},{\"@type\":\"Organization\",\"@id\":\"https:\\\/\\\/www.santafevalores.com\\\/#organization\",\"name\":\"Santa Fe Casa de Valores S.A.\",\"alternateName\":\"SANTAFEVALORES\",\"url\":\"https:\\\/\\\/www.santafevalores.com\\\/\",\"logo\":{\"@type\":\"ImageObject\",\"inLanguage\":\"es\",\"@id\":\"https:\\\/\\\/www.santafevalores.com\\\/#\\\/schema\\\/logo\\\/image\\\/\",\"url\":\"https:\\\/\\\/www.santafevalores.com\\\/wp-content\\\/uploads\\\/2022\\\/06\\\/logo1.png\",\"contentUrl\":\"https:\\\/\\\/www.santafevalores.com\\\/wp-content\\\/uploads\\\/2022\\\/06\\\/logo1.png\",\"width\":235,\"height\":71,\"caption\":\"Santa Fe Casa de Valores S.A.\"},\"image\":{\"@id\":\"https:\\\/\\\/www.santafevalores.com\\\/#\\\/schema\\\/logo\\\/image\\\/\"},\"sameAs\":[\"https:\\\/\\\/www.facebook.com\\\/santafevalores\\\/\",\"https:\\\/\\\/x.com\\\/SantaFeValores\"]},{\"@type\":\"Person\",\"@id\":\"https:\\\/\\\/www.santafevalores.com\\\/#\\\/schema\\\/person\\\/d965a42370507d0a1638e69158bb5835\",\"name\":\"admin\",\"image\":{\"@type\":\"ImageObject\",\"inLanguage\":\"es\",\"@id\":\"https:\\\/\\\/secure.gravatar.com\\\/avatar\\\/97ec7f9eb6068ddac59d3806ca0034c167fce748f524adcfad8629911220756f?s=96&d=mm&r=g\",\"url\":\"https:\\\/\\\/secure.gravatar.com\\\/avatar\\\/97ec7f9eb6068ddac59d3806ca0034c167fce748f524adcfad8629911220756f?s=96&d=mm&r=g\",\"contentUrl\":\"https:\\\/\\\/secure.gravatar.com\\\/avatar\\\/97ec7f9eb6068ddac59d3806ca0034c167fce748f524adcfad8629911220756f?s=96&d=mm&r=g\",\"caption\":\"admin\"},\"sameAs\":[\"https:\\\/\\\/www.santafevalores.com\"],\"url\":\"https:\\\/\\\/www.santafevalores.com\\\/index.php\\\/author\\\/santafevaloresuio_ggv0vv79\\\/\"}]}<\/script>\n<!-- \/ Yoast SEO plugin. -->","yoast_head_json":{"title":"Ecuador buscar\u00e1 un nuevo acuerdo con el FMI el pr\u00f3ximo a\u00f1o, dice Lasso - Santa Fe Casa de Valores S.A.","robots":{"index":"index","follow":"follow","max-snippet":"max-snippet:-1","max-image-preview":"max-image-preview:large","max-video-preview":"max-video-preview:-1"},"canonical":"https:\/\/www.santafevalores.com\/index.php\/2022\/09\/23\/ecuador-buscara-un-nuevo-acuerdo-con-el-fmi-el-proximo-ano-dice-lasso\/","og_locale":"es_ES","og_type":"article","og_title":"Ecuador buscar\u00e1 un nuevo acuerdo con el FMI el pr\u00f3ximo a\u00f1o, dice Lasso - Santa Fe Casa de Valores S.A.","og_description":"El anuncio se da en medio de una b\u00fasqueda por financiamiento, pues volver a los mercados internacionales no ser\u00eda la mejor opci\u00f3n para el pa\u00eds, al menos en el corto plazo Bloomberg &#8211; El Gobierno ecuatoriano intentar\u00e1 alcanzar un nuevo acuerdo con el Fondo Monetario Internacional (FMI) el pr\u00f3ximo a\u00f1o&nbsp;mientras busca nuevo financiamiento tras la&hellip;","og_url":"https:\/\/www.santafevalores.com\/index.php\/2022\/09\/23\/ecuador-buscara-un-nuevo-acuerdo-con-el-fmi-el-proximo-ano-dice-lasso\/","og_site_name":"Santa Fe Casa de Valores S.A.","article_publisher":"https:\/\/www.facebook.com\/santafevalores\/","article_published_time":"2022-09-23T20:35:02+00:00","og_image":[{"width":1440,"height":960,"url":"https:\/\/www.santafevalores.com\/wp-content\/uploads\/2022\/09\/SFVIMG25.jpg","type":"image\/jpeg"}],"author":"admin","twitter_card":"summary_large_image","twitter_creator":"@SantaFeValores","twitter_site":"@SantaFeValores","twitter_misc":{"Escrito por":"admin","Tiempo de lectura":"3 minutos"},"schema":{"@context":"https:\/\/schema.org","@graph":[{"@type":"Article","@id":"https:\/\/www.santafevalores.com\/index.php\/2022\/09\/23\/ecuador-buscara-un-nuevo-acuerdo-con-el-fmi-el-proximo-ano-dice-lasso\/#article","isPartOf":{"@id":"https:\/\/www.santafevalores.com\/index.php\/2022\/09\/23\/ecuador-buscara-un-nuevo-acuerdo-con-el-fmi-el-proximo-ano-dice-lasso\/"},"author":{"name":"admin","@id":"https:\/\/www.santafevalores.com\/#\/schema\/person\/d965a42370507d0a1638e69158bb5835"},"headline":"Ecuador buscar\u00e1 un nuevo acuerdo con el FMI el pr\u00f3ximo a\u00f1o, dice Lasso","datePublished":"2022-09-23T20:35:02+00:00","mainEntityOfPage":{"@id":"https:\/\/www.santafevalores.com\/index.php\/2022\/09\/23\/ecuador-buscara-un-nuevo-acuerdo-con-el-fmi-el-proximo-ano-dice-lasso\/"},"wordCount":486,"commentCount":0,"publisher":{"@id":"https:\/\/www.santafevalores.com\/#organization"},"image":{"@id":"https:\/\/www.santafevalores.com\/index.php\/2022\/09\/23\/ecuador-buscara-un-nuevo-acuerdo-con-el-fmi-el-proximo-ano-dice-lasso\/#primaryimage"},"thumbnailUrl":"https:\/\/www.santafevalores.com\/wp-content\/uploads\/2022\/09\/SFVIMG25.jpg","inLanguage":"es","potentialAction":[{"@type":"CommentAction","name":"Comment","target":["https:\/\/www.santafevalores.com\/index.php\/2022\/09\/23\/ecuador-buscara-un-nuevo-acuerdo-con-el-fmi-el-proximo-ano-dice-lasso\/#respond"]}]},{"@type":"WebPage","@id":"https:\/\/www.santafevalores.com\/index.php\/2022\/09\/23\/ecuador-buscara-un-nuevo-acuerdo-con-el-fmi-el-proximo-ano-dice-lasso\/","url":"https:\/\/www.santafevalores.com\/index.php\/2022\/09\/23\/ecuador-buscara-un-nuevo-acuerdo-con-el-fmi-el-proximo-ano-dice-lasso\/","name":"Ecuador buscar\u00e1 un nuevo acuerdo con el FMI el pr\u00f3ximo a\u00f1o, dice Lasso - Santa Fe Casa de Valores S.A.","isPartOf":{"@id":"https:\/\/www.santafevalores.com\/#website"},"primaryImageOfPage":{"@id":"https:\/\/www.santafevalores.com\/index.php\/2022\/09\/23\/ecuador-buscara-un-nuevo-acuerdo-con-el-fmi-el-proximo-ano-dice-lasso\/#primaryimage"},"image":{"@id":"https:\/\/www.santafevalores.com\/index.php\/2022\/09\/23\/ecuador-buscara-un-nuevo-acuerdo-con-el-fmi-el-proximo-ano-dice-lasso\/#primaryimage"},"thumbnailUrl":"https:\/\/www.santafevalores.com\/wp-content\/uploads\/2022\/09\/SFVIMG25.jpg","datePublished":"2022-09-23T20:35:02+00:00","breadcrumb":{"@id":"https:\/\/www.santafevalores.com\/index.php\/2022\/09\/23\/ecuador-buscara-un-nuevo-acuerdo-con-el-fmi-el-proximo-ano-dice-lasso\/#breadcrumb"},"inLanguage":"es","potentialAction":[{"@type":"ReadAction","target":["https:\/\/www.santafevalores.com\/index.php\/2022\/09\/23\/ecuador-buscara-un-nuevo-acuerdo-con-el-fmi-el-proximo-ano-dice-lasso\/"]}]},{"@type":"ImageObject","inLanguage":"es","@id":"https:\/\/www.santafevalores.com\/index.php\/2022\/09\/23\/ecuador-buscara-un-nuevo-acuerdo-con-el-fmi-el-proximo-ano-dice-lasso\/#primaryimage","url":"https:\/\/www.santafevalores.com\/wp-content\/uploads\/2022\/09\/SFVIMG25.jpg","contentUrl":"https:\/\/www.santafevalores.com\/wp-content\/uploads\/2022\/09\/SFVIMG25.jpg","width":1440,"height":960},{"@type":"BreadcrumbList","@id":"https:\/\/www.santafevalores.com\/index.php\/2022\/09\/23\/ecuador-buscara-un-nuevo-acuerdo-con-el-fmi-el-proximo-ano-dice-lasso\/#breadcrumb","itemListElement":[{"@type":"ListItem","position":1,"name":"Portada","item":"https:\/\/www.santafevalores.com\/"},{"@type":"ListItem","position":2,"name":"Ecuador buscar\u00e1 un nuevo acuerdo con el FMI el pr\u00f3ximo a\u00f1o, dice Lasso"}]},{"@type":"WebSite","@id":"https:\/\/www.santafevalores.com\/#website","url":"https:\/\/www.santafevalores.com\/","name":"Santa Fe Casa de Valores S.A.","description":"","publisher":{"@id":"https:\/\/www.santafevalores.com\/#organization"},"potentialAction":[{"@type":"SearchAction","target":{"@type":"EntryPoint","urlTemplate":"https:\/\/www.santafevalores.com\/?s={search_term_string}"},"query-input":{"@type":"PropertyValueSpecification","valueRequired":true,"valueName":"search_term_string"}}],"inLanguage":"es"},{"@type":"Organization","@id":"https:\/\/www.santafevalores.com\/#organization","name":"Santa Fe Casa de Valores S.A.","alternateName":"SANTAFEVALORES","url":"https:\/\/www.santafevalores.com\/","logo":{"@type":"ImageObject","inLanguage":"es","@id":"https:\/\/www.santafevalores.com\/#\/schema\/logo\/image\/","url":"https:\/\/www.santafevalores.com\/wp-content\/uploads\/2022\/06\/logo1.png","contentUrl":"https:\/\/www.santafevalores.com\/wp-content\/uploads\/2022\/06\/logo1.png","width":235,"height":71,"caption":"Santa Fe Casa de Valores S.A."},"image":{"@id":"https:\/\/www.santafevalores.com\/#\/schema\/logo\/image\/"},"sameAs":["https:\/\/www.facebook.com\/santafevalores\/","https:\/\/x.com\/SantaFeValores"]},{"@type":"Person","@id":"https:\/\/www.santafevalores.com\/#\/schema\/person\/d965a42370507d0a1638e69158bb5835","name":"admin","image":{"@type":"ImageObject","inLanguage":"es","@id":"https:\/\/secure.gravatar.com\/avatar\/97ec7f9eb6068ddac59d3806ca0034c167fce748f524adcfad8629911220756f?s=96&d=mm&r=g","url":"https:\/\/secure.gravatar.com\/avatar\/97ec7f9eb6068ddac59d3806ca0034c167fce748f524adcfad8629911220756f?s=96&d=mm&r=g","contentUrl":"https:\/\/secure.gravatar.com\/avatar\/97ec7f9eb6068ddac59d3806ca0034c167fce748f524adcfad8629911220756f?s=96&d=mm&r=g","caption":"admin"},"sameAs":["https:\/\/www.santafevalores.com"],"url":"https:\/\/www.santafevalores.com\/index.php\/author\/santafevaloresuio_ggv0vv79\/"}]}},"_links":{"self":[{"href":"https:\/\/www.santafevalores.com\/index.php\/wp-json\/wp\/v2\/posts\/65304","targetHints":{"allow":["GET"]}}],"collection":[{"href":"https:\/\/www.santafevalores.com\/index.php\/wp-json\/wp\/v2\/posts"}],"about":[{"href":"https:\/\/www.santafevalores.com\/index.php\/wp-json\/wp\/v2\/types\/post"}],"author":[{"embeddable":true,"href":"https:\/\/www.santafevalores.com\/index.php\/wp-json\/wp\/v2\/users\/1"}],"replies":[{"embeddable":true,"href":"https:\/\/www.santafevalores.com\/index.php\/wp-json\/wp\/v2\/comments?post=65304"}],"version-history":[{"count":0,"href":"https:\/\/www.santafevalores.com\/index.php\/wp-json\/wp\/v2\/posts\/65304\/revisions"}],"wp:featuredmedia":[{"embeddable":true,"href":"https:\/\/www.santafevalores.com\/index.php\/wp-json\/wp\/v2\/media\/65306"}],"wp:attachment":[{"href":"https:\/\/www.santafevalores.com\/index.php\/wp-json\/wp\/v2\/media?parent=65304"}],"wp:term":[{"taxonomy":"category","embeddable":true,"href":"https:\/\/www.santafevalores.com\/index.php\/wp-json\/wp\/v2\/categories?post=65304"},{"taxonomy":"post_tag","embeddable":true,"href":"https:\/\/www.santafevalores.com\/index.php\/wp-json\/wp\/v2\/tags?post=65304"}],"curies":[{"name":"wp","href":"https:\/\/api.w.org\/{rel}","templated":true}]}}