{"id":65373,"date":"2022-09-28T11:45:13","date_gmt":"2022-09-28T16:45:13","guid":{"rendered":"https:\/\/santafevalores.com\/?p=65373"},"modified":"2022-09-28T11:45:13","modified_gmt":"2022-09-28T16:45:13","slug":"el-sp-500-cayo-a-su-nivel-mas-bajo-en-casi-dos-anos","status":"publish","type":"post","link":"https:\/\/www.santafevalores.com\/index.php\/2022\/09\/28\/el-sp-500-cayo-a-su-nivel-mas-bajo-en-casi-dos-anos\/","title":{"rendered":"El S&#038;P 500 cay\u00f3 a su nivel m\u00e1s bajo en casi dos a\u00f1os"},"content":{"rendered":"\t\t<div data-elementor-type=\"wp-post\" data-elementor-id=\"65373\" class=\"elementor elementor-65373\" data-elementor-post-type=\"post\">\n\t\t\t\t\t\t<section class=\"elementor-section elementor-top-section elementor-element elementor-element-02f14c8 elementor-section-boxed elementor-section-height-default elementor-section-height-default\" data-id=\"02f14c8\" data-element_type=\"section\" data-e-type=\"section\">\n\t\t\t\t\t\t<div class=\"elementor-container elementor-column-gap-default\">\n\t\t\t\t\t<div class=\"elementor-column elementor-col-100 elementor-top-column elementor-element elementor-element-26a6965\" data-id=\"26a6965\" data-element_type=\"column\" data-e-type=\"column\">\n\t\t\t<div class=\"elementor-widget-wrap elementor-element-populated\">\n\t\t\t\t\t\t<div class=\"elementor-element elementor-element-e7974ff elementor-widget elementor-widget-image\" data-id=\"e7974ff\" data-element_type=\"widget\" data-e-type=\"widget\" data-widget_type=\"image.default\">\n\t\t\t\t<div class=\"elementor-widget-container\">\n\t\t\t\t\t\t\t\t\t\t\t\t\t\t\t<img fetchpriority=\"high\" decoding=\"async\" width=\"822\" height=\"460\" src=\"https:\/\/www.santafevalores.com\/wp-content\/uploads\/2022\/09\/SP500.webp\" class=\"attachment-large size-large wp-image-65375\" alt=\"sP500\" srcset=\"https:\/\/www.santafevalores.com\/wp-content\/uploads\/2022\/09\/SP500.webp 822w, https:\/\/www.santafevalores.com\/wp-content\/uploads\/2022\/09\/SP500-300x168.webp 300w, https:\/\/www.santafevalores.com\/wp-content\/uploads\/2022\/09\/SP500-768x430.webp 768w\" sizes=\"(max-width: 822px) 100vw, 822px\" \/>\t\t\t\t\t\t\t\t\t\t\t\t\t\t\t<\/div>\n\t\t\t\t<\/div>\n\t\t\t\t\t<\/div>\n\t\t<\/div>\n\t\t\t\t\t<\/div>\n\t\t<\/section>\n\t\t\t\t<section class=\"elementor-section elementor-top-section elementor-element elementor-element-e9cdc9c elementor-section-boxed elementor-section-height-default elementor-section-height-default\" data-id=\"e9cdc9c\" data-element_type=\"section\" data-e-type=\"section\">\n\t\t\t\t\t\t<div class=\"elementor-container elementor-column-gap-default\">\n\t\t\t\t\t<div class=\"elementor-column elementor-col-100 elementor-top-column elementor-element elementor-element-88fd8f1\" data-id=\"88fd8f1\" data-element_type=\"column\" data-e-type=\"column\">\n\t\t\t<div class=\"elementor-widget-wrap elementor-element-populated\">\n\t\t\t\t\t\t<div class=\"elementor-element elementor-element-4325eb1 elementor-widget elementor-widget-text-editor\" data-id=\"4325eb1\" data-element_type=\"widget\" data-e-type=\"widget\" data-widget_type=\"text-editor.default\">\n\t\t\t\t<div class=\"elementor-widget-container\">\n\t\t\t\t\t\t\t\t\t<p>Es por por las preocupaciones sobre un endurecimiento de la pol\u00edtica de la Reserva Federal s\u00faper agresivo, cotizando por debajo de su m\u00ednimo de junio y dejando a los inversores evaluando cu\u00e1nto m\u00e1s tendr\u00edan que caer las acciones antes de estabilizarse.<br \/>27 Septiembre de 2022 19.05<\/p><p>El S&amp;P 500 cay\u00f3 a su nivel m\u00e1s bajo en casi dos a\u00f1os este martes por preocupaciones sobre un endurecimiento de la pol\u00edtica de la Reserva Federal s\u00faper agresivo, cotizando por debajo de su m\u00ednimo de junio y dejando a los inversores evaluando cu\u00e1nto m\u00e1s tendr\u00edan que caer las acciones antes de estabilizarse.<\/p><p>Las acciones han estado bajo presi\u00f3n desde fines de agosto despu\u00e9s de que los comentarios y las acciones agresivas de la Reserva Federal de EE. UU. se\u00f1alaron que la principal prioridad del banco central es acabar con la alta inflaci\u00f3n, incluso a riesgo de llevar a la econom\u00eda a una recesi\u00f3n.<br \/>El S&amp;P 500 toc\u00f3 un m\u00ednimo de sesi\u00f3n de 3.623,29, su punto m\u00e1s bajo intradiario desde el 30 de noviembre de 2020. Un repunte tard\u00edo ayud\u00f3 a que el \u00edndice se alejara de su peor nivel del d\u00eda, pero el \u00edndice cerr\u00f3 a la baja por sexta sesi\u00f3n consecutiva . ya que perdi\u00f3 7,75 puntos, o 0,21%, a 3.647,29.<\/p><p>Despu\u00e9s de que el \u00edndice de referencia cayera m\u00e1s del 20 % desde su m\u00e1ximo de principios de enero hasta el m\u00ednimo del 16 de junio, lo que confirm\u00f3 que la retirada era de hecho un mercado bajista, el S&amp;P repunt\u00f3 hasta mediados de agosto antes de quedarse sin combustible.<\/p><p>\u00abMientras la Fed contin\u00fae subiendo las tasas y los inversores no anticipen el final de las alzas de tasas, creo que este mercado seguir\u00e1 siendo d\u00e9bil\u00bb, dijo Tim Ghriskey, estratega s\u00e9nior de Ingalls &amp; Snyder, New York.<br \/>El gran golpe para el \u00edndice que reaviv\u00f3 la presi\u00f3n de venta fue el discurso del presidente de la Fed, Jerome Powell, en Jackson Hole, que confirm\u00f3 la determinaci\u00f3n de la Fed de luchar contra la inflaci\u00f3n, seguido de un tercer aumento consecutivo de la tasa de inter\u00e9s de 75 puntos b\u00e1sicos por parte del banco central norteamericano la semana pasada. El \u00edndice ha ca\u00eddo m\u00e1s del 12% desde el discurso de Powell y ha mostrado pocas se\u00f1ales de estabilizaci\u00f3n.<\/p><p>Muchos analistas hab\u00edan considerado 3.900 como un fuerte nivel de soporte t\u00e9cnico para el \u00edndice. Eso cedi\u00f3 hace 11 d\u00edas bajo cuatro d\u00edas seguidos de venta.<\/p><p>\u00abCuando tienes estas cascadas de ventas como las que hemos visto desde la Fed, en realidad, el apoyo no importa, puedes cortarlo\u00bb, dijo Ryan Detrick, estratega jefe de mercado de Carson Group en Omaha, Nebraska.<\/p><p>\u00abLos fundamentos y la l\u00f3gica casi se tiran por la ventana porque todos nos preguntamos cu\u00e1n agresiva es la Fed, y luego miras esta semana y todos estos bancos centrales de todo el mundo subieron las tasas\u00bb. Detrick dijo que los aumentos coordinados de varios bancos centrales dejaron a los inversores pregunt\u00e1ndose cu\u00e1n agresivos terminar\u00e1n siendo.<\/p><p>Robert Pavlik, gerente senior de cartera de Dakota Wealth en Fairfield, Connecticut, dijo: \u00abLa gente est\u00e1 preocupada por la Reserva Federal, la direcci\u00f3n de las tasas de inter\u00e9s, la salud de la econom\u00eda y tambi\u00e9n las pr\u00f3ximas dos semanas con la pr\u00f3xima temporada de ganancias y las empresas reportando ganancias inferiores a las esperadas\u00bb.<br \/>Los analistas todav\u00eda est\u00e1n buscando se\u00f1ales de capitulaci\u00f3n de los inversores que puedan mostrar que la presi\u00f3n de venta est\u00e1 agotada. Pero las ventas masivas de este a\u00f1o no han contenido todos esos ingredientes: una fuerte ca\u00edda en los precios, un d\u00eda de volumen inusualmente alto y un salto en el \u00edndice de volatilidad a 40 o m\u00e1s. Por lo tanto, muchos inversores concluyen que la venta a\u00fan no se ha agotado.<\/p><p>Eso deja a los inversionistas buscando el pr\u00f3ximo catalizador para ayudar a que los mercados se estabilicen, o sea lo suficientemente barato como para comenzar a comprar nuevamente, como se\u00f1ales de que las acciones de la Fed pueden estar comenzando a controlar la inflaci\u00f3n, un debilitamiento del mercado laboral y cu\u00e1l ser\u00e1 la pr\u00f3xima temporada de ganancias corporativas. puede provocar.<\/p><p>\u00abEl (7 de octubre), obtienes el informe de la situaci\u00f3n laboral y la semana siguiente obtienes el informe de inflaci\u00f3n, por lo que estaremos ansiosos esperando ver qu\u00e9 dicen esos n\u00fameros, y luego tienes ganancias\u00bb, dijo Jacobsen.<\/p>\t\t\t\t\t\t\t\t<\/div>\n\t\t\t\t<\/div>\n\t\t\t\t\t<\/div>\n\t\t<\/div>\n\t\t\t\t\t<\/div>\n\t\t<\/section>\n\t\t\t\t<section class=\"elementor-section elementor-top-section elementor-element elementor-element-861e8dd elementor-section-boxed elementor-section-height-default elementor-section-height-default\" data-id=\"861e8dd\" data-element_type=\"section\" data-e-type=\"section\">\n\t\t\t\t\t\t<div class=\"elementor-container elementor-column-gap-default\">\n\t\t\t\t\t<div class=\"elementor-column elementor-col-100 elementor-top-column elementor-element elementor-element-57e1339\" data-id=\"57e1339\" data-element_type=\"column\" data-e-type=\"column\">\n\t\t\t<div class=\"elementor-widget-wrap elementor-element-populated\">\n\t\t\t\t\t\t<div class=\"elementor-element elementor-element-fab3745 elementor-headline--style-highlight elementor-widget elementor-widget-animated-headline\" data-id=\"fab3745\" data-element_type=\"widget\" data-e-type=\"widget\" data-settings=\"{&quot;highlighted_text&quot;:&quot;reporta Forbes&quot;,&quot;headline_style&quot;:&quot;highlight&quot;,&quot;marker&quot;:&quot;circle&quot;,&quot;loop&quot;:&quot;yes&quot;,&quot;highlight_animation_duration&quot;:1200,&quot;highlight_iteration_delay&quot;:8000}\" data-widget_type=\"animated-headline.default\">\n\t\t\t\t<div class=\"elementor-widget-container\">\n\t\t\t\t\t\t\t\t<a href=\"https:\/\/www.forbes.com.ec\/money\/el-s-p-500-cayo-su-nivel-mas-casi-dos-anos-n22685\" target=\"_blank\">\n\n\t\t\t\t\t<p class=\"elementor-headline\">\n\t\t\t\t\t<span class=\"elementor-headline-plain-text elementor-headline-text-wrapper\">Fuente:<\/span>\n\t\t\t\t<span class=\"elementor-headline-dynamic-wrapper elementor-headline-text-wrapper\">\n\t\t\t\t\t<span class=\"elementor-headline-dynamic-text elementor-headline-text-active\">reporta Forbes<\/span>\n\t\t\t\t<\/span>\n\t\t\t\t<\/p>\n\t\t<\/a>\t\t\t\t<\/div>\n\t\t\t\t<\/div>\n\t\t\t\t\t<\/div>\n\t\t<\/div>\n\t\t\t\t\t<\/div>\n\t\t<\/section>\n\t\t\t\t<\/div>\n\t\t","protected":false},"excerpt":{"rendered":"<p>Es por por las preocupaciones sobre un endurecimiento de la pol\u00edtica de la Reserva Federal s\u00faper agresivo, cotizando por debajo de su m\u00ednimo de junio y dejando a los inversores evaluando cu\u00e1nto m\u00e1s tendr\u00edan que caer las acciones antes de estabilizarse. 27 Septiembre de 2022 19.05 El S&amp;P 500 cay\u00f3 a su nivel m\u00e1s bajo&hellip;<\/p>\n","protected":false},"author":1,"featured_media":65375,"comment_status":"open","ping_status":"closed","sticky":false,"template":"","format":"standard","meta":{"content-type":"","_joinchat":[],"footnotes":""},"categories":[4],"tags":[],"class_list":["post-65373","post","type-post","status-publish","format-standard","has-post-thumbnail","hentry","category-sin-categoria"],"yoast_head":"<!-- This site is optimized with the Yoast SEO plugin v27.5 - https:\/\/yoast.com\/product\/yoast-seo-wordpress\/ -->\n<title>El S&amp;P 500 cay\u00f3 a su nivel m\u00e1s bajo en casi dos a\u00f1os - Santa Fe Casa de Valores S.A.<\/title>\n<meta name=\"robots\" content=\"index, follow, max-snippet:-1, max-image-preview:large, max-video-preview:-1\" \/>\n<link rel=\"canonical\" href=\"https:\/\/www.santafevalores.com\/index.php\/2022\/09\/28\/el-sp-500-cayo-a-su-nivel-mas-bajo-en-casi-dos-anos\/\" \/>\n<meta property=\"og:locale\" content=\"es_ES\" \/>\n<meta property=\"og:type\" content=\"article\" \/>\n<meta property=\"og:title\" content=\"El S&amp;P 500 cay\u00f3 a su nivel m\u00e1s bajo en casi dos a\u00f1os - Santa Fe Casa de Valores S.A.\" \/>\n<meta property=\"og:description\" content=\"Es por por las preocupaciones sobre un endurecimiento de la pol\u00edtica de la Reserva Federal s\u00faper agresivo, cotizando por debajo de su m\u00ednimo de junio y dejando a los inversores evaluando cu\u00e1nto m\u00e1s tendr\u00edan que caer las acciones antes de estabilizarse. 27 Septiembre de 2022 19.05 El S&amp;P 500 cay\u00f3 a su nivel m\u00e1s bajo&hellip;\" \/>\n<meta property=\"og:url\" content=\"https:\/\/www.santafevalores.com\/index.php\/2022\/09\/28\/el-sp-500-cayo-a-su-nivel-mas-bajo-en-casi-dos-anos\/\" \/>\n<meta property=\"og:site_name\" content=\"Santa Fe Casa de Valores S.A.\" \/>\n<meta property=\"article:publisher\" content=\"https:\/\/www.facebook.com\/santafevalores\/\" \/>\n<meta property=\"article:published_time\" content=\"2022-09-28T16:45:13+00:00\" \/>\n<meta property=\"og:image\" content=\"https:\/\/www.santafevalores.com\/wp-content\/uploads\/2022\/09\/SP500.webp\" \/>\n\t<meta property=\"og:image:width\" content=\"822\" \/>\n\t<meta property=\"og:image:height\" content=\"460\" \/>\n\t<meta property=\"og:image:type\" content=\"image\/webp\" \/>\n<meta name=\"author\" content=\"admin\" \/>\n<meta name=\"twitter:card\" content=\"summary_large_image\" \/>\n<meta name=\"twitter:creator\" content=\"@SantaFeValores\" \/>\n<meta name=\"twitter:site\" content=\"@SantaFeValores\" \/>\n<meta name=\"twitter:label1\" content=\"Escrito por\" \/>\n\t<meta name=\"twitter:data1\" content=\"admin\" \/>\n\t<meta name=\"twitter:label2\" content=\"Tiempo de lectura\" \/>\n\t<meta name=\"twitter:data2\" content=\"4 minutos\" \/>\n<script type=\"application\/ld+json\" class=\"yoast-schema-graph\">{\"@context\":\"https:\\\/\\\/schema.org\",\"@graph\":[{\"@type\":\"Article\",\"@id\":\"https:\\\/\\\/www.santafevalores.com\\\/index.php\\\/2022\\\/09\\\/28\\\/el-sp-500-cayo-a-su-nivel-mas-bajo-en-casi-dos-anos\\\/#article\",\"isPartOf\":{\"@id\":\"https:\\\/\\\/www.santafevalores.com\\\/index.php\\\/2022\\\/09\\\/28\\\/el-sp-500-cayo-a-su-nivel-mas-bajo-en-casi-dos-anos\\\/\"},\"author\":{\"name\":\"admin\",\"@id\":\"https:\\\/\\\/www.santafevalores.com\\\/#\\\/schema\\\/person\\\/d965a42370507d0a1638e69158bb5835\"},\"headline\":\"El S&#038;P 500 cay\u00f3 a su nivel m\u00e1s bajo en casi dos a\u00f1os\",\"datePublished\":\"2022-09-28T16:45:13+00:00\",\"mainEntityOfPage\":{\"@id\":\"https:\\\/\\\/www.santafevalores.com\\\/index.php\\\/2022\\\/09\\\/28\\\/el-sp-500-cayo-a-su-nivel-mas-bajo-en-casi-dos-anos\\\/\"},\"wordCount\":794,\"commentCount\":0,\"publisher\":{\"@id\":\"https:\\\/\\\/www.santafevalores.com\\\/#organization\"},\"image\":{\"@id\":\"https:\\\/\\\/www.santafevalores.com\\\/index.php\\\/2022\\\/09\\\/28\\\/el-sp-500-cayo-a-su-nivel-mas-bajo-en-casi-dos-anos\\\/#primaryimage\"},\"thumbnailUrl\":\"https:\\\/\\\/www.santafevalores.com\\\/wp-content\\\/uploads\\\/2022\\\/09\\\/SP500.webp\",\"inLanguage\":\"es\",\"potentialAction\":[{\"@type\":\"CommentAction\",\"name\":\"Comment\",\"target\":[\"https:\\\/\\\/www.santafevalores.com\\\/index.php\\\/2022\\\/09\\\/28\\\/el-sp-500-cayo-a-su-nivel-mas-bajo-en-casi-dos-anos\\\/#respond\"]}]},{\"@type\":\"WebPage\",\"@id\":\"https:\\\/\\\/www.santafevalores.com\\\/index.php\\\/2022\\\/09\\\/28\\\/el-sp-500-cayo-a-su-nivel-mas-bajo-en-casi-dos-anos\\\/\",\"url\":\"https:\\\/\\\/www.santafevalores.com\\\/index.php\\\/2022\\\/09\\\/28\\\/el-sp-500-cayo-a-su-nivel-mas-bajo-en-casi-dos-anos\\\/\",\"name\":\"El S&P 500 cay\u00f3 a su nivel m\u00e1s bajo en casi dos a\u00f1os - Santa Fe Casa de Valores S.A.\",\"isPartOf\":{\"@id\":\"https:\\\/\\\/www.santafevalores.com\\\/#website\"},\"primaryImageOfPage\":{\"@id\":\"https:\\\/\\\/www.santafevalores.com\\\/index.php\\\/2022\\\/09\\\/28\\\/el-sp-500-cayo-a-su-nivel-mas-bajo-en-casi-dos-anos\\\/#primaryimage\"},\"image\":{\"@id\":\"https:\\\/\\\/www.santafevalores.com\\\/index.php\\\/2022\\\/09\\\/28\\\/el-sp-500-cayo-a-su-nivel-mas-bajo-en-casi-dos-anos\\\/#primaryimage\"},\"thumbnailUrl\":\"https:\\\/\\\/www.santafevalores.com\\\/wp-content\\\/uploads\\\/2022\\\/09\\\/SP500.webp\",\"datePublished\":\"2022-09-28T16:45:13+00:00\",\"breadcrumb\":{\"@id\":\"https:\\\/\\\/www.santafevalores.com\\\/index.php\\\/2022\\\/09\\\/28\\\/el-sp-500-cayo-a-su-nivel-mas-bajo-en-casi-dos-anos\\\/#breadcrumb\"},\"inLanguage\":\"es\",\"potentialAction\":[{\"@type\":\"ReadAction\",\"target\":[\"https:\\\/\\\/www.santafevalores.com\\\/index.php\\\/2022\\\/09\\\/28\\\/el-sp-500-cayo-a-su-nivel-mas-bajo-en-casi-dos-anos\\\/\"]}]},{\"@type\":\"ImageObject\",\"inLanguage\":\"es\",\"@id\":\"https:\\\/\\\/www.santafevalores.com\\\/index.php\\\/2022\\\/09\\\/28\\\/el-sp-500-cayo-a-su-nivel-mas-bajo-en-casi-dos-anos\\\/#primaryimage\",\"url\":\"https:\\\/\\\/www.santafevalores.com\\\/wp-content\\\/uploads\\\/2022\\\/09\\\/SP500.webp\",\"contentUrl\":\"https:\\\/\\\/www.santafevalores.com\\\/wp-content\\\/uploads\\\/2022\\\/09\\\/SP500.webp\",\"width\":822,\"height\":460,\"caption\":\"sP500\"},{\"@type\":\"BreadcrumbList\",\"@id\":\"https:\\\/\\\/www.santafevalores.com\\\/index.php\\\/2022\\\/09\\\/28\\\/el-sp-500-cayo-a-su-nivel-mas-bajo-en-casi-dos-anos\\\/#breadcrumb\",\"itemListElement\":[{\"@type\":\"ListItem\",\"position\":1,\"name\":\"Portada\",\"item\":\"https:\\\/\\\/www.santafevalores.com\\\/\"},{\"@type\":\"ListItem\",\"position\":2,\"name\":\"El S&#038;P 500 cay\u00f3 a su nivel m\u00e1s bajo en casi dos a\u00f1os\"}]},{\"@type\":\"WebSite\",\"@id\":\"https:\\\/\\\/www.santafevalores.com\\\/#website\",\"url\":\"https:\\\/\\\/www.santafevalores.com\\\/\",\"name\":\"Santa Fe Casa de Valores S.A.\",\"description\":\"\",\"publisher\":{\"@id\":\"https:\\\/\\\/www.santafevalores.com\\\/#organization\"},\"potentialAction\":[{\"@type\":\"SearchAction\",\"target\":{\"@type\":\"EntryPoint\",\"urlTemplate\":\"https:\\\/\\\/www.santafevalores.com\\\/?s={search_term_string}\"},\"query-input\":{\"@type\":\"PropertyValueSpecification\",\"valueRequired\":true,\"valueName\":\"search_term_string\"}}],\"inLanguage\":\"es\"},{\"@type\":\"Organization\",\"@id\":\"https:\\\/\\\/www.santafevalores.com\\\/#organization\",\"name\":\"Santa Fe Casa de Valores S.A.\",\"alternateName\":\"SANTAFEVALORES\",\"url\":\"https:\\\/\\\/www.santafevalores.com\\\/\",\"logo\":{\"@type\":\"ImageObject\",\"inLanguage\":\"es\",\"@id\":\"https:\\\/\\\/www.santafevalores.com\\\/#\\\/schema\\\/logo\\\/image\\\/\",\"url\":\"https:\\\/\\\/www.santafevalores.com\\\/wp-content\\\/uploads\\\/2022\\\/06\\\/logo1.png\",\"contentUrl\":\"https:\\\/\\\/www.santafevalores.com\\\/wp-content\\\/uploads\\\/2022\\\/06\\\/logo1.png\",\"width\":235,\"height\":71,\"caption\":\"Santa Fe Casa de Valores S.A.\"},\"image\":{\"@id\":\"https:\\\/\\\/www.santafevalores.com\\\/#\\\/schema\\\/logo\\\/image\\\/\"},\"sameAs\":[\"https:\\\/\\\/www.facebook.com\\\/santafevalores\\\/\",\"https:\\\/\\\/x.com\\\/SantaFeValores\"]},{\"@type\":\"Person\",\"@id\":\"https:\\\/\\\/www.santafevalores.com\\\/#\\\/schema\\\/person\\\/d965a42370507d0a1638e69158bb5835\",\"name\":\"admin\",\"image\":{\"@type\":\"ImageObject\",\"inLanguage\":\"es\",\"@id\":\"https:\\\/\\\/secure.gravatar.com\\\/avatar\\\/97ec7f9eb6068ddac59d3806ca0034c167fce748f524adcfad8629911220756f?s=96&d=mm&r=g\",\"url\":\"https:\\\/\\\/secure.gravatar.com\\\/avatar\\\/97ec7f9eb6068ddac59d3806ca0034c167fce748f524adcfad8629911220756f?s=96&d=mm&r=g\",\"contentUrl\":\"https:\\\/\\\/secure.gravatar.com\\\/avatar\\\/97ec7f9eb6068ddac59d3806ca0034c167fce748f524adcfad8629911220756f?s=96&d=mm&r=g\",\"caption\":\"admin\"},\"sameAs\":[\"https:\\\/\\\/www.santafevalores.com\"],\"url\":\"https:\\\/\\\/www.santafevalores.com\\\/index.php\\\/author\\\/santafevaloresuio_ggv0vv79\\\/\"}]}<\/script>\n<!-- \/ Yoast SEO plugin. -->","yoast_head_json":{"title":"El S&P 500 cay\u00f3 a su nivel m\u00e1s bajo en casi dos a\u00f1os - Santa Fe Casa de Valores S.A.","robots":{"index":"index","follow":"follow","max-snippet":"max-snippet:-1","max-image-preview":"max-image-preview:large","max-video-preview":"max-video-preview:-1"},"canonical":"https:\/\/www.santafevalores.com\/index.php\/2022\/09\/28\/el-sp-500-cayo-a-su-nivel-mas-bajo-en-casi-dos-anos\/","og_locale":"es_ES","og_type":"article","og_title":"El S&P 500 cay\u00f3 a su nivel m\u00e1s bajo en casi dos a\u00f1os - Santa Fe Casa de Valores S.A.","og_description":"Es por por las preocupaciones sobre un endurecimiento de la pol\u00edtica de la Reserva Federal s\u00faper agresivo, cotizando por debajo de su m\u00ednimo de junio y dejando a los inversores evaluando cu\u00e1nto m\u00e1s tendr\u00edan que caer las acciones antes de estabilizarse. 27 Septiembre de 2022 19.05 El S&amp;P 500 cay\u00f3 a su nivel m\u00e1s bajo&hellip;","og_url":"https:\/\/www.santafevalores.com\/index.php\/2022\/09\/28\/el-sp-500-cayo-a-su-nivel-mas-bajo-en-casi-dos-anos\/","og_site_name":"Santa Fe Casa de Valores S.A.","article_publisher":"https:\/\/www.facebook.com\/santafevalores\/","article_published_time":"2022-09-28T16:45:13+00:00","og_image":[{"width":822,"height":460,"url":"https:\/\/www.santafevalores.com\/wp-content\/uploads\/2022\/09\/SP500.webp","type":"image\/webp"}],"author":"admin","twitter_card":"summary_large_image","twitter_creator":"@SantaFeValores","twitter_site":"@SantaFeValores","twitter_misc":{"Escrito por":"admin","Tiempo de lectura":"4 minutos"},"schema":{"@context":"https:\/\/schema.org","@graph":[{"@type":"Article","@id":"https:\/\/www.santafevalores.com\/index.php\/2022\/09\/28\/el-sp-500-cayo-a-su-nivel-mas-bajo-en-casi-dos-anos\/#article","isPartOf":{"@id":"https:\/\/www.santafevalores.com\/index.php\/2022\/09\/28\/el-sp-500-cayo-a-su-nivel-mas-bajo-en-casi-dos-anos\/"},"author":{"name":"admin","@id":"https:\/\/www.santafevalores.com\/#\/schema\/person\/d965a42370507d0a1638e69158bb5835"},"headline":"El S&#038;P 500 cay\u00f3 a su nivel m\u00e1s bajo en casi dos a\u00f1os","datePublished":"2022-09-28T16:45:13+00:00","mainEntityOfPage":{"@id":"https:\/\/www.santafevalores.com\/index.php\/2022\/09\/28\/el-sp-500-cayo-a-su-nivel-mas-bajo-en-casi-dos-anos\/"},"wordCount":794,"commentCount":0,"publisher":{"@id":"https:\/\/www.santafevalores.com\/#organization"},"image":{"@id":"https:\/\/www.santafevalores.com\/index.php\/2022\/09\/28\/el-sp-500-cayo-a-su-nivel-mas-bajo-en-casi-dos-anos\/#primaryimage"},"thumbnailUrl":"https:\/\/www.santafevalores.com\/wp-content\/uploads\/2022\/09\/SP500.webp","inLanguage":"es","potentialAction":[{"@type":"CommentAction","name":"Comment","target":["https:\/\/www.santafevalores.com\/index.php\/2022\/09\/28\/el-sp-500-cayo-a-su-nivel-mas-bajo-en-casi-dos-anos\/#respond"]}]},{"@type":"WebPage","@id":"https:\/\/www.santafevalores.com\/index.php\/2022\/09\/28\/el-sp-500-cayo-a-su-nivel-mas-bajo-en-casi-dos-anos\/","url":"https:\/\/www.santafevalores.com\/index.php\/2022\/09\/28\/el-sp-500-cayo-a-su-nivel-mas-bajo-en-casi-dos-anos\/","name":"El S&P 500 cay\u00f3 a su nivel m\u00e1s bajo en casi dos a\u00f1os - Santa Fe Casa de Valores S.A.","isPartOf":{"@id":"https:\/\/www.santafevalores.com\/#website"},"primaryImageOfPage":{"@id":"https:\/\/www.santafevalores.com\/index.php\/2022\/09\/28\/el-sp-500-cayo-a-su-nivel-mas-bajo-en-casi-dos-anos\/#primaryimage"},"image":{"@id":"https:\/\/www.santafevalores.com\/index.php\/2022\/09\/28\/el-sp-500-cayo-a-su-nivel-mas-bajo-en-casi-dos-anos\/#primaryimage"},"thumbnailUrl":"https:\/\/www.santafevalores.com\/wp-content\/uploads\/2022\/09\/SP500.webp","datePublished":"2022-09-28T16:45:13+00:00","breadcrumb":{"@id":"https:\/\/www.santafevalores.com\/index.php\/2022\/09\/28\/el-sp-500-cayo-a-su-nivel-mas-bajo-en-casi-dos-anos\/#breadcrumb"},"inLanguage":"es","potentialAction":[{"@type":"ReadAction","target":["https:\/\/www.santafevalores.com\/index.php\/2022\/09\/28\/el-sp-500-cayo-a-su-nivel-mas-bajo-en-casi-dos-anos\/"]}]},{"@type":"ImageObject","inLanguage":"es","@id":"https:\/\/www.santafevalores.com\/index.php\/2022\/09\/28\/el-sp-500-cayo-a-su-nivel-mas-bajo-en-casi-dos-anos\/#primaryimage","url":"https:\/\/www.santafevalores.com\/wp-content\/uploads\/2022\/09\/SP500.webp","contentUrl":"https:\/\/www.santafevalores.com\/wp-content\/uploads\/2022\/09\/SP500.webp","width":822,"height":460,"caption":"sP500"},{"@type":"BreadcrumbList","@id":"https:\/\/www.santafevalores.com\/index.php\/2022\/09\/28\/el-sp-500-cayo-a-su-nivel-mas-bajo-en-casi-dos-anos\/#breadcrumb","itemListElement":[{"@type":"ListItem","position":1,"name":"Portada","item":"https:\/\/www.santafevalores.com\/"},{"@type":"ListItem","position":2,"name":"El S&#038;P 500 cay\u00f3 a su nivel m\u00e1s bajo en casi dos a\u00f1os"}]},{"@type":"WebSite","@id":"https:\/\/www.santafevalores.com\/#website","url":"https:\/\/www.santafevalores.com\/","name":"Santa Fe Casa de Valores S.A.","description":"","publisher":{"@id":"https:\/\/www.santafevalores.com\/#organization"},"potentialAction":[{"@type":"SearchAction","target":{"@type":"EntryPoint","urlTemplate":"https:\/\/www.santafevalores.com\/?s={search_term_string}"},"query-input":{"@type":"PropertyValueSpecification","valueRequired":true,"valueName":"search_term_string"}}],"inLanguage":"es"},{"@type":"Organization","@id":"https:\/\/www.santafevalores.com\/#organization","name":"Santa Fe Casa de Valores S.A.","alternateName":"SANTAFEVALORES","url":"https:\/\/www.santafevalores.com\/","logo":{"@type":"ImageObject","inLanguage":"es","@id":"https:\/\/www.santafevalores.com\/#\/schema\/logo\/image\/","url":"https:\/\/www.santafevalores.com\/wp-content\/uploads\/2022\/06\/logo1.png","contentUrl":"https:\/\/www.santafevalores.com\/wp-content\/uploads\/2022\/06\/logo1.png","width":235,"height":71,"caption":"Santa Fe Casa de Valores S.A."},"image":{"@id":"https:\/\/www.santafevalores.com\/#\/schema\/logo\/image\/"},"sameAs":["https:\/\/www.facebook.com\/santafevalores\/","https:\/\/x.com\/SantaFeValores"]},{"@type":"Person","@id":"https:\/\/www.santafevalores.com\/#\/schema\/person\/d965a42370507d0a1638e69158bb5835","name":"admin","image":{"@type":"ImageObject","inLanguage":"es","@id":"https:\/\/secure.gravatar.com\/avatar\/97ec7f9eb6068ddac59d3806ca0034c167fce748f524adcfad8629911220756f?s=96&d=mm&r=g","url":"https:\/\/secure.gravatar.com\/avatar\/97ec7f9eb6068ddac59d3806ca0034c167fce748f524adcfad8629911220756f?s=96&d=mm&r=g","contentUrl":"https:\/\/secure.gravatar.com\/avatar\/97ec7f9eb6068ddac59d3806ca0034c167fce748f524adcfad8629911220756f?s=96&d=mm&r=g","caption":"admin"},"sameAs":["https:\/\/www.santafevalores.com"],"url":"https:\/\/www.santafevalores.com\/index.php\/author\/santafevaloresuio_ggv0vv79\/"}]}},"_links":{"self":[{"href":"https:\/\/www.santafevalores.com\/index.php\/wp-json\/wp\/v2\/posts\/65373","targetHints":{"allow":["GET"]}}],"collection":[{"href":"https:\/\/www.santafevalores.com\/index.php\/wp-json\/wp\/v2\/posts"}],"about":[{"href":"https:\/\/www.santafevalores.com\/index.php\/wp-json\/wp\/v2\/types\/post"}],"author":[{"embeddable":true,"href":"https:\/\/www.santafevalores.com\/index.php\/wp-json\/wp\/v2\/users\/1"}],"replies":[{"embeddable":true,"href":"https:\/\/www.santafevalores.com\/index.php\/wp-json\/wp\/v2\/comments?post=65373"}],"version-history":[{"count":0,"href":"https:\/\/www.santafevalores.com\/index.php\/wp-json\/wp\/v2\/posts\/65373\/revisions"}],"wp:featuredmedia":[{"embeddable":true,"href":"https:\/\/www.santafevalores.com\/index.php\/wp-json\/wp\/v2\/media\/65375"}],"wp:attachment":[{"href":"https:\/\/www.santafevalores.com\/index.php\/wp-json\/wp\/v2\/media?parent=65373"}],"wp:term":[{"taxonomy":"category","embeddable":true,"href":"https:\/\/www.santafevalores.com\/index.php\/wp-json\/wp\/v2\/categories?post=65373"},{"taxonomy":"post_tag","embeddable":true,"href":"https:\/\/www.santafevalores.com\/index.php\/wp-json\/wp\/v2\/tags?post=65373"}],"curies":[{"name":"wp","href":"https:\/\/api.w.org\/{rel}","templated":true}]}}