{"id":65383,"date":"2022-09-28T12:05:24","date_gmt":"2022-09-28T17:05:24","guid":{"rendered":"https:\/\/santafevalores.com\/?p=65383"},"modified":"2022-09-28T12:05:24","modified_gmt":"2022-09-28T17:05:24","slug":"de-enero-a-agosto-las-exportaciones-bananeras-siguen-a-la-baja-tendencia-que-se-mantendria-con-un-cierre-negativo-del-2022-con-al-menos-8","status":"publish","type":"post","link":"https:\/\/www.santafevalores.com\/index.php\/2022\/09\/28\/de-enero-a-agosto-las-exportaciones-bananeras-siguen-a-la-baja-tendencia-que-se-mantendria-con-un-cierre-negativo-del-2022-con-al-menos-8\/","title":{"rendered":"De enero a agosto las exportaciones bananeras siguen a la baja, tendencia que se mantendr\u00eda con un cierre negativo del 2022, con al menos -8 %"},"content":{"rendered":"\t\t<div data-elementor-type=\"wp-post\" data-elementor-id=\"65383\" class=\"elementor elementor-65383\" data-elementor-post-type=\"post\">\n\t\t\t\t\t\t<section class=\"elementor-section elementor-top-section elementor-element elementor-element-20205ec elementor-section-boxed elementor-section-height-default elementor-section-height-default\" data-id=\"20205ec\" data-element_type=\"section\" data-e-type=\"section\">\n\t\t\t\t\t\t<div class=\"elementor-container elementor-column-gap-default\">\n\t\t\t\t\t<div class=\"elementor-column elementor-col-100 elementor-top-column elementor-element elementor-element-f38e0ab\" data-id=\"f38e0ab\" data-element_type=\"column\" data-e-type=\"column\">\n\t\t\t<div class=\"elementor-widget-wrap elementor-element-populated\">\n\t\t\t\t\t\t<div class=\"elementor-element elementor-element-2abed32 elementor-widget elementor-widget-image\" data-id=\"2abed32\" data-element_type=\"widget\" data-e-type=\"widget\" data-widget_type=\"image.default\">\n\t\t\t\t<div class=\"elementor-widget-container\">\n\t\t\t\t\t\t\t\t\t\t\t\t\t\t\t<img fetchpriority=\"high\" decoding=\"async\" width=\"805\" height=\"670\" src=\"https:\/\/www.santafevalores.com\/wp-content\/uploads\/2022\/09\/exportacion-bananera-2022.jpg\" class=\"attachment-large size-large wp-image-65386\" alt=\"exportacion-bananera-2022\" srcset=\"https:\/\/www.santafevalores.com\/wp-content\/uploads\/2022\/09\/exportacion-bananera-2022.jpg 805w, https:\/\/www.santafevalores.com\/wp-content\/uploads\/2022\/09\/exportacion-bananera-2022-300x250.jpg 300w, https:\/\/www.santafevalores.com\/wp-content\/uploads\/2022\/09\/exportacion-bananera-2022-768x639.jpg 768w\" sizes=\"(max-width: 805px) 100vw, 805px\" \/>\t\t\t\t\t\t\t\t\t\t\t\t\t\t\t<\/div>\n\t\t\t\t<\/div>\n\t\t\t\t\t<\/div>\n\t\t<\/div>\n\t\t\t\t\t<\/div>\n\t\t<\/section>\n\t\t\t\t<section class=\"elementor-section elementor-top-section elementor-element elementor-element-1726b37 elementor-section-boxed elementor-section-height-default elementor-section-height-default\" data-id=\"1726b37\" data-element_type=\"section\" data-e-type=\"section\">\n\t\t\t\t\t\t<div class=\"elementor-container elementor-column-gap-default\">\n\t\t\t\t\t<div class=\"elementor-column elementor-col-100 elementor-top-column elementor-element elementor-element-0cb6a7d\" data-id=\"0cb6a7d\" data-element_type=\"column\" data-e-type=\"column\">\n\t\t\t<div class=\"elementor-widget-wrap elementor-element-populated\">\n\t\t\t\t\t\t<div class=\"elementor-element elementor-element-fd17526 elementor-widget elementor-widget-text-editor\" data-id=\"fd17526\" data-element_type=\"widget\" data-e-type=\"widget\" data-widget_type=\"text-editor.default\">\n\t\t\t\t<div class=\"elementor-widget-container\">\n\t\t\t\t\t\t\t\t\t<p>Los env\u00edos a la Uni\u00f3n Europea y Estados Unidos se redujeron en 13 % y 16 % respectivamente. El 2023 podr\u00eda ser un a\u00f1o de recuperaci\u00f3n.<\/p>\n<p>Las exportaciones de banano contin\u00faan a la baja y la tendencia se mantendr\u00eda hasta finales del a\u00f1o, con un pron\u00f3stico negativo para el cierre del 2022, un a\u00f1o marcado por el alza de los costos de producci\u00f3n y el conflicto b\u00e9lico entre Rusia y Ucrania, que han impactado al sector bananero ecuatoriano.<\/p>\n<p>Seg\u00fan cifras de <b>la Asociaci\u00f3n de Comercializaci\u00f3n y Exportaci\u00f3n de Banano del Ecuador (Acorbanec),<\/b> las exportaciones de banano de enero a agosto del 2022 se ubicaron en <b>231,37 millones de cajas,<\/b> un -9,01 % menor a lo exportado en el mismo periodo del 2021.<\/p>\n<p>De las 231,37 millones de cajas exportadas, el 26,17 % se destin\u00f3 hacia la Uni\u00f3n Europea (27); el 21,03 %, hacia Rusia; el 17,39 %, hacia Medio Oriente; el 9,58 %, hacia los Estados Unidos; el 7,26 %, hacia Cono Sur; hacia Asia Oriental se export\u00f3 el 5,68 %; el 4,62 %, hacia \u00c1frica; el 2,91 % se export\u00f3 hacia Asia Central; el 2,80 %, hacia Asia Central; el 1,21 % se export\u00f3 hacia el Reino Unido; el 0,81 %, hacia Ocean\u00eda (Nueva Zelanda); el 0,49 %, a EFTA (Noruega); el 0,02 %, hacia Canad\u00e1; y el 0,03 %, a otros mercados.<br>Sin embargo, exceptuando a Rusia, estos principales destinos tambi\u00e9n son donde se han dado las mayores reducciones, encabezados por la UE, a donde los env\u00edos disminuyeron el -13,93 %; en Estados Unidos, el -16,73 %; en Asia Oriental, el -7,36 %; en Europa del Este, el -49,47 % (sobre todo por Ucrania); en \u00c1frica se redujo en el -39,17 % (sobre todo por Argelia); en el Reino Unido se redujo en el -16,46 %; en Ocean\u00eda se redujo el -16,71 %; en EFTA, el -4,36 %; y en Canad\u00e1, el -38,69 %.<br>Por otro lado, hubo importantes crecimientos en otros mercados, como Medio Oriente, que creci\u00f3 en el 13,33 %; Rusia, en el 0,29 %; Cono Sur, en el 0,79 %; y Asia Central, en el 40,94 %.<\/p>\n<p>Sobre las reducciones, Richard Salazar, director ejecutivo de Acorbanec, analiz\u00f3 que existen factores negativos que afectan al sector desde el 2021 y siguen impactando en el 2022, como el incremento de los fletes navieros, que gener\u00f3 altos costos, y gastos a nivel de producci\u00f3n y exportaci\u00f3n, como cart\u00f3n, fertilizantes; m\u00e1s el conflicto rusoucraniano.<\/p>\n<p>\u201cEl conflicto Rusia-Ucrania ahond\u00f3 mucho m\u00e1s la crisis, porque gener\u00f3 un gran problema de precios a nivel internacional, a tal punto que se generaron complicaciones, sobre todo al inicio del conflicto por problemas log\u00edsticos, de pagos en su momento, que gener\u00f3 que haya un ligera sobreoferta, que gener\u00f3 distorsiones en los mercados y complicaciones de precios\u201d, explic\u00f3 Salazar, quien a\u00f1adi\u00f3 a esto la reducci\u00f3n de la demanda en mercados importantes para Ecuador, como EE. UU., la UE y \u00c1frica.<br>Revel\u00f3 que la UE redujo, en general, su consumo de banano en 5 %; EE. UU., en 2 %, por la alta inflaci\u00f3n, por el alto precio del petr\u00f3leo y energ\u00e9tica.<br>Tambi\u00e9n hubo impactos internos que mermaron la producci\u00f3n, como el factor clim\u00e1tico. \u201cVino el verano, vino el fr\u00edo, e hizo que la producci\u00f3n tambi\u00e9n disminuyera, los enfundes se reduzcan; sumado a eso que ya muchas plantaciones no ten\u00edan las condiciones fitosanitarias de exportaci\u00f3n\u201d, enumer\u00f3 el dirigente, quien proyecta que la tendencia est\u00e1 totalmente marcada y la producci\u00f3n se va a mantener a la baja hasta diciembre, lo que podr\u00eda resultar en un cierre del 2022 entre un 8 % y 9 % menos de exportaci\u00f3n en volumen. \u201cLa tendencia est\u00e1 marcada y no creo que vayamos a tener cambios\u201d, afirm\u00f3.<\/p>\n<p><br><b>2023, \u00bfun a\u00f1o de recuperaci\u00f3n?<\/b><\/p>\n<p>Sin embargo, el 2023 se proyecta con una mejor expectativa, seg\u00fan el titular de Acorbanec, quien cit\u00f3 varios factores para ese mejor panorama, en especial en los mercados de Europa y Estados Unidos. Uno de estos es el precio consensuado de $ 6,50 al que llegaron productores y exportadores el lunes 18 de septiembre pasado.<\/p>\n<p>Resalt\u00f3 tambi\u00e9n que a partir del pr\u00f3ximo a\u00f1o la cadena de supermercados alemana Aldi, con presencia en toda Europa, pagar\u00e1 mejor por la fruta tomando como referencia el precio Fair Trade (precio justo). \u201cOtros supermercados anuncian que van a pagar siempre y cuando los pa\u00edses bananeros cumplan con el pago del salario digno. El Ecuador est\u00e1 en mejores condiciones que otros pa\u00edses competidores; podr\u00edamos captar nuevamente o recuperar espacios perdidos en este mercado (Europa) e incluso EE. UU.\u201d, sostuvo Salazar.<\/p>\n<p>Sin embargo, <b>Jos\u00e9 Antonio Hidalgo, director ejecutivo de la Asociaci\u00f3n de Exportadores de Banano del Ecuador (AEBE) y coordinador intergremial del Cl\u00faster Bananero y Platanero del Ecuador,<\/b> es m\u00e1s cauteloso y asegur\u00f3 que, de haber recuperaci\u00f3n, ser\u00e1 paulatina.<br>Hidalgo afirm\u00f3 que para el 2023 existe gran incertidumbre en el entorno internacional. \u201cSi el a\u00f1o 2022 ha sido duro, esperemos, como esperamos todos los a\u00f1os, sea un a\u00f1o en el que podamos irnos recuperando, pero va a tomar tiempo para que el sector vaya recuper\u00e1ndose\u201d, analiz\u00f3 el titular de AEBE.<\/p>\n<p>Sobre el nuevo precio fijado para la caja de banano para el 2023, Hidalgo cree que se debe tomar el acuerdo como una base, al explicar que existen diferentes tipos de mercados, cada uno con formas distintas de comercializaci\u00f3n, diferentes requerimientos y m\u00e1s; aunque espera que para fines de diciembre ya se haya firmado la mayor\u00eda de contratos de la fruta para el pr\u00f3ximo a\u00f1o. \u201cQue el 2023 sea un a\u00f1o de contratos a nivel nacional e internacional y que prime la formalidad\u201d, espera el dirigente, quien este martes lleg\u00f3 a Madrid para la feria Fruit Attraction, en donde podr\u00edan darse las primeras negociaciones.<\/p>\n<p>Al respecto, Salazar aspira a que el Ministerio de Agricultura y Ganader\u00eda (MAG) inicie la campa\u00f1a para que la firma de contratos empiece en octubre pr\u00f3ximo.<\/p>\n<p><b>Top 10 de exportaciones de banano ecuatoriano por compa\u00f1\u00edas<\/b><\/p>\n<p>De los 231,37 millones de cajas de banano exportadas de enero a agosto del 2022, el principal exportador es la compa\u00f1\u00eda Ubesa (Dole), con una participaci\u00f3n del 8,93 %; en segundo lugar se ubica Reybanpac, con el 6,69 %; en tercer lugar aparece Noboa Trading, con el 5,21 % de participaci\u00f3n; en cuarto lugar se ubica Comesur (3,65 %) y en quinto puesto, la empresa Agzulasa (3,53 %).<br>En sexto lugar se ubica Frutadeli, con una participaci\u00f3n del 3,32 %; en s\u00e9ptimo lugar se ubica Exporbananas, con el 2,95 % de participaci\u00f3n; seguido por Ecuagreenprodex (2,41 %); en noveno lugar se ubica Tropical Fruit Export (2,32 %); en el d\u00e9cimo puesto est\u00e1 Green Express, con el 2,12 %.<\/p>\t\t\t\t\t\t\t\t<\/div>\n\t\t\t\t<\/div>\n\t\t\t\t\t<\/div>\n\t\t<\/div>\n\t\t\t\t\t<\/div>\n\t\t<\/section>\n\t\t\t\t<section class=\"elementor-section elementor-top-section elementor-element elementor-element-05c0207 elementor-section-boxed elementor-section-height-default elementor-section-height-default\" data-id=\"05c0207\" data-element_type=\"section\" data-e-type=\"section\">\n\t\t\t\t\t\t<div class=\"elementor-container elementor-column-gap-default\">\n\t\t\t\t\t<div class=\"elementor-column elementor-col-100 elementor-top-column elementor-element elementor-element-d4a8607\" data-id=\"d4a8607\" data-element_type=\"column\" data-e-type=\"column\">\n\t\t\t<div class=\"elementor-widget-wrap elementor-element-populated\">\n\t\t\t\t\t\t<div class=\"elementor-element elementor-element-f0653c4 elementor-headline--style-highlight elementor-widget elementor-widget-animated-headline\" data-id=\"f0653c4\" data-element_type=\"widget\" data-e-type=\"widget\" data-settings=\"{&quot;highlighted_text&quot;:&quot;reporta El Universo&quot;,&quot;headline_style&quot;:&quot;highlight&quot;,&quot;marker&quot;:&quot;circle&quot;,&quot;loop&quot;:&quot;yes&quot;,&quot;highlight_animation_duration&quot;:1200,&quot;highlight_iteration_delay&quot;:8000}\" data-widget_type=\"animated-headline.default\">\n\t\t\t\t<div class=\"elementor-widget-container\">\n\t\t\t\t\t\t\t\t<a href=\"https:\/\/www.eluniverso.com\/noticias\/economia\/de-enero-a-agosto-las-exportaciones-bananeras-siguen-a-la-baja-tendencia-que-se-mantendria-con-un-cierre-negativo-del-2022-con-al-menos-8-nota\/\" target=\"_blank\">\n\n\t\t\t\t\t<p class=\"elementor-headline\">\n\t\t\t\t\t<span class=\"elementor-headline-plain-text elementor-headline-text-wrapper\">Fuente:<\/span>\n\t\t\t\t<span class=\"elementor-headline-dynamic-wrapper elementor-headline-text-wrapper\">\n\t\t\t\t\t<span class=\"elementor-headline-dynamic-text elementor-headline-text-active\">reporta El Universo<\/span>\n\t\t\t\t<\/span>\n\t\t\t\t<\/p>\n\t\t<\/a>\t\t\t\t<\/div>\n\t\t\t\t<\/div>\n\t\t\t\t\t<\/div>\n\t\t<\/div>\n\t\t\t\t\t<\/div>\n\t\t<\/section>\n\t\t\t\t<\/div>\n\t\t","protected":false},"excerpt":{"rendered":"<p>Los env\u00edos a la Uni\u00f3n Europea y Estados Unidos se redujeron en 13 % y 16 % respectivamente. El 2023 podr\u00eda ser un a\u00f1o de recuperaci\u00f3n. Las exportaciones de banano contin\u00faan a la baja y la tendencia se mantendr\u00eda hasta finales del a\u00f1o, con un pron\u00f3stico negativo para el cierre del 2022, un a\u00f1o marcado&hellip;<\/p>\n","protected":false},"author":1,"featured_media":65386,"comment_status":"open","ping_status":"closed","sticky":false,"template":"","format":"standard","meta":{"content-type":"","_joinchat":[],"footnotes":""},"categories":[4],"tags":[],"class_list":["post-65383","post","type-post","status-publish","format-standard","has-post-thumbnail","hentry","category-sin-categoria"],"yoast_head":"<!-- This site is optimized with the Yoast SEO plugin v27.5 - https:\/\/yoast.com\/product\/yoast-seo-wordpress\/ -->\n<title>De enero a agosto las exportaciones bananeras siguen a la baja, tendencia que se mantendr\u00eda con un cierre negativo del 2022, con al menos -8 % - Santa Fe Casa de Valores S.A.<\/title>\n<meta name=\"robots\" content=\"index, follow, max-snippet:-1, max-image-preview:large, max-video-preview:-1\" \/>\n<link rel=\"canonical\" href=\"https:\/\/www.santafevalores.com\/index.php\/2022\/09\/28\/de-enero-a-agosto-las-exportaciones-bananeras-siguen-a-la-baja-tendencia-que-se-mantendria-con-un-cierre-negativo-del-2022-con-al-menos-8\/\" \/>\n<meta property=\"og:locale\" content=\"es_ES\" \/>\n<meta property=\"og:type\" content=\"article\" \/>\n<meta property=\"og:title\" content=\"De enero a agosto las exportaciones bananeras siguen a la baja, tendencia que se mantendr\u00eda con un cierre negativo del 2022, con al menos -8 % - Santa Fe Casa de Valores S.A.\" \/>\n<meta property=\"og:description\" content=\"Los env\u00edos a la Uni\u00f3n Europea y Estados Unidos se redujeron en 13 % y 16 % respectivamente. El 2023 podr\u00eda ser un a\u00f1o de recuperaci\u00f3n. Las exportaciones de banano contin\u00faan a la baja y la tendencia se mantendr\u00eda hasta finales del a\u00f1o, con un pron\u00f3stico negativo para el cierre del 2022, un a\u00f1o marcado&hellip;\" \/>\n<meta property=\"og:url\" content=\"https:\/\/www.santafevalores.com\/index.php\/2022\/09\/28\/de-enero-a-agosto-las-exportaciones-bananeras-siguen-a-la-baja-tendencia-que-se-mantendria-con-un-cierre-negativo-del-2022-con-al-menos-8\/\" \/>\n<meta property=\"og:site_name\" content=\"Santa Fe Casa de Valores S.A.\" \/>\n<meta property=\"article:publisher\" content=\"https:\/\/www.facebook.com\/santafevalores\/\" \/>\n<meta property=\"article:published_time\" content=\"2022-09-28T17:05:24+00:00\" \/>\n<meta property=\"og:image\" content=\"https:\/\/www.santafevalores.com\/wp-content\/uploads\/2022\/09\/exportacion-bananera-2022.jpg\" \/>\n\t<meta property=\"og:image:width\" content=\"805\" \/>\n\t<meta property=\"og:image:height\" content=\"670\" \/>\n\t<meta property=\"og:image:type\" content=\"image\/jpeg\" \/>\n<meta name=\"author\" content=\"admin\" \/>\n<meta name=\"twitter:card\" content=\"summary_large_image\" \/>\n<meta name=\"twitter:creator\" content=\"@SantaFeValores\" \/>\n<meta name=\"twitter:site\" content=\"@SantaFeValores\" \/>\n<meta name=\"twitter:label1\" content=\"Escrito por\" \/>\n\t<meta name=\"twitter:data1\" content=\"admin\" \/>\n\t<meta name=\"twitter:label2\" content=\"Tiempo de lectura\" \/>\n\t<meta name=\"twitter:data2\" content=\"6 minutos\" \/>\n<script type=\"application\/ld+json\" class=\"yoast-schema-graph\">{\"@context\":\"https:\\\/\\\/schema.org\",\"@graph\":[{\"@type\":\"Article\",\"@id\":\"https:\\\/\\\/www.santafevalores.com\\\/index.php\\\/2022\\\/09\\\/28\\\/de-enero-a-agosto-las-exportaciones-bananeras-siguen-a-la-baja-tendencia-que-se-mantendria-con-un-cierre-negativo-del-2022-con-al-menos-8\\\/#article\",\"isPartOf\":{\"@id\":\"https:\\\/\\\/www.santafevalores.com\\\/index.php\\\/2022\\\/09\\\/28\\\/de-enero-a-agosto-las-exportaciones-bananeras-siguen-a-la-baja-tendencia-que-se-mantendria-con-un-cierre-negativo-del-2022-con-al-menos-8\\\/\"},\"author\":{\"name\":\"admin\",\"@id\":\"https:\\\/\\\/www.santafevalores.com\\\/#\\\/schema\\\/person\\\/d965a42370507d0a1638e69158bb5835\"},\"headline\":\"De enero a agosto las exportaciones bananeras siguen a la baja, tendencia que se mantendr\u00eda con un cierre negativo del 2022, con al menos -8 %\",\"datePublished\":\"2022-09-28T17:05:24+00:00\",\"mainEntityOfPage\":{\"@id\":\"https:\\\/\\\/www.santafevalores.com\\\/index.php\\\/2022\\\/09\\\/28\\\/de-enero-a-agosto-las-exportaciones-bananeras-siguen-a-la-baja-tendencia-que-se-mantendria-con-un-cierre-negativo-del-2022-con-al-menos-8\\\/\"},\"wordCount\":1108,\"commentCount\":0,\"publisher\":{\"@id\":\"https:\\\/\\\/www.santafevalores.com\\\/#organization\"},\"image\":{\"@id\":\"https:\\\/\\\/www.santafevalores.com\\\/index.php\\\/2022\\\/09\\\/28\\\/de-enero-a-agosto-las-exportaciones-bananeras-siguen-a-la-baja-tendencia-que-se-mantendria-con-un-cierre-negativo-del-2022-con-al-menos-8\\\/#primaryimage\"},\"thumbnailUrl\":\"https:\\\/\\\/www.santafevalores.com\\\/wp-content\\\/uploads\\\/2022\\\/09\\\/exportacion-bananera-2022.jpg\",\"inLanguage\":\"es\",\"potentialAction\":[{\"@type\":\"CommentAction\",\"name\":\"Comment\",\"target\":[\"https:\\\/\\\/www.santafevalores.com\\\/index.php\\\/2022\\\/09\\\/28\\\/de-enero-a-agosto-las-exportaciones-bananeras-siguen-a-la-baja-tendencia-que-se-mantendria-con-un-cierre-negativo-del-2022-con-al-menos-8\\\/#respond\"]}]},{\"@type\":\"WebPage\",\"@id\":\"https:\\\/\\\/www.santafevalores.com\\\/index.php\\\/2022\\\/09\\\/28\\\/de-enero-a-agosto-las-exportaciones-bananeras-siguen-a-la-baja-tendencia-que-se-mantendria-con-un-cierre-negativo-del-2022-con-al-menos-8\\\/\",\"url\":\"https:\\\/\\\/www.santafevalores.com\\\/index.php\\\/2022\\\/09\\\/28\\\/de-enero-a-agosto-las-exportaciones-bananeras-siguen-a-la-baja-tendencia-que-se-mantendria-con-un-cierre-negativo-del-2022-con-al-menos-8\\\/\",\"name\":\"De enero a agosto las exportaciones bananeras siguen a la baja, tendencia que se mantendr\u00eda con un cierre negativo del 2022, con al menos -8 % - Santa Fe Casa de Valores S.A.\",\"isPartOf\":{\"@id\":\"https:\\\/\\\/www.santafevalores.com\\\/#website\"},\"primaryImageOfPage\":{\"@id\":\"https:\\\/\\\/www.santafevalores.com\\\/index.php\\\/2022\\\/09\\\/28\\\/de-enero-a-agosto-las-exportaciones-bananeras-siguen-a-la-baja-tendencia-que-se-mantendria-con-un-cierre-negativo-del-2022-con-al-menos-8\\\/#primaryimage\"},\"image\":{\"@id\":\"https:\\\/\\\/www.santafevalores.com\\\/index.php\\\/2022\\\/09\\\/28\\\/de-enero-a-agosto-las-exportaciones-bananeras-siguen-a-la-baja-tendencia-que-se-mantendria-con-un-cierre-negativo-del-2022-con-al-menos-8\\\/#primaryimage\"},\"thumbnailUrl\":\"https:\\\/\\\/www.santafevalores.com\\\/wp-content\\\/uploads\\\/2022\\\/09\\\/exportacion-bananera-2022.jpg\",\"datePublished\":\"2022-09-28T17:05:24+00:00\",\"breadcrumb\":{\"@id\":\"https:\\\/\\\/www.santafevalores.com\\\/index.php\\\/2022\\\/09\\\/28\\\/de-enero-a-agosto-las-exportaciones-bananeras-siguen-a-la-baja-tendencia-que-se-mantendria-con-un-cierre-negativo-del-2022-con-al-menos-8\\\/#breadcrumb\"},\"inLanguage\":\"es\",\"potentialAction\":[{\"@type\":\"ReadAction\",\"target\":[\"https:\\\/\\\/www.santafevalores.com\\\/index.php\\\/2022\\\/09\\\/28\\\/de-enero-a-agosto-las-exportaciones-bananeras-siguen-a-la-baja-tendencia-que-se-mantendria-con-un-cierre-negativo-del-2022-con-al-menos-8\\\/\"]}]},{\"@type\":\"ImageObject\",\"inLanguage\":\"es\",\"@id\":\"https:\\\/\\\/www.santafevalores.com\\\/index.php\\\/2022\\\/09\\\/28\\\/de-enero-a-agosto-las-exportaciones-bananeras-siguen-a-la-baja-tendencia-que-se-mantendria-con-un-cierre-negativo-del-2022-con-al-menos-8\\\/#primaryimage\",\"url\":\"https:\\\/\\\/www.santafevalores.com\\\/wp-content\\\/uploads\\\/2022\\\/09\\\/exportacion-bananera-2022.jpg\",\"contentUrl\":\"https:\\\/\\\/www.santafevalores.com\\\/wp-content\\\/uploads\\\/2022\\\/09\\\/exportacion-bananera-2022.jpg\",\"width\":805,\"height\":670,\"caption\":\"exportacion-bananera-2022\"},{\"@type\":\"BreadcrumbList\",\"@id\":\"https:\\\/\\\/www.santafevalores.com\\\/index.php\\\/2022\\\/09\\\/28\\\/de-enero-a-agosto-las-exportaciones-bananeras-siguen-a-la-baja-tendencia-que-se-mantendria-con-un-cierre-negativo-del-2022-con-al-menos-8\\\/#breadcrumb\",\"itemListElement\":[{\"@type\":\"ListItem\",\"position\":1,\"name\":\"Portada\",\"item\":\"https:\\\/\\\/www.santafevalores.com\\\/\"},{\"@type\":\"ListItem\",\"position\":2,\"name\":\"De enero a agosto las exportaciones bananeras siguen a la baja, tendencia que se mantendr\u00eda con un cierre negativo del 2022, con al menos -8 %\"}]},{\"@type\":\"WebSite\",\"@id\":\"https:\\\/\\\/www.santafevalores.com\\\/#website\",\"url\":\"https:\\\/\\\/www.santafevalores.com\\\/\",\"name\":\"Santa Fe Casa de Valores S.A.\",\"description\":\"\",\"publisher\":{\"@id\":\"https:\\\/\\\/www.santafevalores.com\\\/#organization\"},\"potentialAction\":[{\"@type\":\"SearchAction\",\"target\":{\"@type\":\"EntryPoint\",\"urlTemplate\":\"https:\\\/\\\/www.santafevalores.com\\\/?s={search_term_string}\"},\"query-input\":{\"@type\":\"PropertyValueSpecification\",\"valueRequired\":true,\"valueName\":\"search_term_string\"}}],\"inLanguage\":\"es\"},{\"@type\":\"Organization\",\"@id\":\"https:\\\/\\\/www.santafevalores.com\\\/#organization\",\"name\":\"Santa Fe Casa de Valores S.A.\",\"alternateName\":\"SANTAFEVALORES\",\"url\":\"https:\\\/\\\/www.santafevalores.com\\\/\",\"logo\":{\"@type\":\"ImageObject\",\"inLanguage\":\"es\",\"@id\":\"https:\\\/\\\/www.santafevalores.com\\\/#\\\/schema\\\/logo\\\/image\\\/\",\"url\":\"https:\\\/\\\/www.santafevalores.com\\\/wp-content\\\/uploads\\\/2022\\\/06\\\/logo1.png\",\"contentUrl\":\"https:\\\/\\\/www.santafevalores.com\\\/wp-content\\\/uploads\\\/2022\\\/06\\\/logo1.png\",\"width\":235,\"height\":71,\"caption\":\"Santa Fe Casa de Valores S.A.\"},\"image\":{\"@id\":\"https:\\\/\\\/www.santafevalores.com\\\/#\\\/schema\\\/logo\\\/image\\\/\"},\"sameAs\":[\"https:\\\/\\\/www.facebook.com\\\/santafevalores\\\/\",\"https:\\\/\\\/x.com\\\/SantaFeValores\"]},{\"@type\":\"Person\",\"@id\":\"https:\\\/\\\/www.santafevalores.com\\\/#\\\/schema\\\/person\\\/d965a42370507d0a1638e69158bb5835\",\"name\":\"admin\",\"image\":{\"@type\":\"ImageObject\",\"inLanguage\":\"es\",\"@id\":\"https:\\\/\\\/secure.gravatar.com\\\/avatar\\\/97ec7f9eb6068ddac59d3806ca0034c167fce748f524adcfad8629911220756f?s=96&d=mm&r=g\",\"url\":\"https:\\\/\\\/secure.gravatar.com\\\/avatar\\\/97ec7f9eb6068ddac59d3806ca0034c167fce748f524adcfad8629911220756f?s=96&d=mm&r=g\",\"contentUrl\":\"https:\\\/\\\/secure.gravatar.com\\\/avatar\\\/97ec7f9eb6068ddac59d3806ca0034c167fce748f524adcfad8629911220756f?s=96&d=mm&r=g\",\"caption\":\"admin\"},\"sameAs\":[\"https:\\\/\\\/www.santafevalores.com\"],\"url\":\"https:\\\/\\\/www.santafevalores.com\\\/index.php\\\/author\\\/santafevaloresuio_ggv0vv79\\\/\"}]}<\/script>\n<!-- \/ Yoast SEO plugin. -->","yoast_head_json":{"title":"De enero a agosto las exportaciones bananeras siguen a la baja, tendencia que se mantendr\u00eda con un cierre negativo del 2022, con al menos -8 % - Santa Fe Casa de Valores S.A.","robots":{"index":"index","follow":"follow","max-snippet":"max-snippet:-1","max-image-preview":"max-image-preview:large","max-video-preview":"max-video-preview:-1"},"canonical":"https:\/\/www.santafevalores.com\/index.php\/2022\/09\/28\/de-enero-a-agosto-las-exportaciones-bananeras-siguen-a-la-baja-tendencia-que-se-mantendria-con-un-cierre-negativo-del-2022-con-al-menos-8\/","og_locale":"es_ES","og_type":"article","og_title":"De enero a agosto las exportaciones bananeras siguen a la baja, tendencia que se mantendr\u00eda con un cierre negativo del 2022, con al menos -8 % - Santa Fe Casa de Valores S.A.","og_description":"Los env\u00edos a la Uni\u00f3n Europea y Estados Unidos se redujeron en 13 % y 16 % respectivamente. El 2023 podr\u00eda ser un a\u00f1o de recuperaci\u00f3n. Las exportaciones de banano contin\u00faan a la baja y la tendencia se mantendr\u00eda hasta finales del a\u00f1o, con un pron\u00f3stico negativo para el cierre del 2022, un a\u00f1o marcado&hellip;","og_url":"https:\/\/www.santafevalores.com\/index.php\/2022\/09\/28\/de-enero-a-agosto-las-exportaciones-bananeras-siguen-a-la-baja-tendencia-que-se-mantendria-con-un-cierre-negativo-del-2022-con-al-menos-8\/","og_site_name":"Santa Fe Casa de Valores S.A.","article_publisher":"https:\/\/www.facebook.com\/santafevalores\/","article_published_time":"2022-09-28T17:05:24+00:00","og_image":[{"width":805,"height":670,"url":"https:\/\/www.santafevalores.com\/wp-content\/uploads\/2022\/09\/exportacion-bananera-2022.jpg","type":"image\/jpeg"}],"author":"admin","twitter_card":"summary_large_image","twitter_creator":"@SantaFeValores","twitter_site":"@SantaFeValores","twitter_misc":{"Escrito por":"admin","Tiempo de lectura":"6 minutos"},"schema":{"@context":"https:\/\/schema.org","@graph":[{"@type":"Article","@id":"https:\/\/www.santafevalores.com\/index.php\/2022\/09\/28\/de-enero-a-agosto-las-exportaciones-bananeras-siguen-a-la-baja-tendencia-que-se-mantendria-con-un-cierre-negativo-del-2022-con-al-menos-8\/#article","isPartOf":{"@id":"https:\/\/www.santafevalores.com\/index.php\/2022\/09\/28\/de-enero-a-agosto-las-exportaciones-bananeras-siguen-a-la-baja-tendencia-que-se-mantendria-con-un-cierre-negativo-del-2022-con-al-menos-8\/"},"author":{"name":"admin","@id":"https:\/\/www.santafevalores.com\/#\/schema\/person\/d965a42370507d0a1638e69158bb5835"},"headline":"De enero a agosto las exportaciones bananeras siguen a la baja, tendencia que se mantendr\u00eda con un cierre negativo del 2022, con al menos -8 %","datePublished":"2022-09-28T17:05:24+00:00","mainEntityOfPage":{"@id":"https:\/\/www.santafevalores.com\/index.php\/2022\/09\/28\/de-enero-a-agosto-las-exportaciones-bananeras-siguen-a-la-baja-tendencia-que-se-mantendria-con-un-cierre-negativo-del-2022-con-al-menos-8\/"},"wordCount":1108,"commentCount":0,"publisher":{"@id":"https:\/\/www.santafevalores.com\/#organization"},"image":{"@id":"https:\/\/www.santafevalores.com\/index.php\/2022\/09\/28\/de-enero-a-agosto-las-exportaciones-bananeras-siguen-a-la-baja-tendencia-que-se-mantendria-con-un-cierre-negativo-del-2022-con-al-menos-8\/#primaryimage"},"thumbnailUrl":"https:\/\/www.santafevalores.com\/wp-content\/uploads\/2022\/09\/exportacion-bananera-2022.jpg","inLanguage":"es","potentialAction":[{"@type":"CommentAction","name":"Comment","target":["https:\/\/www.santafevalores.com\/index.php\/2022\/09\/28\/de-enero-a-agosto-las-exportaciones-bananeras-siguen-a-la-baja-tendencia-que-se-mantendria-con-un-cierre-negativo-del-2022-con-al-menos-8\/#respond"]}]},{"@type":"WebPage","@id":"https:\/\/www.santafevalores.com\/index.php\/2022\/09\/28\/de-enero-a-agosto-las-exportaciones-bananeras-siguen-a-la-baja-tendencia-que-se-mantendria-con-un-cierre-negativo-del-2022-con-al-menos-8\/","url":"https:\/\/www.santafevalores.com\/index.php\/2022\/09\/28\/de-enero-a-agosto-las-exportaciones-bananeras-siguen-a-la-baja-tendencia-que-se-mantendria-con-un-cierre-negativo-del-2022-con-al-menos-8\/","name":"De enero a agosto las exportaciones bananeras siguen a la baja, tendencia que se mantendr\u00eda con un cierre negativo del 2022, con al menos -8 % - Santa Fe Casa de Valores S.A.","isPartOf":{"@id":"https:\/\/www.santafevalores.com\/#website"},"primaryImageOfPage":{"@id":"https:\/\/www.santafevalores.com\/index.php\/2022\/09\/28\/de-enero-a-agosto-las-exportaciones-bananeras-siguen-a-la-baja-tendencia-que-se-mantendria-con-un-cierre-negativo-del-2022-con-al-menos-8\/#primaryimage"},"image":{"@id":"https:\/\/www.santafevalores.com\/index.php\/2022\/09\/28\/de-enero-a-agosto-las-exportaciones-bananeras-siguen-a-la-baja-tendencia-que-se-mantendria-con-un-cierre-negativo-del-2022-con-al-menos-8\/#primaryimage"},"thumbnailUrl":"https:\/\/www.santafevalores.com\/wp-content\/uploads\/2022\/09\/exportacion-bananera-2022.jpg","datePublished":"2022-09-28T17:05:24+00:00","breadcrumb":{"@id":"https:\/\/www.santafevalores.com\/index.php\/2022\/09\/28\/de-enero-a-agosto-las-exportaciones-bananeras-siguen-a-la-baja-tendencia-que-se-mantendria-con-un-cierre-negativo-del-2022-con-al-menos-8\/#breadcrumb"},"inLanguage":"es","potentialAction":[{"@type":"ReadAction","target":["https:\/\/www.santafevalores.com\/index.php\/2022\/09\/28\/de-enero-a-agosto-las-exportaciones-bananeras-siguen-a-la-baja-tendencia-que-se-mantendria-con-un-cierre-negativo-del-2022-con-al-menos-8\/"]}]},{"@type":"ImageObject","inLanguage":"es","@id":"https:\/\/www.santafevalores.com\/index.php\/2022\/09\/28\/de-enero-a-agosto-las-exportaciones-bananeras-siguen-a-la-baja-tendencia-que-se-mantendria-con-un-cierre-negativo-del-2022-con-al-menos-8\/#primaryimage","url":"https:\/\/www.santafevalores.com\/wp-content\/uploads\/2022\/09\/exportacion-bananera-2022.jpg","contentUrl":"https:\/\/www.santafevalores.com\/wp-content\/uploads\/2022\/09\/exportacion-bananera-2022.jpg","width":805,"height":670,"caption":"exportacion-bananera-2022"},{"@type":"BreadcrumbList","@id":"https:\/\/www.santafevalores.com\/index.php\/2022\/09\/28\/de-enero-a-agosto-las-exportaciones-bananeras-siguen-a-la-baja-tendencia-que-se-mantendria-con-un-cierre-negativo-del-2022-con-al-menos-8\/#breadcrumb","itemListElement":[{"@type":"ListItem","position":1,"name":"Portada","item":"https:\/\/www.santafevalores.com\/"},{"@type":"ListItem","position":2,"name":"De enero a agosto las exportaciones bananeras siguen a la baja, tendencia que se mantendr\u00eda con un cierre negativo del 2022, con al menos -8 %"}]},{"@type":"WebSite","@id":"https:\/\/www.santafevalores.com\/#website","url":"https:\/\/www.santafevalores.com\/","name":"Santa Fe Casa de Valores S.A.","description":"","publisher":{"@id":"https:\/\/www.santafevalores.com\/#organization"},"potentialAction":[{"@type":"SearchAction","target":{"@type":"EntryPoint","urlTemplate":"https:\/\/www.santafevalores.com\/?s={search_term_string}"},"query-input":{"@type":"PropertyValueSpecification","valueRequired":true,"valueName":"search_term_string"}}],"inLanguage":"es"},{"@type":"Organization","@id":"https:\/\/www.santafevalores.com\/#organization","name":"Santa Fe Casa de Valores S.A.","alternateName":"SANTAFEVALORES","url":"https:\/\/www.santafevalores.com\/","logo":{"@type":"ImageObject","inLanguage":"es","@id":"https:\/\/www.santafevalores.com\/#\/schema\/logo\/image\/","url":"https:\/\/www.santafevalores.com\/wp-content\/uploads\/2022\/06\/logo1.png","contentUrl":"https:\/\/www.santafevalores.com\/wp-content\/uploads\/2022\/06\/logo1.png","width":235,"height":71,"caption":"Santa Fe Casa de Valores S.A."},"image":{"@id":"https:\/\/www.santafevalores.com\/#\/schema\/logo\/image\/"},"sameAs":["https:\/\/www.facebook.com\/santafevalores\/","https:\/\/x.com\/SantaFeValores"]},{"@type":"Person","@id":"https:\/\/www.santafevalores.com\/#\/schema\/person\/d965a42370507d0a1638e69158bb5835","name":"admin","image":{"@type":"ImageObject","inLanguage":"es","@id":"https:\/\/secure.gravatar.com\/avatar\/97ec7f9eb6068ddac59d3806ca0034c167fce748f524adcfad8629911220756f?s=96&d=mm&r=g","url":"https:\/\/secure.gravatar.com\/avatar\/97ec7f9eb6068ddac59d3806ca0034c167fce748f524adcfad8629911220756f?s=96&d=mm&r=g","contentUrl":"https:\/\/secure.gravatar.com\/avatar\/97ec7f9eb6068ddac59d3806ca0034c167fce748f524adcfad8629911220756f?s=96&d=mm&r=g","caption":"admin"},"sameAs":["https:\/\/www.santafevalores.com"],"url":"https:\/\/www.santafevalores.com\/index.php\/author\/santafevaloresuio_ggv0vv79\/"}]}},"_links":{"self":[{"href":"https:\/\/www.santafevalores.com\/index.php\/wp-json\/wp\/v2\/posts\/65383","targetHints":{"allow":["GET"]}}],"collection":[{"href":"https:\/\/www.santafevalores.com\/index.php\/wp-json\/wp\/v2\/posts"}],"about":[{"href":"https:\/\/www.santafevalores.com\/index.php\/wp-json\/wp\/v2\/types\/post"}],"author":[{"embeddable":true,"href":"https:\/\/www.santafevalores.com\/index.php\/wp-json\/wp\/v2\/users\/1"}],"replies":[{"embeddable":true,"href":"https:\/\/www.santafevalores.com\/index.php\/wp-json\/wp\/v2\/comments?post=65383"}],"version-history":[{"count":0,"href":"https:\/\/www.santafevalores.com\/index.php\/wp-json\/wp\/v2\/posts\/65383\/revisions"}],"wp:featuredmedia":[{"embeddable":true,"href":"https:\/\/www.santafevalores.com\/index.php\/wp-json\/wp\/v2\/media\/65386"}],"wp:attachment":[{"href":"https:\/\/www.santafevalores.com\/index.php\/wp-json\/wp\/v2\/media?parent=65383"}],"wp:term":[{"taxonomy":"category","embeddable":true,"href":"https:\/\/www.santafevalores.com\/index.php\/wp-json\/wp\/v2\/categories?post=65383"},{"taxonomy":"post_tag","embeddable":true,"href":"https:\/\/www.santafevalores.com\/index.php\/wp-json\/wp\/v2\/tags?post=65383"}],"curies":[{"name":"wp","href":"https:\/\/api.w.org\/{rel}","templated":true}]}}