{"id":65411,"date":"2022-09-30T13:52:04","date_gmt":"2022-09-30T18:52:04","guid":{"rendered":"https:\/\/santafevalores.com\/?p=65411"},"modified":"2022-09-30T13:52:04","modified_gmt":"2022-09-30T18:52:04","slug":"marcas-en-expansion-cada-semana-se-abre-un-nuevo-local-optimismo-se-impulsa-en-buenas-ventas","status":"publish","type":"post","link":"https:\/\/www.santafevalores.com\/index.php\/2022\/09\/30\/marcas-en-expansion-cada-semana-se-abre-un-nuevo-local-optimismo-se-impulsa-en-buenas-ventas\/","title":{"rendered":"Marcas en expansi\u00f3n: cada semana se abre un nuevo local. Optimismo se impulsa en buenas ventas"},"content":{"rendered":"\t\t<div data-elementor-type=\"wp-post\" data-elementor-id=\"65411\" class=\"elementor elementor-65411\" data-elementor-post-type=\"post\">\n\t\t\t\t\t\t<section class=\"elementor-section elementor-top-section elementor-element elementor-element-0a6467a elementor-section-boxed elementor-section-height-default elementor-section-height-default\" data-id=\"0a6467a\" data-element_type=\"section\" data-e-type=\"section\">\n\t\t\t\t\t\t<div class=\"elementor-container elementor-column-gap-default\">\n\t\t\t\t\t<div class=\"elementor-column elementor-col-100 elementor-top-column elementor-element elementor-element-484b545\" data-id=\"484b545\" data-element_type=\"column\" data-e-type=\"column\">\n\t\t\t<div class=\"elementor-widget-wrap elementor-element-populated\">\n\t\t\t\t\t\t<div class=\"elementor-element elementor-element-83ef972 elementor-widget elementor-widget-image\" data-id=\"83ef972\" data-element_type=\"widget\" data-e-type=\"widget\" data-widget_type=\"image.default\">\n\t\t\t\t<div class=\"elementor-widget-container\">\n\t\t\t\t\t\t\t\t\t\t\t\t\t\t\t<img fetchpriority=\"high\" decoding=\"async\" width=\"1024\" height=\"533\" src=\"https:\/\/www.santafevalores.com\/wp-content\/uploads\/2022\/09\/MARCAS-EXPANSION-1024x533.jpg\" class=\"attachment-large size-large wp-image-65413\" alt=\"\" srcset=\"https:\/\/www.santafevalores.com\/wp-content\/uploads\/2022\/09\/MARCAS-EXPANSION-1024x533.jpg 1024w, https:\/\/www.santafevalores.com\/wp-content\/uploads\/2022\/09\/MARCAS-EXPANSION-300x156.jpg 300w, https:\/\/www.santafevalores.com\/wp-content\/uploads\/2022\/09\/MARCAS-EXPANSION-768x400.jpg 768w, https:\/\/www.santafevalores.com\/wp-content\/uploads\/2022\/09\/MARCAS-EXPANSION.jpg 1041w\" sizes=\"(max-width: 1024px) 100vw, 1024px\" \/>\t\t\t\t\t\t\t\t\t\t\t\t\t\t\t<\/div>\n\t\t\t\t<\/div>\n\t\t\t\t\t<\/div>\n\t\t<\/div>\n\t\t\t\t\t<\/div>\n\t\t<\/section>\n\t\t\t\t<section class=\"elementor-section elementor-top-section elementor-element elementor-element-eee4c74 elementor-section-boxed elementor-section-height-default elementor-section-height-default\" data-id=\"eee4c74\" data-element_type=\"section\" data-e-type=\"section\">\n\t\t\t\t\t\t<div class=\"elementor-container elementor-column-gap-default\">\n\t\t\t\t\t<div class=\"elementor-column elementor-col-100 elementor-top-column elementor-element elementor-element-80336c6\" data-id=\"80336c6\" data-element_type=\"column\" data-e-type=\"column\">\n\t\t\t<div class=\"elementor-widget-wrap elementor-element-populated\">\n\t\t\t\t\t\t<div class=\"elementor-element elementor-element-28a2ada elementor-widget elementor-widget-text-editor\" data-id=\"28a2ada\" data-element_type=\"widget\" data-e-type=\"widget\" data-widget_type=\"text-editor.default\">\n\t\t\t\t<div class=\"elementor-widget-container\">\n\t\t\t\t\t\t\t\t\t<p>Corporaci\u00f3n Favorita abri\u00f3 nuevos Supermaxi este 2022 que cumple 70 a\u00f1os en los que a extendido su presencia en seis pa\u00edses de Sudam\u00e9rica con 200 supermercados, 300 comercios, 14 centros comerciales, 16 plantas industriales y 10 centros de distribuci\u00f3n.<\/p><p><br \/>Las inauguraciones de supermercados, de cafeter\u00edas, de tiendas de ropa o de calzado se han vuelto una constante: el 2 de septiembre Sweet and Coffee sum\u00f3 su local n\u00famero 122; el 13 de septiembre Juan Valdez lleg\u00f3 a Puembo y el 17 abri\u00f3 otro en Quito. El 22 de septiembre se inaugur\u00f3 McDonald\u2019s en la v\u00eda a la costa. Este 30 de septiembre es el turno del Supermaxi de Urdesa.<br \/>Para Supermaxi es su establecimiento n\u00famero 45 y le sigue al inaugurado hace dos meses en Ciudad Celeste y la reapertura en el Alb\u00e1n Borja en mayo. Para McDonald\u2019s es su restaurante 30. Mientras que en lo que va del a\u00f1o Sweet and Coffee ha sumado seis nuevos locales. Coral Hipermercado y Delportal tambi\u00e9n han crecido en establecimientos.<\/p><p>En agosto, con la inauguraci\u00f3n del <b>Riocentro<\/b> de Quito abrieron unos 100 negocios, algunas marcas se activaron luego de unos d\u00edas: <b>Carter\u2019s<\/b> se estren\u00f3 en Ecuador el 22 de agosto, IHop abri\u00f3 el 30 de agosto y este 30 de septiembre se suma la segunda tienda de American Eagle, que ingres\u00f3 al pa\u00eds en mayo y prev\u00e9 tener una tercera tienda en Guayaquil este mismo a\u00f1o. Y en el Mall del Sol este 15 de octubre Old Navy abrir\u00e1 su primera tienda. Todas son marcas de ropa estadounidenses.<\/p><p>Las cadenas seguir\u00e1n creciendo. Paccari abri\u00f3 en mayo en Quito una nueva tienda en formato cafeter\u00eda y en agosto otra, con las que suma cinco y prev\u00e9 el estreno de dos m\u00e1s antes de que termine el 2022. Otro ejemplo: Crocs ahora est\u00e1 en el sur de Guayaquil y de Quito, y alista otra apertura para octubre o noviembre en CityMall.<br \/>Y es que \u201clas inversiones no se han detenido en el 2022. Tanto marcas nacionales como extranjeras buscan crecer dentro del Ecuador\u201d y para el presidente de la C\u00e1mara de Comercio de Guayaquil, Miguel \u00c1ngel Gonz\u00e1lez, parte del optimismo se debe al buen desempe\u00f1o de las ventas. Hasta julio del 2022, las ventas locales llegaron a $ 104.109 millones. Esto representa un crecimiento del 13 % con relaci\u00f3n a los siete meses del 2021 y 10 % frente a lo acumulado a julio del 2019.<\/p><p>Adem\u00e1s indica la leve mejora en el mercado laboral: en diciembre del 2020 la tasa de empleo adecuado era de 30,4 % y en agosto del 2022 esta se ubic\u00f3 en 33,3 %. El \u00edndice de confianza empresarial tambi\u00e9n est\u00e1 creciendo.<\/p><p>\u201cPese a que existen indicadores que se muestran favorables, el nivel de inversi\u00f3n que requiere el pa\u00eds a\u00fan se encuentra bajo. El pa\u00eds requiere al menos una inversi\u00f3n en empleos de alrededor de $ 30.000 millones anuales, para poder crear plazas de empleo adecuado para todos los ecuatorianos que no cuentan con uno. Por lo tanto, es necesario impulsar medidas que contin\u00faen incentivando las inversiones. Entre estas se encuentran la aceleraci\u00f3n de la reducci\u00f3n del impuesto a la salida de divisas (ISD), reforma laboral, ley de inversiones, acuerdos comerciales, estabilidad pol\u00edtica, entre otras\u201d, comenta Gonz\u00e1lez.<\/p><p><br \/><b>Nuevos locales en construcci\u00f3n<\/b><\/p><p><br \/>Este 5 de octubre De Prati realizar\u00e1 una ceremonia para entregar a la ciudad de Machala la obra de lo que ser\u00e1 su primera tienda en El Oro. \u201cEl dise\u00f1o de esta nueva tienda responde a est\u00e1ndares internacionales del m\u00e1s alto nivel, la construcci\u00f3n y montaje se trabaja de la mano con proveedores nacionales y mano de obra local, como parte del compromiso de la marca con la creaci\u00f3n de plazas de empleo\u201d, indica la compa\u00f1\u00eda.<\/p><p>Esta tienda n\u00famero quince de De Prati es parte de su plan de expansi\u00f3n que contempla otros dos proyectos principales para los pr\u00f3ximos cinco a\u00f1os: un nuevo centro de distribuci\u00f3n y un centro comercial en la v\u00eda a la costa, y que implican una inversi\u00f3n de m\u00e1s de $ 100 millones.<\/p><p>En Guayaquil dos centros comerciales mantienen trabajos para darle cabida a nuevas marcas. San Marino anuncia que pronto estar\u00e1 lista su nueva etapa y Mall del Sol empez\u00f3 la obra de ampliaci\u00f3n en la que invertir\u00e1 $ 14,6 millones y que incluye 16 nuevos locales, un tercer nivel para una plaza gastron\u00f3mica, salones de eventos y entretenimiento. Todo estar\u00e1 listo en dos etapas: en marzo y noviembre del 2023. Para ese centro comercial se trata de una gran apuesta por el crecimiento del sector comercial del norte de Guayaquil.<\/p><p>Esa apuesta tambi\u00e9n se da con remodelaciones. \u00d3ptica Los Andes renov\u00f3 dos de sus locales: Ola Paseo San Francisco en Quito y en el Mall del Sol de Guayaquil, los cuales considera puntos estrat\u00e9gicos para la operaci\u00f3n de la empresa que es parte del Grupo Ola que en julio abri\u00f3 Cl\u00ednica Andes Visi\u00f3n en Guayaquil con una inversi\u00f3n de $ 500.000 y que se construy\u00f3 en medio de las protestas de junio. (I)<\/p>\t\t\t\t\t\t\t\t<\/div>\n\t\t\t\t<\/div>\n\t\t\t\t\t<\/div>\n\t\t<\/div>\n\t\t\t\t\t<\/div>\n\t\t<\/section>\n\t\t\t\t<section class=\"elementor-section elementor-top-section elementor-element elementor-element-facdeb9 elementor-section-boxed elementor-section-height-default elementor-section-height-default\" data-id=\"facdeb9\" data-element_type=\"section\" data-e-type=\"section\">\n\t\t\t\t\t\t<div class=\"elementor-container elementor-column-gap-default\">\n\t\t\t\t\t<div class=\"elementor-column elementor-col-100 elementor-top-column elementor-element elementor-element-be21f0b\" data-id=\"be21f0b\" data-element_type=\"column\" data-e-type=\"column\">\n\t\t\t<div class=\"elementor-widget-wrap elementor-element-populated\">\n\t\t\t\t\t\t<div class=\"elementor-element elementor-element-13c6d4a elementor-headline--style-highlight elementor-widget elementor-widget-animated-headline\" data-id=\"13c6d4a\" data-element_type=\"widget\" data-e-type=\"widget\" data-settings=\"{&quot;highlighted_text&quot;:&quot;reporta El Universo&quot;,&quot;headline_style&quot;:&quot;highlight&quot;,&quot;marker&quot;:&quot;circle&quot;,&quot;loop&quot;:&quot;yes&quot;,&quot;highlight_animation_duration&quot;:1200,&quot;highlight_iteration_delay&quot;:8000}\" data-widget_type=\"animated-headline.default\">\n\t\t\t\t<div class=\"elementor-widget-container\">\n\t\t\t\t\t\t\t\t<a href=\"https:\/\/www.eluniverso.com\/noticias\/economia\/marcas-en-expansion-cada-semana-se-abre-un-nuevo-local-optimismo-se-impulsa-en-buenas-ventas-nota\/\" target=\"_blank\">\n\n\t\t\t\t\t<p class=\"elementor-headline\">\n\t\t\t\t\t<span class=\"elementor-headline-plain-text elementor-headline-text-wrapper\">Fuente:<\/span>\n\t\t\t\t<span class=\"elementor-headline-dynamic-wrapper elementor-headline-text-wrapper\">\n\t\t\t\t\t<span class=\"elementor-headline-dynamic-text elementor-headline-text-active\">reporta El Universo<\/span>\n\t\t\t\t<\/span>\n\t\t\t\t<\/p>\n\t\t<\/a>\t\t\t\t<\/div>\n\t\t\t\t<\/div>\n\t\t\t\t\t<\/div>\n\t\t<\/div>\n\t\t\t\t\t<\/div>\n\t\t<\/section>\n\t\t\t\t<\/div>\n\t\t","protected":false},"excerpt":{"rendered":"<p>Corporaci\u00f3n Favorita abri\u00f3 nuevos Supermaxi este 2022 que cumple 70 a\u00f1os en los que a extendido su presencia en seis pa\u00edses de Sudam\u00e9rica con 200 supermercados, 300 comercios, 14 centros comerciales, 16 plantas industriales y 10 centros de distribuci\u00f3n. Las inauguraciones de supermercados, de cafeter\u00edas, de tiendas de ropa o de calzado se han vuelto&hellip;<\/p>\n","protected":false},"author":1,"featured_media":65413,"comment_status":"open","ping_status":"closed","sticky":false,"template":"","format":"standard","meta":{"content-type":"","_joinchat":[],"footnotes":""},"categories":[4],"tags":[],"class_list":["post-65411","post","type-post","status-publish","format-standard","has-post-thumbnail","hentry","category-sin-categoria"],"yoast_head":"<!-- This site is optimized with the Yoast SEO plugin v27.5 - https:\/\/yoast.com\/product\/yoast-seo-wordpress\/ -->\n<title>Marcas en expansi\u00f3n: cada semana se abre un nuevo local. Optimismo se impulsa en buenas ventas - Santa Fe Casa de Valores S.A.<\/title>\n<meta name=\"robots\" content=\"index, follow, max-snippet:-1, max-image-preview:large, max-video-preview:-1\" \/>\n<link rel=\"canonical\" href=\"https:\/\/www.santafevalores.com\/index.php\/2022\/09\/30\/marcas-en-expansion-cada-semana-se-abre-un-nuevo-local-optimismo-se-impulsa-en-buenas-ventas\/\" \/>\n<meta property=\"og:locale\" content=\"es_ES\" \/>\n<meta property=\"og:type\" content=\"article\" \/>\n<meta property=\"og:title\" content=\"Marcas en expansi\u00f3n: cada semana se abre un nuevo local. Optimismo se impulsa en buenas ventas - Santa Fe Casa de Valores S.A.\" \/>\n<meta property=\"og:description\" content=\"Corporaci\u00f3n Favorita abri\u00f3 nuevos Supermaxi este 2022 que cumple 70 a\u00f1os en los que a extendido su presencia en seis pa\u00edses de Sudam\u00e9rica con 200 supermercados, 300 comercios, 14 centros comerciales, 16 plantas industriales y 10 centros de distribuci\u00f3n. Las inauguraciones de supermercados, de cafeter\u00edas, de tiendas de ropa o de calzado se han vuelto&hellip;\" \/>\n<meta property=\"og:url\" content=\"https:\/\/www.santafevalores.com\/index.php\/2022\/09\/30\/marcas-en-expansion-cada-semana-se-abre-un-nuevo-local-optimismo-se-impulsa-en-buenas-ventas\/\" \/>\n<meta property=\"og:site_name\" content=\"Santa Fe Casa de Valores S.A.\" \/>\n<meta property=\"article:publisher\" content=\"https:\/\/www.facebook.com\/santafevalores\/\" \/>\n<meta property=\"article:published_time\" content=\"2022-09-30T18:52:04+00:00\" \/>\n<meta property=\"og:image\" content=\"https:\/\/www.santafevalores.com\/wp-content\/uploads\/2022\/09\/MARCAS-EXPANSION.jpg\" \/>\n\t<meta property=\"og:image:width\" content=\"1041\" \/>\n\t<meta property=\"og:image:height\" content=\"542\" \/>\n\t<meta property=\"og:image:type\" content=\"image\/jpeg\" \/>\n<meta name=\"author\" content=\"admin\" \/>\n<meta name=\"twitter:card\" content=\"summary_large_image\" \/>\n<meta name=\"twitter:creator\" content=\"@SantaFeValores\" \/>\n<meta name=\"twitter:site\" content=\"@SantaFeValores\" \/>\n<meta name=\"twitter:label1\" content=\"Escrito por\" \/>\n\t<meta name=\"twitter:data1\" content=\"admin\" \/>\n\t<meta name=\"twitter:label2\" content=\"Tiempo de lectura\" \/>\n\t<meta name=\"twitter:data2\" content=\"5 minutos\" \/>\n<script type=\"application\/ld+json\" class=\"yoast-schema-graph\">{\"@context\":\"https:\\\/\\\/schema.org\",\"@graph\":[{\"@type\":\"Article\",\"@id\":\"https:\\\/\\\/www.santafevalores.com\\\/index.php\\\/2022\\\/09\\\/30\\\/marcas-en-expansion-cada-semana-se-abre-un-nuevo-local-optimismo-se-impulsa-en-buenas-ventas\\\/#article\",\"isPartOf\":{\"@id\":\"https:\\\/\\\/www.santafevalores.com\\\/index.php\\\/2022\\\/09\\\/30\\\/marcas-en-expansion-cada-semana-se-abre-un-nuevo-local-optimismo-se-impulsa-en-buenas-ventas\\\/\"},\"author\":{\"name\":\"admin\",\"@id\":\"https:\\\/\\\/www.santafevalores.com\\\/#\\\/schema\\\/person\\\/d965a42370507d0a1638e69158bb5835\"},\"headline\":\"Marcas en expansi\u00f3n: cada semana se abre un nuevo local. Optimismo se impulsa en buenas ventas\",\"datePublished\":\"2022-09-30T18:52:04+00:00\",\"mainEntityOfPage\":{\"@id\":\"https:\\\/\\\/www.santafevalores.com\\\/index.php\\\/2022\\\/09\\\/30\\\/marcas-en-expansion-cada-semana-se-abre-un-nuevo-local-optimismo-se-impulsa-en-buenas-ventas\\\/\"},\"wordCount\":864,\"commentCount\":0,\"publisher\":{\"@id\":\"https:\\\/\\\/www.santafevalores.com\\\/#organization\"},\"image\":{\"@id\":\"https:\\\/\\\/www.santafevalores.com\\\/index.php\\\/2022\\\/09\\\/30\\\/marcas-en-expansion-cada-semana-se-abre-un-nuevo-local-optimismo-se-impulsa-en-buenas-ventas\\\/#primaryimage\"},\"thumbnailUrl\":\"https:\\\/\\\/www.santafevalores.com\\\/wp-content\\\/uploads\\\/2022\\\/09\\\/MARCAS-EXPANSION.jpg\",\"inLanguage\":\"es\",\"potentialAction\":[{\"@type\":\"CommentAction\",\"name\":\"Comment\",\"target\":[\"https:\\\/\\\/www.santafevalores.com\\\/index.php\\\/2022\\\/09\\\/30\\\/marcas-en-expansion-cada-semana-se-abre-un-nuevo-local-optimismo-se-impulsa-en-buenas-ventas\\\/#respond\"]}]},{\"@type\":\"WebPage\",\"@id\":\"https:\\\/\\\/www.santafevalores.com\\\/index.php\\\/2022\\\/09\\\/30\\\/marcas-en-expansion-cada-semana-se-abre-un-nuevo-local-optimismo-se-impulsa-en-buenas-ventas\\\/\",\"url\":\"https:\\\/\\\/www.santafevalores.com\\\/index.php\\\/2022\\\/09\\\/30\\\/marcas-en-expansion-cada-semana-se-abre-un-nuevo-local-optimismo-se-impulsa-en-buenas-ventas\\\/\",\"name\":\"Marcas en expansi\u00f3n: cada semana se abre un nuevo local. Optimismo se impulsa en buenas ventas - Santa Fe Casa de Valores S.A.\",\"isPartOf\":{\"@id\":\"https:\\\/\\\/www.santafevalores.com\\\/#website\"},\"primaryImageOfPage\":{\"@id\":\"https:\\\/\\\/www.santafevalores.com\\\/index.php\\\/2022\\\/09\\\/30\\\/marcas-en-expansion-cada-semana-se-abre-un-nuevo-local-optimismo-se-impulsa-en-buenas-ventas\\\/#primaryimage\"},\"image\":{\"@id\":\"https:\\\/\\\/www.santafevalores.com\\\/index.php\\\/2022\\\/09\\\/30\\\/marcas-en-expansion-cada-semana-se-abre-un-nuevo-local-optimismo-se-impulsa-en-buenas-ventas\\\/#primaryimage\"},\"thumbnailUrl\":\"https:\\\/\\\/www.santafevalores.com\\\/wp-content\\\/uploads\\\/2022\\\/09\\\/MARCAS-EXPANSION.jpg\",\"datePublished\":\"2022-09-30T18:52:04+00:00\",\"breadcrumb\":{\"@id\":\"https:\\\/\\\/www.santafevalores.com\\\/index.php\\\/2022\\\/09\\\/30\\\/marcas-en-expansion-cada-semana-se-abre-un-nuevo-local-optimismo-se-impulsa-en-buenas-ventas\\\/#breadcrumb\"},\"inLanguage\":\"es\",\"potentialAction\":[{\"@type\":\"ReadAction\",\"target\":[\"https:\\\/\\\/www.santafevalores.com\\\/index.php\\\/2022\\\/09\\\/30\\\/marcas-en-expansion-cada-semana-se-abre-un-nuevo-local-optimismo-se-impulsa-en-buenas-ventas\\\/\"]}]},{\"@type\":\"ImageObject\",\"inLanguage\":\"es\",\"@id\":\"https:\\\/\\\/www.santafevalores.com\\\/index.php\\\/2022\\\/09\\\/30\\\/marcas-en-expansion-cada-semana-se-abre-un-nuevo-local-optimismo-se-impulsa-en-buenas-ventas\\\/#primaryimage\",\"url\":\"https:\\\/\\\/www.santafevalores.com\\\/wp-content\\\/uploads\\\/2022\\\/09\\\/MARCAS-EXPANSION.jpg\",\"contentUrl\":\"https:\\\/\\\/www.santafevalores.com\\\/wp-content\\\/uploads\\\/2022\\\/09\\\/MARCAS-EXPANSION.jpg\",\"width\":1041,\"height\":542},{\"@type\":\"BreadcrumbList\",\"@id\":\"https:\\\/\\\/www.santafevalores.com\\\/index.php\\\/2022\\\/09\\\/30\\\/marcas-en-expansion-cada-semana-se-abre-un-nuevo-local-optimismo-se-impulsa-en-buenas-ventas\\\/#breadcrumb\",\"itemListElement\":[{\"@type\":\"ListItem\",\"position\":1,\"name\":\"Portada\",\"item\":\"https:\\\/\\\/www.santafevalores.com\\\/\"},{\"@type\":\"ListItem\",\"position\":2,\"name\":\"Marcas en expansi\u00f3n: cada semana se abre un nuevo local. Optimismo se impulsa en buenas ventas\"}]},{\"@type\":\"WebSite\",\"@id\":\"https:\\\/\\\/www.santafevalores.com\\\/#website\",\"url\":\"https:\\\/\\\/www.santafevalores.com\\\/\",\"name\":\"Santa Fe Casa de Valores S.A.\",\"description\":\"\",\"publisher\":{\"@id\":\"https:\\\/\\\/www.santafevalores.com\\\/#organization\"},\"potentialAction\":[{\"@type\":\"SearchAction\",\"target\":{\"@type\":\"EntryPoint\",\"urlTemplate\":\"https:\\\/\\\/www.santafevalores.com\\\/?s={search_term_string}\"},\"query-input\":{\"@type\":\"PropertyValueSpecification\",\"valueRequired\":true,\"valueName\":\"search_term_string\"}}],\"inLanguage\":\"es\"},{\"@type\":\"Organization\",\"@id\":\"https:\\\/\\\/www.santafevalores.com\\\/#organization\",\"name\":\"Santa Fe Casa de Valores S.A.\",\"alternateName\":\"SANTAFEVALORES\",\"url\":\"https:\\\/\\\/www.santafevalores.com\\\/\",\"logo\":{\"@type\":\"ImageObject\",\"inLanguage\":\"es\",\"@id\":\"https:\\\/\\\/www.santafevalores.com\\\/#\\\/schema\\\/logo\\\/image\\\/\",\"url\":\"https:\\\/\\\/www.santafevalores.com\\\/wp-content\\\/uploads\\\/2022\\\/06\\\/logo1.png\",\"contentUrl\":\"https:\\\/\\\/www.santafevalores.com\\\/wp-content\\\/uploads\\\/2022\\\/06\\\/logo1.png\",\"width\":235,\"height\":71,\"caption\":\"Santa Fe Casa de Valores S.A.\"},\"image\":{\"@id\":\"https:\\\/\\\/www.santafevalores.com\\\/#\\\/schema\\\/logo\\\/image\\\/\"},\"sameAs\":[\"https:\\\/\\\/www.facebook.com\\\/santafevalores\\\/\",\"https:\\\/\\\/x.com\\\/SantaFeValores\"]},{\"@type\":\"Person\",\"@id\":\"https:\\\/\\\/www.santafevalores.com\\\/#\\\/schema\\\/person\\\/d965a42370507d0a1638e69158bb5835\",\"name\":\"admin\",\"image\":{\"@type\":\"ImageObject\",\"inLanguage\":\"es\",\"@id\":\"https:\\\/\\\/secure.gravatar.com\\\/avatar\\\/97ec7f9eb6068ddac59d3806ca0034c167fce748f524adcfad8629911220756f?s=96&d=mm&r=g\",\"url\":\"https:\\\/\\\/secure.gravatar.com\\\/avatar\\\/97ec7f9eb6068ddac59d3806ca0034c167fce748f524adcfad8629911220756f?s=96&d=mm&r=g\",\"contentUrl\":\"https:\\\/\\\/secure.gravatar.com\\\/avatar\\\/97ec7f9eb6068ddac59d3806ca0034c167fce748f524adcfad8629911220756f?s=96&d=mm&r=g\",\"caption\":\"admin\"},\"sameAs\":[\"https:\\\/\\\/www.santafevalores.com\"],\"url\":\"https:\\\/\\\/www.santafevalores.com\\\/index.php\\\/author\\\/santafevaloresuio_ggv0vv79\\\/\"}]}<\/script>\n<!-- \/ Yoast SEO plugin. -->","yoast_head_json":{"title":"Marcas en expansi\u00f3n: cada semana se abre un nuevo local. Optimismo se impulsa en buenas ventas - Santa Fe Casa de Valores S.A.","robots":{"index":"index","follow":"follow","max-snippet":"max-snippet:-1","max-image-preview":"max-image-preview:large","max-video-preview":"max-video-preview:-1"},"canonical":"https:\/\/www.santafevalores.com\/index.php\/2022\/09\/30\/marcas-en-expansion-cada-semana-se-abre-un-nuevo-local-optimismo-se-impulsa-en-buenas-ventas\/","og_locale":"es_ES","og_type":"article","og_title":"Marcas en expansi\u00f3n: cada semana se abre un nuevo local. Optimismo se impulsa en buenas ventas - Santa Fe Casa de Valores S.A.","og_description":"Corporaci\u00f3n Favorita abri\u00f3 nuevos Supermaxi este 2022 que cumple 70 a\u00f1os en los que a extendido su presencia en seis pa\u00edses de Sudam\u00e9rica con 200 supermercados, 300 comercios, 14 centros comerciales, 16 plantas industriales y 10 centros de distribuci\u00f3n. Las inauguraciones de supermercados, de cafeter\u00edas, de tiendas de ropa o de calzado se han vuelto&hellip;","og_url":"https:\/\/www.santafevalores.com\/index.php\/2022\/09\/30\/marcas-en-expansion-cada-semana-se-abre-un-nuevo-local-optimismo-se-impulsa-en-buenas-ventas\/","og_site_name":"Santa Fe Casa de Valores S.A.","article_publisher":"https:\/\/www.facebook.com\/santafevalores\/","article_published_time":"2022-09-30T18:52:04+00:00","og_image":[{"width":1041,"height":542,"url":"https:\/\/www.santafevalores.com\/wp-content\/uploads\/2022\/09\/MARCAS-EXPANSION.jpg","type":"image\/jpeg"}],"author":"admin","twitter_card":"summary_large_image","twitter_creator":"@SantaFeValores","twitter_site":"@SantaFeValores","twitter_misc":{"Escrito por":"admin","Tiempo de lectura":"5 minutos"},"schema":{"@context":"https:\/\/schema.org","@graph":[{"@type":"Article","@id":"https:\/\/www.santafevalores.com\/index.php\/2022\/09\/30\/marcas-en-expansion-cada-semana-se-abre-un-nuevo-local-optimismo-se-impulsa-en-buenas-ventas\/#article","isPartOf":{"@id":"https:\/\/www.santafevalores.com\/index.php\/2022\/09\/30\/marcas-en-expansion-cada-semana-se-abre-un-nuevo-local-optimismo-se-impulsa-en-buenas-ventas\/"},"author":{"name":"admin","@id":"https:\/\/www.santafevalores.com\/#\/schema\/person\/d965a42370507d0a1638e69158bb5835"},"headline":"Marcas en expansi\u00f3n: cada semana se abre un nuevo local. Optimismo se impulsa en buenas ventas","datePublished":"2022-09-30T18:52:04+00:00","mainEntityOfPage":{"@id":"https:\/\/www.santafevalores.com\/index.php\/2022\/09\/30\/marcas-en-expansion-cada-semana-se-abre-un-nuevo-local-optimismo-se-impulsa-en-buenas-ventas\/"},"wordCount":864,"commentCount":0,"publisher":{"@id":"https:\/\/www.santafevalores.com\/#organization"},"image":{"@id":"https:\/\/www.santafevalores.com\/index.php\/2022\/09\/30\/marcas-en-expansion-cada-semana-se-abre-un-nuevo-local-optimismo-se-impulsa-en-buenas-ventas\/#primaryimage"},"thumbnailUrl":"https:\/\/www.santafevalores.com\/wp-content\/uploads\/2022\/09\/MARCAS-EXPANSION.jpg","inLanguage":"es","potentialAction":[{"@type":"CommentAction","name":"Comment","target":["https:\/\/www.santafevalores.com\/index.php\/2022\/09\/30\/marcas-en-expansion-cada-semana-se-abre-un-nuevo-local-optimismo-se-impulsa-en-buenas-ventas\/#respond"]}]},{"@type":"WebPage","@id":"https:\/\/www.santafevalores.com\/index.php\/2022\/09\/30\/marcas-en-expansion-cada-semana-se-abre-un-nuevo-local-optimismo-se-impulsa-en-buenas-ventas\/","url":"https:\/\/www.santafevalores.com\/index.php\/2022\/09\/30\/marcas-en-expansion-cada-semana-se-abre-un-nuevo-local-optimismo-se-impulsa-en-buenas-ventas\/","name":"Marcas en expansi\u00f3n: cada semana se abre un nuevo local. Optimismo se impulsa en buenas ventas - Santa Fe Casa de Valores S.A.","isPartOf":{"@id":"https:\/\/www.santafevalores.com\/#website"},"primaryImageOfPage":{"@id":"https:\/\/www.santafevalores.com\/index.php\/2022\/09\/30\/marcas-en-expansion-cada-semana-se-abre-un-nuevo-local-optimismo-se-impulsa-en-buenas-ventas\/#primaryimage"},"image":{"@id":"https:\/\/www.santafevalores.com\/index.php\/2022\/09\/30\/marcas-en-expansion-cada-semana-se-abre-un-nuevo-local-optimismo-se-impulsa-en-buenas-ventas\/#primaryimage"},"thumbnailUrl":"https:\/\/www.santafevalores.com\/wp-content\/uploads\/2022\/09\/MARCAS-EXPANSION.jpg","datePublished":"2022-09-30T18:52:04+00:00","breadcrumb":{"@id":"https:\/\/www.santafevalores.com\/index.php\/2022\/09\/30\/marcas-en-expansion-cada-semana-se-abre-un-nuevo-local-optimismo-se-impulsa-en-buenas-ventas\/#breadcrumb"},"inLanguage":"es","potentialAction":[{"@type":"ReadAction","target":["https:\/\/www.santafevalores.com\/index.php\/2022\/09\/30\/marcas-en-expansion-cada-semana-se-abre-un-nuevo-local-optimismo-se-impulsa-en-buenas-ventas\/"]}]},{"@type":"ImageObject","inLanguage":"es","@id":"https:\/\/www.santafevalores.com\/index.php\/2022\/09\/30\/marcas-en-expansion-cada-semana-se-abre-un-nuevo-local-optimismo-se-impulsa-en-buenas-ventas\/#primaryimage","url":"https:\/\/www.santafevalores.com\/wp-content\/uploads\/2022\/09\/MARCAS-EXPANSION.jpg","contentUrl":"https:\/\/www.santafevalores.com\/wp-content\/uploads\/2022\/09\/MARCAS-EXPANSION.jpg","width":1041,"height":542},{"@type":"BreadcrumbList","@id":"https:\/\/www.santafevalores.com\/index.php\/2022\/09\/30\/marcas-en-expansion-cada-semana-se-abre-un-nuevo-local-optimismo-se-impulsa-en-buenas-ventas\/#breadcrumb","itemListElement":[{"@type":"ListItem","position":1,"name":"Portada","item":"https:\/\/www.santafevalores.com\/"},{"@type":"ListItem","position":2,"name":"Marcas en expansi\u00f3n: cada semana se abre un nuevo local. Optimismo se impulsa en buenas ventas"}]},{"@type":"WebSite","@id":"https:\/\/www.santafevalores.com\/#website","url":"https:\/\/www.santafevalores.com\/","name":"Santa Fe Casa de Valores S.A.","description":"","publisher":{"@id":"https:\/\/www.santafevalores.com\/#organization"},"potentialAction":[{"@type":"SearchAction","target":{"@type":"EntryPoint","urlTemplate":"https:\/\/www.santafevalores.com\/?s={search_term_string}"},"query-input":{"@type":"PropertyValueSpecification","valueRequired":true,"valueName":"search_term_string"}}],"inLanguage":"es"},{"@type":"Organization","@id":"https:\/\/www.santafevalores.com\/#organization","name":"Santa Fe Casa de Valores S.A.","alternateName":"SANTAFEVALORES","url":"https:\/\/www.santafevalores.com\/","logo":{"@type":"ImageObject","inLanguage":"es","@id":"https:\/\/www.santafevalores.com\/#\/schema\/logo\/image\/","url":"https:\/\/www.santafevalores.com\/wp-content\/uploads\/2022\/06\/logo1.png","contentUrl":"https:\/\/www.santafevalores.com\/wp-content\/uploads\/2022\/06\/logo1.png","width":235,"height":71,"caption":"Santa Fe Casa de Valores S.A."},"image":{"@id":"https:\/\/www.santafevalores.com\/#\/schema\/logo\/image\/"},"sameAs":["https:\/\/www.facebook.com\/santafevalores\/","https:\/\/x.com\/SantaFeValores"]},{"@type":"Person","@id":"https:\/\/www.santafevalores.com\/#\/schema\/person\/d965a42370507d0a1638e69158bb5835","name":"admin","image":{"@type":"ImageObject","inLanguage":"es","@id":"https:\/\/secure.gravatar.com\/avatar\/97ec7f9eb6068ddac59d3806ca0034c167fce748f524adcfad8629911220756f?s=96&d=mm&r=g","url":"https:\/\/secure.gravatar.com\/avatar\/97ec7f9eb6068ddac59d3806ca0034c167fce748f524adcfad8629911220756f?s=96&d=mm&r=g","contentUrl":"https:\/\/secure.gravatar.com\/avatar\/97ec7f9eb6068ddac59d3806ca0034c167fce748f524adcfad8629911220756f?s=96&d=mm&r=g","caption":"admin"},"sameAs":["https:\/\/www.santafevalores.com"],"url":"https:\/\/www.santafevalores.com\/index.php\/author\/santafevaloresuio_ggv0vv79\/"}]}},"_links":{"self":[{"href":"https:\/\/www.santafevalores.com\/index.php\/wp-json\/wp\/v2\/posts\/65411","targetHints":{"allow":["GET"]}}],"collection":[{"href":"https:\/\/www.santafevalores.com\/index.php\/wp-json\/wp\/v2\/posts"}],"about":[{"href":"https:\/\/www.santafevalores.com\/index.php\/wp-json\/wp\/v2\/types\/post"}],"author":[{"embeddable":true,"href":"https:\/\/www.santafevalores.com\/index.php\/wp-json\/wp\/v2\/users\/1"}],"replies":[{"embeddable":true,"href":"https:\/\/www.santafevalores.com\/index.php\/wp-json\/wp\/v2\/comments?post=65411"}],"version-history":[{"count":0,"href":"https:\/\/www.santafevalores.com\/index.php\/wp-json\/wp\/v2\/posts\/65411\/revisions"}],"wp:featuredmedia":[{"embeddable":true,"href":"https:\/\/www.santafevalores.com\/index.php\/wp-json\/wp\/v2\/media\/65413"}],"wp:attachment":[{"href":"https:\/\/www.santafevalores.com\/index.php\/wp-json\/wp\/v2\/media?parent=65411"}],"wp:term":[{"taxonomy":"category","embeddable":true,"href":"https:\/\/www.santafevalores.com\/index.php\/wp-json\/wp\/v2\/categories?post=65411"},{"taxonomy":"post_tag","embeddable":true,"href":"https:\/\/www.santafevalores.com\/index.php\/wp-json\/wp\/v2\/tags?post=65411"}],"curies":[{"name":"wp","href":"https:\/\/api.w.org\/{rel}","templated":true}]}}