{"id":65419,"date":"2022-09-30T14:01:58","date_gmt":"2022-09-30T19:01:58","guid":{"rendered":"https:\/\/santafevalores.com\/?p=65419"},"modified":"2022-09-30T14:01:58","modified_gmt":"2022-09-30T19:01:58","slug":"ventas-del-comercio-electronico-en-ecuador-crecerian-25-en-proximos-anos","status":"publish","type":"post","link":"https:\/\/www.santafevalores.com\/index.php\/2022\/09\/30\/ventas-del-comercio-electronico-en-ecuador-crecerian-25-en-proximos-anos\/","title":{"rendered":"Ventas del comercio electr\u00f3nico en Ecuador crecer\u00edan 25% en pr\u00f3ximos a\u00f1os"},"content":{"rendered":"\t\t<div data-elementor-type=\"wp-post\" data-elementor-id=\"65419\" class=\"elementor elementor-65419\" data-elementor-post-type=\"post\">\n\t\t\t\t\t\t<section class=\"elementor-section elementor-top-section elementor-element elementor-element-f1ca525 elementor-section-boxed elementor-section-height-default elementor-section-height-default\" data-id=\"f1ca525\" data-element_type=\"section\" data-e-type=\"section\">\n\t\t\t\t\t\t<div class=\"elementor-container elementor-column-gap-default\">\n\t\t\t\t\t<div class=\"elementor-column elementor-col-100 elementor-top-column elementor-element elementor-element-a1f5205\" data-id=\"a1f5205\" data-element_type=\"column\" data-e-type=\"column\">\n\t\t\t<div class=\"elementor-widget-wrap elementor-element-populated\">\n\t\t\t\t\t\t<div class=\"elementor-element elementor-element-78f55eb elementor-widget elementor-widget-image\" data-id=\"78f55eb\" data-element_type=\"widget\" data-e-type=\"widget\" data-widget_type=\"image.default\">\n\t\t\t\t<div class=\"elementor-widget-container\">\n\t\t\t\t\t\t\t\t\t\t\t\t\t\t\t<img fetchpriority=\"high\" decoding=\"async\" width=\"1024\" height=\"683\" src=\"https:\/\/www.santafevalores.com\/wp-content\/uploads\/2022\/09\/VENTAS-COMERCIO-ELECTRONICO-1024x683.jpg\" class=\"attachment-large size-large wp-image-65421\" alt=\"\" srcset=\"https:\/\/www.santafevalores.com\/wp-content\/uploads\/2022\/09\/VENTAS-COMERCIO-ELECTRONICO-1024x683.jpg 1024w, https:\/\/www.santafevalores.com\/wp-content\/uploads\/2022\/09\/VENTAS-COMERCIO-ELECTRONICO-300x200.jpg 300w, https:\/\/www.santafevalores.com\/wp-content\/uploads\/2022\/09\/VENTAS-COMERCIO-ELECTRONICO-768x512.jpg 768w, https:\/\/www.santafevalores.com\/wp-content\/uploads\/2022\/09\/VENTAS-COMERCIO-ELECTRONICO.jpg 1440w\" sizes=\"(max-width: 1024px) 100vw, 1024px\" \/>\t\t\t\t\t\t\t\t\t\t\t\t\t\t\t<\/div>\n\t\t\t\t<\/div>\n\t\t\t\t\t<\/div>\n\t\t<\/div>\n\t\t\t\t\t<\/div>\n\t\t<\/section>\n\t\t\t\t<section class=\"elementor-section elementor-top-section elementor-element elementor-element-bfe0f4a elementor-section-boxed elementor-section-height-default elementor-section-height-default\" data-id=\"bfe0f4a\" data-element_type=\"section\" data-e-type=\"section\">\n\t\t\t\t\t\t<div class=\"elementor-container elementor-column-gap-default\">\n\t\t\t\t\t<div class=\"elementor-column elementor-col-100 elementor-top-column elementor-element elementor-element-682e7a5\" data-id=\"682e7a5\" data-element_type=\"column\" data-e-type=\"column\">\n\t\t\t<div class=\"elementor-widget-wrap elementor-element-populated\">\n\t\t\t\t\t\t<div class=\"elementor-element elementor-element-84c0c1b elementor-widget elementor-widget-text-editor\" data-id=\"84c0c1b\" data-element_type=\"widget\" data-e-type=\"widget\" data-widget_type=\"text-editor.default\">\n\t\t\t\t<div class=\"elementor-widget-container\">\n\t\t\t\t\t\t\t\t\t<p>Las ventas de este sector podr\u00edan acumular US$4.000 millones al cierre de 2022<\/p>\n<p>&nbsp; <br>Bloomberg L\u00ednea \u2014 La pandemia del Covid-19 cambio las tendencias de compra en Ecuador y Am\u00e9rica Latina. <b>El paso a las compras digitales se aceler\u00f3 producto de las restricciones de movilidad aplicadas por las autoridades sanitarias.<\/b><br>Tras esta coyuntura, las ventas del comercio electr\u00f3nico en el Ecuador crecieron y han mantenido su tendencia desde 2020, <b>cuando hubo un total de US$11.553 millones en transacciones digitales y US$1.679 millones de ventas en l\u00ednea.<\/b><br>Hasta el primer semestre de 2022, el monto de transacciones digitales fue por US$7.829 millones, <b>lo que significa que las ventas representan el 55% en n\u00famero y 56% en monto respecto a 2021 completo,<\/b> que cerr\u00f3 con un monto de transacciones de US$13.964 millones, con cifras de la Superintendencia de Bancos del Ecuador.<br>Entre tanto, <b>las transacciones de comercio electr\u00f3nico en el primer semestre del a\u00f1o llegaron a US$1.789 millones frente a US$2.570 millones totales del 2021, mostrando un avance del 4%,<\/b> seg\u00fan la C\u00e1mara de Comercio Electr\u00f3nico de Ecuador (CECE).<br><b>\u201cA pesar de las limitaciones que podr\u00edamos tener en t\u00e9rminos de penetraci\u00f3n de internet y uso del servicio, a\u00fan hay un espacio de crecimiento significativo en las transacciones digitales\u201d,<\/b> dijo Silvana Dakduk, investigadora internacional que particip\u00f3 del estudio.<\/p>\n<p>Sin embargo, estas cifras solo cuentan compras con tarjetas cr\u00e9dito, d\u00e9bito y prepagadas, <b>raz\u00f3n por la que los investigadores se\u00f1alaron que el total las ventas este a\u00f1o podr\u00eda llegar a US$4.000 millones, frente a los US$3.220 de 2021.<\/b><br>El estudio se\u00f1ala que solo para el retail nacional,<b> la firma Passport estima un crecimiento sostenido en promedio de U$150 millones anuales en su proyecci\u00f3n hacia 2025.<\/b><\/p>\n<p>\u201cEl aumento de su frecuencia de compras en l\u00ednea se debe a que es m\u00e1s r\u00e1pido y sencillo, <b>mientras que los que dijeron que disminuy\u00f3 su frecuencia de compra est\u00e1n declarando que tienen menos ingresos, es decir, que los factores inflacionarios y los efectos de la pandemia sobre el poder adquisitivo, est\u00e1 reflejando esto\u201d<\/b>, precis\u00f3 Dakduk.<br>Para 2022, las categor\u00edas de compras en l\u00ednea que se mantienen en tendencia son las de <b>Bienes Personales; Alimentos, Bebidas y Tabaco; Salud y Medicinas; y Servicios.<\/b><br>Canales de compra para el comercio electr\u00f3nico<\/p>\n<p>Los autores del estudio destacaron que <b>las redes sociales y las plataformas de mensajer\u00eda instant\u00e1nea ahora juegan un papel relevante en la motivaci\u00f3n para que un ecuatoriano compre en l\u00ednea<\/b>, distribuidas as\u00ed:<\/p>\n<p><b>Redes sociales:<\/b> 42%.<br><b>WhastApp:<\/b> 27%.<br><b>Sitio web:<\/b> 17%.<br><b>Otras aplicaciones:<\/b> 15%.<\/p>\n<p><b>Entre tanto, los medios de contacto principales para los clientes son:<\/b><\/p>\n<p><b>Correo electr\u00f3nico: <\/b>33%.<br><b>WhatsApp:<\/b> 30%.<br><b>Redes sociales:<\/b> 28%.<br><b>Plataformas de streaming: <\/b>6%.<\/p>\n<p><b>\u201cEl auge de las redes sociales como canal compra y la confianza en las marcas nacionales, muestran un panorama favorable para el crecimiento esperado del comercio electr\u00f3nico en Ecuador\u201d, precis\u00f3 la investigaci\u00f3n.<br>Dakduk dijo que los h\u00e1bitos actuales permiten confiar en predicciones de crecimiento de 25% del sector en los pr\u00f3ximo a\u00f1os, especialmente hacia 2025, \u201cpero lograrlo en un ambiente de satisfacci\u00f3n y fidelizaci\u00f3n de los clientes debe ser un compromiso de todos los miembros del ecosistema digital\u201d.<\/b><\/p><p><b>Las cifras de Am\u00e9rica Latina<\/b><\/p>\n<p>En Am\u00e9rica Latina hay <b>aproximadamente 300 millones de compradores digitales,<\/b> cifra que podr\u00eda crecer 20% hacia el 2025, seg\u00fan datos presentados por Statista.<\/p>\n<p>En cuanto a las ventas minoristas en l\u00ednea, <b>estas podr\u00edan pasar de US$85.000 millones de 2021 hacia los US$160.000 millones en 2025<\/b>, en un mercado que sigue siendo liderado por Brasil y M\u00e9xico, que concentran un 31% y 28% del sector, respectivamente.<\/p>\t\t\t\t\t\t\t\t<\/div>\n\t\t\t\t<\/div>\n\t\t\t\t\t<\/div>\n\t\t<\/div>\n\t\t\t\t\t<\/div>\n\t\t<\/section>\n\t\t\t\t<section class=\"elementor-section elementor-top-section elementor-element elementor-element-3ba0a25 elementor-section-boxed elementor-section-height-default elementor-section-height-default\" data-id=\"3ba0a25\" data-element_type=\"section\" data-e-type=\"section\">\n\t\t\t\t\t\t<div class=\"elementor-container elementor-column-gap-default\">\n\t\t\t\t\t<div class=\"elementor-column elementor-col-100 elementor-top-column elementor-element elementor-element-61f4916\" data-id=\"61f4916\" data-element_type=\"column\" data-e-type=\"column\">\n\t\t\t<div class=\"elementor-widget-wrap elementor-element-populated\">\n\t\t\t\t\t\t<div class=\"elementor-element elementor-element-5dc1180 elementor-headline--style-highlight elementor-widget elementor-widget-animated-headline\" data-id=\"5dc1180\" data-element_type=\"widget\" data-e-type=\"widget\" data-settings=\"{&quot;highlighted_text&quot;:&quot;reporta Bloomberg&quot;,&quot;headline_style&quot;:&quot;highlight&quot;,&quot;marker&quot;:&quot;circle&quot;,&quot;loop&quot;:&quot;yes&quot;,&quot;highlight_animation_duration&quot;:1200,&quot;highlight_iteration_delay&quot;:8000}\" data-widget_type=\"animated-headline.default\">\n\t\t\t\t<div class=\"elementor-widget-container\">\n\t\t\t\t\t\t\t\t<a href=\"https:\/\/www.bloomberglinea.com\/2022\/09\/29\/ventas-del-comercio-electronico-en-ecuador-crecerian-25-en-proximos-anos\/\" target=\"_blank\">\n\n\t\t\t\t\t<p class=\"elementor-headline\">\n\t\t\t\t\t<span class=\"elementor-headline-plain-text elementor-headline-text-wrapper\">Fuente:<\/span>\n\t\t\t\t<span class=\"elementor-headline-dynamic-wrapper elementor-headline-text-wrapper\">\n\t\t\t\t\t<span class=\"elementor-headline-dynamic-text elementor-headline-text-active\">reporta Bloomberg<\/span>\n\t\t\t\t<\/span>\n\t\t\t\t<\/p>\n\t\t<\/a>\t\t\t\t<\/div>\n\t\t\t\t<\/div>\n\t\t\t\t\t<\/div>\n\t\t<\/div>\n\t\t\t\t\t<\/div>\n\t\t<\/section>\n\t\t\t\t<\/div>\n\t\t","protected":false},"excerpt":{"rendered":"<p>Las ventas de este sector podr\u00edan acumular US$4.000 millones al cierre de 2022 &nbsp; Bloomberg L\u00ednea \u2014 La pandemia del Covid-19 cambio las tendencias de compra en Ecuador y Am\u00e9rica Latina. El paso a las compras digitales se aceler\u00f3 producto de las restricciones de movilidad aplicadas por las autoridades sanitarias.Tras esta coyuntura, las ventas del&hellip;<\/p>\n","protected":false},"author":1,"featured_media":65421,"comment_status":"open","ping_status":"closed","sticky":false,"template":"","format":"standard","meta":{"content-type":"","_joinchat":[],"footnotes":""},"categories":[4],"tags":[],"class_list":["post-65419","post","type-post","status-publish","format-standard","has-post-thumbnail","hentry","category-sin-categoria"],"yoast_head":"<!-- This site is optimized with the Yoast SEO plugin v27.5 - https:\/\/yoast.com\/product\/yoast-seo-wordpress\/ -->\n<title>Ventas del comercio electr\u00f3nico en Ecuador crecer\u00edan 25% en pr\u00f3ximos a\u00f1os - Santa Fe Casa de Valores S.A.<\/title>\n<meta name=\"robots\" content=\"index, follow, max-snippet:-1, max-image-preview:large, max-video-preview:-1\" \/>\n<link rel=\"canonical\" href=\"https:\/\/www.santafevalores.com\/index.php\/2022\/09\/30\/ventas-del-comercio-electronico-en-ecuador-crecerian-25-en-proximos-anos\/\" \/>\n<meta property=\"og:locale\" content=\"es_ES\" \/>\n<meta property=\"og:type\" content=\"article\" \/>\n<meta property=\"og:title\" content=\"Ventas del comercio electr\u00f3nico en Ecuador crecer\u00edan 25% en pr\u00f3ximos a\u00f1os - Santa Fe Casa de Valores S.A.\" \/>\n<meta property=\"og:description\" content=\"Las ventas de este sector podr\u00edan acumular US$4.000 millones al cierre de 2022 &nbsp; Bloomberg L\u00ednea \u2014 La pandemia del Covid-19 cambio las tendencias de compra en Ecuador y Am\u00e9rica Latina. El paso a las compras digitales se aceler\u00f3 producto de las restricciones de movilidad aplicadas por las autoridades sanitarias.Tras esta coyuntura, las ventas del&hellip;\" \/>\n<meta property=\"og:url\" content=\"https:\/\/www.santafevalores.com\/index.php\/2022\/09\/30\/ventas-del-comercio-electronico-en-ecuador-crecerian-25-en-proximos-anos\/\" \/>\n<meta property=\"og:site_name\" content=\"Santa Fe Casa de Valores S.A.\" \/>\n<meta property=\"article:publisher\" content=\"https:\/\/www.facebook.com\/santafevalores\/\" \/>\n<meta property=\"article:published_time\" content=\"2022-09-30T19:01:58+00:00\" \/>\n<meta property=\"og:image\" content=\"https:\/\/www.santafevalores.com\/wp-content\/uploads\/2022\/09\/VENTAS-COMERCIO-ELECTRONICO.jpg\" \/>\n\t<meta property=\"og:image:width\" content=\"1440\" \/>\n\t<meta property=\"og:image:height\" content=\"960\" \/>\n\t<meta property=\"og:image:type\" content=\"image\/jpeg\" \/>\n<meta name=\"author\" content=\"admin\" \/>\n<meta name=\"twitter:card\" content=\"summary_large_image\" \/>\n<meta name=\"twitter:creator\" content=\"@SantaFeValores\" \/>\n<meta name=\"twitter:site\" content=\"@SantaFeValores\" \/>\n<meta name=\"twitter:label1\" content=\"Escrito por\" \/>\n\t<meta name=\"twitter:data1\" content=\"admin\" \/>\n\t<meta name=\"twitter:label2\" content=\"Tiempo de lectura\" \/>\n\t<meta name=\"twitter:data2\" content=\"3 minutos\" \/>\n<script type=\"application\/ld+json\" class=\"yoast-schema-graph\">{\"@context\":\"https:\\\/\\\/schema.org\",\"@graph\":[{\"@type\":\"Article\",\"@id\":\"https:\\\/\\\/www.santafevalores.com\\\/index.php\\\/2022\\\/09\\\/30\\\/ventas-del-comercio-electronico-en-ecuador-crecerian-25-en-proximos-anos\\\/#article\",\"isPartOf\":{\"@id\":\"https:\\\/\\\/www.santafevalores.com\\\/index.php\\\/2022\\\/09\\\/30\\\/ventas-del-comercio-electronico-en-ecuador-crecerian-25-en-proximos-anos\\\/\"},\"author\":{\"name\":\"admin\",\"@id\":\"https:\\\/\\\/www.santafevalores.com\\\/#\\\/schema\\\/person\\\/d965a42370507d0a1638e69158bb5835\"},\"headline\":\"Ventas del comercio electr\u00f3nico en Ecuador crecer\u00edan 25% en pr\u00f3ximos a\u00f1os\",\"datePublished\":\"2022-09-30T19:01:58+00:00\",\"mainEntityOfPage\":{\"@id\":\"https:\\\/\\\/www.santafevalores.com\\\/index.php\\\/2022\\\/09\\\/30\\\/ventas-del-comercio-electronico-en-ecuador-crecerian-25-en-proximos-anos\\\/\"},\"wordCount\":621,\"commentCount\":0,\"publisher\":{\"@id\":\"https:\\\/\\\/www.santafevalores.com\\\/#organization\"},\"image\":{\"@id\":\"https:\\\/\\\/www.santafevalores.com\\\/index.php\\\/2022\\\/09\\\/30\\\/ventas-del-comercio-electronico-en-ecuador-crecerian-25-en-proximos-anos\\\/#primaryimage\"},\"thumbnailUrl\":\"https:\\\/\\\/www.santafevalores.com\\\/wp-content\\\/uploads\\\/2022\\\/09\\\/VENTAS-COMERCIO-ELECTRONICO.jpg\",\"inLanguage\":\"es\",\"potentialAction\":[{\"@type\":\"CommentAction\",\"name\":\"Comment\",\"target\":[\"https:\\\/\\\/www.santafevalores.com\\\/index.php\\\/2022\\\/09\\\/30\\\/ventas-del-comercio-electronico-en-ecuador-crecerian-25-en-proximos-anos\\\/#respond\"]}]},{\"@type\":\"WebPage\",\"@id\":\"https:\\\/\\\/www.santafevalores.com\\\/index.php\\\/2022\\\/09\\\/30\\\/ventas-del-comercio-electronico-en-ecuador-crecerian-25-en-proximos-anos\\\/\",\"url\":\"https:\\\/\\\/www.santafevalores.com\\\/index.php\\\/2022\\\/09\\\/30\\\/ventas-del-comercio-electronico-en-ecuador-crecerian-25-en-proximos-anos\\\/\",\"name\":\"Ventas del comercio electr\u00f3nico en Ecuador crecer\u00edan 25% en pr\u00f3ximos a\u00f1os - Santa Fe Casa de Valores S.A.\",\"isPartOf\":{\"@id\":\"https:\\\/\\\/www.santafevalores.com\\\/#website\"},\"primaryImageOfPage\":{\"@id\":\"https:\\\/\\\/www.santafevalores.com\\\/index.php\\\/2022\\\/09\\\/30\\\/ventas-del-comercio-electronico-en-ecuador-crecerian-25-en-proximos-anos\\\/#primaryimage\"},\"image\":{\"@id\":\"https:\\\/\\\/www.santafevalores.com\\\/index.php\\\/2022\\\/09\\\/30\\\/ventas-del-comercio-electronico-en-ecuador-crecerian-25-en-proximos-anos\\\/#primaryimage\"},\"thumbnailUrl\":\"https:\\\/\\\/www.santafevalores.com\\\/wp-content\\\/uploads\\\/2022\\\/09\\\/VENTAS-COMERCIO-ELECTRONICO.jpg\",\"datePublished\":\"2022-09-30T19:01:58+00:00\",\"breadcrumb\":{\"@id\":\"https:\\\/\\\/www.santafevalores.com\\\/index.php\\\/2022\\\/09\\\/30\\\/ventas-del-comercio-electronico-en-ecuador-crecerian-25-en-proximos-anos\\\/#breadcrumb\"},\"inLanguage\":\"es\",\"potentialAction\":[{\"@type\":\"ReadAction\",\"target\":[\"https:\\\/\\\/www.santafevalores.com\\\/index.php\\\/2022\\\/09\\\/30\\\/ventas-del-comercio-electronico-en-ecuador-crecerian-25-en-proximos-anos\\\/\"]}]},{\"@type\":\"ImageObject\",\"inLanguage\":\"es\",\"@id\":\"https:\\\/\\\/www.santafevalores.com\\\/index.php\\\/2022\\\/09\\\/30\\\/ventas-del-comercio-electronico-en-ecuador-crecerian-25-en-proximos-anos\\\/#primaryimage\",\"url\":\"https:\\\/\\\/www.santafevalores.com\\\/wp-content\\\/uploads\\\/2022\\\/09\\\/VENTAS-COMERCIO-ELECTRONICO.jpg\",\"contentUrl\":\"https:\\\/\\\/www.santafevalores.com\\\/wp-content\\\/uploads\\\/2022\\\/09\\\/VENTAS-COMERCIO-ELECTRONICO.jpg\",\"width\":1440,\"height\":960},{\"@type\":\"BreadcrumbList\",\"@id\":\"https:\\\/\\\/www.santafevalores.com\\\/index.php\\\/2022\\\/09\\\/30\\\/ventas-del-comercio-electronico-en-ecuador-crecerian-25-en-proximos-anos\\\/#breadcrumb\",\"itemListElement\":[{\"@type\":\"ListItem\",\"position\":1,\"name\":\"Portada\",\"item\":\"https:\\\/\\\/www.santafevalores.com\\\/\"},{\"@type\":\"ListItem\",\"position\":2,\"name\":\"Ventas del comercio electr\u00f3nico en Ecuador crecer\u00edan 25% en pr\u00f3ximos a\u00f1os\"}]},{\"@type\":\"WebSite\",\"@id\":\"https:\\\/\\\/www.santafevalores.com\\\/#website\",\"url\":\"https:\\\/\\\/www.santafevalores.com\\\/\",\"name\":\"Santa Fe Casa de Valores S.A.\",\"description\":\"\",\"publisher\":{\"@id\":\"https:\\\/\\\/www.santafevalores.com\\\/#organization\"},\"potentialAction\":[{\"@type\":\"SearchAction\",\"target\":{\"@type\":\"EntryPoint\",\"urlTemplate\":\"https:\\\/\\\/www.santafevalores.com\\\/?s={search_term_string}\"},\"query-input\":{\"@type\":\"PropertyValueSpecification\",\"valueRequired\":true,\"valueName\":\"search_term_string\"}}],\"inLanguage\":\"es\"},{\"@type\":\"Organization\",\"@id\":\"https:\\\/\\\/www.santafevalores.com\\\/#organization\",\"name\":\"Santa Fe Casa de Valores S.A.\",\"alternateName\":\"SANTAFEVALORES\",\"url\":\"https:\\\/\\\/www.santafevalores.com\\\/\",\"logo\":{\"@type\":\"ImageObject\",\"inLanguage\":\"es\",\"@id\":\"https:\\\/\\\/www.santafevalores.com\\\/#\\\/schema\\\/logo\\\/image\\\/\",\"url\":\"https:\\\/\\\/www.santafevalores.com\\\/wp-content\\\/uploads\\\/2022\\\/06\\\/logo1.png\",\"contentUrl\":\"https:\\\/\\\/www.santafevalores.com\\\/wp-content\\\/uploads\\\/2022\\\/06\\\/logo1.png\",\"width\":235,\"height\":71,\"caption\":\"Santa Fe Casa de Valores S.A.\"},\"image\":{\"@id\":\"https:\\\/\\\/www.santafevalores.com\\\/#\\\/schema\\\/logo\\\/image\\\/\"},\"sameAs\":[\"https:\\\/\\\/www.facebook.com\\\/santafevalores\\\/\",\"https:\\\/\\\/x.com\\\/SantaFeValores\"]},{\"@type\":\"Person\",\"@id\":\"https:\\\/\\\/www.santafevalores.com\\\/#\\\/schema\\\/person\\\/d965a42370507d0a1638e69158bb5835\",\"name\":\"admin\",\"image\":{\"@type\":\"ImageObject\",\"inLanguage\":\"es\",\"@id\":\"https:\\\/\\\/secure.gravatar.com\\\/avatar\\\/97ec7f9eb6068ddac59d3806ca0034c167fce748f524adcfad8629911220756f?s=96&d=mm&r=g\",\"url\":\"https:\\\/\\\/secure.gravatar.com\\\/avatar\\\/97ec7f9eb6068ddac59d3806ca0034c167fce748f524adcfad8629911220756f?s=96&d=mm&r=g\",\"contentUrl\":\"https:\\\/\\\/secure.gravatar.com\\\/avatar\\\/97ec7f9eb6068ddac59d3806ca0034c167fce748f524adcfad8629911220756f?s=96&d=mm&r=g\",\"caption\":\"admin\"},\"sameAs\":[\"https:\\\/\\\/www.santafevalores.com\"],\"url\":\"https:\\\/\\\/www.santafevalores.com\\\/index.php\\\/author\\\/santafevaloresuio_ggv0vv79\\\/\"}]}<\/script>\n<!-- \/ Yoast SEO plugin. -->","yoast_head_json":{"title":"Ventas del comercio electr\u00f3nico en Ecuador crecer\u00edan 25% en pr\u00f3ximos a\u00f1os - Santa Fe Casa de Valores S.A.","robots":{"index":"index","follow":"follow","max-snippet":"max-snippet:-1","max-image-preview":"max-image-preview:large","max-video-preview":"max-video-preview:-1"},"canonical":"https:\/\/www.santafevalores.com\/index.php\/2022\/09\/30\/ventas-del-comercio-electronico-en-ecuador-crecerian-25-en-proximos-anos\/","og_locale":"es_ES","og_type":"article","og_title":"Ventas del comercio electr\u00f3nico en Ecuador crecer\u00edan 25% en pr\u00f3ximos a\u00f1os - Santa Fe Casa de Valores S.A.","og_description":"Las ventas de este sector podr\u00edan acumular US$4.000 millones al cierre de 2022 &nbsp; Bloomberg L\u00ednea \u2014 La pandemia del Covid-19 cambio las tendencias de compra en Ecuador y Am\u00e9rica Latina. El paso a las compras digitales se aceler\u00f3 producto de las restricciones de movilidad aplicadas por las autoridades sanitarias.Tras esta coyuntura, las ventas del&hellip;","og_url":"https:\/\/www.santafevalores.com\/index.php\/2022\/09\/30\/ventas-del-comercio-electronico-en-ecuador-crecerian-25-en-proximos-anos\/","og_site_name":"Santa Fe Casa de Valores S.A.","article_publisher":"https:\/\/www.facebook.com\/santafevalores\/","article_published_time":"2022-09-30T19:01:58+00:00","og_image":[{"width":1440,"height":960,"url":"https:\/\/www.santafevalores.com\/wp-content\/uploads\/2022\/09\/VENTAS-COMERCIO-ELECTRONICO.jpg","type":"image\/jpeg"}],"author":"admin","twitter_card":"summary_large_image","twitter_creator":"@SantaFeValores","twitter_site":"@SantaFeValores","twitter_misc":{"Escrito por":"admin","Tiempo de lectura":"3 minutos"},"schema":{"@context":"https:\/\/schema.org","@graph":[{"@type":"Article","@id":"https:\/\/www.santafevalores.com\/index.php\/2022\/09\/30\/ventas-del-comercio-electronico-en-ecuador-crecerian-25-en-proximos-anos\/#article","isPartOf":{"@id":"https:\/\/www.santafevalores.com\/index.php\/2022\/09\/30\/ventas-del-comercio-electronico-en-ecuador-crecerian-25-en-proximos-anos\/"},"author":{"name":"admin","@id":"https:\/\/www.santafevalores.com\/#\/schema\/person\/d965a42370507d0a1638e69158bb5835"},"headline":"Ventas del comercio electr\u00f3nico en Ecuador crecer\u00edan 25% en pr\u00f3ximos a\u00f1os","datePublished":"2022-09-30T19:01:58+00:00","mainEntityOfPage":{"@id":"https:\/\/www.santafevalores.com\/index.php\/2022\/09\/30\/ventas-del-comercio-electronico-en-ecuador-crecerian-25-en-proximos-anos\/"},"wordCount":621,"commentCount":0,"publisher":{"@id":"https:\/\/www.santafevalores.com\/#organization"},"image":{"@id":"https:\/\/www.santafevalores.com\/index.php\/2022\/09\/30\/ventas-del-comercio-electronico-en-ecuador-crecerian-25-en-proximos-anos\/#primaryimage"},"thumbnailUrl":"https:\/\/www.santafevalores.com\/wp-content\/uploads\/2022\/09\/VENTAS-COMERCIO-ELECTRONICO.jpg","inLanguage":"es","potentialAction":[{"@type":"CommentAction","name":"Comment","target":["https:\/\/www.santafevalores.com\/index.php\/2022\/09\/30\/ventas-del-comercio-electronico-en-ecuador-crecerian-25-en-proximos-anos\/#respond"]}]},{"@type":"WebPage","@id":"https:\/\/www.santafevalores.com\/index.php\/2022\/09\/30\/ventas-del-comercio-electronico-en-ecuador-crecerian-25-en-proximos-anos\/","url":"https:\/\/www.santafevalores.com\/index.php\/2022\/09\/30\/ventas-del-comercio-electronico-en-ecuador-crecerian-25-en-proximos-anos\/","name":"Ventas del comercio electr\u00f3nico en Ecuador crecer\u00edan 25% en pr\u00f3ximos a\u00f1os - Santa Fe Casa de Valores S.A.","isPartOf":{"@id":"https:\/\/www.santafevalores.com\/#website"},"primaryImageOfPage":{"@id":"https:\/\/www.santafevalores.com\/index.php\/2022\/09\/30\/ventas-del-comercio-electronico-en-ecuador-crecerian-25-en-proximos-anos\/#primaryimage"},"image":{"@id":"https:\/\/www.santafevalores.com\/index.php\/2022\/09\/30\/ventas-del-comercio-electronico-en-ecuador-crecerian-25-en-proximos-anos\/#primaryimage"},"thumbnailUrl":"https:\/\/www.santafevalores.com\/wp-content\/uploads\/2022\/09\/VENTAS-COMERCIO-ELECTRONICO.jpg","datePublished":"2022-09-30T19:01:58+00:00","breadcrumb":{"@id":"https:\/\/www.santafevalores.com\/index.php\/2022\/09\/30\/ventas-del-comercio-electronico-en-ecuador-crecerian-25-en-proximos-anos\/#breadcrumb"},"inLanguage":"es","potentialAction":[{"@type":"ReadAction","target":["https:\/\/www.santafevalores.com\/index.php\/2022\/09\/30\/ventas-del-comercio-electronico-en-ecuador-crecerian-25-en-proximos-anos\/"]}]},{"@type":"ImageObject","inLanguage":"es","@id":"https:\/\/www.santafevalores.com\/index.php\/2022\/09\/30\/ventas-del-comercio-electronico-en-ecuador-crecerian-25-en-proximos-anos\/#primaryimage","url":"https:\/\/www.santafevalores.com\/wp-content\/uploads\/2022\/09\/VENTAS-COMERCIO-ELECTRONICO.jpg","contentUrl":"https:\/\/www.santafevalores.com\/wp-content\/uploads\/2022\/09\/VENTAS-COMERCIO-ELECTRONICO.jpg","width":1440,"height":960},{"@type":"BreadcrumbList","@id":"https:\/\/www.santafevalores.com\/index.php\/2022\/09\/30\/ventas-del-comercio-electronico-en-ecuador-crecerian-25-en-proximos-anos\/#breadcrumb","itemListElement":[{"@type":"ListItem","position":1,"name":"Portada","item":"https:\/\/www.santafevalores.com\/"},{"@type":"ListItem","position":2,"name":"Ventas del comercio electr\u00f3nico en Ecuador crecer\u00edan 25% en pr\u00f3ximos a\u00f1os"}]},{"@type":"WebSite","@id":"https:\/\/www.santafevalores.com\/#website","url":"https:\/\/www.santafevalores.com\/","name":"Santa Fe Casa de Valores S.A.","description":"","publisher":{"@id":"https:\/\/www.santafevalores.com\/#organization"},"potentialAction":[{"@type":"SearchAction","target":{"@type":"EntryPoint","urlTemplate":"https:\/\/www.santafevalores.com\/?s={search_term_string}"},"query-input":{"@type":"PropertyValueSpecification","valueRequired":true,"valueName":"search_term_string"}}],"inLanguage":"es"},{"@type":"Organization","@id":"https:\/\/www.santafevalores.com\/#organization","name":"Santa Fe Casa de Valores S.A.","alternateName":"SANTAFEVALORES","url":"https:\/\/www.santafevalores.com\/","logo":{"@type":"ImageObject","inLanguage":"es","@id":"https:\/\/www.santafevalores.com\/#\/schema\/logo\/image\/","url":"https:\/\/www.santafevalores.com\/wp-content\/uploads\/2022\/06\/logo1.png","contentUrl":"https:\/\/www.santafevalores.com\/wp-content\/uploads\/2022\/06\/logo1.png","width":235,"height":71,"caption":"Santa Fe Casa de Valores S.A."},"image":{"@id":"https:\/\/www.santafevalores.com\/#\/schema\/logo\/image\/"},"sameAs":["https:\/\/www.facebook.com\/santafevalores\/","https:\/\/x.com\/SantaFeValores"]},{"@type":"Person","@id":"https:\/\/www.santafevalores.com\/#\/schema\/person\/d965a42370507d0a1638e69158bb5835","name":"admin","image":{"@type":"ImageObject","inLanguage":"es","@id":"https:\/\/secure.gravatar.com\/avatar\/97ec7f9eb6068ddac59d3806ca0034c167fce748f524adcfad8629911220756f?s=96&d=mm&r=g","url":"https:\/\/secure.gravatar.com\/avatar\/97ec7f9eb6068ddac59d3806ca0034c167fce748f524adcfad8629911220756f?s=96&d=mm&r=g","contentUrl":"https:\/\/secure.gravatar.com\/avatar\/97ec7f9eb6068ddac59d3806ca0034c167fce748f524adcfad8629911220756f?s=96&d=mm&r=g","caption":"admin"},"sameAs":["https:\/\/www.santafevalores.com"],"url":"https:\/\/www.santafevalores.com\/index.php\/author\/santafevaloresuio_ggv0vv79\/"}]}},"_links":{"self":[{"href":"https:\/\/www.santafevalores.com\/index.php\/wp-json\/wp\/v2\/posts\/65419","targetHints":{"allow":["GET"]}}],"collection":[{"href":"https:\/\/www.santafevalores.com\/index.php\/wp-json\/wp\/v2\/posts"}],"about":[{"href":"https:\/\/www.santafevalores.com\/index.php\/wp-json\/wp\/v2\/types\/post"}],"author":[{"embeddable":true,"href":"https:\/\/www.santafevalores.com\/index.php\/wp-json\/wp\/v2\/users\/1"}],"replies":[{"embeddable":true,"href":"https:\/\/www.santafevalores.com\/index.php\/wp-json\/wp\/v2\/comments?post=65419"}],"version-history":[{"count":0,"href":"https:\/\/www.santafevalores.com\/index.php\/wp-json\/wp\/v2\/posts\/65419\/revisions"}],"wp:featuredmedia":[{"embeddable":true,"href":"https:\/\/www.santafevalores.com\/index.php\/wp-json\/wp\/v2\/media\/65421"}],"wp:attachment":[{"href":"https:\/\/www.santafevalores.com\/index.php\/wp-json\/wp\/v2\/media?parent=65419"}],"wp:term":[{"taxonomy":"category","embeddable":true,"href":"https:\/\/www.santafevalores.com\/index.php\/wp-json\/wp\/v2\/categories?post=65419"},{"taxonomy":"post_tag","embeddable":true,"href":"https:\/\/www.santafevalores.com\/index.php\/wp-json\/wp\/v2\/tags?post=65419"}],"curies":[{"name":"wp","href":"https:\/\/api.w.org\/{rel}","templated":true}]}}