{"id":65444,"date":"2022-10-03T13:50:16","date_gmt":"2022-10-03T18:50:16","guid":{"rendered":"https:\/\/santafevalores.com\/?p=65444"},"modified":"2022-10-03T13:50:16","modified_gmt":"2022-10-03T18:50:16","slug":"economia-ecuatoriana-se-desacelera-y-crece-17-en-segundo-trimestre-de-2022","status":"publish","type":"post","link":"https:\/\/www.santafevalores.com\/index.php\/2022\/10\/03\/economia-ecuatoriana-se-desacelera-y-crece-17-en-segundo-trimestre-de-2022\/","title":{"rendered":"Econom\u00eda ecuatoriana se desacelera y crece 1,7% en segundo trimestre de 2022"},"content":{"rendered":"\t\t<div data-elementor-type=\"wp-post\" data-elementor-id=\"65444\" class=\"elementor elementor-65444\" data-elementor-post-type=\"post\">\n\t\t\t\t\t\t<section class=\"elementor-section elementor-top-section elementor-element elementor-element-360197d elementor-section-boxed elementor-section-height-default elementor-section-height-default\" data-id=\"360197d\" data-element_type=\"section\" data-e-type=\"section\">\n\t\t\t\t\t\t<div class=\"elementor-container elementor-column-gap-default\">\n\t\t\t\t\t<div class=\"elementor-column elementor-col-100 elementor-top-column elementor-element elementor-element-6473e23\" data-id=\"6473e23\" data-element_type=\"column\" data-e-type=\"column\">\n\t\t\t<div class=\"elementor-widget-wrap elementor-element-populated\">\n\t\t\t\t\t\t<div class=\"elementor-element elementor-element-a53ab2a elementor-widget elementor-widget-image\" data-id=\"a53ab2a\" data-element_type=\"widget\" data-e-type=\"widget\" data-widget_type=\"image.default\">\n\t\t\t\t<div class=\"elementor-widget-container\">\n\t\t\t\t\t\t\t\t\t\t\t\t\t\t\t<img fetchpriority=\"high\" decoding=\"async\" width=\"1024\" height=\"683\" src=\"https:\/\/www.santafevalores.com\/wp-content\/uploads\/2022\/10\/economia-ecuatoriana-1024x683.jpg\" class=\"attachment-large size-large wp-image-65446\" alt=\"economia-ecuatoriana\" srcset=\"https:\/\/www.santafevalores.com\/wp-content\/uploads\/2022\/10\/economia-ecuatoriana-1024x683.jpg 1024w, https:\/\/www.santafevalores.com\/wp-content\/uploads\/2022\/10\/economia-ecuatoriana-300x200.jpg 300w, https:\/\/www.santafevalores.com\/wp-content\/uploads\/2022\/10\/economia-ecuatoriana-768x513.jpg 768w, https:\/\/www.santafevalores.com\/wp-content\/uploads\/2022\/10\/economia-ecuatoriana.jpg 1440w\" sizes=\"(max-width: 1024px) 100vw, 1024px\" \/>\t\t\t\t\t\t\t\t\t\t\t\t\t\t\t<\/div>\n\t\t\t\t<\/div>\n\t\t\t\t\t<\/div>\n\t\t<\/div>\n\t\t\t\t\t<\/div>\n\t\t<\/section>\n\t\t\t\t<section class=\"elementor-section elementor-top-section elementor-element elementor-element-0c07544 elementor-section-boxed elementor-section-height-default elementor-section-height-default\" data-id=\"0c07544\" data-element_type=\"section\" data-e-type=\"section\">\n\t\t\t\t\t\t<div class=\"elementor-container elementor-column-gap-default\">\n\t\t\t\t\t<div class=\"elementor-column elementor-col-100 elementor-top-column elementor-element elementor-element-03a9e60\" data-id=\"03a9e60\" data-element_type=\"column\" data-e-type=\"column\">\n\t\t\t<div class=\"elementor-widget-wrap elementor-element-populated\">\n\t\t\t\t\t\t<div class=\"elementor-element elementor-element-ff29705 elementor-widget elementor-widget-text-editor\" data-id=\"ff29705\" data-element_type=\"widget\" data-e-type=\"widget\" data-widget_type=\"text-editor.default\">\n\t\t\t\t<div class=\"elementor-widget-container\">\n\t\t\t\t\t\t\t\t\t<p>Las Cuentas Nacionales publicadas por el BCE enfatizan en los impactos de las movilizaciones de junio. La proyecci\u00f3n de crecimiento este a\u00f1o se revis\u00f3 a la baja.<\/p><p><br>Bloomberg L\u00ednea \u2014 El Banco Central de Ecuador public\u00f3 este viernes los resultados econ\u00f3micos del segundo trimestre de 2022, <b>en los que la econom\u00eda creci\u00f3 1,7% respecto al mismo per\u00edodo de 2021, y 0,1% con relaci\u00f3n al trimestre anterior, cuando el crecimiento fue de 3,8%.<\/b><br><b>El crecimiento interanual de la econom\u00eda fue la respuesta de los rubros del Consumo de los Hogares en 4,9%; la Formaci\u00f3n Bruta de Capital Fijo en 3,1%; y el Gasto del Gobierno en 2,4%.<\/b> Entre tanto, las importaciones crecieron en 7,2% y las exportaciones se contrajeron en 0,1%, entre abril y junio de 2022.<\/p>\n<p>La variaci\u00f3n de 0,1% entre el primer y el segundo trimestre de este a\u00f1o, seg\u00fan el BCE, fue el resultado de las contracciones de <b>Gasto del Gobierno (-1,6%), Formaci\u00f3n Bruta de Capital Fijo (-2,1%) y de las Importaciones (-4,1%),<\/b> mientras que el Consumo de los Hogares aument\u00f3 ligeramente en 0,3% y las Exportaciones crecieron en 2,6%.<br><b>\u201cEsta desaceleraci\u00f3n ocurri\u00f3 debido a los efectos perjudiciales ocasionados por las paralizaciones del pasado mes de junio\u201d,<\/b> precis\u00f3 el emisor en un comunicado.<br>PIB Ecuador segundo trimestre 2022PIB de Ecuador por trimestres en millones de d\u00f3lares.(Fuente: BCE.)<\/p>\n<p><b>Estos fueron los sectores m\u00e1s destacados en los resultados econ\u00f3micos del segundo trimestre de 2022 en Ecuador y su variaci\u00f3n positiva en el PIB:<\/b><\/p>\n<p>Acuicultura y pesca de camar\u00f3n en 20,3%.<br>Alojamiento y servicios de comida en 7,9%.<br>Comunicaciones en 5,8%.<br>Suministro de electricidad y agua en 5,5%.<br>Transporte en 5,0%.<br>Comercio en 4,3%.<\/p>\n<p>\u201cComo consecuencia de los eventos ocurridos en el mes de junio y otros factores que inciden en el crecimiento <b>econ\u00f3mico, el Banco Central del Ecuador actualiz\u00f3 a la baja su previsi\u00f3n de crecimiento para el a\u00f1o 2022 a 2,7%, lo que representa una reducci\u00f3n de 0,1% respecto a la previsi\u00f3n anterior de 2,8%\u201d,<\/b> destac\u00f3 el emisor.<\/p><p><br><b>El impacto de las movilizaciones sociales de junio<\/b><\/p>\n<p>El BCE se\u00f1al\u00f3 que para estimar los impactos econ\u00f3micos de estas paralizaciones realiz\u00f3 una <b>\u201cestimaci\u00f3n de p\u00e9rdidas econ\u00f3micas y da\u00f1os con asistencia t\u00e9cnica del Banco Mundial, manteniendo la misma metodolog\u00eda utilizada para la cuantificaci\u00f3n de p\u00e9rdidas y da\u00f1os del paro nacional de 2019\u2033.<\/b><\/p>\n<p>Como resultado,<b> las p\u00e9rdidas para la econom\u00eda ascendieron a US$1.115 millones,<\/b> de los cuales US$330 millones correspondieron a p\u00e9rdidas y da\u00f1os en el sector petrolero y US$785 millones al sector no petrolero.<br>En cuanto a los da\u00f1os y p\u00e9rdidas en las zonas donde hubo paralizaciones, estas se cuantificaron en US$281,6 millones en el sector p\u00fablico y US$833,8 millones en el sector privado. Estas movilizaciones sociales terminaron con un saldo de siete ciudadanos fallecidos, seis de ellos manifestantes.<\/p>\t\t\t\t\t\t\t\t<\/div>\n\t\t\t\t<\/div>\n\t\t\t\t\t<\/div>\n\t\t<\/div>\n\t\t\t\t\t<\/div>\n\t\t<\/section>\n\t\t\t\t<section class=\"elementor-section elementor-top-section elementor-element elementor-element-e0f86dc elementor-section-boxed elementor-section-height-default elementor-section-height-default\" data-id=\"e0f86dc\" data-element_type=\"section\" data-e-type=\"section\">\n\t\t\t\t\t\t<div class=\"elementor-container elementor-column-gap-default\">\n\t\t\t\t\t<div class=\"elementor-column elementor-col-100 elementor-top-column elementor-element elementor-element-3005059\" data-id=\"3005059\" data-element_type=\"column\" data-e-type=\"column\">\n\t\t\t<div class=\"elementor-widget-wrap elementor-element-populated\">\n\t\t\t\t\t\t<div class=\"elementor-element elementor-element-0ccc1db elementor-headline--style-highlight elementor-widget elementor-widget-animated-headline\" data-id=\"0ccc1db\" data-element_type=\"widget\" data-e-type=\"widget\" data-settings=\"{&quot;highlighted_text&quot;:&quot;reporta Bloomberg&quot;,&quot;headline_style&quot;:&quot;highlight&quot;,&quot;marker&quot;:&quot;circle&quot;,&quot;loop&quot;:&quot;yes&quot;,&quot;highlight_animation_duration&quot;:1200,&quot;highlight_iteration_delay&quot;:8000}\" data-widget_type=\"animated-headline.default\">\n\t\t\t\t<div class=\"elementor-widget-container\">\n\t\t\t\t\t\t\t\t<a href=\"https:\/\/www.bloomberglinea.com\/2022\/09\/30\/economia-ecuatoriana-se-desacelera-y-crece-17-en-segundo-trimestre-de-2022\/\" target=\"_blank\">\n\n\t\t\t\t\t<p class=\"elementor-headline\">\n\t\t\t\t\t<span class=\"elementor-headline-plain-text elementor-headline-text-wrapper\">Fuente:<\/span>\n\t\t\t\t<span class=\"elementor-headline-dynamic-wrapper elementor-headline-text-wrapper\">\n\t\t\t\t\t<span class=\"elementor-headline-dynamic-text elementor-headline-text-active\">reporta Bloomberg<\/span>\n\t\t\t\t<\/span>\n\t\t\t\t<\/p>\n\t\t<\/a>\t\t\t\t<\/div>\n\t\t\t\t<\/div>\n\t\t\t\t\t<\/div>\n\t\t<\/div>\n\t\t\t\t\t<\/div>\n\t\t<\/section>\n\t\t\t\t<\/div>\n\t\t","protected":false},"excerpt":{"rendered":"<p>Las Cuentas Nacionales publicadas por el BCE enfatizan en los impactos de las movilizaciones de junio. La proyecci\u00f3n de crecimiento este a\u00f1o se revis\u00f3 a la baja. Bloomberg L\u00ednea \u2014 El Banco Central de Ecuador public\u00f3 este viernes los resultados econ\u00f3micos del segundo trimestre de 2022, en los que la econom\u00eda creci\u00f3 1,7% respecto al&hellip;<\/p>\n","protected":false},"author":1,"featured_media":65446,"comment_status":"open","ping_status":"closed","sticky":false,"template":"","format":"standard","meta":{"content-type":"","_joinchat":[],"footnotes":""},"categories":[4],"tags":[],"class_list":["post-65444","post","type-post","status-publish","format-standard","has-post-thumbnail","hentry","category-sin-categoria"],"yoast_head":"<!-- This site is optimized with the Yoast SEO plugin v27.5 - https:\/\/yoast.com\/product\/yoast-seo-wordpress\/ -->\n<title>Econom\u00eda ecuatoriana se desacelera y crece 1,7% en segundo trimestre de 2022 - Santa Fe Casa de Valores S.A.<\/title>\n<meta name=\"robots\" content=\"index, follow, max-snippet:-1, max-image-preview:large, max-video-preview:-1\" \/>\n<link rel=\"canonical\" href=\"https:\/\/www.santafevalores.com\/index.php\/2022\/10\/03\/economia-ecuatoriana-se-desacelera-y-crece-17-en-segundo-trimestre-de-2022\/\" \/>\n<meta property=\"og:locale\" content=\"es_ES\" \/>\n<meta property=\"og:type\" content=\"article\" \/>\n<meta property=\"og:title\" content=\"Econom\u00eda ecuatoriana se desacelera y crece 1,7% en segundo trimestre de 2022 - Santa Fe Casa de Valores S.A.\" \/>\n<meta property=\"og:description\" content=\"Las Cuentas Nacionales publicadas por el BCE enfatizan en los impactos de las movilizaciones de junio. La proyecci\u00f3n de crecimiento este a\u00f1o se revis\u00f3 a la baja. Bloomberg L\u00ednea \u2014 El Banco Central de Ecuador public\u00f3 este viernes los resultados econ\u00f3micos del segundo trimestre de 2022, en los que la econom\u00eda creci\u00f3 1,7% respecto al&hellip;\" \/>\n<meta property=\"og:url\" content=\"https:\/\/www.santafevalores.com\/index.php\/2022\/10\/03\/economia-ecuatoriana-se-desacelera-y-crece-17-en-segundo-trimestre-de-2022\/\" \/>\n<meta property=\"og:site_name\" content=\"Santa Fe Casa de Valores S.A.\" \/>\n<meta property=\"article:publisher\" content=\"https:\/\/www.facebook.com\/santafevalores\/\" \/>\n<meta property=\"article:published_time\" content=\"2022-10-03T18:50:16+00:00\" \/>\n<meta property=\"og:image\" content=\"https:\/\/www.santafevalores.com\/wp-content\/uploads\/2022\/10\/economia-ecuatoriana.jpg\" \/>\n\t<meta property=\"og:image:width\" content=\"1440\" \/>\n\t<meta property=\"og:image:height\" content=\"961\" \/>\n\t<meta property=\"og:image:type\" content=\"image\/jpeg\" \/>\n<meta name=\"author\" content=\"admin\" \/>\n<meta name=\"twitter:card\" content=\"summary_large_image\" \/>\n<meta name=\"twitter:creator\" content=\"@SantaFeValores\" \/>\n<meta name=\"twitter:site\" content=\"@SantaFeValores\" \/>\n<meta name=\"twitter:label1\" content=\"Escrito por\" \/>\n\t<meta name=\"twitter:data1\" content=\"admin\" \/>\n\t<meta name=\"twitter:label2\" content=\"Tiempo de lectura\" \/>\n\t<meta name=\"twitter:data2\" content=\"3 minutos\" \/>\n<script type=\"application\/ld+json\" class=\"yoast-schema-graph\">{\"@context\":\"https:\\\/\\\/schema.org\",\"@graph\":[{\"@type\":\"Article\",\"@id\":\"https:\\\/\\\/www.santafevalores.com\\\/index.php\\\/2022\\\/10\\\/03\\\/economia-ecuatoriana-se-desacelera-y-crece-17-en-segundo-trimestre-de-2022\\\/#article\",\"isPartOf\":{\"@id\":\"https:\\\/\\\/www.santafevalores.com\\\/index.php\\\/2022\\\/10\\\/03\\\/economia-ecuatoriana-se-desacelera-y-crece-17-en-segundo-trimestre-de-2022\\\/\"},\"author\":{\"name\":\"admin\",\"@id\":\"https:\\\/\\\/www.santafevalores.com\\\/#\\\/schema\\\/person\\\/d965a42370507d0a1638e69158bb5835\"},\"headline\":\"Econom\u00eda ecuatoriana se desacelera y crece 1,7% en segundo trimestre de 2022\",\"datePublished\":\"2022-10-03T18:50:16+00:00\",\"mainEntityOfPage\":{\"@id\":\"https:\\\/\\\/www.santafevalores.com\\\/index.php\\\/2022\\\/10\\\/03\\\/economia-ecuatoriana-se-desacelera-y-crece-17-en-segundo-trimestre-de-2022\\\/\"},\"wordCount\":487,\"commentCount\":0,\"publisher\":{\"@id\":\"https:\\\/\\\/www.santafevalores.com\\\/#organization\"},\"image\":{\"@id\":\"https:\\\/\\\/www.santafevalores.com\\\/index.php\\\/2022\\\/10\\\/03\\\/economia-ecuatoriana-se-desacelera-y-crece-17-en-segundo-trimestre-de-2022\\\/#primaryimage\"},\"thumbnailUrl\":\"https:\\\/\\\/www.santafevalores.com\\\/wp-content\\\/uploads\\\/2022\\\/10\\\/economia-ecuatoriana.jpg\",\"inLanguage\":\"es\",\"potentialAction\":[{\"@type\":\"CommentAction\",\"name\":\"Comment\",\"target\":[\"https:\\\/\\\/www.santafevalores.com\\\/index.php\\\/2022\\\/10\\\/03\\\/economia-ecuatoriana-se-desacelera-y-crece-17-en-segundo-trimestre-de-2022\\\/#respond\"]}]},{\"@type\":\"WebPage\",\"@id\":\"https:\\\/\\\/www.santafevalores.com\\\/index.php\\\/2022\\\/10\\\/03\\\/economia-ecuatoriana-se-desacelera-y-crece-17-en-segundo-trimestre-de-2022\\\/\",\"url\":\"https:\\\/\\\/www.santafevalores.com\\\/index.php\\\/2022\\\/10\\\/03\\\/economia-ecuatoriana-se-desacelera-y-crece-17-en-segundo-trimestre-de-2022\\\/\",\"name\":\"Econom\u00eda ecuatoriana se desacelera y crece 1,7% en segundo trimestre de 2022 - Santa Fe Casa de Valores S.A.\",\"isPartOf\":{\"@id\":\"https:\\\/\\\/www.santafevalores.com\\\/#website\"},\"primaryImageOfPage\":{\"@id\":\"https:\\\/\\\/www.santafevalores.com\\\/index.php\\\/2022\\\/10\\\/03\\\/economia-ecuatoriana-se-desacelera-y-crece-17-en-segundo-trimestre-de-2022\\\/#primaryimage\"},\"image\":{\"@id\":\"https:\\\/\\\/www.santafevalores.com\\\/index.php\\\/2022\\\/10\\\/03\\\/economia-ecuatoriana-se-desacelera-y-crece-17-en-segundo-trimestre-de-2022\\\/#primaryimage\"},\"thumbnailUrl\":\"https:\\\/\\\/www.santafevalores.com\\\/wp-content\\\/uploads\\\/2022\\\/10\\\/economia-ecuatoriana.jpg\",\"datePublished\":\"2022-10-03T18:50:16+00:00\",\"breadcrumb\":{\"@id\":\"https:\\\/\\\/www.santafevalores.com\\\/index.php\\\/2022\\\/10\\\/03\\\/economia-ecuatoriana-se-desacelera-y-crece-17-en-segundo-trimestre-de-2022\\\/#breadcrumb\"},\"inLanguage\":\"es\",\"potentialAction\":[{\"@type\":\"ReadAction\",\"target\":[\"https:\\\/\\\/www.santafevalores.com\\\/index.php\\\/2022\\\/10\\\/03\\\/economia-ecuatoriana-se-desacelera-y-crece-17-en-segundo-trimestre-de-2022\\\/\"]}]},{\"@type\":\"ImageObject\",\"inLanguage\":\"es\",\"@id\":\"https:\\\/\\\/www.santafevalores.com\\\/index.php\\\/2022\\\/10\\\/03\\\/economia-ecuatoriana-se-desacelera-y-crece-17-en-segundo-trimestre-de-2022\\\/#primaryimage\",\"url\":\"https:\\\/\\\/www.santafevalores.com\\\/wp-content\\\/uploads\\\/2022\\\/10\\\/economia-ecuatoriana.jpg\",\"contentUrl\":\"https:\\\/\\\/www.santafevalores.com\\\/wp-content\\\/uploads\\\/2022\\\/10\\\/economia-ecuatoriana.jpg\",\"width\":1440,\"height\":961,\"caption\":\"economia-ecuatoriana\"},{\"@type\":\"BreadcrumbList\",\"@id\":\"https:\\\/\\\/www.santafevalores.com\\\/index.php\\\/2022\\\/10\\\/03\\\/economia-ecuatoriana-se-desacelera-y-crece-17-en-segundo-trimestre-de-2022\\\/#breadcrumb\",\"itemListElement\":[{\"@type\":\"ListItem\",\"position\":1,\"name\":\"Portada\",\"item\":\"https:\\\/\\\/www.santafevalores.com\\\/\"},{\"@type\":\"ListItem\",\"position\":2,\"name\":\"Econom\u00eda ecuatoriana se desacelera y crece 1,7% en segundo trimestre de 2022\"}]},{\"@type\":\"WebSite\",\"@id\":\"https:\\\/\\\/www.santafevalores.com\\\/#website\",\"url\":\"https:\\\/\\\/www.santafevalores.com\\\/\",\"name\":\"Santa Fe Casa de Valores S.A.\",\"description\":\"\",\"publisher\":{\"@id\":\"https:\\\/\\\/www.santafevalores.com\\\/#organization\"},\"potentialAction\":[{\"@type\":\"SearchAction\",\"target\":{\"@type\":\"EntryPoint\",\"urlTemplate\":\"https:\\\/\\\/www.santafevalores.com\\\/?s={search_term_string}\"},\"query-input\":{\"@type\":\"PropertyValueSpecification\",\"valueRequired\":true,\"valueName\":\"search_term_string\"}}],\"inLanguage\":\"es\"},{\"@type\":\"Organization\",\"@id\":\"https:\\\/\\\/www.santafevalores.com\\\/#organization\",\"name\":\"Santa Fe Casa de Valores S.A.\",\"alternateName\":\"SANTAFEVALORES\",\"url\":\"https:\\\/\\\/www.santafevalores.com\\\/\",\"logo\":{\"@type\":\"ImageObject\",\"inLanguage\":\"es\",\"@id\":\"https:\\\/\\\/www.santafevalores.com\\\/#\\\/schema\\\/logo\\\/image\\\/\",\"url\":\"https:\\\/\\\/www.santafevalores.com\\\/wp-content\\\/uploads\\\/2022\\\/06\\\/logo1.png\",\"contentUrl\":\"https:\\\/\\\/www.santafevalores.com\\\/wp-content\\\/uploads\\\/2022\\\/06\\\/logo1.png\",\"width\":235,\"height\":71,\"caption\":\"Santa Fe Casa de Valores S.A.\"},\"image\":{\"@id\":\"https:\\\/\\\/www.santafevalores.com\\\/#\\\/schema\\\/logo\\\/image\\\/\"},\"sameAs\":[\"https:\\\/\\\/www.facebook.com\\\/santafevalores\\\/\",\"https:\\\/\\\/x.com\\\/SantaFeValores\"]},{\"@type\":\"Person\",\"@id\":\"https:\\\/\\\/www.santafevalores.com\\\/#\\\/schema\\\/person\\\/d965a42370507d0a1638e69158bb5835\",\"name\":\"admin\",\"image\":{\"@type\":\"ImageObject\",\"inLanguage\":\"es\",\"@id\":\"https:\\\/\\\/secure.gravatar.com\\\/avatar\\\/97ec7f9eb6068ddac59d3806ca0034c167fce748f524adcfad8629911220756f?s=96&d=mm&r=g\",\"url\":\"https:\\\/\\\/secure.gravatar.com\\\/avatar\\\/97ec7f9eb6068ddac59d3806ca0034c167fce748f524adcfad8629911220756f?s=96&d=mm&r=g\",\"contentUrl\":\"https:\\\/\\\/secure.gravatar.com\\\/avatar\\\/97ec7f9eb6068ddac59d3806ca0034c167fce748f524adcfad8629911220756f?s=96&d=mm&r=g\",\"caption\":\"admin\"},\"sameAs\":[\"https:\\\/\\\/www.santafevalores.com\"],\"url\":\"https:\\\/\\\/www.santafevalores.com\\\/index.php\\\/author\\\/santafevaloresuio_ggv0vv79\\\/\"}]}<\/script>\n<!-- \/ Yoast SEO plugin. -->","yoast_head_json":{"title":"Econom\u00eda ecuatoriana se desacelera y crece 1,7% en segundo trimestre de 2022 - Santa Fe Casa de Valores S.A.","robots":{"index":"index","follow":"follow","max-snippet":"max-snippet:-1","max-image-preview":"max-image-preview:large","max-video-preview":"max-video-preview:-1"},"canonical":"https:\/\/www.santafevalores.com\/index.php\/2022\/10\/03\/economia-ecuatoriana-se-desacelera-y-crece-17-en-segundo-trimestre-de-2022\/","og_locale":"es_ES","og_type":"article","og_title":"Econom\u00eda ecuatoriana se desacelera y crece 1,7% en segundo trimestre de 2022 - Santa Fe Casa de Valores S.A.","og_description":"Las Cuentas Nacionales publicadas por el BCE enfatizan en los impactos de las movilizaciones de junio. La proyecci\u00f3n de crecimiento este a\u00f1o se revis\u00f3 a la baja. Bloomberg L\u00ednea \u2014 El Banco Central de Ecuador public\u00f3 este viernes los resultados econ\u00f3micos del segundo trimestre de 2022, en los que la econom\u00eda creci\u00f3 1,7% respecto al&hellip;","og_url":"https:\/\/www.santafevalores.com\/index.php\/2022\/10\/03\/economia-ecuatoriana-se-desacelera-y-crece-17-en-segundo-trimestre-de-2022\/","og_site_name":"Santa Fe Casa de Valores S.A.","article_publisher":"https:\/\/www.facebook.com\/santafevalores\/","article_published_time":"2022-10-03T18:50:16+00:00","og_image":[{"width":1440,"height":961,"url":"https:\/\/www.santafevalores.com\/wp-content\/uploads\/2022\/10\/economia-ecuatoriana.jpg","type":"image\/jpeg"}],"author":"admin","twitter_card":"summary_large_image","twitter_creator":"@SantaFeValores","twitter_site":"@SantaFeValores","twitter_misc":{"Escrito por":"admin","Tiempo de lectura":"3 minutos"},"schema":{"@context":"https:\/\/schema.org","@graph":[{"@type":"Article","@id":"https:\/\/www.santafevalores.com\/index.php\/2022\/10\/03\/economia-ecuatoriana-se-desacelera-y-crece-17-en-segundo-trimestre-de-2022\/#article","isPartOf":{"@id":"https:\/\/www.santafevalores.com\/index.php\/2022\/10\/03\/economia-ecuatoriana-se-desacelera-y-crece-17-en-segundo-trimestre-de-2022\/"},"author":{"name":"admin","@id":"https:\/\/www.santafevalores.com\/#\/schema\/person\/d965a42370507d0a1638e69158bb5835"},"headline":"Econom\u00eda ecuatoriana se desacelera y crece 1,7% en segundo trimestre de 2022","datePublished":"2022-10-03T18:50:16+00:00","mainEntityOfPage":{"@id":"https:\/\/www.santafevalores.com\/index.php\/2022\/10\/03\/economia-ecuatoriana-se-desacelera-y-crece-17-en-segundo-trimestre-de-2022\/"},"wordCount":487,"commentCount":0,"publisher":{"@id":"https:\/\/www.santafevalores.com\/#organization"},"image":{"@id":"https:\/\/www.santafevalores.com\/index.php\/2022\/10\/03\/economia-ecuatoriana-se-desacelera-y-crece-17-en-segundo-trimestre-de-2022\/#primaryimage"},"thumbnailUrl":"https:\/\/www.santafevalores.com\/wp-content\/uploads\/2022\/10\/economia-ecuatoriana.jpg","inLanguage":"es","potentialAction":[{"@type":"CommentAction","name":"Comment","target":["https:\/\/www.santafevalores.com\/index.php\/2022\/10\/03\/economia-ecuatoriana-se-desacelera-y-crece-17-en-segundo-trimestre-de-2022\/#respond"]}]},{"@type":"WebPage","@id":"https:\/\/www.santafevalores.com\/index.php\/2022\/10\/03\/economia-ecuatoriana-se-desacelera-y-crece-17-en-segundo-trimestre-de-2022\/","url":"https:\/\/www.santafevalores.com\/index.php\/2022\/10\/03\/economia-ecuatoriana-se-desacelera-y-crece-17-en-segundo-trimestre-de-2022\/","name":"Econom\u00eda ecuatoriana se desacelera y crece 1,7% en segundo trimestre de 2022 - Santa Fe Casa de Valores S.A.","isPartOf":{"@id":"https:\/\/www.santafevalores.com\/#website"},"primaryImageOfPage":{"@id":"https:\/\/www.santafevalores.com\/index.php\/2022\/10\/03\/economia-ecuatoriana-se-desacelera-y-crece-17-en-segundo-trimestre-de-2022\/#primaryimage"},"image":{"@id":"https:\/\/www.santafevalores.com\/index.php\/2022\/10\/03\/economia-ecuatoriana-se-desacelera-y-crece-17-en-segundo-trimestre-de-2022\/#primaryimage"},"thumbnailUrl":"https:\/\/www.santafevalores.com\/wp-content\/uploads\/2022\/10\/economia-ecuatoriana.jpg","datePublished":"2022-10-03T18:50:16+00:00","breadcrumb":{"@id":"https:\/\/www.santafevalores.com\/index.php\/2022\/10\/03\/economia-ecuatoriana-se-desacelera-y-crece-17-en-segundo-trimestre-de-2022\/#breadcrumb"},"inLanguage":"es","potentialAction":[{"@type":"ReadAction","target":["https:\/\/www.santafevalores.com\/index.php\/2022\/10\/03\/economia-ecuatoriana-se-desacelera-y-crece-17-en-segundo-trimestre-de-2022\/"]}]},{"@type":"ImageObject","inLanguage":"es","@id":"https:\/\/www.santafevalores.com\/index.php\/2022\/10\/03\/economia-ecuatoriana-se-desacelera-y-crece-17-en-segundo-trimestre-de-2022\/#primaryimage","url":"https:\/\/www.santafevalores.com\/wp-content\/uploads\/2022\/10\/economia-ecuatoriana.jpg","contentUrl":"https:\/\/www.santafevalores.com\/wp-content\/uploads\/2022\/10\/economia-ecuatoriana.jpg","width":1440,"height":961,"caption":"economia-ecuatoriana"},{"@type":"BreadcrumbList","@id":"https:\/\/www.santafevalores.com\/index.php\/2022\/10\/03\/economia-ecuatoriana-se-desacelera-y-crece-17-en-segundo-trimestre-de-2022\/#breadcrumb","itemListElement":[{"@type":"ListItem","position":1,"name":"Portada","item":"https:\/\/www.santafevalores.com\/"},{"@type":"ListItem","position":2,"name":"Econom\u00eda ecuatoriana se desacelera y crece 1,7% en segundo trimestre de 2022"}]},{"@type":"WebSite","@id":"https:\/\/www.santafevalores.com\/#website","url":"https:\/\/www.santafevalores.com\/","name":"Santa Fe Casa de Valores S.A.","description":"","publisher":{"@id":"https:\/\/www.santafevalores.com\/#organization"},"potentialAction":[{"@type":"SearchAction","target":{"@type":"EntryPoint","urlTemplate":"https:\/\/www.santafevalores.com\/?s={search_term_string}"},"query-input":{"@type":"PropertyValueSpecification","valueRequired":true,"valueName":"search_term_string"}}],"inLanguage":"es"},{"@type":"Organization","@id":"https:\/\/www.santafevalores.com\/#organization","name":"Santa Fe Casa de Valores S.A.","alternateName":"SANTAFEVALORES","url":"https:\/\/www.santafevalores.com\/","logo":{"@type":"ImageObject","inLanguage":"es","@id":"https:\/\/www.santafevalores.com\/#\/schema\/logo\/image\/","url":"https:\/\/www.santafevalores.com\/wp-content\/uploads\/2022\/06\/logo1.png","contentUrl":"https:\/\/www.santafevalores.com\/wp-content\/uploads\/2022\/06\/logo1.png","width":235,"height":71,"caption":"Santa Fe Casa de Valores S.A."},"image":{"@id":"https:\/\/www.santafevalores.com\/#\/schema\/logo\/image\/"},"sameAs":["https:\/\/www.facebook.com\/santafevalores\/","https:\/\/x.com\/SantaFeValores"]},{"@type":"Person","@id":"https:\/\/www.santafevalores.com\/#\/schema\/person\/d965a42370507d0a1638e69158bb5835","name":"admin","image":{"@type":"ImageObject","inLanguage":"es","@id":"https:\/\/secure.gravatar.com\/avatar\/97ec7f9eb6068ddac59d3806ca0034c167fce748f524adcfad8629911220756f?s=96&d=mm&r=g","url":"https:\/\/secure.gravatar.com\/avatar\/97ec7f9eb6068ddac59d3806ca0034c167fce748f524adcfad8629911220756f?s=96&d=mm&r=g","contentUrl":"https:\/\/secure.gravatar.com\/avatar\/97ec7f9eb6068ddac59d3806ca0034c167fce748f524adcfad8629911220756f?s=96&d=mm&r=g","caption":"admin"},"sameAs":["https:\/\/www.santafevalores.com"],"url":"https:\/\/www.santafevalores.com\/index.php\/author\/santafevaloresuio_ggv0vv79\/"}]}},"_links":{"self":[{"href":"https:\/\/www.santafevalores.com\/index.php\/wp-json\/wp\/v2\/posts\/65444","targetHints":{"allow":["GET"]}}],"collection":[{"href":"https:\/\/www.santafevalores.com\/index.php\/wp-json\/wp\/v2\/posts"}],"about":[{"href":"https:\/\/www.santafevalores.com\/index.php\/wp-json\/wp\/v2\/types\/post"}],"author":[{"embeddable":true,"href":"https:\/\/www.santafevalores.com\/index.php\/wp-json\/wp\/v2\/users\/1"}],"replies":[{"embeddable":true,"href":"https:\/\/www.santafevalores.com\/index.php\/wp-json\/wp\/v2\/comments?post=65444"}],"version-history":[{"count":0,"href":"https:\/\/www.santafevalores.com\/index.php\/wp-json\/wp\/v2\/posts\/65444\/revisions"}],"wp:featuredmedia":[{"embeddable":true,"href":"https:\/\/www.santafevalores.com\/index.php\/wp-json\/wp\/v2\/media\/65446"}],"wp:attachment":[{"href":"https:\/\/www.santafevalores.com\/index.php\/wp-json\/wp\/v2\/media?parent=65444"}],"wp:term":[{"taxonomy":"category","embeddable":true,"href":"https:\/\/www.santafevalores.com\/index.php\/wp-json\/wp\/v2\/categories?post=65444"},{"taxonomy":"post_tag","embeddable":true,"href":"https:\/\/www.santafevalores.com\/index.php\/wp-json\/wp\/v2\/tags?post=65444"}],"curies":[{"name":"wp","href":"https:\/\/api.w.org\/{rel}","templated":true}]}}