{"id":65645,"date":"2022-10-06T15:07:29","date_gmt":"2022-10-06T20:07:29","guid":{"rendered":"https:\/\/santafevalores.com\/?p=65645"},"modified":"2022-10-06T15:07:29","modified_gmt":"2022-10-06T20:07:29","slug":"personas-aportan-a-la-seguridad-social-en-ecuador","status":"publish","type":"post","link":"https:\/\/www.santafevalores.com\/index.php\/2022\/10\/06\/personas-aportan-a-la-seguridad-social-en-ecuador\/","title":{"rendered":"\u00bfCu\u00e1ntas personas aportan a la seguridad social en Ecuador?"},"content":{"rendered":"\t\t<div data-elementor-type=\"wp-post\" data-elementor-id=\"65645\" class=\"elementor elementor-65645\" data-elementor-post-type=\"post\">\n\t\t\t\t\t\t<section class=\"elementor-section elementor-top-section elementor-element elementor-element-884c4d8 elementor-section-boxed elementor-section-height-default elementor-section-height-default\" data-id=\"884c4d8\" data-element_type=\"section\" data-e-type=\"section\">\n\t\t\t\t\t\t<div class=\"elementor-container elementor-column-gap-default\">\n\t\t\t\t\t<div class=\"elementor-column elementor-col-100 elementor-top-column elementor-element elementor-element-ffe45bf\" data-id=\"ffe45bf\" data-element_type=\"column\" data-e-type=\"column\">\n\t\t\t<div class=\"elementor-widget-wrap elementor-element-populated\">\n\t\t\t\t\t\t<div class=\"elementor-element elementor-element-bcc482b elementor-widget elementor-widget-image\" data-id=\"bcc482b\" data-element_type=\"widget\" data-e-type=\"widget\" data-widget_type=\"image.default\">\n\t\t\t\t<div class=\"elementor-widget-container\">\n\t\t\t\t\t\t\t\t\t\t\t\t\t\t\t<img fetchpriority=\"high\" decoding=\"async\" width=\"1024\" height=\"576\" src=\"https:\/\/www.santafevalores.com\/wp-content\/uploads\/2022\/10\/YZKMWCF5M5D3BKDCL6WNFMGWF4.jpg\" class=\"attachment-large size-large wp-image-65634\" alt=\"\" srcset=\"https:\/\/www.santafevalores.com\/wp-content\/uploads\/2022\/10\/YZKMWCF5M5D3BKDCL6WNFMGWF4.jpg 1024w, https:\/\/www.santafevalores.com\/wp-content\/uploads\/2022\/10\/YZKMWCF5M5D3BKDCL6WNFMGWF4-300x169.jpg 300w, https:\/\/www.santafevalores.com\/wp-content\/uploads\/2022\/10\/YZKMWCF5M5D3BKDCL6WNFMGWF4-768x432.jpg 768w\" sizes=\"(max-width: 1024px) 100vw, 1024px\" \/>\t\t\t\t\t\t\t\t\t\t\t\t\t\t\t<\/div>\n\t\t\t\t<\/div>\n\t\t\t\t\t<\/div>\n\t\t<\/div>\n\t\t\t\t\t<\/div>\n\t\t<\/section>\n\t\t\t\t<section class=\"elementor-section elementor-top-section elementor-element elementor-element-3025129 elementor-section-boxed elementor-section-height-default elementor-section-height-default\" data-id=\"3025129\" data-element_type=\"section\" data-e-type=\"section\">\n\t\t\t\t\t\t<div class=\"elementor-container elementor-column-gap-default\">\n\t\t\t\t\t<div class=\"elementor-column elementor-col-100 elementor-top-column elementor-element elementor-element-b4d5f15\" data-id=\"b4d5f15\" data-element_type=\"column\" data-e-type=\"column\">\n\t\t\t<div class=\"elementor-widget-wrap elementor-element-populated\">\n\t\t\t\t\t\t<div class=\"elementor-element elementor-element-673927d elementor-widget elementor-widget-text-editor\" data-id=\"673927d\" data-element_type=\"widget\" data-e-type=\"widget\" data-widget_type=\"text-editor.default\">\n\t\t\t\t<div class=\"elementor-widget-container\">\n\t\t\t\t\t\t\t\t\t<p>Las cifras de afiliados al IESS en Ecuador est\u00e1n cerca de llegar a los niveles registrados antes de la pandemia del Covid-19<\/p><p>Las afiliaciones al Instituto Ecuatoriano de Seguridad Social (IESS) en lo que va de 2022 presentan cifras positivas, lo que refleja que la recuperaci\u00f3n de empleo en el pa\u00eds va por buen camino.<br \/>Hasta agosto de este a\u00f1o, el IESS report\u00f3 3.727.522 aportantes a la seguridad social, lo que seg\u00fan las cuentas oficiales representa la creaci\u00f3n de 131.162 nuevos afiliados en lo que va del a\u00f1o. Si se compara el total de aportantes acumulados hasta agosto, la cifra solo est\u00e1 11.129 afiliados por debajo que el total hasta agosto de 2019.<\/p><p>\u201cTenemos 131.162 nuevos afiliados y la tendencia es a subir. Tuvimos un crecimiento sostenido del 3,6%, lo que confirma lo que la Cepal, en su momento, proyect\u00f3\u201d, dijo el director general del IESS, Diego Salgado, en declaraciones recientes al medio Primicias. All\u00ed tambi\u00e9n explic\u00f3 que para el final de 2022 se esperaba que el n\u00famero total de afiliados creciera otro 4%.<br \/>Los sectores econ\u00f3micos a los que pertenecen la mayor\u00eda de los nuevos afiliados est\u00e1n en actividades varias, culturales, de alojamiento y servicio de comidas, servicio p\u00fablico y afiliaci\u00f3n voluntaria desde el exterior.<br \/>Entre tanto, los afiliados al Seguro Social Campesino (SSC) llegaron a marzo de este a\u00f1o a 370.520, a\u00fan por debajo de las cifras prepandemia que eran para el mismo mes de 2019 de 387.534.<\/p><p>Entre 2020 y 2021, el IESS precis\u00f3 que el n\u00famero de afiliados contributivos y voluntarios subi\u00f3 4,6%, pasando de 3,1 millones a 3,2 millones de personas, sin tomar en cuenta a los afiliados del SSC.<\/p><p>El recaudo del IESS en 2022<\/p><p>Entre enero y junio de este a\u00f1o la entidad report\u00f3, a escala nacional, un recaudo de US$4.000 millones, un comportamiento explicado principalmente por las modalidades de pago ofrecidas para que los empleadores y contratantes paguen sus obligaciones patronales que est\u00e1n vencidas, seg\u00fan una comunicaci\u00f3n oficial del IESS.<\/p><p>En mayo de este a\u00f1o, el IESS se\u00f1al\u00f3 a medios que la meta de recaudo para el cierre del a\u00f1o ser\u00eda de US$8.835 millones, teniendo en cuenta el crecimiento de afiliados. La cifra meta a\u00fan es US$223 millones por debajo de 2019, antes de la pandemia.<\/p><p>El empleo en Ecuador<\/p><p>Las cifras de desempleo en Ecuador, de las cuales las afiliaciones al IESS son un term\u00f3metro, cayeron significativamente en agosto, de acuerdo al \u00faltimo reporte publicado por el INEC.<\/p><p>El desempleo en agosto se ubic\u00f3 en 4%, cuando en el mismo mes de 2021 fue 4,9%. Estas cifras se traducen en que 343.235 personas permanecen en condici\u00f3n de desocupaci\u00f3n, mientras que hace un a\u00f1o la cifra lleg\u00f3 a 415.041.<\/p><p>A nivel nacional, 4,7% de las mujeres estuvieron en situaci\u00f3n de desempleo, mientras que, la tasa de los hombres fue de 3,5%.<\/p>\t\t\t\t\t\t\t\t<\/div>\n\t\t\t\t<\/div>\n\t\t\t\t\t<\/div>\n\t\t<\/div>\n\t\t\t\t\t<\/div>\n\t\t<\/section>\n\t\t\t\t<section class=\"elementor-section elementor-top-section elementor-element elementor-element-c46227e elementor-section-boxed elementor-section-height-default elementor-section-height-default\" data-id=\"c46227e\" data-element_type=\"section\" data-e-type=\"section\">\n\t\t\t\t\t\t<div class=\"elementor-container elementor-column-gap-default\">\n\t\t\t\t\t<div class=\"elementor-column elementor-col-100 elementor-top-column elementor-element elementor-element-fefa28e\" data-id=\"fefa28e\" data-element_type=\"column\" data-e-type=\"column\">\n\t\t\t<div class=\"elementor-widget-wrap elementor-element-populated\">\n\t\t\t\t\t\t<div class=\"elementor-element elementor-element-0965206 elementor-headline--style-highlight elementor-widget elementor-widget-animated-headline\" data-id=\"0965206\" data-element_type=\"widget\" data-e-type=\"widget\" data-settings=\"{&quot;highlighted_text&quot;:&quot;reporta Bloomberg&quot;,&quot;headline_style&quot;:&quot;highlight&quot;,&quot;marker&quot;:&quot;circle&quot;,&quot;loop&quot;:&quot;yes&quot;,&quot;highlight_animation_duration&quot;:1200,&quot;highlight_iteration_delay&quot;:8000}\" data-widget_type=\"animated-headline.default\">\n\t\t\t\t<div class=\"elementor-widget-container\">\n\t\t\t\t\t\t\t\t<a href=\"https:\/\/www.bloomberglinea.com\/2022\/10\/05\/cuantas-personas-aportan-a-la-seguridad-social-en-ecuador\/\" target=\"_blank\">\n\n\t\t\t\t\t<p class=\"elementor-headline\">\n\t\t\t\t\t<span class=\"elementor-headline-plain-text elementor-headline-text-wrapper\">Fuente:<\/span>\n\t\t\t\t<span class=\"elementor-headline-dynamic-wrapper elementor-headline-text-wrapper\">\n\t\t\t\t\t<span class=\"elementor-headline-dynamic-text elementor-headline-text-active\">reporta Bloomberg<\/span>\n\t\t\t\t<\/span>\n\t\t\t\t<\/p>\n\t\t<\/a>\t\t\t\t<\/div>\n\t\t\t\t<\/div>\n\t\t\t\t\t<\/div>\n\t\t<\/div>\n\t\t\t\t\t<\/div>\n\t\t<\/section>\n\t\t\t\t<\/div>\n\t\t","protected":false},"excerpt":{"rendered":"<p>Las cifras de afiliados al IESS en Ecuador est\u00e1n cerca de llegar a los niveles registrados antes de la pandemia del Covid-19 Las afiliaciones al Instituto Ecuatoriano de Seguridad Social (IESS) en lo que va de 2022 presentan cifras positivas, lo que refleja que la recuperaci\u00f3n de empleo en el pa\u00eds va por buen camino.&hellip;<\/p>\n","protected":false},"author":1,"featured_media":65634,"comment_status":"open","ping_status":"closed","sticky":false,"template":"","format":"standard","meta":{"content-type":"","_joinchat":[],"footnotes":""},"categories":[4],"tags":[],"class_list":["post-65645","post","type-post","status-publish","format-standard","has-post-thumbnail","hentry","category-sin-categoria"],"yoast_head":"<!-- This site is optimized with the Yoast SEO plugin v27.5 - https:\/\/yoast.com\/product\/yoast-seo-wordpress\/ -->\n<title>\u00bfCu\u00e1ntas personas aportan a la seguridad social en Ecuador? - Santa Fe Casa de Valores S.A.<\/title>\n<meta name=\"robots\" content=\"index, follow, max-snippet:-1, max-image-preview:large, max-video-preview:-1\" \/>\n<link rel=\"canonical\" href=\"https:\/\/www.santafevalores.com\/index.php\/2022\/10\/06\/personas-aportan-a-la-seguridad-social-en-ecuador\/\" \/>\n<meta property=\"og:locale\" content=\"es_ES\" \/>\n<meta property=\"og:type\" content=\"article\" \/>\n<meta property=\"og:title\" content=\"\u00bfCu\u00e1ntas personas aportan a la seguridad social en Ecuador? - Santa Fe Casa de Valores S.A.\" \/>\n<meta property=\"og:description\" content=\"Las cifras de afiliados al IESS en Ecuador est\u00e1n cerca de llegar a los niveles registrados antes de la pandemia del Covid-19 Las afiliaciones al Instituto Ecuatoriano de Seguridad Social (IESS) en lo que va de 2022 presentan cifras positivas, lo que refleja que la recuperaci\u00f3n de empleo en el pa\u00eds va por buen camino.&hellip;\" \/>\n<meta property=\"og:url\" content=\"https:\/\/www.santafevalores.com\/index.php\/2022\/10\/06\/personas-aportan-a-la-seguridad-social-en-ecuador\/\" \/>\n<meta property=\"og:site_name\" content=\"Santa Fe Casa de Valores S.A.\" \/>\n<meta property=\"article:publisher\" content=\"https:\/\/www.facebook.com\/santafevalores\/\" \/>\n<meta property=\"article:published_time\" content=\"2022-10-06T20:07:29+00:00\" \/>\n<meta property=\"og:image\" content=\"https:\/\/www.santafevalores.com\/wp-content\/uploads\/2022\/10\/YZKMWCF5M5D3BKDCL6WNFMGWF4.jpg\" \/>\n\t<meta property=\"og:image:width\" content=\"1024\" \/>\n\t<meta property=\"og:image:height\" content=\"576\" \/>\n\t<meta property=\"og:image:type\" content=\"image\/jpeg\" \/>\n<meta name=\"author\" content=\"admin\" \/>\n<meta name=\"twitter:card\" content=\"summary_large_image\" \/>\n<meta name=\"twitter:image\" content=\"https:\/\/www.santafevalores.com\/wp-content\/uploads\/2022\/10\/YZKMWCF5M5D3BKDCL6WNFMGWF4.jpg\" \/>\n<meta name=\"twitter:creator\" content=\"@SantaFeValores\" \/>\n<meta name=\"twitter:site\" content=\"@SantaFeValores\" \/>\n<meta name=\"twitter:label1\" content=\"Escrito por\" \/>\n\t<meta name=\"twitter:data1\" content=\"admin\" \/>\n\t<meta name=\"twitter:label2\" content=\"Tiempo de lectura\" \/>\n\t<meta name=\"twitter:data2\" content=\"3 minutos\" \/>\n<script type=\"application\/ld+json\" class=\"yoast-schema-graph\">{\"@context\":\"https:\\\/\\\/schema.org\",\"@graph\":[{\"@type\":\"Article\",\"@id\":\"https:\\\/\\\/www.santafevalores.com\\\/index.php\\\/2022\\\/10\\\/06\\\/personas-aportan-a-la-seguridad-social-en-ecuador\\\/#article\",\"isPartOf\":{\"@id\":\"https:\\\/\\\/www.santafevalores.com\\\/index.php\\\/2022\\\/10\\\/06\\\/personas-aportan-a-la-seguridad-social-en-ecuador\\\/\"},\"author\":{\"name\":\"admin\",\"@id\":\"https:\\\/\\\/www.santafevalores.com\\\/#\\\/schema\\\/person\\\/d965a42370507d0a1638e69158bb5835\"},\"headline\":\"\u00bfCu\u00e1ntas personas aportan a la seguridad social en Ecuador?\",\"datePublished\":\"2022-10-06T20:07:29+00:00\",\"mainEntityOfPage\":{\"@id\":\"https:\\\/\\\/www.santafevalores.com\\\/index.php\\\/2022\\\/10\\\/06\\\/personas-aportan-a-la-seguridad-social-en-ecuador\\\/\"},\"wordCount\":487,\"commentCount\":0,\"publisher\":{\"@id\":\"https:\\\/\\\/www.santafevalores.com\\\/#organization\"},\"image\":{\"@id\":\"https:\\\/\\\/www.santafevalores.com\\\/index.php\\\/2022\\\/10\\\/06\\\/personas-aportan-a-la-seguridad-social-en-ecuador\\\/#primaryimage\"},\"thumbnailUrl\":\"https:\\\/\\\/www.santafevalores.com\\\/wp-content\\\/uploads\\\/2022\\\/10\\\/YZKMWCF5M5D3BKDCL6WNFMGWF4.jpg\",\"inLanguage\":\"es\",\"potentialAction\":[{\"@type\":\"CommentAction\",\"name\":\"Comment\",\"target\":[\"https:\\\/\\\/www.santafevalores.com\\\/index.php\\\/2022\\\/10\\\/06\\\/personas-aportan-a-la-seguridad-social-en-ecuador\\\/#respond\"]}]},{\"@type\":\"WebPage\",\"@id\":\"https:\\\/\\\/www.santafevalores.com\\\/index.php\\\/2022\\\/10\\\/06\\\/personas-aportan-a-la-seguridad-social-en-ecuador\\\/\",\"url\":\"https:\\\/\\\/www.santafevalores.com\\\/index.php\\\/2022\\\/10\\\/06\\\/personas-aportan-a-la-seguridad-social-en-ecuador\\\/\",\"name\":\"\u00bfCu\u00e1ntas personas aportan a la seguridad social en Ecuador? - Santa Fe Casa de Valores S.A.\",\"isPartOf\":{\"@id\":\"https:\\\/\\\/www.santafevalores.com\\\/#website\"},\"primaryImageOfPage\":{\"@id\":\"https:\\\/\\\/www.santafevalores.com\\\/index.php\\\/2022\\\/10\\\/06\\\/personas-aportan-a-la-seguridad-social-en-ecuador\\\/#primaryimage\"},\"image\":{\"@id\":\"https:\\\/\\\/www.santafevalores.com\\\/index.php\\\/2022\\\/10\\\/06\\\/personas-aportan-a-la-seguridad-social-en-ecuador\\\/#primaryimage\"},\"thumbnailUrl\":\"https:\\\/\\\/www.santafevalores.com\\\/wp-content\\\/uploads\\\/2022\\\/10\\\/YZKMWCF5M5D3BKDCL6WNFMGWF4.jpg\",\"datePublished\":\"2022-10-06T20:07:29+00:00\",\"breadcrumb\":{\"@id\":\"https:\\\/\\\/www.santafevalores.com\\\/index.php\\\/2022\\\/10\\\/06\\\/personas-aportan-a-la-seguridad-social-en-ecuador\\\/#breadcrumb\"},\"inLanguage\":\"es\",\"potentialAction\":[{\"@type\":\"ReadAction\",\"target\":[\"https:\\\/\\\/www.santafevalores.com\\\/index.php\\\/2022\\\/10\\\/06\\\/personas-aportan-a-la-seguridad-social-en-ecuador\\\/\"]}]},{\"@type\":\"ImageObject\",\"inLanguage\":\"es\",\"@id\":\"https:\\\/\\\/www.santafevalores.com\\\/index.php\\\/2022\\\/10\\\/06\\\/personas-aportan-a-la-seguridad-social-en-ecuador\\\/#primaryimage\",\"url\":\"https:\\\/\\\/www.santafevalores.com\\\/wp-content\\\/uploads\\\/2022\\\/10\\\/YZKMWCF5M5D3BKDCL6WNFMGWF4.jpg\",\"contentUrl\":\"https:\\\/\\\/www.santafevalores.com\\\/wp-content\\\/uploads\\\/2022\\\/10\\\/YZKMWCF5M5D3BKDCL6WNFMGWF4.jpg\",\"width\":1024,\"height\":576},{\"@type\":\"BreadcrumbList\",\"@id\":\"https:\\\/\\\/www.santafevalores.com\\\/index.php\\\/2022\\\/10\\\/06\\\/personas-aportan-a-la-seguridad-social-en-ecuador\\\/#breadcrumb\",\"itemListElement\":[{\"@type\":\"ListItem\",\"position\":1,\"name\":\"Portada\",\"item\":\"https:\\\/\\\/www.santafevalores.com\\\/\"},{\"@type\":\"ListItem\",\"position\":2,\"name\":\"\u00bfCu\u00e1ntas personas aportan a la seguridad social en Ecuador?\"}]},{\"@type\":\"WebSite\",\"@id\":\"https:\\\/\\\/www.santafevalores.com\\\/#website\",\"url\":\"https:\\\/\\\/www.santafevalores.com\\\/\",\"name\":\"Santa Fe Casa de Valores S.A.\",\"description\":\"\",\"publisher\":{\"@id\":\"https:\\\/\\\/www.santafevalores.com\\\/#organization\"},\"potentialAction\":[{\"@type\":\"SearchAction\",\"target\":{\"@type\":\"EntryPoint\",\"urlTemplate\":\"https:\\\/\\\/www.santafevalores.com\\\/?s={search_term_string}\"},\"query-input\":{\"@type\":\"PropertyValueSpecification\",\"valueRequired\":true,\"valueName\":\"search_term_string\"}}],\"inLanguage\":\"es\"},{\"@type\":\"Organization\",\"@id\":\"https:\\\/\\\/www.santafevalores.com\\\/#organization\",\"name\":\"Santa Fe Casa de Valores S.A.\",\"alternateName\":\"SANTAFEVALORES\",\"url\":\"https:\\\/\\\/www.santafevalores.com\\\/\",\"logo\":{\"@type\":\"ImageObject\",\"inLanguage\":\"es\",\"@id\":\"https:\\\/\\\/www.santafevalores.com\\\/#\\\/schema\\\/logo\\\/image\\\/\",\"url\":\"https:\\\/\\\/www.santafevalores.com\\\/wp-content\\\/uploads\\\/2022\\\/06\\\/logo1.png\",\"contentUrl\":\"https:\\\/\\\/www.santafevalores.com\\\/wp-content\\\/uploads\\\/2022\\\/06\\\/logo1.png\",\"width\":235,\"height\":71,\"caption\":\"Santa Fe Casa de Valores S.A.\"},\"image\":{\"@id\":\"https:\\\/\\\/www.santafevalores.com\\\/#\\\/schema\\\/logo\\\/image\\\/\"},\"sameAs\":[\"https:\\\/\\\/www.facebook.com\\\/santafevalores\\\/\",\"https:\\\/\\\/x.com\\\/SantaFeValores\"]},{\"@type\":\"Person\",\"@id\":\"https:\\\/\\\/www.santafevalores.com\\\/#\\\/schema\\\/person\\\/d965a42370507d0a1638e69158bb5835\",\"name\":\"admin\",\"image\":{\"@type\":\"ImageObject\",\"inLanguage\":\"es\",\"@id\":\"https:\\\/\\\/secure.gravatar.com\\\/avatar\\\/97ec7f9eb6068ddac59d3806ca0034c167fce748f524adcfad8629911220756f?s=96&d=mm&r=g\",\"url\":\"https:\\\/\\\/secure.gravatar.com\\\/avatar\\\/97ec7f9eb6068ddac59d3806ca0034c167fce748f524adcfad8629911220756f?s=96&d=mm&r=g\",\"contentUrl\":\"https:\\\/\\\/secure.gravatar.com\\\/avatar\\\/97ec7f9eb6068ddac59d3806ca0034c167fce748f524adcfad8629911220756f?s=96&d=mm&r=g\",\"caption\":\"admin\"},\"sameAs\":[\"https:\\\/\\\/www.santafevalores.com\"],\"url\":\"https:\\\/\\\/www.santafevalores.com\\\/index.php\\\/author\\\/santafevaloresuio_ggv0vv79\\\/\"}]}<\/script>\n<!-- \/ Yoast SEO plugin. -->","yoast_head_json":{"title":"\u00bfCu\u00e1ntas personas aportan a la seguridad social en Ecuador? - Santa Fe Casa de Valores S.A.","robots":{"index":"index","follow":"follow","max-snippet":"max-snippet:-1","max-image-preview":"max-image-preview:large","max-video-preview":"max-video-preview:-1"},"canonical":"https:\/\/www.santafevalores.com\/index.php\/2022\/10\/06\/personas-aportan-a-la-seguridad-social-en-ecuador\/","og_locale":"es_ES","og_type":"article","og_title":"\u00bfCu\u00e1ntas personas aportan a la seguridad social en Ecuador? - Santa Fe Casa de Valores S.A.","og_description":"Las cifras de afiliados al IESS en Ecuador est\u00e1n cerca de llegar a los niveles registrados antes de la pandemia del Covid-19 Las afiliaciones al Instituto Ecuatoriano de Seguridad Social (IESS) en lo que va de 2022 presentan cifras positivas, lo que refleja que la recuperaci\u00f3n de empleo en el pa\u00eds va por buen camino.&hellip;","og_url":"https:\/\/www.santafevalores.com\/index.php\/2022\/10\/06\/personas-aportan-a-la-seguridad-social-en-ecuador\/","og_site_name":"Santa Fe Casa de Valores S.A.","article_publisher":"https:\/\/www.facebook.com\/santafevalores\/","article_published_time":"2022-10-06T20:07:29+00:00","og_image":[{"width":1024,"height":576,"url":"https:\/\/www.santafevalores.com\/wp-content\/uploads\/2022\/10\/YZKMWCF5M5D3BKDCL6WNFMGWF4.jpg","type":"image\/jpeg"}],"author":"admin","twitter_card":"summary_large_image","twitter_image":"https:\/\/www.santafevalores.com\/wp-content\/uploads\/2022\/10\/YZKMWCF5M5D3BKDCL6WNFMGWF4.jpg","twitter_creator":"@SantaFeValores","twitter_site":"@SantaFeValores","twitter_misc":{"Escrito por":"admin","Tiempo de lectura":"3 minutos"},"schema":{"@context":"https:\/\/schema.org","@graph":[{"@type":"Article","@id":"https:\/\/www.santafevalores.com\/index.php\/2022\/10\/06\/personas-aportan-a-la-seguridad-social-en-ecuador\/#article","isPartOf":{"@id":"https:\/\/www.santafevalores.com\/index.php\/2022\/10\/06\/personas-aportan-a-la-seguridad-social-en-ecuador\/"},"author":{"name":"admin","@id":"https:\/\/www.santafevalores.com\/#\/schema\/person\/d965a42370507d0a1638e69158bb5835"},"headline":"\u00bfCu\u00e1ntas personas aportan a la seguridad social en Ecuador?","datePublished":"2022-10-06T20:07:29+00:00","mainEntityOfPage":{"@id":"https:\/\/www.santafevalores.com\/index.php\/2022\/10\/06\/personas-aportan-a-la-seguridad-social-en-ecuador\/"},"wordCount":487,"commentCount":0,"publisher":{"@id":"https:\/\/www.santafevalores.com\/#organization"},"image":{"@id":"https:\/\/www.santafevalores.com\/index.php\/2022\/10\/06\/personas-aportan-a-la-seguridad-social-en-ecuador\/#primaryimage"},"thumbnailUrl":"https:\/\/www.santafevalores.com\/wp-content\/uploads\/2022\/10\/YZKMWCF5M5D3BKDCL6WNFMGWF4.jpg","inLanguage":"es","potentialAction":[{"@type":"CommentAction","name":"Comment","target":["https:\/\/www.santafevalores.com\/index.php\/2022\/10\/06\/personas-aportan-a-la-seguridad-social-en-ecuador\/#respond"]}]},{"@type":"WebPage","@id":"https:\/\/www.santafevalores.com\/index.php\/2022\/10\/06\/personas-aportan-a-la-seguridad-social-en-ecuador\/","url":"https:\/\/www.santafevalores.com\/index.php\/2022\/10\/06\/personas-aportan-a-la-seguridad-social-en-ecuador\/","name":"\u00bfCu\u00e1ntas personas aportan a la seguridad social en Ecuador? - Santa Fe Casa de Valores S.A.","isPartOf":{"@id":"https:\/\/www.santafevalores.com\/#website"},"primaryImageOfPage":{"@id":"https:\/\/www.santafevalores.com\/index.php\/2022\/10\/06\/personas-aportan-a-la-seguridad-social-en-ecuador\/#primaryimage"},"image":{"@id":"https:\/\/www.santafevalores.com\/index.php\/2022\/10\/06\/personas-aportan-a-la-seguridad-social-en-ecuador\/#primaryimage"},"thumbnailUrl":"https:\/\/www.santafevalores.com\/wp-content\/uploads\/2022\/10\/YZKMWCF5M5D3BKDCL6WNFMGWF4.jpg","datePublished":"2022-10-06T20:07:29+00:00","breadcrumb":{"@id":"https:\/\/www.santafevalores.com\/index.php\/2022\/10\/06\/personas-aportan-a-la-seguridad-social-en-ecuador\/#breadcrumb"},"inLanguage":"es","potentialAction":[{"@type":"ReadAction","target":["https:\/\/www.santafevalores.com\/index.php\/2022\/10\/06\/personas-aportan-a-la-seguridad-social-en-ecuador\/"]}]},{"@type":"ImageObject","inLanguage":"es","@id":"https:\/\/www.santafevalores.com\/index.php\/2022\/10\/06\/personas-aportan-a-la-seguridad-social-en-ecuador\/#primaryimage","url":"https:\/\/www.santafevalores.com\/wp-content\/uploads\/2022\/10\/YZKMWCF5M5D3BKDCL6WNFMGWF4.jpg","contentUrl":"https:\/\/www.santafevalores.com\/wp-content\/uploads\/2022\/10\/YZKMWCF5M5D3BKDCL6WNFMGWF4.jpg","width":1024,"height":576},{"@type":"BreadcrumbList","@id":"https:\/\/www.santafevalores.com\/index.php\/2022\/10\/06\/personas-aportan-a-la-seguridad-social-en-ecuador\/#breadcrumb","itemListElement":[{"@type":"ListItem","position":1,"name":"Portada","item":"https:\/\/www.santafevalores.com\/"},{"@type":"ListItem","position":2,"name":"\u00bfCu\u00e1ntas personas aportan a la seguridad social en Ecuador?"}]},{"@type":"WebSite","@id":"https:\/\/www.santafevalores.com\/#website","url":"https:\/\/www.santafevalores.com\/","name":"Santa Fe Casa de Valores S.A.","description":"","publisher":{"@id":"https:\/\/www.santafevalores.com\/#organization"},"potentialAction":[{"@type":"SearchAction","target":{"@type":"EntryPoint","urlTemplate":"https:\/\/www.santafevalores.com\/?s={search_term_string}"},"query-input":{"@type":"PropertyValueSpecification","valueRequired":true,"valueName":"search_term_string"}}],"inLanguage":"es"},{"@type":"Organization","@id":"https:\/\/www.santafevalores.com\/#organization","name":"Santa Fe Casa de Valores S.A.","alternateName":"SANTAFEVALORES","url":"https:\/\/www.santafevalores.com\/","logo":{"@type":"ImageObject","inLanguage":"es","@id":"https:\/\/www.santafevalores.com\/#\/schema\/logo\/image\/","url":"https:\/\/www.santafevalores.com\/wp-content\/uploads\/2022\/06\/logo1.png","contentUrl":"https:\/\/www.santafevalores.com\/wp-content\/uploads\/2022\/06\/logo1.png","width":235,"height":71,"caption":"Santa Fe Casa de Valores S.A."},"image":{"@id":"https:\/\/www.santafevalores.com\/#\/schema\/logo\/image\/"},"sameAs":["https:\/\/www.facebook.com\/santafevalores\/","https:\/\/x.com\/SantaFeValores"]},{"@type":"Person","@id":"https:\/\/www.santafevalores.com\/#\/schema\/person\/d965a42370507d0a1638e69158bb5835","name":"admin","image":{"@type":"ImageObject","inLanguage":"es","@id":"https:\/\/secure.gravatar.com\/avatar\/97ec7f9eb6068ddac59d3806ca0034c167fce748f524adcfad8629911220756f?s=96&d=mm&r=g","url":"https:\/\/secure.gravatar.com\/avatar\/97ec7f9eb6068ddac59d3806ca0034c167fce748f524adcfad8629911220756f?s=96&d=mm&r=g","contentUrl":"https:\/\/secure.gravatar.com\/avatar\/97ec7f9eb6068ddac59d3806ca0034c167fce748f524adcfad8629911220756f?s=96&d=mm&r=g","caption":"admin"},"sameAs":["https:\/\/www.santafevalores.com"],"url":"https:\/\/www.santafevalores.com\/index.php\/author\/santafevaloresuio_ggv0vv79\/"}]}},"_links":{"self":[{"href":"https:\/\/www.santafevalores.com\/index.php\/wp-json\/wp\/v2\/posts\/65645","targetHints":{"allow":["GET"]}}],"collection":[{"href":"https:\/\/www.santafevalores.com\/index.php\/wp-json\/wp\/v2\/posts"}],"about":[{"href":"https:\/\/www.santafevalores.com\/index.php\/wp-json\/wp\/v2\/types\/post"}],"author":[{"embeddable":true,"href":"https:\/\/www.santafevalores.com\/index.php\/wp-json\/wp\/v2\/users\/1"}],"replies":[{"embeddable":true,"href":"https:\/\/www.santafevalores.com\/index.php\/wp-json\/wp\/v2\/comments?post=65645"}],"version-history":[{"count":0,"href":"https:\/\/www.santafevalores.com\/index.php\/wp-json\/wp\/v2\/posts\/65645\/revisions"}],"wp:featuredmedia":[{"embeddable":true,"href":"https:\/\/www.santafevalores.com\/index.php\/wp-json\/wp\/v2\/media\/65634"}],"wp:attachment":[{"href":"https:\/\/www.santafevalores.com\/index.php\/wp-json\/wp\/v2\/media?parent=65645"}],"wp:term":[{"taxonomy":"category","embeddable":true,"href":"https:\/\/www.santafevalores.com\/index.php\/wp-json\/wp\/v2\/categories?post=65645"},{"taxonomy":"post_tag","embeddable":true,"href":"https:\/\/www.santafevalores.com\/index.php\/wp-json\/wp\/v2\/tags?post=65645"}],"curies":[{"name":"wp","href":"https:\/\/api.w.org\/{rel}","templated":true}]}}