{"id":65731,"date":"2022-10-11T12:17:33","date_gmt":"2022-10-11T17:17:33","guid":{"rendered":"https:\/\/santafevalores.com\/?p=65731"},"modified":"2022-10-11T12:17:33","modified_gmt":"2022-10-11T17:17:33","slug":"el-fmi-preve-un-brusco-frenazo-de-las-economias-de-latinoamerica","status":"publish","type":"post","link":"https:\/\/www.santafevalores.com\/index.php\/2022\/10\/11\/el-fmi-preve-un-brusco-frenazo-de-las-economias-de-latinoamerica\/","title":{"rendered":"El FMI prev\u00e9 un brusco frenazo de las econom\u00edas de Latinoam\u00e9rica"},"content":{"rendered":"\t\t<div data-elementor-type=\"wp-post\" data-elementor-id=\"65731\" class=\"elementor elementor-65731\" data-elementor-post-type=\"post\">\n\t\t\t\t\t\t<section class=\"elementor-section elementor-top-section elementor-element elementor-element-efa1820 elementor-section-boxed elementor-section-height-default elementor-section-height-default\" data-id=\"efa1820\" data-element_type=\"section\" data-e-type=\"section\">\n\t\t\t\t\t\t<div class=\"elementor-container elementor-column-gap-default\">\n\t\t\t\t\t<div class=\"elementor-column elementor-col-100 elementor-top-column elementor-element elementor-element-29e6389\" data-id=\"29e6389\" data-element_type=\"column\" data-e-type=\"column\">\n\t\t\t<div class=\"elementor-widget-wrap elementor-element-populated\">\n\t\t\t\t\t\t<div class=\"elementor-element elementor-element-c6ce479 elementor-widget elementor-widget-image\" data-id=\"c6ce479\" data-element_type=\"widget\" data-e-type=\"widget\" data-widget_type=\"image.default\">\n\t\t\t\t<div class=\"elementor-widget-container\">\n\t\t\t\t\t\t\t\t\t\t\t\t\t\t\t<img fetchpriority=\"high\" decoding=\"async\" width=\"1024\" height=\"683\" src=\"https:\/\/www.santafevalores.com\/wp-content\/uploads\/2022\/10\/YG7UYBWNOFCOVI3OCHNTFNBY6A-1024x683.jpg\" class=\"attachment-large size-large wp-image-65733\" alt=\"\" srcset=\"https:\/\/www.santafevalores.com\/wp-content\/uploads\/2022\/10\/YG7UYBWNOFCOVI3OCHNTFNBY6A-1024x683.jpg 1024w, https:\/\/www.santafevalores.com\/wp-content\/uploads\/2022\/10\/YG7UYBWNOFCOVI3OCHNTFNBY6A-300x200.jpg 300w, https:\/\/www.santafevalores.com\/wp-content\/uploads\/2022\/10\/YG7UYBWNOFCOVI3OCHNTFNBY6A-768x512.jpg 768w, https:\/\/www.santafevalores.com\/wp-content\/uploads\/2022\/10\/YG7UYBWNOFCOVI3OCHNTFNBY6A-1536x1024.jpg 1536w, https:\/\/www.santafevalores.com\/wp-content\/uploads\/2022\/10\/YG7UYBWNOFCOVI3OCHNTFNBY6A.jpg 1960w\" sizes=\"(max-width: 1024px) 100vw, 1024px\" \/>\t\t\t\t\t\t\t\t\t\t\t\t\t\t\t<\/div>\n\t\t\t\t<\/div>\n\t\t\t\t\t<\/div>\n\t\t<\/div>\n\t\t\t\t\t<\/div>\n\t\t<\/section>\n\t\t\t\t<section class=\"elementor-section elementor-top-section elementor-element elementor-element-c4c173f elementor-section-boxed elementor-section-height-default elementor-section-height-default\" data-id=\"c4c173f\" data-element_type=\"section\" data-e-type=\"section\">\n\t\t\t\t\t\t<div class=\"elementor-container elementor-column-gap-default\">\n\t\t\t\t\t<div class=\"elementor-column elementor-col-100 elementor-top-column elementor-element elementor-element-9b83b9d\" data-id=\"9b83b9d\" data-element_type=\"column\" data-e-type=\"column\">\n\t\t\t<div class=\"elementor-widget-wrap elementor-element-populated\">\n\t\t\t\t\t\t<div class=\"elementor-element elementor-element-00fb7fc elementor-widget elementor-widget-text-editor\" data-id=\"00fb7fc\" data-element_type=\"widget\" data-e-type=\"widget\" data-widget_type=\"text-editor.default\">\n\t\t\t\t<div class=\"elementor-widget-container\">\n\t\t\t\t\t\t\t\t\t<p>La regi\u00f3n crecer\u00e1 un 1,7% en 2023, menos de la mitad que este a\u00f1o, seg\u00fan el Fondo<br \/>La econom\u00eda latinoamericana crecer\u00e1 este a\u00f1o la mitad que en 2020 y el pr\u00f3ximo a\u00f1o, la mitad que este, seg\u00fan las previsiones publicadas este martes por el Fondo Monetario Internacional (FMI) en su informe Perspectivas de la Econom\u00eda Mundial. El brusco frenazo de Latinoam\u00e9rica se enmarca en una recuperaci\u00f3n frustrada de la econom\u00eda global como consecuencia de la superposici\u00f3n de m\u00faltiples crisis. Tras la pandemia, la guerra de Ucrania, los problemas en las cadenas de suministro y las subidas de precios pasan factura.<br \/>El FMI, en realidad, ha revisado al alza la previsi\u00f3n de crecimiento de Latinoam\u00e9rica para este a\u00f1o y a la baja la del pr\u00f3ximo, lo que acent\u00faa el perfil descendente. Este a\u00f1o est\u00e1 yendo hasta ahora mejor de lo previsto, pero la actividad pierde fuelle y la fortaleza del d\u00f3lar y los flujos de capitales no ayudan.<br \/>\u201cSe prev\u00e9 que el crecimiento en Latinoam\u00e9rica y el Caribe sea del 3,5% en 2022 y del 1,7% en 2023. El crecimiento para 2022 es superior en 0,5 puntos porcentuales a lo previsto en julio, lo que refleja una actividad m\u00e1s fuerte de lo previsto en el primer semestre de 2022, gracias a los precios favorables de las materias primas, condiciones de financiaci\u00f3n externa a\u00fan favorables, y la normalizaci\u00f3n de las actividades en los sectores intensivos en contacto personal\u201d tras la pandemia, explica el Fondo en su informe.<br \/>Hasta ah\u00ed, todo relativamente bien. Lo malo viene ahora: \u201cSe espera que el crecimiento de la regi\u00f3n se ralentice a finales de 2022 y en 2023 a medida que el crecimiento de los pa\u00edses socios se debilite, las condiciones financieras se endurezcan y los precios de las materias primas se suavicen\u201d, a\u00f1ade el FMI. La subida de los tipos de inter\u00e9s en Estados Unidos y la fortaleza del d\u00f3lar provoca una situaci\u00f3n financiera dif\u00edcil en Latinoam\u00e9rica.<br \/>La otra mala noticia es que la inflaci\u00f3n apenas ceder\u00e1. El Fondo ha visto que en la regi\u00f3n contin\u00faan las presiones sobre los precios y ha elevado al alza su previsi\u00f3n de inflaci\u00f3n media para Latinoam\u00e9rica y el Caribe hasta el 11,4%, una inflaci\u00f3n de dos d\u00edgitos que apenas supone un alivio frente al 14,1% previsto para este a\u00f1o.<\/p><p><b>\u00a0Previsiones del FMI para Am\u00e9rica<\/b><\/p><p><b>Variaci\u00f3n del PIB en %\u00a0<\/b><\/p>\t\t\t\t\t\t\t\t<\/div>\n\t\t\t\t<\/div>\n\t\t\t\t\t<\/div>\n\t\t<\/div>\n\t\t\t\t\t<\/div>\n\t\t<\/section>\n\t\t\t\t<section class=\"elementor-section elementor-top-section elementor-element elementor-element-3ba12b8 elementor-section-boxed elementor-section-height-default elementor-section-height-default\" data-id=\"3ba12b8\" data-element_type=\"section\" data-e-type=\"section\">\n\t\t\t\t\t\t<div class=\"elementor-container elementor-column-gap-default\">\n\t\t\t\t\t<div class=\"elementor-column elementor-col-100 elementor-top-column elementor-element elementor-element-c62cb64\" data-id=\"c62cb64\" data-element_type=\"column\" data-e-type=\"column\">\n\t\t\t<div class=\"elementor-widget-wrap elementor-element-populated\">\n\t\t\t\t\t\t<div class=\"elementor-element elementor-element-5fb54b0 elementor-widget elementor-widget-image\" data-id=\"5fb54b0\" data-element_type=\"widget\" data-e-type=\"widget\" data-widget_type=\"image.default\">\n\t\t\t\t<div class=\"elementor-widget-container\">\n\t\t\t\t\t\t\t\t\t\t\t\t\t\t\t<img decoding=\"async\" width=\"720\" height=\"612\" src=\"https:\/\/www.santafevalores.com\/wp-content\/uploads\/2022\/10\/TASAS.jpg\" class=\"attachment-large size-large wp-image-65747\" alt=\"\" srcset=\"https:\/\/www.santafevalores.com\/wp-content\/uploads\/2022\/10\/TASAS.jpg 720w, https:\/\/www.santafevalores.com\/wp-content\/uploads\/2022\/10\/TASAS-300x255.jpg 300w\" sizes=\"(max-width: 720px) 100vw, 720px\" \/>\t\t\t\t\t\t\t\t\t\t\t\t\t\t\t<\/div>\n\t\t\t\t<\/div>\n\t\t\t\t\t<\/div>\n\t\t<\/div>\n\t\t\t\t\t<\/div>\n\t\t<\/section>\n\t\t\t\t<section class=\"elementor-section elementor-top-section elementor-element elementor-element-bf9d956 elementor-section-boxed elementor-section-height-default elementor-section-height-default\" data-id=\"bf9d956\" data-element_type=\"section\" data-e-type=\"section\">\n\t\t\t\t\t\t<div class=\"elementor-container elementor-column-gap-default\">\n\t\t\t\t\t<div class=\"elementor-column elementor-col-100 elementor-top-column elementor-element elementor-element-f896795\" data-id=\"f896795\" data-element_type=\"column\" data-e-type=\"column\">\n\t\t\t<div class=\"elementor-widget-wrap elementor-element-populated\">\n\t\t\t\t\t\t<div class=\"elementor-element elementor-element-ebbd27f elementor-widget elementor-widget-text-editor\" data-id=\"ebbd27f\" data-element_type=\"widget\" data-e-type=\"widget\" data-widget_type=\"text-editor.default\">\n\t\t\t\t<div class=\"elementor-widget-container\">\n\t\t\t\t\t\t\t\t\t<p><b>Chile, en negativo<\/b><\/p>\n<p>El frenazo ser\u00e1 bastante generalizado en toda la regi\u00f3n, pero llama la atenci\u00f3n lo fuerte que es en los dos pa\u00edses que m\u00e1s recientemente han elegido presidentes izquierdistas. En el caso del Chile de Gabriel Boric, el FMI cree que su econom\u00eda pasar\u00e1 de crecer un 2,2% este a\u00f1o a contraerse un 1,0% en 2023. Ser\u00e1 el \u00fanico gran pa\u00eds de la regi\u00f3n en negativo, y adem\u00e1s mantendr\u00e1 una elevada inflaci\u00f3n (11,6% y 8,7% en 2022 y 2023, respectivamente).<\/p>\n<p>El otro frenazo m\u00e1s brusco es el de la Colombia de Gustavo Petro. La econom\u00eda pasar\u00e1 de una velocidad de crucero con la que est\u00e1 creciendo un 7,6% este a\u00f1o a solo expandirse un 2,2% en 2023.<\/p>\n<p>Tambi\u00e9n pierden fuelle las dos mayores econom\u00edas de la regi\u00f3n, Brasil y M\u00e9xico. Brasil est\u00e1 yendo este a\u00f1o bastante mejor de lo previsto gracias a los precios de las materias primas, principalmente. El FMI ha elevado la previsi\u00f3n de crecimiento para el conjunto de 2022 en 1,1 puntos, hasta el 2,8%, desde la anterior estimaci\u00f3n publicada en julio. Sin embargo, en 2023 el PIB solo aumentar\u00e1 un 1,0%, seg\u00fan los economistas del Fondo, que en este caso han rebajado su previsi\u00f3n una d\u00e9cima. La inflaci\u00f3n media pasar\u00e1 del 9,4% de este a\u00f1o al 4,7% de 2022.<\/p>\n<p>En M\u00e9xico, en cambio, las cosas ya est\u00e1n peor de lo esperado este mismo a\u00f1o y el informe rebaja en 0,3 puntos su previsi\u00f3n de crecimiento, hasta el 2,1%. Para 2023, mantiene su estimaci\u00f3n de que la econom\u00eda crecer\u00e1 un 1,2%. La inflaci\u00f3n se enquistar\u00e1 m\u00e1s que en Brasil y el Fondo cifra su estimaci\u00f3n en el 8,0% este a\u00f1o y el 6,3%, el pr\u00f3ximo.<\/p>\n<p>Donde la inflaci\u00f3n no da tregua es en Argentina. La subida media de los precios ser\u00e1 del 72% ese a\u00f1o y a\u00fan mayor, de 76%, el pr\u00f3ximo, seg\u00fan las estimaciones del FMI. La econom\u00eda frenar\u00e1 su crecimiento a la mitad, del 4% al 2%. Per\u00fa, Ecuador, Bolivia y Paraguay tendr\u00e1n un escenario macroecon\u00f3mico m\u00e1s favorable. La econom\u00eda frenar\u00e1 menos su crecimiento (acelerar\u00e1 en el caso de Paraguay) y la inflaci\u00f3n estar\u00e1 bastante controlada, seg\u00fan las previsiones.<\/p>\n<p>Venezuela tambi\u00e9n se libra del frenazo, pero es un caso aparte por el enorme empobrecimiento que acumula. Su econom\u00eda se ha contra\u00eddo en los \u00faltimos ocho a\u00f1os hasta representar poco m\u00e1s de la cuarta parte de lo que era en 2013, seg\u00fan las estimaciones del FMI. Ahora, se prev\u00e9 que crezca un 6,0% este a\u00f1o y un 6,5% el pr\u00f3ximo, pero sobre esa m\u00ednima base. Adem\u00e1s, aunque la hiperinflaci\u00f3n ya no es tan alocada como en los \u00faltimos a\u00f1os, el FMI a\u00fan prev\u00e9 que los precios suban de media un 210% este a\u00f1o y un 195% el pr\u00f3ximo.<\/p>\t\t\t\t\t\t\t\t<\/div>\n\t\t\t\t<\/div>\n\t\t\t\t\t<\/div>\n\t\t<\/div>\n\t\t\t\t\t<\/div>\n\t\t<\/section>\n\t\t\t\t<section class=\"elementor-section elementor-top-section elementor-element elementor-element-7255f0e elementor-section-boxed elementor-section-height-default elementor-section-height-default\" data-id=\"7255f0e\" data-element_type=\"section\" data-e-type=\"section\">\n\t\t\t\t\t\t<div class=\"elementor-container elementor-column-gap-default\">\n\t\t\t\t\t<div class=\"elementor-column elementor-col-100 elementor-top-column elementor-element elementor-element-72ef5aa\" data-id=\"72ef5aa\" data-element_type=\"column\" data-e-type=\"column\">\n\t\t\t<div class=\"elementor-widget-wrap elementor-element-populated\">\n\t\t\t\t\t\t<div class=\"elementor-element elementor-element-e06bc5c elementor-headline--style-highlight elementor-widget elementor-widget-animated-headline\" data-id=\"e06bc5c\" data-element_type=\"widget\" data-e-type=\"widget\" data-settings=\"{&quot;highlighted_text&quot;:&quot;reporta El Pa\\u00eds&quot;,&quot;headline_style&quot;:&quot;highlight&quot;,&quot;marker&quot;:&quot;circle&quot;,&quot;loop&quot;:&quot;yes&quot;,&quot;highlight_animation_duration&quot;:1200,&quot;highlight_iteration_delay&quot;:8000}\" data-widget_type=\"animated-headline.default\">\n\t\t\t\t<div class=\"elementor-widget-container\">\n\t\t\t\t\t\t\t\t<a href=\"https:\/\/elpais.com\/economia\/2022-10-11\/el-fmi-preve-un-brusco-frenazo-de-las-economias-de-latinoamerica.html\" target=\"_blank\">\n\n\t\t\t\t\t<p class=\"elementor-headline\">\n\t\t\t\t\t<span class=\"elementor-headline-plain-text elementor-headline-text-wrapper\">Fuente:<\/span>\n\t\t\t\t<span class=\"elementor-headline-dynamic-wrapper elementor-headline-text-wrapper\">\n\t\t\t\t\t<span class=\"elementor-headline-dynamic-text elementor-headline-text-active\">reporta El Pa\u00eds<\/span>\n\t\t\t\t<\/span>\n\t\t\t\t<\/p>\n\t\t<\/a>\t\t\t\t<\/div>\n\t\t\t\t<\/div>\n\t\t\t\t\t<\/div>\n\t\t<\/div>\n\t\t\t\t\t<\/div>\n\t\t<\/section>\n\t\t\t\t<\/div>\n\t\t","protected":false},"excerpt":{"rendered":"<p>La regi\u00f3n crecer\u00e1 un 1,7% en 2023, menos de la mitad que este a\u00f1o, seg\u00fan el FondoLa econom\u00eda latinoamericana crecer\u00e1 este a\u00f1o la mitad que en 2020 y el pr\u00f3ximo a\u00f1o, la mitad que este, seg\u00fan las previsiones publicadas este martes por el Fondo Monetario Internacional (FMI) en su informe Perspectivas de la Econom\u00eda Mundial.&hellip;<\/p>\n","protected":false},"author":1,"featured_media":65733,"comment_status":"open","ping_status":"closed","sticky":false,"template":"","format":"standard","meta":{"content-type":"","_joinchat":[],"footnotes":""},"categories":[4],"tags":[],"class_list":["post-65731","post","type-post","status-publish","format-standard","has-post-thumbnail","hentry","category-sin-categoria"],"yoast_head":"<!-- This site is optimized with the Yoast SEO plugin v27.5 - https:\/\/yoast.com\/product\/yoast-seo-wordpress\/ -->\n<title>El FMI prev\u00e9 un brusco frenazo de las econom\u00edas de Latinoam\u00e9rica - Santa Fe Casa de Valores S.A.<\/title>\n<meta name=\"robots\" content=\"index, follow, max-snippet:-1, max-image-preview:large, max-video-preview:-1\" \/>\n<link rel=\"canonical\" href=\"https:\/\/www.santafevalores.com\/index.php\/2022\/10\/11\/el-fmi-preve-un-brusco-frenazo-de-las-economias-de-latinoamerica\/\" \/>\n<meta property=\"og:locale\" content=\"es_ES\" \/>\n<meta property=\"og:type\" content=\"article\" \/>\n<meta property=\"og:title\" content=\"El FMI prev\u00e9 un brusco frenazo de las econom\u00edas de Latinoam\u00e9rica - Santa Fe Casa de Valores S.A.\" \/>\n<meta property=\"og:description\" content=\"La regi\u00f3n crecer\u00e1 un 1,7% en 2023, menos de la mitad que este a\u00f1o, seg\u00fan el FondoLa econom\u00eda latinoamericana crecer\u00e1 este a\u00f1o la mitad que en 2020 y el pr\u00f3ximo a\u00f1o, la mitad que este, seg\u00fan las previsiones publicadas este martes por el Fondo Monetario Internacional (FMI) en su informe Perspectivas de la Econom\u00eda Mundial.&hellip;\" \/>\n<meta property=\"og:url\" content=\"https:\/\/www.santafevalores.com\/index.php\/2022\/10\/11\/el-fmi-preve-un-brusco-frenazo-de-las-economias-de-latinoamerica\/\" \/>\n<meta property=\"og:site_name\" content=\"Santa Fe Casa de Valores S.A.\" \/>\n<meta property=\"article:publisher\" content=\"https:\/\/www.facebook.com\/santafevalores\/\" \/>\n<meta property=\"article:published_time\" content=\"2022-10-11T17:17:33+00:00\" \/>\n<meta property=\"og:image\" content=\"https:\/\/www.santafevalores.com\/wp-content\/uploads\/2022\/10\/YG7UYBWNOFCOVI3OCHNTFNBY6A.jpg\" \/>\n\t<meta property=\"og:image:width\" content=\"1960\" \/>\n\t<meta property=\"og:image:height\" content=\"1307\" \/>\n\t<meta property=\"og:image:type\" content=\"image\/jpeg\" \/>\n<meta name=\"author\" content=\"admin\" \/>\n<meta name=\"twitter:card\" content=\"summary_large_image\" \/>\n<meta name=\"twitter:creator\" content=\"@SantaFeValores\" \/>\n<meta name=\"twitter:site\" content=\"@SantaFeValores\" \/>\n<meta name=\"twitter:label1\" content=\"Escrito por\" \/>\n\t<meta name=\"twitter:data1\" content=\"admin\" \/>\n\t<meta name=\"twitter:label2\" content=\"Tiempo de lectura\" \/>\n\t<meta name=\"twitter:data2\" content=\"5 minutos\" \/>\n<script type=\"application\/ld+json\" class=\"yoast-schema-graph\">{\"@context\":\"https:\\\/\\\/schema.org\",\"@graph\":[{\"@type\":\"Article\",\"@id\":\"https:\\\/\\\/www.santafevalores.com\\\/index.php\\\/2022\\\/10\\\/11\\\/el-fmi-preve-un-brusco-frenazo-de-las-economias-de-latinoamerica\\\/#article\",\"isPartOf\":{\"@id\":\"https:\\\/\\\/www.santafevalores.com\\\/index.php\\\/2022\\\/10\\\/11\\\/el-fmi-preve-un-brusco-frenazo-de-las-economias-de-latinoamerica\\\/\"},\"author\":{\"name\":\"admin\",\"@id\":\"https:\\\/\\\/www.santafevalores.com\\\/#\\\/schema\\\/person\\\/d965a42370507d0a1638e69158bb5835\"},\"headline\":\"El FMI prev\u00e9 un brusco frenazo de las econom\u00edas de Latinoam\u00e9rica\",\"datePublished\":\"2022-10-11T17:17:33+00:00\",\"mainEntityOfPage\":{\"@id\":\"https:\\\/\\\/www.santafevalores.com\\\/index.php\\\/2022\\\/10\\\/11\\\/el-fmi-preve-un-brusco-frenazo-de-las-economias-de-latinoamerica\\\/\"},\"wordCount\":921,\"commentCount\":0,\"publisher\":{\"@id\":\"https:\\\/\\\/www.santafevalores.com\\\/#organization\"},\"image\":{\"@id\":\"https:\\\/\\\/www.santafevalores.com\\\/index.php\\\/2022\\\/10\\\/11\\\/el-fmi-preve-un-brusco-frenazo-de-las-economias-de-latinoamerica\\\/#primaryimage\"},\"thumbnailUrl\":\"https:\\\/\\\/www.santafevalores.com\\\/wp-content\\\/uploads\\\/2022\\\/10\\\/YG7UYBWNOFCOVI3OCHNTFNBY6A.jpg\",\"inLanguage\":\"es\",\"potentialAction\":[{\"@type\":\"CommentAction\",\"name\":\"Comment\",\"target\":[\"https:\\\/\\\/www.santafevalores.com\\\/index.php\\\/2022\\\/10\\\/11\\\/el-fmi-preve-un-brusco-frenazo-de-las-economias-de-latinoamerica\\\/#respond\"]}]},{\"@type\":\"WebPage\",\"@id\":\"https:\\\/\\\/www.santafevalores.com\\\/index.php\\\/2022\\\/10\\\/11\\\/el-fmi-preve-un-brusco-frenazo-de-las-economias-de-latinoamerica\\\/\",\"url\":\"https:\\\/\\\/www.santafevalores.com\\\/index.php\\\/2022\\\/10\\\/11\\\/el-fmi-preve-un-brusco-frenazo-de-las-economias-de-latinoamerica\\\/\",\"name\":\"El FMI prev\u00e9 un brusco frenazo de las econom\u00edas de Latinoam\u00e9rica - Santa Fe Casa de Valores S.A.\",\"isPartOf\":{\"@id\":\"https:\\\/\\\/www.santafevalores.com\\\/#website\"},\"primaryImageOfPage\":{\"@id\":\"https:\\\/\\\/www.santafevalores.com\\\/index.php\\\/2022\\\/10\\\/11\\\/el-fmi-preve-un-brusco-frenazo-de-las-economias-de-latinoamerica\\\/#primaryimage\"},\"image\":{\"@id\":\"https:\\\/\\\/www.santafevalores.com\\\/index.php\\\/2022\\\/10\\\/11\\\/el-fmi-preve-un-brusco-frenazo-de-las-economias-de-latinoamerica\\\/#primaryimage\"},\"thumbnailUrl\":\"https:\\\/\\\/www.santafevalores.com\\\/wp-content\\\/uploads\\\/2022\\\/10\\\/YG7UYBWNOFCOVI3OCHNTFNBY6A.jpg\",\"datePublished\":\"2022-10-11T17:17:33+00:00\",\"breadcrumb\":{\"@id\":\"https:\\\/\\\/www.santafevalores.com\\\/index.php\\\/2022\\\/10\\\/11\\\/el-fmi-preve-un-brusco-frenazo-de-las-economias-de-latinoamerica\\\/#breadcrumb\"},\"inLanguage\":\"es\",\"potentialAction\":[{\"@type\":\"ReadAction\",\"target\":[\"https:\\\/\\\/www.santafevalores.com\\\/index.php\\\/2022\\\/10\\\/11\\\/el-fmi-preve-un-brusco-frenazo-de-las-economias-de-latinoamerica\\\/\"]}]},{\"@type\":\"ImageObject\",\"inLanguage\":\"es\",\"@id\":\"https:\\\/\\\/www.santafevalores.com\\\/index.php\\\/2022\\\/10\\\/11\\\/el-fmi-preve-un-brusco-frenazo-de-las-economias-de-latinoamerica\\\/#primaryimage\",\"url\":\"https:\\\/\\\/www.santafevalores.com\\\/wp-content\\\/uploads\\\/2022\\\/10\\\/YG7UYBWNOFCOVI3OCHNTFNBY6A.jpg\",\"contentUrl\":\"https:\\\/\\\/www.santafevalores.com\\\/wp-content\\\/uploads\\\/2022\\\/10\\\/YG7UYBWNOFCOVI3OCHNTFNBY6A.jpg\",\"width\":1960,\"height\":1307,\"caption\":\"A vendor at a market in Toluca, Mexico state, Mexico, on Tuesday, Aug. 9, 2022. Soaring prices of food and fuel across Latin America are hitting the poor the hardest, creating a political tinderbox that\u2019s a warning to the world. Photographer: Luis Antonio Rojas\\\/Bloomberg\"},{\"@type\":\"BreadcrumbList\",\"@id\":\"https:\\\/\\\/www.santafevalores.com\\\/index.php\\\/2022\\\/10\\\/11\\\/el-fmi-preve-un-brusco-frenazo-de-las-economias-de-latinoamerica\\\/#breadcrumb\",\"itemListElement\":[{\"@type\":\"ListItem\",\"position\":1,\"name\":\"Portada\",\"item\":\"https:\\\/\\\/www.santafevalores.com\\\/\"},{\"@type\":\"ListItem\",\"position\":2,\"name\":\"El FMI prev\u00e9 un brusco frenazo de las econom\u00edas de Latinoam\u00e9rica\"}]},{\"@type\":\"WebSite\",\"@id\":\"https:\\\/\\\/www.santafevalores.com\\\/#website\",\"url\":\"https:\\\/\\\/www.santafevalores.com\\\/\",\"name\":\"Santa Fe Casa de Valores S.A.\",\"description\":\"\",\"publisher\":{\"@id\":\"https:\\\/\\\/www.santafevalores.com\\\/#organization\"},\"potentialAction\":[{\"@type\":\"SearchAction\",\"target\":{\"@type\":\"EntryPoint\",\"urlTemplate\":\"https:\\\/\\\/www.santafevalores.com\\\/?s={search_term_string}\"},\"query-input\":{\"@type\":\"PropertyValueSpecification\",\"valueRequired\":true,\"valueName\":\"search_term_string\"}}],\"inLanguage\":\"es\"},{\"@type\":\"Organization\",\"@id\":\"https:\\\/\\\/www.santafevalores.com\\\/#organization\",\"name\":\"Santa Fe Casa de Valores S.A.\",\"alternateName\":\"SANTAFEVALORES\",\"url\":\"https:\\\/\\\/www.santafevalores.com\\\/\",\"logo\":{\"@type\":\"ImageObject\",\"inLanguage\":\"es\",\"@id\":\"https:\\\/\\\/www.santafevalores.com\\\/#\\\/schema\\\/logo\\\/image\\\/\",\"url\":\"https:\\\/\\\/www.santafevalores.com\\\/wp-content\\\/uploads\\\/2022\\\/06\\\/logo1.png\",\"contentUrl\":\"https:\\\/\\\/www.santafevalores.com\\\/wp-content\\\/uploads\\\/2022\\\/06\\\/logo1.png\",\"width\":235,\"height\":71,\"caption\":\"Santa Fe Casa de Valores S.A.\"},\"image\":{\"@id\":\"https:\\\/\\\/www.santafevalores.com\\\/#\\\/schema\\\/logo\\\/image\\\/\"},\"sameAs\":[\"https:\\\/\\\/www.facebook.com\\\/santafevalores\\\/\",\"https:\\\/\\\/x.com\\\/SantaFeValores\"]},{\"@type\":\"Person\",\"@id\":\"https:\\\/\\\/www.santafevalores.com\\\/#\\\/schema\\\/person\\\/d965a42370507d0a1638e69158bb5835\",\"name\":\"admin\",\"image\":{\"@type\":\"ImageObject\",\"inLanguage\":\"es\",\"@id\":\"https:\\\/\\\/secure.gravatar.com\\\/avatar\\\/97ec7f9eb6068ddac59d3806ca0034c167fce748f524adcfad8629911220756f?s=96&d=mm&r=g\",\"url\":\"https:\\\/\\\/secure.gravatar.com\\\/avatar\\\/97ec7f9eb6068ddac59d3806ca0034c167fce748f524adcfad8629911220756f?s=96&d=mm&r=g\",\"contentUrl\":\"https:\\\/\\\/secure.gravatar.com\\\/avatar\\\/97ec7f9eb6068ddac59d3806ca0034c167fce748f524adcfad8629911220756f?s=96&d=mm&r=g\",\"caption\":\"admin\"},\"sameAs\":[\"https:\\\/\\\/www.santafevalores.com\"],\"url\":\"https:\\\/\\\/www.santafevalores.com\\\/index.php\\\/author\\\/santafevaloresuio_ggv0vv79\\\/\"}]}<\/script>\n<!-- \/ Yoast SEO plugin. -->","yoast_head_json":{"title":"El FMI prev\u00e9 un brusco frenazo de las econom\u00edas de Latinoam\u00e9rica - Santa Fe Casa de Valores S.A.","robots":{"index":"index","follow":"follow","max-snippet":"max-snippet:-1","max-image-preview":"max-image-preview:large","max-video-preview":"max-video-preview:-1"},"canonical":"https:\/\/www.santafevalores.com\/index.php\/2022\/10\/11\/el-fmi-preve-un-brusco-frenazo-de-las-economias-de-latinoamerica\/","og_locale":"es_ES","og_type":"article","og_title":"El FMI prev\u00e9 un brusco frenazo de las econom\u00edas de Latinoam\u00e9rica - Santa Fe Casa de Valores S.A.","og_description":"La regi\u00f3n crecer\u00e1 un 1,7% en 2023, menos de la mitad que este a\u00f1o, seg\u00fan el FondoLa econom\u00eda latinoamericana crecer\u00e1 este a\u00f1o la mitad que en 2020 y el pr\u00f3ximo a\u00f1o, la mitad que este, seg\u00fan las previsiones publicadas este martes por el Fondo Monetario Internacional (FMI) en su informe Perspectivas de la Econom\u00eda Mundial.&hellip;","og_url":"https:\/\/www.santafevalores.com\/index.php\/2022\/10\/11\/el-fmi-preve-un-brusco-frenazo-de-las-economias-de-latinoamerica\/","og_site_name":"Santa Fe Casa de Valores S.A.","article_publisher":"https:\/\/www.facebook.com\/santafevalores\/","article_published_time":"2022-10-11T17:17:33+00:00","og_image":[{"width":1960,"height":1307,"url":"https:\/\/www.santafevalores.com\/wp-content\/uploads\/2022\/10\/YG7UYBWNOFCOVI3OCHNTFNBY6A.jpg","type":"image\/jpeg"}],"author":"admin","twitter_card":"summary_large_image","twitter_creator":"@SantaFeValores","twitter_site":"@SantaFeValores","twitter_misc":{"Escrito por":"admin","Tiempo de lectura":"5 minutos"},"schema":{"@context":"https:\/\/schema.org","@graph":[{"@type":"Article","@id":"https:\/\/www.santafevalores.com\/index.php\/2022\/10\/11\/el-fmi-preve-un-brusco-frenazo-de-las-economias-de-latinoamerica\/#article","isPartOf":{"@id":"https:\/\/www.santafevalores.com\/index.php\/2022\/10\/11\/el-fmi-preve-un-brusco-frenazo-de-las-economias-de-latinoamerica\/"},"author":{"name":"admin","@id":"https:\/\/www.santafevalores.com\/#\/schema\/person\/d965a42370507d0a1638e69158bb5835"},"headline":"El FMI prev\u00e9 un brusco frenazo de las econom\u00edas de Latinoam\u00e9rica","datePublished":"2022-10-11T17:17:33+00:00","mainEntityOfPage":{"@id":"https:\/\/www.santafevalores.com\/index.php\/2022\/10\/11\/el-fmi-preve-un-brusco-frenazo-de-las-economias-de-latinoamerica\/"},"wordCount":921,"commentCount":0,"publisher":{"@id":"https:\/\/www.santafevalores.com\/#organization"},"image":{"@id":"https:\/\/www.santafevalores.com\/index.php\/2022\/10\/11\/el-fmi-preve-un-brusco-frenazo-de-las-economias-de-latinoamerica\/#primaryimage"},"thumbnailUrl":"https:\/\/www.santafevalores.com\/wp-content\/uploads\/2022\/10\/YG7UYBWNOFCOVI3OCHNTFNBY6A.jpg","inLanguage":"es","potentialAction":[{"@type":"CommentAction","name":"Comment","target":["https:\/\/www.santafevalores.com\/index.php\/2022\/10\/11\/el-fmi-preve-un-brusco-frenazo-de-las-economias-de-latinoamerica\/#respond"]}]},{"@type":"WebPage","@id":"https:\/\/www.santafevalores.com\/index.php\/2022\/10\/11\/el-fmi-preve-un-brusco-frenazo-de-las-economias-de-latinoamerica\/","url":"https:\/\/www.santafevalores.com\/index.php\/2022\/10\/11\/el-fmi-preve-un-brusco-frenazo-de-las-economias-de-latinoamerica\/","name":"El FMI prev\u00e9 un brusco frenazo de las econom\u00edas de Latinoam\u00e9rica - Santa Fe Casa de Valores S.A.","isPartOf":{"@id":"https:\/\/www.santafevalores.com\/#website"},"primaryImageOfPage":{"@id":"https:\/\/www.santafevalores.com\/index.php\/2022\/10\/11\/el-fmi-preve-un-brusco-frenazo-de-las-economias-de-latinoamerica\/#primaryimage"},"image":{"@id":"https:\/\/www.santafevalores.com\/index.php\/2022\/10\/11\/el-fmi-preve-un-brusco-frenazo-de-las-economias-de-latinoamerica\/#primaryimage"},"thumbnailUrl":"https:\/\/www.santafevalores.com\/wp-content\/uploads\/2022\/10\/YG7UYBWNOFCOVI3OCHNTFNBY6A.jpg","datePublished":"2022-10-11T17:17:33+00:00","breadcrumb":{"@id":"https:\/\/www.santafevalores.com\/index.php\/2022\/10\/11\/el-fmi-preve-un-brusco-frenazo-de-las-economias-de-latinoamerica\/#breadcrumb"},"inLanguage":"es","potentialAction":[{"@type":"ReadAction","target":["https:\/\/www.santafevalores.com\/index.php\/2022\/10\/11\/el-fmi-preve-un-brusco-frenazo-de-las-economias-de-latinoamerica\/"]}]},{"@type":"ImageObject","inLanguage":"es","@id":"https:\/\/www.santafevalores.com\/index.php\/2022\/10\/11\/el-fmi-preve-un-brusco-frenazo-de-las-economias-de-latinoamerica\/#primaryimage","url":"https:\/\/www.santafevalores.com\/wp-content\/uploads\/2022\/10\/YG7UYBWNOFCOVI3OCHNTFNBY6A.jpg","contentUrl":"https:\/\/www.santafevalores.com\/wp-content\/uploads\/2022\/10\/YG7UYBWNOFCOVI3OCHNTFNBY6A.jpg","width":1960,"height":1307,"caption":"A vendor at a market in Toluca, Mexico state, Mexico, on Tuesday, Aug. 9, 2022. Soaring prices of food and fuel across Latin America are hitting the poor the hardest, creating a political tinderbox that\u2019s a warning to the world. Photographer: Luis Antonio Rojas\/Bloomberg"},{"@type":"BreadcrumbList","@id":"https:\/\/www.santafevalores.com\/index.php\/2022\/10\/11\/el-fmi-preve-un-brusco-frenazo-de-las-economias-de-latinoamerica\/#breadcrumb","itemListElement":[{"@type":"ListItem","position":1,"name":"Portada","item":"https:\/\/www.santafevalores.com\/"},{"@type":"ListItem","position":2,"name":"El FMI prev\u00e9 un brusco frenazo de las econom\u00edas de Latinoam\u00e9rica"}]},{"@type":"WebSite","@id":"https:\/\/www.santafevalores.com\/#website","url":"https:\/\/www.santafevalores.com\/","name":"Santa Fe Casa de Valores S.A.","description":"","publisher":{"@id":"https:\/\/www.santafevalores.com\/#organization"},"potentialAction":[{"@type":"SearchAction","target":{"@type":"EntryPoint","urlTemplate":"https:\/\/www.santafevalores.com\/?s={search_term_string}"},"query-input":{"@type":"PropertyValueSpecification","valueRequired":true,"valueName":"search_term_string"}}],"inLanguage":"es"},{"@type":"Organization","@id":"https:\/\/www.santafevalores.com\/#organization","name":"Santa Fe Casa de Valores S.A.","alternateName":"SANTAFEVALORES","url":"https:\/\/www.santafevalores.com\/","logo":{"@type":"ImageObject","inLanguage":"es","@id":"https:\/\/www.santafevalores.com\/#\/schema\/logo\/image\/","url":"https:\/\/www.santafevalores.com\/wp-content\/uploads\/2022\/06\/logo1.png","contentUrl":"https:\/\/www.santafevalores.com\/wp-content\/uploads\/2022\/06\/logo1.png","width":235,"height":71,"caption":"Santa Fe Casa de Valores S.A."},"image":{"@id":"https:\/\/www.santafevalores.com\/#\/schema\/logo\/image\/"},"sameAs":["https:\/\/www.facebook.com\/santafevalores\/","https:\/\/x.com\/SantaFeValores"]},{"@type":"Person","@id":"https:\/\/www.santafevalores.com\/#\/schema\/person\/d965a42370507d0a1638e69158bb5835","name":"admin","image":{"@type":"ImageObject","inLanguage":"es","@id":"https:\/\/secure.gravatar.com\/avatar\/97ec7f9eb6068ddac59d3806ca0034c167fce748f524adcfad8629911220756f?s=96&d=mm&r=g","url":"https:\/\/secure.gravatar.com\/avatar\/97ec7f9eb6068ddac59d3806ca0034c167fce748f524adcfad8629911220756f?s=96&d=mm&r=g","contentUrl":"https:\/\/secure.gravatar.com\/avatar\/97ec7f9eb6068ddac59d3806ca0034c167fce748f524adcfad8629911220756f?s=96&d=mm&r=g","caption":"admin"},"sameAs":["https:\/\/www.santafevalores.com"],"url":"https:\/\/www.santafevalores.com\/index.php\/author\/santafevaloresuio_ggv0vv79\/"}]}},"_links":{"self":[{"href":"https:\/\/www.santafevalores.com\/index.php\/wp-json\/wp\/v2\/posts\/65731","targetHints":{"allow":["GET"]}}],"collection":[{"href":"https:\/\/www.santafevalores.com\/index.php\/wp-json\/wp\/v2\/posts"}],"about":[{"href":"https:\/\/www.santafevalores.com\/index.php\/wp-json\/wp\/v2\/types\/post"}],"author":[{"embeddable":true,"href":"https:\/\/www.santafevalores.com\/index.php\/wp-json\/wp\/v2\/users\/1"}],"replies":[{"embeddable":true,"href":"https:\/\/www.santafevalores.com\/index.php\/wp-json\/wp\/v2\/comments?post=65731"}],"version-history":[{"count":0,"href":"https:\/\/www.santafevalores.com\/index.php\/wp-json\/wp\/v2\/posts\/65731\/revisions"}],"wp:featuredmedia":[{"embeddable":true,"href":"https:\/\/www.santafevalores.com\/index.php\/wp-json\/wp\/v2\/media\/65733"}],"wp:attachment":[{"href":"https:\/\/www.santafevalores.com\/index.php\/wp-json\/wp\/v2\/media?parent=65731"}],"wp:term":[{"taxonomy":"category","embeddable":true,"href":"https:\/\/www.santafevalores.com\/index.php\/wp-json\/wp\/v2\/categories?post=65731"},{"taxonomy":"post_tag","embeddable":true,"href":"https:\/\/www.santafevalores.com\/index.php\/wp-json\/wp\/v2\/tags?post=65731"}],"curies":[{"name":"wp","href":"https:\/\/api.w.org\/{rel}","templated":true}]}}