{"id":65823,"date":"2022-10-18T13:28:49","date_gmt":"2022-10-18T18:28:49","guid":{"rendered":"https:\/\/santafevalores.com\/?p=65823"},"modified":"2022-10-18T13:28:49","modified_gmt":"2022-10-18T18:28:49","slug":"hasta-el-anuncio-de-recomprar-deuda-incide-en-que-riesgo-pais-se-acerque-a-los-2-000-puntos","status":"publish","type":"post","link":"https:\/\/www.santafevalores.com\/index.php\/2022\/10\/18\/hasta-el-anuncio-de-recomprar-deuda-incide-en-que-riesgo-pais-se-acerque-a-los-2-000-puntos\/","title":{"rendered":"Hasta el anuncio de recomprar deuda incide en que riesgo pa\u00eds se acerque a los 2.000 puntos"},"content":{"rendered":"\t\t<div data-elementor-type=\"wp-post\" data-elementor-id=\"65823\" class=\"elementor elementor-65823\" data-elementor-post-type=\"post\">\n\t\t\t\t\t\t<section class=\"elementor-section elementor-top-section elementor-element elementor-element-a10c3d7 elementor-section-boxed elementor-section-height-default elementor-section-height-default\" data-id=\"a10c3d7\" data-element_type=\"section\" data-e-type=\"section\">\n\t\t\t\t\t\t<div class=\"elementor-container elementor-column-gap-default\">\n\t\t\t\t\t<div class=\"elementor-column elementor-col-100 elementor-top-column elementor-element elementor-element-248bc9f\" data-id=\"248bc9f\" data-element_type=\"column\" data-e-type=\"column\">\n\t\t\t<div class=\"elementor-widget-wrap elementor-element-populated\">\n\t\t\t\t\t\t<div class=\"elementor-element elementor-element-f1444d7 elementor-widget elementor-widget-image\" data-id=\"f1444d7\" data-element_type=\"widget\" data-e-type=\"widget\" data-widget_type=\"image.default\">\n\t\t\t\t<div class=\"elementor-widget-container\">\n\t\t\t\t\t\t\t\t\t\t\t\t\t\t\t<img fetchpriority=\"high\" decoding=\"async\" width=\"1005\" height=\"670\" src=\"https:\/\/www.santafevalores.com\/wp-content\/uploads\/2022\/10\/QLUTIJSJFKEXAOF3AHETRPJTYQ.jpg\" class=\"attachment-large size-large wp-image-65825\" alt=\"\" srcset=\"https:\/\/www.santafevalores.com\/wp-content\/uploads\/2022\/10\/QLUTIJSJFKEXAOF3AHETRPJTYQ.jpg 1005w, https:\/\/www.santafevalores.com\/wp-content\/uploads\/2022\/10\/QLUTIJSJFKEXAOF3AHETRPJTYQ-300x200.jpg 300w, https:\/\/www.santafevalores.com\/wp-content\/uploads\/2022\/10\/QLUTIJSJFKEXAOF3AHETRPJTYQ-768x512.jpg 768w\" sizes=\"(max-width: 1005px) 100vw, 1005px\" \/>\t\t\t\t\t\t\t\t\t\t\t\t\t\t\t<\/div>\n\t\t\t\t<\/div>\n\t\t\t\t\t<\/div>\n\t\t<\/div>\n\t\t\t\t\t<\/div>\n\t\t<\/section>\n\t\t\t\t<section class=\"elementor-section elementor-top-section elementor-element elementor-element-9648a1e elementor-section-boxed elementor-section-height-default elementor-section-height-default\" data-id=\"9648a1e\" data-element_type=\"section\" data-e-type=\"section\">\n\t\t\t\t\t\t<div class=\"elementor-container elementor-column-gap-default\">\n\t\t\t\t\t<div class=\"elementor-column elementor-col-100 elementor-top-column elementor-element elementor-element-8a192ca\" data-id=\"8a192ca\" data-element_type=\"column\" data-e-type=\"column\">\n\t\t\t<div class=\"elementor-widget-wrap elementor-element-populated\">\n\t\t\t\t\t\t<div class=\"elementor-element elementor-element-2c6671e elementor-widget elementor-widget-text-editor\" data-id=\"2c6671e\" data-element_type=\"widget\" data-e-type=\"widget\" data-widget_type=\"text-editor.default\">\n\t\t\t\t<div class=\"elementor-widget-container\">\n\t\t\t\t\t\t\t\t\t<p>Los problemas que aquejan a todos los pa\u00edses, como la guerra y el precio del petr\u00f3leo, se suman a los propios del Gobierno.<br \/>La guerra que recrudece en Europa del Este, los mercados petroleros vol\u00e1tiles, las previsiones hechas desde afuera de que se viene una recesi\u00f3n que va a golpear a las econom\u00edas m\u00e1s d\u00e9biles, las complicaciones de un norte en la pol\u00edtica econ\u00f3mica de Ecuador por las diferencias con la Asamblea Nacional y hasta que el presidente Guillermo Lasso piense en una recompra de bonos: todo confluye en que el riesgo pa\u00eds lleve cuatro meses subiendo.<\/p><p>La semana pasada lleg\u00f3 a sus picos m\u00e1s altos en dos a\u00f1os. El mi\u00e9rcoles alcanz\u00f3 1.841 puntos, el jueves escal\u00f3 a 1.945, para cerrar el viernes en 1.883, de acuerdo con los datos publicados por el Banco Central del Ecuador.<\/p><p>Y es que, con ese marco internacional, los mercados perciben que habr\u00e1 un golpe en las finanzas p\u00fablicas de los pa\u00edses en v\u00edas de desarrollo, como Ecuador. A nivel interno, el punto de partida de esta escalada del riesgo pa\u00eds \u2014que antes estaba en entre 700 y 800 puntos\u2014 fue el paro nacional de junio. \u201c(Pero) de ah\u00ed estamos viendo que los conflictos internos que se dan con la Asamblea Nacional de no pasar reformas est\u00e1n generando de una o de otra forma que los mercados internacionales vean que la pol\u00edtica del Gobierno no pueda ser sostenible en el tiempo\u201d, indica el analista Larry Yumibanda, del C\u00edrculo de Econom\u00eda de Guayaquil.<\/p><p>Considera que se percibe que se podr\u00eda caer en procesos de renegociaci\u00f3n de la deuda, como la que hizo Len\u00edn Moreno con los tenedores de bonos y la que hizo el Gobierno de Guillermo Lasso con China; incluso cree que la renegociaci\u00f3n con China nos juega en contra. \u201cEso parece que perciben los mercados internacionales: que puedan entrar en otro proceso de renegociaci\u00f3n de la deuda con otro tramo de los bonos de cara a los pr\u00f3ximos meses. Y adicionalmente el Gobierno ha dicho que es el momento para recomprar bonos; eso tambi\u00e9n podr\u00eda generar alg\u00fan tipo de especulaci\u00f3n\u201d. Menciona que, \u201cante un escenario de un posible default, que no es el caso todav\u00eda, puede que est\u00e9n tomando precauciones los mercados internacionales subi\u00e9ndole el riesgo pa\u00eds a trav\u00e9s de las calificadoras\u201d.<br \/>En este escenario, el ministro de Econom\u00eda, Pablo Arosemena, fue a Washington a reunirse con organismos multilaterales. Yumibanda dice que fue al Fondo Monetario Internacional (FMI) a afianzar que le aseguren los recursos para el pago de la deuda.<\/p><p>El Ministerio de Econom\u00eda asegura que all\u00e1 se logr\u00f3 fortalecer el respaldo de la comunidad internacional al Plan Econ\u00f3mico Reactivaci\u00f3n del Gobierno.<\/p><p>Con la directora del Fondo, Kristalina Georgieva, se abord\u00f3 el esfuerzo del Ecuador por alcanzar la sostenibilidad de sus finanzas p\u00fablicas y un crecimiento econ\u00f3mico inclusivo. Arosemena espera que el pa\u00eds termine con \u00e9xito el acuerdo con el FMI.<\/p><p>Tambi\u00e9n convers\u00f3 con Michael Kaplan, subsecretario adjunto para el Hemisferio Occidental del Departamento del Tesoro, donde se resalt\u00f3 la solidez de los indicadores econ\u00f3micos ecuatorianos y se analizaron mecanismos de respaldo al pa\u00eds.<br \/>Con Felipe Jaramillo, vicepresidente para Am\u00e9rica Latina y el Caribe del Banco Mundial, y Erivaldo Gomes, director ejecutivo del Banco Mundial, se analiz\u00f3 la importancia de que Ecuador contin\u00fae con el respaldo financiero de este multilateral para la protecci\u00f3n ambiental y programas de desarrollo que ayuden, entre otros fines, a combatir a la desnutrici\u00f3n cr\u00f3nica infantil.<\/p><p>En la cita con Junaid Kamal Ahmad, del Organismo Multilateral de Garant\u00eda de Inversiones (MIGA, por sus siglas en ingl\u00e9s), se solicitaron garant\u00edas de respaldo a inversiones del sector productivo ecuatoriano de alto impacto y que generen empleo de calidad.<\/p>\t\t\t\t\t\t\t\t<\/div>\n\t\t\t\t<\/div>\n\t\t\t\t\t<\/div>\n\t\t<\/div>\n\t\t\t\t\t<\/div>\n\t\t<\/section>\n\t\t\t\t<section class=\"elementor-section elementor-top-section elementor-element elementor-element-d2ad581 elementor-section-boxed elementor-section-height-default elementor-section-height-default\" data-id=\"d2ad581\" data-element_type=\"section\" data-e-type=\"section\">\n\t\t\t\t\t\t<div class=\"elementor-container elementor-column-gap-default\">\n\t\t\t\t\t<div class=\"elementor-column elementor-col-100 elementor-top-column elementor-element elementor-element-7b2f481\" data-id=\"7b2f481\" data-element_type=\"column\" data-e-type=\"column\">\n\t\t\t<div class=\"elementor-widget-wrap elementor-element-populated\">\n\t\t\t\t\t\t<div class=\"elementor-element elementor-element-63289f9 elementor-headline--style-highlight elementor-widget elementor-widget-animated-headline\" data-id=\"63289f9\" data-element_type=\"widget\" data-e-type=\"widget\" data-settings=\"{&quot;highlighted_text&quot;:&quot;reporta El Universo&quot;,&quot;headline_style&quot;:&quot;highlight&quot;,&quot;marker&quot;:&quot;circle&quot;,&quot;loop&quot;:&quot;yes&quot;,&quot;highlight_animation_duration&quot;:1200,&quot;highlight_iteration_delay&quot;:8000}\" data-widget_type=\"animated-headline.default\">\n\t\t\t\t<div class=\"elementor-widget-container\">\n\t\t\t\t\t\t\t\t<a href=\"https:\/\/www.eluniverso.com\/noticias\/economia\/hasta-el-anuncio-de-recomprar-deuda-incide-en-que-riesgo-pais-se-acerque-a-los-2000-puntos-nota\/\" target=\"_blank\">\n\n\t\t\t\t\t<p class=\"elementor-headline\">\n\t\t\t\t\t<span class=\"elementor-headline-plain-text elementor-headline-text-wrapper\">Fuente:<\/span>\n\t\t\t\t<span class=\"elementor-headline-dynamic-wrapper elementor-headline-text-wrapper\">\n\t\t\t\t\t<span class=\"elementor-headline-dynamic-text elementor-headline-text-active\">reporta El Universo<\/span>\n\t\t\t\t<\/span>\n\t\t\t\t<\/p>\n\t\t<\/a>\t\t\t\t<\/div>\n\t\t\t\t<\/div>\n\t\t\t\t\t<\/div>\n\t\t<\/div>\n\t\t\t\t\t<\/div>\n\t\t<\/section>\n\t\t\t\t<\/div>\n\t\t","protected":false},"excerpt":{"rendered":"<p>Los problemas que aquejan a todos los pa\u00edses, como la guerra y el precio del petr\u00f3leo, se suman a los propios del Gobierno. La guerra que recrudece en Europa del Este, los mercados petroleros vol\u00e1tiles, las previsiones hechas desde afuera de que se viene una recesi\u00f3n que va a golpear a las econom\u00edas m\u00e1s d\u00e9biles,&hellip;<\/p>\n","protected":false},"author":1,"featured_media":65825,"comment_status":"open","ping_status":"closed","sticky":false,"template":"","format":"standard","meta":{"content-type":"","_joinchat":[],"footnotes":""},"categories":[4],"tags":[],"class_list":["post-65823","post","type-post","status-publish","format-standard","has-post-thumbnail","hentry","category-sin-categoria"],"yoast_head":"<!-- This site is optimized with the Yoast SEO plugin v27.5 - https:\/\/yoast.com\/product\/yoast-seo-wordpress\/ -->\n<title>Hasta el anuncio de recomprar deuda incide en que riesgo pa\u00eds se acerque a los 2.000 puntos - Santa Fe Casa de Valores S.A.<\/title>\n<meta name=\"robots\" content=\"index, follow, max-snippet:-1, max-image-preview:large, max-video-preview:-1\" \/>\n<link rel=\"canonical\" href=\"https:\/\/www.santafevalores.com\/index.php\/2022\/10\/18\/hasta-el-anuncio-de-recomprar-deuda-incide-en-que-riesgo-pais-se-acerque-a-los-2-000-puntos\/\" \/>\n<meta property=\"og:locale\" content=\"es_ES\" \/>\n<meta property=\"og:type\" content=\"article\" \/>\n<meta property=\"og:title\" content=\"Hasta el anuncio de recomprar deuda incide en que riesgo pa\u00eds se acerque a los 2.000 puntos - Santa Fe Casa de Valores S.A.\" \/>\n<meta property=\"og:description\" content=\"Los problemas que aquejan a todos los pa\u00edses, como la guerra y el precio del petr\u00f3leo, se suman a los propios del Gobierno. La guerra que recrudece en Europa del Este, los mercados petroleros vol\u00e1tiles, las previsiones hechas desde afuera de que se viene una recesi\u00f3n que va a golpear a las econom\u00edas m\u00e1s d\u00e9biles,&hellip;\" \/>\n<meta property=\"og:url\" content=\"https:\/\/www.santafevalores.com\/index.php\/2022\/10\/18\/hasta-el-anuncio-de-recomprar-deuda-incide-en-que-riesgo-pais-se-acerque-a-los-2-000-puntos\/\" \/>\n<meta property=\"og:site_name\" content=\"Santa Fe Casa de Valores S.A.\" \/>\n<meta property=\"article:publisher\" content=\"https:\/\/www.facebook.com\/santafevalores\/\" \/>\n<meta property=\"article:published_time\" content=\"2022-10-18T18:28:49+00:00\" \/>\n<meta property=\"og:image\" content=\"https:\/\/www.santafevalores.com\/wp-content\/uploads\/2022\/10\/QLUTIJSJFKEXAOF3AHETRPJTYQ.jpg\" \/>\n\t<meta property=\"og:image:width\" content=\"1005\" \/>\n\t<meta property=\"og:image:height\" content=\"670\" \/>\n\t<meta property=\"og:image:type\" content=\"image\/jpeg\" \/>\n<meta name=\"author\" content=\"admin\" \/>\n<meta name=\"twitter:card\" content=\"summary_large_image\" \/>\n<meta name=\"twitter:creator\" content=\"@SantaFeValores\" \/>\n<meta name=\"twitter:site\" content=\"@SantaFeValores\" \/>\n<meta name=\"twitter:label1\" content=\"Escrito por\" \/>\n\t<meta name=\"twitter:data1\" content=\"admin\" \/>\n\t<meta name=\"twitter:label2\" content=\"Tiempo de lectura\" \/>\n\t<meta name=\"twitter:data2\" content=\"4 minutos\" \/>\n<script type=\"application\/ld+json\" class=\"yoast-schema-graph\">{\"@context\":\"https:\\\/\\\/schema.org\",\"@graph\":[{\"@type\":\"Article\",\"@id\":\"https:\\\/\\\/www.santafevalores.com\\\/index.php\\\/2022\\\/10\\\/18\\\/hasta-el-anuncio-de-recomprar-deuda-incide-en-que-riesgo-pais-se-acerque-a-los-2-000-puntos\\\/#article\",\"isPartOf\":{\"@id\":\"https:\\\/\\\/www.santafevalores.com\\\/index.php\\\/2022\\\/10\\\/18\\\/hasta-el-anuncio-de-recomprar-deuda-incide-en-que-riesgo-pais-se-acerque-a-los-2-000-puntos\\\/\"},\"author\":{\"name\":\"admin\",\"@id\":\"https:\\\/\\\/www.santafevalores.com\\\/#\\\/schema\\\/person\\\/d965a42370507d0a1638e69158bb5835\"},\"headline\":\"Hasta el anuncio de recomprar deuda incide en que riesgo pa\u00eds se acerque a los 2.000 puntos\",\"datePublished\":\"2022-10-18T18:28:49+00:00\",\"mainEntityOfPage\":{\"@id\":\"https:\\\/\\\/www.santafevalores.com\\\/index.php\\\/2022\\\/10\\\/18\\\/hasta-el-anuncio-de-recomprar-deuda-incide-en-que-riesgo-pais-se-acerque-a-los-2-000-puntos\\\/\"},\"wordCount\":678,\"commentCount\":0,\"publisher\":{\"@id\":\"https:\\\/\\\/www.santafevalores.com\\\/#organization\"},\"image\":{\"@id\":\"https:\\\/\\\/www.santafevalores.com\\\/index.php\\\/2022\\\/10\\\/18\\\/hasta-el-anuncio-de-recomprar-deuda-incide-en-que-riesgo-pais-se-acerque-a-los-2-000-puntos\\\/#primaryimage\"},\"thumbnailUrl\":\"https:\\\/\\\/www.santafevalores.com\\\/wp-content\\\/uploads\\\/2022\\\/10\\\/QLUTIJSJFKEXAOF3AHETRPJTYQ.jpg\",\"inLanguage\":\"es\",\"potentialAction\":[{\"@type\":\"CommentAction\",\"name\":\"Comment\",\"target\":[\"https:\\\/\\\/www.santafevalores.com\\\/index.php\\\/2022\\\/10\\\/18\\\/hasta-el-anuncio-de-recomprar-deuda-incide-en-que-riesgo-pais-se-acerque-a-los-2-000-puntos\\\/#respond\"]}]},{\"@type\":\"WebPage\",\"@id\":\"https:\\\/\\\/www.santafevalores.com\\\/index.php\\\/2022\\\/10\\\/18\\\/hasta-el-anuncio-de-recomprar-deuda-incide-en-que-riesgo-pais-se-acerque-a-los-2-000-puntos\\\/\",\"url\":\"https:\\\/\\\/www.santafevalores.com\\\/index.php\\\/2022\\\/10\\\/18\\\/hasta-el-anuncio-de-recomprar-deuda-incide-en-que-riesgo-pais-se-acerque-a-los-2-000-puntos\\\/\",\"name\":\"Hasta el anuncio de recomprar deuda incide en que riesgo pa\u00eds se acerque a los 2.000 puntos - Santa Fe Casa de Valores S.A.\",\"isPartOf\":{\"@id\":\"https:\\\/\\\/www.santafevalores.com\\\/#website\"},\"primaryImageOfPage\":{\"@id\":\"https:\\\/\\\/www.santafevalores.com\\\/index.php\\\/2022\\\/10\\\/18\\\/hasta-el-anuncio-de-recomprar-deuda-incide-en-que-riesgo-pais-se-acerque-a-los-2-000-puntos\\\/#primaryimage\"},\"image\":{\"@id\":\"https:\\\/\\\/www.santafevalores.com\\\/index.php\\\/2022\\\/10\\\/18\\\/hasta-el-anuncio-de-recomprar-deuda-incide-en-que-riesgo-pais-se-acerque-a-los-2-000-puntos\\\/#primaryimage\"},\"thumbnailUrl\":\"https:\\\/\\\/www.santafevalores.com\\\/wp-content\\\/uploads\\\/2022\\\/10\\\/QLUTIJSJFKEXAOF3AHETRPJTYQ.jpg\",\"datePublished\":\"2022-10-18T18:28:49+00:00\",\"breadcrumb\":{\"@id\":\"https:\\\/\\\/www.santafevalores.com\\\/index.php\\\/2022\\\/10\\\/18\\\/hasta-el-anuncio-de-recomprar-deuda-incide-en-que-riesgo-pais-se-acerque-a-los-2-000-puntos\\\/#breadcrumb\"},\"inLanguage\":\"es\",\"potentialAction\":[{\"@type\":\"ReadAction\",\"target\":[\"https:\\\/\\\/www.santafevalores.com\\\/index.php\\\/2022\\\/10\\\/18\\\/hasta-el-anuncio-de-recomprar-deuda-incide-en-que-riesgo-pais-se-acerque-a-los-2-000-puntos\\\/\"]}]},{\"@type\":\"ImageObject\",\"inLanguage\":\"es\",\"@id\":\"https:\\\/\\\/www.santafevalores.com\\\/index.php\\\/2022\\\/10\\\/18\\\/hasta-el-anuncio-de-recomprar-deuda-incide-en-que-riesgo-pais-se-acerque-a-los-2-000-puntos\\\/#primaryimage\",\"url\":\"https:\\\/\\\/www.santafevalores.com\\\/wp-content\\\/uploads\\\/2022\\\/10\\\/QLUTIJSJFKEXAOF3AHETRPJTYQ.jpg\",\"contentUrl\":\"https:\\\/\\\/www.santafevalores.com\\\/wp-content\\\/uploads\\\/2022\\\/10\\\/QLUTIJSJFKEXAOF3AHETRPJTYQ.jpg\",\"width\":1005,\"height\":670},{\"@type\":\"BreadcrumbList\",\"@id\":\"https:\\\/\\\/www.santafevalores.com\\\/index.php\\\/2022\\\/10\\\/18\\\/hasta-el-anuncio-de-recomprar-deuda-incide-en-que-riesgo-pais-se-acerque-a-los-2-000-puntos\\\/#breadcrumb\",\"itemListElement\":[{\"@type\":\"ListItem\",\"position\":1,\"name\":\"Portada\",\"item\":\"https:\\\/\\\/www.santafevalores.com\\\/\"},{\"@type\":\"ListItem\",\"position\":2,\"name\":\"Hasta el anuncio de recomprar deuda incide en que riesgo pa\u00eds se acerque a los 2.000 puntos\"}]},{\"@type\":\"WebSite\",\"@id\":\"https:\\\/\\\/www.santafevalores.com\\\/#website\",\"url\":\"https:\\\/\\\/www.santafevalores.com\\\/\",\"name\":\"Santa Fe Casa de Valores S.A.\",\"description\":\"\",\"publisher\":{\"@id\":\"https:\\\/\\\/www.santafevalores.com\\\/#organization\"},\"potentialAction\":[{\"@type\":\"SearchAction\",\"target\":{\"@type\":\"EntryPoint\",\"urlTemplate\":\"https:\\\/\\\/www.santafevalores.com\\\/?s={search_term_string}\"},\"query-input\":{\"@type\":\"PropertyValueSpecification\",\"valueRequired\":true,\"valueName\":\"search_term_string\"}}],\"inLanguage\":\"es\"},{\"@type\":\"Organization\",\"@id\":\"https:\\\/\\\/www.santafevalores.com\\\/#organization\",\"name\":\"Santa Fe Casa de Valores S.A.\",\"alternateName\":\"SANTAFEVALORES\",\"url\":\"https:\\\/\\\/www.santafevalores.com\\\/\",\"logo\":{\"@type\":\"ImageObject\",\"inLanguage\":\"es\",\"@id\":\"https:\\\/\\\/www.santafevalores.com\\\/#\\\/schema\\\/logo\\\/image\\\/\",\"url\":\"https:\\\/\\\/www.santafevalores.com\\\/wp-content\\\/uploads\\\/2022\\\/06\\\/logo1.png\",\"contentUrl\":\"https:\\\/\\\/www.santafevalores.com\\\/wp-content\\\/uploads\\\/2022\\\/06\\\/logo1.png\",\"width\":235,\"height\":71,\"caption\":\"Santa Fe Casa de Valores S.A.\"},\"image\":{\"@id\":\"https:\\\/\\\/www.santafevalores.com\\\/#\\\/schema\\\/logo\\\/image\\\/\"},\"sameAs\":[\"https:\\\/\\\/www.facebook.com\\\/santafevalores\\\/\",\"https:\\\/\\\/x.com\\\/SantaFeValores\"]},{\"@type\":\"Person\",\"@id\":\"https:\\\/\\\/www.santafevalores.com\\\/#\\\/schema\\\/person\\\/d965a42370507d0a1638e69158bb5835\",\"name\":\"admin\",\"image\":{\"@type\":\"ImageObject\",\"inLanguage\":\"es\",\"@id\":\"https:\\\/\\\/secure.gravatar.com\\\/avatar\\\/97ec7f9eb6068ddac59d3806ca0034c167fce748f524adcfad8629911220756f?s=96&d=mm&r=g\",\"url\":\"https:\\\/\\\/secure.gravatar.com\\\/avatar\\\/97ec7f9eb6068ddac59d3806ca0034c167fce748f524adcfad8629911220756f?s=96&d=mm&r=g\",\"contentUrl\":\"https:\\\/\\\/secure.gravatar.com\\\/avatar\\\/97ec7f9eb6068ddac59d3806ca0034c167fce748f524adcfad8629911220756f?s=96&d=mm&r=g\",\"caption\":\"admin\"},\"sameAs\":[\"https:\\\/\\\/www.santafevalores.com\"],\"url\":\"https:\\\/\\\/www.santafevalores.com\\\/index.php\\\/author\\\/santafevaloresuio_ggv0vv79\\\/\"}]}<\/script>\n<!-- \/ Yoast SEO plugin. -->","yoast_head_json":{"title":"Hasta el anuncio de recomprar deuda incide en que riesgo pa\u00eds se acerque a los 2.000 puntos - Santa Fe Casa de Valores S.A.","robots":{"index":"index","follow":"follow","max-snippet":"max-snippet:-1","max-image-preview":"max-image-preview:large","max-video-preview":"max-video-preview:-1"},"canonical":"https:\/\/www.santafevalores.com\/index.php\/2022\/10\/18\/hasta-el-anuncio-de-recomprar-deuda-incide-en-que-riesgo-pais-se-acerque-a-los-2-000-puntos\/","og_locale":"es_ES","og_type":"article","og_title":"Hasta el anuncio de recomprar deuda incide en que riesgo pa\u00eds se acerque a los 2.000 puntos - Santa Fe Casa de Valores S.A.","og_description":"Los problemas que aquejan a todos los pa\u00edses, como la guerra y el precio del petr\u00f3leo, se suman a los propios del Gobierno. La guerra que recrudece en Europa del Este, los mercados petroleros vol\u00e1tiles, las previsiones hechas desde afuera de que se viene una recesi\u00f3n que va a golpear a las econom\u00edas m\u00e1s d\u00e9biles,&hellip;","og_url":"https:\/\/www.santafevalores.com\/index.php\/2022\/10\/18\/hasta-el-anuncio-de-recomprar-deuda-incide-en-que-riesgo-pais-se-acerque-a-los-2-000-puntos\/","og_site_name":"Santa Fe Casa de Valores S.A.","article_publisher":"https:\/\/www.facebook.com\/santafevalores\/","article_published_time":"2022-10-18T18:28:49+00:00","og_image":[{"width":1005,"height":670,"url":"https:\/\/www.santafevalores.com\/wp-content\/uploads\/2022\/10\/QLUTIJSJFKEXAOF3AHETRPJTYQ.jpg","type":"image\/jpeg"}],"author":"admin","twitter_card":"summary_large_image","twitter_creator":"@SantaFeValores","twitter_site":"@SantaFeValores","twitter_misc":{"Escrito por":"admin","Tiempo de lectura":"4 minutos"},"schema":{"@context":"https:\/\/schema.org","@graph":[{"@type":"Article","@id":"https:\/\/www.santafevalores.com\/index.php\/2022\/10\/18\/hasta-el-anuncio-de-recomprar-deuda-incide-en-que-riesgo-pais-se-acerque-a-los-2-000-puntos\/#article","isPartOf":{"@id":"https:\/\/www.santafevalores.com\/index.php\/2022\/10\/18\/hasta-el-anuncio-de-recomprar-deuda-incide-en-que-riesgo-pais-se-acerque-a-los-2-000-puntos\/"},"author":{"name":"admin","@id":"https:\/\/www.santafevalores.com\/#\/schema\/person\/d965a42370507d0a1638e69158bb5835"},"headline":"Hasta el anuncio de recomprar deuda incide en que riesgo pa\u00eds se acerque a los 2.000 puntos","datePublished":"2022-10-18T18:28:49+00:00","mainEntityOfPage":{"@id":"https:\/\/www.santafevalores.com\/index.php\/2022\/10\/18\/hasta-el-anuncio-de-recomprar-deuda-incide-en-que-riesgo-pais-se-acerque-a-los-2-000-puntos\/"},"wordCount":678,"commentCount":0,"publisher":{"@id":"https:\/\/www.santafevalores.com\/#organization"},"image":{"@id":"https:\/\/www.santafevalores.com\/index.php\/2022\/10\/18\/hasta-el-anuncio-de-recomprar-deuda-incide-en-que-riesgo-pais-se-acerque-a-los-2-000-puntos\/#primaryimage"},"thumbnailUrl":"https:\/\/www.santafevalores.com\/wp-content\/uploads\/2022\/10\/QLUTIJSJFKEXAOF3AHETRPJTYQ.jpg","inLanguage":"es","potentialAction":[{"@type":"CommentAction","name":"Comment","target":["https:\/\/www.santafevalores.com\/index.php\/2022\/10\/18\/hasta-el-anuncio-de-recomprar-deuda-incide-en-que-riesgo-pais-se-acerque-a-los-2-000-puntos\/#respond"]}]},{"@type":"WebPage","@id":"https:\/\/www.santafevalores.com\/index.php\/2022\/10\/18\/hasta-el-anuncio-de-recomprar-deuda-incide-en-que-riesgo-pais-se-acerque-a-los-2-000-puntos\/","url":"https:\/\/www.santafevalores.com\/index.php\/2022\/10\/18\/hasta-el-anuncio-de-recomprar-deuda-incide-en-que-riesgo-pais-se-acerque-a-los-2-000-puntos\/","name":"Hasta el anuncio de recomprar deuda incide en que riesgo pa\u00eds se acerque a los 2.000 puntos - Santa Fe Casa de Valores S.A.","isPartOf":{"@id":"https:\/\/www.santafevalores.com\/#website"},"primaryImageOfPage":{"@id":"https:\/\/www.santafevalores.com\/index.php\/2022\/10\/18\/hasta-el-anuncio-de-recomprar-deuda-incide-en-que-riesgo-pais-se-acerque-a-los-2-000-puntos\/#primaryimage"},"image":{"@id":"https:\/\/www.santafevalores.com\/index.php\/2022\/10\/18\/hasta-el-anuncio-de-recomprar-deuda-incide-en-que-riesgo-pais-se-acerque-a-los-2-000-puntos\/#primaryimage"},"thumbnailUrl":"https:\/\/www.santafevalores.com\/wp-content\/uploads\/2022\/10\/QLUTIJSJFKEXAOF3AHETRPJTYQ.jpg","datePublished":"2022-10-18T18:28:49+00:00","breadcrumb":{"@id":"https:\/\/www.santafevalores.com\/index.php\/2022\/10\/18\/hasta-el-anuncio-de-recomprar-deuda-incide-en-que-riesgo-pais-se-acerque-a-los-2-000-puntos\/#breadcrumb"},"inLanguage":"es","potentialAction":[{"@type":"ReadAction","target":["https:\/\/www.santafevalores.com\/index.php\/2022\/10\/18\/hasta-el-anuncio-de-recomprar-deuda-incide-en-que-riesgo-pais-se-acerque-a-los-2-000-puntos\/"]}]},{"@type":"ImageObject","inLanguage":"es","@id":"https:\/\/www.santafevalores.com\/index.php\/2022\/10\/18\/hasta-el-anuncio-de-recomprar-deuda-incide-en-que-riesgo-pais-se-acerque-a-los-2-000-puntos\/#primaryimage","url":"https:\/\/www.santafevalores.com\/wp-content\/uploads\/2022\/10\/QLUTIJSJFKEXAOF3AHETRPJTYQ.jpg","contentUrl":"https:\/\/www.santafevalores.com\/wp-content\/uploads\/2022\/10\/QLUTIJSJFKEXAOF3AHETRPJTYQ.jpg","width":1005,"height":670},{"@type":"BreadcrumbList","@id":"https:\/\/www.santafevalores.com\/index.php\/2022\/10\/18\/hasta-el-anuncio-de-recomprar-deuda-incide-en-que-riesgo-pais-se-acerque-a-los-2-000-puntos\/#breadcrumb","itemListElement":[{"@type":"ListItem","position":1,"name":"Portada","item":"https:\/\/www.santafevalores.com\/"},{"@type":"ListItem","position":2,"name":"Hasta el anuncio de recomprar deuda incide en que riesgo pa\u00eds se acerque a los 2.000 puntos"}]},{"@type":"WebSite","@id":"https:\/\/www.santafevalores.com\/#website","url":"https:\/\/www.santafevalores.com\/","name":"Santa Fe Casa de Valores S.A.","description":"","publisher":{"@id":"https:\/\/www.santafevalores.com\/#organization"},"potentialAction":[{"@type":"SearchAction","target":{"@type":"EntryPoint","urlTemplate":"https:\/\/www.santafevalores.com\/?s={search_term_string}"},"query-input":{"@type":"PropertyValueSpecification","valueRequired":true,"valueName":"search_term_string"}}],"inLanguage":"es"},{"@type":"Organization","@id":"https:\/\/www.santafevalores.com\/#organization","name":"Santa Fe Casa de Valores S.A.","alternateName":"SANTAFEVALORES","url":"https:\/\/www.santafevalores.com\/","logo":{"@type":"ImageObject","inLanguage":"es","@id":"https:\/\/www.santafevalores.com\/#\/schema\/logo\/image\/","url":"https:\/\/www.santafevalores.com\/wp-content\/uploads\/2022\/06\/logo1.png","contentUrl":"https:\/\/www.santafevalores.com\/wp-content\/uploads\/2022\/06\/logo1.png","width":235,"height":71,"caption":"Santa Fe Casa de Valores S.A."},"image":{"@id":"https:\/\/www.santafevalores.com\/#\/schema\/logo\/image\/"},"sameAs":["https:\/\/www.facebook.com\/santafevalores\/","https:\/\/x.com\/SantaFeValores"]},{"@type":"Person","@id":"https:\/\/www.santafevalores.com\/#\/schema\/person\/d965a42370507d0a1638e69158bb5835","name":"admin","image":{"@type":"ImageObject","inLanguage":"es","@id":"https:\/\/secure.gravatar.com\/avatar\/97ec7f9eb6068ddac59d3806ca0034c167fce748f524adcfad8629911220756f?s=96&d=mm&r=g","url":"https:\/\/secure.gravatar.com\/avatar\/97ec7f9eb6068ddac59d3806ca0034c167fce748f524adcfad8629911220756f?s=96&d=mm&r=g","contentUrl":"https:\/\/secure.gravatar.com\/avatar\/97ec7f9eb6068ddac59d3806ca0034c167fce748f524adcfad8629911220756f?s=96&d=mm&r=g","caption":"admin"},"sameAs":["https:\/\/www.santafevalores.com"],"url":"https:\/\/www.santafevalores.com\/index.php\/author\/santafevaloresuio_ggv0vv79\/"}]}},"_links":{"self":[{"href":"https:\/\/www.santafevalores.com\/index.php\/wp-json\/wp\/v2\/posts\/65823","targetHints":{"allow":["GET"]}}],"collection":[{"href":"https:\/\/www.santafevalores.com\/index.php\/wp-json\/wp\/v2\/posts"}],"about":[{"href":"https:\/\/www.santafevalores.com\/index.php\/wp-json\/wp\/v2\/types\/post"}],"author":[{"embeddable":true,"href":"https:\/\/www.santafevalores.com\/index.php\/wp-json\/wp\/v2\/users\/1"}],"replies":[{"embeddable":true,"href":"https:\/\/www.santafevalores.com\/index.php\/wp-json\/wp\/v2\/comments?post=65823"}],"version-history":[{"count":0,"href":"https:\/\/www.santafevalores.com\/index.php\/wp-json\/wp\/v2\/posts\/65823\/revisions"}],"wp:featuredmedia":[{"embeddable":true,"href":"https:\/\/www.santafevalores.com\/index.php\/wp-json\/wp\/v2\/media\/65825"}],"wp:attachment":[{"href":"https:\/\/www.santafevalores.com\/index.php\/wp-json\/wp\/v2\/media?parent=65823"}],"wp:term":[{"taxonomy":"category","embeddable":true,"href":"https:\/\/www.santafevalores.com\/index.php\/wp-json\/wp\/v2\/categories?post=65823"},{"taxonomy":"post_tag","embeddable":true,"href":"https:\/\/www.santafevalores.com\/index.php\/wp-json\/wp\/v2\/tags?post=65823"}],"curies":[{"name":"wp","href":"https:\/\/api.w.org\/{rel}","templated":true}]}}