{"id":65853,"date":"2022-10-18T15:07:40","date_gmt":"2022-10-18T20:07:40","guid":{"rendered":"https:\/\/santafevalores.com\/?p=65853"},"modified":"2022-10-18T15:07:40","modified_gmt":"2022-10-18T20:07:40","slug":"bonos-de-ecuador-suben-gobierno-recomprara-deuda","status":"publish","type":"post","link":"https:\/\/www.santafevalores.com\/index.php\/2022\/10\/18\/bonos-de-ecuador-suben-gobierno-recomprara-deuda\/","title":{"rendered":"Bonos de Ecuador suben por especulaci\u00f3n de que el gobierno recomprar\u00e1 la deuda"},"content":{"rendered":"\t\t<div data-elementor-type=\"wp-post\" data-elementor-id=\"65853\" class=\"elementor elementor-65853\" data-elementor-post-type=\"post\">\n\t\t\t\t\t\t<section class=\"elementor-section elementor-top-section elementor-element elementor-element-cea196b elementor-section-boxed elementor-section-height-default elementor-section-height-default\" data-id=\"cea196b\" data-element_type=\"section\" data-e-type=\"section\">\n\t\t\t\t\t\t<div class=\"elementor-container elementor-column-gap-default\">\n\t\t\t\t\t<div class=\"elementor-column elementor-col-100 elementor-top-column elementor-element elementor-element-7320324\" data-id=\"7320324\" data-element_type=\"column\" data-e-type=\"column\">\n\t\t\t<div class=\"elementor-widget-wrap elementor-element-populated\">\n\t\t\t\t\t\t<div class=\"elementor-element elementor-element-e3af051 elementor-widget elementor-widget-image\" data-id=\"e3af051\" data-element_type=\"widget\" data-e-type=\"widget\" data-widget_type=\"image.default\">\n\t\t\t\t<div class=\"elementor-widget-container\">\n\t\t\t\t\t\t\t\t\t\t\t\t\t\t\t<img fetchpriority=\"high\" decoding=\"async\" width=\"1024\" height=\"587\" src=\"https:\/\/www.santafevalores.com\/wp-content\/uploads\/2022\/10\/SFV20221018-1024x587.jpg\" class=\"attachment-large size-large wp-image-65846\" alt=\"\" srcset=\"https:\/\/www.santafevalores.com\/wp-content\/uploads\/2022\/10\/SFV20221018-1024x587.jpg 1024w, https:\/\/www.santafevalores.com\/wp-content\/uploads\/2022\/10\/SFV20221018-300x172.jpg 300w, https:\/\/www.santafevalores.com\/wp-content\/uploads\/2022\/10\/SFV20221018-768x441.jpg 768w, https:\/\/www.santafevalores.com\/wp-content\/uploads\/2022\/10\/SFV20221018.jpg 1093w\" sizes=\"(max-width: 1024px) 100vw, 1024px\" \/>\t\t\t\t\t\t\t\t\t\t\t\t\t\t\t<\/div>\n\t\t\t\t<\/div>\n\t\t\t\t\t<\/div>\n\t\t<\/div>\n\t\t\t\t\t<\/div>\n\t\t<\/section>\n\t\t\t\t<section class=\"elementor-section elementor-top-section elementor-element elementor-element-dc61d6b elementor-section-boxed elementor-section-height-default elementor-section-height-default\" data-id=\"dc61d6b\" data-element_type=\"section\" data-e-type=\"section\">\n\t\t\t\t\t\t<div class=\"elementor-container elementor-column-gap-default\">\n\t\t\t\t\t<div class=\"elementor-column elementor-col-100 elementor-top-column elementor-element elementor-element-0a5f12a\" data-id=\"0a5f12a\" data-element_type=\"column\" data-e-type=\"column\">\n\t\t\t<div class=\"elementor-widget-wrap elementor-element-populated\">\n\t\t\t\t\t\t<div class=\"elementor-element elementor-element-ecf0360 elementor-widget elementor-widget-text-editor\" data-id=\"ecf0360\" data-element_type=\"widget\" data-e-type=\"widget\" data-widget_type=\"text-editor.default\">\n\t\t\t\t<div class=\"elementor-widget-container\">\n\t\t\t\t\t\t\t\t\t<p>El ministro de Econom\u00eda y Finanzas habr\u00eda asegurado que la naci\u00f3n vender\u00e1 bonos azules para recomprar parte de su deuda pendiente<br \/>Bloomberg \u2014 Los bonos de Ecuador subieron el lunes, liderando los avances entre sus pares de los mercados emergentes, en medio de la especulaci\u00f3n de que el gobierno recomprar\u00e1 parte de su deuda pendiente.<\/p><p>El ministro de Econom\u00eda y Finanzas, Pablo Arosemena, dijo la semana pasada en un evento privado en Washington DC que la naci\u00f3n vender\u00e1 bonos azules para recomprar parte de su deuda pendiente, seg\u00fan varios inversores que asistieron a la sesi\u00f3n. Los bonos con vencimiento en 2035 subieron 2,3 centavos hasta los 32,5 centavos, el mayor avance en un mes, mientras que los bonos con vencimiento en 2040 subieron 2,3 centavos hasta los 28,5 centavos, el mayor movimiento desde junio, seg\u00fan datos de precios indicativos recopilados por Bloomberg.<\/p>\t\t\t\t\t\t\t\t<\/div>\n\t\t\t\t<\/div>\n\t\t\t\t\t<\/div>\n\t\t<\/div>\n\t\t\t\t\t<\/div>\n\t\t<\/section>\n\t\t\t\t<section class=\"elementor-section elementor-top-section elementor-element elementor-element-881e472 elementor-section-boxed elementor-section-height-default elementor-section-height-default\" data-id=\"881e472\" data-element_type=\"section\" data-e-type=\"section\">\n\t\t\t\t\t\t<div class=\"elementor-container elementor-column-gap-default\">\n\t\t\t\t\t<div class=\"elementor-column elementor-col-100 elementor-top-column elementor-element elementor-element-60824c8\" data-id=\"60824c8\" data-element_type=\"column\" data-e-type=\"column\">\n\t\t\t<div class=\"elementor-widget-wrap elementor-element-populated\">\n\t\t\t\t\t\t<div class=\"elementor-element elementor-element-bd1d888 elementor-widget elementor-widget-image\" data-id=\"bd1d888\" data-element_type=\"widget\" data-e-type=\"widget\" data-widget_type=\"image.default\">\n\t\t\t\t<div class=\"elementor-widget-container\">\n\t\t\t\t\t\t\t\t\t\t\t\t\t\t\t<img decoding=\"async\" width=\"1024\" height=\"576\" src=\"https:\/\/www.santafevalores.com\/wp-content\/uploads\/2022\/10\/4Q7CTZ6ULRD7BP74YEGX4ZYBDA-1024x576.webp\" class=\"attachment-large size-large wp-image-65799\" alt=\"\" srcset=\"https:\/\/www.santafevalores.com\/wp-content\/uploads\/2022\/10\/4Q7CTZ6ULRD7BP74YEGX4ZYBDA-1024x576.webp 1024w, https:\/\/www.santafevalores.com\/wp-content\/uploads\/2022\/10\/4Q7CTZ6ULRD7BP74YEGX4ZYBDA-300x169.webp 300w, https:\/\/www.santafevalores.com\/wp-content\/uploads\/2022\/10\/4Q7CTZ6ULRD7BP74YEGX4ZYBDA-768x432.webp 768w, https:\/\/www.santafevalores.com\/wp-content\/uploads\/2022\/10\/4Q7CTZ6ULRD7BP74YEGX4ZYBDA.webp 1440w\" sizes=\"(max-width: 1024px) 100vw, 1024px\" \/>\t\t\t\t\t\t\t\t\t\t\t\t\t\t\t<\/div>\n\t\t\t\t<\/div>\n\t\t\t\t\t<\/div>\n\t\t<\/div>\n\t\t\t\t\t<\/div>\n\t\t<\/section>\n\t\t\t\t<section class=\"elementor-section elementor-top-section elementor-element elementor-element-f2eaf35 elementor-section-boxed elementor-section-height-default elementor-section-height-default\" data-id=\"f2eaf35\" data-element_type=\"section\" data-e-type=\"section\">\n\t\t\t\t\t\t<div class=\"elementor-container elementor-column-gap-default\">\n\t\t\t\t\t<div class=\"elementor-column elementor-col-100 elementor-top-column elementor-element elementor-element-2b82d63\" data-id=\"2b82d63\" data-element_type=\"column\" data-e-type=\"column\">\n\t\t\t<div class=\"elementor-widget-wrap elementor-element-populated\">\n\t\t\t\t\t\t<div class=\"elementor-element elementor-element-3068c92 elementor-widget elementor-widget-text-editor\" data-id=\"3068c92\" data-element_type=\"widget\" data-e-type=\"widget\" data-widget_type=\"text-editor.default\">\n\t\t\t\t<div class=\"elementor-widget-container\">\n\t\t\t\t\t\t\t\t\t<p>Arosemena dijo que es probable que el pa\u00eds financie la recompra con la venta de bonos azules, un acuerdo que se anunciar\u00e1 en la Conferencia de las Naciones Unidas sobre el Cambio Clim\u00e1tico el pr\u00f3ximo mes, seg\u00fan las personas, que pidieron no ser identificadas porque la informaci\u00f3n no es p\u00fablica a\u00fan. El Ministerio de Econom\u00eda de Ecuador no respondi\u00f3 de inmediato a una solicitud de comentarios de Bloomberg News.<br \/>El a\u00f1o pasado, el ministro de Ambiente, Agua y Transici\u00f3n Ecol\u00f3gica de Ecuador, Gustavo Manrique, dijo que el Gobierno estaba en conversaciones con la Agencia de Estados Unidos para el Desarrollo Internacional para vender un \u201cbono azul\u201d para pagar la protecci\u00f3n de una nueva y vasta reserva marina alrededor de las islas Gal\u00e1pagos.<\/p>\t\t\t\t\t\t\t\t<\/div>\n\t\t\t\t<\/div>\n\t\t\t\t\t<\/div>\n\t\t<\/div>\n\t\t\t\t\t<\/div>\n\t\t<\/section>\n\t\t\t\t<section class=\"elementor-section elementor-top-section elementor-element elementor-element-947b6e5 elementor-section-boxed elementor-section-height-default elementor-section-height-default\" data-id=\"947b6e5\" data-element_type=\"section\" data-e-type=\"section\">\n\t\t\t\t\t\t<div class=\"elementor-container elementor-column-gap-default\">\n\t\t\t\t\t<div class=\"elementor-column elementor-col-100 elementor-top-column elementor-element elementor-element-2483639\" data-id=\"2483639\" data-element_type=\"column\" data-e-type=\"column\">\n\t\t\t<div class=\"elementor-widget-wrap elementor-element-populated\">\n\t\t\t\t\t\t<div class=\"elementor-element elementor-element-a386c82 elementor-headline--style-highlight elementor-widget elementor-widget-animated-headline\" data-id=\"a386c82\" data-element_type=\"widget\" data-e-type=\"widget\" data-settings=\"{&quot;highlighted_text&quot;:&quot;reporta Bloomberg&quot;,&quot;headline_style&quot;:&quot;highlight&quot;,&quot;marker&quot;:&quot;circle&quot;,&quot;loop&quot;:&quot;yes&quot;,&quot;highlight_animation_duration&quot;:1200,&quot;highlight_iteration_delay&quot;:8000}\" data-widget_type=\"animated-headline.default\">\n\t\t\t\t<div class=\"elementor-widget-container\">\n\t\t\t\t\t\t\t\t<a href=\"https:\/\/www.bloomberglinea.com\/2022\/10\/17\/bonos-de-ecuador-suben-por-especulacion-de-que-el-gobierno-recomprara-la-deuda\/\" target=\"_blank\">\n\n\t\t\t\t\t<p class=\"elementor-headline\">\n\t\t\t\t\t<span class=\"elementor-headline-plain-text elementor-headline-text-wrapper\">Fuente:<\/span>\n\t\t\t\t<span class=\"elementor-headline-dynamic-wrapper elementor-headline-text-wrapper\">\n\t\t\t\t\t<span class=\"elementor-headline-dynamic-text elementor-headline-text-active\">reporta Bloomberg<\/span>\n\t\t\t\t<\/span>\n\t\t\t\t<\/p>\n\t\t<\/a>\t\t\t\t<\/div>\n\t\t\t\t<\/div>\n\t\t\t\t\t<\/div>\n\t\t<\/div>\n\t\t\t\t\t<\/div>\n\t\t<\/section>\n\t\t\t\t<\/div>\n\t\t","protected":false},"excerpt":{"rendered":"<p>El ministro de Econom\u00eda y Finanzas habr\u00eda asegurado que la naci\u00f3n vender\u00e1 bonos azules para recomprar parte de su deuda pendiente Bloomberg \u2014 Los bonos de Ecuador subieron el lunes, liderando los avances entre sus pares de los mercados emergentes, en medio de la especulaci\u00f3n de que el gobierno recomprar\u00e1 parte de su deuda pendiente.&hellip;<\/p>\n","protected":false},"author":1,"featured_media":65799,"comment_status":"open","ping_status":"closed","sticky":false,"template":"","format":"standard","meta":{"content-type":"","_joinchat":[],"footnotes":""},"categories":[4],"tags":[],"class_list":["post-65853","post","type-post","status-publish","format-standard","has-post-thumbnail","hentry","category-sin-categoria"],"yoast_head":"<!-- This site is optimized with the Yoast SEO plugin v27.5 - https:\/\/yoast.com\/product\/yoast-seo-wordpress\/ -->\n<title>Bonos de Ecuador suben por especulaci\u00f3n de que el gobierno recomprar\u00e1 la deuda - Santa Fe Casa de Valores S.A.<\/title>\n<meta name=\"robots\" content=\"index, follow, max-snippet:-1, max-image-preview:large, max-video-preview:-1\" \/>\n<link rel=\"canonical\" href=\"https:\/\/www.santafevalores.com\/index.php\/2022\/10\/18\/bonos-de-ecuador-suben-gobierno-recomprara-deuda\/\" \/>\n<meta property=\"og:locale\" content=\"es_ES\" \/>\n<meta property=\"og:type\" content=\"article\" \/>\n<meta property=\"og:title\" content=\"Bonos de Ecuador suben por especulaci\u00f3n de que el gobierno recomprar\u00e1 la deuda - Santa Fe Casa de Valores S.A.\" \/>\n<meta property=\"og:description\" content=\"El ministro de Econom\u00eda y Finanzas habr\u00eda asegurado que la naci\u00f3n vender\u00e1 bonos azules para recomprar parte de su deuda pendiente Bloomberg \u2014 Los bonos de Ecuador subieron el lunes, liderando los avances entre sus pares de los mercados emergentes, en medio de la especulaci\u00f3n de que el gobierno recomprar\u00e1 parte de su deuda pendiente.&hellip;\" \/>\n<meta property=\"og:url\" content=\"https:\/\/www.santafevalores.com\/index.php\/2022\/10\/18\/bonos-de-ecuador-suben-gobierno-recomprara-deuda\/\" \/>\n<meta property=\"og:site_name\" content=\"Santa Fe Casa de Valores S.A.\" \/>\n<meta property=\"article:publisher\" content=\"https:\/\/www.facebook.com\/santafevalores\/\" \/>\n<meta property=\"article:published_time\" content=\"2022-10-18T20:07:40+00:00\" \/>\n<meta property=\"og:image\" content=\"https:\/\/www.santafevalores.com\/wp-content\/uploads\/2022\/10\/4Q7CTZ6ULRD7BP74YEGX4ZYBDA.webp\" \/>\n\t<meta property=\"og:image:width\" content=\"1440\" \/>\n\t<meta property=\"og:image:height\" content=\"810\" \/>\n\t<meta property=\"og:image:type\" content=\"image\/webp\" \/>\n<meta name=\"author\" content=\"admin\" \/>\n<meta name=\"twitter:card\" content=\"summary_large_image\" \/>\n<meta name=\"twitter:creator\" content=\"@SantaFeValores\" \/>\n<meta name=\"twitter:site\" content=\"@SantaFeValores\" \/>\n<meta name=\"twitter:label1\" content=\"Escrito por\" \/>\n\t<meta name=\"twitter:data1\" content=\"admin\" \/>\n\t<meta name=\"twitter:label2\" content=\"Tiempo de lectura\" \/>\n\t<meta name=\"twitter:data2\" content=\"2 minutos\" \/>\n<script type=\"application\/ld+json\" class=\"yoast-schema-graph\">{\"@context\":\"https:\\\/\\\/schema.org\",\"@graph\":[{\"@type\":\"Article\",\"@id\":\"https:\\\/\\\/www.santafevalores.com\\\/index.php\\\/2022\\\/10\\\/18\\\/bonos-de-ecuador-suben-gobierno-recomprara-deuda\\\/#article\",\"isPartOf\":{\"@id\":\"https:\\\/\\\/www.santafevalores.com\\\/index.php\\\/2022\\\/10\\\/18\\\/bonos-de-ecuador-suben-gobierno-recomprara-deuda\\\/\"},\"author\":{\"name\":\"admin\",\"@id\":\"https:\\\/\\\/www.santafevalores.com\\\/#\\\/schema\\\/person\\\/d965a42370507d0a1638e69158bb5835\"},\"headline\":\"Bonos de Ecuador suben por especulaci\u00f3n de que el gobierno recomprar\u00e1 la deuda\",\"datePublished\":\"2022-10-18T20:07:40+00:00\",\"mainEntityOfPage\":{\"@id\":\"https:\\\/\\\/www.santafevalores.com\\\/index.php\\\/2022\\\/10\\\/18\\\/bonos-de-ecuador-suben-gobierno-recomprara-deuda\\\/\"},\"wordCount\":296,\"commentCount\":0,\"publisher\":{\"@id\":\"https:\\\/\\\/www.santafevalores.com\\\/#organization\"},\"image\":{\"@id\":\"https:\\\/\\\/www.santafevalores.com\\\/index.php\\\/2022\\\/10\\\/18\\\/bonos-de-ecuador-suben-gobierno-recomprara-deuda\\\/#primaryimage\"},\"thumbnailUrl\":\"https:\\\/\\\/www.santafevalores.com\\\/wp-content\\\/uploads\\\/2022\\\/10\\\/4Q7CTZ6ULRD7BP74YEGX4ZYBDA.webp\",\"inLanguage\":\"es\",\"potentialAction\":[{\"@type\":\"CommentAction\",\"name\":\"Comment\",\"target\":[\"https:\\\/\\\/www.santafevalores.com\\\/index.php\\\/2022\\\/10\\\/18\\\/bonos-de-ecuador-suben-gobierno-recomprara-deuda\\\/#respond\"]}]},{\"@type\":\"WebPage\",\"@id\":\"https:\\\/\\\/www.santafevalores.com\\\/index.php\\\/2022\\\/10\\\/18\\\/bonos-de-ecuador-suben-gobierno-recomprara-deuda\\\/\",\"url\":\"https:\\\/\\\/www.santafevalores.com\\\/index.php\\\/2022\\\/10\\\/18\\\/bonos-de-ecuador-suben-gobierno-recomprara-deuda\\\/\",\"name\":\"Bonos de Ecuador suben por especulaci\u00f3n de que el gobierno recomprar\u00e1 la deuda - Santa Fe Casa de Valores S.A.\",\"isPartOf\":{\"@id\":\"https:\\\/\\\/www.santafevalores.com\\\/#website\"},\"primaryImageOfPage\":{\"@id\":\"https:\\\/\\\/www.santafevalores.com\\\/index.php\\\/2022\\\/10\\\/18\\\/bonos-de-ecuador-suben-gobierno-recomprara-deuda\\\/#primaryimage\"},\"image\":{\"@id\":\"https:\\\/\\\/www.santafevalores.com\\\/index.php\\\/2022\\\/10\\\/18\\\/bonos-de-ecuador-suben-gobierno-recomprara-deuda\\\/#primaryimage\"},\"thumbnailUrl\":\"https:\\\/\\\/www.santafevalores.com\\\/wp-content\\\/uploads\\\/2022\\\/10\\\/4Q7CTZ6ULRD7BP74YEGX4ZYBDA.webp\",\"datePublished\":\"2022-10-18T20:07:40+00:00\",\"breadcrumb\":{\"@id\":\"https:\\\/\\\/www.santafevalores.com\\\/index.php\\\/2022\\\/10\\\/18\\\/bonos-de-ecuador-suben-gobierno-recomprara-deuda\\\/#breadcrumb\"},\"inLanguage\":\"es\",\"potentialAction\":[{\"@type\":\"ReadAction\",\"target\":[\"https:\\\/\\\/www.santafevalores.com\\\/index.php\\\/2022\\\/10\\\/18\\\/bonos-de-ecuador-suben-gobierno-recomprara-deuda\\\/\"]}]},{\"@type\":\"ImageObject\",\"inLanguage\":\"es\",\"@id\":\"https:\\\/\\\/www.santafevalores.com\\\/index.php\\\/2022\\\/10\\\/18\\\/bonos-de-ecuador-suben-gobierno-recomprara-deuda\\\/#primaryimage\",\"url\":\"https:\\\/\\\/www.santafevalores.com\\\/wp-content\\\/uploads\\\/2022\\\/10\\\/4Q7CTZ6ULRD7BP74YEGX4ZYBDA.webp\",\"contentUrl\":\"https:\\\/\\\/www.santafevalores.com\\\/wp-content\\\/uploads\\\/2022\\\/10\\\/4Q7CTZ6ULRD7BP74YEGX4ZYBDA.webp\",\"width\":1440,\"height\":810},{\"@type\":\"BreadcrumbList\",\"@id\":\"https:\\\/\\\/www.santafevalores.com\\\/index.php\\\/2022\\\/10\\\/18\\\/bonos-de-ecuador-suben-gobierno-recomprara-deuda\\\/#breadcrumb\",\"itemListElement\":[{\"@type\":\"ListItem\",\"position\":1,\"name\":\"Portada\",\"item\":\"https:\\\/\\\/www.santafevalores.com\\\/\"},{\"@type\":\"ListItem\",\"position\":2,\"name\":\"Bonos de Ecuador suben por especulaci\u00f3n de que el gobierno recomprar\u00e1 la deuda\"}]},{\"@type\":\"WebSite\",\"@id\":\"https:\\\/\\\/www.santafevalores.com\\\/#website\",\"url\":\"https:\\\/\\\/www.santafevalores.com\\\/\",\"name\":\"Santa Fe Casa de Valores S.A.\",\"description\":\"\",\"publisher\":{\"@id\":\"https:\\\/\\\/www.santafevalores.com\\\/#organization\"},\"potentialAction\":[{\"@type\":\"SearchAction\",\"target\":{\"@type\":\"EntryPoint\",\"urlTemplate\":\"https:\\\/\\\/www.santafevalores.com\\\/?s={search_term_string}\"},\"query-input\":{\"@type\":\"PropertyValueSpecification\",\"valueRequired\":true,\"valueName\":\"search_term_string\"}}],\"inLanguage\":\"es\"},{\"@type\":\"Organization\",\"@id\":\"https:\\\/\\\/www.santafevalores.com\\\/#organization\",\"name\":\"Santa Fe Casa de Valores S.A.\",\"alternateName\":\"SANTAFEVALORES\",\"url\":\"https:\\\/\\\/www.santafevalores.com\\\/\",\"logo\":{\"@type\":\"ImageObject\",\"inLanguage\":\"es\",\"@id\":\"https:\\\/\\\/www.santafevalores.com\\\/#\\\/schema\\\/logo\\\/image\\\/\",\"url\":\"https:\\\/\\\/www.santafevalores.com\\\/wp-content\\\/uploads\\\/2022\\\/06\\\/logo1.png\",\"contentUrl\":\"https:\\\/\\\/www.santafevalores.com\\\/wp-content\\\/uploads\\\/2022\\\/06\\\/logo1.png\",\"width\":235,\"height\":71,\"caption\":\"Santa Fe Casa de Valores S.A.\"},\"image\":{\"@id\":\"https:\\\/\\\/www.santafevalores.com\\\/#\\\/schema\\\/logo\\\/image\\\/\"},\"sameAs\":[\"https:\\\/\\\/www.facebook.com\\\/santafevalores\\\/\",\"https:\\\/\\\/x.com\\\/SantaFeValores\"]},{\"@type\":\"Person\",\"@id\":\"https:\\\/\\\/www.santafevalores.com\\\/#\\\/schema\\\/person\\\/d965a42370507d0a1638e69158bb5835\",\"name\":\"admin\",\"image\":{\"@type\":\"ImageObject\",\"inLanguage\":\"es\",\"@id\":\"https:\\\/\\\/secure.gravatar.com\\\/avatar\\\/97ec7f9eb6068ddac59d3806ca0034c167fce748f524adcfad8629911220756f?s=96&d=mm&r=g\",\"url\":\"https:\\\/\\\/secure.gravatar.com\\\/avatar\\\/97ec7f9eb6068ddac59d3806ca0034c167fce748f524adcfad8629911220756f?s=96&d=mm&r=g\",\"contentUrl\":\"https:\\\/\\\/secure.gravatar.com\\\/avatar\\\/97ec7f9eb6068ddac59d3806ca0034c167fce748f524adcfad8629911220756f?s=96&d=mm&r=g\",\"caption\":\"admin\"},\"sameAs\":[\"https:\\\/\\\/www.santafevalores.com\"],\"url\":\"https:\\\/\\\/www.santafevalores.com\\\/index.php\\\/author\\\/santafevaloresuio_ggv0vv79\\\/\"}]}<\/script>\n<!-- \/ Yoast SEO plugin. -->","yoast_head_json":{"title":"Bonos de Ecuador suben por especulaci\u00f3n de que el gobierno recomprar\u00e1 la deuda - Santa Fe Casa de Valores S.A.","robots":{"index":"index","follow":"follow","max-snippet":"max-snippet:-1","max-image-preview":"max-image-preview:large","max-video-preview":"max-video-preview:-1"},"canonical":"https:\/\/www.santafevalores.com\/index.php\/2022\/10\/18\/bonos-de-ecuador-suben-gobierno-recomprara-deuda\/","og_locale":"es_ES","og_type":"article","og_title":"Bonos de Ecuador suben por especulaci\u00f3n de que el gobierno recomprar\u00e1 la deuda - Santa Fe Casa de Valores S.A.","og_description":"El ministro de Econom\u00eda y Finanzas habr\u00eda asegurado que la naci\u00f3n vender\u00e1 bonos azules para recomprar parte de su deuda pendiente Bloomberg \u2014 Los bonos de Ecuador subieron el lunes, liderando los avances entre sus pares de los mercados emergentes, en medio de la especulaci\u00f3n de que el gobierno recomprar\u00e1 parte de su deuda pendiente.&hellip;","og_url":"https:\/\/www.santafevalores.com\/index.php\/2022\/10\/18\/bonos-de-ecuador-suben-gobierno-recomprara-deuda\/","og_site_name":"Santa Fe Casa de Valores S.A.","article_publisher":"https:\/\/www.facebook.com\/santafevalores\/","article_published_time":"2022-10-18T20:07:40+00:00","og_image":[{"width":1440,"height":810,"url":"https:\/\/www.santafevalores.com\/wp-content\/uploads\/2022\/10\/4Q7CTZ6ULRD7BP74YEGX4ZYBDA.webp","type":"image\/webp"}],"author":"admin","twitter_card":"summary_large_image","twitter_creator":"@SantaFeValores","twitter_site":"@SantaFeValores","twitter_misc":{"Escrito por":"admin","Tiempo de lectura":"2 minutos"},"schema":{"@context":"https:\/\/schema.org","@graph":[{"@type":"Article","@id":"https:\/\/www.santafevalores.com\/index.php\/2022\/10\/18\/bonos-de-ecuador-suben-gobierno-recomprara-deuda\/#article","isPartOf":{"@id":"https:\/\/www.santafevalores.com\/index.php\/2022\/10\/18\/bonos-de-ecuador-suben-gobierno-recomprara-deuda\/"},"author":{"name":"admin","@id":"https:\/\/www.santafevalores.com\/#\/schema\/person\/d965a42370507d0a1638e69158bb5835"},"headline":"Bonos de Ecuador suben por especulaci\u00f3n de que el gobierno recomprar\u00e1 la deuda","datePublished":"2022-10-18T20:07:40+00:00","mainEntityOfPage":{"@id":"https:\/\/www.santafevalores.com\/index.php\/2022\/10\/18\/bonos-de-ecuador-suben-gobierno-recomprara-deuda\/"},"wordCount":296,"commentCount":0,"publisher":{"@id":"https:\/\/www.santafevalores.com\/#organization"},"image":{"@id":"https:\/\/www.santafevalores.com\/index.php\/2022\/10\/18\/bonos-de-ecuador-suben-gobierno-recomprara-deuda\/#primaryimage"},"thumbnailUrl":"https:\/\/www.santafevalores.com\/wp-content\/uploads\/2022\/10\/4Q7CTZ6ULRD7BP74YEGX4ZYBDA.webp","inLanguage":"es","potentialAction":[{"@type":"CommentAction","name":"Comment","target":["https:\/\/www.santafevalores.com\/index.php\/2022\/10\/18\/bonos-de-ecuador-suben-gobierno-recomprara-deuda\/#respond"]}]},{"@type":"WebPage","@id":"https:\/\/www.santafevalores.com\/index.php\/2022\/10\/18\/bonos-de-ecuador-suben-gobierno-recomprara-deuda\/","url":"https:\/\/www.santafevalores.com\/index.php\/2022\/10\/18\/bonos-de-ecuador-suben-gobierno-recomprara-deuda\/","name":"Bonos de Ecuador suben por especulaci\u00f3n de que el gobierno recomprar\u00e1 la deuda - Santa Fe Casa de Valores S.A.","isPartOf":{"@id":"https:\/\/www.santafevalores.com\/#website"},"primaryImageOfPage":{"@id":"https:\/\/www.santafevalores.com\/index.php\/2022\/10\/18\/bonos-de-ecuador-suben-gobierno-recomprara-deuda\/#primaryimage"},"image":{"@id":"https:\/\/www.santafevalores.com\/index.php\/2022\/10\/18\/bonos-de-ecuador-suben-gobierno-recomprara-deuda\/#primaryimage"},"thumbnailUrl":"https:\/\/www.santafevalores.com\/wp-content\/uploads\/2022\/10\/4Q7CTZ6ULRD7BP74YEGX4ZYBDA.webp","datePublished":"2022-10-18T20:07:40+00:00","breadcrumb":{"@id":"https:\/\/www.santafevalores.com\/index.php\/2022\/10\/18\/bonos-de-ecuador-suben-gobierno-recomprara-deuda\/#breadcrumb"},"inLanguage":"es","potentialAction":[{"@type":"ReadAction","target":["https:\/\/www.santafevalores.com\/index.php\/2022\/10\/18\/bonos-de-ecuador-suben-gobierno-recomprara-deuda\/"]}]},{"@type":"ImageObject","inLanguage":"es","@id":"https:\/\/www.santafevalores.com\/index.php\/2022\/10\/18\/bonos-de-ecuador-suben-gobierno-recomprara-deuda\/#primaryimage","url":"https:\/\/www.santafevalores.com\/wp-content\/uploads\/2022\/10\/4Q7CTZ6ULRD7BP74YEGX4ZYBDA.webp","contentUrl":"https:\/\/www.santafevalores.com\/wp-content\/uploads\/2022\/10\/4Q7CTZ6ULRD7BP74YEGX4ZYBDA.webp","width":1440,"height":810},{"@type":"BreadcrumbList","@id":"https:\/\/www.santafevalores.com\/index.php\/2022\/10\/18\/bonos-de-ecuador-suben-gobierno-recomprara-deuda\/#breadcrumb","itemListElement":[{"@type":"ListItem","position":1,"name":"Portada","item":"https:\/\/www.santafevalores.com\/"},{"@type":"ListItem","position":2,"name":"Bonos de Ecuador suben por especulaci\u00f3n de que el gobierno recomprar\u00e1 la deuda"}]},{"@type":"WebSite","@id":"https:\/\/www.santafevalores.com\/#website","url":"https:\/\/www.santafevalores.com\/","name":"Santa Fe Casa de Valores S.A.","description":"","publisher":{"@id":"https:\/\/www.santafevalores.com\/#organization"},"potentialAction":[{"@type":"SearchAction","target":{"@type":"EntryPoint","urlTemplate":"https:\/\/www.santafevalores.com\/?s={search_term_string}"},"query-input":{"@type":"PropertyValueSpecification","valueRequired":true,"valueName":"search_term_string"}}],"inLanguage":"es"},{"@type":"Organization","@id":"https:\/\/www.santafevalores.com\/#organization","name":"Santa Fe Casa de Valores S.A.","alternateName":"SANTAFEVALORES","url":"https:\/\/www.santafevalores.com\/","logo":{"@type":"ImageObject","inLanguage":"es","@id":"https:\/\/www.santafevalores.com\/#\/schema\/logo\/image\/","url":"https:\/\/www.santafevalores.com\/wp-content\/uploads\/2022\/06\/logo1.png","contentUrl":"https:\/\/www.santafevalores.com\/wp-content\/uploads\/2022\/06\/logo1.png","width":235,"height":71,"caption":"Santa Fe Casa de Valores S.A."},"image":{"@id":"https:\/\/www.santafevalores.com\/#\/schema\/logo\/image\/"},"sameAs":["https:\/\/www.facebook.com\/santafevalores\/","https:\/\/x.com\/SantaFeValores"]},{"@type":"Person","@id":"https:\/\/www.santafevalores.com\/#\/schema\/person\/d965a42370507d0a1638e69158bb5835","name":"admin","image":{"@type":"ImageObject","inLanguage":"es","@id":"https:\/\/secure.gravatar.com\/avatar\/97ec7f9eb6068ddac59d3806ca0034c167fce748f524adcfad8629911220756f?s=96&d=mm&r=g","url":"https:\/\/secure.gravatar.com\/avatar\/97ec7f9eb6068ddac59d3806ca0034c167fce748f524adcfad8629911220756f?s=96&d=mm&r=g","contentUrl":"https:\/\/secure.gravatar.com\/avatar\/97ec7f9eb6068ddac59d3806ca0034c167fce748f524adcfad8629911220756f?s=96&d=mm&r=g","caption":"admin"},"sameAs":["https:\/\/www.santafevalores.com"],"url":"https:\/\/www.santafevalores.com\/index.php\/author\/santafevaloresuio_ggv0vv79\/"}]}},"_links":{"self":[{"href":"https:\/\/www.santafevalores.com\/index.php\/wp-json\/wp\/v2\/posts\/65853","targetHints":{"allow":["GET"]}}],"collection":[{"href":"https:\/\/www.santafevalores.com\/index.php\/wp-json\/wp\/v2\/posts"}],"about":[{"href":"https:\/\/www.santafevalores.com\/index.php\/wp-json\/wp\/v2\/types\/post"}],"author":[{"embeddable":true,"href":"https:\/\/www.santafevalores.com\/index.php\/wp-json\/wp\/v2\/users\/1"}],"replies":[{"embeddable":true,"href":"https:\/\/www.santafevalores.com\/index.php\/wp-json\/wp\/v2\/comments?post=65853"}],"version-history":[{"count":0,"href":"https:\/\/www.santafevalores.com\/index.php\/wp-json\/wp\/v2\/posts\/65853\/revisions"}],"wp:featuredmedia":[{"embeddable":true,"href":"https:\/\/www.santafevalores.com\/index.php\/wp-json\/wp\/v2\/media\/65799"}],"wp:attachment":[{"href":"https:\/\/www.santafevalores.com\/index.php\/wp-json\/wp\/v2\/media?parent=65853"}],"wp:term":[{"taxonomy":"category","embeddable":true,"href":"https:\/\/www.santafevalores.com\/index.php\/wp-json\/wp\/v2\/categories?post=65853"},{"taxonomy":"post_tag","embeddable":true,"href":"https:\/\/www.santafevalores.com\/index.php\/wp-json\/wp\/v2\/tags?post=65853"}],"curies":[{"name":"wp","href":"https:\/\/api.w.org\/{rel}","templated":true}]}}