{"id":65891,"date":"2022-10-20T12:06:15","date_gmt":"2022-10-20T17:06:15","guid":{"rendered":"https:\/\/santafevalores.com\/?p=65891"},"modified":"2022-10-20T12:06:15","modified_gmt":"2022-10-20T17:06:15","slug":"entre-150-millones-y-250-millones-seria-la-reduccion-del-subsidio-de-combustibles-al-aplicar-los-parametros-de-exclusion-calcula-el-gobierno","status":"publish","type":"post","link":"https:\/\/www.santafevalores.com\/index.php\/2022\/10\/20\/entre-150-millones-y-250-millones-seria-la-reduccion-del-subsidio-de-combustibles-al-aplicar-los-parametros-de-exclusion-calcula-el-gobierno\/","title":{"rendered":"Entre $ 150 millones y $ 250 millones ser\u00eda la reducci\u00f3n del subsidio de combustibles, al aplicar los par\u00e1metros de exclusi\u00f3n, calcula el Gobierno"},"content":{"rendered":"\t\t<div data-elementor-type=\"wp-post\" data-elementor-id=\"65891\" class=\"elementor elementor-65891\" data-elementor-post-type=\"post\">\n\t\t\t\t\t\t<section class=\"elementor-section elementor-top-section elementor-element elementor-element-39dbc38 elementor-section-boxed elementor-section-height-default elementor-section-height-default\" data-id=\"39dbc38\" data-element_type=\"section\" data-e-type=\"section\">\n\t\t\t\t\t\t<div class=\"elementor-container elementor-column-gap-default\">\n\t\t\t\t\t<div class=\"elementor-column elementor-col-100 elementor-top-column elementor-element elementor-element-7ee3bd1\" data-id=\"7ee3bd1\" data-element_type=\"column\" data-e-type=\"column\">\n\t\t\t<div class=\"elementor-widget-wrap elementor-element-populated\">\n\t\t\t\t\t\t<div class=\"elementor-element elementor-element-c17e0eb elementor-widget elementor-widget-image\" data-id=\"c17e0eb\" data-element_type=\"widget\" data-e-type=\"widget\" data-widget_type=\"image.default\">\n\t\t\t\t<div class=\"elementor-widget-container\">\n\t\t\t\t\t\t\t\t\t\t\t\t\t\t\t<img fetchpriority=\"high\" decoding=\"async\" width=\"893\" height=\"670\" src=\"https:\/\/www.santafevalores.com\/wp-content\/uploads\/2022\/10\/TVFSGSLGMVE7VCVTI566GZYE5Y.jpg\" class=\"attachment-large size-large wp-image-65893\" alt=\"\" srcset=\"https:\/\/www.santafevalores.com\/wp-content\/uploads\/2022\/10\/TVFSGSLGMVE7VCVTI566GZYE5Y.jpg 893w, https:\/\/www.santafevalores.com\/wp-content\/uploads\/2022\/10\/TVFSGSLGMVE7VCVTI566GZYE5Y-300x225.jpg 300w, https:\/\/www.santafevalores.com\/wp-content\/uploads\/2022\/10\/TVFSGSLGMVE7VCVTI566GZYE5Y-768x576.jpg 768w\" sizes=\"(max-width: 893px) 100vw, 893px\" \/>\t\t\t\t\t\t\t\t\t\t\t\t\t\t\t<\/div>\n\t\t\t\t<\/div>\n\t\t\t\t\t<\/div>\n\t\t<\/div>\n\t\t\t\t\t<\/div>\n\t\t<\/section>\n\t\t\t\t<section class=\"elementor-section elementor-top-section elementor-element elementor-element-b20313f elementor-section-boxed elementor-section-height-default elementor-section-height-default\" data-id=\"b20313f\" data-element_type=\"section\" data-e-type=\"section\">\n\t\t\t\t\t\t<div class=\"elementor-container elementor-column-gap-default\">\n\t\t\t\t\t<div class=\"elementor-column elementor-col-100 elementor-top-column elementor-element elementor-element-f5aa082\" data-id=\"f5aa082\" data-element_type=\"column\" data-e-type=\"column\">\n\t\t\t<div class=\"elementor-widget-wrap elementor-element-populated\">\n\t\t\t\t\t\t<div class=\"elementor-element elementor-element-f59aa6b elementor-widget elementor-widget-text-editor\" data-id=\"f59aa6b\" data-element_type=\"widget\" data-e-type=\"widget\" data-widget_type=\"text-editor.default\">\n\t\t\t\t<div class=\"elementor-widget-container\">\n\t\t\t\t\t\t\t\t\t<p>En conversatorio con medios, el ministro de Transporte, Dar\u00edo Herrera, coment\u00f3 c\u00f3mo fue la metodolog\u00eda de la mesa de focalizaci\u00f3n y la construcci\u00f3n del consenso<br \/>El <b>Gobierno calcula que se podr\u00eda reducir el subsidio de combustibles del sector automotor entre $ 150 millones y $ 250 millones<\/b> una vez que se apliquen los criterios de exclusi\u00f3n que se acordaron en las mesas de di\u00e1logo con los sectores sociales. Esa cifra est\u00e1 calculada con base al precio actual de los combustibles a nivel internacional y considerando que el subsidio <b>de este a\u00f1o podr\u00eda llegar a $ 4.000 millones. As\u00ed lo revel\u00f3 el ministro de Transporte y Obras P\u00fablicas, Dar\u00edo Herrera,<\/b> en un conversatorio que tuvo con la prensa nacional, junto con otros funcionarios de Gobierno como el viceministro de Econom\u00eda, Leonardo S\u00e1nchez y Leandro Chalela, coordinador estrat\u00e9gico del Sector Fiscal.<br \/>Los funcionarios p\u00fablicos explicaron c\u00f3mo se desarroll\u00f3 el proceso de di\u00e1logo Gobierno y sectores sociales ind\u00edgenas, que tuvo en total reuniones por al menos <b>150 horas (entre reuniones propiamente dichas, visitas a Petroecuador, al Servicio de Rentas Internas, entre otros) y dieron de talles de la metodolog\u00eda utilizada.<\/b> Esto es la b\u00fasqueda de consensos y no imposiciones de ninguno de los lados. \u201cYo le dije al se\u00f1or Iza, esto no es una guerra de porpuestas, tenemos que construir una en conjunto\u201d, acot\u00f3. Habr\u00eda sido como una suerte de baile en el que ambos lados ten\u00edan que aprender a bailar sin pisarse, coment\u00f3.<br \/>El ministro Herrera explic\u00f3 que el parque automotor se lleva actualmente el 49% de los subsidios. Mientras m\u00e1s alto el valor del petr\u00f3leo y de los derivados a nivel internacional, mayor es ese subsidio. <b>De esos 49 puntos, el 30% va destinado a veh\u00edculos livianos y el 70% a veh\u00edculos pesados. Sobre ese 30% de livianos que a su vez representa el 14,7% del total de los subsidios (automotrices, dom\u00e9sticos, atunero, pesquero, aviaci\u00f3n, entre otros) se aplicar\u00e1n los p\u00e1ramos de exclusi\u00f3n<\/b> que tienen que ver con el cilindraje y n\u00famero de veh\u00edculos de una sola persona. La reducci\u00f3n de dicho subsidio ser\u00e1 como ya se ha explicado y como consta en el acta firmada (de acuerdos, desacuerdos y temas no tratados) para veh\u00edculos de un cilindraje mayor a 2201 cc. en veh\u00edculos livianos y de 2.401 cc en jeeps, as\u00ed como de 3001 cc para camionetas. Tambi\u00e9n se aplicar\u00e1 para quienes tienen tres veh\u00edculos en adelante.<\/p><p>Entre tanto, se inform\u00f3 que al momento en el pa\u00eds hay unas <b>81.000 personas que ganan m\u00e1s de $ 3.466 al mes a quienes tambi\u00e9n se les excluir\u00eda del subsidio.<\/b><br \/>Herrera tambi\u00e9n explic\u00f3 que quienes est\u00e1n excluidos del subsidio no tendr\u00e1n un alza de shock, y que de acuerdo con el acta est\u00e1 prohibido liberalizar los precios de los combustibles. En este sentido se aplicar\u00eda la fijaci\u00f3n de precios que es potestad del presidente de la Rep\u00fablica con base a la data de Petroecuador, a precios que representen la reducci\u00f3n decidida.<\/p><p>Herrera justific\u00f3 el tema de haber <b>optado por la exclusi\u00f3n de ciertos ciudadanos del subsidio, indicando que actualmente en el pa\u00eds existe un subsidio generalizado y era m\u00e1s sencillo ir a la exclusi\u00f3n.<\/b> Diferente hubiese sido que no existiera el subsidio y entonces se podr\u00eda haber ido a una verdadera focalizaci\u00f3n, es decir dirigi\u00e9ndolo a quien realmente lo necesitaba.<\/p><p>Tambi\u00e9n revel\u00f3 que dentro de las <b>discusiones y con n\u00fameros se logr\u00f3 establecer que el incremento de los combustibles no lleg\u00f3 a afectar de una manera directa a las familias del campo<\/b>. Explic\u00f3 que el 80% del subsidio beneficia al momento a los sectores de mayores recursos.<\/p>\t\t\t\t\t\t\t\t<\/div>\n\t\t\t\t<\/div>\n\t\t\t\t\t<\/div>\n\t\t<\/div>\n\t\t\t\t\t<\/div>\n\t\t<\/section>\n\t\t\t\t<section class=\"elementor-section elementor-top-section elementor-element elementor-element-8060541 elementor-section-boxed elementor-section-height-default elementor-section-height-default\" data-id=\"8060541\" data-element_type=\"section\" data-e-type=\"section\">\n\t\t\t\t\t\t<div class=\"elementor-container elementor-column-gap-default\">\n\t\t\t\t\t<div class=\"elementor-column elementor-col-100 elementor-top-column elementor-element elementor-element-c92fa47\" data-id=\"c92fa47\" data-element_type=\"column\" data-e-type=\"column\">\n\t\t\t<div class=\"elementor-widget-wrap elementor-element-populated\">\n\t\t\t\t\t\t<div class=\"elementor-element elementor-element-33b990f elementor-headline--style-highlight elementor-widget elementor-widget-animated-headline\" data-id=\"33b990f\" data-element_type=\"widget\" data-e-type=\"widget\" data-settings=\"{&quot;highlighted_text&quot;:&quot;reporta El Universo&quot;,&quot;headline_style&quot;:&quot;highlight&quot;,&quot;marker&quot;:&quot;circle&quot;,&quot;loop&quot;:&quot;yes&quot;,&quot;highlight_animation_duration&quot;:1200,&quot;highlight_iteration_delay&quot;:8000}\" data-widget_type=\"animated-headline.default\">\n\t\t\t\t<div class=\"elementor-widget-container\">\n\t\t\t\t\t\t\t\t<a href=\"https:\/\/www.eluniverso.com\/noticias\/economia\/entre-150-millones-y-250-millones-seria-la-reduccion-del-subsidio-de-combustibles-al-aplicar-los-parametros-de-exclusion-calcula-el-gobierno-nota\/\" target=\"_blank\">\n\n\t\t\t\t\t<p class=\"elementor-headline\">\n\t\t\t\t\t<span class=\"elementor-headline-plain-text elementor-headline-text-wrapper\">Fuente:<\/span>\n\t\t\t\t<span class=\"elementor-headline-dynamic-wrapper elementor-headline-text-wrapper\">\n\t\t\t\t\t<span class=\"elementor-headline-dynamic-text elementor-headline-text-active\">reporta El Universo<\/span>\n\t\t\t\t<\/span>\n\t\t\t\t<\/p>\n\t\t<\/a>\t\t\t\t<\/div>\n\t\t\t\t<\/div>\n\t\t\t\t\t<\/div>\n\t\t<\/div>\n\t\t\t\t\t<\/div>\n\t\t<\/section>\n\t\t\t\t<\/div>\n\t\t","protected":false},"excerpt":{"rendered":"<p>En conversatorio con medios, el ministro de Transporte, Dar\u00edo Herrera, coment\u00f3 c\u00f3mo fue la metodolog\u00eda de la mesa de focalizaci\u00f3n y la construcci\u00f3n del consenso El Gobierno calcula que se podr\u00eda reducir el subsidio de combustibles del sector automotor entre $ 150 millones y $ 250 millones una vez que se apliquen los criterios de&hellip;<\/p>\n","protected":false},"author":1,"featured_media":65893,"comment_status":"open","ping_status":"closed","sticky":false,"template":"","format":"standard","meta":{"content-type":"","_joinchat":[],"footnotes":""},"categories":[4],"tags":[],"class_list":["post-65891","post","type-post","status-publish","format-standard","has-post-thumbnail","hentry","category-sin-categoria"],"yoast_head":"<!-- This site is optimized with the Yoast SEO plugin v27.5 - https:\/\/yoast.com\/product\/yoast-seo-wordpress\/ -->\n<title>Entre $ 150 millones y $ 250 millones ser\u00eda la reducci\u00f3n del subsidio de combustibles, al aplicar los par\u00e1metros de exclusi\u00f3n, calcula el Gobierno - Santa Fe Casa de Valores S.A.<\/title>\n<meta name=\"robots\" content=\"index, follow, max-snippet:-1, max-image-preview:large, max-video-preview:-1\" \/>\n<link rel=\"canonical\" href=\"https:\/\/www.santafevalores.com\/index.php\/2022\/10\/20\/entre-150-millones-y-250-millones-seria-la-reduccion-del-subsidio-de-combustibles-al-aplicar-los-parametros-de-exclusion-calcula-el-gobierno\/\" \/>\n<meta property=\"og:locale\" content=\"es_ES\" \/>\n<meta property=\"og:type\" content=\"article\" \/>\n<meta property=\"og:title\" content=\"Entre $ 150 millones y $ 250 millones ser\u00eda la reducci\u00f3n del subsidio de combustibles, al aplicar los par\u00e1metros de exclusi\u00f3n, calcula el Gobierno - Santa Fe Casa de Valores S.A.\" \/>\n<meta property=\"og:description\" content=\"En conversatorio con medios, el ministro de Transporte, Dar\u00edo Herrera, coment\u00f3 c\u00f3mo fue la metodolog\u00eda de la mesa de focalizaci\u00f3n y la construcci\u00f3n del consenso El Gobierno calcula que se podr\u00eda reducir el subsidio de combustibles del sector automotor entre $ 150 millones y $ 250 millones una vez que se apliquen los criterios de&hellip;\" \/>\n<meta property=\"og:url\" content=\"https:\/\/www.santafevalores.com\/index.php\/2022\/10\/20\/entre-150-millones-y-250-millones-seria-la-reduccion-del-subsidio-de-combustibles-al-aplicar-los-parametros-de-exclusion-calcula-el-gobierno\/\" \/>\n<meta property=\"og:site_name\" content=\"Santa Fe Casa de Valores S.A.\" \/>\n<meta property=\"article:publisher\" content=\"https:\/\/www.facebook.com\/santafevalores\/\" \/>\n<meta property=\"article:published_time\" content=\"2022-10-20T17:06:15+00:00\" \/>\n<meta property=\"og:image\" content=\"https:\/\/www.santafevalores.com\/wp-content\/uploads\/2022\/10\/TVFSGSLGMVE7VCVTI566GZYE5Y.jpg\" \/>\n\t<meta property=\"og:image:width\" content=\"893\" \/>\n\t<meta property=\"og:image:height\" content=\"670\" \/>\n\t<meta property=\"og:image:type\" content=\"image\/jpeg\" \/>\n<meta name=\"author\" content=\"admin\" \/>\n<meta name=\"twitter:card\" content=\"summary_large_image\" \/>\n<meta name=\"twitter:creator\" content=\"@SantaFeValores\" \/>\n<meta name=\"twitter:site\" content=\"@SantaFeValores\" \/>\n<meta name=\"twitter:label1\" content=\"Escrito por\" \/>\n\t<meta name=\"twitter:data1\" content=\"admin\" \/>\n\t<meta name=\"twitter:label2\" content=\"Tiempo de lectura\" \/>\n\t<meta name=\"twitter:data2\" content=\"3 minutos\" \/>\n<script type=\"application\/ld+json\" class=\"yoast-schema-graph\">{\"@context\":\"https:\\\/\\\/schema.org\",\"@graph\":[{\"@type\":\"Article\",\"@id\":\"https:\\\/\\\/www.santafevalores.com\\\/index.php\\\/2022\\\/10\\\/20\\\/entre-150-millones-y-250-millones-seria-la-reduccion-del-subsidio-de-combustibles-al-aplicar-los-parametros-de-exclusion-calcula-el-gobierno\\\/#article\",\"isPartOf\":{\"@id\":\"https:\\\/\\\/www.santafevalores.com\\\/index.php\\\/2022\\\/10\\\/20\\\/entre-150-millones-y-250-millones-seria-la-reduccion-del-subsidio-de-combustibles-al-aplicar-los-parametros-de-exclusion-calcula-el-gobierno\\\/\"},\"author\":{\"name\":\"admin\",\"@id\":\"https:\\\/\\\/www.santafevalores.com\\\/#\\\/schema\\\/person\\\/d965a42370507d0a1638e69158bb5835\"},\"headline\":\"Entre $ 150 millones y $ 250 millones ser\u00eda la reducci\u00f3n del subsidio de combustibles, al aplicar los par\u00e1metros de exclusi\u00f3n, calcula el Gobierno\",\"datePublished\":\"2022-10-20T17:06:15+00:00\",\"mainEntityOfPage\":{\"@id\":\"https:\\\/\\\/www.santafevalores.com\\\/index.php\\\/2022\\\/10\\\/20\\\/entre-150-millones-y-250-millones-seria-la-reduccion-del-subsidio-de-combustibles-al-aplicar-los-parametros-de-exclusion-calcula-el-gobierno\\\/\"},\"wordCount\":662,\"commentCount\":0,\"publisher\":{\"@id\":\"https:\\\/\\\/www.santafevalores.com\\\/#organization\"},\"image\":{\"@id\":\"https:\\\/\\\/www.santafevalores.com\\\/index.php\\\/2022\\\/10\\\/20\\\/entre-150-millones-y-250-millones-seria-la-reduccion-del-subsidio-de-combustibles-al-aplicar-los-parametros-de-exclusion-calcula-el-gobierno\\\/#primaryimage\"},\"thumbnailUrl\":\"https:\\\/\\\/www.santafevalores.com\\\/wp-content\\\/uploads\\\/2022\\\/10\\\/TVFSGSLGMVE7VCVTI566GZYE5Y.jpg\",\"inLanguage\":\"es\",\"potentialAction\":[{\"@type\":\"CommentAction\",\"name\":\"Comment\",\"target\":[\"https:\\\/\\\/www.santafevalores.com\\\/index.php\\\/2022\\\/10\\\/20\\\/entre-150-millones-y-250-millones-seria-la-reduccion-del-subsidio-de-combustibles-al-aplicar-los-parametros-de-exclusion-calcula-el-gobierno\\\/#respond\"]}]},{\"@type\":\"WebPage\",\"@id\":\"https:\\\/\\\/www.santafevalores.com\\\/index.php\\\/2022\\\/10\\\/20\\\/entre-150-millones-y-250-millones-seria-la-reduccion-del-subsidio-de-combustibles-al-aplicar-los-parametros-de-exclusion-calcula-el-gobierno\\\/\",\"url\":\"https:\\\/\\\/www.santafevalores.com\\\/index.php\\\/2022\\\/10\\\/20\\\/entre-150-millones-y-250-millones-seria-la-reduccion-del-subsidio-de-combustibles-al-aplicar-los-parametros-de-exclusion-calcula-el-gobierno\\\/\",\"name\":\"Entre $ 150 millones y $ 250 millones ser\u00eda la reducci\u00f3n del subsidio de combustibles, al aplicar los par\u00e1metros de exclusi\u00f3n, calcula el Gobierno - Santa Fe Casa de Valores S.A.\",\"isPartOf\":{\"@id\":\"https:\\\/\\\/www.santafevalores.com\\\/#website\"},\"primaryImageOfPage\":{\"@id\":\"https:\\\/\\\/www.santafevalores.com\\\/index.php\\\/2022\\\/10\\\/20\\\/entre-150-millones-y-250-millones-seria-la-reduccion-del-subsidio-de-combustibles-al-aplicar-los-parametros-de-exclusion-calcula-el-gobierno\\\/#primaryimage\"},\"image\":{\"@id\":\"https:\\\/\\\/www.santafevalores.com\\\/index.php\\\/2022\\\/10\\\/20\\\/entre-150-millones-y-250-millones-seria-la-reduccion-del-subsidio-de-combustibles-al-aplicar-los-parametros-de-exclusion-calcula-el-gobierno\\\/#primaryimage\"},\"thumbnailUrl\":\"https:\\\/\\\/www.santafevalores.com\\\/wp-content\\\/uploads\\\/2022\\\/10\\\/TVFSGSLGMVE7VCVTI566GZYE5Y.jpg\",\"datePublished\":\"2022-10-20T17:06:15+00:00\",\"breadcrumb\":{\"@id\":\"https:\\\/\\\/www.santafevalores.com\\\/index.php\\\/2022\\\/10\\\/20\\\/entre-150-millones-y-250-millones-seria-la-reduccion-del-subsidio-de-combustibles-al-aplicar-los-parametros-de-exclusion-calcula-el-gobierno\\\/#breadcrumb\"},\"inLanguage\":\"es\",\"potentialAction\":[{\"@type\":\"ReadAction\",\"target\":[\"https:\\\/\\\/www.santafevalores.com\\\/index.php\\\/2022\\\/10\\\/20\\\/entre-150-millones-y-250-millones-seria-la-reduccion-del-subsidio-de-combustibles-al-aplicar-los-parametros-de-exclusion-calcula-el-gobierno\\\/\"]}]},{\"@type\":\"ImageObject\",\"inLanguage\":\"es\",\"@id\":\"https:\\\/\\\/www.santafevalores.com\\\/index.php\\\/2022\\\/10\\\/20\\\/entre-150-millones-y-250-millones-seria-la-reduccion-del-subsidio-de-combustibles-al-aplicar-los-parametros-de-exclusion-calcula-el-gobierno\\\/#primaryimage\",\"url\":\"https:\\\/\\\/www.santafevalores.com\\\/wp-content\\\/uploads\\\/2022\\\/10\\\/TVFSGSLGMVE7VCVTI566GZYE5Y.jpg\",\"contentUrl\":\"https:\\\/\\\/www.santafevalores.com\\\/wp-content\\\/uploads\\\/2022\\\/10\\\/TVFSGSLGMVE7VCVTI566GZYE5Y.jpg\",\"width\":893,\"height\":670},{\"@type\":\"BreadcrumbList\",\"@id\":\"https:\\\/\\\/www.santafevalores.com\\\/index.php\\\/2022\\\/10\\\/20\\\/entre-150-millones-y-250-millones-seria-la-reduccion-del-subsidio-de-combustibles-al-aplicar-los-parametros-de-exclusion-calcula-el-gobierno\\\/#breadcrumb\",\"itemListElement\":[{\"@type\":\"ListItem\",\"position\":1,\"name\":\"Portada\",\"item\":\"https:\\\/\\\/www.santafevalores.com\\\/\"},{\"@type\":\"ListItem\",\"position\":2,\"name\":\"Entre $ 150 millones y $ 250 millones ser\u00eda la reducci\u00f3n del subsidio de combustibles, al aplicar los par\u00e1metros de exclusi\u00f3n, calcula el Gobierno\"}]},{\"@type\":\"WebSite\",\"@id\":\"https:\\\/\\\/www.santafevalores.com\\\/#website\",\"url\":\"https:\\\/\\\/www.santafevalores.com\\\/\",\"name\":\"Santa Fe Casa de Valores S.A.\",\"description\":\"\",\"publisher\":{\"@id\":\"https:\\\/\\\/www.santafevalores.com\\\/#organization\"},\"potentialAction\":[{\"@type\":\"SearchAction\",\"target\":{\"@type\":\"EntryPoint\",\"urlTemplate\":\"https:\\\/\\\/www.santafevalores.com\\\/?s={search_term_string}\"},\"query-input\":{\"@type\":\"PropertyValueSpecification\",\"valueRequired\":true,\"valueName\":\"search_term_string\"}}],\"inLanguage\":\"es\"},{\"@type\":\"Organization\",\"@id\":\"https:\\\/\\\/www.santafevalores.com\\\/#organization\",\"name\":\"Santa Fe Casa de Valores S.A.\",\"alternateName\":\"SANTAFEVALORES\",\"url\":\"https:\\\/\\\/www.santafevalores.com\\\/\",\"logo\":{\"@type\":\"ImageObject\",\"inLanguage\":\"es\",\"@id\":\"https:\\\/\\\/www.santafevalores.com\\\/#\\\/schema\\\/logo\\\/image\\\/\",\"url\":\"https:\\\/\\\/www.santafevalores.com\\\/wp-content\\\/uploads\\\/2022\\\/06\\\/logo1.png\",\"contentUrl\":\"https:\\\/\\\/www.santafevalores.com\\\/wp-content\\\/uploads\\\/2022\\\/06\\\/logo1.png\",\"width\":235,\"height\":71,\"caption\":\"Santa Fe Casa de Valores S.A.\"},\"image\":{\"@id\":\"https:\\\/\\\/www.santafevalores.com\\\/#\\\/schema\\\/logo\\\/image\\\/\"},\"sameAs\":[\"https:\\\/\\\/www.facebook.com\\\/santafevalores\\\/\",\"https:\\\/\\\/x.com\\\/SantaFeValores\"]},{\"@type\":\"Person\",\"@id\":\"https:\\\/\\\/www.santafevalores.com\\\/#\\\/schema\\\/person\\\/d965a42370507d0a1638e69158bb5835\",\"name\":\"admin\",\"image\":{\"@type\":\"ImageObject\",\"inLanguage\":\"es\",\"@id\":\"https:\\\/\\\/secure.gravatar.com\\\/avatar\\\/97ec7f9eb6068ddac59d3806ca0034c167fce748f524adcfad8629911220756f?s=96&d=mm&r=g\",\"url\":\"https:\\\/\\\/secure.gravatar.com\\\/avatar\\\/97ec7f9eb6068ddac59d3806ca0034c167fce748f524adcfad8629911220756f?s=96&d=mm&r=g\",\"contentUrl\":\"https:\\\/\\\/secure.gravatar.com\\\/avatar\\\/97ec7f9eb6068ddac59d3806ca0034c167fce748f524adcfad8629911220756f?s=96&d=mm&r=g\",\"caption\":\"admin\"},\"sameAs\":[\"https:\\\/\\\/www.santafevalores.com\"],\"url\":\"https:\\\/\\\/www.santafevalores.com\\\/index.php\\\/author\\\/santafevaloresuio_ggv0vv79\\\/\"}]}<\/script>\n<!-- \/ Yoast SEO plugin. -->","yoast_head_json":{"title":"Entre $ 150 millones y $ 250 millones ser\u00eda la reducci\u00f3n del subsidio de combustibles, al aplicar los par\u00e1metros de exclusi\u00f3n, calcula el Gobierno - Santa Fe Casa de Valores S.A.","robots":{"index":"index","follow":"follow","max-snippet":"max-snippet:-1","max-image-preview":"max-image-preview:large","max-video-preview":"max-video-preview:-1"},"canonical":"https:\/\/www.santafevalores.com\/index.php\/2022\/10\/20\/entre-150-millones-y-250-millones-seria-la-reduccion-del-subsidio-de-combustibles-al-aplicar-los-parametros-de-exclusion-calcula-el-gobierno\/","og_locale":"es_ES","og_type":"article","og_title":"Entre $ 150 millones y $ 250 millones ser\u00eda la reducci\u00f3n del subsidio de combustibles, al aplicar los par\u00e1metros de exclusi\u00f3n, calcula el Gobierno - Santa Fe Casa de Valores S.A.","og_description":"En conversatorio con medios, el ministro de Transporte, Dar\u00edo Herrera, coment\u00f3 c\u00f3mo fue la metodolog\u00eda de la mesa de focalizaci\u00f3n y la construcci\u00f3n del consenso El Gobierno calcula que se podr\u00eda reducir el subsidio de combustibles del sector automotor entre $ 150 millones y $ 250 millones una vez que se apliquen los criterios de&hellip;","og_url":"https:\/\/www.santafevalores.com\/index.php\/2022\/10\/20\/entre-150-millones-y-250-millones-seria-la-reduccion-del-subsidio-de-combustibles-al-aplicar-los-parametros-de-exclusion-calcula-el-gobierno\/","og_site_name":"Santa Fe Casa de Valores S.A.","article_publisher":"https:\/\/www.facebook.com\/santafevalores\/","article_published_time":"2022-10-20T17:06:15+00:00","og_image":[{"width":893,"height":670,"url":"https:\/\/www.santafevalores.com\/wp-content\/uploads\/2022\/10\/TVFSGSLGMVE7VCVTI566GZYE5Y.jpg","type":"image\/jpeg"}],"author":"admin","twitter_card":"summary_large_image","twitter_creator":"@SantaFeValores","twitter_site":"@SantaFeValores","twitter_misc":{"Escrito por":"admin","Tiempo de lectura":"3 minutos"},"schema":{"@context":"https:\/\/schema.org","@graph":[{"@type":"Article","@id":"https:\/\/www.santafevalores.com\/index.php\/2022\/10\/20\/entre-150-millones-y-250-millones-seria-la-reduccion-del-subsidio-de-combustibles-al-aplicar-los-parametros-de-exclusion-calcula-el-gobierno\/#article","isPartOf":{"@id":"https:\/\/www.santafevalores.com\/index.php\/2022\/10\/20\/entre-150-millones-y-250-millones-seria-la-reduccion-del-subsidio-de-combustibles-al-aplicar-los-parametros-de-exclusion-calcula-el-gobierno\/"},"author":{"name":"admin","@id":"https:\/\/www.santafevalores.com\/#\/schema\/person\/d965a42370507d0a1638e69158bb5835"},"headline":"Entre $ 150 millones y $ 250 millones ser\u00eda la reducci\u00f3n del subsidio de combustibles, al aplicar los par\u00e1metros de exclusi\u00f3n, calcula el Gobierno","datePublished":"2022-10-20T17:06:15+00:00","mainEntityOfPage":{"@id":"https:\/\/www.santafevalores.com\/index.php\/2022\/10\/20\/entre-150-millones-y-250-millones-seria-la-reduccion-del-subsidio-de-combustibles-al-aplicar-los-parametros-de-exclusion-calcula-el-gobierno\/"},"wordCount":662,"commentCount":0,"publisher":{"@id":"https:\/\/www.santafevalores.com\/#organization"},"image":{"@id":"https:\/\/www.santafevalores.com\/index.php\/2022\/10\/20\/entre-150-millones-y-250-millones-seria-la-reduccion-del-subsidio-de-combustibles-al-aplicar-los-parametros-de-exclusion-calcula-el-gobierno\/#primaryimage"},"thumbnailUrl":"https:\/\/www.santafevalores.com\/wp-content\/uploads\/2022\/10\/TVFSGSLGMVE7VCVTI566GZYE5Y.jpg","inLanguage":"es","potentialAction":[{"@type":"CommentAction","name":"Comment","target":["https:\/\/www.santafevalores.com\/index.php\/2022\/10\/20\/entre-150-millones-y-250-millones-seria-la-reduccion-del-subsidio-de-combustibles-al-aplicar-los-parametros-de-exclusion-calcula-el-gobierno\/#respond"]}]},{"@type":"WebPage","@id":"https:\/\/www.santafevalores.com\/index.php\/2022\/10\/20\/entre-150-millones-y-250-millones-seria-la-reduccion-del-subsidio-de-combustibles-al-aplicar-los-parametros-de-exclusion-calcula-el-gobierno\/","url":"https:\/\/www.santafevalores.com\/index.php\/2022\/10\/20\/entre-150-millones-y-250-millones-seria-la-reduccion-del-subsidio-de-combustibles-al-aplicar-los-parametros-de-exclusion-calcula-el-gobierno\/","name":"Entre $ 150 millones y $ 250 millones ser\u00eda la reducci\u00f3n del subsidio de combustibles, al aplicar los par\u00e1metros de exclusi\u00f3n, calcula el Gobierno - Santa Fe Casa de Valores S.A.","isPartOf":{"@id":"https:\/\/www.santafevalores.com\/#website"},"primaryImageOfPage":{"@id":"https:\/\/www.santafevalores.com\/index.php\/2022\/10\/20\/entre-150-millones-y-250-millones-seria-la-reduccion-del-subsidio-de-combustibles-al-aplicar-los-parametros-de-exclusion-calcula-el-gobierno\/#primaryimage"},"image":{"@id":"https:\/\/www.santafevalores.com\/index.php\/2022\/10\/20\/entre-150-millones-y-250-millones-seria-la-reduccion-del-subsidio-de-combustibles-al-aplicar-los-parametros-de-exclusion-calcula-el-gobierno\/#primaryimage"},"thumbnailUrl":"https:\/\/www.santafevalores.com\/wp-content\/uploads\/2022\/10\/TVFSGSLGMVE7VCVTI566GZYE5Y.jpg","datePublished":"2022-10-20T17:06:15+00:00","breadcrumb":{"@id":"https:\/\/www.santafevalores.com\/index.php\/2022\/10\/20\/entre-150-millones-y-250-millones-seria-la-reduccion-del-subsidio-de-combustibles-al-aplicar-los-parametros-de-exclusion-calcula-el-gobierno\/#breadcrumb"},"inLanguage":"es","potentialAction":[{"@type":"ReadAction","target":["https:\/\/www.santafevalores.com\/index.php\/2022\/10\/20\/entre-150-millones-y-250-millones-seria-la-reduccion-del-subsidio-de-combustibles-al-aplicar-los-parametros-de-exclusion-calcula-el-gobierno\/"]}]},{"@type":"ImageObject","inLanguage":"es","@id":"https:\/\/www.santafevalores.com\/index.php\/2022\/10\/20\/entre-150-millones-y-250-millones-seria-la-reduccion-del-subsidio-de-combustibles-al-aplicar-los-parametros-de-exclusion-calcula-el-gobierno\/#primaryimage","url":"https:\/\/www.santafevalores.com\/wp-content\/uploads\/2022\/10\/TVFSGSLGMVE7VCVTI566GZYE5Y.jpg","contentUrl":"https:\/\/www.santafevalores.com\/wp-content\/uploads\/2022\/10\/TVFSGSLGMVE7VCVTI566GZYE5Y.jpg","width":893,"height":670},{"@type":"BreadcrumbList","@id":"https:\/\/www.santafevalores.com\/index.php\/2022\/10\/20\/entre-150-millones-y-250-millones-seria-la-reduccion-del-subsidio-de-combustibles-al-aplicar-los-parametros-de-exclusion-calcula-el-gobierno\/#breadcrumb","itemListElement":[{"@type":"ListItem","position":1,"name":"Portada","item":"https:\/\/www.santafevalores.com\/"},{"@type":"ListItem","position":2,"name":"Entre $ 150 millones y $ 250 millones ser\u00eda la reducci\u00f3n del subsidio de combustibles, al aplicar los par\u00e1metros de exclusi\u00f3n, calcula el Gobierno"}]},{"@type":"WebSite","@id":"https:\/\/www.santafevalores.com\/#website","url":"https:\/\/www.santafevalores.com\/","name":"Santa Fe Casa de Valores S.A.","description":"","publisher":{"@id":"https:\/\/www.santafevalores.com\/#organization"},"potentialAction":[{"@type":"SearchAction","target":{"@type":"EntryPoint","urlTemplate":"https:\/\/www.santafevalores.com\/?s={search_term_string}"},"query-input":{"@type":"PropertyValueSpecification","valueRequired":true,"valueName":"search_term_string"}}],"inLanguage":"es"},{"@type":"Organization","@id":"https:\/\/www.santafevalores.com\/#organization","name":"Santa Fe Casa de Valores S.A.","alternateName":"SANTAFEVALORES","url":"https:\/\/www.santafevalores.com\/","logo":{"@type":"ImageObject","inLanguage":"es","@id":"https:\/\/www.santafevalores.com\/#\/schema\/logo\/image\/","url":"https:\/\/www.santafevalores.com\/wp-content\/uploads\/2022\/06\/logo1.png","contentUrl":"https:\/\/www.santafevalores.com\/wp-content\/uploads\/2022\/06\/logo1.png","width":235,"height":71,"caption":"Santa Fe Casa de Valores S.A."},"image":{"@id":"https:\/\/www.santafevalores.com\/#\/schema\/logo\/image\/"},"sameAs":["https:\/\/www.facebook.com\/santafevalores\/","https:\/\/x.com\/SantaFeValores"]},{"@type":"Person","@id":"https:\/\/www.santafevalores.com\/#\/schema\/person\/d965a42370507d0a1638e69158bb5835","name":"admin","image":{"@type":"ImageObject","inLanguage":"es","@id":"https:\/\/secure.gravatar.com\/avatar\/97ec7f9eb6068ddac59d3806ca0034c167fce748f524adcfad8629911220756f?s=96&d=mm&r=g","url":"https:\/\/secure.gravatar.com\/avatar\/97ec7f9eb6068ddac59d3806ca0034c167fce748f524adcfad8629911220756f?s=96&d=mm&r=g","contentUrl":"https:\/\/secure.gravatar.com\/avatar\/97ec7f9eb6068ddac59d3806ca0034c167fce748f524adcfad8629911220756f?s=96&d=mm&r=g","caption":"admin"},"sameAs":["https:\/\/www.santafevalores.com"],"url":"https:\/\/www.santafevalores.com\/index.php\/author\/santafevaloresuio_ggv0vv79\/"}]}},"_links":{"self":[{"href":"https:\/\/www.santafevalores.com\/index.php\/wp-json\/wp\/v2\/posts\/65891","targetHints":{"allow":["GET"]}}],"collection":[{"href":"https:\/\/www.santafevalores.com\/index.php\/wp-json\/wp\/v2\/posts"}],"about":[{"href":"https:\/\/www.santafevalores.com\/index.php\/wp-json\/wp\/v2\/types\/post"}],"author":[{"embeddable":true,"href":"https:\/\/www.santafevalores.com\/index.php\/wp-json\/wp\/v2\/users\/1"}],"replies":[{"embeddable":true,"href":"https:\/\/www.santafevalores.com\/index.php\/wp-json\/wp\/v2\/comments?post=65891"}],"version-history":[{"count":0,"href":"https:\/\/www.santafevalores.com\/index.php\/wp-json\/wp\/v2\/posts\/65891\/revisions"}],"wp:featuredmedia":[{"embeddable":true,"href":"https:\/\/www.santafevalores.com\/index.php\/wp-json\/wp\/v2\/media\/65893"}],"wp:attachment":[{"href":"https:\/\/www.santafevalores.com\/index.php\/wp-json\/wp\/v2\/media?parent=65891"}],"wp:term":[{"taxonomy":"category","embeddable":true,"href":"https:\/\/www.santafevalores.com\/index.php\/wp-json\/wp\/v2\/categories?post=65891"},{"taxonomy":"post_tag","embeddable":true,"href":"https:\/\/www.santafevalores.com\/index.php\/wp-json\/wp\/v2\/tags?post=65891"}],"curies":[{"name":"wp","href":"https:\/\/api.w.org\/{rel}","templated":true}]}}