{"id":65982,"date":"2022-10-27T12:10:13","date_gmt":"2022-10-27T17:10:13","guid":{"rendered":"https:\/\/santafevalores.com\/?p=65982"},"modified":"2022-10-27T12:10:13","modified_gmt":"2022-10-27T17:10:13","slug":"los-clarividentes-de-la-reserva-federal-ven-senales","status":"publish","type":"post","link":"https:\/\/www.santafevalores.com\/index.php\/2022\/10\/27\/los-clarividentes-de-la-reserva-federal-ven-senales\/","title":{"rendered":"Los clarividentes de la Reserva Federal ven se\u00f1ales de un descenso en la inflaci\u00f3n"},"content":{"rendered":"\t\t<div data-elementor-type=\"wp-post\" data-elementor-id=\"65982\" class=\"elementor elementor-65982\" data-elementor-post-type=\"post\">\n\t\t\t\t\t\t<section class=\"elementor-section elementor-top-section elementor-element elementor-element-6304093 elementor-section-boxed elementor-section-height-default elementor-section-height-default\" data-id=\"6304093\" data-element_type=\"section\" data-e-type=\"section\">\n\t\t\t\t\t\t<div class=\"elementor-container elementor-column-gap-default\">\n\t\t\t\t\t<div class=\"elementor-column elementor-col-100 elementor-top-column elementor-element elementor-element-e7750a4\" data-id=\"e7750a4\" data-element_type=\"column\" data-e-type=\"column\">\n\t\t\t<div class=\"elementor-widget-wrap elementor-element-populated\">\n\t\t\t\t\t\t<div class=\"elementor-element elementor-element-f314b3a elementor-widget elementor-widget-image\" data-id=\"f314b3a\" data-element_type=\"widget\" data-e-type=\"widget\" data-widget_type=\"image.default\">\n\t\t\t\t<div class=\"elementor-widget-container\">\n\t\t\t\t\t\t\t\t\t\t\t\t\t\t\t<img fetchpriority=\"high\" decoding=\"async\" width=\"968\" height=\"644\" src=\"data:image\/svg+xml;charset=utf-8,%3Csvg xmlns%3D'http%3A%2F%2Fwww.w3.org%2F2000%2Fsvg' viewBox%3D'0 0 968 644'%2F%3E\" data-src=\"https:\/\/www.santafevalores.com\/wp-content\/uploads\/2022\/10\/LYNXMPEI9Q0Q9.jpg\" class=\"lazy-load attachment-large size-large wp-image-65998\" alt=\"\" data-srcset=\"https:\/\/www.santafevalores.com\/wp-content\/uploads\/2022\/10\/LYNXMPEI9Q0Q9.jpg 968w, https:\/\/www.santafevalores.com\/wp-content\/uploads\/2022\/10\/LYNXMPEI9Q0Q9-300x200.jpg 300w, https:\/\/www.santafevalores.com\/wp-content\/uploads\/2022\/10\/LYNXMPEI9Q0Q9-768x511.jpg 768w\" sizes=\"(max-width: 968px) 100vw, 968px\" \/>\t\t\t\t\t\t\t\t\t\t\t\t\t\t\t<\/div>\n\t\t\t\t<\/div>\n\t\t\t\t\t<\/div>\n\t\t<\/div>\n\t\t\t\t\t<\/div>\n\t\t<\/section>\n\t\t\t\t<section class=\"elementor-section elementor-top-section elementor-element elementor-element-dc1b6cb elementor-section-boxed elementor-section-height-default elementor-section-height-default\" data-id=\"dc1b6cb\" data-element_type=\"section\" data-e-type=\"section\">\n\t\t\t\t\t\t<div class=\"elementor-container elementor-column-gap-default\">\n\t\t\t\t\t<div class=\"elementor-column elementor-col-100 elementor-top-column elementor-element elementor-element-f734691\" data-id=\"f734691\" data-element_type=\"column\" data-e-type=\"column\">\n\t\t\t<div class=\"elementor-widget-wrap elementor-element-populated\">\n\t\t\t\t\t\t<div class=\"elementor-element elementor-element-ea28167 elementor-widget elementor-widget-text-editor\" data-id=\"ea28167\" data-element_type=\"widget\" data-e-type=\"widget\" data-widget_type=\"text-editor.default\">\n\t\t\t\t<div class=\"elementor-widget-container\">\n\t\t\t\t\t\t\t\t\t<p>WASHINGTON, 27 oct (Reuters) &#8211; \u00bfEst\u00e1 la econom\u00eda estadounidense atascada con una inflaci\u00f3n tan alta que har\u00e1 falta una recesi\u00f3n para sacarla adelante? \u00bfO los precios est\u00e1n a punto de desplomarse y dejar a la Reserva Federal con una carga de estr\u00e9s financiera, crecimiento ralentizado y tasas de inter\u00e9s m\u00e1s elevadas de lo necesario?<\/p><p>Ante el impacto persistente de la pandemia del COVID-19, que se suma a la posibilidad de que se utilice un arma nuclear t\u00e1ctica o se produzca una nueva crisis energ\u00e9tica en Europa, no es dif\u00edcil imaginar un aumento prolongado de los precios.<\/p><p>Los datos que se publicar\u00e1n el viernes mostrar\u00e1n probablemente que la lectura de inflaci\u00f3n preferida por la Fed sigui\u00f3 siendo el mes pasado cerca de tres veces mayor que el objetivo anual del banco central del 2%.<\/p><p>Economistas encuestados por Reuters esperan que el \u00edndice de gastos de consumo personal, sin incluir los vol\u00e1tiles costos de los alimentos y la energ\u00eda, haya subido un 5,2% interanual en septiembre.<\/p><p>Pero incluso las autoridades de la Fed m\u00e1s estrictas opinan que, a falta de alg\u00fan evento externo que reavive las presiones, la inflaci\u00f3n caer\u00e1 en los pr\u00f3ximos meses porque el impacto de las subidas de tasas recortar\u00e1 la demanda, intensificar\u00e1 la competencia del mercado y ceder\u00e1n las presiones sobre la cadena de suministro.<\/p><p>Adem\u00e1s, el paso del tiempo, que pone distancia entre los datos actuales y las r\u00e1pidas alzas de precios del 2021 en productos como coches usados, deber\u00eda ayudar con las cifras.<\/p><p>En t\u00e9rminos generales, el agresivo ritmo de endurecimiento monetario de la Fed no ha servido para aplacar la inflaci\u00f3n.<\/p><p>La Fed ha elevado la tasa de fondos federales en 3 puntos porcentuales desde marzo, incluyendo tres subidas consecutivas de tres cuartos de punto porcentual. Se espera que se produzca otro aumento de esa magnitud al final de su reuni\u00f3n de pol\u00edtica monetaria del 1 al 2 de noviembre.<\/p><p>Sin embargo, la postura de las autoridades de la Fed puede estar cambiando hacia un ritmo m\u00e1s lento de los aumentos de tasas y una eventual pausa para dejar que la econom\u00eda recupere el aliento.<\/p><p>OFERTA, DEMANDA Y COMPETENCIA<\/p><p>Ha habido una fuerte ret\u00f3rica sobre los altos beneficios empresariales que impulsan la inflaci\u00f3n, y de hecho empresas como las concesionarias de autos disfrutaron de grandes m\u00e1rgenes durante la pandemia.<\/p><p>Pero no todos los saltos en los m\u00e1rgenes son iguales. Algunos ejecutivos de tiendas de comestibles, por ejemplo, han observado que el cambio en las marcas ha permitido a los consumidores ahorrar dinero, al mismo tiempo que ha ayudado a los resultados de las firmas. Es un \u00e1rea que la Fed observa, y en la que espera obtener apoyo.<\/p><p>La vicepresidenta de la Fed, Lael Brainard, ha sido la autoridad m\u00e1s destacada en se\u00f1alar los elevados m\u00e1rgenes vistos durante la pandemia en algunos sectores de la econom\u00eda, y la probabilidad de un descenso. El jefe de la Fed de Saint Louis, James Bullard, argument\u00f3 que, a medida que la demanda cede, las empresas recortar\u00e1n los precios.<\/p><p>La Fed y otros expertos han buscado formas de captar lo que ocurre en tiempo real, y han descubierto que los datos sobre las rentas de casas, como el \u00cdndice de Alquileres Observados de Zillow, son un indicador anticipados de las tendencias futuras del componente de vivienda del IPC.<\/p><p>Bas\u00e1ndose en estos y otros par\u00e1metros, la inflaci\u00f3n de la vivienda puede estar ya disminuyendo, aunque los datos del gobierno no lo muestren todav\u00eda.<\/p><p><b>D\u00d3LAR<\/b><\/p><p>La apreciaci\u00f3n interanual del d\u00f3lar de cerca un 18% contra una cesta de monedas pares implica que los productos importados cuestan menos para los estadounidenses.<\/p><p>En combinaci\u00f3n con la disminuci\u00f3n de los precios del petr\u00f3leo y de otras materias primas, junto con el desenredo de las cadenas de suministro y el descenso de los costos de env\u00edos, los precios de las importaciones pueden convertirse en un poderoso lastre para la inflaci\u00f3n estadounidense.<\/p><p>En un reciente an\u00e1lisis en el que se predice una pr\u00f3xima \u00abbaja de la inflaci\u00f3n\u00bb, economistas de JP Morgan (NYSE:JPM) afirmaron que los precios de las importaciones \u00abno s\u00f3lo est\u00e1n a punto de ralentizarse significativamente, sino que podr\u00edan contraerse a un ritmo del -2,5% a finales de este a\u00f1o\u00bb.<\/p><p>Entre los datos mencionados por el presidente de la Fed, Jerome Powell, el n\u00famero de vacantes de empleo en relaci\u00f3n con el n\u00famero de personas que buscan trabajo es uno de los que considera indicativo de la batalla por la inflaci\u00f3n.<\/p><p>Las empresas han subido los salarios para competir por los trabajadores. Y aunque esto no sea el origen de la inflaci\u00f3n, las autoridades de la Fed creen que resulta crucial un mayor equilibrio entre la oferta y la demanda de mano de obra.<\/p><p>Aun as\u00ed, el economista de Goldman Sachs (NYSE:GS), Joseph Briggs, dijo en un an\u00e1lisis que las semillas de un \u00abaterrizaje suave\u00bb, en el que la Fed domina la inflaci\u00f3n sin una recesi\u00f3n, pueden estar echando ra\u00edces: En algunos sectores clave, los desequilibrios laborales est\u00e1n mejorando, sobre todo por la disminuci\u00f3n de las vacantes, m\u00e1s que por la p\u00e9rdida de puestos de trabajo.<\/p><p>\u00abEste patr\u00f3n apoya nuestra opini\u00f3n de que el crecimiento de los salarios y la inflaci\u00f3n de los precios se moderar\u00e1n sin una recesi\u00f3n\u00bb, escribi\u00f3 Briggs.<\/p>\t\t\t\t\t\t\t\t<\/div>\n\t\t\t\t<\/div>\n\t\t\t\t\t<\/div>\n\t\t<\/div>\n\t\t\t\t\t<\/div>\n\t\t<\/section>\n\t\t\t\t<section class=\"elementor-section elementor-top-section elementor-element elementor-element-51f68e8 elementor-section-boxed elementor-section-height-default elementor-section-height-default\" data-id=\"51f68e8\" data-element_type=\"section\" data-e-type=\"section\">\n\t\t\t\t\t\t<div class=\"elementor-container elementor-column-gap-default\">\n\t\t\t\t\t<div class=\"elementor-column elementor-col-100 elementor-top-column elementor-element elementor-element-7cf80b5\" data-id=\"7cf80b5\" data-element_type=\"column\" data-e-type=\"column\">\n\t\t\t<div class=\"elementor-widget-wrap elementor-element-populated\">\n\t\t\t\t\t\t<div class=\"elementor-element elementor-element-35f0b23 elementor-headline--style-highlight elementor-widget elementor-widget-animated-headline\" data-id=\"35f0b23\" data-element_type=\"widget\" data-e-type=\"widget\" data-settings=\"{&quot;highlighted_text&quot;:&quot;reporta Investing&quot;,&quot;headline_style&quot;:&quot;highlight&quot;,&quot;marker&quot;:&quot;circle&quot;,&quot;loop&quot;:&quot;yes&quot;,&quot;highlight_animation_duration&quot;:1200,&quot;highlight_iteration_delay&quot;:8000}\" data-widget_type=\"animated-headline.default\">\n\t\t\t\t<div class=\"elementor-widget-container\">\n\t\t\t\t\t\t\t\t<a href=\"https:\/\/es.investing.com\/news\/economy\/los-clarividentes-de-la-reserva-federal-ven-senales-de-un-descenso-en-la-inflacion-2312275\" target=\"_blank\">\n\n\t\t\t\t\t<p class=\"elementor-headline\">\n\t\t\t\t\t<span class=\"elementor-headline-plain-text elementor-headline-text-wrapper\">Fuente:<\/span>\n\t\t\t\t<span class=\"elementor-headline-dynamic-wrapper elementor-headline-text-wrapper\">\n\t\t\t\t\t<span class=\"elementor-headline-dynamic-text elementor-headline-text-active\">reporta Investing<\/span>\n\t\t\t\t<\/span>\n\t\t\t\t<\/p>\n\t\t<\/a>\t\t\t\t<\/div>\n\t\t\t\t<\/div>\n\t\t\t\t\t<\/div>\n\t\t<\/div>\n\t\t\t\t\t<\/div>\n\t\t<\/section>\n\t\t\t\t<\/div>\n\t\t","protected":false},"excerpt":{"rendered":"<p>WASHINGTON, 27 oct (Reuters) &#8211; \u00bfEst\u00e1 la econom\u00eda estadounidense atascada con una inflaci\u00f3n tan alta que har\u00e1 falta una recesi\u00f3n para sacarla adelante? \u00bfO los precios est\u00e1n a punto de desplomarse y dejar a la Reserva Federal con una carga de estr\u00e9s financiera, crecimiento ralentizado y tasas de inter\u00e9s m\u00e1s elevadas de lo necesario? Ante&hellip;<\/p>\n","protected":false},"author":1,"featured_media":65998,"comment_status":"open","ping_status":"closed","sticky":false,"template":"","format":"standard","meta":{"content-type":"","_joinchat":[],"footnotes":""},"categories":[4],"tags":[],"class_list":["post-65982","post","type-post","status-publish","format-standard","has-post-thumbnail","hentry","category-sin-categoria"],"yoast_head":"<!-- This site is optimized with the Yoast SEO plugin v27.4 - https:\/\/yoast.com\/product\/yoast-seo-wordpress\/ -->\n<title>Los clarividentes de la Reserva Federal ven se\u00f1ales de un descenso en la inflaci\u00f3n - Santa Fe Casa de Valores S.A.<\/title>\n<meta name=\"robots\" content=\"index, follow, max-snippet:-1, max-image-preview:large, max-video-preview:-1\" \/>\n<link rel=\"canonical\" href=\"https:\/\/www.santafevalores.com\/index.php\/2022\/10\/27\/los-clarividentes-de-la-reserva-federal-ven-senales\/\" \/>\n<meta property=\"og:locale\" content=\"es_ES\" \/>\n<meta property=\"og:type\" content=\"article\" \/>\n<meta property=\"og:title\" content=\"Los clarividentes de la Reserva Federal ven se\u00f1ales de un descenso en la inflaci\u00f3n - Santa Fe Casa de Valores S.A.\" \/>\n<meta property=\"og:description\" content=\"WASHINGTON, 27 oct (Reuters) &#8211; \u00bfEst\u00e1 la econom\u00eda estadounidense atascada con una inflaci\u00f3n tan alta que har\u00e1 falta una recesi\u00f3n para sacarla adelante? \u00bfO los precios est\u00e1n a punto de desplomarse y dejar a la Reserva Federal con una carga de estr\u00e9s financiera, crecimiento ralentizado y tasas de inter\u00e9s m\u00e1s elevadas de lo necesario? Ante&hellip;\" \/>\n<meta property=\"og:url\" content=\"https:\/\/www.santafevalores.com\/index.php\/2022\/10\/27\/los-clarividentes-de-la-reserva-federal-ven-senales\/\" \/>\n<meta property=\"og:site_name\" content=\"Santa Fe Casa de Valores S.A.\" \/>\n<meta property=\"article:publisher\" content=\"https:\/\/www.facebook.com\/santafevalores\/\" \/>\n<meta property=\"article:published_time\" content=\"2022-10-27T17:10:13+00:00\" \/>\n<meta property=\"og:image\" content=\"https:\/\/www.santafevalores.com\/wp-content\/uploads\/2022\/10\/LYNXMPEI9Q0Q9.jpg\" \/>\n\t<meta property=\"og:image:width\" content=\"968\" \/>\n\t<meta property=\"og:image:height\" content=\"644\" \/>\n\t<meta property=\"og:image:type\" content=\"image\/jpeg\" \/>\n<meta name=\"author\" content=\"admin\" \/>\n<meta name=\"twitter:card\" content=\"summary_large_image\" \/>\n<meta name=\"twitter:creator\" content=\"@SantaFeValores\" \/>\n<meta name=\"twitter:site\" content=\"@SantaFeValores\" \/>\n<meta name=\"twitter:label1\" content=\"Escrito por\" \/>\n\t<meta name=\"twitter:data1\" content=\"admin\" \/>\n\t<meta name=\"twitter:label2\" content=\"Tiempo de lectura\" \/>\n\t<meta name=\"twitter:data2\" content=\"5 minutos\" \/>\n<script type=\"application\/ld+json\" class=\"yoast-schema-graph\">{\"@context\":\"https:\\\/\\\/schema.org\",\"@graph\":[{\"@type\":\"Article\",\"@id\":\"https:\\\/\\\/www.santafevalores.com\\\/index.php\\\/2022\\\/10\\\/27\\\/los-clarividentes-de-la-reserva-federal-ven-senales\\\/#article\",\"isPartOf\":{\"@id\":\"https:\\\/\\\/www.santafevalores.com\\\/index.php\\\/2022\\\/10\\\/27\\\/los-clarividentes-de-la-reserva-federal-ven-senales\\\/\"},\"author\":{\"name\":\"admin\",\"@id\":\"https:\\\/\\\/www.santafevalores.com\\\/#\\\/schema\\\/person\\\/d965a42370507d0a1638e69158bb5835\"},\"headline\":\"Los clarividentes de la Reserva Federal ven se\u00f1ales de un descenso en la inflaci\u00f3n\",\"datePublished\":\"2022-10-27T17:10:13+00:00\",\"mainEntityOfPage\":{\"@id\":\"https:\\\/\\\/www.santafevalores.com\\\/index.php\\\/2022\\\/10\\\/27\\\/los-clarividentes-de-la-reserva-federal-ven-senales\\\/\"},\"wordCount\":954,\"commentCount\":0,\"publisher\":{\"@id\":\"https:\\\/\\\/www.santafevalores.com\\\/#organization\"},\"image\":{\"@id\":\"https:\\\/\\\/www.santafevalores.com\\\/index.php\\\/2022\\\/10\\\/27\\\/los-clarividentes-de-la-reserva-federal-ven-senales\\\/#primaryimage\"},\"thumbnailUrl\":\"https:\\\/\\\/www.santafevalores.com\\\/wp-content\\\/uploads\\\/2022\\\/10\\\/LYNXMPEI9Q0Q9.jpg\",\"inLanguage\":\"es\",\"potentialAction\":[{\"@type\":\"CommentAction\",\"name\":\"Comment\",\"target\":[\"https:\\\/\\\/www.santafevalores.com\\\/index.php\\\/2022\\\/10\\\/27\\\/los-clarividentes-de-la-reserva-federal-ven-senales\\\/#respond\"]}]},{\"@type\":\"WebPage\",\"@id\":\"https:\\\/\\\/www.santafevalores.com\\\/index.php\\\/2022\\\/10\\\/27\\\/los-clarividentes-de-la-reserva-federal-ven-senales\\\/\",\"url\":\"https:\\\/\\\/www.santafevalores.com\\\/index.php\\\/2022\\\/10\\\/27\\\/los-clarividentes-de-la-reserva-federal-ven-senales\\\/\",\"name\":\"Los clarividentes de la Reserva Federal ven se\u00f1ales de un descenso en la inflaci\u00f3n - Santa Fe Casa de Valores S.A.\",\"isPartOf\":{\"@id\":\"https:\\\/\\\/www.santafevalores.com\\\/#website\"},\"primaryImageOfPage\":{\"@id\":\"https:\\\/\\\/www.santafevalores.com\\\/index.php\\\/2022\\\/10\\\/27\\\/los-clarividentes-de-la-reserva-federal-ven-senales\\\/#primaryimage\"},\"image\":{\"@id\":\"https:\\\/\\\/www.santafevalores.com\\\/index.php\\\/2022\\\/10\\\/27\\\/los-clarividentes-de-la-reserva-federal-ven-senales\\\/#primaryimage\"},\"thumbnailUrl\":\"https:\\\/\\\/www.santafevalores.com\\\/wp-content\\\/uploads\\\/2022\\\/10\\\/LYNXMPEI9Q0Q9.jpg\",\"datePublished\":\"2022-10-27T17:10:13+00:00\",\"breadcrumb\":{\"@id\":\"https:\\\/\\\/www.santafevalores.com\\\/index.php\\\/2022\\\/10\\\/27\\\/los-clarividentes-de-la-reserva-federal-ven-senales\\\/#breadcrumb\"},\"inLanguage\":\"es\",\"potentialAction\":[{\"@type\":\"ReadAction\",\"target\":[\"https:\\\/\\\/www.santafevalores.com\\\/index.php\\\/2022\\\/10\\\/27\\\/los-clarividentes-de-la-reserva-federal-ven-senales\\\/\"]}]},{\"@type\":\"ImageObject\",\"inLanguage\":\"es\",\"@id\":\"https:\\\/\\\/www.santafevalores.com\\\/index.php\\\/2022\\\/10\\\/27\\\/los-clarividentes-de-la-reserva-federal-ven-senales\\\/#primaryimage\",\"url\":\"https:\\\/\\\/www.santafevalores.com\\\/wp-content\\\/uploads\\\/2022\\\/10\\\/LYNXMPEI9Q0Q9.jpg\",\"contentUrl\":\"https:\\\/\\\/www.santafevalores.com\\\/wp-content\\\/uploads\\\/2022\\\/10\\\/LYNXMPEI9Q0Q9.jpg\",\"width\":968,\"height\":644},{\"@type\":\"BreadcrumbList\",\"@id\":\"https:\\\/\\\/www.santafevalores.com\\\/index.php\\\/2022\\\/10\\\/27\\\/los-clarividentes-de-la-reserva-federal-ven-senales\\\/#breadcrumb\",\"itemListElement\":[{\"@type\":\"ListItem\",\"position\":1,\"name\":\"Portada\",\"item\":\"https:\\\/\\\/www.santafevalores.com\\\/\"},{\"@type\":\"ListItem\",\"position\":2,\"name\":\"Los clarividentes de la Reserva Federal ven se\u00f1ales de un descenso en la inflaci\u00f3n\"}]},{\"@type\":\"WebSite\",\"@id\":\"https:\\\/\\\/www.santafevalores.com\\\/#website\",\"url\":\"https:\\\/\\\/www.santafevalores.com\\\/\",\"name\":\"Santa Fe Casa de Valores S.A.\",\"description\":\"\",\"publisher\":{\"@id\":\"https:\\\/\\\/www.santafevalores.com\\\/#organization\"},\"potentialAction\":[{\"@type\":\"SearchAction\",\"target\":{\"@type\":\"EntryPoint\",\"urlTemplate\":\"https:\\\/\\\/www.santafevalores.com\\\/?s={search_term_string}\"},\"query-input\":{\"@type\":\"PropertyValueSpecification\",\"valueRequired\":true,\"valueName\":\"search_term_string\"}}],\"inLanguage\":\"es\"},{\"@type\":\"Organization\",\"@id\":\"https:\\\/\\\/www.santafevalores.com\\\/#organization\",\"name\":\"Santa Fe Casa de Valores S.A.\",\"alternateName\":\"SANTAFEVALORES\",\"url\":\"https:\\\/\\\/www.santafevalores.com\\\/\",\"logo\":{\"@type\":\"ImageObject\",\"inLanguage\":\"es\",\"@id\":\"https:\\\/\\\/www.santafevalores.com\\\/#\\\/schema\\\/logo\\\/image\\\/\",\"url\":\"https:\\\/\\\/www.santafevalores.com\\\/wp-content\\\/uploads\\\/2022\\\/06\\\/logo1.png\",\"contentUrl\":\"https:\\\/\\\/www.santafevalores.com\\\/wp-content\\\/uploads\\\/2022\\\/06\\\/logo1.png\",\"width\":235,\"height\":71,\"caption\":\"Santa Fe Casa de Valores S.A.\"},\"image\":{\"@id\":\"https:\\\/\\\/www.santafevalores.com\\\/#\\\/schema\\\/logo\\\/image\\\/\"},\"sameAs\":[\"https:\\\/\\\/www.facebook.com\\\/santafevalores\\\/\",\"https:\\\/\\\/x.com\\\/SantaFeValores\"]},{\"@type\":\"Person\",\"@id\":\"https:\\\/\\\/www.santafevalores.com\\\/#\\\/schema\\\/person\\\/d965a42370507d0a1638e69158bb5835\",\"name\":\"admin\",\"image\":{\"@type\":\"ImageObject\",\"inLanguage\":\"es\",\"@id\":\"https:\\\/\\\/secure.gravatar.com\\\/avatar\\\/97ec7f9eb6068ddac59d3806ca0034c167fce748f524adcfad8629911220756f?s=96&d=mm&r=g\",\"url\":\"https:\\\/\\\/secure.gravatar.com\\\/avatar\\\/97ec7f9eb6068ddac59d3806ca0034c167fce748f524adcfad8629911220756f?s=96&d=mm&r=g\",\"contentUrl\":\"https:\\\/\\\/secure.gravatar.com\\\/avatar\\\/97ec7f9eb6068ddac59d3806ca0034c167fce748f524adcfad8629911220756f?s=96&d=mm&r=g\",\"caption\":\"admin\"},\"sameAs\":[\"https:\\\/\\\/www.santafevalores.com\"],\"url\":\"https:\\\/\\\/www.santafevalores.com\\\/index.php\\\/author\\\/santafevaloresuio_ggv0vv79\\\/\"}]}<\/script>\n<!-- \/ Yoast SEO plugin. -->","yoast_head_json":{"title":"Los clarividentes de la Reserva Federal ven se\u00f1ales de un descenso en la inflaci\u00f3n - Santa Fe Casa de Valores S.A.","robots":{"index":"index","follow":"follow","max-snippet":"max-snippet:-1","max-image-preview":"max-image-preview:large","max-video-preview":"max-video-preview:-1"},"canonical":"https:\/\/www.santafevalores.com\/index.php\/2022\/10\/27\/los-clarividentes-de-la-reserva-federal-ven-senales\/","og_locale":"es_ES","og_type":"article","og_title":"Los clarividentes de la Reserva Federal ven se\u00f1ales de un descenso en la inflaci\u00f3n - Santa Fe Casa de Valores S.A.","og_description":"WASHINGTON, 27 oct (Reuters) &#8211; \u00bfEst\u00e1 la econom\u00eda estadounidense atascada con una inflaci\u00f3n tan alta que har\u00e1 falta una recesi\u00f3n para sacarla adelante? \u00bfO los precios est\u00e1n a punto de desplomarse y dejar a la Reserva Federal con una carga de estr\u00e9s financiera, crecimiento ralentizado y tasas de inter\u00e9s m\u00e1s elevadas de lo necesario? Ante&hellip;","og_url":"https:\/\/www.santafevalores.com\/index.php\/2022\/10\/27\/los-clarividentes-de-la-reserva-federal-ven-senales\/","og_site_name":"Santa Fe Casa de Valores S.A.","article_publisher":"https:\/\/www.facebook.com\/santafevalores\/","article_published_time":"2022-10-27T17:10:13+00:00","og_image":[{"width":968,"height":644,"url":"https:\/\/www.santafevalores.com\/wp-content\/uploads\/2022\/10\/LYNXMPEI9Q0Q9.jpg","type":"image\/jpeg"}],"author":"admin","twitter_card":"summary_large_image","twitter_creator":"@SantaFeValores","twitter_site":"@SantaFeValores","twitter_misc":{"Escrito por":"admin","Tiempo de lectura":"5 minutos"},"schema":{"@context":"https:\/\/schema.org","@graph":[{"@type":"Article","@id":"https:\/\/www.santafevalores.com\/index.php\/2022\/10\/27\/los-clarividentes-de-la-reserva-federal-ven-senales\/#article","isPartOf":{"@id":"https:\/\/www.santafevalores.com\/index.php\/2022\/10\/27\/los-clarividentes-de-la-reserva-federal-ven-senales\/"},"author":{"name":"admin","@id":"https:\/\/www.santafevalores.com\/#\/schema\/person\/d965a42370507d0a1638e69158bb5835"},"headline":"Los clarividentes de la Reserva Federal ven se\u00f1ales de un descenso en la inflaci\u00f3n","datePublished":"2022-10-27T17:10:13+00:00","mainEntityOfPage":{"@id":"https:\/\/www.santafevalores.com\/index.php\/2022\/10\/27\/los-clarividentes-de-la-reserva-federal-ven-senales\/"},"wordCount":954,"commentCount":0,"publisher":{"@id":"https:\/\/www.santafevalores.com\/#organization"},"image":{"@id":"https:\/\/www.santafevalores.com\/index.php\/2022\/10\/27\/los-clarividentes-de-la-reserva-federal-ven-senales\/#primaryimage"},"thumbnailUrl":"https:\/\/www.santafevalores.com\/wp-content\/uploads\/2022\/10\/LYNXMPEI9Q0Q9.jpg","inLanguage":"es","potentialAction":[{"@type":"CommentAction","name":"Comment","target":["https:\/\/www.santafevalores.com\/index.php\/2022\/10\/27\/los-clarividentes-de-la-reserva-federal-ven-senales\/#respond"]}]},{"@type":"WebPage","@id":"https:\/\/www.santafevalores.com\/index.php\/2022\/10\/27\/los-clarividentes-de-la-reserva-federal-ven-senales\/","url":"https:\/\/www.santafevalores.com\/index.php\/2022\/10\/27\/los-clarividentes-de-la-reserva-federal-ven-senales\/","name":"Los clarividentes de la Reserva Federal ven se\u00f1ales de un descenso en la inflaci\u00f3n - Santa Fe Casa de Valores S.A.","isPartOf":{"@id":"https:\/\/www.santafevalores.com\/#website"},"primaryImageOfPage":{"@id":"https:\/\/www.santafevalores.com\/index.php\/2022\/10\/27\/los-clarividentes-de-la-reserva-federal-ven-senales\/#primaryimage"},"image":{"@id":"https:\/\/www.santafevalores.com\/index.php\/2022\/10\/27\/los-clarividentes-de-la-reserva-federal-ven-senales\/#primaryimage"},"thumbnailUrl":"https:\/\/www.santafevalores.com\/wp-content\/uploads\/2022\/10\/LYNXMPEI9Q0Q9.jpg","datePublished":"2022-10-27T17:10:13+00:00","breadcrumb":{"@id":"https:\/\/www.santafevalores.com\/index.php\/2022\/10\/27\/los-clarividentes-de-la-reserva-federal-ven-senales\/#breadcrumb"},"inLanguage":"es","potentialAction":[{"@type":"ReadAction","target":["https:\/\/www.santafevalores.com\/index.php\/2022\/10\/27\/los-clarividentes-de-la-reserva-federal-ven-senales\/"]}]},{"@type":"ImageObject","inLanguage":"es","@id":"https:\/\/www.santafevalores.com\/index.php\/2022\/10\/27\/los-clarividentes-de-la-reserva-federal-ven-senales\/#primaryimage","url":"https:\/\/www.santafevalores.com\/wp-content\/uploads\/2022\/10\/LYNXMPEI9Q0Q9.jpg","contentUrl":"https:\/\/www.santafevalores.com\/wp-content\/uploads\/2022\/10\/LYNXMPEI9Q0Q9.jpg","width":968,"height":644},{"@type":"BreadcrumbList","@id":"https:\/\/www.santafevalores.com\/index.php\/2022\/10\/27\/los-clarividentes-de-la-reserva-federal-ven-senales\/#breadcrumb","itemListElement":[{"@type":"ListItem","position":1,"name":"Portada","item":"https:\/\/www.santafevalores.com\/"},{"@type":"ListItem","position":2,"name":"Los clarividentes de la Reserva Federal ven se\u00f1ales de un descenso en la inflaci\u00f3n"}]},{"@type":"WebSite","@id":"https:\/\/www.santafevalores.com\/#website","url":"https:\/\/www.santafevalores.com\/","name":"Santa Fe Casa de Valores S.A.","description":"","publisher":{"@id":"https:\/\/www.santafevalores.com\/#organization"},"potentialAction":[{"@type":"SearchAction","target":{"@type":"EntryPoint","urlTemplate":"https:\/\/www.santafevalores.com\/?s={search_term_string}"},"query-input":{"@type":"PropertyValueSpecification","valueRequired":true,"valueName":"search_term_string"}}],"inLanguage":"es"},{"@type":"Organization","@id":"https:\/\/www.santafevalores.com\/#organization","name":"Santa Fe Casa de Valores S.A.","alternateName":"SANTAFEVALORES","url":"https:\/\/www.santafevalores.com\/","logo":{"@type":"ImageObject","inLanguage":"es","@id":"https:\/\/www.santafevalores.com\/#\/schema\/logo\/image\/","url":"https:\/\/www.santafevalores.com\/wp-content\/uploads\/2022\/06\/logo1.png","contentUrl":"https:\/\/www.santafevalores.com\/wp-content\/uploads\/2022\/06\/logo1.png","width":235,"height":71,"caption":"Santa Fe Casa de Valores S.A."},"image":{"@id":"https:\/\/www.santafevalores.com\/#\/schema\/logo\/image\/"},"sameAs":["https:\/\/www.facebook.com\/santafevalores\/","https:\/\/x.com\/SantaFeValores"]},{"@type":"Person","@id":"https:\/\/www.santafevalores.com\/#\/schema\/person\/d965a42370507d0a1638e69158bb5835","name":"admin","image":{"@type":"ImageObject","inLanguage":"es","@id":"https:\/\/secure.gravatar.com\/avatar\/97ec7f9eb6068ddac59d3806ca0034c167fce748f524adcfad8629911220756f?s=96&d=mm&r=g","url":"https:\/\/secure.gravatar.com\/avatar\/97ec7f9eb6068ddac59d3806ca0034c167fce748f524adcfad8629911220756f?s=96&d=mm&r=g","contentUrl":"https:\/\/secure.gravatar.com\/avatar\/97ec7f9eb6068ddac59d3806ca0034c167fce748f524adcfad8629911220756f?s=96&d=mm&r=g","caption":"admin"},"sameAs":["https:\/\/www.santafevalores.com"],"url":"https:\/\/www.santafevalores.com\/index.php\/author\/santafevaloresuio_ggv0vv79\/"}]}},"_links":{"self":[{"href":"https:\/\/www.santafevalores.com\/index.php\/wp-json\/wp\/v2\/posts\/65982","targetHints":{"allow":["GET"]}}],"collection":[{"href":"https:\/\/www.santafevalores.com\/index.php\/wp-json\/wp\/v2\/posts"}],"about":[{"href":"https:\/\/www.santafevalores.com\/index.php\/wp-json\/wp\/v2\/types\/post"}],"author":[{"embeddable":true,"href":"https:\/\/www.santafevalores.com\/index.php\/wp-json\/wp\/v2\/users\/1"}],"replies":[{"embeddable":true,"href":"https:\/\/www.santafevalores.com\/index.php\/wp-json\/wp\/v2\/comments?post=65982"}],"version-history":[{"count":0,"href":"https:\/\/www.santafevalores.com\/index.php\/wp-json\/wp\/v2\/posts\/65982\/revisions"}],"wp:featuredmedia":[{"embeddable":true,"href":"https:\/\/www.santafevalores.com\/index.php\/wp-json\/wp\/v2\/media\/65998"}],"wp:attachment":[{"href":"https:\/\/www.santafevalores.com\/index.php\/wp-json\/wp\/v2\/media?parent=65982"}],"wp:term":[{"taxonomy":"category","embeddable":true,"href":"https:\/\/www.santafevalores.com\/index.php\/wp-json\/wp\/v2\/categories?post=65982"},{"taxonomy":"post_tag","embeddable":true,"href":"https:\/\/www.santafevalores.com\/index.php\/wp-json\/wp\/v2\/tags?post=65982"}],"curies":[{"name":"wp","href":"https:\/\/api.w.org\/{rel}","templated":true}]}}