{"id":66088,"date":"2022-11-02T14:10:25","date_gmt":"2022-11-02T19:10:25","guid":{"rendered":"https:\/\/santafevalores.com\/?p=66088"},"modified":"2022-11-02T14:10:25","modified_gmt":"2022-11-02T19:10:25","slug":"el-tercer-shock-que-enfrentan-las-economias-de-america-latina","status":"publish","type":"post","link":"https:\/\/www.santafevalores.com\/index.php\/2022\/11\/02\/el-tercer-shock-que-enfrentan-las-economias-de-america-latina\/","title":{"rendered":"El \u00abtercer shock\u00bb que enfrentan las econom\u00edas de Am\u00e9rica Latina debido a la subida de los tipos de inter\u00e9s"},"content":{"rendered":"\t\t<div data-elementor-type=\"wp-post\" data-elementor-id=\"66088\" class=\"elementor elementor-66088\" data-elementor-post-type=\"post\">\n\t\t\t\t\t\t<section class=\"elementor-section elementor-top-section elementor-element elementor-element-8fa10bd elementor-section-boxed elementor-section-height-default elementor-section-height-default\" data-id=\"8fa10bd\" data-element_type=\"section\" data-e-type=\"section\">\n\t\t\t\t\t\t<div class=\"elementor-container elementor-column-gap-default\">\n\t\t\t\t\t<div class=\"elementor-column elementor-col-100 elementor-top-column elementor-element elementor-element-60cf87c\" data-id=\"60cf87c\" data-element_type=\"column\" data-e-type=\"column\">\n\t\t\t<div class=\"elementor-widget-wrap elementor-element-populated\">\n\t\t\t\t\t\t<div class=\"elementor-element elementor-element-f116a21 elementor-widget elementor-widget-image\" data-id=\"f116a21\" data-element_type=\"widget\" data-e-type=\"widget\" data-widget_type=\"image.default\">\n\t\t\t\t<div class=\"elementor-widget-container\">\n\t\t\t\t\t\t\t\t\t\t\t\t\t\t\t<img fetchpriority=\"high\" decoding=\"async\" width=\"1024\" height=\"576\" src=\"https:\/\/www.santafevalores.com\/wp-content\/uploads\/2022\/11\/gustavofmi-1024x576.jpg\" class=\"attachment-large size-large wp-image-66100\" alt=\"\" srcset=\"https:\/\/www.santafevalores.com\/wp-content\/uploads\/2022\/11\/gustavofmi-1024x576.jpg 1024w, https:\/\/www.santafevalores.com\/wp-content\/uploads\/2022\/11\/gustavofmi-300x169.jpg 300w, https:\/\/www.santafevalores.com\/wp-content\/uploads\/2022\/11\/gustavofmi-768x432.jpg 768w, https:\/\/www.santafevalores.com\/wp-content\/uploads\/2022\/11\/gustavofmi.jpg 1056w\" sizes=\"(max-width: 1024px) 100vw, 1024px\" \/>\t\t\t\t\t\t\t\t\t\t\t\t\t\t\t<\/div>\n\t\t\t\t<\/div>\n\t\t\t\t\t<\/div>\n\t\t<\/div>\n\t\t\t\t\t<\/div>\n\t\t<\/section>\n\t\t\t\t<section class=\"elementor-section elementor-top-section elementor-element elementor-element-6f0f1c8 elementor-section-boxed elementor-section-height-default elementor-section-height-default\" data-id=\"6f0f1c8\" data-element_type=\"section\" data-e-type=\"section\">\n\t\t\t\t\t\t<div class=\"elementor-container elementor-column-gap-default\">\n\t\t\t\t\t<div class=\"elementor-column elementor-col-100 elementor-top-column elementor-element elementor-element-f6a3a99\" data-id=\"f6a3a99\" data-element_type=\"column\" data-e-type=\"column\">\n\t\t\t<div class=\"elementor-widget-wrap elementor-element-populated\">\n\t\t\t\t\t\t<div class=\"elementor-element elementor-element-cf01e75 elementor-widget elementor-widget-text-editor\" data-id=\"cf01e75\" data-element_type=\"widget\" data-e-type=\"widget\" data-widget_type=\"text-editor.default\">\n\t\t\t\t<div class=\"elementor-widget-container\">\n\t\t\t\t\t\t\t\t\t<p><b>Las<\/b> <b>cosas est\u00e1n a punto de cambiar para gran parte de las econom\u00edas de Am\u00e9rica Latina.<\/b><\/p>\n<p>Si a principio de a\u00f1o la subida de los precios de las materias primas permiti\u00f3 compensar los efectos de la inflaci\u00f3n, el incremento de los tipos de inter\u00e9s est\u00e1 a punto de da\u00f1ar la buena trayectoria registrada al principio de a\u00f1o.<\/p>\n<p>Al menos as\u00ed lo creen los economistas del FMI.<\/p>\n<p>\u00abEn los pr\u00f3ximos meses dado el endurecimiento de las condiciones financieras globales, la desaceleraci\u00f3n de la econom\u00eda mundial y tambi\u00e9n alguna ca\u00edda de los precios de las materias primas, que ya estamos viendo, <b>esperamos una desaceleraci\u00f3n muy importante de la econom\u00eda de la regi\u00f3n\u00bb<\/b>, explica en esta entrevista con BBC Mundo, Gustavo Adler, jefe de Divisi\u00f3n en el Departamento del Hemisferio Occidental del Fondo Monetario Internacional (FMI).<br>Sin embargo, cada pa\u00eds sufrir\u00e1 las consecuencias de las turbulencias econ\u00f3micas mundiales de una forma distinta. <br><b>\u00abEn M\u00e9xico<\/b>, tras un s\u00f3lido primer semestre en 2022, se espera que la econom\u00eda se desacelere a finales de 2022 y comienzos de 2023, al mismo tiempo que lo hace la de Estados Unidos\u00bb, su principal socio comercial, dice el informe sobre la regi\u00f3n presentado esta semana.<\/p>\n<p>En <b>Bolivia, Colombia o Per\u00fa<\/b>, el FMI cree que el crecimiento se moderar\u00e1 en los pr\u00f3ximos trimestres.<\/p>\n<p>Lo mismo que <b>en Chile<\/b>, pero el gobierno de Gabriel Borich se enfrenta a \u00abriesgos que derivan del posible descontento social por los precios elevados de los alimentos y la energ\u00eda, las demandas sociales insatisfechas o el desenlace incierto del proceso de reforma constitucional\u00bb.<\/p>\n<p><b>En Argentina<\/b> la inflaci\u00f3n no parece que vaya a dar tregua. Sus problemas internos junto con la incertidumbre en torno a las pol\u00edticas y el empeoramiento del contexto externo est\u00e1n agravando las perspectivas.<\/p>\n<p>\u00abLa adopci\u00f3n de pol\u00edticas m\u00e1s restrictivas en el marco del programa respaldado por el FMI ser\u00e1 fundamental para apuntalar la estabilidad y contener la inflaci\u00f3n, que<b> ahora se proyecta que ascender\u00e1 a 95% a finales de 2022&#8243;<\/b>, dicen los economistas del organismo con sede en Washington.<br>Por su parte <b>remesas, turismo y exportaciones van a jugar un papel importante en Am\u00e9rica Central.<\/b><\/p>\n<p>En el caso de<b> El Salvador<\/b>, dice el FMI, \u00abla situaci\u00f3n fiscal sigue siendo cr\u00edtica, por lo que la consolidaci\u00f3n fiscal ha de ser la m\u00e1xima prioridad\u00bb.<\/p>\n<p>\u00abEs necesario abordar los <b>riesgos derivados de la adopci\u00f3n del bitcoin<\/b> como moneda de curso legal\u00bb, afirma la instituci\u00f3n en referencia a una de las medidas econ\u00f3micas m\u00e1s llamativas (y pol\u00e9micas) de toda la regi\u00f3n.<\/p>\n<p>Hablamos con Gustavo Adler, economista del FMI, para analizar <b>qu\u00e9 puede esperar Latinoam\u00e9rica en los pr\u00f3ximos meses.<\/b><\/p>\n<p><b><br>En una publicaci\u00f3n en el blog del FMI varios economistas hablaban de que Am\u00e9rica Latina se enfrenta a un<\/b> <b>tercer shock debido a la subida de tipos por parte de los bancos centrales. \u00bfCu\u00e1les fueron los dos anteriores shocks que sufri\u00f3 la regi\u00f3n? \u00bfCu\u00e1l es para vosotros este tercer shock que se avecina?<\/b><\/p>\n<p>En los \u00faltimos 3 a\u00f1os, la regi\u00f3n de Am\u00e9rica Latina y el Caribe enfrent\u00f3 dos shocks muy importantes. El primero, por supuesto, la pandemia.<\/p>\n<p>En el 2020 y el 2021 claramente la pandemia domin\u00f3 toda la perspectiva econ\u00f3mica de la regi\u00f3n y tuvo consecuencias muy severas en toda Am\u00e9rica Latina y el Caribe.<\/p>\n<p>Hacia finales del 2021 y principios de este a\u00f1o finalmente se estaba viendo una normalizaci\u00f3n de la actividad econ\u00f3mica.<\/p>\n<p>Ahora, a inicios de este a\u00f1o, a pesar de haber tambi\u00e9n presiones inflacionarias, lleg\u00f3 el segundo shock que fue la invasi\u00f3n rusa a Ucrania.<\/p>\n<p>B\u00e1sicamente implic\u00f3 para Am\u00e9rica Latina una subida muy fuerte del precio de los commodities. Ahora bien, algunos de los de los pa\u00edses de la regi\u00f3n son exportadores de materias primas y se beneficiaron de eso.<\/p>\n<p>Lo que estamos viendo ahora, m\u00e1s recientemente, es el tercer shock, que es el endurecimiento de las condiciones financieras globales.<\/p>\n<p><b>\u00bfQu\u00e9 va a provocar en Am\u00e9rica Latina esta subida de tipos de inter\u00e9s en las principales econom\u00edas del mundo?<\/b><\/p>\n<p>El endurecimiento de la pol\u00edtica monetaria por parte de los bancos centrales, principalmente en Estados Unidos y en Europa, est\u00e1 haciendo m\u00e1s costoso el financiamiento externo, pero tambi\u00e9n provoca salidas de inversores internacionales.<\/p>\n<p>Estamos saliendo de un per\u00edodo largo de baja tasa de inter\u00e9s en el que hubo una b\u00fasqueda por rendimientos m\u00e1s altos que favoreci\u00f3 mucho a los mercados emergentes. Varios de ellos est\u00e1n en la regi\u00f3n.<\/p>\n<p>Ahora estamos viendo una reversi\u00f3n de eso, donde b\u00e1sicamente los capitales est\u00e1n volviendo hacia los activos m\u00e1s seguros, como el d\u00f3lar.<\/p>\n<p><b>\u00bfQu\u00e9 le pasa a una econom\u00eda cuando el financiamiento se vuelve \u00abcada vez m\u00e1s escaso y m\u00e1s caro\u00bb?<\/b><\/p>\n<p>Significa que las posibilidades de tomar cr\u00e9dito en la econom\u00eda son menores y m\u00e1s costosas. Hacer inversiones se vuelve m\u00e1s caro y por lo tanto se tiende a ver una desaceleraci\u00f3n de la inversi\u00f3n privada.<\/p>\n<p>De la misma forma, tomar cr\u00e9dito para el consumo se vuelve m\u00e1s caro y entonces hay una desaceleraci\u00f3n del consumo tambi\u00e9n.<\/p>\n<p>Esto se traduce, obviamente, en un menor impulso a la demanda interna de la econom\u00eda y a la actividad econ\u00f3mica.<\/p>\n<p>A su vez, se produce un efecto sobre las cuentas p\u00fablicas. El sector p\u00fablico tiene que pagar mayores intereses sobre su deuda.<\/p>\n<p><b>\u00bfHay alg\u00fan efecto sobre la divisa?<\/b><\/p>\n<p>S\u00ed. Lo que hay en general es una salida de capitales de la econom\u00eda que tiende a poner presi\u00f3n sobre el tipo de cambio y debilitamiento de las monedas locales.<\/p>\n<p>Y eso ya lo hemos visto en parte con el fortalecimiento del d\u00f3lar.<\/p>\n<p>Esto puede tener efectos contractivos sobre la econom\u00eda en la medida que los hogares o las empresas -y esto pasa en muchos pa\u00edses de Latinoam\u00e9rica- est\u00e1n endeudados en moneda extranjera.<\/p>\n<p>En ese caso, cuando se debilita la moneda local, esa deuda en moneda extranjera se vuelve m\u00e1s dif\u00edcil de pagar y por lo tanto tambi\u00e9n tiene efectos contractivos sobre las decisiones de inversi\u00f3n y consumo.<\/p>\n<p><b>En este contexto de inflaci\u00f3n, desaceleraci\u00f3n mundial y subida de tipos en las principales econom\u00edas del mundo<\/b>, <b>\u00bfqu\u00e9 le espera a Am\u00e9rica Latina en este final de a\u00f1o y el siguiente?<\/b><\/p>\n<p>Es importante poner en contexto a Am\u00e9rica Latina antes de tercer shock.<\/p>\n<p>La regi\u00f3n ven\u00eda con un crecimiento bastante bueno y a un paso firme como parte de su recuperaci\u00f3n de la pandemia gracias a la reapertura de los sectores de servicios a principio de a\u00f1o, de la recuperaci\u00f3n del empleo y del consumo privado.<\/p>\n<p>A esto se sum\u00f3 el incremento de precios de las materias primas, que pese a las primeras subidas de tipos de inter\u00e9s por parte de la Fed, fortaleci\u00f3 el crecimiento de la econom\u00edas de Am\u00e9rica Latina.<\/p>\n<p>Sobre todo de Am\u00e9rica del Sur, que son principales exportadores de commodities.<\/p>\n<p>De hecho, eso hizo que la actividad econ\u00f3mica fuera muy fuerte en el primer semestre sobre todo, y nos llev\u00f3 a elevar al alza nuestras proyecciones para el a\u00f1o 2022.<\/p>\n<p>En este momento, desde el FMI, creemos que la regi\u00f3n en su conjunto va a crecer 3,5% este a\u00f1o, lo cual es medio punto porcentual m\u00e1s que lo que preve\u00edamos en julio.<\/p>\n<p><b>\u00bfY qu\u00e9 podemos esperar con respecto a la inflaci\u00f3n?<\/b><\/p>\n<p>Las presiones inflacionarias tambi\u00e9n fueron, al mismo tiempo, m\u00e1s fuertes por el empuje de la demanda interna y por los precios altos de las materias primas.<\/p>\n<p>Y eso nos llev\u00f3 tambi\u00e9n a elevar al alza las proyecciones de inflaci\u00f3n para la regi\u00f3n, que ahora est\u00e1n proyectadas en 14,6% para finales de este a\u00f1o.<\/p>\n<p>Ahora hacia adelante, con el endurecimiento de las condiciones financieras globales, la desaceleraci\u00f3n de la econom\u00eda mundial y tambi\u00e9n alguna ca\u00edda de los precios de la materia prima, que ya la estamos viendo, esperamos una desaceleraci\u00f3n muy importante de la econom\u00eda de la regi\u00f3n.<\/p>\n<p>Y eso se ve en todos los pa\u00edses de la regi\u00f3n, tanto en Am\u00e9rica del Sur como de Am\u00e9rica Central y el Caribe.<\/p>\n<p>Y en ese sentido esperamos justamente que el crecimiento para el a\u00f1o 2023 ronde alrededor de 1,7%, que es b\u00e1sicamente la mitad de lo que esperamos para este a\u00f1o.<\/p>\n<p>Al mismo tiempo, estamos esperando que la inflaci\u00f3n todav\u00eda contin\u00fae relativamente alta.<\/p>\n<p>Va a empezar a mermar en relaci\u00f3n a los niveles que estamos viviendo este a\u00f1o, pero seguir\u00e1 relativamente alta y esperamos que b\u00e1sicamente termine el 2023 alrededor del 9-10% con respecto a diciembre del a\u00f1o anterior.<\/p>\n<p>Entonces vemos un contexto en el que las econom\u00edas de Am\u00e9rica Latina van a desacelerar, al tiempo que la inflaci\u00f3n va a seguir alta, gradualmente descendiendo, pero va a seguir alta.<\/p>\n<p><b>\u00bfQu\u00e9 pa\u00edses est\u00e1n mejor preparados y qu\u00e9 factores les hacen estar mejor preparados?<\/b><\/p>\n<p>Hist\u00f3ricamente, la regi\u00f3n ha sido muy sensible a las condiciones de la pol\u00edtica monetaria en Estados Unidos.<\/p>\n<p>Una subida de tipos de la Fed normalmente estaba asociada con subidas de tasas en la regi\u00f3n y con salida de capitales y efectos bastante significativos sobre la actividad econ\u00f3mica en s\u00ed.<\/p>\n<p>Ahora bien, no todos los pa\u00edses son igualmente vulnerables a este efecto y depende un poco de los fundamentos econ\u00f3micos, que son muy importante para mitigar o amplificar estos efectos.<\/p>\n<p>Una de las claves es el nivel de reservas internacionales.<\/p>\n<p>Cuanto mayor, m\u00e1s se pueden amortiguar las consecuencias.<\/p>\n<p>Y en este sentido, la regi\u00f3n ha mejorado mucho cuando uno la compara respecto de episodios pasados de endurecimiento de pol\u00edtica monetaria en Estados Unidos.<\/p>\n<p>Si uno ve en los 80, por ejemplo, o a principios de los 2000 y compara con los niveles de reservas de hoy, en la mayor\u00eda de los pa\u00edses de la regi\u00f3n son mucho m\u00e1s altos.<\/p>\n<p>Ese es un nivel de fortaleza adicional que tienen hoy los pa\u00edses respecto al pasado.<\/p>\n<p>Otro aspecto relevante son las necesidades de financiamiento, sobre todo en moneda extranjera que var\u00edan de un pa\u00eds a otro, y la solidez del sistema financiero.<\/p>\n<p>El sistema bancario en general est\u00e1 muy s\u00f3lido si comparamos con el pasado y no es una fuente de preocupaci\u00f3n. Hay ratios de liquidez y de capital muy s\u00f3lidos.<\/p>\n<p>Y por supuesto, ya ha habido una mejora muy importante en lo que se refiere a la supervisi\u00f3n y a la regulaci\u00f3n bancaria en las \u00faltimas dos d\u00e9cadas.<\/p>\n<p><b>\u00bfY si hablamos de pa\u00edses?<\/b><\/p>\n<p>Bueno, yo te dir\u00eda desde un punto de vista, por ejemplo, de los fundamentos de deuda p\u00fablica, que hay pa\u00edses como Chile, Per\u00fa o Paraguay, que tienen niveles de deuda p\u00fablica muy bajos y claramente est\u00e1n en buena posici\u00f3n para afrontar este tipo de impacto.<\/p>\n<p>Otros pa\u00edses se ven menos s\u00f3lidos, pero pueden serlo en otras dimensiones como los niveles de reserva, por ejemplo. No hay una medida \u00fanica.<\/p>\n<p>Los cinco pa\u00edses grandes de Am\u00e9rica Latina, Brasil, Chile, Colombia, M\u00e9xico, y Per\u00fa tienen el sistema bancario hoy muy s\u00f3lido en relaci\u00f3n al pasado.<\/p>\n<p>Pero tal vez es importante enfatizar que la regi\u00f3n no solo depende del endurecimiento de las condiciones financieras globales, sino tambi\u00e9n de otros factores. Y ah\u00ed s\u00ed hay diferencia entre subregiones.<\/p>\n<p>Por ejemplo, Am\u00e9rica del Sur es una regi\u00f3n exportadora de materias primas y va a depender mucho de lo que pase con los precios en los mercados internacionales, sobre todo lo que son granos y metales.<\/p>\n<p>Ya hemos visto que los precios han bajado significativamente y esperamos que sigan bajando.<\/p>\n<p>Am\u00e9rica Central, por otro lado, est\u00e1 muy atada a la econom\u00eda de Estados Unidos, tanto en lo que se refiere a exportaciones como a remesas, y eso depende mucho de qu\u00e9 es lo que pase con el mercado laboral de Estados Unidos.<br><b>\u00bfY en ese contexto, cu\u00e1les son los principales riesgos?<\/b><\/p>\n<p>Desde el punto de vista externo, dir\u00eda que hay dos y est\u00e1n y est\u00e1n relacionados. Uno es que la inflaci\u00f3n mundial sea m\u00e1s persistente de lo que se espera.<\/p>\n<p>Que haya un enquistamiento de esta inflaci\u00f3n alta, sobre todo en econom\u00edas avanzadas. Eso significar\u00eda que los bancos centrales de las principales econom\u00edas probablemente tendr\u00e1n que hacer una pol\u00edtica monetaria mucho m\u00e1s contractiva de lo que se espera.<\/p>\n<p>Y esto har\u00eda que el endurecimiento de las condiciones financieras globales se exacerbe incluso a\u00fan m\u00e1s. Eso, obviamente, desacelerar\u00eda a\u00fan m\u00e1s la econom\u00eda de la regi\u00f3n.<\/p>\n<p>Por supuesto, el otro riesgo, un poco independiente, pero que tendr\u00eda efectos probablemente relacionados, ser\u00eda una escalada en los conflictos geopol\u00edticos que estamos viendo.<\/p>\t\t\t\t\t\t\t\t<\/div>\n\t\t\t\t<\/div>\n\t\t\t\t\t<\/div>\n\t\t<\/div>\n\t\t\t\t\t<\/div>\n\t\t<\/section>\n\t\t\t\t<section class=\"elementor-section elementor-top-section elementor-element elementor-element-da97319 elementor-section-boxed elementor-section-height-default elementor-section-height-default\" data-id=\"da97319\" data-element_type=\"section\" data-e-type=\"section\">\n\t\t\t\t\t\t<div class=\"elementor-container elementor-column-gap-default\">\n\t\t\t\t\t<div class=\"elementor-column elementor-col-100 elementor-top-column elementor-element elementor-element-5006e05\" data-id=\"5006e05\" data-element_type=\"column\" data-e-type=\"column\">\n\t\t\t<div class=\"elementor-widget-wrap elementor-element-populated\">\n\t\t\t\t\t\t<div class=\"elementor-element elementor-element-19fee12 elementor-headline--style-highlight elementor-widget elementor-widget-animated-headline\" data-id=\"19fee12\" data-element_type=\"widget\" data-e-type=\"widget\" data-settings=\"{&quot;highlighted_text&quot;:&quot;reporta BBC&quot;,&quot;headline_style&quot;:&quot;highlight&quot;,&quot;marker&quot;:&quot;circle&quot;,&quot;loop&quot;:&quot;yes&quot;,&quot;highlight_animation_duration&quot;:1200,&quot;highlight_iteration_delay&quot;:8000}\" data-widget_type=\"animated-headline.default\">\n\t\t\t\t<div class=\"elementor-widget-container\">\n\t\t\t\t\t\t\t\t<a href=\"https:\/\/www.bbc.com\/mundo\/noticias-america-latina-63488339\" target=\"_blank\">\n\n\t\t\t\t\t<p class=\"elementor-headline\">\n\t\t\t\t\t<span class=\"elementor-headline-plain-text elementor-headline-text-wrapper\">Fuente:<\/span>\n\t\t\t\t<span class=\"elementor-headline-dynamic-wrapper elementor-headline-text-wrapper\">\n\t\t\t\t\t<span class=\"elementor-headline-dynamic-text elementor-headline-text-active\">reporta BBC<\/span>\n\t\t\t\t<\/span>\n\t\t\t\t<\/p>\n\t\t<\/a>\t\t\t\t<\/div>\n\t\t\t\t<\/div>\n\t\t\t\t\t<\/div>\n\t\t<\/div>\n\t\t\t\t\t<\/div>\n\t\t<\/section>\n\t\t\t\t<\/div>\n\t\t","protected":false},"excerpt":{"rendered":"<p>Las cosas est\u00e1n a punto de cambiar para gran parte de las econom\u00edas de Am\u00e9rica Latina. Si a principio de a\u00f1o la subida de los precios de las materias primas permiti\u00f3 compensar los efectos de la inflaci\u00f3n, el incremento de los tipos de inter\u00e9s est\u00e1 a punto de da\u00f1ar la buena trayectoria registrada al principio&hellip;<\/p>\n","protected":false},"author":1,"featured_media":66100,"comment_status":"open","ping_status":"closed","sticky":false,"template":"","format":"standard","meta":{"content-type":"","_joinchat":[],"footnotes":""},"categories":[4],"tags":[],"class_list":["post-66088","post","type-post","status-publish","format-standard","has-post-thumbnail","hentry","category-sin-categoria"],"yoast_head":"<!-- This site is optimized with the Yoast SEO plugin v27.5 - https:\/\/yoast.com\/product\/yoast-seo-wordpress\/ -->\n<title>El &quot;tercer shock&quot; que enfrentan las econom\u00edas de Am\u00e9rica Latina debido a la subida de los tipos de inter\u00e9s - Santa Fe Casa de Valores S.A.<\/title>\n<meta name=\"robots\" content=\"index, follow, max-snippet:-1, max-image-preview:large, max-video-preview:-1\" \/>\n<link rel=\"canonical\" href=\"https:\/\/www.santafevalores.com\/index.php\/2022\/11\/02\/el-tercer-shock-que-enfrentan-las-economias-de-america-latina\/\" \/>\n<meta property=\"og:locale\" content=\"es_ES\" \/>\n<meta property=\"og:type\" content=\"article\" \/>\n<meta property=\"og:title\" content=\"El &quot;tercer shock&quot; que enfrentan las econom\u00edas de Am\u00e9rica Latina debido a la subida de los tipos de inter\u00e9s - Santa Fe Casa de Valores S.A.\" \/>\n<meta property=\"og:description\" content=\"Las cosas est\u00e1n a punto de cambiar para gran parte de las econom\u00edas de Am\u00e9rica Latina. Si a principio de a\u00f1o la subida de los precios de las materias primas permiti\u00f3 compensar los efectos de la inflaci\u00f3n, el incremento de los tipos de inter\u00e9s est\u00e1 a punto de da\u00f1ar la buena trayectoria registrada al principio&hellip;\" \/>\n<meta property=\"og:url\" content=\"https:\/\/www.santafevalores.com\/index.php\/2022\/11\/02\/el-tercer-shock-que-enfrentan-las-economias-de-america-latina\/\" \/>\n<meta property=\"og:site_name\" content=\"Santa Fe Casa de Valores S.A.\" \/>\n<meta property=\"article:publisher\" content=\"https:\/\/www.facebook.com\/santafevalores\/\" \/>\n<meta property=\"article:published_time\" content=\"2022-11-02T19:10:25+00:00\" \/>\n<meta property=\"og:image\" content=\"https:\/\/www.santafevalores.com\/wp-content\/uploads\/2022\/11\/gustavofmi.jpg\" \/>\n\t<meta property=\"og:image:width\" content=\"1056\" \/>\n\t<meta property=\"og:image:height\" content=\"594\" \/>\n\t<meta property=\"og:image:type\" content=\"image\/jpeg\" \/>\n<meta name=\"author\" content=\"admin\" \/>\n<meta name=\"twitter:card\" content=\"summary_large_image\" \/>\n<meta name=\"twitter:creator\" content=\"@SantaFeValores\" \/>\n<meta name=\"twitter:site\" content=\"@SantaFeValores\" \/>\n<meta name=\"twitter:label1\" content=\"Escrito por\" \/>\n\t<meta name=\"twitter:data1\" content=\"admin\" \/>\n\t<meta name=\"twitter:label2\" content=\"Tiempo de lectura\" \/>\n\t<meta name=\"twitter:data2\" content=\"10 minutos\" \/>\n<script type=\"application\/ld+json\" class=\"yoast-schema-graph\">{\"@context\":\"https:\\\/\\\/schema.org\",\"@graph\":[{\"@type\":\"Article\",\"@id\":\"https:\\\/\\\/www.santafevalores.com\\\/index.php\\\/2022\\\/11\\\/02\\\/el-tercer-shock-que-enfrentan-las-economias-de-america-latina\\\/#article\",\"isPartOf\":{\"@id\":\"https:\\\/\\\/www.santafevalores.com\\\/index.php\\\/2022\\\/11\\\/02\\\/el-tercer-shock-que-enfrentan-las-economias-de-america-latina\\\/\"},\"author\":{\"name\":\"admin\",\"@id\":\"https:\\\/\\\/www.santafevalores.com\\\/#\\\/schema\\\/person\\\/d965a42370507d0a1638e69158bb5835\"},\"headline\":\"El \u00abtercer shock\u00bb que enfrentan las econom\u00edas de Am\u00e9rica Latina debido a la subida de los tipos de inter\u00e9s\",\"datePublished\":\"2022-11-02T19:10:25+00:00\",\"mainEntityOfPage\":{\"@id\":\"https:\\\/\\\/www.santafevalores.com\\\/index.php\\\/2022\\\/11\\\/02\\\/el-tercer-shock-que-enfrentan-las-economias-de-america-latina\\\/\"},\"wordCount\":2265,\"commentCount\":0,\"publisher\":{\"@id\":\"https:\\\/\\\/www.santafevalores.com\\\/#organization\"},\"image\":{\"@id\":\"https:\\\/\\\/www.santafevalores.com\\\/index.php\\\/2022\\\/11\\\/02\\\/el-tercer-shock-que-enfrentan-las-economias-de-america-latina\\\/#primaryimage\"},\"thumbnailUrl\":\"https:\\\/\\\/www.santafevalores.com\\\/wp-content\\\/uploads\\\/2022\\\/11\\\/gustavofmi.jpg\",\"inLanguage\":\"es\",\"potentialAction\":[{\"@type\":\"CommentAction\",\"name\":\"Comment\",\"target\":[\"https:\\\/\\\/www.santafevalores.com\\\/index.php\\\/2022\\\/11\\\/02\\\/el-tercer-shock-que-enfrentan-las-economias-de-america-latina\\\/#respond\"]}]},{\"@type\":\"WebPage\",\"@id\":\"https:\\\/\\\/www.santafevalores.com\\\/index.php\\\/2022\\\/11\\\/02\\\/el-tercer-shock-que-enfrentan-las-economias-de-america-latina\\\/\",\"url\":\"https:\\\/\\\/www.santafevalores.com\\\/index.php\\\/2022\\\/11\\\/02\\\/el-tercer-shock-que-enfrentan-las-economias-de-america-latina\\\/\",\"name\":\"El \\\"tercer shock\\\" que enfrentan las econom\u00edas de Am\u00e9rica Latina debido a la subida de los tipos de inter\u00e9s - Santa Fe Casa de Valores S.A.\",\"isPartOf\":{\"@id\":\"https:\\\/\\\/www.santafevalores.com\\\/#website\"},\"primaryImageOfPage\":{\"@id\":\"https:\\\/\\\/www.santafevalores.com\\\/index.php\\\/2022\\\/11\\\/02\\\/el-tercer-shock-que-enfrentan-las-economias-de-america-latina\\\/#primaryimage\"},\"image\":{\"@id\":\"https:\\\/\\\/www.santafevalores.com\\\/index.php\\\/2022\\\/11\\\/02\\\/el-tercer-shock-que-enfrentan-las-economias-de-america-latina\\\/#primaryimage\"},\"thumbnailUrl\":\"https:\\\/\\\/www.santafevalores.com\\\/wp-content\\\/uploads\\\/2022\\\/11\\\/gustavofmi.jpg\",\"datePublished\":\"2022-11-02T19:10:25+00:00\",\"breadcrumb\":{\"@id\":\"https:\\\/\\\/www.santafevalores.com\\\/index.php\\\/2022\\\/11\\\/02\\\/el-tercer-shock-que-enfrentan-las-economias-de-america-latina\\\/#breadcrumb\"},\"inLanguage\":\"es\",\"potentialAction\":[{\"@type\":\"ReadAction\",\"target\":[\"https:\\\/\\\/www.santafevalores.com\\\/index.php\\\/2022\\\/11\\\/02\\\/el-tercer-shock-que-enfrentan-las-economias-de-america-latina\\\/\"]}]},{\"@type\":\"ImageObject\",\"inLanguage\":\"es\",\"@id\":\"https:\\\/\\\/www.santafevalores.com\\\/index.php\\\/2022\\\/11\\\/02\\\/el-tercer-shock-que-enfrentan-las-economias-de-america-latina\\\/#primaryimage\",\"url\":\"https:\\\/\\\/www.santafevalores.com\\\/wp-content\\\/uploads\\\/2022\\\/11\\\/gustavofmi.jpg\",\"contentUrl\":\"https:\\\/\\\/www.santafevalores.com\\\/wp-content\\\/uploads\\\/2022\\\/11\\\/gustavofmi.jpg\",\"width\":1056,\"height\":594},{\"@type\":\"BreadcrumbList\",\"@id\":\"https:\\\/\\\/www.santafevalores.com\\\/index.php\\\/2022\\\/11\\\/02\\\/el-tercer-shock-que-enfrentan-las-economias-de-america-latina\\\/#breadcrumb\",\"itemListElement\":[{\"@type\":\"ListItem\",\"position\":1,\"name\":\"Portada\",\"item\":\"https:\\\/\\\/www.santafevalores.com\\\/\"},{\"@type\":\"ListItem\",\"position\":2,\"name\":\"El &#8220;tercer shock&#8221; que enfrentan las econom\u00edas de Am\u00e9rica Latina debido a la subida de los tipos de inter\u00e9s\"}]},{\"@type\":\"WebSite\",\"@id\":\"https:\\\/\\\/www.santafevalores.com\\\/#website\",\"url\":\"https:\\\/\\\/www.santafevalores.com\\\/\",\"name\":\"Santa Fe Casa de Valores S.A.\",\"description\":\"\",\"publisher\":{\"@id\":\"https:\\\/\\\/www.santafevalores.com\\\/#organization\"},\"potentialAction\":[{\"@type\":\"SearchAction\",\"target\":{\"@type\":\"EntryPoint\",\"urlTemplate\":\"https:\\\/\\\/www.santafevalores.com\\\/?s={search_term_string}\"},\"query-input\":{\"@type\":\"PropertyValueSpecification\",\"valueRequired\":true,\"valueName\":\"search_term_string\"}}],\"inLanguage\":\"es\"},{\"@type\":\"Organization\",\"@id\":\"https:\\\/\\\/www.santafevalores.com\\\/#organization\",\"name\":\"Santa Fe Casa de Valores S.A.\",\"alternateName\":\"SANTAFEVALORES\",\"url\":\"https:\\\/\\\/www.santafevalores.com\\\/\",\"logo\":{\"@type\":\"ImageObject\",\"inLanguage\":\"es\",\"@id\":\"https:\\\/\\\/www.santafevalores.com\\\/#\\\/schema\\\/logo\\\/image\\\/\",\"url\":\"https:\\\/\\\/www.santafevalores.com\\\/wp-content\\\/uploads\\\/2022\\\/06\\\/logo1.png\",\"contentUrl\":\"https:\\\/\\\/www.santafevalores.com\\\/wp-content\\\/uploads\\\/2022\\\/06\\\/logo1.png\",\"width\":235,\"height\":71,\"caption\":\"Santa Fe Casa de Valores S.A.\"},\"image\":{\"@id\":\"https:\\\/\\\/www.santafevalores.com\\\/#\\\/schema\\\/logo\\\/image\\\/\"},\"sameAs\":[\"https:\\\/\\\/www.facebook.com\\\/santafevalores\\\/\",\"https:\\\/\\\/x.com\\\/SantaFeValores\"]},{\"@type\":\"Person\",\"@id\":\"https:\\\/\\\/www.santafevalores.com\\\/#\\\/schema\\\/person\\\/d965a42370507d0a1638e69158bb5835\",\"name\":\"admin\",\"image\":{\"@type\":\"ImageObject\",\"inLanguage\":\"es\",\"@id\":\"https:\\\/\\\/secure.gravatar.com\\\/avatar\\\/97ec7f9eb6068ddac59d3806ca0034c167fce748f524adcfad8629911220756f?s=96&d=mm&r=g\",\"url\":\"https:\\\/\\\/secure.gravatar.com\\\/avatar\\\/97ec7f9eb6068ddac59d3806ca0034c167fce748f524adcfad8629911220756f?s=96&d=mm&r=g\",\"contentUrl\":\"https:\\\/\\\/secure.gravatar.com\\\/avatar\\\/97ec7f9eb6068ddac59d3806ca0034c167fce748f524adcfad8629911220756f?s=96&d=mm&r=g\",\"caption\":\"admin\"},\"sameAs\":[\"https:\\\/\\\/www.santafevalores.com\"],\"url\":\"https:\\\/\\\/www.santafevalores.com\\\/index.php\\\/author\\\/santafevaloresuio_ggv0vv79\\\/\"}]}<\/script>\n<!-- \/ Yoast SEO plugin. -->","yoast_head_json":{"title":"El \"tercer shock\" que enfrentan las econom\u00edas de Am\u00e9rica Latina debido a la subida de los tipos de inter\u00e9s - Santa Fe Casa de Valores S.A.","robots":{"index":"index","follow":"follow","max-snippet":"max-snippet:-1","max-image-preview":"max-image-preview:large","max-video-preview":"max-video-preview:-1"},"canonical":"https:\/\/www.santafevalores.com\/index.php\/2022\/11\/02\/el-tercer-shock-que-enfrentan-las-economias-de-america-latina\/","og_locale":"es_ES","og_type":"article","og_title":"El \"tercer shock\" que enfrentan las econom\u00edas de Am\u00e9rica Latina debido a la subida de los tipos de inter\u00e9s - Santa Fe Casa de Valores S.A.","og_description":"Las cosas est\u00e1n a punto de cambiar para gran parte de las econom\u00edas de Am\u00e9rica Latina. Si a principio de a\u00f1o la subida de los precios de las materias primas permiti\u00f3 compensar los efectos de la inflaci\u00f3n, el incremento de los tipos de inter\u00e9s est\u00e1 a punto de da\u00f1ar la buena trayectoria registrada al principio&hellip;","og_url":"https:\/\/www.santafevalores.com\/index.php\/2022\/11\/02\/el-tercer-shock-que-enfrentan-las-economias-de-america-latina\/","og_site_name":"Santa Fe Casa de Valores S.A.","article_publisher":"https:\/\/www.facebook.com\/santafevalores\/","article_published_time":"2022-11-02T19:10:25+00:00","og_image":[{"width":1056,"height":594,"url":"https:\/\/www.santafevalores.com\/wp-content\/uploads\/2022\/11\/gustavofmi.jpg","type":"image\/jpeg"}],"author":"admin","twitter_card":"summary_large_image","twitter_creator":"@SantaFeValores","twitter_site":"@SantaFeValores","twitter_misc":{"Escrito por":"admin","Tiempo de lectura":"10 minutos"},"schema":{"@context":"https:\/\/schema.org","@graph":[{"@type":"Article","@id":"https:\/\/www.santafevalores.com\/index.php\/2022\/11\/02\/el-tercer-shock-que-enfrentan-las-economias-de-america-latina\/#article","isPartOf":{"@id":"https:\/\/www.santafevalores.com\/index.php\/2022\/11\/02\/el-tercer-shock-que-enfrentan-las-economias-de-america-latina\/"},"author":{"name":"admin","@id":"https:\/\/www.santafevalores.com\/#\/schema\/person\/d965a42370507d0a1638e69158bb5835"},"headline":"El \u00abtercer shock\u00bb que enfrentan las econom\u00edas de Am\u00e9rica Latina debido a la subida de los tipos de inter\u00e9s","datePublished":"2022-11-02T19:10:25+00:00","mainEntityOfPage":{"@id":"https:\/\/www.santafevalores.com\/index.php\/2022\/11\/02\/el-tercer-shock-que-enfrentan-las-economias-de-america-latina\/"},"wordCount":2265,"commentCount":0,"publisher":{"@id":"https:\/\/www.santafevalores.com\/#organization"},"image":{"@id":"https:\/\/www.santafevalores.com\/index.php\/2022\/11\/02\/el-tercer-shock-que-enfrentan-las-economias-de-america-latina\/#primaryimage"},"thumbnailUrl":"https:\/\/www.santafevalores.com\/wp-content\/uploads\/2022\/11\/gustavofmi.jpg","inLanguage":"es","potentialAction":[{"@type":"CommentAction","name":"Comment","target":["https:\/\/www.santafevalores.com\/index.php\/2022\/11\/02\/el-tercer-shock-que-enfrentan-las-economias-de-america-latina\/#respond"]}]},{"@type":"WebPage","@id":"https:\/\/www.santafevalores.com\/index.php\/2022\/11\/02\/el-tercer-shock-que-enfrentan-las-economias-de-america-latina\/","url":"https:\/\/www.santafevalores.com\/index.php\/2022\/11\/02\/el-tercer-shock-que-enfrentan-las-economias-de-america-latina\/","name":"El \"tercer shock\" que enfrentan las econom\u00edas de Am\u00e9rica Latina debido a la subida de los tipos de inter\u00e9s - Santa Fe Casa de Valores S.A.","isPartOf":{"@id":"https:\/\/www.santafevalores.com\/#website"},"primaryImageOfPage":{"@id":"https:\/\/www.santafevalores.com\/index.php\/2022\/11\/02\/el-tercer-shock-que-enfrentan-las-economias-de-america-latina\/#primaryimage"},"image":{"@id":"https:\/\/www.santafevalores.com\/index.php\/2022\/11\/02\/el-tercer-shock-que-enfrentan-las-economias-de-america-latina\/#primaryimage"},"thumbnailUrl":"https:\/\/www.santafevalores.com\/wp-content\/uploads\/2022\/11\/gustavofmi.jpg","datePublished":"2022-11-02T19:10:25+00:00","breadcrumb":{"@id":"https:\/\/www.santafevalores.com\/index.php\/2022\/11\/02\/el-tercer-shock-que-enfrentan-las-economias-de-america-latina\/#breadcrumb"},"inLanguage":"es","potentialAction":[{"@type":"ReadAction","target":["https:\/\/www.santafevalores.com\/index.php\/2022\/11\/02\/el-tercer-shock-que-enfrentan-las-economias-de-america-latina\/"]}]},{"@type":"ImageObject","inLanguage":"es","@id":"https:\/\/www.santafevalores.com\/index.php\/2022\/11\/02\/el-tercer-shock-que-enfrentan-las-economias-de-america-latina\/#primaryimage","url":"https:\/\/www.santafevalores.com\/wp-content\/uploads\/2022\/11\/gustavofmi.jpg","contentUrl":"https:\/\/www.santafevalores.com\/wp-content\/uploads\/2022\/11\/gustavofmi.jpg","width":1056,"height":594},{"@type":"BreadcrumbList","@id":"https:\/\/www.santafevalores.com\/index.php\/2022\/11\/02\/el-tercer-shock-que-enfrentan-las-economias-de-america-latina\/#breadcrumb","itemListElement":[{"@type":"ListItem","position":1,"name":"Portada","item":"https:\/\/www.santafevalores.com\/"},{"@type":"ListItem","position":2,"name":"El &#8220;tercer shock&#8221; que enfrentan las econom\u00edas de Am\u00e9rica Latina debido a la subida de los tipos de inter\u00e9s"}]},{"@type":"WebSite","@id":"https:\/\/www.santafevalores.com\/#website","url":"https:\/\/www.santafevalores.com\/","name":"Santa Fe Casa de Valores S.A.","description":"","publisher":{"@id":"https:\/\/www.santafevalores.com\/#organization"},"potentialAction":[{"@type":"SearchAction","target":{"@type":"EntryPoint","urlTemplate":"https:\/\/www.santafevalores.com\/?s={search_term_string}"},"query-input":{"@type":"PropertyValueSpecification","valueRequired":true,"valueName":"search_term_string"}}],"inLanguage":"es"},{"@type":"Organization","@id":"https:\/\/www.santafevalores.com\/#organization","name":"Santa Fe Casa de Valores S.A.","alternateName":"SANTAFEVALORES","url":"https:\/\/www.santafevalores.com\/","logo":{"@type":"ImageObject","inLanguage":"es","@id":"https:\/\/www.santafevalores.com\/#\/schema\/logo\/image\/","url":"https:\/\/www.santafevalores.com\/wp-content\/uploads\/2022\/06\/logo1.png","contentUrl":"https:\/\/www.santafevalores.com\/wp-content\/uploads\/2022\/06\/logo1.png","width":235,"height":71,"caption":"Santa Fe Casa de Valores S.A."},"image":{"@id":"https:\/\/www.santafevalores.com\/#\/schema\/logo\/image\/"},"sameAs":["https:\/\/www.facebook.com\/santafevalores\/","https:\/\/x.com\/SantaFeValores"]},{"@type":"Person","@id":"https:\/\/www.santafevalores.com\/#\/schema\/person\/d965a42370507d0a1638e69158bb5835","name":"admin","image":{"@type":"ImageObject","inLanguage":"es","@id":"https:\/\/secure.gravatar.com\/avatar\/97ec7f9eb6068ddac59d3806ca0034c167fce748f524adcfad8629911220756f?s=96&d=mm&r=g","url":"https:\/\/secure.gravatar.com\/avatar\/97ec7f9eb6068ddac59d3806ca0034c167fce748f524adcfad8629911220756f?s=96&d=mm&r=g","contentUrl":"https:\/\/secure.gravatar.com\/avatar\/97ec7f9eb6068ddac59d3806ca0034c167fce748f524adcfad8629911220756f?s=96&d=mm&r=g","caption":"admin"},"sameAs":["https:\/\/www.santafevalores.com"],"url":"https:\/\/www.santafevalores.com\/index.php\/author\/santafevaloresuio_ggv0vv79\/"}]}},"_links":{"self":[{"href":"https:\/\/www.santafevalores.com\/index.php\/wp-json\/wp\/v2\/posts\/66088","targetHints":{"allow":["GET"]}}],"collection":[{"href":"https:\/\/www.santafevalores.com\/index.php\/wp-json\/wp\/v2\/posts"}],"about":[{"href":"https:\/\/www.santafevalores.com\/index.php\/wp-json\/wp\/v2\/types\/post"}],"author":[{"embeddable":true,"href":"https:\/\/www.santafevalores.com\/index.php\/wp-json\/wp\/v2\/users\/1"}],"replies":[{"embeddable":true,"href":"https:\/\/www.santafevalores.com\/index.php\/wp-json\/wp\/v2\/comments?post=66088"}],"version-history":[{"count":0,"href":"https:\/\/www.santafevalores.com\/index.php\/wp-json\/wp\/v2\/posts\/66088\/revisions"}],"wp:featuredmedia":[{"embeddable":true,"href":"https:\/\/www.santafevalores.com\/index.php\/wp-json\/wp\/v2\/media\/66100"}],"wp:attachment":[{"href":"https:\/\/www.santafevalores.com\/index.php\/wp-json\/wp\/v2\/media?parent=66088"}],"wp:term":[{"taxonomy":"category","embeddable":true,"href":"https:\/\/www.santafevalores.com\/index.php\/wp-json\/wp\/v2\/categories?post=66088"},{"taxonomy":"post_tag","embeddable":true,"href":"https:\/\/www.santafevalores.com\/index.php\/wp-json\/wp\/v2\/tags?post=66088"}],"curies":[{"name":"wp","href":"https:\/\/api.w.org\/{rel}","templated":true}]}}