{"id":66135,"date":"2022-11-08T14:29:07","date_gmt":"2022-11-08T19:29:07","guid":{"rendered":"https:\/\/santafevalores.com\/?p=66135"},"modified":"2022-11-08T14:29:07","modified_gmt":"2022-11-08T19:29:07","slug":"la-depreciacion-monetaria-aumenta-el-riesgo-de-que-se-intensifiquen-las-crisis-alimentaria-y-energetica","status":"publish","type":"post","link":"https:\/\/www.santafevalores.com\/index.php\/2022\/11\/08\/la-depreciacion-monetaria-aumenta-el-riesgo-de-que-se-intensifiquen-las-crisis-alimentaria-y-energetica\/","title":{"rendered":"La depreciaci\u00f3n monetaria aumenta el riesgo de que se intensifiquen las crisis alimentaria y energ\u00e9tica"},"content":{"rendered":"\t\t<div data-elementor-type=\"wp-post\" data-elementor-id=\"66135\" class=\"elementor elementor-66135\" data-elementor-post-type=\"post\">\n\t\t\t\t\t\t<section class=\"elementor-section elementor-top-section elementor-element elementor-element-04466ed elementor-section-boxed elementor-section-height-default elementor-section-height-default\" data-id=\"04466ed\" data-element_type=\"section\" data-e-type=\"section\">\n\t\t\t\t\t\t<div class=\"elementor-container elementor-column-gap-default\">\n\t\t\t\t\t<div class=\"elementor-column elementor-col-100 elementor-top-column elementor-element elementor-element-ce07fe5\" data-id=\"ce07fe5\" data-element_type=\"column\" data-e-type=\"column\">\n\t\t\t<div class=\"elementor-widget-wrap elementor-element-populated\">\n\t\t\t\t\t\t<div class=\"elementor-element elementor-element-4065806 elementor-widget elementor-widget-text-editor\" data-id=\"4065806\" data-element_type=\"widget\" data-e-type=\"widget\" data-widget_type=\"text-editor.default\">\n\t\t\t\t<div class=\"elementor-widget-container\">\n\t\t\t\t\t\t\t\t\t<p>La suba de los precios de los productos b\u00e1sicos podr\u00eda prolongar las presiones inflacionarias<\/p><p><b>CIUDAD DE WASHINGTON, 26 de octubre de 2022.<\/b> Seg\u00fan la edici\u00f3n m\u00e1s reciente del informe Commodity Markets Outlook (Perspectivas de los mercados de productos b\u00e1sicos) del Banco Mundial, la disminuci\u00f3n del valor de las monedas de la mayor\u00eda de las econom\u00edas en desarrollo est\u00e1 incrementando los precios de los alimentos y los combustibles, lo que podr\u00eda profundizar las crisis alimentaria y energ\u00e9tica que muchas de esas econom\u00edas ya enfrentan.<\/p><p>En el informe se se\u00f1ala que los precios en d\u00f3lares estadounidenses de la mayor\u00eda de los productos b\u00e1sicos han disminuido, tras haber alcanzado sus niveles m\u00e1ximos recientemente, en medio de preocupaciones por una inminente recesi\u00f3n mundial. Desde la invasi\u00f3n rusa a Ucrania en febrero de 2022 hasta fines del mes pasado, el precio del petr\u00f3leo crudo Brent en d\u00f3lares estadounidenses cay\u00f3 casi un 6 %. Sin embargo, debido a la depreciaci\u00f3n monetaria, en casi el 60 % de los mercados emergentes y las econom\u00edas en desarrollo que importan petr\u00f3leo aumentaron los precios del petr\u00f3leo en moneda nacional durante ese per\u00edodo. Asimismo,<b> en casi el 90 % de esas econom\u00edas, el aumento de los precios del trigo en moneda local fue mayor que el registrado por el d\u00f3lar estadounidense.<\/b><\/p><p>Los elevados precios de los productos b\u00e1sicos energ\u00e9ticos que sirven de insumos para la producci\u00f3n agr\u00edcola han venido impulsando el alza de los precios de los alimentos. Durante los primeros tres trimestres de 2022, la inflaci\u00f3n de los precios de los alimentos en Asia meridional super\u00f3, en promedio, el 20 %. La inflaci\u00f3n promedio de dichos precios en otras regiones, como Am\u00e9rica Latina y el Caribe, Oriente Medio y Norte de \u00c1frica, \u00c1frica subsahariana, y Europa oriental y Asia central, se situ\u00f3 entre el 12 % y el 15 %. Asia oriental y el Pac\u00edfico es la \u00fanica regi\u00f3n donde la inflaci\u00f3n de los precios de los alimentos se ha mantenido baja, en parte debido a que, en t\u00e9rminos generales, los precios del arroz, el principal alimento b\u00e1sico, se han mantenido estables.<\/p><p>\u201cSi bien los precios de muchos productos b\u00e1sicos ya no est\u00e1n en sus valores m\u00e1ximos, siguen siendo altos en comparaci\u00f3n con el nivel promedio registrado en los \u00faltimos cinco a\u00f1os\u201d, declar\u00f3 Pablo Saavedra, vicepresidente de Crecimiento Equitativo, Finanzas e Instituciones del Banco Mundial. \u201cUna nueva alza de los precios internacionales de los alimentos podr\u00eda prolongar los desaf\u00edos asociados a la inseguridad alimentaria en los pa\u00edses en desarrollo. Es necesario aplicar diversas pol\u00edticas que promuevan la oferta, faciliten la distribuci\u00f3n y respalden los ingresos reales\u201d.<\/p><p>Desde el inicio de la guerra en Ucrania, los precios de la energ\u00eda han sido bastante vol\u00e1tiles, pero actualmente se espera que disminuyan. Tras aumentar alrededor de un 60 % en 2022, disminuir\u00e1n un 11 % en 2023. A pesar de esta moderaci\u00f3n, el pr\u00f3ximo a\u00f1o seguir\u00e1n siendo un 75 % m\u00e1s elevados que el promedio de los \u00faltimos cinco a\u00f1os.<\/p><p>Se prev\u00e9 que en 2023 el precio del petr\u00f3leo crudo Brent alcanzar\u00e1 un promedio de USD 92 el barril, muy por encima del promedio quinquenal de USD 60 el barril. Los precios del gas natural y del carb\u00f3n disminuir\u00e1n con respecto a los m\u00e1ximos hist\u00f3ricos registrados en 2022. Sin embargo, se espera que para 2024 los precios del carb\u00f3n australiano y del gas natural de Estados Unidos dupliquen el promedio de los \u00faltimos cinco a\u00f1os, y que los precios del gas natural en Europa sean casi cuatro veces m\u00e1s altos. Seg\u00fan las previsiones, la producci\u00f3n de carb\u00f3n aumentar\u00e1 significativamente a medida que varios de los principales exportadores impulsen la producci\u00f3n, poniendo en riesgo los objetivos relacionados con el cambio clim\u00e1tico.<\/p><p>\u201cEn muchos pa\u00edses, la combinaci\u00f3n de precios elevados de los productos b\u00e1sicos y persistentes depreciaciones monetarias se traduce en un aumento de la inflaci\u00f3n\u201d, se\u00f1al\u00f3 Ayhan Kose, economista en jefe de Crecimiento Equitativo, Finanzas e Instituciones y director del Grupo de Perspectivas del Banco Mundial, que elabora el informe Commodity Markets Outlook. \u201cLos responsables de formular pol\u00edticas en los mercados emergentes y las econom\u00edas en desarrollo tienen escaso margen para gestionar el ciclo de inflaci\u00f3n mundial m\u00e1s pronunciado de las \u00faltimas d\u00e9cadas. Deben calibrar con sumo cuidado las pol\u00edticas monetarias y fiscales, comunicar claramente sus planes y prepararse para un per\u00edodo de volatilidad a\u00fan mayor en los mercados financieros y de productos b\u00e1sicos mundiales\u201d.<\/p><p>Se prev\u00e9 que los precios agr\u00edcolas disminuir\u00e1n un 5 % el pr\u00f3ximo a\u00f1o. Aunque en el tercer trimestre de 2022 los precios del trigo cayeron casi un 20 %, siguen siendo un 24 % m\u00e1s altos que hace un a\u00f1o. La ca\u00edda de los precios agr\u00edcolas prevista para 2023 refleja un cultivo mundial de trigo mejor que el proyectado, un suministro estable en el mercado del arroz y la reanudaci\u00f3n de las exportaciones de cereales de Ucrania. Se prev\u00e9 que en 2023 los precios de los metales disminuir\u00e1n un 15 %, en gran parte debido al menor crecimiento mundial y al temor de que la econom\u00eda china se desacelere.<\/p><p>Las perspectivas de los precios de los productos b\u00e1sicos est\u00e1n sujetas a muchos riesgos. Los mercados de energ\u00eda se enfrentan a importantes preocupaciones relacionadas con la oferta, dado que en Europa se intensificar\u00e1n las inquietudes sobre la disponibilidad de energ\u00eda durante el pr\u00f3ximo invierno. El aumento mayor a lo esperado de los precios de la energ\u00eda podr\u00eda repercutir en otros tipos de precios, sobre todo el de los alimentos, lo que prolongar\u00eda los desaf\u00edos asociados a la inseguridad alimentaria. La desaceleraci\u00f3n m\u00e1s pronunciada del crecimiento mundial tambi\u00e9n plantea un riesgo clave, especialmente para los precios del petr\u00f3leo crudo y los metales.<\/p><p>\u201cEl pron\u00f3stico de una disminuci\u00f3n de los precios agr\u00edcolas est\u00e1 sujeta a una gran cantidad de riesgos\u201d, manifest\u00f3 John Baffes, economista superior del Grupo de Perspectivas del Banco Mundial. \u201cEn primer lugar, las perturbaciones que afectan las exportaciones de Ucrania o Rusia podr\u00edan interrumpir nuevamente el suministro mundial de cereales. En segundo lugar, los aumentos adicionales de los precios de la energ\u00eda podr\u00edan ejercer una presi\u00f3n al alza sobre los precios de los cereales y los aceites comestibles. En tercer lugar, los patrones meteorol\u00f3gicos adversos pueden reducir los rendimientos; es probable que 2023 sea el tercer a\u00f1o consecutivo de La Ni\u00f1a, lo que podr\u00eda reducir el rendimiento de cultivos clave en Am\u00e9rica del Sur y \u00c1frica meridional\u201d.<\/p><p>Las preocupaciones acerca de una posible recesi\u00f3n mundial el pr\u00f3ximo a\u00f1o ya han contribuido a una abrupta ca\u00edda de los precios del cobre y el aluminio. En la secci\u00f3n del informe dedicada a un tema destacado se examinan los factores que impulsan los precios del aluminio y el cobre, y se analizan las consecuencias para los mercados emergentes y las econom\u00edas en desarrollo que exportan estos productos b\u00e1sicos. Es probable que, mientras se lleve a cabo la transici\u00f3n energ\u00e9tica y la demanda se desplace de los combustibles f\u00f3siles a las fuentes de energ\u00eda renovable, los precios sigan siendo vol\u00e1tiles, lo que beneficiar\u00e1 a algunos productores de metales. En el informe se destaca que los exportadores de metales pueden aprovechar al m\u00e1ximo las consiguientes oportunidades de crecimiento a mediano plazo y, al mismo tiempo, limitar el impacto de la volatilidad de los precios, para lo cual es necesario contar con marcos de pol\u00edtica fiscal y monetaria bien dise\u00f1ados.<\/p>\t\t\t\t\t\t\t\t<\/div>\n\t\t\t\t<\/div>\n\t\t\t\t\t<\/div>\n\t\t<\/div>\n\t\t\t\t\t<\/div>\n\t\t<\/section>\n\t\t\t\t<section class=\"elementor-section elementor-top-section elementor-element elementor-element-b33ee95 elementor-section-boxed elementor-section-height-default elementor-section-height-default\" data-id=\"b33ee95\" data-element_type=\"section\" data-e-type=\"section\">\n\t\t\t\t\t\t<div class=\"elementor-container elementor-column-gap-default\">\n\t\t\t\t\t<div class=\"elementor-column elementor-col-100 elementor-top-column elementor-element elementor-element-90c9c00\" data-id=\"90c9c00\" data-element_type=\"column\" data-e-type=\"column\">\n\t\t\t<div class=\"elementor-widget-wrap elementor-element-populated\">\n\t\t\t\t\t\t<div class=\"elementor-element elementor-element-d3ce35e elementor-headline--style-highlight elementor-widget elementor-widget-animated-headline\" data-id=\"d3ce35e\" data-element_type=\"widget\" data-e-type=\"widget\" data-settings=\"{&quot;highlighted_text&quot;:&quot;reporta Banco Mundial&quot;,&quot;headline_style&quot;:&quot;highlight&quot;,&quot;marker&quot;:&quot;circle&quot;,&quot;loop&quot;:&quot;yes&quot;,&quot;highlight_animation_duration&quot;:1200,&quot;highlight_iteration_delay&quot;:8000}\" data-widget_type=\"animated-headline.default\">\n\t\t\t\t<div class=\"elementor-widget-container\">\n\t\t\t\t\t\t\t\t<a href=\"https:\/\/www.bancomundial.org\/es\/news\/press-release\/2022\/10\/26\/commodity-markets-outlook\" target=\"_blank\">\n\n\t\t\t\t\t<p class=\"elementor-headline\">\n\t\t\t\t\t<span class=\"elementor-headline-plain-text elementor-headline-text-wrapper\">Fuente:<\/span>\n\t\t\t\t<span class=\"elementor-headline-dynamic-wrapper elementor-headline-text-wrapper\">\n\t\t\t\t\t<span class=\"elementor-headline-dynamic-text elementor-headline-text-active\">reporta Banco Mundial<\/span>\n\t\t\t\t<\/span>\n\t\t\t\t<\/p>\n\t\t<\/a>\t\t\t\t<\/div>\n\t\t\t\t<\/div>\n\t\t\t\t\t<\/div>\n\t\t<\/div>\n\t\t\t\t\t<\/div>\n\t\t<\/section>\n\t\t\t\t<\/div>\n\t\t","protected":false},"excerpt":{"rendered":"<p>La suba de los precios de los productos b\u00e1sicos podr\u00eda prolongar las presiones inflacionarias CIUDAD DE WASHINGTON, 26 de octubre de 2022. Seg\u00fan la edici\u00f3n m\u00e1s reciente del informe Commodity Markets Outlook (Perspectivas de los mercados de productos b\u00e1sicos) del Banco Mundial, la disminuci\u00f3n del valor de las monedas de la mayor\u00eda de las econom\u00edas&hellip;<\/p>\n","protected":false},"author":1,"featured_media":0,"comment_status":"open","ping_status":"closed","sticky":false,"template":"","format":"standard","meta":{"content-type":"","_joinchat":[],"footnotes":""},"categories":[4],"tags":[],"class_list":["post-66135","post","type-post","status-publish","format-standard","hentry","category-sin-categoria"],"yoast_head":"<!-- This site is optimized with the Yoast SEO plugin v27.5 - https:\/\/yoast.com\/product\/yoast-seo-wordpress\/ -->\n<title>La depreciaci\u00f3n monetaria aumenta el riesgo de que se intensifiquen las crisis alimentaria y energ\u00e9tica - Santa Fe Casa de Valores S.A.<\/title>\n<meta name=\"robots\" content=\"index, follow, max-snippet:-1, max-image-preview:large, max-video-preview:-1\" \/>\n<link rel=\"canonical\" href=\"https:\/\/www.santafevalores.com\/index.php\/2022\/11\/08\/la-depreciacion-monetaria-aumenta-el-riesgo-de-que-se-intensifiquen-las-crisis-alimentaria-y-energetica\/\" \/>\n<meta property=\"og:locale\" content=\"es_ES\" \/>\n<meta property=\"og:type\" content=\"article\" \/>\n<meta property=\"og:title\" content=\"La depreciaci\u00f3n monetaria aumenta el riesgo de que se intensifiquen las crisis alimentaria y energ\u00e9tica - Santa Fe Casa de Valores S.A.\" \/>\n<meta property=\"og:description\" content=\"La suba de los precios de los productos b\u00e1sicos podr\u00eda prolongar las presiones inflacionarias CIUDAD DE WASHINGTON, 26 de octubre de 2022. Seg\u00fan la edici\u00f3n m\u00e1s reciente del informe Commodity Markets Outlook (Perspectivas de los mercados de productos b\u00e1sicos) del Banco Mundial, la disminuci\u00f3n del valor de las monedas de la mayor\u00eda de las econom\u00edas&hellip;\" \/>\n<meta property=\"og:url\" content=\"https:\/\/www.santafevalores.com\/index.php\/2022\/11\/08\/la-depreciacion-monetaria-aumenta-el-riesgo-de-que-se-intensifiquen-las-crisis-alimentaria-y-energetica\/\" \/>\n<meta property=\"og:site_name\" content=\"Santa Fe Casa de Valores S.A.\" \/>\n<meta property=\"article:publisher\" content=\"https:\/\/www.facebook.com\/santafevalores\/\" \/>\n<meta property=\"article:published_time\" content=\"2022-11-08T19:29:07+00:00\" \/>\n<meta name=\"author\" content=\"admin\" \/>\n<meta name=\"twitter:card\" content=\"summary_large_image\" \/>\n<meta name=\"twitter:creator\" content=\"@SantaFeValores\" \/>\n<meta name=\"twitter:site\" content=\"@SantaFeValores\" \/>\n<meta name=\"twitter:label1\" content=\"Escrito por\" \/>\n\t<meta name=\"twitter:data1\" content=\"admin\" \/>\n\t<meta name=\"twitter:label2\" content=\"Tiempo de lectura\" \/>\n\t<meta name=\"twitter:data2\" content=\"6 minutos\" \/>\n<script type=\"application\/ld+json\" class=\"yoast-schema-graph\">{\"@context\":\"https:\\\/\\\/schema.org\",\"@graph\":[{\"@type\":\"Article\",\"@id\":\"https:\\\/\\\/www.santafevalores.com\\\/index.php\\\/2022\\\/11\\\/08\\\/la-depreciacion-monetaria-aumenta-el-riesgo-de-que-se-intensifiquen-las-crisis-alimentaria-y-energetica\\\/#article\",\"isPartOf\":{\"@id\":\"https:\\\/\\\/www.santafevalores.com\\\/index.php\\\/2022\\\/11\\\/08\\\/la-depreciacion-monetaria-aumenta-el-riesgo-de-que-se-intensifiquen-las-crisis-alimentaria-y-energetica\\\/\"},\"author\":{\"name\":\"admin\",\"@id\":\"https:\\\/\\\/www.santafevalores.com\\\/#\\\/schema\\\/person\\\/d965a42370507d0a1638e69158bb5835\"},\"headline\":\"La depreciaci\u00f3n monetaria aumenta el riesgo de que se intensifiquen las crisis alimentaria y energ\u00e9tica\",\"datePublished\":\"2022-11-08T19:29:07+00:00\",\"mainEntityOfPage\":{\"@id\":\"https:\\\/\\\/www.santafevalores.com\\\/index.php\\\/2022\\\/11\\\/08\\\/la-depreciacion-monetaria-aumenta-el-riesgo-de-que-se-intensifiquen-las-crisis-alimentaria-y-energetica\\\/\"},\"wordCount\":1324,\"commentCount\":0,\"publisher\":{\"@id\":\"https:\\\/\\\/www.santafevalores.com\\\/#organization\"},\"inLanguage\":\"es\",\"potentialAction\":[{\"@type\":\"CommentAction\",\"name\":\"Comment\",\"target\":[\"https:\\\/\\\/www.santafevalores.com\\\/index.php\\\/2022\\\/11\\\/08\\\/la-depreciacion-monetaria-aumenta-el-riesgo-de-que-se-intensifiquen-las-crisis-alimentaria-y-energetica\\\/#respond\"]}]},{\"@type\":\"WebPage\",\"@id\":\"https:\\\/\\\/www.santafevalores.com\\\/index.php\\\/2022\\\/11\\\/08\\\/la-depreciacion-monetaria-aumenta-el-riesgo-de-que-se-intensifiquen-las-crisis-alimentaria-y-energetica\\\/\",\"url\":\"https:\\\/\\\/www.santafevalores.com\\\/index.php\\\/2022\\\/11\\\/08\\\/la-depreciacion-monetaria-aumenta-el-riesgo-de-que-se-intensifiquen-las-crisis-alimentaria-y-energetica\\\/\",\"name\":\"La depreciaci\u00f3n monetaria aumenta el riesgo de que se intensifiquen las crisis alimentaria y energ\u00e9tica - Santa Fe Casa de Valores S.A.\",\"isPartOf\":{\"@id\":\"https:\\\/\\\/www.santafevalores.com\\\/#website\"},\"datePublished\":\"2022-11-08T19:29:07+00:00\",\"breadcrumb\":{\"@id\":\"https:\\\/\\\/www.santafevalores.com\\\/index.php\\\/2022\\\/11\\\/08\\\/la-depreciacion-monetaria-aumenta-el-riesgo-de-que-se-intensifiquen-las-crisis-alimentaria-y-energetica\\\/#breadcrumb\"},\"inLanguage\":\"es\",\"potentialAction\":[{\"@type\":\"ReadAction\",\"target\":[\"https:\\\/\\\/www.santafevalores.com\\\/index.php\\\/2022\\\/11\\\/08\\\/la-depreciacion-monetaria-aumenta-el-riesgo-de-que-se-intensifiquen-las-crisis-alimentaria-y-energetica\\\/\"]}]},{\"@type\":\"BreadcrumbList\",\"@id\":\"https:\\\/\\\/www.santafevalores.com\\\/index.php\\\/2022\\\/11\\\/08\\\/la-depreciacion-monetaria-aumenta-el-riesgo-de-que-se-intensifiquen-las-crisis-alimentaria-y-energetica\\\/#breadcrumb\",\"itemListElement\":[{\"@type\":\"ListItem\",\"position\":1,\"name\":\"Portada\",\"item\":\"https:\\\/\\\/www.santafevalores.com\\\/\"},{\"@type\":\"ListItem\",\"position\":2,\"name\":\"La depreciaci\u00f3n monetaria aumenta el riesgo de que se intensifiquen las crisis alimentaria y energ\u00e9tica\"}]},{\"@type\":\"WebSite\",\"@id\":\"https:\\\/\\\/www.santafevalores.com\\\/#website\",\"url\":\"https:\\\/\\\/www.santafevalores.com\\\/\",\"name\":\"Santa Fe Casa de Valores S.A.\",\"description\":\"\",\"publisher\":{\"@id\":\"https:\\\/\\\/www.santafevalores.com\\\/#organization\"},\"potentialAction\":[{\"@type\":\"SearchAction\",\"target\":{\"@type\":\"EntryPoint\",\"urlTemplate\":\"https:\\\/\\\/www.santafevalores.com\\\/?s={search_term_string}\"},\"query-input\":{\"@type\":\"PropertyValueSpecification\",\"valueRequired\":true,\"valueName\":\"search_term_string\"}}],\"inLanguage\":\"es\"},{\"@type\":\"Organization\",\"@id\":\"https:\\\/\\\/www.santafevalores.com\\\/#organization\",\"name\":\"Santa Fe Casa de Valores S.A.\",\"alternateName\":\"SANTAFEVALORES\",\"url\":\"https:\\\/\\\/www.santafevalores.com\\\/\",\"logo\":{\"@type\":\"ImageObject\",\"inLanguage\":\"es\",\"@id\":\"https:\\\/\\\/www.santafevalores.com\\\/#\\\/schema\\\/logo\\\/image\\\/\",\"url\":\"https:\\\/\\\/www.santafevalores.com\\\/wp-content\\\/uploads\\\/2022\\\/06\\\/logo1.png\",\"contentUrl\":\"https:\\\/\\\/www.santafevalores.com\\\/wp-content\\\/uploads\\\/2022\\\/06\\\/logo1.png\",\"width\":235,\"height\":71,\"caption\":\"Santa Fe Casa de Valores S.A.\"},\"image\":{\"@id\":\"https:\\\/\\\/www.santafevalores.com\\\/#\\\/schema\\\/logo\\\/image\\\/\"},\"sameAs\":[\"https:\\\/\\\/www.facebook.com\\\/santafevalores\\\/\",\"https:\\\/\\\/x.com\\\/SantaFeValores\"]},{\"@type\":\"Person\",\"@id\":\"https:\\\/\\\/www.santafevalores.com\\\/#\\\/schema\\\/person\\\/d965a42370507d0a1638e69158bb5835\",\"name\":\"admin\",\"image\":{\"@type\":\"ImageObject\",\"inLanguage\":\"es\",\"@id\":\"https:\\\/\\\/secure.gravatar.com\\\/avatar\\\/97ec7f9eb6068ddac59d3806ca0034c167fce748f524adcfad8629911220756f?s=96&d=mm&r=g\",\"url\":\"https:\\\/\\\/secure.gravatar.com\\\/avatar\\\/97ec7f9eb6068ddac59d3806ca0034c167fce748f524adcfad8629911220756f?s=96&d=mm&r=g\",\"contentUrl\":\"https:\\\/\\\/secure.gravatar.com\\\/avatar\\\/97ec7f9eb6068ddac59d3806ca0034c167fce748f524adcfad8629911220756f?s=96&d=mm&r=g\",\"caption\":\"admin\"},\"sameAs\":[\"https:\\\/\\\/www.santafevalores.com\"],\"url\":\"https:\\\/\\\/www.santafevalores.com\\\/index.php\\\/author\\\/santafevaloresuio_ggv0vv79\\\/\"}]}<\/script>\n<!-- \/ Yoast SEO plugin. -->","yoast_head_json":{"title":"La depreciaci\u00f3n monetaria aumenta el riesgo de que se intensifiquen las crisis alimentaria y energ\u00e9tica - Santa Fe Casa de Valores S.A.","robots":{"index":"index","follow":"follow","max-snippet":"max-snippet:-1","max-image-preview":"max-image-preview:large","max-video-preview":"max-video-preview:-1"},"canonical":"https:\/\/www.santafevalores.com\/index.php\/2022\/11\/08\/la-depreciacion-monetaria-aumenta-el-riesgo-de-que-se-intensifiquen-las-crisis-alimentaria-y-energetica\/","og_locale":"es_ES","og_type":"article","og_title":"La depreciaci\u00f3n monetaria aumenta el riesgo de que se intensifiquen las crisis alimentaria y energ\u00e9tica - Santa Fe Casa de Valores S.A.","og_description":"La suba de los precios de los productos b\u00e1sicos podr\u00eda prolongar las presiones inflacionarias CIUDAD DE WASHINGTON, 26 de octubre de 2022. Seg\u00fan la edici\u00f3n m\u00e1s reciente del informe Commodity Markets Outlook (Perspectivas de los mercados de productos b\u00e1sicos) del Banco Mundial, la disminuci\u00f3n del valor de las monedas de la mayor\u00eda de las econom\u00edas&hellip;","og_url":"https:\/\/www.santafevalores.com\/index.php\/2022\/11\/08\/la-depreciacion-monetaria-aumenta-el-riesgo-de-que-se-intensifiquen-las-crisis-alimentaria-y-energetica\/","og_site_name":"Santa Fe Casa de Valores S.A.","article_publisher":"https:\/\/www.facebook.com\/santafevalores\/","article_published_time":"2022-11-08T19:29:07+00:00","author":"admin","twitter_card":"summary_large_image","twitter_creator":"@SantaFeValores","twitter_site":"@SantaFeValores","twitter_misc":{"Escrito por":"admin","Tiempo de lectura":"6 minutos"},"schema":{"@context":"https:\/\/schema.org","@graph":[{"@type":"Article","@id":"https:\/\/www.santafevalores.com\/index.php\/2022\/11\/08\/la-depreciacion-monetaria-aumenta-el-riesgo-de-que-se-intensifiquen-las-crisis-alimentaria-y-energetica\/#article","isPartOf":{"@id":"https:\/\/www.santafevalores.com\/index.php\/2022\/11\/08\/la-depreciacion-monetaria-aumenta-el-riesgo-de-que-se-intensifiquen-las-crisis-alimentaria-y-energetica\/"},"author":{"name":"admin","@id":"https:\/\/www.santafevalores.com\/#\/schema\/person\/d965a42370507d0a1638e69158bb5835"},"headline":"La depreciaci\u00f3n monetaria aumenta el riesgo de que se intensifiquen las crisis alimentaria y energ\u00e9tica","datePublished":"2022-11-08T19:29:07+00:00","mainEntityOfPage":{"@id":"https:\/\/www.santafevalores.com\/index.php\/2022\/11\/08\/la-depreciacion-monetaria-aumenta-el-riesgo-de-que-se-intensifiquen-las-crisis-alimentaria-y-energetica\/"},"wordCount":1324,"commentCount":0,"publisher":{"@id":"https:\/\/www.santafevalores.com\/#organization"},"inLanguage":"es","potentialAction":[{"@type":"CommentAction","name":"Comment","target":["https:\/\/www.santafevalores.com\/index.php\/2022\/11\/08\/la-depreciacion-monetaria-aumenta-el-riesgo-de-que-se-intensifiquen-las-crisis-alimentaria-y-energetica\/#respond"]}]},{"@type":"WebPage","@id":"https:\/\/www.santafevalores.com\/index.php\/2022\/11\/08\/la-depreciacion-monetaria-aumenta-el-riesgo-de-que-se-intensifiquen-las-crisis-alimentaria-y-energetica\/","url":"https:\/\/www.santafevalores.com\/index.php\/2022\/11\/08\/la-depreciacion-monetaria-aumenta-el-riesgo-de-que-se-intensifiquen-las-crisis-alimentaria-y-energetica\/","name":"La depreciaci\u00f3n monetaria aumenta el riesgo de que se intensifiquen las crisis alimentaria y energ\u00e9tica - Santa Fe Casa de Valores S.A.","isPartOf":{"@id":"https:\/\/www.santafevalores.com\/#website"},"datePublished":"2022-11-08T19:29:07+00:00","breadcrumb":{"@id":"https:\/\/www.santafevalores.com\/index.php\/2022\/11\/08\/la-depreciacion-monetaria-aumenta-el-riesgo-de-que-se-intensifiquen-las-crisis-alimentaria-y-energetica\/#breadcrumb"},"inLanguage":"es","potentialAction":[{"@type":"ReadAction","target":["https:\/\/www.santafevalores.com\/index.php\/2022\/11\/08\/la-depreciacion-monetaria-aumenta-el-riesgo-de-que-se-intensifiquen-las-crisis-alimentaria-y-energetica\/"]}]},{"@type":"BreadcrumbList","@id":"https:\/\/www.santafevalores.com\/index.php\/2022\/11\/08\/la-depreciacion-monetaria-aumenta-el-riesgo-de-que-se-intensifiquen-las-crisis-alimentaria-y-energetica\/#breadcrumb","itemListElement":[{"@type":"ListItem","position":1,"name":"Portada","item":"https:\/\/www.santafevalores.com\/"},{"@type":"ListItem","position":2,"name":"La depreciaci\u00f3n monetaria aumenta el riesgo de que se intensifiquen las crisis alimentaria y energ\u00e9tica"}]},{"@type":"WebSite","@id":"https:\/\/www.santafevalores.com\/#website","url":"https:\/\/www.santafevalores.com\/","name":"Santa Fe Casa de Valores S.A.","description":"","publisher":{"@id":"https:\/\/www.santafevalores.com\/#organization"},"potentialAction":[{"@type":"SearchAction","target":{"@type":"EntryPoint","urlTemplate":"https:\/\/www.santafevalores.com\/?s={search_term_string}"},"query-input":{"@type":"PropertyValueSpecification","valueRequired":true,"valueName":"search_term_string"}}],"inLanguage":"es"},{"@type":"Organization","@id":"https:\/\/www.santafevalores.com\/#organization","name":"Santa Fe Casa de Valores S.A.","alternateName":"SANTAFEVALORES","url":"https:\/\/www.santafevalores.com\/","logo":{"@type":"ImageObject","inLanguage":"es","@id":"https:\/\/www.santafevalores.com\/#\/schema\/logo\/image\/","url":"https:\/\/www.santafevalores.com\/wp-content\/uploads\/2022\/06\/logo1.png","contentUrl":"https:\/\/www.santafevalores.com\/wp-content\/uploads\/2022\/06\/logo1.png","width":235,"height":71,"caption":"Santa Fe Casa de Valores S.A."},"image":{"@id":"https:\/\/www.santafevalores.com\/#\/schema\/logo\/image\/"},"sameAs":["https:\/\/www.facebook.com\/santafevalores\/","https:\/\/x.com\/SantaFeValores"]},{"@type":"Person","@id":"https:\/\/www.santafevalores.com\/#\/schema\/person\/d965a42370507d0a1638e69158bb5835","name":"admin","image":{"@type":"ImageObject","inLanguage":"es","@id":"https:\/\/secure.gravatar.com\/avatar\/97ec7f9eb6068ddac59d3806ca0034c167fce748f524adcfad8629911220756f?s=96&d=mm&r=g","url":"https:\/\/secure.gravatar.com\/avatar\/97ec7f9eb6068ddac59d3806ca0034c167fce748f524adcfad8629911220756f?s=96&d=mm&r=g","contentUrl":"https:\/\/secure.gravatar.com\/avatar\/97ec7f9eb6068ddac59d3806ca0034c167fce748f524adcfad8629911220756f?s=96&d=mm&r=g","caption":"admin"},"sameAs":["https:\/\/www.santafevalores.com"],"url":"https:\/\/www.santafevalores.com\/index.php\/author\/santafevaloresuio_ggv0vv79\/"}]}},"_links":{"self":[{"href":"https:\/\/www.santafevalores.com\/index.php\/wp-json\/wp\/v2\/posts\/66135","targetHints":{"allow":["GET"]}}],"collection":[{"href":"https:\/\/www.santafevalores.com\/index.php\/wp-json\/wp\/v2\/posts"}],"about":[{"href":"https:\/\/www.santafevalores.com\/index.php\/wp-json\/wp\/v2\/types\/post"}],"author":[{"embeddable":true,"href":"https:\/\/www.santafevalores.com\/index.php\/wp-json\/wp\/v2\/users\/1"}],"replies":[{"embeddable":true,"href":"https:\/\/www.santafevalores.com\/index.php\/wp-json\/wp\/v2\/comments?post=66135"}],"version-history":[{"count":0,"href":"https:\/\/www.santafevalores.com\/index.php\/wp-json\/wp\/v2\/posts\/66135\/revisions"}],"wp:attachment":[{"href":"https:\/\/www.santafevalores.com\/index.php\/wp-json\/wp\/v2\/media?parent=66135"}],"wp:term":[{"taxonomy":"category","embeddable":true,"href":"https:\/\/www.santafevalores.com\/index.php\/wp-json\/wp\/v2\/categories?post=66135"},{"taxonomy":"post_tag","embeddable":true,"href":"https:\/\/www.santafevalores.com\/index.php\/wp-json\/wp\/v2\/tags?post=66135"}],"curies":[{"name":"wp","href":"https:\/\/api.w.org\/{rel}","templated":true}]}}