{"id":66345,"date":"2022-11-22T14:49:40","date_gmt":"2022-11-22T19:49:40","guid":{"rendered":"https:\/\/santafevalores.com\/?p=66345"},"modified":"2022-11-22T14:49:40","modified_gmt":"2022-11-22T19:49:40","slug":"el-triunfo-de-ecuador-sobre-qatar-un-balsamo-para-el-sector-comercial-que-crecio-en-ventas-entre-el-10-y-35","status":"publish","type":"post","link":"https:\/\/www.santafevalores.com\/index.php\/2022\/11\/22\/el-triunfo-de-ecuador-sobre-qatar-un-balsamo-para-el-sector-comercial-que-crecio-en-ventas-entre-el-10-y-35\/","title":{"rendered":"El triunfo de Ecuador sobre Qatar, un b\u00e1lsamo para el sector comercial que creci\u00f3 en ventas entre el 10% y 35%"},"content":{"rendered":"\t\t<div data-elementor-type=\"wp-post\" data-elementor-id=\"66345\" class=\"elementor elementor-66345\" data-elementor-post-type=\"post\">\n\t\t\t\t\t\t<section class=\"elementor-section elementor-top-section elementor-element elementor-element-d33dccf elementor-section-boxed elementor-section-height-default elementor-section-height-default\" data-id=\"d33dccf\" data-element_type=\"section\" data-e-type=\"section\">\n\t\t\t\t\t\t<div class=\"elementor-container elementor-column-gap-default\">\n\t\t\t\t\t<div class=\"elementor-column elementor-col-100 elementor-top-column elementor-element elementor-element-95de76c\" data-id=\"95de76c\" data-element_type=\"column\" data-e-type=\"column\">\n\t\t\t<div class=\"elementor-widget-wrap elementor-element-populated\">\n\t\t\t\t\t\t<div class=\"elementor-element elementor-element-0eba34c elementor-widget elementor-widget-image\" data-id=\"0eba34c\" data-element_type=\"widget\" data-e-type=\"widget\" data-widget_type=\"image.default\">\n\t\t\t\t<div class=\"elementor-widget-container\">\n\t\t\t\t\t\t\t\t\t\t\t\t\t\t\t<img fetchpriority=\"high\" decoding=\"async\" width=\"893\" height=\"670\" src=\"https:\/\/www.santafevalores.com\/wp-content\/uploads\/2022\/11\/FXQO7OYLJECRKN4OJDHKMTM2U.jpg\" class=\"attachment-large size-large wp-image-66347\" alt=\"\" srcset=\"https:\/\/www.santafevalores.com\/wp-content\/uploads\/2022\/11\/FXQO7OYLJECRKN4OJDHKMTM2U.jpg 893w, https:\/\/www.santafevalores.com\/wp-content\/uploads\/2022\/11\/FXQO7OYLJECRKN4OJDHKMTM2U-300x225.jpg 300w, https:\/\/www.santafevalores.com\/wp-content\/uploads\/2022\/11\/FXQO7OYLJECRKN4OJDHKMTM2U-768x576.jpg 768w\" sizes=\"(max-width: 893px) 100vw, 893px\" \/>\t\t\t\t\t\t\t\t\t\t\t\t\t\t\t<\/div>\n\t\t\t\t<\/div>\n\t\t\t\t\t<\/div>\n\t\t<\/div>\n\t\t\t\t\t<\/div>\n\t\t<\/section>\n\t\t\t\t<section class=\"elementor-section elementor-top-section elementor-element elementor-element-c7d3c2a elementor-section-boxed elementor-section-height-default elementor-section-height-default\" data-id=\"c7d3c2a\" data-element_type=\"section\" data-e-type=\"section\">\n\t\t\t\t\t\t<div class=\"elementor-container elementor-column-gap-default\">\n\t\t\t\t\t<div class=\"elementor-column elementor-col-100 elementor-top-column elementor-element elementor-element-20afdc3\" data-id=\"20afdc3\" data-element_type=\"column\" data-e-type=\"column\">\n\t\t\t<div class=\"elementor-widget-wrap elementor-element-populated\">\n\t\t\t\t\t\t<div class=\"elementor-element elementor-element-1b42701 elementor-widget elementor-widget-text-editor\" data-id=\"1b42701\" data-element_type=\"widget\" data-e-type=\"widget\" data-widget_type=\"text-editor.default\">\n\t\t\t\t<div class=\"elementor-widget-container\">\n\t\t\t\t\t\t\t\t\t<p>La selecci\u00f3n gan\u00f3 y tambi\u00e9n ganaron los comercios que enfocan sus expectativas en los dos partidos restantes de la selecci\u00f3n para continuar su recuperaci\u00f3n<br \/>Fue un fin de semana so\u00f1ado para muchos ecuatorianos, que vieron triunfar en el partido inaugural del Mundial de Qatar a la selecci\u00f3n de Ecuador sobre el pa\u00eds anfitri\u00f3n, algo que no sucedi\u00f3 nunca en los 92 a\u00f1os de historia de los mundiales. Esto, en lo deportivo, pues los comercios tambi\u00e9n aprovecharon la fiebre mundialista para crecer en ventas y fortalecer la recuperaci\u00f3n econ\u00f3mica de varios sectores.<\/p><p>Por parte de la oferta, los descuentos y promociones con tem\u00e1tica mundialista; y en el caso de la demanda que acompa\u00f1\u00f3 con una fuerte concurrencia en centros comerciales y otros negocios, fue la t\u00f3nica del fin de semana, donde seg\u00fan Miguel \u00c1ngel Gonz\u00e1lez, presidente del Comit\u00e9 Empresarial Ecuatoriano (CEE), los comercios m\u00e1s beneficiados por el Mundial incrementaron sus ventas entre el 10 % y 35 % como los de ropa deportiva, de televisores y los restaurantes.<br \/>\u201cEste fin de semana m\u00faltiples comercios se encontraban realizando sus campa\u00f1as de ofertas por las festividades al mismo tiempo que se daba inicio al Mundial. Esto permite que la gente pueda adquirir m\u00e1s productos para alentar a la Tricolor a un menor precio\u201d, sostuvo Gonz\u00e1lez.<br \/>El consumo de bebidas y comida tuvo fuerte demanda, sobre todo en centros comerciales que transmitieron el partido en pantallas gigantes y en menor medida en restaurantes que tambi\u00e9n pasaron el encuentro, seg\u00fan detall\u00f3 Francesca Ferrero, presidenta de la Asociaci\u00f3n de Bares y Restaurantes del Guayas.<\/p><p>Sin embargo, la lectura del sector no es del todo positiva, advirti\u00f3 Ferrero, quien asegur\u00f3 que el horario de los partidos del Mundial, que se transmiten en horas de la ma\u00f1ana desde las 05:00 hasta las 13:00 m\u00e1ximo, no favorece a los restaurantes que han tenido que modificar sus horarios y men\u00fas para atraer a los clientes.<\/p><p>En el caso particular de este domingo, Ferrero explic\u00f3 que al ser un d\u00eda de almuerzo familiar y por la hora del encuentro, 11:00, los restaurantes no lograron atraer la demanda que proyectaban y registraron un \u201cmovimiento leve\u201d.<\/p><p>\u201cEn la mayor\u00eda (de restaurantes la demanda) baj\u00f3 en lugar de subir, ya que al ser temprano mucha gente prefiri\u00f3 quedarse en casa (&#8230;). La expectativa de ayer (domingo) en los locales era un poco mayor. Se presenci\u00f3 en ciertas zonas de la ciudad mayor afluencia, sobre todo en \u00e1reas p\u00fablicas o centros comerciales, donde los clientes pueden ver en pantalla gigante\u201d, explic\u00f3 la empresaria, quien asegur\u00f3 que muchos restaurantes que abren normalmente entre las 12:00 y 13:00 comenzaron a atender entre las 09:00 y 10:00 para atraer a m\u00e1s clientes.<br \/>Pese a los inconvenientes, Ferrero espera que para los pr\u00f3ximos encuentros de la Tricolor, el viernes 25 de noviembre, a las 11:00, y el martes 29 de noviembre, a las 10:00, la situaci\u00f3n mejore para los restaurantes, sobre todo el pr\u00f3ximo viernes que se enlaza a un fin de semana, cuando se desarrollar\u00e1 el Black Friday, otra fecha pico de ventas para el comercio en general.<br \/>\u201cEsperamos que el viernes Ecuador gane y potencie todo el fin de semana en celebraciones y reuniones\u201d, expres\u00f3 Ferrero, quien pidi\u00f3 al Gobierno flexibilidad o la eliminaci\u00f3n del toque de queda, que rige desde las 23:00 hasta las 05:00; para que el sector tur\u00edstico, el de restaurantes y bares puedan mantener la celebraci\u00f3n del Mundial y crecer en facturaci\u00f3n.<\/p>\t\t\t\t\t\t\t\t<\/div>\n\t\t\t\t<\/div>\n\t\t\t\t\t<\/div>\n\t\t<\/div>\n\t\t\t\t\t<\/div>\n\t\t<\/section>\n\t\t\t\t<section class=\"elementor-section elementor-top-section elementor-element elementor-element-88a4494 elementor-section-boxed elementor-section-height-default elementor-section-height-default\" data-id=\"88a4494\" data-element_type=\"section\" data-e-type=\"section\">\n\t\t\t\t\t\t<div class=\"elementor-container elementor-column-gap-default\">\n\t\t\t\t\t<div class=\"elementor-column elementor-col-100 elementor-top-column elementor-element elementor-element-24bd2c5\" data-id=\"24bd2c5\" data-element_type=\"column\" data-e-type=\"column\">\n\t\t\t<div class=\"elementor-widget-wrap elementor-element-populated\">\n\t\t\t\t\t\t<div class=\"elementor-element elementor-element-0612975 elementor-headline--style-highlight elementor-widget elementor-widget-animated-headline\" data-id=\"0612975\" data-element_type=\"widget\" data-e-type=\"widget\" data-settings=\"{&quot;highlighted_text&quot;:&quot;reporta El Universo&quot;,&quot;headline_style&quot;:&quot;highlight&quot;,&quot;marker&quot;:&quot;circle&quot;,&quot;loop&quot;:&quot;yes&quot;,&quot;highlight_animation_duration&quot;:1200,&quot;highlight_iteration_delay&quot;:8000}\" data-widget_type=\"animated-headline.default\">\n\t\t\t\t<div class=\"elementor-widget-container\">\n\t\t\t\t\t\t\t\t<a href=\"https:\/\/www.eluniverso.com\/noticias\/economia\/el-triunfo-de-ecuador-sobre-qatar-un-balsamo-para-el-sector-comercial-que-crecio-en-ventas-entre-el-10-y-35-nota\/\" target=\"_blank\">\n\n\t\t\t\t\t<p class=\"elementor-headline\">\n\t\t\t\t\t<span class=\"elementor-headline-plain-text elementor-headline-text-wrapper\">Fuente:<\/span>\n\t\t\t\t<span class=\"elementor-headline-dynamic-wrapper elementor-headline-text-wrapper\">\n\t\t\t\t\t<span class=\"elementor-headline-dynamic-text elementor-headline-text-active\">reporta El Universo<\/span>\n\t\t\t\t<\/span>\n\t\t\t\t<\/p>\n\t\t<\/a>\t\t\t\t<\/div>\n\t\t\t\t<\/div>\n\t\t\t\t\t<\/div>\n\t\t<\/div>\n\t\t\t\t\t<\/div>\n\t\t<\/section>\n\t\t\t\t<\/div>\n\t\t","protected":false},"excerpt":{"rendered":"<p>La selecci\u00f3n gan\u00f3 y tambi\u00e9n ganaron los comercios que enfocan sus expectativas en los dos partidos restantes de la selecci\u00f3n para continuar su recuperaci\u00f3nFue un fin de semana so\u00f1ado para muchos ecuatorianos, que vieron triunfar en el partido inaugural del Mundial de Qatar a la selecci\u00f3n de Ecuador sobre el pa\u00eds anfitri\u00f3n, algo que no&hellip;<\/p>\n","protected":false},"author":1,"featured_media":66347,"comment_status":"open","ping_status":"closed","sticky":false,"template":"","format":"standard","meta":{"content-type":"","_joinchat":[],"footnotes":""},"categories":[4],"tags":[],"class_list":["post-66345","post","type-post","status-publish","format-standard","has-post-thumbnail","hentry","category-sin-categoria"],"yoast_head":"<!-- This site is optimized with the Yoast SEO plugin v27.5 - https:\/\/yoast.com\/product\/yoast-seo-wordpress\/ -->\n<title>El triunfo de Ecuador sobre Qatar, un b\u00e1lsamo para el sector comercial que creci\u00f3 en ventas entre el 10% y 35% - Santa Fe Casa de Valores S.A.<\/title>\n<meta name=\"robots\" content=\"index, follow, max-snippet:-1, max-image-preview:large, max-video-preview:-1\" \/>\n<link rel=\"canonical\" href=\"https:\/\/www.santafevalores.com\/index.php\/2022\/11\/22\/el-triunfo-de-ecuador-sobre-qatar-un-balsamo-para-el-sector-comercial-que-crecio-en-ventas-entre-el-10-y-35\/\" \/>\n<meta property=\"og:locale\" content=\"es_ES\" \/>\n<meta property=\"og:type\" content=\"article\" \/>\n<meta property=\"og:title\" content=\"El triunfo de Ecuador sobre Qatar, un b\u00e1lsamo para el sector comercial que creci\u00f3 en ventas entre el 10% y 35% - Santa Fe Casa de Valores S.A.\" \/>\n<meta property=\"og:description\" content=\"La selecci\u00f3n gan\u00f3 y tambi\u00e9n ganaron los comercios que enfocan sus expectativas en los dos partidos restantes de la selecci\u00f3n para continuar su recuperaci\u00f3nFue un fin de semana so\u00f1ado para muchos ecuatorianos, que vieron triunfar en el partido inaugural del Mundial de Qatar a la selecci\u00f3n de Ecuador sobre el pa\u00eds anfitri\u00f3n, algo que no&hellip;\" \/>\n<meta property=\"og:url\" content=\"https:\/\/www.santafevalores.com\/index.php\/2022\/11\/22\/el-triunfo-de-ecuador-sobre-qatar-un-balsamo-para-el-sector-comercial-que-crecio-en-ventas-entre-el-10-y-35\/\" \/>\n<meta property=\"og:site_name\" content=\"Santa Fe Casa de Valores S.A.\" \/>\n<meta property=\"article:publisher\" content=\"https:\/\/www.facebook.com\/santafevalores\/\" \/>\n<meta property=\"article:published_time\" content=\"2022-11-22T19:49:40+00:00\" \/>\n<meta property=\"og:image\" content=\"https:\/\/www.santafevalores.com\/wp-content\/uploads\/2022\/11\/FXQO7OYLJECRKN4OJDHKMTM2U.jpg\" \/>\n\t<meta property=\"og:image:width\" content=\"893\" \/>\n\t<meta property=\"og:image:height\" content=\"670\" \/>\n\t<meta property=\"og:image:type\" content=\"image\/jpeg\" \/>\n<meta name=\"author\" content=\"admin\" \/>\n<meta name=\"twitter:card\" content=\"summary_large_image\" \/>\n<meta name=\"twitter:creator\" content=\"@SantaFeValores\" \/>\n<meta name=\"twitter:site\" content=\"@SantaFeValores\" \/>\n<meta name=\"twitter:label1\" content=\"Escrito por\" \/>\n\t<meta name=\"twitter:data1\" content=\"admin\" \/>\n\t<meta name=\"twitter:label2\" content=\"Tiempo de lectura\" \/>\n\t<meta name=\"twitter:data2\" content=\"3 minutos\" \/>\n<script type=\"application\/ld+json\" class=\"yoast-schema-graph\">{\"@context\":\"https:\\\/\\\/schema.org\",\"@graph\":[{\"@type\":\"Article\",\"@id\":\"https:\\\/\\\/www.santafevalores.com\\\/index.php\\\/2022\\\/11\\\/22\\\/el-triunfo-de-ecuador-sobre-qatar-un-balsamo-para-el-sector-comercial-que-crecio-en-ventas-entre-el-10-y-35\\\/#article\",\"isPartOf\":{\"@id\":\"https:\\\/\\\/www.santafevalores.com\\\/index.php\\\/2022\\\/11\\\/22\\\/el-triunfo-de-ecuador-sobre-qatar-un-balsamo-para-el-sector-comercial-que-crecio-en-ventas-entre-el-10-y-35\\\/\"},\"author\":{\"name\":\"admin\",\"@id\":\"https:\\\/\\\/www.santafevalores.com\\\/#\\\/schema\\\/person\\\/d965a42370507d0a1638e69158bb5835\"},\"headline\":\"El triunfo de Ecuador sobre Qatar, un b\u00e1lsamo para el sector comercial que creci\u00f3 en ventas entre el 10% y 35%\",\"datePublished\":\"2022-11-22T19:49:40+00:00\",\"mainEntityOfPage\":{\"@id\":\"https:\\\/\\\/www.santafevalores.com\\\/index.php\\\/2022\\\/11\\\/22\\\/el-triunfo-de-ecuador-sobre-qatar-un-balsamo-para-el-sector-comercial-que-crecio-en-ventas-entre-el-10-y-35\\\/\"},\"wordCount\":611,\"commentCount\":0,\"publisher\":{\"@id\":\"https:\\\/\\\/www.santafevalores.com\\\/#organization\"},\"image\":{\"@id\":\"https:\\\/\\\/www.santafevalores.com\\\/index.php\\\/2022\\\/11\\\/22\\\/el-triunfo-de-ecuador-sobre-qatar-un-balsamo-para-el-sector-comercial-que-crecio-en-ventas-entre-el-10-y-35\\\/#primaryimage\"},\"thumbnailUrl\":\"https:\\\/\\\/www.santafevalores.com\\\/wp-content\\\/uploads\\\/2022\\\/11\\\/FXQO7OYLJECRKN4OJDHKMTM2U.jpg\",\"inLanguage\":\"es\",\"potentialAction\":[{\"@type\":\"CommentAction\",\"name\":\"Comment\",\"target\":[\"https:\\\/\\\/www.santafevalores.com\\\/index.php\\\/2022\\\/11\\\/22\\\/el-triunfo-de-ecuador-sobre-qatar-un-balsamo-para-el-sector-comercial-que-crecio-en-ventas-entre-el-10-y-35\\\/#respond\"]}]},{\"@type\":\"WebPage\",\"@id\":\"https:\\\/\\\/www.santafevalores.com\\\/index.php\\\/2022\\\/11\\\/22\\\/el-triunfo-de-ecuador-sobre-qatar-un-balsamo-para-el-sector-comercial-que-crecio-en-ventas-entre-el-10-y-35\\\/\",\"url\":\"https:\\\/\\\/www.santafevalores.com\\\/index.php\\\/2022\\\/11\\\/22\\\/el-triunfo-de-ecuador-sobre-qatar-un-balsamo-para-el-sector-comercial-que-crecio-en-ventas-entre-el-10-y-35\\\/\",\"name\":\"El triunfo de Ecuador sobre Qatar, un b\u00e1lsamo para el sector comercial que creci\u00f3 en ventas entre el 10% y 35% - Santa Fe Casa de Valores S.A.\",\"isPartOf\":{\"@id\":\"https:\\\/\\\/www.santafevalores.com\\\/#website\"},\"primaryImageOfPage\":{\"@id\":\"https:\\\/\\\/www.santafevalores.com\\\/index.php\\\/2022\\\/11\\\/22\\\/el-triunfo-de-ecuador-sobre-qatar-un-balsamo-para-el-sector-comercial-que-crecio-en-ventas-entre-el-10-y-35\\\/#primaryimage\"},\"image\":{\"@id\":\"https:\\\/\\\/www.santafevalores.com\\\/index.php\\\/2022\\\/11\\\/22\\\/el-triunfo-de-ecuador-sobre-qatar-un-balsamo-para-el-sector-comercial-que-crecio-en-ventas-entre-el-10-y-35\\\/#primaryimage\"},\"thumbnailUrl\":\"https:\\\/\\\/www.santafevalores.com\\\/wp-content\\\/uploads\\\/2022\\\/11\\\/FXQO7OYLJECRKN4OJDHKMTM2U.jpg\",\"datePublished\":\"2022-11-22T19:49:40+00:00\",\"breadcrumb\":{\"@id\":\"https:\\\/\\\/www.santafevalores.com\\\/index.php\\\/2022\\\/11\\\/22\\\/el-triunfo-de-ecuador-sobre-qatar-un-balsamo-para-el-sector-comercial-que-crecio-en-ventas-entre-el-10-y-35\\\/#breadcrumb\"},\"inLanguage\":\"es\",\"potentialAction\":[{\"@type\":\"ReadAction\",\"target\":[\"https:\\\/\\\/www.santafevalores.com\\\/index.php\\\/2022\\\/11\\\/22\\\/el-triunfo-de-ecuador-sobre-qatar-un-balsamo-para-el-sector-comercial-que-crecio-en-ventas-entre-el-10-y-35\\\/\"]}]},{\"@type\":\"ImageObject\",\"inLanguage\":\"es\",\"@id\":\"https:\\\/\\\/www.santafevalores.com\\\/index.php\\\/2022\\\/11\\\/22\\\/el-triunfo-de-ecuador-sobre-qatar-un-balsamo-para-el-sector-comercial-que-crecio-en-ventas-entre-el-10-y-35\\\/#primaryimage\",\"url\":\"https:\\\/\\\/www.santafevalores.com\\\/wp-content\\\/uploads\\\/2022\\\/11\\\/FXQO7OYLJECRKN4OJDHKMTM2U.jpg\",\"contentUrl\":\"https:\\\/\\\/www.santafevalores.com\\\/wp-content\\\/uploads\\\/2022\\\/11\\\/FXQO7OYLJECRKN4OJDHKMTM2U.jpg\",\"width\":893,\"height\":670},{\"@type\":\"BreadcrumbList\",\"@id\":\"https:\\\/\\\/www.santafevalores.com\\\/index.php\\\/2022\\\/11\\\/22\\\/el-triunfo-de-ecuador-sobre-qatar-un-balsamo-para-el-sector-comercial-que-crecio-en-ventas-entre-el-10-y-35\\\/#breadcrumb\",\"itemListElement\":[{\"@type\":\"ListItem\",\"position\":1,\"name\":\"Portada\",\"item\":\"https:\\\/\\\/www.santafevalores.com\\\/\"},{\"@type\":\"ListItem\",\"position\":2,\"name\":\"El triunfo de Ecuador sobre Qatar, un b\u00e1lsamo para el sector comercial que creci\u00f3 en ventas entre el 10% y 35%\"}]},{\"@type\":\"WebSite\",\"@id\":\"https:\\\/\\\/www.santafevalores.com\\\/#website\",\"url\":\"https:\\\/\\\/www.santafevalores.com\\\/\",\"name\":\"Santa Fe Casa de Valores S.A.\",\"description\":\"\",\"publisher\":{\"@id\":\"https:\\\/\\\/www.santafevalores.com\\\/#organization\"},\"potentialAction\":[{\"@type\":\"SearchAction\",\"target\":{\"@type\":\"EntryPoint\",\"urlTemplate\":\"https:\\\/\\\/www.santafevalores.com\\\/?s={search_term_string}\"},\"query-input\":{\"@type\":\"PropertyValueSpecification\",\"valueRequired\":true,\"valueName\":\"search_term_string\"}}],\"inLanguage\":\"es\"},{\"@type\":\"Organization\",\"@id\":\"https:\\\/\\\/www.santafevalores.com\\\/#organization\",\"name\":\"Santa Fe Casa de Valores S.A.\",\"alternateName\":\"SANTAFEVALORES\",\"url\":\"https:\\\/\\\/www.santafevalores.com\\\/\",\"logo\":{\"@type\":\"ImageObject\",\"inLanguage\":\"es\",\"@id\":\"https:\\\/\\\/www.santafevalores.com\\\/#\\\/schema\\\/logo\\\/image\\\/\",\"url\":\"https:\\\/\\\/www.santafevalores.com\\\/wp-content\\\/uploads\\\/2022\\\/06\\\/logo1.png\",\"contentUrl\":\"https:\\\/\\\/www.santafevalores.com\\\/wp-content\\\/uploads\\\/2022\\\/06\\\/logo1.png\",\"width\":235,\"height\":71,\"caption\":\"Santa Fe Casa de Valores S.A.\"},\"image\":{\"@id\":\"https:\\\/\\\/www.santafevalores.com\\\/#\\\/schema\\\/logo\\\/image\\\/\"},\"sameAs\":[\"https:\\\/\\\/www.facebook.com\\\/santafevalores\\\/\",\"https:\\\/\\\/x.com\\\/SantaFeValores\"]},{\"@type\":\"Person\",\"@id\":\"https:\\\/\\\/www.santafevalores.com\\\/#\\\/schema\\\/person\\\/d965a42370507d0a1638e69158bb5835\",\"name\":\"admin\",\"image\":{\"@type\":\"ImageObject\",\"inLanguage\":\"es\",\"@id\":\"https:\\\/\\\/secure.gravatar.com\\\/avatar\\\/97ec7f9eb6068ddac59d3806ca0034c167fce748f524adcfad8629911220756f?s=96&d=mm&r=g\",\"url\":\"https:\\\/\\\/secure.gravatar.com\\\/avatar\\\/97ec7f9eb6068ddac59d3806ca0034c167fce748f524adcfad8629911220756f?s=96&d=mm&r=g\",\"contentUrl\":\"https:\\\/\\\/secure.gravatar.com\\\/avatar\\\/97ec7f9eb6068ddac59d3806ca0034c167fce748f524adcfad8629911220756f?s=96&d=mm&r=g\",\"caption\":\"admin\"},\"sameAs\":[\"https:\\\/\\\/www.santafevalores.com\"],\"url\":\"https:\\\/\\\/www.santafevalores.com\\\/index.php\\\/author\\\/santafevaloresuio_ggv0vv79\\\/\"}]}<\/script>\n<!-- \/ Yoast SEO plugin. -->","yoast_head_json":{"title":"El triunfo de Ecuador sobre Qatar, un b\u00e1lsamo para el sector comercial que creci\u00f3 en ventas entre el 10% y 35% - Santa Fe Casa de Valores S.A.","robots":{"index":"index","follow":"follow","max-snippet":"max-snippet:-1","max-image-preview":"max-image-preview:large","max-video-preview":"max-video-preview:-1"},"canonical":"https:\/\/www.santafevalores.com\/index.php\/2022\/11\/22\/el-triunfo-de-ecuador-sobre-qatar-un-balsamo-para-el-sector-comercial-que-crecio-en-ventas-entre-el-10-y-35\/","og_locale":"es_ES","og_type":"article","og_title":"El triunfo de Ecuador sobre Qatar, un b\u00e1lsamo para el sector comercial que creci\u00f3 en ventas entre el 10% y 35% - Santa Fe Casa de Valores S.A.","og_description":"La selecci\u00f3n gan\u00f3 y tambi\u00e9n ganaron los comercios que enfocan sus expectativas en los dos partidos restantes de la selecci\u00f3n para continuar su recuperaci\u00f3nFue un fin de semana so\u00f1ado para muchos ecuatorianos, que vieron triunfar en el partido inaugural del Mundial de Qatar a la selecci\u00f3n de Ecuador sobre el pa\u00eds anfitri\u00f3n, algo que no&hellip;","og_url":"https:\/\/www.santafevalores.com\/index.php\/2022\/11\/22\/el-triunfo-de-ecuador-sobre-qatar-un-balsamo-para-el-sector-comercial-que-crecio-en-ventas-entre-el-10-y-35\/","og_site_name":"Santa Fe Casa de Valores S.A.","article_publisher":"https:\/\/www.facebook.com\/santafevalores\/","article_published_time":"2022-11-22T19:49:40+00:00","og_image":[{"width":893,"height":670,"url":"https:\/\/www.santafevalores.com\/wp-content\/uploads\/2022\/11\/FXQO7OYLJECRKN4OJDHKMTM2U.jpg","type":"image\/jpeg"}],"author":"admin","twitter_card":"summary_large_image","twitter_creator":"@SantaFeValores","twitter_site":"@SantaFeValores","twitter_misc":{"Escrito por":"admin","Tiempo de lectura":"3 minutos"},"schema":{"@context":"https:\/\/schema.org","@graph":[{"@type":"Article","@id":"https:\/\/www.santafevalores.com\/index.php\/2022\/11\/22\/el-triunfo-de-ecuador-sobre-qatar-un-balsamo-para-el-sector-comercial-que-crecio-en-ventas-entre-el-10-y-35\/#article","isPartOf":{"@id":"https:\/\/www.santafevalores.com\/index.php\/2022\/11\/22\/el-triunfo-de-ecuador-sobre-qatar-un-balsamo-para-el-sector-comercial-que-crecio-en-ventas-entre-el-10-y-35\/"},"author":{"name":"admin","@id":"https:\/\/www.santafevalores.com\/#\/schema\/person\/d965a42370507d0a1638e69158bb5835"},"headline":"El triunfo de Ecuador sobre Qatar, un b\u00e1lsamo para el sector comercial que creci\u00f3 en ventas entre el 10% y 35%","datePublished":"2022-11-22T19:49:40+00:00","mainEntityOfPage":{"@id":"https:\/\/www.santafevalores.com\/index.php\/2022\/11\/22\/el-triunfo-de-ecuador-sobre-qatar-un-balsamo-para-el-sector-comercial-que-crecio-en-ventas-entre-el-10-y-35\/"},"wordCount":611,"commentCount":0,"publisher":{"@id":"https:\/\/www.santafevalores.com\/#organization"},"image":{"@id":"https:\/\/www.santafevalores.com\/index.php\/2022\/11\/22\/el-triunfo-de-ecuador-sobre-qatar-un-balsamo-para-el-sector-comercial-que-crecio-en-ventas-entre-el-10-y-35\/#primaryimage"},"thumbnailUrl":"https:\/\/www.santafevalores.com\/wp-content\/uploads\/2022\/11\/FXQO7OYLJECRKN4OJDHKMTM2U.jpg","inLanguage":"es","potentialAction":[{"@type":"CommentAction","name":"Comment","target":["https:\/\/www.santafevalores.com\/index.php\/2022\/11\/22\/el-triunfo-de-ecuador-sobre-qatar-un-balsamo-para-el-sector-comercial-que-crecio-en-ventas-entre-el-10-y-35\/#respond"]}]},{"@type":"WebPage","@id":"https:\/\/www.santafevalores.com\/index.php\/2022\/11\/22\/el-triunfo-de-ecuador-sobre-qatar-un-balsamo-para-el-sector-comercial-que-crecio-en-ventas-entre-el-10-y-35\/","url":"https:\/\/www.santafevalores.com\/index.php\/2022\/11\/22\/el-triunfo-de-ecuador-sobre-qatar-un-balsamo-para-el-sector-comercial-que-crecio-en-ventas-entre-el-10-y-35\/","name":"El triunfo de Ecuador sobre Qatar, un b\u00e1lsamo para el sector comercial que creci\u00f3 en ventas entre el 10% y 35% - Santa Fe Casa de Valores S.A.","isPartOf":{"@id":"https:\/\/www.santafevalores.com\/#website"},"primaryImageOfPage":{"@id":"https:\/\/www.santafevalores.com\/index.php\/2022\/11\/22\/el-triunfo-de-ecuador-sobre-qatar-un-balsamo-para-el-sector-comercial-que-crecio-en-ventas-entre-el-10-y-35\/#primaryimage"},"image":{"@id":"https:\/\/www.santafevalores.com\/index.php\/2022\/11\/22\/el-triunfo-de-ecuador-sobre-qatar-un-balsamo-para-el-sector-comercial-que-crecio-en-ventas-entre-el-10-y-35\/#primaryimage"},"thumbnailUrl":"https:\/\/www.santafevalores.com\/wp-content\/uploads\/2022\/11\/FXQO7OYLJECRKN4OJDHKMTM2U.jpg","datePublished":"2022-11-22T19:49:40+00:00","breadcrumb":{"@id":"https:\/\/www.santafevalores.com\/index.php\/2022\/11\/22\/el-triunfo-de-ecuador-sobre-qatar-un-balsamo-para-el-sector-comercial-que-crecio-en-ventas-entre-el-10-y-35\/#breadcrumb"},"inLanguage":"es","potentialAction":[{"@type":"ReadAction","target":["https:\/\/www.santafevalores.com\/index.php\/2022\/11\/22\/el-triunfo-de-ecuador-sobre-qatar-un-balsamo-para-el-sector-comercial-que-crecio-en-ventas-entre-el-10-y-35\/"]}]},{"@type":"ImageObject","inLanguage":"es","@id":"https:\/\/www.santafevalores.com\/index.php\/2022\/11\/22\/el-triunfo-de-ecuador-sobre-qatar-un-balsamo-para-el-sector-comercial-que-crecio-en-ventas-entre-el-10-y-35\/#primaryimage","url":"https:\/\/www.santafevalores.com\/wp-content\/uploads\/2022\/11\/FXQO7OYLJECRKN4OJDHKMTM2U.jpg","contentUrl":"https:\/\/www.santafevalores.com\/wp-content\/uploads\/2022\/11\/FXQO7OYLJECRKN4OJDHKMTM2U.jpg","width":893,"height":670},{"@type":"BreadcrumbList","@id":"https:\/\/www.santafevalores.com\/index.php\/2022\/11\/22\/el-triunfo-de-ecuador-sobre-qatar-un-balsamo-para-el-sector-comercial-que-crecio-en-ventas-entre-el-10-y-35\/#breadcrumb","itemListElement":[{"@type":"ListItem","position":1,"name":"Portada","item":"https:\/\/www.santafevalores.com\/"},{"@type":"ListItem","position":2,"name":"El triunfo de Ecuador sobre Qatar, un b\u00e1lsamo para el sector comercial que creci\u00f3 en ventas entre el 10% y 35%"}]},{"@type":"WebSite","@id":"https:\/\/www.santafevalores.com\/#website","url":"https:\/\/www.santafevalores.com\/","name":"Santa Fe Casa de Valores S.A.","description":"","publisher":{"@id":"https:\/\/www.santafevalores.com\/#organization"},"potentialAction":[{"@type":"SearchAction","target":{"@type":"EntryPoint","urlTemplate":"https:\/\/www.santafevalores.com\/?s={search_term_string}"},"query-input":{"@type":"PropertyValueSpecification","valueRequired":true,"valueName":"search_term_string"}}],"inLanguage":"es"},{"@type":"Organization","@id":"https:\/\/www.santafevalores.com\/#organization","name":"Santa Fe Casa de Valores S.A.","alternateName":"SANTAFEVALORES","url":"https:\/\/www.santafevalores.com\/","logo":{"@type":"ImageObject","inLanguage":"es","@id":"https:\/\/www.santafevalores.com\/#\/schema\/logo\/image\/","url":"https:\/\/www.santafevalores.com\/wp-content\/uploads\/2022\/06\/logo1.png","contentUrl":"https:\/\/www.santafevalores.com\/wp-content\/uploads\/2022\/06\/logo1.png","width":235,"height":71,"caption":"Santa Fe Casa de Valores S.A."},"image":{"@id":"https:\/\/www.santafevalores.com\/#\/schema\/logo\/image\/"},"sameAs":["https:\/\/www.facebook.com\/santafevalores\/","https:\/\/x.com\/SantaFeValores"]},{"@type":"Person","@id":"https:\/\/www.santafevalores.com\/#\/schema\/person\/d965a42370507d0a1638e69158bb5835","name":"admin","image":{"@type":"ImageObject","inLanguage":"es","@id":"https:\/\/secure.gravatar.com\/avatar\/97ec7f9eb6068ddac59d3806ca0034c167fce748f524adcfad8629911220756f?s=96&d=mm&r=g","url":"https:\/\/secure.gravatar.com\/avatar\/97ec7f9eb6068ddac59d3806ca0034c167fce748f524adcfad8629911220756f?s=96&d=mm&r=g","contentUrl":"https:\/\/secure.gravatar.com\/avatar\/97ec7f9eb6068ddac59d3806ca0034c167fce748f524adcfad8629911220756f?s=96&d=mm&r=g","caption":"admin"},"sameAs":["https:\/\/www.santafevalores.com"],"url":"https:\/\/www.santafevalores.com\/index.php\/author\/santafevaloresuio_ggv0vv79\/"}]}},"_links":{"self":[{"href":"https:\/\/www.santafevalores.com\/index.php\/wp-json\/wp\/v2\/posts\/66345","targetHints":{"allow":["GET"]}}],"collection":[{"href":"https:\/\/www.santafevalores.com\/index.php\/wp-json\/wp\/v2\/posts"}],"about":[{"href":"https:\/\/www.santafevalores.com\/index.php\/wp-json\/wp\/v2\/types\/post"}],"author":[{"embeddable":true,"href":"https:\/\/www.santafevalores.com\/index.php\/wp-json\/wp\/v2\/users\/1"}],"replies":[{"embeddable":true,"href":"https:\/\/www.santafevalores.com\/index.php\/wp-json\/wp\/v2\/comments?post=66345"}],"version-history":[{"count":0,"href":"https:\/\/www.santafevalores.com\/index.php\/wp-json\/wp\/v2\/posts\/66345\/revisions"}],"wp:featuredmedia":[{"embeddable":true,"href":"https:\/\/www.santafevalores.com\/index.php\/wp-json\/wp\/v2\/media\/66347"}],"wp:attachment":[{"href":"https:\/\/www.santafevalores.com\/index.php\/wp-json\/wp\/v2\/media?parent=66345"}],"wp:term":[{"taxonomy":"category","embeddable":true,"href":"https:\/\/www.santafevalores.com\/index.php\/wp-json\/wp\/v2\/categories?post=66345"},{"taxonomy":"post_tag","embeddable":true,"href":"https:\/\/www.santafevalores.com\/index.php\/wp-json\/wp\/v2\/tags?post=66345"}],"curies":[{"name":"wp","href":"https:\/\/api.w.org\/{rel}","templated":true}]}}