{"id":66678,"date":"2023-01-17T15:51:07","date_gmt":"2023-01-17T20:51:07","guid":{"rendered":"https:\/\/www3.santafevalores.com\/?p=66678"},"modified":"2023-01-17T15:58:21","modified_gmt":"2023-01-17T20:58:21","slug":"iess-cuantos-anos-debo-aportar-para-jubilarme-en-ecuador","status":"publish","type":"post","link":"https:\/\/www.santafevalores.com\/index.php\/2023\/01\/17\/iess-cuantos-anos-debo-aportar-para-jubilarme-en-ecuador\/","title":{"rendered":"IESS: \u00bfCu\u00e1ntos a\u00f1os debo aportar para jubilarme en Ecuador?"},"content":{"rendered":"\t\t<div data-elementor-type=\"wp-post\" data-elementor-id=\"66678\" class=\"elementor elementor-66678\" data-elementor-post-type=\"post\">\n\t\t\t\t\t\t<section class=\"elementor-section elementor-top-section elementor-element elementor-element-d4e44d7 elementor-section-boxed elementor-section-height-default elementor-section-height-default\" data-id=\"d4e44d7\" data-element_type=\"section\" data-e-type=\"section\">\n\t\t\t\t\t\t<div class=\"elementor-container elementor-column-gap-default\">\n\t\t\t\t\t<div class=\"elementor-column elementor-col-100 elementor-top-column elementor-element elementor-element-25f476d\" data-id=\"25f476d\" data-element_type=\"column\" data-e-type=\"column\">\n\t\t\t<div class=\"elementor-widget-wrap elementor-element-populated\">\n\t\t\t\t\t\t<div class=\"elementor-element elementor-element-0922b38 elementor-widget elementor-widget-image\" data-id=\"0922b38\" data-element_type=\"widget\" data-e-type=\"widget\" data-widget_type=\"image.default\">\n\t\t\t\t<div class=\"elementor-widget-container\">\n\t\t\t\t\t\t\t\t\t\t\t\t\t\t\t<img fetchpriority=\"high\" decoding=\"async\" width=\"1024\" height=\"546\" src=\"https:\/\/www.santafevalores.com\/wp-content\/uploads\/2023\/01\/V4B37CG6GNHZ7NHDVKX4WFWCVI-1024x546.jpg\" class=\"attachment-large size-large wp-image-66680\" alt=\"\" srcset=\"https:\/\/www.santafevalores.com\/wp-content\/uploads\/2023\/01\/V4B37CG6GNHZ7NHDVKX4WFWCVI-1024x546.jpg 1024w, https:\/\/www.santafevalores.com\/wp-content\/uploads\/2023\/01\/V4B37CG6GNHZ7NHDVKX4WFWCVI-300x160.jpg 300w, https:\/\/www.santafevalores.com\/wp-content\/uploads\/2023\/01\/V4B37CG6GNHZ7NHDVKX4WFWCVI-768x409.jpg 768w, https:\/\/www.santafevalores.com\/wp-content\/uploads\/2023\/01\/V4B37CG6GNHZ7NHDVKX4WFWCVI.jpg 1257w\" sizes=\"(max-width: 1024px) 100vw, 1024px\" \/>\t\t\t\t\t\t\t\t\t\t\t\t\t\t\t<\/div>\n\t\t\t\t<\/div>\n\t\t\t\t\t<\/div>\n\t\t<\/div>\n\t\t\t\t\t<\/div>\n\t\t<\/section>\n\t\t\t\t<section class=\"elementor-section elementor-top-section elementor-element elementor-element-30366d3 elementor-section-boxed elementor-section-height-default elementor-section-height-default\" data-id=\"30366d3\" data-element_type=\"section\" data-e-type=\"section\">\n\t\t\t\t\t\t<div class=\"elementor-container elementor-column-gap-default\">\n\t\t\t\t\t<div class=\"elementor-column elementor-col-100 elementor-top-column elementor-element elementor-element-3460827\" data-id=\"3460827\" data-element_type=\"column\" data-e-type=\"column\">\n\t\t\t<div class=\"elementor-widget-wrap elementor-element-populated\">\n\t\t\t\t\t\t<div class=\"elementor-element elementor-element-06ccbbd elementor-widget elementor-widget-text-editor\" data-id=\"06ccbbd\" data-element_type=\"widget\" data-e-type=\"widget\" data-widget_type=\"text-editor.default\">\n\t\t\t\t<div class=\"elementor-widget-container\">\n\t\t\t\t\t\t\t\t\t<p>De acuerdo a la edad y a\u00f1os de aportaci\u00f3n una persona puede optar.<\/p><p>Hay dos v\u00edas por las que una persona que aporta al Instituto Ecuatoriano de Seguridad Social (IESS) puede optar por jubilarse.<\/p><p>Una de ellas es si por una invalidez, que implica que un afiliado que tiene una enfermedad cr\u00f3nica, que haya sido diagnosticada y que haya recibido tratamiento por m\u00e1s de seis meses sin respuesta terap\u00e9utica o que haya dejado secuelas permanentes. Ante esto es necesario contar con un tiempo de cotizaci\u00f3n m\u00ednimo en el Seguro. <br \/>En cambio, para personas con alguna discapacidad igual o mayor al 30% puede jubilarse si cumple con una de las condiciones: para cualquier tipo de discapacidad es necesario tener 300 imposiciones o si tiene discapacidad intelectual es necesario contar con 240.<br \/>Otra de las formas para jubilarse es optar por una pensi\u00f3n que se solicita por vejez. De igual manera en este caso es necesario tener un m\u00ednimo de imposiciones y edad. Es as\u00ed que para poder solicitarla deber\u00e1 tener:<\/p><p>480 imposiciones o m\u00e1s sin l\u00edmite de edad.<br \/>360 imposiciones o m\u00e1s y cumplir 60 a\u00f1os o m\u00e1s.<br \/>180 imposiciones o m\u00e1s y cumplir 65 a\u00f1os o m\u00e1s.<br \/>120 imposiciones o m\u00e1s y cumplir 70 a\u00f1os o m\u00e1s. (I)<\/p>\t\t\t\t\t\t\t\t<\/div>\n\t\t\t\t<\/div>\n\t\t\t\t\t<\/div>\n\t\t<\/div>\n\t\t\t\t\t<\/div>\n\t\t<\/section>\n\t\t\t\t<section class=\"elementor-section elementor-top-section elementor-element elementor-element-a0242d1 elementor-section-boxed elementor-section-height-default elementor-section-height-default\" data-id=\"a0242d1\" data-element_type=\"section\" data-e-type=\"section\">\n\t\t\t\t\t\t<div class=\"elementor-container elementor-column-gap-default\">\n\t\t\t\t\t<div class=\"elementor-column elementor-col-100 elementor-top-column elementor-element elementor-element-45fa4ed\" data-id=\"45fa4ed\" data-element_type=\"column\" data-e-type=\"column\">\n\t\t\t<div class=\"elementor-widget-wrap elementor-element-populated\">\n\t\t\t\t\t\t<div class=\"elementor-element elementor-element-134fe7e elementor-headline--style-highlight elementor-widget elementor-widget-animated-headline\" data-id=\"134fe7e\" data-element_type=\"widget\" data-e-type=\"widget\" data-settings=\"{&quot;highlighted_text&quot;:&quot;reporta El Universo&quot;,&quot;headline_style&quot;:&quot;highlight&quot;,&quot;marker&quot;:&quot;circle&quot;,&quot;loop&quot;:&quot;yes&quot;,&quot;highlight_animation_duration&quot;:1200,&quot;highlight_iteration_delay&quot;:8000}\" data-widget_type=\"animated-headline.default\">\n\t\t\t\t<div class=\"elementor-widget-container\">\n\t\t\t\t\t\t\t\t<a href=\"https:\/\/www.eluniverso.com\/noticias\/economia\/iess-cuantos-anos-debo-aportar-para-jubilarme-en-ecuador-nota\/\" target=\"_blank\">\n\n\t\t\t\t\t<p class=\"elementor-headline\">\n\t\t\t\t\t<span class=\"elementor-headline-plain-text elementor-headline-text-wrapper\">Fuente:<\/span>\n\t\t\t\t<span class=\"elementor-headline-dynamic-wrapper elementor-headline-text-wrapper\">\n\t\t\t\t\t<span class=\"elementor-headline-dynamic-text elementor-headline-text-active\">reporta El Universo<\/span>\n\t\t\t\t<\/span>\n\t\t\t\t<\/p>\n\t\t<\/a>\t\t\t\t<\/div>\n\t\t\t\t<\/div>\n\t\t\t\t\t<\/div>\n\t\t<\/div>\n\t\t\t\t\t<\/div>\n\t\t<\/section>\n\t\t\t\t<\/div>\n\t\t","protected":false},"excerpt":{"rendered":"<p>De acuerdo a la edad y a\u00f1os de aportaci\u00f3n una persona puede optar. Hay dos v\u00edas por las que una persona que aporta al Instituto Ecuatoriano de Seguridad Social (IESS) puede optar por jubilarse. Una de ellas es si por una invalidez, que implica que un afiliado que tiene una enfermedad cr\u00f3nica, que haya sido&hellip;<\/p>\n","protected":false},"author":1,"featured_media":66680,"comment_status":"open","ping_status":"closed","sticky":false,"template":"","format":"standard","meta":{"content-type":"","_joinchat":[],"footnotes":""},"categories":[1],"tags":[],"class_list":["post-66678","post","type-post","status-publish","format-standard","has-post-thumbnail","hentry","category-uncategorized"],"yoast_head":"<!-- This site is optimized with the Yoast SEO plugin v27.5 - https:\/\/yoast.com\/product\/yoast-seo-wordpress\/ -->\n<title>IESS: \u00bfCu\u00e1ntos a\u00f1os debo aportar para jubilarme en Ecuador? - Santa Fe Casa de Valores S.A.<\/title>\n<meta name=\"robots\" content=\"index, follow, max-snippet:-1, max-image-preview:large, max-video-preview:-1\" \/>\n<link rel=\"canonical\" href=\"https:\/\/www.santafevalores.com\/index.php\/2023\/01\/17\/iess-cuantos-anos-debo-aportar-para-jubilarme-en-ecuador\/\" \/>\n<meta property=\"og:locale\" content=\"es_ES\" \/>\n<meta property=\"og:type\" content=\"article\" \/>\n<meta property=\"og:title\" content=\"IESS: \u00bfCu\u00e1ntos a\u00f1os debo aportar para jubilarme en Ecuador? - Santa Fe Casa de Valores S.A.\" \/>\n<meta property=\"og:description\" content=\"De acuerdo a la edad y a\u00f1os de aportaci\u00f3n una persona puede optar. Hay dos v\u00edas por las que una persona que aporta al Instituto Ecuatoriano de Seguridad Social (IESS) puede optar por jubilarse. Una de ellas es si por una invalidez, que implica que un afiliado que tiene una enfermedad cr\u00f3nica, que haya sido&hellip;\" \/>\n<meta property=\"og:url\" content=\"https:\/\/www.santafevalores.com\/index.php\/2023\/01\/17\/iess-cuantos-anos-debo-aportar-para-jubilarme-en-ecuador\/\" \/>\n<meta property=\"og:site_name\" content=\"Santa Fe Casa de Valores S.A.\" \/>\n<meta property=\"article:publisher\" content=\"https:\/\/www.facebook.com\/santafevalores\/\" \/>\n<meta property=\"article:published_time\" content=\"2023-01-17T20:51:07+00:00\" \/>\n<meta property=\"article:modified_time\" content=\"2023-01-17T20:58:21+00:00\" \/>\n<meta property=\"og:image\" content=\"https:\/\/www.santafevalores.com\/wp-content\/uploads\/2023\/01\/V4B37CG6GNHZ7NHDVKX4WFWCVI.jpg\" \/>\n\t<meta property=\"og:image:width\" content=\"1257\" \/>\n\t<meta property=\"og:image:height\" content=\"670\" \/>\n\t<meta property=\"og:image:type\" content=\"image\/jpeg\" \/>\n<meta name=\"author\" content=\"admin\" \/>\n<meta name=\"twitter:card\" content=\"summary_large_image\" \/>\n<meta name=\"twitter:creator\" content=\"@SantaFeValores\" \/>\n<meta name=\"twitter:site\" content=\"@SantaFeValores\" \/>\n<meta name=\"twitter:label1\" content=\"Escrito por\" \/>\n\t<meta name=\"twitter:data1\" content=\"admin\" \/>\n\t<meta name=\"twitter:label2\" content=\"Tiempo de lectura\" \/>\n\t<meta name=\"twitter:data2\" content=\"2 minutos\" \/>\n<script type=\"application\/ld+json\" class=\"yoast-schema-graph\">{\"@context\":\"https:\\\/\\\/schema.org\",\"@graph\":[{\"@type\":\"Article\",\"@id\":\"https:\\\/\\\/www.santafevalores.com\\\/index.php\\\/2023\\\/01\\\/17\\\/iess-cuantos-anos-debo-aportar-para-jubilarme-en-ecuador\\\/#article\",\"isPartOf\":{\"@id\":\"https:\\\/\\\/www.santafevalores.com\\\/index.php\\\/2023\\\/01\\\/17\\\/iess-cuantos-anos-debo-aportar-para-jubilarme-en-ecuador\\\/\"},\"author\":{\"name\":\"admin\",\"@id\":\"https:\\\/\\\/www.santafevalores.com\\\/#\\\/schema\\\/person\\\/d965a42370507d0a1638e69158bb5835\"},\"headline\":\"IESS: \u00bfCu\u00e1ntos a\u00f1os debo aportar para jubilarme en Ecuador?\",\"datePublished\":\"2023-01-17T20:51:07+00:00\",\"dateModified\":\"2023-01-17T20:58:21+00:00\",\"mainEntityOfPage\":{\"@id\":\"https:\\\/\\\/www.santafevalores.com\\\/index.php\\\/2023\\\/01\\\/17\\\/iess-cuantos-anos-debo-aportar-para-jubilarme-en-ecuador\\\/\"},\"wordCount\":234,\"commentCount\":0,\"publisher\":{\"@id\":\"https:\\\/\\\/www.santafevalores.com\\\/#organization\"},\"image\":{\"@id\":\"https:\\\/\\\/www.santafevalores.com\\\/index.php\\\/2023\\\/01\\\/17\\\/iess-cuantos-anos-debo-aportar-para-jubilarme-en-ecuador\\\/#primaryimage\"},\"thumbnailUrl\":\"https:\\\/\\\/www.santafevalores.com\\\/wp-content\\\/uploads\\\/2023\\\/01\\\/V4B37CG6GNHZ7NHDVKX4WFWCVI.jpg\",\"articleSection\":[\"Uncategorized\"],\"inLanguage\":\"es\",\"potentialAction\":[{\"@type\":\"CommentAction\",\"name\":\"Comment\",\"target\":[\"https:\\\/\\\/www.santafevalores.com\\\/index.php\\\/2023\\\/01\\\/17\\\/iess-cuantos-anos-debo-aportar-para-jubilarme-en-ecuador\\\/#respond\"]}]},{\"@type\":\"WebPage\",\"@id\":\"https:\\\/\\\/www.santafevalores.com\\\/index.php\\\/2023\\\/01\\\/17\\\/iess-cuantos-anos-debo-aportar-para-jubilarme-en-ecuador\\\/\",\"url\":\"https:\\\/\\\/www.santafevalores.com\\\/index.php\\\/2023\\\/01\\\/17\\\/iess-cuantos-anos-debo-aportar-para-jubilarme-en-ecuador\\\/\",\"name\":\"IESS: \u00bfCu\u00e1ntos a\u00f1os debo aportar para jubilarme en Ecuador? - Santa Fe Casa de Valores S.A.\",\"isPartOf\":{\"@id\":\"https:\\\/\\\/www.santafevalores.com\\\/#website\"},\"primaryImageOfPage\":{\"@id\":\"https:\\\/\\\/www.santafevalores.com\\\/index.php\\\/2023\\\/01\\\/17\\\/iess-cuantos-anos-debo-aportar-para-jubilarme-en-ecuador\\\/#primaryimage\"},\"image\":{\"@id\":\"https:\\\/\\\/www.santafevalores.com\\\/index.php\\\/2023\\\/01\\\/17\\\/iess-cuantos-anos-debo-aportar-para-jubilarme-en-ecuador\\\/#primaryimage\"},\"thumbnailUrl\":\"https:\\\/\\\/www.santafevalores.com\\\/wp-content\\\/uploads\\\/2023\\\/01\\\/V4B37CG6GNHZ7NHDVKX4WFWCVI.jpg\",\"datePublished\":\"2023-01-17T20:51:07+00:00\",\"dateModified\":\"2023-01-17T20:58:21+00:00\",\"breadcrumb\":{\"@id\":\"https:\\\/\\\/www.santafevalores.com\\\/index.php\\\/2023\\\/01\\\/17\\\/iess-cuantos-anos-debo-aportar-para-jubilarme-en-ecuador\\\/#breadcrumb\"},\"inLanguage\":\"es\",\"potentialAction\":[{\"@type\":\"ReadAction\",\"target\":[\"https:\\\/\\\/www.santafevalores.com\\\/index.php\\\/2023\\\/01\\\/17\\\/iess-cuantos-anos-debo-aportar-para-jubilarme-en-ecuador\\\/\"]}]},{\"@type\":\"ImageObject\",\"inLanguage\":\"es\",\"@id\":\"https:\\\/\\\/www.santafevalores.com\\\/index.php\\\/2023\\\/01\\\/17\\\/iess-cuantos-anos-debo-aportar-para-jubilarme-en-ecuador\\\/#primaryimage\",\"url\":\"https:\\\/\\\/www.santafevalores.com\\\/wp-content\\\/uploads\\\/2023\\\/01\\\/V4B37CG6GNHZ7NHDVKX4WFWCVI.jpg\",\"contentUrl\":\"https:\\\/\\\/www.santafevalores.com\\\/wp-content\\\/uploads\\\/2023\\\/01\\\/V4B37CG6GNHZ7NHDVKX4WFWCVI.jpg\",\"width\":1257,\"height\":670},{\"@type\":\"BreadcrumbList\",\"@id\":\"https:\\\/\\\/www.santafevalores.com\\\/index.php\\\/2023\\\/01\\\/17\\\/iess-cuantos-anos-debo-aportar-para-jubilarme-en-ecuador\\\/#breadcrumb\",\"itemListElement\":[{\"@type\":\"ListItem\",\"position\":1,\"name\":\"Portada\",\"item\":\"https:\\\/\\\/www.santafevalores.com\\\/\"},{\"@type\":\"ListItem\",\"position\":2,\"name\":\"IESS: \u00bfCu\u00e1ntos a\u00f1os debo aportar para jubilarme en Ecuador?\"}]},{\"@type\":\"WebSite\",\"@id\":\"https:\\\/\\\/www.santafevalores.com\\\/#website\",\"url\":\"https:\\\/\\\/www.santafevalores.com\\\/\",\"name\":\"Santa Fe Casa de Valores S.A.\",\"description\":\"\",\"publisher\":{\"@id\":\"https:\\\/\\\/www.santafevalores.com\\\/#organization\"},\"potentialAction\":[{\"@type\":\"SearchAction\",\"target\":{\"@type\":\"EntryPoint\",\"urlTemplate\":\"https:\\\/\\\/www.santafevalores.com\\\/?s={search_term_string}\"},\"query-input\":{\"@type\":\"PropertyValueSpecification\",\"valueRequired\":true,\"valueName\":\"search_term_string\"}}],\"inLanguage\":\"es\"},{\"@type\":\"Organization\",\"@id\":\"https:\\\/\\\/www.santafevalores.com\\\/#organization\",\"name\":\"Santa Fe Casa de Valores S.A.\",\"alternateName\":\"SANTAFEVALORES\",\"url\":\"https:\\\/\\\/www.santafevalores.com\\\/\",\"logo\":{\"@type\":\"ImageObject\",\"inLanguage\":\"es\",\"@id\":\"https:\\\/\\\/www.santafevalores.com\\\/#\\\/schema\\\/logo\\\/image\\\/\",\"url\":\"https:\\\/\\\/www.santafevalores.com\\\/wp-content\\\/uploads\\\/2022\\\/06\\\/logo1.png\",\"contentUrl\":\"https:\\\/\\\/www.santafevalores.com\\\/wp-content\\\/uploads\\\/2022\\\/06\\\/logo1.png\",\"width\":235,\"height\":71,\"caption\":\"Santa Fe Casa de Valores S.A.\"},\"image\":{\"@id\":\"https:\\\/\\\/www.santafevalores.com\\\/#\\\/schema\\\/logo\\\/image\\\/\"},\"sameAs\":[\"https:\\\/\\\/www.facebook.com\\\/santafevalores\\\/\",\"https:\\\/\\\/x.com\\\/SantaFeValores\"]},{\"@type\":\"Person\",\"@id\":\"https:\\\/\\\/www.santafevalores.com\\\/#\\\/schema\\\/person\\\/d965a42370507d0a1638e69158bb5835\",\"name\":\"admin\",\"image\":{\"@type\":\"ImageObject\",\"inLanguage\":\"es\",\"@id\":\"https:\\\/\\\/secure.gravatar.com\\\/avatar\\\/97ec7f9eb6068ddac59d3806ca0034c167fce748f524adcfad8629911220756f?s=96&d=mm&r=g\",\"url\":\"https:\\\/\\\/secure.gravatar.com\\\/avatar\\\/97ec7f9eb6068ddac59d3806ca0034c167fce748f524adcfad8629911220756f?s=96&d=mm&r=g\",\"contentUrl\":\"https:\\\/\\\/secure.gravatar.com\\\/avatar\\\/97ec7f9eb6068ddac59d3806ca0034c167fce748f524adcfad8629911220756f?s=96&d=mm&r=g\",\"caption\":\"admin\"},\"sameAs\":[\"https:\\\/\\\/www.santafevalores.com\"],\"url\":\"https:\\\/\\\/www.santafevalores.com\\\/index.php\\\/author\\\/santafevaloresuio_ggv0vv79\\\/\"}]}<\/script>\n<!-- \/ Yoast SEO plugin. -->","yoast_head_json":{"title":"IESS: \u00bfCu\u00e1ntos a\u00f1os debo aportar para jubilarme en Ecuador? - Santa Fe Casa de Valores S.A.","robots":{"index":"index","follow":"follow","max-snippet":"max-snippet:-1","max-image-preview":"max-image-preview:large","max-video-preview":"max-video-preview:-1"},"canonical":"https:\/\/www.santafevalores.com\/index.php\/2023\/01\/17\/iess-cuantos-anos-debo-aportar-para-jubilarme-en-ecuador\/","og_locale":"es_ES","og_type":"article","og_title":"IESS: \u00bfCu\u00e1ntos a\u00f1os debo aportar para jubilarme en Ecuador? - Santa Fe Casa de Valores S.A.","og_description":"De acuerdo a la edad y a\u00f1os de aportaci\u00f3n una persona puede optar. Hay dos v\u00edas por las que una persona que aporta al Instituto Ecuatoriano de Seguridad Social (IESS) puede optar por jubilarse. Una de ellas es si por una invalidez, que implica que un afiliado que tiene una enfermedad cr\u00f3nica, que haya sido&hellip;","og_url":"https:\/\/www.santafevalores.com\/index.php\/2023\/01\/17\/iess-cuantos-anos-debo-aportar-para-jubilarme-en-ecuador\/","og_site_name":"Santa Fe Casa de Valores S.A.","article_publisher":"https:\/\/www.facebook.com\/santafevalores\/","article_published_time":"2023-01-17T20:51:07+00:00","article_modified_time":"2023-01-17T20:58:21+00:00","og_image":[{"width":1257,"height":670,"url":"https:\/\/www.santafevalores.com\/wp-content\/uploads\/2023\/01\/V4B37CG6GNHZ7NHDVKX4WFWCVI.jpg","type":"image\/jpeg"}],"author":"admin","twitter_card":"summary_large_image","twitter_creator":"@SantaFeValores","twitter_site":"@SantaFeValores","twitter_misc":{"Escrito por":"admin","Tiempo de lectura":"2 minutos"},"schema":{"@context":"https:\/\/schema.org","@graph":[{"@type":"Article","@id":"https:\/\/www.santafevalores.com\/index.php\/2023\/01\/17\/iess-cuantos-anos-debo-aportar-para-jubilarme-en-ecuador\/#article","isPartOf":{"@id":"https:\/\/www.santafevalores.com\/index.php\/2023\/01\/17\/iess-cuantos-anos-debo-aportar-para-jubilarme-en-ecuador\/"},"author":{"name":"admin","@id":"https:\/\/www.santafevalores.com\/#\/schema\/person\/d965a42370507d0a1638e69158bb5835"},"headline":"IESS: \u00bfCu\u00e1ntos a\u00f1os debo aportar para jubilarme en Ecuador?","datePublished":"2023-01-17T20:51:07+00:00","dateModified":"2023-01-17T20:58:21+00:00","mainEntityOfPage":{"@id":"https:\/\/www.santafevalores.com\/index.php\/2023\/01\/17\/iess-cuantos-anos-debo-aportar-para-jubilarme-en-ecuador\/"},"wordCount":234,"commentCount":0,"publisher":{"@id":"https:\/\/www.santafevalores.com\/#organization"},"image":{"@id":"https:\/\/www.santafevalores.com\/index.php\/2023\/01\/17\/iess-cuantos-anos-debo-aportar-para-jubilarme-en-ecuador\/#primaryimage"},"thumbnailUrl":"https:\/\/www.santafevalores.com\/wp-content\/uploads\/2023\/01\/V4B37CG6GNHZ7NHDVKX4WFWCVI.jpg","articleSection":["Uncategorized"],"inLanguage":"es","potentialAction":[{"@type":"CommentAction","name":"Comment","target":["https:\/\/www.santafevalores.com\/index.php\/2023\/01\/17\/iess-cuantos-anos-debo-aportar-para-jubilarme-en-ecuador\/#respond"]}]},{"@type":"WebPage","@id":"https:\/\/www.santafevalores.com\/index.php\/2023\/01\/17\/iess-cuantos-anos-debo-aportar-para-jubilarme-en-ecuador\/","url":"https:\/\/www.santafevalores.com\/index.php\/2023\/01\/17\/iess-cuantos-anos-debo-aportar-para-jubilarme-en-ecuador\/","name":"IESS: \u00bfCu\u00e1ntos a\u00f1os debo aportar para jubilarme en Ecuador? - Santa Fe Casa de Valores S.A.","isPartOf":{"@id":"https:\/\/www.santafevalores.com\/#website"},"primaryImageOfPage":{"@id":"https:\/\/www.santafevalores.com\/index.php\/2023\/01\/17\/iess-cuantos-anos-debo-aportar-para-jubilarme-en-ecuador\/#primaryimage"},"image":{"@id":"https:\/\/www.santafevalores.com\/index.php\/2023\/01\/17\/iess-cuantos-anos-debo-aportar-para-jubilarme-en-ecuador\/#primaryimage"},"thumbnailUrl":"https:\/\/www.santafevalores.com\/wp-content\/uploads\/2023\/01\/V4B37CG6GNHZ7NHDVKX4WFWCVI.jpg","datePublished":"2023-01-17T20:51:07+00:00","dateModified":"2023-01-17T20:58:21+00:00","breadcrumb":{"@id":"https:\/\/www.santafevalores.com\/index.php\/2023\/01\/17\/iess-cuantos-anos-debo-aportar-para-jubilarme-en-ecuador\/#breadcrumb"},"inLanguage":"es","potentialAction":[{"@type":"ReadAction","target":["https:\/\/www.santafevalores.com\/index.php\/2023\/01\/17\/iess-cuantos-anos-debo-aportar-para-jubilarme-en-ecuador\/"]}]},{"@type":"ImageObject","inLanguage":"es","@id":"https:\/\/www.santafevalores.com\/index.php\/2023\/01\/17\/iess-cuantos-anos-debo-aportar-para-jubilarme-en-ecuador\/#primaryimage","url":"https:\/\/www.santafevalores.com\/wp-content\/uploads\/2023\/01\/V4B37CG6GNHZ7NHDVKX4WFWCVI.jpg","contentUrl":"https:\/\/www.santafevalores.com\/wp-content\/uploads\/2023\/01\/V4B37CG6GNHZ7NHDVKX4WFWCVI.jpg","width":1257,"height":670},{"@type":"BreadcrumbList","@id":"https:\/\/www.santafevalores.com\/index.php\/2023\/01\/17\/iess-cuantos-anos-debo-aportar-para-jubilarme-en-ecuador\/#breadcrumb","itemListElement":[{"@type":"ListItem","position":1,"name":"Portada","item":"https:\/\/www.santafevalores.com\/"},{"@type":"ListItem","position":2,"name":"IESS: \u00bfCu\u00e1ntos a\u00f1os debo aportar para jubilarme en Ecuador?"}]},{"@type":"WebSite","@id":"https:\/\/www.santafevalores.com\/#website","url":"https:\/\/www.santafevalores.com\/","name":"Santa Fe Casa de Valores S.A.","description":"","publisher":{"@id":"https:\/\/www.santafevalores.com\/#organization"},"potentialAction":[{"@type":"SearchAction","target":{"@type":"EntryPoint","urlTemplate":"https:\/\/www.santafevalores.com\/?s={search_term_string}"},"query-input":{"@type":"PropertyValueSpecification","valueRequired":true,"valueName":"search_term_string"}}],"inLanguage":"es"},{"@type":"Organization","@id":"https:\/\/www.santafevalores.com\/#organization","name":"Santa Fe Casa de Valores S.A.","alternateName":"SANTAFEVALORES","url":"https:\/\/www.santafevalores.com\/","logo":{"@type":"ImageObject","inLanguage":"es","@id":"https:\/\/www.santafevalores.com\/#\/schema\/logo\/image\/","url":"https:\/\/www.santafevalores.com\/wp-content\/uploads\/2022\/06\/logo1.png","contentUrl":"https:\/\/www.santafevalores.com\/wp-content\/uploads\/2022\/06\/logo1.png","width":235,"height":71,"caption":"Santa Fe Casa de Valores S.A."},"image":{"@id":"https:\/\/www.santafevalores.com\/#\/schema\/logo\/image\/"},"sameAs":["https:\/\/www.facebook.com\/santafevalores\/","https:\/\/x.com\/SantaFeValores"]},{"@type":"Person","@id":"https:\/\/www.santafevalores.com\/#\/schema\/person\/d965a42370507d0a1638e69158bb5835","name":"admin","image":{"@type":"ImageObject","inLanguage":"es","@id":"https:\/\/secure.gravatar.com\/avatar\/97ec7f9eb6068ddac59d3806ca0034c167fce748f524adcfad8629911220756f?s=96&d=mm&r=g","url":"https:\/\/secure.gravatar.com\/avatar\/97ec7f9eb6068ddac59d3806ca0034c167fce748f524adcfad8629911220756f?s=96&d=mm&r=g","contentUrl":"https:\/\/secure.gravatar.com\/avatar\/97ec7f9eb6068ddac59d3806ca0034c167fce748f524adcfad8629911220756f?s=96&d=mm&r=g","caption":"admin"},"sameAs":["https:\/\/www.santafevalores.com"],"url":"https:\/\/www.santafevalores.com\/index.php\/author\/santafevaloresuio_ggv0vv79\/"}]}},"_links":{"self":[{"href":"https:\/\/www.santafevalores.com\/index.php\/wp-json\/wp\/v2\/posts\/66678","targetHints":{"allow":["GET"]}}],"collection":[{"href":"https:\/\/www.santafevalores.com\/index.php\/wp-json\/wp\/v2\/posts"}],"about":[{"href":"https:\/\/www.santafevalores.com\/index.php\/wp-json\/wp\/v2\/types\/post"}],"author":[{"embeddable":true,"href":"https:\/\/www.santafevalores.com\/index.php\/wp-json\/wp\/v2\/users\/1"}],"replies":[{"embeddable":true,"href":"https:\/\/www.santafevalores.com\/index.php\/wp-json\/wp\/v2\/comments?post=66678"}],"version-history":[{"count":6,"href":"https:\/\/www.santafevalores.com\/index.php\/wp-json\/wp\/v2\/posts\/66678\/revisions"}],"predecessor-version":[{"id":66759,"href":"https:\/\/www.santafevalores.com\/index.php\/wp-json\/wp\/v2\/posts\/66678\/revisions\/66759"}],"wp:featuredmedia":[{"embeddable":true,"href":"https:\/\/www.santafevalores.com\/index.php\/wp-json\/wp\/v2\/media\/66680"}],"wp:attachment":[{"href":"https:\/\/www.santafevalores.com\/index.php\/wp-json\/wp\/v2\/media?parent=66678"}],"wp:term":[{"taxonomy":"category","embeddable":true,"href":"https:\/\/www.santafevalores.com\/index.php\/wp-json\/wp\/v2\/categories?post=66678"},{"taxonomy":"post_tag","embeddable":true,"href":"https:\/\/www.santafevalores.com\/index.php\/wp-json\/wp\/v2\/tags?post=66678"}],"curies":[{"name":"wp","href":"https:\/\/api.w.org\/{rel}","templated":true}]}}