{"id":66837,"date":"2023-01-26T13:29:30","date_gmt":"2023-01-26T18:29:30","guid":{"rendered":"https:\/\/www.santafevalores.com\/?p=66837"},"modified":"2023-01-26T15:24:57","modified_gmt":"2023-01-26T20:24:57","slug":"la-pobreza-en-ecuador-bajo-pero-aun-se-situa-por-encima-del-nivel-pre-pandemia","status":"publish","type":"post","link":"https:\/\/www.santafevalores.com\/index.php\/2023\/01\/26\/la-pobreza-en-ecuador-bajo-pero-aun-se-situa-por-encima-del-nivel-pre-pandemia\/","title":{"rendered":"La pobreza en Ecuador baj\u00f3, pero a\u00fan se sit\u00faa por encima del nivel pre pandemia"},"content":{"rendered":"\t\t<div data-elementor-type=\"wp-post\" data-elementor-id=\"66837\" class=\"elementor elementor-66837\" data-elementor-post-type=\"post\">\n\t\t\t\t\t\t<section class=\"elementor-section elementor-top-section elementor-element elementor-element-50da4df elementor-section-boxed elementor-section-height-default elementor-section-height-default\" data-id=\"50da4df\" data-element_type=\"section\" data-e-type=\"section\">\n\t\t\t\t\t\t<div class=\"elementor-container elementor-column-gap-default\">\n\t\t\t\t\t<div class=\"elementor-column elementor-col-100 elementor-top-column elementor-element elementor-element-aefa881\" data-id=\"aefa881\" data-element_type=\"column\" data-e-type=\"column\">\n\t\t\t<div class=\"elementor-widget-wrap elementor-element-populated\">\n\t\t\t\t\t\t<div class=\"elementor-element elementor-element-c0045b5 elementor-widget elementor-widget-image\" data-id=\"c0045b5\" data-element_type=\"widget\" data-e-type=\"widget\" data-widget_type=\"image.default\">\n\t\t\t\t<div class=\"elementor-widget-container\">\n\t\t\t\t\t\t\t\t\t\t\t\t\t\t\t<img fetchpriority=\"high\" decoding=\"async\" width=\"1024\" height=\"768\" src=\"https:\/\/www.santafevalores.com\/wp-content\/uploads\/2023\/01\/UPJV75L4Z5BYTHEUYEDMPDE6MM-1024x768.png\" class=\"attachment-large size-large wp-image-66848\" alt=\"\" srcset=\"https:\/\/www.santafevalores.com\/wp-content\/uploads\/2023\/01\/UPJV75L4Z5BYTHEUYEDMPDE6MM-1024x768.png 1024w, https:\/\/www.santafevalores.com\/wp-content\/uploads\/2023\/01\/UPJV75L4Z5BYTHEUYEDMPDE6MM-300x225.png 300w, https:\/\/www.santafevalores.com\/wp-content\/uploads\/2023\/01\/UPJV75L4Z5BYTHEUYEDMPDE6MM-768x576.png 768w, https:\/\/www.santafevalores.com\/wp-content\/uploads\/2023\/01\/UPJV75L4Z5BYTHEUYEDMPDE6MM.png 1440w\" sizes=\"(max-width: 1024px) 100vw, 1024px\" \/>\t\t\t\t\t\t\t\t\t\t\t\t\t\t\t<\/div>\n\t\t\t\t<\/div>\n\t\t\t\t\t<\/div>\n\t\t<\/div>\n\t\t\t\t\t<\/div>\n\t\t<\/section>\n\t\t\t\t<section class=\"elementor-section elementor-top-section elementor-element elementor-element-7215867 elementor-section-boxed elementor-section-height-default elementor-section-height-default\" data-id=\"7215867\" data-element_type=\"section\" data-e-type=\"section\">\n\t\t\t\t\t\t<div class=\"elementor-container elementor-column-gap-default\">\n\t\t\t\t\t<div class=\"elementor-column elementor-col-100 elementor-top-column elementor-element elementor-element-b5d20b5\" data-id=\"b5d20b5\" data-element_type=\"column\" data-e-type=\"column\">\n\t\t\t<div class=\"elementor-widget-wrap elementor-element-populated\">\n\t\t\t\t\t\t<div class=\"elementor-element elementor-element-0302a1b elementor-widget elementor-widget-text-editor\" data-id=\"0302a1b\" data-element_type=\"widget\" data-e-type=\"widget\" data-widget_type=\"text-editor.default\">\n\t\t\t\t<div class=\"elementor-widget-container\">\n\t\t\t\t\t\t\t\t\t<p><b>L<\/b>a <b>pobreza por ingresos a nivel nacional en el Ecuador, en diciembre de 2022, se ubic\u00f3 en 25,2%,<\/b> mientras que la pobreza urbana es de 17,8%, y la pobreza en el \u00e1rea rural es de 41%. Estos datos surgen del \u00faltimo relevamiento del Instituto Nacional de Estad\u00edstica y Censos del Ecuador.<\/p>\n<p>La cifra total se ubica 2,5 puntos porcentuales por debajo del cierre de 2021 (termin\u00f3 en 27,7% en aquel momento), pero el pa\u00eds a\u00fan registra niveles de pobreza dos d\u00e9cimas superior a los que se observan antes de la irrupci\u00f3n del Coronavirus: <b>en diciembre de 2019 la pobreza en el Ecuador era del 25%.<\/b><\/p>\t\t\t\t\t\t\t\t<\/div>\n\t\t\t\t<\/div>\n\t\t\t\t\t<\/div>\n\t\t<\/div>\n\t\t\t\t\t<\/div>\n\t\t<\/section>\n\t\t\t\t<section class=\"elementor-section elementor-top-section elementor-element elementor-element-82c07c0 elementor-section-boxed elementor-section-height-default elementor-section-height-default\" data-id=\"82c07c0\" data-element_type=\"section\" data-e-type=\"section\">\n\t\t\t\t\t\t<div class=\"elementor-container elementor-column-gap-default\">\n\t\t\t\t\t<div class=\"elementor-column elementor-col-100 elementor-top-column elementor-element elementor-element-9fa1a58\" data-id=\"9fa1a58\" data-element_type=\"column\" data-e-type=\"column\">\n\t\t\t<div class=\"elementor-widget-wrap elementor-element-populated\">\n\t\t\t\t\t\t<div class=\"elementor-element elementor-element-d0b5c86 elementor-widget elementor-widget-image\" data-id=\"d0b5c86\" data-element_type=\"widget\" data-e-type=\"widget\" data-widget_type=\"image.default\">\n\t\t\t\t<div class=\"elementor-widget-container\">\n\t\t\t\t\t\t\t\t\t\t\t\t\t\t\t<img decoding=\"async\" width=\"1024\" height=\"489\" src=\"https:\/\/www.santafevalores.com\/wp-content\/uploads\/2023\/01\/Q1WYSEXGMYNA2VHWSBU7RK4L5B4-1024x489.png\" class=\"attachment-large size-large wp-image-66842\" alt=\"\" srcset=\"https:\/\/www.santafevalores.com\/wp-content\/uploads\/2023\/01\/Q1WYSEXGMYNA2VHWSBU7RK4L5B4-1024x489.png 1024w, https:\/\/www.santafevalores.com\/wp-content\/uploads\/2023\/01\/Q1WYSEXGMYNA2VHWSBU7RK4L5B4-300x143.png 300w, https:\/\/www.santafevalores.com\/wp-content\/uploads\/2023\/01\/Q1WYSEXGMYNA2VHWSBU7RK4L5B4-768x366.png 768w, https:\/\/www.santafevalores.com\/wp-content\/uploads\/2023\/01\/Q1WYSEXGMYNA2VHWSBU7RK4L5B4.png 1440w\" sizes=\"(max-width: 1024px) 100vw, 1024px\" \/>\t\t\t\t\t\t\t\t\t\t\t\t\t\t\t<\/div>\n\t\t\t\t<\/div>\n\t\t\t\t\t<\/div>\n\t\t<\/div>\n\t\t\t\t\t<\/div>\n\t\t<\/section>\n\t\t\t\t<section class=\"elementor-section elementor-top-section elementor-element elementor-element-4b0e49c elementor-section-boxed elementor-section-height-default elementor-section-height-default\" data-id=\"4b0e49c\" data-element_type=\"section\" data-e-type=\"section\">\n\t\t\t\t\t\t<div class=\"elementor-container elementor-column-gap-default\">\n\t\t\t\t\t<div class=\"elementor-column elementor-col-100 elementor-top-column elementor-element elementor-element-496deed\" data-id=\"496deed\" data-element_type=\"column\" data-e-type=\"column\">\n\t\t\t<div class=\"elementor-widget-wrap elementor-element-populated\">\n\t\t\t\t\t\t<div class=\"elementor-element elementor-element-6c454c6 elementor-widget elementor-widget-text-editor\" data-id=\"6c454c6\" data-element_type=\"widget\" data-e-type=\"widget\" data-widget_type=\"text-editor.default\">\n\t\t\t\t<div class=\"elementor-widget-container\">\n\t\t\t\t\t\t\t\t\t<p><b>Pobreza extrema en Ecuador<\/b><\/p>\n<p>En relaci\u00f3n a la pobreza extrema, existe una reducci\u00f3n a nivel nacional de 2,3 puntos porcentuales, al pasar de 10,5% en diciembre de 2021 a 8,2% en diciembre 2022. En el \u00e1rea urbana, la incidencia de la pobreza extrema presenta una reducci\u00f3n estad\u00edsticamente no significativa de 2,0 puntos pasando, de 5,9% en diciembre 2021 a 3,9% en diciembre 2022. A nivel rural, la pobreza extrema pasa de 20,3% a 17,4% en el \u00faltimo a\u00f1o.<\/p>\t\t\t\t\t\t\t\t<\/div>\n\t\t\t\t<\/div>\n\t\t\t\t\t<\/div>\n\t\t<\/div>\n\t\t\t\t\t<\/div>\n\t\t<\/section>\n\t\t\t\t<section class=\"elementor-section elementor-top-section elementor-element elementor-element-d02c803 elementor-section-boxed elementor-section-height-default elementor-section-height-default\" data-id=\"d02c803\" data-element_type=\"section\" data-e-type=\"section\">\n\t\t\t\t\t\t<div class=\"elementor-container elementor-column-gap-default\">\n\t\t\t\t\t<div class=\"elementor-column elementor-col-100 elementor-top-column elementor-element elementor-element-a40cdda\" data-id=\"a40cdda\" data-element_type=\"column\" data-e-type=\"column\">\n\t\t\t<div class=\"elementor-widget-wrap elementor-element-populated\">\n\t\t\t\t\t\t<div class=\"elementor-element elementor-element-868e86a elementor-widget elementor-widget-image\" data-id=\"868e86a\" data-element_type=\"widget\" data-e-type=\"widget\" data-widget_type=\"image.default\">\n\t\t\t\t<div class=\"elementor-widget-container\">\n\t\t\t\t\t\t\t\t\t\t\t\t\t\t\t<img decoding=\"async\" width=\"1024\" height=\"609\" src=\"https:\/\/www.santafevalores.com\/wp-content\/uploads\/2023\/01\/Q2ZBHQY5B7FAJNNJ7SM66JTNDJE-1024x609.png\" class=\"attachment-large size-large wp-image-66849\" alt=\"\" srcset=\"https:\/\/www.santafevalores.com\/wp-content\/uploads\/2023\/01\/Q2ZBHQY5B7FAJNNJ7SM66JTNDJE-1024x609.png 1024w, https:\/\/www.santafevalores.com\/wp-content\/uploads\/2023\/01\/Q2ZBHQY5B7FAJNNJ7SM66JTNDJE-300x179.png 300w, https:\/\/www.santafevalores.com\/wp-content\/uploads\/2023\/01\/Q2ZBHQY5B7FAJNNJ7SM66JTNDJE-768x457.png 768w, https:\/\/www.santafevalores.com\/wp-content\/uploads\/2023\/01\/Q2ZBHQY5B7FAJNNJ7SM66JTNDJE.png 1440w\" sizes=\"(max-width: 1024px) 100vw, 1024px\" \/>\t\t\t\t\t\t\t\t\t\t\t\t\t\t\t<\/div>\n\t\t\t\t<\/div>\n\t\t\t\t\t<\/div>\n\t\t<\/div>\n\t\t\t\t\t<\/div>\n\t\t<\/section>\n\t\t\t\t<section class=\"elementor-section elementor-top-section elementor-element elementor-element-33fc8a3 elementor-section-boxed elementor-section-height-default elementor-section-height-default\" data-id=\"33fc8a3\" data-element_type=\"section\" data-e-type=\"section\">\n\t\t\t\t\t\t<div class=\"elementor-container elementor-column-gap-default\">\n\t\t\t\t\t<div class=\"elementor-column elementor-col-100 elementor-top-column elementor-element elementor-element-6774818\" data-id=\"6774818\" data-element_type=\"column\" data-e-type=\"column\">\n\t\t\t<div class=\"elementor-widget-wrap elementor-element-populated\">\n\t\t\t\t\t\t<div class=\"elementor-element elementor-element-3312a87 elementor-widget elementor-widget-text-editor\" data-id=\"3312a87\" data-element_type=\"widget\" data-e-type=\"widget\" data-widget_type=\"text-editor.default\">\n\t\t\t\t<div class=\"elementor-widget-container\">\n\t\t\t\t\t\t\t\t\t<p>Se puede se\u00f1alar, adem\u00e1s, que la pobreza extrema s\u00ed se ubic\u00f3 por debajo de los valores de diciembre de 2019 (estaba en 8,9% en ese momento).<\/p><p><b>Pobreza multidimensional<\/b><\/p><p>Lo que se mencion\u00f3 reci\u00e9n es la pobreza por ingresos, es decir, ese 25,2% de ecuatorianos que son pobres son aquellos cuyo ingreso per c\u00e1pita familiar est\u00e1 por debajo de la l\u00ednea de pobreza. An\u00e1logamente, se define la pobreza extrema por ingresos.<\/p><p>Ahora bien, existe una segunda definici\u00f3n de pobreza, que es la multidimensional y corresponde al porcentaje de personas que viven en hogares que tienen privaciones en una tercera parte o m\u00e1s de los indicadores ponderados.<\/p><p>Hecha la aclaraci\u00f3n, el relevamiento del INEC, correspondiente a diciembre de 2022, arroj\u00f3 que:<\/p><p>A nivel nacional, <b>la tasa de pobreza multidimensional moderada se redujo de 39,2% en diciembre de 2021 a 38,1% en diciembre 2022.<\/b><\/p>\t\t\t\t\t\t\t\t<\/div>\n\t\t\t\t<\/div>\n\t\t\t\t\t<\/div>\n\t\t<\/div>\n\t\t\t\t\t<\/div>\n\t\t<\/section>\n\t\t\t\t<section class=\"elementor-section elementor-top-section elementor-element elementor-element-a39fb50 elementor-section-boxed elementor-section-height-default elementor-section-height-default\" data-id=\"a39fb50\" data-element_type=\"section\" data-e-type=\"section\">\n\t\t\t\t\t\t<div class=\"elementor-container elementor-column-gap-default\">\n\t\t\t\t\t<div class=\"elementor-column elementor-col-100 elementor-top-column elementor-element elementor-element-3641ddf\" data-id=\"3641ddf\" data-element_type=\"column\" data-e-type=\"column\">\n\t\t\t<div class=\"elementor-widget-wrap elementor-element-populated\">\n\t\t\t\t\t\t<div class=\"elementor-element elementor-element-45cc355 elementor-widget elementor-widget-image\" data-id=\"45cc355\" data-element_type=\"widget\" data-e-type=\"widget\" data-widget_type=\"image.default\">\n\t\t\t\t<div class=\"elementor-widget-container\">\n\t\t\t\t\t\t\t\t\t\t\t\t\t\t\t<img loading=\"lazy\" decoding=\"async\" width=\"1024\" height=\"388\" src=\"https:\/\/www.santafevalores.com\/wp-content\/uploads\/2023\/01\/E3RG4CDJLRE5XIATW74WSQDWBY-1024x388.png\" class=\"attachment-large size-large wp-image-66850\" alt=\"\" srcset=\"https:\/\/www.santafevalores.com\/wp-content\/uploads\/2023\/01\/E3RG4CDJLRE5XIATW74WSQDWBY-1024x388.png 1024w, https:\/\/www.santafevalores.com\/wp-content\/uploads\/2023\/01\/E3RG4CDJLRE5XIATW74WSQDWBY-300x114.png 300w, https:\/\/www.santafevalores.com\/wp-content\/uploads\/2023\/01\/E3RG4CDJLRE5XIATW74WSQDWBY-768x291.png 768w, https:\/\/www.santafevalores.com\/wp-content\/uploads\/2023\/01\/E3RG4CDJLRE5XIATW74WSQDWBY.png 1440w\" sizes=\"(max-width: 1024px) 100vw, 1024px\" \/>\t\t\t\t\t\t\t\t\t\t\t\t\t\t\t<\/div>\n\t\t\t\t<\/div>\n\t\t\t\t\t<\/div>\n\t\t<\/div>\n\t\t\t\t\t<\/div>\n\t\t<\/section>\n\t\t\t\t<section class=\"elementor-section elementor-top-section elementor-element elementor-element-47a806d elementor-section-boxed elementor-section-height-default elementor-section-height-default\" data-id=\"47a806d\" data-element_type=\"section\" data-e-type=\"section\">\n\t\t\t\t\t\t<div class=\"elementor-container elementor-column-gap-default\">\n\t\t\t\t\t<div class=\"elementor-column elementor-col-100 elementor-top-column elementor-element elementor-element-6f8f3fe\" data-id=\"6f8f3fe\" data-element_type=\"column\" data-e-type=\"column\">\n\t\t\t<div class=\"elementor-widget-wrap elementor-element-populated\">\n\t\t\t\t\t\t<div class=\"elementor-element elementor-element-0122db5 elementor-widget elementor-widget-text-editor\" data-id=\"0122db5\" data-element_type=\"widget\" data-e-type=\"widget\" data-widget_type=\"text-editor.default\">\n\t\t\t\t<div class=\"elementor-widget-container\">\n\t\t\t\t\t\t\t\t\t<p><b>En lo que respecta a la pobreza extrema multidimensional, a nivel nacional var\u00eda de 18,7% en<\/b> <b>diciembre de 2021 a 16,6% en diciembre de 2022.<br \/>La pobreza rural multidimensional sigue muy alta: abarca al 70,1%. No obstante, en diciembre de 2021 era del 70,7%..<\/b><\/p>\t\t\t\t\t\t\t\t<\/div>\n\t\t\t\t<\/div>\n\t\t\t\t\t<\/div>\n\t\t<\/div>\n\t\t\t\t\t<\/div>\n\t\t<\/section>\n\t\t\t\t<section class=\"elementor-section elementor-top-section elementor-element elementor-element-18346b2 elementor-section-boxed elementor-section-height-default elementor-section-height-default\" data-id=\"18346b2\" data-element_type=\"section\" data-e-type=\"section\">\n\t\t\t\t\t\t<div class=\"elementor-container elementor-column-gap-default\">\n\t\t\t\t\t<div class=\"elementor-column elementor-col-100 elementor-top-column elementor-element elementor-element-ebc0451\" data-id=\"ebc0451\" data-element_type=\"column\" data-e-type=\"column\">\n\t\t\t<div class=\"elementor-widget-wrap elementor-element-populated\">\n\t\t\t\t\t\t<div class=\"elementor-element elementor-element-34e8278 elementor-headline--style-highlight elementor-widget elementor-widget-animated-headline\" data-id=\"34e8278\" data-element_type=\"widget\" data-e-type=\"widget\" data-settings=\"{&quot;highlighted_text&quot;:&quot;reporta Bloomberg&quot;,&quot;headline_style&quot;:&quot;highlight&quot;,&quot;marker&quot;:&quot;circle&quot;,&quot;loop&quot;:&quot;yes&quot;,&quot;highlight_animation_duration&quot;:1200,&quot;highlight_iteration_delay&quot;:8000}\" data-widget_type=\"animated-headline.default\">\n\t\t\t\t<div class=\"elementor-widget-container\">\n\t\t\t\t\t\t\t\t<a href=\"https:\/\/www.bloomberglinea.com\/2023\/01\/26\/la-pobreza-en-ecuador-bajo-pero-aun-se-situa-por-encima-del-nivel-pre-pandemia\/\" target=\"_blank\">\n\n\t\t\t\t\t<p class=\"elementor-headline\">\n\t\t\t\t\t<span class=\"elementor-headline-plain-text elementor-headline-text-wrapper\">Fuente:<\/span>\n\t\t\t\t<span class=\"elementor-headline-dynamic-wrapper elementor-headline-text-wrapper\">\n\t\t\t\t\t<span class=\"elementor-headline-dynamic-text elementor-headline-text-active\">reporta Bloomberg<\/span>\n\t\t\t\t<\/span>\n\t\t\t\t<\/p>\n\t\t<\/a>\t\t\t\t<\/div>\n\t\t\t\t<\/div>\n\t\t\t\t\t<\/div>\n\t\t<\/div>\n\t\t\t\t\t<\/div>\n\t\t<\/section>\n\t\t\t\t<\/div>\n\t\t","protected":false},"excerpt":{"rendered":"<p>La pobreza por ingresos a nivel nacional en el Ecuador, en diciembre de 2022, se ubic\u00f3 en 25,2%, mientras que la pobreza urbana es de 17,8%, y la pobreza en el \u00e1rea rural es de 41%. Estos datos surgen del \u00faltimo relevamiento del Instituto Nacional de Estad\u00edstica y Censos del Ecuador. La cifra total se&hellip;<\/p>\n","protected":false},"author":1,"featured_media":66848,"comment_status":"open","ping_status":"closed","sticky":false,"template":"","format":"standard","meta":{"content-type":"","_joinchat":[],"footnotes":""},"categories":[1],"tags":[],"class_list":["post-66837","post","type-post","status-publish","format-standard","has-post-thumbnail","hentry","category-uncategorized"],"yoast_head":"<!-- This site is optimized with the Yoast SEO plugin v27.5 - https:\/\/yoast.com\/product\/yoast-seo-wordpress\/ -->\n<title>La pobreza en Ecuador baj\u00f3, pero a\u00fan se sit\u00faa por encima del nivel pre pandemia - Santa Fe Casa de Valores S.A.<\/title>\n<meta name=\"robots\" content=\"index, follow, max-snippet:-1, max-image-preview:large, max-video-preview:-1\" \/>\n<link rel=\"canonical\" href=\"https:\/\/www.santafevalores.com\/index.php\/2023\/01\/26\/la-pobreza-en-ecuador-bajo-pero-aun-se-situa-por-encima-del-nivel-pre-pandemia\/\" \/>\n<meta property=\"og:locale\" content=\"es_ES\" \/>\n<meta property=\"og:type\" content=\"article\" \/>\n<meta property=\"og:title\" content=\"La pobreza en Ecuador baj\u00f3, pero a\u00fan se sit\u00faa por encima del nivel pre pandemia - Santa Fe Casa de Valores S.A.\" \/>\n<meta property=\"og:description\" content=\"La pobreza por ingresos a nivel nacional en el Ecuador, en diciembre de 2022, se ubic\u00f3 en 25,2%, mientras que la pobreza urbana es de 17,8%, y la pobreza en el \u00e1rea rural es de 41%. Estos datos surgen del \u00faltimo relevamiento del Instituto Nacional de Estad\u00edstica y Censos del Ecuador. La cifra total se&hellip;\" \/>\n<meta property=\"og:url\" content=\"https:\/\/www.santafevalores.com\/index.php\/2023\/01\/26\/la-pobreza-en-ecuador-bajo-pero-aun-se-situa-por-encima-del-nivel-pre-pandemia\/\" \/>\n<meta property=\"og:site_name\" content=\"Santa Fe Casa de Valores S.A.\" \/>\n<meta property=\"article:publisher\" content=\"https:\/\/www.facebook.com\/santafevalores\/\" \/>\n<meta property=\"article:published_time\" content=\"2023-01-26T18:29:30+00:00\" \/>\n<meta property=\"article:modified_time\" content=\"2023-01-26T20:24:57+00:00\" \/>\n<meta property=\"og:image\" content=\"https:\/\/www.santafevalores.com\/wp-content\/uploads\/2023\/01\/UPJV75L4Z5BYTHEUYEDMPDE6MM.png\" \/>\n\t<meta property=\"og:image:width\" content=\"1440\" \/>\n\t<meta property=\"og:image:height\" content=\"1080\" \/>\n\t<meta property=\"og:image:type\" content=\"image\/png\" \/>\n<meta name=\"author\" content=\"admin\" \/>\n<meta name=\"twitter:card\" content=\"summary_large_image\" \/>\n<meta name=\"twitter:creator\" content=\"@SantaFeValores\" \/>\n<meta name=\"twitter:site\" content=\"@SantaFeValores\" \/>\n<meta name=\"twitter:label1\" content=\"Escrito por\" \/>\n\t<meta name=\"twitter:data1\" content=\"admin\" \/>\n\t<meta name=\"twitter:label2\" content=\"Tiempo de lectura\" \/>\n\t<meta name=\"twitter:data2\" content=\"3 minutos\" \/>\n<script type=\"application\/ld+json\" class=\"yoast-schema-graph\">{\"@context\":\"https:\\\/\\\/schema.org\",\"@graph\":[{\"@type\":\"Article\",\"@id\":\"https:\\\/\\\/www.santafevalores.com\\\/index.php\\\/2023\\\/01\\\/26\\\/la-pobreza-en-ecuador-bajo-pero-aun-se-situa-por-encima-del-nivel-pre-pandemia\\\/#article\",\"isPartOf\":{\"@id\":\"https:\\\/\\\/www.santafevalores.com\\\/index.php\\\/2023\\\/01\\\/26\\\/la-pobreza-en-ecuador-bajo-pero-aun-se-situa-por-encima-del-nivel-pre-pandemia\\\/\"},\"author\":{\"name\":\"admin\",\"@id\":\"https:\\\/\\\/www.santafevalores.com\\\/#\\\/schema\\\/person\\\/d965a42370507d0a1638e69158bb5835\"},\"headline\":\"La pobreza en Ecuador baj\u00f3, pero a\u00fan se sit\u00faa por encima del nivel pre pandemia\",\"datePublished\":\"2023-01-26T18:29:30+00:00\",\"dateModified\":\"2023-01-26T20:24:57+00:00\",\"mainEntityOfPage\":{\"@id\":\"https:\\\/\\\/www.santafevalores.com\\\/index.php\\\/2023\\\/01\\\/26\\\/la-pobreza-en-ecuador-bajo-pero-aun-se-situa-por-encima-del-nivel-pre-pandemia\\\/\"},\"wordCount\":372,\"commentCount\":0,\"publisher\":{\"@id\":\"https:\\\/\\\/www.santafevalores.com\\\/#organization\"},\"image\":{\"@id\":\"https:\\\/\\\/www.santafevalores.com\\\/index.php\\\/2023\\\/01\\\/26\\\/la-pobreza-en-ecuador-bajo-pero-aun-se-situa-por-encima-del-nivel-pre-pandemia\\\/#primaryimage\"},\"thumbnailUrl\":\"https:\\\/\\\/www.santafevalores.com\\\/wp-content\\\/uploads\\\/2023\\\/01\\\/UPJV75L4Z5BYTHEUYEDMPDE6MM.png\",\"articleSection\":[\"Uncategorized\"],\"inLanguage\":\"es\",\"potentialAction\":[{\"@type\":\"CommentAction\",\"name\":\"Comment\",\"target\":[\"https:\\\/\\\/www.santafevalores.com\\\/index.php\\\/2023\\\/01\\\/26\\\/la-pobreza-en-ecuador-bajo-pero-aun-se-situa-por-encima-del-nivel-pre-pandemia\\\/#respond\"]}]},{\"@type\":\"WebPage\",\"@id\":\"https:\\\/\\\/www.santafevalores.com\\\/index.php\\\/2023\\\/01\\\/26\\\/la-pobreza-en-ecuador-bajo-pero-aun-se-situa-por-encima-del-nivel-pre-pandemia\\\/\",\"url\":\"https:\\\/\\\/www.santafevalores.com\\\/index.php\\\/2023\\\/01\\\/26\\\/la-pobreza-en-ecuador-bajo-pero-aun-se-situa-por-encima-del-nivel-pre-pandemia\\\/\",\"name\":\"La pobreza en Ecuador baj\u00f3, pero a\u00fan se sit\u00faa por encima del nivel pre pandemia - Santa Fe Casa de Valores S.A.\",\"isPartOf\":{\"@id\":\"https:\\\/\\\/www.santafevalores.com\\\/#website\"},\"primaryImageOfPage\":{\"@id\":\"https:\\\/\\\/www.santafevalores.com\\\/index.php\\\/2023\\\/01\\\/26\\\/la-pobreza-en-ecuador-bajo-pero-aun-se-situa-por-encima-del-nivel-pre-pandemia\\\/#primaryimage\"},\"image\":{\"@id\":\"https:\\\/\\\/www.santafevalores.com\\\/index.php\\\/2023\\\/01\\\/26\\\/la-pobreza-en-ecuador-bajo-pero-aun-se-situa-por-encima-del-nivel-pre-pandemia\\\/#primaryimage\"},\"thumbnailUrl\":\"https:\\\/\\\/www.santafevalores.com\\\/wp-content\\\/uploads\\\/2023\\\/01\\\/UPJV75L4Z5BYTHEUYEDMPDE6MM.png\",\"datePublished\":\"2023-01-26T18:29:30+00:00\",\"dateModified\":\"2023-01-26T20:24:57+00:00\",\"breadcrumb\":{\"@id\":\"https:\\\/\\\/www.santafevalores.com\\\/index.php\\\/2023\\\/01\\\/26\\\/la-pobreza-en-ecuador-bajo-pero-aun-se-situa-por-encima-del-nivel-pre-pandemia\\\/#breadcrumb\"},\"inLanguage\":\"es\",\"potentialAction\":[{\"@type\":\"ReadAction\",\"target\":[\"https:\\\/\\\/www.santafevalores.com\\\/index.php\\\/2023\\\/01\\\/26\\\/la-pobreza-en-ecuador-bajo-pero-aun-se-situa-por-encima-del-nivel-pre-pandemia\\\/\"]}]},{\"@type\":\"ImageObject\",\"inLanguage\":\"es\",\"@id\":\"https:\\\/\\\/www.santafevalores.com\\\/index.php\\\/2023\\\/01\\\/26\\\/la-pobreza-en-ecuador-bajo-pero-aun-se-situa-por-encima-del-nivel-pre-pandemia\\\/#primaryimage\",\"url\":\"https:\\\/\\\/www.santafevalores.com\\\/wp-content\\\/uploads\\\/2023\\\/01\\\/UPJV75L4Z5BYTHEUYEDMPDE6MM.png\",\"contentUrl\":\"https:\\\/\\\/www.santafevalores.com\\\/wp-content\\\/uploads\\\/2023\\\/01\\\/UPJV75L4Z5BYTHEUYEDMPDE6MM.png\",\"width\":1440,\"height\":1080},{\"@type\":\"BreadcrumbList\",\"@id\":\"https:\\\/\\\/www.santafevalores.com\\\/index.php\\\/2023\\\/01\\\/26\\\/la-pobreza-en-ecuador-bajo-pero-aun-se-situa-por-encima-del-nivel-pre-pandemia\\\/#breadcrumb\",\"itemListElement\":[{\"@type\":\"ListItem\",\"position\":1,\"name\":\"Portada\",\"item\":\"https:\\\/\\\/www.santafevalores.com\\\/\"},{\"@type\":\"ListItem\",\"position\":2,\"name\":\"La pobreza en Ecuador baj\u00f3, pero a\u00fan se sit\u00faa por encima del nivel pre pandemia\"}]},{\"@type\":\"WebSite\",\"@id\":\"https:\\\/\\\/www.santafevalores.com\\\/#website\",\"url\":\"https:\\\/\\\/www.santafevalores.com\\\/\",\"name\":\"Santa Fe Casa de Valores S.A.\",\"description\":\"\",\"publisher\":{\"@id\":\"https:\\\/\\\/www.santafevalores.com\\\/#organization\"},\"potentialAction\":[{\"@type\":\"SearchAction\",\"target\":{\"@type\":\"EntryPoint\",\"urlTemplate\":\"https:\\\/\\\/www.santafevalores.com\\\/?s={search_term_string}\"},\"query-input\":{\"@type\":\"PropertyValueSpecification\",\"valueRequired\":true,\"valueName\":\"search_term_string\"}}],\"inLanguage\":\"es\"},{\"@type\":\"Organization\",\"@id\":\"https:\\\/\\\/www.santafevalores.com\\\/#organization\",\"name\":\"Santa Fe Casa de Valores S.A.\",\"alternateName\":\"SANTAFEVALORES\",\"url\":\"https:\\\/\\\/www.santafevalores.com\\\/\",\"logo\":{\"@type\":\"ImageObject\",\"inLanguage\":\"es\",\"@id\":\"https:\\\/\\\/www.santafevalores.com\\\/#\\\/schema\\\/logo\\\/image\\\/\",\"url\":\"https:\\\/\\\/www.santafevalores.com\\\/wp-content\\\/uploads\\\/2022\\\/06\\\/logo1.png\",\"contentUrl\":\"https:\\\/\\\/www.santafevalores.com\\\/wp-content\\\/uploads\\\/2022\\\/06\\\/logo1.png\",\"width\":235,\"height\":71,\"caption\":\"Santa Fe Casa de Valores S.A.\"},\"image\":{\"@id\":\"https:\\\/\\\/www.santafevalores.com\\\/#\\\/schema\\\/logo\\\/image\\\/\"},\"sameAs\":[\"https:\\\/\\\/www.facebook.com\\\/santafevalores\\\/\",\"https:\\\/\\\/x.com\\\/SantaFeValores\"]},{\"@type\":\"Person\",\"@id\":\"https:\\\/\\\/www.santafevalores.com\\\/#\\\/schema\\\/person\\\/d965a42370507d0a1638e69158bb5835\",\"name\":\"admin\",\"image\":{\"@type\":\"ImageObject\",\"inLanguage\":\"es\",\"@id\":\"https:\\\/\\\/secure.gravatar.com\\\/avatar\\\/97ec7f9eb6068ddac59d3806ca0034c167fce748f524adcfad8629911220756f?s=96&d=mm&r=g\",\"url\":\"https:\\\/\\\/secure.gravatar.com\\\/avatar\\\/97ec7f9eb6068ddac59d3806ca0034c167fce748f524adcfad8629911220756f?s=96&d=mm&r=g\",\"contentUrl\":\"https:\\\/\\\/secure.gravatar.com\\\/avatar\\\/97ec7f9eb6068ddac59d3806ca0034c167fce748f524adcfad8629911220756f?s=96&d=mm&r=g\",\"caption\":\"admin\"},\"sameAs\":[\"https:\\\/\\\/www.santafevalores.com\"],\"url\":\"https:\\\/\\\/www.santafevalores.com\\\/index.php\\\/author\\\/santafevaloresuio_ggv0vv79\\\/\"}]}<\/script>\n<!-- \/ Yoast SEO plugin. -->","yoast_head_json":{"title":"La pobreza en Ecuador baj\u00f3, pero a\u00fan se sit\u00faa por encima del nivel pre pandemia - Santa Fe Casa de Valores S.A.","robots":{"index":"index","follow":"follow","max-snippet":"max-snippet:-1","max-image-preview":"max-image-preview:large","max-video-preview":"max-video-preview:-1"},"canonical":"https:\/\/www.santafevalores.com\/index.php\/2023\/01\/26\/la-pobreza-en-ecuador-bajo-pero-aun-se-situa-por-encima-del-nivel-pre-pandemia\/","og_locale":"es_ES","og_type":"article","og_title":"La pobreza en Ecuador baj\u00f3, pero a\u00fan se sit\u00faa por encima del nivel pre pandemia - Santa Fe Casa de Valores S.A.","og_description":"La pobreza por ingresos a nivel nacional en el Ecuador, en diciembre de 2022, se ubic\u00f3 en 25,2%, mientras que la pobreza urbana es de 17,8%, y la pobreza en el \u00e1rea rural es de 41%. Estos datos surgen del \u00faltimo relevamiento del Instituto Nacional de Estad\u00edstica y Censos del Ecuador. La cifra total se&hellip;","og_url":"https:\/\/www.santafevalores.com\/index.php\/2023\/01\/26\/la-pobreza-en-ecuador-bajo-pero-aun-se-situa-por-encima-del-nivel-pre-pandemia\/","og_site_name":"Santa Fe Casa de Valores S.A.","article_publisher":"https:\/\/www.facebook.com\/santafevalores\/","article_published_time":"2023-01-26T18:29:30+00:00","article_modified_time":"2023-01-26T20:24:57+00:00","og_image":[{"width":1440,"height":1080,"url":"https:\/\/www.santafevalores.com\/wp-content\/uploads\/2023\/01\/UPJV75L4Z5BYTHEUYEDMPDE6MM.png","type":"image\/png"}],"author":"admin","twitter_card":"summary_large_image","twitter_creator":"@SantaFeValores","twitter_site":"@SantaFeValores","twitter_misc":{"Escrito por":"admin","Tiempo de lectura":"3 minutos"},"schema":{"@context":"https:\/\/schema.org","@graph":[{"@type":"Article","@id":"https:\/\/www.santafevalores.com\/index.php\/2023\/01\/26\/la-pobreza-en-ecuador-bajo-pero-aun-se-situa-por-encima-del-nivel-pre-pandemia\/#article","isPartOf":{"@id":"https:\/\/www.santafevalores.com\/index.php\/2023\/01\/26\/la-pobreza-en-ecuador-bajo-pero-aun-se-situa-por-encima-del-nivel-pre-pandemia\/"},"author":{"name":"admin","@id":"https:\/\/www.santafevalores.com\/#\/schema\/person\/d965a42370507d0a1638e69158bb5835"},"headline":"La pobreza en Ecuador baj\u00f3, pero a\u00fan se sit\u00faa por encima del nivel pre pandemia","datePublished":"2023-01-26T18:29:30+00:00","dateModified":"2023-01-26T20:24:57+00:00","mainEntityOfPage":{"@id":"https:\/\/www.santafevalores.com\/index.php\/2023\/01\/26\/la-pobreza-en-ecuador-bajo-pero-aun-se-situa-por-encima-del-nivel-pre-pandemia\/"},"wordCount":372,"commentCount":0,"publisher":{"@id":"https:\/\/www.santafevalores.com\/#organization"},"image":{"@id":"https:\/\/www.santafevalores.com\/index.php\/2023\/01\/26\/la-pobreza-en-ecuador-bajo-pero-aun-se-situa-por-encima-del-nivel-pre-pandemia\/#primaryimage"},"thumbnailUrl":"https:\/\/www.santafevalores.com\/wp-content\/uploads\/2023\/01\/UPJV75L4Z5BYTHEUYEDMPDE6MM.png","articleSection":["Uncategorized"],"inLanguage":"es","potentialAction":[{"@type":"CommentAction","name":"Comment","target":["https:\/\/www.santafevalores.com\/index.php\/2023\/01\/26\/la-pobreza-en-ecuador-bajo-pero-aun-se-situa-por-encima-del-nivel-pre-pandemia\/#respond"]}]},{"@type":"WebPage","@id":"https:\/\/www.santafevalores.com\/index.php\/2023\/01\/26\/la-pobreza-en-ecuador-bajo-pero-aun-se-situa-por-encima-del-nivel-pre-pandemia\/","url":"https:\/\/www.santafevalores.com\/index.php\/2023\/01\/26\/la-pobreza-en-ecuador-bajo-pero-aun-se-situa-por-encima-del-nivel-pre-pandemia\/","name":"La pobreza en Ecuador baj\u00f3, pero a\u00fan se sit\u00faa por encima del nivel pre pandemia - Santa Fe Casa de Valores S.A.","isPartOf":{"@id":"https:\/\/www.santafevalores.com\/#website"},"primaryImageOfPage":{"@id":"https:\/\/www.santafevalores.com\/index.php\/2023\/01\/26\/la-pobreza-en-ecuador-bajo-pero-aun-se-situa-por-encima-del-nivel-pre-pandemia\/#primaryimage"},"image":{"@id":"https:\/\/www.santafevalores.com\/index.php\/2023\/01\/26\/la-pobreza-en-ecuador-bajo-pero-aun-se-situa-por-encima-del-nivel-pre-pandemia\/#primaryimage"},"thumbnailUrl":"https:\/\/www.santafevalores.com\/wp-content\/uploads\/2023\/01\/UPJV75L4Z5BYTHEUYEDMPDE6MM.png","datePublished":"2023-01-26T18:29:30+00:00","dateModified":"2023-01-26T20:24:57+00:00","breadcrumb":{"@id":"https:\/\/www.santafevalores.com\/index.php\/2023\/01\/26\/la-pobreza-en-ecuador-bajo-pero-aun-se-situa-por-encima-del-nivel-pre-pandemia\/#breadcrumb"},"inLanguage":"es","potentialAction":[{"@type":"ReadAction","target":["https:\/\/www.santafevalores.com\/index.php\/2023\/01\/26\/la-pobreza-en-ecuador-bajo-pero-aun-se-situa-por-encima-del-nivel-pre-pandemia\/"]}]},{"@type":"ImageObject","inLanguage":"es","@id":"https:\/\/www.santafevalores.com\/index.php\/2023\/01\/26\/la-pobreza-en-ecuador-bajo-pero-aun-se-situa-por-encima-del-nivel-pre-pandemia\/#primaryimage","url":"https:\/\/www.santafevalores.com\/wp-content\/uploads\/2023\/01\/UPJV75L4Z5BYTHEUYEDMPDE6MM.png","contentUrl":"https:\/\/www.santafevalores.com\/wp-content\/uploads\/2023\/01\/UPJV75L4Z5BYTHEUYEDMPDE6MM.png","width":1440,"height":1080},{"@type":"BreadcrumbList","@id":"https:\/\/www.santafevalores.com\/index.php\/2023\/01\/26\/la-pobreza-en-ecuador-bajo-pero-aun-se-situa-por-encima-del-nivel-pre-pandemia\/#breadcrumb","itemListElement":[{"@type":"ListItem","position":1,"name":"Portada","item":"https:\/\/www.santafevalores.com\/"},{"@type":"ListItem","position":2,"name":"La pobreza en Ecuador baj\u00f3, pero a\u00fan se sit\u00faa por encima del nivel pre pandemia"}]},{"@type":"WebSite","@id":"https:\/\/www.santafevalores.com\/#website","url":"https:\/\/www.santafevalores.com\/","name":"Santa Fe Casa de Valores S.A.","description":"","publisher":{"@id":"https:\/\/www.santafevalores.com\/#organization"},"potentialAction":[{"@type":"SearchAction","target":{"@type":"EntryPoint","urlTemplate":"https:\/\/www.santafevalores.com\/?s={search_term_string}"},"query-input":{"@type":"PropertyValueSpecification","valueRequired":true,"valueName":"search_term_string"}}],"inLanguage":"es"},{"@type":"Organization","@id":"https:\/\/www.santafevalores.com\/#organization","name":"Santa Fe Casa de Valores S.A.","alternateName":"SANTAFEVALORES","url":"https:\/\/www.santafevalores.com\/","logo":{"@type":"ImageObject","inLanguage":"es","@id":"https:\/\/www.santafevalores.com\/#\/schema\/logo\/image\/","url":"https:\/\/www.santafevalores.com\/wp-content\/uploads\/2022\/06\/logo1.png","contentUrl":"https:\/\/www.santafevalores.com\/wp-content\/uploads\/2022\/06\/logo1.png","width":235,"height":71,"caption":"Santa Fe Casa de Valores S.A."},"image":{"@id":"https:\/\/www.santafevalores.com\/#\/schema\/logo\/image\/"},"sameAs":["https:\/\/www.facebook.com\/santafevalores\/","https:\/\/x.com\/SantaFeValores"]},{"@type":"Person","@id":"https:\/\/www.santafevalores.com\/#\/schema\/person\/d965a42370507d0a1638e69158bb5835","name":"admin","image":{"@type":"ImageObject","inLanguage":"es","@id":"https:\/\/secure.gravatar.com\/avatar\/97ec7f9eb6068ddac59d3806ca0034c167fce748f524adcfad8629911220756f?s=96&d=mm&r=g","url":"https:\/\/secure.gravatar.com\/avatar\/97ec7f9eb6068ddac59d3806ca0034c167fce748f524adcfad8629911220756f?s=96&d=mm&r=g","contentUrl":"https:\/\/secure.gravatar.com\/avatar\/97ec7f9eb6068ddac59d3806ca0034c167fce748f524adcfad8629911220756f?s=96&d=mm&r=g","caption":"admin"},"sameAs":["https:\/\/www.santafevalores.com"],"url":"https:\/\/www.santafevalores.com\/index.php\/author\/santafevaloresuio_ggv0vv79\/"}]}},"_links":{"self":[{"href":"https:\/\/www.santafevalores.com\/index.php\/wp-json\/wp\/v2\/posts\/66837","targetHints":{"allow":["GET"]}}],"collection":[{"href":"https:\/\/www.santafevalores.com\/index.php\/wp-json\/wp\/v2\/posts"}],"about":[{"href":"https:\/\/www.santafevalores.com\/index.php\/wp-json\/wp\/v2\/types\/post"}],"author":[{"embeddable":true,"href":"https:\/\/www.santafevalores.com\/index.php\/wp-json\/wp\/v2\/users\/1"}],"replies":[{"embeddable":true,"href":"https:\/\/www.santafevalores.com\/index.php\/wp-json\/wp\/v2\/comments?post=66837"}],"version-history":[{"count":8,"href":"https:\/\/www.santafevalores.com\/index.php\/wp-json\/wp\/v2\/posts\/66837\/revisions"}],"predecessor-version":[{"id":66854,"href":"https:\/\/www.santafevalores.com\/index.php\/wp-json\/wp\/v2\/posts\/66837\/revisions\/66854"}],"wp:featuredmedia":[{"embeddable":true,"href":"https:\/\/www.santafevalores.com\/index.php\/wp-json\/wp\/v2\/media\/66848"}],"wp:attachment":[{"href":"https:\/\/www.santafevalores.com\/index.php\/wp-json\/wp\/v2\/media?parent=66837"}],"wp:term":[{"taxonomy":"category","embeddable":true,"href":"https:\/\/www.santafevalores.com\/index.php\/wp-json\/wp\/v2\/categories?post=66837"},{"taxonomy":"post_tag","embeddable":true,"href":"https:\/\/www.santafevalores.com\/index.php\/wp-json\/wp\/v2\/tags?post=66837"}],"curies":[{"name":"wp","href":"https:\/\/api.w.org\/{rel}","templated":true}]}}