{"id":66873,"date":"2023-01-30T11:42:28","date_gmt":"2023-01-30T16:42:28","guid":{"rendered":"https:\/\/www.santafevalores.com\/?p=66873"},"modified":"2023-01-30T12:24:32","modified_gmt":"2023-01-30T17:24:32","slug":"autarquia-seria-mejor-que-un-pais-produjera-todo-lo-que-necesita","status":"publish","type":"post","link":"https:\/\/www.santafevalores.com\/index.php\/2023\/01\/30\/autarquia-seria-mejor-que-un-pais-produjera-todo-lo-que-necesita\/","title":{"rendered":"Autarqu\u00eda: \u00bfser\u00eda mejor que un pa\u00eds produjera todo lo que necesita en su propio territorio en vez de importarlo?"},"content":{"rendered":"\t\t<div data-elementor-type=\"wp-post\" data-elementor-id=\"66873\" class=\"elementor elementor-66873\" data-elementor-post-type=\"post\">\n\t\t\t\t\t\t<section class=\"elementor-section elementor-top-section elementor-element elementor-element-85345b3 elementor-section-boxed elementor-section-height-default elementor-section-height-default\" data-id=\"85345b3\" data-element_type=\"section\" data-e-type=\"section\">\n\t\t\t\t\t\t<div class=\"elementor-container elementor-column-gap-default\">\n\t\t\t\t\t<div class=\"elementor-column elementor-col-100 elementor-top-column elementor-element elementor-element-a110f7a\" data-id=\"a110f7a\" data-element_type=\"column\" data-e-type=\"column\">\n\t\t\t<div class=\"elementor-widget-wrap elementor-element-populated\">\n\t\t\t\t\t\t<div class=\"elementor-element elementor-element-f41bc05 elementor-widget elementor-widget-image\" data-id=\"f41bc05\" data-element_type=\"widget\" data-e-type=\"widget\" data-widget_type=\"image.default\">\n\t\t\t\t<div class=\"elementor-widget-container\">\n\t\t\t\t\t\t\t\t\t\t\t\t\t\t\t<img fetchpriority=\"high\" decoding=\"async\" width=\"800\" height=\"450\" src=\"https:\/\/www.santafevalores.com\/wp-content\/uploads\/2023\/01\/F128189770.webp\" class=\"attachment-large size-large wp-image-66875\" alt=\"\" srcset=\"https:\/\/www.santafevalores.com\/wp-content\/uploads\/2023\/01\/F128189770.webp 800w, https:\/\/www.santafevalores.com\/wp-content\/uploads\/2023\/01\/F128189770-300x169.webp 300w, https:\/\/www.santafevalores.com\/wp-content\/uploads\/2023\/01\/F128189770-768x432.webp 768w\" sizes=\"(max-width: 800px) 100vw, 800px\" \/>\t\t\t\t\t\t\t\t\t\t\t\t\t\t\t<\/div>\n\t\t\t\t<\/div>\n\t\t\t\t\t<\/div>\n\t\t<\/div>\n\t\t\t\t\t<\/div>\n\t\t<\/section>\n\t\t\t\t<section class=\"elementor-section elementor-top-section elementor-element elementor-element-338c736 elementor-section-boxed elementor-section-height-default elementor-section-height-default\" data-id=\"338c736\" data-element_type=\"section\" data-e-type=\"section\">\n\t\t\t\t\t\t<div class=\"elementor-container elementor-column-gap-default\">\n\t\t\t\t\t<div class=\"elementor-column elementor-col-100 elementor-top-column elementor-element elementor-element-296cc80\" data-id=\"296cc80\" data-element_type=\"column\" data-e-type=\"column\">\n\t\t\t<div class=\"elementor-widget-wrap elementor-element-populated\">\n\t\t\t\t\t\t<div class=\"elementor-element elementor-element-f425bff elementor-widget elementor-widget-text-editor\" data-id=\"f425bff\" data-element_type=\"widget\" data-e-type=\"widget\" data-widget_type=\"text-editor.default\">\n\t\t\t\t<div class=\"elementor-widget-container\">\n\t\t\t\t\t\t\t\t\t<p><b>La ca\u00edda del Muro de Berl\u00edn a finales de 1989 y la eventual desintegraci\u00f3n de la Uni\u00f3n Sovi\u00e9tica, casi dos a\u00f1os m\u00e1s tarde, pusieron fin a la Guerra Fr\u00eda y marcaron el comienzo de una nueva era de globalizaci\u00f3n, que dio forma a la econom\u00eda de mercado moderna.<\/b><\/p><p>Pero en el siglo XXI, diversas crisis han puesto a prueba a este mundo interconectado.<\/p><p>La debacle financiera de 2008, surgida en Wall Street, se propag\u00f3 por todo el mundo, llevando a algunos a cuestionar las ventajas de la interdependencia econ\u00f3mica.<\/p><p>Nuevas figuras pol\u00edticas como Donald Trump, en Estados Unidos, y Narendra Modri, en India, empezaron a fomentar la idea de priorizar las necesidades propias y <b>la autosuficiencia<\/b>, y en Europa, Reino Unido vot\u00f3 a favor del Brexit y se independiz\u00f3 de la Uni\u00f3n Europea.<\/p><p>Pero la estocada m\u00e1s fuerte contra la globalizaci\u00f3n lleg\u00f3 con la pandemia de coronavirus, que llev\u00f3 a muchos pa\u00edses a cerrar no solo sus fronteras, sino tambi\u00e9n su exportaci\u00f3n de equipos m\u00e9dicos, <b>desde mascarillas hasta vacunas,<\/b> esenciales para combatir el virus.<br \/>Desde entonces, la invasi\u00f3n rusa de Ucrania llev\u00f3 a muchos pa\u00edses europeos a quedarse sin el gas que sol\u00edan importar desde el pa\u00eds de Vladimir Putin, y limit\u00f3 al acceso de otros a los granos ucranianos, provocando una escalada en los precios internacionales de los alimentos.<\/p><p>Ello ha exacerbado los llamados en muchos pa\u00edses para desarrollar lo que lo antiguos griegos defin\u00edan como<b> una autarqu\u00eda<\/b>: b\u00e1sicamente un sistema autosuficiente.<\/p><p>Pero \u00bfpuede un pa\u00eds realmente depender solamente de s\u00ed mismo para subsistir? Y \u00bfle conviene producir todo lo que necesita en su territorio en vez de importar, aunque sea una parte?<\/p><p>Eso es lo que investig\u00f3 el periodista Ben Chu, editor de Econom\u00eda del programa BBC Newsnight, en una serie de Radio 4 llamada \u00ab\u00bfLa nueva era de la autarqu\u00eda?\u00bb.<\/p><p>Chu resalt\u00f3 que los l\u00edderes de<b> las dos principales econom\u00edas del mundo, EE.UU. y China, han dado <\/b>se\u00f1ales claras de que apuntan en esa direcci\u00f3n.<\/p>\t\t\t\t\t\t\t\t<\/div>\n\t\t\t\t<\/div>\n\t\t\t\t\t<\/div>\n\t\t<\/div>\n\t\t\t\t\t<\/div>\n\t\t<\/section>\n\t\t\t\t<section class=\"elementor-section elementor-top-section elementor-element elementor-element-34356ec elementor-section-boxed elementor-section-height-default elementor-section-height-default\" data-id=\"34356ec\" data-element_type=\"section\" data-e-type=\"section\">\n\t\t\t\t\t\t<div class=\"elementor-container elementor-column-gap-default\">\n\t\t\t\t\t<div class=\"elementor-column elementor-col-100 elementor-top-column elementor-element elementor-element-0132472\" data-id=\"0132472\" data-element_type=\"column\" data-e-type=\"column\">\n\t\t\t<div class=\"elementor-widget-wrap elementor-element-populated\">\n\t\t\t\t\t\t<div class=\"elementor-element elementor-element-402a9b5 elementor-widget elementor-widget-image\" data-id=\"402a9b5\" data-element_type=\"widget\" data-e-type=\"widget\" data-widget_type=\"image.default\">\n\t\t\t\t<div class=\"elementor-widget-container\">\n\t\t\t\t\t\t\t\t\t\t\t\t\t\t\t<img decoding=\"async\" width=\"800\" height=\"531\" src=\"https:\/\/www.santafevalores.com\/wp-content\/uploads\/2023\/01\/F2128189771.webp\" class=\"attachment-large size-large wp-image-66876\" alt=\"\" srcset=\"https:\/\/www.santafevalores.com\/wp-content\/uploads\/2023\/01\/F2128189771.webp 800w, https:\/\/www.santafevalores.com\/wp-content\/uploads\/2023\/01\/F2128189771-300x199.webp 300w, https:\/\/www.santafevalores.com\/wp-content\/uploads\/2023\/01\/F2128189771-768x510.webp 768w\" sizes=\"(max-width: 800px) 100vw, 800px\" \/>\t\t\t\t\t\t\t\t\t\t\t\t\t\t\t<\/div>\n\t\t\t\t<\/div>\n\t\t\t\t\t<\/div>\n\t\t<\/div>\n\t\t\t\t\t<\/div>\n\t\t<\/section>\n\t\t\t\t<section class=\"elementor-section elementor-top-section elementor-element elementor-element-276ee4d elementor-section-boxed elementor-section-height-default elementor-section-height-default\" data-id=\"276ee4d\" data-element_type=\"section\" data-e-type=\"section\">\n\t\t\t\t\t\t<div class=\"elementor-container elementor-column-gap-default\">\n\t\t\t\t\t<div class=\"elementor-column elementor-col-100 elementor-top-column elementor-element elementor-element-845ea7d\" data-id=\"845ea7d\" data-element_type=\"column\" data-e-type=\"column\">\n\t\t\t<div class=\"elementor-widget-wrap elementor-element-populated\">\n\t\t\t\t\t\t<div class=\"elementor-element elementor-element-945527c elementor-widget elementor-widget-text-editor\" data-id=\"945527c\" data-element_type=\"widget\" data-e-type=\"widget\" data-widget_type=\"text-editor.default\">\n\t\t\t\t<div class=\"elementor-widget-container\">\n\t\t\t\t\t\t\t\t\t<p>\u00abEl futuro de nuestra manufactura, nuestro futuro econ\u00f3mico, las soluciones a la crisis clim\u00e1tica, <b>todo se har\u00e1 en EE.UU.\u00bb<\/b>, declar\u00f3 en marzo el presidente estadounidense, Joe Biden, quien, apenas asumi\u00f3 su cargo, lanz\u00f3 una iniciativa gubernamental llamada \u00abMade in America\u00bb (Hecho en EE.UU.)<\/p><p>En tanto, su par chino, Xi Jinping, lanz\u00f3 su propia estrategia \u00abMade in China\u00bb (Hecho en China), que apunta a aumentar la inversi\u00f3n en tecnolog\u00eda, y ha defendido en reiteradas ocasiones su pol\u00edtica de \u00abzili gengsheng\u00bb, que se traduce como \u00abautosuficiencia\u00bb.<\/p><p>\u00abLa guerra comercial durante el gobierno de Trump hizo que China se diera cuenta de que, a menos que sea autosuficiente, si el mundo decide darle la espalda, ya sea politicamente o economicamente, no tiene una salida\u00bb, se\u00f1al\u00f3 Cindy Yu, anfitriona del podcast \u00abChinese Whispers\u00bb (Susurros chinos).<\/p><p>\u00bfC\u00f3mo ser\u00eda un mundo menos globalizado y m\u00e1s aut\u00e1rtico? <b>\u00bfTraer\u00eda m\u00e1s prosperidad?<\/b><\/p><p>Para analizarlo, Chu investig\u00f3 las dos principales \u00e1reas en las que se busca la autosuficiencia: los alimentos y la energ\u00eda.<\/p><p><br \/><b>Autoabastecimiento alimentario<\/b><\/p><p>Hoy casi todos los pa\u00edses del mundo importan parte de lo que comen, pero cada vez hay m\u00e1s personas que defienden la idea de <b>consumir lo que se produce localmente<\/b>. Y no solo por una cuesti\u00f3n de autosuficiencia.<\/p><p>El autoabastecimiento alimentario podr\u00eda reducir las emisiones de gases da\u00f1inos para el medio ambiente y ayudar as\u00ed a <b>combatir el cambio clim\u00e1tico<\/b>, ya que se evitar\u00eda transportar alimentos desde una punta del planeta a otra.<\/p><p>Otro argumento a favor de una mayor autosuficiencia en la producci\u00f3n de alimentos es que hace que un pa\u00eds sea <b>menos vulnerable<\/b> si las cadenas de suministro internacionales se cortan debido al clima, la guerra o incluso accidentes, como el bloqueo del Canal de Suez ocurrido a comienzos de 2021.<\/p><p>Desencallan por completo al carguero Ever Given despu\u00e9s de casi una semana bloqueando el Canal de Suez<\/p><p>\u00abLa noci\u00f3n de autarqu\u00eda y seguridad alimentaria est\u00e1n arriba en la lista para el dise\u00f1o de pol\u00edticas en este momento\u00bb, se\u00f1ala Tim Lang, profesor de Pol\u00edtica Alimentaria en la Universidad de Londres.<\/p><p>Pero \u00bfpuede un pa\u00eds que actualmente importa mucha de su comida lograr autoabastecerse?<\/p>\t\t\t\t\t\t\t\t<\/div>\n\t\t\t\t<\/div>\n\t\t\t\t\t<\/div>\n\t\t<\/div>\n\t\t\t\t\t<\/div>\n\t\t<\/section>\n\t\t\t\t<section class=\"elementor-section elementor-top-section elementor-element elementor-element-268a63d elementor-section-boxed elementor-section-height-default elementor-section-height-default\" data-id=\"268a63d\" data-element_type=\"section\" data-e-type=\"section\">\n\t\t\t\t\t\t<div class=\"elementor-container elementor-column-gap-default\">\n\t\t\t\t\t<div class=\"elementor-column elementor-col-100 elementor-top-column elementor-element elementor-element-be5b8e1\" data-id=\"be5b8e1\" data-element_type=\"column\" data-e-type=\"column\">\n\t\t\t<div class=\"elementor-widget-wrap elementor-element-populated\">\n\t\t\t\t\t\t<div class=\"elementor-element elementor-element-f295ffb elementor-widget elementor-widget-image\" data-id=\"f295ffb\" data-element_type=\"widget\" data-e-type=\"widget\" data-widget_type=\"image.default\">\n\t\t\t\t<div class=\"elementor-widget-container\">\n\t\t\t\t\t\t\t\t\t\t\t\t\t\t\t<img decoding=\"async\" width=\"800\" height=\"450\" src=\"https:\/\/www.santafevalores.com\/wp-content\/uploads\/2023\/01\/F328189772_3.webp\" class=\"attachment-large size-large wp-image-66877\" alt=\"\" srcset=\"https:\/\/www.santafevalores.com\/wp-content\/uploads\/2023\/01\/F328189772_3.webp 800w, https:\/\/www.santafevalores.com\/wp-content\/uploads\/2023\/01\/F328189772_3-300x169.webp 300w, https:\/\/www.santafevalores.com\/wp-content\/uploads\/2023\/01\/F328189772_3-768x432.webp 768w\" sizes=\"(max-width: 800px) 100vw, 800px\" \/>\t\t\t\t\t\t\t\t\t\t\t\t\t\t\t<\/div>\n\t\t\t\t<\/div>\n\t\t\t\t\t<\/div>\n\t\t<\/div>\n\t\t\t\t\t<\/div>\n\t\t<\/section>\n\t\t\t\t<section class=\"elementor-section elementor-top-section elementor-element elementor-element-0fcf8a6 elementor-section-boxed elementor-section-height-default elementor-section-height-default\" data-id=\"0fcf8a6\" data-element_type=\"section\" data-e-type=\"section\">\n\t\t\t\t\t\t<div class=\"elementor-container elementor-column-gap-default\">\n\t\t\t\t\t<div class=\"elementor-column elementor-col-100 elementor-top-column elementor-element elementor-element-a62f1f6\" data-id=\"a62f1f6\" data-element_type=\"column\" data-e-type=\"column\">\n\t\t\t<div class=\"elementor-widget-wrap elementor-element-populated\">\n\t\t\t\t\t\t<div class=\"elementor-element elementor-element-99f26d0 elementor-widget elementor-widget-text-editor\" data-id=\"99f26d0\" data-element_type=\"widget\" data-e-type=\"widget\" data-widget_type=\"text-editor.default\">\n\t\t\t\t<div class=\"elementor-widget-container\">\n\t\t\t\t\t\t\t\t\t<p>Para averiguarlo, Chu viaj\u00f3 a Devon, Inglaterra, donde se producen muchos de los cultivos que alimentan a los brit\u00e1nicos.<\/p><p>En la actualidad Reino Unido produce cerca de la mitad de sus alimentos e importa la otra mitad. \u00bfPodr\u00eda producir el 100%?<\/p><p>\u00abSi podemos, pero <b>tendr\u00edamos que cambiar radicalmente nuestra dieta<\/b>\u00ab, le respondi\u00f3 Guy Singh-Watson, fundador de Riverside Organic y elegido Granjero del A\u00f1o dos veces por Radio 4 de la BBC.<\/p><p>\u00abLa gente tendr\u00eda que acostumbrarse a comer solo lo que podemos producir localmente en cada estaci\u00f3n\u00bb, afirm\u00f3. Eso significar\u00eda decirles adi\u00f3s a productos que hoy forman parte de la dieta com\u00fan, como por ejemplo las bananas.<\/p><p>\u00abAdem\u00e1s tendr\u00edamos que comer <b>much\u00edsima menos prote\u00edna animal <\/b>&#8211; productos l\u00e1cteos, huevos y carne-\u00ab, agreg\u00f3 Singh-Watson.<\/p><p>El motivo es que mucha de la tierra para el pastoreo de animales tendr\u00eda que dedicarse a los cultivos que antes se tra\u00edan de afuera.<\/p><p>El economista Brad DeLong, autor del libro \u00abSlouching Towards Utopia: An Economic History of the Twentieth Century\u00bb (\u00abEncorvarse hacia la utop\u00eda: una historia econ\u00f3mica del siglo XX\u00bb) resalta que, debido a estas limitaciones, <b>autoabastecerse no es conveniente.<\/b><\/p><p>\u00abNo puedes cultivar o minar todo lo que quieres dentro de tus fronteras, y, sobre todo, no puedes hacerlo de manera eficiente y barata\u00bb, sostiene este defensor del libre comercio.<\/p><p>DeLong se\u00f1ala, adem\u00e1s, que al tratar de producir todo uno mismo \u00abest\u00e1s sacrificando una enorme cantidad de <b>ganancias potenciales<\/b> a trav\u00e9s del comercio\u00bb, ya que diferentes pa\u00edses tienen diferentes ventajas a la hora de producir.<\/p><p>Otros expertos advierten que los intentos por lograr la autosuficiencia alimentaria en el pasado han tenido graves consecuencias.<\/p>\t\t\t\t\t\t\t\t<\/div>\n\t\t\t\t<\/div>\n\t\t\t\t\t<\/div>\n\t\t<\/div>\n\t\t\t\t\t<\/div>\n\t\t<\/section>\n\t\t\t\t<section class=\"elementor-section elementor-top-section elementor-element elementor-element-fc31c1b elementor-section-boxed elementor-section-height-default elementor-section-height-default\" data-id=\"fc31c1b\" data-element_type=\"section\" data-e-type=\"section\">\n\t\t\t\t\t\t<div class=\"elementor-container elementor-column-gap-default\">\n\t\t\t\t\t<div class=\"elementor-column elementor-col-100 elementor-top-column elementor-element elementor-element-0465b1a\" data-id=\"0465b1a\" data-element_type=\"column\" data-e-type=\"column\">\n\t\t\t<div class=\"elementor-widget-wrap elementor-element-populated\">\n\t\t\t\t\t\t<div class=\"elementor-element elementor-element-86f36fa elementor-widget elementor-widget-image\" data-id=\"86f36fa\" data-element_type=\"widget\" data-e-type=\"widget\" data-widget_type=\"image.default\">\n\t\t\t\t<div class=\"elementor-widget-container\">\n\t\t\t\t\t\t\t\t\t\t\t\t\t\t\t<img loading=\"lazy\" decoding=\"async\" width=\"800\" height=\"450\" src=\"https:\/\/www.santafevalores.com\/wp-content\/uploads\/2023\/01\/F4128189773_4.webp\" class=\"attachment-large size-large wp-image-66878\" alt=\"\" srcset=\"https:\/\/www.santafevalores.com\/wp-content\/uploads\/2023\/01\/F4128189773_4.webp 800w, https:\/\/www.santafevalores.com\/wp-content\/uploads\/2023\/01\/F4128189773_4-300x169.webp 300w, https:\/\/www.santafevalores.com\/wp-content\/uploads\/2023\/01\/F4128189773_4-768x432.webp 768w\" sizes=\"(max-width: 800px) 100vw, 800px\" \/>\t\t\t\t\t\t\t\t\t\t\t\t\t\t\t<\/div>\n\t\t\t\t<\/div>\n\t\t\t\t\t<\/div>\n\t\t<\/div>\n\t\t\t\t\t<\/div>\n\t\t<\/section>\n\t\t\t\t<section class=\"elementor-section elementor-top-section elementor-element elementor-element-d198de8 elementor-section-boxed elementor-section-height-default elementor-section-height-default\" data-id=\"d198de8\" data-element_type=\"section\" data-e-type=\"section\">\n\t\t\t\t\t\t<div class=\"elementor-container elementor-column-gap-default\">\n\t\t\t\t\t<div class=\"elementor-column elementor-col-100 elementor-top-column elementor-element elementor-element-9f45a1d\" data-id=\"9f45a1d\" data-element_type=\"column\" data-e-type=\"column\">\n\t\t\t<div class=\"elementor-widget-wrap elementor-element-populated\">\n\t\t\t\t\t\t<div class=\"elementor-element elementor-element-b6e7970 elementor-widget elementor-widget-text-editor\" data-id=\"b6e7970\" data-element_type=\"widget\" data-e-type=\"widget\" data-widget_type=\"text-editor.default\">\n\t\t\t\t<div class=\"elementor-widget-container\">\n\t\t\t\t\t\t\t\t\t<p>Quiz\u00e1s dos de los casos m\u00e1s conocidos son los de China bajo Mao Zedong, que con su \u00abGran Salto Adelante\u00bb provoc\u00f3 <b>una de las mayores hambrunas de la historia<\/b>, que mat\u00f3 a millones de personas a finales de la d\u00e9cada de 1950.<\/p><p>Y el de Corea del Norte, que debido a su econom\u00eda cerrada tuvo per\u00edodos de escasez extrema de alimentos en la d\u00e9cada de 1990 que mataron de inanici\u00f3n a unos dos millones de personas.<\/p><p>Ceyla Pazarbasioglu, directora de estrategia del Fondo Monetario Internacional (FMI), cree que los pa\u00edses deben diversificar y fortalecer sus cadenas de suministro de alimentos.<\/p><p>Pero advierte que los intentos de autarqu\u00eda en los pa\u00edses m\u00e1s ricos pueden tener <b>\u00abconsecuencias tr\u00e1gicas\u00bb <\/b>sobre las naciones menos desarrolladas.<\/p><p>\u00abDespu\u00e9s de la invasi\u00f3n rusa de Ucrania, hemos visto a unos 30 pa\u00edses imponer restricciones a la exportaci\u00f3n\u00bb, se\u00f1al\u00f3. \u00abEsto ha tenido implicaciones para muchos y especialmente para los m\u00e1s vulnerables porque su consumo de alimentos es mucho mayor en t\u00e9rminos de su consumo general\u00bb.<\/p><p><br \/><b>Autoabastecimiento energ\u00e9tico<\/b><\/p><p>Si hablamos de energ\u00eda, ah\u00ed hay una mayor coincidencia entre muchos expertos de que tiene mucho sentido<b> tratar de generar lo m\u00e1s posible puertas adentro.<\/b><\/p><p>No solo por razones de seguridad, sino porque las formas modernas de energ\u00eda renovable generadas localmente, como la e\u00f3lica y la solar, tienen emisiones de carbono insignificantes, a diferencia de los combustibles f\u00f3siles como el gas, el petr\u00f3leo y el carb\u00f3n, que en la mayor\u00eda de los casos se importan desde el exterior.<\/p><p>En ese sentido, el giro aut\u00e1rquico que est\u00e1 viviendo el mundo por la pospandemia y la guerra en Ucrania <b>podr\u00eda ayudar al planeta a descarbonizarse<\/b> y frenar el calentamiento global.<\/p><p>Pero \u00bfes posible lograr el autoabastecimiento energ\u00e9tico?<\/p><p>Para su serie, Chu investig\u00f3 el potencial de Reino Unido para crear sus propias fuentes de energ\u00eda.<\/p>\t\t\t\t\t\t\t\t<\/div>\n\t\t\t\t<\/div>\n\t\t\t\t\t<\/div>\n\t\t<\/div>\n\t\t\t\t\t<\/div>\n\t\t<\/section>\n\t\t\t\t<section class=\"elementor-section elementor-top-section elementor-element elementor-element-5d1d8b1 elementor-section-boxed elementor-section-height-default elementor-section-height-default\" data-id=\"5d1d8b1\" data-element_type=\"section\" data-e-type=\"section\">\n\t\t\t\t\t\t<div class=\"elementor-container elementor-column-gap-default\">\n\t\t\t\t\t<div class=\"elementor-column elementor-col-100 elementor-top-column elementor-element elementor-element-e9d7bc8\" data-id=\"e9d7bc8\" data-element_type=\"column\" data-e-type=\"column\">\n\t\t\t<div class=\"elementor-widget-wrap elementor-element-populated\">\n\t\t\t\t\t\t<div class=\"elementor-element elementor-element-bbcfa76 elementor-widget elementor-widget-image\" data-id=\"bbcfa76\" data-element_type=\"widget\" data-e-type=\"widget\" data-widget_type=\"image.default\">\n\t\t\t\t<div class=\"elementor-widget-container\">\n\t\t\t\t\t\t\t\t\t\t\t\t\t\t\t<img loading=\"lazy\" decoding=\"async\" width=\"800\" height=\"450\" src=\"https:\/\/www.santafevalores.com\/wp-content\/uploads\/2023\/01\/F5128189775.webp\" class=\"attachment-large size-large wp-image-66879\" alt=\"\" srcset=\"https:\/\/www.santafevalores.com\/wp-content\/uploads\/2023\/01\/F5128189775.webp 800w, https:\/\/www.santafevalores.com\/wp-content\/uploads\/2023\/01\/F5128189775-300x169.webp 300w, https:\/\/www.santafevalores.com\/wp-content\/uploads\/2023\/01\/F5128189775-768x432.webp 768w\" sizes=\"(max-width: 800px) 100vw, 800px\" \/>\t\t\t\t\t\t\t\t\t\t\t\t\t\t\t<\/div>\n\t\t\t\t<\/div>\n\t\t\t\t\t<\/div>\n\t\t<\/div>\n\t\t\t\t\t<\/div>\n\t\t<\/section>\n\t\t\t\t<section class=\"elementor-section elementor-top-section elementor-element elementor-element-3abbe72 elementor-section-boxed elementor-section-height-default elementor-section-height-default\" data-id=\"3abbe72\" data-element_type=\"section\" data-e-type=\"section\">\n\t\t\t\t\t\t<div class=\"elementor-container elementor-column-gap-default\">\n\t\t\t\t\t<div class=\"elementor-column elementor-col-100 elementor-top-column elementor-element elementor-element-f93e52e\" data-id=\"f93e52e\" data-element_type=\"column\" data-e-type=\"column\">\n\t\t\t<div class=\"elementor-widget-wrap elementor-element-populated\">\n\t\t\t\t\t\t<div class=\"elementor-element elementor-element-14c2524 elementor-widget elementor-widget-text-editor\" data-id=\"14c2524\" data-element_type=\"widget\" data-e-type=\"widget\" data-widget_type=\"text-editor.default\">\n\t\t\t\t<div class=\"elementor-widget-container\">\n\t\t\t\t\t\t\t\t\t<p>El empresario Greg Jackson, CEO de Octopus Energy, generadora de energ\u00eda tanto tradicional como renovable, asegur\u00f3 que el pa\u00eds <b>podr\u00eda depender<\/b> principalmente de energ\u00edas como la e\u00f3lica y la solar, algo en lo que coinciden otros expertos de ese sector.<\/p><p>Sin embargo, esto requerir\u00eda <b>crear campos gigantes<\/b> repletos de turbinas de viento y paneles solares, algo a lo que se oponen muchos en zonas rurales, por considerar que arruinar\u00eda el paisaje.<\/p><p>Josh Stratton, de JM Stratton &amp; Co, que tiene granjas de paneles solares, reconoce que hay que tener mucho cuidado d\u00f3nde se colocan.<\/p><p>\u00abEn las d\u00e9cadas de 1950 y 1960 se erigieron las grandes torres de alta tensi\u00f3n, y hasta el d\u00eda de hoy se las ve como una cicatriz visible\u00bb, se\u00f1al\u00f3. \u00abTenemos que ser muy cuidadosos con d\u00f3nde los ponemos porque no estar\u00e1n colocados solo por cinco o diez a\u00f1os, o mientras tenemos una crisis energ\u00e9tica\u00bb.<\/p><p>Entonces, \u00bfestar\u00e1n pa\u00edses como Reino Unido preparados para pagar el <b>\u00abprecio visual\u00bb<\/b> que se requiere para tener autosuficiencia energ\u00e9tica?<\/p><p>Para Greg Jackson, muchos lo ver\u00e1n con mejores ojos cuando se den cuenta de que viviendo cerca de estas fuentes de energ\u00eda renovables <b>sus costos energ\u00e9ticos bajar\u00edan notablemente.<\/b><\/p><p>\u00abCuanto m\u00e1s las personas empiecen a sentir estos beneficios, m\u00e1s habr\u00e1 un efecto bola de nieve hacia ese mundo de energ\u00edas m\u00e1s limpias y baratas\u00bb.<\/p>\t\t\t\t\t\t\t\t<\/div>\n\t\t\t\t<\/div>\n\t\t\t\t\t<\/div>\n\t\t<\/div>\n\t\t\t\t\t<\/div>\n\t\t<\/section>\n\t\t\t\t<section class=\"elementor-section elementor-top-section elementor-element elementor-element-545038a elementor-section-boxed elementor-section-height-default elementor-section-height-default\" data-id=\"545038a\" data-element_type=\"section\" data-e-type=\"section\">\n\t\t\t\t\t\t<div class=\"elementor-container elementor-column-gap-default\">\n\t\t\t\t\t<div class=\"elementor-column elementor-col-100 elementor-top-column elementor-element elementor-element-d0907e4\" data-id=\"d0907e4\" data-element_type=\"column\" data-e-type=\"column\">\n\t\t\t<div class=\"elementor-widget-wrap elementor-element-populated\">\n\t\t\t\t\t\t<div class=\"elementor-element elementor-element-3447aa1 elementor-widget elementor-widget-image\" data-id=\"3447aa1\" data-element_type=\"widget\" data-e-type=\"widget\" data-widget_type=\"image.default\">\n\t\t\t\t<div class=\"elementor-widget-container\">\n\t\t\t\t\t\t\t\t\t\t\t\t\t\t\t<img loading=\"lazy\" decoding=\"async\" width=\"800\" height=\"450\" src=\"https:\/\/www.santafevalores.com\/wp-content\/uploads\/2023\/01\/F6128189776.webp\" class=\"attachment-large size-large wp-image-66881\" alt=\"\" srcset=\"https:\/\/www.santafevalores.com\/wp-content\/uploads\/2023\/01\/F6128189776.webp 800w, https:\/\/www.santafevalores.com\/wp-content\/uploads\/2023\/01\/F6128189776-300x169.webp 300w, https:\/\/www.santafevalores.com\/wp-content\/uploads\/2023\/01\/F6128189776-768x432.webp 768w\" sizes=\"(max-width: 800px) 100vw, 800px\" \/>\t\t\t\t\t\t\t\t\t\t\t\t\t\t\t<\/div>\n\t\t\t\t<\/div>\n\t\t\t\t\t<\/div>\n\t\t<\/div>\n\t\t\t\t\t<\/div>\n\t\t<\/section>\n\t\t\t\t<section class=\"elementor-section elementor-top-section elementor-element elementor-element-8d856f7 elementor-section-boxed elementor-section-height-default elementor-section-height-default\" data-id=\"8d856f7\" data-element_type=\"section\" data-e-type=\"section\">\n\t\t\t\t\t\t<div class=\"elementor-container elementor-column-gap-default\">\n\t\t\t\t\t<div class=\"elementor-column elementor-col-100 elementor-top-column elementor-element elementor-element-3f0e6c7\" data-id=\"3f0e6c7\" data-element_type=\"column\" data-e-type=\"column\">\n\t\t\t<div class=\"elementor-widget-wrap elementor-element-populated\">\n\t\t\t\t\t\t<div class=\"elementor-element elementor-element-d7bfa54 elementor-widget elementor-widget-text-editor\" data-id=\"d7bfa54\" data-element_type=\"widget\" data-e-type=\"widget\" data-widget_type=\"text-editor.default\">\n\t\t\t\t<div class=\"elementor-widget-container\">\n\t\t\t\t\t\t\t\t\t<p>Sin embargo, el periodista y exfuncionario estadounidense Scott Malcomson, experto en globalizaci\u00f3n, advierte que los pa\u00edses no podr\u00e1n lograr una verdadera autarqu\u00eda energ\u00e9tica si no son <b>due\u00f1os de los recursos<\/b> que se usan para producir esa energ\u00eda.<\/p>\n<p>\u00abSi quieres lograr la autosuficiencia tienes que tener autosuficiencia de insumos. Puede ser petr\u00f3leo y gas o los minerales que se necesitan para fabricar bater\u00edas en veh\u00edculos de energ\u00eda limpia\u00bb, afirma.<\/p>\n<p>Malcomson agrega que en un mundo crecientemente aut\u00e1rtico <b>esos recursos podr\u00edan generar conflictos<\/b> entre pa\u00edses, lo que pondr\u00eda en riesgo no solo su seguridad sino tambi\u00e9n su prosperidad econ\u00f3mica.<\/p>\n<p>Es decir que, si bien depender de otros pa\u00edses para importar energ\u00eda puede representar una amenaza para la seguridad nacional, garantizar el autoabastecimiento energ\u00e9tico tambi\u00e9n puede conllevar peligros.<\/p>\n<p>\u00abSi los pa\u00edses lo hacen todo puertas adentro tienen m\u00e1s riesgos porque dentro de los pa\u00edses tambi\u00e9n puede haber turbulencias\u00bb, agrega Ceyla Pazarbasioglu, del Fondo Monetario Internacional.<\/p>\n<p>\u00abVa a ser importante que <b>haya un balance<\/b> entre diversificar (las cadenas de suministro) y tener una mayor proporci\u00f3n de pa\u00edses que producen ciertos bienes, pero al mismo tiempo teniendo alg\u00fan nivel de producci\u00f3n interna\u00bb, aconseja.<\/p>\n<p>La funcionaria tambi\u00e9n advierte sobre los riesgos de dejar atr\u00e1s la globalizaci\u00f3n y la cooperaci\u00f3n internacional en un mundo en el que muchas de las amenazas -como el cambio clim\u00e1tico o las pandemias- son compartidas.<\/p>\n<p>\u00abSignificar\u00e1 que habr\u00e1 un mundo menos resiliente, m\u00e1s propenso a los shocks, y que habr\u00e1 <b>dificultades para resolver algunos de los desaf\u00edos globales<\/b> que enfrentamos todos\u00bb.<\/p>\n<p>Las consecuencias econ\u00f3micas de un mundo aut\u00e1rtico tambi\u00e9n ser\u00edan negativas, asegura.<\/p>\n<p>\u00abTendr\u00edamos productividad mucho m\u00e1s baja, menor crecimiento econ\u00f3mico y est\u00e1ndares de vida m\u00e1s bajos&#8230; exactamente lo opuesto de lo que hemos ganado en el pasado gracias a la globalizaci\u00f3n\u00bb.<\/p>\t\t\t\t\t\t\t\t<\/div>\n\t\t\t\t<\/div>\n\t\t\t\t\t<\/div>\n\t\t<\/div>\n\t\t\t\t\t<\/div>\n\t\t<\/section>\n\t\t\t\t<section class=\"elementor-section elementor-top-section elementor-element elementor-element-18834d0 elementor-section-boxed elementor-section-height-default elementor-section-height-default\" data-id=\"18834d0\" data-element_type=\"section\" data-e-type=\"section\">\n\t\t\t\t\t\t<div class=\"elementor-container elementor-column-gap-default\">\n\t\t\t\t\t<div class=\"elementor-column elementor-col-100 elementor-top-column elementor-element elementor-element-7177178\" data-id=\"7177178\" data-element_type=\"column\" data-e-type=\"column\">\n\t\t\t<div class=\"elementor-widget-wrap elementor-element-populated\">\n\t\t\t\t\t\t<div class=\"elementor-element elementor-element-7e46ec2 elementor-headline--style-highlight elementor-widget elementor-widget-animated-headline\" data-id=\"7e46ec2\" data-element_type=\"widget\" data-e-type=\"widget\" data-settings=\"{&quot;highlighted_text&quot;:&quot;reporta BBC&quot;,&quot;headline_style&quot;:&quot;highlight&quot;,&quot;marker&quot;:&quot;circle&quot;,&quot;loop&quot;:&quot;yes&quot;,&quot;highlight_animation_duration&quot;:1200,&quot;highlight_iteration_delay&quot;:8000}\" data-widget_type=\"animated-headline.default\">\n\t\t\t\t<div class=\"elementor-widget-container\">\n\t\t\t\t\t\t\t\t<a href=\"https:\/\/www.bbc.com\/mundo\/noticias-64157873\" target=\"_blank\">\n\n\t\t\t\t\t<p class=\"elementor-headline\">\n\t\t\t\t\t<span class=\"elementor-headline-plain-text elementor-headline-text-wrapper\">Fuente:<\/span>\n\t\t\t\t<span class=\"elementor-headline-dynamic-wrapper elementor-headline-text-wrapper\">\n\t\t\t\t\t<span class=\"elementor-headline-dynamic-text elementor-headline-text-active\">reporta BBC<\/span>\n\t\t\t\t<\/span>\n\t\t\t\t<\/p>\n\t\t<\/a>\t\t\t\t<\/div>\n\t\t\t\t<\/div>\n\t\t\t\t\t<\/div>\n\t\t<\/div>\n\t\t\t\t\t<\/div>\n\t\t<\/section>\n\t\t\t\t<\/div>\n\t\t","protected":false},"excerpt":{"rendered":"<p>La ca\u00edda del Muro de Berl\u00edn a finales de 1989 y la eventual desintegraci\u00f3n de la Uni\u00f3n Sovi\u00e9tica, casi dos a\u00f1os m\u00e1s tarde, pusieron fin a la Guerra Fr\u00eda y marcaron el comienzo de una nueva era de globalizaci\u00f3n, que dio forma a la econom\u00eda de mercado moderna. Pero en el siglo XXI, diversas crisis&hellip;<\/p>\n","protected":false},"author":1,"featured_media":66875,"comment_status":"open","ping_status":"closed","sticky":false,"template":"","format":"standard","meta":{"content-type":"","_joinchat":[],"footnotes":""},"categories":[1],"tags":[],"class_list":["post-66873","post","type-post","status-publish","format-standard","has-post-thumbnail","hentry","category-uncategorized"],"yoast_head":"<!-- This site is optimized with the Yoast SEO plugin v27.5 - https:\/\/yoast.com\/product\/yoast-seo-wordpress\/ -->\n<title>Autarqu\u00eda: \u00bfser\u00eda mejor que un pa\u00eds produjera todo lo que necesita en su propio territorio en vez de importarlo? - Santa Fe Casa de Valores S.A.<\/title>\n<meta name=\"robots\" content=\"index, follow, max-snippet:-1, max-image-preview:large, max-video-preview:-1\" \/>\n<link rel=\"canonical\" href=\"https:\/\/www.santafevalores.com\/index.php\/2023\/01\/30\/autarquia-seria-mejor-que-un-pais-produjera-todo-lo-que-necesita\/\" \/>\n<meta property=\"og:locale\" content=\"es_ES\" \/>\n<meta property=\"og:type\" content=\"article\" \/>\n<meta property=\"og:title\" content=\"Autarqu\u00eda: \u00bfser\u00eda mejor que un pa\u00eds produjera todo lo que necesita en su propio territorio en vez de importarlo? - Santa Fe Casa de Valores S.A.\" \/>\n<meta property=\"og:description\" content=\"La ca\u00edda del Muro de Berl\u00edn a finales de 1989 y la eventual desintegraci\u00f3n de la Uni\u00f3n Sovi\u00e9tica, casi dos a\u00f1os m\u00e1s tarde, pusieron fin a la Guerra Fr\u00eda y marcaron el comienzo de una nueva era de globalizaci\u00f3n, que dio forma a la econom\u00eda de mercado moderna. Pero en el siglo XXI, diversas crisis&hellip;\" \/>\n<meta property=\"og:url\" content=\"https:\/\/www.santafevalores.com\/index.php\/2023\/01\/30\/autarquia-seria-mejor-que-un-pais-produjera-todo-lo-que-necesita\/\" \/>\n<meta property=\"og:site_name\" content=\"Santa Fe Casa de Valores S.A.\" \/>\n<meta property=\"article:publisher\" content=\"https:\/\/www.facebook.com\/santafevalores\/\" \/>\n<meta property=\"article:published_time\" content=\"2023-01-30T16:42:28+00:00\" \/>\n<meta property=\"article:modified_time\" content=\"2023-01-30T17:24:32+00:00\" \/>\n<meta property=\"og:image\" content=\"https:\/\/www.santafevalores.com\/wp-content\/uploads\/2023\/01\/F128189770.webp\" \/>\n\t<meta property=\"og:image:width\" content=\"800\" \/>\n\t<meta property=\"og:image:height\" content=\"450\" \/>\n\t<meta property=\"og:image:type\" content=\"image\/webp\" \/>\n<meta name=\"author\" content=\"admin\" \/>\n<meta name=\"twitter:card\" content=\"summary_large_image\" \/>\n<meta name=\"twitter:creator\" content=\"@SantaFeValores\" \/>\n<meta name=\"twitter:site\" content=\"@SantaFeValores\" \/>\n<meta name=\"twitter:label1\" content=\"Escrito por\" \/>\n\t<meta name=\"twitter:data1\" content=\"admin\" \/>\n\t<meta name=\"twitter:label2\" content=\"Tiempo de lectura\" \/>\n\t<meta name=\"twitter:data2\" content=\"10 minutos\" \/>\n<script type=\"application\/ld+json\" class=\"yoast-schema-graph\">{\"@context\":\"https:\\\/\\\/schema.org\",\"@graph\":[{\"@type\":\"Article\",\"@id\":\"https:\\\/\\\/www.santafevalores.com\\\/index.php\\\/2023\\\/01\\\/30\\\/autarquia-seria-mejor-que-un-pais-produjera-todo-lo-que-necesita\\\/#article\",\"isPartOf\":{\"@id\":\"https:\\\/\\\/www.santafevalores.com\\\/index.php\\\/2023\\\/01\\\/30\\\/autarquia-seria-mejor-que-un-pais-produjera-todo-lo-que-necesita\\\/\"},\"author\":{\"name\":\"admin\",\"@id\":\"https:\\\/\\\/www.santafevalores.com\\\/#\\\/schema\\\/person\\\/d965a42370507d0a1638e69158bb5835\"},\"headline\":\"Autarqu\u00eda: \u00bfser\u00eda mejor que un pa\u00eds produjera todo lo que necesita en su propio territorio en vez de importarlo?\",\"datePublished\":\"2023-01-30T16:42:28+00:00\",\"dateModified\":\"2023-01-30T17:24:32+00:00\",\"mainEntityOfPage\":{\"@id\":\"https:\\\/\\\/www.santafevalores.com\\\/index.php\\\/2023\\\/01\\\/30\\\/autarquia-seria-mejor-que-un-pais-produjera-todo-lo-que-necesita\\\/\"},\"wordCount\":1965,\"commentCount\":0,\"publisher\":{\"@id\":\"https:\\\/\\\/www.santafevalores.com\\\/#organization\"},\"image\":{\"@id\":\"https:\\\/\\\/www.santafevalores.com\\\/index.php\\\/2023\\\/01\\\/30\\\/autarquia-seria-mejor-que-un-pais-produjera-todo-lo-que-necesita\\\/#primaryimage\"},\"thumbnailUrl\":\"https:\\\/\\\/www.santafevalores.com\\\/wp-content\\\/uploads\\\/2023\\\/01\\\/F128189770.webp\",\"articleSection\":[\"Uncategorized\"],\"inLanguage\":\"es\",\"potentialAction\":[{\"@type\":\"CommentAction\",\"name\":\"Comment\",\"target\":[\"https:\\\/\\\/www.santafevalores.com\\\/index.php\\\/2023\\\/01\\\/30\\\/autarquia-seria-mejor-que-un-pais-produjera-todo-lo-que-necesita\\\/#respond\"]}]},{\"@type\":\"WebPage\",\"@id\":\"https:\\\/\\\/www.santafevalores.com\\\/index.php\\\/2023\\\/01\\\/30\\\/autarquia-seria-mejor-que-un-pais-produjera-todo-lo-que-necesita\\\/\",\"url\":\"https:\\\/\\\/www.santafevalores.com\\\/index.php\\\/2023\\\/01\\\/30\\\/autarquia-seria-mejor-que-un-pais-produjera-todo-lo-que-necesita\\\/\",\"name\":\"Autarqu\u00eda: \u00bfser\u00eda mejor que un pa\u00eds produjera todo lo que necesita en su propio territorio en vez de importarlo? - Santa Fe Casa de Valores S.A.\",\"isPartOf\":{\"@id\":\"https:\\\/\\\/www.santafevalores.com\\\/#website\"},\"primaryImageOfPage\":{\"@id\":\"https:\\\/\\\/www.santafevalores.com\\\/index.php\\\/2023\\\/01\\\/30\\\/autarquia-seria-mejor-que-un-pais-produjera-todo-lo-que-necesita\\\/#primaryimage\"},\"image\":{\"@id\":\"https:\\\/\\\/www.santafevalores.com\\\/index.php\\\/2023\\\/01\\\/30\\\/autarquia-seria-mejor-que-un-pais-produjera-todo-lo-que-necesita\\\/#primaryimage\"},\"thumbnailUrl\":\"https:\\\/\\\/www.santafevalores.com\\\/wp-content\\\/uploads\\\/2023\\\/01\\\/F128189770.webp\",\"datePublished\":\"2023-01-30T16:42:28+00:00\",\"dateModified\":\"2023-01-30T17:24:32+00:00\",\"breadcrumb\":{\"@id\":\"https:\\\/\\\/www.santafevalores.com\\\/index.php\\\/2023\\\/01\\\/30\\\/autarquia-seria-mejor-que-un-pais-produjera-todo-lo-que-necesita\\\/#breadcrumb\"},\"inLanguage\":\"es\",\"potentialAction\":[{\"@type\":\"ReadAction\",\"target\":[\"https:\\\/\\\/www.santafevalores.com\\\/index.php\\\/2023\\\/01\\\/30\\\/autarquia-seria-mejor-que-un-pais-produjera-todo-lo-que-necesita\\\/\"]}]},{\"@type\":\"ImageObject\",\"inLanguage\":\"es\",\"@id\":\"https:\\\/\\\/www.santafevalores.com\\\/index.php\\\/2023\\\/01\\\/30\\\/autarquia-seria-mejor-que-un-pais-produjera-todo-lo-que-necesita\\\/#primaryimage\",\"url\":\"https:\\\/\\\/www.santafevalores.com\\\/wp-content\\\/uploads\\\/2023\\\/01\\\/F128189770.webp\",\"contentUrl\":\"https:\\\/\\\/www.santafevalores.com\\\/wp-content\\\/uploads\\\/2023\\\/01\\\/F128189770.webp\",\"width\":800,\"height\":450},{\"@type\":\"BreadcrumbList\",\"@id\":\"https:\\\/\\\/www.santafevalores.com\\\/index.php\\\/2023\\\/01\\\/30\\\/autarquia-seria-mejor-que-un-pais-produjera-todo-lo-que-necesita\\\/#breadcrumb\",\"itemListElement\":[{\"@type\":\"ListItem\",\"position\":1,\"name\":\"Portada\",\"item\":\"https:\\\/\\\/www.santafevalores.com\\\/\"},{\"@type\":\"ListItem\",\"position\":2,\"name\":\"Autarqu\u00eda: \u00bfser\u00eda mejor que un pa\u00eds produjera todo lo que necesita en su propio territorio en vez de importarlo?\"}]},{\"@type\":\"WebSite\",\"@id\":\"https:\\\/\\\/www.santafevalores.com\\\/#website\",\"url\":\"https:\\\/\\\/www.santafevalores.com\\\/\",\"name\":\"Santa Fe Casa de Valores S.A.\",\"description\":\"\",\"publisher\":{\"@id\":\"https:\\\/\\\/www.santafevalores.com\\\/#organization\"},\"potentialAction\":[{\"@type\":\"SearchAction\",\"target\":{\"@type\":\"EntryPoint\",\"urlTemplate\":\"https:\\\/\\\/www.santafevalores.com\\\/?s={search_term_string}\"},\"query-input\":{\"@type\":\"PropertyValueSpecification\",\"valueRequired\":true,\"valueName\":\"search_term_string\"}}],\"inLanguage\":\"es\"},{\"@type\":\"Organization\",\"@id\":\"https:\\\/\\\/www.santafevalores.com\\\/#organization\",\"name\":\"Santa Fe Casa de Valores S.A.\",\"alternateName\":\"SANTAFEVALORES\",\"url\":\"https:\\\/\\\/www.santafevalores.com\\\/\",\"logo\":{\"@type\":\"ImageObject\",\"inLanguage\":\"es\",\"@id\":\"https:\\\/\\\/www.santafevalores.com\\\/#\\\/schema\\\/logo\\\/image\\\/\",\"url\":\"https:\\\/\\\/www.santafevalores.com\\\/wp-content\\\/uploads\\\/2022\\\/06\\\/logo1.png\",\"contentUrl\":\"https:\\\/\\\/www.santafevalores.com\\\/wp-content\\\/uploads\\\/2022\\\/06\\\/logo1.png\",\"width\":235,\"height\":71,\"caption\":\"Santa Fe Casa de Valores S.A.\"},\"image\":{\"@id\":\"https:\\\/\\\/www.santafevalores.com\\\/#\\\/schema\\\/logo\\\/image\\\/\"},\"sameAs\":[\"https:\\\/\\\/www.facebook.com\\\/santafevalores\\\/\",\"https:\\\/\\\/x.com\\\/SantaFeValores\"]},{\"@type\":\"Person\",\"@id\":\"https:\\\/\\\/www.santafevalores.com\\\/#\\\/schema\\\/person\\\/d965a42370507d0a1638e69158bb5835\",\"name\":\"admin\",\"image\":{\"@type\":\"ImageObject\",\"inLanguage\":\"es\",\"@id\":\"https:\\\/\\\/secure.gravatar.com\\\/avatar\\\/97ec7f9eb6068ddac59d3806ca0034c167fce748f524adcfad8629911220756f?s=96&d=mm&r=g\",\"url\":\"https:\\\/\\\/secure.gravatar.com\\\/avatar\\\/97ec7f9eb6068ddac59d3806ca0034c167fce748f524adcfad8629911220756f?s=96&d=mm&r=g\",\"contentUrl\":\"https:\\\/\\\/secure.gravatar.com\\\/avatar\\\/97ec7f9eb6068ddac59d3806ca0034c167fce748f524adcfad8629911220756f?s=96&d=mm&r=g\",\"caption\":\"admin\"},\"sameAs\":[\"https:\\\/\\\/www.santafevalores.com\"],\"url\":\"https:\\\/\\\/www.santafevalores.com\\\/index.php\\\/author\\\/santafevaloresuio_ggv0vv79\\\/\"}]}<\/script>\n<!-- \/ Yoast SEO plugin. -->","yoast_head_json":{"title":"Autarqu\u00eda: \u00bfser\u00eda mejor que un pa\u00eds produjera todo lo que necesita en su propio territorio en vez de importarlo? - Santa Fe Casa de Valores S.A.","robots":{"index":"index","follow":"follow","max-snippet":"max-snippet:-1","max-image-preview":"max-image-preview:large","max-video-preview":"max-video-preview:-1"},"canonical":"https:\/\/www.santafevalores.com\/index.php\/2023\/01\/30\/autarquia-seria-mejor-que-un-pais-produjera-todo-lo-que-necesita\/","og_locale":"es_ES","og_type":"article","og_title":"Autarqu\u00eda: \u00bfser\u00eda mejor que un pa\u00eds produjera todo lo que necesita en su propio territorio en vez de importarlo? - Santa Fe Casa de Valores S.A.","og_description":"La ca\u00edda del Muro de Berl\u00edn a finales de 1989 y la eventual desintegraci\u00f3n de la Uni\u00f3n Sovi\u00e9tica, casi dos a\u00f1os m\u00e1s tarde, pusieron fin a la Guerra Fr\u00eda y marcaron el comienzo de una nueva era de globalizaci\u00f3n, que dio forma a la econom\u00eda de mercado moderna. Pero en el siglo XXI, diversas crisis&hellip;","og_url":"https:\/\/www.santafevalores.com\/index.php\/2023\/01\/30\/autarquia-seria-mejor-que-un-pais-produjera-todo-lo-que-necesita\/","og_site_name":"Santa Fe Casa de Valores S.A.","article_publisher":"https:\/\/www.facebook.com\/santafevalores\/","article_published_time":"2023-01-30T16:42:28+00:00","article_modified_time":"2023-01-30T17:24:32+00:00","og_image":[{"width":800,"height":450,"url":"https:\/\/www.santafevalores.com\/wp-content\/uploads\/2023\/01\/F128189770.webp","type":"image\/webp"}],"author":"admin","twitter_card":"summary_large_image","twitter_creator":"@SantaFeValores","twitter_site":"@SantaFeValores","twitter_misc":{"Escrito por":"admin","Tiempo de lectura":"10 minutos"},"schema":{"@context":"https:\/\/schema.org","@graph":[{"@type":"Article","@id":"https:\/\/www.santafevalores.com\/index.php\/2023\/01\/30\/autarquia-seria-mejor-que-un-pais-produjera-todo-lo-que-necesita\/#article","isPartOf":{"@id":"https:\/\/www.santafevalores.com\/index.php\/2023\/01\/30\/autarquia-seria-mejor-que-un-pais-produjera-todo-lo-que-necesita\/"},"author":{"name":"admin","@id":"https:\/\/www.santafevalores.com\/#\/schema\/person\/d965a42370507d0a1638e69158bb5835"},"headline":"Autarqu\u00eda: \u00bfser\u00eda mejor que un pa\u00eds produjera todo lo que necesita en su propio territorio en vez de importarlo?","datePublished":"2023-01-30T16:42:28+00:00","dateModified":"2023-01-30T17:24:32+00:00","mainEntityOfPage":{"@id":"https:\/\/www.santafevalores.com\/index.php\/2023\/01\/30\/autarquia-seria-mejor-que-un-pais-produjera-todo-lo-que-necesita\/"},"wordCount":1965,"commentCount":0,"publisher":{"@id":"https:\/\/www.santafevalores.com\/#organization"},"image":{"@id":"https:\/\/www.santafevalores.com\/index.php\/2023\/01\/30\/autarquia-seria-mejor-que-un-pais-produjera-todo-lo-que-necesita\/#primaryimage"},"thumbnailUrl":"https:\/\/www.santafevalores.com\/wp-content\/uploads\/2023\/01\/F128189770.webp","articleSection":["Uncategorized"],"inLanguage":"es","potentialAction":[{"@type":"CommentAction","name":"Comment","target":["https:\/\/www.santafevalores.com\/index.php\/2023\/01\/30\/autarquia-seria-mejor-que-un-pais-produjera-todo-lo-que-necesita\/#respond"]}]},{"@type":"WebPage","@id":"https:\/\/www.santafevalores.com\/index.php\/2023\/01\/30\/autarquia-seria-mejor-que-un-pais-produjera-todo-lo-que-necesita\/","url":"https:\/\/www.santafevalores.com\/index.php\/2023\/01\/30\/autarquia-seria-mejor-que-un-pais-produjera-todo-lo-que-necesita\/","name":"Autarqu\u00eda: \u00bfser\u00eda mejor que un pa\u00eds produjera todo lo que necesita en su propio territorio en vez de importarlo? - Santa Fe Casa de Valores S.A.","isPartOf":{"@id":"https:\/\/www.santafevalores.com\/#website"},"primaryImageOfPage":{"@id":"https:\/\/www.santafevalores.com\/index.php\/2023\/01\/30\/autarquia-seria-mejor-que-un-pais-produjera-todo-lo-que-necesita\/#primaryimage"},"image":{"@id":"https:\/\/www.santafevalores.com\/index.php\/2023\/01\/30\/autarquia-seria-mejor-que-un-pais-produjera-todo-lo-que-necesita\/#primaryimage"},"thumbnailUrl":"https:\/\/www.santafevalores.com\/wp-content\/uploads\/2023\/01\/F128189770.webp","datePublished":"2023-01-30T16:42:28+00:00","dateModified":"2023-01-30T17:24:32+00:00","breadcrumb":{"@id":"https:\/\/www.santafevalores.com\/index.php\/2023\/01\/30\/autarquia-seria-mejor-que-un-pais-produjera-todo-lo-que-necesita\/#breadcrumb"},"inLanguage":"es","potentialAction":[{"@type":"ReadAction","target":["https:\/\/www.santafevalores.com\/index.php\/2023\/01\/30\/autarquia-seria-mejor-que-un-pais-produjera-todo-lo-que-necesita\/"]}]},{"@type":"ImageObject","inLanguage":"es","@id":"https:\/\/www.santafevalores.com\/index.php\/2023\/01\/30\/autarquia-seria-mejor-que-un-pais-produjera-todo-lo-que-necesita\/#primaryimage","url":"https:\/\/www.santafevalores.com\/wp-content\/uploads\/2023\/01\/F128189770.webp","contentUrl":"https:\/\/www.santafevalores.com\/wp-content\/uploads\/2023\/01\/F128189770.webp","width":800,"height":450},{"@type":"BreadcrumbList","@id":"https:\/\/www.santafevalores.com\/index.php\/2023\/01\/30\/autarquia-seria-mejor-que-un-pais-produjera-todo-lo-que-necesita\/#breadcrumb","itemListElement":[{"@type":"ListItem","position":1,"name":"Portada","item":"https:\/\/www.santafevalores.com\/"},{"@type":"ListItem","position":2,"name":"Autarqu\u00eda: \u00bfser\u00eda mejor que un pa\u00eds produjera todo lo que necesita en su propio territorio en vez de importarlo?"}]},{"@type":"WebSite","@id":"https:\/\/www.santafevalores.com\/#website","url":"https:\/\/www.santafevalores.com\/","name":"Santa Fe Casa de Valores S.A.","description":"","publisher":{"@id":"https:\/\/www.santafevalores.com\/#organization"},"potentialAction":[{"@type":"SearchAction","target":{"@type":"EntryPoint","urlTemplate":"https:\/\/www.santafevalores.com\/?s={search_term_string}"},"query-input":{"@type":"PropertyValueSpecification","valueRequired":true,"valueName":"search_term_string"}}],"inLanguage":"es"},{"@type":"Organization","@id":"https:\/\/www.santafevalores.com\/#organization","name":"Santa Fe Casa de Valores S.A.","alternateName":"SANTAFEVALORES","url":"https:\/\/www.santafevalores.com\/","logo":{"@type":"ImageObject","inLanguage":"es","@id":"https:\/\/www.santafevalores.com\/#\/schema\/logo\/image\/","url":"https:\/\/www.santafevalores.com\/wp-content\/uploads\/2022\/06\/logo1.png","contentUrl":"https:\/\/www.santafevalores.com\/wp-content\/uploads\/2022\/06\/logo1.png","width":235,"height":71,"caption":"Santa Fe Casa de Valores S.A."},"image":{"@id":"https:\/\/www.santafevalores.com\/#\/schema\/logo\/image\/"},"sameAs":["https:\/\/www.facebook.com\/santafevalores\/","https:\/\/x.com\/SantaFeValores"]},{"@type":"Person","@id":"https:\/\/www.santafevalores.com\/#\/schema\/person\/d965a42370507d0a1638e69158bb5835","name":"admin","image":{"@type":"ImageObject","inLanguage":"es","@id":"https:\/\/secure.gravatar.com\/avatar\/97ec7f9eb6068ddac59d3806ca0034c167fce748f524adcfad8629911220756f?s=96&d=mm&r=g","url":"https:\/\/secure.gravatar.com\/avatar\/97ec7f9eb6068ddac59d3806ca0034c167fce748f524adcfad8629911220756f?s=96&d=mm&r=g","contentUrl":"https:\/\/secure.gravatar.com\/avatar\/97ec7f9eb6068ddac59d3806ca0034c167fce748f524adcfad8629911220756f?s=96&d=mm&r=g","caption":"admin"},"sameAs":["https:\/\/www.santafevalores.com"],"url":"https:\/\/www.santafevalores.com\/index.php\/author\/santafevaloresuio_ggv0vv79\/"}]}},"_links":{"self":[{"href":"https:\/\/www.santafevalores.com\/index.php\/wp-json\/wp\/v2\/posts\/66873","targetHints":{"allow":["GET"]}}],"collection":[{"href":"https:\/\/www.santafevalores.com\/index.php\/wp-json\/wp\/v2\/posts"}],"about":[{"href":"https:\/\/www.santafevalores.com\/index.php\/wp-json\/wp\/v2\/types\/post"}],"author":[{"embeddable":true,"href":"https:\/\/www.santafevalores.com\/index.php\/wp-json\/wp\/v2\/users\/1"}],"replies":[{"embeddable":true,"href":"https:\/\/www.santafevalores.com\/index.php\/wp-json\/wp\/v2\/comments?post=66873"}],"version-history":[{"count":13,"href":"https:\/\/www.santafevalores.com\/index.php\/wp-json\/wp\/v2\/posts\/66873\/revisions"}],"predecessor-version":[{"id":66904,"href":"https:\/\/www.santafevalores.com\/index.php\/wp-json\/wp\/v2\/posts\/66873\/revisions\/66904"}],"wp:featuredmedia":[{"embeddable":true,"href":"https:\/\/www.santafevalores.com\/index.php\/wp-json\/wp\/v2\/media\/66875"}],"wp:attachment":[{"href":"https:\/\/www.santafevalores.com\/index.php\/wp-json\/wp\/v2\/media?parent=66873"}],"wp:term":[{"taxonomy":"category","embeddable":true,"href":"https:\/\/www.santafevalores.com\/index.php\/wp-json\/wp\/v2\/categories?post=66873"},{"taxonomy":"post_tag","embeddable":true,"href":"https:\/\/www.santafevalores.com\/index.php\/wp-json\/wp\/v2\/tags?post=66873"}],"curies":[{"name":"wp","href":"https:\/\/api.w.org\/{rel}","templated":true}]}}