{"id":67006,"date":"2023-02-13T12:02:33","date_gmt":"2023-02-13T17:02:33","guid":{"rendered":"https:\/\/www.santafevalores.com\/?p=67006"},"modified":"2023-02-13T12:26:42","modified_gmt":"2023-02-13T17:26:42","slug":"sfv20230213dos","status":"publish","type":"post","link":"https:\/\/www.santafevalores.com\/index.php\/2023\/02\/13\/sfv20230213dos\/","title":{"rendered":"Ecuador, entre los tres pa\u00edses de LatAm que vender\u00e1n m\u00e1s en flores en San Valent\u00edn"},"content":{"rendered":"\t\t<div data-elementor-type=\"wp-post\" data-elementor-id=\"67006\" class=\"elementor elementor-67006\" data-elementor-post-type=\"post\">\n\t\t\t\t\t\t<section class=\"elementor-section elementor-top-section elementor-element elementor-element-2a8382e elementor-section-boxed elementor-section-height-default elementor-section-height-default\" data-id=\"2a8382e\" data-element_type=\"section\" data-e-type=\"section\">\n\t\t\t\t\t\t<div class=\"elementor-container elementor-column-gap-default\">\n\t\t\t\t\t<div class=\"elementor-column elementor-col-100 elementor-top-column elementor-element elementor-element-fd81055\" data-id=\"fd81055\" data-element_type=\"column\" data-e-type=\"column\">\n\t\t\t<div class=\"elementor-widget-wrap elementor-element-populated\">\n\t\t\t\t\t\t<div class=\"elementor-element elementor-element-0831e00 elementor-widget elementor-widget-image\" data-id=\"0831e00\" data-element_type=\"widget\" data-e-type=\"widget\" data-widget_type=\"image.default\">\n\t\t\t\t<div class=\"elementor-widget-container\">\n\t\t\t\t\t\t\t\t\t\t\t\t\t\t\t<img fetchpriority=\"high\" decoding=\"async\" width=\"1024\" height=\"683\" src=\"https:\/\/www.santafevalores.com\/wp-content\/uploads\/2023\/02\/D2AVCM7D46JHMHDRJ55GFV245CQ-1024x683.jpg\" class=\"attachment-large size-large wp-image-67009\" alt=\"\" srcset=\"https:\/\/www.santafevalores.com\/wp-content\/uploads\/2023\/02\/D2AVCM7D46JHMHDRJ55GFV245CQ-1024x683.jpg 1024w, https:\/\/www.santafevalores.com\/wp-content\/uploads\/2023\/02\/D2AVCM7D46JHMHDRJ55GFV245CQ-300x200.jpg 300w, https:\/\/www.santafevalores.com\/wp-content\/uploads\/2023\/02\/D2AVCM7D46JHMHDRJ55GFV245CQ-768x512.jpg 768w, https:\/\/www.santafevalores.com\/wp-content\/uploads\/2023\/02\/D2AVCM7D46JHMHDRJ55GFV245CQ.jpg 1440w\" sizes=\"(max-width: 1024px) 100vw, 1024px\" \/>\t\t\t\t\t\t\t\t\t\t\t\t\t\t\t<\/div>\n\t\t\t\t<\/div>\n\t\t\t\t\t<\/div>\n\t\t<\/div>\n\t\t\t\t\t<\/div>\n\t\t<\/section>\n\t\t\t\t<section class=\"elementor-section elementor-top-section elementor-element elementor-element-5abf7ff elementor-section-boxed elementor-section-height-default elementor-section-height-default\" data-id=\"5abf7ff\" data-element_type=\"section\" data-e-type=\"section\">\n\t\t\t\t\t\t<div class=\"elementor-container elementor-column-gap-default\">\n\t\t\t\t\t<div class=\"elementor-column elementor-col-100 elementor-top-column elementor-element elementor-element-bfee574\" data-id=\"bfee574\" data-element_type=\"column\" data-e-type=\"column\">\n\t\t\t<div class=\"elementor-widget-wrap elementor-element-populated\">\n\t\t\t\t\t\t<div class=\"elementor-element elementor-element-453e0bd elementor-widget elementor-widget-text-editor\" data-id=\"453e0bd\" data-element_type=\"widget\" data-e-type=\"widget\" data-widget_type=\"text-editor.default\">\n\t\t\t\t<div class=\"elementor-widget-container\">\n\t\t\t\t\t\t\t\t\t<p><b>B<\/b>lo<b>omberg L\u00ednea presenta el panorama de proyecciones y expectativas del sector floricultor de estos tres pa\u00edses por cuenta de San Valent\u00edn,<\/b> as\u00ed como del panorama que hay para todo 2023, que podr\u00eda verse impactado por la alta inflaci\u00f3n y los pron\u00f3sticos de desaceleraci\u00f3n en las principales econom\u00edas.<br \/><b>Colombia, un vendedor hist\u00f3rico de flores para San Valent\u00edn<\/b><\/p><p>Cifras aportadas por la Asociaci\u00f3n Colombiana de Exportadores de Flores (Asocolflores) se\u00f1alan que el sector <b>vendi\u00f3 US$ 2.050 millones en 2022.<\/b><\/p><p>Para 2023, <b>las proyecciones de venta son de 58.000 toneladas, que representan entre 700 y 800 millones de tallos, siendo el 80% correspondiente al mercado estadounidense<\/b>, aunque las flores colombianas llegan a 100 pa\u00edses diferentes durante el a\u00f1o.<\/p><p>Adem\u00e1s, en espec\u00edfico para el mercado estadounidense, <b>m\u00e1s del 70% de las flores enviadas se van en bouquets<\/b>, es decir, ramos de flores de mano armados sobre una estructura, dise\u00f1ados por floristas especializados.<\/p><p><b>El 15% del total de ventas anuales corresponde a San Valent\u00edn<\/b>, mientras que el 30% del grueso de las ventas de flores colombianas se dividen entre esta celebraci\u00f3n y el D\u00eda de la Madre.<\/p><p>\u201cEsperamos superar este a\u00f1o los US$2.000 millones en exportaci\u00f3n. De pronto decrecen un poco por la afectaci\u00f3n del mal clima en los \u00faltimos dos meses (del a\u00f1o). Sin embargo, <b>el mercado, como de costumbre, es bueno en San Valent\u00edn. Para el resto del a\u00f1o vemos un reto en el consumo mundial a causa de la inflaci\u00f3n y la recesi\u00f3n, que pueden afectar los ingresos\u201d<\/b>, se\u00f1al\u00f3 el presidente de Asocolflores, Augusto Solano, a medios de comunicaci\u00f3n.<\/p><p>Uno de los aliados clave para la exportaci\u00f3n de flores desde Colombia y Ecuador ha sido la aerol\u00ednea Avianca, con su divisi\u00f3n de Avianca Cargo, que cumpli\u00f3 50 a\u00f1os de transporte a\u00e9reo para el sector floricultor.<\/p><p>Solo para San Valent\u00edn de 2023, <b>la aerol\u00ednea ha operado 300 vuelos cargueros desde ambos pa\u00edses hacia Estados Unidos entre el 16 de enero y el 8 de febrero, transportando cerca de 18.000 toneladas<\/b>, un crecimiento frente a las 16.000 del a\u00f1o anterior.<\/p><p>\u201cLa exportaci\u00f3n de flores nos exige una coordinaci\u00f3n cada vez m\u00e1s precisa a lo largo de toda la cadena de valor <b>para garantizar una entrega con alt\u00edsimos est\u00e1ndares de calidad y en los tiempos demandados\u201d<\/b>, dijo Gabriel Oliva, CEO de Avianca Cargo.<\/p><p>Las flores m\u00e1s exportadas desde Colombia y Ecuador en esta temporada fueron las rosas y los claveles desde <b>Bogot\u00e1<\/b>; los pompones, las hidrangeas y los crisantemos desde <b>Medell\u00edn<\/b>; y los gypsos desde <b>Quito<\/b>.<\/p>\t\t\t\t\t\t\t\t<\/div>\n\t\t\t\t<\/div>\n\t\t\t\t\t<\/div>\n\t\t<\/div>\n\t\t\t\t\t<\/div>\n\t\t<\/section>\n\t\t\t\t<section class=\"elementor-section elementor-top-section elementor-element elementor-element-76152ad elementor-section-boxed elementor-section-height-default elementor-section-height-default\" data-id=\"76152ad\" data-element_type=\"section\" data-e-type=\"section\">\n\t\t\t\t\t\t<div class=\"elementor-container elementor-column-gap-default\">\n\t\t\t\t\t<div class=\"elementor-column elementor-col-100 elementor-top-column elementor-element elementor-element-510c8c4\" data-id=\"510c8c4\" data-element_type=\"column\" data-e-type=\"column\">\n\t\t\t<div class=\"elementor-widget-wrap elementor-element-populated\">\n\t\t\t\t\t\t<div class=\"elementor-element elementor-element-627cbee elementor-widget elementor-widget-image\" data-id=\"627cbee\" data-element_type=\"widget\" data-e-type=\"widget\" data-widget_type=\"image.default\">\n\t\t\t\t<div class=\"elementor-widget-container\">\n\t\t\t\t\t\t\t\t\t\t\t\t\t\t\t<img decoding=\"async\" width=\"1024\" height=\"672\" src=\"https:\/\/www.santafevalores.com\/wp-content\/uploads\/2023\/02\/1B2RYSV6YAJFSDKMJRWH2LWVZV4-1024x672.jpg\" class=\"attachment-large size-large wp-image-67014\" alt=\"\" srcset=\"https:\/\/www.santafevalores.com\/wp-content\/uploads\/2023\/02\/1B2RYSV6YAJFSDKMJRWH2LWVZV4-1024x672.jpg 1024w, https:\/\/www.santafevalores.com\/wp-content\/uploads\/2023\/02\/1B2RYSV6YAJFSDKMJRWH2LWVZV4-300x197.jpg 300w, https:\/\/www.santafevalores.com\/wp-content\/uploads\/2023\/02\/1B2RYSV6YAJFSDKMJRWH2LWVZV4-768x504.jpg 768w, https:\/\/www.santafevalores.com\/wp-content\/uploads\/2023\/02\/1B2RYSV6YAJFSDKMJRWH2LWVZV4.jpg 1440w\" sizes=\"(max-width: 1024px) 100vw, 1024px\" \/>\t\t\t\t\t\t\t\t\t\t\t\t\t\t\t<\/div>\n\t\t\t\t<\/div>\n\t\t\t\t\t<\/div>\n\t\t<\/div>\n\t\t\t\t\t<\/div>\n\t\t<\/section>\n\t\t\t\t<section class=\"elementor-section elementor-top-section elementor-element elementor-element-6eec66b elementor-section-boxed elementor-section-height-default elementor-section-height-default\" data-id=\"6eec66b\" data-element_type=\"section\" data-e-type=\"section\">\n\t\t\t\t\t\t<div class=\"elementor-container elementor-column-gap-default\">\n\t\t\t\t\t<div class=\"elementor-column elementor-col-100 elementor-top-column elementor-element elementor-element-8d8c818\" data-id=\"8d8c818\" data-element_type=\"column\" data-e-type=\"column\">\n\t\t\t<div class=\"elementor-widget-wrap elementor-element-populated\">\n\t\t\t\t\t\t<div class=\"elementor-element elementor-element-f439d80 elementor-widget elementor-widget-text-editor\" data-id=\"f439d80\" data-element_type=\"widget\" data-e-type=\"widget\" data-widget_type=\"text-editor.default\">\n\t\t\t\t<div class=\"elementor-widget-container\">\n\t\t\t\t\t\t\t\t\t<p><b>E<\/b>xpo<b>rtaci\u00f3n de Ecuador crece 5%<\/b><\/p><p>La temporada de San Valent\u00edn es una de las m\u00e1s importantes para la exportaci\u00f3n de la flor ecuatoriana a diferentes destinos en el mundo. <b>Entre el 10 de enero y el 8 de febrero, Expoflores report\u00f3 un incremento del 5,54% del volumen total de toneladas exportadas<\/b>. El 29 de enero, 5 y 7 de febrero fueron los d\u00edas pico de la temporada de embarques a\u00e9reos.<\/p><p>Seg\u00fan cifras del Banco Central, de enero <b>a noviembre de 2022 el 73% de las exportaciones de flores se concentraron en rosas, con US$ 638 millones, lo que implica un crecimiento del 6%<\/b>. En toneladas se exportaron 115.800, equivalente a un crecimiento del 1% frente al a\u00f1o anterior.<\/p><p><b>\u201cEste comportamiento ubica a Ecuador como segundo exportador de este producto a nivel mundial<\/b>. La flor ecuatoriana se exporta a 120 destinos a nivel mundial\u201d, se\u00f1ala un reporte de Expoflores.<\/p><p>A pesar de ello, Expoflores cree que el crecimiento es modesto y que habr\u00eda sido mayor si las condiciones econ\u00f3micas y clim\u00e1ticas fueran menos adversas.<\/p><p><br \/><b>Los principales destinos de las flores ecuatorianas<\/b><\/p><p><b>EE.UU. abarca el 42% de las exportaciones, la Uni\u00f3n Europea el 22%, Rusia el 11% y otros destinos 25%.<\/b> Aunque con relaci\u00f3n a Estados Unidos, se prev\u00e9 que la demanda vaya decreciendo, pues aunque entre enero y noviembre de 2022 se exportaron US$ 338 millones, existe una ca\u00edda en el mercado de 5% y se espera en 2023 un crecimiento aproximado de 3%.<br \/>De su lado, <b>hacia Rusia se registra un valor de exportaci\u00f3n de US$ 34 millones<\/b>, con una ca\u00edda del mercado de 63%, que tiene relaci\u00f3n con la situaci\u00f3n que atraviesa este pa\u00eds.<\/p><p>Adem\u00e1s, la Uni\u00f3n Europea registra un valor de exportaci\u00f3n de US$ 213 millones y un crecimiento del 13% en exportaciones.<\/p>\t\t\t\t\t\t\t\t<\/div>\n\t\t\t\t<\/div>\n\t\t\t\t\t<\/div>\n\t\t<\/div>\n\t\t\t\t\t<\/div>\n\t\t<\/section>\n\t\t\t\t<section class=\"elementor-section elementor-top-section elementor-element elementor-element-94d958b elementor-section-boxed elementor-section-height-default elementor-section-height-default\" data-id=\"94d958b\" data-element_type=\"section\" data-e-type=\"section\">\n\t\t\t\t\t\t<div class=\"elementor-container elementor-column-gap-default\">\n\t\t\t\t\t<div class=\"elementor-column elementor-col-100 elementor-top-column elementor-element elementor-element-4bdd680\" data-id=\"4bdd680\" data-element_type=\"column\" data-e-type=\"column\">\n\t\t\t<div class=\"elementor-widget-wrap elementor-element-populated\">\n\t\t\t\t\t\t<div class=\"elementor-element elementor-element-65f767d elementor-widget elementor-widget-image\" data-id=\"65f767d\" data-element_type=\"widget\" data-e-type=\"widget\" data-widget_type=\"image.default\">\n\t\t\t\t<div class=\"elementor-widget-container\">\n\t\t\t\t\t\t\t\t\t\t\t\t\t\t\t<img decoding=\"async\" width=\"1024\" height=\"683\" src=\"https:\/\/www.santafevalores.com\/wp-content\/uploads\/2023\/02\/2FYEUVBLLDBEX5BWEOWMRW7SMRA-1024x683.jpg\" class=\"attachment-large size-large wp-image-67015\" alt=\"\" srcset=\"https:\/\/www.santafevalores.com\/wp-content\/uploads\/2023\/02\/2FYEUVBLLDBEX5BWEOWMRW7SMRA-1024x683.jpg 1024w, https:\/\/www.santafevalores.com\/wp-content\/uploads\/2023\/02\/2FYEUVBLLDBEX5BWEOWMRW7SMRA-300x200.jpg 300w, https:\/\/www.santafevalores.com\/wp-content\/uploads\/2023\/02\/2FYEUVBLLDBEX5BWEOWMRW7SMRA-768x512.jpg 768w, https:\/\/www.santafevalores.com\/wp-content\/uploads\/2023\/02\/2FYEUVBLLDBEX5BWEOWMRW7SMRA.jpg 1440w\" sizes=\"(max-width: 1024px) 100vw, 1024px\" \/>\t\t\t\t\t\t\t\t\t\t\t\t\t\t\t<\/div>\n\t\t\t\t<\/div>\n\t\t\t\t\t<\/div>\n\t\t<\/div>\n\t\t\t\t\t<\/div>\n\t\t<\/section>\n\t\t\t\t<section class=\"elementor-section elementor-top-section elementor-element elementor-element-8ad8e7f elementor-section-boxed elementor-section-height-default elementor-section-height-default\" data-id=\"8ad8e7f\" data-element_type=\"section\" data-e-type=\"section\">\n\t\t\t\t\t\t<div class=\"elementor-container elementor-column-gap-default\">\n\t\t\t\t\t<div class=\"elementor-column elementor-col-100 elementor-top-column elementor-element elementor-element-2491295\" data-id=\"2491295\" data-element_type=\"column\" data-e-type=\"column\">\n\t\t\t<div class=\"elementor-widget-wrap elementor-element-populated\">\n\t\t\t\t\t\t<div class=\"elementor-element elementor-element-668735a elementor-widget elementor-widget-text-editor\" data-id=\"668735a\" data-element_type=\"widget\" data-e-type=\"widget\" data-widget_type=\"text-editor.default\">\n\t\t\t\t<div class=\"elementor-widget-container\">\n\t\t\t\t\t\t\t\t\t<p><b>El posicionamiento del mercado guatemalteco<\/b><\/p>\n<p>Desde Guatemala y por motivos de la celebraci\u00f3n de San Valent\u00edn se exportar\u00e1n alrededor de 8 millones de rosas a mercados como Estados Unidos, Costa Rica y El Salvador.<br>\u201cEsta es una de las temporadas m\u00e1s altas para este sector, incluso tres veces m\u00e1s que en otras. <b>La rosa es el tipo flor que m\u00e1s se exporta y de estas, un 80% son rosas rojas y el resto, alrededor del 30%, son colores<\/b> como anaranjadas, amarillas, rosadas, blancas y este a\u00f1o se est\u00e1 caracterizando por una gran variedad de dos mezclas de colores\u201d, precis\u00f3 la Asociaci\u00f3n de Exportadores de Guatemala (Agexport).<\/p>\n<p>Pero no son solo rosas. Para esta temporada tambi\u00e9n se posicionan desde guatemala follajes como el <b>leather leaf, aralia, eucalipto, tree fern y una diversidad de flores como lirios, gerberas<\/b> y flores ex\u00f3ticas como aves del para\u00edso y jengibres, entre otros.<\/p>\n<p><b>\u201cEsperamos que el 2023 sea un a\u00f1o bastante ventajoso para el sector de flores y plantas ornamentales, y para finales de a\u00f1o prevemos crecer al menos 5% en las exportaciones totales\u201d,<\/b> dijo la gerente de la Comisi\u00f3n de Ornamentales, Follajes y Flores de Agexport, Brigitte Obrock.<br>Las 73 empresas productoras\/exportadoras de flores en Guatemala cuentan con 500 especies y 3.000 variedades de plantas ornamentales, m\u00e1s de 15 especies de flores y m\u00e1s de 15 especies de follaje.<\/p>\n<p><b>Hasta noviembre del 2022 el sector report\u00f3 GTQ$ 133,258,189.00 (US$ 16,9 millones), siendo<\/b> <b>para flores y follajes alrededor de GTQ$ 4,290,485 (US$ 546.930) y para bulbos, ra\u00edces y plantas ornamentales GTQ$ 5,472,565 (US$ 697.616).<\/b><\/p>\t\t\t\t\t\t\t\t<\/div>\n\t\t\t\t<\/div>\n\t\t\t\t\t<\/div>\n\t\t<\/div>\n\t\t\t\t\t<\/div>\n\t\t<\/section>\n\t\t\t\t<section class=\"elementor-section elementor-top-section elementor-element elementor-element-e5ea507 elementor-section-boxed elementor-section-height-default elementor-section-height-default\" data-id=\"e5ea507\" data-element_type=\"section\" data-e-type=\"section\">\n\t\t\t\t\t\t<div class=\"elementor-container elementor-column-gap-default\">\n\t\t\t\t\t<div class=\"elementor-column elementor-col-100 elementor-top-column elementor-element elementor-element-810dcc2\" data-id=\"810dcc2\" data-element_type=\"column\" data-e-type=\"column\">\n\t\t\t<div class=\"elementor-widget-wrap elementor-element-populated\">\n\t\t\t\t\t\t<div class=\"elementor-element elementor-element-217bbe8 elementor-headline--style-highlight elementor-widget elementor-widget-animated-headline\" data-id=\"217bbe8\" data-element_type=\"widget\" data-e-type=\"widget\" data-settings=\"{&quot;highlighted_text&quot;:&quot;reporta Bloomberg&quot;,&quot;headline_style&quot;:&quot;highlight&quot;,&quot;marker&quot;:&quot;circle&quot;,&quot;loop&quot;:&quot;yes&quot;,&quot;highlight_animation_duration&quot;:1200,&quot;highlight_iteration_delay&quot;:8000}\" data-widget_type=\"animated-headline.default\">\n\t\t\t\t<div class=\"elementor-widget-container\">\n\t\t\t\t\t\t\t\t<a href=\"https:\/\/www.bloomberglinea.com\/2023\/02\/13\/ecuador-entre-los-tres-paises-de-latam-que-venderan-mas-en-flores-en-san-valentin\/\" target=\"_blank\">\n\n\t\t\t\t\t<p class=\"elementor-headline\">\n\t\t\t\t\t<span class=\"elementor-headline-plain-text elementor-headline-text-wrapper\">Fuente:<\/span>\n\t\t\t\t<span class=\"elementor-headline-dynamic-wrapper elementor-headline-text-wrapper\">\n\t\t\t\t\t<span class=\"elementor-headline-dynamic-text elementor-headline-text-active\">reporta Bloomberg<\/span>\n\t\t\t\t<\/span>\n\t\t\t\t<\/p>\n\t\t<\/a>\t\t\t\t<\/div>\n\t\t\t\t<\/div>\n\t\t\t\t\t<\/div>\n\t\t<\/div>\n\t\t\t\t\t<\/div>\n\t\t<\/section>\n\t\t\t\t<\/div>\n\t\t","protected":false},"excerpt":{"rendered":"<p>Bloomberg L\u00ednea presenta el panorama de proyecciones y expectativas del sector floricultor de estos tres pa\u00edses por cuenta de San Valent\u00edn, as\u00ed como del panorama que hay para todo 2023, que podr\u00eda verse impactado por la alta inflaci\u00f3n y los pron\u00f3sticos de desaceleraci\u00f3n en las principales econom\u00edas.Colombia, un vendedor hist\u00f3rico de flores para San Valent\u00edn&hellip;<\/p>\n","protected":false},"author":1,"featured_media":67009,"comment_status":"open","ping_status":"closed","sticky":false,"template":"","format":"standard","meta":{"content-type":"","_joinchat":[],"footnotes":""},"categories":[1],"tags":[],"class_list":["post-67006","post","type-post","status-publish","format-standard","has-post-thumbnail","hentry","category-uncategorized"],"yoast_head":"<!-- This site is optimized with the Yoast SEO plugin v27.5 - https:\/\/yoast.com\/product\/yoast-seo-wordpress\/ -->\n<title>Ecuador, entre los tres pa\u00edses de LatAm que vender\u00e1n m\u00e1s en flores en San Valent\u00edn - Santa Fe Casa de Valores S.A.<\/title>\n<meta name=\"robots\" content=\"index, follow, max-snippet:-1, max-image-preview:large, max-video-preview:-1\" \/>\n<link rel=\"canonical\" href=\"https:\/\/www.santafevalores.com\/index.php\/2023\/02\/13\/sfv20230213dos\/\" \/>\n<meta property=\"og:locale\" content=\"es_ES\" \/>\n<meta property=\"og:type\" content=\"article\" \/>\n<meta property=\"og:title\" content=\"Ecuador, entre los tres pa\u00edses de LatAm que vender\u00e1n m\u00e1s en flores en San Valent\u00edn - Santa Fe Casa de Valores S.A.\" \/>\n<meta property=\"og:description\" content=\"Bloomberg L\u00ednea presenta el panorama de proyecciones y expectativas del sector floricultor de estos tres pa\u00edses por cuenta de San Valent\u00edn, as\u00ed como del panorama que hay para todo 2023, que podr\u00eda verse impactado por la alta inflaci\u00f3n y los pron\u00f3sticos de desaceleraci\u00f3n en las principales econom\u00edas.Colombia, un vendedor hist\u00f3rico de flores para San Valent\u00edn&hellip;\" \/>\n<meta property=\"og:url\" content=\"https:\/\/www.santafevalores.com\/index.php\/2023\/02\/13\/sfv20230213dos\/\" \/>\n<meta property=\"og:site_name\" content=\"Santa Fe Casa de Valores S.A.\" \/>\n<meta property=\"article:publisher\" content=\"https:\/\/www.facebook.com\/santafevalores\/\" \/>\n<meta property=\"article:published_time\" content=\"2023-02-13T17:02:33+00:00\" \/>\n<meta property=\"article:modified_time\" content=\"2023-02-13T17:26:42+00:00\" \/>\n<meta property=\"og:image\" content=\"https:\/\/www.santafevalores.com\/wp-content\/uploads\/2023\/02\/D2AVCM7D46JHMHDRJ55GFV245CQ.jpg\" \/>\n\t<meta property=\"og:image:width\" content=\"1440\" \/>\n\t<meta property=\"og:image:height\" content=\"960\" \/>\n\t<meta property=\"og:image:type\" content=\"image\/jpeg\" \/>\n<meta name=\"author\" content=\"admin\" \/>\n<meta name=\"twitter:card\" content=\"summary_large_image\" \/>\n<meta name=\"twitter:creator\" content=\"@SantaFeValores\" \/>\n<meta name=\"twitter:site\" content=\"@SantaFeValores\" \/>\n<meta name=\"twitter:label1\" content=\"Escrito por\" \/>\n\t<meta name=\"twitter:data1\" content=\"admin\" \/>\n\t<meta name=\"twitter:label2\" content=\"Tiempo de lectura\" \/>\n\t<meta name=\"twitter:data2\" content=\"6 minutos\" \/>\n<script type=\"application\/ld+json\" class=\"yoast-schema-graph\">{\"@context\":\"https:\\\/\\\/schema.org\",\"@graph\":[{\"@type\":\"Article\",\"@id\":\"https:\\\/\\\/www.santafevalores.com\\\/index.php\\\/2023\\\/02\\\/13\\\/sfv20230213dos\\\/#article\",\"isPartOf\":{\"@id\":\"https:\\\/\\\/www.santafevalores.com\\\/index.php\\\/2023\\\/02\\\/13\\\/sfv20230213dos\\\/\"},\"author\":{\"name\":\"admin\",\"@id\":\"https:\\\/\\\/www.santafevalores.com\\\/#\\\/schema\\\/person\\\/d965a42370507d0a1638e69158bb5835\"},\"headline\":\"Ecuador, entre los tres pa\u00edses de LatAm que vender\u00e1n m\u00e1s en flores en San Valent\u00edn\",\"datePublished\":\"2023-02-13T17:02:33+00:00\",\"dateModified\":\"2023-02-13T17:26:42+00:00\",\"mainEntityOfPage\":{\"@id\":\"https:\\\/\\\/www.santafevalores.com\\\/index.php\\\/2023\\\/02\\\/13\\\/sfv20230213dos\\\/\"},\"wordCount\":1012,\"commentCount\":0,\"publisher\":{\"@id\":\"https:\\\/\\\/www.santafevalores.com\\\/#organization\"},\"image\":{\"@id\":\"https:\\\/\\\/www.santafevalores.com\\\/index.php\\\/2023\\\/02\\\/13\\\/sfv20230213dos\\\/#primaryimage\"},\"thumbnailUrl\":\"https:\\\/\\\/www.santafevalores.com\\\/wp-content\\\/uploads\\\/2023\\\/02\\\/D2AVCM7D46JHMHDRJ55GFV245CQ.jpg\",\"articleSection\":[\"Uncategorized\"],\"inLanguage\":\"es\",\"potentialAction\":[{\"@type\":\"CommentAction\",\"name\":\"Comment\",\"target\":[\"https:\\\/\\\/www.santafevalores.com\\\/index.php\\\/2023\\\/02\\\/13\\\/sfv20230213dos\\\/#respond\"]}]},{\"@type\":\"WebPage\",\"@id\":\"https:\\\/\\\/www.santafevalores.com\\\/index.php\\\/2023\\\/02\\\/13\\\/sfv20230213dos\\\/\",\"url\":\"https:\\\/\\\/www.santafevalores.com\\\/index.php\\\/2023\\\/02\\\/13\\\/sfv20230213dos\\\/\",\"name\":\"Ecuador, entre los tres pa\u00edses de LatAm que vender\u00e1n m\u00e1s en flores en San Valent\u00edn - Santa Fe Casa de Valores S.A.\",\"isPartOf\":{\"@id\":\"https:\\\/\\\/www.santafevalores.com\\\/#website\"},\"primaryImageOfPage\":{\"@id\":\"https:\\\/\\\/www.santafevalores.com\\\/index.php\\\/2023\\\/02\\\/13\\\/sfv20230213dos\\\/#primaryimage\"},\"image\":{\"@id\":\"https:\\\/\\\/www.santafevalores.com\\\/index.php\\\/2023\\\/02\\\/13\\\/sfv20230213dos\\\/#primaryimage\"},\"thumbnailUrl\":\"https:\\\/\\\/www.santafevalores.com\\\/wp-content\\\/uploads\\\/2023\\\/02\\\/D2AVCM7D46JHMHDRJ55GFV245CQ.jpg\",\"datePublished\":\"2023-02-13T17:02:33+00:00\",\"dateModified\":\"2023-02-13T17:26:42+00:00\",\"breadcrumb\":{\"@id\":\"https:\\\/\\\/www.santafevalores.com\\\/index.php\\\/2023\\\/02\\\/13\\\/sfv20230213dos\\\/#breadcrumb\"},\"inLanguage\":\"es\",\"potentialAction\":[{\"@type\":\"ReadAction\",\"target\":[\"https:\\\/\\\/www.santafevalores.com\\\/index.php\\\/2023\\\/02\\\/13\\\/sfv20230213dos\\\/\"]}]},{\"@type\":\"ImageObject\",\"inLanguage\":\"es\",\"@id\":\"https:\\\/\\\/www.santafevalores.com\\\/index.php\\\/2023\\\/02\\\/13\\\/sfv20230213dos\\\/#primaryimage\",\"url\":\"https:\\\/\\\/www.santafevalores.com\\\/wp-content\\\/uploads\\\/2023\\\/02\\\/D2AVCM7D46JHMHDRJ55GFV245CQ.jpg\",\"contentUrl\":\"https:\\\/\\\/www.santafevalores.com\\\/wp-content\\\/uploads\\\/2023\\\/02\\\/D2AVCM7D46JHMHDRJ55GFV245CQ.jpg\",\"width\":1440,\"height\":960},{\"@type\":\"BreadcrumbList\",\"@id\":\"https:\\\/\\\/www.santafevalores.com\\\/index.php\\\/2023\\\/02\\\/13\\\/sfv20230213dos\\\/#breadcrumb\",\"itemListElement\":[{\"@type\":\"ListItem\",\"position\":1,\"name\":\"Portada\",\"item\":\"https:\\\/\\\/www.santafevalores.com\\\/\"},{\"@type\":\"ListItem\",\"position\":2,\"name\":\"Ecuador, entre los tres pa\u00edses de LatAm que vender\u00e1n m\u00e1s en flores en San Valent\u00edn\"}]},{\"@type\":\"WebSite\",\"@id\":\"https:\\\/\\\/www.santafevalores.com\\\/#website\",\"url\":\"https:\\\/\\\/www.santafevalores.com\\\/\",\"name\":\"Santa Fe Casa de Valores S.A.\",\"description\":\"\",\"publisher\":{\"@id\":\"https:\\\/\\\/www.santafevalores.com\\\/#organization\"},\"potentialAction\":[{\"@type\":\"SearchAction\",\"target\":{\"@type\":\"EntryPoint\",\"urlTemplate\":\"https:\\\/\\\/www.santafevalores.com\\\/?s={search_term_string}\"},\"query-input\":{\"@type\":\"PropertyValueSpecification\",\"valueRequired\":true,\"valueName\":\"search_term_string\"}}],\"inLanguage\":\"es\"},{\"@type\":\"Organization\",\"@id\":\"https:\\\/\\\/www.santafevalores.com\\\/#organization\",\"name\":\"Santa Fe Casa de Valores S.A.\",\"alternateName\":\"SANTAFEVALORES\",\"url\":\"https:\\\/\\\/www.santafevalores.com\\\/\",\"logo\":{\"@type\":\"ImageObject\",\"inLanguage\":\"es\",\"@id\":\"https:\\\/\\\/www.santafevalores.com\\\/#\\\/schema\\\/logo\\\/image\\\/\",\"url\":\"https:\\\/\\\/www.santafevalores.com\\\/wp-content\\\/uploads\\\/2022\\\/06\\\/logo1.png\",\"contentUrl\":\"https:\\\/\\\/www.santafevalores.com\\\/wp-content\\\/uploads\\\/2022\\\/06\\\/logo1.png\",\"width\":235,\"height\":71,\"caption\":\"Santa Fe Casa de Valores S.A.\"},\"image\":{\"@id\":\"https:\\\/\\\/www.santafevalores.com\\\/#\\\/schema\\\/logo\\\/image\\\/\"},\"sameAs\":[\"https:\\\/\\\/www.facebook.com\\\/santafevalores\\\/\",\"https:\\\/\\\/x.com\\\/SantaFeValores\"]},{\"@type\":\"Person\",\"@id\":\"https:\\\/\\\/www.santafevalores.com\\\/#\\\/schema\\\/person\\\/d965a42370507d0a1638e69158bb5835\",\"name\":\"admin\",\"image\":{\"@type\":\"ImageObject\",\"inLanguage\":\"es\",\"@id\":\"https:\\\/\\\/secure.gravatar.com\\\/avatar\\\/97ec7f9eb6068ddac59d3806ca0034c167fce748f524adcfad8629911220756f?s=96&d=mm&r=g\",\"url\":\"https:\\\/\\\/secure.gravatar.com\\\/avatar\\\/97ec7f9eb6068ddac59d3806ca0034c167fce748f524adcfad8629911220756f?s=96&d=mm&r=g\",\"contentUrl\":\"https:\\\/\\\/secure.gravatar.com\\\/avatar\\\/97ec7f9eb6068ddac59d3806ca0034c167fce748f524adcfad8629911220756f?s=96&d=mm&r=g\",\"caption\":\"admin\"},\"sameAs\":[\"https:\\\/\\\/www.santafevalores.com\"],\"url\":\"https:\\\/\\\/www.santafevalores.com\\\/index.php\\\/author\\\/santafevaloresuio_ggv0vv79\\\/\"}]}<\/script>\n<!-- \/ Yoast SEO plugin. -->","yoast_head_json":{"title":"Ecuador, entre los tres pa\u00edses de LatAm que vender\u00e1n m\u00e1s en flores en San Valent\u00edn - Santa Fe Casa de Valores S.A.","robots":{"index":"index","follow":"follow","max-snippet":"max-snippet:-1","max-image-preview":"max-image-preview:large","max-video-preview":"max-video-preview:-1"},"canonical":"https:\/\/www.santafevalores.com\/index.php\/2023\/02\/13\/sfv20230213dos\/","og_locale":"es_ES","og_type":"article","og_title":"Ecuador, entre los tres pa\u00edses de LatAm que vender\u00e1n m\u00e1s en flores en San Valent\u00edn - Santa Fe Casa de Valores S.A.","og_description":"Bloomberg L\u00ednea presenta el panorama de proyecciones y expectativas del sector floricultor de estos tres pa\u00edses por cuenta de San Valent\u00edn, as\u00ed como del panorama que hay para todo 2023, que podr\u00eda verse impactado por la alta inflaci\u00f3n y los pron\u00f3sticos de desaceleraci\u00f3n en las principales econom\u00edas.Colombia, un vendedor hist\u00f3rico de flores para San Valent\u00edn&hellip;","og_url":"https:\/\/www.santafevalores.com\/index.php\/2023\/02\/13\/sfv20230213dos\/","og_site_name":"Santa Fe Casa de Valores S.A.","article_publisher":"https:\/\/www.facebook.com\/santafevalores\/","article_published_time":"2023-02-13T17:02:33+00:00","article_modified_time":"2023-02-13T17:26:42+00:00","og_image":[{"width":1440,"height":960,"url":"https:\/\/www.santafevalores.com\/wp-content\/uploads\/2023\/02\/D2AVCM7D46JHMHDRJ55GFV245CQ.jpg","type":"image\/jpeg"}],"author":"admin","twitter_card":"summary_large_image","twitter_creator":"@SantaFeValores","twitter_site":"@SantaFeValores","twitter_misc":{"Escrito por":"admin","Tiempo de lectura":"6 minutos"},"schema":{"@context":"https:\/\/schema.org","@graph":[{"@type":"Article","@id":"https:\/\/www.santafevalores.com\/index.php\/2023\/02\/13\/sfv20230213dos\/#article","isPartOf":{"@id":"https:\/\/www.santafevalores.com\/index.php\/2023\/02\/13\/sfv20230213dos\/"},"author":{"name":"admin","@id":"https:\/\/www.santafevalores.com\/#\/schema\/person\/d965a42370507d0a1638e69158bb5835"},"headline":"Ecuador, entre los tres pa\u00edses de LatAm que vender\u00e1n m\u00e1s en flores en San Valent\u00edn","datePublished":"2023-02-13T17:02:33+00:00","dateModified":"2023-02-13T17:26:42+00:00","mainEntityOfPage":{"@id":"https:\/\/www.santafevalores.com\/index.php\/2023\/02\/13\/sfv20230213dos\/"},"wordCount":1012,"commentCount":0,"publisher":{"@id":"https:\/\/www.santafevalores.com\/#organization"},"image":{"@id":"https:\/\/www.santafevalores.com\/index.php\/2023\/02\/13\/sfv20230213dos\/#primaryimage"},"thumbnailUrl":"https:\/\/www.santafevalores.com\/wp-content\/uploads\/2023\/02\/D2AVCM7D46JHMHDRJ55GFV245CQ.jpg","articleSection":["Uncategorized"],"inLanguage":"es","potentialAction":[{"@type":"CommentAction","name":"Comment","target":["https:\/\/www.santafevalores.com\/index.php\/2023\/02\/13\/sfv20230213dos\/#respond"]}]},{"@type":"WebPage","@id":"https:\/\/www.santafevalores.com\/index.php\/2023\/02\/13\/sfv20230213dos\/","url":"https:\/\/www.santafevalores.com\/index.php\/2023\/02\/13\/sfv20230213dos\/","name":"Ecuador, entre los tres pa\u00edses de LatAm que vender\u00e1n m\u00e1s en flores en San Valent\u00edn - Santa Fe Casa de Valores S.A.","isPartOf":{"@id":"https:\/\/www.santafevalores.com\/#website"},"primaryImageOfPage":{"@id":"https:\/\/www.santafevalores.com\/index.php\/2023\/02\/13\/sfv20230213dos\/#primaryimage"},"image":{"@id":"https:\/\/www.santafevalores.com\/index.php\/2023\/02\/13\/sfv20230213dos\/#primaryimage"},"thumbnailUrl":"https:\/\/www.santafevalores.com\/wp-content\/uploads\/2023\/02\/D2AVCM7D46JHMHDRJ55GFV245CQ.jpg","datePublished":"2023-02-13T17:02:33+00:00","dateModified":"2023-02-13T17:26:42+00:00","breadcrumb":{"@id":"https:\/\/www.santafevalores.com\/index.php\/2023\/02\/13\/sfv20230213dos\/#breadcrumb"},"inLanguage":"es","potentialAction":[{"@type":"ReadAction","target":["https:\/\/www.santafevalores.com\/index.php\/2023\/02\/13\/sfv20230213dos\/"]}]},{"@type":"ImageObject","inLanguage":"es","@id":"https:\/\/www.santafevalores.com\/index.php\/2023\/02\/13\/sfv20230213dos\/#primaryimage","url":"https:\/\/www.santafevalores.com\/wp-content\/uploads\/2023\/02\/D2AVCM7D46JHMHDRJ55GFV245CQ.jpg","contentUrl":"https:\/\/www.santafevalores.com\/wp-content\/uploads\/2023\/02\/D2AVCM7D46JHMHDRJ55GFV245CQ.jpg","width":1440,"height":960},{"@type":"BreadcrumbList","@id":"https:\/\/www.santafevalores.com\/index.php\/2023\/02\/13\/sfv20230213dos\/#breadcrumb","itemListElement":[{"@type":"ListItem","position":1,"name":"Portada","item":"https:\/\/www.santafevalores.com\/"},{"@type":"ListItem","position":2,"name":"Ecuador, entre los tres pa\u00edses de LatAm que vender\u00e1n m\u00e1s en flores en San Valent\u00edn"}]},{"@type":"WebSite","@id":"https:\/\/www.santafevalores.com\/#website","url":"https:\/\/www.santafevalores.com\/","name":"Santa Fe Casa de Valores S.A.","description":"","publisher":{"@id":"https:\/\/www.santafevalores.com\/#organization"},"potentialAction":[{"@type":"SearchAction","target":{"@type":"EntryPoint","urlTemplate":"https:\/\/www.santafevalores.com\/?s={search_term_string}"},"query-input":{"@type":"PropertyValueSpecification","valueRequired":true,"valueName":"search_term_string"}}],"inLanguage":"es"},{"@type":"Organization","@id":"https:\/\/www.santafevalores.com\/#organization","name":"Santa Fe Casa de Valores S.A.","alternateName":"SANTAFEVALORES","url":"https:\/\/www.santafevalores.com\/","logo":{"@type":"ImageObject","inLanguage":"es","@id":"https:\/\/www.santafevalores.com\/#\/schema\/logo\/image\/","url":"https:\/\/www.santafevalores.com\/wp-content\/uploads\/2022\/06\/logo1.png","contentUrl":"https:\/\/www.santafevalores.com\/wp-content\/uploads\/2022\/06\/logo1.png","width":235,"height":71,"caption":"Santa Fe Casa de Valores S.A."},"image":{"@id":"https:\/\/www.santafevalores.com\/#\/schema\/logo\/image\/"},"sameAs":["https:\/\/www.facebook.com\/santafevalores\/","https:\/\/x.com\/SantaFeValores"]},{"@type":"Person","@id":"https:\/\/www.santafevalores.com\/#\/schema\/person\/d965a42370507d0a1638e69158bb5835","name":"admin","image":{"@type":"ImageObject","inLanguage":"es","@id":"https:\/\/secure.gravatar.com\/avatar\/97ec7f9eb6068ddac59d3806ca0034c167fce748f524adcfad8629911220756f?s=96&d=mm&r=g","url":"https:\/\/secure.gravatar.com\/avatar\/97ec7f9eb6068ddac59d3806ca0034c167fce748f524adcfad8629911220756f?s=96&d=mm&r=g","contentUrl":"https:\/\/secure.gravatar.com\/avatar\/97ec7f9eb6068ddac59d3806ca0034c167fce748f524adcfad8629911220756f?s=96&d=mm&r=g","caption":"admin"},"sameAs":["https:\/\/www.santafevalores.com"],"url":"https:\/\/www.santafevalores.com\/index.php\/author\/santafevaloresuio_ggv0vv79\/"}]}},"_links":{"self":[{"href":"https:\/\/www.santafevalores.com\/index.php\/wp-json\/wp\/v2\/posts\/67006","targetHints":{"allow":["GET"]}}],"collection":[{"href":"https:\/\/www.santafevalores.com\/index.php\/wp-json\/wp\/v2\/posts"}],"about":[{"href":"https:\/\/www.santafevalores.com\/index.php\/wp-json\/wp\/v2\/types\/post"}],"author":[{"embeddable":true,"href":"https:\/\/www.santafevalores.com\/index.php\/wp-json\/wp\/v2\/users\/1"}],"replies":[{"embeddable":true,"href":"https:\/\/www.santafevalores.com\/index.php\/wp-json\/wp\/v2\/comments?post=67006"}],"version-history":[{"count":15,"href":"https:\/\/www.santafevalores.com\/index.php\/wp-json\/wp\/v2\/posts\/67006\/revisions"}],"predecessor-version":[{"id":67048,"href":"https:\/\/www.santafevalores.com\/index.php\/wp-json\/wp\/v2\/posts\/67006\/revisions\/67048"}],"wp:featuredmedia":[{"embeddable":true,"href":"https:\/\/www.santafevalores.com\/index.php\/wp-json\/wp\/v2\/media\/67009"}],"wp:attachment":[{"href":"https:\/\/www.santafevalores.com\/index.php\/wp-json\/wp\/v2\/media?parent=67006"}],"wp:term":[{"taxonomy":"category","embeddable":true,"href":"https:\/\/www.santafevalores.com\/index.php\/wp-json\/wp\/v2\/categories?post=67006"},{"taxonomy":"post_tag","embeddable":true,"href":"https:\/\/www.santafevalores.com\/index.php\/wp-json\/wp\/v2\/tags?post=67006"}],"curies":[{"name":"wp","href":"https:\/\/api.w.org\/{rel}","templated":true}]}}