{"id":67103,"date":"2023-02-17T12:55:38","date_gmt":"2023-02-17T17:55:38","guid":{"rendered":"https:\/\/www.santafevalores.com\/?p=67103"},"modified":"2023-02-17T13:08:16","modified_gmt":"2023-02-17T18:08:16","slug":"sfv20230217uno","status":"publish","type":"post","link":"https:\/\/www.santafevalores.com\/index.php\/2023\/02\/17\/sfv20230217uno\/","title":{"rendered":"Feriado de Carnaval Ecuador 2023: cu\u00e1ndo es y qu\u00e9 impacto tendr\u00e1 reducir el IVA"},"content":{"rendered":"\t\t<div data-elementor-type=\"wp-post\" data-elementor-id=\"67103\" class=\"elementor elementor-67103\" data-elementor-post-type=\"post\">\n\t\t\t\t\t\t<section class=\"elementor-section elementor-top-section elementor-element elementor-element-697cf0b elementor-section-boxed elementor-section-height-default elementor-section-height-default\" data-id=\"697cf0b\" data-element_type=\"section\" data-e-type=\"section\">\n\t\t\t\t\t\t<div class=\"elementor-container elementor-column-gap-default\">\n\t\t\t\t\t<div class=\"elementor-column elementor-col-100 elementor-top-column elementor-element elementor-element-0babd32\" data-id=\"0babd32\" data-element_type=\"column\" data-e-type=\"column\">\n\t\t\t<div class=\"elementor-widget-wrap elementor-element-populated\">\n\t\t\t\t\t\t<div class=\"elementor-element elementor-element-4eb1201 elementor-widget elementor-widget-image\" data-id=\"4eb1201\" data-element_type=\"widget\" data-e-type=\"widget\" data-widget_type=\"image.default\">\n\t\t\t\t<div class=\"elementor-widget-container\">\n\t\t\t\t\t\t\t\t\t\t\t\t\t\t\t<img fetchpriority=\"high\" decoding=\"async\" width=\"1024\" height=\"683\" src=\"https:\/\/www.santafevalores.com\/wp-content\/uploads\/2023\/02\/VMPOYFBYGNFZNA4Q4L4FNIZCHM-1024x683.jpg\" class=\"attachment-large size-large wp-image-67104\" alt=\"\" srcset=\"https:\/\/www.santafevalores.com\/wp-content\/uploads\/2023\/02\/VMPOYFBYGNFZNA4Q4L4FNIZCHM-1024x683.jpg 1024w, https:\/\/www.santafevalores.com\/wp-content\/uploads\/2023\/02\/VMPOYFBYGNFZNA4Q4L4FNIZCHM-300x200.jpg 300w, https:\/\/www.santafevalores.com\/wp-content\/uploads\/2023\/02\/VMPOYFBYGNFZNA4Q4L4FNIZCHM-768x512.jpg 768w, https:\/\/www.santafevalores.com\/wp-content\/uploads\/2023\/02\/VMPOYFBYGNFZNA4Q4L4FNIZCHM.jpg 1440w\" sizes=\"(max-width: 1024px) 100vw, 1024px\" \/>\t\t\t\t\t\t\t\t\t\t\t\t\t\t\t<\/div>\n\t\t\t\t<\/div>\n\t\t\t\t\t<\/div>\n\t\t<\/div>\n\t\t\t\t\t<\/div>\n\t\t<\/section>\n\t\t\t\t<section class=\"elementor-section elementor-top-section elementor-element elementor-element-f339074 elementor-section-boxed elementor-section-height-default elementor-section-height-default\" data-id=\"f339074\" data-element_type=\"section\" data-e-type=\"section\">\n\t\t\t\t\t\t<div class=\"elementor-container elementor-column-gap-default\">\n\t\t\t\t\t<div class=\"elementor-column elementor-col-100 elementor-top-column elementor-element elementor-element-bdaef73\" data-id=\"bdaef73\" data-element_type=\"column\" data-e-type=\"column\">\n\t\t\t<div class=\"elementor-widget-wrap elementor-element-populated\">\n\t\t\t\t\t\t<div class=\"elementor-element elementor-element-cc0d656 elementor-widget elementor-widget-text-editor\" data-id=\"cc0d656\" data-element_type=\"widget\" data-e-type=\"widget\" data-widget_type=\"text-editor.default\">\n\t\t\t\t<div class=\"elementor-widget-container\">\n\t\t\t\t\t\t\t\t\t<p>Bloomberg L\u00ednea \u2014 As\u00ed como en otros pa\u00edses latinoamericanos, Ecuador recibe el tercer fin de semana de febrero con los carnavales. <b>Fiestas nacionales que est\u00e1n ligadas a celebraciones religiosas y de comunidades ind\u00edgenas y por las cuales se decretaron como feriados nacionales el lunes 20 y el martes 21 de febrero.<\/b><br \/>El fin de semana largo, que comienza el s\u00e1bado 18 de febrero y que durar\u00e1 cuatro d\u00edas, busca incentivar, sobre todo, el turismo nacional, <b>raz\u00f3n por la que el gobierno de Guillermo Lasso reducir\u00e1 el Impuesto al Valor Agregado (IVA) del 12% al 8% entre lunes y martes<\/b>, buscando dinamizar el consumo y la recuperaci\u00f3n continua del sector, que comenz\u00f3 desde 2021, tras los peores meses de la pandemia del Covid-19.<\/p><p>Para los carnavales de febrero de 2023, <b>la Federaci\u00f3n Nacional de C\u00e1maras de Turismo del Ecuador (Fenacaptur), estim\u00f3 que las ventas en el pa\u00eds podr\u00edan llegar a los US$ 60 millones<\/b>, entre alojamientos, transportes, gastronom\u00eda y otras actividades relacionadas.<\/p>\t\t\t\t\t\t\t\t<\/div>\n\t\t\t\t<\/div>\n\t\t\t\t\t<\/div>\n\t\t<\/div>\n\t\t\t\t\t<\/div>\n\t\t<\/section>\n\t\t\t\t<section class=\"elementor-section elementor-top-section elementor-element elementor-element-b2cd160 elementor-section-boxed elementor-section-height-default elementor-section-height-default\" data-id=\"b2cd160\" data-element_type=\"section\" data-e-type=\"section\">\n\t\t\t\t\t\t<div class=\"elementor-container elementor-column-gap-default\">\n\t\t\t\t\t<div class=\"elementor-column elementor-col-100 elementor-top-column elementor-element elementor-element-ee15c19\" data-id=\"ee15c19\" data-element_type=\"column\" data-e-type=\"column\">\n\t\t\t<div class=\"elementor-widget-wrap elementor-element-populated\">\n\t\t\t\t\t\t<div class=\"elementor-element elementor-element-2053c6f elementor-widget elementor-widget-image\" data-id=\"2053c6f\" data-element_type=\"widget\" data-e-type=\"widget\" data-widget_type=\"image.default\">\n\t\t\t\t<div class=\"elementor-widget-container\">\n\t\t\t\t\t\t\t\t\t\t\t\t\t\t\t<img decoding=\"async\" width=\"1024\" height=\"647\" src=\"https:\/\/www.santafevalores.com\/wp-content\/uploads\/2023\/02\/F25UIJE7FKZEVVJRU2THXLDCHXY-1024x647.jpg\" class=\"attachment-large size-large wp-image-67110\" alt=\"\" srcset=\"https:\/\/www.santafevalores.com\/wp-content\/uploads\/2023\/02\/F25UIJE7FKZEVVJRU2THXLDCHXY-1024x647.jpg 1024w, https:\/\/www.santafevalores.com\/wp-content\/uploads\/2023\/02\/F25UIJE7FKZEVVJRU2THXLDCHXY-300x190.jpg 300w, https:\/\/www.santafevalores.com\/wp-content\/uploads\/2023\/02\/F25UIJE7FKZEVVJRU2THXLDCHXY-768x485.jpg 768w, https:\/\/www.santafevalores.com\/wp-content\/uploads\/2023\/02\/F25UIJE7FKZEVVJRU2THXLDCHXY.jpg 1440w\" sizes=\"(max-width: 1024px) 100vw, 1024px\" \/>\t\t\t\t\t\t\t\t\t\t\t\t\t\t\t<\/div>\n\t\t\t\t<\/div>\n\t\t\t\t\t<\/div>\n\t\t<\/div>\n\t\t\t\t\t<\/div>\n\t\t<\/section>\n\t\t\t\t<section class=\"elementor-section elementor-top-section elementor-element elementor-element-edcaebd elementor-section-boxed elementor-section-height-default elementor-section-height-default\" data-id=\"edcaebd\" data-element_type=\"section\" data-e-type=\"section\">\n\t\t\t\t\t\t<div class=\"elementor-container elementor-column-gap-default\">\n\t\t\t\t\t<div class=\"elementor-column elementor-col-100 elementor-top-column elementor-element elementor-element-70f6c82\" data-id=\"70f6c82\" data-element_type=\"column\" data-e-type=\"column\">\n\t\t\t<div class=\"elementor-widget-wrap elementor-element-populated\">\n\t\t\t\t\t\t<div class=\"elementor-element elementor-element-15c7edd elementor-widget elementor-widget-text-editor\" data-id=\"15c7edd\" data-element_type=\"widget\" data-e-type=\"widget\" data-widget_type=\"text-editor.default\">\n\t\t\t\t<div class=\"elementor-widget-container\">\n\t\t\t\t\t\t\t\t\t<p><b>\u00bfC\u00f3mo impacta la reducci\u00f3n del IVA en feriados de carnaval?<\/b><\/p><p>La consultora econ\u00f3mica Oikonomics se\u00f1al\u00f3 en un informe que en el pa\u00eds <b>las ventas totales en las que se incluye el IVA tuvieron una ca\u00edda de 16,1% en 2020 para despu\u00e9s reportar una recuperaci\u00f3n del 20,2% en 2021<\/b>, aunque la variaci\u00f3n con 2019, antes de la pandemia, fue tan solo de 0,9%<\/p><p><b>\u201cEn 2022, las ventas se incrementaron un 3,0% en relaci\u00f3n con 2021 y un 3,9% con respecto a 2019, dando como resultado una recuperaci\u00f3n en t\u00e9rminos reales de la econom\u00eda en el pa\u00eds\u201d<\/b>, precisa el informe.<\/p><p>Este crecimiento, en valores reales, <b>se consolid\u00f3 al pasar de ventas de IVA del 12% por US$ 8.600 millones en 2019 a unos US$ 8.700 millones entre enero y noviembre de 2022<\/b>, un crecimiento de 1,9% frente a las cifras previas a la pandemia, seg\u00fan los \u00faltimos datos disponibles.<\/p>\t\t\t\t\t\t\t\t<\/div>\n\t\t\t\t<\/div>\n\t\t\t\t\t<\/div>\n\t\t<\/div>\n\t\t\t\t\t<\/div>\n\t\t<\/section>\n\t\t\t\t<section class=\"elementor-section elementor-top-section elementor-element elementor-element-cbe3644 elementor-section-boxed elementor-section-height-default elementor-section-height-default\" data-id=\"cbe3644\" data-element_type=\"section\" data-e-type=\"section\">\n\t\t\t\t\t\t<div class=\"elementor-container elementor-column-gap-default\">\n\t\t\t\t\t<div class=\"elementor-column elementor-col-100 elementor-top-column elementor-element elementor-element-7143eb0\" data-id=\"7143eb0\" data-element_type=\"column\" data-e-type=\"column\">\n\t\t\t<div class=\"elementor-widget-wrap elementor-element-populated\">\n\t\t\t\t\t\t<div class=\"elementor-element elementor-element-d496816 elementor-widget elementor-widget-image\" data-id=\"d496816\" data-element_type=\"widget\" data-e-type=\"widget\" data-widget_type=\"image.default\">\n\t\t\t\t<div class=\"elementor-widget-container\">\n\t\t\t\t\t\t\t\t\t\t\t\t\t\t\t<img decoding=\"async\" width=\"1024\" height=\"483\" src=\"https:\/\/www.santafevalores.com\/wp-content\/uploads\/2023\/02\/H3JFDZQXNBAWVB42GBTNIN2WGM-1024x483.jpg\" class=\"attachment-large size-large wp-image-67114\" alt=\"\" srcset=\"https:\/\/www.santafevalores.com\/wp-content\/uploads\/2023\/02\/H3JFDZQXNBAWVB42GBTNIN2WGM-1024x483.jpg 1024w, https:\/\/www.santafevalores.com\/wp-content\/uploads\/2023\/02\/H3JFDZQXNBAWVB42GBTNIN2WGM-300x141.jpg 300w, https:\/\/www.santafevalores.com\/wp-content\/uploads\/2023\/02\/H3JFDZQXNBAWVB42GBTNIN2WGM-768x362.jpg 768w, https:\/\/www.santafevalores.com\/wp-content\/uploads\/2023\/02\/H3JFDZQXNBAWVB42GBTNIN2WGM.jpg 1440w\" sizes=\"(max-width: 1024px) 100vw, 1024px\" \/>\t\t\t\t\t\t\t\t\t\t\t\t\t\t\t<\/div>\n\t\t\t\t<\/div>\n\t\t\t\t\t<\/div>\n\t\t<\/div>\n\t\t\t\t\t<\/div>\n\t\t<\/section>\n\t\t\t\t<section class=\"elementor-section elementor-top-section elementor-element elementor-element-2ab9d60 elementor-section-boxed elementor-section-height-default elementor-section-height-default\" data-id=\"2ab9d60\" data-element_type=\"section\" data-e-type=\"section\">\n\t\t\t\t\t\t<div class=\"elementor-container elementor-column-gap-default\">\n\t\t\t\t\t<div class=\"elementor-column elementor-col-100 elementor-top-column elementor-element elementor-element-c082e36\" data-id=\"c082e36\" data-element_type=\"column\" data-e-type=\"column\">\n\t\t\t<div class=\"elementor-widget-wrap elementor-element-populated\">\n\t\t\t\t\t\t<div class=\"elementor-element elementor-element-e6aba25 elementor-widget elementor-widget-text-editor\" data-id=\"e6aba25\" data-element_type=\"widget\" data-e-type=\"widget\" data-widget_type=\"text-editor.default\">\n\t\t\t\t<div class=\"elementor-widget-container\">\n\t\t\t\t\t\t\t\t\t<p>\u201cUna de las medidas que puede explicar esta recuperaci\u00f3n, adem\u00e1s del cese\/disminuci\u00f3n de restricciones por Covid-19 y la consecuente recuperaci\u00f3n de la actividad econ\u00f3mica, <b>es la pol\u00edtica de disminuci\u00f3n del IVA, donde el IVA pas\u00f3 del 12% al 8% para los servicios definidos como actividades tur\u00edsticas, y se mantuvo vigente en los feriados de Carnaval, Semana Santa, Independencia de Cuenca, y D\u00eda de los Difuntos\u201d,<\/b> precis\u00f3 la consultora.<\/p>\n<p>Sin embargo, dice el informe, entre enero y noviembre de 2021 cuando el IVA no se redujo, el sector de Alojamiento y Servicio de comidas tuvo buen rendimiento, <b>creciendo 52,1% frente a 2020, pero reportando un comportamiento negativo de -23,3% frente a 2019.<\/b><\/p>\n<p>Oikonomics se\u00f1ala que estas cifras se revirtieron el a\u00f1o anterior, con una variaci\u00f3n interanual de 15,2%, pero sin lograr mejores niveles que los presentados antes de la pandemia (-12,7%).<br><b>\u201cEstos datos sugieren que la pol\u00edtica de reducci\u00f3n del IVA s\u00ed supuso un incremento en las ventas del sector Turismo, y, por tanto, en su recuperaci\u00f3n.<\/b> Sin embargo, no consigui\u00f3 recuperar los niveles pre-pandemia\u201d, a\u00f1adi\u00f3 la consultora al analizar las 27 actividades econ\u00f3micas correspondientes a Turismo.<\/p>\n<p>Para evaluar esta tendencia, se utilizaron datos de ventas extra\u00eddas del Servicio de Rentas Internas (SRI), el \u00cdndice de Precios al Consumidor (IPC) del INEC. La informaci\u00f3n fue transformada a t\u00e9rminos reales, y para ello, se deflactaron los valores de ventas nominales, convirtiendo la primera variable en t\u00e9rminos reales del a\u00f1o 2014.<\/p>\t\t\t\t\t\t\t\t<\/div>\n\t\t\t\t<\/div>\n\t\t\t\t\t<\/div>\n\t\t<\/div>\n\t\t\t\t\t<\/div>\n\t\t<\/section>\n\t\t\t\t<section class=\"elementor-section elementor-top-section elementor-element elementor-element-daa62c2 elementor-section-boxed elementor-section-height-default elementor-section-height-default\" data-id=\"daa62c2\" data-element_type=\"section\" data-e-type=\"section\">\n\t\t\t\t\t\t<div class=\"elementor-container elementor-column-gap-default\">\n\t\t\t\t\t<div class=\"elementor-column elementor-col-100 elementor-top-column elementor-element elementor-element-8c8e3ff\" data-id=\"8c8e3ff\" data-element_type=\"column\" data-e-type=\"column\">\n\t\t\t<div class=\"elementor-widget-wrap elementor-element-populated\">\n\t\t\t\t\t\t<div class=\"elementor-element elementor-element-c758572 elementor-headline--style-highlight elementor-widget elementor-widget-animated-headline\" data-id=\"c758572\" data-element_type=\"widget\" data-e-type=\"widget\" data-settings=\"{&quot;highlighted_text&quot;:&quot;reporta Bloomberg&quot;,&quot;headline_style&quot;:&quot;highlight&quot;,&quot;marker&quot;:&quot;circle&quot;,&quot;loop&quot;:&quot;yes&quot;,&quot;highlight_animation_duration&quot;:1200,&quot;highlight_iteration_delay&quot;:8000}\" data-widget_type=\"animated-headline.default\">\n\t\t\t\t<div class=\"elementor-widget-container\">\n\t\t\t\t\t\t\t\t<a href=\"https:\/\/www.bloomberglinea.com\/latinoamerica\/ecuador\/feriado-de-carnaval-ecuador-2023-cuando-es-y-que-impacto-tendra-reducir-el-iva\/\" target=\"_blank\">\n\n\t\t\t\t\t<p class=\"elementor-headline\">\n\t\t\t\t\t<span class=\"elementor-headline-plain-text elementor-headline-text-wrapper\">Fuente:<\/span>\n\t\t\t\t<span class=\"elementor-headline-dynamic-wrapper elementor-headline-text-wrapper\">\n\t\t\t\t\t<span class=\"elementor-headline-dynamic-text elementor-headline-text-active\">reporta Bloomberg<\/span>\n\t\t\t\t<\/span>\n\t\t\t\t<\/p>\n\t\t<\/a>\t\t\t\t<\/div>\n\t\t\t\t<\/div>\n\t\t\t\t\t<\/div>\n\t\t<\/div>\n\t\t\t\t\t<\/div>\n\t\t<\/section>\n\t\t\t\t<\/div>\n\t\t","protected":false},"excerpt":{"rendered":"<p>Bloomberg L\u00ednea \u2014 As\u00ed como en otros pa\u00edses latinoamericanos, Ecuador recibe el tercer fin de semana de febrero con los carnavales. Fiestas nacionales que est\u00e1n ligadas a celebraciones religiosas y de comunidades ind\u00edgenas y por las cuales se decretaron como feriados nacionales el lunes 20 y el martes 21 de febrero.El fin de semana largo,&hellip;<\/p>\n","protected":false},"author":1,"featured_media":67104,"comment_status":"open","ping_status":"closed","sticky":false,"template":"","format":"standard","meta":{"content-type":"","_joinchat":[],"footnotes":""},"categories":[1],"tags":[],"class_list":["post-67103","post","type-post","status-publish","format-standard","has-post-thumbnail","hentry","category-uncategorized"],"yoast_head":"<!-- This site is optimized with the Yoast SEO plugin v27.5 - https:\/\/yoast.com\/product\/yoast-seo-wordpress\/ -->\n<title>Feriado de Carnaval Ecuador 2023: cu\u00e1ndo es y qu\u00e9 impacto tendr\u00e1 reducir el IVA - Santa Fe Casa de Valores S.A.<\/title>\n<meta name=\"robots\" content=\"index, follow, max-snippet:-1, max-image-preview:large, max-video-preview:-1\" \/>\n<link rel=\"canonical\" href=\"https:\/\/www.santafevalores.com\/index.php\/2023\/02\/17\/sfv20230217uno\/\" \/>\n<meta property=\"og:locale\" content=\"es_ES\" \/>\n<meta property=\"og:type\" content=\"article\" \/>\n<meta property=\"og:title\" content=\"Feriado de Carnaval Ecuador 2023: cu\u00e1ndo es y qu\u00e9 impacto tendr\u00e1 reducir el IVA - Santa Fe Casa de Valores S.A.\" \/>\n<meta property=\"og:description\" content=\"Bloomberg L\u00ednea \u2014 As\u00ed como en otros pa\u00edses latinoamericanos, Ecuador recibe el tercer fin de semana de febrero con los carnavales. Fiestas nacionales que est\u00e1n ligadas a celebraciones religiosas y de comunidades ind\u00edgenas y por las cuales se decretaron como feriados nacionales el lunes 20 y el martes 21 de febrero.El fin de semana largo,&hellip;\" \/>\n<meta property=\"og:url\" content=\"https:\/\/www.santafevalores.com\/index.php\/2023\/02\/17\/sfv20230217uno\/\" \/>\n<meta property=\"og:site_name\" content=\"Santa Fe Casa de Valores S.A.\" \/>\n<meta property=\"article:publisher\" content=\"https:\/\/www.facebook.com\/santafevalores\/\" \/>\n<meta property=\"article:published_time\" content=\"2023-02-17T17:55:38+00:00\" \/>\n<meta property=\"article:modified_time\" content=\"2023-02-17T18:08:16+00:00\" \/>\n<meta property=\"og:image\" content=\"https:\/\/www.santafevalores.com\/wp-content\/uploads\/2023\/02\/VMPOYFBYGNFZNA4Q4L4FNIZCHM.jpg\" \/>\n\t<meta property=\"og:image:width\" content=\"1440\" \/>\n\t<meta property=\"og:image:height\" content=\"960\" \/>\n\t<meta property=\"og:image:type\" content=\"image\/jpeg\" \/>\n<meta name=\"author\" content=\"admin\" \/>\n<meta name=\"twitter:card\" content=\"summary_large_image\" \/>\n<meta name=\"twitter:creator\" content=\"@SantaFeValores\" \/>\n<meta name=\"twitter:site\" content=\"@SantaFeValores\" \/>\n<meta name=\"twitter:label1\" content=\"Escrito por\" \/>\n\t<meta name=\"twitter:data1\" content=\"admin\" \/>\n\t<meta name=\"twitter:label2\" content=\"Tiempo de lectura\" \/>\n\t<meta name=\"twitter:data2\" content=\"4 minutos\" \/>\n<script type=\"application\/ld+json\" class=\"yoast-schema-graph\">{\"@context\":\"https:\\\/\\\/schema.org\",\"@graph\":[{\"@type\":\"Article\",\"@id\":\"https:\\\/\\\/www.santafevalores.com\\\/index.php\\\/2023\\\/02\\\/17\\\/sfv20230217uno\\\/#article\",\"isPartOf\":{\"@id\":\"https:\\\/\\\/www.santafevalores.com\\\/index.php\\\/2023\\\/02\\\/17\\\/sfv20230217uno\\\/\"},\"author\":{\"name\":\"admin\",\"@id\":\"https:\\\/\\\/www.santafevalores.com\\\/#\\\/schema\\\/person\\\/d965a42370507d0a1638e69158bb5835\"},\"headline\":\"Feriado de Carnaval Ecuador 2023: cu\u00e1ndo es y qu\u00e9 impacto tendr\u00e1 reducir el IVA\",\"datePublished\":\"2023-02-17T17:55:38+00:00\",\"dateModified\":\"2023-02-17T18:08:16+00:00\",\"mainEntityOfPage\":{\"@id\":\"https:\\\/\\\/www.santafevalores.com\\\/index.php\\\/2023\\\/02\\\/17\\\/sfv20230217uno\\\/\"},\"wordCount\":579,\"commentCount\":0,\"publisher\":{\"@id\":\"https:\\\/\\\/www.santafevalores.com\\\/#organization\"},\"image\":{\"@id\":\"https:\\\/\\\/www.santafevalores.com\\\/index.php\\\/2023\\\/02\\\/17\\\/sfv20230217uno\\\/#primaryimage\"},\"thumbnailUrl\":\"https:\\\/\\\/www.santafevalores.com\\\/wp-content\\\/uploads\\\/2023\\\/02\\\/VMPOYFBYGNFZNA4Q4L4FNIZCHM.jpg\",\"articleSection\":[\"Uncategorized\"],\"inLanguage\":\"es\",\"potentialAction\":[{\"@type\":\"CommentAction\",\"name\":\"Comment\",\"target\":[\"https:\\\/\\\/www.santafevalores.com\\\/index.php\\\/2023\\\/02\\\/17\\\/sfv20230217uno\\\/#respond\"]}]},{\"@type\":\"WebPage\",\"@id\":\"https:\\\/\\\/www.santafevalores.com\\\/index.php\\\/2023\\\/02\\\/17\\\/sfv20230217uno\\\/\",\"url\":\"https:\\\/\\\/www.santafevalores.com\\\/index.php\\\/2023\\\/02\\\/17\\\/sfv20230217uno\\\/\",\"name\":\"Feriado de Carnaval Ecuador 2023: cu\u00e1ndo es y qu\u00e9 impacto tendr\u00e1 reducir el IVA - Santa Fe Casa de Valores S.A.\",\"isPartOf\":{\"@id\":\"https:\\\/\\\/www.santafevalores.com\\\/#website\"},\"primaryImageOfPage\":{\"@id\":\"https:\\\/\\\/www.santafevalores.com\\\/index.php\\\/2023\\\/02\\\/17\\\/sfv20230217uno\\\/#primaryimage\"},\"image\":{\"@id\":\"https:\\\/\\\/www.santafevalores.com\\\/index.php\\\/2023\\\/02\\\/17\\\/sfv20230217uno\\\/#primaryimage\"},\"thumbnailUrl\":\"https:\\\/\\\/www.santafevalores.com\\\/wp-content\\\/uploads\\\/2023\\\/02\\\/VMPOYFBYGNFZNA4Q4L4FNIZCHM.jpg\",\"datePublished\":\"2023-02-17T17:55:38+00:00\",\"dateModified\":\"2023-02-17T18:08:16+00:00\",\"breadcrumb\":{\"@id\":\"https:\\\/\\\/www.santafevalores.com\\\/index.php\\\/2023\\\/02\\\/17\\\/sfv20230217uno\\\/#breadcrumb\"},\"inLanguage\":\"es\",\"potentialAction\":[{\"@type\":\"ReadAction\",\"target\":[\"https:\\\/\\\/www.santafevalores.com\\\/index.php\\\/2023\\\/02\\\/17\\\/sfv20230217uno\\\/\"]}]},{\"@type\":\"ImageObject\",\"inLanguage\":\"es\",\"@id\":\"https:\\\/\\\/www.santafevalores.com\\\/index.php\\\/2023\\\/02\\\/17\\\/sfv20230217uno\\\/#primaryimage\",\"url\":\"https:\\\/\\\/www.santafevalores.com\\\/wp-content\\\/uploads\\\/2023\\\/02\\\/VMPOYFBYGNFZNA4Q4L4FNIZCHM.jpg\",\"contentUrl\":\"https:\\\/\\\/www.santafevalores.com\\\/wp-content\\\/uploads\\\/2023\\\/02\\\/VMPOYFBYGNFZNA4Q4L4FNIZCHM.jpg\",\"width\":1440,\"height\":960},{\"@type\":\"BreadcrumbList\",\"@id\":\"https:\\\/\\\/www.santafevalores.com\\\/index.php\\\/2023\\\/02\\\/17\\\/sfv20230217uno\\\/#breadcrumb\",\"itemListElement\":[{\"@type\":\"ListItem\",\"position\":1,\"name\":\"Portada\",\"item\":\"https:\\\/\\\/www.santafevalores.com\\\/\"},{\"@type\":\"ListItem\",\"position\":2,\"name\":\"Feriado de Carnaval Ecuador 2023: cu\u00e1ndo es y qu\u00e9 impacto tendr\u00e1 reducir el IVA\"}]},{\"@type\":\"WebSite\",\"@id\":\"https:\\\/\\\/www.santafevalores.com\\\/#website\",\"url\":\"https:\\\/\\\/www.santafevalores.com\\\/\",\"name\":\"Santa Fe Casa de Valores S.A.\",\"description\":\"\",\"publisher\":{\"@id\":\"https:\\\/\\\/www.santafevalores.com\\\/#organization\"},\"potentialAction\":[{\"@type\":\"SearchAction\",\"target\":{\"@type\":\"EntryPoint\",\"urlTemplate\":\"https:\\\/\\\/www.santafevalores.com\\\/?s={search_term_string}\"},\"query-input\":{\"@type\":\"PropertyValueSpecification\",\"valueRequired\":true,\"valueName\":\"search_term_string\"}}],\"inLanguage\":\"es\"},{\"@type\":\"Organization\",\"@id\":\"https:\\\/\\\/www.santafevalores.com\\\/#organization\",\"name\":\"Santa Fe Casa de Valores S.A.\",\"alternateName\":\"SANTAFEVALORES\",\"url\":\"https:\\\/\\\/www.santafevalores.com\\\/\",\"logo\":{\"@type\":\"ImageObject\",\"inLanguage\":\"es\",\"@id\":\"https:\\\/\\\/www.santafevalores.com\\\/#\\\/schema\\\/logo\\\/image\\\/\",\"url\":\"https:\\\/\\\/www.santafevalores.com\\\/wp-content\\\/uploads\\\/2022\\\/06\\\/logo1.png\",\"contentUrl\":\"https:\\\/\\\/www.santafevalores.com\\\/wp-content\\\/uploads\\\/2022\\\/06\\\/logo1.png\",\"width\":235,\"height\":71,\"caption\":\"Santa Fe Casa de Valores S.A.\"},\"image\":{\"@id\":\"https:\\\/\\\/www.santafevalores.com\\\/#\\\/schema\\\/logo\\\/image\\\/\"},\"sameAs\":[\"https:\\\/\\\/www.facebook.com\\\/santafevalores\\\/\",\"https:\\\/\\\/x.com\\\/SantaFeValores\"]},{\"@type\":\"Person\",\"@id\":\"https:\\\/\\\/www.santafevalores.com\\\/#\\\/schema\\\/person\\\/d965a42370507d0a1638e69158bb5835\",\"name\":\"admin\",\"image\":{\"@type\":\"ImageObject\",\"inLanguage\":\"es\",\"@id\":\"https:\\\/\\\/secure.gravatar.com\\\/avatar\\\/97ec7f9eb6068ddac59d3806ca0034c167fce748f524adcfad8629911220756f?s=96&d=mm&r=g\",\"url\":\"https:\\\/\\\/secure.gravatar.com\\\/avatar\\\/97ec7f9eb6068ddac59d3806ca0034c167fce748f524adcfad8629911220756f?s=96&d=mm&r=g\",\"contentUrl\":\"https:\\\/\\\/secure.gravatar.com\\\/avatar\\\/97ec7f9eb6068ddac59d3806ca0034c167fce748f524adcfad8629911220756f?s=96&d=mm&r=g\",\"caption\":\"admin\"},\"sameAs\":[\"https:\\\/\\\/www.santafevalores.com\"],\"url\":\"https:\\\/\\\/www.santafevalores.com\\\/index.php\\\/author\\\/santafevaloresuio_ggv0vv79\\\/\"}]}<\/script>\n<!-- \/ Yoast SEO plugin. -->","yoast_head_json":{"title":"Feriado de Carnaval Ecuador 2023: cu\u00e1ndo es y qu\u00e9 impacto tendr\u00e1 reducir el IVA - Santa Fe Casa de Valores S.A.","robots":{"index":"index","follow":"follow","max-snippet":"max-snippet:-1","max-image-preview":"max-image-preview:large","max-video-preview":"max-video-preview:-1"},"canonical":"https:\/\/www.santafevalores.com\/index.php\/2023\/02\/17\/sfv20230217uno\/","og_locale":"es_ES","og_type":"article","og_title":"Feriado de Carnaval Ecuador 2023: cu\u00e1ndo es y qu\u00e9 impacto tendr\u00e1 reducir el IVA - Santa Fe Casa de Valores S.A.","og_description":"Bloomberg L\u00ednea \u2014 As\u00ed como en otros pa\u00edses latinoamericanos, Ecuador recibe el tercer fin de semana de febrero con los carnavales. Fiestas nacionales que est\u00e1n ligadas a celebraciones religiosas y de comunidades ind\u00edgenas y por las cuales se decretaron como feriados nacionales el lunes 20 y el martes 21 de febrero.El fin de semana largo,&hellip;","og_url":"https:\/\/www.santafevalores.com\/index.php\/2023\/02\/17\/sfv20230217uno\/","og_site_name":"Santa Fe Casa de Valores S.A.","article_publisher":"https:\/\/www.facebook.com\/santafevalores\/","article_published_time":"2023-02-17T17:55:38+00:00","article_modified_time":"2023-02-17T18:08:16+00:00","og_image":[{"width":1440,"height":960,"url":"https:\/\/www.santafevalores.com\/wp-content\/uploads\/2023\/02\/VMPOYFBYGNFZNA4Q4L4FNIZCHM.jpg","type":"image\/jpeg"}],"author":"admin","twitter_card":"summary_large_image","twitter_creator":"@SantaFeValores","twitter_site":"@SantaFeValores","twitter_misc":{"Escrito por":"admin","Tiempo de lectura":"4 minutos"},"schema":{"@context":"https:\/\/schema.org","@graph":[{"@type":"Article","@id":"https:\/\/www.santafevalores.com\/index.php\/2023\/02\/17\/sfv20230217uno\/#article","isPartOf":{"@id":"https:\/\/www.santafevalores.com\/index.php\/2023\/02\/17\/sfv20230217uno\/"},"author":{"name":"admin","@id":"https:\/\/www.santafevalores.com\/#\/schema\/person\/d965a42370507d0a1638e69158bb5835"},"headline":"Feriado de Carnaval Ecuador 2023: cu\u00e1ndo es y qu\u00e9 impacto tendr\u00e1 reducir el IVA","datePublished":"2023-02-17T17:55:38+00:00","dateModified":"2023-02-17T18:08:16+00:00","mainEntityOfPage":{"@id":"https:\/\/www.santafevalores.com\/index.php\/2023\/02\/17\/sfv20230217uno\/"},"wordCount":579,"commentCount":0,"publisher":{"@id":"https:\/\/www.santafevalores.com\/#organization"},"image":{"@id":"https:\/\/www.santafevalores.com\/index.php\/2023\/02\/17\/sfv20230217uno\/#primaryimage"},"thumbnailUrl":"https:\/\/www.santafevalores.com\/wp-content\/uploads\/2023\/02\/VMPOYFBYGNFZNA4Q4L4FNIZCHM.jpg","articleSection":["Uncategorized"],"inLanguage":"es","potentialAction":[{"@type":"CommentAction","name":"Comment","target":["https:\/\/www.santafevalores.com\/index.php\/2023\/02\/17\/sfv20230217uno\/#respond"]}]},{"@type":"WebPage","@id":"https:\/\/www.santafevalores.com\/index.php\/2023\/02\/17\/sfv20230217uno\/","url":"https:\/\/www.santafevalores.com\/index.php\/2023\/02\/17\/sfv20230217uno\/","name":"Feriado de Carnaval Ecuador 2023: cu\u00e1ndo es y qu\u00e9 impacto tendr\u00e1 reducir el IVA - Santa Fe Casa de Valores S.A.","isPartOf":{"@id":"https:\/\/www.santafevalores.com\/#website"},"primaryImageOfPage":{"@id":"https:\/\/www.santafevalores.com\/index.php\/2023\/02\/17\/sfv20230217uno\/#primaryimage"},"image":{"@id":"https:\/\/www.santafevalores.com\/index.php\/2023\/02\/17\/sfv20230217uno\/#primaryimage"},"thumbnailUrl":"https:\/\/www.santafevalores.com\/wp-content\/uploads\/2023\/02\/VMPOYFBYGNFZNA4Q4L4FNIZCHM.jpg","datePublished":"2023-02-17T17:55:38+00:00","dateModified":"2023-02-17T18:08:16+00:00","breadcrumb":{"@id":"https:\/\/www.santafevalores.com\/index.php\/2023\/02\/17\/sfv20230217uno\/#breadcrumb"},"inLanguage":"es","potentialAction":[{"@type":"ReadAction","target":["https:\/\/www.santafevalores.com\/index.php\/2023\/02\/17\/sfv20230217uno\/"]}]},{"@type":"ImageObject","inLanguage":"es","@id":"https:\/\/www.santafevalores.com\/index.php\/2023\/02\/17\/sfv20230217uno\/#primaryimage","url":"https:\/\/www.santafevalores.com\/wp-content\/uploads\/2023\/02\/VMPOYFBYGNFZNA4Q4L4FNIZCHM.jpg","contentUrl":"https:\/\/www.santafevalores.com\/wp-content\/uploads\/2023\/02\/VMPOYFBYGNFZNA4Q4L4FNIZCHM.jpg","width":1440,"height":960},{"@type":"BreadcrumbList","@id":"https:\/\/www.santafevalores.com\/index.php\/2023\/02\/17\/sfv20230217uno\/#breadcrumb","itemListElement":[{"@type":"ListItem","position":1,"name":"Portada","item":"https:\/\/www.santafevalores.com\/"},{"@type":"ListItem","position":2,"name":"Feriado de Carnaval Ecuador 2023: cu\u00e1ndo es y qu\u00e9 impacto tendr\u00e1 reducir el IVA"}]},{"@type":"WebSite","@id":"https:\/\/www.santafevalores.com\/#website","url":"https:\/\/www.santafevalores.com\/","name":"Santa Fe Casa de Valores S.A.","description":"","publisher":{"@id":"https:\/\/www.santafevalores.com\/#organization"},"potentialAction":[{"@type":"SearchAction","target":{"@type":"EntryPoint","urlTemplate":"https:\/\/www.santafevalores.com\/?s={search_term_string}"},"query-input":{"@type":"PropertyValueSpecification","valueRequired":true,"valueName":"search_term_string"}}],"inLanguage":"es"},{"@type":"Organization","@id":"https:\/\/www.santafevalores.com\/#organization","name":"Santa Fe Casa de Valores S.A.","alternateName":"SANTAFEVALORES","url":"https:\/\/www.santafevalores.com\/","logo":{"@type":"ImageObject","inLanguage":"es","@id":"https:\/\/www.santafevalores.com\/#\/schema\/logo\/image\/","url":"https:\/\/www.santafevalores.com\/wp-content\/uploads\/2022\/06\/logo1.png","contentUrl":"https:\/\/www.santafevalores.com\/wp-content\/uploads\/2022\/06\/logo1.png","width":235,"height":71,"caption":"Santa Fe Casa de Valores S.A."},"image":{"@id":"https:\/\/www.santafevalores.com\/#\/schema\/logo\/image\/"},"sameAs":["https:\/\/www.facebook.com\/santafevalores\/","https:\/\/x.com\/SantaFeValores"]},{"@type":"Person","@id":"https:\/\/www.santafevalores.com\/#\/schema\/person\/d965a42370507d0a1638e69158bb5835","name":"admin","image":{"@type":"ImageObject","inLanguage":"es","@id":"https:\/\/secure.gravatar.com\/avatar\/97ec7f9eb6068ddac59d3806ca0034c167fce748f524adcfad8629911220756f?s=96&d=mm&r=g","url":"https:\/\/secure.gravatar.com\/avatar\/97ec7f9eb6068ddac59d3806ca0034c167fce748f524adcfad8629911220756f?s=96&d=mm&r=g","contentUrl":"https:\/\/secure.gravatar.com\/avatar\/97ec7f9eb6068ddac59d3806ca0034c167fce748f524adcfad8629911220756f?s=96&d=mm&r=g","caption":"admin"},"sameAs":["https:\/\/www.santafevalores.com"],"url":"https:\/\/www.santafevalores.com\/index.php\/author\/santafevaloresuio_ggv0vv79\/"}]}},"_links":{"self":[{"href":"https:\/\/www.santafevalores.com\/index.php\/wp-json\/wp\/v2\/posts\/67103","targetHints":{"allow":["GET"]}}],"collection":[{"href":"https:\/\/www.santafevalores.com\/index.php\/wp-json\/wp\/v2\/posts"}],"about":[{"href":"https:\/\/www.santafevalores.com\/index.php\/wp-json\/wp\/v2\/types\/post"}],"author":[{"embeddable":true,"href":"https:\/\/www.santafevalores.com\/index.php\/wp-json\/wp\/v2\/users\/1"}],"replies":[{"embeddable":true,"href":"https:\/\/www.santafevalores.com\/index.php\/wp-json\/wp\/v2\/comments?post=67103"}],"version-history":[{"count":14,"href":"https:\/\/www.santafevalores.com\/index.php\/wp-json\/wp\/v2\/posts\/67103\/revisions"}],"predecessor-version":[{"id":67122,"href":"https:\/\/www.santafevalores.com\/index.php\/wp-json\/wp\/v2\/posts\/67103\/revisions\/67122"}],"wp:featuredmedia":[{"embeddable":true,"href":"https:\/\/www.santafevalores.com\/index.php\/wp-json\/wp\/v2\/media\/67104"}],"wp:attachment":[{"href":"https:\/\/www.santafevalores.com\/index.php\/wp-json\/wp\/v2\/media?parent=67103"}],"wp:term":[{"taxonomy":"category","embeddable":true,"href":"https:\/\/www.santafevalores.com\/index.php\/wp-json\/wp\/v2\/categories?post=67103"},{"taxonomy":"post_tag","embeddable":true,"href":"https:\/\/www.santafevalores.com\/index.php\/wp-json\/wp\/v2\/tags?post=67103"}],"curies":[{"name":"wp","href":"https:\/\/api.w.org\/{rel}","templated":true}]}}