{"id":67257,"date":"2023-03-13T12:29:50","date_gmt":"2023-03-13T17:29:50","guid":{"rendered":"https:\/\/www.santafevalores.com\/?p=67257"},"modified":"2023-03-13T12:34:57","modified_gmt":"2023-03-13T17:34:57","slug":"sfv20230313dos","status":"publish","type":"post","link":"https:\/\/www.santafevalores.com\/index.php\/2023\/03\/13\/sfv20230313dos\/","title":{"rendered":"Cartera de cr\u00e9ditos de bancos privados de Ecuador volvi\u00f3 a crecer, pero m\u00e1s lento"},"content":{"rendered":"\t\t<div data-elementor-type=\"wp-post\" data-elementor-id=\"67257\" class=\"elementor elementor-67257\" data-elementor-post-type=\"post\">\n\t\t\t\t\t\t<section class=\"elementor-section elementor-top-section elementor-element elementor-element-2f03341 elementor-section-boxed elementor-section-height-default elementor-section-height-default\" data-id=\"2f03341\" data-element_type=\"section\" data-e-type=\"section\">\n\t\t\t\t\t\t<div class=\"elementor-container elementor-column-gap-default\">\n\t\t\t\t\t<div class=\"elementor-column elementor-col-100 elementor-top-column elementor-element elementor-element-096b714\" data-id=\"096b714\" data-element_type=\"column\" data-e-type=\"column\">\n\t\t\t<div class=\"elementor-widget-wrap elementor-element-populated\">\n\t\t\t\t\t\t<div class=\"elementor-element elementor-element-7fc22da elementor-widget elementor-widget-image\" data-id=\"7fc22da\" data-element_type=\"widget\" data-e-type=\"widget\" data-widget_type=\"image.default\">\n\t\t\t\t<div class=\"elementor-widget-container\">\n\t\t\t\t\t\t\t\t\t\t\t\t\t\t\t<img fetchpriority=\"high\" decoding=\"async\" width=\"1024\" height=\"640\" src=\"https:\/\/www.santafevalores.com\/wp-content\/uploads\/2023\/03\/BNJ5FL2YL5AY5AP4C73EK6JXHY-1024x640.jpg\" class=\"attachment-large size-large wp-image-67258\" alt=\"\" srcset=\"https:\/\/www.santafevalores.com\/wp-content\/uploads\/2023\/03\/BNJ5FL2YL5AY5AP4C73EK6JXHY-1024x640.jpg 1024w, https:\/\/www.santafevalores.com\/wp-content\/uploads\/2023\/03\/BNJ5FL2YL5AY5AP4C73EK6JXHY-300x188.jpg 300w, https:\/\/www.santafevalores.com\/wp-content\/uploads\/2023\/03\/BNJ5FL2YL5AY5AP4C73EK6JXHY-768x480.jpg 768w, https:\/\/www.santafevalores.com\/wp-content\/uploads\/2023\/03\/BNJ5FL2YL5AY5AP4C73EK6JXHY.jpg 1440w\" sizes=\"(max-width: 1024px) 100vw, 1024px\" \/>\t\t\t\t\t\t\t\t\t\t\t\t\t\t\t<\/div>\n\t\t\t\t<\/div>\n\t\t\t\t\t<\/div>\n\t\t<\/div>\n\t\t\t\t\t<\/div>\n\t\t<\/section>\n\t\t\t\t<section class=\"elementor-section elementor-top-section elementor-element elementor-element-b1871b9 elementor-section-boxed elementor-section-height-default elementor-section-height-default\" data-id=\"b1871b9\" data-element_type=\"section\" data-e-type=\"section\">\n\t\t\t\t\t\t<div class=\"elementor-container elementor-column-gap-default\">\n\t\t\t\t\t<div class=\"elementor-column elementor-col-100 elementor-top-column elementor-element elementor-element-1fa8c5e\" data-id=\"1fa8c5e\" data-element_type=\"column\" data-e-type=\"column\">\n\t\t\t<div class=\"elementor-widget-wrap elementor-element-populated\">\n\t\t\t\t\t\t<div class=\"elementor-element elementor-element-15e1617 elementor-widget elementor-widget-text-editor\" data-id=\"15e1617\" data-element_type=\"widget\" data-e-type=\"widget\" data-widget_type=\"text-editor.default\">\n\t\t\t\t<div class=\"elementor-widget-container\">\n\t\t\t\t\t\t\t\t\t<p>Quito \u2014 <b>La cartera de cr\u00e9dito de los bancos privados del Ecuador alcanz\u00f3 los US$ 39.027 millones en febrero de 2023<\/b>, lo que implica un crecimiento de 13,6% (US$ 4.659 millones adicionales) en comparaci\u00f3n con lo que sucedi\u00f3 en el mismo mes, pero del a\u00f1o anterior.<\/p><p>A su vez, en febrero de 2022, se hab\u00eda registrado un crecimiento anual del 15,8%, <b>lo que revela que ha existido una desaceleraci\u00f3n en el ritmo de crecimiento de 2,2 puntos porcentuales.<\/b><\/p><p>Los datos surgen del informe mensual de la Asociaci\u00f3n De Bancos Del Ecuador (Asobanca), que re\u00fane a las entidades financieras privadas del pa\u00eds.<\/p><p><br \/><b>El detalle<\/b><\/p><p>Estos fueron los n\u00fameros de los bancos privados del Ecuador a febrero de 2023:<\/p><p>La cartera de microcr\u00e9dito se ubic\u00f3 en US$ 3.206 millones, un incremento anual de 18%.<br \/>La cartera de cr\u00e9dito comercial alcanz\u00f3 los US$ 17.637 millones, esto es, un incremento anual de 10,3%.<br \/>Mientras que la cartera del cr\u00e9dito de consumo alcanz\u00f3 los US$ 15.424 millones, con un incremento anual del 18,8%.<\/p><p>\u201cLos bancos privados de Ecuador siguen siendo aliados clave para entregar financiamiento -de <b>manera prudente, t\u00e9cnica y responsable- a los hogares, empresas y negocios y, as\u00ed contribuir en la dinamizaci\u00f3n de la econom\u00eda, debido a su efecto multiplicador que genera el cr\u00e9dito formal\u201d<\/b>, destac\u00f3 Asobanca<\/p><p><br \/><b>Los dep\u00f3sitos<\/b><\/p><p>Asobanca destac\u00f3 que hay 7 millones de clientes que tienen dep\u00f3sitos en los bancos privados. Y a\u00f1adi\u00f3, adem\u00e1s:<\/p><p>A febrero de 2023, los dep\u00f3sitos en los bancos privados totalizaron US$ 43.553 millones, un crecimiento anual de 6,1%, de acuerdo con los \u00faltimos datos reportados por la Superintendencia de Bancos. Esto significa US$ 2.515 millones frente a febrero de 2022.<br \/>Del total de captaciones, US$ 18.121 millones corresponden a dep\u00f3sitos a plazo, lo que representa un crecimiento del 14,9% en comparaci\u00f3n con febrero de 2022. Mientras que los dep\u00f3sitos de ahorro llegaron a US$ 11.074 millones y los dep\u00f3sitos monetarios, a US$ 12.220 millones.<br \/>Es decir, el 67% de las captaciones de la banca, o el equivalente a cerca de siete de cada 10 d\u00f3lares, correspondi\u00f3 a dep\u00f3sitos de ahorro y a plazo. En tanto, el 33% corresponde a dep\u00f3sitos monetarios en cuentas corrientes.<br \/>La cobertura se ubic\u00f3 en 210%, lo que significa que los bancos cuentan con provisiones que son 2,1 veces mayores que la cartera de cr\u00e9dito en mora.<\/p>\t\t\t\t\t\t\t\t<\/div>\n\t\t\t\t<\/div>\n\t\t\t\t\t<\/div>\n\t\t<\/div>\n\t\t\t\t\t<\/div>\n\t\t<\/section>\n\t\t\t\t<section class=\"elementor-section elementor-top-section elementor-element elementor-element-5699669 elementor-section-boxed elementor-section-height-default elementor-section-height-default\" data-id=\"5699669\" data-element_type=\"section\" data-e-type=\"section\">\n\t\t\t\t\t\t<div class=\"elementor-container elementor-column-gap-default\">\n\t\t\t\t\t<div class=\"elementor-column elementor-col-100 elementor-top-column elementor-element elementor-element-f24842f\" data-id=\"f24842f\" data-element_type=\"column\" data-e-type=\"column\">\n\t\t\t<div class=\"elementor-widget-wrap elementor-element-populated\">\n\t\t\t\t\t\t<div class=\"elementor-element elementor-element-f32bf8c elementor-headline--style-highlight elementor-widget elementor-widget-animated-headline\" data-id=\"f32bf8c\" data-element_type=\"widget\" data-e-type=\"widget\" data-settings=\"{&quot;highlighted_text&quot;:&quot;reporta Bloomberg&quot;,&quot;headline_style&quot;:&quot;highlight&quot;,&quot;marker&quot;:&quot;circle&quot;,&quot;loop&quot;:&quot;yes&quot;,&quot;highlight_animation_duration&quot;:1200,&quot;highlight_iteration_delay&quot;:8000}\" data-widget_type=\"animated-headline.default\">\n\t\t\t\t<div class=\"elementor-widget-container\">\n\t\t\t\t\t\t\t\t<a href=\"https:\/\/www.bloomberglinea.com\/latinoamerica\/ecuador\/cartera-de-creditos-de-bancos-privados-de-ecuador-volvio-a-crecer-pero-mas-lento\/\" target=\"_blank\">\n\n\t\t\t\t\t<p class=\"elementor-headline\">\n\t\t\t\t\t<span class=\"elementor-headline-plain-text elementor-headline-text-wrapper\">Fuente:<\/span>\n\t\t\t\t<span class=\"elementor-headline-dynamic-wrapper elementor-headline-text-wrapper\">\n\t\t\t\t\t<span class=\"elementor-headline-dynamic-text elementor-headline-text-active\">reporta Bloomberg<\/span>\n\t\t\t\t<\/span>\n\t\t\t\t<\/p>\n\t\t<\/a>\t\t\t\t<\/div>\n\t\t\t\t<\/div>\n\t\t\t\t\t<\/div>\n\t\t<\/div>\n\t\t\t\t\t<\/div>\n\t\t<\/section>\n\t\t\t\t<\/div>\n\t\t","protected":false},"excerpt":{"rendered":"<p>Quito \u2014 La cartera de cr\u00e9dito de los bancos privados del Ecuador alcanz\u00f3 los US$ 39.027 millones en febrero de 2023, lo que implica un crecimiento de 13,6% (US$ 4.659 millones adicionales) en comparaci\u00f3n con lo que sucedi\u00f3 en el mismo mes, pero del a\u00f1o anterior. A su vez, en febrero de 2022, se hab\u00eda&hellip;<\/p>\n","protected":false},"author":1,"featured_media":67258,"comment_status":"open","ping_status":"closed","sticky":false,"template":"","format":"standard","meta":{"content-type":"","_joinchat":[],"footnotes":""},"categories":[1],"tags":[],"class_list":["post-67257","post","type-post","status-publish","format-standard","has-post-thumbnail","hentry","category-uncategorized"],"yoast_head":"<!-- This site is optimized with the Yoast SEO plugin v27.5 - https:\/\/yoast.com\/product\/yoast-seo-wordpress\/ -->\n<title>Cartera de cr\u00e9ditos de bancos privados de Ecuador volvi\u00f3 a crecer, pero m\u00e1s lento - Santa Fe Casa de Valores S.A.<\/title>\n<meta name=\"robots\" content=\"index, follow, max-snippet:-1, max-image-preview:large, max-video-preview:-1\" \/>\n<link rel=\"canonical\" href=\"https:\/\/www.santafevalores.com\/index.php\/2023\/03\/13\/sfv20230313dos\/\" \/>\n<meta property=\"og:locale\" content=\"es_ES\" \/>\n<meta property=\"og:type\" content=\"article\" \/>\n<meta property=\"og:title\" content=\"Cartera de cr\u00e9ditos de bancos privados de Ecuador volvi\u00f3 a crecer, pero m\u00e1s lento - Santa Fe Casa de Valores S.A.\" \/>\n<meta property=\"og:description\" content=\"Quito \u2014 La cartera de cr\u00e9dito de los bancos privados del Ecuador alcanz\u00f3 los US$ 39.027 millones en febrero de 2023, lo que implica un crecimiento de 13,6% (US$ 4.659 millones adicionales) en comparaci\u00f3n con lo que sucedi\u00f3 en el mismo mes, pero del a\u00f1o anterior. A su vez, en febrero de 2022, se hab\u00eda&hellip;\" \/>\n<meta property=\"og:url\" content=\"https:\/\/www.santafevalores.com\/index.php\/2023\/03\/13\/sfv20230313dos\/\" \/>\n<meta property=\"og:site_name\" content=\"Santa Fe Casa de Valores S.A.\" \/>\n<meta property=\"article:publisher\" content=\"https:\/\/www.facebook.com\/santafevalores\/\" \/>\n<meta property=\"article:published_time\" content=\"2023-03-13T17:29:50+00:00\" \/>\n<meta property=\"article:modified_time\" content=\"2023-03-13T17:34:57+00:00\" \/>\n<meta property=\"og:image\" content=\"https:\/\/www.santafevalores.com\/wp-content\/uploads\/2023\/03\/BNJ5FL2YL5AY5AP4C73EK6JXHY.jpg\" \/>\n\t<meta property=\"og:image:width\" content=\"1440\" \/>\n\t<meta property=\"og:image:height\" content=\"900\" \/>\n\t<meta property=\"og:image:type\" content=\"image\/jpeg\" \/>\n<meta name=\"author\" content=\"admin\" \/>\n<meta name=\"twitter:card\" content=\"summary_large_image\" \/>\n<meta name=\"twitter:creator\" content=\"@SantaFeValores\" \/>\n<meta name=\"twitter:site\" content=\"@SantaFeValores\" \/>\n<meta name=\"twitter:label1\" content=\"Escrito por\" \/>\n\t<meta name=\"twitter:data1\" content=\"admin\" \/>\n\t<meta name=\"twitter:label2\" content=\"Tiempo de lectura\" \/>\n\t<meta name=\"twitter:data2\" content=\"2 minutos\" \/>\n<script type=\"application\/ld+json\" class=\"yoast-schema-graph\">{\"@context\":\"https:\\\/\\\/schema.org\",\"@graph\":[{\"@type\":\"Article\",\"@id\":\"https:\\\/\\\/www.santafevalores.com\\\/index.php\\\/2023\\\/03\\\/13\\\/sfv20230313dos\\\/#article\",\"isPartOf\":{\"@id\":\"https:\\\/\\\/www.santafevalores.com\\\/index.php\\\/2023\\\/03\\\/13\\\/sfv20230313dos\\\/\"},\"author\":{\"name\":\"admin\",\"@id\":\"https:\\\/\\\/www.santafevalores.com\\\/#\\\/schema\\\/person\\\/d965a42370507d0a1638e69158bb5835\"},\"headline\":\"Cartera de cr\u00e9ditos de bancos privados de Ecuador volvi\u00f3 a crecer, pero m\u00e1s lento\",\"datePublished\":\"2023-03-13T17:29:50+00:00\",\"dateModified\":\"2023-03-13T17:34:57+00:00\",\"mainEntityOfPage\":{\"@id\":\"https:\\\/\\\/www.santafevalores.com\\\/index.php\\\/2023\\\/03\\\/13\\\/sfv20230313dos\\\/\"},\"wordCount\":402,\"commentCount\":0,\"publisher\":{\"@id\":\"https:\\\/\\\/www.santafevalores.com\\\/#organization\"},\"image\":{\"@id\":\"https:\\\/\\\/www.santafevalores.com\\\/index.php\\\/2023\\\/03\\\/13\\\/sfv20230313dos\\\/#primaryimage\"},\"thumbnailUrl\":\"https:\\\/\\\/www.santafevalores.com\\\/wp-content\\\/uploads\\\/2023\\\/03\\\/BNJ5FL2YL5AY5AP4C73EK6JXHY.jpg\",\"articleSection\":[\"Uncategorized\"],\"inLanguage\":\"es\",\"potentialAction\":[{\"@type\":\"CommentAction\",\"name\":\"Comment\",\"target\":[\"https:\\\/\\\/www.santafevalores.com\\\/index.php\\\/2023\\\/03\\\/13\\\/sfv20230313dos\\\/#respond\"]}]},{\"@type\":\"WebPage\",\"@id\":\"https:\\\/\\\/www.santafevalores.com\\\/index.php\\\/2023\\\/03\\\/13\\\/sfv20230313dos\\\/\",\"url\":\"https:\\\/\\\/www.santafevalores.com\\\/index.php\\\/2023\\\/03\\\/13\\\/sfv20230313dos\\\/\",\"name\":\"Cartera de cr\u00e9ditos de bancos privados de Ecuador volvi\u00f3 a crecer, pero m\u00e1s lento - Santa Fe Casa de Valores S.A.\",\"isPartOf\":{\"@id\":\"https:\\\/\\\/www.santafevalores.com\\\/#website\"},\"primaryImageOfPage\":{\"@id\":\"https:\\\/\\\/www.santafevalores.com\\\/index.php\\\/2023\\\/03\\\/13\\\/sfv20230313dos\\\/#primaryimage\"},\"image\":{\"@id\":\"https:\\\/\\\/www.santafevalores.com\\\/index.php\\\/2023\\\/03\\\/13\\\/sfv20230313dos\\\/#primaryimage\"},\"thumbnailUrl\":\"https:\\\/\\\/www.santafevalores.com\\\/wp-content\\\/uploads\\\/2023\\\/03\\\/BNJ5FL2YL5AY5AP4C73EK6JXHY.jpg\",\"datePublished\":\"2023-03-13T17:29:50+00:00\",\"dateModified\":\"2023-03-13T17:34:57+00:00\",\"breadcrumb\":{\"@id\":\"https:\\\/\\\/www.santafevalores.com\\\/index.php\\\/2023\\\/03\\\/13\\\/sfv20230313dos\\\/#breadcrumb\"},\"inLanguage\":\"es\",\"potentialAction\":[{\"@type\":\"ReadAction\",\"target\":[\"https:\\\/\\\/www.santafevalores.com\\\/index.php\\\/2023\\\/03\\\/13\\\/sfv20230313dos\\\/\"]}]},{\"@type\":\"ImageObject\",\"inLanguage\":\"es\",\"@id\":\"https:\\\/\\\/www.santafevalores.com\\\/index.php\\\/2023\\\/03\\\/13\\\/sfv20230313dos\\\/#primaryimage\",\"url\":\"https:\\\/\\\/www.santafevalores.com\\\/wp-content\\\/uploads\\\/2023\\\/03\\\/BNJ5FL2YL5AY5AP4C73EK6JXHY.jpg\",\"contentUrl\":\"https:\\\/\\\/www.santafevalores.com\\\/wp-content\\\/uploads\\\/2023\\\/03\\\/BNJ5FL2YL5AY5AP4C73EK6JXHY.jpg\",\"width\":1440,\"height\":900},{\"@type\":\"BreadcrumbList\",\"@id\":\"https:\\\/\\\/www.santafevalores.com\\\/index.php\\\/2023\\\/03\\\/13\\\/sfv20230313dos\\\/#breadcrumb\",\"itemListElement\":[{\"@type\":\"ListItem\",\"position\":1,\"name\":\"Portada\",\"item\":\"https:\\\/\\\/www.santafevalores.com\\\/\"},{\"@type\":\"ListItem\",\"position\":2,\"name\":\"Cartera de cr\u00e9ditos de bancos privados de Ecuador volvi\u00f3 a crecer, pero m\u00e1s lento\"}]},{\"@type\":\"WebSite\",\"@id\":\"https:\\\/\\\/www.santafevalores.com\\\/#website\",\"url\":\"https:\\\/\\\/www.santafevalores.com\\\/\",\"name\":\"Santa Fe Casa de Valores S.A.\",\"description\":\"\",\"publisher\":{\"@id\":\"https:\\\/\\\/www.santafevalores.com\\\/#organization\"},\"potentialAction\":[{\"@type\":\"SearchAction\",\"target\":{\"@type\":\"EntryPoint\",\"urlTemplate\":\"https:\\\/\\\/www.santafevalores.com\\\/?s={search_term_string}\"},\"query-input\":{\"@type\":\"PropertyValueSpecification\",\"valueRequired\":true,\"valueName\":\"search_term_string\"}}],\"inLanguage\":\"es\"},{\"@type\":\"Organization\",\"@id\":\"https:\\\/\\\/www.santafevalores.com\\\/#organization\",\"name\":\"Santa Fe Casa de Valores S.A.\",\"alternateName\":\"SANTAFEVALORES\",\"url\":\"https:\\\/\\\/www.santafevalores.com\\\/\",\"logo\":{\"@type\":\"ImageObject\",\"inLanguage\":\"es\",\"@id\":\"https:\\\/\\\/www.santafevalores.com\\\/#\\\/schema\\\/logo\\\/image\\\/\",\"url\":\"https:\\\/\\\/www.santafevalores.com\\\/wp-content\\\/uploads\\\/2022\\\/06\\\/logo1.png\",\"contentUrl\":\"https:\\\/\\\/www.santafevalores.com\\\/wp-content\\\/uploads\\\/2022\\\/06\\\/logo1.png\",\"width\":235,\"height\":71,\"caption\":\"Santa Fe Casa de Valores S.A.\"},\"image\":{\"@id\":\"https:\\\/\\\/www.santafevalores.com\\\/#\\\/schema\\\/logo\\\/image\\\/\"},\"sameAs\":[\"https:\\\/\\\/www.facebook.com\\\/santafevalores\\\/\",\"https:\\\/\\\/x.com\\\/SantaFeValores\"]},{\"@type\":\"Person\",\"@id\":\"https:\\\/\\\/www.santafevalores.com\\\/#\\\/schema\\\/person\\\/d965a42370507d0a1638e69158bb5835\",\"name\":\"admin\",\"image\":{\"@type\":\"ImageObject\",\"inLanguage\":\"es\",\"@id\":\"https:\\\/\\\/secure.gravatar.com\\\/avatar\\\/97ec7f9eb6068ddac59d3806ca0034c167fce748f524adcfad8629911220756f?s=96&d=mm&r=g\",\"url\":\"https:\\\/\\\/secure.gravatar.com\\\/avatar\\\/97ec7f9eb6068ddac59d3806ca0034c167fce748f524adcfad8629911220756f?s=96&d=mm&r=g\",\"contentUrl\":\"https:\\\/\\\/secure.gravatar.com\\\/avatar\\\/97ec7f9eb6068ddac59d3806ca0034c167fce748f524adcfad8629911220756f?s=96&d=mm&r=g\",\"caption\":\"admin\"},\"sameAs\":[\"https:\\\/\\\/www.santafevalores.com\"],\"url\":\"https:\\\/\\\/www.santafevalores.com\\\/index.php\\\/author\\\/santafevaloresuio_ggv0vv79\\\/\"}]}<\/script>\n<!-- \/ Yoast SEO plugin. -->","yoast_head_json":{"title":"Cartera de cr\u00e9ditos de bancos privados de Ecuador volvi\u00f3 a crecer, pero m\u00e1s lento - Santa Fe Casa de Valores S.A.","robots":{"index":"index","follow":"follow","max-snippet":"max-snippet:-1","max-image-preview":"max-image-preview:large","max-video-preview":"max-video-preview:-1"},"canonical":"https:\/\/www.santafevalores.com\/index.php\/2023\/03\/13\/sfv20230313dos\/","og_locale":"es_ES","og_type":"article","og_title":"Cartera de cr\u00e9ditos de bancos privados de Ecuador volvi\u00f3 a crecer, pero m\u00e1s lento - Santa Fe Casa de Valores S.A.","og_description":"Quito \u2014 La cartera de cr\u00e9dito de los bancos privados del Ecuador alcanz\u00f3 los US$ 39.027 millones en febrero de 2023, lo que implica un crecimiento de 13,6% (US$ 4.659 millones adicionales) en comparaci\u00f3n con lo que sucedi\u00f3 en el mismo mes, pero del a\u00f1o anterior. A su vez, en febrero de 2022, se hab\u00eda&hellip;","og_url":"https:\/\/www.santafevalores.com\/index.php\/2023\/03\/13\/sfv20230313dos\/","og_site_name":"Santa Fe Casa de Valores S.A.","article_publisher":"https:\/\/www.facebook.com\/santafevalores\/","article_published_time":"2023-03-13T17:29:50+00:00","article_modified_time":"2023-03-13T17:34:57+00:00","og_image":[{"width":1440,"height":900,"url":"https:\/\/www.santafevalores.com\/wp-content\/uploads\/2023\/03\/BNJ5FL2YL5AY5AP4C73EK6JXHY.jpg","type":"image\/jpeg"}],"author":"admin","twitter_card":"summary_large_image","twitter_creator":"@SantaFeValores","twitter_site":"@SantaFeValores","twitter_misc":{"Escrito por":"admin","Tiempo de lectura":"2 minutos"},"schema":{"@context":"https:\/\/schema.org","@graph":[{"@type":"Article","@id":"https:\/\/www.santafevalores.com\/index.php\/2023\/03\/13\/sfv20230313dos\/#article","isPartOf":{"@id":"https:\/\/www.santafevalores.com\/index.php\/2023\/03\/13\/sfv20230313dos\/"},"author":{"name":"admin","@id":"https:\/\/www.santafevalores.com\/#\/schema\/person\/d965a42370507d0a1638e69158bb5835"},"headline":"Cartera de cr\u00e9ditos de bancos privados de Ecuador volvi\u00f3 a crecer, pero m\u00e1s lento","datePublished":"2023-03-13T17:29:50+00:00","dateModified":"2023-03-13T17:34:57+00:00","mainEntityOfPage":{"@id":"https:\/\/www.santafevalores.com\/index.php\/2023\/03\/13\/sfv20230313dos\/"},"wordCount":402,"commentCount":0,"publisher":{"@id":"https:\/\/www.santafevalores.com\/#organization"},"image":{"@id":"https:\/\/www.santafevalores.com\/index.php\/2023\/03\/13\/sfv20230313dos\/#primaryimage"},"thumbnailUrl":"https:\/\/www.santafevalores.com\/wp-content\/uploads\/2023\/03\/BNJ5FL2YL5AY5AP4C73EK6JXHY.jpg","articleSection":["Uncategorized"],"inLanguage":"es","potentialAction":[{"@type":"CommentAction","name":"Comment","target":["https:\/\/www.santafevalores.com\/index.php\/2023\/03\/13\/sfv20230313dos\/#respond"]}]},{"@type":"WebPage","@id":"https:\/\/www.santafevalores.com\/index.php\/2023\/03\/13\/sfv20230313dos\/","url":"https:\/\/www.santafevalores.com\/index.php\/2023\/03\/13\/sfv20230313dos\/","name":"Cartera de cr\u00e9ditos de bancos privados de Ecuador volvi\u00f3 a crecer, pero m\u00e1s lento - Santa Fe Casa de Valores S.A.","isPartOf":{"@id":"https:\/\/www.santafevalores.com\/#website"},"primaryImageOfPage":{"@id":"https:\/\/www.santafevalores.com\/index.php\/2023\/03\/13\/sfv20230313dos\/#primaryimage"},"image":{"@id":"https:\/\/www.santafevalores.com\/index.php\/2023\/03\/13\/sfv20230313dos\/#primaryimage"},"thumbnailUrl":"https:\/\/www.santafevalores.com\/wp-content\/uploads\/2023\/03\/BNJ5FL2YL5AY5AP4C73EK6JXHY.jpg","datePublished":"2023-03-13T17:29:50+00:00","dateModified":"2023-03-13T17:34:57+00:00","breadcrumb":{"@id":"https:\/\/www.santafevalores.com\/index.php\/2023\/03\/13\/sfv20230313dos\/#breadcrumb"},"inLanguage":"es","potentialAction":[{"@type":"ReadAction","target":["https:\/\/www.santafevalores.com\/index.php\/2023\/03\/13\/sfv20230313dos\/"]}]},{"@type":"ImageObject","inLanguage":"es","@id":"https:\/\/www.santafevalores.com\/index.php\/2023\/03\/13\/sfv20230313dos\/#primaryimage","url":"https:\/\/www.santafevalores.com\/wp-content\/uploads\/2023\/03\/BNJ5FL2YL5AY5AP4C73EK6JXHY.jpg","contentUrl":"https:\/\/www.santafevalores.com\/wp-content\/uploads\/2023\/03\/BNJ5FL2YL5AY5AP4C73EK6JXHY.jpg","width":1440,"height":900},{"@type":"BreadcrumbList","@id":"https:\/\/www.santafevalores.com\/index.php\/2023\/03\/13\/sfv20230313dos\/#breadcrumb","itemListElement":[{"@type":"ListItem","position":1,"name":"Portada","item":"https:\/\/www.santafevalores.com\/"},{"@type":"ListItem","position":2,"name":"Cartera de cr\u00e9ditos de bancos privados de Ecuador volvi\u00f3 a crecer, pero m\u00e1s lento"}]},{"@type":"WebSite","@id":"https:\/\/www.santafevalores.com\/#website","url":"https:\/\/www.santafevalores.com\/","name":"Santa Fe Casa de Valores S.A.","description":"","publisher":{"@id":"https:\/\/www.santafevalores.com\/#organization"},"potentialAction":[{"@type":"SearchAction","target":{"@type":"EntryPoint","urlTemplate":"https:\/\/www.santafevalores.com\/?s={search_term_string}"},"query-input":{"@type":"PropertyValueSpecification","valueRequired":true,"valueName":"search_term_string"}}],"inLanguage":"es"},{"@type":"Organization","@id":"https:\/\/www.santafevalores.com\/#organization","name":"Santa Fe Casa de Valores S.A.","alternateName":"SANTAFEVALORES","url":"https:\/\/www.santafevalores.com\/","logo":{"@type":"ImageObject","inLanguage":"es","@id":"https:\/\/www.santafevalores.com\/#\/schema\/logo\/image\/","url":"https:\/\/www.santafevalores.com\/wp-content\/uploads\/2022\/06\/logo1.png","contentUrl":"https:\/\/www.santafevalores.com\/wp-content\/uploads\/2022\/06\/logo1.png","width":235,"height":71,"caption":"Santa Fe Casa de Valores S.A."},"image":{"@id":"https:\/\/www.santafevalores.com\/#\/schema\/logo\/image\/"},"sameAs":["https:\/\/www.facebook.com\/santafevalores\/","https:\/\/x.com\/SantaFeValores"]},{"@type":"Person","@id":"https:\/\/www.santafevalores.com\/#\/schema\/person\/d965a42370507d0a1638e69158bb5835","name":"admin","image":{"@type":"ImageObject","inLanguage":"es","@id":"https:\/\/secure.gravatar.com\/avatar\/97ec7f9eb6068ddac59d3806ca0034c167fce748f524adcfad8629911220756f?s=96&d=mm&r=g","url":"https:\/\/secure.gravatar.com\/avatar\/97ec7f9eb6068ddac59d3806ca0034c167fce748f524adcfad8629911220756f?s=96&d=mm&r=g","contentUrl":"https:\/\/secure.gravatar.com\/avatar\/97ec7f9eb6068ddac59d3806ca0034c167fce748f524adcfad8629911220756f?s=96&d=mm&r=g","caption":"admin"},"sameAs":["https:\/\/www.santafevalores.com"],"url":"https:\/\/www.santafevalores.com\/index.php\/author\/santafevaloresuio_ggv0vv79\/"}]}},"_links":{"self":[{"href":"https:\/\/www.santafevalores.com\/index.php\/wp-json\/wp\/v2\/posts\/67257","targetHints":{"allow":["GET"]}}],"collection":[{"href":"https:\/\/www.santafevalores.com\/index.php\/wp-json\/wp\/v2\/posts"}],"about":[{"href":"https:\/\/www.santafevalores.com\/index.php\/wp-json\/wp\/v2\/types\/post"}],"author":[{"embeddable":true,"href":"https:\/\/www.santafevalores.com\/index.php\/wp-json\/wp\/v2\/users\/1"}],"replies":[{"embeddable":true,"href":"https:\/\/www.santafevalores.com\/index.php\/wp-json\/wp\/v2\/comments?post=67257"}],"version-history":[{"count":6,"href":"https:\/\/www.santafevalores.com\/index.php\/wp-json\/wp\/v2\/posts\/67257\/revisions"}],"predecessor-version":[{"id":67325,"href":"https:\/\/www.santafevalores.com\/index.php\/wp-json\/wp\/v2\/posts\/67257\/revisions\/67325"}],"wp:featuredmedia":[{"embeddable":true,"href":"https:\/\/www.santafevalores.com\/index.php\/wp-json\/wp\/v2\/media\/67258"}],"wp:attachment":[{"href":"https:\/\/www.santafevalores.com\/index.php\/wp-json\/wp\/v2\/media?parent=67257"}],"wp:term":[{"taxonomy":"category","embeddable":true,"href":"https:\/\/www.santafevalores.com\/index.php\/wp-json\/wp\/v2\/categories?post=67257"},{"taxonomy":"post_tag","embeddable":true,"href":"https:\/\/www.santafevalores.com\/index.php\/wp-json\/wp\/v2\/tags?post=67257"}],"curies":[{"name":"wp","href":"https:\/\/api.w.org\/{rel}","templated":true}]}}