{"id":67265,"date":"2023-03-13T12:37:22","date_gmt":"2023-03-13T17:37:22","guid":{"rendered":"https:\/\/www.santafevalores.com\/?p=67265"},"modified":"2023-03-13T15:27:16","modified_gmt":"2023-03-13T20:27:16","slug":"sfv20230313tres","status":"publish","type":"post","link":"https:\/\/www.santafevalores.com\/index.php\/2023\/03\/13\/sfv20230313tres\/","title":{"rendered":"Convocatoria a la junta general ordinaria de accionistas de la Compa\u00f1\u00eda Cerveceria Nacional CN S.A."},"content":{"rendered":"\t\t<div data-elementor-type=\"wp-post\" data-elementor-id=\"67265\" class=\"elementor elementor-67265\" data-elementor-post-type=\"post\">\n\t\t\t\t\t\t<section class=\"elementor-section elementor-top-section elementor-element elementor-element-bacbadf elementor-section-boxed elementor-section-height-default elementor-section-height-default\" data-id=\"bacbadf\" data-element_type=\"section\" data-e-type=\"section\">\n\t\t\t\t\t\t<div class=\"elementor-container elementor-column-gap-default\">\n\t\t\t\t\t<div class=\"elementor-column elementor-col-100 elementor-top-column elementor-element elementor-element-649ac0d\" data-id=\"649ac0d\" data-element_type=\"column\" data-e-type=\"column\">\n\t\t\t<div class=\"elementor-widget-wrap elementor-element-populated\">\n\t\t\t\t\t\t<div class=\"elementor-element elementor-element-6f14194 elementor-widget elementor-widget-image\" data-id=\"6f14194\" data-element_type=\"widget\" data-e-type=\"widget\" data-widget_type=\"image.default\">\n\t\t\t\t<div class=\"elementor-widget-container\">\n\t\t\t\t\t\t\t\t\t\t\t\t\t\t\t<img fetchpriority=\"high\" decoding=\"async\" width=\"1024\" height=\"531\" src=\"https:\/\/www.santafevalores.com\/wp-content\/uploads\/2023\/03\/CN-SFV-1024x531.jpg\" class=\"attachment-large size-large wp-image-67287\" alt=\"\" srcset=\"https:\/\/www.santafevalores.com\/wp-content\/uploads\/2023\/03\/CN-SFV-1024x531.jpg 1024w, https:\/\/www.santafevalores.com\/wp-content\/uploads\/2023\/03\/CN-SFV-300x156.jpg 300w, https:\/\/www.santafevalores.com\/wp-content\/uploads\/2023\/03\/CN-SFV-768x398.jpg 768w, https:\/\/www.santafevalores.com\/wp-content\/uploads\/2023\/03\/CN-SFV-1536x797.jpg 1536w, https:\/\/www.santafevalores.com\/wp-content\/uploads\/2023\/03\/CN-SFV-2048x1062.jpg 2048w\" sizes=\"(max-width: 1024px) 100vw, 1024px\" \/>\t\t\t\t\t\t\t\t\t\t\t\t\t\t\t<\/div>\n\t\t\t\t<\/div>\n\t\t\t\t\t<\/div>\n\t\t<\/div>\n\t\t\t\t\t<\/div>\n\t\t<\/section>\n\t\t\t\t<section class=\"elementor-section elementor-top-section elementor-element elementor-element-77e4ed0 elementor-section-boxed elementor-section-height-default elementor-section-height-default\" data-id=\"77e4ed0\" data-element_type=\"section\" data-e-type=\"section\">\n\t\t\t\t\t\t<div class=\"elementor-container elementor-column-gap-default\">\n\t\t\t\t\t<div class=\"elementor-column elementor-col-100 elementor-top-column elementor-element elementor-element-6af3751\" data-id=\"6af3751\" data-element_type=\"column\" data-e-type=\"column\">\n\t\t\t<div class=\"elementor-widget-wrap elementor-element-populated\">\n\t\t\t\t\t\t<div class=\"elementor-element elementor-element-eb6df76 elementor-widget elementor-widget-text-editor\" data-id=\"eb6df76\" data-element_type=\"widget\" data-e-type=\"widget\" data-widget_type=\"text-editor.default\">\n\t\t\t\t<div class=\"elementor-widget-container\">\n\t\t\t\t\t\t\t\t\t<p>Se convoca a los accionistas de la compa\u00f1\u00eda CERVECERIA NACIONAL CN S.A. a la Junta General Ordinaria de Accionistas que se celebrar\u00e1 el d\u00eda 30 de marzo de 2023, a las 1 OhOO, en las instalaciones ubicadas en el Parque Industrial Pascuales, Km 16.5 V\u00eda a Daule, A venida Pascuales s\/n y A venida R\u00edo Daule. Los asuntos a tratar constan en el siguiente Orden del D\u00eda:<\/p><p>1. Conocer y resolver sobre el Informe de Administraci\u00f3n correspondiente a los negocios sociales del ejercicio econ\u00f3mico 2022.<br \/>2. Conocer la opini\u00f3n de los Auditores Externos referente a los Estados Financieros del ejercicio econ\u00f3mico 2022.<br \/>3. Conocer y resolver sobre los Estados Financieros del ejercicio econ\u00f3mico 2022.<br \/>4. Aprobaci\u00f3n del destino o distribuci\u00f3n de utilidades del ejercicio econ\u00f3mico 2022.<br \/>5. Seleccionar la firma de Auditores Externos y fijar su retribuci\u00f3n para el ejercicio econ\u00f3mico 2023.<br \/>6. Seleccionar a las personas que conformar\u00e1n el Directorio de la compa\u00f1\u00eda, por el periodo 2023-2025.<br \/>7. Autorizaci\u00f3n de Convalidaci\u00f3n de las reformas de Estatutos aprobadas por las Juntas de Accionistas de Cervecer\u00eda Nacional CN S.A. en el a\u00f1o 2021.<\/p><p><b>Para precautelar la salud y seguridad de los accionistas, la comparecencia a la presente junta se realizar\u00e1 \u00fanicamente de manera telem\u00e1tica, a trav\u00e9s de la plataforma ZOOM;<\/b> para ello, los accionistas que deseen comparecer deber\u00e1n remitir un correo electr\u00f3nico a la direcci\u00f3n atencion.accionistas@ab-inbev.com, al que deber\u00e1n adjuntar una copia de su documento de identificaci\u00f3n o su respectivo poder junto con la identificaci\u00f3n del apoderado. El plazo m\u00e1ximo para la recepci\u00f3n de este correo es hasta el d\u00eda 29 de marzo de 2023 a las 15h00. En caso de dudas respecto de estos accesos, podr\u00e1n llamar al n\u00famero de tel\u00e9fono 099-867-917 6 o enviar un correo a atencion.accionistas@ab-inbev.com.<\/p><p><b>Los accionistas que remitan dicho correo electr\u00f3nico a la direcci\u00f3n atencion.accionistas@ab\u00adinbev.com recibir\u00e1n las claves de acceso para la plataforma, as\u00ed como la direcci\u00f3n del correo del secretario de la Junta. <\/b><br \/>Les recordamos que, para registrar su asistencia, deber\u00e1n dejar constancia de su comparecencia mediante correo electr\u00f3nico dirigido a la direcci\u00f3n de correo del secretario de la junta, una vez instalada la misma. <br \/>El sistema de votaci\u00f3n se llevar\u00e1 a cabo mediante votaci\u00f3n inversa, motivo por el cual los accionistas votar\u00e1n \u00fanicamente cuando no estuviesen a favor de las mociones planteadas. Para dicho efecto, los accionistas que no estuvieren a favor deber\u00e1n remitir al secretario de la junta un correo electr\u00f3nico indicando su votaci\u00f3n.<\/p><p>Se deja expresa constancia que la informaci\u00f3n de soporte para tratar los puntos del orden del d\u00eda, estar\u00e1n a su disposici\u00f3n en la sede social de la compa\u00f1\u00eda, podr\u00e1n acceder a la misma de manera presencial solicitando previamente al correo atencion.accionistas@ab-inbev.com una cita para ello hasta 5 d\u00edas h\u00e1biles previo a la fecha de celebraci\u00f3n de la Junta. Adem\u00e1s, se les recuerda que los accionistas minoritarios que sean titulares de por lo menos el cinco por ciento del capital social podr\u00e1n solicitar, por una sola vez, la inclusi\u00f3n de asuntos en el orden del d\u00eda antes indicado, para tratar los puntos que indiquen en su petici\u00f3n, o que se efect\u00faen correcciones formales a convocatorias previamente realizadas. Este requerimiento deber\u00e1 ser efectuado al correo electr\u00f3nico atencion.accionistas@ab-inbev.com, dentro del plazo improrrogable de 72 horas, desde que se realiz\u00f3 el llamamiento a junta general.<\/p><p><b>Nota:<\/b> Les recordamos que los se\u00f1ores accionistas pueden hacerse representar por cualquier otra persona, por documento privado o mediante poder especial, debiendo remitir tales poderes al secretario de la junta en la direcci\u00f3n de la empresa antes indicada y\/o al correo electr\u00f3nico atencion.accionistas@ab-inbev.com. El plazo m\u00e1ximo para la recepci\u00f3n de este correo es hasta el d\u00eda 29 de marzo de 2023 a las 15h00. Los poderes deber\u00e1n sujetarse a lo dispuesto en el Reglamento para Juntas Generales vigente, expedido por la Superintendencia de Compa\u00f1\u00edas, Valores y Seguros.<\/p><p>Guayaquil, 07 de marzo de 2023.<\/p>\t\t\t\t\t\t\t\t<\/div>\n\t\t\t\t<\/div>\n\t\t\t\t\t<\/div>\n\t\t<\/div>\n\t\t\t\t\t<\/div>\n\t\t<\/section>\n\t\t\t\t<\/div>\n\t\t","protected":false},"excerpt":{"rendered":"<p>Se convoca a los accionistas de la compa\u00f1\u00eda CERVECERIA NACIONAL CN S.A. a la Junta General Ordinaria de Accionistas que se celebrar\u00e1 el d\u00eda 30 de marzo de 2023, a las 1 OhOO, en las instalaciones ubicadas en el Parque Industrial Pascuales, Km 16.5 V\u00eda a Daule, A venida Pascuales s\/n y A venida R\u00edo&hellip;<\/p>\n","protected":false},"author":1,"featured_media":67287,"comment_status":"open","ping_status":"closed","sticky":false,"template":"","format":"standard","meta":{"content-type":"","_joinchat":[],"footnotes":""},"categories":[1],"tags":[],"class_list":["post-67265","post","type-post","status-publish","format-standard","has-post-thumbnail","hentry","category-uncategorized"],"yoast_head":"<!-- This site is optimized with the Yoast SEO plugin v27.5 - https:\/\/yoast.com\/product\/yoast-seo-wordpress\/ -->\n<title>Convocatoria a la junta general ordinaria de accionistas de la Compa\u00f1\u00eda Cerveceria Nacional CN S.A. - Santa Fe Casa de Valores S.A.<\/title>\n<meta name=\"robots\" content=\"index, follow, max-snippet:-1, max-image-preview:large, max-video-preview:-1\" \/>\n<link rel=\"canonical\" href=\"https:\/\/www.santafevalores.com\/index.php\/2023\/03\/13\/sfv20230313tres\/\" \/>\n<meta property=\"og:locale\" content=\"es_ES\" \/>\n<meta property=\"og:type\" content=\"article\" \/>\n<meta property=\"og:title\" content=\"Convocatoria a la junta general ordinaria de accionistas de la Compa\u00f1\u00eda Cerveceria Nacional CN S.A. - Santa Fe Casa de Valores S.A.\" \/>\n<meta property=\"og:description\" content=\"Se convoca a los accionistas de la compa\u00f1\u00eda CERVECERIA NACIONAL CN S.A. a la Junta General Ordinaria de Accionistas que se celebrar\u00e1 el d\u00eda 30 de marzo de 2023, a las 1 OhOO, en las instalaciones ubicadas en el Parque Industrial Pascuales, Km 16.5 V\u00eda a Daule, A venida Pascuales s\/n y A venida R\u00edo&hellip;\" \/>\n<meta property=\"og:url\" content=\"https:\/\/www.santafevalores.com\/index.php\/2023\/03\/13\/sfv20230313tres\/\" \/>\n<meta property=\"og:site_name\" content=\"Santa Fe Casa de Valores S.A.\" \/>\n<meta property=\"article:publisher\" content=\"https:\/\/www.facebook.com\/santafevalores\/\" \/>\n<meta property=\"article:published_time\" content=\"2023-03-13T17:37:22+00:00\" \/>\n<meta property=\"article:modified_time\" content=\"2023-03-13T20:27:16+00:00\" \/>\n<meta property=\"og:image\" content=\"https:\/\/www.santafevalores.com\/wp-content\/uploads\/2023\/03\/CN-SFV-scaled.jpg\" \/>\n\t<meta property=\"og:image:width\" content=\"2560\" \/>\n\t<meta property=\"og:image:height\" content=\"1328\" \/>\n\t<meta property=\"og:image:type\" content=\"image\/jpeg\" \/>\n<meta name=\"author\" content=\"admin\" \/>\n<meta name=\"twitter:card\" content=\"summary_large_image\" \/>\n<meta name=\"twitter:image\" content=\"https:\/\/www.santafevalores.com\/wp-content\/uploads\/2023\/03\/CN-SFV-scaled.jpg\" \/>\n<meta name=\"twitter:creator\" content=\"@SantaFeValores\" \/>\n<meta name=\"twitter:site\" content=\"@SantaFeValores\" \/>\n<meta name=\"twitter:label1\" content=\"Escrito por\" \/>\n\t<meta name=\"twitter:data1\" content=\"admin\" \/>\n\t<meta name=\"twitter:label2\" content=\"Tiempo de lectura\" \/>\n\t<meta name=\"twitter:data2\" content=\"4 minutos\" \/>\n<script type=\"application\/ld+json\" class=\"yoast-schema-graph\">{\"@context\":\"https:\\\/\\\/schema.org\",\"@graph\":[{\"@type\":\"Article\",\"@id\":\"https:\\\/\\\/www.santafevalores.com\\\/index.php\\\/2023\\\/03\\\/13\\\/sfv20230313tres\\\/#article\",\"isPartOf\":{\"@id\":\"https:\\\/\\\/www.santafevalores.com\\\/index.php\\\/2023\\\/03\\\/13\\\/sfv20230313tres\\\/\"},\"author\":{\"name\":\"admin\",\"@id\":\"https:\\\/\\\/www.santafevalores.com\\\/#\\\/schema\\\/person\\\/d965a42370507d0a1638e69158bb5835\"},\"headline\":\"Convocatoria a la junta general ordinaria de accionistas de la Compa\u00f1\u00eda Cerveceria Nacional CN S.A.\",\"datePublished\":\"2023-03-13T17:37:22+00:00\",\"dateModified\":\"2023-03-13T20:27:16+00:00\",\"mainEntityOfPage\":{\"@id\":\"https:\\\/\\\/www.santafevalores.com\\\/index.php\\\/2023\\\/03\\\/13\\\/sfv20230313tres\\\/\"},\"wordCount\":723,\"commentCount\":0,\"publisher\":{\"@id\":\"https:\\\/\\\/www.santafevalores.com\\\/#organization\"},\"image\":{\"@id\":\"https:\\\/\\\/www.santafevalores.com\\\/index.php\\\/2023\\\/03\\\/13\\\/sfv20230313tres\\\/#primaryimage\"},\"thumbnailUrl\":\"https:\\\/\\\/www.santafevalores.com\\\/wp-content\\\/uploads\\\/2023\\\/03\\\/CN-SFV-scaled.jpg\",\"articleSection\":[\"Uncategorized\"],\"inLanguage\":\"es\",\"potentialAction\":[{\"@type\":\"CommentAction\",\"name\":\"Comment\",\"target\":[\"https:\\\/\\\/www.santafevalores.com\\\/index.php\\\/2023\\\/03\\\/13\\\/sfv20230313tres\\\/#respond\"]}]},{\"@type\":\"WebPage\",\"@id\":\"https:\\\/\\\/www.santafevalores.com\\\/index.php\\\/2023\\\/03\\\/13\\\/sfv20230313tres\\\/\",\"url\":\"https:\\\/\\\/www.santafevalores.com\\\/index.php\\\/2023\\\/03\\\/13\\\/sfv20230313tres\\\/\",\"name\":\"Convocatoria a la junta general ordinaria de accionistas de la Compa\u00f1\u00eda Cerveceria Nacional CN S.A. - Santa Fe Casa de Valores S.A.\",\"isPartOf\":{\"@id\":\"https:\\\/\\\/www.santafevalores.com\\\/#website\"},\"primaryImageOfPage\":{\"@id\":\"https:\\\/\\\/www.santafevalores.com\\\/index.php\\\/2023\\\/03\\\/13\\\/sfv20230313tres\\\/#primaryimage\"},\"image\":{\"@id\":\"https:\\\/\\\/www.santafevalores.com\\\/index.php\\\/2023\\\/03\\\/13\\\/sfv20230313tres\\\/#primaryimage\"},\"thumbnailUrl\":\"https:\\\/\\\/www.santafevalores.com\\\/wp-content\\\/uploads\\\/2023\\\/03\\\/CN-SFV-scaled.jpg\",\"datePublished\":\"2023-03-13T17:37:22+00:00\",\"dateModified\":\"2023-03-13T20:27:16+00:00\",\"breadcrumb\":{\"@id\":\"https:\\\/\\\/www.santafevalores.com\\\/index.php\\\/2023\\\/03\\\/13\\\/sfv20230313tres\\\/#breadcrumb\"},\"inLanguage\":\"es\",\"potentialAction\":[{\"@type\":\"ReadAction\",\"target\":[\"https:\\\/\\\/www.santafevalores.com\\\/index.php\\\/2023\\\/03\\\/13\\\/sfv20230313tres\\\/\"]}]},{\"@type\":\"ImageObject\",\"inLanguage\":\"es\",\"@id\":\"https:\\\/\\\/www.santafevalores.com\\\/index.php\\\/2023\\\/03\\\/13\\\/sfv20230313tres\\\/#primaryimage\",\"url\":\"https:\\\/\\\/www.santafevalores.com\\\/wp-content\\\/uploads\\\/2023\\\/03\\\/CN-SFV-scaled.jpg\",\"contentUrl\":\"https:\\\/\\\/www.santafevalores.com\\\/wp-content\\\/uploads\\\/2023\\\/03\\\/CN-SFV-scaled.jpg\",\"width\":2560,\"height\":1328},{\"@type\":\"BreadcrumbList\",\"@id\":\"https:\\\/\\\/www.santafevalores.com\\\/index.php\\\/2023\\\/03\\\/13\\\/sfv20230313tres\\\/#breadcrumb\",\"itemListElement\":[{\"@type\":\"ListItem\",\"position\":1,\"name\":\"Portada\",\"item\":\"https:\\\/\\\/www.santafevalores.com\\\/\"},{\"@type\":\"ListItem\",\"position\":2,\"name\":\"Convocatoria a la junta general ordinaria de accionistas de la Compa\u00f1\u00eda Cerveceria Nacional CN S.A.\"}]},{\"@type\":\"WebSite\",\"@id\":\"https:\\\/\\\/www.santafevalores.com\\\/#website\",\"url\":\"https:\\\/\\\/www.santafevalores.com\\\/\",\"name\":\"Santa Fe Casa de Valores S.A.\",\"description\":\"\",\"publisher\":{\"@id\":\"https:\\\/\\\/www.santafevalores.com\\\/#organization\"},\"potentialAction\":[{\"@type\":\"SearchAction\",\"target\":{\"@type\":\"EntryPoint\",\"urlTemplate\":\"https:\\\/\\\/www.santafevalores.com\\\/?s={search_term_string}\"},\"query-input\":{\"@type\":\"PropertyValueSpecification\",\"valueRequired\":true,\"valueName\":\"search_term_string\"}}],\"inLanguage\":\"es\"},{\"@type\":\"Organization\",\"@id\":\"https:\\\/\\\/www.santafevalores.com\\\/#organization\",\"name\":\"Santa Fe Casa de Valores S.A.\",\"alternateName\":\"SANTAFEVALORES\",\"url\":\"https:\\\/\\\/www.santafevalores.com\\\/\",\"logo\":{\"@type\":\"ImageObject\",\"inLanguage\":\"es\",\"@id\":\"https:\\\/\\\/www.santafevalores.com\\\/#\\\/schema\\\/logo\\\/image\\\/\",\"url\":\"https:\\\/\\\/www.santafevalores.com\\\/wp-content\\\/uploads\\\/2022\\\/06\\\/logo1.png\",\"contentUrl\":\"https:\\\/\\\/www.santafevalores.com\\\/wp-content\\\/uploads\\\/2022\\\/06\\\/logo1.png\",\"width\":235,\"height\":71,\"caption\":\"Santa Fe Casa de Valores S.A.\"},\"image\":{\"@id\":\"https:\\\/\\\/www.santafevalores.com\\\/#\\\/schema\\\/logo\\\/image\\\/\"},\"sameAs\":[\"https:\\\/\\\/www.facebook.com\\\/santafevalores\\\/\",\"https:\\\/\\\/x.com\\\/SantaFeValores\"]},{\"@type\":\"Person\",\"@id\":\"https:\\\/\\\/www.santafevalores.com\\\/#\\\/schema\\\/person\\\/d965a42370507d0a1638e69158bb5835\",\"name\":\"admin\",\"image\":{\"@type\":\"ImageObject\",\"inLanguage\":\"es\",\"@id\":\"https:\\\/\\\/secure.gravatar.com\\\/avatar\\\/97ec7f9eb6068ddac59d3806ca0034c167fce748f524adcfad8629911220756f?s=96&d=mm&r=g\",\"url\":\"https:\\\/\\\/secure.gravatar.com\\\/avatar\\\/97ec7f9eb6068ddac59d3806ca0034c167fce748f524adcfad8629911220756f?s=96&d=mm&r=g\",\"contentUrl\":\"https:\\\/\\\/secure.gravatar.com\\\/avatar\\\/97ec7f9eb6068ddac59d3806ca0034c167fce748f524adcfad8629911220756f?s=96&d=mm&r=g\",\"caption\":\"admin\"},\"sameAs\":[\"https:\\\/\\\/www.santafevalores.com\"],\"url\":\"https:\\\/\\\/www.santafevalores.com\\\/index.php\\\/author\\\/santafevaloresuio_ggv0vv79\\\/\"}]}<\/script>\n<!-- \/ Yoast SEO plugin. -->","yoast_head_json":{"title":"Convocatoria a la junta general ordinaria de accionistas de la Compa\u00f1\u00eda Cerveceria Nacional CN S.A. - Santa Fe Casa de Valores S.A.","robots":{"index":"index","follow":"follow","max-snippet":"max-snippet:-1","max-image-preview":"max-image-preview:large","max-video-preview":"max-video-preview:-1"},"canonical":"https:\/\/www.santafevalores.com\/index.php\/2023\/03\/13\/sfv20230313tres\/","og_locale":"es_ES","og_type":"article","og_title":"Convocatoria a la junta general ordinaria de accionistas de la Compa\u00f1\u00eda Cerveceria Nacional CN S.A. - Santa Fe Casa de Valores S.A.","og_description":"Se convoca a los accionistas de la compa\u00f1\u00eda CERVECERIA NACIONAL CN S.A. a la Junta General Ordinaria de Accionistas que se celebrar\u00e1 el d\u00eda 30 de marzo de 2023, a las 1 OhOO, en las instalaciones ubicadas en el Parque Industrial Pascuales, Km 16.5 V\u00eda a Daule, A venida Pascuales s\/n y A venida R\u00edo&hellip;","og_url":"https:\/\/www.santafevalores.com\/index.php\/2023\/03\/13\/sfv20230313tres\/","og_site_name":"Santa Fe Casa de Valores S.A.","article_publisher":"https:\/\/www.facebook.com\/santafevalores\/","article_published_time":"2023-03-13T17:37:22+00:00","article_modified_time":"2023-03-13T20:27:16+00:00","og_image":[{"width":2560,"height":1328,"url":"https:\/\/www.santafevalores.com\/wp-content\/uploads\/2023\/03\/CN-SFV-scaled.jpg","type":"image\/jpeg"}],"author":"admin","twitter_card":"summary_large_image","twitter_image":"https:\/\/www.santafevalores.com\/wp-content\/uploads\/2023\/03\/CN-SFV-scaled.jpg","twitter_creator":"@SantaFeValores","twitter_site":"@SantaFeValores","twitter_misc":{"Escrito por":"admin","Tiempo de lectura":"4 minutos"},"schema":{"@context":"https:\/\/schema.org","@graph":[{"@type":"Article","@id":"https:\/\/www.santafevalores.com\/index.php\/2023\/03\/13\/sfv20230313tres\/#article","isPartOf":{"@id":"https:\/\/www.santafevalores.com\/index.php\/2023\/03\/13\/sfv20230313tres\/"},"author":{"name":"admin","@id":"https:\/\/www.santafevalores.com\/#\/schema\/person\/d965a42370507d0a1638e69158bb5835"},"headline":"Convocatoria a la junta general ordinaria de accionistas de la Compa\u00f1\u00eda Cerveceria Nacional CN S.A.","datePublished":"2023-03-13T17:37:22+00:00","dateModified":"2023-03-13T20:27:16+00:00","mainEntityOfPage":{"@id":"https:\/\/www.santafevalores.com\/index.php\/2023\/03\/13\/sfv20230313tres\/"},"wordCount":723,"commentCount":0,"publisher":{"@id":"https:\/\/www.santafevalores.com\/#organization"},"image":{"@id":"https:\/\/www.santafevalores.com\/index.php\/2023\/03\/13\/sfv20230313tres\/#primaryimage"},"thumbnailUrl":"https:\/\/www.santafevalores.com\/wp-content\/uploads\/2023\/03\/CN-SFV-scaled.jpg","articleSection":["Uncategorized"],"inLanguage":"es","potentialAction":[{"@type":"CommentAction","name":"Comment","target":["https:\/\/www.santafevalores.com\/index.php\/2023\/03\/13\/sfv20230313tres\/#respond"]}]},{"@type":"WebPage","@id":"https:\/\/www.santafevalores.com\/index.php\/2023\/03\/13\/sfv20230313tres\/","url":"https:\/\/www.santafevalores.com\/index.php\/2023\/03\/13\/sfv20230313tres\/","name":"Convocatoria a la junta general ordinaria de accionistas de la Compa\u00f1\u00eda Cerveceria Nacional CN S.A. - Santa Fe Casa de Valores S.A.","isPartOf":{"@id":"https:\/\/www.santafevalores.com\/#website"},"primaryImageOfPage":{"@id":"https:\/\/www.santafevalores.com\/index.php\/2023\/03\/13\/sfv20230313tres\/#primaryimage"},"image":{"@id":"https:\/\/www.santafevalores.com\/index.php\/2023\/03\/13\/sfv20230313tres\/#primaryimage"},"thumbnailUrl":"https:\/\/www.santafevalores.com\/wp-content\/uploads\/2023\/03\/CN-SFV-scaled.jpg","datePublished":"2023-03-13T17:37:22+00:00","dateModified":"2023-03-13T20:27:16+00:00","breadcrumb":{"@id":"https:\/\/www.santafevalores.com\/index.php\/2023\/03\/13\/sfv20230313tres\/#breadcrumb"},"inLanguage":"es","potentialAction":[{"@type":"ReadAction","target":["https:\/\/www.santafevalores.com\/index.php\/2023\/03\/13\/sfv20230313tres\/"]}]},{"@type":"ImageObject","inLanguage":"es","@id":"https:\/\/www.santafevalores.com\/index.php\/2023\/03\/13\/sfv20230313tres\/#primaryimage","url":"https:\/\/www.santafevalores.com\/wp-content\/uploads\/2023\/03\/CN-SFV-scaled.jpg","contentUrl":"https:\/\/www.santafevalores.com\/wp-content\/uploads\/2023\/03\/CN-SFV-scaled.jpg","width":2560,"height":1328},{"@type":"BreadcrumbList","@id":"https:\/\/www.santafevalores.com\/index.php\/2023\/03\/13\/sfv20230313tres\/#breadcrumb","itemListElement":[{"@type":"ListItem","position":1,"name":"Portada","item":"https:\/\/www.santafevalores.com\/"},{"@type":"ListItem","position":2,"name":"Convocatoria a la junta general ordinaria de accionistas de la Compa\u00f1\u00eda Cerveceria Nacional CN S.A."}]},{"@type":"WebSite","@id":"https:\/\/www.santafevalores.com\/#website","url":"https:\/\/www.santafevalores.com\/","name":"Santa Fe Casa de Valores S.A.","description":"","publisher":{"@id":"https:\/\/www.santafevalores.com\/#organization"},"potentialAction":[{"@type":"SearchAction","target":{"@type":"EntryPoint","urlTemplate":"https:\/\/www.santafevalores.com\/?s={search_term_string}"},"query-input":{"@type":"PropertyValueSpecification","valueRequired":true,"valueName":"search_term_string"}}],"inLanguage":"es"},{"@type":"Organization","@id":"https:\/\/www.santafevalores.com\/#organization","name":"Santa Fe Casa de Valores S.A.","alternateName":"SANTAFEVALORES","url":"https:\/\/www.santafevalores.com\/","logo":{"@type":"ImageObject","inLanguage":"es","@id":"https:\/\/www.santafevalores.com\/#\/schema\/logo\/image\/","url":"https:\/\/www.santafevalores.com\/wp-content\/uploads\/2022\/06\/logo1.png","contentUrl":"https:\/\/www.santafevalores.com\/wp-content\/uploads\/2022\/06\/logo1.png","width":235,"height":71,"caption":"Santa Fe Casa de Valores S.A."},"image":{"@id":"https:\/\/www.santafevalores.com\/#\/schema\/logo\/image\/"},"sameAs":["https:\/\/www.facebook.com\/santafevalores\/","https:\/\/x.com\/SantaFeValores"]},{"@type":"Person","@id":"https:\/\/www.santafevalores.com\/#\/schema\/person\/d965a42370507d0a1638e69158bb5835","name":"admin","image":{"@type":"ImageObject","inLanguage":"es","@id":"https:\/\/secure.gravatar.com\/avatar\/97ec7f9eb6068ddac59d3806ca0034c167fce748f524adcfad8629911220756f?s=96&d=mm&r=g","url":"https:\/\/secure.gravatar.com\/avatar\/97ec7f9eb6068ddac59d3806ca0034c167fce748f524adcfad8629911220756f?s=96&d=mm&r=g","contentUrl":"https:\/\/secure.gravatar.com\/avatar\/97ec7f9eb6068ddac59d3806ca0034c167fce748f524adcfad8629911220756f?s=96&d=mm&r=g","caption":"admin"},"sameAs":["https:\/\/www.santafevalores.com"],"url":"https:\/\/www.santafevalores.com\/index.php\/author\/santafevaloresuio_ggv0vv79\/"}]}},"_links":{"self":[{"href":"https:\/\/www.santafevalores.com\/index.php\/wp-json\/wp\/v2\/posts\/67265","targetHints":{"allow":["GET"]}}],"collection":[{"href":"https:\/\/www.santafevalores.com\/index.php\/wp-json\/wp\/v2\/posts"}],"about":[{"href":"https:\/\/www.santafevalores.com\/index.php\/wp-json\/wp\/v2\/types\/post"}],"author":[{"embeddable":true,"href":"https:\/\/www.santafevalores.com\/index.php\/wp-json\/wp\/v2\/users\/1"}],"replies":[{"embeddable":true,"href":"https:\/\/www.santafevalores.com\/index.php\/wp-json\/wp\/v2\/comments?post=67265"}],"version-history":[{"count":23,"href":"https:\/\/www.santafevalores.com\/index.php\/wp-json\/wp\/v2\/posts\/67265\/revisions"}],"predecessor-version":[{"id":67294,"href":"https:\/\/www.santafevalores.com\/index.php\/wp-json\/wp\/v2\/posts\/67265\/revisions\/67294"}],"wp:featuredmedia":[{"embeddable":true,"href":"https:\/\/www.santafevalores.com\/index.php\/wp-json\/wp\/v2\/media\/67287"}],"wp:attachment":[{"href":"https:\/\/www.santafevalores.com\/index.php\/wp-json\/wp\/v2\/media?parent=67265"}],"wp:term":[{"taxonomy":"category","embeddable":true,"href":"https:\/\/www.santafevalores.com\/index.php\/wp-json\/wp\/v2\/categories?post=67265"},{"taxonomy":"post_tag","embeddable":true,"href":"https:\/\/www.santafevalores.com\/index.php\/wp-json\/wp\/v2\/tags?post=67265"}],"curies":[{"name":"wp","href":"https:\/\/api.w.org\/{rel}","templated":true}]}}