{"id":67317,"date":"2023-03-21T13:02:49","date_gmt":"2023-03-21T18:02:49","guid":{"rendered":"https:\/\/www.santafevalores.com\/?p=67317"},"modified":"2023-03-21T13:09:55","modified_gmt":"2023-03-21T18:09:55","slug":"sfv20230321uno","status":"publish","type":"post","link":"https:\/\/www.santafevalores.com\/index.php\/2023\/03\/21\/sfv20230321uno\/","title":{"rendered":"Se dispara el riesgo pa\u00eds de Ecuador: \u00bfa cu\u00e1nto lleg\u00f3 y por qu\u00e9?"},"content":{"rendered":"\t\t<div data-elementor-type=\"wp-post\" data-elementor-id=\"67317\" class=\"elementor elementor-67317\" data-elementor-post-type=\"post\">\n\t\t\t\t\t\t<section class=\"elementor-section elementor-top-section elementor-element elementor-element-319b9a6 elementor-section-boxed elementor-section-height-default elementor-section-height-default\" data-id=\"319b9a6\" data-element_type=\"section\" data-e-type=\"section\">\n\t\t\t\t\t\t<div class=\"elementor-container elementor-column-gap-default\">\n\t\t\t\t\t<div class=\"elementor-column elementor-col-100 elementor-top-column elementor-element elementor-element-d02ccdc\" data-id=\"d02ccdc\" data-element_type=\"column\" data-e-type=\"column\">\n\t\t\t<div class=\"elementor-widget-wrap elementor-element-populated\">\n\t\t\t\t\t\t<div class=\"elementor-element elementor-element-f99a35d elementor-widget elementor-widget-image\" data-id=\"f99a35d\" data-element_type=\"widget\" data-e-type=\"widget\" data-widget_type=\"image.default\">\n\t\t\t\t<div class=\"elementor-widget-container\">\n\t\t\t\t\t\t\t\t\t\t\t\t\t\t\t<img fetchpriority=\"high\" decoding=\"async\" width=\"1024\" height=\"661\" src=\"https:\/\/www.santafevalores.com\/wp-content\/uploads\/2023\/03\/BDFBSRZH5C23DY43RDZYGT7RA-1024x661.jpg\" class=\"attachment-large size-large wp-image-67318\" alt=\"\" srcset=\"https:\/\/www.santafevalores.com\/wp-content\/uploads\/2023\/03\/BDFBSRZH5C23DY43RDZYGT7RA-1024x661.jpg 1024w, https:\/\/www.santafevalores.com\/wp-content\/uploads\/2023\/03\/BDFBSRZH5C23DY43RDZYGT7RA-300x194.jpg 300w, https:\/\/www.santafevalores.com\/wp-content\/uploads\/2023\/03\/BDFBSRZH5C23DY43RDZYGT7RA-768x495.jpg 768w, https:\/\/www.santafevalores.com\/wp-content\/uploads\/2023\/03\/BDFBSRZH5C23DY43RDZYGT7RA.jpg 1440w\" sizes=\"(max-width: 1024px) 100vw, 1024px\" \/>\t\t\t\t\t\t\t\t\t\t\t\t\t\t\t<\/div>\n\t\t\t\t<\/div>\n\t\t\t\t\t<\/div>\n\t\t<\/div>\n\t\t\t\t\t<\/div>\n\t\t<\/section>\n\t\t\t\t<section class=\"elementor-section elementor-top-section elementor-element elementor-element-7919b4b elementor-section-boxed elementor-section-height-default elementor-section-height-default\" data-id=\"7919b4b\" data-element_type=\"section\" data-e-type=\"section\">\n\t\t\t\t\t\t<div class=\"elementor-container elementor-column-gap-default\">\n\t\t\t\t\t<div class=\"elementor-column elementor-col-100 elementor-top-column elementor-element elementor-element-d2d71b0\" data-id=\"d2d71b0\" data-element_type=\"column\" data-e-type=\"column\">\n\t\t\t<div class=\"elementor-widget-wrap elementor-element-populated\">\n\t\t\t\t\t\t<div class=\"elementor-element elementor-element-f28943a elementor-widget elementor-widget-text-editor\" data-id=\"f28943a\" data-element_type=\"widget\" data-e-type=\"widget\" data-widget_type=\"text-editor.default\">\n\t\t\t\t<div class=\"elementor-widget-container\">\n\t\t\t\t\t\t\t\t\t<p>Quito \u2014 Al empezar el a\u00f1o 2023, Ecuador ten\u00eda un riesgo pa\u00eds en torno a los 1.245 puntos y era el cuarto pa\u00eds de Latinoam\u00e9rica con el peor indicador. Sin embargo, en estos casi tres meses, <b>el valor creci\u00f3 un 57%<\/b> (al cierre del 17 de marzo hab\u00eda llegado a los 1.950 puntos) y Ecuador reemplaz\u00f3 a El Salvador en el puesto <b>del tercer pa\u00eds peor ubicado despu\u00e9s de Venezuela y Argentina.<\/b><\/p><p>El Emerging Markets Bonds Index (en castellano Indicador de Bonos de Mercados Emergentes), abreviado <b>EMBI<\/b>, es el indicador creado por el banco estadounidense JP Morgan para medir <b>el riesgo pa\u00eds y permite saber el adicional que exigen los inversionistas para mantener la deuda en d\u00f3lares de la naci\u00f3n sobre los bonos del Tesoro estadounidenses comparable.<\/b><\/p><p><b>El bono ecuatoriano con vencimiento en 2030 empez\u00f3 el a\u00f1o costando US$ 64,37 y lleg\u00f3 a tocar m\u00e1ximos de US$ 73,09 durante este a\u00f1o, pero actualmente cuesta tan solo US$ 47,01.<\/b><br \/><br \/><\/p><p><b>\u00bfPor qu\u00e9 sube el riesgo pa\u00eds de Ecuador?<\/b><\/p><p>En el \u00faltimo a\u00f1o y medio, los bonos ecuatorianos ven\u00edan mostrando una performance muy superior a la de los bonos argentinos, es decir, del otro pa\u00eds que reestructur\u00f3 su deuda en 2020. Sin embargo, los bonos empezaron a desplomarse y, por consiguiente, el riesgo pa\u00eds o EMBI a dispararse <b>luego de que el presidente, Guillermo Lasso, perdiera el refer\u00e9ndum de febrero.<\/b><\/p>\t\t\t\t\t\t\t\t<\/div>\n\t\t\t\t<\/div>\n\t\t\t\t\t<\/div>\n\t\t<\/div>\n\t\t\t\t\t<\/div>\n\t\t<\/section>\n\t\t\t\t<section class=\"elementor-section elementor-top-section elementor-element elementor-element-2bc460d elementor-section-boxed elementor-section-height-default elementor-section-height-default\" data-id=\"2bc460d\" data-element_type=\"section\" data-e-type=\"section\">\n\t\t\t\t\t\t<div class=\"elementor-container elementor-column-gap-default\">\n\t\t\t\t\t<div class=\"elementor-column elementor-col-100 elementor-top-column elementor-element elementor-element-edd346e\" data-id=\"edd346e\" data-element_type=\"column\" data-e-type=\"column\">\n\t\t\t<div class=\"elementor-widget-wrap elementor-element-populated\">\n\t\t\t\t\t\t<div class=\"elementor-element elementor-element-972ff1e elementor-widget elementor-widget-image\" data-id=\"972ff1e\" data-element_type=\"widget\" data-e-type=\"widget\" data-widget_type=\"image.default\">\n\t\t\t\t<div class=\"elementor-widget-container\">\n\t\t\t\t\t\t\t\t\t\t\t\t\t\t\t<img decoding=\"async\" width=\"1024\" height=\"751\" src=\"https:\/\/www.santafevalores.com\/wp-content\/uploads\/2023\/03\/H2EDRF5SF35E5BE7NFZVGTP6NRU-1024x751.jpg\" class=\"attachment-large size-large wp-image-67321\" alt=\"\" srcset=\"https:\/\/www.santafevalores.com\/wp-content\/uploads\/2023\/03\/H2EDRF5SF35E5BE7NFZVGTP6NRU-1024x751.jpg 1024w, https:\/\/www.santafevalores.com\/wp-content\/uploads\/2023\/03\/H2EDRF5SF35E5BE7NFZVGTP6NRU-300x220.jpg 300w, https:\/\/www.santafevalores.com\/wp-content\/uploads\/2023\/03\/H2EDRF5SF35E5BE7NFZVGTP6NRU-768x563.jpg 768w, https:\/\/www.santafevalores.com\/wp-content\/uploads\/2023\/03\/H2EDRF5SF35E5BE7NFZVGTP6NRU.jpg 1440w\" sizes=\"(max-width: 1024px) 100vw, 1024px\" \/>\t\t\t\t\t\t\t\t\t\t\t\t\t\t\t<\/div>\n\t\t\t\t<\/div>\n\t\t\t\t\t<\/div>\n\t\t<\/div>\n\t\t\t\t\t<\/div>\n\t\t<\/section>\n\t\t\t\t<section class=\"elementor-section elementor-top-section elementor-element elementor-element-771f24d elementor-section-boxed elementor-section-height-default elementor-section-height-default\" data-id=\"771f24d\" data-element_type=\"section\" data-e-type=\"section\">\n\t\t\t\t\t\t<div class=\"elementor-container elementor-column-gap-default\">\n\t\t\t\t\t<div class=\"elementor-column elementor-col-100 elementor-top-column elementor-element elementor-element-5497985\" data-id=\"5497985\" data-element_type=\"column\" data-e-type=\"column\">\n\t\t\t<div class=\"elementor-widget-wrap elementor-element-populated\">\n\t\t\t\t\t\t<div class=\"elementor-element elementor-element-387a081 elementor-widget elementor-widget-text-editor\" data-id=\"387a081\" data-element_type=\"widget\" data-e-type=\"widget\" data-widget_type=\"text-editor.default\">\n\t\t\t\t<div class=\"elementor-widget-container\">\n\t\t\t\t\t\t\t\t\t<p>Para colmo, la ca\u00edda del petr\u00f3leo empeor\u00f3 la situaci\u00f3n en los \u00faltimos d\u00edas, por ser un commodity fundamental para la econom\u00eda ecuatoriana. Seg\u00fan detalla el diario Primicias, el precio del petr\u00f3leo baj\u00f3 13% desde la semana pasada, en medio del remez\u00f3n financiero en Estados Unidos tras el cierre de Silicon Valley Bank y del Signature Bank.<\/p><p>Por otro lado, existe la posibilidad de que el terremoto de 6,5 grados ocurrido el s\u00e1bado \u00faltimo incremente el malestar de los inversores respecto de Ecuador, <b>a ra\u00edz del impacto que podr\u00eda generar en la producci\u00f3n petrolera.<\/b><\/p>\t\t\t\t\t\t\t\t<\/div>\n\t\t\t\t<\/div>\n\t\t\t\t\t<\/div>\n\t\t<\/div>\n\t\t\t\t\t<\/div>\n\t\t<\/section>\n\t\t\t\t<section class=\"elementor-section elementor-top-section elementor-element elementor-element-abd6c23 elementor-section-boxed elementor-section-height-default elementor-section-height-default\" data-id=\"abd6c23\" data-element_type=\"section\" data-e-type=\"section\">\n\t\t\t\t\t\t<div class=\"elementor-container elementor-column-gap-default\">\n\t\t\t\t\t<div class=\"elementor-column elementor-col-100 elementor-top-column elementor-element elementor-element-17895ef\" data-id=\"17895ef\" data-element_type=\"column\" data-e-type=\"column\">\n\t\t\t<div class=\"elementor-widget-wrap elementor-element-populated\">\n\t\t\t\t\t\t<div class=\"elementor-element elementor-element-dabfa2c elementor-headline--style-highlight elementor-widget elementor-widget-animated-headline\" data-id=\"dabfa2c\" data-element_type=\"widget\" data-e-type=\"widget\" data-settings=\"{&quot;highlighted_text&quot;:&quot;reporta Bloomberg&quot;,&quot;headline_style&quot;:&quot;highlight&quot;,&quot;marker&quot;:&quot;circle&quot;,&quot;loop&quot;:&quot;yes&quot;,&quot;highlight_animation_duration&quot;:1200,&quot;highlight_iteration_delay&quot;:8000}\" data-widget_type=\"animated-headline.default\">\n\t\t\t\t<div class=\"elementor-widget-container\">\n\t\t\t\t\t\t\t\t<a href=\"https:\/\/www.bloomberglinea.com\/latinoamerica\/ecuador\/se-dispara-el-riesgo-pais-de-ecuador-a-cuanto-llego-y-por-que\/\" target=\"_blank\">\n\n\t\t\t\t\t<p class=\"elementor-headline\">\n\t\t\t\t\t<span class=\"elementor-headline-plain-text elementor-headline-text-wrapper\">Fuente:<\/span>\n\t\t\t\t<span class=\"elementor-headline-dynamic-wrapper elementor-headline-text-wrapper\">\n\t\t\t\t\t<span class=\"elementor-headline-dynamic-text elementor-headline-text-active\">reporta Bloomberg<\/span>\n\t\t\t\t<\/span>\n\t\t\t\t<\/p>\n\t\t<\/a>\t\t\t\t<\/div>\n\t\t\t\t<\/div>\n\t\t\t\t\t<\/div>\n\t\t<\/div>\n\t\t\t\t\t<\/div>\n\t\t<\/section>\n\t\t\t\t<\/div>\n\t\t","protected":false},"excerpt":{"rendered":"<p>Quito \u2014 Al empezar el a\u00f1o 2023, Ecuador ten\u00eda un riesgo pa\u00eds en torno a los 1.245 puntos y era el cuarto pa\u00eds de Latinoam\u00e9rica con el peor indicador. Sin embargo, en estos casi tres meses, el valor creci\u00f3 un 57% (al cierre del 17 de marzo hab\u00eda llegado a los 1.950 puntos) y Ecuador&hellip;<\/p>\n","protected":false},"author":1,"featured_media":67318,"comment_status":"open","ping_status":"closed","sticky":false,"template":"","format":"standard","meta":{"content-type":"","_joinchat":[],"footnotes":""},"categories":[1],"tags":[],"class_list":["post-67317","post","type-post","status-publish","format-standard","has-post-thumbnail","hentry","category-uncategorized"],"yoast_head":"<!-- This site is optimized with the Yoast SEO plugin v27.5 - https:\/\/yoast.com\/product\/yoast-seo-wordpress\/ -->\n<title>Se dispara el riesgo pa\u00eds de Ecuador: \u00bfa cu\u00e1nto lleg\u00f3 y por qu\u00e9? - Santa Fe Casa de Valores S.A.<\/title>\n<meta name=\"robots\" content=\"index, follow, max-snippet:-1, max-image-preview:large, max-video-preview:-1\" \/>\n<link rel=\"canonical\" href=\"https:\/\/www.santafevalores.com\/index.php\/2023\/03\/21\/sfv20230321uno\/\" \/>\n<meta property=\"og:locale\" content=\"es_ES\" \/>\n<meta property=\"og:type\" content=\"article\" \/>\n<meta property=\"og:title\" content=\"Se dispara el riesgo pa\u00eds de Ecuador: \u00bfa cu\u00e1nto lleg\u00f3 y por qu\u00e9? - Santa Fe Casa de Valores S.A.\" \/>\n<meta property=\"og:description\" content=\"Quito \u2014 Al empezar el a\u00f1o 2023, Ecuador ten\u00eda un riesgo pa\u00eds en torno a los 1.245 puntos y era el cuarto pa\u00eds de Latinoam\u00e9rica con el peor indicador. Sin embargo, en estos casi tres meses, el valor creci\u00f3 un 57% (al cierre del 17 de marzo hab\u00eda llegado a los 1.950 puntos) y Ecuador&hellip;\" \/>\n<meta property=\"og:url\" content=\"https:\/\/www.santafevalores.com\/index.php\/2023\/03\/21\/sfv20230321uno\/\" \/>\n<meta property=\"og:site_name\" content=\"Santa Fe Casa de Valores S.A.\" \/>\n<meta property=\"article:publisher\" content=\"https:\/\/www.facebook.com\/santafevalores\/\" \/>\n<meta property=\"article:published_time\" content=\"2023-03-21T18:02:49+00:00\" \/>\n<meta property=\"article:modified_time\" content=\"2023-03-21T18:09:55+00:00\" \/>\n<meta property=\"og:image\" content=\"https:\/\/www.santafevalores.com\/wp-content\/uploads\/2023\/03\/BDFBSRZH5C23DY43RDZYGT7RA.jpg\" \/>\n\t<meta property=\"og:image:width\" content=\"1440\" \/>\n\t<meta property=\"og:image:height\" content=\"929\" \/>\n\t<meta property=\"og:image:type\" content=\"image\/jpeg\" \/>\n<meta name=\"author\" content=\"admin\" \/>\n<meta name=\"twitter:card\" content=\"summary_large_image\" \/>\n<meta name=\"twitter:creator\" content=\"@SantaFeValores\" \/>\n<meta name=\"twitter:site\" content=\"@SantaFeValores\" \/>\n<meta name=\"twitter:label1\" content=\"Escrito por\" \/>\n\t<meta name=\"twitter:data1\" content=\"admin\" \/>\n\t<meta name=\"twitter:label2\" content=\"Tiempo de lectura\" \/>\n\t<meta name=\"twitter:data2\" content=\"2 minutos\" \/>\n<script type=\"application\/ld+json\" class=\"yoast-schema-graph\">{\"@context\":\"https:\\\/\\\/schema.org\",\"@graph\":[{\"@type\":\"Article\",\"@id\":\"https:\\\/\\\/www.santafevalores.com\\\/index.php\\\/2023\\\/03\\\/21\\\/sfv20230321uno\\\/#article\",\"isPartOf\":{\"@id\":\"https:\\\/\\\/www.santafevalores.com\\\/index.php\\\/2023\\\/03\\\/21\\\/sfv20230321uno\\\/\"},\"author\":{\"name\":\"admin\",\"@id\":\"https:\\\/\\\/www.santafevalores.com\\\/#\\\/schema\\\/person\\\/d965a42370507d0a1638e69158bb5835\"},\"headline\":\"Se dispara el riesgo pa\u00eds de Ecuador: \u00bfa cu\u00e1nto lleg\u00f3 y por qu\u00e9?\",\"datePublished\":\"2023-03-21T18:02:49+00:00\",\"dateModified\":\"2023-03-21T18:09:55+00:00\",\"mainEntityOfPage\":{\"@id\":\"https:\\\/\\\/www.santafevalores.com\\\/index.php\\\/2023\\\/03\\\/21\\\/sfv20230321uno\\\/\"},\"wordCount\":357,\"commentCount\":0,\"publisher\":{\"@id\":\"https:\\\/\\\/www.santafevalores.com\\\/#organization\"},\"image\":{\"@id\":\"https:\\\/\\\/www.santafevalores.com\\\/index.php\\\/2023\\\/03\\\/21\\\/sfv20230321uno\\\/#primaryimage\"},\"thumbnailUrl\":\"https:\\\/\\\/www.santafevalores.com\\\/wp-content\\\/uploads\\\/2023\\\/03\\\/BDFBSRZH5C23DY43RDZYGT7RA.jpg\",\"articleSection\":[\"Uncategorized\"],\"inLanguage\":\"es\",\"potentialAction\":[{\"@type\":\"CommentAction\",\"name\":\"Comment\",\"target\":[\"https:\\\/\\\/www.santafevalores.com\\\/index.php\\\/2023\\\/03\\\/21\\\/sfv20230321uno\\\/#respond\"]}]},{\"@type\":\"WebPage\",\"@id\":\"https:\\\/\\\/www.santafevalores.com\\\/index.php\\\/2023\\\/03\\\/21\\\/sfv20230321uno\\\/\",\"url\":\"https:\\\/\\\/www.santafevalores.com\\\/index.php\\\/2023\\\/03\\\/21\\\/sfv20230321uno\\\/\",\"name\":\"Se dispara el riesgo pa\u00eds de Ecuador: \u00bfa cu\u00e1nto lleg\u00f3 y por qu\u00e9? - Santa Fe Casa de Valores S.A.\",\"isPartOf\":{\"@id\":\"https:\\\/\\\/www.santafevalores.com\\\/#website\"},\"primaryImageOfPage\":{\"@id\":\"https:\\\/\\\/www.santafevalores.com\\\/index.php\\\/2023\\\/03\\\/21\\\/sfv20230321uno\\\/#primaryimage\"},\"image\":{\"@id\":\"https:\\\/\\\/www.santafevalores.com\\\/index.php\\\/2023\\\/03\\\/21\\\/sfv20230321uno\\\/#primaryimage\"},\"thumbnailUrl\":\"https:\\\/\\\/www.santafevalores.com\\\/wp-content\\\/uploads\\\/2023\\\/03\\\/BDFBSRZH5C23DY43RDZYGT7RA.jpg\",\"datePublished\":\"2023-03-21T18:02:49+00:00\",\"dateModified\":\"2023-03-21T18:09:55+00:00\",\"breadcrumb\":{\"@id\":\"https:\\\/\\\/www.santafevalores.com\\\/index.php\\\/2023\\\/03\\\/21\\\/sfv20230321uno\\\/#breadcrumb\"},\"inLanguage\":\"es\",\"potentialAction\":[{\"@type\":\"ReadAction\",\"target\":[\"https:\\\/\\\/www.santafevalores.com\\\/index.php\\\/2023\\\/03\\\/21\\\/sfv20230321uno\\\/\"]}]},{\"@type\":\"ImageObject\",\"inLanguage\":\"es\",\"@id\":\"https:\\\/\\\/www.santafevalores.com\\\/index.php\\\/2023\\\/03\\\/21\\\/sfv20230321uno\\\/#primaryimage\",\"url\":\"https:\\\/\\\/www.santafevalores.com\\\/wp-content\\\/uploads\\\/2023\\\/03\\\/BDFBSRZH5C23DY43RDZYGT7RA.jpg\",\"contentUrl\":\"https:\\\/\\\/www.santafevalores.com\\\/wp-content\\\/uploads\\\/2023\\\/03\\\/BDFBSRZH5C23DY43RDZYGT7RA.jpg\",\"width\":1440,\"height\":929},{\"@type\":\"BreadcrumbList\",\"@id\":\"https:\\\/\\\/www.santafevalores.com\\\/index.php\\\/2023\\\/03\\\/21\\\/sfv20230321uno\\\/#breadcrumb\",\"itemListElement\":[{\"@type\":\"ListItem\",\"position\":1,\"name\":\"Portada\",\"item\":\"https:\\\/\\\/www.santafevalores.com\\\/\"},{\"@type\":\"ListItem\",\"position\":2,\"name\":\"Se dispara el riesgo pa\u00eds de Ecuador: \u00bfa cu\u00e1nto lleg\u00f3 y por qu\u00e9?\"}]},{\"@type\":\"WebSite\",\"@id\":\"https:\\\/\\\/www.santafevalores.com\\\/#website\",\"url\":\"https:\\\/\\\/www.santafevalores.com\\\/\",\"name\":\"Santa Fe Casa de Valores S.A.\",\"description\":\"\",\"publisher\":{\"@id\":\"https:\\\/\\\/www.santafevalores.com\\\/#organization\"},\"potentialAction\":[{\"@type\":\"SearchAction\",\"target\":{\"@type\":\"EntryPoint\",\"urlTemplate\":\"https:\\\/\\\/www.santafevalores.com\\\/?s={search_term_string}\"},\"query-input\":{\"@type\":\"PropertyValueSpecification\",\"valueRequired\":true,\"valueName\":\"search_term_string\"}}],\"inLanguage\":\"es\"},{\"@type\":\"Organization\",\"@id\":\"https:\\\/\\\/www.santafevalores.com\\\/#organization\",\"name\":\"Santa Fe Casa de Valores S.A.\",\"alternateName\":\"SANTAFEVALORES\",\"url\":\"https:\\\/\\\/www.santafevalores.com\\\/\",\"logo\":{\"@type\":\"ImageObject\",\"inLanguage\":\"es\",\"@id\":\"https:\\\/\\\/www.santafevalores.com\\\/#\\\/schema\\\/logo\\\/image\\\/\",\"url\":\"https:\\\/\\\/www.santafevalores.com\\\/wp-content\\\/uploads\\\/2022\\\/06\\\/logo1.png\",\"contentUrl\":\"https:\\\/\\\/www.santafevalores.com\\\/wp-content\\\/uploads\\\/2022\\\/06\\\/logo1.png\",\"width\":235,\"height\":71,\"caption\":\"Santa Fe Casa de Valores S.A.\"},\"image\":{\"@id\":\"https:\\\/\\\/www.santafevalores.com\\\/#\\\/schema\\\/logo\\\/image\\\/\"},\"sameAs\":[\"https:\\\/\\\/www.facebook.com\\\/santafevalores\\\/\",\"https:\\\/\\\/x.com\\\/SantaFeValores\"]},{\"@type\":\"Person\",\"@id\":\"https:\\\/\\\/www.santafevalores.com\\\/#\\\/schema\\\/person\\\/d965a42370507d0a1638e69158bb5835\",\"name\":\"admin\",\"image\":{\"@type\":\"ImageObject\",\"inLanguage\":\"es\",\"@id\":\"https:\\\/\\\/secure.gravatar.com\\\/avatar\\\/97ec7f9eb6068ddac59d3806ca0034c167fce748f524adcfad8629911220756f?s=96&d=mm&r=g\",\"url\":\"https:\\\/\\\/secure.gravatar.com\\\/avatar\\\/97ec7f9eb6068ddac59d3806ca0034c167fce748f524adcfad8629911220756f?s=96&d=mm&r=g\",\"contentUrl\":\"https:\\\/\\\/secure.gravatar.com\\\/avatar\\\/97ec7f9eb6068ddac59d3806ca0034c167fce748f524adcfad8629911220756f?s=96&d=mm&r=g\",\"caption\":\"admin\"},\"sameAs\":[\"https:\\\/\\\/www.santafevalores.com\"],\"url\":\"https:\\\/\\\/www.santafevalores.com\\\/index.php\\\/author\\\/santafevaloresuio_ggv0vv79\\\/\"}]}<\/script>\n<!-- \/ Yoast SEO plugin. -->","yoast_head_json":{"title":"Se dispara el riesgo pa\u00eds de Ecuador: \u00bfa cu\u00e1nto lleg\u00f3 y por qu\u00e9? - Santa Fe Casa de Valores S.A.","robots":{"index":"index","follow":"follow","max-snippet":"max-snippet:-1","max-image-preview":"max-image-preview:large","max-video-preview":"max-video-preview:-1"},"canonical":"https:\/\/www.santafevalores.com\/index.php\/2023\/03\/21\/sfv20230321uno\/","og_locale":"es_ES","og_type":"article","og_title":"Se dispara el riesgo pa\u00eds de Ecuador: \u00bfa cu\u00e1nto lleg\u00f3 y por qu\u00e9? - Santa Fe Casa de Valores S.A.","og_description":"Quito \u2014 Al empezar el a\u00f1o 2023, Ecuador ten\u00eda un riesgo pa\u00eds en torno a los 1.245 puntos y era el cuarto pa\u00eds de Latinoam\u00e9rica con el peor indicador. Sin embargo, en estos casi tres meses, el valor creci\u00f3 un 57% (al cierre del 17 de marzo hab\u00eda llegado a los 1.950 puntos) y Ecuador&hellip;","og_url":"https:\/\/www.santafevalores.com\/index.php\/2023\/03\/21\/sfv20230321uno\/","og_site_name":"Santa Fe Casa de Valores S.A.","article_publisher":"https:\/\/www.facebook.com\/santafevalores\/","article_published_time":"2023-03-21T18:02:49+00:00","article_modified_time":"2023-03-21T18:09:55+00:00","og_image":[{"width":1440,"height":929,"url":"https:\/\/www.santafevalores.com\/wp-content\/uploads\/2023\/03\/BDFBSRZH5C23DY43RDZYGT7RA.jpg","type":"image\/jpeg"}],"author":"admin","twitter_card":"summary_large_image","twitter_creator":"@SantaFeValores","twitter_site":"@SantaFeValores","twitter_misc":{"Escrito por":"admin","Tiempo de lectura":"2 minutos"},"schema":{"@context":"https:\/\/schema.org","@graph":[{"@type":"Article","@id":"https:\/\/www.santafevalores.com\/index.php\/2023\/03\/21\/sfv20230321uno\/#article","isPartOf":{"@id":"https:\/\/www.santafevalores.com\/index.php\/2023\/03\/21\/sfv20230321uno\/"},"author":{"name":"admin","@id":"https:\/\/www.santafevalores.com\/#\/schema\/person\/d965a42370507d0a1638e69158bb5835"},"headline":"Se dispara el riesgo pa\u00eds de Ecuador: \u00bfa cu\u00e1nto lleg\u00f3 y por qu\u00e9?","datePublished":"2023-03-21T18:02:49+00:00","dateModified":"2023-03-21T18:09:55+00:00","mainEntityOfPage":{"@id":"https:\/\/www.santafevalores.com\/index.php\/2023\/03\/21\/sfv20230321uno\/"},"wordCount":357,"commentCount":0,"publisher":{"@id":"https:\/\/www.santafevalores.com\/#organization"},"image":{"@id":"https:\/\/www.santafevalores.com\/index.php\/2023\/03\/21\/sfv20230321uno\/#primaryimage"},"thumbnailUrl":"https:\/\/www.santafevalores.com\/wp-content\/uploads\/2023\/03\/BDFBSRZH5C23DY43RDZYGT7RA.jpg","articleSection":["Uncategorized"],"inLanguage":"es","potentialAction":[{"@type":"CommentAction","name":"Comment","target":["https:\/\/www.santafevalores.com\/index.php\/2023\/03\/21\/sfv20230321uno\/#respond"]}]},{"@type":"WebPage","@id":"https:\/\/www.santafevalores.com\/index.php\/2023\/03\/21\/sfv20230321uno\/","url":"https:\/\/www.santafevalores.com\/index.php\/2023\/03\/21\/sfv20230321uno\/","name":"Se dispara el riesgo pa\u00eds de Ecuador: \u00bfa cu\u00e1nto lleg\u00f3 y por qu\u00e9? - Santa Fe Casa de Valores S.A.","isPartOf":{"@id":"https:\/\/www.santafevalores.com\/#website"},"primaryImageOfPage":{"@id":"https:\/\/www.santafevalores.com\/index.php\/2023\/03\/21\/sfv20230321uno\/#primaryimage"},"image":{"@id":"https:\/\/www.santafevalores.com\/index.php\/2023\/03\/21\/sfv20230321uno\/#primaryimage"},"thumbnailUrl":"https:\/\/www.santafevalores.com\/wp-content\/uploads\/2023\/03\/BDFBSRZH5C23DY43RDZYGT7RA.jpg","datePublished":"2023-03-21T18:02:49+00:00","dateModified":"2023-03-21T18:09:55+00:00","breadcrumb":{"@id":"https:\/\/www.santafevalores.com\/index.php\/2023\/03\/21\/sfv20230321uno\/#breadcrumb"},"inLanguage":"es","potentialAction":[{"@type":"ReadAction","target":["https:\/\/www.santafevalores.com\/index.php\/2023\/03\/21\/sfv20230321uno\/"]}]},{"@type":"ImageObject","inLanguage":"es","@id":"https:\/\/www.santafevalores.com\/index.php\/2023\/03\/21\/sfv20230321uno\/#primaryimage","url":"https:\/\/www.santafevalores.com\/wp-content\/uploads\/2023\/03\/BDFBSRZH5C23DY43RDZYGT7RA.jpg","contentUrl":"https:\/\/www.santafevalores.com\/wp-content\/uploads\/2023\/03\/BDFBSRZH5C23DY43RDZYGT7RA.jpg","width":1440,"height":929},{"@type":"BreadcrumbList","@id":"https:\/\/www.santafevalores.com\/index.php\/2023\/03\/21\/sfv20230321uno\/#breadcrumb","itemListElement":[{"@type":"ListItem","position":1,"name":"Portada","item":"https:\/\/www.santafevalores.com\/"},{"@type":"ListItem","position":2,"name":"Se dispara el riesgo pa\u00eds de Ecuador: \u00bfa cu\u00e1nto lleg\u00f3 y por qu\u00e9?"}]},{"@type":"WebSite","@id":"https:\/\/www.santafevalores.com\/#website","url":"https:\/\/www.santafevalores.com\/","name":"Santa Fe Casa de Valores S.A.","description":"","publisher":{"@id":"https:\/\/www.santafevalores.com\/#organization"},"potentialAction":[{"@type":"SearchAction","target":{"@type":"EntryPoint","urlTemplate":"https:\/\/www.santafevalores.com\/?s={search_term_string}"},"query-input":{"@type":"PropertyValueSpecification","valueRequired":true,"valueName":"search_term_string"}}],"inLanguage":"es"},{"@type":"Organization","@id":"https:\/\/www.santafevalores.com\/#organization","name":"Santa Fe Casa de Valores S.A.","alternateName":"SANTAFEVALORES","url":"https:\/\/www.santafevalores.com\/","logo":{"@type":"ImageObject","inLanguage":"es","@id":"https:\/\/www.santafevalores.com\/#\/schema\/logo\/image\/","url":"https:\/\/www.santafevalores.com\/wp-content\/uploads\/2022\/06\/logo1.png","contentUrl":"https:\/\/www.santafevalores.com\/wp-content\/uploads\/2022\/06\/logo1.png","width":235,"height":71,"caption":"Santa Fe Casa de Valores S.A."},"image":{"@id":"https:\/\/www.santafevalores.com\/#\/schema\/logo\/image\/"},"sameAs":["https:\/\/www.facebook.com\/santafevalores\/","https:\/\/x.com\/SantaFeValores"]},{"@type":"Person","@id":"https:\/\/www.santafevalores.com\/#\/schema\/person\/d965a42370507d0a1638e69158bb5835","name":"admin","image":{"@type":"ImageObject","inLanguage":"es","@id":"https:\/\/secure.gravatar.com\/avatar\/97ec7f9eb6068ddac59d3806ca0034c167fce748f524adcfad8629911220756f?s=96&d=mm&r=g","url":"https:\/\/secure.gravatar.com\/avatar\/97ec7f9eb6068ddac59d3806ca0034c167fce748f524adcfad8629911220756f?s=96&d=mm&r=g","contentUrl":"https:\/\/secure.gravatar.com\/avatar\/97ec7f9eb6068ddac59d3806ca0034c167fce748f524adcfad8629911220756f?s=96&d=mm&r=g","caption":"admin"},"sameAs":["https:\/\/www.santafevalores.com"],"url":"https:\/\/www.santafevalores.com\/index.php\/author\/santafevaloresuio_ggv0vv79\/"}]}},"_links":{"self":[{"href":"https:\/\/www.santafevalores.com\/index.php\/wp-json\/wp\/v2\/posts\/67317","targetHints":{"allow":["GET"]}}],"collection":[{"href":"https:\/\/www.santafevalores.com\/index.php\/wp-json\/wp\/v2\/posts"}],"about":[{"href":"https:\/\/www.santafevalores.com\/index.php\/wp-json\/wp\/v2\/types\/post"}],"author":[{"embeddable":true,"href":"https:\/\/www.santafevalores.com\/index.php\/wp-json\/wp\/v2\/users\/1"}],"replies":[{"embeddable":true,"href":"https:\/\/www.santafevalores.com\/index.php\/wp-json\/wp\/v2\/comments?post=67317"}],"version-history":[{"count":8,"href":"https:\/\/www.santafevalores.com\/index.php\/wp-json\/wp\/v2\/posts\/67317\/revisions"}],"predecessor-version":[{"id":67328,"href":"https:\/\/www.santafevalores.com\/index.php\/wp-json\/wp\/v2\/posts\/67317\/revisions\/67328"}],"wp:featuredmedia":[{"embeddable":true,"href":"https:\/\/www.santafevalores.com\/index.php\/wp-json\/wp\/v2\/media\/67318"}],"wp:attachment":[{"href":"https:\/\/www.santafevalores.com\/index.php\/wp-json\/wp\/v2\/media?parent=67317"}],"wp:term":[{"taxonomy":"category","embeddable":true,"href":"https:\/\/www.santafevalores.com\/index.php\/wp-json\/wp\/v2\/categories?post=67317"},{"taxonomy":"post_tag","embeddable":true,"href":"https:\/\/www.santafevalores.com\/index.php\/wp-json\/wp\/v2\/tags?post=67317"}],"curies":[{"name":"wp","href":"https:\/\/api.w.org\/{rel}","templated":true}]}}