{"id":67696,"date":"2023-04-25T15:49:05","date_gmt":"2023-04-25T20:49:05","guid":{"rendered":"https:\/\/www.santafevalores.com\/?p=67696"},"modified":"2023-04-25T16:05:54","modified_gmt":"2023-04-25T21:05:54","slug":"sfv20230425tres","status":"publish","type":"post","link":"https:\/\/www.santafevalores.com\/index.php\/2023\/04\/25\/sfv20230425tres\/","title":{"rendered":"Convocatoria a Junta General Ordinaria de Accionistas de Corporaci\u00f3n Favorita C. A."},"content":{"rendered":"\t\t<div data-elementor-type=\"wp-post\" data-elementor-id=\"67696\" class=\"elementor elementor-67696\" data-elementor-post-type=\"post\">\n\t\t\t\t\t\t<section class=\"elementor-section elementor-top-section elementor-element elementor-element-6607742 elementor-section-boxed elementor-section-height-default elementor-section-height-default\" data-id=\"6607742\" data-element_type=\"section\" data-e-type=\"section\">\n\t\t\t\t\t\t<div class=\"elementor-container elementor-column-gap-default\">\n\t\t\t\t\t<div class=\"elementor-column elementor-col-100 elementor-top-column elementor-element elementor-element-8db68ed\" data-id=\"8db68ed\" data-element_type=\"column\" data-e-type=\"column\">\n\t\t\t<div class=\"elementor-widget-wrap elementor-element-populated\">\n\t\t\t\t\t\t<div class=\"elementor-element elementor-element-c488854 elementor-widget elementor-widget-image\" data-id=\"c488854\" data-element_type=\"widget\" data-e-type=\"widget\" data-widget_type=\"image.default\">\n\t\t\t\t<div class=\"elementor-widget-container\">\n\t\t\t\t\t\t\t\t\t\t\t\t\t\t\t<img fetchpriority=\"high\" decoding=\"async\" width=\"675\" height=\"350\" src=\"https:\/\/www.santafevalores.com\/wp-content\/uploads\/2023\/04\/Feed@0.5x-100.jpg\" class=\"attachment-large size-large wp-image-67708\" alt=\"\" srcset=\"https:\/\/www.santafevalores.com\/wp-content\/uploads\/2023\/04\/Feed@0.5x-100.jpg 675w, https:\/\/www.santafevalores.com\/wp-content\/uploads\/2023\/04\/Feed@0.5x-100-300x156.jpg 300w\" sizes=\"(max-width: 675px) 100vw, 675px\" \/>\t\t\t\t\t\t\t\t\t\t\t\t\t\t\t<\/div>\n\t\t\t\t<\/div>\n\t\t\t\t\t<\/div>\n\t\t<\/div>\n\t\t\t\t\t<\/div>\n\t\t<\/section>\n\t\t\t\t<section class=\"elementor-section elementor-top-section elementor-element elementor-element-c7d8c46 elementor-section-boxed elementor-section-height-default elementor-section-height-default\" data-id=\"c7d8c46\" data-element_type=\"section\" data-e-type=\"section\">\n\t\t\t\t\t\t<div class=\"elementor-container elementor-column-gap-default\">\n\t\t\t\t\t<div class=\"elementor-column elementor-col-100 elementor-top-column elementor-element elementor-element-8000413\" data-id=\"8000413\" data-element_type=\"column\" data-e-type=\"column\">\n\t\t\t<div class=\"elementor-widget-wrap elementor-element-populated\">\n\t\t\t\t\t\t<div class=\"elementor-element elementor-element-8d24828 elementor-widget elementor-widget-text-editor\" data-id=\"8d24828\" data-element_type=\"widget\" data-e-type=\"widget\" data-widget_type=\"text-editor.default\">\n\t\t\t\t<div class=\"elementor-widget-container\">\n\t\t\t\t\t\t\t\t\t<p>De conformidad con el Estatuto Social de la empresa, la normativa pertinente, convoco a los se\u00f1ores accionistas de la compa\u00f1\u00eda CORPORACI\u00d3N FAVORITA C. A., a la Junta General Ordinaria que se realizar\u00e1 el mi\u00e9rcoles 26 de abril del 2023, a las 09:00, en el sal\u00f3n Panecillo, segundo piso del CENTRO DE CONVENCIONES METROPOLITANO DE QUITO (Bicentenario), situado en la Avenida R\u00edo Amazonas y R\u00edo Curaray, Parque Bicentenario, del cant\u00f3n y ciudad de Quito, domicilio de la compa\u00f1\u00eda. A esta junta se convoca en forma especial, individual, expresa y personalmente a los se\u00f1ores Comisarios Principal y Suplente, Ing. Gonzalo Rueda D\u00edaz y Dr. Juan Carlos Gallegos Happle, domiciliados en la calle Lizardo Garc\u00eda E 1080 y Av. 12 de Octubre y, Calle Tamayo N 24 &#8211; 33, respectivamente, de esta ciudad y cant\u00f3n Quito. Esta Junta General deber\u00e1 revisar, conocer, resolver y aprobar sobre los puntos que se detallan a continuaci\u00f3n:<\/p><p>1. Informes anuales del Presidente del Directorio y del Presidente Ejecutivo del 2022.<br \/>2. Informes de Comisario y de Auditores Externos del 2022.<br \/>3. Estados Financieros correspondientes al ejercicio econ\u00f3mico 2022.<br \/>4. Destino de las utilidades del ejercicio econ\u00f3mico 2022.<br \/>5. Aumento de Capital inherente al ejercicio econ\u00f3mico 2022.<br \/>6. Reformas del Estatuto Social como consecuencia del aumento de capital en sus Art\u00edculos 5 Capital, 6 Naturaleza de las Acciones, 44 Integraci\u00f3n y pago de capital y, adem\u00e1s, reformas con motivo de la expedici\u00f3n de la nueva Ley Org\u00e1nica para Impulsar la Econom\u00eda Violeta, a los art\u00edculos 14, 18, 20, 22, 27 y 28 que hacen relaci\u00f3n al derecho que tendr\u00eda la Junta General de Accionistas a nombrar, del g\u00e9nero femenino, un octavo miembro en el Directorio de la empresa, el qu\u00f3rum nuevo para sus reuniones, su votaci\u00f3n y, en caso de empate, la facultad dirimente que se le estar\u00eda confiriendo al Presidente de dicho Organismo para la votaci\u00f3n, en su orden.<br \/>7. Elecci\u00f3n de miembros del Directorio y fijaci\u00f3n de sus remuneraciones.<br \/>8. Elecci\u00f3n de Comisarios y fijaci\u00f3n de sus remuneraciones.<br \/>9. Designaci\u00f3n de Auditores Externos y fijaci\u00f3n de sus honorarios.<\/p><p>El Estado Financiero y sus anexos y los respectivos informes del ejercicio econ\u00f3mico 2022, est\u00e1n a disposici\u00f3n de los se\u00f1ores Accionistas en el siguiente enlace electr\u00f3nico de descarga: https:\/\/www.cfavorita.ec\/acuerdosAccionistas\/login y, adem\u00e1s, conforme manda la ley, est\u00e1n a disposici\u00f3n de los se\u00f1ores Accionistas, en las oficinas de la compa\u00f1\u00eda, situadas en calle Avigiras E12-70 y Av. Eloy Alfaro, de la ciudad y cant\u00f3n Quito, oficina de accionistas de la empresa.<br \/>Para el ejercicio de los derechos de los Accionistas, estos podr\u00e1n hacerlo de acuerdo con los dispuesto en la ley y los reglamentos vigentes. Aquellos se\u00f1ores Accionistas que deseen encargar a un tercero su representaci\u00f3n a esta Junta General, podr\u00e1n hacerlo notificando al correo electr\u00f3nico que se indica a continuaci\u00f3n hasta el 21 de abril del 2023 o ingresando a la siguiente direcci\u00f3n electr\u00f3nica:<\/p><p>https:\/\/www.cfavorita.ec\/acuerdosAccionistas\/login<\/p><p>En caso necesario, agradecemos tomar contacto telef\u00f3nico a los siguientes n\u00fameros:<\/p><p>+ 593 2 2418035 \u00f3 + 593 2 2418027 del Departamento de Accionistas de la empresa, o por v\u00eda electr\u00f3nica al siguiente correo: accionistas@favorita.com<\/p><p>Los se\u00f1ores accionistas que hasta la presente fecha hayan registrado su direcci\u00f3n electr\u00f3nica en la compa\u00f1\u00eda, ser\u00e1n convocados por ese medio.<br \/>Indicamos que el estacionamiento en el lugar de la reuni\u00f3n (Bicentenario) ha sido pre cancelado para los se\u00f1ores Accionistas que asistan.<\/p>\t\t\t\t\t\t\t\t<\/div>\n\t\t\t\t<\/div>\n\t\t\t\t\t<\/div>\n\t\t<\/div>\n\t\t\t\t\t<\/div>\n\t\t<\/section>\n\t\t\t\t<\/div>\n\t\t","protected":false},"excerpt":{"rendered":"<p>De conformidad con el Estatuto Social de la empresa, la normativa pertinente, convoco a los se\u00f1ores accionistas de la compa\u00f1\u00eda CORPORACI\u00d3N FAVORITA C. A., a la Junta General Ordinaria que se realizar\u00e1 el mi\u00e9rcoles 26 de abril del 2023, a las 09:00, en el sal\u00f3n Panecillo, segundo piso del CENTRO DE CONVENCIONES METROPOLITANO DE QUITO&hellip;<\/p>\n","protected":false},"author":1,"featured_media":67708,"comment_status":"open","ping_status":"closed","sticky":false,"template":"","format":"standard","meta":{"content-type":"","_joinchat":[],"footnotes":""},"categories":[1],"tags":[],"class_list":["post-67696","post","type-post","status-publish","format-standard","has-post-thumbnail","hentry","category-uncategorized"],"yoast_head":"<!-- This site is optimized with the Yoast SEO plugin v27.5 - https:\/\/yoast.com\/product\/yoast-seo-wordpress\/ -->\n<title>Convocatoria a Junta General Ordinaria de Accionistas de Corporaci\u00f3n Favorita C. A. - Santa Fe Casa de Valores S.A.<\/title>\n<meta name=\"robots\" content=\"index, follow, max-snippet:-1, max-image-preview:large, max-video-preview:-1\" \/>\n<link rel=\"canonical\" href=\"https:\/\/www.santafevalores.com\/index.php\/2023\/04\/25\/sfv20230425tres\/\" \/>\n<meta property=\"og:locale\" content=\"es_ES\" \/>\n<meta property=\"og:type\" content=\"article\" \/>\n<meta property=\"og:title\" content=\"Convocatoria a Junta General Ordinaria de Accionistas de Corporaci\u00f3n Favorita C. A. - Santa Fe Casa de Valores S.A.\" \/>\n<meta property=\"og:description\" content=\"De conformidad con el Estatuto Social de la empresa, la normativa pertinente, convoco a los se\u00f1ores accionistas de la compa\u00f1\u00eda CORPORACI\u00d3N FAVORITA C. A., a la Junta General Ordinaria que se realizar\u00e1 el mi\u00e9rcoles 26 de abril del 2023, a las 09:00, en el sal\u00f3n Panecillo, segundo piso del CENTRO DE CONVENCIONES METROPOLITANO DE QUITO&hellip;\" \/>\n<meta property=\"og:url\" content=\"https:\/\/www.santafevalores.com\/index.php\/2023\/04\/25\/sfv20230425tres\/\" \/>\n<meta property=\"og:site_name\" content=\"Santa Fe Casa de Valores S.A.\" \/>\n<meta property=\"article:publisher\" content=\"https:\/\/www.facebook.com\/santafevalores\/\" \/>\n<meta property=\"article:published_time\" content=\"2023-04-25T20:49:05+00:00\" \/>\n<meta property=\"article:modified_time\" content=\"2023-04-25T21:05:54+00:00\" \/>\n<meta property=\"og:image\" content=\"https:\/\/www.santafevalores.com\/wp-content\/uploads\/2023\/04\/Feed@0.5x-100.jpg\" \/>\n\t<meta property=\"og:image:width\" content=\"675\" \/>\n\t<meta property=\"og:image:height\" content=\"350\" \/>\n\t<meta property=\"og:image:type\" content=\"image\/jpeg\" \/>\n<meta name=\"author\" content=\"admin\" \/>\n<meta name=\"twitter:card\" content=\"summary_large_image\" \/>\n<meta name=\"twitter:image\" content=\"https:\/\/www.santafevalores.com\/wp-content\/uploads\/2023\/04\/Feed@0.5x-100.jpg\" \/>\n<meta name=\"twitter:creator\" content=\"@SantaFeValores\" \/>\n<meta name=\"twitter:site\" content=\"@SantaFeValores\" \/>\n<meta name=\"twitter:label1\" content=\"Escrito por\" \/>\n\t<meta name=\"twitter:data1\" content=\"admin\" \/>\n\t<meta name=\"twitter:label2\" content=\"Tiempo de lectura\" \/>\n\t<meta name=\"twitter:data2\" content=\"3 minutos\" \/>\n<script type=\"application\/ld+json\" class=\"yoast-schema-graph\">{\"@context\":\"https:\\\/\\\/schema.org\",\"@graph\":[{\"@type\":\"Article\",\"@id\":\"https:\\\/\\\/www.santafevalores.com\\\/index.php\\\/2023\\\/04\\\/25\\\/sfv20230425tres\\\/#article\",\"isPartOf\":{\"@id\":\"https:\\\/\\\/www.santafevalores.com\\\/index.php\\\/2023\\\/04\\\/25\\\/sfv20230425tres\\\/\"},\"author\":{\"name\":\"admin\",\"@id\":\"https:\\\/\\\/www.santafevalores.com\\\/#\\\/schema\\\/person\\\/d965a42370507d0a1638e69158bb5835\"},\"headline\":\"Convocatoria a Junta General Ordinaria de Accionistas de Corporaci\u00f3n Favorita C. A.\",\"datePublished\":\"2023-04-25T20:49:05+00:00\",\"dateModified\":\"2023-04-25T21:05:54+00:00\",\"mainEntityOfPage\":{\"@id\":\"https:\\\/\\\/www.santafevalores.com\\\/index.php\\\/2023\\\/04\\\/25\\\/sfv20230425tres\\\/\"},\"wordCount\":604,\"commentCount\":0,\"publisher\":{\"@id\":\"https:\\\/\\\/www.santafevalores.com\\\/#organization\"},\"image\":{\"@id\":\"https:\\\/\\\/www.santafevalores.com\\\/index.php\\\/2023\\\/04\\\/25\\\/sfv20230425tres\\\/#primaryimage\"},\"thumbnailUrl\":\"https:\\\/\\\/www.santafevalores.com\\\/wp-content\\\/uploads\\\/2023\\\/04\\\/Feed@0.5x-100.jpg\",\"articleSection\":[\"Uncategorized\"],\"inLanguage\":\"es\",\"potentialAction\":[{\"@type\":\"CommentAction\",\"name\":\"Comment\",\"target\":[\"https:\\\/\\\/www.santafevalores.com\\\/index.php\\\/2023\\\/04\\\/25\\\/sfv20230425tres\\\/#respond\"]}]},{\"@type\":\"WebPage\",\"@id\":\"https:\\\/\\\/www.santafevalores.com\\\/index.php\\\/2023\\\/04\\\/25\\\/sfv20230425tres\\\/\",\"url\":\"https:\\\/\\\/www.santafevalores.com\\\/index.php\\\/2023\\\/04\\\/25\\\/sfv20230425tres\\\/\",\"name\":\"Convocatoria a Junta General Ordinaria de Accionistas de Corporaci\u00f3n Favorita C. A. - Santa Fe Casa de Valores S.A.\",\"isPartOf\":{\"@id\":\"https:\\\/\\\/www.santafevalores.com\\\/#website\"},\"primaryImageOfPage\":{\"@id\":\"https:\\\/\\\/www.santafevalores.com\\\/index.php\\\/2023\\\/04\\\/25\\\/sfv20230425tres\\\/#primaryimage\"},\"image\":{\"@id\":\"https:\\\/\\\/www.santafevalores.com\\\/index.php\\\/2023\\\/04\\\/25\\\/sfv20230425tres\\\/#primaryimage\"},\"thumbnailUrl\":\"https:\\\/\\\/www.santafevalores.com\\\/wp-content\\\/uploads\\\/2023\\\/04\\\/Feed@0.5x-100.jpg\",\"datePublished\":\"2023-04-25T20:49:05+00:00\",\"dateModified\":\"2023-04-25T21:05:54+00:00\",\"breadcrumb\":{\"@id\":\"https:\\\/\\\/www.santafevalores.com\\\/index.php\\\/2023\\\/04\\\/25\\\/sfv20230425tres\\\/#breadcrumb\"},\"inLanguage\":\"es\",\"potentialAction\":[{\"@type\":\"ReadAction\",\"target\":[\"https:\\\/\\\/www.santafevalores.com\\\/index.php\\\/2023\\\/04\\\/25\\\/sfv20230425tres\\\/\"]}]},{\"@type\":\"ImageObject\",\"inLanguage\":\"es\",\"@id\":\"https:\\\/\\\/www.santafevalores.com\\\/index.php\\\/2023\\\/04\\\/25\\\/sfv20230425tres\\\/#primaryimage\",\"url\":\"https:\\\/\\\/www.santafevalores.com\\\/wp-content\\\/uploads\\\/2023\\\/04\\\/Feed@0.5x-100.jpg\",\"contentUrl\":\"https:\\\/\\\/www.santafevalores.com\\\/wp-content\\\/uploads\\\/2023\\\/04\\\/Feed@0.5x-100.jpg\",\"width\":675,\"height\":350},{\"@type\":\"BreadcrumbList\",\"@id\":\"https:\\\/\\\/www.santafevalores.com\\\/index.php\\\/2023\\\/04\\\/25\\\/sfv20230425tres\\\/#breadcrumb\",\"itemListElement\":[{\"@type\":\"ListItem\",\"position\":1,\"name\":\"Portada\",\"item\":\"https:\\\/\\\/www.santafevalores.com\\\/\"},{\"@type\":\"ListItem\",\"position\":2,\"name\":\"Convocatoria a Junta General Ordinaria de Accionistas de Corporaci\u00f3n Favorita C. A.\"}]},{\"@type\":\"WebSite\",\"@id\":\"https:\\\/\\\/www.santafevalores.com\\\/#website\",\"url\":\"https:\\\/\\\/www.santafevalores.com\\\/\",\"name\":\"Santa Fe Casa de Valores S.A.\",\"description\":\"\",\"publisher\":{\"@id\":\"https:\\\/\\\/www.santafevalores.com\\\/#organization\"},\"potentialAction\":[{\"@type\":\"SearchAction\",\"target\":{\"@type\":\"EntryPoint\",\"urlTemplate\":\"https:\\\/\\\/www.santafevalores.com\\\/?s={search_term_string}\"},\"query-input\":{\"@type\":\"PropertyValueSpecification\",\"valueRequired\":true,\"valueName\":\"search_term_string\"}}],\"inLanguage\":\"es\"},{\"@type\":\"Organization\",\"@id\":\"https:\\\/\\\/www.santafevalores.com\\\/#organization\",\"name\":\"Santa Fe Casa de Valores S.A.\",\"alternateName\":\"SANTAFEVALORES\",\"url\":\"https:\\\/\\\/www.santafevalores.com\\\/\",\"logo\":{\"@type\":\"ImageObject\",\"inLanguage\":\"es\",\"@id\":\"https:\\\/\\\/www.santafevalores.com\\\/#\\\/schema\\\/logo\\\/image\\\/\",\"url\":\"https:\\\/\\\/www.santafevalores.com\\\/wp-content\\\/uploads\\\/2022\\\/06\\\/logo1.png\",\"contentUrl\":\"https:\\\/\\\/www.santafevalores.com\\\/wp-content\\\/uploads\\\/2022\\\/06\\\/logo1.png\",\"width\":235,\"height\":71,\"caption\":\"Santa Fe Casa de Valores S.A.\"},\"image\":{\"@id\":\"https:\\\/\\\/www.santafevalores.com\\\/#\\\/schema\\\/logo\\\/image\\\/\"},\"sameAs\":[\"https:\\\/\\\/www.facebook.com\\\/santafevalores\\\/\",\"https:\\\/\\\/x.com\\\/SantaFeValores\"]},{\"@type\":\"Person\",\"@id\":\"https:\\\/\\\/www.santafevalores.com\\\/#\\\/schema\\\/person\\\/d965a42370507d0a1638e69158bb5835\",\"name\":\"admin\",\"image\":{\"@type\":\"ImageObject\",\"inLanguage\":\"es\",\"@id\":\"https:\\\/\\\/secure.gravatar.com\\\/avatar\\\/97ec7f9eb6068ddac59d3806ca0034c167fce748f524adcfad8629911220756f?s=96&d=mm&r=g\",\"url\":\"https:\\\/\\\/secure.gravatar.com\\\/avatar\\\/97ec7f9eb6068ddac59d3806ca0034c167fce748f524adcfad8629911220756f?s=96&d=mm&r=g\",\"contentUrl\":\"https:\\\/\\\/secure.gravatar.com\\\/avatar\\\/97ec7f9eb6068ddac59d3806ca0034c167fce748f524adcfad8629911220756f?s=96&d=mm&r=g\",\"caption\":\"admin\"},\"sameAs\":[\"https:\\\/\\\/www.santafevalores.com\"],\"url\":\"https:\\\/\\\/www.santafevalores.com\\\/index.php\\\/author\\\/santafevaloresuio_ggv0vv79\\\/\"}]}<\/script>\n<!-- \/ Yoast SEO plugin. -->","yoast_head_json":{"title":"Convocatoria a Junta General Ordinaria de Accionistas de Corporaci\u00f3n Favorita C. A. - Santa Fe Casa de Valores S.A.","robots":{"index":"index","follow":"follow","max-snippet":"max-snippet:-1","max-image-preview":"max-image-preview:large","max-video-preview":"max-video-preview:-1"},"canonical":"https:\/\/www.santafevalores.com\/index.php\/2023\/04\/25\/sfv20230425tres\/","og_locale":"es_ES","og_type":"article","og_title":"Convocatoria a Junta General Ordinaria de Accionistas de Corporaci\u00f3n Favorita C. A. - Santa Fe Casa de Valores S.A.","og_description":"De conformidad con el Estatuto Social de la empresa, la normativa pertinente, convoco a los se\u00f1ores accionistas de la compa\u00f1\u00eda CORPORACI\u00d3N FAVORITA C. A., a la Junta General Ordinaria que se realizar\u00e1 el mi\u00e9rcoles 26 de abril del 2023, a las 09:00, en el sal\u00f3n Panecillo, segundo piso del CENTRO DE CONVENCIONES METROPOLITANO DE QUITO&hellip;","og_url":"https:\/\/www.santafevalores.com\/index.php\/2023\/04\/25\/sfv20230425tres\/","og_site_name":"Santa Fe Casa de Valores S.A.","article_publisher":"https:\/\/www.facebook.com\/santafevalores\/","article_published_time":"2023-04-25T20:49:05+00:00","article_modified_time":"2023-04-25T21:05:54+00:00","og_image":[{"width":675,"height":350,"url":"https:\/\/www.santafevalores.com\/wp-content\/uploads\/2023\/04\/Feed@0.5x-100.jpg","type":"image\/jpeg"}],"author":"admin","twitter_card":"summary_large_image","twitter_image":"https:\/\/www.santafevalores.com\/wp-content\/uploads\/2023\/04\/Feed@0.5x-100.jpg","twitter_creator":"@SantaFeValores","twitter_site":"@SantaFeValores","twitter_misc":{"Escrito por":"admin","Tiempo de lectura":"3 minutos"},"schema":{"@context":"https:\/\/schema.org","@graph":[{"@type":"Article","@id":"https:\/\/www.santafevalores.com\/index.php\/2023\/04\/25\/sfv20230425tres\/#article","isPartOf":{"@id":"https:\/\/www.santafevalores.com\/index.php\/2023\/04\/25\/sfv20230425tres\/"},"author":{"name":"admin","@id":"https:\/\/www.santafevalores.com\/#\/schema\/person\/d965a42370507d0a1638e69158bb5835"},"headline":"Convocatoria a Junta General Ordinaria de Accionistas de Corporaci\u00f3n Favorita C. A.","datePublished":"2023-04-25T20:49:05+00:00","dateModified":"2023-04-25T21:05:54+00:00","mainEntityOfPage":{"@id":"https:\/\/www.santafevalores.com\/index.php\/2023\/04\/25\/sfv20230425tres\/"},"wordCount":604,"commentCount":0,"publisher":{"@id":"https:\/\/www.santafevalores.com\/#organization"},"image":{"@id":"https:\/\/www.santafevalores.com\/index.php\/2023\/04\/25\/sfv20230425tres\/#primaryimage"},"thumbnailUrl":"https:\/\/www.santafevalores.com\/wp-content\/uploads\/2023\/04\/Feed@0.5x-100.jpg","articleSection":["Uncategorized"],"inLanguage":"es","potentialAction":[{"@type":"CommentAction","name":"Comment","target":["https:\/\/www.santafevalores.com\/index.php\/2023\/04\/25\/sfv20230425tres\/#respond"]}]},{"@type":"WebPage","@id":"https:\/\/www.santafevalores.com\/index.php\/2023\/04\/25\/sfv20230425tres\/","url":"https:\/\/www.santafevalores.com\/index.php\/2023\/04\/25\/sfv20230425tres\/","name":"Convocatoria a Junta General Ordinaria de Accionistas de Corporaci\u00f3n Favorita C. A. - Santa Fe Casa de Valores S.A.","isPartOf":{"@id":"https:\/\/www.santafevalores.com\/#website"},"primaryImageOfPage":{"@id":"https:\/\/www.santafevalores.com\/index.php\/2023\/04\/25\/sfv20230425tres\/#primaryimage"},"image":{"@id":"https:\/\/www.santafevalores.com\/index.php\/2023\/04\/25\/sfv20230425tres\/#primaryimage"},"thumbnailUrl":"https:\/\/www.santafevalores.com\/wp-content\/uploads\/2023\/04\/Feed@0.5x-100.jpg","datePublished":"2023-04-25T20:49:05+00:00","dateModified":"2023-04-25T21:05:54+00:00","breadcrumb":{"@id":"https:\/\/www.santafevalores.com\/index.php\/2023\/04\/25\/sfv20230425tres\/#breadcrumb"},"inLanguage":"es","potentialAction":[{"@type":"ReadAction","target":["https:\/\/www.santafevalores.com\/index.php\/2023\/04\/25\/sfv20230425tres\/"]}]},{"@type":"ImageObject","inLanguage":"es","@id":"https:\/\/www.santafevalores.com\/index.php\/2023\/04\/25\/sfv20230425tres\/#primaryimage","url":"https:\/\/www.santafevalores.com\/wp-content\/uploads\/2023\/04\/Feed@0.5x-100.jpg","contentUrl":"https:\/\/www.santafevalores.com\/wp-content\/uploads\/2023\/04\/Feed@0.5x-100.jpg","width":675,"height":350},{"@type":"BreadcrumbList","@id":"https:\/\/www.santafevalores.com\/index.php\/2023\/04\/25\/sfv20230425tres\/#breadcrumb","itemListElement":[{"@type":"ListItem","position":1,"name":"Portada","item":"https:\/\/www.santafevalores.com\/"},{"@type":"ListItem","position":2,"name":"Convocatoria a Junta General Ordinaria de Accionistas de Corporaci\u00f3n Favorita C. A."}]},{"@type":"WebSite","@id":"https:\/\/www.santafevalores.com\/#website","url":"https:\/\/www.santafevalores.com\/","name":"Santa Fe Casa de Valores S.A.","description":"","publisher":{"@id":"https:\/\/www.santafevalores.com\/#organization"},"potentialAction":[{"@type":"SearchAction","target":{"@type":"EntryPoint","urlTemplate":"https:\/\/www.santafevalores.com\/?s={search_term_string}"},"query-input":{"@type":"PropertyValueSpecification","valueRequired":true,"valueName":"search_term_string"}}],"inLanguage":"es"},{"@type":"Organization","@id":"https:\/\/www.santafevalores.com\/#organization","name":"Santa Fe Casa de Valores S.A.","alternateName":"SANTAFEVALORES","url":"https:\/\/www.santafevalores.com\/","logo":{"@type":"ImageObject","inLanguage":"es","@id":"https:\/\/www.santafevalores.com\/#\/schema\/logo\/image\/","url":"https:\/\/www.santafevalores.com\/wp-content\/uploads\/2022\/06\/logo1.png","contentUrl":"https:\/\/www.santafevalores.com\/wp-content\/uploads\/2022\/06\/logo1.png","width":235,"height":71,"caption":"Santa Fe Casa de Valores S.A."},"image":{"@id":"https:\/\/www.santafevalores.com\/#\/schema\/logo\/image\/"},"sameAs":["https:\/\/www.facebook.com\/santafevalores\/","https:\/\/x.com\/SantaFeValores"]},{"@type":"Person","@id":"https:\/\/www.santafevalores.com\/#\/schema\/person\/d965a42370507d0a1638e69158bb5835","name":"admin","image":{"@type":"ImageObject","inLanguage":"es","@id":"https:\/\/secure.gravatar.com\/avatar\/97ec7f9eb6068ddac59d3806ca0034c167fce748f524adcfad8629911220756f?s=96&d=mm&r=g","url":"https:\/\/secure.gravatar.com\/avatar\/97ec7f9eb6068ddac59d3806ca0034c167fce748f524adcfad8629911220756f?s=96&d=mm&r=g","contentUrl":"https:\/\/secure.gravatar.com\/avatar\/97ec7f9eb6068ddac59d3806ca0034c167fce748f524adcfad8629911220756f?s=96&d=mm&r=g","caption":"admin"},"sameAs":["https:\/\/www.santafevalores.com"],"url":"https:\/\/www.santafevalores.com\/index.php\/author\/santafevaloresuio_ggv0vv79\/"}]}},"_links":{"self":[{"href":"https:\/\/www.santafevalores.com\/index.php\/wp-json\/wp\/v2\/posts\/67696","targetHints":{"allow":["GET"]}}],"collection":[{"href":"https:\/\/www.santafevalores.com\/index.php\/wp-json\/wp\/v2\/posts"}],"about":[{"href":"https:\/\/www.santafevalores.com\/index.php\/wp-json\/wp\/v2\/types\/post"}],"author":[{"embeddable":true,"href":"https:\/\/www.santafevalores.com\/index.php\/wp-json\/wp\/v2\/users\/1"}],"replies":[{"embeddable":true,"href":"https:\/\/www.santafevalores.com\/index.php\/wp-json\/wp\/v2\/comments?post=67696"}],"version-history":[{"count":9,"href":"https:\/\/www.santafevalores.com\/index.php\/wp-json\/wp\/v2\/posts\/67696\/revisions"}],"predecessor-version":[{"id":67711,"href":"https:\/\/www.santafevalores.com\/index.php\/wp-json\/wp\/v2\/posts\/67696\/revisions\/67711"}],"wp:featuredmedia":[{"embeddable":true,"href":"https:\/\/www.santafevalores.com\/index.php\/wp-json\/wp\/v2\/media\/67708"}],"wp:attachment":[{"href":"https:\/\/www.santafevalores.com\/index.php\/wp-json\/wp\/v2\/media?parent=67696"}],"wp:term":[{"taxonomy":"category","embeddable":true,"href":"https:\/\/www.santafevalores.com\/index.php\/wp-json\/wp\/v2\/categories?post=67696"},{"taxonomy":"post_tag","embeddable":true,"href":"https:\/\/www.santafevalores.com\/index.php\/wp-json\/wp\/v2\/tags?post=67696"}],"curies":[{"name":"wp","href":"https:\/\/api.w.org\/{rel}","templated":true}]}}