{"id":67726,"date":"2023-04-25T17:06:07","date_gmt":"2023-04-25T22:06:07","guid":{"rendered":"https:\/\/www.santafevalores.com\/?p=67726"},"modified":"2023-04-25T17:58:41","modified_gmt":"2023-04-25T22:58:41","slug":"sfv20230425cuatro","status":"publish","type":"post","link":"https:\/\/www.santafevalores.com\/index.php\/2023\/04\/25\/sfv20230425cuatro\/","title":{"rendered":"Pron\u00f3sticos de crecimiento econ\u00f3mico para Ecuador acercan al pa\u00eds al 3% en 2023"},"content":{"rendered":"\t\t<div data-elementor-type=\"wp-post\" data-elementor-id=\"67726\" class=\"elementor elementor-67726\" data-elementor-post-type=\"post\">\n\t\t\t\t\t\t<section class=\"elementor-section elementor-top-section elementor-element elementor-element-6dfaa1b elementor-section-boxed elementor-section-height-default elementor-section-height-default\" data-id=\"6dfaa1b\" data-element_type=\"section\" data-e-type=\"section\">\n\t\t\t\t\t\t<div class=\"elementor-container elementor-column-gap-default\">\n\t\t\t\t\t<div class=\"elementor-column elementor-col-100 elementor-top-column elementor-element elementor-element-2119b39\" data-id=\"2119b39\" data-element_type=\"column\" data-e-type=\"column\">\n\t\t\t<div class=\"elementor-widget-wrap elementor-element-populated\">\n\t\t\t\t\t\t<div class=\"elementor-element elementor-element-90857ab elementor-widget elementor-widget-image\" data-id=\"90857ab\" data-element_type=\"widget\" data-e-type=\"widget\" data-widget_type=\"image.default\">\n\t\t\t\t<div class=\"elementor-widget-container\">\n\t\t\t\t\t\t\t\t\t\t\t\t\t\t\t<img fetchpriority=\"high\" decoding=\"async\" width=\"1024\" height=\"683\" src=\"https:\/\/www.santafevalores.com\/wp-content\/uploads\/2023\/04\/KO7AMEINPVCKDHM6ULQ24K4HYA-1024x683.jpg\" class=\"attachment-large size-large wp-image-67732\" alt=\"\" srcset=\"https:\/\/www.santafevalores.com\/wp-content\/uploads\/2023\/04\/KO7AMEINPVCKDHM6ULQ24K4HYA-1024x683.jpg 1024w, https:\/\/www.santafevalores.com\/wp-content\/uploads\/2023\/04\/KO7AMEINPVCKDHM6ULQ24K4HYA-300x200.jpg 300w, https:\/\/www.santafevalores.com\/wp-content\/uploads\/2023\/04\/KO7AMEINPVCKDHM6ULQ24K4HYA-768x513.jpg 768w, https:\/\/www.santafevalores.com\/wp-content\/uploads\/2023\/04\/KO7AMEINPVCKDHM6ULQ24K4HYA.jpg 1440w\" sizes=\"(max-width: 1024px) 100vw, 1024px\" \/>\t\t\t\t\t\t\t\t\t\t\t\t\t\t\t<\/div>\n\t\t\t\t<\/div>\n\t\t\t\t\t<\/div>\n\t\t<\/div>\n\t\t\t\t\t<\/div>\n\t\t<\/section>\n\t\t\t\t<section class=\"elementor-section elementor-top-section elementor-element elementor-element-ec700d6 elementor-section-boxed elementor-section-height-default elementor-section-height-default\" data-id=\"ec700d6\" data-element_type=\"section\" data-e-type=\"section\">\n\t\t\t\t\t\t<div class=\"elementor-container elementor-column-gap-default\">\n\t\t\t\t\t<div class=\"elementor-column elementor-col-100 elementor-top-column elementor-element elementor-element-9fb883f\" data-id=\"9fb883f\" data-element_type=\"column\" data-e-type=\"column\">\n\t\t\t<div class=\"elementor-widget-wrap elementor-element-populated\">\n\t\t\t\t\t\t<div class=\"elementor-element elementor-element-0c3c7fb elementor-widget elementor-widget-text-editor\" data-id=\"0c3c7fb\" data-element_type=\"widget\" data-e-type=\"widget\" data-widget_type=\"text-editor.default\">\n\t\t\t\t<div class=\"elementor-widget-container\">\n\t\t\t\t\t\t\t\t\t<p>Bloomberg L\u00ednea \u2014 Esta semana, el Fondo Monetario Internacional (FMI) <b>entreg\u00f3 una nueva serie de pron\u00f3sticos para las econom\u00edas de Am\u00e9rica Latina y para la regi\u00f3n misma<\/b>, revisando a la baja el desempe\u00f1o de algunos pa\u00edses.<\/p><p>Para la regi\u00f3n, <b>el organismo internacional prev\u00e9 una desaceleraci\u00f3n econ\u00f3mica de un 4,0% en 2022 a un 1,6% en 2023<\/b>, revisando a la baja desde el 1,8% previsto en enero pasado.<br \/>\u201cLas presiones de precios que acompa\u00f1aron la pujante actividad econ\u00f3mica el a\u00f1o pasado parecen ya haber alcanzado su nivel m\u00e1ximo, <b>pero la inflaci\u00f3n subyacente se mantiene en niveles persistentemente elevados, perjudicando de manera desproporcionada a los hogares de ingresos bajos\u201d<\/b>, dijo el organismo.<br \/>Para el Ecuador, justamente, una leve revisi\u00f3n a la baja, <b>fijando un crecimiento del PIB para 2023 en 2,9%, frente al 3,0% de enero<\/b>, mientras que la inflaci\u00f3n para el mismo per\u00edodo ser\u00eda de 2,3% en el pa\u00eds.<\/p><p>Seg\u00fan este \u00faltimo informe de pron\u00f3stico, Ecuador estar\u00eda entre los de mayor expansi\u00f3n econ\u00f3mica este a\u00f1o en Sudam\u00e9rica, <b>estando solo por detr\u00e1s de Venezuela (5,0%) y Paraguay (4,5%), mientras que los otros pa\u00edses crecer\u00e1n 2,4% o menos,<\/b> y Chile tendr\u00eda una contracci\u00f3n de -1,0%.<\/p>\t\t\t\t\t\t\t\t<\/div>\n\t\t\t\t<\/div>\n\t\t\t\t\t<\/div>\n\t\t<\/div>\n\t\t\t\t\t<\/div>\n\t\t<\/section>\n\t\t\t\t<section class=\"elementor-section elementor-top-section elementor-element elementor-element-c7ea527 elementor-section-boxed elementor-section-height-default elementor-section-height-default\" data-id=\"c7ea527\" data-element_type=\"section\" data-e-type=\"section\">\n\t\t\t\t\t\t<div class=\"elementor-container elementor-column-gap-default\">\n\t\t\t\t\t<div class=\"elementor-column elementor-col-100 elementor-top-column elementor-element elementor-element-8b4a346\" data-id=\"8b4a346\" data-element_type=\"column\" data-e-type=\"column\">\n\t\t\t<div class=\"elementor-widget-wrap elementor-element-populated\">\n\t\t\t\t\t\t<div class=\"elementor-element elementor-element-2e27cb1 elementor-widget elementor-widget-image\" data-id=\"2e27cb1\" data-element_type=\"widget\" data-e-type=\"widget\" data-widget_type=\"image.default\">\n\t\t\t\t<div class=\"elementor-widget-container\">\n\t\t\t\t\t\t\t\t\t\t\t\t\t\t\t<img decoding=\"async\" width=\"1024\" height=\"641\" src=\"https:\/\/www.santafevalores.com\/wp-content\/uploads\/2023\/04\/L26IKNVVDU7JHPVGWWT6UPDV5V7U-1024x641.jpg\" class=\"attachment-large size-large wp-image-67653\" alt=\"\" srcset=\"https:\/\/www.santafevalores.com\/wp-content\/uploads\/2023\/04\/L26IKNVVDU7JHPVGWWT6UPDV5V7U-1024x641.jpg 1024w, https:\/\/www.santafevalores.com\/wp-content\/uploads\/2023\/04\/L26IKNVVDU7JHPVGWWT6UPDV5V7U-300x188.jpg 300w, https:\/\/www.santafevalores.com\/wp-content\/uploads\/2023\/04\/L26IKNVVDU7JHPVGWWT6UPDV5V7U-768x481.jpg 768w, https:\/\/www.santafevalores.com\/wp-content\/uploads\/2023\/04\/L26IKNVVDU7JHPVGWWT6UPDV5V7U.jpg 1440w\" sizes=\"(max-width: 1024px) 100vw, 1024px\" \/>\t\t\t\t\t\t\t\t\t\t\t\t\t\t\t<\/div>\n\t\t\t\t<\/div>\n\t\t\t\t\t<\/div>\n\t\t<\/div>\n\t\t\t\t\t<\/div>\n\t\t<\/section>\n\t\t\t\t<section class=\"elementor-section elementor-top-section elementor-element elementor-element-abbc50a elementor-section-boxed elementor-section-height-default elementor-section-height-default\" data-id=\"abbc50a\" data-element_type=\"section\" data-e-type=\"section\">\n\t\t\t\t\t\t<div class=\"elementor-container elementor-column-gap-default\">\n\t\t\t\t\t<div class=\"elementor-column elementor-col-100 elementor-top-column elementor-element elementor-element-241c12f\" data-id=\"241c12f\" data-element_type=\"column\" data-e-type=\"column\">\n\t\t\t<div class=\"elementor-widget-wrap elementor-element-populated\">\n\t\t\t\t\t\t<div class=\"elementor-element elementor-element-1e72865 elementor-widget elementor-widget-text-editor\" data-id=\"1e72865\" data-element_type=\"widget\" data-e-type=\"widget\" data-widget_type=\"text-editor.default\">\n\t\t\t\t<div class=\"elementor-widget-container\">\n\t\t\t\t\t\t\t\t\t<p><b>\u00bfCu\u00e1les son las otras proyecciones?<\/b><\/p>\n<p>La postura del FMI para el pa\u00eds sudamericano es m\u00e1s optimista que la del propio Banco Central del Ecuador, <b>que en su \u00faltima revisi\u00f3n proyect\u00f3 un crecimiento del PIB de 2,6% este a\u00f1o, menor al 3,1% previsto.<\/b><br>As\u00ed mismo, la \u00faltima previsi\u00f3n del Banco Mundial (BM), publicada en los primeros d\u00edas de abril, proyect\u00f3 que la econom\u00eda ecuatoriana crecer\u00e1 3,0% en 2023, <b>tambi\u00e9n con una ligera revisi\u00f3n a la baja de 0,1% frente a la \u00faltima revisi\u00f3n.<\/b><br>William Maloney, jefe para Am\u00e9rica Latina del Banco Mundial, <b>dijo en su momento que la ca\u00edda en el pron\u00f3stico de crecimiento del PIB obedec\u00eda a la reducci\u00f3n en la inversi\u00f3n interna y extranjera,<\/b> como consecuencia tambi\u00e9n de la desaceleraci\u00f3n econ\u00f3mica de los grandes socios comerciales del pa\u00eds.<\/p>\n<p>Entre tanto, la Comisi\u00f3n Econ\u00f3mica para Am\u00e9rica Latina y el Caribe (Cepal), pronostic\u00f3 un crecimiento de tan solo 2,0% en la econom\u00eda del Ecuador en 2023, <b>una revisi\u00f3n de siete puntos porcentuales por debajo del a\u00f1o anterior.<\/b><\/p>\t\t\t\t\t\t\t\t<\/div>\n\t\t\t\t<\/div>\n\t\t\t\t\t<\/div>\n\t\t<\/div>\n\t\t\t\t\t<\/div>\n\t\t<\/section>\n\t\t\t\t<section class=\"elementor-section elementor-top-section elementor-element elementor-element-81b7911 elementor-section-boxed elementor-section-height-default elementor-section-height-default\" data-id=\"81b7911\" data-element_type=\"section\" data-e-type=\"section\">\n\t\t\t\t\t\t<div class=\"elementor-container elementor-column-gap-default\">\n\t\t\t\t\t<div class=\"elementor-column elementor-col-100 elementor-top-column elementor-element elementor-element-244b53d\" data-id=\"244b53d\" data-element_type=\"column\" data-e-type=\"column\">\n\t\t\t<div class=\"elementor-widget-wrap elementor-element-populated\">\n\t\t\t\t\t\t<div class=\"elementor-element elementor-element-ad4a501 elementor-headline--style-highlight elementor-widget elementor-widget-animated-headline\" data-id=\"ad4a501\" data-element_type=\"widget\" data-e-type=\"widget\" data-settings=\"{&quot;highlighted_text&quot;:&quot;reporta Bloomberg&quot;,&quot;headline_style&quot;:&quot;highlight&quot;,&quot;marker&quot;:&quot;circle&quot;,&quot;loop&quot;:&quot;yes&quot;,&quot;highlight_animation_duration&quot;:1200,&quot;highlight_iteration_delay&quot;:8000}\" data-widget_type=\"animated-headline.default\">\n\t\t\t\t<div class=\"elementor-widget-container\">\n\t\t\t\t\t\t\t\t<a href=\"https:\/\/www.bloomberglinea.com\/latinoamerica\/ecuador\/pronosticos-de-crecimiento-economico-para-ecuador-acercan-al-pais-al-3-en-2023\/\" target=\"_blank\">\n\n\t\t\t\t\t<p class=\"elementor-headline\">\n\t\t\t\t\t<span class=\"elementor-headline-plain-text elementor-headline-text-wrapper\">Fuente:<\/span>\n\t\t\t\t<span class=\"elementor-headline-dynamic-wrapper elementor-headline-text-wrapper\">\n\t\t\t\t\t<span class=\"elementor-headline-dynamic-text elementor-headline-text-active\">reporta Bloomberg<\/span>\n\t\t\t\t<\/span>\n\t\t\t\t<\/p>\n\t\t<\/a>\t\t\t\t<\/div>\n\t\t\t\t<\/div>\n\t\t\t\t\t<\/div>\n\t\t<\/div>\n\t\t\t\t\t<\/div>\n\t\t<\/section>\n\t\t\t\t<\/div>\n\t\t","protected":false},"excerpt":{"rendered":"<p>Bloomberg L\u00ednea \u2014 Esta semana, el Fondo Monetario Internacional (FMI) entreg\u00f3 una nueva serie de pron\u00f3sticos para las econom\u00edas de Am\u00e9rica Latina y para la regi\u00f3n misma, revisando a la baja el desempe\u00f1o de algunos pa\u00edses. Para la regi\u00f3n, el organismo internacional prev\u00e9 una desaceleraci\u00f3n econ\u00f3mica de un 4,0% en 2022 a un 1,6% en&hellip;<\/p>\n","protected":false},"author":1,"featured_media":67730,"comment_status":"open","ping_status":"closed","sticky":false,"template":"","format":"standard","meta":{"content-type":"","_joinchat":[],"footnotes":""},"categories":[1],"tags":[],"class_list":["post-67726","post","type-post","status-publish","format-standard","has-post-thumbnail","hentry","category-uncategorized"],"yoast_head":"<!-- This site is optimized with the Yoast SEO plugin v27.5 - https:\/\/yoast.com\/product\/yoast-seo-wordpress\/ -->\n<title>Pron\u00f3sticos de crecimiento econ\u00f3mico para Ecuador acercan al pa\u00eds al 3% en 2023 - Santa Fe Casa de Valores S.A.<\/title>\n<meta name=\"robots\" content=\"index, follow, max-snippet:-1, max-image-preview:large, max-video-preview:-1\" \/>\n<link rel=\"canonical\" href=\"https:\/\/www.santafevalores.com\/index.php\/2023\/04\/25\/sfv20230425cuatro\/\" \/>\n<meta property=\"og:locale\" content=\"es_ES\" \/>\n<meta property=\"og:type\" content=\"article\" \/>\n<meta property=\"og:title\" content=\"Pron\u00f3sticos de crecimiento econ\u00f3mico para Ecuador acercan al pa\u00eds al 3% en 2023 - Santa Fe Casa de Valores S.A.\" \/>\n<meta property=\"og:description\" content=\"Bloomberg L\u00ednea \u2014 Esta semana, el Fondo Monetario Internacional (FMI) entreg\u00f3 una nueva serie de pron\u00f3sticos para las econom\u00edas de Am\u00e9rica Latina y para la regi\u00f3n misma, revisando a la baja el desempe\u00f1o de algunos pa\u00edses. Para la regi\u00f3n, el organismo internacional prev\u00e9 una desaceleraci\u00f3n econ\u00f3mica de un 4,0% en 2022 a un 1,6% en&hellip;\" \/>\n<meta property=\"og:url\" content=\"https:\/\/www.santafevalores.com\/index.php\/2023\/04\/25\/sfv20230425cuatro\/\" \/>\n<meta property=\"og:site_name\" content=\"Santa Fe Casa de Valores S.A.\" \/>\n<meta property=\"article:publisher\" content=\"https:\/\/www.facebook.com\/santafevalores\/\" \/>\n<meta property=\"article:published_time\" content=\"2023-04-25T22:06:07+00:00\" \/>\n<meta property=\"article:modified_time\" content=\"2023-04-25T22:58:41+00:00\" \/>\n<meta property=\"og:image\" content=\"https:\/\/www.santafevalores.com\/wp-content\/uploads\/2023\/04\/DESTACADADOS.jpg\" \/>\n\t<meta property=\"og:image:width\" content=\"400\" \/>\n\t<meta property=\"og:image:height\" content=\"300\" \/>\n\t<meta property=\"og:image:type\" content=\"image\/jpeg\" \/>\n<meta name=\"author\" content=\"admin\" \/>\n<meta name=\"twitter:card\" content=\"summary_large_image\" \/>\n<meta name=\"twitter:image\" content=\"https:\/\/www.santafevalores.com\/wp-content\/uploads\/2023\/04\/DESTACADADOS.jpg\" \/>\n<meta name=\"twitter:creator\" content=\"@SantaFeValores\" \/>\n<meta name=\"twitter:site\" content=\"@SantaFeValores\" \/>\n<meta name=\"twitter:label1\" content=\"Escrito por\" \/>\n\t<meta name=\"twitter:data1\" content=\"admin\" \/>\n\t<meta name=\"twitter:label2\" content=\"Tiempo de lectura\" \/>\n\t<meta name=\"twitter:data2\" content=\"3 minutos\" \/>\n<script type=\"application\/ld+json\" class=\"yoast-schema-graph\">{\"@context\":\"https:\\\/\\\/schema.org\",\"@graph\":[{\"@type\":\"Article\",\"@id\":\"https:\\\/\\\/www.santafevalores.com\\\/index.php\\\/2023\\\/04\\\/25\\\/sfv20230425cuatro\\\/#article\",\"isPartOf\":{\"@id\":\"https:\\\/\\\/www.santafevalores.com\\\/index.php\\\/2023\\\/04\\\/25\\\/sfv20230425cuatro\\\/\"},\"author\":{\"name\":\"admin\",\"@id\":\"https:\\\/\\\/www.santafevalores.com\\\/#\\\/schema\\\/person\\\/d965a42370507d0a1638e69158bb5835\"},\"headline\":\"Pron\u00f3sticos de crecimiento econ\u00f3mico para Ecuador acercan al pa\u00eds al 3% en 2023\",\"datePublished\":\"2023-04-25T22:06:07+00:00\",\"dateModified\":\"2023-04-25T22:58:41+00:00\",\"mainEntityOfPage\":{\"@id\":\"https:\\\/\\\/www.santafevalores.com\\\/index.php\\\/2023\\\/04\\\/25\\\/sfv20230425cuatro\\\/\"},\"wordCount\":414,\"commentCount\":0,\"publisher\":{\"@id\":\"https:\\\/\\\/www.santafevalores.com\\\/#organization\"},\"image\":{\"@id\":\"https:\\\/\\\/www.santafevalores.com\\\/index.php\\\/2023\\\/04\\\/25\\\/sfv20230425cuatro\\\/#primaryimage\"},\"thumbnailUrl\":\"https:\\\/\\\/www.santafevalores.com\\\/wp-content\\\/uploads\\\/2023\\\/04\\\/DESTACADADOS.jpg\",\"articleSection\":[\"Uncategorized\"],\"inLanguage\":\"es\",\"potentialAction\":[{\"@type\":\"CommentAction\",\"name\":\"Comment\",\"target\":[\"https:\\\/\\\/www.santafevalores.com\\\/index.php\\\/2023\\\/04\\\/25\\\/sfv20230425cuatro\\\/#respond\"]}]},{\"@type\":\"WebPage\",\"@id\":\"https:\\\/\\\/www.santafevalores.com\\\/index.php\\\/2023\\\/04\\\/25\\\/sfv20230425cuatro\\\/\",\"url\":\"https:\\\/\\\/www.santafevalores.com\\\/index.php\\\/2023\\\/04\\\/25\\\/sfv20230425cuatro\\\/\",\"name\":\"Pron\u00f3sticos de crecimiento econ\u00f3mico para Ecuador acercan al pa\u00eds al 3% en 2023 - Santa Fe Casa de Valores S.A.\",\"isPartOf\":{\"@id\":\"https:\\\/\\\/www.santafevalores.com\\\/#website\"},\"primaryImageOfPage\":{\"@id\":\"https:\\\/\\\/www.santafevalores.com\\\/index.php\\\/2023\\\/04\\\/25\\\/sfv20230425cuatro\\\/#primaryimage\"},\"image\":{\"@id\":\"https:\\\/\\\/www.santafevalores.com\\\/index.php\\\/2023\\\/04\\\/25\\\/sfv20230425cuatro\\\/#primaryimage\"},\"thumbnailUrl\":\"https:\\\/\\\/www.santafevalores.com\\\/wp-content\\\/uploads\\\/2023\\\/04\\\/DESTACADADOS.jpg\",\"datePublished\":\"2023-04-25T22:06:07+00:00\",\"dateModified\":\"2023-04-25T22:58:41+00:00\",\"breadcrumb\":{\"@id\":\"https:\\\/\\\/www.santafevalores.com\\\/index.php\\\/2023\\\/04\\\/25\\\/sfv20230425cuatro\\\/#breadcrumb\"},\"inLanguage\":\"es\",\"potentialAction\":[{\"@type\":\"ReadAction\",\"target\":[\"https:\\\/\\\/www.santafevalores.com\\\/index.php\\\/2023\\\/04\\\/25\\\/sfv20230425cuatro\\\/\"]}]},{\"@type\":\"ImageObject\",\"inLanguage\":\"es\",\"@id\":\"https:\\\/\\\/www.santafevalores.com\\\/index.php\\\/2023\\\/04\\\/25\\\/sfv20230425cuatro\\\/#primaryimage\",\"url\":\"https:\\\/\\\/www.santafevalores.com\\\/wp-content\\\/uploads\\\/2023\\\/04\\\/DESTACADADOS.jpg\",\"contentUrl\":\"https:\\\/\\\/www.santafevalores.com\\\/wp-content\\\/uploads\\\/2023\\\/04\\\/DESTACADADOS.jpg\",\"width\":400,\"height\":300},{\"@type\":\"BreadcrumbList\",\"@id\":\"https:\\\/\\\/www.santafevalores.com\\\/index.php\\\/2023\\\/04\\\/25\\\/sfv20230425cuatro\\\/#breadcrumb\",\"itemListElement\":[{\"@type\":\"ListItem\",\"position\":1,\"name\":\"Portada\",\"item\":\"https:\\\/\\\/www.santafevalores.com\\\/\"},{\"@type\":\"ListItem\",\"position\":2,\"name\":\"Pron\u00f3sticos de crecimiento econ\u00f3mico para Ecuador acercan al pa\u00eds al 3% en 2023\"}]},{\"@type\":\"WebSite\",\"@id\":\"https:\\\/\\\/www.santafevalores.com\\\/#website\",\"url\":\"https:\\\/\\\/www.santafevalores.com\\\/\",\"name\":\"Santa Fe Casa de Valores S.A.\",\"description\":\"\",\"publisher\":{\"@id\":\"https:\\\/\\\/www.santafevalores.com\\\/#organization\"},\"potentialAction\":[{\"@type\":\"SearchAction\",\"target\":{\"@type\":\"EntryPoint\",\"urlTemplate\":\"https:\\\/\\\/www.santafevalores.com\\\/?s={search_term_string}\"},\"query-input\":{\"@type\":\"PropertyValueSpecification\",\"valueRequired\":true,\"valueName\":\"search_term_string\"}}],\"inLanguage\":\"es\"},{\"@type\":\"Organization\",\"@id\":\"https:\\\/\\\/www.santafevalores.com\\\/#organization\",\"name\":\"Santa Fe Casa de Valores S.A.\",\"alternateName\":\"SANTAFEVALORES\",\"url\":\"https:\\\/\\\/www.santafevalores.com\\\/\",\"logo\":{\"@type\":\"ImageObject\",\"inLanguage\":\"es\",\"@id\":\"https:\\\/\\\/www.santafevalores.com\\\/#\\\/schema\\\/logo\\\/image\\\/\",\"url\":\"https:\\\/\\\/www.santafevalores.com\\\/wp-content\\\/uploads\\\/2022\\\/06\\\/logo1.png\",\"contentUrl\":\"https:\\\/\\\/www.santafevalores.com\\\/wp-content\\\/uploads\\\/2022\\\/06\\\/logo1.png\",\"width\":235,\"height\":71,\"caption\":\"Santa Fe Casa de Valores S.A.\"},\"image\":{\"@id\":\"https:\\\/\\\/www.santafevalores.com\\\/#\\\/schema\\\/logo\\\/image\\\/\"},\"sameAs\":[\"https:\\\/\\\/www.facebook.com\\\/santafevalores\\\/\",\"https:\\\/\\\/x.com\\\/SantaFeValores\"]},{\"@type\":\"Person\",\"@id\":\"https:\\\/\\\/www.santafevalores.com\\\/#\\\/schema\\\/person\\\/d965a42370507d0a1638e69158bb5835\",\"name\":\"admin\",\"image\":{\"@type\":\"ImageObject\",\"inLanguage\":\"es\",\"@id\":\"https:\\\/\\\/secure.gravatar.com\\\/avatar\\\/97ec7f9eb6068ddac59d3806ca0034c167fce748f524adcfad8629911220756f?s=96&d=mm&r=g\",\"url\":\"https:\\\/\\\/secure.gravatar.com\\\/avatar\\\/97ec7f9eb6068ddac59d3806ca0034c167fce748f524adcfad8629911220756f?s=96&d=mm&r=g\",\"contentUrl\":\"https:\\\/\\\/secure.gravatar.com\\\/avatar\\\/97ec7f9eb6068ddac59d3806ca0034c167fce748f524adcfad8629911220756f?s=96&d=mm&r=g\",\"caption\":\"admin\"},\"sameAs\":[\"https:\\\/\\\/www.santafevalores.com\"],\"url\":\"https:\\\/\\\/www.santafevalores.com\\\/index.php\\\/author\\\/santafevaloresuio_ggv0vv79\\\/\"}]}<\/script>\n<!-- \/ Yoast SEO plugin. -->","yoast_head_json":{"title":"Pron\u00f3sticos de crecimiento econ\u00f3mico para Ecuador acercan al pa\u00eds al 3% en 2023 - Santa Fe Casa de Valores S.A.","robots":{"index":"index","follow":"follow","max-snippet":"max-snippet:-1","max-image-preview":"max-image-preview:large","max-video-preview":"max-video-preview:-1"},"canonical":"https:\/\/www.santafevalores.com\/index.php\/2023\/04\/25\/sfv20230425cuatro\/","og_locale":"es_ES","og_type":"article","og_title":"Pron\u00f3sticos de crecimiento econ\u00f3mico para Ecuador acercan al pa\u00eds al 3% en 2023 - Santa Fe Casa de Valores S.A.","og_description":"Bloomberg L\u00ednea \u2014 Esta semana, el Fondo Monetario Internacional (FMI) entreg\u00f3 una nueva serie de pron\u00f3sticos para las econom\u00edas de Am\u00e9rica Latina y para la regi\u00f3n misma, revisando a la baja el desempe\u00f1o de algunos pa\u00edses. Para la regi\u00f3n, el organismo internacional prev\u00e9 una desaceleraci\u00f3n econ\u00f3mica de un 4,0% en 2022 a un 1,6% en&hellip;","og_url":"https:\/\/www.santafevalores.com\/index.php\/2023\/04\/25\/sfv20230425cuatro\/","og_site_name":"Santa Fe Casa de Valores S.A.","article_publisher":"https:\/\/www.facebook.com\/santafevalores\/","article_published_time":"2023-04-25T22:06:07+00:00","article_modified_time":"2023-04-25T22:58:41+00:00","og_image":[{"width":400,"height":300,"url":"https:\/\/www.santafevalores.com\/wp-content\/uploads\/2023\/04\/DESTACADADOS.jpg","type":"image\/jpeg"}],"author":"admin","twitter_card":"summary_large_image","twitter_image":"https:\/\/www.santafevalores.com\/wp-content\/uploads\/2023\/04\/DESTACADADOS.jpg","twitter_creator":"@SantaFeValores","twitter_site":"@SantaFeValores","twitter_misc":{"Escrito por":"admin","Tiempo de lectura":"3 minutos"},"schema":{"@context":"https:\/\/schema.org","@graph":[{"@type":"Article","@id":"https:\/\/www.santafevalores.com\/index.php\/2023\/04\/25\/sfv20230425cuatro\/#article","isPartOf":{"@id":"https:\/\/www.santafevalores.com\/index.php\/2023\/04\/25\/sfv20230425cuatro\/"},"author":{"name":"admin","@id":"https:\/\/www.santafevalores.com\/#\/schema\/person\/d965a42370507d0a1638e69158bb5835"},"headline":"Pron\u00f3sticos de crecimiento econ\u00f3mico para Ecuador acercan al pa\u00eds al 3% en 2023","datePublished":"2023-04-25T22:06:07+00:00","dateModified":"2023-04-25T22:58:41+00:00","mainEntityOfPage":{"@id":"https:\/\/www.santafevalores.com\/index.php\/2023\/04\/25\/sfv20230425cuatro\/"},"wordCount":414,"commentCount":0,"publisher":{"@id":"https:\/\/www.santafevalores.com\/#organization"},"image":{"@id":"https:\/\/www.santafevalores.com\/index.php\/2023\/04\/25\/sfv20230425cuatro\/#primaryimage"},"thumbnailUrl":"https:\/\/www.santafevalores.com\/wp-content\/uploads\/2023\/04\/DESTACADADOS.jpg","articleSection":["Uncategorized"],"inLanguage":"es","potentialAction":[{"@type":"CommentAction","name":"Comment","target":["https:\/\/www.santafevalores.com\/index.php\/2023\/04\/25\/sfv20230425cuatro\/#respond"]}]},{"@type":"WebPage","@id":"https:\/\/www.santafevalores.com\/index.php\/2023\/04\/25\/sfv20230425cuatro\/","url":"https:\/\/www.santafevalores.com\/index.php\/2023\/04\/25\/sfv20230425cuatro\/","name":"Pron\u00f3sticos de crecimiento econ\u00f3mico para Ecuador acercan al pa\u00eds al 3% en 2023 - Santa Fe Casa de Valores S.A.","isPartOf":{"@id":"https:\/\/www.santafevalores.com\/#website"},"primaryImageOfPage":{"@id":"https:\/\/www.santafevalores.com\/index.php\/2023\/04\/25\/sfv20230425cuatro\/#primaryimage"},"image":{"@id":"https:\/\/www.santafevalores.com\/index.php\/2023\/04\/25\/sfv20230425cuatro\/#primaryimage"},"thumbnailUrl":"https:\/\/www.santafevalores.com\/wp-content\/uploads\/2023\/04\/DESTACADADOS.jpg","datePublished":"2023-04-25T22:06:07+00:00","dateModified":"2023-04-25T22:58:41+00:00","breadcrumb":{"@id":"https:\/\/www.santafevalores.com\/index.php\/2023\/04\/25\/sfv20230425cuatro\/#breadcrumb"},"inLanguage":"es","potentialAction":[{"@type":"ReadAction","target":["https:\/\/www.santafevalores.com\/index.php\/2023\/04\/25\/sfv20230425cuatro\/"]}]},{"@type":"ImageObject","inLanguage":"es","@id":"https:\/\/www.santafevalores.com\/index.php\/2023\/04\/25\/sfv20230425cuatro\/#primaryimage","url":"https:\/\/www.santafevalores.com\/wp-content\/uploads\/2023\/04\/DESTACADADOS.jpg","contentUrl":"https:\/\/www.santafevalores.com\/wp-content\/uploads\/2023\/04\/DESTACADADOS.jpg","width":400,"height":300},{"@type":"BreadcrumbList","@id":"https:\/\/www.santafevalores.com\/index.php\/2023\/04\/25\/sfv20230425cuatro\/#breadcrumb","itemListElement":[{"@type":"ListItem","position":1,"name":"Portada","item":"https:\/\/www.santafevalores.com\/"},{"@type":"ListItem","position":2,"name":"Pron\u00f3sticos de crecimiento econ\u00f3mico para Ecuador acercan al pa\u00eds al 3% en 2023"}]},{"@type":"WebSite","@id":"https:\/\/www.santafevalores.com\/#website","url":"https:\/\/www.santafevalores.com\/","name":"Santa Fe Casa de Valores S.A.","description":"","publisher":{"@id":"https:\/\/www.santafevalores.com\/#organization"},"potentialAction":[{"@type":"SearchAction","target":{"@type":"EntryPoint","urlTemplate":"https:\/\/www.santafevalores.com\/?s={search_term_string}"},"query-input":{"@type":"PropertyValueSpecification","valueRequired":true,"valueName":"search_term_string"}}],"inLanguage":"es"},{"@type":"Organization","@id":"https:\/\/www.santafevalores.com\/#organization","name":"Santa Fe Casa de Valores S.A.","alternateName":"SANTAFEVALORES","url":"https:\/\/www.santafevalores.com\/","logo":{"@type":"ImageObject","inLanguage":"es","@id":"https:\/\/www.santafevalores.com\/#\/schema\/logo\/image\/","url":"https:\/\/www.santafevalores.com\/wp-content\/uploads\/2022\/06\/logo1.png","contentUrl":"https:\/\/www.santafevalores.com\/wp-content\/uploads\/2022\/06\/logo1.png","width":235,"height":71,"caption":"Santa Fe Casa de Valores S.A."},"image":{"@id":"https:\/\/www.santafevalores.com\/#\/schema\/logo\/image\/"},"sameAs":["https:\/\/www.facebook.com\/santafevalores\/","https:\/\/x.com\/SantaFeValores"]},{"@type":"Person","@id":"https:\/\/www.santafevalores.com\/#\/schema\/person\/d965a42370507d0a1638e69158bb5835","name":"admin","image":{"@type":"ImageObject","inLanguage":"es","@id":"https:\/\/secure.gravatar.com\/avatar\/97ec7f9eb6068ddac59d3806ca0034c167fce748f524adcfad8629911220756f?s=96&d=mm&r=g","url":"https:\/\/secure.gravatar.com\/avatar\/97ec7f9eb6068ddac59d3806ca0034c167fce748f524adcfad8629911220756f?s=96&d=mm&r=g","contentUrl":"https:\/\/secure.gravatar.com\/avatar\/97ec7f9eb6068ddac59d3806ca0034c167fce748f524adcfad8629911220756f?s=96&d=mm&r=g","caption":"admin"},"sameAs":["https:\/\/www.santafevalores.com"],"url":"https:\/\/www.santafevalores.com\/index.php\/author\/santafevaloresuio_ggv0vv79\/"}]}},"_links":{"self":[{"href":"https:\/\/www.santafevalores.com\/index.php\/wp-json\/wp\/v2\/posts\/67726","targetHints":{"allow":["GET"]}}],"collection":[{"href":"https:\/\/www.santafevalores.com\/index.php\/wp-json\/wp\/v2\/posts"}],"about":[{"href":"https:\/\/www.santafevalores.com\/index.php\/wp-json\/wp\/v2\/types\/post"}],"author":[{"embeddable":true,"href":"https:\/\/www.santafevalores.com\/index.php\/wp-json\/wp\/v2\/users\/1"}],"replies":[{"embeddable":true,"href":"https:\/\/www.santafevalores.com\/index.php\/wp-json\/wp\/v2\/comments?post=67726"}],"version-history":[{"count":14,"href":"https:\/\/www.santafevalores.com\/index.php\/wp-json\/wp\/v2\/posts\/67726\/revisions"}],"predecessor-version":[{"id":67745,"href":"https:\/\/www.santafevalores.com\/index.php\/wp-json\/wp\/v2\/posts\/67726\/revisions\/67745"}],"wp:featuredmedia":[{"embeddable":true,"href":"https:\/\/www.santafevalores.com\/index.php\/wp-json\/wp\/v2\/media\/67730"}],"wp:attachment":[{"href":"https:\/\/www.santafevalores.com\/index.php\/wp-json\/wp\/v2\/media?parent=67726"}],"wp:term":[{"taxonomy":"category","embeddable":true,"href":"https:\/\/www.santafevalores.com\/index.php\/wp-json\/wp\/v2\/categories?post=67726"},{"taxonomy":"post_tag","embeddable":true,"href":"https:\/\/www.santafevalores.com\/index.php\/wp-json\/wp\/v2\/tags?post=67726"}],"curies":[{"name":"wp","href":"https:\/\/api.w.org\/{rel}","templated":true}]}}