{"id":68246,"date":"2023-08-31T12:47:29","date_gmt":"2023-08-31T17:47:29","guid":{"rendered":"https:\/\/www.santafevalores.com\/?p=68246"},"modified":"2023-08-31T13:47:51","modified_gmt":"2023-08-31T18:47:51","slug":"sfv20230831","status":"publish","type":"post","link":"https:\/\/www.santafevalores.com\/index.php\/2023\/08\/31\/sfv20230831\/","title":{"rendered":"Econom\u00eda de Ecuador crecer\u00eda 1,1% en 2023, seg\u00fan encuesta"},"content":{"rendered":"\t\t<div data-elementor-type=\"wp-post\" data-elementor-id=\"68246\" class=\"elementor elementor-68246\" data-elementor-post-type=\"post\">\n\t\t\t\t\t\t<section class=\"elementor-section elementor-top-section elementor-element elementor-element-f6c400f elementor-section-boxed elementor-section-height-default elementor-section-height-default\" data-id=\"f6c400f\" data-element_type=\"section\" data-e-type=\"section\">\n\t\t\t\t\t\t<div class=\"elementor-container elementor-column-gap-default\">\n\t\t\t\t\t<div class=\"elementor-column elementor-col-100 elementor-top-column elementor-element elementor-element-a7ef290\" data-id=\"a7ef290\" data-element_type=\"column\" data-e-type=\"column\">\n\t\t\t<div class=\"elementor-widget-wrap elementor-element-populated\">\n\t\t\t\t\t\t<div class=\"elementor-element elementor-element-371e923 elementor-widget elementor-widget-image\" data-id=\"371e923\" data-element_type=\"widget\" data-e-type=\"widget\" data-widget_type=\"image.default\">\n\t\t\t\t<div class=\"elementor-widget-container\">\n\t\t\t\t\t\t\t\t\t\t\t\t\t\t\t<img fetchpriority=\"high\" decoding=\"async\" width=\"1024\" height=\"784\" src=\"https:\/\/www.santafevalores.com\/wp-content\/uploads\/2023\/08\/F1MUKQ675MBDDRADIJAS4YCCR3I-1024x784.jpg\" class=\"attachment-large size-large wp-image-68261\" alt=\"\" srcset=\"https:\/\/www.santafevalores.com\/wp-content\/uploads\/2023\/08\/F1MUKQ675MBDDRADIJAS4YCCR3I-1024x784.jpg 1024w, https:\/\/www.santafevalores.com\/wp-content\/uploads\/2023\/08\/F1MUKQ675MBDDRADIJAS4YCCR3I-300x230.jpg 300w, https:\/\/www.santafevalores.com\/wp-content\/uploads\/2023\/08\/F1MUKQ675MBDDRADIJAS4YCCR3I-768x588.jpg 768w, https:\/\/www.santafevalores.com\/wp-content\/uploads\/2023\/08\/F1MUKQ675MBDDRADIJAS4YCCR3I.jpg 1440w\" sizes=\"(max-width: 1024px) 100vw, 1024px\" \/>\t\t\t\t\t\t\t\t\t\t\t\t\t\t\t<\/div>\n\t\t\t\t<\/div>\n\t\t\t\t\t<\/div>\n\t\t<\/div>\n\t\t\t\t\t<\/div>\n\t\t<\/section>\n\t\t\t\t<section class=\"elementor-section elementor-top-section elementor-element elementor-element-15d39e6 elementor-section-boxed elementor-section-height-default elementor-section-height-default\" data-id=\"15d39e6\" data-element_type=\"section\" data-e-type=\"section\">\n\t\t\t\t\t\t<div class=\"elementor-container elementor-column-gap-default\">\n\t\t\t\t\t<div class=\"elementor-column elementor-col-100 elementor-top-column elementor-element elementor-element-33d859e\" data-id=\"33d859e\" data-element_type=\"column\" data-e-type=\"column\">\n\t\t\t<div class=\"elementor-widget-wrap elementor-element-populated\">\n\t\t\t\t\t\t<div class=\"elementor-element elementor-element-11fa7cf elementor-widget elementor-widget-text-editor\" data-id=\"11fa7cf\" data-element_type=\"widget\" data-e-type=\"widget\" data-widget_type=\"text-editor.default\">\n\t\t\t\t<div class=\"elementor-widget-container\">\n\t\t\t\t\t\t\t\t\t<p>Bloomberg L\u00ednea \u2014 La nueva Encuesta de Expertos de la Econom\u00eda de Ecuador, realizada en agosto, reflej\u00f3 una ca\u00edda en la proyecci\u00f3n de crecimiento del Producto Interno Bruto (PIB) para 2023, frente a los resultados de julio.<\/p><p>El consenso de los 22 analistas consultados, se\u00f1al\u00f3 que <b>el crecimiento econ\u00f3mico de Ecuador ser\u00e1 de 1,1% en 2023<\/b>, frente al 1,5% proyectado en la encuesta de Expertos de la Econom\u00eda de julio.<\/p><p>As\u00ed mismo, se se\u00f1al\u00f3 que la econom\u00eda <b>\u201cse estar\u00eda expandiendo a una tasa del 1,3% en el tercer trimestre, con respecto a un a\u00f1o atr\u00e1s\u201d.<\/b><\/p><p>Estos resultados se dan en medio de un panorama pol\u00edtico inquietante en el pa\u00eds, despu\u00e9s de la aplicaci\u00f3n de la muerte cruzada en mayo, por parte del presidente Guillermo Lasso, y tras la realizaci\u00f3n de las elecciones generales anticipadas del pasado 20 de agosto, tras las cuales el pa\u00eds espera la realizaci\u00f3n de una segunda vuelta presidencial.<\/p>\t\t\t\t\t\t\t\t<\/div>\n\t\t\t\t<\/div>\n\t\t\t\t\t<\/div>\n\t\t<\/div>\n\t\t\t\t\t<\/div>\n\t\t<\/section>\n\t\t\t\t<section class=\"elementor-section elementor-top-section elementor-element elementor-element-0676b58 elementor-section-boxed elementor-section-height-default elementor-section-height-default\" data-id=\"0676b58\" data-element_type=\"section\" data-e-type=\"section\">\n\t\t\t\t\t\t<div class=\"elementor-container elementor-column-gap-default\">\n\t\t\t\t\t<div class=\"elementor-column elementor-col-100 elementor-top-column elementor-element elementor-element-e6dd1f1\" data-id=\"e6dd1f1\" data-element_type=\"column\" data-e-type=\"column\">\n\t\t\t<div class=\"elementor-widget-wrap elementor-element-populated\">\n\t\t\t\t\t\t<div class=\"elementor-element elementor-element-40372dc elementor-widget elementor-widget-image\" data-id=\"40372dc\" data-element_type=\"widget\" data-e-type=\"widget\" data-widget_type=\"image.default\">\n\t\t\t\t<div class=\"elementor-widget-container\">\n\t\t\t\t\t\t\t\t\t\t\t\t\t\t\t<img decoding=\"async\" width=\"1024\" height=\"592\" src=\"https:\/\/www.santafevalores.com\/wp-content\/uploads\/2023\/08\/J2VUXYDT4YFEW5GDDQNHEVOWHBQ-1024x592.png\" class=\"attachment-large size-large wp-image-68250\" alt=\"\" srcset=\"https:\/\/www.santafevalores.com\/wp-content\/uploads\/2023\/08\/J2VUXYDT4YFEW5GDDQNHEVOWHBQ-1024x592.png 1024w, https:\/\/www.santafevalores.com\/wp-content\/uploads\/2023\/08\/J2VUXYDT4YFEW5GDDQNHEVOWHBQ-300x174.png 300w, https:\/\/www.santafevalores.com\/wp-content\/uploads\/2023\/08\/J2VUXYDT4YFEW5GDDQNHEVOWHBQ-768x444.png 768w, https:\/\/www.santafevalores.com\/wp-content\/uploads\/2023\/08\/J2VUXYDT4YFEW5GDDQNHEVOWHBQ.png 1440w\" sizes=\"(max-width: 1024px) 100vw, 1024px\" \/>\t\t\t\t\t\t\t\t\t\t\t\t\t\t\t<\/div>\n\t\t\t\t<\/div>\n\t\t\t\t\t<\/div>\n\t\t<\/div>\n\t\t\t\t\t<\/div>\n\t\t<\/section>\n\t\t\t\t<section class=\"elementor-section elementor-top-section elementor-element elementor-element-653018b elementor-section-boxed elementor-section-height-default elementor-section-height-default\" data-id=\"653018b\" data-element_type=\"section\" data-e-type=\"section\">\n\t\t\t\t\t\t<div class=\"elementor-container elementor-column-gap-default\">\n\t\t\t\t\t<div class=\"elementor-column elementor-col-100 elementor-top-column elementor-element elementor-element-f684843\" data-id=\"f684843\" data-element_type=\"column\" data-e-type=\"column\">\n\t\t\t<div class=\"elementor-widget-wrap elementor-element-populated\">\n\t\t\t\t\t\t<div class=\"elementor-element elementor-element-af81590 elementor-widget elementor-widget-text-editor\" data-id=\"af81590\" data-element_type=\"widget\" data-e-type=\"widget\" data-widget_type=\"text-editor.default\">\n\t\t\t\t<div class=\"elementor-widget-container\">\n\t\t\t\t\t\t\t\t\t<p>Tasa de crecimiento del PIB para 2023(Fuente: Encuesta de Previsiones Econ\u00f3micas del Ecuador)<\/p>\n<p>En enero, <b>los expertos consultados para esta encuesta llegaron a un consenso del crecimiento del PIB ecuatoriano de 2,5%<\/b>, es decir que las expectativas de crecimiento han ca\u00eddo 1,4% en ocho meses.<br><b>\u00bfQu\u00e9 se espera en otros indicadores?<\/b><\/p>\n<p>Para cerrar el a\u00f1o, el consenso de los analistas se\u00f1ala que la inflaci\u00f3n del pa\u00eds se ubicar\u00eda en 2,0%, un indicador estable para el pa\u00eds y dentro del rango meta del Banco Central.<\/p>\t\t\t\t\t\t\t\t<\/div>\n\t\t\t\t<\/div>\n\t\t\t\t\t<\/div>\n\t\t<\/div>\n\t\t\t\t\t<\/div>\n\t\t<\/section>\n\t\t\t\t<section class=\"elementor-section elementor-top-section elementor-element elementor-element-72e188d elementor-section-boxed elementor-section-height-default elementor-section-height-default\" data-id=\"72e188d\" data-element_type=\"section\" data-e-type=\"section\">\n\t\t\t\t\t\t<div class=\"elementor-container elementor-column-gap-default\">\n\t\t\t\t\t<div class=\"elementor-column elementor-col-100 elementor-top-column elementor-element elementor-element-6fec9f6\" data-id=\"6fec9f6\" data-element_type=\"column\" data-e-type=\"column\">\n\t\t\t<div class=\"elementor-widget-wrap elementor-element-populated\">\n\t\t\t\t\t\t<div class=\"elementor-element elementor-element-217b01b elementor-widget elementor-widget-image\" data-id=\"217b01b\" data-element_type=\"widget\" data-e-type=\"widget\" data-widget_type=\"image.default\">\n\t\t\t\t<div class=\"elementor-widget-container\">\n\t\t\t\t\t\t\t\t\t\t\t\t\t\t\t<img decoding=\"async\" width=\"675\" height=\"1024\" src=\"https:\/\/www.santafevalores.com\/wp-content\/uploads\/2023\/08\/N37JK7JR2LZAQVO6G7HNPY4QQSI-675x1024.png\" class=\"attachment-large size-large wp-image-68251\" alt=\"\" srcset=\"https:\/\/www.santafevalores.com\/wp-content\/uploads\/2023\/08\/N37JK7JR2LZAQVO6G7HNPY4QQSI-675x1024.png 675w, https:\/\/www.santafevalores.com\/wp-content\/uploads\/2023\/08\/N37JK7JR2LZAQVO6G7HNPY4QQSI-198x300.png 198w, https:\/\/www.santafevalores.com\/wp-content\/uploads\/2023\/08\/N37JK7JR2LZAQVO6G7HNPY4QQSI-768x1164.png 768w, https:\/\/www.santafevalores.com\/wp-content\/uploads\/2023\/08\/N37JK7JR2LZAQVO6G7HNPY4QQSI-1013x1536.png 1013w, https:\/\/www.santafevalores.com\/wp-content\/uploads\/2023\/08\/N37JK7JR2LZAQVO6G7HNPY4QQSI-1351x2048.png 1351w, https:\/\/www.santafevalores.com\/wp-content\/uploads\/2023\/08\/N37JK7JR2LZAQVO6G7HNPY4QQSI.png 1440w\" sizes=\"(max-width: 675px) 100vw, 675px\" \/>\t\t\t\t\t\t\t\t\t\t\t\t\t\t\t<\/div>\n\t\t\t\t<\/div>\n\t\t\t\t\t<\/div>\n\t\t<\/div>\n\t\t\t\t\t<\/div>\n\t\t<\/section>\n\t\t\t\t<section class=\"elementor-section elementor-top-section elementor-element elementor-element-56aa564 elementor-section-boxed elementor-section-height-default elementor-section-height-default\" data-id=\"56aa564\" data-element_type=\"section\" data-e-type=\"section\">\n\t\t\t\t\t\t<div class=\"elementor-container elementor-column-gap-default\">\n\t\t\t\t\t<div class=\"elementor-column elementor-col-100 elementor-top-column elementor-element elementor-element-e547f50\" data-id=\"e547f50\" data-element_type=\"column\" data-e-type=\"column\">\n\t\t\t<div class=\"elementor-widget-wrap elementor-element-populated\">\n\t\t\t\t\t\t<div class=\"elementor-element elementor-element-3d85bd5 elementor-widget elementor-widget-text-editor\" data-id=\"3d85bd5\" data-element_type=\"widget\" data-e-type=\"widget\" data-widget_type=\"text-editor.default\">\n\t\t\t\t<div class=\"elementor-widget-container\">\n\t\t\t\t\t\t\t\t\t<p>Adem\u00e1s, <b>\u201cse espera un precio promedio del petr\u00f3leo de US$75 por barril, un d\u00e9ficit fiscal del 2,0% del PIB y un riesgo pa\u00eds promedio en diciembre de 1.850 puntos\u201d.<\/b><\/p>\n<p>Por \u00faltimo, se habla de una tasa de empleo adecuado del 34% para el cierre del a\u00f1o, 0,1 puntos porcentuales m\u00e1s bajo que el mes anterior (julio).<\/p>\t\t\t\t\t\t\t\t<\/div>\n\t\t\t\t<\/div>\n\t\t\t\t\t<\/div>\n\t\t<\/div>\n\t\t\t\t\t<\/div>\n\t\t<\/section>\n\t\t\t\t<section class=\"elementor-section elementor-top-section elementor-element elementor-element-73ae847 elementor-section-boxed elementor-section-height-default elementor-section-height-default\" data-id=\"73ae847\" data-element_type=\"section\" data-e-type=\"section\">\n\t\t\t\t\t\t<div class=\"elementor-container elementor-column-gap-default\">\n\t\t\t\t\t<div class=\"elementor-column elementor-col-100 elementor-top-column elementor-element elementor-element-35eff0d\" data-id=\"35eff0d\" data-element_type=\"column\" data-e-type=\"column\">\n\t\t\t<div class=\"elementor-widget-wrap elementor-element-populated\">\n\t\t\t\t\t\t<div class=\"elementor-element elementor-element-838f058 elementor-headline--style-highlight elementor-widget elementor-widget-animated-headline\" data-id=\"838f058\" data-element_type=\"widget\" data-e-type=\"widget\" data-settings=\"{&quot;highlighted_text&quot;:&quot;reporta Bloomberg&quot;,&quot;headline_style&quot;:&quot;highlight&quot;,&quot;marker&quot;:&quot;circle&quot;,&quot;loop&quot;:&quot;yes&quot;,&quot;highlight_animation_duration&quot;:1200,&quot;highlight_iteration_delay&quot;:8000}\" data-widget_type=\"animated-headline.default\">\n\t\t\t\t<div class=\"elementor-widget-container\">\n\t\t\t\t\t\t\t\t<a href=\"https:\/\/www.bloomberglinea.com\/latinoamerica\/ecuador\/economia-de-ecuador-creceria-11-en-2023-segun-encuesta\/\" target=\"_blank\">\n\n\t\t\t\t\t<p class=\"elementor-headline\">\n\t\t\t\t\t<span class=\"elementor-headline-plain-text elementor-headline-text-wrapper\">Fuente:<\/span>\n\t\t\t\t<span class=\"elementor-headline-dynamic-wrapper elementor-headline-text-wrapper\">\n\t\t\t\t\t<span class=\"elementor-headline-dynamic-text elementor-headline-text-active\">reporta Bloomberg<\/span>\n\t\t\t\t<\/span>\n\t\t\t\t<\/p>\n\t\t<\/a>\t\t\t\t<\/div>\n\t\t\t\t<\/div>\n\t\t\t\t\t<\/div>\n\t\t<\/div>\n\t\t\t\t\t<\/div>\n\t\t<\/section>\n\t\t\t\t<\/div>\n\t\t","protected":false},"excerpt":{"rendered":"<p>Bloomberg L\u00ednea \u2014 La nueva Encuesta de Expertos de la Econom\u00eda de Ecuador, realizada en agosto, reflej\u00f3 una ca\u00edda en la proyecci\u00f3n de crecimiento del Producto Interno Bruto (PIB) para 2023, frente a los resultados de julio. El consenso de los 22 analistas consultados, se\u00f1al\u00f3 que el crecimiento econ\u00f3mico de Ecuador ser\u00e1 de 1,1% en&hellip;<\/p>\n","protected":false},"author":1,"featured_media":68261,"comment_status":"open","ping_status":"closed","sticky":false,"template":"","format":"standard","meta":{"content-type":"","_joinchat":[],"footnotes":""},"categories":[1],"tags":[],"class_list":["post-68246","post","type-post","status-publish","format-standard","has-post-thumbnail","hentry","category-uncategorized"],"yoast_head":"<!-- This site is optimized with the Yoast SEO plugin v27.5 - https:\/\/yoast.com\/product\/yoast-seo-wordpress\/ -->\n<title>Econom\u00eda de Ecuador crecer\u00eda 1,1% en 2023, seg\u00fan encuesta - Santa Fe Casa de Valores S.A.<\/title>\n<meta name=\"robots\" content=\"index, follow, max-snippet:-1, max-image-preview:large, max-video-preview:-1\" \/>\n<link rel=\"canonical\" href=\"https:\/\/www.santafevalores.com\/index.php\/2023\/08\/31\/sfv20230831\/\" \/>\n<meta property=\"og:locale\" content=\"es_ES\" \/>\n<meta property=\"og:type\" content=\"article\" \/>\n<meta property=\"og:title\" content=\"Econom\u00eda de Ecuador crecer\u00eda 1,1% en 2023, seg\u00fan encuesta - Santa Fe Casa de Valores S.A.\" \/>\n<meta property=\"og:description\" content=\"Bloomberg L\u00ednea \u2014 La nueva Encuesta de Expertos de la Econom\u00eda de Ecuador, realizada en agosto, reflej\u00f3 una ca\u00edda en la proyecci\u00f3n de crecimiento del Producto Interno Bruto (PIB) para 2023, frente a los resultados de julio. El consenso de los 22 analistas consultados, se\u00f1al\u00f3 que el crecimiento econ\u00f3mico de Ecuador ser\u00e1 de 1,1% en&hellip;\" \/>\n<meta property=\"og:url\" content=\"https:\/\/www.santafevalores.com\/index.php\/2023\/08\/31\/sfv20230831\/\" \/>\n<meta property=\"og:site_name\" content=\"Santa Fe Casa de Valores S.A.\" \/>\n<meta property=\"article:publisher\" content=\"https:\/\/www.facebook.com\/santafevalores\/\" \/>\n<meta property=\"article:published_time\" content=\"2023-08-31T17:47:29+00:00\" \/>\n<meta property=\"article:modified_time\" content=\"2023-08-31T18:47:51+00:00\" \/>\n<meta property=\"og:image\" content=\"https:\/\/www.santafevalores.com\/wp-content\/uploads\/2023\/08\/F1MUKQ675MBDDRADIJAS4YCCR3I.jpg\" \/>\n\t<meta property=\"og:image:width\" content=\"1440\" \/>\n\t<meta property=\"og:image:height\" content=\"1102\" \/>\n\t<meta property=\"og:image:type\" content=\"image\/jpeg\" \/>\n<meta name=\"author\" content=\"admin\" \/>\n<meta name=\"twitter:card\" content=\"summary_large_image\" \/>\n<meta name=\"twitter:creator\" content=\"@SantaFeValores\" \/>\n<meta name=\"twitter:site\" content=\"@SantaFeValores\" \/>\n<meta name=\"twitter:label1\" content=\"Escrito por\" \/>\n\t<meta name=\"twitter:data1\" content=\"admin\" \/>\n\t<meta name=\"twitter:label2\" content=\"Tiempo de lectura\" \/>\n\t<meta name=\"twitter:data2\" content=\"2 minutos\" \/>\n<script type=\"application\/ld+json\" class=\"yoast-schema-graph\">{\"@context\":\"https:\\\/\\\/schema.org\",\"@graph\":[{\"@type\":\"Article\",\"@id\":\"https:\\\/\\\/www.santafevalores.com\\\/index.php\\\/2023\\\/08\\\/31\\\/sfv20230831\\\/#article\",\"isPartOf\":{\"@id\":\"https:\\\/\\\/www.santafevalores.com\\\/index.php\\\/2023\\\/08\\\/31\\\/sfv20230831\\\/\"},\"author\":{\"name\":\"admin\",\"@id\":\"https:\\\/\\\/www.santafevalores.com\\\/#\\\/schema\\\/person\\\/d965a42370507d0a1638e69158bb5835\"},\"headline\":\"Econom\u00eda de Ecuador crecer\u00eda 1,1% en 2023, seg\u00fan encuesta\",\"datePublished\":\"2023-08-31T17:47:29+00:00\",\"dateModified\":\"2023-08-31T18:47:51+00:00\",\"mainEntityOfPage\":{\"@id\":\"https:\\\/\\\/www.santafevalores.com\\\/index.php\\\/2023\\\/08\\\/31\\\/sfv20230831\\\/\"},\"wordCount\":323,\"commentCount\":0,\"publisher\":{\"@id\":\"https:\\\/\\\/www.santafevalores.com\\\/#organization\"},\"image\":{\"@id\":\"https:\\\/\\\/www.santafevalores.com\\\/index.php\\\/2023\\\/08\\\/31\\\/sfv20230831\\\/#primaryimage\"},\"thumbnailUrl\":\"https:\\\/\\\/www.santafevalores.com\\\/wp-content\\\/uploads\\\/2023\\\/08\\\/F1MUKQ675MBDDRADIJAS4YCCR3I.jpg\",\"articleSection\":[\"Uncategorized\"],\"inLanguage\":\"es\",\"potentialAction\":[{\"@type\":\"CommentAction\",\"name\":\"Comment\",\"target\":[\"https:\\\/\\\/www.santafevalores.com\\\/index.php\\\/2023\\\/08\\\/31\\\/sfv20230831\\\/#respond\"]}]},{\"@type\":\"WebPage\",\"@id\":\"https:\\\/\\\/www.santafevalores.com\\\/index.php\\\/2023\\\/08\\\/31\\\/sfv20230831\\\/\",\"url\":\"https:\\\/\\\/www.santafevalores.com\\\/index.php\\\/2023\\\/08\\\/31\\\/sfv20230831\\\/\",\"name\":\"Econom\u00eda de Ecuador crecer\u00eda 1,1% en 2023, seg\u00fan encuesta - Santa Fe Casa de Valores S.A.\",\"isPartOf\":{\"@id\":\"https:\\\/\\\/www.santafevalores.com\\\/#website\"},\"primaryImageOfPage\":{\"@id\":\"https:\\\/\\\/www.santafevalores.com\\\/index.php\\\/2023\\\/08\\\/31\\\/sfv20230831\\\/#primaryimage\"},\"image\":{\"@id\":\"https:\\\/\\\/www.santafevalores.com\\\/index.php\\\/2023\\\/08\\\/31\\\/sfv20230831\\\/#primaryimage\"},\"thumbnailUrl\":\"https:\\\/\\\/www.santafevalores.com\\\/wp-content\\\/uploads\\\/2023\\\/08\\\/F1MUKQ675MBDDRADIJAS4YCCR3I.jpg\",\"datePublished\":\"2023-08-31T17:47:29+00:00\",\"dateModified\":\"2023-08-31T18:47:51+00:00\",\"breadcrumb\":{\"@id\":\"https:\\\/\\\/www.santafevalores.com\\\/index.php\\\/2023\\\/08\\\/31\\\/sfv20230831\\\/#breadcrumb\"},\"inLanguage\":\"es\",\"potentialAction\":[{\"@type\":\"ReadAction\",\"target\":[\"https:\\\/\\\/www.santafevalores.com\\\/index.php\\\/2023\\\/08\\\/31\\\/sfv20230831\\\/\"]}]},{\"@type\":\"ImageObject\",\"inLanguage\":\"es\",\"@id\":\"https:\\\/\\\/www.santafevalores.com\\\/index.php\\\/2023\\\/08\\\/31\\\/sfv20230831\\\/#primaryimage\",\"url\":\"https:\\\/\\\/www.santafevalores.com\\\/wp-content\\\/uploads\\\/2023\\\/08\\\/F1MUKQ675MBDDRADIJAS4YCCR3I.jpg\",\"contentUrl\":\"https:\\\/\\\/www.santafevalores.com\\\/wp-content\\\/uploads\\\/2023\\\/08\\\/F1MUKQ675MBDDRADIJAS4YCCR3I.jpg\",\"width\":1440,\"height\":1102},{\"@type\":\"BreadcrumbList\",\"@id\":\"https:\\\/\\\/www.santafevalores.com\\\/index.php\\\/2023\\\/08\\\/31\\\/sfv20230831\\\/#breadcrumb\",\"itemListElement\":[{\"@type\":\"ListItem\",\"position\":1,\"name\":\"Portada\",\"item\":\"https:\\\/\\\/www.santafevalores.com\\\/\"},{\"@type\":\"ListItem\",\"position\":2,\"name\":\"Econom\u00eda de Ecuador crecer\u00eda 1,1% en 2023, seg\u00fan encuesta\"}]},{\"@type\":\"WebSite\",\"@id\":\"https:\\\/\\\/www.santafevalores.com\\\/#website\",\"url\":\"https:\\\/\\\/www.santafevalores.com\\\/\",\"name\":\"Santa Fe Casa de Valores S.A.\",\"description\":\"\",\"publisher\":{\"@id\":\"https:\\\/\\\/www.santafevalores.com\\\/#organization\"},\"potentialAction\":[{\"@type\":\"SearchAction\",\"target\":{\"@type\":\"EntryPoint\",\"urlTemplate\":\"https:\\\/\\\/www.santafevalores.com\\\/?s={search_term_string}\"},\"query-input\":{\"@type\":\"PropertyValueSpecification\",\"valueRequired\":true,\"valueName\":\"search_term_string\"}}],\"inLanguage\":\"es\"},{\"@type\":\"Organization\",\"@id\":\"https:\\\/\\\/www.santafevalores.com\\\/#organization\",\"name\":\"Santa Fe Casa de Valores S.A.\",\"alternateName\":\"SANTAFEVALORES\",\"url\":\"https:\\\/\\\/www.santafevalores.com\\\/\",\"logo\":{\"@type\":\"ImageObject\",\"inLanguage\":\"es\",\"@id\":\"https:\\\/\\\/www.santafevalores.com\\\/#\\\/schema\\\/logo\\\/image\\\/\",\"url\":\"https:\\\/\\\/www.santafevalores.com\\\/wp-content\\\/uploads\\\/2022\\\/06\\\/logo1.png\",\"contentUrl\":\"https:\\\/\\\/www.santafevalores.com\\\/wp-content\\\/uploads\\\/2022\\\/06\\\/logo1.png\",\"width\":235,\"height\":71,\"caption\":\"Santa Fe Casa de Valores S.A.\"},\"image\":{\"@id\":\"https:\\\/\\\/www.santafevalores.com\\\/#\\\/schema\\\/logo\\\/image\\\/\"},\"sameAs\":[\"https:\\\/\\\/www.facebook.com\\\/santafevalores\\\/\",\"https:\\\/\\\/x.com\\\/SantaFeValores\"]},{\"@type\":\"Person\",\"@id\":\"https:\\\/\\\/www.santafevalores.com\\\/#\\\/schema\\\/person\\\/d965a42370507d0a1638e69158bb5835\",\"name\":\"admin\",\"image\":{\"@type\":\"ImageObject\",\"inLanguage\":\"es\",\"@id\":\"https:\\\/\\\/secure.gravatar.com\\\/avatar\\\/97ec7f9eb6068ddac59d3806ca0034c167fce748f524adcfad8629911220756f?s=96&d=mm&r=g\",\"url\":\"https:\\\/\\\/secure.gravatar.com\\\/avatar\\\/97ec7f9eb6068ddac59d3806ca0034c167fce748f524adcfad8629911220756f?s=96&d=mm&r=g\",\"contentUrl\":\"https:\\\/\\\/secure.gravatar.com\\\/avatar\\\/97ec7f9eb6068ddac59d3806ca0034c167fce748f524adcfad8629911220756f?s=96&d=mm&r=g\",\"caption\":\"admin\"},\"sameAs\":[\"https:\\\/\\\/www.santafevalores.com\"],\"url\":\"https:\\\/\\\/www.santafevalores.com\\\/index.php\\\/author\\\/santafevaloresuio_ggv0vv79\\\/\"}]}<\/script>\n<!-- \/ Yoast SEO plugin. -->","yoast_head_json":{"title":"Econom\u00eda de Ecuador crecer\u00eda 1,1% en 2023, seg\u00fan encuesta - Santa Fe Casa de Valores S.A.","robots":{"index":"index","follow":"follow","max-snippet":"max-snippet:-1","max-image-preview":"max-image-preview:large","max-video-preview":"max-video-preview:-1"},"canonical":"https:\/\/www.santafevalores.com\/index.php\/2023\/08\/31\/sfv20230831\/","og_locale":"es_ES","og_type":"article","og_title":"Econom\u00eda de Ecuador crecer\u00eda 1,1% en 2023, seg\u00fan encuesta - Santa Fe Casa de Valores S.A.","og_description":"Bloomberg L\u00ednea \u2014 La nueva Encuesta de Expertos de la Econom\u00eda de Ecuador, realizada en agosto, reflej\u00f3 una ca\u00edda en la proyecci\u00f3n de crecimiento del Producto Interno Bruto (PIB) para 2023, frente a los resultados de julio. El consenso de los 22 analistas consultados, se\u00f1al\u00f3 que el crecimiento econ\u00f3mico de Ecuador ser\u00e1 de 1,1% en&hellip;","og_url":"https:\/\/www.santafevalores.com\/index.php\/2023\/08\/31\/sfv20230831\/","og_site_name":"Santa Fe Casa de Valores S.A.","article_publisher":"https:\/\/www.facebook.com\/santafevalores\/","article_published_time":"2023-08-31T17:47:29+00:00","article_modified_time":"2023-08-31T18:47:51+00:00","og_image":[{"width":1440,"height":1102,"url":"https:\/\/www.santafevalores.com\/wp-content\/uploads\/2023\/08\/F1MUKQ675MBDDRADIJAS4YCCR3I.jpg","type":"image\/jpeg"}],"author":"admin","twitter_card":"summary_large_image","twitter_creator":"@SantaFeValores","twitter_site":"@SantaFeValores","twitter_misc":{"Escrito por":"admin","Tiempo de lectura":"2 minutos"},"schema":{"@context":"https:\/\/schema.org","@graph":[{"@type":"Article","@id":"https:\/\/www.santafevalores.com\/index.php\/2023\/08\/31\/sfv20230831\/#article","isPartOf":{"@id":"https:\/\/www.santafevalores.com\/index.php\/2023\/08\/31\/sfv20230831\/"},"author":{"name":"admin","@id":"https:\/\/www.santafevalores.com\/#\/schema\/person\/d965a42370507d0a1638e69158bb5835"},"headline":"Econom\u00eda de Ecuador crecer\u00eda 1,1% en 2023, seg\u00fan encuesta","datePublished":"2023-08-31T17:47:29+00:00","dateModified":"2023-08-31T18:47:51+00:00","mainEntityOfPage":{"@id":"https:\/\/www.santafevalores.com\/index.php\/2023\/08\/31\/sfv20230831\/"},"wordCount":323,"commentCount":0,"publisher":{"@id":"https:\/\/www.santafevalores.com\/#organization"},"image":{"@id":"https:\/\/www.santafevalores.com\/index.php\/2023\/08\/31\/sfv20230831\/#primaryimage"},"thumbnailUrl":"https:\/\/www.santafevalores.com\/wp-content\/uploads\/2023\/08\/F1MUKQ675MBDDRADIJAS4YCCR3I.jpg","articleSection":["Uncategorized"],"inLanguage":"es","potentialAction":[{"@type":"CommentAction","name":"Comment","target":["https:\/\/www.santafevalores.com\/index.php\/2023\/08\/31\/sfv20230831\/#respond"]}]},{"@type":"WebPage","@id":"https:\/\/www.santafevalores.com\/index.php\/2023\/08\/31\/sfv20230831\/","url":"https:\/\/www.santafevalores.com\/index.php\/2023\/08\/31\/sfv20230831\/","name":"Econom\u00eda de Ecuador crecer\u00eda 1,1% en 2023, seg\u00fan encuesta - Santa Fe Casa de Valores S.A.","isPartOf":{"@id":"https:\/\/www.santafevalores.com\/#website"},"primaryImageOfPage":{"@id":"https:\/\/www.santafevalores.com\/index.php\/2023\/08\/31\/sfv20230831\/#primaryimage"},"image":{"@id":"https:\/\/www.santafevalores.com\/index.php\/2023\/08\/31\/sfv20230831\/#primaryimage"},"thumbnailUrl":"https:\/\/www.santafevalores.com\/wp-content\/uploads\/2023\/08\/F1MUKQ675MBDDRADIJAS4YCCR3I.jpg","datePublished":"2023-08-31T17:47:29+00:00","dateModified":"2023-08-31T18:47:51+00:00","breadcrumb":{"@id":"https:\/\/www.santafevalores.com\/index.php\/2023\/08\/31\/sfv20230831\/#breadcrumb"},"inLanguage":"es","potentialAction":[{"@type":"ReadAction","target":["https:\/\/www.santafevalores.com\/index.php\/2023\/08\/31\/sfv20230831\/"]}]},{"@type":"ImageObject","inLanguage":"es","@id":"https:\/\/www.santafevalores.com\/index.php\/2023\/08\/31\/sfv20230831\/#primaryimage","url":"https:\/\/www.santafevalores.com\/wp-content\/uploads\/2023\/08\/F1MUKQ675MBDDRADIJAS4YCCR3I.jpg","contentUrl":"https:\/\/www.santafevalores.com\/wp-content\/uploads\/2023\/08\/F1MUKQ675MBDDRADIJAS4YCCR3I.jpg","width":1440,"height":1102},{"@type":"BreadcrumbList","@id":"https:\/\/www.santafevalores.com\/index.php\/2023\/08\/31\/sfv20230831\/#breadcrumb","itemListElement":[{"@type":"ListItem","position":1,"name":"Portada","item":"https:\/\/www.santafevalores.com\/"},{"@type":"ListItem","position":2,"name":"Econom\u00eda de Ecuador crecer\u00eda 1,1% en 2023, seg\u00fan encuesta"}]},{"@type":"WebSite","@id":"https:\/\/www.santafevalores.com\/#website","url":"https:\/\/www.santafevalores.com\/","name":"Santa Fe Casa de Valores S.A.","description":"","publisher":{"@id":"https:\/\/www.santafevalores.com\/#organization"},"potentialAction":[{"@type":"SearchAction","target":{"@type":"EntryPoint","urlTemplate":"https:\/\/www.santafevalores.com\/?s={search_term_string}"},"query-input":{"@type":"PropertyValueSpecification","valueRequired":true,"valueName":"search_term_string"}}],"inLanguage":"es"},{"@type":"Organization","@id":"https:\/\/www.santafevalores.com\/#organization","name":"Santa Fe Casa de Valores S.A.","alternateName":"SANTAFEVALORES","url":"https:\/\/www.santafevalores.com\/","logo":{"@type":"ImageObject","inLanguage":"es","@id":"https:\/\/www.santafevalores.com\/#\/schema\/logo\/image\/","url":"https:\/\/www.santafevalores.com\/wp-content\/uploads\/2022\/06\/logo1.png","contentUrl":"https:\/\/www.santafevalores.com\/wp-content\/uploads\/2022\/06\/logo1.png","width":235,"height":71,"caption":"Santa Fe Casa de Valores S.A."},"image":{"@id":"https:\/\/www.santafevalores.com\/#\/schema\/logo\/image\/"},"sameAs":["https:\/\/www.facebook.com\/santafevalores\/","https:\/\/x.com\/SantaFeValores"]},{"@type":"Person","@id":"https:\/\/www.santafevalores.com\/#\/schema\/person\/d965a42370507d0a1638e69158bb5835","name":"admin","image":{"@type":"ImageObject","inLanguage":"es","@id":"https:\/\/secure.gravatar.com\/avatar\/97ec7f9eb6068ddac59d3806ca0034c167fce748f524adcfad8629911220756f?s=96&d=mm&r=g","url":"https:\/\/secure.gravatar.com\/avatar\/97ec7f9eb6068ddac59d3806ca0034c167fce748f524adcfad8629911220756f?s=96&d=mm&r=g","contentUrl":"https:\/\/secure.gravatar.com\/avatar\/97ec7f9eb6068ddac59d3806ca0034c167fce748f524adcfad8629911220756f?s=96&d=mm&r=g","caption":"admin"},"sameAs":["https:\/\/www.santafevalores.com"],"url":"https:\/\/www.santafevalores.com\/index.php\/author\/santafevaloresuio_ggv0vv79\/"}]}},"_links":{"self":[{"href":"https:\/\/www.santafevalores.com\/index.php\/wp-json\/wp\/v2\/posts\/68246","targetHints":{"allow":["GET"]}}],"collection":[{"href":"https:\/\/www.santafevalores.com\/index.php\/wp-json\/wp\/v2\/posts"}],"about":[{"href":"https:\/\/www.santafevalores.com\/index.php\/wp-json\/wp\/v2\/types\/post"}],"author":[{"embeddable":true,"href":"https:\/\/www.santafevalores.com\/index.php\/wp-json\/wp\/v2\/users\/1"}],"replies":[{"embeddable":true,"href":"https:\/\/www.santafevalores.com\/index.php\/wp-json\/wp\/v2\/comments?post=68246"}],"version-history":[{"count":15,"href":"https:\/\/www.santafevalores.com\/index.php\/wp-json\/wp\/v2\/posts\/68246\/revisions"}],"predecessor-version":[{"id":68265,"href":"https:\/\/www.santafevalores.com\/index.php\/wp-json\/wp\/v2\/posts\/68246\/revisions\/68265"}],"wp:featuredmedia":[{"embeddable":true,"href":"https:\/\/www.santafevalores.com\/index.php\/wp-json\/wp\/v2\/media\/68261"}],"wp:attachment":[{"href":"https:\/\/www.santafevalores.com\/index.php\/wp-json\/wp\/v2\/media?parent=68246"}],"wp:term":[{"taxonomy":"category","embeddable":true,"href":"https:\/\/www.santafevalores.com\/index.php\/wp-json\/wp\/v2\/categories?post=68246"},{"taxonomy":"post_tag","embeddable":true,"href":"https:\/\/www.santafevalores.com\/index.php\/wp-json\/wp\/v2\/tags?post=68246"}],"curies":[{"name":"wp","href":"https:\/\/api.w.org\/{rel}","templated":true}]}}