{"id":68302,"date":"2023-09-25T11:29:27","date_gmt":"2023-09-25T16:29:27","guid":{"rendered":"https:\/\/www.santafevalores.com\/?p=68302"},"modified":"2023-09-25T11:46:14","modified_gmt":"2023-09-25T16:46:14","slug":"sfv20230925uno","status":"publish","type":"post","link":"https:\/\/www.santafevalores.com\/index.php\/2023\/09\/25\/sfv20230925uno\/","title":{"rendered":"Censo en Ecuador: la poblaci\u00f3n creci\u00f3 en 2,5 millones de personas en 12 a\u00f1os"},"content":{"rendered":"\t\t<div data-elementor-type=\"wp-post\" data-elementor-id=\"68302\" class=\"elementor elementor-68302\" data-elementor-post-type=\"post\">\n\t\t\t\t\t\t<section class=\"elementor-section elementor-top-section elementor-element elementor-element-25fe110 elementor-section-boxed elementor-section-height-default elementor-section-height-default\" data-id=\"25fe110\" data-element_type=\"section\" data-e-type=\"section\">\n\t\t\t\t\t\t<div class=\"elementor-container elementor-column-gap-default\">\n\t\t\t\t\t<div class=\"elementor-column elementor-col-100 elementor-top-column elementor-element elementor-element-2780ca8\" data-id=\"2780ca8\" data-element_type=\"column\" data-e-type=\"column\">\n\t\t\t<div class=\"elementor-widget-wrap elementor-element-populated\">\n\t\t\t\t\t\t<div class=\"elementor-element elementor-element-d2e5143 elementor-widget elementor-widget-image\" data-id=\"d2e5143\" data-element_type=\"widget\" data-e-type=\"widget\" data-widget_type=\"image.default\">\n\t\t\t\t<div class=\"elementor-widget-container\">\n\t\t\t\t\t\t\t\t\t\t\t\t\t\t\t<img fetchpriority=\"high\" decoding=\"async\" width=\"800\" height=\"535\" src=\"https:\/\/www.santafevalores.com\/wp-content\/uploads\/2023\/09\/E1EBDBLBLD5GGNKC36KIJKP5PXY.jpg\" class=\"attachment-large size-large wp-image-68303\" alt=\"\" srcset=\"https:\/\/www.santafevalores.com\/wp-content\/uploads\/2023\/09\/E1EBDBLBLD5GGNKC36KIJKP5PXY.jpg 800w, https:\/\/www.santafevalores.com\/wp-content\/uploads\/2023\/09\/E1EBDBLBLD5GGNKC36KIJKP5PXY-300x201.jpg 300w, https:\/\/www.santafevalores.com\/wp-content\/uploads\/2023\/09\/E1EBDBLBLD5GGNKC36KIJKP5PXY-768x514.jpg 768w\" sizes=\"(max-width: 800px) 100vw, 800px\" \/>\t\t\t\t\t\t\t\t\t\t\t\t\t\t\t<\/div>\n\t\t\t\t<\/div>\n\t\t\t\t\t<\/div>\n\t\t<\/div>\n\t\t\t\t\t<\/div>\n\t\t<\/section>\n\t\t\t\t<section class=\"elementor-section elementor-top-section elementor-element elementor-element-eea5fb0 elementor-section-boxed elementor-section-height-default elementor-section-height-default\" data-id=\"eea5fb0\" data-element_type=\"section\" data-e-type=\"section\">\n\t\t\t\t\t\t<div class=\"elementor-container elementor-column-gap-default\">\n\t\t\t\t\t<div class=\"elementor-column elementor-col-100 elementor-top-column elementor-element elementor-element-1f8278a\" data-id=\"1f8278a\" data-element_type=\"column\" data-e-type=\"column\">\n\t\t\t<div class=\"elementor-widget-wrap elementor-element-populated\">\n\t\t\t\t\t\t<div class=\"elementor-element elementor-element-9a15482 elementor-widget elementor-widget-text-editor\" data-id=\"9a15482\" data-element_type=\"widget\" data-e-type=\"widget\" data-widget_type=\"text-editor.default\">\n\t\t\t\t<div class=\"elementor-widget-container\">\n\t\t\t\t\t\t\t\t\t<p><b>El Censo de Poblaci\u00f3n y Vivienda<\/b> llevado a cabo el 7 de noviembre de 2022 arroj\u00f3 que <b>viv\u00edan en el pa\u00eds ese d\u00eda 16\u2032938.986<\/b> de personas, lo que implica un crecimiento de 2,5 millones respecto del relevamiento de 2010.<\/p>\n<p>Existe una una mayor\u00eda de <b>mujeres<\/b> en el pa\u00eds, con 8\u2032686.463, lo que representa el 51,3%, mientras que los hombres suman 8\u2032252.523 (48,7%).<\/p>\t\t\t\t\t\t\t\t<\/div>\n\t\t\t\t<\/div>\n\t\t\t\t\t<\/div>\n\t\t<\/div>\n\t\t\t\t\t<\/div>\n\t\t<\/section>\n\t\t\t\t<section class=\"elementor-section elementor-top-section elementor-element elementor-element-84f3c37 elementor-section-boxed elementor-section-height-default elementor-section-height-default\" data-id=\"84f3c37\" data-element_type=\"section\" data-e-type=\"section\">\n\t\t\t\t\t\t<div class=\"elementor-container elementor-column-gap-default\">\n\t\t\t\t\t<div class=\"elementor-column elementor-col-100 elementor-top-column elementor-element elementor-element-1b9ac40\" data-id=\"1b9ac40\" data-element_type=\"column\" data-e-type=\"column\">\n\t\t\t<div class=\"elementor-widget-wrap elementor-element-populated\">\n\t\t\t\t\t\t<div class=\"elementor-element elementor-element-d80939a elementor-widget elementor-widget-image\" data-id=\"d80939a\" data-element_type=\"widget\" data-e-type=\"widget\" data-widget_type=\"image.default\">\n\t\t\t\t<div class=\"elementor-widget-container\">\n\t\t\t\t\t\t\t\t\t\t\t\t\t\t\t<img decoding=\"async\" width=\"1024\" height=\"576\" src=\"https:\/\/www.santafevalores.com\/wp-content\/uploads\/2023\/09\/Y2XTAYBEGRRGVFL2WSK7JXAHYTE-1024x576.jpg\" class=\"attachment-large size-large wp-image-68307\" alt=\"\" srcset=\"https:\/\/www.santafevalores.com\/wp-content\/uploads\/2023\/09\/Y2XTAYBEGRRGVFL2WSK7JXAHYTE-1024x576.jpg 1024w, https:\/\/www.santafevalores.com\/wp-content\/uploads\/2023\/09\/Y2XTAYBEGRRGVFL2WSK7JXAHYTE-300x169.jpg 300w, https:\/\/www.santafevalores.com\/wp-content\/uploads\/2023\/09\/Y2XTAYBEGRRGVFL2WSK7JXAHYTE-768x432.jpg 768w, https:\/\/www.santafevalores.com\/wp-content\/uploads\/2023\/09\/Y2XTAYBEGRRGVFL2WSK7JXAHYTE.jpg 1440w\" sizes=\"(max-width: 1024px) 100vw, 1024px\" \/>\t\t\t\t\t\t\t\t\t\t\t\t\t\t\t<\/div>\n\t\t\t\t<\/div>\n\t\t\t\t\t<\/div>\n\t\t<\/div>\n\t\t\t\t\t<\/div>\n\t\t<\/section>\n\t\t\t\t<section class=\"elementor-section elementor-top-section elementor-element elementor-element-6b62740 elementor-section-boxed elementor-section-height-default elementor-section-height-default\" data-id=\"6b62740\" data-element_type=\"section\" data-e-type=\"section\">\n\t\t\t\t\t\t<div class=\"elementor-container elementor-column-gap-default\">\n\t\t\t\t\t<div class=\"elementor-column elementor-col-100 elementor-top-column elementor-element elementor-element-73f695a\" data-id=\"73f695a\" data-element_type=\"column\" data-e-type=\"column\">\n\t\t\t<div class=\"elementor-widget-wrap elementor-element-populated\">\n\t\t\t\t\t\t<div class=\"elementor-element elementor-element-49529c4 elementor-widget elementor-widget-text-editor\" data-id=\"49529c4\" data-element_type=\"widget\" data-e-type=\"widget\" data-widget_type=\"text-editor.default\">\n\t\t\t\t<div class=\"elementor-widget-container\">\n\t\t\t\t\t\t\t\t\t<p>Seg\u00fan la informaci\u00f3n difundida por el Instituto Nacional de Estad\u00edstica y Censos (INEC), el perfil demogr\u00e1fico de <b>Ecuador<\/b> refleja una mayor concentraci\u00f3n en <b>\u00e1reas urbanas<\/b>, con un 63,1% de la poblaci\u00f3n, en contraste con un 36,9% en \u00e1reas rurales. En este sentido, las provincias de Guayas (25,9%), Pichincha (18,2%) y Manab\u00ed (9,4%) albergan el 53,5% de los habitantes.<br>Otra de las revelaciones del censo indica que la mayor\u00eda de la poblaci\u00f3n se identifica como mestiza (77,4%), seguida por la poblaci\u00f3n <b>ind\u00edgena y montubia<\/b> (7,7%) y la <b>comunidad afroecuatoriana<\/b> (4,9%). Durante el censo, se visitaron 6,6 millones de viviendas.<br>El INEC se\u00f1al\u00f3 tambi\u00e9n que el n\u00famero promedio de miembros de los hogares ecuatorianos permite afirmar que estos son ahora m\u00e1s peque\u00f1os, con 3,2 miembros (a diferencia de 4,2 en 2001 y 3,8 en 2010). Provincias como Napo (3,7) y Santa Elena (3,6) presentan tama\u00f1os m\u00e1s grandes, mientras que Gal\u00e1pagos y Pichincha son las provincias que tienen el menor tama\u00f1o de hogar con 2,9 y 3,1 respectivamente.<\/p>\t\t\t\t\t\t\t\t<\/div>\n\t\t\t\t<\/div>\n\t\t\t\t\t<\/div>\n\t\t<\/div>\n\t\t\t\t\t<\/div>\n\t\t<\/section>\n\t\t\t\t<section class=\"elementor-section elementor-top-section elementor-element elementor-element-d29c1aa elementor-section-boxed elementor-section-height-default elementor-section-height-default\" data-id=\"d29c1aa\" data-element_type=\"section\" data-e-type=\"section\">\n\t\t\t\t\t\t<div class=\"elementor-container elementor-column-gap-default\">\n\t\t\t\t\t<div class=\"elementor-column elementor-col-100 elementor-top-column elementor-element elementor-element-2dcd363\" data-id=\"2dcd363\" data-element_type=\"column\" data-e-type=\"column\">\n\t\t\t<div class=\"elementor-widget-wrap elementor-element-populated\">\n\t\t\t\t\t\t<div class=\"elementor-element elementor-element-f2891f1 elementor-widget elementor-widget-text-editor\" data-id=\"f2891f1\" data-element_type=\"widget\" data-e-type=\"widget\" data-widget_type=\"text-editor.default\">\n\t\t\t\t<div class=\"elementor-widget-container\">\n\t\t\t\t\t\t\t\t\t<p>En l\u00ednea con esto \u00faltimo, los <b>hogares unipersonales<\/b> han crecido 4,6 puntos de 12,1 en 2010 a 16,7 en 2022 , los hogares de dos personas crecieron 4,3 puntos, de 15,9% en 2010 a 20,2% en 2022, mientras que los hogares m\u00e1s grandes (5 o m\u00e1s personas) caen 10,1 puntos entre 2010 y 2022.<\/p>\n<p><b>Otros datos relevantes del censo<\/b><\/p>\n<p>Estos son algunos de los datos salientes del censo, destacados por el personal t\u00e9cnico del INEC:<\/p>\n<p>Todos los servicios p\u00fablicos muestran una mayor cobertura, destac\u00e1ndose la electricidad con un 97,5%, seguida por la recolecci\u00f3n de basura con un 88,7%, y el acceso al agua a trav\u00e9s de redes p\u00fablicas con un 84,2%. El servicio con menor cobertura es la red p\u00fablica de alcantarillado, con un 65,8%, aunque registra el mayor crecimiento desde 2010.<\/p>\n<p>Los ecuatorianos siguen viviendo mayoritariamente en casas (64,1%), pero se observa un crecimiento en el n\u00famero de departamentos, que pas\u00f3 de 11,9% en el 2010 a 21,1% en 2022. Adem\u00e1s, 4,1 millones de hogares ecuatorianos declararon tener, al menos, una mascota, 4 de cada 10 hogares con ni\u00f1os menores de 12 tienen perros o gatos.<\/p>\n<p>247.955 hogares mencionaron que al menos una persona de ese hogar falleci\u00f3 en los \u00faltimos 3 a\u00f1os, mientras que 96.236 dijeron que alguno de sus miembros sali\u00f3 fuera del pa\u00eds y no ha regresado.<\/p>\n<p>&nbsp;Existen 4,3 millones de ni\u00f1os y representan 25,5% de la poblaci\u00f3n total.<\/p>\n<p><span style=\"white-space: pre; white-space: normal;\">\t<\/span><\/p>\n<p><span style=\"white-space: normal;\">La edad mediana se ha incrementado en 5 a\u00f1os, pasando de 24 a 29 a\u00f1os entre 2010 y 2022; Pichincha, Gal\u00e1pagos y Tungurahua tienen la edad mediana m\u00e1s alta, con 31 a\u00f1os, mientras que las provincias amaz\u00f3nicas de Morona Santiago y Orellana tienen edades medianas m\u00e1s j\u00f3venes con 21 y 23 a\u00f1os, respectivamente.<\/span><\/p>\t\t\t\t\t\t\t\t<\/div>\n\t\t\t\t<\/div>\n\t\t\t\t\t<\/div>\n\t\t<\/div>\n\t\t\t\t\t<\/div>\n\t\t<\/section>\n\t\t\t\t<section class=\"elementor-section elementor-top-section elementor-element elementor-element-c0bfe53 elementor-section-boxed elementor-section-height-default elementor-section-height-default\" data-id=\"c0bfe53\" data-element_type=\"section\" data-e-type=\"section\">\n\t\t\t\t\t\t<div class=\"elementor-container elementor-column-gap-default\">\n\t\t\t\t\t<div class=\"elementor-column elementor-col-100 elementor-top-column elementor-element elementor-element-59e912c\" data-id=\"59e912c\" data-element_type=\"column\" data-e-type=\"column\">\n\t\t\t<div class=\"elementor-widget-wrap elementor-element-populated\">\n\t\t\t\t\t\t<div class=\"elementor-element elementor-element-1aa9d10 elementor-headline--style-highlight elementor-widget elementor-widget-animated-headline\" data-id=\"1aa9d10\" data-element_type=\"widget\" data-e-type=\"widget\" data-settings=\"{&quot;highlighted_text&quot;:&quot;reporta Bloomberg&quot;,&quot;headline_style&quot;:&quot;highlight&quot;,&quot;marker&quot;:&quot;circle&quot;,&quot;loop&quot;:&quot;yes&quot;,&quot;highlight_animation_duration&quot;:1200,&quot;highlight_iteration_delay&quot;:8000}\" data-widget_type=\"animated-headline.default\">\n\t\t\t\t<div class=\"elementor-widget-container\">\n\t\t\t\t\t\t\t\t<a href=\"https:\/\/www.bloomberglinea.com\/latinoamerica\/ecuador\/censo-en-ecuador-la-poblacion-crecio-en-25-millones-de-personas-en-12-anos\/\" target=\"_blank\">\n\n\t\t\t\t\t<p class=\"elementor-headline\">\n\t\t\t\t\t<span class=\"elementor-headline-plain-text elementor-headline-text-wrapper\">Fuente:<\/span>\n\t\t\t\t<span class=\"elementor-headline-dynamic-wrapper elementor-headline-text-wrapper\">\n\t\t\t\t\t<span class=\"elementor-headline-dynamic-text elementor-headline-text-active\">reporta Bloomberg<\/span>\n\t\t\t\t<\/span>\n\t\t\t\t<\/p>\n\t\t<\/a>\t\t\t\t<\/div>\n\t\t\t\t<\/div>\n\t\t\t\t\t<\/div>\n\t\t<\/div>\n\t\t\t\t\t<\/div>\n\t\t<\/section>\n\t\t\t\t<\/div>\n\t\t","protected":false},"excerpt":{"rendered":"<p>El Censo de Poblaci\u00f3n y Vivienda llevado a cabo el 7 de noviembre de 2022 arroj\u00f3 que viv\u00edan en el pa\u00eds ese d\u00eda 16\u2032938.986 de personas, lo que implica un crecimiento de 2,5 millones respecto del relevamiento de 2010. Existe una una mayor\u00eda de mujeres en el pa\u00eds, con 8\u2032686.463, lo que representa el 51,3%,&hellip;<\/p>\n","protected":false},"author":1,"featured_media":68303,"comment_status":"open","ping_status":"closed","sticky":false,"template":"","format":"standard","meta":{"content-type":"","_joinchat":[],"footnotes":""},"categories":[1],"tags":[],"class_list":["post-68302","post","type-post","status-publish","format-standard","has-post-thumbnail","hentry","category-uncategorized"],"yoast_head":"<!-- This site is optimized with the Yoast SEO plugin v27.5 - https:\/\/yoast.com\/product\/yoast-seo-wordpress\/ -->\n<title>Censo en Ecuador: la poblaci\u00f3n creci\u00f3 en 2,5 millones de personas en 12 a\u00f1os - Santa Fe Casa de Valores S.A.<\/title>\n<meta name=\"robots\" content=\"index, follow, max-snippet:-1, max-image-preview:large, max-video-preview:-1\" \/>\n<link rel=\"canonical\" href=\"https:\/\/www.santafevalores.com\/index.php\/2023\/09\/25\/sfv20230925uno\/\" \/>\n<meta property=\"og:locale\" content=\"es_ES\" \/>\n<meta property=\"og:type\" content=\"article\" \/>\n<meta property=\"og:title\" content=\"Censo en Ecuador: la poblaci\u00f3n creci\u00f3 en 2,5 millones de personas en 12 a\u00f1os - Santa Fe Casa de Valores S.A.\" \/>\n<meta property=\"og:description\" content=\"El Censo de Poblaci\u00f3n y Vivienda llevado a cabo el 7 de noviembre de 2022 arroj\u00f3 que viv\u00edan en el pa\u00eds ese d\u00eda 16\u2032938.986 de personas, lo que implica un crecimiento de 2,5 millones respecto del relevamiento de 2010. Existe una una mayor\u00eda de mujeres en el pa\u00eds, con 8\u2032686.463, lo que representa el 51,3%,&hellip;\" \/>\n<meta property=\"og:url\" content=\"https:\/\/www.santafevalores.com\/index.php\/2023\/09\/25\/sfv20230925uno\/\" \/>\n<meta property=\"og:site_name\" content=\"Santa Fe Casa de Valores S.A.\" \/>\n<meta property=\"article:publisher\" content=\"https:\/\/www.facebook.com\/santafevalores\/\" \/>\n<meta property=\"article:published_time\" content=\"2023-09-25T16:29:27+00:00\" \/>\n<meta property=\"article:modified_time\" content=\"2023-09-25T16:46:14+00:00\" \/>\n<meta property=\"og:image\" content=\"https:\/\/www.santafevalores.com\/wp-content\/uploads\/2023\/09\/E1EBDBLBLD5GGNKC36KIJKP5PXY.jpg\" \/>\n\t<meta property=\"og:image:width\" content=\"800\" \/>\n\t<meta property=\"og:image:height\" content=\"535\" \/>\n\t<meta property=\"og:image:type\" content=\"image\/jpeg\" \/>\n<meta name=\"author\" content=\"admin\" \/>\n<meta name=\"twitter:card\" content=\"summary_large_image\" \/>\n<meta name=\"twitter:creator\" content=\"@SantaFeValores\" \/>\n<meta name=\"twitter:site\" content=\"@SantaFeValores\" \/>\n<meta name=\"twitter:label1\" content=\"Escrito por\" \/>\n\t<meta name=\"twitter:data1\" content=\"admin\" \/>\n\t<meta name=\"twitter:label2\" content=\"Tiempo de lectura\" \/>\n\t<meta name=\"twitter:data2\" content=\"3 minutos\" \/>\n<script type=\"application\/ld+json\" class=\"yoast-schema-graph\">{\"@context\":\"https:\\\/\\\/schema.org\",\"@graph\":[{\"@type\":\"Article\",\"@id\":\"https:\\\/\\\/www.santafevalores.com\\\/index.php\\\/2023\\\/09\\\/25\\\/sfv20230925uno\\\/#article\",\"isPartOf\":{\"@id\":\"https:\\\/\\\/www.santafevalores.com\\\/index.php\\\/2023\\\/09\\\/25\\\/sfv20230925uno\\\/\"},\"author\":{\"name\":\"admin\",\"@id\":\"https:\\\/\\\/www.santafevalores.com\\\/#\\\/schema\\\/person\\\/d965a42370507d0a1638e69158bb5835\"},\"headline\":\"Censo en Ecuador: la poblaci\u00f3n creci\u00f3 en 2,5 millones de personas en 12 a\u00f1os\",\"datePublished\":\"2023-09-25T16:29:27+00:00\",\"dateModified\":\"2023-09-25T16:46:14+00:00\",\"mainEntityOfPage\":{\"@id\":\"https:\\\/\\\/www.santafevalores.com\\\/index.php\\\/2023\\\/09\\\/25\\\/sfv20230925uno\\\/\"},\"wordCount\":512,\"commentCount\":0,\"publisher\":{\"@id\":\"https:\\\/\\\/www.santafevalores.com\\\/#organization\"},\"image\":{\"@id\":\"https:\\\/\\\/www.santafevalores.com\\\/index.php\\\/2023\\\/09\\\/25\\\/sfv20230925uno\\\/#primaryimage\"},\"thumbnailUrl\":\"https:\\\/\\\/www.santafevalores.com\\\/wp-content\\\/uploads\\\/2023\\\/09\\\/E1EBDBLBLD5GGNKC36KIJKP5PXY.jpg\",\"articleSection\":[\"Uncategorized\"],\"inLanguage\":\"es\",\"potentialAction\":[{\"@type\":\"CommentAction\",\"name\":\"Comment\",\"target\":[\"https:\\\/\\\/www.santafevalores.com\\\/index.php\\\/2023\\\/09\\\/25\\\/sfv20230925uno\\\/#respond\"]}]},{\"@type\":\"WebPage\",\"@id\":\"https:\\\/\\\/www.santafevalores.com\\\/index.php\\\/2023\\\/09\\\/25\\\/sfv20230925uno\\\/\",\"url\":\"https:\\\/\\\/www.santafevalores.com\\\/index.php\\\/2023\\\/09\\\/25\\\/sfv20230925uno\\\/\",\"name\":\"Censo en Ecuador: la poblaci\u00f3n creci\u00f3 en 2,5 millones de personas en 12 a\u00f1os - Santa Fe Casa de Valores S.A.\",\"isPartOf\":{\"@id\":\"https:\\\/\\\/www.santafevalores.com\\\/#website\"},\"primaryImageOfPage\":{\"@id\":\"https:\\\/\\\/www.santafevalores.com\\\/index.php\\\/2023\\\/09\\\/25\\\/sfv20230925uno\\\/#primaryimage\"},\"image\":{\"@id\":\"https:\\\/\\\/www.santafevalores.com\\\/index.php\\\/2023\\\/09\\\/25\\\/sfv20230925uno\\\/#primaryimage\"},\"thumbnailUrl\":\"https:\\\/\\\/www.santafevalores.com\\\/wp-content\\\/uploads\\\/2023\\\/09\\\/E1EBDBLBLD5GGNKC36KIJKP5PXY.jpg\",\"datePublished\":\"2023-09-25T16:29:27+00:00\",\"dateModified\":\"2023-09-25T16:46:14+00:00\",\"breadcrumb\":{\"@id\":\"https:\\\/\\\/www.santafevalores.com\\\/index.php\\\/2023\\\/09\\\/25\\\/sfv20230925uno\\\/#breadcrumb\"},\"inLanguage\":\"es\",\"potentialAction\":[{\"@type\":\"ReadAction\",\"target\":[\"https:\\\/\\\/www.santafevalores.com\\\/index.php\\\/2023\\\/09\\\/25\\\/sfv20230925uno\\\/\"]}]},{\"@type\":\"ImageObject\",\"inLanguage\":\"es\",\"@id\":\"https:\\\/\\\/www.santafevalores.com\\\/index.php\\\/2023\\\/09\\\/25\\\/sfv20230925uno\\\/#primaryimage\",\"url\":\"https:\\\/\\\/www.santafevalores.com\\\/wp-content\\\/uploads\\\/2023\\\/09\\\/E1EBDBLBLD5GGNKC36KIJKP5PXY.jpg\",\"contentUrl\":\"https:\\\/\\\/www.santafevalores.com\\\/wp-content\\\/uploads\\\/2023\\\/09\\\/E1EBDBLBLD5GGNKC36KIJKP5PXY.jpg\",\"width\":800,\"height\":535},{\"@type\":\"BreadcrumbList\",\"@id\":\"https:\\\/\\\/www.santafevalores.com\\\/index.php\\\/2023\\\/09\\\/25\\\/sfv20230925uno\\\/#breadcrumb\",\"itemListElement\":[{\"@type\":\"ListItem\",\"position\":1,\"name\":\"Portada\",\"item\":\"https:\\\/\\\/www.santafevalores.com\\\/\"},{\"@type\":\"ListItem\",\"position\":2,\"name\":\"Censo en Ecuador: la poblaci\u00f3n creci\u00f3 en 2,5 millones de personas en 12 a\u00f1os\"}]},{\"@type\":\"WebSite\",\"@id\":\"https:\\\/\\\/www.santafevalores.com\\\/#website\",\"url\":\"https:\\\/\\\/www.santafevalores.com\\\/\",\"name\":\"Santa Fe Casa de Valores S.A.\",\"description\":\"\",\"publisher\":{\"@id\":\"https:\\\/\\\/www.santafevalores.com\\\/#organization\"},\"potentialAction\":[{\"@type\":\"SearchAction\",\"target\":{\"@type\":\"EntryPoint\",\"urlTemplate\":\"https:\\\/\\\/www.santafevalores.com\\\/?s={search_term_string}\"},\"query-input\":{\"@type\":\"PropertyValueSpecification\",\"valueRequired\":true,\"valueName\":\"search_term_string\"}}],\"inLanguage\":\"es\"},{\"@type\":\"Organization\",\"@id\":\"https:\\\/\\\/www.santafevalores.com\\\/#organization\",\"name\":\"Santa Fe Casa de Valores S.A.\",\"alternateName\":\"SANTAFEVALORES\",\"url\":\"https:\\\/\\\/www.santafevalores.com\\\/\",\"logo\":{\"@type\":\"ImageObject\",\"inLanguage\":\"es\",\"@id\":\"https:\\\/\\\/www.santafevalores.com\\\/#\\\/schema\\\/logo\\\/image\\\/\",\"url\":\"https:\\\/\\\/www.santafevalores.com\\\/wp-content\\\/uploads\\\/2022\\\/06\\\/logo1.png\",\"contentUrl\":\"https:\\\/\\\/www.santafevalores.com\\\/wp-content\\\/uploads\\\/2022\\\/06\\\/logo1.png\",\"width\":235,\"height\":71,\"caption\":\"Santa Fe Casa de Valores S.A.\"},\"image\":{\"@id\":\"https:\\\/\\\/www.santafevalores.com\\\/#\\\/schema\\\/logo\\\/image\\\/\"},\"sameAs\":[\"https:\\\/\\\/www.facebook.com\\\/santafevalores\\\/\",\"https:\\\/\\\/x.com\\\/SantaFeValores\"]},{\"@type\":\"Person\",\"@id\":\"https:\\\/\\\/www.santafevalores.com\\\/#\\\/schema\\\/person\\\/d965a42370507d0a1638e69158bb5835\",\"name\":\"admin\",\"image\":{\"@type\":\"ImageObject\",\"inLanguage\":\"es\",\"@id\":\"https:\\\/\\\/secure.gravatar.com\\\/avatar\\\/97ec7f9eb6068ddac59d3806ca0034c167fce748f524adcfad8629911220756f?s=96&d=mm&r=g\",\"url\":\"https:\\\/\\\/secure.gravatar.com\\\/avatar\\\/97ec7f9eb6068ddac59d3806ca0034c167fce748f524adcfad8629911220756f?s=96&d=mm&r=g\",\"contentUrl\":\"https:\\\/\\\/secure.gravatar.com\\\/avatar\\\/97ec7f9eb6068ddac59d3806ca0034c167fce748f524adcfad8629911220756f?s=96&d=mm&r=g\",\"caption\":\"admin\"},\"sameAs\":[\"https:\\\/\\\/www.santafevalores.com\"],\"url\":\"https:\\\/\\\/www.santafevalores.com\\\/index.php\\\/author\\\/santafevaloresuio_ggv0vv79\\\/\"}]}<\/script>\n<!-- \/ Yoast SEO plugin. -->","yoast_head_json":{"title":"Censo en Ecuador: la poblaci\u00f3n creci\u00f3 en 2,5 millones de personas en 12 a\u00f1os - Santa Fe Casa de Valores S.A.","robots":{"index":"index","follow":"follow","max-snippet":"max-snippet:-1","max-image-preview":"max-image-preview:large","max-video-preview":"max-video-preview:-1"},"canonical":"https:\/\/www.santafevalores.com\/index.php\/2023\/09\/25\/sfv20230925uno\/","og_locale":"es_ES","og_type":"article","og_title":"Censo en Ecuador: la poblaci\u00f3n creci\u00f3 en 2,5 millones de personas en 12 a\u00f1os - Santa Fe Casa de Valores S.A.","og_description":"El Censo de Poblaci\u00f3n y Vivienda llevado a cabo el 7 de noviembre de 2022 arroj\u00f3 que viv\u00edan en el pa\u00eds ese d\u00eda 16\u2032938.986 de personas, lo que implica un crecimiento de 2,5 millones respecto del relevamiento de 2010. Existe una una mayor\u00eda de mujeres en el pa\u00eds, con 8\u2032686.463, lo que representa el 51,3%,&hellip;","og_url":"https:\/\/www.santafevalores.com\/index.php\/2023\/09\/25\/sfv20230925uno\/","og_site_name":"Santa Fe Casa de Valores S.A.","article_publisher":"https:\/\/www.facebook.com\/santafevalores\/","article_published_time":"2023-09-25T16:29:27+00:00","article_modified_time":"2023-09-25T16:46:14+00:00","og_image":[{"width":800,"height":535,"url":"https:\/\/www.santafevalores.com\/wp-content\/uploads\/2023\/09\/E1EBDBLBLD5GGNKC36KIJKP5PXY.jpg","type":"image\/jpeg"}],"author":"admin","twitter_card":"summary_large_image","twitter_creator":"@SantaFeValores","twitter_site":"@SantaFeValores","twitter_misc":{"Escrito por":"admin","Tiempo de lectura":"3 minutos"},"schema":{"@context":"https:\/\/schema.org","@graph":[{"@type":"Article","@id":"https:\/\/www.santafevalores.com\/index.php\/2023\/09\/25\/sfv20230925uno\/#article","isPartOf":{"@id":"https:\/\/www.santafevalores.com\/index.php\/2023\/09\/25\/sfv20230925uno\/"},"author":{"name":"admin","@id":"https:\/\/www.santafevalores.com\/#\/schema\/person\/d965a42370507d0a1638e69158bb5835"},"headline":"Censo en Ecuador: la poblaci\u00f3n creci\u00f3 en 2,5 millones de personas en 12 a\u00f1os","datePublished":"2023-09-25T16:29:27+00:00","dateModified":"2023-09-25T16:46:14+00:00","mainEntityOfPage":{"@id":"https:\/\/www.santafevalores.com\/index.php\/2023\/09\/25\/sfv20230925uno\/"},"wordCount":512,"commentCount":0,"publisher":{"@id":"https:\/\/www.santafevalores.com\/#organization"},"image":{"@id":"https:\/\/www.santafevalores.com\/index.php\/2023\/09\/25\/sfv20230925uno\/#primaryimage"},"thumbnailUrl":"https:\/\/www.santafevalores.com\/wp-content\/uploads\/2023\/09\/E1EBDBLBLD5GGNKC36KIJKP5PXY.jpg","articleSection":["Uncategorized"],"inLanguage":"es","potentialAction":[{"@type":"CommentAction","name":"Comment","target":["https:\/\/www.santafevalores.com\/index.php\/2023\/09\/25\/sfv20230925uno\/#respond"]}]},{"@type":"WebPage","@id":"https:\/\/www.santafevalores.com\/index.php\/2023\/09\/25\/sfv20230925uno\/","url":"https:\/\/www.santafevalores.com\/index.php\/2023\/09\/25\/sfv20230925uno\/","name":"Censo en Ecuador: la poblaci\u00f3n creci\u00f3 en 2,5 millones de personas en 12 a\u00f1os - Santa Fe Casa de Valores S.A.","isPartOf":{"@id":"https:\/\/www.santafevalores.com\/#website"},"primaryImageOfPage":{"@id":"https:\/\/www.santafevalores.com\/index.php\/2023\/09\/25\/sfv20230925uno\/#primaryimage"},"image":{"@id":"https:\/\/www.santafevalores.com\/index.php\/2023\/09\/25\/sfv20230925uno\/#primaryimage"},"thumbnailUrl":"https:\/\/www.santafevalores.com\/wp-content\/uploads\/2023\/09\/E1EBDBLBLD5GGNKC36KIJKP5PXY.jpg","datePublished":"2023-09-25T16:29:27+00:00","dateModified":"2023-09-25T16:46:14+00:00","breadcrumb":{"@id":"https:\/\/www.santafevalores.com\/index.php\/2023\/09\/25\/sfv20230925uno\/#breadcrumb"},"inLanguage":"es","potentialAction":[{"@type":"ReadAction","target":["https:\/\/www.santafevalores.com\/index.php\/2023\/09\/25\/sfv20230925uno\/"]}]},{"@type":"ImageObject","inLanguage":"es","@id":"https:\/\/www.santafevalores.com\/index.php\/2023\/09\/25\/sfv20230925uno\/#primaryimage","url":"https:\/\/www.santafevalores.com\/wp-content\/uploads\/2023\/09\/E1EBDBLBLD5GGNKC36KIJKP5PXY.jpg","contentUrl":"https:\/\/www.santafevalores.com\/wp-content\/uploads\/2023\/09\/E1EBDBLBLD5GGNKC36KIJKP5PXY.jpg","width":800,"height":535},{"@type":"BreadcrumbList","@id":"https:\/\/www.santafevalores.com\/index.php\/2023\/09\/25\/sfv20230925uno\/#breadcrumb","itemListElement":[{"@type":"ListItem","position":1,"name":"Portada","item":"https:\/\/www.santafevalores.com\/"},{"@type":"ListItem","position":2,"name":"Censo en Ecuador: la poblaci\u00f3n creci\u00f3 en 2,5 millones de personas en 12 a\u00f1os"}]},{"@type":"WebSite","@id":"https:\/\/www.santafevalores.com\/#website","url":"https:\/\/www.santafevalores.com\/","name":"Santa Fe Casa de Valores S.A.","description":"","publisher":{"@id":"https:\/\/www.santafevalores.com\/#organization"},"potentialAction":[{"@type":"SearchAction","target":{"@type":"EntryPoint","urlTemplate":"https:\/\/www.santafevalores.com\/?s={search_term_string}"},"query-input":{"@type":"PropertyValueSpecification","valueRequired":true,"valueName":"search_term_string"}}],"inLanguage":"es"},{"@type":"Organization","@id":"https:\/\/www.santafevalores.com\/#organization","name":"Santa Fe Casa de Valores S.A.","alternateName":"SANTAFEVALORES","url":"https:\/\/www.santafevalores.com\/","logo":{"@type":"ImageObject","inLanguage":"es","@id":"https:\/\/www.santafevalores.com\/#\/schema\/logo\/image\/","url":"https:\/\/www.santafevalores.com\/wp-content\/uploads\/2022\/06\/logo1.png","contentUrl":"https:\/\/www.santafevalores.com\/wp-content\/uploads\/2022\/06\/logo1.png","width":235,"height":71,"caption":"Santa Fe Casa de Valores S.A."},"image":{"@id":"https:\/\/www.santafevalores.com\/#\/schema\/logo\/image\/"},"sameAs":["https:\/\/www.facebook.com\/santafevalores\/","https:\/\/x.com\/SantaFeValores"]},{"@type":"Person","@id":"https:\/\/www.santafevalores.com\/#\/schema\/person\/d965a42370507d0a1638e69158bb5835","name":"admin","image":{"@type":"ImageObject","inLanguage":"es","@id":"https:\/\/secure.gravatar.com\/avatar\/97ec7f9eb6068ddac59d3806ca0034c167fce748f524adcfad8629911220756f?s=96&d=mm&r=g","url":"https:\/\/secure.gravatar.com\/avatar\/97ec7f9eb6068ddac59d3806ca0034c167fce748f524adcfad8629911220756f?s=96&d=mm&r=g","contentUrl":"https:\/\/secure.gravatar.com\/avatar\/97ec7f9eb6068ddac59d3806ca0034c167fce748f524adcfad8629911220756f?s=96&d=mm&r=g","caption":"admin"},"sameAs":["https:\/\/www.santafevalores.com"],"url":"https:\/\/www.santafevalores.com\/index.php\/author\/santafevaloresuio_ggv0vv79\/"}]}},"_links":{"self":[{"href":"https:\/\/www.santafevalores.com\/index.php\/wp-json\/wp\/v2\/posts\/68302","targetHints":{"allow":["GET"]}}],"collection":[{"href":"https:\/\/www.santafevalores.com\/index.php\/wp-json\/wp\/v2\/posts"}],"about":[{"href":"https:\/\/www.santafevalores.com\/index.php\/wp-json\/wp\/v2\/types\/post"}],"author":[{"embeddable":true,"href":"https:\/\/www.santafevalores.com\/index.php\/wp-json\/wp\/v2\/users\/1"}],"replies":[{"embeddable":true,"href":"https:\/\/www.santafevalores.com\/index.php\/wp-json\/wp\/v2\/comments?post=68302"}],"version-history":[{"count":8,"href":"https:\/\/www.santafevalores.com\/index.php\/wp-json\/wp\/v2\/posts\/68302\/revisions"}],"predecessor-version":[{"id":68313,"href":"https:\/\/www.santafevalores.com\/index.php\/wp-json\/wp\/v2\/posts\/68302\/revisions\/68313"}],"wp:featuredmedia":[{"embeddable":true,"href":"https:\/\/www.santafevalores.com\/index.php\/wp-json\/wp\/v2\/media\/68303"}],"wp:attachment":[{"href":"https:\/\/www.santafevalores.com\/index.php\/wp-json\/wp\/v2\/media?parent=68302"}],"wp:term":[{"taxonomy":"category","embeddable":true,"href":"https:\/\/www.santafevalores.com\/index.php\/wp-json\/wp\/v2\/categories?post=68302"},{"taxonomy":"post_tag","embeddable":true,"href":"https:\/\/www.santafevalores.com\/index.php\/wp-json\/wp\/v2\/tags?post=68302"}],"curies":[{"name":"wp","href":"https:\/\/api.w.org\/{rel}","templated":true}]}}