{"id":68331,"date":"2023-09-25T17:02:31","date_gmt":"2023-09-25T22:02:31","guid":{"rendered":"https:\/\/www.santafevalores.com\/?p=68331"},"modified":"2023-09-25T17:43:29","modified_gmt":"2023-09-25T22:43:29","slug":"sfv20230902tres","status":"publish","type":"post","link":"https:\/\/www.santafevalores.com\/index.php\/2023\/09\/25\/sfv20230902tres\/","title":{"rendered":"El desempleo en Ecuador disminuye, pero la informalidad sigue predominando"},"content":{"rendered":"\t\t<div data-elementor-type=\"wp-post\" data-elementor-id=\"68331\" class=\"elementor elementor-68331\" data-elementor-post-type=\"post\">\n\t\t\t\t\t\t<section class=\"elementor-section elementor-top-section elementor-element elementor-element-e980c28 elementor-section-boxed elementor-section-height-default elementor-section-height-default\" data-id=\"e980c28\" data-element_type=\"section\" data-e-type=\"section\">\n\t\t\t\t\t\t<div class=\"elementor-container elementor-column-gap-default\">\n\t\t\t\t\t<div class=\"elementor-column elementor-col-100 elementor-top-column elementor-element elementor-element-21b44f7\" data-id=\"21b44f7\" data-element_type=\"column\" data-e-type=\"column\">\n\t\t\t<div class=\"elementor-widget-wrap elementor-element-populated\">\n\t\t\t\t\t\t<div class=\"elementor-element elementor-element-3c04a51 elementor-widget elementor-widget-image\" data-id=\"3c04a51\" data-element_type=\"widget\" data-e-type=\"widget\" data-widget_type=\"image.default\">\n\t\t\t\t<div class=\"elementor-widget-container\">\n\t\t\t\t\t\t\t\t\t\t\t\t\t\t\t<img fetchpriority=\"high\" decoding=\"async\" width=\"800\" height=\"539\" src=\"https:\/\/www.santafevalores.com\/wp-content\/uploads\/2023\/09\/E15LRWHNHQJC57GZN7IOQITJD5Y.webp\" class=\"attachment-large size-large wp-image-68337\" alt=\"\" srcset=\"https:\/\/www.santafevalores.com\/wp-content\/uploads\/2023\/09\/E15LRWHNHQJC57GZN7IOQITJD5Y.webp 800w, https:\/\/www.santafevalores.com\/wp-content\/uploads\/2023\/09\/E15LRWHNHQJC57GZN7IOQITJD5Y-300x202.webp 300w, https:\/\/www.santafevalores.com\/wp-content\/uploads\/2023\/09\/E15LRWHNHQJC57GZN7IOQITJD5Y-768x517.webp 768w\" sizes=\"(max-width: 800px) 100vw, 800px\" \/>\t\t\t\t\t\t\t\t\t\t\t\t\t\t\t<\/div>\n\t\t\t\t<\/div>\n\t\t\t\t\t<\/div>\n\t\t<\/div>\n\t\t\t\t\t<\/div>\n\t\t<\/section>\n\t\t\t\t<section class=\"elementor-section elementor-top-section elementor-element elementor-element-589f394 elementor-section-boxed elementor-section-height-default elementor-section-height-default\" data-id=\"589f394\" data-element_type=\"section\" data-e-type=\"section\">\n\t\t\t\t\t\t<div class=\"elementor-container elementor-column-gap-default\">\n\t\t\t\t\t<div class=\"elementor-column elementor-col-100 elementor-top-column elementor-element elementor-element-3b9044b\" data-id=\"3b9044b\" data-element_type=\"column\" data-e-type=\"column\">\n\t\t\t<div class=\"elementor-widget-wrap elementor-element-populated\">\n\t\t\t\t\t\t<div class=\"elementor-element elementor-element-c37d1ab elementor-widget elementor-widget-text-editor\" data-id=\"c37d1ab\" data-element_type=\"widget\" data-e-type=\"widget\" data-widget_type=\"text-editor.default\">\n\t\t\t\t<div class=\"elementor-widget-container\">\n\t\t\t\t\t\t\t\t\t<p>El desempleo en <b>Ecuador<\/b>, a nivel nacional, <b>alcanz\u00f3 una tasa de 3,5%, de la Poblaci\u00f3n Econ\u00f3micamente Activa (PEA),<\/b> seg\u00fan datos reflejados por la Encuesta Nacional de Empleo, Desempleo y Subempleo (ENEMDU) correspondiente a agosto. Los datos son publicados por el Instituto Nacional de Estad\u00edsticas y Censos (INEC).<\/p>\n<p><b>El dato de desempleo mostr\u00f3 una mejora respecto de julio,<\/b> mes en el que se hab\u00eda situado en 3,7%, y tambi\u00e9n en relaci\u00f3n a agosto de 2022, cuando se ubic\u00f3 en 4%.<\/p>\t\t\t\t\t\t\t\t<\/div>\n\t\t\t\t<\/div>\n\t\t\t\t\t<\/div>\n\t\t<\/div>\n\t\t\t\t\t<\/div>\n\t\t<\/section>\n\t\t\t\t<section class=\"elementor-section elementor-top-section elementor-element elementor-element-be55af1 elementor-section-boxed elementor-section-height-default elementor-section-height-default\" data-id=\"be55af1\" data-element_type=\"section\" data-e-type=\"section\">\n\t\t\t\t\t\t<div class=\"elementor-container elementor-column-gap-default\">\n\t\t\t\t\t<div class=\"elementor-column elementor-col-100 elementor-top-column elementor-element elementor-element-779bbac\" data-id=\"779bbac\" data-element_type=\"column\" data-e-type=\"column\">\n\t\t\t<div class=\"elementor-widget-wrap elementor-element-populated\">\n\t\t\t\t\t\t<div class=\"elementor-element elementor-element-0b09762 elementor-widget elementor-widget-image\" data-id=\"0b09762\" data-element_type=\"widget\" data-e-type=\"widget\" data-widget_type=\"image.default\">\n\t\t\t\t<div class=\"elementor-widget-container\">\n\t\t\t\t\t\t\t\t\t\t\t\t\t\t\t<img decoding=\"async\" width=\"1024\" height=\"541\" src=\"https:\/\/www.santafevalores.com\/wp-content\/uploads\/2023\/09\/A27IATMG24IRBXRJJZDMRSNAN2KQ-1024x541.webp\" class=\"attachment-large size-large wp-image-68338\" alt=\"\" srcset=\"https:\/\/www.santafevalores.com\/wp-content\/uploads\/2023\/09\/A27IATMG24IRBXRJJZDMRSNAN2KQ-1024x541.webp 1024w, https:\/\/www.santafevalores.com\/wp-content\/uploads\/2023\/09\/A27IATMG24IRBXRJJZDMRSNAN2KQ-300x159.webp 300w, https:\/\/www.santafevalores.com\/wp-content\/uploads\/2023\/09\/A27IATMG24IRBXRJJZDMRSNAN2KQ-768x406.webp 768w, https:\/\/www.santafevalores.com\/wp-content\/uploads\/2023\/09\/A27IATMG24IRBXRJJZDMRSNAN2KQ.webp 1440w\" sizes=\"(max-width: 1024px) 100vw, 1024px\" \/>\t\t\t\t\t\t\t\t\t\t\t\t\t\t\t<\/div>\n\t\t\t\t<\/div>\n\t\t\t\t\t<\/div>\n\t\t<\/div>\n\t\t\t\t\t<\/div>\n\t\t<\/section>\n\t\t\t\t<section class=\"elementor-section elementor-top-section elementor-element elementor-element-48d67ad elementor-section-boxed elementor-section-height-default elementor-section-height-default\" data-id=\"48d67ad\" data-element_type=\"section\" data-e-type=\"section\">\n\t\t\t\t\t\t<div class=\"elementor-container elementor-column-gap-default\">\n\t\t\t\t\t<div class=\"elementor-column elementor-col-100 elementor-top-column elementor-element elementor-element-7009059\" data-id=\"7009059\" data-element_type=\"column\" data-e-type=\"column\">\n\t\t\t<div class=\"elementor-widget-wrap elementor-element-populated\">\n\t\t\t\t\t\t<div class=\"elementor-element elementor-element-41db70f elementor-widget elementor-widget-text-editor\" data-id=\"41db70f\" data-element_type=\"widget\" data-e-type=\"widget\" data-widget_type=\"text-editor.default\">\n\t\t\t\t<div class=\"elementor-widget-container\">\n\t\t\t\t\t\t\t\t\t<p>A nivel urbano el desempleo se ubica en 4,5% y en las zonas rurales en 1,4%, seg\u00fan los datos oficiales.<\/p>\n<p>Asimismo, en agosto de 2023, <b>la tasa de desempleo se ubic\u00f3 en 4,2% para las mujeres y 3% para los hombres.<\/b><\/p>\n<p><b>Poblaci\u00f3n ocupada seg\u00fan condici\u00f3n de actividad<\/b><\/p>\n<p>Dentro de la poblaci\u00f3n ocupada, el 35% se encuentra en un nivel adecuado\/pleno, el 21,2% est\u00e1 subempleado, el 29,6% tiene un empleo no pleno y el 10,% tiene un empleo no remunerado.<\/p>\t\t\t\t\t\t\t\t<\/div>\n\t\t\t\t<\/div>\n\t\t\t\t\t<\/div>\n\t\t<\/div>\n\t\t\t\t\t<\/div>\n\t\t<\/section>\n\t\t\t\t<section class=\"elementor-section elementor-top-section elementor-element elementor-element-240353e elementor-section-boxed elementor-section-height-default elementor-section-height-default\" data-id=\"240353e\" data-element_type=\"section\" data-e-type=\"section\">\n\t\t\t\t\t\t<div class=\"elementor-container elementor-column-gap-default\">\n\t\t\t\t\t<div class=\"elementor-column elementor-col-100 elementor-top-column elementor-element elementor-element-904eb39\" data-id=\"904eb39\" data-element_type=\"column\" data-e-type=\"column\">\n\t\t\t<div class=\"elementor-widget-wrap elementor-element-populated\">\n\t\t\t\t\t\t<div class=\"elementor-element elementor-element-5bf6500 elementor-widget elementor-widget-image\" data-id=\"5bf6500\" data-element_type=\"widget\" data-e-type=\"widget\" data-widget_type=\"image.default\">\n\t\t\t\t<div class=\"elementor-widget-container\">\n\t\t\t\t\t\t\t\t\t\t\t\t\t\t\t<img decoding=\"async\" width=\"1024\" height=\"545\" src=\"https:\/\/www.santafevalores.com\/wp-content\/uploads\/2023\/09\/J3IMA3ELV3VFNBMIVMFNREKNFKM-1024x545.webp\" class=\"attachment-large size-large wp-image-68339\" alt=\"\" srcset=\"https:\/\/www.santafevalores.com\/wp-content\/uploads\/2023\/09\/J3IMA3ELV3VFNBMIVMFNREKNFKM-1024x545.webp 1024w, https:\/\/www.santafevalores.com\/wp-content\/uploads\/2023\/09\/J3IMA3ELV3VFNBMIVMFNREKNFKM-300x160.webp 300w, https:\/\/www.santafevalores.com\/wp-content\/uploads\/2023\/09\/J3IMA3ELV3VFNBMIVMFNREKNFKM-768x409.webp 768w, https:\/\/www.santafevalores.com\/wp-content\/uploads\/2023\/09\/J3IMA3ELV3VFNBMIVMFNREKNFKM.webp 1440w\" sizes=\"(max-width: 1024px) 100vw, 1024px\" \/>\t\t\t\t\t\t\t\t\t\t\t\t\t\t\t<\/div>\n\t\t\t\t<\/div>\n\t\t\t\t\t<\/div>\n\t\t<\/div>\n\t\t\t\t\t<\/div>\n\t\t<\/section>\n\t\t\t\t<section class=\"elementor-section elementor-top-section elementor-element elementor-element-fe7f8c8 elementor-section-boxed elementor-section-height-default elementor-section-height-default\" data-id=\"fe7f8c8\" data-element_type=\"section\" data-e-type=\"section\">\n\t\t\t\t\t\t<div class=\"elementor-container elementor-column-gap-default\">\n\t\t\t\t\t<div class=\"elementor-column elementor-col-100 elementor-top-column elementor-element elementor-element-c58f6ad\" data-id=\"c58f6ad\" data-element_type=\"column\" data-e-type=\"column\">\n\t\t\t<div class=\"elementor-widget-wrap elementor-element-populated\">\n\t\t\t\t\t\t<div class=\"elementor-element elementor-element-2ccb682 elementor-widget elementor-widget-text-editor\" data-id=\"2ccb682\" data-element_type=\"widget\" data-e-type=\"widget\" data-widget_type=\"text-editor.default\">\n\t\t\t\t<div class=\"elementor-widget-container\">\n\t\t\t\t\t\t\t\t\t<p><b>Empleo informal<\/b><\/p>\n<p>Para agosto de 2023, <b>el 54,6% de personas con empleo se encontraban en el sector informal de la econom\u00eda.<\/b> Esto implica una mejora en relaci\u00f3n al mes de julio 2023 (cuando se ubicaba en 54,8%), pero tambi\u00e9n <b>marca un incremento interanual de la informalidad, quen agosto 2022 se ubicaba en 52,2%.<\/b><\/p>\t\t\t\t\t\t\t\t<\/div>\n\t\t\t\t<\/div>\n\t\t\t\t\t<\/div>\n\t\t<\/div>\n\t\t\t\t\t<\/div>\n\t\t<\/section>\n\t\t\t\t<section class=\"elementor-section elementor-top-section elementor-element elementor-element-5ebde64 elementor-section-boxed elementor-section-height-default elementor-section-height-default\" data-id=\"5ebde64\" data-element_type=\"section\" data-e-type=\"section\">\n\t\t\t\t\t\t<div class=\"elementor-container elementor-column-gap-default\">\n\t\t\t\t\t<div class=\"elementor-column elementor-col-100 elementor-top-column elementor-element elementor-element-d4b92fb\" data-id=\"d4b92fb\" data-element_type=\"column\" data-e-type=\"column\">\n\t\t\t<div class=\"elementor-widget-wrap elementor-element-populated\">\n\t\t\t\t\t\t<div class=\"elementor-element elementor-element-362aaa4 elementor-widget elementor-widget-image\" data-id=\"362aaa4\" data-element_type=\"widget\" data-e-type=\"widget\" data-widget_type=\"image.default\">\n\t\t\t\t<div class=\"elementor-widget-container\">\n\t\t\t\t\t\t\t\t\t\t\t\t\t\t\t<img loading=\"lazy\" decoding=\"async\" width=\"1024\" height=\"533\" src=\"https:\/\/www.santafevalores.com\/wp-content\/uploads\/2023\/09\/A42PBF5YOIVDY7H65KUDD4HWD5A-1024x533.webp\" class=\"attachment-large size-large wp-image-68340\" alt=\"\" srcset=\"https:\/\/www.santafevalores.com\/wp-content\/uploads\/2023\/09\/A42PBF5YOIVDY7H65KUDD4HWD5A-1024x533.webp 1024w, https:\/\/www.santafevalores.com\/wp-content\/uploads\/2023\/09\/A42PBF5YOIVDY7H65KUDD4HWD5A-300x156.webp 300w, https:\/\/www.santafevalores.com\/wp-content\/uploads\/2023\/09\/A42PBF5YOIVDY7H65KUDD4HWD5A-768x399.webp 768w, https:\/\/www.santafevalores.com\/wp-content\/uploads\/2023\/09\/A42PBF5YOIVDY7H65KUDD4HWD5A.webp 1440w\" sizes=\"(max-width: 1024px) 100vw, 1024px\" \/>\t\t\t\t\t\t\t\t\t\t\t\t\t\t\t<\/div>\n\t\t\t\t<\/div>\n\t\t\t\t\t<\/div>\n\t\t<\/div>\n\t\t\t\t\t<\/div>\n\t\t<\/section>\n\t\t\t\t<section class=\"elementor-section elementor-top-section elementor-element elementor-element-a1e8ecc elementor-section-boxed elementor-section-height-default elementor-section-height-default\" data-id=\"a1e8ecc\" data-element_type=\"section\" data-e-type=\"section\">\n\t\t\t\t\t\t<div class=\"elementor-container elementor-column-gap-default\">\n\t\t\t\t\t<div class=\"elementor-column elementor-col-100 elementor-top-column elementor-element elementor-element-e3188e8\" data-id=\"e3188e8\" data-element_type=\"column\" data-e-type=\"column\">\n\t\t\t<div class=\"elementor-widget-wrap elementor-element-populated\">\n\t\t\t\t\t\t<div class=\"elementor-element elementor-element-d6af2fc elementor-widget elementor-widget-text-editor\" data-id=\"d6af2fc\" data-element_type=\"widget\" data-e-type=\"widget\" data-widget_type=\"text-editor.default\">\n\t\t\t\t<div class=\"elementor-widget-container\">\n\t\t\t\t\t\t\t\t\t<p><b>Tasa de participaci\u00f3n<\/b><\/p>\n<p>En agosto 2023, la tasa de participaci\u00f3n bruta a nivel nacional fue de 46,3%, mientras que, la tasa de participaci\u00f3n global se ubic\u00f3 en 65,1%. En ambos casos, las tasas del \u00e1rea rural de ambos indicadores superan al dato del \u00e1rea urbana y nacional.<\/p>\t\t\t\t\t\t\t\t<\/div>\n\t\t\t\t<\/div>\n\t\t\t\t\t<\/div>\n\t\t<\/div>\n\t\t\t\t\t<\/div>\n\t\t<\/section>\n\t\t\t\t<section class=\"elementor-section elementor-top-section elementor-element elementor-element-543b812 elementor-section-boxed elementor-section-height-default elementor-section-height-default\" data-id=\"543b812\" data-element_type=\"section\" data-e-type=\"section\">\n\t\t\t\t\t\t<div class=\"elementor-container elementor-column-gap-default\">\n\t\t\t\t\t<div class=\"elementor-column elementor-col-100 elementor-top-column elementor-element elementor-element-1d7dc1a\" data-id=\"1d7dc1a\" data-element_type=\"column\" data-e-type=\"column\">\n\t\t\t<div class=\"elementor-widget-wrap elementor-element-populated\">\n\t\t\t\t\t\t<div class=\"elementor-element elementor-element-049d76c elementor-widget elementor-widget-image\" data-id=\"049d76c\" data-element_type=\"widget\" data-e-type=\"widget\" data-widget_type=\"image.default\">\n\t\t\t\t<div class=\"elementor-widget-container\">\n\t\t\t\t\t\t\t\t\t\t\t\t\t\t\t<img loading=\"lazy\" decoding=\"async\" width=\"1024\" height=\"527\" src=\"https:\/\/www.santafevalores.com\/wp-content\/uploads\/2023\/09\/D56MZ7J52YEBDKJADEJXGKMXHW4A-1024x527.webp\" class=\"attachment-large size-large wp-image-68341\" alt=\"\" srcset=\"https:\/\/www.santafevalores.com\/wp-content\/uploads\/2023\/09\/D56MZ7J52YEBDKJADEJXGKMXHW4A-1024x527.webp 1024w, https:\/\/www.santafevalores.com\/wp-content\/uploads\/2023\/09\/D56MZ7J52YEBDKJADEJXGKMXHW4A-300x154.webp 300w, https:\/\/www.santafevalores.com\/wp-content\/uploads\/2023\/09\/D56MZ7J52YEBDKJADEJXGKMXHW4A-768x395.webp 768w, https:\/\/www.santafevalores.com\/wp-content\/uploads\/2023\/09\/D56MZ7J52YEBDKJADEJXGKMXHW4A.webp 1440w\" sizes=\"(max-width: 1024px) 100vw, 1024px\" \/>\t\t\t\t\t\t\t\t\t\t\t\t\t\t\t<\/div>\n\t\t\t\t<\/div>\n\t\t\t\t\t<\/div>\n\t\t<\/div>\n\t\t\t\t\t<\/div>\n\t\t<\/section>\n\t\t\t\t<section class=\"elementor-section elementor-top-section elementor-element elementor-element-5e12c5c elementor-section-boxed elementor-section-height-default elementor-section-height-default\" data-id=\"5e12c5c\" data-element_type=\"section\" data-e-type=\"section\">\n\t\t\t\t\t\t<div class=\"elementor-container elementor-column-gap-default\">\n\t\t\t\t\t<div class=\"elementor-column elementor-col-100 elementor-top-column elementor-element elementor-element-05e99d8\" data-id=\"05e99d8\" data-element_type=\"column\" data-e-type=\"column\">\n\t\t\t<div class=\"elementor-widget-wrap elementor-element-populated\">\n\t\t\t\t\t\t<div class=\"elementor-element elementor-element-47a6fe3 elementor-headline--style-highlight elementor-widget elementor-widget-animated-headline\" data-id=\"47a6fe3\" data-element_type=\"widget\" data-e-type=\"widget\" data-settings=\"{&quot;highlighted_text&quot;:&quot;reporta Bloomberg&quot;,&quot;headline_style&quot;:&quot;highlight&quot;,&quot;marker&quot;:&quot;circle&quot;,&quot;loop&quot;:&quot;yes&quot;,&quot;highlight_animation_duration&quot;:1200,&quot;highlight_iteration_delay&quot;:8000}\" data-widget_type=\"animated-headline.default\">\n\t\t\t\t<div class=\"elementor-widget-container\">\n\t\t\t\t\t\t\t\t<a href=\"https:\/\/www.bloomberglinea.com\/latinoamerica\/ecuador\/el-desempleo-en-ecuador-disminuye-pero-la-informalidad-sigue-predominando\/\" target=\"_blank\">\n\n\t\t\t\t\t<p class=\"elementor-headline\">\n\t\t\t\t\t<span class=\"elementor-headline-plain-text elementor-headline-text-wrapper\">Fuente:<\/span>\n\t\t\t\t<span class=\"elementor-headline-dynamic-wrapper elementor-headline-text-wrapper\">\n\t\t\t\t\t<span class=\"elementor-headline-dynamic-text elementor-headline-text-active\">reporta Bloomberg<\/span>\n\t\t\t\t<\/span>\n\t\t\t\t<\/p>\n\t\t<\/a>\t\t\t\t<\/div>\n\t\t\t\t<\/div>\n\t\t\t\t\t<\/div>\n\t\t<\/div>\n\t\t\t\t\t<\/div>\n\t\t<\/section>\n\t\t\t\t<\/div>\n\t\t","protected":false},"excerpt":{"rendered":"<p>El desempleo en Ecuador, a nivel nacional, alcanz\u00f3 una tasa de 3,5%, de la Poblaci\u00f3n Econ\u00f3micamente Activa (PEA), seg\u00fan datos reflejados por la Encuesta Nacional de Empleo, Desempleo y Subempleo (ENEMDU) correspondiente a agosto. Los datos son publicados por el Instituto Nacional de Estad\u00edsticas y Censos (INEC). El dato de desempleo mostr\u00f3 una mejora respecto&hellip;<\/p>\n","protected":false},"author":1,"featured_media":68337,"comment_status":"open","ping_status":"closed","sticky":false,"template":"","format":"standard","meta":{"content-type":"","_joinchat":[],"footnotes":""},"categories":[1],"tags":[],"class_list":["post-68331","post","type-post","status-publish","format-standard","has-post-thumbnail","hentry","category-uncategorized"],"yoast_head":"<!-- This site is optimized with the Yoast SEO plugin v27.5 - https:\/\/yoast.com\/product\/yoast-seo-wordpress\/ -->\n<title>El desempleo en Ecuador disminuye, pero la informalidad sigue predominando - Santa Fe Casa de Valores S.A.<\/title>\n<meta name=\"robots\" content=\"index, follow, max-snippet:-1, max-image-preview:large, max-video-preview:-1\" \/>\n<link rel=\"canonical\" href=\"https:\/\/www.santafevalores.com\/index.php\/2023\/09\/25\/sfv20230902tres\/\" \/>\n<meta property=\"og:locale\" content=\"es_ES\" \/>\n<meta property=\"og:type\" content=\"article\" \/>\n<meta property=\"og:title\" content=\"El desempleo en Ecuador disminuye, pero la informalidad sigue predominando - Santa Fe Casa de Valores S.A.\" \/>\n<meta property=\"og:description\" content=\"El desempleo en Ecuador, a nivel nacional, alcanz\u00f3 una tasa de 3,5%, de la Poblaci\u00f3n Econ\u00f3micamente Activa (PEA), seg\u00fan datos reflejados por la Encuesta Nacional de Empleo, Desempleo y Subempleo (ENEMDU) correspondiente a agosto. Los datos son publicados por el Instituto Nacional de Estad\u00edsticas y Censos (INEC). El dato de desempleo mostr\u00f3 una mejora respecto&hellip;\" \/>\n<meta property=\"og:url\" content=\"https:\/\/www.santafevalores.com\/index.php\/2023\/09\/25\/sfv20230902tres\/\" \/>\n<meta property=\"og:site_name\" content=\"Santa Fe Casa de Valores S.A.\" \/>\n<meta property=\"article:publisher\" content=\"https:\/\/www.facebook.com\/santafevalores\/\" \/>\n<meta property=\"article:published_time\" content=\"2023-09-25T22:02:31+00:00\" \/>\n<meta property=\"article:modified_time\" content=\"2023-09-25T22:43:29+00:00\" \/>\n<meta property=\"og:image\" content=\"https:\/\/www.santafevalores.com\/wp-content\/uploads\/2023\/09\/E15LRWHNHQJC57GZN7IOQITJD5Y.webp\" \/>\n\t<meta property=\"og:image:width\" content=\"800\" \/>\n\t<meta property=\"og:image:height\" content=\"539\" \/>\n\t<meta property=\"og:image:type\" content=\"image\/webp\" \/>\n<meta name=\"author\" content=\"admin\" \/>\n<meta name=\"twitter:card\" content=\"summary_large_image\" \/>\n<meta name=\"twitter:image\" content=\"https:\/\/www.santafevalores.com\/wp-content\/uploads\/2023\/09\/E15LRWHNHQJC57GZN7IOQITJD5Y.webp\" \/>\n<meta name=\"twitter:creator\" content=\"@SantaFeValores\" \/>\n<meta name=\"twitter:site\" content=\"@SantaFeValores\" \/>\n<meta name=\"twitter:label1\" content=\"Escrito por\" \/>\n\t<meta name=\"twitter:data1\" content=\"admin\" \/>\n\t<meta name=\"twitter:label2\" content=\"Tiempo de lectura\" \/>\n\t<meta name=\"twitter:data2\" content=\"3 minutos\" \/>\n<script type=\"application\/ld+json\" class=\"yoast-schema-graph\">{\"@context\":\"https:\\\/\\\/schema.org\",\"@graph\":[{\"@type\":\"Article\",\"@id\":\"https:\\\/\\\/www.santafevalores.com\\\/index.php\\\/2023\\\/09\\\/25\\\/sfv20230902tres\\\/#article\",\"isPartOf\":{\"@id\":\"https:\\\/\\\/www.santafevalores.com\\\/index.php\\\/2023\\\/09\\\/25\\\/sfv20230902tres\\\/\"},\"author\":{\"name\":\"admin\",\"@id\":\"https:\\\/\\\/www.santafevalores.com\\\/#\\\/schema\\\/person\\\/d965a42370507d0a1638e69158bb5835\"},\"headline\":\"El desempleo en Ecuador disminuye, pero la informalidad sigue predominando\",\"datePublished\":\"2023-09-25T22:02:31+00:00\",\"dateModified\":\"2023-09-25T22:43:29+00:00\",\"mainEntityOfPage\":{\"@id\":\"https:\\\/\\\/www.santafevalores.com\\\/index.php\\\/2023\\\/09\\\/25\\\/sfv20230902tres\\\/\"},\"wordCount\":268,\"commentCount\":0,\"publisher\":{\"@id\":\"https:\\\/\\\/www.santafevalores.com\\\/#organization\"},\"image\":{\"@id\":\"https:\\\/\\\/www.santafevalores.com\\\/index.php\\\/2023\\\/09\\\/25\\\/sfv20230902tres\\\/#primaryimage\"},\"thumbnailUrl\":\"https:\\\/\\\/www.santafevalores.com\\\/wp-content\\\/uploads\\\/2023\\\/09\\\/E15LRWHNHQJC57GZN7IOQITJD5Y.webp\",\"articleSection\":[\"Uncategorized\"],\"inLanguage\":\"es\",\"potentialAction\":[{\"@type\":\"CommentAction\",\"name\":\"Comment\",\"target\":[\"https:\\\/\\\/www.santafevalores.com\\\/index.php\\\/2023\\\/09\\\/25\\\/sfv20230902tres\\\/#respond\"]}]},{\"@type\":\"WebPage\",\"@id\":\"https:\\\/\\\/www.santafevalores.com\\\/index.php\\\/2023\\\/09\\\/25\\\/sfv20230902tres\\\/\",\"url\":\"https:\\\/\\\/www.santafevalores.com\\\/index.php\\\/2023\\\/09\\\/25\\\/sfv20230902tres\\\/\",\"name\":\"El desempleo en Ecuador disminuye, pero la informalidad sigue predominando - Santa Fe Casa de Valores S.A.\",\"isPartOf\":{\"@id\":\"https:\\\/\\\/www.santafevalores.com\\\/#website\"},\"primaryImageOfPage\":{\"@id\":\"https:\\\/\\\/www.santafevalores.com\\\/index.php\\\/2023\\\/09\\\/25\\\/sfv20230902tres\\\/#primaryimage\"},\"image\":{\"@id\":\"https:\\\/\\\/www.santafevalores.com\\\/index.php\\\/2023\\\/09\\\/25\\\/sfv20230902tres\\\/#primaryimage\"},\"thumbnailUrl\":\"https:\\\/\\\/www.santafevalores.com\\\/wp-content\\\/uploads\\\/2023\\\/09\\\/E15LRWHNHQJC57GZN7IOQITJD5Y.webp\",\"datePublished\":\"2023-09-25T22:02:31+00:00\",\"dateModified\":\"2023-09-25T22:43:29+00:00\",\"breadcrumb\":{\"@id\":\"https:\\\/\\\/www.santafevalores.com\\\/index.php\\\/2023\\\/09\\\/25\\\/sfv20230902tres\\\/#breadcrumb\"},\"inLanguage\":\"es\",\"potentialAction\":[{\"@type\":\"ReadAction\",\"target\":[\"https:\\\/\\\/www.santafevalores.com\\\/index.php\\\/2023\\\/09\\\/25\\\/sfv20230902tres\\\/\"]}]},{\"@type\":\"ImageObject\",\"inLanguage\":\"es\",\"@id\":\"https:\\\/\\\/www.santafevalores.com\\\/index.php\\\/2023\\\/09\\\/25\\\/sfv20230902tres\\\/#primaryimage\",\"url\":\"https:\\\/\\\/www.santafevalores.com\\\/wp-content\\\/uploads\\\/2023\\\/09\\\/E15LRWHNHQJC57GZN7IOQITJD5Y.webp\",\"contentUrl\":\"https:\\\/\\\/www.santafevalores.com\\\/wp-content\\\/uploads\\\/2023\\\/09\\\/E15LRWHNHQJC57GZN7IOQITJD5Y.webp\",\"width\":800,\"height\":539},{\"@type\":\"BreadcrumbList\",\"@id\":\"https:\\\/\\\/www.santafevalores.com\\\/index.php\\\/2023\\\/09\\\/25\\\/sfv20230902tres\\\/#breadcrumb\",\"itemListElement\":[{\"@type\":\"ListItem\",\"position\":1,\"name\":\"Portada\",\"item\":\"https:\\\/\\\/www.santafevalores.com\\\/\"},{\"@type\":\"ListItem\",\"position\":2,\"name\":\"El desempleo en Ecuador disminuye, pero la informalidad sigue predominando\"}]},{\"@type\":\"WebSite\",\"@id\":\"https:\\\/\\\/www.santafevalores.com\\\/#website\",\"url\":\"https:\\\/\\\/www.santafevalores.com\\\/\",\"name\":\"Santa Fe Casa de Valores S.A.\",\"description\":\"\",\"publisher\":{\"@id\":\"https:\\\/\\\/www.santafevalores.com\\\/#organization\"},\"potentialAction\":[{\"@type\":\"SearchAction\",\"target\":{\"@type\":\"EntryPoint\",\"urlTemplate\":\"https:\\\/\\\/www.santafevalores.com\\\/?s={search_term_string}\"},\"query-input\":{\"@type\":\"PropertyValueSpecification\",\"valueRequired\":true,\"valueName\":\"search_term_string\"}}],\"inLanguage\":\"es\"},{\"@type\":\"Organization\",\"@id\":\"https:\\\/\\\/www.santafevalores.com\\\/#organization\",\"name\":\"Santa Fe Casa de Valores S.A.\",\"alternateName\":\"SANTAFEVALORES\",\"url\":\"https:\\\/\\\/www.santafevalores.com\\\/\",\"logo\":{\"@type\":\"ImageObject\",\"inLanguage\":\"es\",\"@id\":\"https:\\\/\\\/www.santafevalores.com\\\/#\\\/schema\\\/logo\\\/image\\\/\",\"url\":\"https:\\\/\\\/www.santafevalores.com\\\/wp-content\\\/uploads\\\/2022\\\/06\\\/logo1.png\",\"contentUrl\":\"https:\\\/\\\/www.santafevalores.com\\\/wp-content\\\/uploads\\\/2022\\\/06\\\/logo1.png\",\"width\":235,\"height\":71,\"caption\":\"Santa Fe Casa de Valores S.A.\"},\"image\":{\"@id\":\"https:\\\/\\\/www.santafevalores.com\\\/#\\\/schema\\\/logo\\\/image\\\/\"},\"sameAs\":[\"https:\\\/\\\/www.facebook.com\\\/santafevalores\\\/\",\"https:\\\/\\\/x.com\\\/SantaFeValores\"]},{\"@type\":\"Person\",\"@id\":\"https:\\\/\\\/www.santafevalores.com\\\/#\\\/schema\\\/person\\\/d965a42370507d0a1638e69158bb5835\",\"name\":\"admin\",\"image\":{\"@type\":\"ImageObject\",\"inLanguage\":\"es\",\"@id\":\"https:\\\/\\\/secure.gravatar.com\\\/avatar\\\/97ec7f9eb6068ddac59d3806ca0034c167fce748f524adcfad8629911220756f?s=96&d=mm&r=g\",\"url\":\"https:\\\/\\\/secure.gravatar.com\\\/avatar\\\/97ec7f9eb6068ddac59d3806ca0034c167fce748f524adcfad8629911220756f?s=96&d=mm&r=g\",\"contentUrl\":\"https:\\\/\\\/secure.gravatar.com\\\/avatar\\\/97ec7f9eb6068ddac59d3806ca0034c167fce748f524adcfad8629911220756f?s=96&d=mm&r=g\",\"caption\":\"admin\"},\"sameAs\":[\"https:\\\/\\\/www.santafevalores.com\"],\"url\":\"https:\\\/\\\/www.santafevalores.com\\\/index.php\\\/author\\\/santafevaloresuio_ggv0vv79\\\/\"}]}<\/script>\n<!-- \/ Yoast SEO plugin. -->","yoast_head_json":{"title":"El desempleo en Ecuador disminuye, pero la informalidad sigue predominando - Santa Fe Casa de Valores S.A.","robots":{"index":"index","follow":"follow","max-snippet":"max-snippet:-1","max-image-preview":"max-image-preview:large","max-video-preview":"max-video-preview:-1"},"canonical":"https:\/\/www.santafevalores.com\/index.php\/2023\/09\/25\/sfv20230902tres\/","og_locale":"es_ES","og_type":"article","og_title":"El desempleo en Ecuador disminuye, pero la informalidad sigue predominando - Santa Fe Casa de Valores S.A.","og_description":"El desempleo en Ecuador, a nivel nacional, alcanz\u00f3 una tasa de 3,5%, de la Poblaci\u00f3n Econ\u00f3micamente Activa (PEA), seg\u00fan datos reflejados por la Encuesta Nacional de Empleo, Desempleo y Subempleo (ENEMDU) correspondiente a agosto. Los datos son publicados por el Instituto Nacional de Estad\u00edsticas y Censos (INEC). El dato de desempleo mostr\u00f3 una mejora respecto&hellip;","og_url":"https:\/\/www.santafevalores.com\/index.php\/2023\/09\/25\/sfv20230902tres\/","og_site_name":"Santa Fe Casa de Valores S.A.","article_publisher":"https:\/\/www.facebook.com\/santafevalores\/","article_published_time":"2023-09-25T22:02:31+00:00","article_modified_time":"2023-09-25T22:43:29+00:00","og_image":[{"width":800,"height":539,"url":"https:\/\/www.santafevalores.com\/wp-content\/uploads\/2023\/09\/E15LRWHNHQJC57GZN7IOQITJD5Y.webp","type":"image\/webp"}],"author":"admin","twitter_card":"summary_large_image","twitter_image":"https:\/\/www.santafevalores.com\/wp-content\/uploads\/2023\/09\/E15LRWHNHQJC57GZN7IOQITJD5Y.webp","twitter_creator":"@SantaFeValores","twitter_site":"@SantaFeValores","twitter_misc":{"Escrito por":"admin","Tiempo de lectura":"3 minutos"},"schema":{"@context":"https:\/\/schema.org","@graph":[{"@type":"Article","@id":"https:\/\/www.santafevalores.com\/index.php\/2023\/09\/25\/sfv20230902tres\/#article","isPartOf":{"@id":"https:\/\/www.santafevalores.com\/index.php\/2023\/09\/25\/sfv20230902tres\/"},"author":{"name":"admin","@id":"https:\/\/www.santafevalores.com\/#\/schema\/person\/d965a42370507d0a1638e69158bb5835"},"headline":"El desempleo en Ecuador disminuye, pero la informalidad sigue predominando","datePublished":"2023-09-25T22:02:31+00:00","dateModified":"2023-09-25T22:43:29+00:00","mainEntityOfPage":{"@id":"https:\/\/www.santafevalores.com\/index.php\/2023\/09\/25\/sfv20230902tres\/"},"wordCount":268,"commentCount":0,"publisher":{"@id":"https:\/\/www.santafevalores.com\/#organization"},"image":{"@id":"https:\/\/www.santafevalores.com\/index.php\/2023\/09\/25\/sfv20230902tres\/#primaryimage"},"thumbnailUrl":"https:\/\/www.santafevalores.com\/wp-content\/uploads\/2023\/09\/E15LRWHNHQJC57GZN7IOQITJD5Y.webp","articleSection":["Uncategorized"],"inLanguage":"es","potentialAction":[{"@type":"CommentAction","name":"Comment","target":["https:\/\/www.santafevalores.com\/index.php\/2023\/09\/25\/sfv20230902tres\/#respond"]}]},{"@type":"WebPage","@id":"https:\/\/www.santafevalores.com\/index.php\/2023\/09\/25\/sfv20230902tres\/","url":"https:\/\/www.santafevalores.com\/index.php\/2023\/09\/25\/sfv20230902tres\/","name":"El desempleo en Ecuador disminuye, pero la informalidad sigue predominando - Santa Fe Casa de Valores S.A.","isPartOf":{"@id":"https:\/\/www.santafevalores.com\/#website"},"primaryImageOfPage":{"@id":"https:\/\/www.santafevalores.com\/index.php\/2023\/09\/25\/sfv20230902tres\/#primaryimage"},"image":{"@id":"https:\/\/www.santafevalores.com\/index.php\/2023\/09\/25\/sfv20230902tres\/#primaryimage"},"thumbnailUrl":"https:\/\/www.santafevalores.com\/wp-content\/uploads\/2023\/09\/E15LRWHNHQJC57GZN7IOQITJD5Y.webp","datePublished":"2023-09-25T22:02:31+00:00","dateModified":"2023-09-25T22:43:29+00:00","breadcrumb":{"@id":"https:\/\/www.santafevalores.com\/index.php\/2023\/09\/25\/sfv20230902tres\/#breadcrumb"},"inLanguage":"es","potentialAction":[{"@type":"ReadAction","target":["https:\/\/www.santafevalores.com\/index.php\/2023\/09\/25\/sfv20230902tres\/"]}]},{"@type":"ImageObject","inLanguage":"es","@id":"https:\/\/www.santafevalores.com\/index.php\/2023\/09\/25\/sfv20230902tres\/#primaryimage","url":"https:\/\/www.santafevalores.com\/wp-content\/uploads\/2023\/09\/E15LRWHNHQJC57GZN7IOQITJD5Y.webp","contentUrl":"https:\/\/www.santafevalores.com\/wp-content\/uploads\/2023\/09\/E15LRWHNHQJC57GZN7IOQITJD5Y.webp","width":800,"height":539},{"@type":"BreadcrumbList","@id":"https:\/\/www.santafevalores.com\/index.php\/2023\/09\/25\/sfv20230902tres\/#breadcrumb","itemListElement":[{"@type":"ListItem","position":1,"name":"Portada","item":"https:\/\/www.santafevalores.com\/"},{"@type":"ListItem","position":2,"name":"El desempleo en Ecuador disminuye, pero la informalidad sigue predominando"}]},{"@type":"WebSite","@id":"https:\/\/www.santafevalores.com\/#website","url":"https:\/\/www.santafevalores.com\/","name":"Santa Fe Casa de Valores S.A.","description":"","publisher":{"@id":"https:\/\/www.santafevalores.com\/#organization"},"potentialAction":[{"@type":"SearchAction","target":{"@type":"EntryPoint","urlTemplate":"https:\/\/www.santafevalores.com\/?s={search_term_string}"},"query-input":{"@type":"PropertyValueSpecification","valueRequired":true,"valueName":"search_term_string"}}],"inLanguage":"es"},{"@type":"Organization","@id":"https:\/\/www.santafevalores.com\/#organization","name":"Santa Fe Casa de Valores S.A.","alternateName":"SANTAFEVALORES","url":"https:\/\/www.santafevalores.com\/","logo":{"@type":"ImageObject","inLanguage":"es","@id":"https:\/\/www.santafevalores.com\/#\/schema\/logo\/image\/","url":"https:\/\/www.santafevalores.com\/wp-content\/uploads\/2022\/06\/logo1.png","contentUrl":"https:\/\/www.santafevalores.com\/wp-content\/uploads\/2022\/06\/logo1.png","width":235,"height":71,"caption":"Santa Fe Casa de Valores S.A."},"image":{"@id":"https:\/\/www.santafevalores.com\/#\/schema\/logo\/image\/"},"sameAs":["https:\/\/www.facebook.com\/santafevalores\/","https:\/\/x.com\/SantaFeValores"]},{"@type":"Person","@id":"https:\/\/www.santafevalores.com\/#\/schema\/person\/d965a42370507d0a1638e69158bb5835","name":"admin","image":{"@type":"ImageObject","inLanguage":"es","@id":"https:\/\/secure.gravatar.com\/avatar\/97ec7f9eb6068ddac59d3806ca0034c167fce748f524adcfad8629911220756f?s=96&d=mm&r=g","url":"https:\/\/secure.gravatar.com\/avatar\/97ec7f9eb6068ddac59d3806ca0034c167fce748f524adcfad8629911220756f?s=96&d=mm&r=g","contentUrl":"https:\/\/secure.gravatar.com\/avatar\/97ec7f9eb6068ddac59d3806ca0034c167fce748f524adcfad8629911220756f?s=96&d=mm&r=g","caption":"admin"},"sameAs":["https:\/\/www.santafevalores.com"],"url":"https:\/\/www.santafevalores.com\/index.php\/author\/santafevaloresuio_ggv0vv79\/"}]}},"_links":{"self":[{"href":"https:\/\/www.santafevalores.com\/index.php\/wp-json\/wp\/v2\/posts\/68331","targetHints":{"allow":["GET"]}}],"collection":[{"href":"https:\/\/www.santafevalores.com\/index.php\/wp-json\/wp\/v2\/posts"}],"about":[{"href":"https:\/\/www.santafevalores.com\/index.php\/wp-json\/wp\/v2\/types\/post"}],"author":[{"embeddable":true,"href":"https:\/\/www.santafevalores.com\/index.php\/wp-json\/wp\/v2\/users\/1"}],"replies":[{"embeddable":true,"href":"https:\/\/www.santafevalores.com\/index.php\/wp-json\/wp\/v2\/comments?post=68331"}],"version-history":[{"count":8,"href":"https:\/\/www.santafevalores.com\/index.php\/wp-json\/wp\/v2\/posts\/68331\/revisions"}],"predecessor-version":[{"id":68347,"href":"https:\/\/www.santafevalores.com\/index.php\/wp-json\/wp\/v2\/posts\/68331\/revisions\/68347"}],"wp:featuredmedia":[{"embeddable":true,"href":"https:\/\/www.santafevalores.com\/index.php\/wp-json\/wp\/v2\/media\/68337"}],"wp:attachment":[{"href":"https:\/\/www.santafevalores.com\/index.php\/wp-json\/wp\/v2\/media?parent=68331"}],"wp:term":[{"taxonomy":"category","embeddable":true,"href":"https:\/\/www.santafevalores.com\/index.php\/wp-json\/wp\/v2\/categories?post=68331"},{"taxonomy":"post_tag","embeddable":true,"href":"https:\/\/www.santafevalores.com\/index.php\/wp-json\/wp\/v2\/tags?post=68331"}],"curies":[{"name":"wp","href":"https:\/\/api.w.org\/{rel}","templated":true}]}}