{"id":68384,"date":"2023-10-02T14:07:44","date_gmt":"2023-10-02T19:07:44","guid":{"rendered":"https:\/\/www.santafevalores.com\/?p=68384"},"modified":"2023-10-02T15:19:44","modified_gmt":"2023-10-02T20:19:44","slug":"sfv20231002uno","status":"publish","type":"post","link":"https:\/\/www.santafevalores.com\/index.php\/2023\/10\/02\/sfv20231002uno\/","title":{"rendered":"El debate: dos horas de propuestas para gobernar Ecuador"},"content":{"rendered":"\t\t<div data-elementor-type=\"wp-post\" data-elementor-id=\"68384\" class=\"elementor elementor-68384\" data-elementor-post-type=\"post\">\n\t\t\t\t\t\t<section class=\"elementor-section elementor-top-section elementor-element elementor-element-2f01df7 elementor-section-boxed elementor-section-height-default elementor-section-height-default\" data-id=\"2f01df7\" data-element_type=\"section\" data-e-type=\"section\">\n\t\t\t\t\t\t<div class=\"elementor-container elementor-column-gap-default\">\n\t\t\t\t\t<div class=\"elementor-column elementor-col-100 elementor-top-column elementor-element elementor-element-d9dc6ed\" data-id=\"d9dc6ed\" data-element_type=\"column\" data-e-type=\"column\">\n\t\t\t<div class=\"elementor-widget-wrap elementor-element-populated\">\n\t\t\t\t\t\t<div class=\"elementor-element elementor-element-44f0ed7 elementor-widget elementor-widget-image\" data-id=\"44f0ed7\" data-element_type=\"widget\" data-e-type=\"widget\" data-widget_type=\"image.default\">\n\t\t\t\t<div class=\"elementor-widget-container\">\n\t\t\t\t\t\t\t\t\t\t\t\t\t\t\t<img fetchpriority=\"high\" decoding=\"async\" width=\"822\" height=\"460\" src=\"https:\/\/www.santafevalores.com\/wp-content\/uploads\/2023\/10\/A2651aa83449186.webp\" class=\"attachment-large size-large wp-image-68385\" alt=\"\" srcset=\"https:\/\/www.santafevalores.com\/wp-content\/uploads\/2023\/10\/A2651aa83449186.webp 822w, https:\/\/www.santafevalores.com\/wp-content\/uploads\/2023\/10\/A2651aa83449186-300x168.webp 300w, https:\/\/www.santafevalores.com\/wp-content\/uploads\/2023\/10\/A2651aa83449186-768x430.webp 768w\" sizes=\"(max-width: 822px) 100vw, 822px\" \/>\t\t\t\t\t\t\t\t\t\t\t\t\t\t\t<\/div>\n\t\t\t\t<\/div>\n\t\t\t\t\t<\/div>\n\t\t<\/div>\n\t\t\t\t\t<\/div>\n\t\t<\/section>\n\t\t\t\t<section class=\"elementor-section elementor-top-section elementor-element elementor-element-bd6dbc4 elementor-section-boxed elementor-section-height-default elementor-section-height-default\" data-id=\"bd6dbc4\" data-element_type=\"section\" data-e-type=\"section\">\n\t\t\t\t\t\t<div class=\"elementor-container elementor-column-gap-default\">\n\t\t\t\t\t<div class=\"elementor-column elementor-col-100 elementor-top-column elementor-element elementor-element-51c3b74\" data-id=\"51c3b74\" data-element_type=\"column\" data-e-type=\"column\">\n\t\t\t<div class=\"elementor-widget-wrap elementor-element-populated\">\n\t\t\t\t\t\t<div class=\"elementor-element elementor-element-bfb6a36 elementor-widget elementor-widget-text-editor\" data-id=\"bfb6a36\" data-element_type=\"widget\" data-e-type=\"widget\" data-widget_type=\"text-editor.default\">\n\t\t\t\t<div class=\"elementor-widget-container\">\n\t\t\t\t\t\t\t\t\t<p>El debate de segunda vuelta electoral se realiz\u00f3 sin contratiempos la noche del 1 de octubre. Luisa Gonz\u00e1lez y Daniel Noboa se presentaron ante el pa\u00eds con sus planes de gobierno, pero sin aclarar c\u00f3mo lo har\u00e1n. Los candidatos se disputar\u00e1n la presidencia de Ecuador el 15 de octubre de 2023.<\/p>\n<p><\/p>\n<p>Luisa Gonz\u00e1lez y Daniel Noboa usaron menos de dos horas para presentar sus propuestas en el debate de segunda vuelta electoral, organizado por el Consejo Nacional Electoral (CNE), que fue transmitido en cadena nacional, y a trav\u00e9s de las plataformas digitales, y moderado por la periodista Ruth del Salto.<\/p>\n<p>El debate se realiz\u00f3 siguiendo las reglas del comit\u00e9 organizador que estableci\u00f3 cuatro ejes tem\u00e1ticos: econom\u00eda, seguridad, social y pol\u00edtico, y el orden de participaci\u00f3n de los postulantes. El electorado centr\u00f3 su expectativa en el debate de este 1 de octubre de 2023, a dos semanas de la elecci\u00f3n de segunda vuelta electoral.<\/p>\n<p><b>Eje de econom\u00eda<\/b><\/p>\n<p>Noboa arranc\u00f3 el debate con el enfoque econ\u00f3mico y se\u00f1al\u00f3 que Ecuador tiene que ser competitivo, bajar el costo de la electricidad y los combustibles. Tambi\u00e9n propuso un sistema tributario con un techo del 22 % para las empresas. As\u00ed como refinar los combustibles en las refiner\u00edas de Esmeraldas y La Libertad.<\/p>\n<p>El postulante de la alianza ADN respondi\u00f3 que se trata del \u00abplan Z\u00bb, su ofrecimiento inicial de traer US$ 1.500 millones de las reservas internacionales. Mientras tanto, se\u00f1al\u00f3 que iba a eliminar el impuesto a la salida de divisas (ISD), luego Gonz\u00e1lez dijo que lo aumentar\u00e1.<\/p>\n<p>En el tema de las reservas internacionales, Gonz\u00e1lez insisti\u00f3 en que traer\u00eda al pa\u00eds US$ 2.500 millones que servir\u00e1n para inyectar recursos al crecimiento de la econom\u00eda local y que activar\u00e1 cr\u00e9ditos productivos de 5 % y 7 % de inter\u00e9s, adem\u00e1s de devolverle el presupuesto a los GAD. Tambi\u00e9n dijo que aumentar\u00e1 la producci\u00f3n petrolera y reducir\u00e1 un 30% las exenciones tributarias.<\/p>\n<p>Gonz\u00e1lez record\u00f3 que la bancada de la revoluci\u00f3n ciudadana vot\u00f3 a favor de fortalecer la dolarizaci\u00f3n en la Asamblea Nacional y cuestion\u00f3 el viaje de Noboa a Rusia con una comitiva. La respuesta de Noboa fue que ese viaje lo financi\u00f3 la empresa privada.<\/p>\n<p>En el tema del fen\u00f3meno del Ni\u00f1o, Noboa se\u00f1al\u00f3 que fortalecer\u00e1 la salud y la educaci\u00f3n usando tecnolog\u00eda, sobre todo para los ni\u00f1os. \u201cDebemos fortalecer el derecho a la conectividad, usaremos salud y educaci\u00f3n telem\u00e1tica. Protegeremos a la poblaci\u00f3n con represas, drenaje, dragado y control de plagas. Daremos cr\u00e9ditos de emergencia al peque\u00f1o agricultor.\u00bb<\/p>\n<p>Gonz\u00e1lez present\u00f3 cuatro ejes para atender el impacto del fen\u00f3meno. Trabajar\u00e1 en salvar vidas; en lo econ\u00f3mico con l\u00edneas de cr\u00e9dito y refinanciamiento de deudas; en infraestructura se declarar\u00e1 la emergencia en el sector de vialidad, puertos pesqueros, establecer\u00e1 l\u00edneas de cr\u00e9dito de multilaterales y a trav\u00e9s de la banca estatal. Adem\u00e1s, dijo que trabajar\u00e1 en conjunto con los GAD, atender\u00e1 zonas de riesgo, salud, educaci\u00f3n, y los planes habitacionales.<\/p>\n<p><b>Eje de seguridad<\/b><\/p>\n<p>Gonz\u00e1lez se\u00f1al\u00f3 que tendr\u00e1 un plan para el resurgir de la paz y la seguridad del pa\u00eds. Destinar\u00e1 US$ 500 millones para equipar a la polic\u00eda, Fuerzas Armadas, ECU 911, para retomar el control de las c\u00e1rceles, puertos y aeropuertos, y espacios p\u00fablicos, a trav\u00e9s de la iluminaci\u00f3n de zonas urbanas. Adem\u00e1s, propone coordinaci\u00f3n de todas las instituciones del Estado y ayuda internacional para combatir el crimen organizado. Y a\u00f1adi\u00f3 que para bajar la delincuencia com\u00fan se atender\u00e1 la generaci\u00f3n de empleo.<\/p>\n<p>Propuso volver a establecer el pago de recompensas de los m\u00e1s buscados y se mostr\u00f3 a favor de la recompensa que ofreci\u00f3 el gobierno de Estados Unidos para dar con los responsables del crimen de Fernando Villavicencio. A\u00f1adi\u00f3 que apoyar\u00e1 la conformacion de una comisi\u00f3n que investigue el caso.<\/p>\n<p>Noboa habl\u00f3 del plan de seguridad F\u00e9nix a trav\u00e9s de militarizaci\u00f3n de las fronteras, con drones y radares, el doble pesaje en puertos, rastreo satelital en las seis v\u00edas principales del pa\u00eds, sistema de escaneo en peajes antes de llegar a los puertos para controlar toda la carga exportable. Ofreci\u00f3 la vigilancia ciudadana en los barrios con tecnolog\u00eda y la creaci\u00f3n de una agencia nacional de inteligencia.<\/p>\n<p>La candidata le pregunt\u00f3 asi el exministro de Agricultura, Bernardo Manzano, hab\u00eda trabajado como gerente de la Corporaci\u00f3n Noboa, a lo que respondi\u00f3 que s\u00ed. \u201cEstoy de acuerdo en que existen funcionarios p\u00fablicos vinculados con las mafias. Ellos deben terminar en la c\u00e1rcel\u201d.<\/p>\n<p><b>Eje social<\/b><\/p>\n<p>Daniel Noboa insisti\u00f3 en un bono de US$ 60 para mujeres embarazadas y la inversi\u00f3n social en educaci\u00f3n y salud, aunque no dio cifras. Y propuso declarar al internet como servicio p\u00fablico, as\u00ed como implementar un sistema de guarder\u00edas para que las madres puedan trabajar.<\/p>\n<p>Gonz\u00e1lez ofreci\u00f3 devolver los desayunos escolares, acceso carreras virtuales y US$ 180 millones para educaci\u00f3n superior y 90.000 cupos universitarios en 18 meses.<\/p>\n<p>\u201cEn los primeros 100dias abastecer\u00e9 de medicamentos a la red de salud p\u00fablica<br>Nombramiento a 20.000 m\u00e9dicos y quir\u00f3fanos funcionen 24 horas para superar crisis actual\u201d. Invertir\u00e1 US$ 60 millones en programa salud. Tambi\u00e9n dijo que pondr\u00e1 en funcionamiento los hospitales de Pedernales, de Portoviejo y de El Carmen.<\/p>\n<p>La \u201ctabla de consumo\u201d de drogas fue un tema en el que se enfocaron las r\u00e9plicas y contrarr\u00e9plicas, ya que Noboa propuso eliminarla porque ha generado el microtr\u00e1fico. \u201cVamos a eliminar las tablas que dieron paso al microtrafico. La vida de nuestros ni\u00f1os no es un juego\u201d. Gonz\u00e1lez habl\u00f3 de que lo que existen son umbrales para evitar que consumidores vayan presos.<\/p>\n<p><b>Eje pol\u00edtico<\/b><\/p>\n<p>Daniel Noboa propuso realizar una consulta popular en los primeros 100 d\u00edas de gobierno. \u201cLa consulta popular en 100 d\u00edas nos da resultados. Debemos fortalecer y apoyar a nuestras Fuerzas Armadas. Pasan por un mal momento al ver la situaci\u00f3n de nuestro pa\u00eds\u201d. Respondi\u00f3 que \u201cm\u00e1s caro que una consulta, es la decena de miles de muertes. La primera pregunta ser\u00eda: si est\u00e1 de acuerdo con el sistema de jurado para los tipo penales de crimen organizado y corrupci\u00f3n\u201d.<\/p>\n<p>Noboa tambi\u00e9n se\u00f1al\u00f3 que lograr\u00e1 mayor\u00edas temporales seg\u00fan las leyes puntuales, dialogar\u00e1 con todos y enviar\u00e1 leyes urgentes.<\/p>\n<p>Gonz\u00e1lez dijo que desde su gobierno garantizar\u00e1 que las pensiones jubilares del IESS se cancelen. \u201cHaremos un planteamiento de pagos. Voy a generar empleo a trav\u00e9s de la inversi\u00f3n p\u00fablica para tener m\u00e1s aportantes. As\u00ed financio el IESS\u00bb.<\/p>\n<p>Ante la pregunta de qui\u00e9n gobernar\u00e1 en caso de ganar las elecciones dijo:\u201cLa candidata a la Presidencia soy yo. Quien est\u00e1 aqu\u00ed soy yo, no Rafael Correa. En mi gobierno voy a fortalecer la seguridad social. Adem\u00e1s, soy usuaria, yo voy a esos hospitales\u201d.<\/p>\n<p>En el tema de la migraci\u00f3n, la candidata se\u00f1al\u00f3 que \u201ces doloroso y primero hay que fortalecer la econom\u00eda nacional y hay que generar fuentes de empleo para que la gente deje de migrar. Y los que ya lo han hecho, fortaleceremos nuestros consulados para dar apoyo a todos aquellos ecuatorianos que han salido del pa\u00eds\u00bb.<\/p>\n<p>En tanto sobre el IESS, Noboa ofreci\u00f3 que se pondr\u00e1 al d\u00eda y presentar\u00e1 un plan de pagos y devolverle la liquidez a esta instituci\u00f3n. Sobre la pensi\u00f3n jubilar, \u201cla m\u00ednima pensi\u00f3n debe ser el salario b\u00e1sico unificado. Los mayores tambi\u00e9n necesitan dinero para comer y medicinas\u201d.<\/p>\n<p>\u201cEl Estado debe dar una asistencia adicional al seguro social, en el caso de que no tenga liquidez para cumplir con ese m\u00ednimo. Pero, no ser\u00e1 necesario si generamos empleo adecuado a las otras generaciones\u201d.<\/p>\n<p>En las relaciones internacionales, Gonz\u00e1lez dijo que \u201cEcuador es un pa\u00eds de paz. Mi relaci\u00f3n hacia los pa\u00edses del mundo entero es en el marco de la convenci\u00f3n de las Naciones Unidas. Lo que a mi me compete es c\u00f3mo desarrollo la naci\u00f3n. He hablado s\u00ed para la cooperaci\u00f3n de la seguridad nacional. He hablado con la embajada de EE.UU\u00bb.<\/p>\n<p>A Noboa, la postulante le cuestion\u00f3su viaje a Rusia con una comitiva de exasamble\u00edstas. \u201cEstoy en contra de la guerra entre Rusia y Ucrania y el Ecuador deber\u00e1 tener una posici\u00f3n y ser un puente para la paz entre estos pa\u00edses\u201d.<\/p>\n<p>Gonz\u00e1lez insisti\u00f3 en un llamado a deponer posturas personales y pol\u00edticas para<br>recomponer como pa\u00eds y dejar las confrontaciones. Sobre el papel del Consejo de Participaci\u00f3n Ciudadana (Cpccs), Gonz\u00e1lez record\u00f3 que el pueblo vot\u00f3 en contra de limitar las facultades del organismo, en la consulta popular de febrero de 2023. (I)<\/p>\t\t\t\t\t\t\t\t<\/div>\n\t\t\t\t<\/div>\n\t\t\t\t\t<\/div>\n\t\t<\/div>\n\t\t\t\t\t<\/div>\n\t\t<\/section>\n\t\t\t\t<section class=\"elementor-section elementor-top-section elementor-element elementor-element-3d935d1 elementor-section-boxed elementor-section-height-default elementor-section-height-default\" data-id=\"3d935d1\" data-element_type=\"section\" data-e-type=\"section\">\n\t\t\t\t\t\t<div class=\"elementor-container elementor-column-gap-default\">\n\t\t\t\t\t<div class=\"elementor-column elementor-col-100 elementor-top-column elementor-element elementor-element-f340abd\" data-id=\"f340abd\" data-element_type=\"column\" data-e-type=\"column\">\n\t\t\t<div class=\"elementor-widget-wrap elementor-element-populated\">\n\t\t\t\t\t\t<div class=\"elementor-element elementor-element-4641971 elementor-headline--style-highlight elementor-widget elementor-widget-animated-headline\" data-id=\"4641971\" data-element_type=\"widget\" data-e-type=\"widget\" data-settings=\"{&quot;highlighted_text&quot;:&quot;reporta Forbes&quot;,&quot;headline_style&quot;:&quot;highlight&quot;,&quot;marker&quot;:&quot;circle&quot;,&quot;loop&quot;:&quot;yes&quot;,&quot;highlight_animation_duration&quot;:1200,&quot;highlight_iteration_delay&quot;:8000}\" data-widget_type=\"animated-headline.default\">\n\t\t\t\t<div class=\"elementor-widget-container\">\n\t\t\t\t\t\t\t\t<a href=\"https:\/\/www.forbes.com.ec\/today\/asi-crisis-afecta-hospitales-inglaterra-esperas-mas-12-horas-n41285\" target=\"_blank\">\n\n\t\t\t\t\t<p class=\"elementor-headline\">\n\t\t\t\t\t<span class=\"elementor-headline-plain-text elementor-headline-text-wrapper\">Fuente:<\/span>\n\t\t\t\t<span class=\"elementor-headline-dynamic-wrapper elementor-headline-text-wrapper\">\n\t\t\t\t\t<span class=\"elementor-headline-dynamic-text elementor-headline-text-active\">reporta Forbes<\/span>\n\t\t\t\t<\/span>\n\t\t\t\t<\/p>\n\t\t<\/a>\t\t\t\t<\/div>\n\t\t\t\t<\/div>\n\t\t\t\t\t<\/div>\n\t\t<\/div>\n\t\t\t\t\t<\/div>\n\t\t<\/section>\n\t\t\t\t<\/div>\n\t\t","protected":false},"excerpt":{"rendered":"<p>El debate de segunda vuelta electoral se realiz\u00f3 sin contratiempos la noche del 1 de octubre. Luisa Gonz\u00e1lez y Daniel Noboa se presentaron ante el pa\u00eds con sus planes de gobierno, pero sin aclarar c\u00f3mo lo har\u00e1n. Los candidatos se disputar\u00e1n la presidencia de Ecuador el 15 de octubre de 2023. Luisa Gonz\u00e1lez y Daniel&hellip;<\/p>\n","protected":false},"author":1,"featured_media":68385,"comment_status":"open","ping_status":"closed","sticky":false,"template":"","format":"standard","meta":{"content-type":"","_joinchat":[],"footnotes":""},"categories":[1],"tags":[],"class_list":["post-68384","post","type-post","status-publish","format-standard","has-post-thumbnail","hentry","category-uncategorized"],"yoast_head":"<!-- This site is optimized with the Yoast SEO plugin v27.5 - https:\/\/yoast.com\/product\/yoast-seo-wordpress\/ -->\n<title>El debate: dos horas de propuestas para gobernar Ecuador - Santa Fe Casa de Valores S.A.<\/title>\n<meta name=\"robots\" content=\"index, follow, max-snippet:-1, max-image-preview:large, max-video-preview:-1\" \/>\n<link rel=\"canonical\" href=\"https:\/\/www.santafevalores.com\/index.php\/2023\/10\/02\/sfv20231002uno\/\" \/>\n<meta property=\"og:locale\" content=\"es_ES\" \/>\n<meta property=\"og:type\" content=\"article\" \/>\n<meta property=\"og:title\" content=\"El debate: dos horas de propuestas para gobernar Ecuador - Santa Fe Casa de Valores S.A.\" \/>\n<meta property=\"og:description\" content=\"El debate de segunda vuelta electoral se realiz\u00f3 sin contratiempos la noche del 1 de octubre. Luisa Gonz\u00e1lez y Daniel Noboa se presentaron ante el pa\u00eds con sus planes de gobierno, pero sin aclarar c\u00f3mo lo har\u00e1n. Los candidatos se disputar\u00e1n la presidencia de Ecuador el 15 de octubre de 2023. Luisa Gonz\u00e1lez y Daniel&hellip;\" \/>\n<meta property=\"og:url\" content=\"https:\/\/www.santafevalores.com\/index.php\/2023\/10\/02\/sfv20231002uno\/\" \/>\n<meta property=\"og:site_name\" content=\"Santa Fe Casa de Valores S.A.\" \/>\n<meta property=\"article:publisher\" content=\"https:\/\/www.facebook.com\/santafevalores\/\" \/>\n<meta property=\"article:published_time\" content=\"2023-10-02T19:07:44+00:00\" \/>\n<meta property=\"article:modified_time\" content=\"2023-10-02T20:19:44+00:00\" \/>\n<meta property=\"og:image\" content=\"https:\/\/www.santafevalores.com\/wp-content\/uploads\/2023\/10\/A2651aa83449186.webp\" \/>\n\t<meta property=\"og:image:width\" content=\"822\" \/>\n\t<meta property=\"og:image:height\" content=\"460\" \/>\n\t<meta property=\"og:image:type\" content=\"image\/webp\" \/>\n<meta name=\"author\" content=\"admin\" \/>\n<meta name=\"twitter:card\" content=\"summary_large_image\" \/>\n<meta name=\"twitter:creator\" content=\"@SantaFeValores\" \/>\n<meta name=\"twitter:site\" content=\"@SantaFeValores\" \/>\n<meta name=\"twitter:label1\" content=\"Escrito por\" \/>\n\t<meta name=\"twitter:data1\" content=\"admin\" \/>\n\t<meta name=\"twitter:label2\" content=\"Tiempo de lectura\" \/>\n\t<meta name=\"twitter:data2\" content=\"7 minutos\" \/>\n<script type=\"application\/ld+json\" class=\"yoast-schema-graph\">{\"@context\":\"https:\\\/\\\/schema.org\",\"@graph\":[{\"@type\":\"Article\",\"@id\":\"https:\\\/\\\/www.santafevalores.com\\\/index.php\\\/2023\\\/10\\\/02\\\/sfv20231002uno\\\/#article\",\"isPartOf\":{\"@id\":\"https:\\\/\\\/www.santafevalores.com\\\/index.php\\\/2023\\\/10\\\/02\\\/sfv20231002uno\\\/\"},\"author\":{\"name\":\"admin\",\"@id\":\"https:\\\/\\\/www.santafevalores.com\\\/#\\\/schema\\\/person\\\/d965a42370507d0a1638e69158bb5835\"},\"headline\":\"El debate: dos horas de propuestas para gobernar Ecuador\",\"datePublished\":\"2023-10-02T19:07:44+00:00\",\"dateModified\":\"2023-10-02T20:19:44+00:00\",\"mainEntityOfPage\":{\"@id\":\"https:\\\/\\\/www.santafevalores.com\\\/index.php\\\/2023\\\/10\\\/02\\\/sfv20231002uno\\\/\"},\"wordCount\":1510,\"commentCount\":0,\"publisher\":{\"@id\":\"https:\\\/\\\/www.santafevalores.com\\\/#organization\"},\"image\":{\"@id\":\"https:\\\/\\\/www.santafevalores.com\\\/index.php\\\/2023\\\/10\\\/02\\\/sfv20231002uno\\\/#primaryimage\"},\"thumbnailUrl\":\"https:\\\/\\\/www.santafevalores.com\\\/wp-content\\\/uploads\\\/2023\\\/10\\\/A2651aa83449186.webp\",\"articleSection\":[\"Uncategorized\"],\"inLanguage\":\"es\",\"potentialAction\":[{\"@type\":\"CommentAction\",\"name\":\"Comment\",\"target\":[\"https:\\\/\\\/www.santafevalores.com\\\/index.php\\\/2023\\\/10\\\/02\\\/sfv20231002uno\\\/#respond\"]}]},{\"@type\":\"WebPage\",\"@id\":\"https:\\\/\\\/www.santafevalores.com\\\/index.php\\\/2023\\\/10\\\/02\\\/sfv20231002uno\\\/\",\"url\":\"https:\\\/\\\/www.santafevalores.com\\\/index.php\\\/2023\\\/10\\\/02\\\/sfv20231002uno\\\/\",\"name\":\"El debate: dos horas de propuestas para gobernar Ecuador - Santa Fe Casa de Valores S.A.\",\"isPartOf\":{\"@id\":\"https:\\\/\\\/www.santafevalores.com\\\/#website\"},\"primaryImageOfPage\":{\"@id\":\"https:\\\/\\\/www.santafevalores.com\\\/index.php\\\/2023\\\/10\\\/02\\\/sfv20231002uno\\\/#primaryimage\"},\"image\":{\"@id\":\"https:\\\/\\\/www.santafevalores.com\\\/index.php\\\/2023\\\/10\\\/02\\\/sfv20231002uno\\\/#primaryimage\"},\"thumbnailUrl\":\"https:\\\/\\\/www.santafevalores.com\\\/wp-content\\\/uploads\\\/2023\\\/10\\\/A2651aa83449186.webp\",\"datePublished\":\"2023-10-02T19:07:44+00:00\",\"dateModified\":\"2023-10-02T20:19:44+00:00\",\"breadcrumb\":{\"@id\":\"https:\\\/\\\/www.santafevalores.com\\\/index.php\\\/2023\\\/10\\\/02\\\/sfv20231002uno\\\/#breadcrumb\"},\"inLanguage\":\"es\",\"potentialAction\":[{\"@type\":\"ReadAction\",\"target\":[\"https:\\\/\\\/www.santafevalores.com\\\/index.php\\\/2023\\\/10\\\/02\\\/sfv20231002uno\\\/\"]}]},{\"@type\":\"ImageObject\",\"inLanguage\":\"es\",\"@id\":\"https:\\\/\\\/www.santafevalores.com\\\/index.php\\\/2023\\\/10\\\/02\\\/sfv20231002uno\\\/#primaryimage\",\"url\":\"https:\\\/\\\/www.santafevalores.com\\\/wp-content\\\/uploads\\\/2023\\\/10\\\/A2651aa83449186.webp\",\"contentUrl\":\"https:\\\/\\\/www.santafevalores.com\\\/wp-content\\\/uploads\\\/2023\\\/10\\\/A2651aa83449186.webp\",\"width\":822,\"height\":460},{\"@type\":\"BreadcrumbList\",\"@id\":\"https:\\\/\\\/www.santafevalores.com\\\/index.php\\\/2023\\\/10\\\/02\\\/sfv20231002uno\\\/#breadcrumb\",\"itemListElement\":[{\"@type\":\"ListItem\",\"position\":1,\"name\":\"Portada\",\"item\":\"https:\\\/\\\/www.santafevalores.com\\\/\"},{\"@type\":\"ListItem\",\"position\":2,\"name\":\"El debate: dos horas de propuestas para gobernar Ecuador\"}]},{\"@type\":\"WebSite\",\"@id\":\"https:\\\/\\\/www.santafevalores.com\\\/#website\",\"url\":\"https:\\\/\\\/www.santafevalores.com\\\/\",\"name\":\"Santa Fe Casa de Valores S.A.\",\"description\":\"\",\"publisher\":{\"@id\":\"https:\\\/\\\/www.santafevalores.com\\\/#organization\"},\"potentialAction\":[{\"@type\":\"SearchAction\",\"target\":{\"@type\":\"EntryPoint\",\"urlTemplate\":\"https:\\\/\\\/www.santafevalores.com\\\/?s={search_term_string}\"},\"query-input\":{\"@type\":\"PropertyValueSpecification\",\"valueRequired\":true,\"valueName\":\"search_term_string\"}}],\"inLanguage\":\"es\"},{\"@type\":\"Organization\",\"@id\":\"https:\\\/\\\/www.santafevalores.com\\\/#organization\",\"name\":\"Santa Fe Casa de Valores S.A.\",\"alternateName\":\"SANTAFEVALORES\",\"url\":\"https:\\\/\\\/www.santafevalores.com\\\/\",\"logo\":{\"@type\":\"ImageObject\",\"inLanguage\":\"es\",\"@id\":\"https:\\\/\\\/www.santafevalores.com\\\/#\\\/schema\\\/logo\\\/image\\\/\",\"url\":\"https:\\\/\\\/www.santafevalores.com\\\/wp-content\\\/uploads\\\/2022\\\/06\\\/logo1.png\",\"contentUrl\":\"https:\\\/\\\/www.santafevalores.com\\\/wp-content\\\/uploads\\\/2022\\\/06\\\/logo1.png\",\"width\":235,\"height\":71,\"caption\":\"Santa Fe Casa de Valores S.A.\"},\"image\":{\"@id\":\"https:\\\/\\\/www.santafevalores.com\\\/#\\\/schema\\\/logo\\\/image\\\/\"},\"sameAs\":[\"https:\\\/\\\/www.facebook.com\\\/santafevalores\\\/\",\"https:\\\/\\\/x.com\\\/SantaFeValores\"]},{\"@type\":\"Person\",\"@id\":\"https:\\\/\\\/www.santafevalores.com\\\/#\\\/schema\\\/person\\\/d965a42370507d0a1638e69158bb5835\",\"name\":\"admin\",\"image\":{\"@type\":\"ImageObject\",\"inLanguage\":\"es\",\"@id\":\"https:\\\/\\\/secure.gravatar.com\\\/avatar\\\/97ec7f9eb6068ddac59d3806ca0034c167fce748f524adcfad8629911220756f?s=96&d=mm&r=g\",\"url\":\"https:\\\/\\\/secure.gravatar.com\\\/avatar\\\/97ec7f9eb6068ddac59d3806ca0034c167fce748f524adcfad8629911220756f?s=96&d=mm&r=g\",\"contentUrl\":\"https:\\\/\\\/secure.gravatar.com\\\/avatar\\\/97ec7f9eb6068ddac59d3806ca0034c167fce748f524adcfad8629911220756f?s=96&d=mm&r=g\",\"caption\":\"admin\"},\"sameAs\":[\"https:\\\/\\\/www.santafevalores.com\"],\"url\":\"https:\\\/\\\/www.santafevalores.com\\\/index.php\\\/author\\\/santafevaloresuio_ggv0vv79\\\/\"}]}<\/script>\n<!-- \/ Yoast SEO plugin. -->","yoast_head_json":{"title":"El debate: dos horas de propuestas para gobernar Ecuador - Santa Fe Casa de Valores S.A.","robots":{"index":"index","follow":"follow","max-snippet":"max-snippet:-1","max-image-preview":"max-image-preview:large","max-video-preview":"max-video-preview:-1"},"canonical":"https:\/\/www.santafevalores.com\/index.php\/2023\/10\/02\/sfv20231002uno\/","og_locale":"es_ES","og_type":"article","og_title":"El debate: dos horas de propuestas para gobernar Ecuador - Santa Fe Casa de Valores S.A.","og_description":"El debate de segunda vuelta electoral se realiz\u00f3 sin contratiempos la noche del 1 de octubre. Luisa Gonz\u00e1lez y Daniel Noboa se presentaron ante el pa\u00eds con sus planes de gobierno, pero sin aclarar c\u00f3mo lo har\u00e1n. Los candidatos se disputar\u00e1n la presidencia de Ecuador el 15 de octubre de 2023. Luisa Gonz\u00e1lez y Daniel&hellip;","og_url":"https:\/\/www.santafevalores.com\/index.php\/2023\/10\/02\/sfv20231002uno\/","og_site_name":"Santa Fe Casa de Valores S.A.","article_publisher":"https:\/\/www.facebook.com\/santafevalores\/","article_published_time":"2023-10-02T19:07:44+00:00","article_modified_time":"2023-10-02T20:19:44+00:00","og_image":[{"width":822,"height":460,"url":"https:\/\/www.santafevalores.com\/wp-content\/uploads\/2023\/10\/A2651aa83449186.webp","type":"image\/webp"}],"author":"admin","twitter_card":"summary_large_image","twitter_creator":"@SantaFeValores","twitter_site":"@SantaFeValores","twitter_misc":{"Escrito por":"admin","Tiempo de lectura":"7 minutos"},"schema":{"@context":"https:\/\/schema.org","@graph":[{"@type":"Article","@id":"https:\/\/www.santafevalores.com\/index.php\/2023\/10\/02\/sfv20231002uno\/#article","isPartOf":{"@id":"https:\/\/www.santafevalores.com\/index.php\/2023\/10\/02\/sfv20231002uno\/"},"author":{"name":"admin","@id":"https:\/\/www.santafevalores.com\/#\/schema\/person\/d965a42370507d0a1638e69158bb5835"},"headline":"El debate: dos horas de propuestas para gobernar Ecuador","datePublished":"2023-10-02T19:07:44+00:00","dateModified":"2023-10-02T20:19:44+00:00","mainEntityOfPage":{"@id":"https:\/\/www.santafevalores.com\/index.php\/2023\/10\/02\/sfv20231002uno\/"},"wordCount":1510,"commentCount":0,"publisher":{"@id":"https:\/\/www.santafevalores.com\/#organization"},"image":{"@id":"https:\/\/www.santafevalores.com\/index.php\/2023\/10\/02\/sfv20231002uno\/#primaryimage"},"thumbnailUrl":"https:\/\/www.santafevalores.com\/wp-content\/uploads\/2023\/10\/A2651aa83449186.webp","articleSection":["Uncategorized"],"inLanguage":"es","potentialAction":[{"@type":"CommentAction","name":"Comment","target":["https:\/\/www.santafevalores.com\/index.php\/2023\/10\/02\/sfv20231002uno\/#respond"]}]},{"@type":"WebPage","@id":"https:\/\/www.santafevalores.com\/index.php\/2023\/10\/02\/sfv20231002uno\/","url":"https:\/\/www.santafevalores.com\/index.php\/2023\/10\/02\/sfv20231002uno\/","name":"El debate: dos horas de propuestas para gobernar Ecuador - Santa Fe Casa de Valores S.A.","isPartOf":{"@id":"https:\/\/www.santafevalores.com\/#website"},"primaryImageOfPage":{"@id":"https:\/\/www.santafevalores.com\/index.php\/2023\/10\/02\/sfv20231002uno\/#primaryimage"},"image":{"@id":"https:\/\/www.santafevalores.com\/index.php\/2023\/10\/02\/sfv20231002uno\/#primaryimage"},"thumbnailUrl":"https:\/\/www.santafevalores.com\/wp-content\/uploads\/2023\/10\/A2651aa83449186.webp","datePublished":"2023-10-02T19:07:44+00:00","dateModified":"2023-10-02T20:19:44+00:00","breadcrumb":{"@id":"https:\/\/www.santafevalores.com\/index.php\/2023\/10\/02\/sfv20231002uno\/#breadcrumb"},"inLanguage":"es","potentialAction":[{"@type":"ReadAction","target":["https:\/\/www.santafevalores.com\/index.php\/2023\/10\/02\/sfv20231002uno\/"]}]},{"@type":"ImageObject","inLanguage":"es","@id":"https:\/\/www.santafevalores.com\/index.php\/2023\/10\/02\/sfv20231002uno\/#primaryimage","url":"https:\/\/www.santafevalores.com\/wp-content\/uploads\/2023\/10\/A2651aa83449186.webp","contentUrl":"https:\/\/www.santafevalores.com\/wp-content\/uploads\/2023\/10\/A2651aa83449186.webp","width":822,"height":460},{"@type":"BreadcrumbList","@id":"https:\/\/www.santafevalores.com\/index.php\/2023\/10\/02\/sfv20231002uno\/#breadcrumb","itemListElement":[{"@type":"ListItem","position":1,"name":"Portada","item":"https:\/\/www.santafevalores.com\/"},{"@type":"ListItem","position":2,"name":"El debate: dos horas de propuestas para gobernar Ecuador"}]},{"@type":"WebSite","@id":"https:\/\/www.santafevalores.com\/#website","url":"https:\/\/www.santafevalores.com\/","name":"Santa Fe Casa de Valores S.A.","description":"","publisher":{"@id":"https:\/\/www.santafevalores.com\/#organization"},"potentialAction":[{"@type":"SearchAction","target":{"@type":"EntryPoint","urlTemplate":"https:\/\/www.santafevalores.com\/?s={search_term_string}"},"query-input":{"@type":"PropertyValueSpecification","valueRequired":true,"valueName":"search_term_string"}}],"inLanguage":"es"},{"@type":"Organization","@id":"https:\/\/www.santafevalores.com\/#organization","name":"Santa Fe Casa de Valores S.A.","alternateName":"SANTAFEVALORES","url":"https:\/\/www.santafevalores.com\/","logo":{"@type":"ImageObject","inLanguage":"es","@id":"https:\/\/www.santafevalores.com\/#\/schema\/logo\/image\/","url":"https:\/\/www.santafevalores.com\/wp-content\/uploads\/2022\/06\/logo1.png","contentUrl":"https:\/\/www.santafevalores.com\/wp-content\/uploads\/2022\/06\/logo1.png","width":235,"height":71,"caption":"Santa Fe Casa de Valores S.A."},"image":{"@id":"https:\/\/www.santafevalores.com\/#\/schema\/logo\/image\/"},"sameAs":["https:\/\/www.facebook.com\/santafevalores\/","https:\/\/x.com\/SantaFeValores"]},{"@type":"Person","@id":"https:\/\/www.santafevalores.com\/#\/schema\/person\/d965a42370507d0a1638e69158bb5835","name":"admin","image":{"@type":"ImageObject","inLanguage":"es","@id":"https:\/\/secure.gravatar.com\/avatar\/97ec7f9eb6068ddac59d3806ca0034c167fce748f524adcfad8629911220756f?s=96&d=mm&r=g","url":"https:\/\/secure.gravatar.com\/avatar\/97ec7f9eb6068ddac59d3806ca0034c167fce748f524adcfad8629911220756f?s=96&d=mm&r=g","contentUrl":"https:\/\/secure.gravatar.com\/avatar\/97ec7f9eb6068ddac59d3806ca0034c167fce748f524adcfad8629911220756f?s=96&d=mm&r=g","caption":"admin"},"sameAs":["https:\/\/www.santafevalores.com"],"url":"https:\/\/www.santafevalores.com\/index.php\/author\/santafevaloresuio_ggv0vv79\/"}]}},"_links":{"self":[{"href":"https:\/\/www.santafevalores.com\/index.php\/wp-json\/wp\/v2\/posts\/68384","targetHints":{"allow":["GET"]}}],"collection":[{"href":"https:\/\/www.santafevalores.com\/index.php\/wp-json\/wp\/v2\/posts"}],"about":[{"href":"https:\/\/www.santafevalores.com\/index.php\/wp-json\/wp\/v2\/types\/post"}],"author":[{"embeddable":true,"href":"https:\/\/www.santafevalores.com\/index.php\/wp-json\/wp\/v2\/users\/1"}],"replies":[{"embeddable":true,"href":"https:\/\/www.santafevalores.com\/index.php\/wp-json\/wp\/v2\/comments?post=68384"}],"version-history":[{"count":5,"href":"https:\/\/www.santafevalores.com\/index.php\/wp-json\/wp\/v2\/posts\/68384\/revisions"}],"predecessor-version":[{"id":68391,"href":"https:\/\/www.santafevalores.com\/index.php\/wp-json\/wp\/v2\/posts\/68384\/revisions\/68391"}],"wp:featuredmedia":[{"embeddable":true,"href":"https:\/\/www.santafevalores.com\/index.php\/wp-json\/wp\/v2\/media\/68385"}],"wp:attachment":[{"href":"https:\/\/www.santafevalores.com\/index.php\/wp-json\/wp\/v2\/media?parent=68384"}],"wp:term":[{"taxonomy":"category","embeddable":true,"href":"https:\/\/www.santafevalores.com\/index.php\/wp-json\/wp\/v2\/categories?post=68384"},{"taxonomy":"post_tag","embeddable":true,"href":"https:\/\/www.santafevalores.com\/index.php\/wp-json\/wp\/v2\/tags?post=68384"}],"curies":[{"name":"wp","href":"https:\/\/api.w.org\/{rel}","templated":true}]}}