{"id":68690,"date":"2023-10-16T12:36:43","date_gmt":"2023-10-16T17:36:43","guid":{"rendered":"https:\/\/www.santafevalores.com\/?p=68690"},"modified":"2023-10-16T12:49:13","modified_gmt":"2023-10-16T17:49:13","slug":"sfv20231016uno","status":"publish","type":"post","link":"https:\/\/www.santafevalores.com\/index.php\/2023\/10\/16\/sfv20231016uno\/","title":{"rendered":"Los cinco retos que asume Daniel Noboa, nuevo presidente de Ecuador"},"content":{"rendered":"\t\t<div data-elementor-type=\"wp-post\" data-elementor-id=\"68690\" class=\"elementor elementor-68690\" data-elementor-post-type=\"post\">\n\t\t\t\t\t\t<section class=\"elementor-section elementor-top-section elementor-element elementor-element-faa2993 elementor-section-boxed elementor-section-height-default elementor-section-height-default\" data-id=\"faa2993\" data-element_type=\"section\" data-e-type=\"section\">\n\t\t\t\t\t\t<div class=\"elementor-container elementor-column-gap-default\">\n\t\t\t\t\t<div class=\"elementor-column elementor-col-100 elementor-top-column elementor-element elementor-element-67fcd72\" data-id=\"67fcd72\" data-element_type=\"column\" data-e-type=\"column\">\n\t\t\t<div class=\"elementor-widget-wrap elementor-element-populated\">\n\t\t\t\t\t\t<div class=\"elementor-element elementor-element-4268be6 elementor-widget elementor-widget-image\" data-id=\"4268be6\" data-element_type=\"widget\" data-e-type=\"widget\" data-widget_type=\"image.default\">\n\t\t\t\t<div class=\"elementor-widget-container\">\n\t\t\t\t\t\t\t\t\t\t\t\t\t\t\t<img fetchpriority=\"high\" decoding=\"async\" width=\"800\" height=\"534\" src=\"https:\/\/www.santafevalores.com\/wp-content\/uploads\/2023\/10\/A1JY4FREDKFVETHNSADMVZYOG3S4.jpg\" class=\"attachment-large size-large wp-image-68691\" alt=\"\" srcset=\"https:\/\/www.santafevalores.com\/wp-content\/uploads\/2023\/10\/A1JY4FREDKFVETHNSADMVZYOG3S4.jpg 800w, https:\/\/www.santafevalores.com\/wp-content\/uploads\/2023\/10\/A1JY4FREDKFVETHNSADMVZYOG3S4-300x200.jpg 300w, https:\/\/www.santafevalores.com\/wp-content\/uploads\/2023\/10\/A1JY4FREDKFVETHNSADMVZYOG3S4-768x513.jpg 768w\" sizes=\"(max-width: 800px) 100vw, 800px\" \/>\t\t\t\t\t\t\t\t\t\t\t\t\t\t\t<\/div>\n\t\t\t\t<\/div>\n\t\t\t\t\t<\/div>\n\t\t<\/div>\n\t\t\t\t\t<\/div>\n\t\t<\/section>\n\t\t\t\t<section class=\"elementor-section elementor-top-section elementor-element elementor-element-62722b6 elementor-section-boxed elementor-section-height-default elementor-section-height-default\" data-id=\"62722b6\" data-element_type=\"section\" data-e-type=\"section\">\n\t\t\t\t\t\t<div class=\"elementor-container elementor-column-gap-default\">\n\t\t\t\t\t<div class=\"elementor-column elementor-col-100 elementor-top-column elementor-element elementor-element-dcd174c\" data-id=\"dcd174c\" data-element_type=\"column\" data-e-type=\"column\">\n\t\t\t<div class=\"elementor-widget-wrap elementor-element-populated\">\n\t\t\t\t\t\t<div class=\"elementor-element elementor-element-945a426 elementor-widget elementor-widget-text-editor\" data-id=\"945a426\" data-element_type=\"widget\" data-e-type=\"widget\" data-widget_type=\"text-editor.default\">\n\t\t\t\t<div class=\"elementor-widget-container\">\n\t\t\t\t\t\t\t\t\t<div>Bloomberg L\u00ednea \u2014 La carrera electoral en Ecuador lleg\u00f3 a su fin, por ahora. Despu\u00e9s de meses intensos y unas votaciones generales anticipadas, el Palacio de Carondelet <b>ya conoce el nombre de qui\u00e9n ser\u00e1 su nuevo hu\u00e9sped, <\/b>aunque por un periodo corto.<\/div><div><b>Daniel Noboa se impuso a Luisa Gonz\u00e1lez con 52,1% de los votos<\/b> y es el nuevo presidente de Ecuador, seg\u00fan los resultados del Consejo Nacional Electoral (CNE), para un mandato at\u00edpico que terminar\u00e1 en mayo de 2025, despu\u00e9s de que Guillermo Lasso aplicara la \u2018muerte cruzada\u2019.<\/div><div>Sin embargo, en todos estos meses la <b>incertidumbre pol\u00edtica<\/b> no ha abandonado al pa\u00eds, como tampoco lo ha hecho la <b>inseguridad<\/b>, que dej\u00f3 al candidato y periodista <b>Fernando Villavicencio<\/b> sin vida, <b>tras ser asesinado en plena contienda electoral<\/b>, sumado a los constantes motines carcelarios, situaciones con las que deber\u00e1 gobernar el nuevo presidente.<\/div><div>\u00a0<\/div><div>\u201cEl panorama para el triunfador no es para nada halag\u00fce\u00f1o. <b>La fragmentaci\u00f3n que presenta el nuevo legislativo, sumado a que 2024 ser\u00e1 un a\u00f1o electoral previo a las elecciones de febrero de 2025<\/b>, dificultar\u00e1 la implementaci\u00f3n del plan de gobierno del presidente\u201d, escribi\u00f3 Arturo Moscoso Moreno, director de la Escuela de Relaciones Internacionales de la Universidad Internacional del Ecuador, para Internacional IDEA.<br \/><br \/><\/div><div><b>Las condiciones at\u00edpicas para gobernar<\/b><\/div><div>\u00a0<\/div><div>El periodo presidencial ser\u00e1 de 18 meses, hasta mayo de 2025, y el pa\u00eds atraviesa su peor crisis de seguridad en los \u00faltimos a\u00f1os, <b>una circunstancia que, junto a las limitaciones econ\u00f3micas, condicionar\u00e1n el plan de gobierno.<\/b><\/div><div>\u00a0<\/div><div>\u201cAdem\u00e1s de esta coyuntura sin precedentes, tambi\u00e9n se enfrentar\u00e1 (el nuevo mandatario) a los problemas estructurales del pa\u00eds: alta dependencia de las rentas petroleras, aparato productivo poco diversificado, alta informalidad laboral, <b>alta tensi\u00f3n y volatilidad social por necesidades insatisfechas de amplios segmentos de la poblaci\u00f3n\u201d<\/b>, dijo Laura Lizarazo, analista senior de Control Risks, en di\u00e1logo con Bloomberg L\u00ednea.<br \/><br \/><\/div><div><b>Los cinco retos de Daniel Noboa<\/b><\/div><div>\u00a0<\/div><div>De acuerdo con Lizarazo, el nuevo jefe de Estado de Ecuador deber\u00e1 gestionar y gobernar enfrentando los siguientes cinco desaf\u00edos principales:<\/div><div>\u00a0<\/div><div><b>Recuperar y reforzar el control territorial del Estado en zonas dominadas por organizaciones criminales: <\/b>para la experta, esto no se lograr\u00e1 con la militarizaci\u00f3n indiscriminada de las ciudades donde estos grupos no solo explotan econom\u00edas ilegales sino que regulan la vida social (zonas de Guayaquil, Dur\u00e1n, Manta, Esmeraldas). \u201cEsto requiere intervenciones altamente planificadas para desarticular sus centros de operaciones, estructuras de mando, redes log\u00edsticas y flujos financieros\u201d, explic\u00f3. As\u00ed mismo, exige restaurar o reforzar no solo la presencia de las fuerzas del orden, sino la oferta institucional de servicios del Estado. Ecuador lleg\u00f3 a una tasa de homicidios de 25,9 personas por cada 100.000 habitantes en el primer semestre de 2023, seg\u00fan el Observatorio del Crimen Organizado, superando a la tasa de Colombia y M\u00e9xico.<br \/><br \/><\/div><div><b>Una depuraci\u00f3n profunda de las estructuras del Estado que han sido infiltradas y cooptadas por el crimen organizado:<\/b> Lizarazo defiende que diferentes instancias institucionales est\u00e1n cooptadas por actores ilegales, generando una profunda fragmentaci\u00f3n y tensi\u00f3n al interior del aparato estatal en detrimento de su misi\u00f3n y capacidad de gesti\u00f3n. En su concepto, hasta que estos nexos de cooperaci\u00f3n entre el crimen organizado y autoridades estatales no salgan a la luz, sean investigados y los responsables sancionados, la capacidad de intervenci\u00f3n y acci\u00f3n del Estado ecuatoriano seguir\u00e1 estando al servicio, \u201cal menos parcialmente, de econom\u00edas y actores criminales, y no de la ciudadan\u00eda\u201d. Pero asegura que este puede ser un proceso altamente complejo y largo.<br \/><br \/><\/div><div>\u00a0<b>Atender la profunda deuda social que tambi\u00e9n alimenta la crisis de seguridad:<\/b> en Ecuador, as\u00ed como en una buena parte de econom\u00edas latinoamericanas, la pandemia desintegr\u00f3 un porcentaje del tejido social y productivo del pa\u00eds, profundizando los niveles de desigualdad y precariedad en zonas que ahora son foco de violencia criminal. La experta, consultada por Bloomberg L\u00ednea, destac\u00f3 que la recomposici\u00f3n y reorientaci\u00f3n de las prioridades de gasto p\u00fablico hacia la consolidaci\u00f3n fiscal (que es indiscutiblemente una tarea cr\u00edtica) en detrimento del gasto social, as\u00ed como el desmantelamiento de algunas capacidades estatales para la provisi\u00f3n de servicios p\u00fablicos y programas de bienestar tambi\u00e9n han contribuido al deterioro de las condiciones generales de vida en Ecuador en los \u00faltimos tres a\u00f1os. Por ejemplo, \u201cm\u00e1s de la mitad de la fuerza laboral se encuentra en condiciones de informalidad (52,7% en junio de 2023). Adem\u00e1s, a julio de este a\u00f1o, el 60,1% de los ecuatorianos ten\u00edan un empleo inadecuado\u201d, detall\u00f3.<br \/><br \/><\/div><div><b>Lanzar una nueva pol\u00edtica exterior integral que reconozca y atienda la dimensi\u00f3n regional y global de los desaf\u00edos sociales y de seguridad que enfrenta el pa\u00eds:<\/b> la lucha contra la criminalidad, dijo Lizarazo, debe ser regional y no solo una tarea de Ecuador, por lo que es imprescindible que \u201cel pr\u00f3ximo gobierno revitalice y redireccione el di\u00e1logo y los esfuerzos de cooperaci\u00f3n\u201d en primer lugar con Colombia, y tambi\u00e9n con Per\u00fa y Bolivia.<br \/><br \/><\/div><div><b>Encontrar un balance fiscalmente responsable y al tiempo socialmente justo para el gasto p\u00fablico:<\/b> \u201cLa responsabilidad fiscal es un imperativo ineludible en tiempos de normalidad, pero es fundamental reconocer que Ecuador no est\u00e1 atravesando un momento t\u00edpico de su historia\u201d, a\u00f1adi\u00f3. Es as\u00ed como el nuevo presidente se enfrenta a desaf\u00edos in\u00e9ditos que exigir\u00e1n al Estado esfuerzos que implicar\u00e1n costos fiscales elevados.<\/div><div>\u00a0<\/div><div>Para Arturo Moscoso, adem\u00e1s, el nuevo mandatario \u201ccontar\u00e1 con un presupuesto mermado por la prohibici\u00f3n de extraer petr\u00f3leo de la reserva ecol\u00f3gica del Yasun\u00ed, determinada mediante consulta popular llevada a cabo conjuntamente con la primera vuelta de las elecciones anticipadas\u201d.<\/div>\t\t\t\t\t\t\t\t<\/div>\n\t\t\t\t<\/div>\n\t\t\t\t\t<\/div>\n\t\t<\/div>\n\t\t\t\t\t<\/div>\n\t\t<\/section>\n\t\t\t\t<section class=\"elementor-section elementor-top-section elementor-element elementor-element-c2ad1cd elementor-section-boxed elementor-section-height-default elementor-section-height-default\" data-id=\"c2ad1cd\" data-element_type=\"section\" data-e-type=\"section\">\n\t\t\t\t\t\t<div class=\"elementor-container elementor-column-gap-default\">\n\t\t\t\t\t<div class=\"elementor-column elementor-col-100 elementor-top-column elementor-element elementor-element-29533cc\" data-id=\"29533cc\" data-element_type=\"column\" data-e-type=\"column\">\n\t\t\t<div class=\"elementor-widget-wrap elementor-element-populated\">\n\t\t\t\t\t\t<div class=\"elementor-element elementor-element-2e6b5d8 elementor-headline--style-highlight elementor-widget elementor-widget-animated-headline\" data-id=\"2e6b5d8\" data-element_type=\"widget\" data-e-type=\"widget\" data-settings=\"{&quot;highlighted_text&quot;:&quot;reporta Bloomberg&quot;,&quot;headline_style&quot;:&quot;highlight&quot;,&quot;marker&quot;:&quot;circle&quot;,&quot;loop&quot;:&quot;yes&quot;,&quot;highlight_animation_duration&quot;:1200,&quot;highlight_iteration_delay&quot;:8000}\" data-widget_type=\"animated-headline.default\">\n\t\t\t\t<div class=\"elementor-widget-container\">\n\t\t\t\t\t\t\t\t<a href=\"https:\/\/www.bloomberglinea.com\/latinoamerica\/ecuador\/los-cinco-retos-que-asume-daniel-noboa-nuevo-presidente-de-ecuador\/\" target=\"_blank\">\n\n\t\t\t\t\t<p class=\"elementor-headline\">\n\t\t\t\t\t<span class=\"elementor-headline-plain-text elementor-headline-text-wrapper\">Fuente:<\/span>\n\t\t\t\t<span class=\"elementor-headline-dynamic-wrapper elementor-headline-text-wrapper\">\n\t\t\t\t\t<span class=\"elementor-headline-dynamic-text elementor-headline-text-active\">reporta Bloomberg<\/span>\n\t\t\t\t<\/span>\n\t\t\t\t<\/p>\n\t\t<\/a>\t\t\t\t<\/div>\n\t\t\t\t<\/div>\n\t\t\t\t\t<\/div>\n\t\t<\/div>\n\t\t\t\t\t<\/div>\n\t\t<\/section>\n\t\t\t\t<\/div>\n\t\t","protected":false},"excerpt":{"rendered":"<p>Bloomberg L\u00ednea \u2014 La carrera electoral en Ecuador lleg\u00f3 a su fin, por ahora. Despu\u00e9s de meses intensos y unas votaciones generales anticipadas, el Palacio de Carondelet ya conoce el nombre de qui\u00e9n ser\u00e1 su nuevo hu\u00e9sped, aunque por un periodo corto.Daniel Noboa se impuso a Luisa Gonz\u00e1lez con 52,1% de los votos y es&hellip;<\/p>\n","protected":false},"author":1,"featured_media":68691,"comment_status":"open","ping_status":"closed","sticky":false,"template":"","format":"standard","meta":{"content-type":"","_joinchat":[],"footnotes":""},"categories":[1],"tags":[],"class_list":["post-68690","post","type-post","status-publish","format-standard","has-post-thumbnail","hentry","category-uncategorized"],"yoast_head":"<!-- This site is optimized with the Yoast SEO plugin v27.5 - https:\/\/yoast.com\/product\/yoast-seo-wordpress\/ -->\n<title>Los cinco retos que asume Daniel Noboa, nuevo presidente de Ecuador - Santa Fe Casa de Valores S.A.<\/title>\n<meta name=\"robots\" content=\"index, follow, max-snippet:-1, max-image-preview:large, max-video-preview:-1\" \/>\n<link rel=\"canonical\" href=\"https:\/\/www.santafevalores.com\/index.php\/2023\/10\/16\/sfv20231016uno\/\" \/>\n<meta property=\"og:locale\" content=\"es_ES\" \/>\n<meta property=\"og:type\" content=\"article\" \/>\n<meta property=\"og:title\" content=\"Los cinco retos que asume Daniel Noboa, nuevo presidente de Ecuador - Santa Fe Casa de Valores S.A.\" \/>\n<meta property=\"og:description\" content=\"Bloomberg L\u00ednea \u2014 La carrera electoral en Ecuador lleg\u00f3 a su fin, por ahora. Despu\u00e9s de meses intensos y unas votaciones generales anticipadas, el Palacio de Carondelet ya conoce el nombre de qui\u00e9n ser\u00e1 su nuevo hu\u00e9sped, aunque por un periodo corto.Daniel Noboa se impuso a Luisa Gonz\u00e1lez con 52,1% de los votos y es&hellip;\" \/>\n<meta property=\"og:url\" content=\"https:\/\/www.santafevalores.com\/index.php\/2023\/10\/16\/sfv20231016uno\/\" \/>\n<meta property=\"og:site_name\" content=\"Santa Fe Casa de Valores S.A.\" \/>\n<meta property=\"article:publisher\" content=\"https:\/\/www.facebook.com\/santafevalores\/\" \/>\n<meta property=\"article:published_time\" content=\"2023-10-16T17:36:43+00:00\" \/>\n<meta property=\"article:modified_time\" content=\"2023-10-16T17:49:13+00:00\" \/>\n<meta property=\"og:image\" content=\"https:\/\/www.santafevalores.com\/wp-content\/uploads\/2023\/10\/A1JY4FREDKFVETHNSADMVZYOG3S4.jpg\" \/>\n\t<meta property=\"og:image:width\" content=\"800\" \/>\n\t<meta property=\"og:image:height\" content=\"534\" \/>\n\t<meta property=\"og:image:type\" content=\"image\/jpeg\" \/>\n<meta name=\"author\" content=\"admin\" \/>\n<meta name=\"twitter:card\" content=\"summary_large_image\" \/>\n<meta name=\"twitter:creator\" content=\"@SantaFeValores\" \/>\n<meta name=\"twitter:site\" content=\"@SantaFeValores\" \/>\n<meta name=\"twitter:label1\" content=\"Escrito por\" \/>\n\t<meta name=\"twitter:data1\" content=\"admin\" \/>\n\t<meta name=\"twitter:label2\" content=\"Tiempo de lectura\" \/>\n\t<meta name=\"twitter:data2\" content=\"5 minutos\" \/>\n<script type=\"application\/ld+json\" class=\"yoast-schema-graph\">{\"@context\":\"https:\\\/\\\/schema.org\",\"@graph\":[{\"@type\":\"Article\",\"@id\":\"https:\\\/\\\/www.santafevalores.com\\\/index.php\\\/2023\\\/10\\\/16\\\/sfv20231016uno\\\/#article\",\"isPartOf\":{\"@id\":\"https:\\\/\\\/www.santafevalores.com\\\/index.php\\\/2023\\\/10\\\/16\\\/sfv20231016uno\\\/\"},\"author\":{\"name\":\"admin\",\"@id\":\"https:\\\/\\\/www.santafevalores.com\\\/#\\\/schema\\\/person\\\/d965a42370507d0a1638e69158bb5835\"},\"headline\":\"Los cinco retos que asume Daniel Noboa, nuevo presidente de Ecuador\",\"datePublished\":\"2023-10-16T17:36:43+00:00\",\"dateModified\":\"2023-10-16T17:49:13+00:00\",\"mainEntityOfPage\":{\"@id\":\"https:\\\/\\\/www.santafevalores.com\\\/index.php\\\/2023\\\/10\\\/16\\\/sfv20231016uno\\\/\"},\"wordCount\":983,\"commentCount\":0,\"publisher\":{\"@id\":\"https:\\\/\\\/www.santafevalores.com\\\/#organization\"},\"image\":{\"@id\":\"https:\\\/\\\/www.santafevalores.com\\\/index.php\\\/2023\\\/10\\\/16\\\/sfv20231016uno\\\/#primaryimage\"},\"thumbnailUrl\":\"https:\\\/\\\/www.santafevalores.com\\\/wp-content\\\/uploads\\\/2023\\\/10\\\/A1JY4FREDKFVETHNSADMVZYOG3S4.jpg\",\"articleSection\":[\"Uncategorized\"],\"inLanguage\":\"es\",\"potentialAction\":[{\"@type\":\"CommentAction\",\"name\":\"Comment\",\"target\":[\"https:\\\/\\\/www.santafevalores.com\\\/index.php\\\/2023\\\/10\\\/16\\\/sfv20231016uno\\\/#respond\"]}]},{\"@type\":\"WebPage\",\"@id\":\"https:\\\/\\\/www.santafevalores.com\\\/index.php\\\/2023\\\/10\\\/16\\\/sfv20231016uno\\\/\",\"url\":\"https:\\\/\\\/www.santafevalores.com\\\/index.php\\\/2023\\\/10\\\/16\\\/sfv20231016uno\\\/\",\"name\":\"Los cinco retos que asume Daniel Noboa, nuevo presidente de Ecuador - Santa Fe Casa de Valores S.A.\",\"isPartOf\":{\"@id\":\"https:\\\/\\\/www.santafevalores.com\\\/#website\"},\"primaryImageOfPage\":{\"@id\":\"https:\\\/\\\/www.santafevalores.com\\\/index.php\\\/2023\\\/10\\\/16\\\/sfv20231016uno\\\/#primaryimage\"},\"image\":{\"@id\":\"https:\\\/\\\/www.santafevalores.com\\\/index.php\\\/2023\\\/10\\\/16\\\/sfv20231016uno\\\/#primaryimage\"},\"thumbnailUrl\":\"https:\\\/\\\/www.santafevalores.com\\\/wp-content\\\/uploads\\\/2023\\\/10\\\/A1JY4FREDKFVETHNSADMVZYOG3S4.jpg\",\"datePublished\":\"2023-10-16T17:36:43+00:00\",\"dateModified\":\"2023-10-16T17:49:13+00:00\",\"breadcrumb\":{\"@id\":\"https:\\\/\\\/www.santafevalores.com\\\/index.php\\\/2023\\\/10\\\/16\\\/sfv20231016uno\\\/#breadcrumb\"},\"inLanguage\":\"es\",\"potentialAction\":[{\"@type\":\"ReadAction\",\"target\":[\"https:\\\/\\\/www.santafevalores.com\\\/index.php\\\/2023\\\/10\\\/16\\\/sfv20231016uno\\\/\"]}]},{\"@type\":\"ImageObject\",\"inLanguage\":\"es\",\"@id\":\"https:\\\/\\\/www.santafevalores.com\\\/index.php\\\/2023\\\/10\\\/16\\\/sfv20231016uno\\\/#primaryimage\",\"url\":\"https:\\\/\\\/www.santafevalores.com\\\/wp-content\\\/uploads\\\/2023\\\/10\\\/A1JY4FREDKFVETHNSADMVZYOG3S4.jpg\",\"contentUrl\":\"https:\\\/\\\/www.santafevalores.com\\\/wp-content\\\/uploads\\\/2023\\\/10\\\/A1JY4FREDKFVETHNSADMVZYOG3S4.jpg\",\"width\":800,\"height\":534},{\"@type\":\"BreadcrumbList\",\"@id\":\"https:\\\/\\\/www.santafevalores.com\\\/index.php\\\/2023\\\/10\\\/16\\\/sfv20231016uno\\\/#breadcrumb\",\"itemListElement\":[{\"@type\":\"ListItem\",\"position\":1,\"name\":\"Portada\",\"item\":\"https:\\\/\\\/www.santafevalores.com\\\/\"},{\"@type\":\"ListItem\",\"position\":2,\"name\":\"Los cinco retos que asume Daniel Noboa, nuevo presidente de Ecuador\"}]},{\"@type\":\"WebSite\",\"@id\":\"https:\\\/\\\/www.santafevalores.com\\\/#website\",\"url\":\"https:\\\/\\\/www.santafevalores.com\\\/\",\"name\":\"Santa Fe Casa de Valores S.A.\",\"description\":\"\",\"publisher\":{\"@id\":\"https:\\\/\\\/www.santafevalores.com\\\/#organization\"},\"potentialAction\":[{\"@type\":\"SearchAction\",\"target\":{\"@type\":\"EntryPoint\",\"urlTemplate\":\"https:\\\/\\\/www.santafevalores.com\\\/?s={search_term_string}\"},\"query-input\":{\"@type\":\"PropertyValueSpecification\",\"valueRequired\":true,\"valueName\":\"search_term_string\"}}],\"inLanguage\":\"es\"},{\"@type\":\"Organization\",\"@id\":\"https:\\\/\\\/www.santafevalores.com\\\/#organization\",\"name\":\"Santa Fe Casa de Valores S.A.\",\"alternateName\":\"SANTAFEVALORES\",\"url\":\"https:\\\/\\\/www.santafevalores.com\\\/\",\"logo\":{\"@type\":\"ImageObject\",\"inLanguage\":\"es\",\"@id\":\"https:\\\/\\\/www.santafevalores.com\\\/#\\\/schema\\\/logo\\\/image\\\/\",\"url\":\"https:\\\/\\\/www.santafevalores.com\\\/wp-content\\\/uploads\\\/2022\\\/06\\\/logo1.png\",\"contentUrl\":\"https:\\\/\\\/www.santafevalores.com\\\/wp-content\\\/uploads\\\/2022\\\/06\\\/logo1.png\",\"width\":235,\"height\":71,\"caption\":\"Santa Fe Casa de Valores S.A.\"},\"image\":{\"@id\":\"https:\\\/\\\/www.santafevalores.com\\\/#\\\/schema\\\/logo\\\/image\\\/\"},\"sameAs\":[\"https:\\\/\\\/www.facebook.com\\\/santafevalores\\\/\",\"https:\\\/\\\/x.com\\\/SantaFeValores\"]},{\"@type\":\"Person\",\"@id\":\"https:\\\/\\\/www.santafevalores.com\\\/#\\\/schema\\\/person\\\/d965a42370507d0a1638e69158bb5835\",\"name\":\"admin\",\"image\":{\"@type\":\"ImageObject\",\"inLanguage\":\"es\",\"@id\":\"https:\\\/\\\/secure.gravatar.com\\\/avatar\\\/97ec7f9eb6068ddac59d3806ca0034c167fce748f524adcfad8629911220756f?s=96&d=mm&r=g\",\"url\":\"https:\\\/\\\/secure.gravatar.com\\\/avatar\\\/97ec7f9eb6068ddac59d3806ca0034c167fce748f524adcfad8629911220756f?s=96&d=mm&r=g\",\"contentUrl\":\"https:\\\/\\\/secure.gravatar.com\\\/avatar\\\/97ec7f9eb6068ddac59d3806ca0034c167fce748f524adcfad8629911220756f?s=96&d=mm&r=g\",\"caption\":\"admin\"},\"sameAs\":[\"https:\\\/\\\/www.santafevalores.com\"],\"url\":\"https:\\\/\\\/www.santafevalores.com\\\/index.php\\\/author\\\/santafevaloresuio_ggv0vv79\\\/\"}]}<\/script>\n<!-- \/ Yoast SEO plugin. -->","yoast_head_json":{"title":"Los cinco retos que asume Daniel Noboa, nuevo presidente de Ecuador - Santa Fe Casa de Valores S.A.","robots":{"index":"index","follow":"follow","max-snippet":"max-snippet:-1","max-image-preview":"max-image-preview:large","max-video-preview":"max-video-preview:-1"},"canonical":"https:\/\/www.santafevalores.com\/index.php\/2023\/10\/16\/sfv20231016uno\/","og_locale":"es_ES","og_type":"article","og_title":"Los cinco retos que asume Daniel Noboa, nuevo presidente de Ecuador - Santa Fe Casa de Valores S.A.","og_description":"Bloomberg L\u00ednea \u2014 La carrera electoral en Ecuador lleg\u00f3 a su fin, por ahora. Despu\u00e9s de meses intensos y unas votaciones generales anticipadas, el Palacio de Carondelet ya conoce el nombre de qui\u00e9n ser\u00e1 su nuevo hu\u00e9sped, aunque por un periodo corto.Daniel Noboa se impuso a Luisa Gonz\u00e1lez con 52,1% de los votos y es&hellip;","og_url":"https:\/\/www.santafevalores.com\/index.php\/2023\/10\/16\/sfv20231016uno\/","og_site_name":"Santa Fe Casa de Valores S.A.","article_publisher":"https:\/\/www.facebook.com\/santafevalores\/","article_published_time":"2023-10-16T17:36:43+00:00","article_modified_time":"2023-10-16T17:49:13+00:00","og_image":[{"width":800,"height":534,"url":"https:\/\/www.santafevalores.com\/wp-content\/uploads\/2023\/10\/A1JY4FREDKFVETHNSADMVZYOG3S4.jpg","type":"image\/jpeg"}],"author":"admin","twitter_card":"summary_large_image","twitter_creator":"@SantaFeValores","twitter_site":"@SantaFeValores","twitter_misc":{"Escrito por":"admin","Tiempo de lectura":"5 minutos"},"schema":{"@context":"https:\/\/schema.org","@graph":[{"@type":"Article","@id":"https:\/\/www.santafevalores.com\/index.php\/2023\/10\/16\/sfv20231016uno\/#article","isPartOf":{"@id":"https:\/\/www.santafevalores.com\/index.php\/2023\/10\/16\/sfv20231016uno\/"},"author":{"name":"admin","@id":"https:\/\/www.santafevalores.com\/#\/schema\/person\/d965a42370507d0a1638e69158bb5835"},"headline":"Los cinco retos que asume Daniel Noboa, nuevo presidente de Ecuador","datePublished":"2023-10-16T17:36:43+00:00","dateModified":"2023-10-16T17:49:13+00:00","mainEntityOfPage":{"@id":"https:\/\/www.santafevalores.com\/index.php\/2023\/10\/16\/sfv20231016uno\/"},"wordCount":983,"commentCount":0,"publisher":{"@id":"https:\/\/www.santafevalores.com\/#organization"},"image":{"@id":"https:\/\/www.santafevalores.com\/index.php\/2023\/10\/16\/sfv20231016uno\/#primaryimage"},"thumbnailUrl":"https:\/\/www.santafevalores.com\/wp-content\/uploads\/2023\/10\/A1JY4FREDKFVETHNSADMVZYOG3S4.jpg","articleSection":["Uncategorized"],"inLanguage":"es","potentialAction":[{"@type":"CommentAction","name":"Comment","target":["https:\/\/www.santafevalores.com\/index.php\/2023\/10\/16\/sfv20231016uno\/#respond"]}]},{"@type":"WebPage","@id":"https:\/\/www.santafevalores.com\/index.php\/2023\/10\/16\/sfv20231016uno\/","url":"https:\/\/www.santafevalores.com\/index.php\/2023\/10\/16\/sfv20231016uno\/","name":"Los cinco retos que asume Daniel Noboa, nuevo presidente de Ecuador - Santa Fe Casa de Valores S.A.","isPartOf":{"@id":"https:\/\/www.santafevalores.com\/#website"},"primaryImageOfPage":{"@id":"https:\/\/www.santafevalores.com\/index.php\/2023\/10\/16\/sfv20231016uno\/#primaryimage"},"image":{"@id":"https:\/\/www.santafevalores.com\/index.php\/2023\/10\/16\/sfv20231016uno\/#primaryimage"},"thumbnailUrl":"https:\/\/www.santafevalores.com\/wp-content\/uploads\/2023\/10\/A1JY4FREDKFVETHNSADMVZYOG3S4.jpg","datePublished":"2023-10-16T17:36:43+00:00","dateModified":"2023-10-16T17:49:13+00:00","breadcrumb":{"@id":"https:\/\/www.santafevalores.com\/index.php\/2023\/10\/16\/sfv20231016uno\/#breadcrumb"},"inLanguage":"es","potentialAction":[{"@type":"ReadAction","target":["https:\/\/www.santafevalores.com\/index.php\/2023\/10\/16\/sfv20231016uno\/"]}]},{"@type":"ImageObject","inLanguage":"es","@id":"https:\/\/www.santafevalores.com\/index.php\/2023\/10\/16\/sfv20231016uno\/#primaryimage","url":"https:\/\/www.santafevalores.com\/wp-content\/uploads\/2023\/10\/A1JY4FREDKFVETHNSADMVZYOG3S4.jpg","contentUrl":"https:\/\/www.santafevalores.com\/wp-content\/uploads\/2023\/10\/A1JY4FREDKFVETHNSADMVZYOG3S4.jpg","width":800,"height":534},{"@type":"BreadcrumbList","@id":"https:\/\/www.santafevalores.com\/index.php\/2023\/10\/16\/sfv20231016uno\/#breadcrumb","itemListElement":[{"@type":"ListItem","position":1,"name":"Portada","item":"https:\/\/www.santafevalores.com\/"},{"@type":"ListItem","position":2,"name":"Los cinco retos que asume Daniel Noboa, nuevo presidente de Ecuador"}]},{"@type":"WebSite","@id":"https:\/\/www.santafevalores.com\/#website","url":"https:\/\/www.santafevalores.com\/","name":"Santa Fe Casa de Valores S.A.","description":"","publisher":{"@id":"https:\/\/www.santafevalores.com\/#organization"},"potentialAction":[{"@type":"SearchAction","target":{"@type":"EntryPoint","urlTemplate":"https:\/\/www.santafevalores.com\/?s={search_term_string}"},"query-input":{"@type":"PropertyValueSpecification","valueRequired":true,"valueName":"search_term_string"}}],"inLanguage":"es"},{"@type":"Organization","@id":"https:\/\/www.santafevalores.com\/#organization","name":"Santa Fe Casa de Valores S.A.","alternateName":"SANTAFEVALORES","url":"https:\/\/www.santafevalores.com\/","logo":{"@type":"ImageObject","inLanguage":"es","@id":"https:\/\/www.santafevalores.com\/#\/schema\/logo\/image\/","url":"https:\/\/www.santafevalores.com\/wp-content\/uploads\/2022\/06\/logo1.png","contentUrl":"https:\/\/www.santafevalores.com\/wp-content\/uploads\/2022\/06\/logo1.png","width":235,"height":71,"caption":"Santa Fe Casa de Valores S.A."},"image":{"@id":"https:\/\/www.santafevalores.com\/#\/schema\/logo\/image\/"},"sameAs":["https:\/\/www.facebook.com\/santafevalores\/","https:\/\/x.com\/SantaFeValores"]},{"@type":"Person","@id":"https:\/\/www.santafevalores.com\/#\/schema\/person\/d965a42370507d0a1638e69158bb5835","name":"admin","image":{"@type":"ImageObject","inLanguage":"es","@id":"https:\/\/secure.gravatar.com\/avatar\/97ec7f9eb6068ddac59d3806ca0034c167fce748f524adcfad8629911220756f?s=96&d=mm&r=g","url":"https:\/\/secure.gravatar.com\/avatar\/97ec7f9eb6068ddac59d3806ca0034c167fce748f524adcfad8629911220756f?s=96&d=mm&r=g","contentUrl":"https:\/\/secure.gravatar.com\/avatar\/97ec7f9eb6068ddac59d3806ca0034c167fce748f524adcfad8629911220756f?s=96&d=mm&r=g","caption":"admin"},"sameAs":["https:\/\/www.santafevalores.com"],"url":"https:\/\/www.santafevalores.com\/index.php\/author\/santafevaloresuio_ggv0vv79\/"}]}},"_links":{"self":[{"href":"https:\/\/www.santafevalores.com\/index.php\/wp-json\/wp\/v2\/posts\/68690","targetHints":{"allow":["GET"]}}],"collection":[{"href":"https:\/\/www.santafevalores.com\/index.php\/wp-json\/wp\/v2\/posts"}],"about":[{"href":"https:\/\/www.santafevalores.com\/index.php\/wp-json\/wp\/v2\/types\/post"}],"author":[{"embeddable":true,"href":"https:\/\/www.santafevalores.com\/index.php\/wp-json\/wp\/v2\/users\/1"}],"replies":[{"embeddable":true,"href":"https:\/\/www.santafevalores.com\/index.php\/wp-json\/wp\/v2\/comments?post=68690"}],"version-history":[{"count":5,"href":"https:\/\/www.santafevalores.com\/index.php\/wp-json\/wp\/v2\/posts\/68690\/revisions"}],"predecessor-version":[{"id":68697,"href":"https:\/\/www.santafevalores.com\/index.php\/wp-json\/wp\/v2\/posts\/68690\/revisions\/68697"}],"wp:featuredmedia":[{"embeddable":true,"href":"https:\/\/www.santafevalores.com\/index.php\/wp-json\/wp\/v2\/media\/68691"}],"wp:attachment":[{"href":"https:\/\/www.santafevalores.com\/index.php\/wp-json\/wp\/v2\/media?parent=68690"}],"wp:term":[{"taxonomy":"category","embeddable":true,"href":"https:\/\/www.santafevalores.com\/index.php\/wp-json\/wp\/v2\/categories?post=68690"},{"taxonomy":"post_tag","embeddable":true,"href":"https:\/\/www.santafevalores.com\/index.php\/wp-json\/wp\/v2\/tags?post=68690"}],"curies":[{"name":"wp","href":"https:\/\/api.w.org\/{rel}","templated":true}]}}