{"id":68759,"date":"2023-10-18T18:10:20","date_gmt":"2023-10-18T23:10:20","guid":{"rendered":"https:\/\/www.santafevalores.com\/?p=68759"},"modified":"2023-10-18T18:15:51","modified_gmt":"2023-10-18T23:15:51","slug":"sfv20231018uno","status":"publish","type":"post","link":"https:\/\/www.santafevalores.com\/index.php\/2023\/10\/18\/sfv20231018uno\/","title":{"rendered":"Ecuador declara emergencia el\u00e9ctrica, luego de que Colombia restringiera la venta de energ\u00eda"},"content":{"rendered":"\t\t<div data-elementor-type=\"wp-post\" data-elementor-id=\"68759\" class=\"elementor elementor-68759\" data-elementor-post-type=\"post\">\n\t\t\t\t\t\t<section class=\"elementor-section elementor-top-section elementor-element elementor-element-292ec16 elementor-section-boxed elementor-section-height-default elementor-section-height-default\" data-id=\"292ec16\" data-element_type=\"section\" data-e-type=\"section\">\n\t\t\t\t\t\t<div class=\"elementor-container elementor-column-gap-default\">\n\t\t\t\t\t<div class=\"elementor-column elementor-col-100 elementor-top-column elementor-element elementor-element-225f852\" data-id=\"225f852\" data-element_type=\"column\" data-e-type=\"column\">\n\t\t\t<div class=\"elementor-widget-wrap elementor-element-populated\">\n\t\t\t\t\t\t<div class=\"elementor-element elementor-element-32f1453 elementor-widget elementor-widget-image\" data-id=\"32f1453\" data-element_type=\"widget\" data-e-type=\"widget\" data-widget_type=\"image.default\">\n\t\t\t\t<div class=\"elementor-widget-container\">\n\t\t\t\t\t\t\t\t\t\t\t\t\t\t\t<img fetchpriority=\"high\" decoding=\"async\" width=\"800\" height=\"427\" src=\"https:\/\/www.santafevalores.com\/wp-content\/uploads\/2023\/10\/A1PSOL2NG5VRFIZD3CPKXG74JZRY.jpg\" class=\"attachment-large size-large wp-image-68760\" alt=\"\" srcset=\"https:\/\/www.santafevalores.com\/wp-content\/uploads\/2023\/10\/A1PSOL2NG5VRFIZD3CPKXG74JZRY.jpg 800w, https:\/\/www.santafevalores.com\/wp-content\/uploads\/2023\/10\/A1PSOL2NG5VRFIZD3CPKXG74JZRY-300x160.jpg 300w, https:\/\/www.santafevalores.com\/wp-content\/uploads\/2023\/10\/A1PSOL2NG5VRFIZD3CPKXG74JZRY-768x410.jpg 768w\" sizes=\"(max-width: 800px) 100vw, 800px\" \/>\t\t\t\t\t\t\t\t\t\t\t\t\t\t\t<\/div>\n\t\t\t\t<\/div>\n\t\t\t\t\t<\/div>\n\t\t<\/div>\n\t\t\t\t\t<\/div>\n\t\t<\/section>\n\t\t\t\t<section class=\"elementor-section elementor-top-section elementor-element elementor-element-1ad1d22 elementor-section-boxed elementor-section-height-default elementor-section-height-default\" data-id=\"1ad1d22\" data-element_type=\"section\" data-e-type=\"section\">\n\t\t\t\t\t\t<div class=\"elementor-container elementor-column-gap-default\">\n\t\t\t\t\t<div class=\"elementor-column elementor-col-100 elementor-top-column elementor-element elementor-element-d8955e0\" data-id=\"d8955e0\" data-element_type=\"column\" data-e-type=\"column\">\n\t\t\t<div class=\"elementor-widget-wrap elementor-element-populated\">\n\t\t\t\t\t\t<div class=\"elementor-element elementor-element-effd5f2 elementor-widget elementor-widget-text-editor\" data-id=\"effd5f2\" data-element_type=\"widget\" data-e-type=\"widget\" data-widget_type=\"text-editor.default\">\n\t\t\t\t<div class=\"elementor-widget-container\">\n\t\t\t\t\t\t\t\t\t<p>El Gobierno ecuatoriano declar\u00f3 la emergencia en el sector el\u00e9ctrico en el marco de la ausencia de lluvias en la zona occidental del pa\u00eds, producto del impacto del Fen\u00f3meno de El Ni\u00f1o. As\u00ed lo comunic\u00f3 hoy, desde sus redes, el Ministerio de Energ\u00eda y Minas que conduce Fernando Santos Alvite.<\/p>\n<p>La administraci\u00f3n Lasso tom\u00f3 la decisi\u00f3n para \u201cprecautelar que el suministro el\u00e9ctrico se mantenga estable en todo el territorio nacional\u201d. Seg\u00fan el comunicado oficial, \u201cel objetivo es acelerar procesos de contrataci\u00f3n de energ\u00eda y optimizar los recursos de las empresas el\u00e9ctricas del pa\u00eds\u201d.<\/p>\n<p>La decisi\u00f3n llega adem\u00e1s en un momento en que Colombia restringi\u00f3 la venta de energ\u00eda a Ecuador debido a que las hidroel\u00e9ctricas colombianas est\u00e1n por debajo de su capacidad.<\/p>\n<p><b>La situaci\u00f3n<\/b><\/p>\n<p>\u201cActualmente, el Ecuador enfrenta bajos caudales en los afluentes en la zona amaz\u00f3nica, y un retraso de las lluvias en la zona occidental, por el impacto del Fen\u00f3meno de El Ni\u00f1o. Existe limitaci\u00f3n en la venta de energ\u00eda por parte de Colombia y un considerable incremento en su costo\u201d, se\u00f1ala el comunicado oficial.<br>Por otro lado, las fuentes oficiales informaron que Ecuador registra un \u201cinusitado\u201d icnremento en la demanda el\u00e9ctrica.<\/p>\n<p><b>\u00bfQu\u00e9 se busca lograr con la emergencia?<\/b><\/p>\n<p>Seg\u00fan explic\u00f3 el Ministerio de Energ\u00eda y Minas, con la declaraci\u00f3n de emergencia se aceleran los procesos de contrataci\u00f3n de energ\u00eda, para abastecer de \u201cforma suficiente y oportuna\u201d el servicio el\u00e9ctrico en todo el pa\u00eds. La declaraci\u00f3n tambi\u00e9n permite disponer a la Empresa El\u00e9ctrica Quito, en conjunto con las empresas distribuidoras, la generaci\u00f3n adicional de energ\u00eda bajo un procedimiento \u201c\u00e1gil\u201d y \u201ctransparente\u201d.<\/p>\n<p>\u201cEl Acuerdo Ministerial ordena iniciar inmediatamente la repotenciaci\u00f3n de la Central Termog\u00e1s Machala, con el objetivo de maximizar la capacidad la operaci\u00f3n\u201d.<\/p>\t\t\t\t\t\t\t\t<\/div>\n\t\t\t\t<\/div>\n\t\t\t\t\t<\/div>\n\t\t<\/div>\n\t\t\t\t\t<\/div>\n\t\t<\/section>\n\t\t\t\t<section class=\"elementor-section elementor-top-section elementor-element elementor-element-2ea6e3f elementor-section-boxed elementor-section-height-default elementor-section-height-default\" data-id=\"2ea6e3f\" data-element_type=\"section\" data-e-type=\"section\">\n\t\t\t\t\t\t<div class=\"elementor-container elementor-column-gap-default\">\n\t\t\t\t\t<div class=\"elementor-column elementor-col-100 elementor-top-column elementor-element elementor-element-32f2614\" data-id=\"32f2614\" data-element_type=\"column\" data-e-type=\"column\">\n\t\t\t<div class=\"elementor-widget-wrap elementor-element-populated\">\n\t\t\t\t\t\t<div class=\"elementor-element elementor-element-6ce1d6e elementor-headline--style-highlight elementor-widget elementor-widget-animated-headline\" data-id=\"6ce1d6e\" data-element_type=\"widget\" data-e-type=\"widget\" data-settings=\"{&quot;highlighted_text&quot;:&quot;reporta Bloomberg&quot;,&quot;headline_style&quot;:&quot;highlight&quot;,&quot;marker&quot;:&quot;circle&quot;,&quot;loop&quot;:&quot;yes&quot;,&quot;highlight_animation_duration&quot;:1200,&quot;highlight_iteration_delay&quot;:8000}\" data-widget_type=\"animated-headline.default\">\n\t\t\t\t<div class=\"elementor-widget-container\">\n\t\t\t\t\t\t\t\t<a href=\"https:\/\/www.bloomberglinea.com\/latinoamerica\/ecuador\/ecuador-declara-emergencia-electrica-luego-de-que-colombia-restringiera-la-venta-de-energia\/\" target=\"_blank\">\n\n\t\t\t\t\t<p class=\"elementor-headline\">\n\t\t\t\t\t<span class=\"elementor-headline-plain-text elementor-headline-text-wrapper\">Fuente:<\/span>\n\t\t\t\t<span class=\"elementor-headline-dynamic-wrapper elementor-headline-text-wrapper\">\n\t\t\t\t\t<span class=\"elementor-headline-dynamic-text elementor-headline-text-active\">reporta Bloomberg<\/span>\n\t\t\t\t<\/span>\n\t\t\t\t<\/p>\n\t\t<\/a>\t\t\t\t<\/div>\n\t\t\t\t<\/div>\n\t\t\t\t\t<\/div>\n\t\t<\/div>\n\t\t\t\t\t<\/div>\n\t\t<\/section>\n\t\t\t\t<\/div>\n\t\t","protected":false},"excerpt":{"rendered":"<p>El Gobierno ecuatoriano declar\u00f3 la emergencia en el sector el\u00e9ctrico en el marco de la ausencia de lluvias en la zona occidental del pa\u00eds, producto del impacto del Fen\u00f3meno de El Ni\u00f1o. As\u00ed lo comunic\u00f3 hoy, desde sus redes, el Ministerio de Energ\u00eda y Minas que conduce Fernando Santos Alvite. La administraci\u00f3n Lasso tom\u00f3 la&hellip;<\/p>\n","protected":false},"author":1,"featured_media":68760,"comment_status":"open","ping_status":"closed","sticky":false,"template":"","format":"standard","meta":{"content-type":"","_joinchat":[],"footnotes":""},"categories":[1],"tags":[],"class_list":["post-68759","post","type-post","status-publish","format-standard","has-post-thumbnail","hentry","category-uncategorized"],"yoast_head":"<!-- This site is optimized with the Yoast SEO plugin v27.5 - https:\/\/yoast.com\/product\/yoast-seo-wordpress\/ -->\n<title>Ecuador declara emergencia el\u00e9ctrica, luego de que Colombia restringiera la venta de energ\u00eda - Santa Fe Casa de Valores S.A.<\/title>\n<meta name=\"robots\" content=\"index, follow, max-snippet:-1, max-image-preview:large, max-video-preview:-1\" \/>\n<link rel=\"canonical\" href=\"https:\/\/www.santafevalores.com\/index.php\/2023\/10\/18\/sfv20231018uno\/\" \/>\n<meta property=\"og:locale\" content=\"es_ES\" \/>\n<meta property=\"og:type\" content=\"article\" \/>\n<meta property=\"og:title\" content=\"Ecuador declara emergencia el\u00e9ctrica, luego de que Colombia restringiera la venta de energ\u00eda - Santa Fe Casa de Valores S.A.\" \/>\n<meta property=\"og:description\" content=\"El Gobierno ecuatoriano declar\u00f3 la emergencia en el sector el\u00e9ctrico en el marco de la ausencia de lluvias en la zona occidental del pa\u00eds, producto del impacto del Fen\u00f3meno de El Ni\u00f1o. As\u00ed lo comunic\u00f3 hoy, desde sus redes, el Ministerio de Energ\u00eda y Minas que conduce Fernando Santos Alvite. La administraci\u00f3n Lasso tom\u00f3 la&hellip;\" \/>\n<meta property=\"og:url\" content=\"https:\/\/www.santafevalores.com\/index.php\/2023\/10\/18\/sfv20231018uno\/\" \/>\n<meta property=\"og:site_name\" content=\"Santa Fe Casa de Valores S.A.\" \/>\n<meta property=\"article:publisher\" content=\"https:\/\/www.facebook.com\/santafevalores\/\" \/>\n<meta property=\"article:published_time\" content=\"2023-10-18T23:10:20+00:00\" \/>\n<meta property=\"article:modified_time\" content=\"2023-10-18T23:15:51+00:00\" \/>\n<meta property=\"og:image\" content=\"https:\/\/www.santafevalores.com\/wp-content\/uploads\/2023\/10\/A1PSOL2NG5VRFIZD3CPKXG74JZRY.jpg\" \/>\n\t<meta property=\"og:image:width\" content=\"800\" \/>\n\t<meta property=\"og:image:height\" content=\"427\" \/>\n\t<meta property=\"og:image:type\" content=\"image\/jpeg\" \/>\n<meta name=\"author\" content=\"admin\" \/>\n<meta name=\"twitter:card\" content=\"summary_large_image\" \/>\n<meta name=\"twitter:creator\" content=\"@SantaFeValores\" \/>\n<meta name=\"twitter:site\" content=\"@SantaFeValores\" \/>\n<meta name=\"twitter:label1\" content=\"Escrito por\" \/>\n\t<meta name=\"twitter:data1\" content=\"admin\" \/>\n\t<meta name=\"twitter:label2\" content=\"Tiempo de lectura\" \/>\n\t<meta name=\"twitter:data2\" content=\"2 minutos\" \/>\n<script type=\"application\/ld+json\" class=\"yoast-schema-graph\">{\"@context\":\"https:\\\/\\\/schema.org\",\"@graph\":[{\"@type\":\"Article\",\"@id\":\"https:\\\/\\\/www.santafevalores.com\\\/index.php\\\/2023\\\/10\\\/18\\\/sfv20231018uno\\\/#article\",\"isPartOf\":{\"@id\":\"https:\\\/\\\/www.santafevalores.com\\\/index.php\\\/2023\\\/10\\\/18\\\/sfv20231018uno\\\/\"},\"author\":{\"name\":\"admin\",\"@id\":\"https:\\\/\\\/www.santafevalores.com\\\/#\\\/schema\\\/person\\\/d965a42370507d0a1638e69158bb5835\"},\"headline\":\"Ecuador declara emergencia el\u00e9ctrica, luego de que Colombia restringiera la venta de energ\u00eda\",\"datePublished\":\"2023-10-18T23:10:20+00:00\",\"dateModified\":\"2023-10-18T23:15:51+00:00\",\"mainEntityOfPage\":{\"@id\":\"https:\\\/\\\/www.santafevalores.com\\\/index.php\\\/2023\\\/10\\\/18\\\/sfv20231018uno\\\/\"},\"wordCount\":344,\"commentCount\":0,\"publisher\":{\"@id\":\"https:\\\/\\\/www.santafevalores.com\\\/#organization\"},\"image\":{\"@id\":\"https:\\\/\\\/www.santafevalores.com\\\/index.php\\\/2023\\\/10\\\/18\\\/sfv20231018uno\\\/#primaryimage\"},\"thumbnailUrl\":\"https:\\\/\\\/www.santafevalores.com\\\/wp-content\\\/uploads\\\/2023\\\/10\\\/A1PSOL2NG5VRFIZD3CPKXG74JZRY.jpg\",\"articleSection\":[\"Uncategorized\"],\"inLanguage\":\"es\",\"potentialAction\":[{\"@type\":\"CommentAction\",\"name\":\"Comment\",\"target\":[\"https:\\\/\\\/www.santafevalores.com\\\/index.php\\\/2023\\\/10\\\/18\\\/sfv20231018uno\\\/#respond\"]}]},{\"@type\":\"WebPage\",\"@id\":\"https:\\\/\\\/www.santafevalores.com\\\/index.php\\\/2023\\\/10\\\/18\\\/sfv20231018uno\\\/\",\"url\":\"https:\\\/\\\/www.santafevalores.com\\\/index.php\\\/2023\\\/10\\\/18\\\/sfv20231018uno\\\/\",\"name\":\"Ecuador declara emergencia el\u00e9ctrica, luego de que Colombia restringiera la venta de energ\u00eda - Santa Fe Casa de Valores S.A.\",\"isPartOf\":{\"@id\":\"https:\\\/\\\/www.santafevalores.com\\\/#website\"},\"primaryImageOfPage\":{\"@id\":\"https:\\\/\\\/www.santafevalores.com\\\/index.php\\\/2023\\\/10\\\/18\\\/sfv20231018uno\\\/#primaryimage\"},\"image\":{\"@id\":\"https:\\\/\\\/www.santafevalores.com\\\/index.php\\\/2023\\\/10\\\/18\\\/sfv20231018uno\\\/#primaryimage\"},\"thumbnailUrl\":\"https:\\\/\\\/www.santafevalores.com\\\/wp-content\\\/uploads\\\/2023\\\/10\\\/A1PSOL2NG5VRFIZD3CPKXG74JZRY.jpg\",\"datePublished\":\"2023-10-18T23:10:20+00:00\",\"dateModified\":\"2023-10-18T23:15:51+00:00\",\"breadcrumb\":{\"@id\":\"https:\\\/\\\/www.santafevalores.com\\\/index.php\\\/2023\\\/10\\\/18\\\/sfv20231018uno\\\/#breadcrumb\"},\"inLanguage\":\"es\",\"potentialAction\":[{\"@type\":\"ReadAction\",\"target\":[\"https:\\\/\\\/www.santafevalores.com\\\/index.php\\\/2023\\\/10\\\/18\\\/sfv20231018uno\\\/\"]}]},{\"@type\":\"ImageObject\",\"inLanguage\":\"es\",\"@id\":\"https:\\\/\\\/www.santafevalores.com\\\/index.php\\\/2023\\\/10\\\/18\\\/sfv20231018uno\\\/#primaryimage\",\"url\":\"https:\\\/\\\/www.santafevalores.com\\\/wp-content\\\/uploads\\\/2023\\\/10\\\/A1PSOL2NG5VRFIZD3CPKXG74JZRY.jpg\",\"contentUrl\":\"https:\\\/\\\/www.santafevalores.com\\\/wp-content\\\/uploads\\\/2023\\\/10\\\/A1PSOL2NG5VRFIZD3CPKXG74JZRY.jpg\",\"width\":800,\"height\":427},{\"@type\":\"BreadcrumbList\",\"@id\":\"https:\\\/\\\/www.santafevalores.com\\\/index.php\\\/2023\\\/10\\\/18\\\/sfv20231018uno\\\/#breadcrumb\",\"itemListElement\":[{\"@type\":\"ListItem\",\"position\":1,\"name\":\"Portada\",\"item\":\"https:\\\/\\\/www.santafevalores.com\\\/\"},{\"@type\":\"ListItem\",\"position\":2,\"name\":\"Ecuador declara emergencia el\u00e9ctrica, luego de que Colombia restringiera la venta de energ\u00eda\"}]},{\"@type\":\"WebSite\",\"@id\":\"https:\\\/\\\/www.santafevalores.com\\\/#website\",\"url\":\"https:\\\/\\\/www.santafevalores.com\\\/\",\"name\":\"Santa Fe Casa de Valores S.A.\",\"description\":\"\",\"publisher\":{\"@id\":\"https:\\\/\\\/www.santafevalores.com\\\/#organization\"},\"potentialAction\":[{\"@type\":\"SearchAction\",\"target\":{\"@type\":\"EntryPoint\",\"urlTemplate\":\"https:\\\/\\\/www.santafevalores.com\\\/?s={search_term_string}\"},\"query-input\":{\"@type\":\"PropertyValueSpecification\",\"valueRequired\":true,\"valueName\":\"search_term_string\"}}],\"inLanguage\":\"es\"},{\"@type\":\"Organization\",\"@id\":\"https:\\\/\\\/www.santafevalores.com\\\/#organization\",\"name\":\"Santa Fe Casa de Valores S.A.\",\"alternateName\":\"SANTAFEVALORES\",\"url\":\"https:\\\/\\\/www.santafevalores.com\\\/\",\"logo\":{\"@type\":\"ImageObject\",\"inLanguage\":\"es\",\"@id\":\"https:\\\/\\\/www.santafevalores.com\\\/#\\\/schema\\\/logo\\\/image\\\/\",\"url\":\"https:\\\/\\\/www.santafevalores.com\\\/wp-content\\\/uploads\\\/2022\\\/06\\\/logo1.png\",\"contentUrl\":\"https:\\\/\\\/www.santafevalores.com\\\/wp-content\\\/uploads\\\/2022\\\/06\\\/logo1.png\",\"width\":235,\"height\":71,\"caption\":\"Santa Fe Casa de Valores S.A.\"},\"image\":{\"@id\":\"https:\\\/\\\/www.santafevalores.com\\\/#\\\/schema\\\/logo\\\/image\\\/\"},\"sameAs\":[\"https:\\\/\\\/www.facebook.com\\\/santafevalores\\\/\",\"https:\\\/\\\/x.com\\\/SantaFeValores\"]},{\"@type\":\"Person\",\"@id\":\"https:\\\/\\\/www.santafevalores.com\\\/#\\\/schema\\\/person\\\/d965a42370507d0a1638e69158bb5835\",\"name\":\"admin\",\"image\":{\"@type\":\"ImageObject\",\"inLanguage\":\"es\",\"@id\":\"https:\\\/\\\/secure.gravatar.com\\\/avatar\\\/97ec7f9eb6068ddac59d3806ca0034c167fce748f524adcfad8629911220756f?s=96&d=mm&r=g\",\"url\":\"https:\\\/\\\/secure.gravatar.com\\\/avatar\\\/97ec7f9eb6068ddac59d3806ca0034c167fce748f524adcfad8629911220756f?s=96&d=mm&r=g\",\"contentUrl\":\"https:\\\/\\\/secure.gravatar.com\\\/avatar\\\/97ec7f9eb6068ddac59d3806ca0034c167fce748f524adcfad8629911220756f?s=96&d=mm&r=g\",\"caption\":\"admin\"},\"sameAs\":[\"https:\\\/\\\/www.santafevalores.com\"],\"url\":\"https:\\\/\\\/www.santafevalores.com\\\/index.php\\\/author\\\/santafevaloresuio_ggv0vv79\\\/\"}]}<\/script>\n<!-- \/ Yoast SEO plugin. -->","yoast_head_json":{"title":"Ecuador declara emergencia el\u00e9ctrica, luego de que Colombia restringiera la venta de energ\u00eda - Santa Fe Casa de Valores S.A.","robots":{"index":"index","follow":"follow","max-snippet":"max-snippet:-1","max-image-preview":"max-image-preview:large","max-video-preview":"max-video-preview:-1"},"canonical":"https:\/\/www.santafevalores.com\/index.php\/2023\/10\/18\/sfv20231018uno\/","og_locale":"es_ES","og_type":"article","og_title":"Ecuador declara emergencia el\u00e9ctrica, luego de que Colombia restringiera la venta de energ\u00eda - Santa Fe Casa de Valores S.A.","og_description":"El Gobierno ecuatoriano declar\u00f3 la emergencia en el sector el\u00e9ctrico en el marco de la ausencia de lluvias en la zona occidental del pa\u00eds, producto del impacto del Fen\u00f3meno de El Ni\u00f1o. As\u00ed lo comunic\u00f3 hoy, desde sus redes, el Ministerio de Energ\u00eda y Minas que conduce Fernando Santos Alvite. La administraci\u00f3n Lasso tom\u00f3 la&hellip;","og_url":"https:\/\/www.santafevalores.com\/index.php\/2023\/10\/18\/sfv20231018uno\/","og_site_name":"Santa Fe Casa de Valores S.A.","article_publisher":"https:\/\/www.facebook.com\/santafevalores\/","article_published_time":"2023-10-18T23:10:20+00:00","article_modified_time":"2023-10-18T23:15:51+00:00","og_image":[{"width":800,"height":427,"url":"https:\/\/www.santafevalores.com\/wp-content\/uploads\/2023\/10\/A1PSOL2NG5VRFIZD3CPKXG74JZRY.jpg","type":"image\/jpeg"}],"author":"admin","twitter_card":"summary_large_image","twitter_creator":"@SantaFeValores","twitter_site":"@SantaFeValores","twitter_misc":{"Escrito por":"admin","Tiempo de lectura":"2 minutos"},"schema":{"@context":"https:\/\/schema.org","@graph":[{"@type":"Article","@id":"https:\/\/www.santafevalores.com\/index.php\/2023\/10\/18\/sfv20231018uno\/#article","isPartOf":{"@id":"https:\/\/www.santafevalores.com\/index.php\/2023\/10\/18\/sfv20231018uno\/"},"author":{"name":"admin","@id":"https:\/\/www.santafevalores.com\/#\/schema\/person\/d965a42370507d0a1638e69158bb5835"},"headline":"Ecuador declara emergencia el\u00e9ctrica, luego de que Colombia restringiera la venta de energ\u00eda","datePublished":"2023-10-18T23:10:20+00:00","dateModified":"2023-10-18T23:15:51+00:00","mainEntityOfPage":{"@id":"https:\/\/www.santafevalores.com\/index.php\/2023\/10\/18\/sfv20231018uno\/"},"wordCount":344,"commentCount":0,"publisher":{"@id":"https:\/\/www.santafevalores.com\/#organization"},"image":{"@id":"https:\/\/www.santafevalores.com\/index.php\/2023\/10\/18\/sfv20231018uno\/#primaryimage"},"thumbnailUrl":"https:\/\/www.santafevalores.com\/wp-content\/uploads\/2023\/10\/A1PSOL2NG5VRFIZD3CPKXG74JZRY.jpg","articleSection":["Uncategorized"],"inLanguage":"es","potentialAction":[{"@type":"CommentAction","name":"Comment","target":["https:\/\/www.santafevalores.com\/index.php\/2023\/10\/18\/sfv20231018uno\/#respond"]}]},{"@type":"WebPage","@id":"https:\/\/www.santafevalores.com\/index.php\/2023\/10\/18\/sfv20231018uno\/","url":"https:\/\/www.santafevalores.com\/index.php\/2023\/10\/18\/sfv20231018uno\/","name":"Ecuador declara emergencia el\u00e9ctrica, luego de que Colombia restringiera la venta de energ\u00eda - Santa Fe Casa de Valores S.A.","isPartOf":{"@id":"https:\/\/www.santafevalores.com\/#website"},"primaryImageOfPage":{"@id":"https:\/\/www.santafevalores.com\/index.php\/2023\/10\/18\/sfv20231018uno\/#primaryimage"},"image":{"@id":"https:\/\/www.santafevalores.com\/index.php\/2023\/10\/18\/sfv20231018uno\/#primaryimage"},"thumbnailUrl":"https:\/\/www.santafevalores.com\/wp-content\/uploads\/2023\/10\/A1PSOL2NG5VRFIZD3CPKXG74JZRY.jpg","datePublished":"2023-10-18T23:10:20+00:00","dateModified":"2023-10-18T23:15:51+00:00","breadcrumb":{"@id":"https:\/\/www.santafevalores.com\/index.php\/2023\/10\/18\/sfv20231018uno\/#breadcrumb"},"inLanguage":"es","potentialAction":[{"@type":"ReadAction","target":["https:\/\/www.santafevalores.com\/index.php\/2023\/10\/18\/sfv20231018uno\/"]}]},{"@type":"ImageObject","inLanguage":"es","@id":"https:\/\/www.santafevalores.com\/index.php\/2023\/10\/18\/sfv20231018uno\/#primaryimage","url":"https:\/\/www.santafevalores.com\/wp-content\/uploads\/2023\/10\/A1PSOL2NG5VRFIZD3CPKXG74JZRY.jpg","contentUrl":"https:\/\/www.santafevalores.com\/wp-content\/uploads\/2023\/10\/A1PSOL2NG5VRFIZD3CPKXG74JZRY.jpg","width":800,"height":427},{"@type":"BreadcrumbList","@id":"https:\/\/www.santafevalores.com\/index.php\/2023\/10\/18\/sfv20231018uno\/#breadcrumb","itemListElement":[{"@type":"ListItem","position":1,"name":"Portada","item":"https:\/\/www.santafevalores.com\/"},{"@type":"ListItem","position":2,"name":"Ecuador declara emergencia el\u00e9ctrica, luego de que Colombia restringiera la venta de energ\u00eda"}]},{"@type":"WebSite","@id":"https:\/\/www.santafevalores.com\/#website","url":"https:\/\/www.santafevalores.com\/","name":"Santa Fe Casa de Valores S.A.","description":"","publisher":{"@id":"https:\/\/www.santafevalores.com\/#organization"},"potentialAction":[{"@type":"SearchAction","target":{"@type":"EntryPoint","urlTemplate":"https:\/\/www.santafevalores.com\/?s={search_term_string}"},"query-input":{"@type":"PropertyValueSpecification","valueRequired":true,"valueName":"search_term_string"}}],"inLanguage":"es"},{"@type":"Organization","@id":"https:\/\/www.santafevalores.com\/#organization","name":"Santa Fe Casa de Valores S.A.","alternateName":"SANTAFEVALORES","url":"https:\/\/www.santafevalores.com\/","logo":{"@type":"ImageObject","inLanguage":"es","@id":"https:\/\/www.santafevalores.com\/#\/schema\/logo\/image\/","url":"https:\/\/www.santafevalores.com\/wp-content\/uploads\/2022\/06\/logo1.png","contentUrl":"https:\/\/www.santafevalores.com\/wp-content\/uploads\/2022\/06\/logo1.png","width":235,"height":71,"caption":"Santa Fe Casa de Valores S.A."},"image":{"@id":"https:\/\/www.santafevalores.com\/#\/schema\/logo\/image\/"},"sameAs":["https:\/\/www.facebook.com\/santafevalores\/","https:\/\/x.com\/SantaFeValores"]},{"@type":"Person","@id":"https:\/\/www.santafevalores.com\/#\/schema\/person\/d965a42370507d0a1638e69158bb5835","name":"admin","image":{"@type":"ImageObject","inLanguage":"es","@id":"https:\/\/secure.gravatar.com\/avatar\/97ec7f9eb6068ddac59d3806ca0034c167fce748f524adcfad8629911220756f?s=96&d=mm&r=g","url":"https:\/\/secure.gravatar.com\/avatar\/97ec7f9eb6068ddac59d3806ca0034c167fce748f524adcfad8629911220756f?s=96&d=mm&r=g","contentUrl":"https:\/\/secure.gravatar.com\/avatar\/97ec7f9eb6068ddac59d3806ca0034c167fce748f524adcfad8629911220756f?s=96&d=mm&r=g","caption":"admin"},"sameAs":["https:\/\/www.santafevalores.com"],"url":"https:\/\/www.santafevalores.com\/index.php\/author\/santafevaloresuio_ggv0vv79\/"}]}},"_links":{"self":[{"href":"https:\/\/www.santafevalores.com\/index.php\/wp-json\/wp\/v2\/posts\/68759","targetHints":{"allow":["GET"]}}],"collection":[{"href":"https:\/\/www.santafevalores.com\/index.php\/wp-json\/wp\/v2\/posts"}],"about":[{"href":"https:\/\/www.santafevalores.com\/index.php\/wp-json\/wp\/v2\/types\/post"}],"author":[{"embeddable":true,"href":"https:\/\/www.santafevalores.com\/index.php\/wp-json\/wp\/v2\/users\/1"}],"replies":[{"embeddable":true,"href":"https:\/\/www.santafevalores.com\/index.php\/wp-json\/wp\/v2\/comments?post=68759"}],"version-history":[{"count":5,"href":"https:\/\/www.santafevalores.com\/index.php\/wp-json\/wp\/v2\/posts\/68759\/revisions"}],"predecessor-version":[{"id":68765,"href":"https:\/\/www.santafevalores.com\/index.php\/wp-json\/wp\/v2\/posts\/68759\/revisions\/68765"}],"wp:featuredmedia":[{"embeddable":true,"href":"https:\/\/www.santafevalores.com\/index.php\/wp-json\/wp\/v2\/media\/68760"}],"wp:attachment":[{"href":"https:\/\/www.santafevalores.com\/index.php\/wp-json\/wp\/v2\/media?parent=68759"}],"wp:term":[{"taxonomy":"category","embeddable":true,"href":"https:\/\/www.santafevalores.com\/index.php\/wp-json\/wp\/v2\/categories?post=68759"},{"taxonomy":"post_tag","embeddable":true,"href":"https:\/\/www.santafevalores.com\/index.php\/wp-json\/wp\/v2\/tags?post=68759"}],"curies":[{"name":"wp","href":"https:\/\/api.w.org\/{rel}","templated":true}]}}