{"id":68774,"date":"2023-10-18T18:35:51","date_gmt":"2023-10-18T23:35:51","guid":{"rendered":"https:\/\/www.santafevalores.com\/?p=68774"},"modified":"2023-10-18T18:39:59","modified_gmt":"2023-10-18T23:39:59","slug":"sfv20231018cuatro","status":"publish","type":"post","link":"https:\/\/www.santafevalores.com\/index.php\/2023\/10\/18\/sfv20231018cuatro\/","title":{"rendered":"El dinero es nuestro espejo"},"content":{"rendered":"\t\t<div data-elementor-type=\"wp-post\" data-elementor-id=\"68774\" class=\"elementor elementor-68774\" data-elementor-post-type=\"post\">\n\t\t\t\t\t\t<section class=\"elementor-section elementor-top-section elementor-element elementor-element-8e780cc elementor-section-boxed elementor-section-height-default elementor-section-height-default\" data-id=\"8e780cc\" data-element_type=\"section\" data-e-type=\"section\">\n\t\t\t\t\t\t<div class=\"elementor-container elementor-column-gap-default\">\n\t\t\t\t\t<div class=\"elementor-column elementor-col-100 elementor-top-column elementor-element elementor-element-620dea0\" data-id=\"620dea0\" data-element_type=\"column\" data-e-type=\"column\">\n\t\t\t<div class=\"elementor-widget-wrap elementor-element-populated\">\n\t\t\t\t\t\t<div class=\"elementor-element elementor-element-5751ccc elementor-widget elementor-widget-image\" data-id=\"5751ccc\" data-element_type=\"widget\" data-e-type=\"widget\" data-widget_type=\"image.default\">\n\t\t\t\t<div class=\"elementor-widget-container\">\n\t\t\t\t\t\t\t\t\t\t\t\t\t\t\t<img fetchpriority=\"high\" decoding=\"async\" width=\"640\" height=\"328\" src=\"https:\/\/www.santafevalores.com\/wp-content\/uploads\/2023\/10\/A1MAINIMAGEN8.jpg\" class=\"attachment-large size-large wp-image-68775\" alt=\"\" srcset=\"https:\/\/www.santafevalores.com\/wp-content\/uploads\/2023\/10\/A1MAINIMAGEN8.jpg 640w, https:\/\/www.santafevalores.com\/wp-content\/uploads\/2023\/10\/A1MAINIMAGEN8-300x154.jpg 300w\" sizes=\"(max-width: 640px) 100vw, 640px\" \/>\t\t\t\t\t\t\t\t\t\t\t\t\t\t\t<\/div>\n\t\t\t\t<\/div>\n\t\t\t\t\t<\/div>\n\t\t<\/div>\n\t\t\t\t\t<\/div>\n\t\t<\/section>\n\t\t\t\t<section class=\"elementor-section elementor-top-section elementor-element elementor-element-ebc7cb9 elementor-section-boxed elementor-section-height-default elementor-section-height-default\" data-id=\"ebc7cb9\" data-element_type=\"section\" data-e-type=\"section\">\n\t\t\t\t\t\t<div class=\"elementor-container elementor-column-gap-default\">\n\t\t\t\t\t<div class=\"elementor-column elementor-col-100 elementor-top-column elementor-element elementor-element-21af953\" data-id=\"21af953\" data-element_type=\"column\" data-e-type=\"column\">\n\t\t\t<div class=\"elementor-widget-wrap elementor-element-populated\">\n\t\t\t\t\t\t<div class=\"elementor-element elementor-element-3181b79 elementor-widget elementor-widget-text-editor\" data-id=\"3181b79\" data-element_type=\"widget\" data-e-type=\"widget\" data-widget_type=\"text-editor.default\">\n\t\t\t\t<div class=\"elementor-widget-container\">\n\t\t\t\t\t\t\t\t\t<p>Reflexiones de Julio Bevione sobre nuestra relaci\u00f3n cotidiana con la econom\u00eda.<\/p>\n<p>Mario tiene 27 a\u00f1os y lleva cuatro trabajando como analista en sistemas, su primer empleo profesional desde que termin\u00f3 sus estudios. Est\u00e1 casado con Sara desde hace tres a\u00f1os, y a\u00fan no desea ser padre. \u201cMe inquieta la idea de tener hijos, de asumir m\u00e1s responsabilidades, porque mi situaci\u00f3n econ\u00f3mica me agobia\u201d, me dijo. \u201cVivo para pagar mis deudas, y siento que mi vida gira en torno al dinero. Es el tema de conversaci\u00f3n con mis amigos, la raz\u00f3n por la que no logro tener un matrimonio en paz, y el miedo me est\u00e1 consumiendo. No puedo m\u00e1s\u201d.<\/p>\n<p>Hablamos toda una tarde. Aunque somos de generaciones diferentes, ambos crecimos sin saber c\u00f3mo administrar bien el dinero. No era un tema del que los adultos hablaran con los ni\u00f1os, as\u00ed que no aprendimos lo que conviene hacer. Son muchos los factores que determinan el equilibrio de nuetras finanzas, pero, durante la charla, le expliqu\u00e9 a Mario la importancia que la familia tiene en nuestra relaci\u00f3n con el dinero, porque es en el hogar donde aprendemos a hacer buen o mal uso de \u00e9l. \u201cTengo amigos que estudiaron finanzas y est\u00e1n en la misma situaci\u00f3n que yo\u201d, aleg\u00f3, y yo le hice ver que nuestra forma de pensar, valores y actitudes frente a la vida se reflejan en nuestra econom\u00eda, que no basta estudiar finanzas para saber administrar bien el dinero.<\/p>\n<p>Luego, le suger\u00ed algunas pautas para que empezara a corregir el camino:<\/p>\n<p><b>1 . Revise sus ideas:<\/b><\/p>\n<p>Lo que pensamos del dinero es una percepci\u00f3n que cada uno va construyendo. Para algunos, el dinero es \u201csucio\u201d, y otros dicen: \u201cGanarlo es algo que se me da\u201d. Con el dinero nos ocurre lo mismo que con las personas: si las respetamos y valoramos, se acercan; si les tememos o rechazamos, se alejan. Si su percepci\u00f3n del dinero es negativa, entonces adopte una nueva forma de verlo. A la larga comprobar\u00e1 que as\u00ed como cree que es el dinero, as\u00ed ser\u00e1.<\/p><p><br><b>2. H\u00e1gase dos preguntas clave:<\/b><\/p>\n<p>Muchos j\u00f3venes viven en un mundo donde todo les parece posible: no perciben l\u00edmites, y si no obtienen al instante lo que desean, se frustran. Con mis padres aprend\u00ed que pod\u00eda llegar a tener todo lo que deseara, pero que no todas las cosas que uno desea son necesarias. Quiz\u00e1 pueda comprarme la ropa que quiero, pero, \u00bfen verdad la necesito? Le suger\u00ed a Mario que la pr\u00f3xima vez que fuera a comprar algo, se hiciera estas dos preguntas: \u201c\u00bfPuedo comprar esto?\u201d y \u201c\u00bfLo necesito?\u201d Si la respuesta a ambas era s\u00ed, entonces le aconsej\u00e9 preguntarse: \u201c\u00bfEstoy absolutamente seguro de que lo necesito?\u201d As\u00ed, al tomar conciencia de sus impulsos, sus gastos se reducir\u00edan mucho.<\/p>\n<p><b>3. No se atormente:<\/b><\/p>\n<p>La mala organizaci\u00f3n financiera no nos hace malas personas ni merecedores de un castigo. Cuando hablo con personas que tienen problemas econ\u00f3micos, me doy cuenta de que no pueden ver otras posibilidades porque su mente est\u00e1 nublada por la ira y la culpa. Y ese desgaste emocional, lejos de aportar soluciones, termina por complicarlo todo, ya que hasta su salud se ve afectada: presentan aumento de peso, \u00falceras e hipertensi\u00f3n. \u00bfQu\u00e9 hacer? Lo contrario. No atormentarnos por lo que pasa, sino abrir m\u00e1s los ojos para darnos cuenta de lo que necesitamos aprender; dar vuelta a la p\u00e1gina y empezar a escribir un nuevo cap\u00edtulo.<\/p>\n<p>Al final de nuestra charla, le ped\u00ed a Mario que me mostrara su billetera: estaba muy desordenada. Por eso, le record\u00e9 que el dinero es nuestro espejo: \u201cSi hay caos y desorden en nuestra vida, eso se refleja en nuestra econom\u00eda personal\u201d.<\/p>\t\t\t\t\t\t\t\t<\/div>\n\t\t\t\t<\/div>\n\t\t\t\t\t<\/div>\n\t\t<\/div>\n\t\t\t\t\t<\/div>\n\t\t<\/section>\n\t\t\t\t<section class=\"elementor-section elementor-top-section elementor-element elementor-element-d78d9e7 elementor-section-boxed elementor-section-height-default elementor-section-height-default\" data-id=\"d78d9e7\" data-element_type=\"section\" data-e-type=\"section\">\n\t\t\t\t\t\t<div class=\"elementor-container elementor-column-gap-default\">\n\t\t\t\t\t<div class=\"elementor-column elementor-col-100 elementor-top-column elementor-element elementor-element-ece97c1\" data-id=\"ece97c1\" data-element_type=\"column\" data-e-type=\"column\">\n\t\t\t<div class=\"elementor-widget-wrap elementor-element-populated\">\n\t\t\t\t\t\t<div class=\"elementor-element elementor-element-cfc0fbe elementor-headline--style-highlight elementor-widget elementor-widget-animated-headline\" data-id=\"cfc0fbe\" data-element_type=\"widget\" data-e-type=\"widget\" data-settings=\"{&quot;highlighted_text&quot;:&quot;reporta Selecciones&quot;,&quot;headline_style&quot;:&quot;highlight&quot;,&quot;marker&quot;:&quot;circle&quot;,&quot;loop&quot;:&quot;yes&quot;,&quot;highlight_animation_duration&quot;:1200,&quot;highlight_iteration_delay&quot;:8000}\" data-widget_type=\"animated-headline.default\">\n\t\t\t\t<div class=\"elementor-widget-container\">\n\t\t\t\t\t\t\t\t<a href=\"https:\/\/selecciones.com.ar\/vida-cotidiana\/relaciones\/el-dinero-es-nuestro-espejo\/\" target=\"_blank\">\n\n\t\t\t\t\t<p class=\"elementor-headline\">\n\t\t\t\t\t<span class=\"elementor-headline-plain-text elementor-headline-text-wrapper\">Fuente:<\/span>\n\t\t\t\t<span class=\"elementor-headline-dynamic-wrapper elementor-headline-text-wrapper\">\n\t\t\t\t\t<span class=\"elementor-headline-dynamic-text elementor-headline-text-active\">reporta Selecciones<\/span>\n\t\t\t\t<\/span>\n\t\t\t\t<\/p>\n\t\t<\/a>\t\t\t\t<\/div>\n\t\t\t\t<\/div>\n\t\t\t\t\t<\/div>\n\t\t<\/div>\n\t\t\t\t\t<\/div>\n\t\t<\/section>\n\t\t\t\t<\/div>\n\t\t","protected":false},"excerpt":{"rendered":"<p>Reflexiones de Julio Bevione sobre nuestra relaci\u00f3n cotidiana con la econom\u00eda. Mario tiene 27 a\u00f1os y lleva cuatro trabajando como analista en sistemas, su primer empleo profesional desde que termin\u00f3 sus estudios. Est\u00e1 casado con Sara desde hace tres a\u00f1os, y a\u00fan no desea ser padre. \u201cMe inquieta la idea de tener hijos, de asumir&hellip;<\/p>\n","protected":false},"author":1,"featured_media":68775,"comment_status":"open","ping_status":"closed","sticky":false,"template":"","format":"standard","meta":{"content-type":"","_joinchat":[],"footnotes":""},"categories":[1],"tags":[],"class_list":["post-68774","post","type-post","status-publish","format-standard","has-post-thumbnail","hentry","category-uncategorized"],"yoast_head":"<!-- This site is optimized with the Yoast SEO plugin v27.5 - https:\/\/yoast.com\/product\/yoast-seo-wordpress\/ -->\n<title>El dinero es nuestro espejo - Santa Fe Casa de Valores S.A.<\/title>\n<meta name=\"robots\" content=\"index, follow, max-snippet:-1, max-image-preview:large, max-video-preview:-1\" \/>\n<link rel=\"canonical\" href=\"https:\/\/www.santafevalores.com\/index.php\/2023\/10\/18\/sfv20231018cuatro\/\" \/>\n<meta property=\"og:locale\" content=\"es_ES\" \/>\n<meta property=\"og:type\" content=\"article\" \/>\n<meta property=\"og:title\" content=\"El dinero es nuestro espejo - Santa Fe Casa de Valores S.A.\" \/>\n<meta property=\"og:description\" content=\"Reflexiones de Julio Bevione sobre nuestra relaci\u00f3n cotidiana con la econom\u00eda. Mario tiene 27 a\u00f1os y lleva cuatro trabajando como analista en sistemas, su primer empleo profesional desde que termin\u00f3 sus estudios. Est\u00e1 casado con Sara desde hace tres a\u00f1os, y a\u00fan no desea ser padre. \u201cMe inquieta la idea de tener hijos, de asumir&hellip;\" \/>\n<meta property=\"og:url\" content=\"https:\/\/www.santafevalores.com\/index.php\/2023\/10\/18\/sfv20231018cuatro\/\" \/>\n<meta property=\"og:site_name\" content=\"Santa Fe Casa de Valores S.A.\" \/>\n<meta property=\"article:publisher\" content=\"https:\/\/www.facebook.com\/santafevalores\/\" \/>\n<meta property=\"article:published_time\" content=\"2023-10-18T23:35:51+00:00\" \/>\n<meta property=\"article:modified_time\" content=\"2023-10-18T23:39:59+00:00\" \/>\n<meta property=\"og:image\" content=\"https:\/\/www.santafevalores.com\/wp-content\/uploads\/2023\/10\/A1MAINIMAGEN8.jpg\" \/>\n\t<meta property=\"og:image:width\" content=\"640\" \/>\n\t<meta property=\"og:image:height\" content=\"328\" \/>\n\t<meta property=\"og:image:type\" content=\"image\/jpeg\" \/>\n<meta name=\"author\" content=\"admin\" \/>\n<meta name=\"twitter:card\" content=\"summary_large_image\" \/>\n<meta name=\"twitter:creator\" content=\"@SantaFeValores\" \/>\n<meta name=\"twitter:site\" content=\"@SantaFeValores\" \/>\n<meta name=\"twitter:label1\" content=\"Escrito por\" \/>\n\t<meta name=\"twitter:data1\" content=\"admin\" \/>\n\t<meta name=\"twitter:label2\" content=\"Tiempo de lectura\" \/>\n\t<meta name=\"twitter:data2\" content=\"4 minutos\" \/>\n<script type=\"application\/ld+json\" class=\"yoast-schema-graph\">{\"@context\":\"https:\\\/\\\/schema.org\",\"@graph\":[{\"@type\":\"Article\",\"@id\":\"https:\\\/\\\/www.santafevalores.com\\\/index.php\\\/2023\\\/10\\\/18\\\/sfv20231018cuatro\\\/#article\",\"isPartOf\":{\"@id\":\"https:\\\/\\\/www.santafevalores.com\\\/index.php\\\/2023\\\/10\\\/18\\\/sfv20231018cuatro\\\/\"},\"author\":{\"name\":\"admin\",\"@id\":\"https:\\\/\\\/www.santafevalores.com\\\/#\\\/schema\\\/person\\\/d965a42370507d0a1638e69158bb5835\"},\"headline\":\"El dinero es nuestro espejo\",\"datePublished\":\"2023-10-18T23:35:51+00:00\",\"dateModified\":\"2023-10-18T23:39:59+00:00\",\"mainEntityOfPage\":{\"@id\":\"https:\\\/\\\/www.santafevalores.com\\\/index.php\\\/2023\\\/10\\\/18\\\/sfv20231018cuatro\\\/\"},\"wordCount\":645,\"commentCount\":0,\"publisher\":{\"@id\":\"https:\\\/\\\/www.santafevalores.com\\\/#organization\"},\"image\":{\"@id\":\"https:\\\/\\\/www.santafevalores.com\\\/index.php\\\/2023\\\/10\\\/18\\\/sfv20231018cuatro\\\/#primaryimage\"},\"thumbnailUrl\":\"https:\\\/\\\/www.santafevalores.com\\\/wp-content\\\/uploads\\\/2023\\\/10\\\/A1MAINIMAGEN8.jpg\",\"articleSection\":[\"Uncategorized\"],\"inLanguage\":\"es\",\"potentialAction\":[{\"@type\":\"CommentAction\",\"name\":\"Comment\",\"target\":[\"https:\\\/\\\/www.santafevalores.com\\\/index.php\\\/2023\\\/10\\\/18\\\/sfv20231018cuatro\\\/#respond\"]}]},{\"@type\":\"WebPage\",\"@id\":\"https:\\\/\\\/www.santafevalores.com\\\/index.php\\\/2023\\\/10\\\/18\\\/sfv20231018cuatro\\\/\",\"url\":\"https:\\\/\\\/www.santafevalores.com\\\/index.php\\\/2023\\\/10\\\/18\\\/sfv20231018cuatro\\\/\",\"name\":\"El dinero es nuestro espejo - Santa Fe Casa de Valores S.A.\",\"isPartOf\":{\"@id\":\"https:\\\/\\\/www.santafevalores.com\\\/#website\"},\"primaryImageOfPage\":{\"@id\":\"https:\\\/\\\/www.santafevalores.com\\\/index.php\\\/2023\\\/10\\\/18\\\/sfv20231018cuatro\\\/#primaryimage\"},\"image\":{\"@id\":\"https:\\\/\\\/www.santafevalores.com\\\/index.php\\\/2023\\\/10\\\/18\\\/sfv20231018cuatro\\\/#primaryimage\"},\"thumbnailUrl\":\"https:\\\/\\\/www.santafevalores.com\\\/wp-content\\\/uploads\\\/2023\\\/10\\\/A1MAINIMAGEN8.jpg\",\"datePublished\":\"2023-10-18T23:35:51+00:00\",\"dateModified\":\"2023-10-18T23:39:59+00:00\",\"breadcrumb\":{\"@id\":\"https:\\\/\\\/www.santafevalores.com\\\/index.php\\\/2023\\\/10\\\/18\\\/sfv20231018cuatro\\\/#breadcrumb\"},\"inLanguage\":\"es\",\"potentialAction\":[{\"@type\":\"ReadAction\",\"target\":[\"https:\\\/\\\/www.santafevalores.com\\\/index.php\\\/2023\\\/10\\\/18\\\/sfv20231018cuatro\\\/\"]}]},{\"@type\":\"ImageObject\",\"inLanguage\":\"es\",\"@id\":\"https:\\\/\\\/www.santafevalores.com\\\/index.php\\\/2023\\\/10\\\/18\\\/sfv20231018cuatro\\\/#primaryimage\",\"url\":\"https:\\\/\\\/www.santafevalores.com\\\/wp-content\\\/uploads\\\/2023\\\/10\\\/A1MAINIMAGEN8.jpg\",\"contentUrl\":\"https:\\\/\\\/www.santafevalores.com\\\/wp-content\\\/uploads\\\/2023\\\/10\\\/A1MAINIMAGEN8.jpg\",\"width\":640,\"height\":328},{\"@type\":\"BreadcrumbList\",\"@id\":\"https:\\\/\\\/www.santafevalores.com\\\/index.php\\\/2023\\\/10\\\/18\\\/sfv20231018cuatro\\\/#breadcrumb\",\"itemListElement\":[{\"@type\":\"ListItem\",\"position\":1,\"name\":\"Portada\",\"item\":\"https:\\\/\\\/www.santafevalores.com\\\/\"},{\"@type\":\"ListItem\",\"position\":2,\"name\":\"El dinero es nuestro espejo\"}]},{\"@type\":\"WebSite\",\"@id\":\"https:\\\/\\\/www.santafevalores.com\\\/#website\",\"url\":\"https:\\\/\\\/www.santafevalores.com\\\/\",\"name\":\"Santa Fe Casa de Valores S.A.\",\"description\":\"\",\"publisher\":{\"@id\":\"https:\\\/\\\/www.santafevalores.com\\\/#organization\"},\"potentialAction\":[{\"@type\":\"SearchAction\",\"target\":{\"@type\":\"EntryPoint\",\"urlTemplate\":\"https:\\\/\\\/www.santafevalores.com\\\/?s={search_term_string}\"},\"query-input\":{\"@type\":\"PropertyValueSpecification\",\"valueRequired\":true,\"valueName\":\"search_term_string\"}}],\"inLanguage\":\"es\"},{\"@type\":\"Organization\",\"@id\":\"https:\\\/\\\/www.santafevalores.com\\\/#organization\",\"name\":\"Santa Fe Casa de Valores S.A.\",\"alternateName\":\"SANTAFEVALORES\",\"url\":\"https:\\\/\\\/www.santafevalores.com\\\/\",\"logo\":{\"@type\":\"ImageObject\",\"inLanguage\":\"es\",\"@id\":\"https:\\\/\\\/www.santafevalores.com\\\/#\\\/schema\\\/logo\\\/image\\\/\",\"url\":\"https:\\\/\\\/www.santafevalores.com\\\/wp-content\\\/uploads\\\/2022\\\/06\\\/logo1.png\",\"contentUrl\":\"https:\\\/\\\/www.santafevalores.com\\\/wp-content\\\/uploads\\\/2022\\\/06\\\/logo1.png\",\"width\":235,\"height\":71,\"caption\":\"Santa Fe Casa de Valores S.A.\"},\"image\":{\"@id\":\"https:\\\/\\\/www.santafevalores.com\\\/#\\\/schema\\\/logo\\\/image\\\/\"},\"sameAs\":[\"https:\\\/\\\/www.facebook.com\\\/santafevalores\\\/\",\"https:\\\/\\\/x.com\\\/SantaFeValores\"]},{\"@type\":\"Person\",\"@id\":\"https:\\\/\\\/www.santafevalores.com\\\/#\\\/schema\\\/person\\\/d965a42370507d0a1638e69158bb5835\",\"name\":\"admin\",\"image\":{\"@type\":\"ImageObject\",\"inLanguage\":\"es\",\"@id\":\"https:\\\/\\\/secure.gravatar.com\\\/avatar\\\/97ec7f9eb6068ddac59d3806ca0034c167fce748f524adcfad8629911220756f?s=96&d=mm&r=g\",\"url\":\"https:\\\/\\\/secure.gravatar.com\\\/avatar\\\/97ec7f9eb6068ddac59d3806ca0034c167fce748f524adcfad8629911220756f?s=96&d=mm&r=g\",\"contentUrl\":\"https:\\\/\\\/secure.gravatar.com\\\/avatar\\\/97ec7f9eb6068ddac59d3806ca0034c167fce748f524adcfad8629911220756f?s=96&d=mm&r=g\",\"caption\":\"admin\"},\"sameAs\":[\"https:\\\/\\\/www.santafevalores.com\"],\"url\":\"https:\\\/\\\/www.santafevalores.com\\\/index.php\\\/author\\\/santafevaloresuio_ggv0vv79\\\/\"}]}<\/script>\n<!-- \/ Yoast SEO plugin. -->","yoast_head_json":{"title":"El dinero es nuestro espejo - Santa Fe Casa de Valores S.A.","robots":{"index":"index","follow":"follow","max-snippet":"max-snippet:-1","max-image-preview":"max-image-preview:large","max-video-preview":"max-video-preview:-1"},"canonical":"https:\/\/www.santafevalores.com\/index.php\/2023\/10\/18\/sfv20231018cuatro\/","og_locale":"es_ES","og_type":"article","og_title":"El dinero es nuestro espejo - Santa Fe Casa de Valores S.A.","og_description":"Reflexiones de Julio Bevione sobre nuestra relaci\u00f3n cotidiana con la econom\u00eda. Mario tiene 27 a\u00f1os y lleva cuatro trabajando como analista en sistemas, su primer empleo profesional desde que termin\u00f3 sus estudios. Est\u00e1 casado con Sara desde hace tres a\u00f1os, y a\u00fan no desea ser padre. \u201cMe inquieta la idea de tener hijos, de asumir&hellip;","og_url":"https:\/\/www.santafevalores.com\/index.php\/2023\/10\/18\/sfv20231018cuatro\/","og_site_name":"Santa Fe Casa de Valores S.A.","article_publisher":"https:\/\/www.facebook.com\/santafevalores\/","article_published_time":"2023-10-18T23:35:51+00:00","article_modified_time":"2023-10-18T23:39:59+00:00","og_image":[{"width":640,"height":328,"url":"https:\/\/www.santafevalores.com\/wp-content\/uploads\/2023\/10\/A1MAINIMAGEN8.jpg","type":"image\/jpeg"}],"author":"admin","twitter_card":"summary_large_image","twitter_creator":"@SantaFeValores","twitter_site":"@SantaFeValores","twitter_misc":{"Escrito por":"admin","Tiempo de lectura":"4 minutos"},"schema":{"@context":"https:\/\/schema.org","@graph":[{"@type":"Article","@id":"https:\/\/www.santafevalores.com\/index.php\/2023\/10\/18\/sfv20231018cuatro\/#article","isPartOf":{"@id":"https:\/\/www.santafevalores.com\/index.php\/2023\/10\/18\/sfv20231018cuatro\/"},"author":{"name":"admin","@id":"https:\/\/www.santafevalores.com\/#\/schema\/person\/d965a42370507d0a1638e69158bb5835"},"headline":"El dinero es nuestro espejo","datePublished":"2023-10-18T23:35:51+00:00","dateModified":"2023-10-18T23:39:59+00:00","mainEntityOfPage":{"@id":"https:\/\/www.santafevalores.com\/index.php\/2023\/10\/18\/sfv20231018cuatro\/"},"wordCount":645,"commentCount":0,"publisher":{"@id":"https:\/\/www.santafevalores.com\/#organization"},"image":{"@id":"https:\/\/www.santafevalores.com\/index.php\/2023\/10\/18\/sfv20231018cuatro\/#primaryimage"},"thumbnailUrl":"https:\/\/www.santafevalores.com\/wp-content\/uploads\/2023\/10\/A1MAINIMAGEN8.jpg","articleSection":["Uncategorized"],"inLanguage":"es","potentialAction":[{"@type":"CommentAction","name":"Comment","target":["https:\/\/www.santafevalores.com\/index.php\/2023\/10\/18\/sfv20231018cuatro\/#respond"]}]},{"@type":"WebPage","@id":"https:\/\/www.santafevalores.com\/index.php\/2023\/10\/18\/sfv20231018cuatro\/","url":"https:\/\/www.santafevalores.com\/index.php\/2023\/10\/18\/sfv20231018cuatro\/","name":"El dinero es nuestro espejo - Santa Fe Casa de Valores S.A.","isPartOf":{"@id":"https:\/\/www.santafevalores.com\/#website"},"primaryImageOfPage":{"@id":"https:\/\/www.santafevalores.com\/index.php\/2023\/10\/18\/sfv20231018cuatro\/#primaryimage"},"image":{"@id":"https:\/\/www.santafevalores.com\/index.php\/2023\/10\/18\/sfv20231018cuatro\/#primaryimage"},"thumbnailUrl":"https:\/\/www.santafevalores.com\/wp-content\/uploads\/2023\/10\/A1MAINIMAGEN8.jpg","datePublished":"2023-10-18T23:35:51+00:00","dateModified":"2023-10-18T23:39:59+00:00","breadcrumb":{"@id":"https:\/\/www.santafevalores.com\/index.php\/2023\/10\/18\/sfv20231018cuatro\/#breadcrumb"},"inLanguage":"es","potentialAction":[{"@type":"ReadAction","target":["https:\/\/www.santafevalores.com\/index.php\/2023\/10\/18\/sfv20231018cuatro\/"]}]},{"@type":"ImageObject","inLanguage":"es","@id":"https:\/\/www.santafevalores.com\/index.php\/2023\/10\/18\/sfv20231018cuatro\/#primaryimage","url":"https:\/\/www.santafevalores.com\/wp-content\/uploads\/2023\/10\/A1MAINIMAGEN8.jpg","contentUrl":"https:\/\/www.santafevalores.com\/wp-content\/uploads\/2023\/10\/A1MAINIMAGEN8.jpg","width":640,"height":328},{"@type":"BreadcrumbList","@id":"https:\/\/www.santafevalores.com\/index.php\/2023\/10\/18\/sfv20231018cuatro\/#breadcrumb","itemListElement":[{"@type":"ListItem","position":1,"name":"Portada","item":"https:\/\/www.santafevalores.com\/"},{"@type":"ListItem","position":2,"name":"El dinero es nuestro espejo"}]},{"@type":"WebSite","@id":"https:\/\/www.santafevalores.com\/#website","url":"https:\/\/www.santafevalores.com\/","name":"Santa Fe Casa de Valores S.A.","description":"","publisher":{"@id":"https:\/\/www.santafevalores.com\/#organization"},"potentialAction":[{"@type":"SearchAction","target":{"@type":"EntryPoint","urlTemplate":"https:\/\/www.santafevalores.com\/?s={search_term_string}"},"query-input":{"@type":"PropertyValueSpecification","valueRequired":true,"valueName":"search_term_string"}}],"inLanguage":"es"},{"@type":"Organization","@id":"https:\/\/www.santafevalores.com\/#organization","name":"Santa Fe Casa de Valores S.A.","alternateName":"SANTAFEVALORES","url":"https:\/\/www.santafevalores.com\/","logo":{"@type":"ImageObject","inLanguage":"es","@id":"https:\/\/www.santafevalores.com\/#\/schema\/logo\/image\/","url":"https:\/\/www.santafevalores.com\/wp-content\/uploads\/2022\/06\/logo1.png","contentUrl":"https:\/\/www.santafevalores.com\/wp-content\/uploads\/2022\/06\/logo1.png","width":235,"height":71,"caption":"Santa Fe Casa de Valores S.A."},"image":{"@id":"https:\/\/www.santafevalores.com\/#\/schema\/logo\/image\/"},"sameAs":["https:\/\/www.facebook.com\/santafevalores\/","https:\/\/x.com\/SantaFeValores"]},{"@type":"Person","@id":"https:\/\/www.santafevalores.com\/#\/schema\/person\/d965a42370507d0a1638e69158bb5835","name":"admin","image":{"@type":"ImageObject","inLanguage":"es","@id":"https:\/\/secure.gravatar.com\/avatar\/97ec7f9eb6068ddac59d3806ca0034c167fce748f524adcfad8629911220756f?s=96&d=mm&r=g","url":"https:\/\/secure.gravatar.com\/avatar\/97ec7f9eb6068ddac59d3806ca0034c167fce748f524adcfad8629911220756f?s=96&d=mm&r=g","contentUrl":"https:\/\/secure.gravatar.com\/avatar\/97ec7f9eb6068ddac59d3806ca0034c167fce748f524adcfad8629911220756f?s=96&d=mm&r=g","caption":"admin"},"sameAs":["https:\/\/www.santafevalores.com"],"url":"https:\/\/www.santafevalores.com\/index.php\/author\/santafevaloresuio_ggv0vv79\/"}]}},"_links":{"self":[{"href":"https:\/\/www.santafevalores.com\/index.php\/wp-json\/wp\/v2\/posts\/68774","targetHints":{"allow":["GET"]}}],"collection":[{"href":"https:\/\/www.santafevalores.com\/index.php\/wp-json\/wp\/v2\/posts"}],"about":[{"href":"https:\/\/www.santafevalores.com\/index.php\/wp-json\/wp\/v2\/types\/post"}],"author":[{"embeddable":true,"href":"https:\/\/www.santafevalores.com\/index.php\/wp-json\/wp\/v2\/users\/1"}],"replies":[{"embeddable":true,"href":"https:\/\/www.santafevalores.com\/index.php\/wp-json\/wp\/v2\/comments?post=68774"}],"version-history":[{"count":5,"href":"https:\/\/www.santafevalores.com\/index.php\/wp-json\/wp\/v2\/posts\/68774\/revisions"}],"predecessor-version":[{"id":68780,"href":"https:\/\/www.santafevalores.com\/index.php\/wp-json\/wp\/v2\/posts\/68774\/revisions\/68780"}],"wp:featuredmedia":[{"embeddable":true,"href":"https:\/\/www.santafevalores.com\/index.php\/wp-json\/wp\/v2\/media\/68775"}],"wp:attachment":[{"href":"https:\/\/www.santafevalores.com\/index.php\/wp-json\/wp\/v2\/media?parent=68774"}],"wp:term":[{"taxonomy":"category","embeddable":true,"href":"https:\/\/www.santafevalores.com\/index.php\/wp-json\/wp\/v2\/categories?post=68774"},{"taxonomy":"post_tag","embeddable":true,"href":"https:\/\/www.santafevalores.com\/index.php\/wp-json\/wp\/v2\/tags?post=68774"}],"curies":[{"name":"wp","href":"https:\/\/api.w.org\/{rel}","templated":true}]}}