{"id":68887,"date":"2023-10-27T13:05:09","date_gmt":"2023-10-27T18:05:09","guid":{"rendered":"https:\/\/www.santafevalores.com\/?p=68887"},"modified":"2023-10-27T13:17:24","modified_gmt":"2023-10-27T18:17:24","slug":"sfv20231027dos","status":"publish","type":"post","link":"https:\/\/www.santafevalores.com\/index.php\/2023\/10\/27\/sfv20231027dos\/","title":{"rendered":"El Ni\u00f1o tiene en vilo a econom\u00edas latinoamericanas: \u00bfc\u00f3mo las puede afectar?"},"content":{"rendered":"\t\t<div data-elementor-type=\"wp-post\" data-elementor-id=\"68887\" class=\"elementor elementor-68887\" data-elementor-post-type=\"post\">\n\t\t\t\t\t\t<section class=\"elementor-section elementor-top-section elementor-element elementor-element-a76682e elementor-section-boxed elementor-section-height-default elementor-section-height-default\" data-id=\"a76682e\" data-element_type=\"section\" data-e-type=\"section\">\n\t\t\t\t\t\t<div class=\"elementor-container elementor-column-gap-default\">\n\t\t\t\t\t<div class=\"elementor-column elementor-col-100 elementor-top-column elementor-element elementor-element-b289383\" data-id=\"b289383\" data-element_type=\"column\" data-e-type=\"column\">\n\t\t\t<div class=\"elementor-widget-wrap elementor-element-populated\">\n\t\t\t\t\t\t<div class=\"elementor-element elementor-element-9ec2180 elementor-widget elementor-widget-image\" data-id=\"9ec2180\" data-element_type=\"widget\" data-e-type=\"widget\" data-widget_type=\"image.default\">\n\t\t\t\t<div class=\"elementor-widget-container\">\n\t\t\t\t\t\t\t\t\t\t\t\t\t\t\t<img fetchpriority=\"high\" decoding=\"async\" width=\"800\" height=\"534\" src=\"https:\/\/www.santafevalores.com\/wp-content\/uploads\/2023\/10\/A1IXUTPME.webp\" class=\"attachment-large size-large wp-image-68888\" alt=\"\" srcset=\"https:\/\/www.santafevalores.com\/wp-content\/uploads\/2023\/10\/A1IXUTPME.webp 800w, https:\/\/www.santafevalores.com\/wp-content\/uploads\/2023\/10\/A1IXUTPME-300x200.webp 300w, https:\/\/www.santafevalores.com\/wp-content\/uploads\/2023\/10\/A1IXUTPME-768x513.webp 768w\" sizes=\"(max-width: 800px) 100vw, 800px\" \/>\t\t\t\t\t\t\t\t\t\t\t\t\t\t\t<\/div>\n\t\t\t\t<\/div>\n\t\t\t\t\t<\/div>\n\t\t<\/div>\n\t\t\t\t\t<\/div>\n\t\t<\/section>\n\t\t\t\t<section class=\"elementor-section elementor-top-section elementor-element elementor-element-40d76d3 elementor-section-boxed elementor-section-height-default elementor-section-height-default\" data-id=\"40d76d3\" data-element_type=\"section\" data-e-type=\"section\">\n\t\t\t\t\t\t<div class=\"elementor-container elementor-column-gap-default\">\n\t\t\t\t\t<div class=\"elementor-column elementor-col-100 elementor-top-column elementor-element elementor-element-cbea66d\" data-id=\"cbea66d\" data-element_type=\"column\" data-e-type=\"column\">\n\t\t\t<div class=\"elementor-widget-wrap elementor-element-populated\">\n\t\t\t\t\t\t<div class=\"elementor-element elementor-element-e0459ce elementor-widget elementor-widget-text-editor\" data-id=\"e0459ce\" data-element_type=\"widget\" data-e-type=\"widget\" data-widget_type=\"text-editor.default\">\n\t\t\t\t<div class=\"elementor-widget-container\">\n\t\t\t\t\t\t\t\t\t<p>El llamado fen\u00f3meno de El Ni\u00f1o posiblemente sea uno de los sintagmas que m\u00e1s se escuchen y se lean en varios pa\u00edses de Latinoam\u00e9rica durante 2024, al hablar del funcionamiento de las econom\u00edas. <b>El impacto de este este evento climatol\u00f3gico, que viene fuertes precipitaciones o con sequ\u00edas, seg\u00fan el lugar, ya es tenido en cuenta por los analistas financieros que proyectan el devenir de las econom\u00edas latinoamericanas.<\/b><\/p><p>De hecho, un informe reciente de JP Morgan Chase acerca de Latinoam\u00e9rica supedita sus estimaciones para Brasil, Colombia, Per\u00fa a lo que pueda suceder con este evento. Tambi\u00e9n un documento reciente de Fitch Ratings sobre la econom\u00eda peruana se refiere al tema.<\/p><p>Pero no es necesario ir a documentos financieros para entender el temor a El Ni\u00f1o, sino que esto se palpa en la realidad del d\u00eda a d\u00eda: <b>el Gobierno ecuatoriano acaba de anunciar cortes el\u00e9ctricos, para readecuar su sistema de energ\u00eda al impacto que recibieron las centrales hidroel\u00e9ctricas debido a las sequ\u00edas generadas por inminente llegada de El Ni\u00f1o<\/b> y a Colombia, pa\u00eds que cort\u00f3 el suministro a tierras ecuatorianas por esto mismo.<br \/>En tanto, Brasil declar\u00f3 recientemente en situaci\u00f3n cr\u00edtica al principal afluente del r\u00edo Amazonas por la sequ\u00eda. La decisi\u00f3n busca mitigar la escasez de agua registrada en el r\u00edo Madeira, que ha alcanzado su menor nivel del \u00faltimo medio siglo debido a los efectos de El Ni\u00f1o y el cambio clim\u00e1tico.<\/p><p><b>Las proyecciones de JP Morgan a la espera de lo que suceda con El Ni\u00f1o<\/b><\/p><p>\u201cSe prev\u00e9 que la actividad de Colombia entre en un periodo de cuasi estancamiento hasta mediados de 2024, ya que el Banco de la Rep\u00fablica se enfrenta a retos para relajar las condiciones monetarias y <b>se espera que El Ni\u00f1o resulte un viento en contra\u201d<\/b>, destaca equipo de research de JP Morgan en un informe reciente.<\/p><p>Seg\u00fan el Ministerio de Agricultura de Colombia, este fen\u00f3meno <b>repercute negativamente en el sector agropecuario colombiano,<\/b> a partir de los siguientes efectos:<\/p><ul><li>Variaciones en el rendimiento de algunos cultivos<\/li><li><span style=\"background-color: rgba(255, 255, 255, 0); color: var(--the7-base-color); letter-spacing: var(--the7-base-letter-spacing); text-transform: var(--the7-base-text-transform); word-spacing: normal;\">Disminuci\u00f3n del caudal de los r\u00edos<\/span><\/li><li>Incremento en el riesgo de incendios forestales<\/li><li>Posibles racionamientos de agua, tanto para riego, consumo animal y humano.<\/li><\/ul><p>Este mismo documento afirma luego que el endurecimiento de las condiciones financieras mundiales puede reducir la capacidad de normalizar los tipos de inter\u00e9s oficiales reales en toda la regi\u00f3n, lo que probablemente tendr\u00e1 efectos perversos sobre el crecimiento econ\u00f3mico. \u201cEsto es especialmente cierto si las <b>perturbaciones de la oferta, como El Ni\u00f1o<\/b> y el aumento de los precios del petr\u00f3leo debido a las tensiones geopol\u00edticas, afectan a estos pa\u00edses y reducen la renta disponible\u201d.<\/p><p>En un apartado sobre <b>Per\u00fa<\/b>, los analistas de JP Morgan mencionan que, de cara al futuro, la relajaci\u00f3n monetaria deber\u00eda permitir que algunos sectores, como la construcci\u00f3n y algunos servicios, recuperen un impulso positivo. Si embargo, advierten: <b>\u201cEl principal riesgo para la actividad procede de las perturbaciones meteorol\u00f3gicas adversas asociadas a El Ni\u00f1o\u201d.<\/b><\/p><p><b><br \/>Impacto en Brasil y Argentina<\/b><\/p><p>En <b>Brasil<\/b> la situaci\u00f3n es mixta, ya que, seg\u00fan JP Morgan, el sector agr\u00edcola no deber\u00eda impulsar significativamente el crecimiento en ninguna direcci\u00f3n el pr\u00f3ximo a\u00f1o, aunque todo depende <b>de los efectos de El Ni\u00f1o,<\/b> seg\u00fan el estudio.<\/p><p>En Brasil, el impacto del regreso de El Ni\u00f1o ser\u00eda variado. Por un lado, impacta en el noreste semi\u00e1rido con sequ\u00edas, mientras que en la zona sojera del Mato Grosso se pueden producir lluvias por encima del promedio.<\/p><p>\u201cPor lo general nos beneficiamos de m\u00e1s lluvias regulares\u201d, afirm\u00f3 a la agencia Reuters sobre los pron\u00f3sticos de El Ni\u00f1o Ricardo Tomczyk, presidente de la asociaci\u00f3n de agricultores de soja del estado de Mato Grosso, Aprosoja.<\/p><p>Lo mismo podr\u00eda ocurrir en la parte sur, en otros estados sojeros como Paran\u00e1 y R\u00edo Grande Do Sul.<\/p><p>Dos Santos dijo que los efectos de El Ni\u00f1o en las regiones productoras de ca\u00f1a y caf\u00e9 en el sureste tendr\u00edan temperaturas m\u00e1s c\u00e1lidas y no necesariamente m\u00e1s precipitaciones. Esa es una buena noticia para el caf\u00e9 ar\u00e1biga en Sao Paulo y Minas Gerais, donde en los \u00faltimos a\u00f1os las lluvias de El Ni\u00f1o durante la cosecha de mayo a agosto han provocado da\u00f1os.<\/p><p>Algo similar puede percibirse en zonas productivas de <b>Argentina, donde El Ni\u00f1o es esperado con ansias, debido a que sus lluvias podr\u00edan apaciguar los efectos catastr\u00f3ficos, para la econom\u00eda, de la sequ\u00eda<\/b> de la temporada 2022-2023.<\/p><p><b>Per\u00fa, a la espera de lo que suceda con El Ni\u00f1o, seg\u00fan Fitch<\/b><\/p><p><b>\u201cLas perspectivas fiscales (en Per\u00fa) se enfrentan a la incertidumbre de un impacto de El Ni\u00f1o<\/b> mayor de lo previsto y\/o la materializaci\u00f3n de pasivos contingentes, como el apoyo financiero adicional a Petroper\u00fa\u201d, sostuvo un informe de Fitch Ratings.<\/p><p>El documento rese\u00f1a adem\u00e1s que un nuevo recorte de los tipos podr\u00eda verse complicado por las <b>\u201cpresiones inflacionarias derivadas de un posible impacto de El Ni\u00f1o mayor de lo previsto\u201d<\/b>, una pol\u00edtica monetaria m\u00e1s restrictiva durante m\u00e1s tiempo por parte de la Reserva Federal estadounidense y los crecientes riesgos geopol\u00edticos que podr\u00edan afectar a los precios de los alimentos y el petr\u00f3leo.<\/p><p>Entre las principales caracter\u00edsticas de la presencia del fen\u00f3meno \u201cEl Ni\u00f1o\u201d, se pueden se\u00f1alar las siguientes:<\/p><ul><li>Incremento de la temperatura superficial del mar peruano.<\/li><li>Incremento de la temperatura del aire en zonas costeras.<\/li><li>Disminuci\u00f3n de la presi\u00f3n atmosf\u00e9rica en zonas costeras.<\/li><li>Vientos d\u00e9biles.<\/li><li>Disminuci\u00f3n del afloramiento marino.<\/li><li>Incremento del nivel del mar frente a la costa peruana.<\/li><\/ul><p><b>Impactos negativos:<\/b><\/p><ul><li>Lluvias excesivas en la costa norte, causando muchas veces inundaciones y desbordes de r\u00edos.<\/li><li>Deficiencia de lluvias en la sierra sur del Per\u00fa, (especialmente en el Antiplano).<\/li><li>Migraci\u00f3n y profundizaci\u00f3n de peces de agua fr\u00eda, (sardina, anchoveta, merluza, etc.).<\/li><li>Incremento de plagas y enfermedades en ciertos cultivos.<\/li><li>Presencia de epidemias.<\/li><li>Alteraci\u00f3n de los ecosistemas marinos y costeros.<\/li><\/ul><p><b>Impactos positivos:<\/b><\/p><ul><li>La presencia de aguas c\u00e1lidas permitir\u00e1 el consumo de peces y moluscos que solo son consumidos al norte del pa\u00eds.<\/li><li>Presencia de vegetaci\u00f3n en la costa \u00e1rida (lomas, algarrobos, etc.).<\/li><li>Incremento del volumen de agua en los reservorios del norte.<\/li><li>Incremento del nivel de las aguas subterr\u00e1neas.<\/li><li>M\u00e9xico y el devastador hurac\u00e1n Otis<\/li><\/ul><p>Al menos 27 personas han muerto y otras cuatro han desaparecido tras el paso del hurac\u00e1n Otis por Acapulco (M\u00e9xico), seg\u00fan la Secretar\u00eda de Seguridad y Protecci\u00f3n Ciudadana, aunque el n\u00famero podr\u00eda aumentar en las pr\u00f3ximas horas. El cicl\u00f3n, que en 12 horas pas\u00f3 de ser una tormenta tropical a hurac\u00e1n categor\u00eda 5, la m\u00e1xima clasificaci\u00f3n posible, <b>ha dejado el destino tur\u00edstico como una zona de guerra con \u00e1rboles ca\u00eddos, escombros, cubiertas arrancadas y edificios sin paredes.<\/b><br \/>\u201cEl Ni\u00f1o est\u00e1 induciendo que estos ciclones alcancen categor\u00edas altas\u201d, asegur\u00f3 al diario El Pa\u00eds Christian Dom\u00ednguez, investigador del Instituto de Ciencias de la Atm\u00f3sfera de la Universidad Nacional Aut\u00f3noma de M\u00e9xico (UNAM).<\/p><p>Coincidi\u00f3 con este an\u00e1lisis Luis Alberto P\u00e9rez Reyes, quien es especialista egresado de la Universidad Nacional Aut\u00f3noma de M\u00e9xico (UNAM) \u201cEl fen\u00f3meno clim\u00e1tico de El Ni\u00f1o ser\u00eda la causa por la cual Otis pas\u00f3 en pocas horas de tormenta tropical a s\u00faper hurac\u00e1n\u201d, explic\u00f3 el experto al portal L\u00ednea Directa.<\/p>\t\t\t\t\t\t\t\t<\/div>\n\t\t\t\t<\/div>\n\t\t\t\t\t<\/div>\n\t\t<\/div>\n\t\t\t\t\t<\/div>\n\t\t<\/section>\n\t\t\t\t<section class=\"elementor-section elementor-top-section elementor-element elementor-element-6b5bd96 elementor-section-boxed elementor-section-height-default elementor-section-height-default\" data-id=\"6b5bd96\" data-element_type=\"section\" data-e-type=\"section\">\n\t\t\t\t\t\t<div class=\"elementor-container elementor-column-gap-default\">\n\t\t\t\t\t<div class=\"elementor-column elementor-col-100 elementor-top-column elementor-element elementor-element-25e7b0f\" data-id=\"25e7b0f\" data-element_type=\"column\" data-e-type=\"column\">\n\t\t\t<div class=\"elementor-widget-wrap elementor-element-populated\">\n\t\t\t\t\t\t<div class=\"elementor-element elementor-element-d0f9033 elementor-headline--style-highlight elementor-widget elementor-widget-animated-headline\" data-id=\"d0f9033\" data-element_type=\"widget\" data-e-type=\"widget\" data-settings=\"{&quot;highlighted_text&quot;:&quot;reporta Bloomberg&quot;,&quot;headline_style&quot;:&quot;highlight&quot;,&quot;marker&quot;:&quot;circle&quot;,&quot;loop&quot;:&quot;yes&quot;,&quot;highlight_animation_duration&quot;:1200,&quot;highlight_iteration_delay&quot;:8000}\" data-widget_type=\"animated-headline.default\">\n\t\t\t\t<div class=\"elementor-widget-container\">\n\t\t\t\t\t\t\t\t<a href=\"https:\/\/www.bloomberglinea.com\/2023\/10\/27\/el-nino-tiene-en-vilo-a-economias-latinoamericanas-como-las-puede-afectar\/\" target=\"_blank\">\n\n\t\t\t\t\t<p class=\"elementor-headline\">\n\t\t\t\t\t<span class=\"elementor-headline-plain-text elementor-headline-text-wrapper\">Fuente:<\/span>\n\t\t\t\t<span class=\"elementor-headline-dynamic-wrapper elementor-headline-text-wrapper\">\n\t\t\t\t\t<span class=\"elementor-headline-dynamic-text elementor-headline-text-active\">reporta Bloomberg<\/span>\n\t\t\t\t<\/span>\n\t\t\t\t<\/p>\n\t\t<\/a>\t\t\t\t<\/div>\n\t\t\t\t<\/div>\n\t\t\t\t\t<\/div>\n\t\t<\/div>\n\t\t\t\t\t<\/div>\n\t\t<\/section>\n\t\t\t\t<\/div>\n\t\t","protected":false},"excerpt":{"rendered":"<p>El llamado fen\u00f3meno de El Ni\u00f1o posiblemente sea uno de los sintagmas que m\u00e1s se escuchen y se lean en varios pa\u00edses de Latinoam\u00e9rica durante 2024, al hablar del funcionamiento de las econom\u00edas. El impacto de este este evento climatol\u00f3gico, que viene fuertes precipitaciones o con sequ\u00edas, seg\u00fan el lugar, ya es tenido en cuenta&hellip;<\/p>\n","protected":false},"author":1,"featured_media":68888,"comment_status":"open","ping_status":"closed","sticky":false,"template":"","format":"standard","meta":{"content-type":"","_joinchat":[],"footnotes":""},"categories":[1],"tags":[],"class_list":["post-68887","post","type-post","status-publish","format-standard","has-post-thumbnail","hentry","category-uncategorized"],"yoast_head":"<!-- This site is optimized with the Yoast SEO plugin v27.5 - https:\/\/yoast.com\/product\/yoast-seo-wordpress\/ -->\n<title>El Ni\u00f1o tiene en vilo a econom\u00edas latinoamericanas: \u00bfc\u00f3mo las puede afectar? - Santa Fe Casa de Valores S.A.<\/title>\n<meta name=\"robots\" content=\"index, follow, max-snippet:-1, max-image-preview:large, max-video-preview:-1\" \/>\n<link rel=\"canonical\" href=\"https:\/\/www.santafevalores.com\/index.php\/2023\/10\/27\/sfv20231027dos\/\" \/>\n<meta property=\"og:locale\" content=\"es_ES\" \/>\n<meta property=\"og:type\" content=\"article\" \/>\n<meta property=\"og:title\" content=\"El Ni\u00f1o tiene en vilo a econom\u00edas latinoamericanas: \u00bfc\u00f3mo las puede afectar? - Santa Fe Casa de Valores S.A.\" \/>\n<meta property=\"og:description\" content=\"El llamado fen\u00f3meno de El Ni\u00f1o posiblemente sea uno de los sintagmas que m\u00e1s se escuchen y se lean en varios pa\u00edses de Latinoam\u00e9rica durante 2024, al hablar del funcionamiento de las econom\u00edas. El impacto de este este evento climatol\u00f3gico, que viene fuertes precipitaciones o con sequ\u00edas, seg\u00fan el lugar, ya es tenido en cuenta&hellip;\" \/>\n<meta property=\"og:url\" content=\"https:\/\/www.santafevalores.com\/index.php\/2023\/10\/27\/sfv20231027dos\/\" \/>\n<meta property=\"og:site_name\" content=\"Santa Fe Casa de Valores S.A.\" \/>\n<meta property=\"article:publisher\" content=\"https:\/\/www.facebook.com\/santafevalores\/\" \/>\n<meta property=\"article:published_time\" content=\"2023-10-27T18:05:09+00:00\" \/>\n<meta property=\"article:modified_time\" content=\"2023-10-27T18:17:24+00:00\" \/>\n<meta property=\"og:image\" content=\"https:\/\/www.santafevalores.com\/wp-content\/uploads\/2023\/10\/A1IXUTPME.webp\" \/>\n\t<meta property=\"og:image:width\" content=\"800\" \/>\n\t<meta property=\"og:image:height\" content=\"534\" \/>\n\t<meta property=\"og:image:type\" content=\"image\/webp\" \/>\n<meta name=\"author\" content=\"admin\" \/>\n<meta name=\"twitter:card\" content=\"summary_large_image\" \/>\n<meta name=\"twitter:creator\" content=\"@SantaFeValores\" \/>\n<meta name=\"twitter:site\" content=\"@SantaFeValores\" \/>\n<meta name=\"twitter:label1\" content=\"Escrito por\" \/>\n\t<meta name=\"twitter:data1\" content=\"admin\" \/>\n\t<meta name=\"twitter:label2\" content=\"Tiempo de lectura\" \/>\n\t<meta name=\"twitter:data2\" content=\"6 minutos\" \/>\n<script type=\"application\/ld+json\" class=\"yoast-schema-graph\">{\"@context\":\"https:\\\/\\\/schema.org\",\"@graph\":[{\"@type\":\"Article\",\"@id\":\"https:\\\/\\\/www.santafevalores.com\\\/index.php\\\/2023\\\/10\\\/27\\\/sfv20231027dos\\\/#article\",\"isPartOf\":{\"@id\":\"https:\\\/\\\/www.santafevalores.com\\\/index.php\\\/2023\\\/10\\\/27\\\/sfv20231027dos\\\/\"},\"author\":{\"name\":\"admin\",\"@id\":\"https:\\\/\\\/www.santafevalores.com\\\/#\\\/schema\\\/person\\\/d965a42370507d0a1638e69158bb5835\"},\"headline\":\"El Ni\u00f1o tiene en vilo a econom\u00edas latinoamericanas: \u00bfc\u00f3mo las puede afectar?\",\"datePublished\":\"2023-10-27T18:05:09+00:00\",\"dateModified\":\"2023-10-27T18:17:24+00:00\",\"mainEntityOfPage\":{\"@id\":\"https:\\\/\\\/www.santafevalores.com\\\/index.php\\\/2023\\\/10\\\/27\\\/sfv20231027dos\\\/\"},\"wordCount\":1329,\"commentCount\":0,\"publisher\":{\"@id\":\"https:\\\/\\\/www.santafevalores.com\\\/#organization\"},\"image\":{\"@id\":\"https:\\\/\\\/www.santafevalores.com\\\/index.php\\\/2023\\\/10\\\/27\\\/sfv20231027dos\\\/#primaryimage\"},\"thumbnailUrl\":\"https:\\\/\\\/www.santafevalores.com\\\/wp-content\\\/uploads\\\/2023\\\/10\\\/A1IXUTPME.webp\",\"articleSection\":[\"Uncategorized\"],\"inLanguage\":\"es\",\"potentialAction\":[{\"@type\":\"CommentAction\",\"name\":\"Comment\",\"target\":[\"https:\\\/\\\/www.santafevalores.com\\\/index.php\\\/2023\\\/10\\\/27\\\/sfv20231027dos\\\/#respond\"]}]},{\"@type\":\"WebPage\",\"@id\":\"https:\\\/\\\/www.santafevalores.com\\\/index.php\\\/2023\\\/10\\\/27\\\/sfv20231027dos\\\/\",\"url\":\"https:\\\/\\\/www.santafevalores.com\\\/index.php\\\/2023\\\/10\\\/27\\\/sfv20231027dos\\\/\",\"name\":\"El Ni\u00f1o tiene en vilo a econom\u00edas latinoamericanas: \u00bfc\u00f3mo las puede afectar? - Santa Fe Casa de Valores S.A.\",\"isPartOf\":{\"@id\":\"https:\\\/\\\/www.santafevalores.com\\\/#website\"},\"primaryImageOfPage\":{\"@id\":\"https:\\\/\\\/www.santafevalores.com\\\/index.php\\\/2023\\\/10\\\/27\\\/sfv20231027dos\\\/#primaryimage\"},\"image\":{\"@id\":\"https:\\\/\\\/www.santafevalores.com\\\/index.php\\\/2023\\\/10\\\/27\\\/sfv20231027dos\\\/#primaryimage\"},\"thumbnailUrl\":\"https:\\\/\\\/www.santafevalores.com\\\/wp-content\\\/uploads\\\/2023\\\/10\\\/A1IXUTPME.webp\",\"datePublished\":\"2023-10-27T18:05:09+00:00\",\"dateModified\":\"2023-10-27T18:17:24+00:00\",\"breadcrumb\":{\"@id\":\"https:\\\/\\\/www.santafevalores.com\\\/index.php\\\/2023\\\/10\\\/27\\\/sfv20231027dos\\\/#breadcrumb\"},\"inLanguage\":\"es\",\"potentialAction\":[{\"@type\":\"ReadAction\",\"target\":[\"https:\\\/\\\/www.santafevalores.com\\\/index.php\\\/2023\\\/10\\\/27\\\/sfv20231027dos\\\/\"]}]},{\"@type\":\"ImageObject\",\"inLanguage\":\"es\",\"@id\":\"https:\\\/\\\/www.santafevalores.com\\\/index.php\\\/2023\\\/10\\\/27\\\/sfv20231027dos\\\/#primaryimage\",\"url\":\"https:\\\/\\\/www.santafevalores.com\\\/wp-content\\\/uploads\\\/2023\\\/10\\\/A1IXUTPME.webp\",\"contentUrl\":\"https:\\\/\\\/www.santafevalores.com\\\/wp-content\\\/uploads\\\/2023\\\/10\\\/A1IXUTPME.webp\",\"width\":800,\"height\":534},{\"@type\":\"BreadcrumbList\",\"@id\":\"https:\\\/\\\/www.santafevalores.com\\\/index.php\\\/2023\\\/10\\\/27\\\/sfv20231027dos\\\/#breadcrumb\",\"itemListElement\":[{\"@type\":\"ListItem\",\"position\":1,\"name\":\"Portada\",\"item\":\"https:\\\/\\\/www.santafevalores.com\\\/\"},{\"@type\":\"ListItem\",\"position\":2,\"name\":\"El Ni\u00f1o tiene en vilo a econom\u00edas latinoamericanas: \u00bfc\u00f3mo las puede afectar?\"}]},{\"@type\":\"WebSite\",\"@id\":\"https:\\\/\\\/www.santafevalores.com\\\/#website\",\"url\":\"https:\\\/\\\/www.santafevalores.com\\\/\",\"name\":\"Santa Fe Casa de Valores S.A.\",\"description\":\"\",\"publisher\":{\"@id\":\"https:\\\/\\\/www.santafevalores.com\\\/#organization\"},\"potentialAction\":[{\"@type\":\"SearchAction\",\"target\":{\"@type\":\"EntryPoint\",\"urlTemplate\":\"https:\\\/\\\/www.santafevalores.com\\\/?s={search_term_string}\"},\"query-input\":{\"@type\":\"PropertyValueSpecification\",\"valueRequired\":true,\"valueName\":\"search_term_string\"}}],\"inLanguage\":\"es\"},{\"@type\":\"Organization\",\"@id\":\"https:\\\/\\\/www.santafevalores.com\\\/#organization\",\"name\":\"Santa Fe Casa de Valores S.A.\",\"alternateName\":\"SANTAFEVALORES\",\"url\":\"https:\\\/\\\/www.santafevalores.com\\\/\",\"logo\":{\"@type\":\"ImageObject\",\"inLanguage\":\"es\",\"@id\":\"https:\\\/\\\/www.santafevalores.com\\\/#\\\/schema\\\/logo\\\/image\\\/\",\"url\":\"https:\\\/\\\/www.santafevalores.com\\\/wp-content\\\/uploads\\\/2022\\\/06\\\/logo1.png\",\"contentUrl\":\"https:\\\/\\\/www.santafevalores.com\\\/wp-content\\\/uploads\\\/2022\\\/06\\\/logo1.png\",\"width\":235,\"height\":71,\"caption\":\"Santa Fe Casa de Valores S.A.\"},\"image\":{\"@id\":\"https:\\\/\\\/www.santafevalores.com\\\/#\\\/schema\\\/logo\\\/image\\\/\"},\"sameAs\":[\"https:\\\/\\\/www.facebook.com\\\/santafevalores\\\/\",\"https:\\\/\\\/x.com\\\/SantaFeValores\"]},{\"@type\":\"Person\",\"@id\":\"https:\\\/\\\/www.santafevalores.com\\\/#\\\/schema\\\/person\\\/d965a42370507d0a1638e69158bb5835\",\"name\":\"admin\",\"image\":{\"@type\":\"ImageObject\",\"inLanguage\":\"es\",\"@id\":\"https:\\\/\\\/secure.gravatar.com\\\/avatar\\\/97ec7f9eb6068ddac59d3806ca0034c167fce748f524adcfad8629911220756f?s=96&d=mm&r=g\",\"url\":\"https:\\\/\\\/secure.gravatar.com\\\/avatar\\\/97ec7f9eb6068ddac59d3806ca0034c167fce748f524adcfad8629911220756f?s=96&d=mm&r=g\",\"contentUrl\":\"https:\\\/\\\/secure.gravatar.com\\\/avatar\\\/97ec7f9eb6068ddac59d3806ca0034c167fce748f524adcfad8629911220756f?s=96&d=mm&r=g\",\"caption\":\"admin\"},\"sameAs\":[\"https:\\\/\\\/www.santafevalores.com\"],\"url\":\"https:\\\/\\\/www.santafevalores.com\\\/index.php\\\/author\\\/santafevaloresuio_ggv0vv79\\\/\"}]}<\/script>\n<!-- \/ Yoast SEO plugin. -->","yoast_head_json":{"title":"El Ni\u00f1o tiene en vilo a econom\u00edas latinoamericanas: \u00bfc\u00f3mo las puede afectar? - Santa Fe Casa de Valores S.A.","robots":{"index":"index","follow":"follow","max-snippet":"max-snippet:-1","max-image-preview":"max-image-preview:large","max-video-preview":"max-video-preview:-1"},"canonical":"https:\/\/www.santafevalores.com\/index.php\/2023\/10\/27\/sfv20231027dos\/","og_locale":"es_ES","og_type":"article","og_title":"El Ni\u00f1o tiene en vilo a econom\u00edas latinoamericanas: \u00bfc\u00f3mo las puede afectar? - Santa Fe Casa de Valores S.A.","og_description":"El llamado fen\u00f3meno de El Ni\u00f1o posiblemente sea uno de los sintagmas que m\u00e1s se escuchen y se lean en varios pa\u00edses de Latinoam\u00e9rica durante 2024, al hablar del funcionamiento de las econom\u00edas. El impacto de este este evento climatol\u00f3gico, que viene fuertes precipitaciones o con sequ\u00edas, seg\u00fan el lugar, ya es tenido en cuenta&hellip;","og_url":"https:\/\/www.santafevalores.com\/index.php\/2023\/10\/27\/sfv20231027dos\/","og_site_name":"Santa Fe Casa de Valores S.A.","article_publisher":"https:\/\/www.facebook.com\/santafevalores\/","article_published_time":"2023-10-27T18:05:09+00:00","article_modified_time":"2023-10-27T18:17:24+00:00","og_image":[{"width":800,"height":534,"url":"https:\/\/www.santafevalores.com\/wp-content\/uploads\/2023\/10\/A1IXUTPME.webp","type":"image\/webp"}],"author":"admin","twitter_card":"summary_large_image","twitter_creator":"@SantaFeValores","twitter_site":"@SantaFeValores","twitter_misc":{"Escrito por":"admin","Tiempo de lectura":"6 minutos"},"schema":{"@context":"https:\/\/schema.org","@graph":[{"@type":"Article","@id":"https:\/\/www.santafevalores.com\/index.php\/2023\/10\/27\/sfv20231027dos\/#article","isPartOf":{"@id":"https:\/\/www.santafevalores.com\/index.php\/2023\/10\/27\/sfv20231027dos\/"},"author":{"name":"admin","@id":"https:\/\/www.santafevalores.com\/#\/schema\/person\/d965a42370507d0a1638e69158bb5835"},"headline":"El Ni\u00f1o tiene en vilo a econom\u00edas latinoamericanas: \u00bfc\u00f3mo las puede afectar?","datePublished":"2023-10-27T18:05:09+00:00","dateModified":"2023-10-27T18:17:24+00:00","mainEntityOfPage":{"@id":"https:\/\/www.santafevalores.com\/index.php\/2023\/10\/27\/sfv20231027dos\/"},"wordCount":1329,"commentCount":0,"publisher":{"@id":"https:\/\/www.santafevalores.com\/#organization"},"image":{"@id":"https:\/\/www.santafevalores.com\/index.php\/2023\/10\/27\/sfv20231027dos\/#primaryimage"},"thumbnailUrl":"https:\/\/www.santafevalores.com\/wp-content\/uploads\/2023\/10\/A1IXUTPME.webp","articleSection":["Uncategorized"],"inLanguage":"es","potentialAction":[{"@type":"CommentAction","name":"Comment","target":["https:\/\/www.santafevalores.com\/index.php\/2023\/10\/27\/sfv20231027dos\/#respond"]}]},{"@type":"WebPage","@id":"https:\/\/www.santafevalores.com\/index.php\/2023\/10\/27\/sfv20231027dos\/","url":"https:\/\/www.santafevalores.com\/index.php\/2023\/10\/27\/sfv20231027dos\/","name":"El Ni\u00f1o tiene en vilo a econom\u00edas latinoamericanas: \u00bfc\u00f3mo las puede afectar? - Santa Fe Casa de Valores S.A.","isPartOf":{"@id":"https:\/\/www.santafevalores.com\/#website"},"primaryImageOfPage":{"@id":"https:\/\/www.santafevalores.com\/index.php\/2023\/10\/27\/sfv20231027dos\/#primaryimage"},"image":{"@id":"https:\/\/www.santafevalores.com\/index.php\/2023\/10\/27\/sfv20231027dos\/#primaryimage"},"thumbnailUrl":"https:\/\/www.santafevalores.com\/wp-content\/uploads\/2023\/10\/A1IXUTPME.webp","datePublished":"2023-10-27T18:05:09+00:00","dateModified":"2023-10-27T18:17:24+00:00","breadcrumb":{"@id":"https:\/\/www.santafevalores.com\/index.php\/2023\/10\/27\/sfv20231027dos\/#breadcrumb"},"inLanguage":"es","potentialAction":[{"@type":"ReadAction","target":["https:\/\/www.santafevalores.com\/index.php\/2023\/10\/27\/sfv20231027dos\/"]}]},{"@type":"ImageObject","inLanguage":"es","@id":"https:\/\/www.santafevalores.com\/index.php\/2023\/10\/27\/sfv20231027dos\/#primaryimage","url":"https:\/\/www.santafevalores.com\/wp-content\/uploads\/2023\/10\/A1IXUTPME.webp","contentUrl":"https:\/\/www.santafevalores.com\/wp-content\/uploads\/2023\/10\/A1IXUTPME.webp","width":800,"height":534},{"@type":"BreadcrumbList","@id":"https:\/\/www.santafevalores.com\/index.php\/2023\/10\/27\/sfv20231027dos\/#breadcrumb","itemListElement":[{"@type":"ListItem","position":1,"name":"Portada","item":"https:\/\/www.santafevalores.com\/"},{"@type":"ListItem","position":2,"name":"El Ni\u00f1o tiene en vilo a econom\u00edas latinoamericanas: \u00bfc\u00f3mo las puede afectar?"}]},{"@type":"WebSite","@id":"https:\/\/www.santafevalores.com\/#website","url":"https:\/\/www.santafevalores.com\/","name":"Santa Fe Casa de Valores S.A.","description":"","publisher":{"@id":"https:\/\/www.santafevalores.com\/#organization"},"potentialAction":[{"@type":"SearchAction","target":{"@type":"EntryPoint","urlTemplate":"https:\/\/www.santafevalores.com\/?s={search_term_string}"},"query-input":{"@type":"PropertyValueSpecification","valueRequired":true,"valueName":"search_term_string"}}],"inLanguage":"es"},{"@type":"Organization","@id":"https:\/\/www.santafevalores.com\/#organization","name":"Santa Fe Casa de Valores S.A.","alternateName":"SANTAFEVALORES","url":"https:\/\/www.santafevalores.com\/","logo":{"@type":"ImageObject","inLanguage":"es","@id":"https:\/\/www.santafevalores.com\/#\/schema\/logo\/image\/","url":"https:\/\/www.santafevalores.com\/wp-content\/uploads\/2022\/06\/logo1.png","contentUrl":"https:\/\/www.santafevalores.com\/wp-content\/uploads\/2022\/06\/logo1.png","width":235,"height":71,"caption":"Santa Fe Casa de Valores S.A."},"image":{"@id":"https:\/\/www.santafevalores.com\/#\/schema\/logo\/image\/"},"sameAs":["https:\/\/www.facebook.com\/santafevalores\/","https:\/\/x.com\/SantaFeValores"]},{"@type":"Person","@id":"https:\/\/www.santafevalores.com\/#\/schema\/person\/d965a42370507d0a1638e69158bb5835","name":"admin","image":{"@type":"ImageObject","inLanguage":"es","@id":"https:\/\/secure.gravatar.com\/avatar\/97ec7f9eb6068ddac59d3806ca0034c167fce748f524adcfad8629911220756f?s=96&d=mm&r=g","url":"https:\/\/secure.gravatar.com\/avatar\/97ec7f9eb6068ddac59d3806ca0034c167fce748f524adcfad8629911220756f?s=96&d=mm&r=g","contentUrl":"https:\/\/secure.gravatar.com\/avatar\/97ec7f9eb6068ddac59d3806ca0034c167fce748f524adcfad8629911220756f?s=96&d=mm&r=g","caption":"admin"},"sameAs":["https:\/\/www.santafevalores.com"],"url":"https:\/\/www.santafevalores.com\/index.php\/author\/santafevaloresuio_ggv0vv79\/"}]}},"_links":{"self":[{"href":"https:\/\/www.santafevalores.com\/index.php\/wp-json\/wp\/v2\/posts\/68887","targetHints":{"allow":["GET"]}}],"collection":[{"href":"https:\/\/www.santafevalores.com\/index.php\/wp-json\/wp\/v2\/posts"}],"about":[{"href":"https:\/\/www.santafevalores.com\/index.php\/wp-json\/wp\/v2\/types\/post"}],"author":[{"embeddable":true,"href":"https:\/\/www.santafevalores.com\/index.php\/wp-json\/wp\/v2\/users\/1"}],"replies":[{"embeddable":true,"href":"https:\/\/www.santafevalores.com\/index.php\/wp-json\/wp\/v2\/comments?post=68887"}],"version-history":[{"count":5,"href":"https:\/\/www.santafevalores.com\/index.php\/wp-json\/wp\/v2\/posts\/68887\/revisions"}],"predecessor-version":[{"id":68893,"href":"https:\/\/www.santafevalores.com\/index.php\/wp-json\/wp\/v2\/posts\/68887\/revisions\/68893"}],"wp:featuredmedia":[{"embeddable":true,"href":"https:\/\/www.santafevalores.com\/index.php\/wp-json\/wp\/v2\/media\/68888"}],"wp:attachment":[{"href":"https:\/\/www.santafevalores.com\/index.php\/wp-json\/wp\/v2\/media?parent=68887"}],"wp:term":[{"taxonomy":"category","embeddable":true,"href":"https:\/\/www.santafevalores.com\/index.php\/wp-json\/wp\/v2\/categories?post=68887"},{"taxonomy":"post_tag","embeddable":true,"href":"https:\/\/www.santafevalores.com\/index.php\/wp-json\/wp\/v2\/tags?post=68887"}],"curies":[{"name":"wp","href":"https:\/\/api.w.org\/{rel}","templated":true}]}}