{"id":68894,"date":"2023-10-27T16:35:50","date_gmt":"2023-10-27T21:35:50","guid":{"rendered":"https:\/\/www.santafevalores.com\/?p=68894"},"modified":"2023-10-27T16:56:27","modified_gmt":"2023-10-27T21:56:27","slug":"sfv20231027tres","status":"publish","type":"post","link":"https:\/\/www.santafevalores.com\/index.php\/2023\/10\/27\/sfv20231027tres\/","title":{"rendered":"Convocatoria a Junta General Extraordinaria de Accionistas del Banco Pichincha C.A."},"content":{"rendered":"\t\t<div data-elementor-type=\"wp-post\" data-elementor-id=\"68894\" class=\"elementor elementor-68894\" data-elementor-post-type=\"post\">\n\t\t\t\t\t\t<section class=\"elementor-section elementor-top-section elementor-element elementor-element-746eb08 elementor-section-boxed elementor-section-height-default elementor-section-height-default\" data-id=\"746eb08\" data-element_type=\"section\" data-e-type=\"section\">\n\t\t\t\t\t\t<div class=\"elementor-container elementor-column-gap-default\">\n\t\t\t\t\t<div class=\"elementor-column elementor-col-100 elementor-top-column elementor-element elementor-element-af305fd\" data-id=\"af305fd\" data-element_type=\"column\" data-e-type=\"column\">\n\t\t\t<div class=\"elementor-widget-wrap elementor-element-populated\">\n\t\t\t\t\t\t<div class=\"elementor-element elementor-element-a81f5fa elementor-widget elementor-widget-image\" data-id=\"a81f5fa\" data-element_type=\"widget\" data-e-type=\"widget\" data-widget_type=\"image.default\">\n\t\t\t\t<div class=\"elementor-widget-container\">\n\t\t\t\t\t\t\t\t\t\t\t\t\t\t\t<img fetchpriority=\"high\" decoding=\"async\" width=\"1024\" height=\"539\" src=\"https:\/\/www.santafevalores.com\/wp-content\/uploads\/2023\/10\/Junta-Pichincha-1024x539.jpg\" class=\"attachment-large size-large wp-image-68897\" alt=\"\" srcset=\"https:\/\/www.santafevalores.com\/wp-content\/uploads\/2023\/10\/Junta-Pichincha-1024x539.jpg 1024w, https:\/\/www.santafevalores.com\/wp-content\/uploads\/2023\/10\/Junta-Pichincha-300x158.jpg 300w, https:\/\/www.santafevalores.com\/wp-content\/uploads\/2023\/10\/Junta-Pichincha-768x404.jpg 768w, https:\/\/www.santafevalores.com\/wp-content\/uploads\/2023\/10\/Junta-Pichincha.jpg 1071w\" sizes=\"(max-width: 1024px) 100vw, 1024px\" \/>\t\t\t\t\t\t\t\t\t\t\t\t\t\t\t<\/div>\n\t\t\t\t<\/div>\n\t\t\t\t\t<\/div>\n\t\t<\/div>\n\t\t\t\t\t<\/div>\n\t\t<\/section>\n\t\t\t\t<section class=\"elementor-section elementor-top-section elementor-element elementor-element-e0a4f49 elementor-section-boxed elementor-section-height-default elementor-section-height-default\" data-id=\"e0a4f49\" data-element_type=\"section\" data-e-type=\"section\">\n\t\t\t\t\t\t<div class=\"elementor-container elementor-column-gap-default\">\n\t\t\t\t\t<div class=\"elementor-column elementor-col-100 elementor-top-column elementor-element elementor-element-701c89d\" data-id=\"701c89d\" data-element_type=\"column\" data-e-type=\"column\">\n\t\t\t<div class=\"elementor-widget-wrap elementor-element-populated\">\n\t\t\t\t\t\t<div class=\"elementor-element elementor-element-9f3d68e elementor-widget elementor-widget-text-editor\" data-id=\"9f3d68e\" data-element_type=\"widget\" data-e-type=\"widget\" data-widget_type=\"text-editor.default\">\n\t\t\t\t<div class=\"elementor-widget-container\">\n\t\t\t\t\t\t\t\t\t<p>Por resoluci\u00f3n del Directorio, de acuerdo con lo prescrito en el C\u00f3digo Org\u00e1nico Monetario y Financiero, la Ley de Compa\u00f1\u00edas y el Estatuto del Banco Pichincha C.A., se convoca a los se\u00f1ores Accionistas del Banco a Junta General Extraordinaria para el d\u00eda 16 de noviembre del 2023, a las 9H00, en el Auditorio de la Casa Matriz del Banco, ubicado en la Av. Amazonas No. 4560 y Pereira, de esta ciudad de Quito, con el fin de tratar sobre los Siguientes puntos:<\/p><p><br \/>1. Conocimiento y ratificaci\u00f3n de la resoluci\u00f3n tomada por la Junta General para la Fusi\u00f3n por Absorci\u00f3n de la compa\u00f1ia Ameraf\u00edn S.A. por parte de Banco Pichincha C.A., seg\u00fan lo resuelto en la Junta General Extraordinaria de Accionistas de fecha 22 de diciembre del 2021, incluyendo los estados financieros de fusi\u00f3n, el estado de situaci\u00f3n financiera y las bases o proyecto de fusi\u00f3n.<\/p><p><br \/>2. Conocimiento y ratificaci\u00f3n de la resoluci\u00f3n tomada por la Junta General para la Fusi\u00f3n por Absorci\u00f3n de la compa\u00f1\u00eda Credife Desarrollo Microempresarial S.A. por parte de Banco Pichincha C.A., seg\u00fan lo resuelto en la Junta General Extraordinaria de Accionistas de fecha 22 de diciembre del 2021, incluyendo los estados financieros de fusi\u00f3n, el estado de situaci\u00f3n financiera y las bases o proyecto de fusi\u00f3n.<\/p><p><br \/>3. Conocimiento y ratificaci\u00f3n de la resoluci\u00f3n tomada por la Junta General para la ampliaci\u00f3n del monto de la emisi\u00f3n de obligaciones denominada Bono Social de G\u00e9nero y las dos emisiones de obligaciones y ofertas p\u00fablicas de los denominados Bonos Verdes\/Sostenibles\/Tem\u00e1ticos para inversiones locales y\/o para inversionistas internacionales, tomada el 22 de diciembre del 2021.<\/p><p><br \/>De acuerdo con lo establecido en la Ley de Compa\u00f1\u00edas y en el Estatuto, la Junta General podr\u00e1 realizarse con la concurrencia de un m\u00ednimo de asistentes que represente m\u00e1s de la mitad del capital pagado.<\/p><p><br \/>Se convoca especialmente al Auditor Externo PricewaterhouseCoopers del Ecuador C\u00eda. Ltda., en la direcci\u00f3n: Avenida 6 de Diciembre y Boussingault, Edificio T6, Piso 14, que de acuerdo a la Ley hace las veces de Comisario del Banco; y al Ing. Galo Andr\u00e9s Soria Ojeda, Auditor Interno del Banco, en la direcci\u00f3n: Av. Amazonas N39-61 y Pereira, Edificio Centro Financiero, Piso 8, Oficina 801.<\/p><p><br \/>Quito, a 25 de octubre del 2023.<\/p>\t\t\t\t\t\t\t\t<\/div>\n\t\t\t\t<\/div>\n\t\t\t\t\t<\/div>\n\t\t<\/div>\n\t\t\t\t\t<\/div>\n\t\t<\/section>\n\t\t\t\t<section class=\"elementor-section elementor-top-section elementor-element elementor-element-825c309 elementor-section-boxed elementor-section-height-default elementor-section-height-default\" data-id=\"825c309\" data-element_type=\"section\" data-e-type=\"section\">\n\t\t\t\t\t\t<div class=\"elementor-container elementor-column-gap-default\">\n\t\t\t\t\t<div class=\"elementor-column elementor-col-50 elementor-top-column elementor-element elementor-element-3f702f5\" data-id=\"3f702f5\" data-element_type=\"column\" data-e-type=\"column\">\n\t\t\t<div class=\"elementor-widget-wrap elementor-element-populated\">\n\t\t\t\t\t\t<div class=\"elementor-element elementor-element-4d9566d elementor-widget elementor-widget-text-editor\" data-id=\"4d9566d\" data-element_type=\"widget\" data-e-type=\"widget\" data-widget_type=\"text-editor.default\">\n\t\t\t\t<div class=\"elementor-widget-container\">\n\t\t\t\t\t\t\t\t\t<p>Antonio Acosta Espinosa<br><b>PRESIDENTE<\/b><\/p>\t\t\t\t\t\t\t\t<\/div>\n\t\t\t\t<\/div>\n\t\t\t\t\t<\/div>\n\t\t<\/div>\n\t\t\t\t<div class=\"elementor-column elementor-col-50 elementor-top-column elementor-element elementor-element-c20d7bc\" data-id=\"c20d7bc\" data-element_type=\"column\" data-e-type=\"column\">\n\t\t\t<div class=\"elementor-widget-wrap elementor-element-populated\">\n\t\t\t\t\t\t<div class=\"elementor-element elementor-element-fecd94a elementor-widget elementor-widget-text-editor\" data-id=\"fecd94a\" data-element_type=\"widget\" data-e-type=\"widget\" data-widget_type=\"text-editor.default\">\n\t\t\t\t<div class=\"elementor-widget-container\">\n\t\t\t\t\t\t\t\t\t<p style=\"text-align: center;\">Santiago Bayas Paredes<br><b>GERENTE GENERAL<\/b><\/p>\t\t\t\t\t\t\t\t<\/div>\n\t\t\t\t<\/div>\n\t\t\t\t\t<\/div>\n\t\t<\/div>\n\t\t\t\t\t<\/div>\n\t\t<\/section>\n\t\t\t\t<\/div>\n\t\t","protected":false},"excerpt":{"rendered":"<p>Por resoluci\u00f3n del Directorio, de acuerdo con lo prescrito en el C\u00f3digo Org\u00e1nico Monetario y Financiero, la Ley de Compa\u00f1\u00edas y el Estatuto del Banco Pichincha C.A., se convoca a los se\u00f1ores Accionistas del Banco a Junta General Extraordinaria para el d\u00eda 16 de noviembre del 2023, a las 9H00, en el Auditorio de la&hellip;<\/p>\n","protected":false},"author":1,"featured_media":68895,"comment_status":"open","ping_status":"closed","sticky":false,"template":"","format":"standard","meta":{"content-type":"","_joinchat":[],"footnotes":""},"categories":[1],"tags":[],"class_list":["post-68894","post","type-post","status-publish","format-standard","has-post-thumbnail","hentry","category-uncategorized"],"yoast_head":"<!-- This site is optimized with the Yoast SEO plugin v27.5 - https:\/\/yoast.com\/product\/yoast-seo-wordpress\/ -->\n<title>Convocatoria a Junta General Extraordinaria de Accionistas del Banco Pichincha C.A. - Santa Fe Casa de Valores S.A.<\/title>\n<meta name=\"robots\" content=\"index, follow, max-snippet:-1, max-image-preview:large, max-video-preview:-1\" \/>\n<link rel=\"canonical\" href=\"https:\/\/www.santafevalores.com\/index.php\/2023\/10\/27\/sfv20231027tres\/\" \/>\n<meta property=\"og:locale\" content=\"es_ES\" \/>\n<meta property=\"og:type\" content=\"article\" \/>\n<meta property=\"og:title\" content=\"Convocatoria a Junta General Extraordinaria de Accionistas del Banco Pichincha C.A. - Santa Fe Casa de Valores S.A.\" \/>\n<meta property=\"og:description\" content=\"Por resoluci\u00f3n del Directorio, de acuerdo con lo prescrito en el C\u00f3digo Org\u00e1nico Monetario y Financiero, la Ley de Compa\u00f1\u00edas y el Estatuto del Banco Pichincha C.A., se convoca a los se\u00f1ores Accionistas del Banco a Junta General Extraordinaria para el d\u00eda 16 de noviembre del 2023, a las 9H00, en el Auditorio de la&hellip;\" \/>\n<meta property=\"og:url\" content=\"https:\/\/www.santafevalores.com\/index.php\/2023\/10\/27\/sfv20231027tres\/\" \/>\n<meta property=\"og:site_name\" content=\"Santa Fe Casa de Valores S.A.\" \/>\n<meta property=\"article:publisher\" content=\"https:\/\/www.facebook.com\/santafevalores\/\" \/>\n<meta property=\"article:published_time\" content=\"2023-10-27T21:35:50+00:00\" \/>\n<meta property=\"article:modified_time\" content=\"2023-10-27T21:56:27+00:00\" \/>\n<meta property=\"og:image\" content=\"https:\/\/www.santafevalores.com\/wp-content\/uploads\/2023\/10\/Junta-Pichincha1.jpg\" \/>\n\t<meta property=\"og:image:width\" content=\"1071\" \/>\n\t<meta property=\"og:image:height\" content=\"564\" \/>\n\t<meta property=\"og:image:type\" content=\"image\/jpeg\" \/>\n<meta name=\"author\" content=\"admin\" \/>\n<meta name=\"twitter:card\" content=\"summary_large_image\" \/>\n<meta name=\"twitter:creator\" content=\"@SantaFeValores\" \/>\n<meta name=\"twitter:site\" content=\"@SantaFeValores\" \/>\n<meta name=\"twitter:label1\" content=\"Escrito por\" \/>\n\t<meta name=\"twitter:data1\" content=\"admin\" \/>\n\t<meta name=\"twitter:label2\" content=\"Tiempo de lectura\" \/>\n\t<meta name=\"twitter:data2\" content=\"2 minutos\" \/>\n<script type=\"application\/ld+json\" class=\"yoast-schema-graph\">{\"@context\":\"https:\\\/\\\/schema.org\",\"@graph\":[{\"@type\":\"Article\",\"@id\":\"https:\\\/\\\/www.santafevalores.com\\\/index.php\\\/2023\\\/10\\\/27\\\/sfv20231027tres\\\/#article\",\"isPartOf\":{\"@id\":\"https:\\\/\\\/www.santafevalores.com\\\/index.php\\\/2023\\\/10\\\/27\\\/sfv20231027tres\\\/\"},\"author\":{\"name\":\"admin\",\"@id\":\"https:\\\/\\\/www.santafevalores.com\\\/#\\\/schema\\\/person\\\/d965a42370507d0a1638e69158bb5835\"},\"headline\":\"Convocatoria a Junta General Extraordinaria de Accionistas del Banco Pichincha C.A.\",\"datePublished\":\"2023-10-27T21:35:50+00:00\",\"dateModified\":\"2023-10-27T21:56:27+00:00\",\"mainEntityOfPage\":{\"@id\":\"https:\\\/\\\/www.santafevalores.com\\\/index.php\\\/2023\\\/10\\\/27\\\/sfv20231027tres\\\/\"},\"wordCount\":422,\"commentCount\":0,\"publisher\":{\"@id\":\"https:\\\/\\\/www.santafevalores.com\\\/#organization\"},\"image\":{\"@id\":\"https:\\\/\\\/www.santafevalores.com\\\/index.php\\\/2023\\\/10\\\/27\\\/sfv20231027tres\\\/#primaryimage\"},\"thumbnailUrl\":\"https:\\\/\\\/www.santafevalores.com\\\/wp-content\\\/uploads\\\/2023\\\/10\\\/Junta-Pichincha1.jpg\",\"articleSection\":[\"Uncategorized\"],\"inLanguage\":\"es\",\"potentialAction\":[{\"@type\":\"CommentAction\",\"name\":\"Comment\",\"target\":[\"https:\\\/\\\/www.santafevalores.com\\\/index.php\\\/2023\\\/10\\\/27\\\/sfv20231027tres\\\/#respond\"]}]},{\"@type\":\"WebPage\",\"@id\":\"https:\\\/\\\/www.santafevalores.com\\\/index.php\\\/2023\\\/10\\\/27\\\/sfv20231027tres\\\/\",\"url\":\"https:\\\/\\\/www.santafevalores.com\\\/index.php\\\/2023\\\/10\\\/27\\\/sfv20231027tres\\\/\",\"name\":\"Convocatoria a Junta General Extraordinaria de Accionistas del Banco Pichincha C.A. - Santa Fe Casa de Valores S.A.\",\"isPartOf\":{\"@id\":\"https:\\\/\\\/www.santafevalores.com\\\/#website\"},\"primaryImageOfPage\":{\"@id\":\"https:\\\/\\\/www.santafevalores.com\\\/index.php\\\/2023\\\/10\\\/27\\\/sfv20231027tres\\\/#primaryimage\"},\"image\":{\"@id\":\"https:\\\/\\\/www.santafevalores.com\\\/index.php\\\/2023\\\/10\\\/27\\\/sfv20231027tres\\\/#primaryimage\"},\"thumbnailUrl\":\"https:\\\/\\\/www.santafevalores.com\\\/wp-content\\\/uploads\\\/2023\\\/10\\\/Junta-Pichincha1.jpg\",\"datePublished\":\"2023-10-27T21:35:50+00:00\",\"dateModified\":\"2023-10-27T21:56:27+00:00\",\"breadcrumb\":{\"@id\":\"https:\\\/\\\/www.santafevalores.com\\\/index.php\\\/2023\\\/10\\\/27\\\/sfv20231027tres\\\/#breadcrumb\"},\"inLanguage\":\"es\",\"potentialAction\":[{\"@type\":\"ReadAction\",\"target\":[\"https:\\\/\\\/www.santafevalores.com\\\/index.php\\\/2023\\\/10\\\/27\\\/sfv20231027tres\\\/\"]}]},{\"@type\":\"ImageObject\",\"inLanguage\":\"es\",\"@id\":\"https:\\\/\\\/www.santafevalores.com\\\/index.php\\\/2023\\\/10\\\/27\\\/sfv20231027tres\\\/#primaryimage\",\"url\":\"https:\\\/\\\/www.santafevalores.com\\\/wp-content\\\/uploads\\\/2023\\\/10\\\/Junta-Pichincha1.jpg\",\"contentUrl\":\"https:\\\/\\\/www.santafevalores.com\\\/wp-content\\\/uploads\\\/2023\\\/10\\\/Junta-Pichincha1.jpg\",\"width\":1071,\"height\":564},{\"@type\":\"BreadcrumbList\",\"@id\":\"https:\\\/\\\/www.santafevalores.com\\\/index.php\\\/2023\\\/10\\\/27\\\/sfv20231027tres\\\/#breadcrumb\",\"itemListElement\":[{\"@type\":\"ListItem\",\"position\":1,\"name\":\"Portada\",\"item\":\"https:\\\/\\\/www.santafevalores.com\\\/\"},{\"@type\":\"ListItem\",\"position\":2,\"name\":\"Convocatoria a Junta General Extraordinaria de Accionistas del Banco Pichincha C.A.\"}]},{\"@type\":\"WebSite\",\"@id\":\"https:\\\/\\\/www.santafevalores.com\\\/#website\",\"url\":\"https:\\\/\\\/www.santafevalores.com\\\/\",\"name\":\"Santa Fe Casa de Valores S.A.\",\"description\":\"\",\"publisher\":{\"@id\":\"https:\\\/\\\/www.santafevalores.com\\\/#organization\"},\"potentialAction\":[{\"@type\":\"SearchAction\",\"target\":{\"@type\":\"EntryPoint\",\"urlTemplate\":\"https:\\\/\\\/www.santafevalores.com\\\/?s={search_term_string}\"},\"query-input\":{\"@type\":\"PropertyValueSpecification\",\"valueRequired\":true,\"valueName\":\"search_term_string\"}}],\"inLanguage\":\"es\"},{\"@type\":\"Organization\",\"@id\":\"https:\\\/\\\/www.santafevalores.com\\\/#organization\",\"name\":\"Santa Fe Casa de Valores S.A.\",\"alternateName\":\"SANTAFEVALORES\",\"url\":\"https:\\\/\\\/www.santafevalores.com\\\/\",\"logo\":{\"@type\":\"ImageObject\",\"inLanguage\":\"es\",\"@id\":\"https:\\\/\\\/www.santafevalores.com\\\/#\\\/schema\\\/logo\\\/image\\\/\",\"url\":\"https:\\\/\\\/www.santafevalores.com\\\/wp-content\\\/uploads\\\/2022\\\/06\\\/logo1.png\",\"contentUrl\":\"https:\\\/\\\/www.santafevalores.com\\\/wp-content\\\/uploads\\\/2022\\\/06\\\/logo1.png\",\"width\":235,\"height\":71,\"caption\":\"Santa Fe Casa de Valores S.A.\"},\"image\":{\"@id\":\"https:\\\/\\\/www.santafevalores.com\\\/#\\\/schema\\\/logo\\\/image\\\/\"},\"sameAs\":[\"https:\\\/\\\/www.facebook.com\\\/santafevalores\\\/\",\"https:\\\/\\\/x.com\\\/SantaFeValores\"]},{\"@type\":\"Person\",\"@id\":\"https:\\\/\\\/www.santafevalores.com\\\/#\\\/schema\\\/person\\\/d965a42370507d0a1638e69158bb5835\",\"name\":\"admin\",\"image\":{\"@type\":\"ImageObject\",\"inLanguage\":\"es\",\"@id\":\"https:\\\/\\\/secure.gravatar.com\\\/avatar\\\/97ec7f9eb6068ddac59d3806ca0034c167fce748f524adcfad8629911220756f?s=96&d=mm&r=g\",\"url\":\"https:\\\/\\\/secure.gravatar.com\\\/avatar\\\/97ec7f9eb6068ddac59d3806ca0034c167fce748f524adcfad8629911220756f?s=96&d=mm&r=g\",\"contentUrl\":\"https:\\\/\\\/secure.gravatar.com\\\/avatar\\\/97ec7f9eb6068ddac59d3806ca0034c167fce748f524adcfad8629911220756f?s=96&d=mm&r=g\",\"caption\":\"admin\"},\"sameAs\":[\"https:\\\/\\\/www.santafevalores.com\"],\"url\":\"https:\\\/\\\/www.santafevalores.com\\\/index.php\\\/author\\\/santafevaloresuio_ggv0vv79\\\/\"}]}<\/script>\n<!-- \/ Yoast SEO plugin. -->","yoast_head_json":{"title":"Convocatoria a Junta General Extraordinaria de Accionistas del Banco Pichincha C.A. - Santa Fe Casa de Valores S.A.","robots":{"index":"index","follow":"follow","max-snippet":"max-snippet:-1","max-image-preview":"max-image-preview:large","max-video-preview":"max-video-preview:-1"},"canonical":"https:\/\/www.santafevalores.com\/index.php\/2023\/10\/27\/sfv20231027tres\/","og_locale":"es_ES","og_type":"article","og_title":"Convocatoria a Junta General Extraordinaria de Accionistas del Banco Pichincha C.A. - Santa Fe Casa de Valores S.A.","og_description":"Por resoluci\u00f3n del Directorio, de acuerdo con lo prescrito en el C\u00f3digo Org\u00e1nico Monetario y Financiero, la Ley de Compa\u00f1\u00edas y el Estatuto del Banco Pichincha C.A., se convoca a los se\u00f1ores Accionistas del Banco a Junta General Extraordinaria para el d\u00eda 16 de noviembre del 2023, a las 9H00, en el Auditorio de la&hellip;","og_url":"https:\/\/www.santafevalores.com\/index.php\/2023\/10\/27\/sfv20231027tres\/","og_site_name":"Santa Fe Casa de Valores S.A.","article_publisher":"https:\/\/www.facebook.com\/santafevalores\/","article_published_time":"2023-10-27T21:35:50+00:00","article_modified_time":"2023-10-27T21:56:27+00:00","og_image":[{"width":1071,"height":564,"url":"https:\/\/www.santafevalores.com\/wp-content\/uploads\/2023\/10\/Junta-Pichincha1.jpg","type":"image\/jpeg"}],"author":"admin","twitter_card":"summary_large_image","twitter_creator":"@SantaFeValores","twitter_site":"@SantaFeValores","twitter_misc":{"Escrito por":"admin","Tiempo de lectura":"2 minutos"},"schema":{"@context":"https:\/\/schema.org","@graph":[{"@type":"Article","@id":"https:\/\/www.santafevalores.com\/index.php\/2023\/10\/27\/sfv20231027tres\/#article","isPartOf":{"@id":"https:\/\/www.santafevalores.com\/index.php\/2023\/10\/27\/sfv20231027tres\/"},"author":{"name":"admin","@id":"https:\/\/www.santafevalores.com\/#\/schema\/person\/d965a42370507d0a1638e69158bb5835"},"headline":"Convocatoria a Junta General Extraordinaria de Accionistas del Banco Pichincha C.A.","datePublished":"2023-10-27T21:35:50+00:00","dateModified":"2023-10-27T21:56:27+00:00","mainEntityOfPage":{"@id":"https:\/\/www.santafevalores.com\/index.php\/2023\/10\/27\/sfv20231027tres\/"},"wordCount":422,"commentCount":0,"publisher":{"@id":"https:\/\/www.santafevalores.com\/#organization"},"image":{"@id":"https:\/\/www.santafevalores.com\/index.php\/2023\/10\/27\/sfv20231027tres\/#primaryimage"},"thumbnailUrl":"https:\/\/www.santafevalores.com\/wp-content\/uploads\/2023\/10\/Junta-Pichincha1.jpg","articleSection":["Uncategorized"],"inLanguage":"es","potentialAction":[{"@type":"CommentAction","name":"Comment","target":["https:\/\/www.santafevalores.com\/index.php\/2023\/10\/27\/sfv20231027tres\/#respond"]}]},{"@type":"WebPage","@id":"https:\/\/www.santafevalores.com\/index.php\/2023\/10\/27\/sfv20231027tres\/","url":"https:\/\/www.santafevalores.com\/index.php\/2023\/10\/27\/sfv20231027tres\/","name":"Convocatoria a Junta General Extraordinaria de Accionistas del Banco Pichincha C.A. - Santa Fe Casa de Valores S.A.","isPartOf":{"@id":"https:\/\/www.santafevalores.com\/#website"},"primaryImageOfPage":{"@id":"https:\/\/www.santafevalores.com\/index.php\/2023\/10\/27\/sfv20231027tres\/#primaryimage"},"image":{"@id":"https:\/\/www.santafevalores.com\/index.php\/2023\/10\/27\/sfv20231027tres\/#primaryimage"},"thumbnailUrl":"https:\/\/www.santafevalores.com\/wp-content\/uploads\/2023\/10\/Junta-Pichincha1.jpg","datePublished":"2023-10-27T21:35:50+00:00","dateModified":"2023-10-27T21:56:27+00:00","breadcrumb":{"@id":"https:\/\/www.santafevalores.com\/index.php\/2023\/10\/27\/sfv20231027tres\/#breadcrumb"},"inLanguage":"es","potentialAction":[{"@type":"ReadAction","target":["https:\/\/www.santafevalores.com\/index.php\/2023\/10\/27\/sfv20231027tres\/"]}]},{"@type":"ImageObject","inLanguage":"es","@id":"https:\/\/www.santafevalores.com\/index.php\/2023\/10\/27\/sfv20231027tres\/#primaryimage","url":"https:\/\/www.santafevalores.com\/wp-content\/uploads\/2023\/10\/Junta-Pichincha1.jpg","contentUrl":"https:\/\/www.santafevalores.com\/wp-content\/uploads\/2023\/10\/Junta-Pichincha1.jpg","width":1071,"height":564},{"@type":"BreadcrumbList","@id":"https:\/\/www.santafevalores.com\/index.php\/2023\/10\/27\/sfv20231027tres\/#breadcrumb","itemListElement":[{"@type":"ListItem","position":1,"name":"Portada","item":"https:\/\/www.santafevalores.com\/"},{"@type":"ListItem","position":2,"name":"Convocatoria a Junta General Extraordinaria de Accionistas del Banco Pichincha C.A."}]},{"@type":"WebSite","@id":"https:\/\/www.santafevalores.com\/#website","url":"https:\/\/www.santafevalores.com\/","name":"Santa Fe Casa de Valores S.A.","description":"","publisher":{"@id":"https:\/\/www.santafevalores.com\/#organization"},"potentialAction":[{"@type":"SearchAction","target":{"@type":"EntryPoint","urlTemplate":"https:\/\/www.santafevalores.com\/?s={search_term_string}"},"query-input":{"@type":"PropertyValueSpecification","valueRequired":true,"valueName":"search_term_string"}}],"inLanguage":"es"},{"@type":"Organization","@id":"https:\/\/www.santafevalores.com\/#organization","name":"Santa Fe Casa de Valores S.A.","alternateName":"SANTAFEVALORES","url":"https:\/\/www.santafevalores.com\/","logo":{"@type":"ImageObject","inLanguage":"es","@id":"https:\/\/www.santafevalores.com\/#\/schema\/logo\/image\/","url":"https:\/\/www.santafevalores.com\/wp-content\/uploads\/2022\/06\/logo1.png","contentUrl":"https:\/\/www.santafevalores.com\/wp-content\/uploads\/2022\/06\/logo1.png","width":235,"height":71,"caption":"Santa Fe Casa de Valores S.A."},"image":{"@id":"https:\/\/www.santafevalores.com\/#\/schema\/logo\/image\/"},"sameAs":["https:\/\/www.facebook.com\/santafevalores\/","https:\/\/x.com\/SantaFeValores"]},{"@type":"Person","@id":"https:\/\/www.santafevalores.com\/#\/schema\/person\/d965a42370507d0a1638e69158bb5835","name":"admin","image":{"@type":"ImageObject","inLanguage":"es","@id":"https:\/\/secure.gravatar.com\/avatar\/97ec7f9eb6068ddac59d3806ca0034c167fce748f524adcfad8629911220756f?s=96&d=mm&r=g","url":"https:\/\/secure.gravatar.com\/avatar\/97ec7f9eb6068ddac59d3806ca0034c167fce748f524adcfad8629911220756f?s=96&d=mm&r=g","contentUrl":"https:\/\/secure.gravatar.com\/avatar\/97ec7f9eb6068ddac59d3806ca0034c167fce748f524adcfad8629911220756f?s=96&d=mm&r=g","caption":"admin"},"sameAs":["https:\/\/www.santafevalores.com"],"url":"https:\/\/www.santafevalores.com\/index.php\/author\/santafevaloresuio_ggv0vv79\/"}]}},"_links":{"self":[{"href":"https:\/\/www.santafevalores.com\/index.php\/wp-json\/wp\/v2\/posts\/68894","targetHints":{"allow":["GET"]}}],"collection":[{"href":"https:\/\/www.santafevalores.com\/index.php\/wp-json\/wp\/v2\/posts"}],"about":[{"href":"https:\/\/www.santafevalores.com\/index.php\/wp-json\/wp\/v2\/types\/post"}],"author":[{"embeddable":true,"href":"https:\/\/www.santafevalores.com\/index.php\/wp-json\/wp\/v2\/users\/1"}],"replies":[{"embeddable":true,"href":"https:\/\/www.santafevalores.com\/index.php\/wp-json\/wp\/v2\/comments?post=68894"}],"version-history":[{"count":12,"href":"https:\/\/www.santafevalores.com\/index.php\/wp-json\/wp\/v2\/posts\/68894\/revisions"}],"predecessor-version":[{"id":68909,"href":"https:\/\/www.santafevalores.com\/index.php\/wp-json\/wp\/v2\/posts\/68894\/revisions\/68909"}],"wp:featuredmedia":[{"embeddable":true,"href":"https:\/\/www.santafevalores.com\/index.php\/wp-json\/wp\/v2\/media\/68895"}],"wp:attachment":[{"href":"https:\/\/www.santafevalores.com\/index.php\/wp-json\/wp\/v2\/media?parent=68894"}],"wp:term":[{"taxonomy":"category","embeddable":true,"href":"https:\/\/www.santafevalores.com\/index.php\/wp-json\/wp\/v2\/categories?post=68894"},{"taxonomy":"post_tag","embeddable":true,"href":"https:\/\/www.santafevalores.com\/index.php\/wp-json\/wp\/v2\/tags?post=68894"}],"curies":[{"name":"wp","href":"https:\/\/api.w.org\/{rel}","templated":true}]}}