{"id":69088,"date":"2023-11-22T11:14:51","date_gmt":"2023-11-22T16:14:51","guid":{"rendered":"https:\/\/www.santafevalores.com\/?p=69088"},"modified":"2023-11-27T13:02:29","modified_gmt":"2023-11-27T18:02:29","slug":"sfv20231122cuatro","status":"publish","type":"post","link":"https:\/\/www.santafevalores.com\/index.php\/2023\/11\/22\/sfv20231122cuatro\/","title":{"rendered":"Contenidos relacionados con C\u00edvica, \u00c9tica y Ciudadan\u00eda se incluir\u00e1n en todas las materias que se impartan en el pr\u00f3ximo a\u00f1o lectivo del 2024-2025."},"content":{"rendered":"\t\t<div data-elementor-type=\"wp-post\" data-elementor-id=\"69088\" class=\"elementor elementor-69088\" data-elementor-post-type=\"post\">\n\t\t\t\t\t\t<section class=\"elementor-section elementor-top-section elementor-element elementor-element-6f15e53 elementor-section-boxed elementor-section-height-default elementor-section-height-default\" data-id=\"6f15e53\" data-element_type=\"section\" data-e-type=\"section\">\n\t\t\t\t\t\t<div class=\"elementor-container elementor-column-gap-default\">\n\t\t\t\t\t<div class=\"elementor-column elementor-col-100 elementor-top-column elementor-element elementor-element-7c979c9\" data-id=\"7c979c9\" data-element_type=\"column\" data-e-type=\"column\">\n\t\t\t<div class=\"elementor-widget-wrap elementor-element-populated\">\n\t\t\t\t\t\t<div class=\"elementor-element elementor-element-cc9e950 elementor-widget elementor-widget-image\" data-id=\"cc9e950\" data-element_type=\"widget\" data-e-type=\"widget\" data-widget_type=\"image.default\">\n\t\t\t\t<div class=\"elementor-widget-container\">\n\t\t\t\t\t\t\t\t\t\t\t\t\t\t\t<img fetchpriority=\"high\" decoding=\"async\" width=\"1024\" height=\"544\" src=\"https:\/\/www.santafevalores.com\/wp-content\/uploads\/2023\/11\/A120231122-1024x544.webp\" class=\"attachment-large size-large wp-image-69089\" alt=\"\" srcset=\"https:\/\/www.santafevalores.com\/wp-content\/uploads\/2023\/11\/A120231122-1024x544.webp 1024w, https:\/\/www.santafevalores.com\/wp-content\/uploads\/2023\/11\/A120231122-300x159.webp 300w, https:\/\/www.santafevalores.com\/wp-content\/uploads\/2023\/11\/A120231122-768x408.webp 768w, https:\/\/www.santafevalores.com\/wp-content\/uploads\/2023\/11\/A120231122.webp 1293w\" sizes=\"(max-width: 1024px) 100vw, 1024px\" \/>\t\t\t\t\t\t\t\t\t\t\t\t\t\t\t<\/div>\n\t\t\t\t<\/div>\n\t\t\t\t\t<\/div>\n\t\t<\/div>\n\t\t\t\t\t<\/div>\n\t\t<\/section>\n\t\t\t\t<section class=\"elementor-section elementor-top-section elementor-element elementor-element-7441064 elementor-section-boxed elementor-section-height-default elementor-section-height-default\" data-id=\"7441064\" data-element_type=\"section\" data-e-type=\"section\">\n\t\t\t\t\t\t<div class=\"elementor-container elementor-column-gap-default\">\n\t\t\t\t\t<div class=\"elementor-column elementor-col-100 elementor-top-column elementor-element elementor-element-7f500ba\" data-id=\"7f500ba\" data-element_type=\"column\" data-e-type=\"column\">\n\t\t\t<div class=\"elementor-widget-wrap elementor-element-populated\">\n\t\t\t\t\t\t<div class=\"elementor-element elementor-element-f0c98d4 elementor-widget elementor-widget-text-editor\" data-id=\"f0c98d4\" data-element_type=\"widget\" data-e-type=\"widget\" data-widget_type=\"text-editor.default\">\n\t\t\t\t<div class=\"elementor-widget-container\">\n\t\t\t\t\t\t\t\t\t<p>La <b>nueva malla curricular<\/b> del Sistema Nacional de Educaci\u00f3n en Ecuador, que estar\u00e1 vigente para el a\u00f1o 2024-2025, tendr\u00e1 materias de C\u00edvica, \u00c9tica y Ciudadan\u00eda en las aulas de los planteles educativos, luego de siete a\u00f1os.<\/p>\n<p>Las materias se incluir\u00e1n de forma transversal en los contenidos que toman los alumnos desde primer grado hasta tercero de bachillerato, pues ya no ser\u00e1 contenido exclusivo para los <b>bachilleres.<\/b><\/p>\n<p>\u201cEste curr\u00edculo tiene competencias muy relacionadas con valores ciudadanos como la honestidad, sinceridad, y los temas anticorrupci\u00f3n\u201d, coment\u00f3 la subsecretaria de Innovaci\u00f3n Educativa, Emilia Vallejo.<\/p>\n<p>Para la <b>Corporaci\u00f3n Ecuatoriana para la Calidad de la Educaci\u00f3n, Corpeducar,<\/b> es una actualizaci\u00f3n positiva porque formar buenos ciudadanos es igual de importante que capacitar a los estudiantes en destrezas num\u00e9ricas o escritura.<\/p>\n<p>\u201cEl problema es el enfoque que se daba la vinculaci\u00f3n de Ecuador, con la patria, con todos los s\u00edmbolos, <b>el valor de la identidad nacional, ese es un punto que no podemos perder\u00bb<\/b>, se\u00f1al\u00f3 el representante de Corpeducar, Juan Carlos Rodr\u00edguez.<\/p>\n<p>Materias como <b>Educaci\u00f3n ambiental, Programaci\u00f3n, Lengua de se\u00f1as, Cosmovisi\u00f3n Andina, Educaci\u00f3n Financiera y Conciencia Mar\u00edtima<\/b> tambi\u00e9n se incorporan a la nueva malla curricular.<\/p>\n<p>El n\u00famero de horas para las asignaturas flexibles y optativas lo decidir\u00e1 cada instituci\u00f3n, seg\u00fan su realidad, pero para las materias tradicionales, como lengua y matem\u00e1tica, las determinar\u00e1 el <b>Ministerio de Educaci\u00f3n.<\/b><\/p>\n<p>Adem\u00e1s, se van a implementar evaluaciones por subnivel, es decir, al finalizar cuarto y s\u00e9ptimo de b\u00e1sico, d\u00e9cimo a\u00f1o y tercero de bachillerato para detectar vac\u00edos en el aprendizaje.<\/p>\n<p>El nuevo curr\u00edculo es obligatorio para los<b> 12 mil 300 planteles fiscales<\/b> y los 2 900 particulares del Ecuador.<\/p>\t\t\t\t\t\t\t\t<\/div>\n\t\t\t\t<\/div>\n\t\t\t\t\t<\/div>\n\t\t<\/div>\n\t\t\t\t\t<\/div>\n\t\t<\/section>\n\t\t\t\t<section class=\"elementor-section elementor-top-section elementor-element elementor-element-c21f9c5 elementor-section-boxed elementor-section-height-default elementor-section-height-default\" data-id=\"c21f9c5\" data-element_type=\"section\" data-e-type=\"section\">\n\t\t\t\t\t\t<div class=\"elementor-container elementor-column-gap-default\">\n\t\t\t\t\t<div class=\"elementor-column elementor-col-100 elementor-top-column elementor-element elementor-element-18678c4\" data-id=\"18678c4\" data-element_type=\"column\" data-e-type=\"column\">\n\t\t\t<div class=\"elementor-widget-wrap elementor-element-populated\">\n\t\t\t\t\t\t<div class=\"elementor-element elementor-element-381417c elementor-headline--style-highlight elementor-widget elementor-widget-animated-headline\" data-id=\"381417c\" data-element_type=\"widget\" data-e-type=\"widget\" data-settings=\"{&quot;highlighted_text&quot;:&quot;reporta Ecuavisa&quot;,&quot;headline_style&quot;:&quot;highlight&quot;,&quot;marker&quot;:&quot;circle&quot;,&quot;loop&quot;:&quot;yes&quot;,&quot;highlight_animation_duration&quot;:1200,&quot;highlight_iteration_delay&quot;:8000}\" data-widget_type=\"animated-headline.default\">\n\t\t\t\t<div class=\"elementor-widget-container\">\n\t\t\t\t\t\t\t\t<a href=\"https:\/\/www.ecuavisa.com\/noticias\/ecuador\/ciclo-escolar-2024-2025-ecuador-malla-curricular-CE6350848\" target=\"_blank\">\n\n\t\t\t\t\t<p class=\"elementor-headline\">\n\t\t\t\t\t<span class=\"elementor-headline-plain-text elementor-headline-text-wrapper\">Fuente:<\/span>\n\t\t\t\t<span class=\"elementor-headline-dynamic-wrapper elementor-headline-text-wrapper\">\n\t\t\t\t\t<span class=\"elementor-headline-dynamic-text elementor-headline-text-active\">reporta Ecuavisa<\/span>\n\t\t\t\t<\/span>\n\t\t\t\t<\/p>\n\t\t<\/a>\t\t\t\t<\/div>\n\t\t\t\t<\/div>\n\t\t\t\t\t<\/div>\n\t\t<\/div>\n\t\t\t\t\t<\/div>\n\t\t<\/section>\n\t\t\t\t<\/div>\n\t\t","protected":false},"excerpt":{"rendered":"<p>La nueva malla curricular del Sistema Nacional de Educaci\u00f3n en Ecuador, que estar\u00e1 vigente para el a\u00f1o 2024-2025, tendr\u00e1 materias de C\u00edvica, \u00c9tica y Ciudadan\u00eda en las aulas de los planteles educativos, luego de siete a\u00f1os. Las materias se incluir\u00e1n de forma transversal en los contenidos que toman los alumnos desde primer grado hasta tercero&hellip;<\/p>\n","protected":false},"author":1,"featured_media":69089,"comment_status":"open","ping_status":"closed","sticky":false,"template":"","format":"standard","meta":{"content-type":"","_joinchat":[],"footnotes":""},"categories":[1],"tags":[],"class_list":["post-69088","post","type-post","status-publish","format-standard","has-post-thumbnail","hentry","category-uncategorized"],"yoast_head":"<!-- This site is optimized with the Yoast SEO plugin v27.5 - https:\/\/yoast.com\/product\/yoast-seo-wordpress\/ -->\n<title>Contenidos relacionados con C\u00edvica, \u00c9tica y Ciudadan\u00eda se incluir\u00e1n en todas las materias que se impartan en el pr\u00f3ximo a\u00f1o lectivo del 2024-2025. - Santa Fe Casa de Valores S.A.<\/title>\n<meta name=\"robots\" content=\"index, follow, max-snippet:-1, max-image-preview:large, max-video-preview:-1\" \/>\n<link rel=\"canonical\" href=\"https:\/\/www.santafevalores.com\/index.php\/2023\/11\/22\/sfv20231122cuatro\/\" \/>\n<meta property=\"og:locale\" content=\"es_ES\" \/>\n<meta property=\"og:type\" content=\"article\" \/>\n<meta property=\"og:title\" content=\"Contenidos relacionados con C\u00edvica, \u00c9tica y Ciudadan\u00eda se incluir\u00e1n en todas las materias que se impartan en el pr\u00f3ximo a\u00f1o lectivo del 2024-2025. - Santa Fe Casa de Valores S.A.\" \/>\n<meta property=\"og:description\" content=\"La nueva malla curricular del Sistema Nacional de Educaci\u00f3n en Ecuador, que estar\u00e1 vigente para el a\u00f1o 2024-2025, tendr\u00e1 materias de C\u00edvica, \u00c9tica y Ciudadan\u00eda en las aulas de los planteles educativos, luego de siete a\u00f1os. Las materias se incluir\u00e1n de forma transversal en los contenidos que toman los alumnos desde primer grado hasta tercero&hellip;\" \/>\n<meta property=\"og:url\" content=\"https:\/\/www.santafevalores.com\/index.php\/2023\/11\/22\/sfv20231122cuatro\/\" \/>\n<meta property=\"og:site_name\" content=\"Santa Fe Casa de Valores S.A.\" \/>\n<meta property=\"article:publisher\" content=\"https:\/\/www.facebook.com\/santafevalores\/\" \/>\n<meta property=\"article:published_time\" content=\"2023-11-22T16:14:51+00:00\" \/>\n<meta property=\"article:modified_time\" content=\"2023-11-27T18:02:29+00:00\" \/>\n<meta property=\"og:image\" content=\"https:\/\/www.santafevalores.com\/wp-content\/uploads\/2023\/11\/A120231122.webp\" \/>\n\t<meta property=\"og:image:width\" content=\"1293\" \/>\n\t<meta property=\"og:image:height\" content=\"687\" \/>\n\t<meta property=\"og:image:type\" content=\"image\/webp\" \/>\n<meta name=\"author\" content=\"admin\" \/>\n<meta name=\"twitter:card\" content=\"summary_large_image\" \/>\n<meta name=\"twitter:image\" content=\"https:\/\/www.santafevalores.com\/wp-content\/uploads\/2023\/11\/A120231122.webp\" \/>\n<meta name=\"twitter:creator\" content=\"@SantaFeValores\" \/>\n<meta name=\"twitter:site\" content=\"@SantaFeValores\" \/>\n<meta name=\"twitter:label1\" content=\"Escrito por\" \/>\n\t<meta name=\"twitter:data1\" content=\"admin\" \/>\n\t<meta name=\"twitter:label2\" content=\"Tiempo de lectura\" \/>\n\t<meta name=\"twitter:data2\" content=\"2 minutos\" \/>\n<script type=\"application\/ld+json\" class=\"yoast-schema-graph\">{\"@context\":\"https:\\\/\\\/schema.org\",\"@graph\":[{\"@type\":\"Article\",\"@id\":\"https:\\\/\\\/www.santafevalores.com\\\/index.php\\\/2023\\\/11\\\/22\\\/sfv20231122cuatro\\\/#article\",\"isPartOf\":{\"@id\":\"https:\\\/\\\/www.santafevalores.com\\\/index.php\\\/2023\\\/11\\\/22\\\/sfv20231122cuatro\\\/\"},\"author\":{\"name\":\"admin\",\"@id\":\"https:\\\/\\\/www.santafevalores.com\\\/#\\\/schema\\\/person\\\/d965a42370507d0a1638e69158bb5835\"},\"headline\":\"Contenidos relacionados con C\u00edvica, \u00c9tica y Ciudadan\u00eda se incluir\u00e1n en todas las materias que se impartan en el pr\u00f3ximo a\u00f1o lectivo del 2024-2025.\",\"datePublished\":\"2023-11-22T16:14:51+00:00\",\"dateModified\":\"2023-11-27T18:02:29+00:00\",\"mainEntityOfPage\":{\"@id\":\"https:\\\/\\\/www.santafevalores.com\\\/index.php\\\/2023\\\/11\\\/22\\\/sfv20231122cuatro\\\/\"},\"wordCount\":331,\"commentCount\":0,\"publisher\":{\"@id\":\"https:\\\/\\\/www.santafevalores.com\\\/#organization\"},\"image\":{\"@id\":\"https:\\\/\\\/www.santafevalores.com\\\/index.php\\\/2023\\\/11\\\/22\\\/sfv20231122cuatro\\\/#primaryimage\"},\"thumbnailUrl\":\"https:\\\/\\\/www.santafevalores.com\\\/wp-content\\\/uploads\\\/2023\\\/11\\\/A120231122.webp\",\"articleSection\":[\"Uncategorized\"],\"inLanguage\":\"es\",\"potentialAction\":[{\"@type\":\"CommentAction\",\"name\":\"Comment\",\"target\":[\"https:\\\/\\\/www.santafevalores.com\\\/index.php\\\/2023\\\/11\\\/22\\\/sfv20231122cuatro\\\/#respond\"]}]},{\"@type\":\"WebPage\",\"@id\":\"https:\\\/\\\/www.santafevalores.com\\\/index.php\\\/2023\\\/11\\\/22\\\/sfv20231122cuatro\\\/\",\"url\":\"https:\\\/\\\/www.santafevalores.com\\\/index.php\\\/2023\\\/11\\\/22\\\/sfv20231122cuatro\\\/\",\"name\":\"Contenidos relacionados con C\u00edvica, \u00c9tica y Ciudadan\u00eda se incluir\u00e1n en todas las materias que se impartan en el pr\u00f3ximo a\u00f1o lectivo del 2024-2025. - Santa Fe Casa de Valores S.A.\",\"isPartOf\":{\"@id\":\"https:\\\/\\\/www.santafevalores.com\\\/#website\"},\"primaryImageOfPage\":{\"@id\":\"https:\\\/\\\/www.santafevalores.com\\\/index.php\\\/2023\\\/11\\\/22\\\/sfv20231122cuatro\\\/#primaryimage\"},\"image\":{\"@id\":\"https:\\\/\\\/www.santafevalores.com\\\/index.php\\\/2023\\\/11\\\/22\\\/sfv20231122cuatro\\\/#primaryimage\"},\"thumbnailUrl\":\"https:\\\/\\\/www.santafevalores.com\\\/wp-content\\\/uploads\\\/2023\\\/11\\\/A120231122.webp\",\"datePublished\":\"2023-11-22T16:14:51+00:00\",\"dateModified\":\"2023-11-27T18:02:29+00:00\",\"breadcrumb\":{\"@id\":\"https:\\\/\\\/www.santafevalores.com\\\/index.php\\\/2023\\\/11\\\/22\\\/sfv20231122cuatro\\\/#breadcrumb\"},\"inLanguage\":\"es\",\"potentialAction\":[{\"@type\":\"ReadAction\",\"target\":[\"https:\\\/\\\/www.santafevalores.com\\\/index.php\\\/2023\\\/11\\\/22\\\/sfv20231122cuatro\\\/\"]}]},{\"@type\":\"ImageObject\",\"inLanguage\":\"es\",\"@id\":\"https:\\\/\\\/www.santafevalores.com\\\/index.php\\\/2023\\\/11\\\/22\\\/sfv20231122cuatro\\\/#primaryimage\",\"url\":\"https:\\\/\\\/www.santafevalores.com\\\/wp-content\\\/uploads\\\/2023\\\/11\\\/A120231122.webp\",\"contentUrl\":\"https:\\\/\\\/www.santafevalores.com\\\/wp-content\\\/uploads\\\/2023\\\/11\\\/A120231122.webp\",\"width\":1293,\"height\":687},{\"@type\":\"BreadcrumbList\",\"@id\":\"https:\\\/\\\/www.santafevalores.com\\\/index.php\\\/2023\\\/11\\\/22\\\/sfv20231122cuatro\\\/#breadcrumb\",\"itemListElement\":[{\"@type\":\"ListItem\",\"position\":1,\"name\":\"Portada\",\"item\":\"https:\\\/\\\/www.santafevalores.com\\\/\"},{\"@type\":\"ListItem\",\"position\":2,\"name\":\"Contenidos relacionados con C\u00edvica, \u00c9tica y Ciudadan\u00eda se incluir\u00e1n en todas las materias que se impartan en el pr\u00f3ximo a\u00f1o lectivo del 2024-2025.\"}]},{\"@type\":\"WebSite\",\"@id\":\"https:\\\/\\\/www.santafevalores.com\\\/#website\",\"url\":\"https:\\\/\\\/www.santafevalores.com\\\/\",\"name\":\"Santa Fe Casa de Valores S.A.\",\"description\":\"\",\"publisher\":{\"@id\":\"https:\\\/\\\/www.santafevalores.com\\\/#organization\"},\"potentialAction\":[{\"@type\":\"SearchAction\",\"target\":{\"@type\":\"EntryPoint\",\"urlTemplate\":\"https:\\\/\\\/www.santafevalores.com\\\/?s={search_term_string}\"},\"query-input\":{\"@type\":\"PropertyValueSpecification\",\"valueRequired\":true,\"valueName\":\"search_term_string\"}}],\"inLanguage\":\"es\"},{\"@type\":\"Organization\",\"@id\":\"https:\\\/\\\/www.santafevalores.com\\\/#organization\",\"name\":\"Santa Fe Casa de Valores S.A.\",\"alternateName\":\"SANTAFEVALORES\",\"url\":\"https:\\\/\\\/www.santafevalores.com\\\/\",\"logo\":{\"@type\":\"ImageObject\",\"inLanguage\":\"es\",\"@id\":\"https:\\\/\\\/www.santafevalores.com\\\/#\\\/schema\\\/logo\\\/image\\\/\",\"url\":\"https:\\\/\\\/www.santafevalores.com\\\/wp-content\\\/uploads\\\/2022\\\/06\\\/logo1.png\",\"contentUrl\":\"https:\\\/\\\/www.santafevalores.com\\\/wp-content\\\/uploads\\\/2022\\\/06\\\/logo1.png\",\"width\":235,\"height\":71,\"caption\":\"Santa Fe Casa de Valores S.A.\"},\"image\":{\"@id\":\"https:\\\/\\\/www.santafevalores.com\\\/#\\\/schema\\\/logo\\\/image\\\/\"},\"sameAs\":[\"https:\\\/\\\/www.facebook.com\\\/santafevalores\\\/\",\"https:\\\/\\\/x.com\\\/SantaFeValores\"]},{\"@type\":\"Person\",\"@id\":\"https:\\\/\\\/www.santafevalores.com\\\/#\\\/schema\\\/person\\\/d965a42370507d0a1638e69158bb5835\",\"name\":\"admin\",\"image\":{\"@type\":\"ImageObject\",\"inLanguage\":\"es\",\"@id\":\"https:\\\/\\\/secure.gravatar.com\\\/avatar\\\/97ec7f9eb6068ddac59d3806ca0034c167fce748f524adcfad8629911220756f?s=96&d=mm&r=g\",\"url\":\"https:\\\/\\\/secure.gravatar.com\\\/avatar\\\/97ec7f9eb6068ddac59d3806ca0034c167fce748f524adcfad8629911220756f?s=96&d=mm&r=g\",\"contentUrl\":\"https:\\\/\\\/secure.gravatar.com\\\/avatar\\\/97ec7f9eb6068ddac59d3806ca0034c167fce748f524adcfad8629911220756f?s=96&d=mm&r=g\",\"caption\":\"admin\"},\"sameAs\":[\"https:\\\/\\\/www.santafevalores.com\"],\"url\":\"https:\\\/\\\/www.santafevalores.com\\\/index.php\\\/author\\\/santafevaloresuio_ggv0vv79\\\/\"}]}<\/script>\n<!-- \/ Yoast SEO plugin. -->","yoast_head_json":{"title":"Contenidos relacionados con C\u00edvica, \u00c9tica y Ciudadan\u00eda se incluir\u00e1n en todas las materias que se impartan en el pr\u00f3ximo a\u00f1o lectivo del 2024-2025. - Santa Fe Casa de Valores S.A.","robots":{"index":"index","follow":"follow","max-snippet":"max-snippet:-1","max-image-preview":"max-image-preview:large","max-video-preview":"max-video-preview:-1"},"canonical":"https:\/\/www.santafevalores.com\/index.php\/2023\/11\/22\/sfv20231122cuatro\/","og_locale":"es_ES","og_type":"article","og_title":"Contenidos relacionados con C\u00edvica, \u00c9tica y Ciudadan\u00eda se incluir\u00e1n en todas las materias que se impartan en el pr\u00f3ximo a\u00f1o lectivo del 2024-2025. - Santa Fe Casa de Valores S.A.","og_description":"La nueva malla curricular del Sistema Nacional de Educaci\u00f3n en Ecuador, que estar\u00e1 vigente para el a\u00f1o 2024-2025, tendr\u00e1 materias de C\u00edvica, \u00c9tica y Ciudadan\u00eda en las aulas de los planteles educativos, luego de siete a\u00f1os. Las materias se incluir\u00e1n de forma transversal en los contenidos que toman los alumnos desde primer grado hasta tercero&hellip;","og_url":"https:\/\/www.santafevalores.com\/index.php\/2023\/11\/22\/sfv20231122cuatro\/","og_site_name":"Santa Fe Casa de Valores S.A.","article_publisher":"https:\/\/www.facebook.com\/santafevalores\/","article_published_time":"2023-11-22T16:14:51+00:00","article_modified_time":"2023-11-27T18:02:29+00:00","og_image":[{"width":1293,"height":687,"url":"https:\/\/www.santafevalores.com\/wp-content\/uploads\/2023\/11\/A120231122.webp","type":"image\/webp"}],"author":"admin","twitter_card":"summary_large_image","twitter_image":"https:\/\/www.santafevalores.com\/wp-content\/uploads\/2023\/11\/A120231122.webp","twitter_creator":"@SantaFeValores","twitter_site":"@SantaFeValores","twitter_misc":{"Escrito por":"admin","Tiempo de lectura":"2 minutos"},"schema":{"@context":"https:\/\/schema.org","@graph":[{"@type":"Article","@id":"https:\/\/www.santafevalores.com\/index.php\/2023\/11\/22\/sfv20231122cuatro\/#article","isPartOf":{"@id":"https:\/\/www.santafevalores.com\/index.php\/2023\/11\/22\/sfv20231122cuatro\/"},"author":{"name":"admin","@id":"https:\/\/www.santafevalores.com\/#\/schema\/person\/d965a42370507d0a1638e69158bb5835"},"headline":"Contenidos relacionados con C\u00edvica, \u00c9tica y Ciudadan\u00eda se incluir\u00e1n en todas las materias que se impartan en el pr\u00f3ximo a\u00f1o lectivo del 2024-2025.","datePublished":"2023-11-22T16:14:51+00:00","dateModified":"2023-11-27T18:02:29+00:00","mainEntityOfPage":{"@id":"https:\/\/www.santafevalores.com\/index.php\/2023\/11\/22\/sfv20231122cuatro\/"},"wordCount":331,"commentCount":0,"publisher":{"@id":"https:\/\/www.santafevalores.com\/#organization"},"image":{"@id":"https:\/\/www.santafevalores.com\/index.php\/2023\/11\/22\/sfv20231122cuatro\/#primaryimage"},"thumbnailUrl":"https:\/\/www.santafevalores.com\/wp-content\/uploads\/2023\/11\/A120231122.webp","articleSection":["Uncategorized"],"inLanguage":"es","potentialAction":[{"@type":"CommentAction","name":"Comment","target":["https:\/\/www.santafevalores.com\/index.php\/2023\/11\/22\/sfv20231122cuatro\/#respond"]}]},{"@type":"WebPage","@id":"https:\/\/www.santafevalores.com\/index.php\/2023\/11\/22\/sfv20231122cuatro\/","url":"https:\/\/www.santafevalores.com\/index.php\/2023\/11\/22\/sfv20231122cuatro\/","name":"Contenidos relacionados con C\u00edvica, \u00c9tica y Ciudadan\u00eda se incluir\u00e1n en todas las materias que se impartan en el pr\u00f3ximo a\u00f1o lectivo del 2024-2025. - Santa Fe Casa de Valores S.A.","isPartOf":{"@id":"https:\/\/www.santafevalores.com\/#website"},"primaryImageOfPage":{"@id":"https:\/\/www.santafevalores.com\/index.php\/2023\/11\/22\/sfv20231122cuatro\/#primaryimage"},"image":{"@id":"https:\/\/www.santafevalores.com\/index.php\/2023\/11\/22\/sfv20231122cuatro\/#primaryimage"},"thumbnailUrl":"https:\/\/www.santafevalores.com\/wp-content\/uploads\/2023\/11\/A120231122.webp","datePublished":"2023-11-22T16:14:51+00:00","dateModified":"2023-11-27T18:02:29+00:00","breadcrumb":{"@id":"https:\/\/www.santafevalores.com\/index.php\/2023\/11\/22\/sfv20231122cuatro\/#breadcrumb"},"inLanguage":"es","potentialAction":[{"@type":"ReadAction","target":["https:\/\/www.santafevalores.com\/index.php\/2023\/11\/22\/sfv20231122cuatro\/"]}]},{"@type":"ImageObject","inLanguage":"es","@id":"https:\/\/www.santafevalores.com\/index.php\/2023\/11\/22\/sfv20231122cuatro\/#primaryimage","url":"https:\/\/www.santafevalores.com\/wp-content\/uploads\/2023\/11\/A120231122.webp","contentUrl":"https:\/\/www.santafevalores.com\/wp-content\/uploads\/2023\/11\/A120231122.webp","width":1293,"height":687},{"@type":"BreadcrumbList","@id":"https:\/\/www.santafevalores.com\/index.php\/2023\/11\/22\/sfv20231122cuatro\/#breadcrumb","itemListElement":[{"@type":"ListItem","position":1,"name":"Portada","item":"https:\/\/www.santafevalores.com\/"},{"@type":"ListItem","position":2,"name":"Contenidos relacionados con C\u00edvica, \u00c9tica y Ciudadan\u00eda se incluir\u00e1n en todas las materias que se impartan en el pr\u00f3ximo a\u00f1o lectivo del 2024-2025."}]},{"@type":"WebSite","@id":"https:\/\/www.santafevalores.com\/#website","url":"https:\/\/www.santafevalores.com\/","name":"Santa Fe Casa de Valores S.A.","description":"","publisher":{"@id":"https:\/\/www.santafevalores.com\/#organization"},"potentialAction":[{"@type":"SearchAction","target":{"@type":"EntryPoint","urlTemplate":"https:\/\/www.santafevalores.com\/?s={search_term_string}"},"query-input":{"@type":"PropertyValueSpecification","valueRequired":true,"valueName":"search_term_string"}}],"inLanguage":"es"},{"@type":"Organization","@id":"https:\/\/www.santafevalores.com\/#organization","name":"Santa Fe Casa de Valores S.A.","alternateName":"SANTAFEVALORES","url":"https:\/\/www.santafevalores.com\/","logo":{"@type":"ImageObject","inLanguage":"es","@id":"https:\/\/www.santafevalores.com\/#\/schema\/logo\/image\/","url":"https:\/\/www.santafevalores.com\/wp-content\/uploads\/2022\/06\/logo1.png","contentUrl":"https:\/\/www.santafevalores.com\/wp-content\/uploads\/2022\/06\/logo1.png","width":235,"height":71,"caption":"Santa Fe Casa de Valores S.A."},"image":{"@id":"https:\/\/www.santafevalores.com\/#\/schema\/logo\/image\/"},"sameAs":["https:\/\/www.facebook.com\/santafevalores\/","https:\/\/x.com\/SantaFeValores"]},{"@type":"Person","@id":"https:\/\/www.santafevalores.com\/#\/schema\/person\/d965a42370507d0a1638e69158bb5835","name":"admin","image":{"@type":"ImageObject","inLanguage":"es","@id":"https:\/\/secure.gravatar.com\/avatar\/97ec7f9eb6068ddac59d3806ca0034c167fce748f524adcfad8629911220756f?s=96&d=mm&r=g","url":"https:\/\/secure.gravatar.com\/avatar\/97ec7f9eb6068ddac59d3806ca0034c167fce748f524adcfad8629911220756f?s=96&d=mm&r=g","contentUrl":"https:\/\/secure.gravatar.com\/avatar\/97ec7f9eb6068ddac59d3806ca0034c167fce748f524adcfad8629911220756f?s=96&d=mm&r=g","caption":"admin"},"sameAs":["https:\/\/www.santafevalores.com"],"url":"https:\/\/www.santafevalores.com\/index.php\/author\/santafevaloresuio_ggv0vv79\/"}]}},"_links":{"self":[{"href":"https:\/\/www.santafevalores.com\/index.php\/wp-json\/wp\/v2\/posts\/69088","targetHints":{"allow":["GET"]}}],"collection":[{"href":"https:\/\/www.santafevalores.com\/index.php\/wp-json\/wp\/v2\/posts"}],"about":[{"href":"https:\/\/www.santafevalores.com\/index.php\/wp-json\/wp\/v2\/types\/post"}],"author":[{"embeddable":true,"href":"https:\/\/www.santafevalores.com\/index.php\/wp-json\/wp\/v2\/users\/1"}],"replies":[{"embeddable":true,"href":"https:\/\/www.santafevalores.com\/index.php\/wp-json\/wp\/v2\/comments?post=69088"}],"version-history":[{"count":5,"href":"https:\/\/www.santafevalores.com\/index.php\/wp-json\/wp\/v2\/posts\/69088\/revisions"}],"predecessor-version":[{"id":69094,"href":"https:\/\/www.santafevalores.com\/index.php\/wp-json\/wp\/v2\/posts\/69088\/revisions\/69094"}],"wp:featuredmedia":[{"embeddable":true,"href":"https:\/\/www.santafevalores.com\/index.php\/wp-json\/wp\/v2\/media\/69089"}],"wp:attachment":[{"href":"https:\/\/www.santafevalores.com\/index.php\/wp-json\/wp\/v2\/media?parent=69088"}],"wp:term":[{"taxonomy":"category","embeddable":true,"href":"https:\/\/www.santafevalores.com\/index.php\/wp-json\/wp\/v2\/categories?post=69088"},{"taxonomy":"post_tag","embeddable":true,"href":"https:\/\/www.santafevalores.com\/index.php\/wp-json\/wp\/v2\/tags?post=69088"}],"curies":[{"name":"wp","href":"https:\/\/api.w.org\/{rel}","templated":true}]}}