{"id":69615,"date":"2024-01-18T17:24:22","date_gmt":"2024-01-18T22:24:22","guid":{"rendered":"https:\/\/www.santafevalores.com\/?p=69615"},"modified":"2024-01-18T17:55:27","modified_gmt":"2024-01-18T22:55:27","slug":"sfv20240118tres","status":"publish","type":"post","link":"https:\/\/www.santafevalores.com\/index.php\/2024\/01\/18\/sfv20240118tres\/","title":{"rendered":"La econom\u00eda mundial va camino a registrar su peor desempe\u00f1o de las \u00faltimas tres d\u00e9cadas para un per\u00edodo de cinco a\u00f1os"},"content":{"rendered":"\t\t<div data-elementor-type=\"wp-post\" data-elementor-id=\"69615\" class=\"elementor elementor-69615\" data-elementor-post-type=\"post\">\n\t\t\t\t\t\t<section class=\"elementor-section elementor-top-section elementor-element elementor-element-0f07237 elementor-section-boxed elementor-section-height-default elementor-section-height-default\" data-id=\"0f07237\" data-element_type=\"section\" data-e-type=\"section\">\n\t\t\t\t\t\t<div class=\"elementor-container elementor-column-gap-default\">\n\t\t\t\t\t<div class=\"elementor-column elementor-col-100 elementor-top-column elementor-element elementor-element-13f8442\" data-id=\"13f8442\" data-element_type=\"column\" data-e-type=\"column\">\n\t\t\t<div class=\"elementor-widget-wrap elementor-element-populated\">\n\t\t\t\t\t\t<div class=\"elementor-element elementor-element-b0c817b elementor-widget elementor-widget-image\" data-id=\"b0c817b\" data-element_type=\"widget\" data-e-type=\"widget\" data-widget_type=\"image.default\">\n\t\t\t\t<div class=\"elementor-widget-container\">\n\t\t\t\t\t\t\t\t\t\t\t\t\t\t\t<img fetchpriority=\"high\" decoding=\"async\" width=\"1024\" height=\"689\" src=\"https:\/\/www.santafevalores.com\/wp-content\/uploads\/2024\/01\/SFV1NOTDOS2-1024x689.jpg\" class=\"attachment-large size-large wp-image-69614\" alt=\"\" srcset=\"https:\/\/www.santafevalores.com\/wp-content\/uploads\/2024\/01\/SFV1NOTDOS2-1024x689.jpg 1024w, https:\/\/www.santafevalores.com\/wp-content\/uploads\/2024\/01\/SFV1NOTDOS2-300x202.jpg 300w, https:\/\/www.santafevalores.com\/wp-content\/uploads\/2024\/01\/SFV1NOTDOS2-768x517.jpg 768w, https:\/\/www.santafevalores.com\/wp-content\/uploads\/2024\/01\/SFV1NOTDOS2.jpg 1340w\" sizes=\"(max-width: 1024px) 100vw, 1024px\" \/>\t\t\t\t\t\t\t\t\t\t\t\t\t\t\t<\/div>\n\t\t\t\t<\/div>\n\t\t\t\t\t<\/div>\n\t\t<\/div>\n\t\t\t\t\t<\/div>\n\t\t<\/section>\n\t\t\t\t<section class=\"elementor-section elementor-top-section elementor-element elementor-element-ceb0eb5 elementor-section-boxed elementor-section-height-default elementor-section-height-default\" data-id=\"ceb0eb5\" data-element_type=\"section\" data-e-type=\"section\">\n\t\t\t\t\t\t<div class=\"elementor-container elementor-column-gap-default\">\n\t\t\t\t\t<div class=\"elementor-column elementor-col-100 elementor-top-column elementor-element elementor-element-8282d72\" data-id=\"8282d72\" data-element_type=\"column\" data-e-type=\"column\">\n\t\t\t<div class=\"elementor-widget-wrap elementor-element-populated\">\n\t\t\t\t\t\t<div class=\"elementor-element elementor-element-3b54d5e elementor-widget elementor-widget-text-editor\" data-id=\"3b54d5e\" data-element_type=\"widget\" data-e-type=\"widget\" data-widget_type=\"text-editor.default\">\n\t\t\t\t<div class=\"elementor-widget-container\">\n\t\t\t\t\t\t\t\t\t<p><b>WASHINGTON, 9 de enero de 2024.<\/b> Seg\u00fan la edici\u00f3n m\u00e1s reciente del informe Perspectivas econ\u00f3micas mundiales del Banco Mundial, a medida que el mundo se acerca al punto medio de lo que se esperaba que fuera una d\u00e9cada transformadora para el desarrollo, la econom\u00eda mundial est\u00e1 pr\u00f3xima a batir un lamentable r\u00e9cord a fines de 2024: los cinco a\u00f1os con el menor crecimiento del producto interno bruto de las \u00faltimas tres d\u00e9cadas.<\/p>\n<p>Conforme a un posible criterio, la econom\u00eda mundial est\u00e1 en mejor situaci\u00f3n que hace un a\u00f1o: el riesgo de una recesi\u00f3n mundial ha disminuido, en gran parte debido a la fortaleza de la econom\u00eda de Estados Unidos. Pero las crecientes tensiones geopol\u00edticas podr\u00edan crear nuevos peligros a corto plazo para la econom\u00eda mundial. Al mismo tiempo, las perspectivas a mediano plazo de muchas econom\u00edas en desarrollo se han ensombrecido en medio de la desaceleraci\u00f3n del crecimiento en la mayor\u00eda de las principales econom\u00edas, la lentitud del comercio mundial y las condiciones financieras m\u00e1s restrictivas de las \u00faltimas d\u00e9cadas. Se prev\u00e9 que en 2024 el crecimiento del comercio mundial ser\u00e1 solo la mitad del promedio registrado en la d\u00e9cada anterior a la pandemia. Asimismo, es probable que los costos de endeudamiento para las econom\u00edas en desarrollo \u2014sobre todo las que tienen malas calificaciones crediticias\u2014 sigan siendo elevados, puesto que las tasas de inter\u00e9s mundiales se estancaron en niveles m\u00e1ximos de cuatro d\u00e9cadas en t\u00e9rminos ajustados por inflaci\u00f3n.<\/p>\n<p>Se prev\u00e9 que el crecimiento mundial se desacelerar\u00e1 por tercer a\u00f1o consecutivo, y pasar\u00e1 del 2,6 % registrado el a\u00f1o pasado al 2,4% en 2024, esto es, casi tres cuartos de punto porcentual por debajo del promedio de la d\u00e9cada de 2010. Seg\u00fan las proyecciones, las econom\u00edas en desarrollo crecer\u00e1n solo un 3,9 %, m\u00e1s de un punto porcentual por debajo del promedio registrado en la d\u00e9cada anterior. Luego de mostrar un desempe\u00f1o decepcionante el a\u00f1o pasado, los pa\u00edses de ingreso bajo crecer\u00e1n un 5,5 %, menos de lo esperado. A finales de 2024, la poblaci\u00f3n de aproximadamente uno de cada cuatro pa\u00edses en desarrollo y alrededor del 40 % de los pa\u00edses de ingreso bajo seguir\u00e1 siendo m\u00e1s pobre de lo que era antes de la pandemia de COVID-19. En las econom\u00edas avanzadas, por su parte, se prev\u00e9 que en 2024 el crecimiento se desacelerar\u00e1 y pasar\u00e1 del 1,5 % registrado en 2023 al 1,2 %.<\/p>\n<p>\u201cSin una correcci\u00f3n importante del rumbo, la d\u00e9cada de 2020 pasar\u00e1 a la historia como una d\u00e9cada de oportunidades desperdiciadas\u201d, declar\u00f3 <b>Indermit Gill, economista en jefe y vicepresidente s\u00e9nior del Grupo Banco Mundial.<\/b> \u201cEl crecimiento a corto plazo seguir\u00e1 siendo d\u00e9bil y llevar\u00e1 a que muchos pa\u00edses en desarrollo, sobre todo los m\u00e1s pobres, caigan en una trampa: con niveles paralizantes de deuda y un acceso precario a los alimentos para casi una de cada tres personas. Ello obstaculizar\u00e1 los avances en muchas prioridades mundiales. Todav\u00eda existen oportunidades para cambiar el rumbo. En este informe se ofrece un camino claro a seguir: se detalla la transformaci\u00f3n que se puede lograr si los Gobiernos act\u00faan ahora para acelerar la inversi\u00f3n y fortalecer los marcos de pol\u00edtica fiscal\u201d.<\/p>\n<p>Para abordar el cambio clim\u00e1tico y alcanzar otros objetivos clave de desarrollo mundial para 2030, los pa\u00edses en desarrollo deber\u00e1n aumentar considerablemente la inversi\u00f3n en unos USD 2,4 billones al a\u00f1o. Sin un paquete integral de pol\u00edticas, las perspectivas para un aumento de esa magnitud no son prometedoras. Se espera que entre 2023 y 2024 la inversi\u00f3n per c\u00e1pita de las econom\u00edas en desarrollo crezca, en promedio, apenas un 3,7 %, poco m\u00e1s de la mitad de la tasa de crecimiento de las dos d\u00e9cadas anteriores.<\/p>\n<p>El informe ofrece el primer an\u00e1lisis mundial de lo que se necesitar\u00e1 para generar un auge sostenido de la inversi\u00f3n, bas\u00e1ndose en la experiencia de 35 econom\u00edas avanzadas y 69 econom\u00edas en desarrollo acumulada durante los \u00faltimos 70 a\u00f1os. En \u00e9l se concluye que las econom\u00edas en desarrollo a menudo obtienen ganancias econ\u00f3micas inesperadas cuando aceleran el crecimiento de la inversi\u00f3n per c\u00e1pita a por lo menos el 4 % y lo mantienen durante seis a\u00f1os o m\u00e1s: el ritmo de convergencia con los niveles de ingreso de las econom\u00edas avanzadas se acelera, la tasa de pobreza disminuye m\u00e1s r\u00e1pidamente y el crecimiento de la productividad se cuadruplica. Durante estos auges tambi\u00e9n se materializan otros beneficios: entre otras cosas, la inflaci\u00f3n cae, las posiciones fiscales y externas mejoran y el acceso de las personas a internet se ampl\u00eda r\u00e1pidamente.<\/p>\n<p>\u201cLos auges de inversi\u00f3n tienen el potencial de transformar las econom\u00edas en desarrollo y ayudarlas a acelerar la transici\u00f3n energ\u00e9tica y alcanzar una amplia variedad de objetivos de desarrollo\u201d, <b>se\u00f1al\u00f3 Ayhan Kose, economista en jefe adjunto y director del Grupo de Perspectivas del Banco Mundial.<\/b> \u201cPara impulsar estos auges, las econom\u00edas en desarrollo deben implementar paquetes de pol\u00edticas integrales destinados a mejorar los marcos fiscales y monetarios, expandir el comercio transfronterizo y los flujos financieros, mejorar el clima para la inversi\u00f3n, y fortalecer la calidad de las instituciones. Es un trabajo arduo, pero muchas econom\u00edas en desarrollo han podido hacerlo. Lograr nuevamente ese objetivo ayudar\u00e1 a mitigar la desaceleraci\u00f3n del crecimiento prevista para el resto de esta d\u00e9cada\u201d.<\/p>\n<p>En la \u00faltima edici\u00f3n de Perspectivas econ\u00f3micas mundiales tambi\u00e9n se se\u00f1ala lo que dos tercios de los pa\u00edses en desarrollo \u2014en particular los exportadores de productos b\u00e1sicos\u2014 pueden hacer para evitar ciclos de auge y ca\u00edda. Se concluye que los Gobiernos de estos pa\u00edses suelen adoptar pol\u00edticas fiscales que intensifican los auges y las ca\u00eddas. Cuando los aumentos de los precios de los productos b\u00e1sicos generan un crecimiento de 1 punto porcentual, por ejemplo, los Gobiernos aumentan el gasto de manera tal de generar 0,2 puntos porcentuales de crecimiento adicionales. En general, en \u00e9pocas de bonanza, la pol\u00edtica fiscal tiende a sobrecalentar la econom\u00eda y, en \u00e9pocas de dificultades, profundiza la recesi\u00f3n. Esta \u201cprociclicidad\u201d es un 30 % m\u00e1s marcada en las econom\u00edas en desarrollo exportadoras de productos b\u00e1sicos que en otras econom\u00edas en desarrollo. Las pol\u00edticas fiscales tambi\u00e9n tienden a ser un 40 % m\u00e1s vol\u00e1tiles en estas econom\u00edas que en otras econom\u00edas en desarrollo.<\/p>\n<p>La inestabilidad asociada con una mayor prociclicidad y volatilidad de la pol\u00edtica fiscal genera un lastre cr\u00f3nico para las perspectivas de crecimiento de las econom\u00edas en desarrollo exportadoras de productos b\u00e1sicos. Dicho lastre puede reducirse estableciendo un marco fiscal que ayude a disciplinar el gasto p\u00fablico, adoptando reg\u00edmenes cambiarios flexibles y evitando restricciones al movimiento de capitales internacionales. En promedio, estas pol\u00edticas podr\u00edan ayudar a los pa\u00edses exportadores de productos b\u00e1sicos de las econom\u00edas en desarrollo a aumentar el crecimiento de su producto interno bruto per c\u00e1pita hasta 1 punto porcentual cada cuatro o cinco a\u00f1os. Los pa\u00edses tambi\u00e9n pueden beneficiarse creando fondos soberanos y otros fondos de reserva que puedan utilizarse r\u00e1pidamente en caso de emergencia.<\/p>\t\t\t\t\t\t\t\t<\/div>\n\t\t\t\t<\/div>\n\t\t\t\t\t<\/div>\n\t\t<\/div>\n\t\t\t\t\t<\/div>\n\t\t<\/section>\n\t\t\t\t<section class=\"elementor-section elementor-top-section elementor-element elementor-element-f94ce0d elementor-section-boxed elementor-section-height-default elementor-section-height-default\" data-id=\"f94ce0d\" data-element_type=\"section\" data-e-type=\"section\">\n\t\t\t\t\t\t<div class=\"elementor-container elementor-column-gap-default\">\n\t\t\t\t\t<div class=\"elementor-column elementor-col-100 elementor-top-column elementor-element elementor-element-102660c\" data-id=\"102660c\" data-element_type=\"column\" data-e-type=\"column\">\n\t\t\t<div class=\"elementor-widget-wrap elementor-element-populated\">\n\t\t\t\t\t\t<div class=\"elementor-element elementor-element-666e7b1 elementor-headline--style-highlight elementor-widget elementor-widget-animated-headline\" data-id=\"666e7b1\" data-element_type=\"widget\" data-e-type=\"widget\" data-settings=\"{&quot;highlighted_text&quot;:&quot;reporta Banco Mundial&quot;,&quot;headline_style&quot;:&quot;highlight&quot;,&quot;marker&quot;:&quot;circle&quot;,&quot;loop&quot;:&quot;yes&quot;,&quot;highlight_animation_duration&quot;:1200,&quot;highlight_iteration_delay&quot;:8000}\" data-widget_type=\"animated-headline.default\">\n\t\t\t\t<div class=\"elementor-widget-container\">\n\t\t\t\t\t\t\t\t<a href=\"https:\/\/www.bancomundial.org\/es\/news\/press-release\/2024\/01\/09\/global-economic-prospects-january-2024-press-release\" target=\"_blank\">\n\n\t\t\t\t\t<p class=\"elementor-headline\">\n\t\t\t\t\t<span class=\"elementor-headline-plain-text elementor-headline-text-wrapper\">Fuente:<\/span>\n\t\t\t\t<span class=\"elementor-headline-dynamic-wrapper elementor-headline-text-wrapper\">\n\t\t\t\t\t<span class=\"elementor-headline-dynamic-text elementor-headline-text-active\">reporta Banco Mundial<\/span>\n\t\t\t\t<\/span>\n\t\t\t\t<\/p>\n\t\t<\/a>\t\t\t\t<\/div>\n\t\t\t\t<\/div>\n\t\t\t\t\t<\/div>\n\t\t<\/div>\n\t\t\t\t\t<\/div>\n\t\t<\/section>\n\t\t\t\t<\/div>\n\t\t","protected":false},"excerpt":{"rendered":"<p>WASHINGTON, 9 de enero de 2024. Seg\u00fan la edici\u00f3n m\u00e1s reciente del informe Perspectivas econ\u00f3micas mundiales del Banco Mundial, a medida que el mundo se acerca al punto medio de lo que se esperaba que fuera una d\u00e9cada transformadora para el desarrollo, la econom\u00eda mundial est\u00e1 pr\u00f3xima a batir un lamentable r\u00e9cord a fines de&hellip;<\/p>\n","protected":false},"author":1,"featured_media":69614,"comment_status":"open","ping_status":"closed","sticky":false,"template":"","format":"standard","meta":{"content-type":"","_joinchat":[],"footnotes":""},"categories":[1],"tags":[],"class_list":["post-69615","post","type-post","status-publish","format-standard","has-post-thumbnail","hentry","category-uncategorized"],"yoast_head":"<!-- This site is optimized with the Yoast SEO plugin v27.5 - https:\/\/yoast.com\/product\/yoast-seo-wordpress\/ -->\n<title>La econom\u00eda mundial va camino a registrar su peor desempe\u00f1o de las \u00faltimas tres d\u00e9cadas para un per\u00edodo de cinco a\u00f1os - Santa Fe Casa de Valores S.A.<\/title>\n<meta name=\"robots\" content=\"index, follow, max-snippet:-1, max-image-preview:large, max-video-preview:-1\" \/>\n<link rel=\"canonical\" href=\"https:\/\/www.santafevalores.com\/index.php\/2024\/01\/18\/sfv20240118tres\/\" \/>\n<meta property=\"og:locale\" content=\"es_ES\" \/>\n<meta property=\"og:type\" content=\"article\" \/>\n<meta property=\"og:title\" content=\"La econom\u00eda mundial va camino a registrar su peor desempe\u00f1o de las \u00faltimas tres d\u00e9cadas para un per\u00edodo de cinco a\u00f1os - Santa Fe Casa de Valores S.A.\" \/>\n<meta property=\"og:description\" content=\"WASHINGTON, 9 de enero de 2024. Seg\u00fan la edici\u00f3n m\u00e1s reciente del informe Perspectivas econ\u00f3micas mundiales del Banco Mundial, a medida que el mundo se acerca al punto medio de lo que se esperaba que fuera una d\u00e9cada transformadora para el desarrollo, la econom\u00eda mundial est\u00e1 pr\u00f3xima a batir un lamentable r\u00e9cord a fines de&hellip;\" \/>\n<meta property=\"og:url\" content=\"https:\/\/www.santafevalores.com\/index.php\/2024\/01\/18\/sfv20240118tres\/\" \/>\n<meta property=\"og:site_name\" content=\"Santa Fe Casa de Valores S.A.\" \/>\n<meta property=\"article:publisher\" content=\"https:\/\/www.facebook.com\/santafevalores\/\" \/>\n<meta property=\"article:published_time\" content=\"2024-01-18T22:24:22+00:00\" \/>\n<meta property=\"article:modified_time\" content=\"2024-01-18T22:55:27+00:00\" \/>\n<meta property=\"og:image\" content=\"https:\/\/www.santafevalores.com\/wp-content\/uploads\/2024\/01\/SFV1NOTDOS2.jpg\" \/>\n\t<meta property=\"og:image:width\" content=\"1340\" \/>\n\t<meta property=\"og:image:height\" content=\"902\" \/>\n\t<meta property=\"og:image:type\" content=\"image\/jpeg\" \/>\n<meta name=\"author\" content=\"admin\" \/>\n<meta name=\"twitter:card\" content=\"summary_large_image\" \/>\n<meta name=\"twitter:creator\" content=\"@SantaFeValores\" \/>\n<meta name=\"twitter:site\" content=\"@SantaFeValores\" \/>\n<meta name=\"twitter:label1\" content=\"Escrito por\" \/>\n\t<meta name=\"twitter:data1\" content=\"admin\" \/>\n\t<meta name=\"twitter:label2\" content=\"Tiempo de lectura\" \/>\n\t<meta name=\"twitter:data2\" content=\"6 minutos\" \/>\n<script type=\"application\/ld+json\" class=\"yoast-schema-graph\">{\"@context\":\"https:\\\/\\\/schema.org\",\"@graph\":[{\"@type\":\"Article\",\"@id\":\"https:\\\/\\\/www.santafevalores.com\\\/index.php\\\/2024\\\/01\\\/18\\\/sfv20240118tres\\\/#article\",\"isPartOf\":{\"@id\":\"https:\\\/\\\/www.santafevalores.com\\\/index.php\\\/2024\\\/01\\\/18\\\/sfv20240118tres\\\/\"},\"author\":{\"name\":\"admin\",\"@id\":\"https:\\\/\\\/www.santafevalores.com\\\/#\\\/schema\\\/person\\\/d965a42370507d0a1638e69158bb5835\"},\"headline\":\"La econom\u00eda mundial va camino a registrar su peor desempe\u00f1o de las \u00faltimas tres d\u00e9cadas para un per\u00edodo de cinco a\u00f1os\",\"datePublished\":\"2024-01-18T22:24:22+00:00\",\"dateModified\":\"2024-01-18T22:55:27+00:00\",\"mainEntityOfPage\":{\"@id\":\"https:\\\/\\\/www.santafevalores.com\\\/index.php\\\/2024\\\/01\\\/18\\\/sfv20240118tres\\\/\"},\"wordCount\":1267,\"commentCount\":0,\"publisher\":{\"@id\":\"https:\\\/\\\/www.santafevalores.com\\\/#organization\"},\"image\":{\"@id\":\"https:\\\/\\\/www.santafevalores.com\\\/index.php\\\/2024\\\/01\\\/18\\\/sfv20240118tres\\\/#primaryimage\"},\"thumbnailUrl\":\"https:\\\/\\\/www.santafevalores.com\\\/wp-content\\\/uploads\\\/2024\\\/01\\\/SFV1NOTDOS2.jpg\",\"articleSection\":[\"Uncategorized\"],\"inLanguage\":\"es\",\"potentialAction\":[{\"@type\":\"CommentAction\",\"name\":\"Comment\",\"target\":[\"https:\\\/\\\/www.santafevalores.com\\\/index.php\\\/2024\\\/01\\\/18\\\/sfv20240118tres\\\/#respond\"]}]},{\"@type\":\"WebPage\",\"@id\":\"https:\\\/\\\/www.santafevalores.com\\\/index.php\\\/2024\\\/01\\\/18\\\/sfv20240118tres\\\/\",\"url\":\"https:\\\/\\\/www.santafevalores.com\\\/index.php\\\/2024\\\/01\\\/18\\\/sfv20240118tres\\\/\",\"name\":\"La econom\u00eda mundial va camino a registrar su peor desempe\u00f1o de las \u00faltimas tres d\u00e9cadas para un per\u00edodo de cinco a\u00f1os - Santa Fe Casa de Valores S.A.\",\"isPartOf\":{\"@id\":\"https:\\\/\\\/www.santafevalores.com\\\/#website\"},\"primaryImageOfPage\":{\"@id\":\"https:\\\/\\\/www.santafevalores.com\\\/index.php\\\/2024\\\/01\\\/18\\\/sfv20240118tres\\\/#primaryimage\"},\"image\":{\"@id\":\"https:\\\/\\\/www.santafevalores.com\\\/index.php\\\/2024\\\/01\\\/18\\\/sfv20240118tres\\\/#primaryimage\"},\"thumbnailUrl\":\"https:\\\/\\\/www.santafevalores.com\\\/wp-content\\\/uploads\\\/2024\\\/01\\\/SFV1NOTDOS2.jpg\",\"datePublished\":\"2024-01-18T22:24:22+00:00\",\"dateModified\":\"2024-01-18T22:55:27+00:00\",\"breadcrumb\":{\"@id\":\"https:\\\/\\\/www.santafevalores.com\\\/index.php\\\/2024\\\/01\\\/18\\\/sfv20240118tres\\\/#breadcrumb\"},\"inLanguage\":\"es\",\"potentialAction\":[{\"@type\":\"ReadAction\",\"target\":[\"https:\\\/\\\/www.santafevalores.com\\\/index.php\\\/2024\\\/01\\\/18\\\/sfv20240118tres\\\/\"]}]},{\"@type\":\"ImageObject\",\"inLanguage\":\"es\",\"@id\":\"https:\\\/\\\/www.santafevalores.com\\\/index.php\\\/2024\\\/01\\\/18\\\/sfv20240118tres\\\/#primaryimage\",\"url\":\"https:\\\/\\\/www.santafevalores.com\\\/wp-content\\\/uploads\\\/2024\\\/01\\\/SFV1NOTDOS2.jpg\",\"contentUrl\":\"https:\\\/\\\/www.santafevalores.com\\\/wp-content\\\/uploads\\\/2024\\\/01\\\/SFV1NOTDOS2.jpg\",\"width\":1340,\"height\":902},{\"@type\":\"BreadcrumbList\",\"@id\":\"https:\\\/\\\/www.santafevalores.com\\\/index.php\\\/2024\\\/01\\\/18\\\/sfv20240118tres\\\/#breadcrumb\",\"itemListElement\":[{\"@type\":\"ListItem\",\"position\":1,\"name\":\"Portada\",\"item\":\"https:\\\/\\\/www.santafevalores.com\\\/\"},{\"@type\":\"ListItem\",\"position\":2,\"name\":\"La econom\u00eda mundial va camino a registrar su peor desempe\u00f1o de las \u00faltimas tres d\u00e9cadas para un per\u00edodo de cinco a\u00f1os\"}]},{\"@type\":\"WebSite\",\"@id\":\"https:\\\/\\\/www.santafevalores.com\\\/#website\",\"url\":\"https:\\\/\\\/www.santafevalores.com\\\/\",\"name\":\"Santa Fe Casa de Valores S.A.\",\"description\":\"\",\"publisher\":{\"@id\":\"https:\\\/\\\/www.santafevalores.com\\\/#organization\"},\"potentialAction\":[{\"@type\":\"SearchAction\",\"target\":{\"@type\":\"EntryPoint\",\"urlTemplate\":\"https:\\\/\\\/www.santafevalores.com\\\/?s={search_term_string}\"},\"query-input\":{\"@type\":\"PropertyValueSpecification\",\"valueRequired\":true,\"valueName\":\"search_term_string\"}}],\"inLanguage\":\"es\"},{\"@type\":\"Organization\",\"@id\":\"https:\\\/\\\/www.santafevalores.com\\\/#organization\",\"name\":\"Santa Fe Casa de Valores S.A.\",\"alternateName\":\"SANTAFEVALORES\",\"url\":\"https:\\\/\\\/www.santafevalores.com\\\/\",\"logo\":{\"@type\":\"ImageObject\",\"inLanguage\":\"es\",\"@id\":\"https:\\\/\\\/www.santafevalores.com\\\/#\\\/schema\\\/logo\\\/image\\\/\",\"url\":\"https:\\\/\\\/www.santafevalores.com\\\/wp-content\\\/uploads\\\/2022\\\/06\\\/logo1.png\",\"contentUrl\":\"https:\\\/\\\/www.santafevalores.com\\\/wp-content\\\/uploads\\\/2022\\\/06\\\/logo1.png\",\"width\":235,\"height\":71,\"caption\":\"Santa Fe Casa de Valores S.A.\"},\"image\":{\"@id\":\"https:\\\/\\\/www.santafevalores.com\\\/#\\\/schema\\\/logo\\\/image\\\/\"},\"sameAs\":[\"https:\\\/\\\/www.facebook.com\\\/santafevalores\\\/\",\"https:\\\/\\\/x.com\\\/SantaFeValores\"]},{\"@type\":\"Person\",\"@id\":\"https:\\\/\\\/www.santafevalores.com\\\/#\\\/schema\\\/person\\\/d965a42370507d0a1638e69158bb5835\",\"name\":\"admin\",\"image\":{\"@type\":\"ImageObject\",\"inLanguage\":\"es\",\"@id\":\"https:\\\/\\\/secure.gravatar.com\\\/avatar\\\/97ec7f9eb6068ddac59d3806ca0034c167fce748f524adcfad8629911220756f?s=96&d=mm&r=g\",\"url\":\"https:\\\/\\\/secure.gravatar.com\\\/avatar\\\/97ec7f9eb6068ddac59d3806ca0034c167fce748f524adcfad8629911220756f?s=96&d=mm&r=g\",\"contentUrl\":\"https:\\\/\\\/secure.gravatar.com\\\/avatar\\\/97ec7f9eb6068ddac59d3806ca0034c167fce748f524adcfad8629911220756f?s=96&d=mm&r=g\",\"caption\":\"admin\"},\"sameAs\":[\"https:\\\/\\\/www.santafevalores.com\"],\"url\":\"https:\\\/\\\/www.santafevalores.com\\\/index.php\\\/author\\\/santafevaloresuio_ggv0vv79\\\/\"}]}<\/script>\n<!-- \/ Yoast SEO plugin. -->","yoast_head_json":{"title":"La econom\u00eda mundial va camino a registrar su peor desempe\u00f1o de las \u00faltimas tres d\u00e9cadas para un per\u00edodo de cinco a\u00f1os - Santa Fe Casa de Valores S.A.","robots":{"index":"index","follow":"follow","max-snippet":"max-snippet:-1","max-image-preview":"max-image-preview:large","max-video-preview":"max-video-preview:-1"},"canonical":"https:\/\/www.santafevalores.com\/index.php\/2024\/01\/18\/sfv20240118tres\/","og_locale":"es_ES","og_type":"article","og_title":"La econom\u00eda mundial va camino a registrar su peor desempe\u00f1o de las \u00faltimas tres d\u00e9cadas para un per\u00edodo de cinco a\u00f1os - Santa Fe Casa de Valores S.A.","og_description":"WASHINGTON, 9 de enero de 2024. Seg\u00fan la edici\u00f3n m\u00e1s reciente del informe Perspectivas econ\u00f3micas mundiales del Banco Mundial, a medida que el mundo se acerca al punto medio de lo que se esperaba que fuera una d\u00e9cada transformadora para el desarrollo, la econom\u00eda mundial est\u00e1 pr\u00f3xima a batir un lamentable r\u00e9cord a fines de&hellip;","og_url":"https:\/\/www.santafevalores.com\/index.php\/2024\/01\/18\/sfv20240118tres\/","og_site_name":"Santa Fe Casa de Valores S.A.","article_publisher":"https:\/\/www.facebook.com\/santafevalores\/","article_published_time":"2024-01-18T22:24:22+00:00","article_modified_time":"2024-01-18T22:55:27+00:00","og_image":[{"width":1340,"height":902,"url":"https:\/\/www.santafevalores.com\/wp-content\/uploads\/2024\/01\/SFV1NOTDOS2.jpg","type":"image\/jpeg"}],"author":"admin","twitter_card":"summary_large_image","twitter_creator":"@SantaFeValores","twitter_site":"@SantaFeValores","twitter_misc":{"Escrito por":"admin","Tiempo de lectura":"6 minutos"},"schema":{"@context":"https:\/\/schema.org","@graph":[{"@type":"Article","@id":"https:\/\/www.santafevalores.com\/index.php\/2024\/01\/18\/sfv20240118tres\/#article","isPartOf":{"@id":"https:\/\/www.santafevalores.com\/index.php\/2024\/01\/18\/sfv20240118tres\/"},"author":{"name":"admin","@id":"https:\/\/www.santafevalores.com\/#\/schema\/person\/d965a42370507d0a1638e69158bb5835"},"headline":"La econom\u00eda mundial va camino a registrar su peor desempe\u00f1o de las \u00faltimas tres d\u00e9cadas para un per\u00edodo de cinco a\u00f1os","datePublished":"2024-01-18T22:24:22+00:00","dateModified":"2024-01-18T22:55:27+00:00","mainEntityOfPage":{"@id":"https:\/\/www.santafevalores.com\/index.php\/2024\/01\/18\/sfv20240118tres\/"},"wordCount":1267,"commentCount":0,"publisher":{"@id":"https:\/\/www.santafevalores.com\/#organization"},"image":{"@id":"https:\/\/www.santafevalores.com\/index.php\/2024\/01\/18\/sfv20240118tres\/#primaryimage"},"thumbnailUrl":"https:\/\/www.santafevalores.com\/wp-content\/uploads\/2024\/01\/SFV1NOTDOS2.jpg","articleSection":["Uncategorized"],"inLanguage":"es","potentialAction":[{"@type":"CommentAction","name":"Comment","target":["https:\/\/www.santafevalores.com\/index.php\/2024\/01\/18\/sfv20240118tres\/#respond"]}]},{"@type":"WebPage","@id":"https:\/\/www.santafevalores.com\/index.php\/2024\/01\/18\/sfv20240118tres\/","url":"https:\/\/www.santafevalores.com\/index.php\/2024\/01\/18\/sfv20240118tres\/","name":"La econom\u00eda mundial va camino a registrar su peor desempe\u00f1o de las \u00faltimas tres d\u00e9cadas para un per\u00edodo de cinco a\u00f1os - Santa Fe Casa de Valores S.A.","isPartOf":{"@id":"https:\/\/www.santafevalores.com\/#website"},"primaryImageOfPage":{"@id":"https:\/\/www.santafevalores.com\/index.php\/2024\/01\/18\/sfv20240118tres\/#primaryimage"},"image":{"@id":"https:\/\/www.santafevalores.com\/index.php\/2024\/01\/18\/sfv20240118tres\/#primaryimage"},"thumbnailUrl":"https:\/\/www.santafevalores.com\/wp-content\/uploads\/2024\/01\/SFV1NOTDOS2.jpg","datePublished":"2024-01-18T22:24:22+00:00","dateModified":"2024-01-18T22:55:27+00:00","breadcrumb":{"@id":"https:\/\/www.santafevalores.com\/index.php\/2024\/01\/18\/sfv20240118tres\/#breadcrumb"},"inLanguage":"es","potentialAction":[{"@type":"ReadAction","target":["https:\/\/www.santafevalores.com\/index.php\/2024\/01\/18\/sfv20240118tres\/"]}]},{"@type":"ImageObject","inLanguage":"es","@id":"https:\/\/www.santafevalores.com\/index.php\/2024\/01\/18\/sfv20240118tres\/#primaryimage","url":"https:\/\/www.santafevalores.com\/wp-content\/uploads\/2024\/01\/SFV1NOTDOS2.jpg","contentUrl":"https:\/\/www.santafevalores.com\/wp-content\/uploads\/2024\/01\/SFV1NOTDOS2.jpg","width":1340,"height":902},{"@type":"BreadcrumbList","@id":"https:\/\/www.santafevalores.com\/index.php\/2024\/01\/18\/sfv20240118tres\/#breadcrumb","itemListElement":[{"@type":"ListItem","position":1,"name":"Portada","item":"https:\/\/www.santafevalores.com\/"},{"@type":"ListItem","position":2,"name":"La econom\u00eda mundial va camino a registrar su peor desempe\u00f1o de las \u00faltimas tres d\u00e9cadas para un per\u00edodo de cinco a\u00f1os"}]},{"@type":"WebSite","@id":"https:\/\/www.santafevalores.com\/#website","url":"https:\/\/www.santafevalores.com\/","name":"Santa Fe Casa de Valores S.A.","description":"","publisher":{"@id":"https:\/\/www.santafevalores.com\/#organization"},"potentialAction":[{"@type":"SearchAction","target":{"@type":"EntryPoint","urlTemplate":"https:\/\/www.santafevalores.com\/?s={search_term_string}"},"query-input":{"@type":"PropertyValueSpecification","valueRequired":true,"valueName":"search_term_string"}}],"inLanguage":"es"},{"@type":"Organization","@id":"https:\/\/www.santafevalores.com\/#organization","name":"Santa Fe Casa de Valores S.A.","alternateName":"SANTAFEVALORES","url":"https:\/\/www.santafevalores.com\/","logo":{"@type":"ImageObject","inLanguage":"es","@id":"https:\/\/www.santafevalores.com\/#\/schema\/logo\/image\/","url":"https:\/\/www.santafevalores.com\/wp-content\/uploads\/2022\/06\/logo1.png","contentUrl":"https:\/\/www.santafevalores.com\/wp-content\/uploads\/2022\/06\/logo1.png","width":235,"height":71,"caption":"Santa Fe Casa de Valores S.A."},"image":{"@id":"https:\/\/www.santafevalores.com\/#\/schema\/logo\/image\/"},"sameAs":["https:\/\/www.facebook.com\/santafevalores\/","https:\/\/x.com\/SantaFeValores"]},{"@type":"Person","@id":"https:\/\/www.santafevalores.com\/#\/schema\/person\/d965a42370507d0a1638e69158bb5835","name":"admin","image":{"@type":"ImageObject","inLanguage":"es","@id":"https:\/\/secure.gravatar.com\/avatar\/97ec7f9eb6068ddac59d3806ca0034c167fce748f524adcfad8629911220756f?s=96&d=mm&r=g","url":"https:\/\/secure.gravatar.com\/avatar\/97ec7f9eb6068ddac59d3806ca0034c167fce748f524adcfad8629911220756f?s=96&d=mm&r=g","contentUrl":"https:\/\/secure.gravatar.com\/avatar\/97ec7f9eb6068ddac59d3806ca0034c167fce748f524adcfad8629911220756f?s=96&d=mm&r=g","caption":"admin"},"sameAs":["https:\/\/www.santafevalores.com"],"url":"https:\/\/www.santafevalores.com\/index.php\/author\/santafevaloresuio_ggv0vv79\/"}]}},"_links":{"self":[{"href":"https:\/\/www.santafevalores.com\/index.php\/wp-json\/wp\/v2\/posts\/69615","targetHints":{"allow":["GET"]}}],"collection":[{"href":"https:\/\/www.santafevalores.com\/index.php\/wp-json\/wp\/v2\/posts"}],"about":[{"href":"https:\/\/www.santafevalores.com\/index.php\/wp-json\/wp\/v2\/types\/post"}],"author":[{"embeddable":true,"href":"https:\/\/www.santafevalores.com\/index.php\/wp-json\/wp\/v2\/users\/1"}],"replies":[{"embeddable":true,"href":"https:\/\/www.santafevalores.com\/index.php\/wp-json\/wp\/v2\/comments?post=69615"}],"version-history":[{"count":6,"href":"https:\/\/www.santafevalores.com\/index.php\/wp-json\/wp\/v2\/posts\/69615\/revisions"}],"predecessor-version":[{"id":69622,"href":"https:\/\/www.santafevalores.com\/index.php\/wp-json\/wp\/v2\/posts\/69615\/revisions\/69622"}],"wp:featuredmedia":[{"embeddable":true,"href":"https:\/\/www.santafevalores.com\/index.php\/wp-json\/wp\/v2\/media\/69614"}],"wp:attachment":[{"href":"https:\/\/www.santafevalores.com\/index.php\/wp-json\/wp\/v2\/media?parent=69615"}],"wp:term":[{"taxonomy":"category","embeddable":true,"href":"https:\/\/www.santafevalores.com\/index.php\/wp-json\/wp\/v2\/categories?post=69615"},{"taxonomy":"post_tag","embeddable":true,"href":"https:\/\/www.santafevalores.com\/index.php\/wp-json\/wp\/v2\/tags?post=69615"}],"curies":[{"name":"wp","href":"https:\/\/api.w.org\/{rel}","templated":true}]}}