{"id":69646,"date":"2024-01-22T22:06:37","date_gmt":"2024-01-23T03:06:37","guid":{"rendered":"https:\/\/www.santafevalores.com\/?p=69646"},"modified":"2024-01-22T22:12:00","modified_gmt":"2024-01-23T03:12:00","slug":"sfv20240122dos","status":"publish","type":"post","link":"https:\/\/www.santafevalores.com\/index.php\/2024\/01\/22\/sfv20240122dos\/","title":{"rendered":"Presidente Noboa habla de un IVA mixto, moratoria del ITT, contribuciones y hasta de subsidios para enfrentar la falta de recursos"},"content":{"rendered":"\t\t<div data-elementor-type=\"wp-post\" data-elementor-id=\"69646\" class=\"elementor elementor-69646\" data-elementor-post-type=\"post\">\n\t\t\t\t\t\t<section class=\"elementor-section elementor-top-section elementor-element elementor-element-620d5b1 elementor-section-boxed elementor-section-height-default elementor-section-height-default\" data-id=\"620d5b1\" data-element_type=\"section\" data-e-type=\"section\">\n\t\t\t\t\t\t<div class=\"elementor-container elementor-column-gap-default\">\n\t\t\t\t\t<div class=\"elementor-column elementor-col-100 elementor-top-column elementor-element elementor-element-8cfb849\" data-id=\"8cfb849\" data-element_type=\"column\" data-e-type=\"column\">\n\t\t\t<div class=\"elementor-widget-wrap elementor-element-populated\">\n\t\t\t\t\t\t<div class=\"elementor-element elementor-element-739b720 elementor-widget elementor-widget-image\" data-id=\"739b720\" data-element_type=\"widget\" data-e-type=\"widget\" data-widget_type=\"image.default\">\n\t\t\t\t<div class=\"elementor-widget-container\">\n\t\t\t\t\t\t\t\t\t\t\t\t\t\t\t<img fetchpriority=\"high\" decoding=\"async\" width=\"988\" height=\"670\" src=\"https:\/\/www.santafevalores.com\/wp-content\/uploads\/2024\/01\/SFV1DPIAZBT26VGVNMCLU2A7XUZAZI.webp\" class=\"attachment-large size-large wp-image-69647\" alt=\"\" srcset=\"https:\/\/www.santafevalores.com\/wp-content\/uploads\/2024\/01\/SFV1DPIAZBT26VGVNMCLU2A7XUZAZI.webp 988w, https:\/\/www.santafevalores.com\/wp-content\/uploads\/2024\/01\/SFV1DPIAZBT26VGVNMCLU2A7XUZAZI-300x203.webp 300w, https:\/\/www.santafevalores.com\/wp-content\/uploads\/2024\/01\/SFV1DPIAZBT26VGVNMCLU2A7XUZAZI-768x521.webp 768w\" sizes=\"(max-width: 988px) 100vw, 988px\" \/>\t\t\t\t\t\t\t\t\t\t\t\t\t\t\t<\/div>\n\t\t\t\t<\/div>\n\t\t\t\t\t<\/div>\n\t\t<\/div>\n\t\t\t\t\t<\/div>\n\t\t<\/section>\n\t\t\t\t<section class=\"elementor-section elementor-top-section elementor-element elementor-element-2391809 elementor-section-boxed elementor-section-height-default elementor-section-height-default\" data-id=\"2391809\" data-element_type=\"section\" data-e-type=\"section\">\n\t\t\t\t\t\t<div class=\"elementor-container elementor-column-gap-default\">\n\t\t\t\t\t<div class=\"elementor-column elementor-col-100 elementor-top-column elementor-element elementor-element-39869fe\" data-id=\"39869fe\" data-element_type=\"column\" data-e-type=\"column\">\n\t\t\t<div class=\"elementor-widget-wrap elementor-element-populated\">\n\t\t\t\t\t\t<div class=\"elementor-element elementor-element-0c83f5b elementor-widget elementor-widget-text-editor\" data-id=\"0c83f5b\" data-element_type=\"widget\" data-e-type=\"widget\" data-widget_type=\"text-editor.default\">\n\t\t\t\t<div class=\"elementor-widget-container\">\n\t\t\t\t\t\t\t\t\t<p>El presidente de la Rep\u00fablica, Daniel Noboa, se mostr\u00f3 abierto a aplicar un IVA mixto, en el que una parte sea temporal y otra sea permanente. Adem\u00e1s dijo que est\u00e1 de acuerdo con que haya contribuciones a utilidades, no est\u00e1 cerrado a subir el impuesto a la salida de divisas (ISD) y est\u00e1 a favor de la focalizaci\u00f3n de subsidios que no afecten al pueblo. Tambi\u00e9n piensa en aplicar una moratoria al cierre del ITT y, finalmente, no est\u00e1 de acuerdo con un impuesto al patrimonio para el sector agr\u00edcola.<\/p><p>Las declaraciones las dio en una entrevista con Teleamazonas, en donde qued\u00f3 claro que piensa aplicar una serie de medidas a fin de financiar la guerra interna para combatir a las bandas narcodelictivas, pero tambi\u00e9n el enorme d\u00e9ficit y necesidades de financiamiento que tiene el pa\u00eds. As\u00ed, la ma\u00f1ana de este lunes, 22 de enero, explic\u00f3 que adem\u00e1s del incremento del IVA estudia m\u00e1s opciones. El pa\u00eds tiene un d\u00e9ficit de $ 5.500 millones, pero adem\u00e1s tiene que pagar deuda interna y externa por $ 5.000 millones y un total de atrasos por $ 4.000 millones.<\/p><p>Dijo que, en la alternativa del IVA, una parte podr\u00eda ser temporal y otra permanente. Esto porque el Ecuador tambi\u00e9n debe mostrar al mundo que tiene una buena salud fiscal.<\/p><p>\u201cNo es solo el IVA; es c\u00f3mo financiar esta guerra, es c\u00f3mo luchar contra los grupos narcoterroristas que est\u00e1n llenos de dinero\u201d. Y agreg\u00f3: \u201cEn el IVA se puede conversar, se puede buscar un punto medio. Estoy de acuerdo en que sea parte temporal, parte permanente\u201d. Adem\u00e1s indic\u00f3 que el Estado va a hacer recortes por al menos $ 1.000 millones.<\/p><p>El presidente Noboa se quej\u00f3 de que algunos partidos pol\u00edticos, que ahora se oponen a estas medidas, tienen memoria selectiva. \u00c9l record\u00f3 que en 2016 se subi\u00f3 temporalmente el IVA al 14 % para financiar la reconstrucci\u00f3n por el terremoto de Manab\u00ed y Esmeraldas; tambi\u00e9n coment\u00f3 equivocadamente que se subi\u00f3 el IVA temporalmente en el gobierno de Len\u00edn Moreno.<\/p><p>Asimismo dijo que estar\u00eda de acuerdo en cobrar parte de utilidades en los dos a\u00f1os 2022 y 2023 que fueron de menor creaci\u00f3n de empleo, pero que fueron a la vez los dos mejores a\u00f1os de la banca.<\/p><p>Considera, en cambio, que ser\u00eda un retroceso implementar el impuesto al patrimonio sobre todo para agricultores. Explic\u00f3 que quienes tienen una finca de 20, 30 o 40 ha, pero solo $ 10.000 en cuenta en efectivo, entonces tendr\u00edan que endeudarse para pagar unos $ 180.000 de impuestos, lo cual \u201cno tiene sentido\u201d.<\/p><p>En cuanto al tema de los subsidios de combustibles, el presidente Noboa dijo que una focalizaci\u00f3n no afecta al pueblo. Adem\u00e1s fue enf\u00e1tico al comentar: \u201cTenemos que tener focalizaci\u00f3n de subsidios mientras vamos mejorando eficiencia energ\u00e9tica, tanto en el tema el\u00e9ctrico como refinaci\u00f3n\u201d. Incluso el presidente dijo que se puede buscar la maquila para la refinaci\u00f3n a fin de bajar los costos y que el subsidio tambi\u00e9n baje.<\/p><p>El presidente tambi\u00e9n adelant\u00f3 que Leonidas Iza, dirigente de la Confederaci\u00f3n de Nacionalidades Ind\u00edgenas del Ecuador (Conaie), que en ocasiones anteriores ha protagonizado paralizaciones en contra de la eliminaci\u00f3n de subsidios, no tendr\u00eda argumentos para oponerse: \u201cNo vamos a eliminar subsidios al pueblo ni al peque\u00f1o agricultor\u201d. Adem\u00e1s ironiz\u00f3: \u201cQu\u00e9 pena que le estamos decepcionando a Leonidas Iza, que ya no va a tener discurso para hacer relajo\u201d, dijo.<\/p><p>El presidente tambi\u00e9n dijo que es partidario de una moratoria en el tema del Yasun\u00ed ITT. Explic\u00f3 que, tomando en cuenta que no estamos en las mismas circunstancias de hace dos a\u00f1os, podr\u00eda ser una opci\u00f3n viable.<\/p><p>Sobre subir el ISD, Noboa dijo no estar cerrado a esa opci\u00f3n, pero que se lo deber\u00e1 conversar con el Legislativo. (I)<\/p>\t\t\t\t\t\t\t\t<\/div>\n\t\t\t\t<\/div>\n\t\t\t\t\t<\/div>\n\t\t<\/div>\n\t\t\t\t\t<\/div>\n\t\t<\/section>\n\t\t\t\t<section class=\"elementor-section elementor-top-section elementor-element elementor-element-360373d elementor-section-boxed elementor-section-height-default elementor-section-height-default\" data-id=\"360373d\" data-element_type=\"section\" data-e-type=\"section\">\n\t\t\t\t\t\t<div class=\"elementor-container elementor-column-gap-default\">\n\t\t\t\t\t<div class=\"elementor-column elementor-col-100 elementor-top-column elementor-element elementor-element-861a047\" data-id=\"861a047\" data-element_type=\"column\" data-e-type=\"column\">\n\t\t\t<div class=\"elementor-widget-wrap elementor-element-populated\">\n\t\t\t\t\t\t<div class=\"elementor-element elementor-element-20d6ef2 elementor-headline--style-highlight elementor-widget elementor-widget-animated-headline\" data-id=\"20d6ef2\" data-element_type=\"widget\" data-e-type=\"widget\" data-settings=\"{&quot;highlighted_text&quot;:&quot;reporta El Universo&quot;,&quot;headline_style&quot;:&quot;highlight&quot;,&quot;marker&quot;:&quot;circle&quot;,&quot;loop&quot;:&quot;yes&quot;,&quot;highlight_animation_duration&quot;:1200,&quot;highlight_iteration_delay&quot;:8000}\" data-widget_type=\"animated-headline.default\">\n\t\t\t\t<div class=\"elementor-widget-container\">\n\t\t\t\t\t\t\t\t<a href=\"https:\/\/www.eluniverso.com\/noticias\/economia\/presidente-noboa-habla-de-un-iva-mixto-moratoria-del-itt-contribuciones-y-hasta-de-subsidios-para-enfrentar-la-falta-de-recursos-nota\/\" target=\"_blank\">\n\n\t\t\t\t\t<p class=\"elementor-headline\">\n\t\t\t\t\t<span class=\"elementor-headline-plain-text elementor-headline-text-wrapper\">Fuente:<\/span>\n\t\t\t\t<span class=\"elementor-headline-dynamic-wrapper elementor-headline-text-wrapper\">\n\t\t\t\t\t<span class=\"elementor-headline-dynamic-text elementor-headline-text-active\">reporta El Universo<\/span>\n\t\t\t\t<\/span>\n\t\t\t\t<\/p>\n\t\t<\/a>\t\t\t\t<\/div>\n\t\t\t\t<\/div>\n\t\t\t\t\t<\/div>\n\t\t<\/div>\n\t\t\t\t\t<\/div>\n\t\t<\/section>\n\t\t\t\t<\/div>\n\t\t","protected":false},"excerpt":{"rendered":"<p>El presidente de la Rep\u00fablica, Daniel Noboa, se mostr\u00f3 abierto a aplicar un IVA mixto, en el que una parte sea temporal y otra sea permanente. Adem\u00e1s dijo que est\u00e1 de acuerdo con que haya contribuciones a utilidades, no est\u00e1 cerrado a subir el impuesto a la salida de divisas (ISD) y est\u00e1 a favor&hellip;<\/p>\n","protected":false},"author":1,"featured_media":69647,"comment_status":"open","ping_status":"closed","sticky":false,"template":"","format":"standard","meta":{"content-type":"","_joinchat":[],"footnotes":""},"categories":[1],"tags":[],"class_list":["post-69646","post","type-post","status-publish","format-standard","has-post-thumbnail","hentry","category-uncategorized"],"yoast_head":"<!-- This site is optimized with the Yoast SEO plugin v27.5 - https:\/\/yoast.com\/product\/yoast-seo-wordpress\/ -->\n<title>Presidente Noboa habla de un IVA mixto, moratoria del ITT, contribuciones y hasta de subsidios para enfrentar la falta de recursos - Santa Fe Casa de Valores S.A.<\/title>\n<meta name=\"robots\" content=\"index, follow, max-snippet:-1, max-image-preview:large, max-video-preview:-1\" \/>\n<link rel=\"canonical\" href=\"https:\/\/www.santafevalores.com\/index.php\/2024\/01\/22\/sfv20240122dos\/\" \/>\n<meta property=\"og:locale\" content=\"es_ES\" \/>\n<meta property=\"og:type\" content=\"article\" \/>\n<meta property=\"og:title\" content=\"Presidente Noboa habla de un IVA mixto, moratoria del ITT, contribuciones y hasta de subsidios para enfrentar la falta de recursos - Santa Fe Casa de Valores S.A.\" \/>\n<meta property=\"og:description\" content=\"El presidente de la Rep\u00fablica, Daniel Noboa, se mostr\u00f3 abierto a aplicar un IVA mixto, en el que una parte sea temporal y otra sea permanente. Adem\u00e1s dijo que est\u00e1 de acuerdo con que haya contribuciones a utilidades, no est\u00e1 cerrado a subir el impuesto a la salida de divisas (ISD) y est\u00e1 a favor&hellip;\" \/>\n<meta property=\"og:url\" content=\"https:\/\/www.santafevalores.com\/index.php\/2024\/01\/22\/sfv20240122dos\/\" \/>\n<meta property=\"og:site_name\" content=\"Santa Fe Casa de Valores S.A.\" \/>\n<meta property=\"article:publisher\" content=\"https:\/\/www.facebook.com\/santafevalores\/\" \/>\n<meta property=\"article:published_time\" content=\"2024-01-23T03:06:37+00:00\" \/>\n<meta property=\"article:modified_time\" content=\"2024-01-23T03:12:00+00:00\" \/>\n<meta property=\"og:image\" content=\"https:\/\/www.santafevalores.com\/wp-content\/uploads\/2024\/01\/SFV1DPIAZBT26VGVNMCLU2A7XUZAZI.webp\" \/>\n\t<meta property=\"og:image:width\" content=\"988\" \/>\n\t<meta property=\"og:image:height\" content=\"670\" \/>\n\t<meta property=\"og:image:type\" content=\"image\/webp\" \/>\n<meta name=\"author\" content=\"admin\" \/>\n<meta name=\"twitter:card\" content=\"summary_large_image\" \/>\n<meta name=\"twitter:creator\" content=\"@SantaFeValores\" \/>\n<meta name=\"twitter:site\" content=\"@SantaFeValores\" \/>\n<meta name=\"twitter:label1\" content=\"Escrito por\" \/>\n\t<meta name=\"twitter:data1\" content=\"admin\" \/>\n\t<meta name=\"twitter:label2\" content=\"Tiempo de lectura\" \/>\n\t<meta name=\"twitter:data2\" content=\"4 minutos\" \/>\n<script type=\"application\/ld+json\" class=\"yoast-schema-graph\">{\"@context\":\"https:\\\/\\\/schema.org\",\"@graph\":[{\"@type\":\"Article\",\"@id\":\"https:\\\/\\\/www.santafevalores.com\\\/index.php\\\/2024\\\/01\\\/22\\\/sfv20240122dos\\\/#article\",\"isPartOf\":{\"@id\":\"https:\\\/\\\/www.santafevalores.com\\\/index.php\\\/2024\\\/01\\\/22\\\/sfv20240122dos\\\/\"},\"author\":{\"name\":\"admin\",\"@id\":\"https:\\\/\\\/www.santafevalores.com\\\/#\\\/schema\\\/person\\\/d965a42370507d0a1638e69158bb5835\"},\"headline\":\"Presidente Noboa habla de un IVA mixto, moratoria del ITT, contribuciones y hasta de subsidios para enfrentar la falta de recursos\",\"datePublished\":\"2024-01-23T03:06:37+00:00\",\"dateModified\":\"2024-01-23T03:12:00+00:00\",\"mainEntityOfPage\":{\"@id\":\"https:\\\/\\\/www.santafevalores.com\\\/index.php\\\/2024\\\/01\\\/22\\\/sfv20240122dos\\\/\"},\"wordCount\":677,\"commentCount\":0,\"publisher\":{\"@id\":\"https:\\\/\\\/www.santafevalores.com\\\/#organization\"},\"image\":{\"@id\":\"https:\\\/\\\/www.santafevalores.com\\\/index.php\\\/2024\\\/01\\\/22\\\/sfv20240122dos\\\/#primaryimage\"},\"thumbnailUrl\":\"https:\\\/\\\/www.santafevalores.com\\\/wp-content\\\/uploads\\\/2024\\\/01\\\/SFV1DPIAZBT26VGVNMCLU2A7XUZAZI.webp\",\"articleSection\":[\"Uncategorized\"],\"inLanguage\":\"es\",\"potentialAction\":[{\"@type\":\"CommentAction\",\"name\":\"Comment\",\"target\":[\"https:\\\/\\\/www.santafevalores.com\\\/index.php\\\/2024\\\/01\\\/22\\\/sfv20240122dos\\\/#respond\"]}]},{\"@type\":\"WebPage\",\"@id\":\"https:\\\/\\\/www.santafevalores.com\\\/index.php\\\/2024\\\/01\\\/22\\\/sfv20240122dos\\\/\",\"url\":\"https:\\\/\\\/www.santafevalores.com\\\/index.php\\\/2024\\\/01\\\/22\\\/sfv20240122dos\\\/\",\"name\":\"Presidente Noboa habla de un IVA mixto, moratoria del ITT, contribuciones y hasta de subsidios para enfrentar la falta de recursos - Santa Fe Casa de Valores S.A.\",\"isPartOf\":{\"@id\":\"https:\\\/\\\/www.santafevalores.com\\\/#website\"},\"primaryImageOfPage\":{\"@id\":\"https:\\\/\\\/www.santafevalores.com\\\/index.php\\\/2024\\\/01\\\/22\\\/sfv20240122dos\\\/#primaryimage\"},\"image\":{\"@id\":\"https:\\\/\\\/www.santafevalores.com\\\/index.php\\\/2024\\\/01\\\/22\\\/sfv20240122dos\\\/#primaryimage\"},\"thumbnailUrl\":\"https:\\\/\\\/www.santafevalores.com\\\/wp-content\\\/uploads\\\/2024\\\/01\\\/SFV1DPIAZBT26VGVNMCLU2A7XUZAZI.webp\",\"datePublished\":\"2024-01-23T03:06:37+00:00\",\"dateModified\":\"2024-01-23T03:12:00+00:00\",\"breadcrumb\":{\"@id\":\"https:\\\/\\\/www.santafevalores.com\\\/index.php\\\/2024\\\/01\\\/22\\\/sfv20240122dos\\\/#breadcrumb\"},\"inLanguage\":\"es\",\"potentialAction\":[{\"@type\":\"ReadAction\",\"target\":[\"https:\\\/\\\/www.santafevalores.com\\\/index.php\\\/2024\\\/01\\\/22\\\/sfv20240122dos\\\/\"]}]},{\"@type\":\"ImageObject\",\"inLanguage\":\"es\",\"@id\":\"https:\\\/\\\/www.santafevalores.com\\\/index.php\\\/2024\\\/01\\\/22\\\/sfv20240122dos\\\/#primaryimage\",\"url\":\"https:\\\/\\\/www.santafevalores.com\\\/wp-content\\\/uploads\\\/2024\\\/01\\\/SFV1DPIAZBT26VGVNMCLU2A7XUZAZI.webp\",\"contentUrl\":\"https:\\\/\\\/www.santafevalores.com\\\/wp-content\\\/uploads\\\/2024\\\/01\\\/SFV1DPIAZBT26VGVNMCLU2A7XUZAZI.webp\",\"width\":988,\"height\":670},{\"@type\":\"BreadcrumbList\",\"@id\":\"https:\\\/\\\/www.santafevalores.com\\\/index.php\\\/2024\\\/01\\\/22\\\/sfv20240122dos\\\/#breadcrumb\",\"itemListElement\":[{\"@type\":\"ListItem\",\"position\":1,\"name\":\"Portada\",\"item\":\"https:\\\/\\\/www.santafevalores.com\\\/\"},{\"@type\":\"ListItem\",\"position\":2,\"name\":\"Presidente Noboa habla de un IVA mixto, moratoria del ITT, contribuciones y hasta de subsidios para enfrentar la falta de recursos\"}]},{\"@type\":\"WebSite\",\"@id\":\"https:\\\/\\\/www.santafevalores.com\\\/#website\",\"url\":\"https:\\\/\\\/www.santafevalores.com\\\/\",\"name\":\"Santa Fe Casa de Valores S.A.\",\"description\":\"\",\"publisher\":{\"@id\":\"https:\\\/\\\/www.santafevalores.com\\\/#organization\"},\"potentialAction\":[{\"@type\":\"SearchAction\",\"target\":{\"@type\":\"EntryPoint\",\"urlTemplate\":\"https:\\\/\\\/www.santafevalores.com\\\/?s={search_term_string}\"},\"query-input\":{\"@type\":\"PropertyValueSpecification\",\"valueRequired\":true,\"valueName\":\"search_term_string\"}}],\"inLanguage\":\"es\"},{\"@type\":\"Organization\",\"@id\":\"https:\\\/\\\/www.santafevalores.com\\\/#organization\",\"name\":\"Santa Fe Casa de Valores S.A.\",\"alternateName\":\"SANTAFEVALORES\",\"url\":\"https:\\\/\\\/www.santafevalores.com\\\/\",\"logo\":{\"@type\":\"ImageObject\",\"inLanguage\":\"es\",\"@id\":\"https:\\\/\\\/www.santafevalores.com\\\/#\\\/schema\\\/logo\\\/image\\\/\",\"url\":\"https:\\\/\\\/www.santafevalores.com\\\/wp-content\\\/uploads\\\/2022\\\/06\\\/logo1.png\",\"contentUrl\":\"https:\\\/\\\/www.santafevalores.com\\\/wp-content\\\/uploads\\\/2022\\\/06\\\/logo1.png\",\"width\":235,\"height\":71,\"caption\":\"Santa Fe Casa de Valores S.A.\"},\"image\":{\"@id\":\"https:\\\/\\\/www.santafevalores.com\\\/#\\\/schema\\\/logo\\\/image\\\/\"},\"sameAs\":[\"https:\\\/\\\/www.facebook.com\\\/santafevalores\\\/\",\"https:\\\/\\\/x.com\\\/SantaFeValores\"]},{\"@type\":\"Person\",\"@id\":\"https:\\\/\\\/www.santafevalores.com\\\/#\\\/schema\\\/person\\\/d965a42370507d0a1638e69158bb5835\",\"name\":\"admin\",\"image\":{\"@type\":\"ImageObject\",\"inLanguage\":\"es\",\"@id\":\"https:\\\/\\\/secure.gravatar.com\\\/avatar\\\/97ec7f9eb6068ddac59d3806ca0034c167fce748f524adcfad8629911220756f?s=96&d=mm&r=g\",\"url\":\"https:\\\/\\\/secure.gravatar.com\\\/avatar\\\/97ec7f9eb6068ddac59d3806ca0034c167fce748f524adcfad8629911220756f?s=96&d=mm&r=g\",\"contentUrl\":\"https:\\\/\\\/secure.gravatar.com\\\/avatar\\\/97ec7f9eb6068ddac59d3806ca0034c167fce748f524adcfad8629911220756f?s=96&d=mm&r=g\",\"caption\":\"admin\"},\"sameAs\":[\"https:\\\/\\\/www.santafevalores.com\"],\"url\":\"https:\\\/\\\/www.santafevalores.com\\\/index.php\\\/author\\\/santafevaloresuio_ggv0vv79\\\/\"}]}<\/script>\n<!-- \/ Yoast SEO plugin. -->","yoast_head_json":{"title":"Presidente Noboa habla de un IVA mixto, moratoria del ITT, contribuciones y hasta de subsidios para enfrentar la falta de recursos - Santa Fe Casa de Valores S.A.","robots":{"index":"index","follow":"follow","max-snippet":"max-snippet:-1","max-image-preview":"max-image-preview:large","max-video-preview":"max-video-preview:-1"},"canonical":"https:\/\/www.santafevalores.com\/index.php\/2024\/01\/22\/sfv20240122dos\/","og_locale":"es_ES","og_type":"article","og_title":"Presidente Noboa habla de un IVA mixto, moratoria del ITT, contribuciones y hasta de subsidios para enfrentar la falta de recursos - Santa Fe Casa de Valores S.A.","og_description":"El presidente de la Rep\u00fablica, Daniel Noboa, se mostr\u00f3 abierto a aplicar un IVA mixto, en el que una parte sea temporal y otra sea permanente. Adem\u00e1s dijo que est\u00e1 de acuerdo con que haya contribuciones a utilidades, no est\u00e1 cerrado a subir el impuesto a la salida de divisas (ISD) y est\u00e1 a favor&hellip;","og_url":"https:\/\/www.santafevalores.com\/index.php\/2024\/01\/22\/sfv20240122dos\/","og_site_name":"Santa Fe Casa de Valores S.A.","article_publisher":"https:\/\/www.facebook.com\/santafevalores\/","article_published_time":"2024-01-23T03:06:37+00:00","article_modified_time":"2024-01-23T03:12:00+00:00","og_image":[{"width":988,"height":670,"url":"https:\/\/www.santafevalores.com\/wp-content\/uploads\/2024\/01\/SFV1DPIAZBT26VGVNMCLU2A7XUZAZI.webp","type":"image\/webp"}],"author":"admin","twitter_card":"summary_large_image","twitter_creator":"@SantaFeValores","twitter_site":"@SantaFeValores","twitter_misc":{"Escrito por":"admin","Tiempo de lectura":"4 minutos"},"schema":{"@context":"https:\/\/schema.org","@graph":[{"@type":"Article","@id":"https:\/\/www.santafevalores.com\/index.php\/2024\/01\/22\/sfv20240122dos\/#article","isPartOf":{"@id":"https:\/\/www.santafevalores.com\/index.php\/2024\/01\/22\/sfv20240122dos\/"},"author":{"name":"admin","@id":"https:\/\/www.santafevalores.com\/#\/schema\/person\/d965a42370507d0a1638e69158bb5835"},"headline":"Presidente Noboa habla de un IVA mixto, moratoria del ITT, contribuciones y hasta de subsidios para enfrentar la falta de recursos","datePublished":"2024-01-23T03:06:37+00:00","dateModified":"2024-01-23T03:12:00+00:00","mainEntityOfPage":{"@id":"https:\/\/www.santafevalores.com\/index.php\/2024\/01\/22\/sfv20240122dos\/"},"wordCount":677,"commentCount":0,"publisher":{"@id":"https:\/\/www.santafevalores.com\/#organization"},"image":{"@id":"https:\/\/www.santafevalores.com\/index.php\/2024\/01\/22\/sfv20240122dos\/#primaryimage"},"thumbnailUrl":"https:\/\/www.santafevalores.com\/wp-content\/uploads\/2024\/01\/SFV1DPIAZBT26VGVNMCLU2A7XUZAZI.webp","articleSection":["Uncategorized"],"inLanguage":"es","potentialAction":[{"@type":"CommentAction","name":"Comment","target":["https:\/\/www.santafevalores.com\/index.php\/2024\/01\/22\/sfv20240122dos\/#respond"]}]},{"@type":"WebPage","@id":"https:\/\/www.santafevalores.com\/index.php\/2024\/01\/22\/sfv20240122dos\/","url":"https:\/\/www.santafevalores.com\/index.php\/2024\/01\/22\/sfv20240122dos\/","name":"Presidente Noboa habla de un IVA mixto, moratoria del ITT, contribuciones y hasta de subsidios para enfrentar la falta de recursos - Santa Fe Casa de Valores S.A.","isPartOf":{"@id":"https:\/\/www.santafevalores.com\/#website"},"primaryImageOfPage":{"@id":"https:\/\/www.santafevalores.com\/index.php\/2024\/01\/22\/sfv20240122dos\/#primaryimage"},"image":{"@id":"https:\/\/www.santafevalores.com\/index.php\/2024\/01\/22\/sfv20240122dos\/#primaryimage"},"thumbnailUrl":"https:\/\/www.santafevalores.com\/wp-content\/uploads\/2024\/01\/SFV1DPIAZBT26VGVNMCLU2A7XUZAZI.webp","datePublished":"2024-01-23T03:06:37+00:00","dateModified":"2024-01-23T03:12:00+00:00","breadcrumb":{"@id":"https:\/\/www.santafevalores.com\/index.php\/2024\/01\/22\/sfv20240122dos\/#breadcrumb"},"inLanguage":"es","potentialAction":[{"@type":"ReadAction","target":["https:\/\/www.santafevalores.com\/index.php\/2024\/01\/22\/sfv20240122dos\/"]}]},{"@type":"ImageObject","inLanguage":"es","@id":"https:\/\/www.santafevalores.com\/index.php\/2024\/01\/22\/sfv20240122dos\/#primaryimage","url":"https:\/\/www.santafevalores.com\/wp-content\/uploads\/2024\/01\/SFV1DPIAZBT26VGVNMCLU2A7XUZAZI.webp","contentUrl":"https:\/\/www.santafevalores.com\/wp-content\/uploads\/2024\/01\/SFV1DPIAZBT26VGVNMCLU2A7XUZAZI.webp","width":988,"height":670},{"@type":"BreadcrumbList","@id":"https:\/\/www.santafevalores.com\/index.php\/2024\/01\/22\/sfv20240122dos\/#breadcrumb","itemListElement":[{"@type":"ListItem","position":1,"name":"Portada","item":"https:\/\/www.santafevalores.com\/"},{"@type":"ListItem","position":2,"name":"Presidente Noboa habla de un IVA mixto, moratoria del ITT, contribuciones y hasta de subsidios para enfrentar la falta de recursos"}]},{"@type":"WebSite","@id":"https:\/\/www.santafevalores.com\/#website","url":"https:\/\/www.santafevalores.com\/","name":"Santa Fe Casa de Valores S.A.","description":"","publisher":{"@id":"https:\/\/www.santafevalores.com\/#organization"},"potentialAction":[{"@type":"SearchAction","target":{"@type":"EntryPoint","urlTemplate":"https:\/\/www.santafevalores.com\/?s={search_term_string}"},"query-input":{"@type":"PropertyValueSpecification","valueRequired":true,"valueName":"search_term_string"}}],"inLanguage":"es"},{"@type":"Organization","@id":"https:\/\/www.santafevalores.com\/#organization","name":"Santa Fe Casa de Valores S.A.","alternateName":"SANTAFEVALORES","url":"https:\/\/www.santafevalores.com\/","logo":{"@type":"ImageObject","inLanguage":"es","@id":"https:\/\/www.santafevalores.com\/#\/schema\/logo\/image\/","url":"https:\/\/www.santafevalores.com\/wp-content\/uploads\/2022\/06\/logo1.png","contentUrl":"https:\/\/www.santafevalores.com\/wp-content\/uploads\/2022\/06\/logo1.png","width":235,"height":71,"caption":"Santa Fe Casa de Valores S.A."},"image":{"@id":"https:\/\/www.santafevalores.com\/#\/schema\/logo\/image\/"},"sameAs":["https:\/\/www.facebook.com\/santafevalores\/","https:\/\/x.com\/SantaFeValores"]},{"@type":"Person","@id":"https:\/\/www.santafevalores.com\/#\/schema\/person\/d965a42370507d0a1638e69158bb5835","name":"admin","image":{"@type":"ImageObject","inLanguage":"es","@id":"https:\/\/secure.gravatar.com\/avatar\/97ec7f9eb6068ddac59d3806ca0034c167fce748f524adcfad8629911220756f?s=96&d=mm&r=g","url":"https:\/\/secure.gravatar.com\/avatar\/97ec7f9eb6068ddac59d3806ca0034c167fce748f524adcfad8629911220756f?s=96&d=mm&r=g","contentUrl":"https:\/\/secure.gravatar.com\/avatar\/97ec7f9eb6068ddac59d3806ca0034c167fce748f524adcfad8629911220756f?s=96&d=mm&r=g","caption":"admin"},"sameAs":["https:\/\/www.santafevalores.com"],"url":"https:\/\/www.santafevalores.com\/index.php\/author\/santafevaloresuio_ggv0vv79\/"}]}},"_links":{"self":[{"href":"https:\/\/www.santafevalores.com\/index.php\/wp-json\/wp\/v2\/posts\/69646","targetHints":{"allow":["GET"]}}],"collection":[{"href":"https:\/\/www.santafevalores.com\/index.php\/wp-json\/wp\/v2\/posts"}],"about":[{"href":"https:\/\/www.santafevalores.com\/index.php\/wp-json\/wp\/v2\/types\/post"}],"author":[{"embeddable":true,"href":"https:\/\/www.santafevalores.com\/index.php\/wp-json\/wp\/v2\/users\/1"}],"replies":[{"embeddable":true,"href":"https:\/\/www.santafevalores.com\/index.php\/wp-json\/wp\/v2\/comments?post=69646"}],"version-history":[{"count":5,"href":"https:\/\/www.santafevalores.com\/index.php\/wp-json\/wp\/v2\/posts\/69646\/revisions"}],"predecessor-version":[{"id":69652,"href":"https:\/\/www.santafevalores.com\/index.php\/wp-json\/wp\/v2\/posts\/69646\/revisions\/69652"}],"wp:featuredmedia":[{"embeddable":true,"href":"https:\/\/www.santafevalores.com\/index.php\/wp-json\/wp\/v2\/media\/69647"}],"wp:attachment":[{"href":"https:\/\/www.santafevalores.com\/index.php\/wp-json\/wp\/v2\/media?parent=69646"}],"wp:term":[{"taxonomy":"category","embeddable":true,"href":"https:\/\/www.santafevalores.com\/index.php\/wp-json\/wp\/v2\/categories?post=69646"},{"taxonomy":"post_tag","embeddable":true,"href":"https:\/\/www.santafevalores.com\/index.php\/wp-json\/wp\/v2\/tags?post=69646"}],"curies":[{"name":"wp","href":"https:\/\/api.w.org\/{rel}","templated":true}]}}