{"id":69828,"date":"2024-02-19T15:46:45","date_gmt":"2024-02-19T20:46:45","guid":{"rendered":"https:\/\/www.santafevalores.com\/?p=69828"},"modified":"2024-02-19T16:16:14","modified_gmt":"2024-02-19T21:16:14","slug":"sfv20240219uno","status":"publish","type":"post","link":"https:\/\/www.santafevalores.com\/index.php\/2024\/02\/19\/sfv20240219uno\/","title":{"rendered":"El sector p\u00fablico en Latinoam\u00e9rica: \u00bfcu\u00e1l es su peso en el empleo de la regi\u00f3n?"},"content":{"rendered":"\t\t<div data-elementor-type=\"wp-post\" data-elementor-id=\"69828\" class=\"elementor elementor-69828\" data-elementor-post-type=\"post\">\n\t\t\t\t\t\t<section class=\"elementor-section elementor-top-section elementor-element elementor-element-8ed3ffe elementor-section-boxed elementor-section-height-default elementor-section-height-default\" data-id=\"8ed3ffe\" data-element_type=\"section\" data-e-type=\"section\">\n\t\t\t\t\t\t<div class=\"elementor-container elementor-column-gap-default\">\n\t\t\t\t\t<div class=\"elementor-column elementor-col-100 elementor-top-column elementor-element elementor-element-297d294\" data-id=\"297d294\" data-element_type=\"column\" data-e-type=\"column\">\n\t\t\t<div class=\"elementor-widget-wrap elementor-element-populated\">\n\t\t\t\t\t\t<div class=\"elementor-element elementor-element-b29f510 elementor-widget elementor-widget-image\" data-id=\"b29f510\" data-element_type=\"widget\" data-e-type=\"widget\" data-widget_type=\"image.default\">\n\t\t\t\t<div class=\"elementor-widget-container\">\n\t\t\t\t\t\t\t\t\t\t\t\t\t\t\t<img fetchpriority=\"high\" decoding=\"async\" width=\"916\" height=\"463\" src=\"https:\/\/www.santafevalores.com\/wp-content\/uploads\/2024\/02\/SFV1-1.webp\" class=\"attachment-large size-large wp-image-69829\" alt=\"\" srcset=\"https:\/\/www.santafevalores.com\/wp-content\/uploads\/2024\/02\/SFV1-1.webp 916w, https:\/\/www.santafevalores.com\/wp-content\/uploads\/2024\/02\/SFV1-1-300x152.webp 300w, https:\/\/www.santafevalores.com\/wp-content\/uploads\/2024\/02\/SFV1-1-768x388.webp 768w\" sizes=\"(max-width: 916px) 100vw, 916px\" \/>\t\t\t\t\t\t\t\t\t\t\t\t\t\t\t<\/div>\n\t\t\t\t<\/div>\n\t\t\t\t\t<\/div>\n\t\t<\/div>\n\t\t\t\t\t<\/div>\n\t\t<\/section>\n\t\t\t\t<section class=\"elementor-section elementor-top-section elementor-element elementor-element-14a892a elementor-section-boxed elementor-section-height-default elementor-section-height-default\" data-id=\"14a892a\" data-element_type=\"section\" data-e-type=\"section\">\n\t\t\t\t\t\t<div class=\"elementor-container elementor-column-gap-default\">\n\t\t\t\t\t<div class=\"elementor-column elementor-col-100 elementor-top-column elementor-element elementor-element-67960e5\" data-id=\"67960e5\" data-element_type=\"column\" data-e-type=\"column\">\n\t\t\t<div class=\"elementor-widget-wrap elementor-element-populated\">\n\t\t\t\t\t\t<div class=\"elementor-element elementor-element-97f2d9f elementor-widget elementor-widget-text-editor\" data-id=\"97f2d9f\" data-element_type=\"widget\" data-e-type=\"widget\" data-widget_type=\"text-editor.default\">\n\t\t\t\t<div class=\"elementor-widget-container\">\n\t\t\t\t\t\t\t\t\t<p>Bloomberg L\u00ednea El tama\u00f1o del sector p\u00fablico representa un andamiaje pesado de cargar para varios Estados en Latinoam\u00e9rica, pero a la vez es <b>una fuente importante en la generaci\u00f3n de empleo formal y asalariado en la regi\u00f3n<\/b>. \u00bfQu\u00e9 tanto pesa en el empleo de la regi\u00f3n y qu\u00e9 tan caro es de sostener?<\/p><p><b>\u201cEl empleo en el sector p\u00fablico en Latinoam\u00e9rica genera bastantes contrastes.<\/b> Hay pa\u00edses con altos niveles de empleo p\u00fablico, como por ejemplo <b>Brasil, Costa Rica o Chile<\/b>, en donde est\u00e1 por encima del 10%. <b>Colombia, junto con Ecuador o Per\u00fa<\/b>, son pa\u00edses en donde el tama\u00f1o es m\u00e1s moderado en t\u00e9rminos de empleo p\u00fablico. En Colombia, no alcanza a ser el 5%\u201d, dijo a Bloomberg L\u00ednea el profesor de la Facultad de Econom\u00eda e investigador del Observatorio Laboral de la Universidad del Rosario, Andr\u00e9s Garc\u00eda.<\/p><p>El acad\u00e9mico se\u00f1al\u00f3 que las presiones fiscales que enfrentan los pa\u00edses de Latinoam\u00e9rica s\u00ed pueden conducir a estos mercados a hacer recortes del tama\u00f1o del sector p\u00fablico, como ocurre actualmente en Argentina.<\/p><p>En todo caso, el sector p\u00fablico <b>\u201ces un empleador de primera instancia en muchas ocasiones<\/b> y una buena muestra fue durante la pandemia de Covid-19\u2033, cuando fue clave para<b> la reactivaci\u00f3n de la econom\u00eda<\/b>, en sectores como los de obras civiles e infraestructura, dijo.<\/p><p>Los salarios de los funcionarios del Estado en Latinoam\u00e9rica <b>representan el 28,3% del gasto p\u00fablico de los pa\u00edses<\/b>, por encima del promedio global del 27,4%.<\/p><p>No obstante, como porcentaje del PIB, <b>el gasto en los salarios del sector p\u00fablico en la regi\u00f3n es del 8,8%<\/b>, ubic\u00e1ndose levemente por debajo del promedio mundial del 9,8%, de acuerdo a cifras compartidas a Bloomberg L\u00ednea por el Banco Mundial (BM).<\/p><p>Seg\u00fan la Comisi\u00f3n Econ\u00f3mica para Am\u00e9rica Latina y el Caribe (Cepal), el gasto del gobierno central en Latinoam\u00e9rica y el Caribe <b>pas\u00f3 del 17,7% en el a\u00f1o 2000 al 24,1% como porcentaje del PIB al cabo de veinte a\u00f1os<\/b>, lo que se explica especialmente por las transferencias realizadas en las \u00faltimas d\u00e9cadas a \u00e1reas como la salud, la educaci\u00f3n y la protecci\u00f3n social.<\/p>\t\t\t\t\t\t\t\t<\/div>\n\t\t\t\t<\/div>\n\t\t\t\t\t<\/div>\n\t\t<\/div>\n\t\t\t\t\t<\/div>\n\t\t<\/section>\n\t\t\t\t<section class=\"elementor-section elementor-top-section elementor-element elementor-element-2ebbde1 elementor-section-boxed elementor-section-height-default elementor-section-height-default\" data-id=\"2ebbde1\" data-element_type=\"section\" data-e-type=\"section\">\n\t\t\t\t\t\t<div class=\"elementor-container elementor-column-gap-default\">\n\t\t\t\t\t<div class=\"elementor-column elementor-col-100 elementor-top-column elementor-element elementor-element-b679828\" data-id=\"b679828\" data-element_type=\"column\" data-e-type=\"column\">\n\t\t\t<div class=\"elementor-widget-wrap elementor-element-populated\">\n\t\t\t\t\t\t<div class=\"elementor-element elementor-element-9c0ced8 elementor-widget elementor-widget-image\" data-id=\"9c0ced8\" data-element_type=\"widget\" data-e-type=\"widget\" data-widget_type=\"image.default\">\n\t\t\t\t<div class=\"elementor-widget-container\">\n\t\t\t\t\t\t\t\t\t\t\t\t\t\t\t<img decoding=\"async\" width=\"1024\" height=\"683\" src=\"https:\/\/www.santafevalores.com\/wp-content\/uploads\/2024\/02\/SFV2AQBOP4KCFNHKZPA7D4WI7KR3JM-1024x683.webp\" class=\"attachment-large size-large wp-image-69833\" alt=\"\" srcset=\"https:\/\/www.santafevalores.com\/wp-content\/uploads\/2024\/02\/SFV2AQBOP4KCFNHKZPA7D4WI7KR3JM-1024x683.webp 1024w, https:\/\/www.santafevalores.com\/wp-content\/uploads\/2024\/02\/SFV2AQBOP4KCFNHKZPA7D4WI7KR3JM-300x200.webp 300w, https:\/\/www.santafevalores.com\/wp-content\/uploads\/2024\/02\/SFV2AQBOP4KCFNHKZPA7D4WI7KR3JM-768x512.webp 768w, https:\/\/www.santafevalores.com\/wp-content\/uploads\/2024\/02\/SFV2AQBOP4KCFNHKZPA7D4WI7KR3JM.webp 1440w\" sizes=\"(max-width: 1024px) 100vw, 1024px\" \/>\t\t\t\t\t\t\t\t\t\t\t\t\t\t\t<\/div>\n\t\t\t\t<\/div>\n\t\t\t\t\t<\/div>\n\t\t<\/div>\n\t\t\t\t\t<\/div>\n\t\t<\/section>\n\t\t\t\t<section class=\"elementor-section elementor-top-section elementor-element elementor-element-7bc5fd7 elementor-section-boxed elementor-section-height-default elementor-section-height-default\" data-id=\"7bc5fd7\" data-element_type=\"section\" data-e-type=\"section\">\n\t\t\t\t\t\t<div class=\"elementor-container elementor-column-gap-default\">\n\t\t\t\t\t<div class=\"elementor-column elementor-col-100 elementor-top-column elementor-element elementor-element-f449adb\" data-id=\"f449adb\" data-element_type=\"column\" data-e-type=\"column\">\n\t\t\t<div class=\"elementor-widget-wrap elementor-element-populated\">\n\t\t\t\t\t\t<div class=\"elementor-element elementor-element-3f8c310 elementor-widget elementor-widget-text-editor\" data-id=\"3f8c310\" data-element_type=\"widget\" data-e-type=\"widget\" data-widget_type=\"text-editor.default\">\n\t\t\t\t<div class=\"elementor-widget-container\">\n\t\t\t\t\t\t\t\t\t<p>En <b>Brasil<\/b>, un reporte del Instituto de Investigaciones Aplicadas (Ipea) concluy\u00f3 que el gasto p\u00fablico en personal aument\u00f3 solo el 0,96% del PIB de 2002 a 2020 entre gobiernos municipales, estatales y federal.<\/p>\n<p>En el <b>Gobierno federal<\/b>, por ejemplo, el gasto en salarios de los funcionarios p\u00fablicos cay\u00f3 del 2,6% al 2,4% con relaci\u00f3n al PIB en ese per\u00edodo.<\/p>\n<p>De acuerdo al Panel Estad\u00edstico de Personal del Ministerio de Econom\u00eda de <b>Brasil<\/b>, solo en 2019 el gasto total en empleados federales lleg\u00f3 a R$319.500 millones en 2019 (unos US$64.452 millones actualmente). Adem\u00e1s, se calcul\u00f3 que el salario p\u00fablico en Brasil lleg\u00f3 a ser superior en un 96% al que ofrece el sector privado para cargos similares, seg\u00fan un reporte de ese a\u00f1o del Banco Mundial.<\/p>\n<p>En <b>Argentina<\/b>, si bien la planta total que trabaja en el Estado argentino tuvo un incremento equivalente al 26,5% en la \u00faltima d\u00e9cada, el gasto salarial real total cay\u00f3 un 11% por cuenta de la inflaci\u00f3n, de acuerdo a un an\u00e1lisis del 2023 del Instituto Argentino de An\u00e1lisis Fiscal (IARAF).<\/p>\n<p>El presidente argentino, Javier Milei, ha dicho que espera realizar un recorte de US$20.000 millones en el gasto del sector p\u00fablico y ha ordenado la presencialidad en los funcionarios del Estado. En diciembre, <b>Milei no renov\u00f3 por decreto 5.000 contratos de trabajadores estatales<\/b>.<\/p>\n<p>En Chile el gasto en personal del Estado superar\u00e1 los US$17.000 millones este a\u00f1o. Y en otros pa\u00edses como <b>Colombia<\/b>, el gasto en la n\u00f3mina de las 677.748 personas que trabajan en el sector p\u00fablico se estima en COP$59,87 billones (unos US$15.320 millones), seg\u00fan un informe del Observatorio Fiscal de la Universidad Javeriana.<\/p>\n<p>En <b>Ecuador<\/b>, entre tanto, el gasto en los salarios de la burocracia se estimaron en los US$6.174 millones hasta agosto de 2023, lo que supondr\u00eda el nivel m\u00e1s alto en 15 a\u00f1os, de acuerdo a medios locales.<\/p>\n<p>De acuerdo al BM, en Latinoam\u00e9rica <b>el empleo que se genera en el sector p\u00fablico representa el 11% de total<\/b>, el 20% del empleo remunerado y el 27% del empleo formal.<\/p>\n<p>Mientras que las cifras de la Organizaci\u00f3n Internacional del Trabajo (OIT) indican <b>que los asalariados del sector p\u00fablico en LatAm contribuyeron en el 2022 con el 10,5% del empleo total en la regi\u00f3n.<\/b><\/p>\n<p>En contraste, en el mundo, el sector p\u00fablico contribuye con el 17% del empleo total, el 30% del empleo remunerado y 38% del empleo en la formalidad, muestran los Indicadores Mundiales de Burocracia (WWBI), del Banco Mundial.<\/p><p><br><b>La distribuci\u00f3n del empleo en el sector p\u00fablico<\/b><\/p>\n<p>Las cifras del Banco Mundial muestran adem\u00e1s que <b>el 7% del empleo en sector p\u00fablico se concentra en ocupaciones elementales y el 23% en empleos administrativos en Latinoam\u00e9rica.<\/b><\/p>\n<p>Se tiene adem\u00e1s que, del total del empleo en el sector p\u00fablico, un <b>33% son altos funcionarios.<\/b><\/p>\n<p>De otra parte, los empleados de este sector se dividen en un 30% que son t\u00e9cnicos y 54% profesionales.<\/p>\n<p>Por \u00e1reas, se tiene que la mayor proporci\u00f3n de empleos remunerados del sector estatal est\u00e1 concentrada en el <b>campo de la administraci\u00f3n p\u00fablica (40%), seguida por educaci\u00f3n (31%), otros (16%) y la salud (13%).<\/b><\/p>\n<p>Las mujeres contribuyen en Latinoam\u00e9rica con el 51% del empleo en el sector p\u00fablico, muy por encima del privado (38%).<\/p><p><br><b>El sector p\u00fablico aporta m\u00e1s empleo total en los pa\u00edses n\u00f3rdicos<\/b><\/p>\n<p>De acuerdo al reporte <b>Government at a Glance 2023<\/b>, los pa\u00edses n\u00f3rdicos, como Noruega, Suecia y Dinamarca, ten\u00edan los niveles m\u00e1s altos de empleo en las administraciones p\u00fablicas con relaci\u00f3n al total con corte a 2021, mientras que Jap\u00f3n y Corea del Sur se apuntaron los niveles m\u00e1s bajos <b>entre los pa\u00edses de la Organizaci\u00f3n para la Cooperaci\u00f3n y el Desarrollo Econ\u00f3micos (OCDE).<\/b><\/p>\n<p>\u201cSiempre se habla que entre m\u00e1s grande es el sector p\u00fablico, m\u00e1s ineficiente es el pa\u00eds, <b>pero ah\u00ed hay otras variables que cuentan en buena medida.<\/b> Y esto tiene que ver con los niveles de productividad. Hay un tema con relaci\u00f3n a la calidad de las instituciones e incluso la confianza en las mismas, que hace que la eficiencia no vaya tanto por el tama\u00f1o del sector p\u00fablico, sino en c\u00f3mo opera y en qu\u00e9 actividades se focaliza\u201d, coment\u00f3 Andr\u00e9s Garc\u00eda sobre la dimensi\u00f3n del aparato estatal en las econom\u00edas desarrolladas.<\/p><p><br>C<b>omo porcentaje del empleo total, los pa\u00edses de la OCDE en los que el sector p\u00fablico m\u00e1s contribuye son:<\/b><\/p>\n<p>1. <b>Noruega<\/b>: 30,92%<\/p>\n<p>2. <b>Suecia<\/b>: 29,27%<\/p>\n<p>3. <b>Dinamarca<\/b>: 28,04%<\/p>\n<p>4. <b>Finlandia<\/b>: 25,41%<\/p>\n<p>5. <b>Estonia<\/b>: 23,43%<\/p>\n<p>6. <b>Lituania<\/b>: 22,47%<\/p>\n<p>7. <b>Francia<\/b>: 21,13%<\/p>\n<p>8. <b>Letonia<\/b>: 21,13%<\/p>\n<p>9. <b>Israel<\/b>: 20,93%<\/p>\n<p>10. <b>Canad\u00e1<\/b>: 20,68%<\/p>\n<p>El promedio entre los pa\u00edses de la OCDE es del 18,63% de aporte al empleo total en 2021, un leve aumento en comparaci\u00f3n al 2019 cuando se ubicaba 18,08%.<\/p>\n<p>\u201cEn general, la proporci\u00f3n del empleo del gobierno general se ha mantenido relativamente estable a lo largo del tiempo, con un peque\u00f1o aumento entre 2019 y 2021 durante la pandemia de COVID-19\u2033, seg\u00fan la OCDE.<\/p>\n<p>De los pa\u00edses latinoamericanos de los que se disponen datos en el reporte, en <b>M\u00e9xico la contribuci\u00f3n del empleo del sector p\u00fablico en el total fue del 13,66% en 2021<\/b>, mayor al 12,50% registrado en el 2019. En Costa Rica esta contribuci\u00f3n pas\u00f3 del 12,09% al 13,52% entre 2019 y 2021.<\/p>\n<p>En el mundo, esta din\u00e1mica se sustenta en un consecuente aumento del empleo de las administraciones p\u00fablicas (una media del 1,5% al a\u00f1o), <b>pero tambi\u00e9n al ligero descenso del empleo total en un -0,1% anual<\/b>, seg\u00fan la OCDE.<\/p>\t\t\t\t\t\t\t\t<\/div>\n\t\t\t\t<\/div>\n\t\t\t\t\t<\/div>\n\t\t<\/div>\n\t\t\t\t\t<\/div>\n\t\t<\/section>\n\t\t\t\t<section class=\"elementor-section elementor-top-section elementor-element elementor-element-a25527e elementor-section-boxed elementor-section-height-default elementor-section-height-default\" data-id=\"a25527e\" data-element_type=\"section\" data-e-type=\"section\">\n\t\t\t\t\t\t<div class=\"elementor-container elementor-column-gap-default\">\n\t\t\t\t\t<div class=\"elementor-column elementor-col-100 elementor-top-column elementor-element elementor-element-5b0e44a\" data-id=\"5b0e44a\" data-element_type=\"column\" data-e-type=\"column\">\n\t\t\t<div class=\"elementor-widget-wrap elementor-element-populated\">\n\t\t\t\t\t\t<div class=\"elementor-element elementor-element-f6d15c1 elementor-headline--style-highlight elementor-widget elementor-widget-animated-headline\" data-id=\"f6d15c1\" data-element_type=\"widget\" data-e-type=\"widget\" data-settings=\"{&quot;highlighted_text&quot;:&quot;reporta Bloomberg&quot;,&quot;headline_style&quot;:&quot;highlight&quot;,&quot;marker&quot;:&quot;circle&quot;,&quot;loop&quot;:&quot;yes&quot;,&quot;highlight_animation_duration&quot;:1200,&quot;highlight_iteration_delay&quot;:8000}\" data-widget_type=\"animated-headline.default\">\n\t\t\t\t<div class=\"elementor-widget-container\">\n\t\t\t\t\t\t\t\t<a href=\"https:\/\/www.bloomberglinea.com\/2024\/02\/19\/salarios-en-el-sector-publico-en-latinoamerica-que-tan-costosos-de-soportar-son\/\" target=\"_blank\">\n\n\t\t\t\t\t<p class=\"elementor-headline\">\n\t\t\t\t\t<span class=\"elementor-headline-plain-text elementor-headline-text-wrapper\">Fuente:<\/span>\n\t\t\t\t<span class=\"elementor-headline-dynamic-wrapper elementor-headline-text-wrapper\">\n\t\t\t\t\t<span class=\"elementor-headline-dynamic-text elementor-headline-text-active\">reporta Bloomberg<\/span>\n\t\t\t\t<\/span>\n\t\t\t\t<\/p>\n\t\t<\/a>\t\t\t\t<\/div>\n\t\t\t\t<\/div>\n\t\t\t\t\t<\/div>\n\t\t<\/div>\n\t\t\t\t\t<\/div>\n\t\t<\/section>\n\t\t\t\t<\/div>\n\t\t","protected":false},"excerpt":{"rendered":"<p>Bloomberg L\u00ednea El tama\u00f1o del sector p\u00fablico representa un andamiaje pesado de cargar para varios Estados en Latinoam\u00e9rica, pero a la vez es una fuente importante en la generaci\u00f3n de empleo formal y asalariado en la regi\u00f3n. \u00bfQu\u00e9 tanto pesa en el empleo de la regi\u00f3n y qu\u00e9 tan caro es de sostener? \u201cEl empleo&hellip;<\/p>\n","protected":false},"author":1,"featured_media":69829,"comment_status":"open","ping_status":"closed","sticky":false,"template":"","format":"standard","meta":{"content-type":"","_joinchat":[],"footnotes":""},"categories":[1],"tags":[],"class_list":["post-69828","post","type-post","status-publish","format-standard","has-post-thumbnail","hentry","category-uncategorized"],"yoast_head":"<!-- This site is optimized with the Yoast SEO plugin v27.4 - https:\/\/yoast.com\/product\/yoast-seo-wordpress\/ -->\n<title>El sector p\u00fablico en Latinoam\u00e9rica: \u00bfcu\u00e1l es su peso en el empleo de la regi\u00f3n? - Santa Fe Casa de Valores S.A.<\/title>\n<meta name=\"robots\" content=\"index, follow, max-snippet:-1, max-image-preview:large, max-video-preview:-1\" \/>\n<link rel=\"canonical\" href=\"https:\/\/www.santafevalores.com\/index.php\/2024\/02\/19\/sfv20240219uno\/\" \/>\n<meta property=\"og:locale\" content=\"es_ES\" \/>\n<meta property=\"og:type\" content=\"article\" \/>\n<meta property=\"og:title\" content=\"El sector p\u00fablico en Latinoam\u00e9rica: \u00bfcu\u00e1l es su peso en el empleo de la regi\u00f3n? - Santa Fe Casa de Valores S.A.\" \/>\n<meta property=\"og:description\" content=\"Bloomberg L\u00ednea El tama\u00f1o del sector p\u00fablico representa un andamiaje pesado de cargar para varios Estados en Latinoam\u00e9rica, pero a la vez es una fuente importante en la generaci\u00f3n de empleo formal y asalariado en la regi\u00f3n. \u00bfQu\u00e9 tanto pesa en el empleo de la regi\u00f3n y qu\u00e9 tan caro es de sostener? \u201cEl empleo&hellip;\" \/>\n<meta property=\"og:url\" content=\"https:\/\/www.santafevalores.com\/index.php\/2024\/02\/19\/sfv20240219uno\/\" \/>\n<meta property=\"og:site_name\" content=\"Santa Fe Casa de Valores S.A.\" \/>\n<meta property=\"article:publisher\" content=\"https:\/\/www.facebook.com\/santafevalores\/\" \/>\n<meta property=\"article:published_time\" content=\"2024-02-19T20:46:45+00:00\" \/>\n<meta property=\"article:modified_time\" content=\"2024-02-19T21:16:14+00:00\" \/>\n<meta property=\"og:image\" content=\"https:\/\/www.santafevalores.com\/wp-content\/uploads\/2024\/02\/SFV1-1.webp\" \/>\n\t<meta property=\"og:image:width\" content=\"916\" \/>\n\t<meta property=\"og:image:height\" content=\"463\" \/>\n\t<meta property=\"og:image:type\" content=\"image\/webp\" \/>\n<meta name=\"author\" content=\"admin\" \/>\n<meta name=\"twitter:card\" content=\"summary_large_image\" \/>\n<meta name=\"twitter:creator\" content=\"@SantaFeValores\" \/>\n<meta name=\"twitter:site\" content=\"@SantaFeValores\" \/>\n<meta name=\"twitter:label1\" content=\"Escrito por\" \/>\n\t<meta name=\"twitter:data1\" content=\"admin\" \/>\n\t<meta name=\"twitter:label2\" content=\"Tiempo de lectura\" \/>\n\t<meta name=\"twitter:data2\" content=\"7 minutos\" \/>\n<script type=\"application\/ld+json\" class=\"yoast-schema-graph\">{\"@context\":\"https:\\\/\\\/schema.org\",\"@graph\":[{\"@type\":\"Article\",\"@id\":\"https:\\\/\\\/www.santafevalores.com\\\/index.php\\\/2024\\\/02\\\/19\\\/sfv20240219uno\\\/#article\",\"isPartOf\":{\"@id\":\"https:\\\/\\\/www.santafevalores.com\\\/index.php\\\/2024\\\/02\\\/19\\\/sfv20240219uno\\\/\"},\"author\":{\"name\":\"admin\",\"@id\":\"https:\\\/\\\/www.santafevalores.com\\\/#\\\/schema\\\/person\\\/d965a42370507d0a1638e69158bb5835\"},\"headline\":\"El sector p\u00fablico en Latinoam\u00e9rica: \u00bfcu\u00e1l es su peso en el empleo de la regi\u00f3n?\",\"datePublished\":\"2024-02-19T20:46:45+00:00\",\"dateModified\":\"2024-02-19T21:16:14+00:00\",\"mainEntityOfPage\":{\"@id\":\"https:\\\/\\\/www.santafevalores.com\\\/index.php\\\/2024\\\/02\\\/19\\\/sfv20240219uno\\\/\"},\"wordCount\":1323,\"commentCount\":0,\"publisher\":{\"@id\":\"https:\\\/\\\/www.santafevalores.com\\\/#organization\"},\"image\":{\"@id\":\"https:\\\/\\\/www.santafevalores.com\\\/index.php\\\/2024\\\/02\\\/19\\\/sfv20240219uno\\\/#primaryimage\"},\"thumbnailUrl\":\"https:\\\/\\\/www.santafevalores.com\\\/wp-content\\\/uploads\\\/2024\\\/02\\\/SFV1-1.webp\",\"articleSection\":[\"Uncategorized\"],\"inLanguage\":\"es\",\"potentialAction\":[{\"@type\":\"CommentAction\",\"name\":\"Comment\",\"target\":[\"https:\\\/\\\/www.santafevalores.com\\\/index.php\\\/2024\\\/02\\\/19\\\/sfv20240219uno\\\/#respond\"]}]},{\"@type\":\"WebPage\",\"@id\":\"https:\\\/\\\/www.santafevalores.com\\\/index.php\\\/2024\\\/02\\\/19\\\/sfv20240219uno\\\/\",\"url\":\"https:\\\/\\\/www.santafevalores.com\\\/index.php\\\/2024\\\/02\\\/19\\\/sfv20240219uno\\\/\",\"name\":\"El sector p\u00fablico en Latinoam\u00e9rica: \u00bfcu\u00e1l es su peso en el empleo de la regi\u00f3n? - Santa Fe Casa de Valores S.A.\",\"isPartOf\":{\"@id\":\"https:\\\/\\\/www.santafevalores.com\\\/#website\"},\"primaryImageOfPage\":{\"@id\":\"https:\\\/\\\/www.santafevalores.com\\\/index.php\\\/2024\\\/02\\\/19\\\/sfv20240219uno\\\/#primaryimage\"},\"image\":{\"@id\":\"https:\\\/\\\/www.santafevalores.com\\\/index.php\\\/2024\\\/02\\\/19\\\/sfv20240219uno\\\/#primaryimage\"},\"thumbnailUrl\":\"https:\\\/\\\/www.santafevalores.com\\\/wp-content\\\/uploads\\\/2024\\\/02\\\/SFV1-1.webp\",\"datePublished\":\"2024-02-19T20:46:45+00:00\",\"dateModified\":\"2024-02-19T21:16:14+00:00\",\"breadcrumb\":{\"@id\":\"https:\\\/\\\/www.santafevalores.com\\\/index.php\\\/2024\\\/02\\\/19\\\/sfv20240219uno\\\/#breadcrumb\"},\"inLanguage\":\"es\",\"potentialAction\":[{\"@type\":\"ReadAction\",\"target\":[\"https:\\\/\\\/www.santafevalores.com\\\/index.php\\\/2024\\\/02\\\/19\\\/sfv20240219uno\\\/\"]}]},{\"@type\":\"ImageObject\",\"inLanguage\":\"es\",\"@id\":\"https:\\\/\\\/www.santafevalores.com\\\/index.php\\\/2024\\\/02\\\/19\\\/sfv20240219uno\\\/#primaryimage\",\"url\":\"https:\\\/\\\/www.santafevalores.com\\\/wp-content\\\/uploads\\\/2024\\\/02\\\/SFV1-1.webp\",\"contentUrl\":\"https:\\\/\\\/www.santafevalores.com\\\/wp-content\\\/uploads\\\/2024\\\/02\\\/SFV1-1.webp\",\"width\":916,\"height\":463},{\"@type\":\"BreadcrumbList\",\"@id\":\"https:\\\/\\\/www.santafevalores.com\\\/index.php\\\/2024\\\/02\\\/19\\\/sfv20240219uno\\\/#breadcrumb\",\"itemListElement\":[{\"@type\":\"ListItem\",\"position\":1,\"name\":\"Portada\",\"item\":\"https:\\\/\\\/www.santafevalores.com\\\/\"},{\"@type\":\"ListItem\",\"position\":2,\"name\":\"El sector p\u00fablico en Latinoam\u00e9rica: \u00bfcu\u00e1l es su peso en el empleo de la regi\u00f3n?\"}]},{\"@type\":\"WebSite\",\"@id\":\"https:\\\/\\\/www.santafevalores.com\\\/#website\",\"url\":\"https:\\\/\\\/www.santafevalores.com\\\/\",\"name\":\"Santa Fe Casa de Valores S.A.\",\"description\":\"\",\"publisher\":{\"@id\":\"https:\\\/\\\/www.santafevalores.com\\\/#organization\"},\"potentialAction\":[{\"@type\":\"SearchAction\",\"target\":{\"@type\":\"EntryPoint\",\"urlTemplate\":\"https:\\\/\\\/www.santafevalores.com\\\/?s={search_term_string}\"},\"query-input\":{\"@type\":\"PropertyValueSpecification\",\"valueRequired\":true,\"valueName\":\"search_term_string\"}}],\"inLanguage\":\"es\"},{\"@type\":\"Organization\",\"@id\":\"https:\\\/\\\/www.santafevalores.com\\\/#organization\",\"name\":\"Santa Fe Casa de Valores S.A.\",\"alternateName\":\"SANTAFEVALORES\",\"url\":\"https:\\\/\\\/www.santafevalores.com\\\/\",\"logo\":{\"@type\":\"ImageObject\",\"inLanguage\":\"es\",\"@id\":\"https:\\\/\\\/www.santafevalores.com\\\/#\\\/schema\\\/logo\\\/image\\\/\",\"url\":\"https:\\\/\\\/www.santafevalores.com\\\/wp-content\\\/uploads\\\/2022\\\/06\\\/logo1.png\",\"contentUrl\":\"https:\\\/\\\/www.santafevalores.com\\\/wp-content\\\/uploads\\\/2022\\\/06\\\/logo1.png\",\"width\":235,\"height\":71,\"caption\":\"Santa Fe Casa de Valores S.A.\"},\"image\":{\"@id\":\"https:\\\/\\\/www.santafevalores.com\\\/#\\\/schema\\\/logo\\\/image\\\/\"},\"sameAs\":[\"https:\\\/\\\/www.facebook.com\\\/santafevalores\\\/\",\"https:\\\/\\\/x.com\\\/SantaFeValores\"]},{\"@type\":\"Person\",\"@id\":\"https:\\\/\\\/www.santafevalores.com\\\/#\\\/schema\\\/person\\\/d965a42370507d0a1638e69158bb5835\",\"name\":\"admin\",\"image\":{\"@type\":\"ImageObject\",\"inLanguage\":\"es\",\"@id\":\"https:\\\/\\\/secure.gravatar.com\\\/avatar\\\/97ec7f9eb6068ddac59d3806ca0034c167fce748f524adcfad8629911220756f?s=96&d=mm&r=g\",\"url\":\"https:\\\/\\\/secure.gravatar.com\\\/avatar\\\/97ec7f9eb6068ddac59d3806ca0034c167fce748f524adcfad8629911220756f?s=96&d=mm&r=g\",\"contentUrl\":\"https:\\\/\\\/secure.gravatar.com\\\/avatar\\\/97ec7f9eb6068ddac59d3806ca0034c167fce748f524adcfad8629911220756f?s=96&d=mm&r=g\",\"caption\":\"admin\"},\"sameAs\":[\"https:\\\/\\\/www.santafevalores.com\"],\"url\":\"https:\\\/\\\/www.santafevalores.com\\\/index.php\\\/author\\\/santafevaloresuio_ggv0vv79\\\/\"}]}<\/script>\n<!-- \/ Yoast SEO plugin. -->","yoast_head_json":{"title":"El sector p\u00fablico en Latinoam\u00e9rica: \u00bfcu\u00e1l es su peso en el empleo de la regi\u00f3n? - Santa Fe Casa de Valores S.A.","robots":{"index":"index","follow":"follow","max-snippet":"max-snippet:-1","max-image-preview":"max-image-preview:large","max-video-preview":"max-video-preview:-1"},"canonical":"https:\/\/www.santafevalores.com\/index.php\/2024\/02\/19\/sfv20240219uno\/","og_locale":"es_ES","og_type":"article","og_title":"El sector p\u00fablico en Latinoam\u00e9rica: \u00bfcu\u00e1l es su peso en el empleo de la regi\u00f3n? - Santa Fe Casa de Valores S.A.","og_description":"Bloomberg L\u00ednea El tama\u00f1o del sector p\u00fablico representa un andamiaje pesado de cargar para varios Estados en Latinoam\u00e9rica, pero a la vez es una fuente importante en la generaci\u00f3n de empleo formal y asalariado en la regi\u00f3n. \u00bfQu\u00e9 tanto pesa en el empleo de la regi\u00f3n y qu\u00e9 tan caro es de sostener? \u201cEl empleo&hellip;","og_url":"https:\/\/www.santafevalores.com\/index.php\/2024\/02\/19\/sfv20240219uno\/","og_site_name":"Santa Fe Casa de Valores S.A.","article_publisher":"https:\/\/www.facebook.com\/santafevalores\/","article_published_time":"2024-02-19T20:46:45+00:00","article_modified_time":"2024-02-19T21:16:14+00:00","og_image":[{"width":916,"height":463,"url":"https:\/\/www.santafevalores.com\/wp-content\/uploads\/2024\/02\/SFV1-1.webp","type":"image\/webp"}],"author":"admin","twitter_card":"summary_large_image","twitter_creator":"@SantaFeValores","twitter_site":"@SantaFeValores","twitter_misc":{"Escrito por":"admin","Tiempo de lectura":"7 minutos"},"schema":{"@context":"https:\/\/schema.org","@graph":[{"@type":"Article","@id":"https:\/\/www.santafevalores.com\/index.php\/2024\/02\/19\/sfv20240219uno\/#article","isPartOf":{"@id":"https:\/\/www.santafevalores.com\/index.php\/2024\/02\/19\/sfv20240219uno\/"},"author":{"name":"admin","@id":"https:\/\/www.santafevalores.com\/#\/schema\/person\/d965a42370507d0a1638e69158bb5835"},"headline":"El sector p\u00fablico en Latinoam\u00e9rica: \u00bfcu\u00e1l es su peso en el empleo de la regi\u00f3n?","datePublished":"2024-02-19T20:46:45+00:00","dateModified":"2024-02-19T21:16:14+00:00","mainEntityOfPage":{"@id":"https:\/\/www.santafevalores.com\/index.php\/2024\/02\/19\/sfv20240219uno\/"},"wordCount":1323,"commentCount":0,"publisher":{"@id":"https:\/\/www.santafevalores.com\/#organization"},"image":{"@id":"https:\/\/www.santafevalores.com\/index.php\/2024\/02\/19\/sfv20240219uno\/#primaryimage"},"thumbnailUrl":"https:\/\/www.santafevalores.com\/wp-content\/uploads\/2024\/02\/SFV1-1.webp","articleSection":["Uncategorized"],"inLanguage":"es","potentialAction":[{"@type":"CommentAction","name":"Comment","target":["https:\/\/www.santafevalores.com\/index.php\/2024\/02\/19\/sfv20240219uno\/#respond"]}]},{"@type":"WebPage","@id":"https:\/\/www.santafevalores.com\/index.php\/2024\/02\/19\/sfv20240219uno\/","url":"https:\/\/www.santafevalores.com\/index.php\/2024\/02\/19\/sfv20240219uno\/","name":"El sector p\u00fablico en Latinoam\u00e9rica: \u00bfcu\u00e1l es su peso en el empleo de la regi\u00f3n? - Santa Fe Casa de Valores S.A.","isPartOf":{"@id":"https:\/\/www.santafevalores.com\/#website"},"primaryImageOfPage":{"@id":"https:\/\/www.santafevalores.com\/index.php\/2024\/02\/19\/sfv20240219uno\/#primaryimage"},"image":{"@id":"https:\/\/www.santafevalores.com\/index.php\/2024\/02\/19\/sfv20240219uno\/#primaryimage"},"thumbnailUrl":"https:\/\/www.santafevalores.com\/wp-content\/uploads\/2024\/02\/SFV1-1.webp","datePublished":"2024-02-19T20:46:45+00:00","dateModified":"2024-02-19T21:16:14+00:00","breadcrumb":{"@id":"https:\/\/www.santafevalores.com\/index.php\/2024\/02\/19\/sfv20240219uno\/#breadcrumb"},"inLanguage":"es","potentialAction":[{"@type":"ReadAction","target":["https:\/\/www.santafevalores.com\/index.php\/2024\/02\/19\/sfv20240219uno\/"]}]},{"@type":"ImageObject","inLanguage":"es","@id":"https:\/\/www.santafevalores.com\/index.php\/2024\/02\/19\/sfv20240219uno\/#primaryimage","url":"https:\/\/www.santafevalores.com\/wp-content\/uploads\/2024\/02\/SFV1-1.webp","contentUrl":"https:\/\/www.santafevalores.com\/wp-content\/uploads\/2024\/02\/SFV1-1.webp","width":916,"height":463},{"@type":"BreadcrumbList","@id":"https:\/\/www.santafevalores.com\/index.php\/2024\/02\/19\/sfv20240219uno\/#breadcrumb","itemListElement":[{"@type":"ListItem","position":1,"name":"Portada","item":"https:\/\/www.santafevalores.com\/"},{"@type":"ListItem","position":2,"name":"El sector p\u00fablico en Latinoam\u00e9rica: \u00bfcu\u00e1l es su peso en el empleo de la regi\u00f3n?"}]},{"@type":"WebSite","@id":"https:\/\/www.santafevalores.com\/#website","url":"https:\/\/www.santafevalores.com\/","name":"Santa Fe Casa de Valores S.A.","description":"","publisher":{"@id":"https:\/\/www.santafevalores.com\/#organization"},"potentialAction":[{"@type":"SearchAction","target":{"@type":"EntryPoint","urlTemplate":"https:\/\/www.santafevalores.com\/?s={search_term_string}"},"query-input":{"@type":"PropertyValueSpecification","valueRequired":true,"valueName":"search_term_string"}}],"inLanguage":"es"},{"@type":"Organization","@id":"https:\/\/www.santafevalores.com\/#organization","name":"Santa Fe Casa de Valores S.A.","alternateName":"SANTAFEVALORES","url":"https:\/\/www.santafevalores.com\/","logo":{"@type":"ImageObject","inLanguage":"es","@id":"https:\/\/www.santafevalores.com\/#\/schema\/logo\/image\/","url":"https:\/\/www.santafevalores.com\/wp-content\/uploads\/2022\/06\/logo1.png","contentUrl":"https:\/\/www.santafevalores.com\/wp-content\/uploads\/2022\/06\/logo1.png","width":235,"height":71,"caption":"Santa Fe Casa de Valores S.A."},"image":{"@id":"https:\/\/www.santafevalores.com\/#\/schema\/logo\/image\/"},"sameAs":["https:\/\/www.facebook.com\/santafevalores\/","https:\/\/x.com\/SantaFeValores"]},{"@type":"Person","@id":"https:\/\/www.santafevalores.com\/#\/schema\/person\/d965a42370507d0a1638e69158bb5835","name":"admin","image":{"@type":"ImageObject","inLanguage":"es","@id":"https:\/\/secure.gravatar.com\/avatar\/97ec7f9eb6068ddac59d3806ca0034c167fce748f524adcfad8629911220756f?s=96&d=mm&r=g","url":"https:\/\/secure.gravatar.com\/avatar\/97ec7f9eb6068ddac59d3806ca0034c167fce748f524adcfad8629911220756f?s=96&d=mm&r=g","contentUrl":"https:\/\/secure.gravatar.com\/avatar\/97ec7f9eb6068ddac59d3806ca0034c167fce748f524adcfad8629911220756f?s=96&d=mm&r=g","caption":"admin"},"sameAs":["https:\/\/www.santafevalores.com"],"url":"https:\/\/www.santafevalores.com\/index.php\/author\/santafevaloresuio_ggv0vv79\/"}]}},"_links":{"self":[{"href":"https:\/\/www.santafevalores.com\/index.php\/wp-json\/wp\/v2\/posts\/69828","targetHints":{"allow":["GET"]}}],"collection":[{"href":"https:\/\/www.santafevalores.com\/index.php\/wp-json\/wp\/v2\/posts"}],"about":[{"href":"https:\/\/www.santafevalores.com\/index.php\/wp-json\/wp\/v2\/types\/post"}],"author":[{"embeddable":true,"href":"https:\/\/www.santafevalores.com\/index.php\/wp-json\/wp\/v2\/users\/1"}],"replies":[{"embeddable":true,"href":"https:\/\/www.santafevalores.com\/index.php\/wp-json\/wp\/v2\/comments?post=69828"}],"version-history":[{"count":8,"href":"https:\/\/www.santafevalores.com\/index.php\/wp-json\/wp\/v2\/posts\/69828\/revisions"}],"predecessor-version":[{"id":69839,"href":"https:\/\/www.santafevalores.com\/index.php\/wp-json\/wp\/v2\/posts\/69828\/revisions\/69839"}],"wp:featuredmedia":[{"embeddable":true,"href":"https:\/\/www.santafevalores.com\/index.php\/wp-json\/wp\/v2\/media\/69829"}],"wp:attachment":[{"href":"https:\/\/www.santafevalores.com\/index.php\/wp-json\/wp\/v2\/media?parent=69828"}],"wp:term":[{"taxonomy":"category","embeddable":true,"href":"https:\/\/www.santafevalores.com\/index.php\/wp-json\/wp\/v2\/categories?post=69828"},{"taxonomy":"post_tag","embeddable":true,"href":"https:\/\/www.santafevalores.com\/index.php\/wp-json\/wp\/v2\/tags?post=69828"}],"curies":[{"name":"wp","href":"https:\/\/api.w.org\/{rel}","templated":true}]}}